{"id":60214,"date":"2016-01-12T01:03:49","date_gmt":"2016-01-12T00:03:49","guid":{"rendered":"http:\/\/eldigitaldeasturias.com\/magazine365\/?p=60214"},"modified":"2016-01-12T01:03:49","modified_gmt":"2016-01-12T00:03:49","slug":"la-academia-aragonesa-de-gastronomia-comienza-el-ano-con-la-presentacion-del-libro-de-su-aniversario","status":"publish","type":"post","link":"https:\/\/eldigitaldeasturias.com\/magazine365\/la-academia-aragonesa-de-gastronomia-comienza-el-ano-con-la-presentacion-del-libro-de-su-aniversario\/","title":{"rendered":"La Academia Aragonesa de Gastronom\u00eda comienza el a\u00f1o con la presentaci\u00f3n del libro de su aniversario"},"content":{"rendered":"<p><img fetchpriority=\"high\" decoding=\"async\" class=\"alignleft size-medium wp-image-60215\" src=\"https:\/\/eldigitaldeasturias.com\/magazine365\/wp-content\/uploads\/2016\/01\/fotonoticia_20160111161352_800-360x255.jpg\" alt=\"fotonoticia_20160111161352_800\" width=\"360\" height=\"255\" srcset=\"https:\/\/eldigitaldeasturias.com\/magazine365\/wp-content\/uploads\/2016\/01\/fotonoticia_20160111161352_800-360x255.jpg 360w, https:\/\/eldigitaldeasturias.com\/magazine365\/wp-content\/uploads\/2016\/01\/fotonoticia_20160111161352_800-650x460.jpg 650w, https:\/\/eldigitaldeasturias.com\/magazine365\/wp-content\/uploads\/2016\/01\/fotonoticia_20160111161352_800-768x543.jpg 768w, https:\/\/eldigitaldeasturias.com\/magazine365\/wp-content\/uploads\/2016\/01\/fotonoticia_20160111161352_800-150x106.jpg 150w, https:\/\/eldigitaldeasturias.com\/magazine365\/wp-content\/uploads\/2016\/01\/fotonoticia_20160111161352_800-450x318.jpg 450w, https:\/\/eldigitaldeasturias.com\/magazine365\/wp-content\/uploads\/2016\/01\/fotonoticia_20160111161352_800-100x70.jpg 100w, https:\/\/eldigitaldeasturias.com\/magazine365\/wp-content\/uploads\/2016\/01\/fotonoticia_20160111161352_800-696x492.jpg 696w, https:\/\/eldigitaldeasturias.com\/magazine365\/wp-content\/uploads\/2016\/01\/fotonoticia_20160111161352_800-594x420.jpg 594w, https:\/\/eldigitaldeasturias.com\/magazine365\/wp-content\/uploads\/2016\/01\/fotonoticia_20160111161352_800.jpg 800w\" sizes=\"(max-width: 360px) 100vw, 360px\" \/>La Academia Aragonesa de Gastronom\u00eda comienza este a\u00f1o 2016 con la presentaci\u00f3n del libro de su veinte aniversario, que tendr\u00e1 lugar en el \u00c1mbito Cultural de El Corte Ingl\u00e9s en Zaragoza este lunes, 11 de enero, a las 19.30 horas, de la mano de la editorial Almozara.<\/p>\n<p>En este acto, de acceso libre hasta completar el aforo, participar\u00e1n, entre otros, el editor Miguel \u00c1ngel Vicente y el presidente de la Academia V\u00edctor Guelbenzu.<\/p>\n<p>Adem\u00e1s, el jueves 21 de enero, un nuevo discurso, en este caso el del propio V\u00edctor Guelbenzu, se leer\u00e1 en el Antiguo Sal\u00f3n de Plenos de la Diputaci\u00f3n Provincial de Zaragonza. Su t\u00edtulo: &#8216;Yo, el vino&#8217; y ser\u00e1 respondido por el acad\u00e9mico Juan Cacho Palomar.<\/p>\n<p>El jueves 28 de enero la Academia viajar\u00e1 hasta Badajoz para inaugurar un ciclo que sobre cocina espa\u00f1ola se pone en marcha, tambi\u00e9n en el \u00c1mbito Cultural de la capital extreme\u00f1a de la mano de la Academia Extreme\u00f1a de Gastronom\u00eda. Su secretario, Juan Pedro Plaza, intervino en Zaragoza y ahora la aragonesa devuelve la visita a tierras extreme\u00f1as.<\/p>\n<p>En cuanto a su actividad anual acabado ya el \u00abviaje por la gastronom\u00eda espa\u00f1ola\u00bb, que se llev\u00f3 a cabo durante varios a\u00f1os y habiendo recorrido casi toda Espa\u00f1a, la Academia aborda un nuevo curso.<\/p>\n","protected":false},"excerpt":{"rendered":"<p>La Academia Aragonesa de Gastronom\u00eda comienza este a\u00f1o 2016 con la presentaci\u00f3n del libro de su veinte aniversario, que tendr\u00e1 lugar en el \u00c1mbito Cultural de El Corte Ingl\u00e9s en Zaragoza este lunes, 11 de enero, a las 19.30 horas, de la mano de la editorial Almozara. En este acto, de acceso libre hasta completar<\/p>\n","protected":false},"author":1,"featured_media":60215,"comment_status":"open","ping_status":"closed","sticky":false,"template":"","format":"standard","meta":{"footnotes":""},"categories":[224],"tags":[],"class_list":{"0":"post-60214","1":"post","2":"type-post","3":"status-publish","4":"format-standard","5":"has-post-thumbnail","7":"category-noticias-actualidad"},"aioseo_notices":[],"aioseo_head":"\n\t\t<!-- All in One SEO Pro 4.9.6.1 - aioseo.com -->\n\t<meta name=\"description\" content=\"La Academia Aragonesa de Gastronom\u00eda comienza este a\u00f1o 2016 con la presentaci\u00f3n del libro de su veinte aniversario, que tendr\u00e1 lugar en el \u00c1mbito Cultural de El Corte Ingl\u00e9s en Zaragoza este lunes, 11 de enero, a las 19.30 horas, de la mano de la editorial Almozara. En este acto, de acceso libre hasta completar\" \/>\n\t<meta name=\"robots\" content=\"max-image-preview:large\" \/>\n\t<meta name=\"author\" content=\"admin\"\/>\n\t<meta name=\"google-site-verification\" content=\"UA-38556648-1\" \/>\n\t<meta name=\"keywords\" content=\"noticias y actualidad\" \/>\n\t<link rel=\"canonical\" href=\"https:\/\/eldigitaldeasturias.com\/magazine365\/la-academia-aragonesa-de-gastronomia-comienza-el-ano-con-la-presentacion-del-libro-de-su-aniversario\/\" \/>\n\t<meta name=\"generator\" content=\"All in One SEO Pro (AIOSEO) 4.9.6.1\" \/>\n\t\t<meta property=\"og:locale\" content=\"es_ES\" \/>\n\t\t<meta property=\"og:site_name\" content=\"El Digital de Asturias \u2013 Revista de ocio, turismo y estilo de vida\" \/>\n\t\t<meta property=\"og:type\" content=\"article\" \/>\n\t\t<meta property=\"og:title\" content=\"La Academia Aragonesa de Gastronom\u00eda comienza el a\u00f1o con la presentaci\u00f3n del libro de su aniversario | El Digital de Asturias\" \/>\n\t\t<meta property=\"og:description\" content=\"La Academia Aragonesa de Gastronom\u00eda comienza este a\u00f1o 2016 con la presentaci\u00f3n del libro de su veinte aniversario, que tendr\u00e1 lugar en el \u00c1mbito Cultural de El Corte Ingl\u00e9s en Zaragoza este lunes, 11 de enero, a las 19.30 horas, de la mano de la editorial Almozara. En este acto, de acceso libre hasta completar\" \/>\n\t\t<meta property=\"og:url\" content=\"https:\/\/eldigitaldeasturias.com\/magazine365\/la-academia-aragonesa-de-gastronomia-comienza-el-ano-con-la-presentacion-del-libro-de-su-aniversario\/\" \/>\n\t\t<meta property=\"og:image\" content=\"https:\/\/eldigitaldeasturias.com\/magazine365\/wp-content\/uploads\/2016\/01\/fotonoticia_20160111161352_800.jpg\" \/>\n\t\t<meta property=\"og:image:secure_url\" content=\"https:\/\/eldigitaldeasturias.com\/magazine365\/wp-content\/uploads\/2016\/01\/fotonoticia_20160111161352_800.jpg\" \/>\n\t\t<meta property=\"og:image:width\" content=\"800\" \/>\n\t\t<meta property=\"og:image:height\" content=\"566\" \/>\n\t\t<meta property=\"article:published_time\" content=\"2016-01-12T00:03:49+00:00\" \/>\n\t\t<meta property=\"article:modified_time\" content=\"2016-01-12T00:03:49+00:00\" \/>\n\t\t<meta name=\"twitter:card\" content=\"summary_large_image\" \/>\n\t\t<meta name=\"twitter:title\" content=\"La Academia Aragonesa de Gastronom\u00eda comienza el a\u00f1o con la presentaci\u00f3n del libro de su aniversario | El Digital de Asturias\" \/>\n\t\t<meta name=\"twitter:description\" content=\"La Academia Aragonesa de Gastronom\u00eda comienza este a\u00f1o 2016 con la presentaci\u00f3n del libro de su veinte aniversario, que tendr\u00e1 lugar en el \u00c1mbito Cultural de El Corte Ingl\u00e9s en Zaragoza este lunes, 11 de enero, a las 19.30 horas, de la mano de la editorial Almozara. En este acto, de acceso libre hasta completar\" \/>\n\t\t<meta name=\"twitter:image\" content=\"https:\/\/eldigitaldeasturias.com\/magazine365\/wp-content\/uploads\/2016\/01\/fotonoticia_20160111161352_800.jpg\" \/>\n\t\t<script type=\"application\/ld+json\" class=\"aioseo-schema\">\n\t\t\t{\"@context\":\"https:\\\/\\\/schema.org\",\"@graph\":[{\"@type\":\"Article\",\"@id\":\"https:\\\/\\\/eldigitaldeasturias.com\\\/magazine365\\\/la-academia-aragonesa-de-gastronomia-comienza-el-ano-con-la-presentacion-del-libro-de-su-aniversario\\\/#article\",\"name\":\"La Academia Aragonesa de Gastronom\\u00eda comienza el a\\u00f1o con la presentaci\\u00f3n del libro de su aniversario | El Digital de Asturias\",\"headline\":\"La Academia Aragonesa de Gastronom\\u00eda comienza el a\\u00f1o con la presentaci\\u00f3n del libro de su aniversario\",\"author\":{\"@id\":\"https:\\\/\\\/eldigitaldeasturias.com\\\/magazine365\\\/author\\\/admin\\\/#author\"},\"publisher\":{\"@id\":\"https:\\\/\\\/eldigitaldeasturias.com\\\/magazine365\\\/#organization\"},\"image\":{\"@type\":\"ImageObject\",\"url\":\"https:\\\/\\\/eldigitaldeasturias.com\\\/magazine365\\\/wp-content\\\/uploads\\\/2016\\\/01\\\/fotonoticia_20160111161352_800.jpg\",\"width\":800,\"height\":566},\"datePublished\":\"2016-01-12T01:03:49+01:00\",\"dateModified\":\"2016-01-12T01:03:49+01:00\",\"inLanguage\":\"es-ES\",\"mainEntityOfPage\":{\"@id\":\"https:\\\/\\\/eldigitaldeasturias.com\\\/magazine365\\\/la-academia-aragonesa-de-gastronomia-comienza-el-ano-con-la-presentacion-del-libro-de-su-aniversario\\\/#webpage\"},\"isPartOf\":{\"@id\":\"https:\\\/\\\/eldigitaldeasturias.com\\\/magazine365\\\/la-academia-aragonesa-de-gastronomia-comienza-el-ano-con-la-presentacion-del-libro-de-su-aniversario\\\/#webpage\"},\"articleSection\":\"Noticias y Actualidad\"},{\"@type\":\"BreadcrumbList\",\"@id\":\"https:\\\/\\\/eldigitaldeasturias.com\\\/magazine365\\\/la-academia-aragonesa-de-gastronomia-comienza-el-ano-con-la-presentacion-del-libro-de-su-aniversario\\\/#breadcrumblist\",\"itemListElement\":[{\"@type\":\"ListItem\",\"@id\":\"https:\\\/\\\/eldigitaldeasturias.com\\\/magazine365#listItem\",\"position\":1,\"name\":\"Home\",\"item\":\"https:\\\/\\\/eldigitaldeasturias.com\\\/magazine365\",\"nextItem\":{\"@type\":\"ListItem\",\"@id\":\"https:\\\/\\\/eldigitaldeasturias.com\\\/magazine365\\\/category\\\/noticias-actualidad\\\/#listItem\",\"name\":\"Noticias y Actualidad\"}},{\"@type\":\"ListItem\",\"@id\":\"https:\\\/\\\/eldigitaldeasturias.com\\\/magazine365\\\/category\\\/noticias-actualidad\\\/#listItem\",\"position\":2,\"name\":\"Noticias y Actualidad\",\"item\":\"https:\\\/\\\/eldigitaldeasturias.com\\\/magazine365\\\/category\\\/noticias-actualidad\\\/\",\"nextItem\":{\"@type\":\"ListItem\",\"@id\":\"https:\\\/\\\/eldigitaldeasturias.com\\\/magazine365\\\/la-academia-aragonesa-de-gastronomia-comienza-el-ano-con-la-presentacion-del-libro-de-su-aniversario\\\/#listItem\",\"name\":\"La Academia Aragonesa de Gastronom\\u00eda comienza el a\\u00f1o con la presentaci\\u00f3n del libro de su aniversario\"},\"previousItem\":{\"@type\":\"ListItem\",\"@id\":\"https:\\\/\\\/eldigitaldeasturias.com\\\/magazine365#listItem\",\"name\":\"Home\"}},{\"@type\":\"ListItem\",\"@id\":\"https:\\\/\\\/eldigitaldeasturias.com\\\/magazine365\\\/la-academia-aragonesa-de-gastronomia-comienza-el-ano-con-la-presentacion-del-libro-de-su-aniversario\\\/#listItem\",\"position\":3,\"name\":\"La Academia Aragonesa de Gastronom\\u00eda comienza el a\\u00f1o con la presentaci\\u00f3n del libro de su aniversario\",\"previousItem\":{\"@type\":\"ListItem\",\"@id\":\"https:\\\/\\\/eldigitaldeasturias.com\\\/magazine365\\\/category\\\/noticias-actualidad\\\/#listItem\",\"name\":\"Noticias y Actualidad\"}}]},{\"@type\":\"Organization\",\"@id\":\"https:\\\/\\\/eldigitaldeasturias.com\\\/magazine365\\\/#organization\",\"name\":\"El digital de Asturias\",\"description\":\"Revista de ocio, turismo y estilo de vida\",\"url\":\"https:\\\/\\\/eldigitaldeasturias.com\\\/magazine365\\\/\",\"logo\":{\"@type\":\"ImageObject\",\"url\":\"https:\\\/\\\/www.eldigitaldeasturias.com\\\/noticias\\\/wp-content\\\/uploads\\\/2020\\\/12\\\/EDA.jpg\",\"@id\":\"https:\\\/\\\/eldigitaldeasturias.com\\\/magazine365\\\/la-academia-aragonesa-de-gastronomia-comienza-el-ano-con-la-presentacion-del-libro-de-su-aniversario\\\/#organizationLogo\"},\"image\":{\"@id\":\"https:\\\/\\\/eldigitaldeasturias.com\\\/magazine365\\\/la-academia-aragonesa-de-gastronomia-comienza-el-ano-con-la-presentacion-del-libro-de-su-aniversario\\\/#organizationLogo\"}},{\"@type\":\"Person\",\"@id\":\"https:\\\/\\\/eldigitaldeasturias.com\\\/magazine365\\\/author\\\/admin\\\/#author\",\"url\":\"https:\\\/\\\/eldigitaldeasturias.com\\\/magazine365\\\/author\\\/admin\\\/\",\"name\":\"admin\",\"image\":{\"@type\":\"ImageObject\",\"@id\":\"https:\\\/\\\/eldigitaldeasturias.com\\\/magazine365\\\/la-academia-aragonesa-de-gastronomia-comienza-el-ano-con-la-presentacion-del-libro-de-su-aniversario\\\/#authorImage\",\"url\":\"https:\\\/\\\/eldigitaldeasturias.com\\\/magazine365\\\/wp-content\\\/litespeed\\\/avatar\\\/e571bcf59a0edd6fa6838245a470f2fe.jpg?ver=1777574230\",\"width\":96,\"height\":96,\"caption\":\"admin\"}},{\"@type\":\"WebPage\",\"@id\":\"https:\\\/\\\/eldigitaldeasturias.com\\\/magazine365\\\/la-academia-aragonesa-de-gastronomia-comienza-el-ano-con-la-presentacion-del-libro-de-su-aniversario\\\/#webpage\",\"url\":\"https:\\\/\\\/eldigitaldeasturias.com\\\/magazine365\\\/la-academia-aragonesa-de-gastronomia-comienza-el-ano-con-la-presentacion-del-libro-de-su-aniversario\\\/\",\"name\":\"La Academia Aragonesa de Gastronom\\u00eda comienza el a\\u00f1o con la presentaci\\u00f3n del libro de su aniversario | El Digital de Asturias\",\"description\":\"La Academia Aragonesa de Gastronom\\u00eda comienza este a\\u00f1o 2016 con la presentaci\\u00f3n del libro de su veinte aniversario, que tendr\\u00e1 lugar en el \\u00c1mbito Cultural de El Corte Ingl\\u00e9s en Zaragoza este lunes, 11 de enero, a las 19.30 horas, de la mano de la editorial Almozara. En este acto, de acceso libre hasta completar\",\"inLanguage\":\"es-ES\",\"isPartOf\":{\"@id\":\"https:\\\/\\\/eldigitaldeasturias.com\\\/magazine365\\\/#website\"},\"breadcrumb\":{\"@id\":\"https:\\\/\\\/eldigitaldeasturias.com\\\/magazine365\\\/la-academia-aragonesa-de-gastronomia-comienza-el-ano-con-la-presentacion-del-libro-de-su-aniversario\\\/#breadcrumblist\"},\"author\":{\"@id\":\"https:\\\/\\\/eldigitaldeasturias.com\\\/magazine365\\\/author\\\/admin\\\/#author\"},\"creator\":{\"@id\":\"https:\\\/\\\/eldigitaldeasturias.com\\\/magazine365\\\/author\\\/admin\\\/#author\"},\"image\":{\"@type\":\"ImageObject\",\"url\":\"https:\\\/\\\/eldigitaldeasturias.com\\\/magazine365\\\/wp-content\\\/uploads\\\/2016\\\/01\\\/fotonoticia_20160111161352_800.jpg\",\"@id\":\"https:\\\/\\\/eldigitaldeasturias.com\\\/magazine365\\\/la-academia-aragonesa-de-gastronomia-comienza-el-ano-con-la-presentacion-del-libro-de-su-aniversario\\\/#mainImage\",\"width\":800,\"height\":566},\"primaryImageOfPage\":{\"@id\":\"https:\\\/\\\/eldigitaldeasturias.com\\\/magazine365\\\/la-academia-aragonesa-de-gastronomia-comienza-el-ano-con-la-presentacion-del-libro-de-su-aniversario\\\/#mainImage\"},\"datePublished\":\"2016-01-12T01:03:49+01:00\",\"dateModified\":\"2016-01-12T01:03:49+01:00\"},{\"@type\":\"WebSite\",\"@id\":\"https:\\\/\\\/eldigitaldeasturias.com\\\/magazine365\\\/#website\",\"url\":\"https:\\\/\\\/eldigitaldeasturias.com\\\/magazine365\\\/\",\"name\":\"El Digital de Asturias\",\"description\":\"Revista de ocio, turismo y estilo de vida\",\"inLanguage\":\"es-ES\",\"publisher\":{\"@id\":\"https:\\\/\\\/eldigitaldeasturias.com\\\/magazine365\\\/#organization\"}}]}\n\t\t<\/script>\n\t\t<!-- All in One SEO Pro -->\r\n\t\t<title>La Academia Aragonesa de Gastronom\u00eda comienza el a\u00f1o con la presentaci\u00f3n del libro de su aniversario | El Digital de Asturias<\/title>\n\n","aioseo_head_json":{"title":"La Academia Aragonesa de Gastronom\u00eda comienza el a\u00f1o con la presentaci\u00f3n del libro de su aniversario | El Digital de Asturias","description":"La Academia Aragonesa de Gastronom\u00eda comienza este a\u00f1o 2016 con la presentaci\u00f3n del libro de su veinte aniversario, que tendr\u00e1 lugar en el \u00c1mbito Cultural de El Corte Ingl\u00e9s en Zaragoza este lunes, 11 de enero, a las 19.30 horas, de la mano de la editorial Almozara. En este acto, de acceso libre hasta completar","canonical_url":"https:\/\/eldigitaldeasturias.com\/magazine365\/la-academia-aragonesa-de-gastronomia-comienza-el-ano-con-la-presentacion-del-libro-de-su-aniversario\/","robots":"max-image-preview:large","keywords":"noticias y actualidad","webmasterTools":{"google-site-verification":"UA-38556648-1","miscellaneous":""},"schema":{"@context":"https:\/\/schema.org","@graph":[{"@type":"Article","@id":"https:\/\/eldigitaldeasturias.com\/magazine365\/la-academia-aragonesa-de-gastronomia-comienza-el-ano-con-la-presentacion-del-libro-de-su-aniversario\/#article","name":"La Academia Aragonesa de Gastronom\u00eda comienza el a\u00f1o con la presentaci\u00f3n del libro de su aniversario | El Digital de Asturias","headline":"La Academia Aragonesa de Gastronom\u00eda comienza el a\u00f1o con la presentaci\u00f3n del libro de su aniversario","author":{"@id":"https:\/\/eldigitaldeasturias.com\/magazine365\/author\/admin\/#author"},"publisher":{"@id":"https:\/\/eldigitaldeasturias.com\/magazine365\/#organization"},"image":{"@type":"ImageObject","url":"https:\/\/eldigitaldeasturias.com\/magazine365\/wp-content\/uploads\/2016\/01\/fotonoticia_20160111161352_800.jpg","width":800,"height":566},"datePublished":"2016-01-12T01:03:49+01:00","dateModified":"2016-01-12T01:03:49+01:00","inLanguage":"es-ES","mainEntityOfPage":{"@id":"https:\/\/eldigitaldeasturias.com\/magazine365\/la-academia-aragonesa-de-gastronomia-comienza-el-ano-con-la-presentacion-del-libro-de-su-aniversario\/#webpage"},"isPartOf":{"@id":"https:\/\/eldigitaldeasturias.com\/magazine365\/la-academia-aragonesa-de-gastronomia-comienza-el-ano-con-la-presentacion-del-libro-de-su-aniversario\/#webpage"},"articleSection":"Noticias y Actualidad"},{"@type":"BreadcrumbList","@id":"https:\/\/eldigitaldeasturias.com\/magazine365\/la-academia-aragonesa-de-gastronomia-comienza-el-ano-con-la-presentacion-del-libro-de-su-aniversario\/#breadcrumblist","itemListElement":[{"@type":"ListItem","@id":"https:\/\/eldigitaldeasturias.com\/magazine365#listItem","position":1,"name":"Home","item":"https:\/\/eldigitaldeasturias.com\/magazine365","nextItem":{"@type":"ListItem","@id":"https:\/\/eldigitaldeasturias.com\/magazine365\/category\/noticias-actualidad\/#listItem","name":"Noticias y Actualidad"}},{"@type":"ListItem","@id":"https:\/\/eldigitaldeasturias.com\/magazine365\/category\/noticias-actualidad\/#listItem","position":2,"name":"Noticias y Actualidad","item":"https:\/\/eldigitaldeasturias.com\/magazine365\/category\/noticias-actualidad\/","nextItem":{"@type":"ListItem","@id":"https:\/\/eldigitaldeasturias.com\/magazine365\/la-academia-aragonesa-de-gastronomia-comienza-el-ano-con-la-presentacion-del-libro-de-su-aniversario\/#listItem","name":"La Academia Aragonesa de Gastronom\u00eda comienza el a\u00f1o con la presentaci\u00f3n del libro de su aniversario"},"previousItem":{"@type":"ListItem","@id":"https:\/\/eldigitaldeasturias.com\/magazine365#listItem","name":"Home"}},{"@type":"ListItem","@id":"https:\/\/eldigitaldeasturias.com\/magazine365\/la-academia-aragonesa-de-gastronomia-comienza-el-ano-con-la-presentacion-del-libro-de-su-aniversario\/#listItem","position":3,"name":"La Academia Aragonesa de Gastronom\u00eda comienza el a\u00f1o con la presentaci\u00f3n del libro de su aniversario","previousItem":{"@type":"ListItem","@id":"https:\/\/eldigitaldeasturias.com\/magazine365\/category\/noticias-actualidad\/#listItem","name":"Noticias y Actualidad"}}]},{"@type":"Organization","@id":"https:\/\/eldigitaldeasturias.com\/magazine365\/#organization","name":"El digital de Asturias","description":"Revista de ocio, turismo y estilo de vida","url":"https:\/\/eldigitaldeasturias.com\/magazine365\/","logo":{"@type":"ImageObject","url":"https:\/\/www.eldigitaldeasturias.com\/noticias\/wp-content\/uploads\/2020\/12\/EDA.jpg","@id":"https:\/\/eldigitaldeasturias.com\/magazine365\/la-academia-aragonesa-de-gastronomia-comienza-el-ano-con-la-presentacion-del-libro-de-su-aniversario\/#organizationLogo"},"image":{"@id":"https:\/\/eldigitaldeasturias.com\/magazine365\/la-academia-aragonesa-de-gastronomia-comienza-el-ano-con-la-presentacion-del-libro-de-su-aniversario\/#organizationLogo"}},{"@type":"Person","@id":"https:\/\/eldigitaldeasturias.com\/magazine365\/author\/admin\/#author","url":"https:\/\/eldigitaldeasturias.com\/magazine365\/author\/admin\/","name":"admin","image":{"@type":"ImageObject","@id":"https:\/\/eldigitaldeasturias.com\/magazine365\/la-academia-aragonesa-de-gastronomia-comienza-el-ano-con-la-presentacion-del-libro-de-su-aniversario\/#authorImage","url":"https:\/\/eldigitaldeasturias.com\/magazine365\/wp-content\/litespeed\/avatar\/e571bcf59a0edd6fa6838245a470f2fe.jpg?ver=1777574230","width":96,"height":96,"caption":"admin"}},{"@type":"WebPage","@id":"https:\/\/eldigitaldeasturias.com\/magazine365\/la-academia-aragonesa-de-gastronomia-comienza-el-ano-con-la-presentacion-del-libro-de-su-aniversario\/#webpage","url":"https:\/\/eldigitaldeasturias.com\/magazine365\/la-academia-aragonesa-de-gastronomia-comienza-el-ano-con-la-presentacion-del-libro-de-su-aniversario\/","name":"La Academia Aragonesa de Gastronom\u00eda comienza el a\u00f1o con la presentaci\u00f3n del libro de su aniversario | El Digital de Asturias","description":"La Academia Aragonesa de Gastronom\u00eda comienza este a\u00f1o 2016 con la presentaci\u00f3n del libro de su veinte aniversario, que tendr\u00e1 lugar en el \u00c1mbito Cultural de El Corte Ingl\u00e9s en Zaragoza este lunes, 11 de enero, a las 19.30 horas, de la mano de la editorial Almozara. En este acto, de acceso libre hasta completar","inLanguage":"es-ES","isPartOf":{"@id":"https:\/\/eldigitaldeasturias.com\/magazine365\/#website"},"breadcrumb":{"@id":"https:\/\/eldigitaldeasturias.com\/magazine365\/la-academia-aragonesa-de-gastronomia-comienza-el-ano-con-la-presentacion-del-libro-de-su-aniversario\/#breadcrumblist"},"author":{"@id":"https:\/\/eldigitaldeasturias.com\/magazine365\/author\/admin\/#author"},"creator":{"@id":"https:\/\/eldigitaldeasturias.com\/magazine365\/author\/admin\/#author"},"image":{"@type":"ImageObject","url":"https:\/\/eldigitaldeasturias.com\/magazine365\/wp-content\/uploads\/2016\/01\/fotonoticia_20160111161352_800.jpg","@id":"https:\/\/eldigitaldeasturias.com\/magazine365\/la-academia-aragonesa-de-gastronomia-comienza-el-ano-con-la-presentacion-del-libro-de-su-aniversario\/#mainImage","width":800,"height":566},"primaryImageOfPage":{"@id":"https:\/\/eldigitaldeasturias.com\/magazine365\/la-academia-aragonesa-de-gastronomia-comienza-el-ano-con-la-presentacion-del-libro-de-su-aniversario\/#mainImage"},"datePublished":"2016-01-12T01:03:49+01:00","dateModified":"2016-01-12T01:03:49+01:00"},{"@type":"WebSite","@id":"https:\/\/eldigitaldeasturias.com\/magazine365\/#website","url":"https:\/\/eldigitaldeasturias.com\/magazine365\/","name":"El Digital de Asturias","description":"Revista de ocio, turismo y estilo de vida","inLanguage":"es-ES","publisher":{"@id":"https:\/\/eldigitaldeasturias.com\/magazine365\/#organization"}}]},"og:locale":"es_ES","og:site_name":"El Digital de Asturias \u2013 Revista de ocio, turismo y estilo de vida","og:type":"article","og:title":"La Academia Aragonesa de Gastronom\u00eda comienza el a\u00f1o con la presentaci\u00f3n del libro de su aniversario | El Digital de Asturias","og:description":"La Academia Aragonesa de Gastronom\u00eda comienza este a\u00f1o 2016 con la presentaci\u00f3n del libro de su veinte aniversario, que tendr\u00e1 lugar en el \u00c1mbito Cultural de El Corte Ingl\u00e9s en Zaragoza este lunes, 11 de enero, a las 19.30 horas, de la mano de la editorial Almozara. En este acto, de acceso libre hasta completar","og:url":"https:\/\/eldigitaldeasturias.com\/magazine365\/la-academia-aragonesa-de-gastronomia-comienza-el-ano-con-la-presentacion-del-libro-de-su-aniversario\/","og:image":"https:\/\/eldigitaldeasturias.com\/magazine365\/wp-content\/uploads\/2016\/01\/fotonoticia_20160111161352_800.jpg","og:image:secure_url":"https:\/\/eldigitaldeasturias.com\/magazine365\/wp-content\/uploads\/2016\/01\/fotonoticia_20160111161352_800.jpg","og:image:width":800,"og:image:height":566,"article:published_time":"2016-01-12T00:03:49+00:00","article:modified_time":"2016-01-12T00:03:49+00:00","twitter:card":"summary_large_image","twitter:title":"La Academia Aragonesa de Gastronom\u00eda comienza el a\u00f1o con la presentaci\u00f3n del libro de su aniversario | El Digital de Asturias","twitter:description":"La Academia Aragonesa de Gastronom\u00eda comienza este a\u00f1o 2016 con la presentaci\u00f3n del libro de su veinte aniversario, que tendr\u00e1 lugar en el \u00c1mbito Cultural de El Corte Ingl\u00e9s en Zaragoza este lunes, 11 de enero, a las 19.30 horas, de la mano de la editorial Almozara. En este acto, de acceso libre hasta completar","twitter:image":"https:\/\/eldigitaldeasturias.com\/magazine365\/wp-content\/uploads\/2016\/01\/fotonoticia_20160111161352_800.jpg"},"aioseo_meta_data":{"post_id":"60214","title":null,"description":null,"keywords":null,"keyphrases":null,"primary_term":null,"canonical_url":null,"og_title":null,"og_description":null,"og_object_type":"default","og_image_type":"default","og_image_url":null,"og_image_width":null,"og_image_height":null,"og_image_custom_url":null,"og_image_custom_fields":null,"og_video":null,"og_custom_url":null,"og_article_section":null,"og_article_tags":null,"twitter_use_og":false,"twitter_card":"default","twitter_image_type":"default","twitter_image_url":null,"twitter_image_custom_url":null,"twitter_image_custom_fields":null,"twitter_title":null,"twitter_description":null,"schema":{"blockGraphs":[],"customGraphs":[],"default":{"data":{"Article":[],"Course":[],"Dataset":[],"FAQPage":[],"Movie":[],"Person":[],"Product":[],"ProductReview":[],"Car":[],"Recipe":[],"Service":[],"SoftwareApplication":[],"WebPage":[]},"graphName":"","isEnabled":true},"graphs":[],"defaultGraph":"","defaultPostTypeGraph":""},"schema_type":null,"schema_type_options":null,"pillar_content":false,"robots_default":true,"robots_noindex":false,"robots_noarchive":false,"robots_nosnippet":false,"robots_nofollow":false,"robots_noimageindex":false,"robots_noodp":false,"robots_notranslate":false,"robots_max_snippet":null,"robots_max_videopreview":null,"robots_max_imagepreview":"large","priority":null,"frequency":null,"location":null,"local_seo":null,"seo_analyzer_scan_date":"2025-09-25 06:28:09","breadcrumb_settings":null,"limit_modified_date":false,"open_ai":null,"ai":null,"created":"2021-03-08 22:02:40","updated":"2025-09-25 06:28:09"},"aioseo_breadcrumb":"<div class=\"aioseo-breadcrumbs\"><span class=\"aioseo-breadcrumb\">\n\t<a href=\"https:\/\/eldigitaldeasturias.com\/magazine365\" title=\"Home\">Home<\/a>\n<\/span><span class=\"aioseo-breadcrumb-separator\">\u2013<\/span><span class=\"aioseo-breadcrumb\">\n\t<a href=\"https:\/\/eldigitaldeasturias.com\/magazine365\/category\/noticias-actualidad\/\" title=\"Noticias y Actualidad\">Noticias y Actualidad<\/a>\n<\/span><span class=\"aioseo-breadcrumb-separator\">\u2013<\/span><span class=\"aioseo-breadcrumb\">\n\t<a href=\"https:\/\/eldigitaldeasturias.com\/magazine365\/la-academia-aragonesa-de-gastronomia-comienza-el-ano-con-la-presentacion-del-libro-de-su-aniversario\/\" title=\"La Academia Aragonesa de Gastronom\u00eda comienza el a\u00f1o con la presentaci\u00f3n del libro de su aniversario\">La Academia Aragonesa de Gastronom\u00eda comienza el a\u00f1o con la presentaci\u00f3n del libro de su aniversario<\/a>\n<\/span><\/div>","aioseo_breadcrumb_json":[{"label":"Home","link":"https:\/\/eldigitaldeasturias.com\/magazine365"},{"label":"Noticias y Actualidad","link":"https:\/\/eldigitaldeasturias.com\/magazine365\/category\/noticias-actualidad\/"},{"label":"La Academia Aragonesa de Gastronom\u00eda comienza el a\u00f1o con la presentaci\u00f3n del libro de su aniversario","link":"https:\/\/eldigitaldeasturias.com\/magazine365\/la-academia-aragonesa-de-gastronomia-comienza-el-ano-con-la-presentacion-del-libro-de-su-aniversario\/"}],"_links":{"self":[{"href":"https:\/\/eldigitaldeasturias.com\/magazine365\/wp-json\/wp\/v2\/posts\/60214","targetHints":{"allow":["GET"]}}],"collection":[{"href":"https:\/\/eldigitaldeasturias.com\/magazine365\/wp-json\/wp\/v2\/posts"}],"about":[{"href":"https:\/\/eldigitaldeasturias.com\/magazine365\/wp-json\/wp\/v2\/types\/post"}],"author":[{"embeddable":true,"href":"https:\/\/eldigitaldeasturias.com\/magazine365\/wp-json\/wp\/v2\/users\/1"}],"replies":[{"embeddable":true,"href":"https:\/\/eldigitaldeasturias.com\/magazine365\/wp-json\/wp\/v2\/comments?post=60214"}],"version-history":[{"count":0,"href":"https:\/\/eldigitaldeasturias.com\/magazine365\/wp-json\/wp\/v2\/posts\/60214\/revisions"}],"wp:featuredmedia":[{"embeddable":true,"href":"https:\/\/eldigitaldeasturias.com\/magazine365\/wp-json\/wp\/v2\/media\/60215"}],"wp:attachment":[{"href":"https:\/\/eldigitaldeasturias.com\/magazine365\/wp-json\/wp\/v2\/media?parent=60214"}],"wp:term":[{"taxonomy":"category","embeddable":true,"href":"https:\/\/eldigitaldeasturias.com\/magazine365\/wp-json\/wp\/v2\/categories?post=60214"},{"taxonomy":"post_tag","embeddable":true,"href":"https:\/\/eldigitaldeasturias.com\/magazine365\/wp-json\/wp\/v2\/tags?post=60214"}],"curies":[{"name":"wp","href":"https:\/\/api.w.org\/{rel}","templated":true}]}}