{"id":60208,"date":"2016-01-12T01:01:47","date_gmt":"2016-01-12T00:01:47","guid":{"rendered":"http:\/\/eldigitaldeasturias.com\/magazine365\/?p=60208"},"modified":"2016-01-12T01:01:47","modified_gmt":"2016-01-12T00:01:47","slug":"bruselas-defiende-servicios-de-blablacar-porque-no-estan-en-competencia-directa-con-el-taxi-como-uber","status":"publish","type":"post","link":"https:\/\/eldigitaldeasturias.com\/magazine365\/bruselas-defiende-servicios-de-blablacar-porque-no-estan-en-competencia-directa-con-el-taxi-como-uber\/","title":{"rendered":"Bruselas defiende servicios de BlaBlaCar porque no est\u00e1n en competencia directa con el taxi como Uber"},"content":{"rendered":"<p><img fetchpriority=\"high\" decoding=\"async\" class=\"alignleft size-medium wp-image-60209\" src=\"https:\/\/eldigitaldeasturias.com\/magazine365\/wp-content\/uploads\/2016\/01\/fotonoticia_20160111155919_800-360x207.jpg\" alt=\"fotonoticia_20160111155919_800\" width=\"360\" height=\"207\" srcset=\"https:\/\/eldigitaldeasturias.com\/magazine365\/wp-content\/uploads\/2016\/01\/fotonoticia_20160111155919_800-360x207.jpg 360w, https:\/\/eldigitaldeasturias.com\/magazine365\/wp-content\/uploads\/2016\/01\/fotonoticia_20160111155919_800-650x373.jpg 650w, https:\/\/eldigitaldeasturias.com\/magazine365\/wp-content\/uploads\/2016\/01\/fotonoticia_20160111155919_800-768x441.jpg 768w, https:\/\/eldigitaldeasturias.com\/magazine365\/wp-content\/uploads\/2016\/01\/fotonoticia_20160111155919_800-150x86.jpg 150w, https:\/\/eldigitaldeasturias.com\/magazine365\/wp-content\/uploads\/2016\/01\/fotonoticia_20160111155919_800-450x258.jpg 450w, https:\/\/eldigitaldeasturias.com\/magazine365\/wp-content\/uploads\/2016\/01\/fotonoticia_20160111155919_800-696x399.jpg 696w, https:\/\/eldigitaldeasturias.com\/magazine365\/wp-content\/uploads\/2016\/01\/fotonoticia_20160111155919_800-732x420.jpg 732w, https:\/\/eldigitaldeasturias.com\/magazine365\/wp-content\/uploads\/2016\/01\/fotonoticia_20160111155919_800-172x100.jpg 172w, https:\/\/eldigitaldeasturias.com\/magazine365\/wp-content\/uploads\/2016\/01\/fotonoticia_20160111155919_800.jpg 800w\" sizes=\"(max-width: 360px) 100vw, 360px\" \/>El comisario de Agenda y Sociedad Digital, G\u00fcnther Oettinger, ha defendido este lunes \u00abexplorar m\u00e1s\u00bb la posibilidad de regular a nivel europeo servicios como los que ofrecen BlaBlaCar y Uber, aunque ha dejado claro que ambas empresas \u00abno son exactamente lo mismo\u00bb dado que la primera no obtiene beneficios ni est\u00e1 en competencia \u00abdirecta\u00bb con el sector del taxi como ocurre con Uber.<\/p>\n<p>\u00abHe discutido esto y he preguntado si hay alg\u00fan inter\u00e9s en regular esto a nivel europeo. Hay algunos Estados miembro europeos que han regulado las actividades de estas compa\u00f1\u00edas\u00bb, ha explicado el comisario en una rueda de prensa en Bruselas, preguntado por la reuni\u00f3n que mantuvo el pasado viernes con el consejero delegado de BlaBlaCar y si no hay que regular a nivel europeo a compa\u00f1\u00edas como la francesa y Uber, cuyos servicios han sido prohibidos en pa\u00edses como Espa\u00f1a y Alemania.<\/p>\n<p>Oettinger ha reconocido la posibilidad de \u00abexplorar m\u00e1s\u00bb de regular estas compa\u00f1\u00edas a nivel europeo aunque ha dejado claro que \u00abBlaBlaCar y Uber no son exactamente lo mismo\u00bb y \u00abno son comparables directamente\u00bb dado que la red social de coche compartido francesa no obtiene \u00abning\u00fan beneficio\u00bb dado que s\u00f3lo exige cofinanciar el coste del combustible ni ofrece servicios \u00abdentro de las zonas urbanas sino desde una ciudad a otra\u00bb mientras que Uber \u00abes un proveedor comercial de servicios en zonas urbanas y est\u00e1 en competencia directa con los servicios de taxi\u00bb.<\/p>\n<p>\u00abCuando era m\u00e1s joven ten\u00edamos posibilidades de compartir coche con otros estudiantes. Pod\u00edas viajar de una punta del pa\u00eds a la otra si estabas preparado para cofinanciar el coste de combustible. BlaBlaCar hace esto profesionalmente, pero no comercialmente. En otras palabras, los miembros que usan estos servicios no son est\u00e1n en esto por el dinero\u00bb, ha explicado el comisario alem\u00e1n, que ha recordado que en este caso se comparte el coche para cubrir \u00abel coste\u00bb del combustible y permite \u00abdisfrutar de conversaci\u00f3n con otros viajeros\u00bb.<\/p>\n<p>\u00abNo ganan en realidad ning\u00fan beneficio. Sin embargo Uber es bastante diferente. Es un proveedor comercial de servicios en zonas urbanas y est\u00e1 en competencia directa con los servicios de taxi\u00bb, ha explicado.<\/p>\n<p>El comisario ha defendido que BlaBlaCar es \u00abuna compa\u00f1\u00eda innovadora francesa\u00bb y se deber\u00eda contar con \u00ablegislaciones razonables\u00bb para garantizar este tipo de servicios a nivel transfronterizo.<\/p>\n<p>\u00abPor ejemplo si hay servicios de BlaBlaCar de Mil\u00e1n a Munich, entonces quiz\u00e1 cualquier legislaci\u00f3n a aprobar ser\u00eda para garantizar que todas las condiciones sean coordinadas adecuadamente y esto es algo que creo que podemos explorar m\u00e1s. Deber\u00edamos tener legislaciones razonables en vigor para garantizar que podemos dar tales servicios transfronterizos\u00bb, ha concluido.<\/p>\n","protected":false},"excerpt":{"rendered":"<p>El comisario de Agenda y Sociedad Digital, G\u00fcnther Oettinger, ha defendido este lunes \u00abexplorar m\u00e1s\u00bb la posibilidad de regular a nivel europeo servicios como los que ofrecen BlaBlaCar y Uber, aunque ha dejado claro que ambas empresas \u00abno son exactamente lo mismo\u00bb dado que la primera no obtiene beneficios ni est\u00e1 en competencia \u00abdirecta\u00bb con<\/p>\n","protected":false},"author":1,"featured_media":60209,"comment_status":"open","ping_status":"closed","sticky":false,"template":"","format":"standard","meta":{"footnotes":""},"categories":[224],"tags":[],"class_list":{"0":"post-60208","1":"post","2":"type-post","3":"status-publish","4":"format-standard","5":"has-post-thumbnail","7":"category-noticias-actualidad"},"aioseo_notices":[],"aioseo_head":"\n\t\t<!-- All in One SEO Pro 4.9.6.1 - aioseo.com -->\n\t<meta name=\"description\" content=\"El comisario de Agenda y Sociedad Digital, G\u00fcnther Oettinger, ha defendido este lunes &quot;explorar m\u00e1s&quot; la posibilidad de regular a nivel europeo servicios como los que ofrecen BlaBlaCar y Uber, aunque ha dejado claro que ambas empresas &quot;no son exactamente lo mismo&quot; dado que la primera no obtiene beneficios ni est\u00e1 en competencia &quot;directa&quot; con\" \/>\n\t<meta name=\"robots\" content=\"max-image-preview:large\" \/>\n\t<meta name=\"author\" content=\"admin\"\/>\n\t<meta name=\"google-site-verification\" content=\"UA-38556648-1\" \/>\n\t<meta name=\"keywords\" content=\"noticias y actualidad\" \/>\n\t<link rel=\"canonical\" href=\"https:\/\/eldigitaldeasturias.com\/magazine365\/bruselas-defiende-servicios-de-blablacar-porque-no-estan-en-competencia-directa-con-el-taxi-como-uber\/\" \/>\n\t<meta name=\"generator\" content=\"All in One SEO Pro (AIOSEO) 4.9.6.1\" \/>\n\t\t<meta property=\"og:locale\" content=\"es_ES\" \/>\n\t\t<meta property=\"og:site_name\" content=\"El Digital de Asturias \u2013 Revista de ocio, turismo y estilo de vida\" \/>\n\t\t<meta property=\"og:type\" content=\"article\" \/>\n\t\t<meta property=\"og:title\" content=\"Bruselas defiende servicios de BlaBlaCar porque no est\u00e1n en competencia directa con el taxi como Uber | El Digital de Asturias\" \/>\n\t\t<meta property=\"og:description\" content=\"El comisario de Agenda y Sociedad Digital, G\u00fcnther Oettinger, ha defendido este lunes &quot;explorar m\u00e1s&quot; la posibilidad de regular a nivel europeo servicios como los que ofrecen BlaBlaCar y Uber, aunque ha dejado claro que ambas empresas &quot;no son exactamente lo mismo&quot; dado que la primera no obtiene beneficios ni est\u00e1 en competencia &quot;directa&quot; con\" \/>\n\t\t<meta property=\"og:url\" content=\"https:\/\/eldigitaldeasturias.com\/magazine365\/bruselas-defiende-servicios-de-blablacar-porque-no-estan-en-competencia-directa-con-el-taxi-como-uber\/\" \/>\n\t\t<meta property=\"og:image\" content=\"https:\/\/eldigitaldeasturias.com\/magazine365\/wp-content\/uploads\/2016\/01\/fotonoticia_20160111155919_800.jpg\" \/>\n\t\t<meta property=\"og:image:secure_url\" content=\"https:\/\/eldigitaldeasturias.com\/magazine365\/wp-content\/uploads\/2016\/01\/fotonoticia_20160111155919_800.jpg\" \/>\n\t\t<meta property=\"og:image:width\" content=\"800\" \/>\n\t\t<meta property=\"og:image:height\" content=\"459\" \/>\n\t\t<meta property=\"article:published_time\" content=\"2016-01-12T00:01:47+00:00\" \/>\n\t\t<meta property=\"article:modified_time\" content=\"2016-01-12T00:01:47+00:00\" \/>\n\t\t<meta name=\"twitter:card\" content=\"summary_large_image\" \/>\n\t\t<meta name=\"twitter:title\" content=\"Bruselas defiende servicios de BlaBlaCar porque no est\u00e1n en competencia directa con el taxi como Uber | El Digital de Asturias\" \/>\n\t\t<meta name=\"twitter:description\" content=\"El comisario de Agenda y Sociedad Digital, G\u00fcnther Oettinger, ha defendido este lunes &quot;explorar m\u00e1s&quot; la posibilidad de regular a nivel europeo servicios como los que ofrecen BlaBlaCar y Uber, aunque ha dejado claro que ambas empresas &quot;no son exactamente lo mismo&quot; dado que la primera no obtiene beneficios ni est\u00e1 en competencia &quot;directa&quot; con\" \/>\n\t\t<meta name=\"twitter:image\" content=\"https:\/\/eldigitaldeasturias.com\/magazine365\/wp-content\/uploads\/2016\/01\/fotonoticia_20160111155919_800.jpg\" \/>\n\t\t<script type=\"application\/ld+json\" class=\"aioseo-schema\">\n\t\t\t{\"@context\":\"https:\\\/\\\/schema.org\",\"@graph\":[{\"@type\":\"Article\",\"@id\":\"https:\\\/\\\/eldigitaldeasturias.com\\\/magazine365\\\/bruselas-defiende-servicios-de-blablacar-porque-no-estan-en-competencia-directa-con-el-taxi-como-uber\\\/#article\",\"name\":\"Bruselas defiende servicios de BlaBlaCar porque no est\\u00e1n en competencia directa con el taxi como Uber | El Digital de Asturias\",\"headline\":\"Bruselas defiende servicios de BlaBlaCar porque no est\\u00e1n en competencia directa con el taxi como Uber\",\"author\":{\"@id\":\"https:\\\/\\\/eldigitaldeasturias.com\\\/magazine365\\\/author\\\/admin\\\/#author\"},\"publisher\":{\"@id\":\"https:\\\/\\\/eldigitaldeasturias.com\\\/magazine365\\\/#organization\"},\"image\":{\"@type\":\"ImageObject\",\"url\":\"https:\\\/\\\/eldigitaldeasturias.com\\\/magazine365\\\/wp-content\\\/uploads\\\/2016\\\/01\\\/fotonoticia_20160111155919_800.jpg\",\"width\":800,\"height\":459},\"datePublished\":\"2016-01-12T01:01:47+01:00\",\"dateModified\":\"2016-01-12T01:01:47+01:00\",\"inLanguage\":\"es-ES\",\"mainEntityOfPage\":{\"@id\":\"https:\\\/\\\/eldigitaldeasturias.com\\\/magazine365\\\/bruselas-defiende-servicios-de-blablacar-porque-no-estan-en-competencia-directa-con-el-taxi-como-uber\\\/#webpage\"},\"isPartOf\":{\"@id\":\"https:\\\/\\\/eldigitaldeasturias.com\\\/magazine365\\\/bruselas-defiende-servicios-de-blablacar-porque-no-estan-en-competencia-directa-con-el-taxi-como-uber\\\/#webpage\"},\"articleSection\":\"Noticias y Actualidad\"},{\"@type\":\"BreadcrumbList\",\"@id\":\"https:\\\/\\\/eldigitaldeasturias.com\\\/magazine365\\\/bruselas-defiende-servicios-de-blablacar-porque-no-estan-en-competencia-directa-con-el-taxi-como-uber\\\/#breadcrumblist\",\"itemListElement\":[{\"@type\":\"ListItem\",\"@id\":\"https:\\\/\\\/eldigitaldeasturias.com\\\/magazine365#listItem\",\"position\":1,\"name\":\"Home\",\"item\":\"https:\\\/\\\/eldigitaldeasturias.com\\\/magazine365\",\"nextItem\":{\"@type\":\"ListItem\",\"@id\":\"https:\\\/\\\/eldigitaldeasturias.com\\\/magazine365\\\/category\\\/noticias-actualidad\\\/#listItem\",\"name\":\"Noticias y Actualidad\"}},{\"@type\":\"ListItem\",\"@id\":\"https:\\\/\\\/eldigitaldeasturias.com\\\/magazine365\\\/category\\\/noticias-actualidad\\\/#listItem\",\"position\":2,\"name\":\"Noticias y Actualidad\",\"item\":\"https:\\\/\\\/eldigitaldeasturias.com\\\/magazine365\\\/category\\\/noticias-actualidad\\\/\",\"nextItem\":{\"@type\":\"ListItem\",\"@id\":\"https:\\\/\\\/eldigitaldeasturias.com\\\/magazine365\\\/bruselas-defiende-servicios-de-blablacar-porque-no-estan-en-competencia-directa-con-el-taxi-como-uber\\\/#listItem\",\"name\":\"Bruselas defiende servicios de BlaBlaCar porque no est\\u00e1n en competencia directa con el taxi como Uber\"},\"previousItem\":{\"@type\":\"ListItem\",\"@id\":\"https:\\\/\\\/eldigitaldeasturias.com\\\/magazine365#listItem\",\"name\":\"Home\"}},{\"@type\":\"ListItem\",\"@id\":\"https:\\\/\\\/eldigitaldeasturias.com\\\/magazine365\\\/bruselas-defiende-servicios-de-blablacar-porque-no-estan-en-competencia-directa-con-el-taxi-como-uber\\\/#listItem\",\"position\":3,\"name\":\"Bruselas defiende servicios de BlaBlaCar porque no est\\u00e1n en competencia directa con el taxi como Uber\",\"previousItem\":{\"@type\":\"ListItem\",\"@id\":\"https:\\\/\\\/eldigitaldeasturias.com\\\/magazine365\\\/category\\\/noticias-actualidad\\\/#listItem\",\"name\":\"Noticias y Actualidad\"}}]},{\"@type\":\"Organization\",\"@id\":\"https:\\\/\\\/eldigitaldeasturias.com\\\/magazine365\\\/#organization\",\"name\":\"El digital de Asturias\",\"description\":\"Revista de ocio, turismo y estilo de vida\",\"url\":\"https:\\\/\\\/eldigitaldeasturias.com\\\/magazine365\\\/\",\"logo\":{\"@type\":\"ImageObject\",\"url\":\"https:\\\/\\\/www.eldigitaldeasturias.com\\\/noticias\\\/wp-content\\\/uploads\\\/2020\\\/12\\\/EDA.jpg\",\"@id\":\"https:\\\/\\\/eldigitaldeasturias.com\\\/magazine365\\\/bruselas-defiende-servicios-de-blablacar-porque-no-estan-en-competencia-directa-con-el-taxi-como-uber\\\/#organizationLogo\"},\"image\":{\"@id\":\"https:\\\/\\\/eldigitaldeasturias.com\\\/magazine365\\\/bruselas-defiende-servicios-de-blablacar-porque-no-estan-en-competencia-directa-con-el-taxi-como-uber\\\/#organizationLogo\"}},{\"@type\":\"Person\",\"@id\":\"https:\\\/\\\/eldigitaldeasturias.com\\\/magazine365\\\/author\\\/admin\\\/#author\",\"url\":\"https:\\\/\\\/eldigitaldeasturias.com\\\/magazine365\\\/author\\\/admin\\\/\",\"name\":\"admin\",\"image\":{\"@type\":\"ImageObject\",\"@id\":\"https:\\\/\\\/eldigitaldeasturias.com\\\/magazine365\\\/bruselas-defiende-servicios-de-blablacar-porque-no-estan-en-competencia-directa-con-el-taxi-como-uber\\\/#authorImage\",\"url\":\"https:\\\/\\\/eldigitaldeasturias.com\\\/magazine365\\\/wp-content\\\/litespeed\\\/avatar\\\/e571bcf59a0edd6fa6838245a470f2fe.jpg?ver=1777574230\",\"width\":96,\"height\":96,\"caption\":\"admin\"}},{\"@type\":\"WebPage\",\"@id\":\"https:\\\/\\\/eldigitaldeasturias.com\\\/magazine365\\\/bruselas-defiende-servicios-de-blablacar-porque-no-estan-en-competencia-directa-con-el-taxi-como-uber\\\/#webpage\",\"url\":\"https:\\\/\\\/eldigitaldeasturias.com\\\/magazine365\\\/bruselas-defiende-servicios-de-blablacar-porque-no-estan-en-competencia-directa-con-el-taxi-como-uber\\\/\",\"name\":\"Bruselas defiende servicios de BlaBlaCar porque no est\\u00e1n en competencia directa con el taxi como Uber | El Digital de Asturias\",\"description\":\"El comisario de Agenda y Sociedad Digital, G\\u00fcnther Oettinger, ha defendido este lunes \\\"explorar m\\u00e1s\\\" la posibilidad de regular a nivel europeo servicios como los que ofrecen BlaBlaCar y Uber, aunque ha dejado claro que ambas empresas \\\"no son exactamente lo mismo\\\" dado que la primera no obtiene beneficios ni est\\u00e1 en competencia \\\"directa\\\" con\",\"inLanguage\":\"es-ES\",\"isPartOf\":{\"@id\":\"https:\\\/\\\/eldigitaldeasturias.com\\\/magazine365\\\/#website\"},\"breadcrumb\":{\"@id\":\"https:\\\/\\\/eldigitaldeasturias.com\\\/magazine365\\\/bruselas-defiende-servicios-de-blablacar-porque-no-estan-en-competencia-directa-con-el-taxi-como-uber\\\/#breadcrumblist\"},\"author\":{\"@id\":\"https:\\\/\\\/eldigitaldeasturias.com\\\/magazine365\\\/author\\\/admin\\\/#author\"},\"creator\":{\"@id\":\"https:\\\/\\\/eldigitaldeasturias.com\\\/magazine365\\\/author\\\/admin\\\/#author\"},\"image\":{\"@type\":\"ImageObject\",\"url\":\"https:\\\/\\\/eldigitaldeasturias.com\\\/magazine365\\\/wp-content\\\/uploads\\\/2016\\\/01\\\/fotonoticia_20160111155919_800.jpg\",\"@id\":\"https:\\\/\\\/eldigitaldeasturias.com\\\/magazine365\\\/bruselas-defiende-servicios-de-blablacar-porque-no-estan-en-competencia-directa-con-el-taxi-como-uber\\\/#mainImage\",\"width\":800,\"height\":459},\"primaryImageOfPage\":{\"@id\":\"https:\\\/\\\/eldigitaldeasturias.com\\\/magazine365\\\/bruselas-defiende-servicios-de-blablacar-porque-no-estan-en-competencia-directa-con-el-taxi-como-uber\\\/#mainImage\"},\"datePublished\":\"2016-01-12T01:01:47+01:00\",\"dateModified\":\"2016-01-12T01:01:47+01:00\"},{\"@type\":\"WebSite\",\"@id\":\"https:\\\/\\\/eldigitaldeasturias.com\\\/magazine365\\\/#website\",\"url\":\"https:\\\/\\\/eldigitaldeasturias.com\\\/magazine365\\\/\",\"name\":\"El Digital de Asturias\",\"description\":\"Revista de ocio, turismo y estilo de vida\",\"inLanguage\":\"es-ES\",\"publisher\":{\"@id\":\"https:\\\/\\\/eldigitaldeasturias.com\\\/magazine365\\\/#organization\"}}]}\n\t\t<\/script>\n\t\t<!-- All in One SEO Pro -->\r\n\t\t<title>Bruselas defiende servicios de BlaBlaCar porque no est\u00e1n en competencia directa con el taxi como Uber | El Digital de Asturias<\/title>\n\n","aioseo_head_json":{"title":"Bruselas defiende servicios de BlaBlaCar porque no est\u00e1n en competencia directa con el taxi como Uber | El Digital de Asturias","description":"El comisario de Agenda y Sociedad Digital, G\u00fcnther Oettinger, ha defendido este lunes \"explorar m\u00e1s\" la posibilidad de regular a nivel europeo servicios como los que ofrecen BlaBlaCar y Uber, aunque ha dejado claro que ambas empresas \"no son exactamente lo mismo\" dado que la primera no obtiene beneficios ni est\u00e1 en competencia \"directa\" con","canonical_url":"https:\/\/eldigitaldeasturias.com\/magazine365\/bruselas-defiende-servicios-de-blablacar-porque-no-estan-en-competencia-directa-con-el-taxi-como-uber\/","robots":"max-image-preview:large","keywords":"noticias y actualidad","webmasterTools":{"google-site-verification":"UA-38556648-1","miscellaneous":""},"schema":{"@context":"https:\/\/schema.org","@graph":[{"@type":"Article","@id":"https:\/\/eldigitaldeasturias.com\/magazine365\/bruselas-defiende-servicios-de-blablacar-porque-no-estan-en-competencia-directa-con-el-taxi-como-uber\/#article","name":"Bruselas defiende servicios de BlaBlaCar porque no est\u00e1n en competencia directa con el taxi como Uber | El Digital de Asturias","headline":"Bruselas defiende servicios de BlaBlaCar porque no est\u00e1n en competencia directa con el taxi como Uber","author":{"@id":"https:\/\/eldigitaldeasturias.com\/magazine365\/author\/admin\/#author"},"publisher":{"@id":"https:\/\/eldigitaldeasturias.com\/magazine365\/#organization"},"image":{"@type":"ImageObject","url":"https:\/\/eldigitaldeasturias.com\/magazine365\/wp-content\/uploads\/2016\/01\/fotonoticia_20160111155919_800.jpg","width":800,"height":459},"datePublished":"2016-01-12T01:01:47+01:00","dateModified":"2016-01-12T01:01:47+01:00","inLanguage":"es-ES","mainEntityOfPage":{"@id":"https:\/\/eldigitaldeasturias.com\/magazine365\/bruselas-defiende-servicios-de-blablacar-porque-no-estan-en-competencia-directa-con-el-taxi-como-uber\/#webpage"},"isPartOf":{"@id":"https:\/\/eldigitaldeasturias.com\/magazine365\/bruselas-defiende-servicios-de-blablacar-porque-no-estan-en-competencia-directa-con-el-taxi-como-uber\/#webpage"},"articleSection":"Noticias y Actualidad"},{"@type":"BreadcrumbList","@id":"https:\/\/eldigitaldeasturias.com\/magazine365\/bruselas-defiende-servicios-de-blablacar-porque-no-estan-en-competencia-directa-con-el-taxi-como-uber\/#breadcrumblist","itemListElement":[{"@type":"ListItem","@id":"https:\/\/eldigitaldeasturias.com\/magazine365#listItem","position":1,"name":"Home","item":"https:\/\/eldigitaldeasturias.com\/magazine365","nextItem":{"@type":"ListItem","@id":"https:\/\/eldigitaldeasturias.com\/magazine365\/category\/noticias-actualidad\/#listItem","name":"Noticias y Actualidad"}},{"@type":"ListItem","@id":"https:\/\/eldigitaldeasturias.com\/magazine365\/category\/noticias-actualidad\/#listItem","position":2,"name":"Noticias y Actualidad","item":"https:\/\/eldigitaldeasturias.com\/magazine365\/category\/noticias-actualidad\/","nextItem":{"@type":"ListItem","@id":"https:\/\/eldigitaldeasturias.com\/magazine365\/bruselas-defiende-servicios-de-blablacar-porque-no-estan-en-competencia-directa-con-el-taxi-como-uber\/#listItem","name":"Bruselas defiende servicios de BlaBlaCar porque no est\u00e1n en competencia directa con el taxi como Uber"},"previousItem":{"@type":"ListItem","@id":"https:\/\/eldigitaldeasturias.com\/magazine365#listItem","name":"Home"}},{"@type":"ListItem","@id":"https:\/\/eldigitaldeasturias.com\/magazine365\/bruselas-defiende-servicios-de-blablacar-porque-no-estan-en-competencia-directa-con-el-taxi-como-uber\/#listItem","position":3,"name":"Bruselas defiende servicios de BlaBlaCar porque no est\u00e1n en competencia directa con el taxi como Uber","previousItem":{"@type":"ListItem","@id":"https:\/\/eldigitaldeasturias.com\/magazine365\/category\/noticias-actualidad\/#listItem","name":"Noticias y Actualidad"}}]},{"@type":"Organization","@id":"https:\/\/eldigitaldeasturias.com\/magazine365\/#organization","name":"El digital de Asturias","description":"Revista de ocio, turismo y estilo de vida","url":"https:\/\/eldigitaldeasturias.com\/magazine365\/","logo":{"@type":"ImageObject","url":"https:\/\/www.eldigitaldeasturias.com\/noticias\/wp-content\/uploads\/2020\/12\/EDA.jpg","@id":"https:\/\/eldigitaldeasturias.com\/magazine365\/bruselas-defiende-servicios-de-blablacar-porque-no-estan-en-competencia-directa-con-el-taxi-como-uber\/#organizationLogo"},"image":{"@id":"https:\/\/eldigitaldeasturias.com\/magazine365\/bruselas-defiende-servicios-de-blablacar-porque-no-estan-en-competencia-directa-con-el-taxi-como-uber\/#organizationLogo"}},{"@type":"Person","@id":"https:\/\/eldigitaldeasturias.com\/magazine365\/author\/admin\/#author","url":"https:\/\/eldigitaldeasturias.com\/magazine365\/author\/admin\/","name":"admin","image":{"@type":"ImageObject","@id":"https:\/\/eldigitaldeasturias.com\/magazine365\/bruselas-defiende-servicios-de-blablacar-porque-no-estan-en-competencia-directa-con-el-taxi-como-uber\/#authorImage","url":"https:\/\/eldigitaldeasturias.com\/magazine365\/wp-content\/litespeed\/avatar\/e571bcf59a0edd6fa6838245a470f2fe.jpg?ver=1777574230","width":96,"height":96,"caption":"admin"}},{"@type":"WebPage","@id":"https:\/\/eldigitaldeasturias.com\/magazine365\/bruselas-defiende-servicios-de-blablacar-porque-no-estan-en-competencia-directa-con-el-taxi-como-uber\/#webpage","url":"https:\/\/eldigitaldeasturias.com\/magazine365\/bruselas-defiende-servicios-de-blablacar-porque-no-estan-en-competencia-directa-con-el-taxi-como-uber\/","name":"Bruselas defiende servicios de BlaBlaCar porque no est\u00e1n en competencia directa con el taxi como Uber | El Digital de Asturias","description":"El comisario de Agenda y Sociedad Digital, G\u00fcnther Oettinger, ha defendido este lunes \"explorar m\u00e1s\" la posibilidad de regular a nivel europeo servicios como los que ofrecen BlaBlaCar y Uber, aunque ha dejado claro que ambas empresas \"no son exactamente lo mismo\" dado que la primera no obtiene beneficios ni est\u00e1 en competencia \"directa\" con","inLanguage":"es-ES","isPartOf":{"@id":"https:\/\/eldigitaldeasturias.com\/magazine365\/#website"},"breadcrumb":{"@id":"https:\/\/eldigitaldeasturias.com\/magazine365\/bruselas-defiende-servicios-de-blablacar-porque-no-estan-en-competencia-directa-con-el-taxi-como-uber\/#breadcrumblist"},"author":{"@id":"https:\/\/eldigitaldeasturias.com\/magazine365\/author\/admin\/#author"},"creator":{"@id":"https:\/\/eldigitaldeasturias.com\/magazine365\/author\/admin\/#author"},"image":{"@type":"ImageObject","url":"https:\/\/eldigitaldeasturias.com\/magazine365\/wp-content\/uploads\/2016\/01\/fotonoticia_20160111155919_800.jpg","@id":"https:\/\/eldigitaldeasturias.com\/magazine365\/bruselas-defiende-servicios-de-blablacar-porque-no-estan-en-competencia-directa-con-el-taxi-como-uber\/#mainImage","width":800,"height":459},"primaryImageOfPage":{"@id":"https:\/\/eldigitaldeasturias.com\/magazine365\/bruselas-defiende-servicios-de-blablacar-porque-no-estan-en-competencia-directa-con-el-taxi-como-uber\/#mainImage"},"datePublished":"2016-01-12T01:01:47+01:00","dateModified":"2016-01-12T01:01:47+01:00"},{"@type":"WebSite","@id":"https:\/\/eldigitaldeasturias.com\/magazine365\/#website","url":"https:\/\/eldigitaldeasturias.com\/magazine365\/","name":"El Digital de Asturias","description":"Revista de ocio, turismo y estilo de vida","inLanguage":"es-ES","publisher":{"@id":"https:\/\/eldigitaldeasturias.com\/magazine365\/#organization"}}]},"og:locale":"es_ES","og:site_name":"El Digital de Asturias \u2013 Revista de ocio, turismo y estilo de vida","og:type":"article","og:title":"Bruselas defiende servicios de BlaBlaCar porque no est\u00e1n en competencia directa con el taxi como Uber | El Digital de Asturias","og:description":"El comisario de Agenda y Sociedad Digital, G\u00fcnther Oettinger, ha defendido este lunes &quot;explorar m\u00e1s&quot; la posibilidad de regular a nivel europeo servicios como los que ofrecen BlaBlaCar y Uber, aunque ha dejado claro que ambas empresas &quot;no son exactamente lo mismo&quot; dado que la primera no obtiene beneficios ni est\u00e1 en competencia &quot;directa&quot; con","og:url":"https:\/\/eldigitaldeasturias.com\/magazine365\/bruselas-defiende-servicios-de-blablacar-porque-no-estan-en-competencia-directa-con-el-taxi-como-uber\/","og:image":"https:\/\/eldigitaldeasturias.com\/magazine365\/wp-content\/uploads\/2016\/01\/fotonoticia_20160111155919_800.jpg","og:image:secure_url":"https:\/\/eldigitaldeasturias.com\/magazine365\/wp-content\/uploads\/2016\/01\/fotonoticia_20160111155919_800.jpg","og:image:width":800,"og:image:height":459,"article:published_time":"2016-01-12T00:01:47+00:00","article:modified_time":"2016-01-12T00:01:47+00:00","twitter:card":"summary_large_image","twitter:title":"Bruselas defiende servicios de BlaBlaCar porque no est\u00e1n en competencia directa con el taxi como Uber | El Digital de Asturias","twitter:description":"El comisario de Agenda y Sociedad Digital, G\u00fcnther Oettinger, ha defendido este lunes &quot;explorar m\u00e1s&quot; la posibilidad de regular a nivel europeo servicios como los que ofrecen BlaBlaCar y Uber, aunque ha dejado claro que ambas empresas &quot;no son exactamente lo mismo&quot; dado que la primera no obtiene beneficios ni est\u00e1 en competencia &quot;directa&quot; con","twitter:image":"https:\/\/eldigitaldeasturias.com\/magazine365\/wp-content\/uploads\/2016\/01\/fotonoticia_20160111155919_800.jpg"},"aioseo_meta_data":{"post_id":"60208","title":null,"description":null,"keywords":null,"keyphrases":null,"primary_term":null,"canonical_url":null,"og_title":null,"og_description":null,"og_object_type":"default","og_image_type":"default","og_image_url":null,"og_image_width":null,"og_image_height":null,"og_image_custom_url":null,"og_image_custom_fields":null,"og_video":null,"og_custom_url":null,"og_article_section":null,"og_article_tags":null,"twitter_use_og":false,"twitter_card":"default","twitter_image_type":"default","twitter_image_url":null,"twitter_image_custom_url":null,"twitter_image_custom_fields":null,"twitter_title":null,"twitter_description":null,"schema":{"blockGraphs":[],"customGraphs":[],"default":{"data":{"Article":[],"Course":[],"Dataset":[],"FAQPage":[],"Movie":[],"Person":[],"Product":[],"ProductReview":[],"Car":[],"Recipe":[],"Service":[],"SoftwareApplication":[],"WebPage":[]},"graphName":"","isEnabled":true},"graphs":[],"defaultGraph":"","defaultPostTypeGraph":""},"schema_type":null,"schema_type_options":null,"pillar_content":false,"robots_default":true,"robots_noindex":false,"robots_noarchive":false,"robots_nosnippet":false,"robots_nofollow":false,"robots_noimageindex":false,"robots_noodp":false,"robots_notranslate":false,"robots_max_snippet":null,"robots_max_videopreview":null,"robots_max_imagepreview":"large","priority":null,"frequency":null,"location":null,"local_seo":null,"seo_analyzer_scan_date":"2025-09-25 06:28:05","breadcrumb_settings":null,"limit_modified_date":false,"open_ai":null,"ai":null,"created":"2021-03-08 22:02:40","updated":"2025-09-25 06:28:05"},"aioseo_breadcrumb":"<div class=\"aioseo-breadcrumbs\"><span class=\"aioseo-breadcrumb\">\n\t<a href=\"https:\/\/eldigitaldeasturias.com\/magazine365\" title=\"Home\">Home<\/a>\n<\/span><span class=\"aioseo-breadcrumb-separator\">\u2013<\/span><span class=\"aioseo-breadcrumb\">\n\t<a href=\"https:\/\/eldigitaldeasturias.com\/magazine365\/category\/noticias-actualidad\/\" title=\"Noticias y Actualidad\">Noticias y Actualidad<\/a>\n<\/span><span class=\"aioseo-breadcrumb-separator\">\u2013<\/span><span class=\"aioseo-breadcrumb\">\n\t<a href=\"https:\/\/eldigitaldeasturias.com\/magazine365\/bruselas-defiende-servicios-de-blablacar-porque-no-estan-en-competencia-directa-con-el-taxi-como-uber\/\" title=\"Bruselas defiende servicios de BlaBlaCar porque no est\u00e1n en competencia directa con el taxi como Uber\">Bruselas defiende servicios de BlaBlaCar porque no est\u00e1n en competencia directa con el taxi como Uber<\/a>\n<\/span><\/div>","aioseo_breadcrumb_json":[{"label":"Home","link":"https:\/\/eldigitaldeasturias.com\/magazine365"},{"label":"Noticias y Actualidad","link":"https:\/\/eldigitaldeasturias.com\/magazine365\/category\/noticias-actualidad\/"},{"label":"Bruselas defiende servicios de BlaBlaCar porque no est\u00e1n en competencia directa con el taxi como Uber","link":"https:\/\/eldigitaldeasturias.com\/magazine365\/bruselas-defiende-servicios-de-blablacar-porque-no-estan-en-competencia-directa-con-el-taxi-como-uber\/"}],"_links":{"self":[{"href":"https:\/\/eldigitaldeasturias.com\/magazine365\/wp-json\/wp\/v2\/posts\/60208","targetHints":{"allow":["GET"]}}],"collection":[{"href":"https:\/\/eldigitaldeasturias.com\/magazine365\/wp-json\/wp\/v2\/posts"}],"about":[{"href":"https:\/\/eldigitaldeasturias.com\/magazine365\/wp-json\/wp\/v2\/types\/post"}],"author":[{"embeddable":true,"href":"https:\/\/eldigitaldeasturias.com\/magazine365\/wp-json\/wp\/v2\/users\/1"}],"replies":[{"embeddable":true,"href":"https:\/\/eldigitaldeasturias.com\/magazine365\/wp-json\/wp\/v2\/comments?post=60208"}],"version-history":[{"count":0,"href":"https:\/\/eldigitaldeasturias.com\/magazine365\/wp-json\/wp\/v2\/posts\/60208\/revisions"}],"wp:featuredmedia":[{"embeddable":true,"href":"https:\/\/eldigitaldeasturias.com\/magazine365\/wp-json\/wp\/v2\/media\/60209"}],"wp:attachment":[{"href":"https:\/\/eldigitaldeasturias.com\/magazine365\/wp-json\/wp\/v2\/media?parent=60208"}],"wp:term":[{"taxonomy":"category","embeddable":true,"href":"https:\/\/eldigitaldeasturias.com\/magazine365\/wp-json\/wp\/v2\/categories?post=60208"},{"taxonomy":"post_tag","embeddable":true,"href":"https:\/\/eldigitaldeasturias.com\/magazine365\/wp-json\/wp\/v2\/tags?post=60208"}],"curies":[{"name":"wp","href":"https:\/\/api.w.org\/{rel}","templated":true}]}}