{"id":60203,"date":"2016-01-12T00:59:55","date_gmt":"2016-01-11T23:59:55","guid":{"rendered":"http:\/\/eldigitaldeasturias.com\/magazine365\/?p=60203"},"modified":"2016-01-12T00:59:55","modified_gmt":"2016-01-11T23:59:55","slug":"el-trafico-de-pasajeros-entre-los-puertos-de-malaga-y-melilla-aumenta-un-21-a-lo-largo-de-2015","status":"publish","type":"post","link":"https:\/\/eldigitaldeasturias.com\/magazine365\/el-trafico-de-pasajeros-entre-los-puertos-de-malaga-y-melilla-aumenta-un-21-a-lo-largo-de-2015\/","title":{"rendered":"El tr\u00e1fico de pasajeros entre los puertos de M\u00e1laga y Melilla aumenta un 21% a lo largo de 2015"},"content":{"rendered":"<p><img fetchpriority=\"high\" decoding=\"async\" class=\"alignleft size-medium wp-image-60204\" src=\"https:\/\/eldigitaldeasturias.com\/magazine365\/wp-content\/uploads\/2016\/01\/fotonoticia_20160111154123_800-360x240.jpg\" alt=\"fotonoticia_20160111154123_800\" width=\"360\" height=\"240\" srcset=\"https:\/\/eldigitaldeasturias.com\/magazine365\/wp-content\/uploads\/2016\/01\/fotonoticia_20160111154123_800-360x240.jpg 360w, https:\/\/eldigitaldeasturias.com\/magazine365\/wp-content\/uploads\/2016\/01\/fotonoticia_20160111154123_800-650x434.jpg 650w, https:\/\/eldigitaldeasturias.com\/magazine365\/wp-content\/uploads\/2016\/01\/fotonoticia_20160111154123_800-768x513.jpg 768w, https:\/\/eldigitaldeasturias.com\/magazine365\/wp-content\/uploads\/2016\/01\/fotonoticia_20160111154123_800-150x100.jpg 150w, https:\/\/eldigitaldeasturias.com\/magazine365\/wp-content\/uploads\/2016\/01\/fotonoticia_20160111154123_800-450x300.jpg 450w, https:\/\/eldigitaldeasturias.com\/magazine365\/wp-content\/uploads\/2016\/01\/fotonoticia_20160111154123_800-696x465.jpg 696w, https:\/\/eldigitaldeasturias.com\/magazine365\/wp-content\/uploads\/2016\/01\/fotonoticia_20160111154123_800-629x420.jpg 629w, https:\/\/eldigitaldeasturias.com\/magazine365\/wp-content\/uploads\/2016\/01\/fotonoticia_20160111154123_800-101x66.jpg 101w, https:\/\/eldigitaldeasturias.com\/magazine365\/wp-content\/uploads\/2016\/01\/fotonoticia_20160111154123_800.jpg 800w\" sizes=\"(max-width: 360px) 100vw, 360px\" \/>El tr\u00e1fico de pasajeros entre los puertos de M\u00e1laga y Melilla ha alcanzado, al finalizar 2015, los 260.990 pasajeros, una cifra que representa un ascenso del 21,68 por ciento respecto al a\u00f1o anterior.<\/p>\n<p>De igual forma, los veh\u00edculos en r\u00e9gimen de pasaje &#8211;autom\u00f3viles que acompa\u00f1an a pasajeros en sus desplazamientos&#8211; han llegado a alcanzar las 32.824 unidades, aumentando un 23,5 por ciento en relaci\u00f3n a 2014.<\/p>\n<p>Estos aumentos se traducen como una recuperaci\u00f3n del tr\u00e1fico en el Puerto de M\u00e1laga, logr\u00e1ndose cifras que igualan pr\u00e1cticamente a las del a\u00f1o 2013, seg\u00fan han informado desde la Autoridad Portuaria en un comunicado.<\/p>\n<p>De la misma forma, han se\u00f1alado como causas principales del alza a la incorporaci\u00f3n del buque de alta velocidad a la l\u00ednea en temporada alta, los nuevos horarios de las conexiones y la recuperaci\u00f3n econ\u00f3mica a nivel nacional y europeo.<\/p>\n<p>El registro r\u00e9cord de 2015 se dio en el mes de agosto, cuando pasaron por el puerto 49.869 pasajeros &#8211;20.000 m\u00e1s que en el mismo mes de 2014&#8211; y 8.023 veh\u00edculos en r\u00e9gimen de pasaje &#8211;3.500 m\u00e1s que en el mismo mes de 2014&#8211;. Los meses de verano, entre el 15 de junio y el 15 de septiembre, coincidiendo con la Operaci\u00f3n Paso del Estrecho, son los m\u00e1s \u00e1lgidos para este tr\u00e1fico.<\/p>\n","protected":false},"excerpt":{"rendered":"<p>El tr\u00e1fico de pasajeros entre los puertos de M\u00e1laga y Melilla ha alcanzado, al finalizar 2015, los 260.990 pasajeros, una cifra que representa un ascenso del 21,68 por ciento respecto al a\u00f1o anterior. De igual forma, los veh\u00edculos en r\u00e9gimen de pasaje &#8211;autom\u00f3viles que acompa\u00f1an a pasajeros en sus desplazamientos&#8211; han llegado a alcanzar las<\/p>\n","protected":false},"author":1,"featured_media":60204,"comment_status":"open","ping_status":"closed","sticky":false,"template":"","format":"standard","meta":{"footnotes":""},"categories":[224],"tags":[],"class_list":{"0":"post-60203","1":"post","2":"type-post","3":"status-publish","4":"format-standard","5":"has-post-thumbnail","7":"category-noticias-actualidad"},"aioseo_notices":[],"aioseo_head":"\n\t\t<!-- All in One SEO Pro 4.9.6.1 - aioseo.com -->\n\t<meta name=\"description\" content=\"El tr\u00e1fico de pasajeros entre los puertos de M\u00e1laga y Melilla ha alcanzado, al finalizar 2015, los 260.990 pasajeros, una cifra que representa un ascenso del 21,68 por ciento respecto al a\u00f1o anterior. De igual forma, los veh\u00edculos en r\u00e9gimen de pasaje --autom\u00f3viles que acompa\u00f1an a pasajeros en sus desplazamientos-- han llegado a alcanzar las\" \/>\n\t<meta name=\"robots\" content=\"max-image-preview:large\" \/>\n\t<meta name=\"author\" content=\"admin\"\/>\n\t<meta name=\"google-site-verification\" content=\"UA-38556648-1\" \/>\n\t<meta name=\"keywords\" content=\"noticias y actualidad\" \/>\n\t<link rel=\"canonical\" href=\"https:\/\/eldigitaldeasturias.com\/magazine365\/el-trafico-de-pasajeros-entre-los-puertos-de-malaga-y-melilla-aumenta-un-21-a-lo-largo-de-2015\/\" \/>\n\t<meta name=\"generator\" content=\"All in One SEO Pro (AIOSEO) 4.9.6.1\" \/>\n\t\t<meta property=\"og:locale\" content=\"es_ES\" \/>\n\t\t<meta property=\"og:site_name\" content=\"El Digital de Asturias \u2013 Revista de ocio, turismo y estilo de vida\" \/>\n\t\t<meta property=\"og:type\" content=\"article\" \/>\n\t\t<meta property=\"og:title\" content=\"El tr\u00e1fico de pasajeros entre los puertos de M\u00e1laga y Melilla aumenta un 21% a lo largo de 2015 | El Digital de Asturias\" \/>\n\t\t<meta property=\"og:description\" content=\"El tr\u00e1fico de pasajeros entre los puertos de M\u00e1laga y Melilla ha alcanzado, al finalizar 2015, los 260.990 pasajeros, una cifra que representa un ascenso del 21,68 por ciento respecto al a\u00f1o anterior. De igual forma, los veh\u00edculos en r\u00e9gimen de pasaje --autom\u00f3viles que acompa\u00f1an a pasajeros en sus desplazamientos-- han llegado a alcanzar las\" \/>\n\t\t<meta property=\"og:url\" content=\"https:\/\/eldigitaldeasturias.com\/magazine365\/el-trafico-de-pasajeros-entre-los-puertos-de-malaga-y-melilla-aumenta-un-21-a-lo-largo-de-2015\/\" \/>\n\t\t<meta property=\"og:image\" content=\"https:\/\/eldigitaldeasturias.com\/magazine365\/wp-content\/uploads\/2016\/01\/fotonoticia_20160111154123_800.jpg\" \/>\n\t\t<meta property=\"og:image:secure_url\" content=\"https:\/\/eldigitaldeasturias.com\/magazine365\/wp-content\/uploads\/2016\/01\/fotonoticia_20160111154123_800.jpg\" \/>\n\t\t<meta property=\"og:image:width\" content=\"800\" \/>\n\t\t<meta property=\"og:image:height\" content=\"534\" \/>\n\t\t<meta property=\"article:published_time\" content=\"2016-01-11T23:59:55+00:00\" \/>\n\t\t<meta property=\"article:modified_time\" content=\"2016-01-11T23:59:55+00:00\" \/>\n\t\t<meta name=\"twitter:card\" content=\"summary_large_image\" \/>\n\t\t<meta name=\"twitter:title\" content=\"El tr\u00e1fico de pasajeros entre los puertos de M\u00e1laga y Melilla aumenta un 21% a lo largo de 2015 | El Digital de Asturias\" \/>\n\t\t<meta name=\"twitter:description\" content=\"El tr\u00e1fico de pasajeros entre los puertos de M\u00e1laga y Melilla ha alcanzado, al finalizar 2015, los 260.990 pasajeros, una cifra que representa un ascenso del 21,68 por ciento respecto al a\u00f1o anterior. De igual forma, los veh\u00edculos en r\u00e9gimen de pasaje --autom\u00f3viles que acompa\u00f1an a pasajeros en sus desplazamientos-- han llegado a alcanzar las\" \/>\n\t\t<meta name=\"twitter:image\" content=\"https:\/\/eldigitaldeasturias.com\/magazine365\/wp-content\/uploads\/2016\/01\/fotonoticia_20160111154123_800.jpg\" \/>\n\t\t<script type=\"application\/ld+json\" class=\"aioseo-schema\">\n\t\t\t{\"@context\":\"https:\\\/\\\/schema.org\",\"@graph\":[{\"@type\":\"Article\",\"@id\":\"https:\\\/\\\/eldigitaldeasturias.com\\\/magazine365\\\/el-trafico-de-pasajeros-entre-los-puertos-de-malaga-y-melilla-aumenta-un-21-a-lo-largo-de-2015\\\/#article\",\"name\":\"El tr\\u00e1fico de pasajeros entre los puertos de M\\u00e1laga y Melilla aumenta un 21% a lo largo de 2015 | El Digital de Asturias\",\"headline\":\"El tr\\u00e1fico de pasajeros entre los puertos de M\\u00e1laga y Melilla aumenta un 21% a lo largo de 2015\",\"author\":{\"@id\":\"https:\\\/\\\/eldigitaldeasturias.com\\\/magazine365\\\/author\\\/admin\\\/#author\"},\"publisher\":{\"@id\":\"https:\\\/\\\/eldigitaldeasturias.com\\\/magazine365\\\/#organization\"},\"image\":{\"@type\":\"ImageObject\",\"url\":\"https:\\\/\\\/eldigitaldeasturias.com\\\/magazine365\\\/wp-content\\\/uploads\\\/2016\\\/01\\\/fotonoticia_20160111154123_800.jpg\",\"width\":800,\"height\":534},\"datePublished\":\"2016-01-12T00:59:55+01:00\",\"dateModified\":\"2016-01-12T00:59:55+01:00\",\"inLanguage\":\"es-ES\",\"mainEntityOfPage\":{\"@id\":\"https:\\\/\\\/eldigitaldeasturias.com\\\/magazine365\\\/el-trafico-de-pasajeros-entre-los-puertos-de-malaga-y-melilla-aumenta-un-21-a-lo-largo-de-2015\\\/#webpage\"},\"isPartOf\":{\"@id\":\"https:\\\/\\\/eldigitaldeasturias.com\\\/magazine365\\\/el-trafico-de-pasajeros-entre-los-puertos-de-malaga-y-melilla-aumenta-un-21-a-lo-largo-de-2015\\\/#webpage\"},\"articleSection\":\"Noticias y Actualidad\"},{\"@type\":\"BreadcrumbList\",\"@id\":\"https:\\\/\\\/eldigitaldeasturias.com\\\/magazine365\\\/el-trafico-de-pasajeros-entre-los-puertos-de-malaga-y-melilla-aumenta-un-21-a-lo-largo-de-2015\\\/#breadcrumblist\",\"itemListElement\":[{\"@type\":\"ListItem\",\"@id\":\"https:\\\/\\\/eldigitaldeasturias.com\\\/magazine365#listItem\",\"position\":1,\"name\":\"Home\",\"item\":\"https:\\\/\\\/eldigitaldeasturias.com\\\/magazine365\",\"nextItem\":{\"@type\":\"ListItem\",\"@id\":\"https:\\\/\\\/eldigitaldeasturias.com\\\/magazine365\\\/category\\\/noticias-actualidad\\\/#listItem\",\"name\":\"Noticias y Actualidad\"}},{\"@type\":\"ListItem\",\"@id\":\"https:\\\/\\\/eldigitaldeasturias.com\\\/magazine365\\\/category\\\/noticias-actualidad\\\/#listItem\",\"position\":2,\"name\":\"Noticias y Actualidad\",\"item\":\"https:\\\/\\\/eldigitaldeasturias.com\\\/magazine365\\\/category\\\/noticias-actualidad\\\/\",\"nextItem\":{\"@type\":\"ListItem\",\"@id\":\"https:\\\/\\\/eldigitaldeasturias.com\\\/magazine365\\\/el-trafico-de-pasajeros-entre-los-puertos-de-malaga-y-melilla-aumenta-un-21-a-lo-largo-de-2015\\\/#listItem\",\"name\":\"El tr\\u00e1fico de pasajeros entre los puertos de M\\u00e1laga y Melilla aumenta un 21% a lo largo de 2015\"},\"previousItem\":{\"@type\":\"ListItem\",\"@id\":\"https:\\\/\\\/eldigitaldeasturias.com\\\/magazine365#listItem\",\"name\":\"Home\"}},{\"@type\":\"ListItem\",\"@id\":\"https:\\\/\\\/eldigitaldeasturias.com\\\/magazine365\\\/el-trafico-de-pasajeros-entre-los-puertos-de-malaga-y-melilla-aumenta-un-21-a-lo-largo-de-2015\\\/#listItem\",\"position\":3,\"name\":\"El tr\\u00e1fico de pasajeros entre los puertos de M\\u00e1laga y Melilla aumenta un 21% a lo largo de 2015\",\"previousItem\":{\"@type\":\"ListItem\",\"@id\":\"https:\\\/\\\/eldigitaldeasturias.com\\\/magazine365\\\/category\\\/noticias-actualidad\\\/#listItem\",\"name\":\"Noticias y Actualidad\"}}]},{\"@type\":\"Organization\",\"@id\":\"https:\\\/\\\/eldigitaldeasturias.com\\\/magazine365\\\/#organization\",\"name\":\"El digital de Asturias\",\"description\":\"Revista de ocio, turismo y estilo de vida\",\"url\":\"https:\\\/\\\/eldigitaldeasturias.com\\\/magazine365\\\/\",\"logo\":{\"@type\":\"ImageObject\",\"url\":\"https:\\\/\\\/www.eldigitaldeasturias.com\\\/noticias\\\/wp-content\\\/uploads\\\/2020\\\/12\\\/EDA.jpg\",\"@id\":\"https:\\\/\\\/eldigitaldeasturias.com\\\/magazine365\\\/el-trafico-de-pasajeros-entre-los-puertos-de-malaga-y-melilla-aumenta-un-21-a-lo-largo-de-2015\\\/#organizationLogo\"},\"image\":{\"@id\":\"https:\\\/\\\/eldigitaldeasturias.com\\\/magazine365\\\/el-trafico-de-pasajeros-entre-los-puertos-de-malaga-y-melilla-aumenta-un-21-a-lo-largo-de-2015\\\/#organizationLogo\"}},{\"@type\":\"Person\",\"@id\":\"https:\\\/\\\/eldigitaldeasturias.com\\\/magazine365\\\/author\\\/admin\\\/#author\",\"url\":\"https:\\\/\\\/eldigitaldeasturias.com\\\/magazine365\\\/author\\\/admin\\\/\",\"name\":\"admin\",\"image\":{\"@type\":\"ImageObject\",\"@id\":\"https:\\\/\\\/eldigitaldeasturias.com\\\/magazine365\\\/el-trafico-de-pasajeros-entre-los-puertos-de-malaga-y-melilla-aumenta-un-21-a-lo-largo-de-2015\\\/#authorImage\",\"url\":\"https:\\\/\\\/eldigitaldeasturias.com\\\/magazine365\\\/wp-content\\\/litespeed\\\/avatar\\\/e571bcf59a0edd6fa6838245a470f2fe.jpg?ver=1777574230\",\"width\":96,\"height\":96,\"caption\":\"admin\"}},{\"@type\":\"WebPage\",\"@id\":\"https:\\\/\\\/eldigitaldeasturias.com\\\/magazine365\\\/el-trafico-de-pasajeros-entre-los-puertos-de-malaga-y-melilla-aumenta-un-21-a-lo-largo-de-2015\\\/#webpage\",\"url\":\"https:\\\/\\\/eldigitaldeasturias.com\\\/magazine365\\\/el-trafico-de-pasajeros-entre-los-puertos-de-malaga-y-melilla-aumenta-un-21-a-lo-largo-de-2015\\\/\",\"name\":\"El tr\\u00e1fico de pasajeros entre los puertos de M\\u00e1laga y Melilla aumenta un 21% a lo largo de 2015 | El Digital de Asturias\",\"description\":\"El tr\\u00e1fico de pasajeros entre los puertos de M\\u00e1laga y Melilla ha alcanzado, al finalizar 2015, los 260.990 pasajeros, una cifra que representa un ascenso del 21,68 por ciento respecto al a\\u00f1o anterior. De igual forma, los veh\\u00edculos en r\\u00e9gimen de pasaje --autom\\u00f3viles que acompa\\u00f1an a pasajeros en sus desplazamientos-- han llegado a alcanzar las\",\"inLanguage\":\"es-ES\",\"isPartOf\":{\"@id\":\"https:\\\/\\\/eldigitaldeasturias.com\\\/magazine365\\\/#website\"},\"breadcrumb\":{\"@id\":\"https:\\\/\\\/eldigitaldeasturias.com\\\/magazine365\\\/el-trafico-de-pasajeros-entre-los-puertos-de-malaga-y-melilla-aumenta-un-21-a-lo-largo-de-2015\\\/#breadcrumblist\"},\"author\":{\"@id\":\"https:\\\/\\\/eldigitaldeasturias.com\\\/magazine365\\\/author\\\/admin\\\/#author\"},\"creator\":{\"@id\":\"https:\\\/\\\/eldigitaldeasturias.com\\\/magazine365\\\/author\\\/admin\\\/#author\"},\"image\":{\"@type\":\"ImageObject\",\"url\":\"https:\\\/\\\/eldigitaldeasturias.com\\\/magazine365\\\/wp-content\\\/uploads\\\/2016\\\/01\\\/fotonoticia_20160111154123_800.jpg\",\"@id\":\"https:\\\/\\\/eldigitaldeasturias.com\\\/magazine365\\\/el-trafico-de-pasajeros-entre-los-puertos-de-malaga-y-melilla-aumenta-un-21-a-lo-largo-de-2015\\\/#mainImage\",\"width\":800,\"height\":534},\"primaryImageOfPage\":{\"@id\":\"https:\\\/\\\/eldigitaldeasturias.com\\\/magazine365\\\/el-trafico-de-pasajeros-entre-los-puertos-de-malaga-y-melilla-aumenta-un-21-a-lo-largo-de-2015\\\/#mainImage\"},\"datePublished\":\"2016-01-12T00:59:55+01:00\",\"dateModified\":\"2016-01-12T00:59:55+01:00\"},{\"@type\":\"WebSite\",\"@id\":\"https:\\\/\\\/eldigitaldeasturias.com\\\/magazine365\\\/#website\",\"url\":\"https:\\\/\\\/eldigitaldeasturias.com\\\/magazine365\\\/\",\"name\":\"El Digital de Asturias\",\"description\":\"Revista de ocio, turismo y estilo de vida\",\"inLanguage\":\"es-ES\",\"publisher\":{\"@id\":\"https:\\\/\\\/eldigitaldeasturias.com\\\/magazine365\\\/#organization\"}}]}\n\t\t<\/script>\n\t\t<!-- All in One SEO Pro -->\r\n\t\t<title>El tr\u00e1fico de pasajeros entre los puertos de M\u00e1laga y Melilla aumenta un 21% a lo largo de 2015 | El Digital de Asturias<\/title>\n\n","aioseo_head_json":{"title":"El tr\u00e1fico de pasajeros entre los puertos de M\u00e1laga y Melilla aumenta un 21% a lo largo de 2015 | El Digital de Asturias","description":"El tr\u00e1fico de pasajeros entre los puertos de M\u00e1laga y Melilla ha alcanzado, al finalizar 2015, los 260.990 pasajeros, una cifra que representa un ascenso del 21,68 por ciento respecto al a\u00f1o anterior. De igual forma, los veh\u00edculos en r\u00e9gimen de pasaje --autom\u00f3viles que acompa\u00f1an a pasajeros en sus desplazamientos-- han llegado a alcanzar las","canonical_url":"https:\/\/eldigitaldeasturias.com\/magazine365\/el-trafico-de-pasajeros-entre-los-puertos-de-malaga-y-melilla-aumenta-un-21-a-lo-largo-de-2015\/","robots":"max-image-preview:large","keywords":"noticias y actualidad","webmasterTools":{"google-site-verification":"UA-38556648-1","miscellaneous":""},"schema":{"@context":"https:\/\/schema.org","@graph":[{"@type":"Article","@id":"https:\/\/eldigitaldeasturias.com\/magazine365\/el-trafico-de-pasajeros-entre-los-puertos-de-malaga-y-melilla-aumenta-un-21-a-lo-largo-de-2015\/#article","name":"El tr\u00e1fico de pasajeros entre los puertos de M\u00e1laga y Melilla aumenta un 21% a lo largo de 2015 | El Digital de Asturias","headline":"El tr\u00e1fico de pasajeros entre los puertos de M\u00e1laga y Melilla aumenta un 21% a lo largo de 2015","author":{"@id":"https:\/\/eldigitaldeasturias.com\/magazine365\/author\/admin\/#author"},"publisher":{"@id":"https:\/\/eldigitaldeasturias.com\/magazine365\/#organization"},"image":{"@type":"ImageObject","url":"https:\/\/eldigitaldeasturias.com\/magazine365\/wp-content\/uploads\/2016\/01\/fotonoticia_20160111154123_800.jpg","width":800,"height":534},"datePublished":"2016-01-12T00:59:55+01:00","dateModified":"2016-01-12T00:59:55+01:00","inLanguage":"es-ES","mainEntityOfPage":{"@id":"https:\/\/eldigitaldeasturias.com\/magazine365\/el-trafico-de-pasajeros-entre-los-puertos-de-malaga-y-melilla-aumenta-un-21-a-lo-largo-de-2015\/#webpage"},"isPartOf":{"@id":"https:\/\/eldigitaldeasturias.com\/magazine365\/el-trafico-de-pasajeros-entre-los-puertos-de-malaga-y-melilla-aumenta-un-21-a-lo-largo-de-2015\/#webpage"},"articleSection":"Noticias y Actualidad"},{"@type":"BreadcrumbList","@id":"https:\/\/eldigitaldeasturias.com\/magazine365\/el-trafico-de-pasajeros-entre-los-puertos-de-malaga-y-melilla-aumenta-un-21-a-lo-largo-de-2015\/#breadcrumblist","itemListElement":[{"@type":"ListItem","@id":"https:\/\/eldigitaldeasturias.com\/magazine365#listItem","position":1,"name":"Home","item":"https:\/\/eldigitaldeasturias.com\/magazine365","nextItem":{"@type":"ListItem","@id":"https:\/\/eldigitaldeasturias.com\/magazine365\/category\/noticias-actualidad\/#listItem","name":"Noticias y Actualidad"}},{"@type":"ListItem","@id":"https:\/\/eldigitaldeasturias.com\/magazine365\/category\/noticias-actualidad\/#listItem","position":2,"name":"Noticias y Actualidad","item":"https:\/\/eldigitaldeasturias.com\/magazine365\/category\/noticias-actualidad\/","nextItem":{"@type":"ListItem","@id":"https:\/\/eldigitaldeasturias.com\/magazine365\/el-trafico-de-pasajeros-entre-los-puertos-de-malaga-y-melilla-aumenta-un-21-a-lo-largo-de-2015\/#listItem","name":"El tr\u00e1fico de pasajeros entre los puertos de M\u00e1laga y Melilla aumenta un 21% a lo largo de 2015"},"previousItem":{"@type":"ListItem","@id":"https:\/\/eldigitaldeasturias.com\/magazine365#listItem","name":"Home"}},{"@type":"ListItem","@id":"https:\/\/eldigitaldeasturias.com\/magazine365\/el-trafico-de-pasajeros-entre-los-puertos-de-malaga-y-melilla-aumenta-un-21-a-lo-largo-de-2015\/#listItem","position":3,"name":"El tr\u00e1fico de pasajeros entre los puertos de M\u00e1laga y Melilla aumenta un 21% a lo largo de 2015","previousItem":{"@type":"ListItem","@id":"https:\/\/eldigitaldeasturias.com\/magazine365\/category\/noticias-actualidad\/#listItem","name":"Noticias y Actualidad"}}]},{"@type":"Organization","@id":"https:\/\/eldigitaldeasturias.com\/magazine365\/#organization","name":"El digital de Asturias","description":"Revista de ocio, turismo y estilo de vida","url":"https:\/\/eldigitaldeasturias.com\/magazine365\/","logo":{"@type":"ImageObject","url":"https:\/\/www.eldigitaldeasturias.com\/noticias\/wp-content\/uploads\/2020\/12\/EDA.jpg","@id":"https:\/\/eldigitaldeasturias.com\/magazine365\/el-trafico-de-pasajeros-entre-los-puertos-de-malaga-y-melilla-aumenta-un-21-a-lo-largo-de-2015\/#organizationLogo"},"image":{"@id":"https:\/\/eldigitaldeasturias.com\/magazine365\/el-trafico-de-pasajeros-entre-los-puertos-de-malaga-y-melilla-aumenta-un-21-a-lo-largo-de-2015\/#organizationLogo"}},{"@type":"Person","@id":"https:\/\/eldigitaldeasturias.com\/magazine365\/author\/admin\/#author","url":"https:\/\/eldigitaldeasturias.com\/magazine365\/author\/admin\/","name":"admin","image":{"@type":"ImageObject","@id":"https:\/\/eldigitaldeasturias.com\/magazine365\/el-trafico-de-pasajeros-entre-los-puertos-de-malaga-y-melilla-aumenta-un-21-a-lo-largo-de-2015\/#authorImage","url":"https:\/\/eldigitaldeasturias.com\/magazine365\/wp-content\/litespeed\/avatar\/e571bcf59a0edd6fa6838245a470f2fe.jpg?ver=1777574230","width":96,"height":96,"caption":"admin"}},{"@type":"WebPage","@id":"https:\/\/eldigitaldeasturias.com\/magazine365\/el-trafico-de-pasajeros-entre-los-puertos-de-malaga-y-melilla-aumenta-un-21-a-lo-largo-de-2015\/#webpage","url":"https:\/\/eldigitaldeasturias.com\/magazine365\/el-trafico-de-pasajeros-entre-los-puertos-de-malaga-y-melilla-aumenta-un-21-a-lo-largo-de-2015\/","name":"El tr\u00e1fico de pasajeros entre los puertos de M\u00e1laga y Melilla aumenta un 21% a lo largo de 2015 | El Digital de Asturias","description":"El tr\u00e1fico de pasajeros entre los puertos de M\u00e1laga y Melilla ha alcanzado, al finalizar 2015, los 260.990 pasajeros, una cifra que representa un ascenso del 21,68 por ciento respecto al a\u00f1o anterior. De igual forma, los veh\u00edculos en r\u00e9gimen de pasaje --autom\u00f3viles que acompa\u00f1an a pasajeros en sus desplazamientos-- han llegado a alcanzar las","inLanguage":"es-ES","isPartOf":{"@id":"https:\/\/eldigitaldeasturias.com\/magazine365\/#website"},"breadcrumb":{"@id":"https:\/\/eldigitaldeasturias.com\/magazine365\/el-trafico-de-pasajeros-entre-los-puertos-de-malaga-y-melilla-aumenta-un-21-a-lo-largo-de-2015\/#breadcrumblist"},"author":{"@id":"https:\/\/eldigitaldeasturias.com\/magazine365\/author\/admin\/#author"},"creator":{"@id":"https:\/\/eldigitaldeasturias.com\/magazine365\/author\/admin\/#author"},"image":{"@type":"ImageObject","url":"https:\/\/eldigitaldeasturias.com\/magazine365\/wp-content\/uploads\/2016\/01\/fotonoticia_20160111154123_800.jpg","@id":"https:\/\/eldigitaldeasturias.com\/magazine365\/el-trafico-de-pasajeros-entre-los-puertos-de-malaga-y-melilla-aumenta-un-21-a-lo-largo-de-2015\/#mainImage","width":800,"height":534},"primaryImageOfPage":{"@id":"https:\/\/eldigitaldeasturias.com\/magazine365\/el-trafico-de-pasajeros-entre-los-puertos-de-malaga-y-melilla-aumenta-un-21-a-lo-largo-de-2015\/#mainImage"},"datePublished":"2016-01-12T00:59:55+01:00","dateModified":"2016-01-12T00:59:55+01:00"},{"@type":"WebSite","@id":"https:\/\/eldigitaldeasturias.com\/magazine365\/#website","url":"https:\/\/eldigitaldeasturias.com\/magazine365\/","name":"El Digital de Asturias","description":"Revista de ocio, turismo y estilo de vida","inLanguage":"es-ES","publisher":{"@id":"https:\/\/eldigitaldeasturias.com\/magazine365\/#organization"}}]},"og:locale":"es_ES","og:site_name":"El Digital de Asturias \u2013 Revista de ocio, turismo y estilo de vida","og:type":"article","og:title":"El tr\u00e1fico de pasajeros entre los puertos de M\u00e1laga y Melilla aumenta un 21% a lo largo de 2015 | El Digital de Asturias","og:description":"El tr\u00e1fico de pasajeros entre los puertos de M\u00e1laga y Melilla ha alcanzado, al finalizar 2015, los 260.990 pasajeros, una cifra que representa un ascenso del 21,68 por ciento respecto al a\u00f1o anterior. De igual forma, los veh\u00edculos en r\u00e9gimen de pasaje --autom\u00f3viles que acompa\u00f1an a pasajeros en sus desplazamientos-- han llegado a alcanzar las","og:url":"https:\/\/eldigitaldeasturias.com\/magazine365\/el-trafico-de-pasajeros-entre-los-puertos-de-malaga-y-melilla-aumenta-un-21-a-lo-largo-de-2015\/","og:image":"https:\/\/eldigitaldeasturias.com\/magazine365\/wp-content\/uploads\/2016\/01\/fotonoticia_20160111154123_800.jpg","og:image:secure_url":"https:\/\/eldigitaldeasturias.com\/magazine365\/wp-content\/uploads\/2016\/01\/fotonoticia_20160111154123_800.jpg","og:image:width":800,"og:image:height":534,"article:published_time":"2016-01-11T23:59:55+00:00","article:modified_time":"2016-01-11T23:59:55+00:00","twitter:card":"summary_large_image","twitter:title":"El tr\u00e1fico de pasajeros entre los puertos de M\u00e1laga y Melilla aumenta un 21% a lo largo de 2015 | El Digital de Asturias","twitter:description":"El tr\u00e1fico de pasajeros entre los puertos de M\u00e1laga y Melilla ha alcanzado, al finalizar 2015, los 260.990 pasajeros, una cifra que representa un ascenso del 21,68 por ciento respecto al a\u00f1o anterior. De igual forma, los veh\u00edculos en r\u00e9gimen de pasaje --autom\u00f3viles que acompa\u00f1an a pasajeros en sus desplazamientos-- han llegado a alcanzar las","twitter:image":"https:\/\/eldigitaldeasturias.com\/magazine365\/wp-content\/uploads\/2016\/01\/fotonoticia_20160111154123_800.jpg"},"aioseo_meta_data":{"post_id":"60203","title":null,"description":null,"keywords":null,"keyphrases":null,"primary_term":null,"canonical_url":null,"og_title":null,"og_description":null,"og_object_type":"default","og_image_type":"default","og_image_url":null,"og_image_width":null,"og_image_height":null,"og_image_custom_url":null,"og_image_custom_fields":null,"og_video":null,"og_custom_url":null,"og_article_section":null,"og_article_tags":null,"twitter_use_og":false,"twitter_card":"default","twitter_image_type":"default","twitter_image_url":null,"twitter_image_custom_url":null,"twitter_image_custom_fields":null,"twitter_title":null,"twitter_description":null,"schema":{"blockGraphs":[],"customGraphs":[],"default":{"data":{"Article":[],"Course":[],"Dataset":[],"FAQPage":[],"Movie":[],"Person":[],"Product":[],"ProductReview":[],"Car":[],"Recipe":[],"Service":[],"SoftwareApplication":[],"WebPage":[]},"graphName":"","isEnabled":true},"graphs":[],"defaultGraph":"","defaultPostTypeGraph":""},"schema_type":null,"schema_type_options":null,"pillar_content":false,"robots_default":true,"robots_noindex":false,"robots_noarchive":false,"robots_nosnippet":false,"robots_nofollow":false,"robots_noimageindex":false,"robots_noodp":false,"robots_notranslate":false,"robots_max_snippet":null,"robots_max_videopreview":null,"robots_max_imagepreview":"large","priority":null,"frequency":null,"location":null,"local_seo":null,"seo_analyzer_scan_date":"2025-09-25 06:26:17","breadcrumb_settings":null,"limit_modified_date":false,"open_ai":null,"ai":null,"created":"2021-03-08 22:02:40","updated":"2025-09-25 06:26:17"},"aioseo_breadcrumb":"<div class=\"aioseo-breadcrumbs\"><span class=\"aioseo-breadcrumb\">\n\t<a href=\"https:\/\/eldigitaldeasturias.com\/magazine365\" title=\"Home\">Home<\/a>\n<\/span><span class=\"aioseo-breadcrumb-separator\">\u2013<\/span><span class=\"aioseo-breadcrumb\">\n\t<a href=\"https:\/\/eldigitaldeasturias.com\/magazine365\/category\/noticias-actualidad\/\" title=\"Noticias y Actualidad\">Noticias y Actualidad<\/a>\n<\/span><span class=\"aioseo-breadcrumb-separator\">\u2013<\/span><span class=\"aioseo-breadcrumb\">\n\t<a href=\"https:\/\/eldigitaldeasturias.com\/magazine365\/el-trafico-de-pasajeros-entre-los-puertos-de-malaga-y-melilla-aumenta-un-21-a-lo-largo-de-2015\/\" title=\"El tr\u00e1fico de pasajeros entre los puertos de M\u00e1laga y Melilla aumenta un 21% a lo largo de 2015\">El tr\u00e1fico de pasajeros entre los puertos de M\u00e1laga y Melilla aumenta un 21% a lo largo de 2015<\/a>\n<\/span><\/div>","aioseo_breadcrumb_json":[{"label":"Home","link":"https:\/\/eldigitaldeasturias.com\/magazine365"},{"label":"Noticias y Actualidad","link":"https:\/\/eldigitaldeasturias.com\/magazine365\/category\/noticias-actualidad\/"},{"label":"El tr\u00e1fico de pasajeros entre los puertos de M\u00e1laga y Melilla aumenta un 21% a lo largo de 2015","link":"https:\/\/eldigitaldeasturias.com\/magazine365\/el-trafico-de-pasajeros-entre-los-puertos-de-malaga-y-melilla-aumenta-un-21-a-lo-largo-de-2015\/"}],"_links":{"self":[{"href":"https:\/\/eldigitaldeasturias.com\/magazine365\/wp-json\/wp\/v2\/posts\/60203","targetHints":{"allow":["GET"]}}],"collection":[{"href":"https:\/\/eldigitaldeasturias.com\/magazine365\/wp-json\/wp\/v2\/posts"}],"about":[{"href":"https:\/\/eldigitaldeasturias.com\/magazine365\/wp-json\/wp\/v2\/types\/post"}],"author":[{"embeddable":true,"href":"https:\/\/eldigitaldeasturias.com\/magazine365\/wp-json\/wp\/v2\/users\/1"}],"replies":[{"embeddable":true,"href":"https:\/\/eldigitaldeasturias.com\/magazine365\/wp-json\/wp\/v2\/comments?post=60203"}],"version-history":[{"count":0,"href":"https:\/\/eldigitaldeasturias.com\/magazine365\/wp-json\/wp\/v2\/posts\/60203\/revisions"}],"wp:featuredmedia":[{"embeddable":true,"href":"https:\/\/eldigitaldeasturias.com\/magazine365\/wp-json\/wp\/v2\/media\/60204"}],"wp:attachment":[{"href":"https:\/\/eldigitaldeasturias.com\/magazine365\/wp-json\/wp\/v2\/media?parent=60203"}],"wp:term":[{"taxonomy":"category","embeddable":true,"href":"https:\/\/eldigitaldeasturias.com\/magazine365\/wp-json\/wp\/v2\/categories?post=60203"},{"taxonomy":"post_tag","embeddable":true,"href":"https:\/\/eldigitaldeasturias.com\/magazine365\/wp-json\/wp\/v2\/tags?post=60203"}],"curies":[{"name":"wp","href":"https:\/\/api.w.org\/{rel}","templated":true}]}}