{"id":60191,"date":"2016-01-12T00:55:29","date_gmt":"2016-01-11T23:55:29","guid":{"rendered":"http:\/\/eldigitaldeasturias.com\/magazine365\/?p=60191"},"modified":"2016-01-12T00:55:29","modified_gmt":"2016-01-11T23:55:29","slug":"ferrari-land-se-prepara-para-abrir-junto-a-portaventura-en-2017","status":"publish","type":"post","link":"https:\/\/eldigitaldeasturias.com\/magazine365\/ferrari-land-se-prepara-para-abrir-junto-a-portaventura-en-2017\/","title":{"rendered":"Ferrari Land se prepara para abrir junto a PortAventura en 2017"},"content":{"rendered":"<p><img fetchpriority=\"high\" decoding=\"async\" class=\"alignleft size-medium wp-image-60192\" src=\"https:\/\/eldigitaldeasturias.com\/magazine365\/wp-content\/uploads\/2016\/01\/fotonoticia_20160111144206_800-360x273.jpg\" alt=\"fotonoticia_20160111144206_800\" width=\"360\" height=\"273\" srcset=\"https:\/\/eldigitaldeasturias.com\/magazine365\/wp-content\/uploads\/2016\/01\/fotonoticia_20160111144206_800-360x273.jpg 360w, https:\/\/eldigitaldeasturias.com\/magazine365\/wp-content\/uploads\/2016\/01\/fotonoticia_20160111144206_800-650x493.jpg 650w, https:\/\/eldigitaldeasturias.com\/magazine365\/wp-content\/uploads\/2016\/01\/fotonoticia_20160111144206_800-768x583.jpg 768w, https:\/\/eldigitaldeasturias.com\/magazine365\/wp-content\/uploads\/2016\/01\/fotonoticia_20160111144206_800-150x114.jpg 150w, https:\/\/eldigitaldeasturias.com\/magazine365\/wp-content\/uploads\/2016\/01\/fotonoticia_20160111144206_800-450x341.jpg 450w, https:\/\/eldigitaldeasturias.com\/magazine365\/wp-content\/uploads\/2016\/01\/fotonoticia_20160111144206_800-80x60.jpg 80w, https:\/\/eldigitaldeasturias.com\/magazine365\/wp-content\/uploads\/2016\/01\/fotonoticia_20160111144206_800-696x528.jpg 696w, https:\/\/eldigitaldeasturias.com\/magazine365\/wp-content\/uploads\/2016\/01\/fotonoticia_20160111144206_800-554x420.jpg 554w, https:\/\/eldigitaldeasturias.com\/magazine365\/wp-content\/uploads\/2016\/01\/fotonoticia_20160111144206_800-90x67.jpg 90w, https:\/\/eldigitaldeasturias.com\/magazine365\/wp-content\/uploads\/2016\/01\/fotonoticia_20160111144206_800-164x124.jpg 164w, https:\/\/eldigitaldeasturias.com\/magazine365\/wp-content\/uploads\/2016\/01\/fotonoticia_20160111144206_800-100x75.jpg 100w, https:\/\/eldigitaldeasturias.com\/magazine365\/wp-content\/uploads\/2016\/01\/fotonoticia_20160111144206_800.jpg 800w\" sizes=\"(max-width: 360px) 100vw, 360px\" \/>El parque tem\u00e1tico Ferrari Land sigue avanzando los preparativos para abrir junto a PortAventura coincidiendo con la apertura de la temporada en 2017, han informado a Europa Press fuentes del proyecto, que prev\u00e9n difundir nuevos detalles la pr\u00f3xima semana.<\/p>\n<p>Ferrari Land &#8211;el segundo parque tem\u00e1tico de la automovil\u00edstica tras el de Abu Dhabi&#8211; puso su primera piedra en mayo de 2015 con la previsi\u00f3n de finalizar las obras a finales de 2016 y una inversi\u00f3n de m\u00e1s de 100 millones de euros, y cuando funcione crear\u00e1 150 empleos entre directos e indirectos.<\/p>\n<p>El acto de colocaci\u00f3n de la primera piedra cont\u00f3 con la presencia del entonces presidente de la Generalitat, Artur Mas; el de PortAventura, Arturo Mas-Sard\u00e1; el jefe del equipo Ferrari de F1, Maurizio Arrivabene, y el piloto Sebastian Vettel.<\/p>\n<p>Ferrari Land estar\u00e1 separado del complejo de ocio tarraconense PortAventura, aunque formar\u00e1 parte del &#8216;resort&#8217; junto al parque de atracciones y el parque acu\u00e1tico Costa Caribe, y el tique de entrada se podr\u00e1 comprar s\u00f3lo para Ferrari o combinado con los otros dos parques.<\/p>\n<p>El nuevo complejo ocupar\u00e1 75.000 metros cuadrados junto a la entrada principal de PortAventura, donde se ubica la zona tem\u00e1tica del Mediterr\u00e1neo, se inspirar\u00e1 en Italia e incluir\u00e1 reproducciones de la plaza San Marco de Venecia y el Coliseo de Roma, seg\u00fan las simulaciones mostradas entonces, adem\u00e1s de edificios ic\u00f3nicos de Maranello, ciudad sede de Ferrari.<\/p>\n<p>Quiere atraer a p\u00fablico familiar y aficionados de la F1 de toda Europa con sus instalaciones, que incluir\u00e1n tiendas y restaurantes, y tambi\u00e9n contar\u00e1 con atracciones vinculadas a la conducci\u00f3n y simuladores de F1 de \u00faltima tecnolog\u00eda.<\/p>\n<p>Su atracci\u00f3n estrella ser\u00e1 un acelerador vertical de 112 metros que superar\u00e1 a Shambhala (76 metros) como la monta\u00f1a rusa m\u00e1s alta de Europa; llegar\u00e1 a los 180 kil\u00f3metros por hora en cinco segundos y tendr\u00e1 una ca\u00edda en picado con inclinaci\u00f3n m\u00e1xima de 90 grados.<\/p>\n","protected":false},"excerpt":{"rendered":"<p>El parque tem\u00e1tico Ferrari Land sigue avanzando los preparativos para abrir junto a PortAventura coincidiendo con la apertura de la temporada en 2017, han informado a Europa Press fuentes del proyecto, que prev\u00e9n difundir nuevos detalles la pr\u00f3xima semana. Ferrari Land &#8211;el segundo parque tem\u00e1tico de la automovil\u00edstica tras el de Abu Dhabi&#8211; puso su<\/p>\n","protected":false},"author":1,"featured_media":60192,"comment_status":"open","ping_status":"closed","sticky":false,"template":"","format":"standard","meta":{"footnotes":""},"categories":[224],"tags":[],"class_list":{"0":"post-60191","1":"post","2":"type-post","3":"status-publish","4":"format-standard","5":"has-post-thumbnail","7":"category-noticias-actualidad"},"aioseo_notices":[],"aioseo_head":"\n\t\t<!-- All in One SEO Pro 4.9.6.1 - aioseo.com -->\n\t<meta name=\"description\" content=\"El parque tem\u00e1tico Ferrari Land sigue avanzando los preparativos para abrir junto a PortAventura coincidiendo con la apertura de la temporada en 2017, han informado a Europa Press fuentes del proyecto, que prev\u00e9n difundir nuevos detalles la pr\u00f3xima semana. Ferrari Land --el segundo parque tem\u00e1tico de la automovil\u00edstica tras el de Abu Dhabi-- puso su\" \/>\n\t<meta name=\"robots\" content=\"max-image-preview:large\" \/>\n\t<meta name=\"author\" content=\"admin\"\/>\n\t<meta name=\"google-site-verification\" content=\"UA-38556648-1\" \/>\n\t<meta name=\"keywords\" content=\"noticias y actualidad\" \/>\n\t<link rel=\"canonical\" href=\"https:\/\/eldigitaldeasturias.com\/magazine365\/ferrari-land-se-prepara-para-abrir-junto-a-portaventura-en-2017\/\" \/>\n\t<meta name=\"generator\" content=\"All in One SEO Pro (AIOSEO) 4.9.6.1\" \/>\n\t\t<meta property=\"og:locale\" content=\"es_ES\" \/>\n\t\t<meta property=\"og:site_name\" content=\"El Digital de Asturias \u2013 Revista de ocio, turismo y estilo de vida\" \/>\n\t\t<meta property=\"og:type\" content=\"article\" \/>\n\t\t<meta property=\"og:title\" content=\"Ferrari Land se prepara para abrir junto a PortAventura en 2017 | El Digital de Asturias\" \/>\n\t\t<meta property=\"og:description\" content=\"El parque tem\u00e1tico Ferrari Land sigue avanzando los preparativos para abrir junto a PortAventura coincidiendo con la apertura de la temporada en 2017, han informado a Europa Press fuentes del proyecto, que prev\u00e9n difundir nuevos detalles la pr\u00f3xima semana. Ferrari Land --el segundo parque tem\u00e1tico de la automovil\u00edstica tras el de Abu Dhabi-- puso su\" \/>\n\t\t<meta property=\"og:url\" content=\"https:\/\/eldigitaldeasturias.com\/magazine365\/ferrari-land-se-prepara-para-abrir-junto-a-portaventura-en-2017\/\" \/>\n\t\t<meta property=\"og:image\" content=\"https:\/\/eldigitaldeasturias.com\/magazine365\/wp-content\/uploads\/2016\/01\/fotonoticia_20160111144206_800.jpg\" \/>\n\t\t<meta property=\"og:image:secure_url\" content=\"https:\/\/eldigitaldeasturias.com\/magazine365\/wp-content\/uploads\/2016\/01\/fotonoticia_20160111144206_800.jpg\" \/>\n\t\t<meta property=\"og:image:width\" content=\"800\" \/>\n\t\t<meta property=\"og:image:height\" content=\"607\" \/>\n\t\t<meta property=\"article:published_time\" content=\"2016-01-11T23:55:29+00:00\" \/>\n\t\t<meta property=\"article:modified_time\" content=\"2016-01-11T23:55:29+00:00\" \/>\n\t\t<meta name=\"twitter:card\" content=\"summary_large_image\" \/>\n\t\t<meta name=\"twitter:title\" content=\"Ferrari Land se prepara para abrir junto a PortAventura en 2017 | El Digital de Asturias\" \/>\n\t\t<meta name=\"twitter:description\" content=\"El parque tem\u00e1tico Ferrari Land sigue avanzando los preparativos para abrir junto a PortAventura coincidiendo con la apertura de la temporada en 2017, han informado a Europa Press fuentes del proyecto, que prev\u00e9n difundir nuevos detalles la pr\u00f3xima semana. Ferrari Land --el segundo parque tem\u00e1tico de la automovil\u00edstica tras el de Abu Dhabi-- puso su\" \/>\n\t\t<meta name=\"twitter:image\" content=\"https:\/\/eldigitaldeasturias.com\/magazine365\/wp-content\/uploads\/2016\/01\/fotonoticia_20160111144206_800.jpg\" \/>\n\t\t<script type=\"application\/ld+json\" class=\"aioseo-schema\">\n\t\t\t{\"@context\":\"https:\\\/\\\/schema.org\",\"@graph\":[{\"@type\":\"Article\",\"@id\":\"https:\\\/\\\/eldigitaldeasturias.com\\\/magazine365\\\/ferrari-land-se-prepara-para-abrir-junto-a-portaventura-en-2017\\\/#article\",\"name\":\"Ferrari Land se prepara para abrir junto a PortAventura en 2017 | El Digital de Asturias\",\"headline\":\"Ferrari Land se prepara para abrir junto a PortAventura en 2017\",\"author\":{\"@id\":\"https:\\\/\\\/eldigitaldeasturias.com\\\/magazine365\\\/author\\\/admin\\\/#author\"},\"publisher\":{\"@id\":\"https:\\\/\\\/eldigitaldeasturias.com\\\/magazine365\\\/#organization\"},\"image\":{\"@type\":\"ImageObject\",\"url\":\"https:\\\/\\\/eldigitaldeasturias.com\\\/magazine365\\\/wp-content\\\/uploads\\\/2016\\\/01\\\/fotonoticia_20160111144206_800.jpg\",\"width\":800,\"height\":607},\"datePublished\":\"2016-01-12T00:55:29+01:00\",\"dateModified\":\"2016-01-12T00:55:29+01:00\",\"inLanguage\":\"es-ES\",\"mainEntityOfPage\":{\"@id\":\"https:\\\/\\\/eldigitaldeasturias.com\\\/magazine365\\\/ferrari-land-se-prepara-para-abrir-junto-a-portaventura-en-2017\\\/#webpage\"},\"isPartOf\":{\"@id\":\"https:\\\/\\\/eldigitaldeasturias.com\\\/magazine365\\\/ferrari-land-se-prepara-para-abrir-junto-a-portaventura-en-2017\\\/#webpage\"},\"articleSection\":\"Noticias y Actualidad\"},{\"@type\":\"BreadcrumbList\",\"@id\":\"https:\\\/\\\/eldigitaldeasturias.com\\\/magazine365\\\/ferrari-land-se-prepara-para-abrir-junto-a-portaventura-en-2017\\\/#breadcrumblist\",\"itemListElement\":[{\"@type\":\"ListItem\",\"@id\":\"https:\\\/\\\/eldigitaldeasturias.com\\\/magazine365#listItem\",\"position\":1,\"name\":\"Home\",\"item\":\"https:\\\/\\\/eldigitaldeasturias.com\\\/magazine365\",\"nextItem\":{\"@type\":\"ListItem\",\"@id\":\"https:\\\/\\\/eldigitaldeasturias.com\\\/magazine365\\\/category\\\/noticias-actualidad\\\/#listItem\",\"name\":\"Noticias y Actualidad\"}},{\"@type\":\"ListItem\",\"@id\":\"https:\\\/\\\/eldigitaldeasturias.com\\\/magazine365\\\/category\\\/noticias-actualidad\\\/#listItem\",\"position\":2,\"name\":\"Noticias y Actualidad\",\"item\":\"https:\\\/\\\/eldigitaldeasturias.com\\\/magazine365\\\/category\\\/noticias-actualidad\\\/\",\"nextItem\":{\"@type\":\"ListItem\",\"@id\":\"https:\\\/\\\/eldigitaldeasturias.com\\\/magazine365\\\/ferrari-land-se-prepara-para-abrir-junto-a-portaventura-en-2017\\\/#listItem\",\"name\":\"Ferrari Land se prepara para abrir junto a PortAventura en 2017\"},\"previousItem\":{\"@type\":\"ListItem\",\"@id\":\"https:\\\/\\\/eldigitaldeasturias.com\\\/magazine365#listItem\",\"name\":\"Home\"}},{\"@type\":\"ListItem\",\"@id\":\"https:\\\/\\\/eldigitaldeasturias.com\\\/magazine365\\\/ferrari-land-se-prepara-para-abrir-junto-a-portaventura-en-2017\\\/#listItem\",\"position\":3,\"name\":\"Ferrari Land se prepara para abrir junto a PortAventura en 2017\",\"previousItem\":{\"@type\":\"ListItem\",\"@id\":\"https:\\\/\\\/eldigitaldeasturias.com\\\/magazine365\\\/category\\\/noticias-actualidad\\\/#listItem\",\"name\":\"Noticias y Actualidad\"}}]},{\"@type\":\"Organization\",\"@id\":\"https:\\\/\\\/eldigitaldeasturias.com\\\/magazine365\\\/#organization\",\"name\":\"El digital de Asturias\",\"description\":\"Revista de ocio, turismo y estilo de vida\",\"url\":\"https:\\\/\\\/eldigitaldeasturias.com\\\/magazine365\\\/\",\"logo\":{\"@type\":\"ImageObject\",\"url\":\"https:\\\/\\\/www.eldigitaldeasturias.com\\\/noticias\\\/wp-content\\\/uploads\\\/2020\\\/12\\\/EDA.jpg\",\"@id\":\"https:\\\/\\\/eldigitaldeasturias.com\\\/magazine365\\\/ferrari-land-se-prepara-para-abrir-junto-a-portaventura-en-2017\\\/#organizationLogo\"},\"image\":{\"@id\":\"https:\\\/\\\/eldigitaldeasturias.com\\\/magazine365\\\/ferrari-land-se-prepara-para-abrir-junto-a-portaventura-en-2017\\\/#organizationLogo\"}},{\"@type\":\"Person\",\"@id\":\"https:\\\/\\\/eldigitaldeasturias.com\\\/magazine365\\\/author\\\/admin\\\/#author\",\"url\":\"https:\\\/\\\/eldigitaldeasturias.com\\\/magazine365\\\/author\\\/admin\\\/\",\"name\":\"admin\",\"image\":{\"@type\":\"ImageObject\",\"@id\":\"https:\\\/\\\/eldigitaldeasturias.com\\\/magazine365\\\/ferrari-land-se-prepara-para-abrir-junto-a-portaventura-en-2017\\\/#authorImage\",\"url\":\"https:\\\/\\\/eldigitaldeasturias.com\\\/magazine365\\\/wp-content\\\/litespeed\\\/avatar\\\/e571bcf59a0edd6fa6838245a470f2fe.jpg?ver=1777574230\",\"width\":96,\"height\":96,\"caption\":\"admin\"}},{\"@type\":\"WebPage\",\"@id\":\"https:\\\/\\\/eldigitaldeasturias.com\\\/magazine365\\\/ferrari-land-se-prepara-para-abrir-junto-a-portaventura-en-2017\\\/#webpage\",\"url\":\"https:\\\/\\\/eldigitaldeasturias.com\\\/magazine365\\\/ferrari-land-se-prepara-para-abrir-junto-a-portaventura-en-2017\\\/\",\"name\":\"Ferrari Land se prepara para abrir junto a PortAventura en 2017 | El Digital de Asturias\",\"description\":\"El parque tem\\u00e1tico Ferrari Land sigue avanzando los preparativos para abrir junto a PortAventura coincidiendo con la apertura de la temporada en 2017, han informado a Europa Press fuentes del proyecto, que prev\\u00e9n difundir nuevos detalles la pr\\u00f3xima semana. Ferrari Land --el segundo parque tem\\u00e1tico de la automovil\\u00edstica tras el de Abu Dhabi-- puso su\",\"inLanguage\":\"es-ES\",\"isPartOf\":{\"@id\":\"https:\\\/\\\/eldigitaldeasturias.com\\\/magazine365\\\/#website\"},\"breadcrumb\":{\"@id\":\"https:\\\/\\\/eldigitaldeasturias.com\\\/magazine365\\\/ferrari-land-se-prepara-para-abrir-junto-a-portaventura-en-2017\\\/#breadcrumblist\"},\"author\":{\"@id\":\"https:\\\/\\\/eldigitaldeasturias.com\\\/magazine365\\\/author\\\/admin\\\/#author\"},\"creator\":{\"@id\":\"https:\\\/\\\/eldigitaldeasturias.com\\\/magazine365\\\/author\\\/admin\\\/#author\"},\"image\":{\"@type\":\"ImageObject\",\"url\":\"https:\\\/\\\/eldigitaldeasturias.com\\\/magazine365\\\/wp-content\\\/uploads\\\/2016\\\/01\\\/fotonoticia_20160111144206_800.jpg\",\"@id\":\"https:\\\/\\\/eldigitaldeasturias.com\\\/magazine365\\\/ferrari-land-se-prepara-para-abrir-junto-a-portaventura-en-2017\\\/#mainImage\",\"width\":800,\"height\":607},\"primaryImageOfPage\":{\"@id\":\"https:\\\/\\\/eldigitaldeasturias.com\\\/magazine365\\\/ferrari-land-se-prepara-para-abrir-junto-a-portaventura-en-2017\\\/#mainImage\"},\"datePublished\":\"2016-01-12T00:55:29+01:00\",\"dateModified\":\"2016-01-12T00:55:29+01:00\"},{\"@type\":\"WebSite\",\"@id\":\"https:\\\/\\\/eldigitaldeasturias.com\\\/magazine365\\\/#website\",\"url\":\"https:\\\/\\\/eldigitaldeasturias.com\\\/magazine365\\\/\",\"name\":\"El Digital de Asturias\",\"description\":\"Revista de ocio, turismo y estilo de vida\",\"inLanguage\":\"es-ES\",\"publisher\":{\"@id\":\"https:\\\/\\\/eldigitaldeasturias.com\\\/magazine365\\\/#organization\"}}]}\n\t\t<\/script>\n\t\t<!-- All in One SEO Pro -->\r\n\t\t<title>Ferrari Land se prepara para abrir junto a PortAventura en 2017 | El Digital de Asturias<\/title>\n\n","aioseo_head_json":{"title":"Ferrari Land se prepara para abrir junto a PortAventura en 2017 | El Digital de Asturias","description":"El parque tem\u00e1tico Ferrari Land sigue avanzando los preparativos para abrir junto a PortAventura coincidiendo con la apertura de la temporada en 2017, han informado a Europa Press fuentes del proyecto, que prev\u00e9n difundir nuevos detalles la pr\u00f3xima semana. Ferrari Land --el segundo parque tem\u00e1tico de la automovil\u00edstica tras el de Abu Dhabi-- puso su","canonical_url":"https:\/\/eldigitaldeasturias.com\/magazine365\/ferrari-land-se-prepara-para-abrir-junto-a-portaventura-en-2017\/","robots":"max-image-preview:large","keywords":"noticias y actualidad","webmasterTools":{"google-site-verification":"UA-38556648-1","miscellaneous":""},"schema":{"@context":"https:\/\/schema.org","@graph":[{"@type":"Article","@id":"https:\/\/eldigitaldeasturias.com\/magazine365\/ferrari-land-se-prepara-para-abrir-junto-a-portaventura-en-2017\/#article","name":"Ferrari Land se prepara para abrir junto a PortAventura en 2017 | El Digital de Asturias","headline":"Ferrari Land se prepara para abrir junto a PortAventura en 2017","author":{"@id":"https:\/\/eldigitaldeasturias.com\/magazine365\/author\/admin\/#author"},"publisher":{"@id":"https:\/\/eldigitaldeasturias.com\/magazine365\/#organization"},"image":{"@type":"ImageObject","url":"https:\/\/eldigitaldeasturias.com\/magazine365\/wp-content\/uploads\/2016\/01\/fotonoticia_20160111144206_800.jpg","width":800,"height":607},"datePublished":"2016-01-12T00:55:29+01:00","dateModified":"2016-01-12T00:55:29+01:00","inLanguage":"es-ES","mainEntityOfPage":{"@id":"https:\/\/eldigitaldeasturias.com\/magazine365\/ferrari-land-se-prepara-para-abrir-junto-a-portaventura-en-2017\/#webpage"},"isPartOf":{"@id":"https:\/\/eldigitaldeasturias.com\/magazine365\/ferrari-land-se-prepara-para-abrir-junto-a-portaventura-en-2017\/#webpage"},"articleSection":"Noticias y Actualidad"},{"@type":"BreadcrumbList","@id":"https:\/\/eldigitaldeasturias.com\/magazine365\/ferrari-land-se-prepara-para-abrir-junto-a-portaventura-en-2017\/#breadcrumblist","itemListElement":[{"@type":"ListItem","@id":"https:\/\/eldigitaldeasturias.com\/magazine365#listItem","position":1,"name":"Home","item":"https:\/\/eldigitaldeasturias.com\/magazine365","nextItem":{"@type":"ListItem","@id":"https:\/\/eldigitaldeasturias.com\/magazine365\/category\/noticias-actualidad\/#listItem","name":"Noticias y Actualidad"}},{"@type":"ListItem","@id":"https:\/\/eldigitaldeasturias.com\/magazine365\/category\/noticias-actualidad\/#listItem","position":2,"name":"Noticias y Actualidad","item":"https:\/\/eldigitaldeasturias.com\/magazine365\/category\/noticias-actualidad\/","nextItem":{"@type":"ListItem","@id":"https:\/\/eldigitaldeasturias.com\/magazine365\/ferrari-land-se-prepara-para-abrir-junto-a-portaventura-en-2017\/#listItem","name":"Ferrari Land se prepara para abrir junto a PortAventura en 2017"},"previousItem":{"@type":"ListItem","@id":"https:\/\/eldigitaldeasturias.com\/magazine365#listItem","name":"Home"}},{"@type":"ListItem","@id":"https:\/\/eldigitaldeasturias.com\/magazine365\/ferrari-land-se-prepara-para-abrir-junto-a-portaventura-en-2017\/#listItem","position":3,"name":"Ferrari Land se prepara para abrir junto a PortAventura en 2017","previousItem":{"@type":"ListItem","@id":"https:\/\/eldigitaldeasturias.com\/magazine365\/category\/noticias-actualidad\/#listItem","name":"Noticias y Actualidad"}}]},{"@type":"Organization","@id":"https:\/\/eldigitaldeasturias.com\/magazine365\/#organization","name":"El digital de Asturias","description":"Revista de ocio, turismo y estilo de vida","url":"https:\/\/eldigitaldeasturias.com\/magazine365\/","logo":{"@type":"ImageObject","url":"https:\/\/www.eldigitaldeasturias.com\/noticias\/wp-content\/uploads\/2020\/12\/EDA.jpg","@id":"https:\/\/eldigitaldeasturias.com\/magazine365\/ferrari-land-se-prepara-para-abrir-junto-a-portaventura-en-2017\/#organizationLogo"},"image":{"@id":"https:\/\/eldigitaldeasturias.com\/magazine365\/ferrari-land-se-prepara-para-abrir-junto-a-portaventura-en-2017\/#organizationLogo"}},{"@type":"Person","@id":"https:\/\/eldigitaldeasturias.com\/magazine365\/author\/admin\/#author","url":"https:\/\/eldigitaldeasturias.com\/magazine365\/author\/admin\/","name":"admin","image":{"@type":"ImageObject","@id":"https:\/\/eldigitaldeasturias.com\/magazine365\/ferrari-land-se-prepara-para-abrir-junto-a-portaventura-en-2017\/#authorImage","url":"https:\/\/eldigitaldeasturias.com\/magazine365\/wp-content\/litespeed\/avatar\/e571bcf59a0edd6fa6838245a470f2fe.jpg?ver=1777574230","width":96,"height":96,"caption":"admin"}},{"@type":"WebPage","@id":"https:\/\/eldigitaldeasturias.com\/magazine365\/ferrari-land-se-prepara-para-abrir-junto-a-portaventura-en-2017\/#webpage","url":"https:\/\/eldigitaldeasturias.com\/magazine365\/ferrari-land-se-prepara-para-abrir-junto-a-portaventura-en-2017\/","name":"Ferrari Land se prepara para abrir junto a PortAventura en 2017 | El Digital de Asturias","description":"El parque tem\u00e1tico Ferrari Land sigue avanzando los preparativos para abrir junto a PortAventura coincidiendo con la apertura de la temporada en 2017, han informado a Europa Press fuentes del proyecto, que prev\u00e9n difundir nuevos detalles la pr\u00f3xima semana. Ferrari Land --el segundo parque tem\u00e1tico de la automovil\u00edstica tras el de Abu Dhabi-- puso su","inLanguage":"es-ES","isPartOf":{"@id":"https:\/\/eldigitaldeasturias.com\/magazine365\/#website"},"breadcrumb":{"@id":"https:\/\/eldigitaldeasturias.com\/magazine365\/ferrari-land-se-prepara-para-abrir-junto-a-portaventura-en-2017\/#breadcrumblist"},"author":{"@id":"https:\/\/eldigitaldeasturias.com\/magazine365\/author\/admin\/#author"},"creator":{"@id":"https:\/\/eldigitaldeasturias.com\/magazine365\/author\/admin\/#author"},"image":{"@type":"ImageObject","url":"https:\/\/eldigitaldeasturias.com\/magazine365\/wp-content\/uploads\/2016\/01\/fotonoticia_20160111144206_800.jpg","@id":"https:\/\/eldigitaldeasturias.com\/magazine365\/ferrari-land-se-prepara-para-abrir-junto-a-portaventura-en-2017\/#mainImage","width":800,"height":607},"primaryImageOfPage":{"@id":"https:\/\/eldigitaldeasturias.com\/magazine365\/ferrari-land-se-prepara-para-abrir-junto-a-portaventura-en-2017\/#mainImage"},"datePublished":"2016-01-12T00:55:29+01:00","dateModified":"2016-01-12T00:55:29+01:00"},{"@type":"WebSite","@id":"https:\/\/eldigitaldeasturias.com\/magazine365\/#website","url":"https:\/\/eldigitaldeasturias.com\/magazine365\/","name":"El Digital de Asturias","description":"Revista de ocio, turismo y estilo de vida","inLanguage":"es-ES","publisher":{"@id":"https:\/\/eldigitaldeasturias.com\/magazine365\/#organization"}}]},"og:locale":"es_ES","og:site_name":"El Digital de Asturias \u2013 Revista de ocio, turismo y estilo de vida","og:type":"article","og:title":"Ferrari Land se prepara para abrir junto a PortAventura en 2017 | El Digital de Asturias","og:description":"El parque tem\u00e1tico Ferrari Land sigue avanzando los preparativos para abrir junto a PortAventura coincidiendo con la apertura de la temporada en 2017, han informado a Europa Press fuentes del proyecto, que prev\u00e9n difundir nuevos detalles la pr\u00f3xima semana. Ferrari Land --el segundo parque tem\u00e1tico de la automovil\u00edstica tras el de Abu Dhabi-- puso su","og:url":"https:\/\/eldigitaldeasturias.com\/magazine365\/ferrari-land-se-prepara-para-abrir-junto-a-portaventura-en-2017\/","og:image":"https:\/\/eldigitaldeasturias.com\/magazine365\/wp-content\/uploads\/2016\/01\/fotonoticia_20160111144206_800.jpg","og:image:secure_url":"https:\/\/eldigitaldeasturias.com\/magazine365\/wp-content\/uploads\/2016\/01\/fotonoticia_20160111144206_800.jpg","og:image:width":800,"og:image:height":607,"article:published_time":"2016-01-11T23:55:29+00:00","article:modified_time":"2016-01-11T23:55:29+00:00","twitter:card":"summary_large_image","twitter:title":"Ferrari Land se prepara para abrir junto a PortAventura en 2017 | El Digital de Asturias","twitter:description":"El parque tem\u00e1tico Ferrari Land sigue avanzando los preparativos para abrir junto a PortAventura coincidiendo con la apertura de la temporada en 2017, han informado a Europa Press fuentes del proyecto, que prev\u00e9n difundir nuevos detalles la pr\u00f3xima semana. Ferrari Land --el segundo parque tem\u00e1tico de la automovil\u00edstica tras el de Abu Dhabi-- puso su","twitter:image":"https:\/\/eldigitaldeasturias.com\/magazine365\/wp-content\/uploads\/2016\/01\/fotonoticia_20160111144206_800.jpg"},"aioseo_meta_data":{"post_id":"60191","title":null,"description":null,"keywords":null,"keyphrases":null,"primary_term":null,"canonical_url":null,"og_title":null,"og_description":null,"og_object_type":"default","og_image_type":"default","og_image_url":null,"og_image_width":null,"og_image_height":null,"og_image_custom_url":null,"og_image_custom_fields":null,"og_video":null,"og_custom_url":null,"og_article_section":null,"og_article_tags":null,"twitter_use_og":false,"twitter_card":"default","twitter_image_type":"default","twitter_image_url":null,"twitter_image_custom_url":null,"twitter_image_custom_fields":null,"twitter_title":null,"twitter_description":null,"schema":{"blockGraphs":[],"customGraphs":[],"default":{"data":{"Article":[],"Course":[],"Dataset":[],"FAQPage":[],"Movie":[],"Person":[],"Product":[],"ProductReview":[],"Car":[],"Recipe":[],"Service":[],"SoftwareApplication":[],"WebPage":[]},"graphName":"","isEnabled":true},"graphs":[],"defaultGraph":"","defaultPostTypeGraph":""},"schema_type":null,"schema_type_options":null,"pillar_content":false,"robots_default":true,"robots_noindex":false,"robots_noarchive":false,"robots_nosnippet":false,"robots_nofollow":false,"robots_noimageindex":false,"robots_noodp":false,"robots_notranslate":false,"robots_max_snippet":null,"robots_max_videopreview":null,"robots_max_imagepreview":"large","priority":null,"frequency":null,"location":null,"local_seo":null,"seo_analyzer_scan_date":"2025-09-25 06:24:04","breadcrumb_settings":null,"limit_modified_date":false,"open_ai":null,"ai":null,"created":"2021-03-08 22:02:40","updated":"2025-09-25 06:24:04"},"aioseo_breadcrumb":"<div class=\"aioseo-breadcrumbs\"><span class=\"aioseo-breadcrumb\">\n\t<a href=\"https:\/\/eldigitaldeasturias.com\/magazine365\" title=\"Home\">Home<\/a>\n<\/span><span class=\"aioseo-breadcrumb-separator\">\u2013<\/span><span class=\"aioseo-breadcrumb\">\n\t<a href=\"https:\/\/eldigitaldeasturias.com\/magazine365\/category\/noticias-actualidad\/\" title=\"Noticias y Actualidad\">Noticias y Actualidad<\/a>\n<\/span><span class=\"aioseo-breadcrumb-separator\">\u2013<\/span><span class=\"aioseo-breadcrumb\">\n\t<a href=\"https:\/\/eldigitaldeasturias.com\/magazine365\/ferrari-land-se-prepara-para-abrir-junto-a-portaventura-en-2017\/\" title=\"Ferrari Land se prepara para abrir junto a PortAventura en 2017\">Ferrari Land se prepara para abrir junto a PortAventura en 2017<\/a>\n<\/span><\/div>","aioseo_breadcrumb_json":[{"label":"Home","link":"https:\/\/eldigitaldeasturias.com\/magazine365"},{"label":"Noticias y Actualidad","link":"https:\/\/eldigitaldeasturias.com\/magazine365\/category\/noticias-actualidad\/"},{"label":"Ferrari Land se prepara para abrir junto a PortAventura en 2017","link":"https:\/\/eldigitaldeasturias.com\/magazine365\/ferrari-land-se-prepara-para-abrir-junto-a-portaventura-en-2017\/"}],"_links":{"self":[{"href":"https:\/\/eldigitaldeasturias.com\/magazine365\/wp-json\/wp\/v2\/posts\/60191","targetHints":{"allow":["GET"]}}],"collection":[{"href":"https:\/\/eldigitaldeasturias.com\/magazine365\/wp-json\/wp\/v2\/posts"}],"about":[{"href":"https:\/\/eldigitaldeasturias.com\/magazine365\/wp-json\/wp\/v2\/types\/post"}],"author":[{"embeddable":true,"href":"https:\/\/eldigitaldeasturias.com\/magazine365\/wp-json\/wp\/v2\/users\/1"}],"replies":[{"embeddable":true,"href":"https:\/\/eldigitaldeasturias.com\/magazine365\/wp-json\/wp\/v2\/comments?post=60191"}],"version-history":[{"count":0,"href":"https:\/\/eldigitaldeasturias.com\/magazine365\/wp-json\/wp\/v2\/posts\/60191\/revisions"}],"wp:featuredmedia":[{"embeddable":true,"href":"https:\/\/eldigitaldeasturias.com\/magazine365\/wp-json\/wp\/v2\/media\/60192"}],"wp:attachment":[{"href":"https:\/\/eldigitaldeasturias.com\/magazine365\/wp-json\/wp\/v2\/media?parent=60191"}],"wp:term":[{"taxonomy":"category","embeddable":true,"href":"https:\/\/eldigitaldeasturias.com\/magazine365\/wp-json\/wp\/v2\/categories?post=60191"},{"taxonomy":"post_tag","embeddable":true,"href":"https:\/\/eldigitaldeasturias.com\/magazine365\/wp-json\/wp\/v2\/tags?post=60191"}],"curies":[{"name":"wp","href":"https:\/\/api.w.org\/{rel}","templated":true}]}}