{"id":60179,"date":"2016-01-12T00:45:52","date_gmt":"2016-01-11T23:45:52","guid":{"rendered":"http:\/\/eldigitaldeasturias.com\/magazine365\/?p=60179"},"modified":"2016-01-12T00:45:52","modified_gmt":"2016-01-11T23:45:52","slug":"fernandez-senala-que-cadiz-esta-sabiendo-aprovechar-su-potencial-como-destino-turistico","status":"publish","type":"post","link":"https:\/\/eldigitaldeasturias.com\/magazine365\/fernandez-senala-que-cadiz-esta-sabiendo-aprovechar-su-potencial-como-destino-turistico\/","title":{"rendered":"Fern\u00e1ndez se\u00f1ala que C\u00e1diz \u00abest\u00e1 sabiendo aprovechar su potencial\u00bb como destino tur\u00edstico"},"content":{"rendered":"<p><img fetchpriority=\"high\" decoding=\"async\" class=\"alignleft size-medium wp-image-60180\" src=\"https:\/\/eldigitaldeasturias.com\/magazine365\/wp-content\/uploads\/2016\/01\/fotonoticia_20160111135741_800-360x240.jpg\" alt=\"fotonoticia_20160111135741_800\" width=\"360\" height=\"240\" srcset=\"https:\/\/eldigitaldeasturias.com\/magazine365\/wp-content\/uploads\/2016\/01\/fotonoticia_20160111135741_800-360x240.jpg 360w, https:\/\/eldigitaldeasturias.com\/magazine365\/wp-content\/uploads\/2016\/01\/fotonoticia_20160111135741_800-650x433.jpg 650w, https:\/\/eldigitaldeasturias.com\/magazine365\/wp-content\/uploads\/2016\/01\/fotonoticia_20160111135741_800-768x512.jpg 768w, https:\/\/eldigitaldeasturias.com\/magazine365\/wp-content\/uploads\/2016\/01\/fotonoticia_20160111135741_800-150x100.jpg 150w, https:\/\/eldigitaldeasturias.com\/magazine365\/wp-content\/uploads\/2016\/01\/fotonoticia_20160111135741_800-450x300.jpg 450w, https:\/\/eldigitaldeasturias.com\/magazine365\/wp-content\/uploads\/2016\/01\/fotonoticia_20160111135741_800-696x464.jpg 696w, https:\/\/eldigitaldeasturias.com\/magazine365\/wp-content\/uploads\/2016\/01\/fotonoticia_20160111135741_800-630x420.jpg 630w, https:\/\/eldigitaldeasturias.com\/magazine365\/wp-content\/uploads\/2016\/01\/fotonoticia_20160111135741_800-101x66.jpg 101w, https:\/\/eldigitaldeasturias.com\/magazine365\/wp-content\/uploads\/2016\/01\/fotonoticia_20160111135741_800.jpg 800w\" sizes=\"(max-width: 360px) 100vw, 360px\" \/>El consejero de Turismo y Deporte de la Junta, Francisco Javier Fern\u00e1ndez, ha destacado el \u00abalto \u00edndice\u00bb de ocupaci\u00f3n de la provincia gaditana durante la Navidad y durante el pasado a\u00f1o, lo que achaca a que C\u00e1diz \u00abtiene mucho potencial que est\u00e1 sabiendo aprovechar\u00bb.<\/p>\n<p>En declaraciones a los periodistas en Olvera (C\u00e1diz), el consejero ha detallado que la ocupaci\u00f3n hotelera durante las fechas navide\u00f1as se ha situado \u00abalrededor del 65 por ciento\u00bb, a lo que suma \u00abun incremento del 7,2 por ciento de ocupaci\u00f3n y de turistas\u00bb entre enero y noviembre de 2015.<\/p>\n<p>En este sentido, ha insistido en que la provincia \u00abtiene mucho potencial\u00bb y est\u00e1 \u00absabiendo aprovecharlo\u00bb. A su juicio, C\u00e1diz tiene que \u00absaber hacer compatible el aprovechamiento de un litoral muy rico\u00bb en lo que respecta a la oferta de sol y playa \u00abcon el turismo de interior\u00bb.<\/p>\n<p>Al hilo de ello, el consejero ha manifestado que C\u00e1diz tiene que \u00abense\u00f1ar esa otra provincia gaditana, ese otro gran patrimonio que tiene, como es el patrimonio de naturaleza del interior de la Sierra\u00bb.<\/p>\n<p>Seg\u00fan ha a\u00f1adido, esto debe tambi\u00e9n hacerse compatible \u00abcon los recursos patrimoniales que tienen ciudades como Jerez\u00bb, todo ello relacionado \u00abcon un turismo muy demandado como es el turismo gastron\u00f3mico\u00bb.<\/p>\n","protected":false},"excerpt":{"rendered":"<p>El consejero de Turismo y Deporte de la Junta, Francisco Javier Fern\u00e1ndez, ha destacado el \u00abalto \u00edndice\u00bb de ocupaci\u00f3n de la provincia gaditana durante la Navidad y durante el pasado a\u00f1o, lo que achaca a que C\u00e1diz \u00abtiene mucho potencial que est\u00e1 sabiendo aprovechar\u00bb. En declaraciones a los periodistas en Olvera (C\u00e1diz), el consejero ha<\/p>\n","protected":false},"author":1,"featured_media":60180,"comment_status":"open","ping_status":"closed","sticky":false,"template":"","format":"standard","meta":{"footnotes":""},"categories":[224],"tags":[],"class_list":{"0":"post-60179","1":"post","2":"type-post","3":"status-publish","4":"format-standard","5":"has-post-thumbnail","7":"category-noticias-actualidad"},"aioseo_notices":[],"aioseo_head":"\n\t\t<!-- All in One SEO Pro 4.9.6.1 - aioseo.com -->\n\t<meta name=\"description\" content=\"El consejero de Turismo y Deporte de la Junta, Francisco Javier Fern\u00e1ndez, ha destacado el &quot;alto \u00edndice&quot; de ocupaci\u00f3n de la provincia gaditana durante la Navidad y durante el pasado a\u00f1o, lo que achaca a que C\u00e1diz &quot;tiene mucho potencial que est\u00e1 sabiendo aprovechar&quot;. En declaraciones a los periodistas en Olvera (C\u00e1diz), el consejero ha\" \/>\n\t<meta name=\"robots\" content=\"max-image-preview:large\" \/>\n\t<meta name=\"author\" content=\"admin\"\/>\n\t<meta name=\"google-site-verification\" content=\"UA-38556648-1\" \/>\n\t<meta name=\"keywords\" content=\"noticias y actualidad\" \/>\n\t<link rel=\"canonical\" href=\"https:\/\/eldigitaldeasturias.com\/magazine365\/fernandez-senala-que-cadiz-esta-sabiendo-aprovechar-su-potencial-como-destino-turistico\/\" \/>\n\t<meta name=\"generator\" content=\"All in One SEO Pro (AIOSEO) 4.9.6.1\" \/>\n\t\t<meta property=\"og:locale\" content=\"es_ES\" \/>\n\t\t<meta property=\"og:site_name\" content=\"El Digital de Asturias \u2013 Revista de ocio, turismo y estilo de vida\" \/>\n\t\t<meta property=\"og:type\" content=\"article\" \/>\n\t\t<meta property=\"og:title\" content=\"Fern\u00e1ndez se\u00f1ala que C\u00e1diz \u00abest\u00e1 sabiendo aprovechar su potencial\u00bb como destino tur\u00edstico | El Digital de Asturias\" \/>\n\t\t<meta property=\"og:description\" content=\"El consejero de Turismo y Deporte de la Junta, Francisco Javier Fern\u00e1ndez, ha destacado el &quot;alto \u00edndice&quot; de ocupaci\u00f3n de la provincia gaditana durante la Navidad y durante el pasado a\u00f1o, lo que achaca a que C\u00e1diz &quot;tiene mucho potencial que est\u00e1 sabiendo aprovechar&quot;. En declaraciones a los periodistas en Olvera (C\u00e1diz), el consejero ha\" \/>\n\t\t<meta property=\"og:url\" content=\"https:\/\/eldigitaldeasturias.com\/magazine365\/fernandez-senala-que-cadiz-esta-sabiendo-aprovechar-su-potencial-como-destino-turistico\/\" \/>\n\t\t<meta property=\"og:image\" content=\"https:\/\/eldigitaldeasturias.com\/magazine365\/wp-content\/uploads\/2016\/01\/fotonoticia_20160111135741_800.jpg\" \/>\n\t\t<meta property=\"og:image:secure_url\" content=\"https:\/\/eldigitaldeasturias.com\/magazine365\/wp-content\/uploads\/2016\/01\/fotonoticia_20160111135741_800.jpg\" \/>\n\t\t<meta property=\"og:image:width\" content=\"800\" \/>\n\t\t<meta property=\"og:image:height\" content=\"533\" \/>\n\t\t<meta property=\"article:published_time\" content=\"2016-01-11T23:45:52+00:00\" \/>\n\t\t<meta property=\"article:modified_time\" content=\"2016-01-11T23:45:52+00:00\" \/>\n\t\t<meta name=\"twitter:card\" content=\"summary_large_image\" \/>\n\t\t<meta name=\"twitter:title\" content=\"Fern\u00e1ndez se\u00f1ala que C\u00e1diz \u00abest\u00e1 sabiendo aprovechar su potencial\u00bb como destino tur\u00edstico | El Digital de Asturias\" \/>\n\t\t<meta name=\"twitter:description\" content=\"El consejero de Turismo y Deporte de la Junta, Francisco Javier Fern\u00e1ndez, ha destacado el &quot;alto \u00edndice&quot; de ocupaci\u00f3n de la provincia gaditana durante la Navidad y durante el pasado a\u00f1o, lo que achaca a que C\u00e1diz &quot;tiene mucho potencial que est\u00e1 sabiendo aprovechar&quot;. En declaraciones a los periodistas en Olvera (C\u00e1diz), el consejero ha\" \/>\n\t\t<meta name=\"twitter:image\" content=\"https:\/\/eldigitaldeasturias.com\/magazine365\/wp-content\/uploads\/2016\/01\/fotonoticia_20160111135741_800.jpg\" \/>\n\t\t<script type=\"application\/ld+json\" class=\"aioseo-schema\">\n\t\t\t{\"@context\":\"https:\\\/\\\/schema.org\",\"@graph\":[{\"@type\":\"Article\",\"@id\":\"https:\\\/\\\/eldigitaldeasturias.com\\\/magazine365\\\/fernandez-senala-que-cadiz-esta-sabiendo-aprovechar-su-potencial-como-destino-turistico\\\/#article\",\"name\":\"Fern\\u00e1ndez se\\u00f1ala que C\\u00e1diz \\u00abest\\u00e1 sabiendo aprovechar su potencial\\u00bb como destino tur\\u00edstico | El Digital de Asturias\",\"headline\":\"Fern\\u00e1ndez se\\u00f1ala que C\\u00e1diz \\u00abest\\u00e1 sabiendo aprovechar su potencial\\u00bb como destino tur\\u00edstico\",\"author\":{\"@id\":\"https:\\\/\\\/eldigitaldeasturias.com\\\/magazine365\\\/author\\\/admin\\\/#author\"},\"publisher\":{\"@id\":\"https:\\\/\\\/eldigitaldeasturias.com\\\/magazine365\\\/#organization\"},\"image\":{\"@type\":\"ImageObject\",\"url\":\"https:\\\/\\\/eldigitaldeasturias.com\\\/magazine365\\\/wp-content\\\/uploads\\\/2016\\\/01\\\/fotonoticia_20160111135741_800.jpg\",\"width\":800,\"height\":533},\"datePublished\":\"2016-01-12T00:45:52+01:00\",\"dateModified\":\"2016-01-12T00:45:52+01:00\",\"inLanguage\":\"es-ES\",\"mainEntityOfPage\":{\"@id\":\"https:\\\/\\\/eldigitaldeasturias.com\\\/magazine365\\\/fernandez-senala-que-cadiz-esta-sabiendo-aprovechar-su-potencial-como-destino-turistico\\\/#webpage\"},\"isPartOf\":{\"@id\":\"https:\\\/\\\/eldigitaldeasturias.com\\\/magazine365\\\/fernandez-senala-que-cadiz-esta-sabiendo-aprovechar-su-potencial-como-destino-turistico\\\/#webpage\"},\"articleSection\":\"Noticias y Actualidad\"},{\"@type\":\"BreadcrumbList\",\"@id\":\"https:\\\/\\\/eldigitaldeasturias.com\\\/magazine365\\\/fernandez-senala-que-cadiz-esta-sabiendo-aprovechar-su-potencial-como-destino-turistico\\\/#breadcrumblist\",\"itemListElement\":[{\"@type\":\"ListItem\",\"@id\":\"https:\\\/\\\/eldigitaldeasturias.com\\\/magazine365#listItem\",\"position\":1,\"name\":\"Home\",\"item\":\"https:\\\/\\\/eldigitaldeasturias.com\\\/magazine365\",\"nextItem\":{\"@type\":\"ListItem\",\"@id\":\"https:\\\/\\\/eldigitaldeasturias.com\\\/magazine365\\\/category\\\/noticias-actualidad\\\/#listItem\",\"name\":\"Noticias y Actualidad\"}},{\"@type\":\"ListItem\",\"@id\":\"https:\\\/\\\/eldigitaldeasturias.com\\\/magazine365\\\/category\\\/noticias-actualidad\\\/#listItem\",\"position\":2,\"name\":\"Noticias y Actualidad\",\"item\":\"https:\\\/\\\/eldigitaldeasturias.com\\\/magazine365\\\/category\\\/noticias-actualidad\\\/\",\"nextItem\":{\"@type\":\"ListItem\",\"@id\":\"https:\\\/\\\/eldigitaldeasturias.com\\\/magazine365\\\/fernandez-senala-que-cadiz-esta-sabiendo-aprovechar-su-potencial-como-destino-turistico\\\/#listItem\",\"name\":\"Fern\\u00e1ndez se\\u00f1ala que C\\u00e1diz \\u00abest\\u00e1 sabiendo aprovechar su potencial\\u00bb como destino tur\\u00edstico\"},\"previousItem\":{\"@type\":\"ListItem\",\"@id\":\"https:\\\/\\\/eldigitaldeasturias.com\\\/magazine365#listItem\",\"name\":\"Home\"}},{\"@type\":\"ListItem\",\"@id\":\"https:\\\/\\\/eldigitaldeasturias.com\\\/magazine365\\\/fernandez-senala-que-cadiz-esta-sabiendo-aprovechar-su-potencial-como-destino-turistico\\\/#listItem\",\"position\":3,\"name\":\"Fern\\u00e1ndez se\\u00f1ala que C\\u00e1diz \\u00abest\\u00e1 sabiendo aprovechar su potencial\\u00bb como destino tur\\u00edstico\",\"previousItem\":{\"@type\":\"ListItem\",\"@id\":\"https:\\\/\\\/eldigitaldeasturias.com\\\/magazine365\\\/category\\\/noticias-actualidad\\\/#listItem\",\"name\":\"Noticias y Actualidad\"}}]},{\"@type\":\"Organization\",\"@id\":\"https:\\\/\\\/eldigitaldeasturias.com\\\/magazine365\\\/#organization\",\"name\":\"El digital de Asturias\",\"description\":\"Revista de ocio, turismo y estilo de vida\",\"url\":\"https:\\\/\\\/eldigitaldeasturias.com\\\/magazine365\\\/\",\"logo\":{\"@type\":\"ImageObject\",\"url\":\"https:\\\/\\\/www.eldigitaldeasturias.com\\\/noticias\\\/wp-content\\\/uploads\\\/2020\\\/12\\\/EDA.jpg\",\"@id\":\"https:\\\/\\\/eldigitaldeasturias.com\\\/magazine365\\\/fernandez-senala-que-cadiz-esta-sabiendo-aprovechar-su-potencial-como-destino-turistico\\\/#organizationLogo\"},\"image\":{\"@id\":\"https:\\\/\\\/eldigitaldeasturias.com\\\/magazine365\\\/fernandez-senala-que-cadiz-esta-sabiendo-aprovechar-su-potencial-como-destino-turistico\\\/#organizationLogo\"}},{\"@type\":\"Person\",\"@id\":\"https:\\\/\\\/eldigitaldeasturias.com\\\/magazine365\\\/author\\\/admin\\\/#author\",\"url\":\"https:\\\/\\\/eldigitaldeasturias.com\\\/magazine365\\\/author\\\/admin\\\/\",\"name\":\"admin\",\"image\":{\"@type\":\"ImageObject\",\"@id\":\"https:\\\/\\\/eldigitaldeasturias.com\\\/magazine365\\\/fernandez-senala-que-cadiz-esta-sabiendo-aprovechar-su-potencial-como-destino-turistico\\\/#authorImage\",\"url\":\"https:\\\/\\\/eldigitaldeasturias.com\\\/magazine365\\\/wp-content\\\/litespeed\\\/avatar\\\/e571bcf59a0edd6fa6838245a470f2fe.jpg?ver=1777574230\",\"width\":96,\"height\":96,\"caption\":\"admin\"}},{\"@type\":\"WebPage\",\"@id\":\"https:\\\/\\\/eldigitaldeasturias.com\\\/magazine365\\\/fernandez-senala-que-cadiz-esta-sabiendo-aprovechar-su-potencial-como-destino-turistico\\\/#webpage\",\"url\":\"https:\\\/\\\/eldigitaldeasturias.com\\\/magazine365\\\/fernandez-senala-que-cadiz-esta-sabiendo-aprovechar-su-potencial-como-destino-turistico\\\/\",\"name\":\"Fern\\u00e1ndez se\\u00f1ala que C\\u00e1diz \\u00abest\\u00e1 sabiendo aprovechar su potencial\\u00bb como destino tur\\u00edstico | El Digital de Asturias\",\"description\":\"El consejero de Turismo y Deporte de la Junta, Francisco Javier Fern\\u00e1ndez, ha destacado el \\\"alto \\u00edndice\\\" de ocupaci\\u00f3n de la provincia gaditana durante la Navidad y durante el pasado a\\u00f1o, lo que achaca a que C\\u00e1diz \\\"tiene mucho potencial que est\\u00e1 sabiendo aprovechar\\\". En declaraciones a los periodistas en Olvera (C\\u00e1diz), el consejero ha\",\"inLanguage\":\"es-ES\",\"isPartOf\":{\"@id\":\"https:\\\/\\\/eldigitaldeasturias.com\\\/magazine365\\\/#website\"},\"breadcrumb\":{\"@id\":\"https:\\\/\\\/eldigitaldeasturias.com\\\/magazine365\\\/fernandez-senala-que-cadiz-esta-sabiendo-aprovechar-su-potencial-como-destino-turistico\\\/#breadcrumblist\"},\"author\":{\"@id\":\"https:\\\/\\\/eldigitaldeasturias.com\\\/magazine365\\\/author\\\/admin\\\/#author\"},\"creator\":{\"@id\":\"https:\\\/\\\/eldigitaldeasturias.com\\\/magazine365\\\/author\\\/admin\\\/#author\"},\"image\":{\"@type\":\"ImageObject\",\"url\":\"https:\\\/\\\/eldigitaldeasturias.com\\\/magazine365\\\/wp-content\\\/uploads\\\/2016\\\/01\\\/fotonoticia_20160111135741_800.jpg\",\"@id\":\"https:\\\/\\\/eldigitaldeasturias.com\\\/magazine365\\\/fernandez-senala-que-cadiz-esta-sabiendo-aprovechar-su-potencial-como-destino-turistico\\\/#mainImage\",\"width\":800,\"height\":533},\"primaryImageOfPage\":{\"@id\":\"https:\\\/\\\/eldigitaldeasturias.com\\\/magazine365\\\/fernandez-senala-que-cadiz-esta-sabiendo-aprovechar-su-potencial-como-destino-turistico\\\/#mainImage\"},\"datePublished\":\"2016-01-12T00:45:52+01:00\",\"dateModified\":\"2016-01-12T00:45:52+01:00\"},{\"@type\":\"WebSite\",\"@id\":\"https:\\\/\\\/eldigitaldeasturias.com\\\/magazine365\\\/#website\",\"url\":\"https:\\\/\\\/eldigitaldeasturias.com\\\/magazine365\\\/\",\"name\":\"El Digital de Asturias\",\"description\":\"Revista de ocio, turismo y estilo de vida\",\"inLanguage\":\"es-ES\",\"publisher\":{\"@id\":\"https:\\\/\\\/eldigitaldeasturias.com\\\/magazine365\\\/#organization\"}}]}\n\t\t<\/script>\n\t\t<!-- All in One SEO Pro -->\r\n\t\t<title>Fern\u00e1ndez se\u00f1ala que C\u00e1diz \u00abest\u00e1 sabiendo aprovechar su potencial\u00bb como destino tur\u00edstico | El Digital de Asturias<\/title>\n\n","aioseo_head_json":{"title":"Fern\u00e1ndez se\u00f1ala que C\u00e1diz \u00abest\u00e1 sabiendo aprovechar su potencial\u00bb como destino tur\u00edstico | El Digital de Asturias","description":"El consejero de Turismo y Deporte de la Junta, Francisco Javier Fern\u00e1ndez, ha destacado el \"alto \u00edndice\" de ocupaci\u00f3n de la provincia gaditana durante la Navidad y durante el pasado a\u00f1o, lo que achaca a que C\u00e1diz \"tiene mucho potencial que est\u00e1 sabiendo aprovechar\". En declaraciones a los periodistas en Olvera (C\u00e1diz), el consejero ha","canonical_url":"https:\/\/eldigitaldeasturias.com\/magazine365\/fernandez-senala-que-cadiz-esta-sabiendo-aprovechar-su-potencial-como-destino-turistico\/","robots":"max-image-preview:large","keywords":"noticias y actualidad","webmasterTools":{"google-site-verification":"UA-38556648-1","miscellaneous":""},"schema":{"@context":"https:\/\/schema.org","@graph":[{"@type":"Article","@id":"https:\/\/eldigitaldeasturias.com\/magazine365\/fernandez-senala-que-cadiz-esta-sabiendo-aprovechar-su-potencial-como-destino-turistico\/#article","name":"Fern\u00e1ndez se\u00f1ala que C\u00e1diz \u00abest\u00e1 sabiendo aprovechar su potencial\u00bb como destino tur\u00edstico | El Digital de Asturias","headline":"Fern\u00e1ndez se\u00f1ala que C\u00e1diz \u00abest\u00e1 sabiendo aprovechar su potencial\u00bb como destino tur\u00edstico","author":{"@id":"https:\/\/eldigitaldeasturias.com\/magazine365\/author\/admin\/#author"},"publisher":{"@id":"https:\/\/eldigitaldeasturias.com\/magazine365\/#organization"},"image":{"@type":"ImageObject","url":"https:\/\/eldigitaldeasturias.com\/magazine365\/wp-content\/uploads\/2016\/01\/fotonoticia_20160111135741_800.jpg","width":800,"height":533},"datePublished":"2016-01-12T00:45:52+01:00","dateModified":"2016-01-12T00:45:52+01:00","inLanguage":"es-ES","mainEntityOfPage":{"@id":"https:\/\/eldigitaldeasturias.com\/magazine365\/fernandez-senala-que-cadiz-esta-sabiendo-aprovechar-su-potencial-como-destino-turistico\/#webpage"},"isPartOf":{"@id":"https:\/\/eldigitaldeasturias.com\/magazine365\/fernandez-senala-que-cadiz-esta-sabiendo-aprovechar-su-potencial-como-destino-turistico\/#webpage"},"articleSection":"Noticias y Actualidad"},{"@type":"BreadcrumbList","@id":"https:\/\/eldigitaldeasturias.com\/magazine365\/fernandez-senala-que-cadiz-esta-sabiendo-aprovechar-su-potencial-como-destino-turistico\/#breadcrumblist","itemListElement":[{"@type":"ListItem","@id":"https:\/\/eldigitaldeasturias.com\/magazine365#listItem","position":1,"name":"Home","item":"https:\/\/eldigitaldeasturias.com\/magazine365","nextItem":{"@type":"ListItem","@id":"https:\/\/eldigitaldeasturias.com\/magazine365\/category\/noticias-actualidad\/#listItem","name":"Noticias y Actualidad"}},{"@type":"ListItem","@id":"https:\/\/eldigitaldeasturias.com\/magazine365\/category\/noticias-actualidad\/#listItem","position":2,"name":"Noticias y Actualidad","item":"https:\/\/eldigitaldeasturias.com\/magazine365\/category\/noticias-actualidad\/","nextItem":{"@type":"ListItem","@id":"https:\/\/eldigitaldeasturias.com\/magazine365\/fernandez-senala-que-cadiz-esta-sabiendo-aprovechar-su-potencial-como-destino-turistico\/#listItem","name":"Fern\u00e1ndez se\u00f1ala que C\u00e1diz \u00abest\u00e1 sabiendo aprovechar su potencial\u00bb como destino tur\u00edstico"},"previousItem":{"@type":"ListItem","@id":"https:\/\/eldigitaldeasturias.com\/magazine365#listItem","name":"Home"}},{"@type":"ListItem","@id":"https:\/\/eldigitaldeasturias.com\/magazine365\/fernandez-senala-que-cadiz-esta-sabiendo-aprovechar-su-potencial-como-destino-turistico\/#listItem","position":3,"name":"Fern\u00e1ndez se\u00f1ala que C\u00e1diz \u00abest\u00e1 sabiendo aprovechar su potencial\u00bb como destino tur\u00edstico","previousItem":{"@type":"ListItem","@id":"https:\/\/eldigitaldeasturias.com\/magazine365\/category\/noticias-actualidad\/#listItem","name":"Noticias y Actualidad"}}]},{"@type":"Organization","@id":"https:\/\/eldigitaldeasturias.com\/magazine365\/#organization","name":"El digital de Asturias","description":"Revista de ocio, turismo y estilo de vida","url":"https:\/\/eldigitaldeasturias.com\/magazine365\/","logo":{"@type":"ImageObject","url":"https:\/\/www.eldigitaldeasturias.com\/noticias\/wp-content\/uploads\/2020\/12\/EDA.jpg","@id":"https:\/\/eldigitaldeasturias.com\/magazine365\/fernandez-senala-que-cadiz-esta-sabiendo-aprovechar-su-potencial-como-destino-turistico\/#organizationLogo"},"image":{"@id":"https:\/\/eldigitaldeasturias.com\/magazine365\/fernandez-senala-que-cadiz-esta-sabiendo-aprovechar-su-potencial-como-destino-turistico\/#organizationLogo"}},{"@type":"Person","@id":"https:\/\/eldigitaldeasturias.com\/magazine365\/author\/admin\/#author","url":"https:\/\/eldigitaldeasturias.com\/magazine365\/author\/admin\/","name":"admin","image":{"@type":"ImageObject","@id":"https:\/\/eldigitaldeasturias.com\/magazine365\/fernandez-senala-que-cadiz-esta-sabiendo-aprovechar-su-potencial-como-destino-turistico\/#authorImage","url":"https:\/\/eldigitaldeasturias.com\/magazine365\/wp-content\/litespeed\/avatar\/e571bcf59a0edd6fa6838245a470f2fe.jpg?ver=1777574230","width":96,"height":96,"caption":"admin"}},{"@type":"WebPage","@id":"https:\/\/eldigitaldeasturias.com\/magazine365\/fernandez-senala-que-cadiz-esta-sabiendo-aprovechar-su-potencial-como-destino-turistico\/#webpage","url":"https:\/\/eldigitaldeasturias.com\/magazine365\/fernandez-senala-que-cadiz-esta-sabiendo-aprovechar-su-potencial-como-destino-turistico\/","name":"Fern\u00e1ndez se\u00f1ala que C\u00e1diz \u00abest\u00e1 sabiendo aprovechar su potencial\u00bb como destino tur\u00edstico | El Digital de Asturias","description":"El consejero de Turismo y Deporte de la Junta, Francisco Javier Fern\u00e1ndez, ha destacado el \"alto \u00edndice\" de ocupaci\u00f3n de la provincia gaditana durante la Navidad y durante el pasado a\u00f1o, lo que achaca a que C\u00e1diz \"tiene mucho potencial que est\u00e1 sabiendo aprovechar\". En declaraciones a los periodistas en Olvera (C\u00e1diz), el consejero ha","inLanguage":"es-ES","isPartOf":{"@id":"https:\/\/eldigitaldeasturias.com\/magazine365\/#website"},"breadcrumb":{"@id":"https:\/\/eldigitaldeasturias.com\/magazine365\/fernandez-senala-que-cadiz-esta-sabiendo-aprovechar-su-potencial-como-destino-turistico\/#breadcrumblist"},"author":{"@id":"https:\/\/eldigitaldeasturias.com\/magazine365\/author\/admin\/#author"},"creator":{"@id":"https:\/\/eldigitaldeasturias.com\/magazine365\/author\/admin\/#author"},"image":{"@type":"ImageObject","url":"https:\/\/eldigitaldeasturias.com\/magazine365\/wp-content\/uploads\/2016\/01\/fotonoticia_20160111135741_800.jpg","@id":"https:\/\/eldigitaldeasturias.com\/magazine365\/fernandez-senala-que-cadiz-esta-sabiendo-aprovechar-su-potencial-como-destino-turistico\/#mainImage","width":800,"height":533},"primaryImageOfPage":{"@id":"https:\/\/eldigitaldeasturias.com\/magazine365\/fernandez-senala-que-cadiz-esta-sabiendo-aprovechar-su-potencial-como-destino-turistico\/#mainImage"},"datePublished":"2016-01-12T00:45:52+01:00","dateModified":"2016-01-12T00:45:52+01:00"},{"@type":"WebSite","@id":"https:\/\/eldigitaldeasturias.com\/magazine365\/#website","url":"https:\/\/eldigitaldeasturias.com\/magazine365\/","name":"El Digital de Asturias","description":"Revista de ocio, turismo y estilo de vida","inLanguage":"es-ES","publisher":{"@id":"https:\/\/eldigitaldeasturias.com\/magazine365\/#organization"}}]},"og:locale":"es_ES","og:site_name":"El Digital de Asturias \u2013 Revista de ocio, turismo y estilo de vida","og:type":"article","og:title":"Fern\u00e1ndez se\u00f1ala que C\u00e1diz \u00abest\u00e1 sabiendo aprovechar su potencial\u00bb como destino tur\u00edstico | El Digital de Asturias","og:description":"El consejero de Turismo y Deporte de la Junta, Francisco Javier Fern\u00e1ndez, ha destacado el &quot;alto \u00edndice&quot; de ocupaci\u00f3n de la provincia gaditana durante la Navidad y durante el pasado a\u00f1o, lo que achaca a que C\u00e1diz &quot;tiene mucho potencial que est\u00e1 sabiendo aprovechar&quot;. En declaraciones a los periodistas en Olvera (C\u00e1diz), el consejero ha","og:url":"https:\/\/eldigitaldeasturias.com\/magazine365\/fernandez-senala-que-cadiz-esta-sabiendo-aprovechar-su-potencial-como-destino-turistico\/","og:image":"https:\/\/eldigitaldeasturias.com\/magazine365\/wp-content\/uploads\/2016\/01\/fotonoticia_20160111135741_800.jpg","og:image:secure_url":"https:\/\/eldigitaldeasturias.com\/magazine365\/wp-content\/uploads\/2016\/01\/fotonoticia_20160111135741_800.jpg","og:image:width":800,"og:image:height":533,"article:published_time":"2016-01-11T23:45:52+00:00","article:modified_time":"2016-01-11T23:45:52+00:00","twitter:card":"summary_large_image","twitter:title":"Fern\u00e1ndez se\u00f1ala que C\u00e1diz \u00abest\u00e1 sabiendo aprovechar su potencial\u00bb como destino tur\u00edstico | El Digital de Asturias","twitter:description":"El consejero de Turismo y Deporte de la Junta, Francisco Javier Fern\u00e1ndez, ha destacado el &quot;alto \u00edndice&quot; de ocupaci\u00f3n de la provincia gaditana durante la Navidad y durante el pasado a\u00f1o, lo que achaca a que C\u00e1diz &quot;tiene mucho potencial que est\u00e1 sabiendo aprovechar&quot;. En declaraciones a los periodistas en Olvera (C\u00e1diz), el consejero ha","twitter:image":"https:\/\/eldigitaldeasturias.com\/magazine365\/wp-content\/uploads\/2016\/01\/fotonoticia_20160111135741_800.jpg"},"aioseo_meta_data":{"post_id":"60179","title":null,"description":null,"keywords":null,"keyphrases":null,"primary_term":null,"canonical_url":null,"og_title":null,"og_description":null,"og_object_type":"default","og_image_type":"default","og_image_url":null,"og_image_width":null,"og_image_height":null,"og_image_custom_url":null,"og_image_custom_fields":null,"og_video":null,"og_custom_url":null,"og_article_section":null,"og_article_tags":null,"twitter_use_og":false,"twitter_card":"default","twitter_image_type":"default","twitter_image_url":null,"twitter_image_custom_url":null,"twitter_image_custom_fields":null,"twitter_title":null,"twitter_description":null,"schema":{"blockGraphs":[],"customGraphs":[],"default":{"data":{"Article":[],"Course":[],"Dataset":[],"FAQPage":[],"Movie":[],"Person":[],"Product":[],"ProductReview":[],"Car":[],"Recipe":[],"Service":[],"SoftwareApplication":[],"WebPage":[]},"graphName":"","isEnabled":true},"graphs":[],"defaultGraph":"","defaultPostTypeGraph":""},"schema_type":null,"schema_type_options":null,"pillar_content":false,"robots_default":true,"robots_noindex":false,"robots_noarchive":false,"robots_nosnippet":false,"robots_nofollow":false,"robots_noimageindex":false,"robots_noodp":false,"robots_notranslate":false,"robots_max_snippet":null,"robots_max_videopreview":null,"robots_max_imagepreview":"large","priority":null,"frequency":null,"location":null,"local_seo":null,"seo_analyzer_scan_date":"2025-09-25 06:23:58","breadcrumb_settings":null,"limit_modified_date":false,"open_ai":null,"ai":null,"created":"2021-03-08 22:04:43","updated":"2025-09-25 06:23:58"},"aioseo_breadcrumb":"<div class=\"aioseo-breadcrumbs\"><span class=\"aioseo-breadcrumb\">\n\t<a href=\"https:\/\/eldigitaldeasturias.com\/magazine365\" title=\"Home\">Home<\/a>\n<\/span><span class=\"aioseo-breadcrumb-separator\">\u2013<\/span><span class=\"aioseo-breadcrumb\">\n\t<a href=\"https:\/\/eldigitaldeasturias.com\/magazine365\/category\/noticias-actualidad\/\" title=\"Noticias y Actualidad\">Noticias y Actualidad<\/a>\n<\/span><span class=\"aioseo-breadcrumb-separator\">\u2013<\/span><span class=\"aioseo-breadcrumb\">\n\t<a href=\"https:\/\/eldigitaldeasturias.com\/magazine365\/fernandez-senala-que-cadiz-esta-sabiendo-aprovechar-su-potencial-como-destino-turistico\/\" title=\"Fern\u00e1ndez se\u00f1ala que C\u00e1diz \u00abest\u00e1 sabiendo aprovechar su potencial\u00bb como destino tur\u00edstico\">Fern\u00e1ndez se\u00f1ala que C\u00e1diz \u00abest\u00e1 sabiendo aprovechar su potencial\u00bb como destino tur\u00edstico<\/a>\n<\/span><\/div>","aioseo_breadcrumb_json":[{"label":"Home","link":"https:\/\/eldigitaldeasturias.com\/magazine365"},{"label":"Noticias y Actualidad","link":"https:\/\/eldigitaldeasturias.com\/magazine365\/category\/noticias-actualidad\/"},{"label":"Fern\u00e1ndez se\u00f1ala que C\u00e1diz \u00abest\u00e1 sabiendo aprovechar su potencial\u00bb como destino tur\u00edstico","link":"https:\/\/eldigitaldeasturias.com\/magazine365\/fernandez-senala-que-cadiz-esta-sabiendo-aprovechar-su-potencial-como-destino-turistico\/"}],"_links":{"self":[{"href":"https:\/\/eldigitaldeasturias.com\/magazine365\/wp-json\/wp\/v2\/posts\/60179","targetHints":{"allow":["GET"]}}],"collection":[{"href":"https:\/\/eldigitaldeasturias.com\/magazine365\/wp-json\/wp\/v2\/posts"}],"about":[{"href":"https:\/\/eldigitaldeasturias.com\/magazine365\/wp-json\/wp\/v2\/types\/post"}],"author":[{"embeddable":true,"href":"https:\/\/eldigitaldeasturias.com\/magazine365\/wp-json\/wp\/v2\/users\/1"}],"replies":[{"embeddable":true,"href":"https:\/\/eldigitaldeasturias.com\/magazine365\/wp-json\/wp\/v2\/comments?post=60179"}],"version-history":[{"count":0,"href":"https:\/\/eldigitaldeasturias.com\/magazine365\/wp-json\/wp\/v2\/posts\/60179\/revisions"}],"wp:featuredmedia":[{"embeddable":true,"href":"https:\/\/eldigitaldeasturias.com\/magazine365\/wp-json\/wp\/v2\/media\/60180"}],"wp:attachment":[{"href":"https:\/\/eldigitaldeasturias.com\/magazine365\/wp-json\/wp\/v2\/media?parent=60179"}],"wp:term":[{"taxonomy":"category","embeddable":true,"href":"https:\/\/eldigitaldeasturias.com\/magazine365\/wp-json\/wp\/v2\/categories?post=60179"},{"taxonomy":"post_tag","embeddable":true,"href":"https:\/\/eldigitaldeasturias.com\/magazine365\/wp-json\/wp\/v2\/tags?post=60179"}],"curies":[{"name":"wp","href":"https:\/\/api.w.org\/{rel}","templated":true}]}}