{"id":60140,"date":"2016-01-12T00:31:36","date_gmt":"2016-01-11T23:31:36","guid":{"rendered":"http:\/\/eldigitaldeasturias.com\/magazine365\/?p=60140"},"modified":"2016-01-12T00:31:36","modified_gmt":"2016-01-11T23:31:36","slug":"la-junta-insiste-en-que-nadie-ha-barajado-ninguna-opcion-de-cerrar-la-consula","status":"publish","type":"post","link":"https:\/\/eldigitaldeasturias.com\/magazine365\/la-junta-insiste-en-que-nadie-ha-barajado-ninguna-opcion-de-cerrar-la-consula\/","title":{"rendered":"La Junta insiste en que \u00abnadie ha barajado ninguna opci\u00f3n\u00bb de cerrar La C\u00f3nsula"},"content":{"rendered":"<p><img fetchpriority=\"high\" decoding=\"async\" class=\"alignleft size-medium wp-image-60141\" src=\"https:\/\/eldigitaldeasturias.com\/magazine365\/wp-content\/uploads\/2016\/01\/fotonoticia_20160111125352_800-360x228.jpg\" alt=\"fotonoticia_20160111125352_800\" width=\"360\" height=\"228\" srcset=\"https:\/\/eldigitaldeasturias.com\/magazine365\/wp-content\/uploads\/2016\/01\/fotonoticia_20160111125352_800-360x228.jpg 360w, https:\/\/eldigitaldeasturias.com\/magazine365\/wp-content\/uploads\/2016\/01\/fotonoticia_20160111125352_800-650x412.jpg 650w, https:\/\/eldigitaldeasturias.com\/magazine365\/wp-content\/uploads\/2016\/01\/fotonoticia_20160111125352_800-768x487.jpg 768w, https:\/\/eldigitaldeasturias.com\/magazine365\/wp-content\/uploads\/2016\/01\/fotonoticia_20160111125352_800-150x95.jpg 150w, https:\/\/eldigitaldeasturias.com\/magazine365\/wp-content\/uploads\/2016\/01\/fotonoticia_20160111125352_800-450x285.jpg 450w, https:\/\/eldigitaldeasturias.com\/magazine365\/wp-content\/uploads\/2016\/01\/fotonoticia_20160111125352_800-696x441.jpg 696w, https:\/\/eldigitaldeasturias.com\/magazine365\/wp-content\/uploads\/2016\/01\/fotonoticia_20160111125352_800-663x420.jpg 663w, https:\/\/eldigitaldeasturias.com\/magazine365\/wp-content\/uploads\/2016\/01\/fotonoticia_20160111125352_800-269x170.jpg 269w, https:\/\/eldigitaldeasturias.com\/magazine365\/wp-content\/uploads\/2016\/01\/fotonoticia_20160111125352_800-365x230.jpg 365w, https:\/\/eldigitaldeasturias.com\/magazine365\/wp-content\/uploads\/2016\/01\/fotonoticia_20160111125352_800-355x226.jpg 355w, https:\/\/eldigitaldeasturias.com\/magazine365\/wp-content\/uploads\/2016\/01\/fotonoticia_20160111125352_800-160x100.jpg 160w, https:\/\/eldigitaldeasturias.com\/magazine365\/wp-content\/uploads\/2016\/01\/fotonoticia_20160111125352_800.jpg 800w\" sizes=\"(max-width: 360px) 100vw, 360px\" \/>El delegado del Gobierno andaluz en M\u00e1laga, Jos\u00e9 Luis Ruiz Espejo, ha afirmado este lunes que, \u00aben ning\u00fan momento, nadie ha barajado ninguna opci\u00f3n\u00bb de cerrar la escuela de hosteler\u00eda de La C\u00f3nsula, en la capital, y ha recordado que los \u00abtrabajadores est\u00e1n all\u00ed y hemos estado manteniendo reuniones con ellos para programar el inicio de la actividad docente normalizada para cumplir todo el curso, de docencia y pr\u00e1ctica\u00bb.<\/p>\n<p>Este lunes est\u00e1 prevista una nueva reuni\u00f3n con los trabajadores, despu\u00e9s de que los alumnos de la Escuela de Hosteler\u00eda de La C\u00f3nsula y La Fonda, en Benalm\u00e1dena (M\u00e1laga) no hayan podido volver a dar clases hasta que se realice la auditor\u00eda de las cuentas de ambos centros.<\/p>\n<p>Ruiz Espejo, que ha presentado el balance de donaciones y trasplantes registrados en el &#8216;Sector M\u00e1laga&#8217;, ha recordado que la pasada semana se decidi\u00f3 con los trabajadores \u00abestablecer cu\u00e1l iba a ser la programaci\u00f3n y el calendario para el inicio de este trimestre\u00bb y, en funci\u00f3n de ese di\u00e1logo y acuerdo, \u00abse establecer\u00e1 esa programaci\u00f3n y, por tanto, se comunicar\u00e1 a los alumnos\u00bb.<\/p>\n<p>Ha a\u00f1adido que es una cuesti\u00f3n que hay que tratar con los trabajadores porque \u00abel final del trimestre pasado no fue normalizado\u00bb y \u00abquer\u00edamos que el inicio se produjera en unas condiciones de normalidad docente para los alumnos, con el objetivo de cumplir el curso con las horas de docencia y pr\u00e1ctica que tiene que tener\u00bb.<\/p>\n<p>Por otro lado, ha recordado que el proceso de integraci\u00f3n en el Servicio Andaluz de Empleo (SAE), que es el que garantizar\u00e1 el funcionamiento futuro y definitivo de estas escuelas de formaci\u00f3n, \u00absigue su curso\u00bb y ha a\u00f1adido que se est\u00e1 a la espera de los documentos que \u00abson necesarios para continuar con esa tramitaci\u00f3n definitiva\u00bb.<\/p>\n<p>Tras la aprobaci\u00f3n de las cuentas de ambos consorcios y una vez que se realice la auditor\u00eda de las cuentas, se convocar\u00e1 un nuevo Consejo para su aprobaci\u00f3n y para la cesi\u00f3n definitiva al SAE de los activos y pasivos de las escuelas, con lo que el proceso quedar\u00eda culminado y se proceder\u00eda a la integraci\u00f3n.<\/p>\n<p>\u00abEl horizonte esta despejado, y en estos momentos, estamos en las tareas administrativas, que son requisitos imprescindibles para que cualquier organizaci\u00f3n pueda integrarse en un organismo publico\u00bb, ha incidido.<\/p>\n<p>Cuestionado por alguna fecha concreta en la que podr\u00edan estar las auditorias, ha explicado que \u00abdepende del \u00f3rgano al que se le contrat\u00f3\u00bb, incidiendo, al respecto, que \u00abtiene unos tiempos legales m\u00e1ximos, que es de un mes para realizar la auditoria y los trabajos de intervenci\u00f3n, que tienen tambi\u00e9n que realizarse para poder contar con ello\u00bb.<\/p>\n<p>\u00abNo son fechas que nosotros podamos dar porque dependen de estos \u00f3rganos y son requisitos imprescindibles en una tramitaci\u00f3n administrativa como \u00e9sta\u00bb, ha concluido.<\/p>\n","protected":false},"excerpt":{"rendered":"<p>El delegado del Gobierno andaluz en M\u00e1laga, Jos\u00e9 Luis Ruiz Espejo, ha afirmado este lunes que, \u00aben ning\u00fan momento, nadie ha barajado ninguna opci\u00f3n\u00bb de cerrar la escuela de hosteler\u00eda de La C\u00f3nsula, en la capital, y ha recordado que los \u00abtrabajadores est\u00e1n all\u00ed y hemos estado manteniendo reuniones con ellos para programar el inicio<\/p>\n","protected":false},"author":1,"featured_media":60141,"comment_status":"open","ping_status":"closed","sticky":false,"template":"","format":"standard","meta":{"footnotes":""},"categories":[224],"tags":[],"class_list":{"0":"post-60140","1":"post","2":"type-post","3":"status-publish","4":"format-standard","5":"has-post-thumbnail","7":"category-noticias-actualidad"},"aioseo_notices":[],"aioseo_head":"\n\t\t<!-- All in One SEO Pro 4.9.6.1 - aioseo.com -->\n\t<meta name=\"description\" content=\"El delegado del Gobierno andaluz en M\u00e1laga, Jos\u00e9 Luis Ruiz Espejo, ha afirmado este lunes que, &quot;en ning\u00fan momento, nadie ha barajado ninguna opci\u00f3n&quot; de cerrar la escuela de hosteler\u00eda de La C\u00f3nsula, en la capital, y ha recordado que los &quot;trabajadores est\u00e1n all\u00ed y hemos estado manteniendo reuniones con ellos para programar el inicio\" \/>\n\t<meta name=\"robots\" content=\"max-image-preview:large\" \/>\n\t<meta name=\"author\" content=\"admin\"\/>\n\t<meta name=\"google-site-verification\" content=\"UA-38556648-1\" \/>\n\t<meta name=\"keywords\" content=\"noticias y actualidad\" \/>\n\t<link rel=\"canonical\" href=\"https:\/\/eldigitaldeasturias.com\/magazine365\/la-junta-insiste-en-que-nadie-ha-barajado-ninguna-opcion-de-cerrar-la-consula\/\" \/>\n\t<meta name=\"generator\" content=\"All in One SEO Pro (AIOSEO) 4.9.6.1\" \/>\n\t\t<meta property=\"og:locale\" content=\"es_ES\" \/>\n\t\t<meta property=\"og:site_name\" content=\"El Digital de Asturias \u2013 Revista de ocio, turismo y estilo de vida\" \/>\n\t\t<meta property=\"og:type\" content=\"article\" \/>\n\t\t<meta property=\"og:title\" content=\"La Junta insiste en que \u00abnadie ha barajado ninguna opci\u00f3n\u00bb de cerrar La C\u00f3nsula | El Digital de Asturias\" \/>\n\t\t<meta property=\"og:description\" content=\"El delegado del Gobierno andaluz en M\u00e1laga, Jos\u00e9 Luis Ruiz Espejo, ha afirmado este lunes que, &quot;en ning\u00fan momento, nadie ha barajado ninguna opci\u00f3n&quot; de cerrar la escuela de hosteler\u00eda de La C\u00f3nsula, en la capital, y ha recordado que los &quot;trabajadores est\u00e1n all\u00ed y hemos estado manteniendo reuniones con ellos para programar el inicio\" \/>\n\t\t<meta property=\"og:url\" content=\"https:\/\/eldigitaldeasturias.com\/magazine365\/la-junta-insiste-en-que-nadie-ha-barajado-ninguna-opcion-de-cerrar-la-consula\/\" \/>\n\t\t<meta property=\"og:image\" content=\"https:\/\/eldigitaldeasturias.com\/magazine365\/wp-content\/uploads\/2016\/01\/fotonoticia_20160111125352_800.jpg\" \/>\n\t\t<meta property=\"og:image:secure_url\" content=\"https:\/\/eldigitaldeasturias.com\/magazine365\/wp-content\/uploads\/2016\/01\/fotonoticia_20160111125352_800.jpg\" \/>\n\t\t<meta property=\"og:image:width\" content=\"800\" \/>\n\t\t<meta property=\"og:image:height\" content=\"507\" \/>\n\t\t<meta property=\"article:published_time\" content=\"2016-01-11T23:31:36+00:00\" \/>\n\t\t<meta property=\"article:modified_time\" content=\"2016-01-11T23:31:36+00:00\" \/>\n\t\t<meta name=\"twitter:card\" content=\"summary_large_image\" \/>\n\t\t<meta name=\"twitter:title\" content=\"La Junta insiste en que \u00abnadie ha barajado ninguna opci\u00f3n\u00bb de cerrar La C\u00f3nsula | El Digital de Asturias\" \/>\n\t\t<meta name=\"twitter:description\" content=\"El delegado del Gobierno andaluz en M\u00e1laga, Jos\u00e9 Luis Ruiz Espejo, ha afirmado este lunes que, &quot;en ning\u00fan momento, nadie ha barajado ninguna opci\u00f3n&quot; de cerrar la escuela de hosteler\u00eda de La C\u00f3nsula, en la capital, y ha recordado que los &quot;trabajadores est\u00e1n all\u00ed y hemos estado manteniendo reuniones con ellos para programar el inicio\" \/>\n\t\t<meta name=\"twitter:image\" content=\"https:\/\/eldigitaldeasturias.com\/magazine365\/wp-content\/uploads\/2016\/01\/fotonoticia_20160111125352_800.jpg\" \/>\n\t\t<script type=\"application\/ld+json\" class=\"aioseo-schema\">\n\t\t\t{\"@context\":\"https:\\\/\\\/schema.org\",\"@graph\":[{\"@type\":\"Article\",\"@id\":\"https:\\\/\\\/eldigitaldeasturias.com\\\/magazine365\\\/la-junta-insiste-en-que-nadie-ha-barajado-ninguna-opcion-de-cerrar-la-consula\\\/#article\",\"name\":\"La Junta insiste en que \\u00abnadie ha barajado ninguna opci\\u00f3n\\u00bb de cerrar La C\\u00f3nsula | El Digital de Asturias\",\"headline\":\"La Junta insiste en que \\u00abnadie ha barajado ninguna opci\\u00f3n\\u00bb de cerrar La C\\u00f3nsula\",\"author\":{\"@id\":\"https:\\\/\\\/eldigitaldeasturias.com\\\/magazine365\\\/author\\\/admin\\\/#author\"},\"publisher\":{\"@id\":\"https:\\\/\\\/eldigitaldeasturias.com\\\/magazine365\\\/#organization\"},\"image\":{\"@type\":\"ImageObject\",\"url\":\"https:\\\/\\\/eldigitaldeasturias.com\\\/magazine365\\\/wp-content\\\/uploads\\\/2016\\\/01\\\/fotonoticia_20160111125352_800.jpg\",\"width\":800,\"height\":507},\"datePublished\":\"2016-01-12T00:31:36+01:00\",\"dateModified\":\"2016-01-12T00:31:36+01:00\",\"inLanguage\":\"es-ES\",\"mainEntityOfPage\":{\"@id\":\"https:\\\/\\\/eldigitaldeasturias.com\\\/magazine365\\\/la-junta-insiste-en-que-nadie-ha-barajado-ninguna-opcion-de-cerrar-la-consula\\\/#webpage\"},\"isPartOf\":{\"@id\":\"https:\\\/\\\/eldigitaldeasturias.com\\\/magazine365\\\/la-junta-insiste-en-que-nadie-ha-barajado-ninguna-opcion-de-cerrar-la-consula\\\/#webpage\"},\"articleSection\":\"Noticias y Actualidad\"},{\"@type\":\"BreadcrumbList\",\"@id\":\"https:\\\/\\\/eldigitaldeasturias.com\\\/magazine365\\\/la-junta-insiste-en-que-nadie-ha-barajado-ninguna-opcion-de-cerrar-la-consula\\\/#breadcrumblist\",\"itemListElement\":[{\"@type\":\"ListItem\",\"@id\":\"https:\\\/\\\/eldigitaldeasturias.com\\\/magazine365#listItem\",\"position\":1,\"name\":\"Home\",\"item\":\"https:\\\/\\\/eldigitaldeasturias.com\\\/magazine365\",\"nextItem\":{\"@type\":\"ListItem\",\"@id\":\"https:\\\/\\\/eldigitaldeasturias.com\\\/magazine365\\\/category\\\/noticias-actualidad\\\/#listItem\",\"name\":\"Noticias y Actualidad\"}},{\"@type\":\"ListItem\",\"@id\":\"https:\\\/\\\/eldigitaldeasturias.com\\\/magazine365\\\/category\\\/noticias-actualidad\\\/#listItem\",\"position\":2,\"name\":\"Noticias y Actualidad\",\"item\":\"https:\\\/\\\/eldigitaldeasturias.com\\\/magazine365\\\/category\\\/noticias-actualidad\\\/\",\"nextItem\":{\"@type\":\"ListItem\",\"@id\":\"https:\\\/\\\/eldigitaldeasturias.com\\\/magazine365\\\/la-junta-insiste-en-que-nadie-ha-barajado-ninguna-opcion-de-cerrar-la-consula\\\/#listItem\",\"name\":\"La Junta insiste en que \\u00abnadie ha barajado ninguna opci\\u00f3n\\u00bb de cerrar La C\\u00f3nsula\"},\"previousItem\":{\"@type\":\"ListItem\",\"@id\":\"https:\\\/\\\/eldigitaldeasturias.com\\\/magazine365#listItem\",\"name\":\"Home\"}},{\"@type\":\"ListItem\",\"@id\":\"https:\\\/\\\/eldigitaldeasturias.com\\\/magazine365\\\/la-junta-insiste-en-que-nadie-ha-barajado-ninguna-opcion-de-cerrar-la-consula\\\/#listItem\",\"position\":3,\"name\":\"La Junta insiste en que \\u00abnadie ha barajado ninguna opci\\u00f3n\\u00bb de cerrar La C\\u00f3nsula\",\"previousItem\":{\"@type\":\"ListItem\",\"@id\":\"https:\\\/\\\/eldigitaldeasturias.com\\\/magazine365\\\/category\\\/noticias-actualidad\\\/#listItem\",\"name\":\"Noticias y Actualidad\"}}]},{\"@type\":\"Organization\",\"@id\":\"https:\\\/\\\/eldigitaldeasturias.com\\\/magazine365\\\/#organization\",\"name\":\"El digital de Asturias\",\"description\":\"Revista de ocio, turismo y estilo de vida\",\"url\":\"https:\\\/\\\/eldigitaldeasturias.com\\\/magazine365\\\/\",\"logo\":{\"@type\":\"ImageObject\",\"url\":\"https:\\\/\\\/www.eldigitaldeasturias.com\\\/noticias\\\/wp-content\\\/uploads\\\/2020\\\/12\\\/EDA.jpg\",\"@id\":\"https:\\\/\\\/eldigitaldeasturias.com\\\/magazine365\\\/la-junta-insiste-en-que-nadie-ha-barajado-ninguna-opcion-de-cerrar-la-consula\\\/#organizationLogo\"},\"image\":{\"@id\":\"https:\\\/\\\/eldigitaldeasturias.com\\\/magazine365\\\/la-junta-insiste-en-que-nadie-ha-barajado-ninguna-opcion-de-cerrar-la-consula\\\/#organizationLogo\"}},{\"@type\":\"Person\",\"@id\":\"https:\\\/\\\/eldigitaldeasturias.com\\\/magazine365\\\/author\\\/admin\\\/#author\",\"url\":\"https:\\\/\\\/eldigitaldeasturias.com\\\/magazine365\\\/author\\\/admin\\\/\",\"name\":\"admin\",\"image\":{\"@type\":\"ImageObject\",\"@id\":\"https:\\\/\\\/eldigitaldeasturias.com\\\/magazine365\\\/la-junta-insiste-en-que-nadie-ha-barajado-ninguna-opcion-de-cerrar-la-consula\\\/#authorImage\",\"url\":\"https:\\\/\\\/eldigitaldeasturias.com\\\/magazine365\\\/wp-content\\\/litespeed\\\/avatar\\\/e571bcf59a0edd6fa6838245a470f2fe.jpg?ver=1777574230\",\"width\":96,\"height\":96,\"caption\":\"admin\"}},{\"@type\":\"WebPage\",\"@id\":\"https:\\\/\\\/eldigitaldeasturias.com\\\/magazine365\\\/la-junta-insiste-en-que-nadie-ha-barajado-ninguna-opcion-de-cerrar-la-consula\\\/#webpage\",\"url\":\"https:\\\/\\\/eldigitaldeasturias.com\\\/magazine365\\\/la-junta-insiste-en-que-nadie-ha-barajado-ninguna-opcion-de-cerrar-la-consula\\\/\",\"name\":\"La Junta insiste en que \\u00abnadie ha barajado ninguna opci\\u00f3n\\u00bb de cerrar La C\\u00f3nsula | El Digital de Asturias\",\"description\":\"El delegado del Gobierno andaluz en M\\u00e1laga, Jos\\u00e9 Luis Ruiz Espejo, ha afirmado este lunes que, \\\"en ning\\u00fan momento, nadie ha barajado ninguna opci\\u00f3n\\\" de cerrar la escuela de hosteler\\u00eda de La C\\u00f3nsula, en la capital, y ha recordado que los \\\"trabajadores est\\u00e1n all\\u00ed y hemos estado manteniendo reuniones con ellos para programar el inicio\",\"inLanguage\":\"es-ES\",\"isPartOf\":{\"@id\":\"https:\\\/\\\/eldigitaldeasturias.com\\\/magazine365\\\/#website\"},\"breadcrumb\":{\"@id\":\"https:\\\/\\\/eldigitaldeasturias.com\\\/magazine365\\\/la-junta-insiste-en-que-nadie-ha-barajado-ninguna-opcion-de-cerrar-la-consula\\\/#breadcrumblist\"},\"author\":{\"@id\":\"https:\\\/\\\/eldigitaldeasturias.com\\\/magazine365\\\/author\\\/admin\\\/#author\"},\"creator\":{\"@id\":\"https:\\\/\\\/eldigitaldeasturias.com\\\/magazine365\\\/author\\\/admin\\\/#author\"},\"image\":{\"@type\":\"ImageObject\",\"url\":\"https:\\\/\\\/eldigitaldeasturias.com\\\/magazine365\\\/wp-content\\\/uploads\\\/2016\\\/01\\\/fotonoticia_20160111125352_800.jpg\",\"@id\":\"https:\\\/\\\/eldigitaldeasturias.com\\\/magazine365\\\/la-junta-insiste-en-que-nadie-ha-barajado-ninguna-opcion-de-cerrar-la-consula\\\/#mainImage\",\"width\":800,\"height\":507},\"primaryImageOfPage\":{\"@id\":\"https:\\\/\\\/eldigitaldeasturias.com\\\/magazine365\\\/la-junta-insiste-en-que-nadie-ha-barajado-ninguna-opcion-de-cerrar-la-consula\\\/#mainImage\"},\"datePublished\":\"2016-01-12T00:31:36+01:00\",\"dateModified\":\"2016-01-12T00:31:36+01:00\"},{\"@type\":\"WebSite\",\"@id\":\"https:\\\/\\\/eldigitaldeasturias.com\\\/magazine365\\\/#website\",\"url\":\"https:\\\/\\\/eldigitaldeasturias.com\\\/magazine365\\\/\",\"name\":\"El Digital de Asturias\",\"description\":\"Revista de ocio, turismo y estilo de vida\",\"inLanguage\":\"es-ES\",\"publisher\":{\"@id\":\"https:\\\/\\\/eldigitaldeasturias.com\\\/magazine365\\\/#organization\"}}]}\n\t\t<\/script>\n\t\t<!-- All in One SEO Pro -->\r\n\t\t<title>La Junta insiste en que \u00abnadie ha barajado ninguna opci\u00f3n\u00bb de cerrar La C\u00f3nsula | El Digital de Asturias<\/title>\n\n","aioseo_head_json":{"title":"La Junta insiste en que \u00abnadie ha barajado ninguna opci\u00f3n\u00bb de cerrar La C\u00f3nsula | El Digital de Asturias","description":"El delegado del Gobierno andaluz en M\u00e1laga, Jos\u00e9 Luis Ruiz Espejo, ha afirmado este lunes que, \"en ning\u00fan momento, nadie ha barajado ninguna opci\u00f3n\" de cerrar la escuela de hosteler\u00eda de La C\u00f3nsula, en la capital, y ha recordado que los \"trabajadores est\u00e1n all\u00ed y hemos estado manteniendo reuniones con ellos para programar el inicio","canonical_url":"https:\/\/eldigitaldeasturias.com\/magazine365\/la-junta-insiste-en-que-nadie-ha-barajado-ninguna-opcion-de-cerrar-la-consula\/","robots":"max-image-preview:large","keywords":"noticias y actualidad","webmasterTools":{"google-site-verification":"UA-38556648-1","miscellaneous":""},"schema":{"@context":"https:\/\/schema.org","@graph":[{"@type":"Article","@id":"https:\/\/eldigitaldeasturias.com\/magazine365\/la-junta-insiste-en-que-nadie-ha-barajado-ninguna-opcion-de-cerrar-la-consula\/#article","name":"La Junta insiste en que \u00abnadie ha barajado ninguna opci\u00f3n\u00bb de cerrar La C\u00f3nsula | El Digital de Asturias","headline":"La Junta insiste en que \u00abnadie ha barajado ninguna opci\u00f3n\u00bb de cerrar La C\u00f3nsula","author":{"@id":"https:\/\/eldigitaldeasturias.com\/magazine365\/author\/admin\/#author"},"publisher":{"@id":"https:\/\/eldigitaldeasturias.com\/magazine365\/#organization"},"image":{"@type":"ImageObject","url":"https:\/\/eldigitaldeasturias.com\/magazine365\/wp-content\/uploads\/2016\/01\/fotonoticia_20160111125352_800.jpg","width":800,"height":507},"datePublished":"2016-01-12T00:31:36+01:00","dateModified":"2016-01-12T00:31:36+01:00","inLanguage":"es-ES","mainEntityOfPage":{"@id":"https:\/\/eldigitaldeasturias.com\/magazine365\/la-junta-insiste-en-que-nadie-ha-barajado-ninguna-opcion-de-cerrar-la-consula\/#webpage"},"isPartOf":{"@id":"https:\/\/eldigitaldeasturias.com\/magazine365\/la-junta-insiste-en-que-nadie-ha-barajado-ninguna-opcion-de-cerrar-la-consula\/#webpage"},"articleSection":"Noticias y Actualidad"},{"@type":"BreadcrumbList","@id":"https:\/\/eldigitaldeasturias.com\/magazine365\/la-junta-insiste-en-que-nadie-ha-barajado-ninguna-opcion-de-cerrar-la-consula\/#breadcrumblist","itemListElement":[{"@type":"ListItem","@id":"https:\/\/eldigitaldeasturias.com\/magazine365#listItem","position":1,"name":"Home","item":"https:\/\/eldigitaldeasturias.com\/magazine365","nextItem":{"@type":"ListItem","@id":"https:\/\/eldigitaldeasturias.com\/magazine365\/category\/noticias-actualidad\/#listItem","name":"Noticias y Actualidad"}},{"@type":"ListItem","@id":"https:\/\/eldigitaldeasturias.com\/magazine365\/category\/noticias-actualidad\/#listItem","position":2,"name":"Noticias y Actualidad","item":"https:\/\/eldigitaldeasturias.com\/magazine365\/category\/noticias-actualidad\/","nextItem":{"@type":"ListItem","@id":"https:\/\/eldigitaldeasturias.com\/magazine365\/la-junta-insiste-en-que-nadie-ha-barajado-ninguna-opcion-de-cerrar-la-consula\/#listItem","name":"La Junta insiste en que \u00abnadie ha barajado ninguna opci\u00f3n\u00bb de cerrar La C\u00f3nsula"},"previousItem":{"@type":"ListItem","@id":"https:\/\/eldigitaldeasturias.com\/magazine365#listItem","name":"Home"}},{"@type":"ListItem","@id":"https:\/\/eldigitaldeasturias.com\/magazine365\/la-junta-insiste-en-que-nadie-ha-barajado-ninguna-opcion-de-cerrar-la-consula\/#listItem","position":3,"name":"La Junta insiste en que \u00abnadie ha barajado ninguna opci\u00f3n\u00bb de cerrar La C\u00f3nsula","previousItem":{"@type":"ListItem","@id":"https:\/\/eldigitaldeasturias.com\/magazine365\/category\/noticias-actualidad\/#listItem","name":"Noticias y Actualidad"}}]},{"@type":"Organization","@id":"https:\/\/eldigitaldeasturias.com\/magazine365\/#organization","name":"El digital de Asturias","description":"Revista de ocio, turismo y estilo de vida","url":"https:\/\/eldigitaldeasturias.com\/magazine365\/","logo":{"@type":"ImageObject","url":"https:\/\/www.eldigitaldeasturias.com\/noticias\/wp-content\/uploads\/2020\/12\/EDA.jpg","@id":"https:\/\/eldigitaldeasturias.com\/magazine365\/la-junta-insiste-en-que-nadie-ha-barajado-ninguna-opcion-de-cerrar-la-consula\/#organizationLogo"},"image":{"@id":"https:\/\/eldigitaldeasturias.com\/magazine365\/la-junta-insiste-en-que-nadie-ha-barajado-ninguna-opcion-de-cerrar-la-consula\/#organizationLogo"}},{"@type":"Person","@id":"https:\/\/eldigitaldeasturias.com\/magazine365\/author\/admin\/#author","url":"https:\/\/eldigitaldeasturias.com\/magazine365\/author\/admin\/","name":"admin","image":{"@type":"ImageObject","@id":"https:\/\/eldigitaldeasturias.com\/magazine365\/la-junta-insiste-en-que-nadie-ha-barajado-ninguna-opcion-de-cerrar-la-consula\/#authorImage","url":"https:\/\/eldigitaldeasturias.com\/magazine365\/wp-content\/litespeed\/avatar\/e571bcf59a0edd6fa6838245a470f2fe.jpg?ver=1777574230","width":96,"height":96,"caption":"admin"}},{"@type":"WebPage","@id":"https:\/\/eldigitaldeasturias.com\/magazine365\/la-junta-insiste-en-que-nadie-ha-barajado-ninguna-opcion-de-cerrar-la-consula\/#webpage","url":"https:\/\/eldigitaldeasturias.com\/magazine365\/la-junta-insiste-en-que-nadie-ha-barajado-ninguna-opcion-de-cerrar-la-consula\/","name":"La Junta insiste en que \u00abnadie ha barajado ninguna opci\u00f3n\u00bb de cerrar La C\u00f3nsula | El Digital de Asturias","description":"El delegado del Gobierno andaluz en M\u00e1laga, Jos\u00e9 Luis Ruiz Espejo, ha afirmado este lunes que, \"en ning\u00fan momento, nadie ha barajado ninguna opci\u00f3n\" de cerrar la escuela de hosteler\u00eda de La C\u00f3nsula, en la capital, y ha recordado que los \"trabajadores est\u00e1n all\u00ed y hemos estado manteniendo reuniones con ellos para programar el inicio","inLanguage":"es-ES","isPartOf":{"@id":"https:\/\/eldigitaldeasturias.com\/magazine365\/#website"},"breadcrumb":{"@id":"https:\/\/eldigitaldeasturias.com\/magazine365\/la-junta-insiste-en-que-nadie-ha-barajado-ninguna-opcion-de-cerrar-la-consula\/#breadcrumblist"},"author":{"@id":"https:\/\/eldigitaldeasturias.com\/magazine365\/author\/admin\/#author"},"creator":{"@id":"https:\/\/eldigitaldeasturias.com\/magazine365\/author\/admin\/#author"},"image":{"@type":"ImageObject","url":"https:\/\/eldigitaldeasturias.com\/magazine365\/wp-content\/uploads\/2016\/01\/fotonoticia_20160111125352_800.jpg","@id":"https:\/\/eldigitaldeasturias.com\/magazine365\/la-junta-insiste-en-que-nadie-ha-barajado-ninguna-opcion-de-cerrar-la-consula\/#mainImage","width":800,"height":507},"primaryImageOfPage":{"@id":"https:\/\/eldigitaldeasturias.com\/magazine365\/la-junta-insiste-en-que-nadie-ha-barajado-ninguna-opcion-de-cerrar-la-consula\/#mainImage"},"datePublished":"2016-01-12T00:31:36+01:00","dateModified":"2016-01-12T00:31:36+01:00"},{"@type":"WebSite","@id":"https:\/\/eldigitaldeasturias.com\/magazine365\/#website","url":"https:\/\/eldigitaldeasturias.com\/magazine365\/","name":"El Digital de Asturias","description":"Revista de ocio, turismo y estilo de vida","inLanguage":"es-ES","publisher":{"@id":"https:\/\/eldigitaldeasturias.com\/magazine365\/#organization"}}]},"og:locale":"es_ES","og:site_name":"El Digital de Asturias \u2013 Revista de ocio, turismo y estilo de vida","og:type":"article","og:title":"La Junta insiste en que \u00abnadie ha barajado ninguna opci\u00f3n\u00bb de cerrar La C\u00f3nsula | El Digital de Asturias","og:description":"El delegado del Gobierno andaluz en M\u00e1laga, Jos\u00e9 Luis Ruiz Espejo, ha afirmado este lunes que, &quot;en ning\u00fan momento, nadie ha barajado ninguna opci\u00f3n&quot; de cerrar la escuela de hosteler\u00eda de La C\u00f3nsula, en la capital, y ha recordado que los &quot;trabajadores est\u00e1n all\u00ed y hemos estado manteniendo reuniones con ellos para programar el inicio","og:url":"https:\/\/eldigitaldeasturias.com\/magazine365\/la-junta-insiste-en-que-nadie-ha-barajado-ninguna-opcion-de-cerrar-la-consula\/","og:image":"https:\/\/eldigitaldeasturias.com\/magazine365\/wp-content\/uploads\/2016\/01\/fotonoticia_20160111125352_800.jpg","og:image:secure_url":"https:\/\/eldigitaldeasturias.com\/magazine365\/wp-content\/uploads\/2016\/01\/fotonoticia_20160111125352_800.jpg","og:image:width":800,"og:image:height":507,"article:published_time":"2016-01-11T23:31:36+00:00","article:modified_time":"2016-01-11T23:31:36+00:00","twitter:card":"summary_large_image","twitter:title":"La Junta insiste en que \u00abnadie ha barajado ninguna opci\u00f3n\u00bb de cerrar La C\u00f3nsula | El Digital de Asturias","twitter:description":"El delegado del Gobierno andaluz en M\u00e1laga, Jos\u00e9 Luis Ruiz Espejo, ha afirmado este lunes que, &quot;en ning\u00fan momento, nadie ha barajado ninguna opci\u00f3n&quot; de cerrar la escuela de hosteler\u00eda de La C\u00f3nsula, en la capital, y ha recordado que los &quot;trabajadores est\u00e1n all\u00ed y hemos estado manteniendo reuniones con ellos para programar el inicio","twitter:image":"https:\/\/eldigitaldeasturias.com\/magazine365\/wp-content\/uploads\/2016\/01\/fotonoticia_20160111125352_800.jpg"},"aioseo_meta_data":{"post_id":"60140","title":null,"description":null,"keywords":null,"keyphrases":null,"primary_term":null,"canonical_url":null,"og_title":null,"og_description":null,"og_object_type":"default","og_image_type":"default","og_image_url":null,"og_image_width":null,"og_image_height":null,"og_image_custom_url":null,"og_image_custom_fields":null,"og_video":null,"og_custom_url":null,"og_article_section":null,"og_article_tags":null,"twitter_use_og":false,"twitter_card":"default","twitter_image_type":"default","twitter_image_url":null,"twitter_image_custom_url":null,"twitter_image_custom_fields":null,"twitter_title":null,"twitter_description":null,"schema":{"blockGraphs":[],"customGraphs":[],"default":{"data":{"Article":[],"Course":[],"Dataset":[],"FAQPage":[],"Movie":[],"Person":[],"Product":[],"ProductReview":[],"Car":[],"Recipe":[],"Service":[],"SoftwareApplication":[],"WebPage":[]},"graphName":"","isEnabled":true},"graphs":[],"defaultGraph":"","defaultPostTypeGraph":""},"schema_type":null,"schema_type_options":null,"pillar_content":false,"robots_default":true,"robots_noindex":false,"robots_noarchive":false,"robots_nosnippet":false,"robots_nofollow":false,"robots_noimageindex":false,"robots_noodp":false,"robots_notranslate":false,"robots_max_snippet":null,"robots_max_videopreview":null,"robots_max_imagepreview":"large","priority":null,"frequency":null,"location":null,"local_seo":null,"seo_analyzer_scan_date":"2025-09-25 06:19:54","breadcrumb_settings":null,"limit_modified_date":false,"open_ai":null,"ai":null,"created":"2021-03-08 22:04:43","updated":"2025-09-25 06:19:54"},"aioseo_breadcrumb":"<div class=\"aioseo-breadcrumbs\"><span class=\"aioseo-breadcrumb\">\n\t<a href=\"https:\/\/eldigitaldeasturias.com\/magazine365\" title=\"Home\">Home<\/a>\n<\/span><span class=\"aioseo-breadcrumb-separator\">\u2013<\/span><span class=\"aioseo-breadcrumb\">\n\t<a href=\"https:\/\/eldigitaldeasturias.com\/magazine365\/category\/noticias-actualidad\/\" title=\"Noticias y Actualidad\">Noticias y Actualidad<\/a>\n<\/span><span class=\"aioseo-breadcrumb-separator\">\u2013<\/span><span class=\"aioseo-breadcrumb\">\n\t<a href=\"https:\/\/eldigitaldeasturias.com\/magazine365\/la-junta-insiste-en-que-nadie-ha-barajado-ninguna-opcion-de-cerrar-la-consula\/\" title=\"La Junta insiste en que \u00abnadie ha barajado ninguna opci\u00f3n\u00bb de cerrar La C\u00f3nsula\">La Junta insiste en que \u00abnadie ha barajado ninguna opci\u00f3n\u00bb de cerrar La C\u00f3nsula<\/a>\n<\/span><\/div>","aioseo_breadcrumb_json":[{"label":"Home","link":"https:\/\/eldigitaldeasturias.com\/magazine365"},{"label":"Noticias y Actualidad","link":"https:\/\/eldigitaldeasturias.com\/magazine365\/category\/noticias-actualidad\/"},{"label":"La Junta insiste en que \u00abnadie ha barajado ninguna opci\u00f3n\u00bb de cerrar La C\u00f3nsula","link":"https:\/\/eldigitaldeasturias.com\/magazine365\/la-junta-insiste-en-que-nadie-ha-barajado-ninguna-opcion-de-cerrar-la-consula\/"}],"_links":{"self":[{"href":"https:\/\/eldigitaldeasturias.com\/magazine365\/wp-json\/wp\/v2\/posts\/60140","targetHints":{"allow":["GET"]}}],"collection":[{"href":"https:\/\/eldigitaldeasturias.com\/magazine365\/wp-json\/wp\/v2\/posts"}],"about":[{"href":"https:\/\/eldigitaldeasturias.com\/magazine365\/wp-json\/wp\/v2\/types\/post"}],"author":[{"embeddable":true,"href":"https:\/\/eldigitaldeasturias.com\/magazine365\/wp-json\/wp\/v2\/users\/1"}],"replies":[{"embeddable":true,"href":"https:\/\/eldigitaldeasturias.com\/magazine365\/wp-json\/wp\/v2\/comments?post=60140"}],"version-history":[{"count":0,"href":"https:\/\/eldigitaldeasturias.com\/magazine365\/wp-json\/wp\/v2\/posts\/60140\/revisions"}],"wp:featuredmedia":[{"embeddable":true,"href":"https:\/\/eldigitaldeasturias.com\/magazine365\/wp-json\/wp\/v2\/media\/60141"}],"wp:attachment":[{"href":"https:\/\/eldigitaldeasturias.com\/magazine365\/wp-json\/wp\/v2\/media?parent=60140"}],"wp:term":[{"taxonomy":"category","embeddable":true,"href":"https:\/\/eldigitaldeasturias.com\/magazine365\/wp-json\/wp\/v2\/categories?post=60140"},{"taxonomy":"post_tag","embeddable":true,"href":"https:\/\/eldigitaldeasturias.com\/magazine365\/wp-json\/wp\/v2\/tags?post=60140"}],"curies":[{"name":"wp","href":"https:\/\/api.w.org\/{rel}","templated":true}]}}