{"id":60137,"date":"2016-01-12T00:30:44","date_gmt":"2016-01-11T23:30:44","guid":{"rendered":"http:\/\/eldigitaldeasturias.com\/magazine365\/?p=60137"},"modified":"2016-01-12T00:30:44","modified_gmt":"2016-01-11T23:30:44","slug":"mercure-incorpora-a-su-red-el-hotel-rio-de-badajoz","status":"publish","type":"post","link":"https:\/\/eldigitaldeasturias.com\/magazine365\/mercure-incorpora-a-su-red-el-hotel-rio-de-badajoz\/","title":{"rendered":"Mercure incorpora a su red el hotel R\u00edo de Badajoz"},"content":{"rendered":"<p><img fetchpriority=\"high\" decoding=\"async\" class=\"alignleft size-medium wp-image-60138\" src=\"https:\/\/eldigitaldeasturias.com\/magazine365\/wp-content\/uploads\/2016\/01\/fotonoticia_20160111123025_800-360x205.jpg\" alt=\"fotonoticia_20160111123025_800\" width=\"360\" height=\"205\" srcset=\"https:\/\/eldigitaldeasturias.com\/magazine365\/wp-content\/uploads\/2016\/01\/fotonoticia_20160111123025_800-360x205.jpg 360w, https:\/\/eldigitaldeasturias.com\/magazine365\/wp-content\/uploads\/2016\/01\/fotonoticia_20160111123025_800-650x371.jpg 650w, https:\/\/eldigitaldeasturias.com\/magazine365\/wp-content\/uploads\/2016\/01\/fotonoticia_20160111123025_800-768x438.jpg 768w, https:\/\/eldigitaldeasturias.com\/magazine365\/wp-content\/uploads\/2016\/01\/fotonoticia_20160111123025_800-150x86.jpg 150w, https:\/\/eldigitaldeasturias.com\/magazine365\/wp-content\/uploads\/2016\/01\/fotonoticia_20160111123025_800-450x257.jpg 450w, https:\/\/eldigitaldeasturias.com\/magazine365\/wp-content\/uploads\/2016\/01\/fotonoticia_20160111123025_800-696x397.jpg 696w, https:\/\/eldigitaldeasturias.com\/magazine365\/wp-content\/uploads\/2016\/01\/fotonoticia_20160111123025_800-737x420.jpg 737w, https:\/\/eldigitaldeasturias.com\/magazine365\/wp-content\/uploads\/2016\/01\/fotonoticia_20160111123025_800-510x289.jpg 510w, https:\/\/eldigitaldeasturias.com\/magazine365\/wp-content\/uploads\/2016\/01\/fotonoticia_20160111123025_800.jpg 800w\" sizes=\"(max-width: 360px) 100vw, 360px\" \/>La mara Mercure, del grupo AccorHotels, ha incorporado a su red el hotel R\u00edo de Badajoz, antes de la red Sercotel y propiedad de Jos\u00e9 Luis Iniesta, que pasar\u00e1 a comercializarse como Mercure R\u00edo Badajoz y que el grupo galo operar\u00e1 bajo r\u00e9gimen de franquicia.<\/p>\n<p>Con esta nueva incorporaci\u00f3n, Mercure sigue siendo una de las marcas hoteleras franquiciadoras m\u00e1s activas en el sector hotelero espa\u00f1ol, destac\u00f3 el grupo hotelero.<\/p>\n<p>Durante los pr\u00f3ximos meses, y de forma progresiva para no alterar su habitual funcionamiento, se someter\u00e1 a un proceso de renovaci\u00f3n en zonas comunes y habitaciones para adaptarse a los est\u00e1ndares de calidad de la marca Mercure.<\/p>\n<p>Este hotel, ubicado cerca del centro hist\u00f3rico de Badajoz, cuenta con 101 habitaciones, restaurante, piscina, parking y centro de convenciones para eventos y celebraciones con capacidad para 1.100 personas.<\/p>\n<p>Mercure cuenta con nueve establecimientos nuevos abiertos bajo la marca en Espa\u00f1a (&#8216;Mercure Madrid Plaza de Espa\u00f1a&#8217;, &#8216;Mercure Madrid Centro&#8217;, &#8216;Mercure San Sebasti\u00e1n Monte Igueldo&#8217;, &#8216; Mercure Augusta Barcelona Vall\u00e9s&#8217;, &#8216;Mercure Alberta Barcelona&#8217;, &#8216;Mercure Algeciras&#8217; y &#8216;Mercure Bilbajo Jardines de Albia&#8217;).<\/p>\n<p>La red de la marca Mercure, la insignia midscale no estandarizada del AccoHotels, est\u00e1 presente en 55 pa\u00edses y cuenta con 732 hoteles.<\/p>\n","protected":false},"excerpt":{"rendered":"<p>La mara Mercure, del grupo AccorHotels, ha incorporado a su red el hotel R\u00edo de Badajoz, antes de la red Sercotel y propiedad de Jos\u00e9 Luis Iniesta, que pasar\u00e1 a comercializarse como Mercure R\u00edo Badajoz y que el grupo galo operar\u00e1 bajo r\u00e9gimen de franquicia. Con esta nueva incorporaci\u00f3n, Mercure sigue siendo una de las<\/p>\n","protected":false},"author":1,"featured_media":60138,"comment_status":"open","ping_status":"closed","sticky":false,"template":"","format":"standard","meta":{"footnotes":""},"categories":[224],"tags":[],"class_list":{"0":"post-60137","1":"post","2":"type-post","3":"status-publish","4":"format-standard","5":"has-post-thumbnail","7":"category-noticias-actualidad"},"aioseo_notices":[],"aioseo_head":"\n\t\t<!-- All in One SEO Pro 4.9.6.1 - aioseo.com -->\n\t<meta name=\"description\" content=\"La mara Mercure, del grupo AccorHotels, ha incorporado a su red el hotel R\u00edo de Badajoz, antes de la red Sercotel y propiedad de Jos\u00e9 Luis Iniesta, que pasar\u00e1 a comercializarse como Mercure R\u00edo Badajoz y que el grupo galo operar\u00e1 bajo r\u00e9gimen de franquicia. Con esta nueva incorporaci\u00f3n, Mercure sigue siendo una de las\" \/>\n\t<meta name=\"robots\" content=\"max-image-preview:large\" \/>\n\t<meta name=\"author\" content=\"admin\"\/>\n\t<meta name=\"google-site-verification\" content=\"UA-38556648-1\" \/>\n\t<meta name=\"keywords\" content=\"noticias y actualidad\" \/>\n\t<link rel=\"canonical\" href=\"https:\/\/eldigitaldeasturias.com\/magazine365\/mercure-incorpora-a-su-red-el-hotel-rio-de-badajoz\/\" \/>\n\t<meta name=\"generator\" content=\"All in One SEO Pro (AIOSEO) 4.9.6.1\" \/>\n\t\t<meta property=\"og:locale\" content=\"es_ES\" \/>\n\t\t<meta property=\"og:site_name\" content=\"El Digital de Asturias \u2013 Revista de ocio, turismo y estilo de vida\" \/>\n\t\t<meta property=\"og:type\" content=\"article\" \/>\n\t\t<meta property=\"og:title\" content=\"Mercure incorpora a su red el hotel R\u00edo de Badajoz | El Digital de Asturias\" \/>\n\t\t<meta property=\"og:description\" content=\"La mara Mercure, del grupo AccorHotels, ha incorporado a su red el hotel R\u00edo de Badajoz, antes de la red Sercotel y propiedad de Jos\u00e9 Luis Iniesta, que pasar\u00e1 a comercializarse como Mercure R\u00edo Badajoz y que el grupo galo operar\u00e1 bajo r\u00e9gimen de franquicia. Con esta nueva incorporaci\u00f3n, Mercure sigue siendo una de las\" \/>\n\t\t<meta property=\"og:url\" content=\"https:\/\/eldigitaldeasturias.com\/magazine365\/mercure-incorpora-a-su-red-el-hotel-rio-de-badajoz\/\" \/>\n\t\t<meta property=\"og:image\" content=\"https:\/\/eldigitaldeasturias.com\/magazine365\/wp-content\/uploads\/2016\/01\/fotonoticia_20160111123025_800.jpg\" \/>\n\t\t<meta property=\"og:image:secure_url\" content=\"https:\/\/eldigitaldeasturias.com\/magazine365\/wp-content\/uploads\/2016\/01\/fotonoticia_20160111123025_800.jpg\" \/>\n\t\t<meta property=\"og:image:width\" content=\"800\" \/>\n\t\t<meta property=\"og:image:height\" content=\"456\" \/>\n\t\t<meta property=\"article:published_time\" content=\"2016-01-11T23:30:44+00:00\" \/>\n\t\t<meta property=\"article:modified_time\" content=\"2016-01-11T23:30:44+00:00\" \/>\n\t\t<meta name=\"twitter:card\" content=\"summary_large_image\" \/>\n\t\t<meta name=\"twitter:title\" content=\"Mercure incorpora a su red el hotel R\u00edo de Badajoz | El Digital de Asturias\" \/>\n\t\t<meta name=\"twitter:description\" content=\"La mara Mercure, del grupo AccorHotels, ha incorporado a su red el hotel R\u00edo de Badajoz, antes de la red Sercotel y propiedad de Jos\u00e9 Luis Iniesta, que pasar\u00e1 a comercializarse como Mercure R\u00edo Badajoz y que el grupo galo operar\u00e1 bajo r\u00e9gimen de franquicia. Con esta nueva incorporaci\u00f3n, Mercure sigue siendo una de las\" \/>\n\t\t<meta name=\"twitter:image\" content=\"https:\/\/eldigitaldeasturias.com\/magazine365\/wp-content\/uploads\/2016\/01\/fotonoticia_20160111123025_800.jpg\" \/>\n\t\t<script type=\"application\/ld+json\" class=\"aioseo-schema\">\n\t\t\t{\"@context\":\"https:\\\/\\\/schema.org\",\"@graph\":[{\"@type\":\"Article\",\"@id\":\"https:\\\/\\\/eldigitaldeasturias.com\\\/magazine365\\\/mercure-incorpora-a-su-red-el-hotel-rio-de-badajoz\\\/#article\",\"name\":\"Mercure incorpora a su red el hotel R\\u00edo de Badajoz | El Digital de Asturias\",\"headline\":\"Mercure incorpora a su red el hotel R\\u00edo de Badajoz\",\"author\":{\"@id\":\"https:\\\/\\\/eldigitaldeasturias.com\\\/magazine365\\\/author\\\/admin\\\/#author\"},\"publisher\":{\"@id\":\"https:\\\/\\\/eldigitaldeasturias.com\\\/magazine365\\\/#organization\"},\"image\":{\"@type\":\"ImageObject\",\"url\":\"https:\\\/\\\/eldigitaldeasturias.com\\\/magazine365\\\/wp-content\\\/uploads\\\/2016\\\/01\\\/fotonoticia_20160111123025_800.jpg\",\"width\":800,\"height\":456},\"datePublished\":\"2016-01-12T00:30:44+01:00\",\"dateModified\":\"2016-01-12T00:30:44+01:00\",\"inLanguage\":\"es-ES\",\"mainEntityOfPage\":{\"@id\":\"https:\\\/\\\/eldigitaldeasturias.com\\\/magazine365\\\/mercure-incorpora-a-su-red-el-hotel-rio-de-badajoz\\\/#webpage\"},\"isPartOf\":{\"@id\":\"https:\\\/\\\/eldigitaldeasturias.com\\\/magazine365\\\/mercure-incorpora-a-su-red-el-hotel-rio-de-badajoz\\\/#webpage\"},\"articleSection\":\"Noticias y Actualidad\"},{\"@type\":\"BreadcrumbList\",\"@id\":\"https:\\\/\\\/eldigitaldeasturias.com\\\/magazine365\\\/mercure-incorpora-a-su-red-el-hotel-rio-de-badajoz\\\/#breadcrumblist\",\"itemListElement\":[{\"@type\":\"ListItem\",\"@id\":\"https:\\\/\\\/eldigitaldeasturias.com\\\/magazine365#listItem\",\"position\":1,\"name\":\"Home\",\"item\":\"https:\\\/\\\/eldigitaldeasturias.com\\\/magazine365\",\"nextItem\":{\"@type\":\"ListItem\",\"@id\":\"https:\\\/\\\/eldigitaldeasturias.com\\\/magazine365\\\/category\\\/noticias-actualidad\\\/#listItem\",\"name\":\"Noticias y Actualidad\"}},{\"@type\":\"ListItem\",\"@id\":\"https:\\\/\\\/eldigitaldeasturias.com\\\/magazine365\\\/category\\\/noticias-actualidad\\\/#listItem\",\"position\":2,\"name\":\"Noticias y Actualidad\",\"item\":\"https:\\\/\\\/eldigitaldeasturias.com\\\/magazine365\\\/category\\\/noticias-actualidad\\\/\",\"nextItem\":{\"@type\":\"ListItem\",\"@id\":\"https:\\\/\\\/eldigitaldeasturias.com\\\/magazine365\\\/mercure-incorpora-a-su-red-el-hotel-rio-de-badajoz\\\/#listItem\",\"name\":\"Mercure incorpora a su red el hotel R\\u00edo de Badajoz\"},\"previousItem\":{\"@type\":\"ListItem\",\"@id\":\"https:\\\/\\\/eldigitaldeasturias.com\\\/magazine365#listItem\",\"name\":\"Home\"}},{\"@type\":\"ListItem\",\"@id\":\"https:\\\/\\\/eldigitaldeasturias.com\\\/magazine365\\\/mercure-incorpora-a-su-red-el-hotel-rio-de-badajoz\\\/#listItem\",\"position\":3,\"name\":\"Mercure incorpora a su red el hotel R\\u00edo de Badajoz\",\"previousItem\":{\"@type\":\"ListItem\",\"@id\":\"https:\\\/\\\/eldigitaldeasturias.com\\\/magazine365\\\/category\\\/noticias-actualidad\\\/#listItem\",\"name\":\"Noticias y Actualidad\"}}]},{\"@type\":\"Organization\",\"@id\":\"https:\\\/\\\/eldigitaldeasturias.com\\\/magazine365\\\/#organization\",\"name\":\"El digital de Asturias\",\"description\":\"Revista de ocio, turismo y estilo de vida\",\"url\":\"https:\\\/\\\/eldigitaldeasturias.com\\\/magazine365\\\/\",\"logo\":{\"@type\":\"ImageObject\",\"url\":\"https:\\\/\\\/www.eldigitaldeasturias.com\\\/noticias\\\/wp-content\\\/uploads\\\/2020\\\/12\\\/EDA.jpg\",\"@id\":\"https:\\\/\\\/eldigitaldeasturias.com\\\/magazine365\\\/mercure-incorpora-a-su-red-el-hotel-rio-de-badajoz\\\/#organizationLogo\"},\"image\":{\"@id\":\"https:\\\/\\\/eldigitaldeasturias.com\\\/magazine365\\\/mercure-incorpora-a-su-red-el-hotel-rio-de-badajoz\\\/#organizationLogo\"}},{\"@type\":\"Person\",\"@id\":\"https:\\\/\\\/eldigitaldeasturias.com\\\/magazine365\\\/author\\\/admin\\\/#author\",\"url\":\"https:\\\/\\\/eldigitaldeasturias.com\\\/magazine365\\\/author\\\/admin\\\/\",\"name\":\"admin\",\"image\":{\"@type\":\"ImageObject\",\"@id\":\"https:\\\/\\\/eldigitaldeasturias.com\\\/magazine365\\\/mercure-incorpora-a-su-red-el-hotel-rio-de-badajoz\\\/#authorImage\",\"url\":\"https:\\\/\\\/eldigitaldeasturias.com\\\/magazine365\\\/wp-content\\\/litespeed\\\/avatar\\\/e571bcf59a0edd6fa6838245a470f2fe.jpg?ver=1777574230\",\"width\":96,\"height\":96,\"caption\":\"admin\"}},{\"@type\":\"WebPage\",\"@id\":\"https:\\\/\\\/eldigitaldeasturias.com\\\/magazine365\\\/mercure-incorpora-a-su-red-el-hotel-rio-de-badajoz\\\/#webpage\",\"url\":\"https:\\\/\\\/eldigitaldeasturias.com\\\/magazine365\\\/mercure-incorpora-a-su-red-el-hotel-rio-de-badajoz\\\/\",\"name\":\"Mercure incorpora a su red el hotel R\\u00edo de Badajoz | El Digital de Asturias\",\"description\":\"La mara Mercure, del grupo AccorHotels, ha incorporado a su red el hotel R\\u00edo de Badajoz, antes de la red Sercotel y propiedad de Jos\\u00e9 Luis Iniesta, que pasar\\u00e1 a comercializarse como Mercure R\\u00edo Badajoz y que el grupo galo operar\\u00e1 bajo r\\u00e9gimen de franquicia. Con esta nueva incorporaci\\u00f3n, Mercure sigue siendo una de las\",\"inLanguage\":\"es-ES\",\"isPartOf\":{\"@id\":\"https:\\\/\\\/eldigitaldeasturias.com\\\/magazine365\\\/#website\"},\"breadcrumb\":{\"@id\":\"https:\\\/\\\/eldigitaldeasturias.com\\\/magazine365\\\/mercure-incorpora-a-su-red-el-hotel-rio-de-badajoz\\\/#breadcrumblist\"},\"author\":{\"@id\":\"https:\\\/\\\/eldigitaldeasturias.com\\\/magazine365\\\/author\\\/admin\\\/#author\"},\"creator\":{\"@id\":\"https:\\\/\\\/eldigitaldeasturias.com\\\/magazine365\\\/author\\\/admin\\\/#author\"},\"image\":{\"@type\":\"ImageObject\",\"url\":\"https:\\\/\\\/eldigitaldeasturias.com\\\/magazine365\\\/wp-content\\\/uploads\\\/2016\\\/01\\\/fotonoticia_20160111123025_800.jpg\",\"@id\":\"https:\\\/\\\/eldigitaldeasturias.com\\\/magazine365\\\/mercure-incorpora-a-su-red-el-hotel-rio-de-badajoz\\\/#mainImage\",\"width\":800,\"height\":456},\"primaryImageOfPage\":{\"@id\":\"https:\\\/\\\/eldigitaldeasturias.com\\\/magazine365\\\/mercure-incorpora-a-su-red-el-hotel-rio-de-badajoz\\\/#mainImage\"},\"datePublished\":\"2016-01-12T00:30:44+01:00\",\"dateModified\":\"2016-01-12T00:30:44+01:00\"},{\"@type\":\"WebSite\",\"@id\":\"https:\\\/\\\/eldigitaldeasturias.com\\\/magazine365\\\/#website\",\"url\":\"https:\\\/\\\/eldigitaldeasturias.com\\\/magazine365\\\/\",\"name\":\"El Digital de Asturias\",\"description\":\"Revista de ocio, turismo y estilo de vida\",\"inLanguage\":\"es-ES\",\"publisher\":{\"@id\":\"https:\\\/\\\/eldigitaldeasturias.com\\\/magazine365\\\/#organization\"}}]}\n\t\t<\/script>\n\t\t<!-- All in One SEO Pro -->\r\n\t\t<title>Mercure incorpora a su red el hotel R\u00edo de Badajoz | El Digital de Asturias<\/title>\n\n","aioseo_head_json":{"title":"Mercure incorpora a su red el hotel R\u00edo de Badajoz | El Digital de Asturias","description":"La mara Mercure, del grupo AccorHotels, ha incorporado a su red el hotel R\u00edo de Badajoz, antes de la red Sercotel y propiedad de Jos\u00e9 Luis Iniesta, que pasar\u00e1 a comercializarse como Mercure R\u00edo Badajoz y que el grupo galo operar\u00e1 bajo r\u00e9gimen de franquicia. Con esta nueva incorporaci\u00f3n, Mercure sigue siendo una de las","canonical_url":"https:\/\/eldigitaldeasturias.com\/magazine365\/mercure-incorpora-a-su-red-el-hotel-rio-de-badajoz\/","robots":"max-image-preview:large","keywords":"noticias y actualidad","webmasterTools":{"google-site-verification":"UA-38556648-1","miscellaneous":""},"schema":{"@context":"https:\/\/schema.org","@graph":[{"@type":"Article","@id":"https:\/\/eldigitaldeasturias.com\/magazine365\/mercure-incorpora-a-su-red-el-hotel-rio-de-badajoz\/#article","name":"Mercure incorpora a su red el hotel R\u00edo de Badajoz | El Digital de Asturias","headline":"Mercure incorpora a su red el hotel R\u00edo de Badajoz","author":{"@id":"https:\/\/eldigitaldeasturias.com\/magazine365\/author\/admin\/#author"},"publisher":{"@id":"https:\/\/eldigitaldeasturias.com\/magazine365\/#organization"},"image":{"@type":"ImageObject","url":"https:\/\/eldigitaldeasturias.com\/magazine365\/wp-content\/uploads\/2016\/01\/fotonoticia_20160111123025_800.jpg","width":800,"height":456},"datePublished":"2016-01-12T00:30:44+01:00","dateModified":"2016-01-12T00:30:44+01:00","inLanguage":"es-ES","mainEntityOfPage":{"@id":"https:\/\/eldigitaldeasturias.com\/magazine365\/mercure-incorpora-a-su-red-el-hotel-rio-de-badajoz\/#webpage"},"isPartOf":{"@id":"https:\/\/eldigitaldeasturias.com\/magazine365\/mercure-incorpora-a-su-red-el-hotel-rio-de-badajoz\/#webpage"},"articleSection":"Noticias y Actualidad"},{"@type":"BreadcrumbList","@id":"https:\/\/eldigitaldeasturias.com\/magazine365\/mercure-incorpora-a-su-red-el-hotel-rio-de-badajoz\/#breadcrumblist","itemListElement":[{"@type":"ListItem","@id":"https:\/\/eldigitaldeasturias.com\/magazine365#listItem","position":1,"name":"Home","item":"https:\/\/eldigitaldeasturias.com\/magazine365","nextItem":{"@type":"ListItem","@id":"https:\/\/eldigitaldeasturias.com\/magazine365\/category\/noticias-actualidad\/#listItem","name":"Noticias y Actualidad"}},{"@type":"ListItem","@id":"https:\/\/eldigitaldeasturias.com\/magazine365\/category\/noticias-actualidad\/#listItem","position":2,"name":"Noticias y Actualidad","item":"https:\/\/eldigitaldeasturias.com\/magazine365\/category\/noticias-actualidad\/","nextItem":{"@type":"ListItem","@id":"https:\/\/eldigitaldeasturias.com\/magazine365\/mercure-incorpora-a-su-red-el-hotel-rio-de-badajoz\/#listItem","name":"Mercure incorpora a su red el hotel R\u00edo de Badajoz"},"previousItem":{"@type":"ListItem","@id":"https:\/\/eldigitaldeasturias.com\/magazine365#listItem","name":"Home"}},{"@type":"ListItem","@id":"https:\/\/eldigitaldeasturias.com\/magazine365\/mercure-incorpora-a-su-red-el-hotel-rio-de-badajoz\/#listItem","position":3,"name":"Mercure incorpora a su red el hotel R\u00edo de Badajoz","previousItem":{"@type":"ListItem","@id":"https:\/\/eldigitaldeasturias.com\/magazine365\/category\/noticias-actualidad\/#listItem","name":"Noticias y Actualidad"}}]},{"@type":"Organization","@id":"https:\/\/eldigitaldeasturias.com\/magazine365\/#organization","name":"El digital de Asturias","description":"Revista de ocio, turismo y estilo de vida","url":"https:\/\/eldigitaldeasturias.com\/magazine365\/","logo":{"@type":"ImageObject","url":"https:\/\/www.eldigitaldeasturias.com\/noticias\/wp-content\/uploads\/2020\/12\/EDA.jpg","@id":"https:\/\/eldigitaldeasturias.com\/magazine365\/mercure-incorpora-a-su-red-el-hotel-rio-de-badajoz\/#organizationLogo"},"image":{"@id":"https:\/\/eldigitaldeasturias.com\/magazine365\/mercure-incorpora-a-su-red-el-hotel-rio-de-badajoz\/#organizationLogo"}},{"@type":"Person","@id":"https:\/\/eldigitaldeasturias.com\/magazine365\/author\/admin\/#author","url":"https:\/\/eldigitaldeasturias.com\/magazine365\/author\/admin\/","name":"admin","image":{"@type":"ImageObject","@id":"https:\/\/eldigitaldeasturias.com\/magazine365\/mercure-incorpora-a-su-red-el-hotel-rio-de-badajoz\/#authorImage","url":"https:\/\/eldigitaldeasturias.com\/magazine365\/wp-content\/litespeed\/avatar\/e571bcf59a0edd6fa6838245a470f2fe.jpg?ver=1777574230","width":96,"height":96,"caption":"admin"}},{"@type":"WebPage","@id":"https:\/\/eldigitaldeasturias.com\/magazine365\/mercure-incorpora-a-su-red-el-hotel-rio-de-badajoz\/#webpage","url":"https:\/\/eldigitaldeasturias.com\/magazine365\/mercure-incorpora-a-su-red-el-hotel-rio-de-badajoz\/","name":"Mercure incorpora a su red el hotel R\u00edo de Badajoz | El Digital de Asturias","description":"La mara Mercure, del grupo AccorHotels, ha incorporado a su red el hotel R\u00edo de Badajoz, antes de la red Sercotel y propiedad de Jos\u00e9 Luis Iniesta, que pasar\u00e1 a comercializarse como Mercure R\u00edo Badajoz y que el grupo galo operar\u00e1 bajo r\u00e9gimen de franquicia. Con esta nueva incorporaci\u00f3n, Mercure sigue siendo una de las","inLanguage":"es-ES","isPartOf":{"@id":"https:\/\/eldigitaldeasturias.com\/magazine365\/#website"},"breadcrumb":{"@id":"https:\/\/eldigitaldeasturias.com\/magazine365\/mercure-incorpora-a-su-red-el-hotel-rio-de-badajoz\/#breadcrumblist"},"author":{"@id":"https:\/\/eldigitaldeasturias.com\/magazine365\/author\/admin\/#author"},"creator":{"@id":"https:\/\/eldigitaldeasturias.com\/magazine365\/author\/admin\/#author"},"image":{"@type":"ImageObject","url":"https:\/\/eldigitaldeasturias.com\/magazine365\/wp-content\/uploads\/2016\/01\/fotonoticia_20160111123025_800.jpg","@id":"https:\/\/eldigitaldeasturias.com\/magazine365\/mercure-incorpora-a-su-red-el-hotel-rio-de-badajoz\/#mainImage","width":800,"height":456},"primaryImageOfPage":{"@id":"https:\/\/eldigitaldeasturias.com\/magazine365\/mercure-incorpora-a-su-red-el-hotel-rio-de-badajoz\/#mainImage"},"datePublished":"2016-01-12T00:30:44+01:00","dateModified":"2016-01-12T00:30:44+01:00"},{"@type":"WebSite","@id":"https:\/\/eldigitaldeasturias.com\/magazine365\/#website","url":"https:\/\/eldigitaldeasturias.com\/magazine365\/","name":"El Digital de Asturias","description":"Revista de ocio, turismo y estilo de vida","inLanguage":"es-ES","publisher":{"@id":"https:\/\/eldigitaldeasturias.com\/magazine365\/#organization"}}]},"og:locale":"es_ES","og:site_name":"El Digital de Asturias \u2013 Revista de ocio, turismo y estilo de vida","og:type":"article","og:title":"Mercure incorpora a su red el hotel R\u00edo de Badajoz | El Digital de Asturias","og:description":"La mara Mercure, del grupo AccorHotels, ha incorporado a su red el hotel R\u00edo de Badajoz, antes de la red Sercotel y propiedad de Jos\u00e9 Luis Iniesta, que pasar\u00e1 a comercializarse como Mercure R\u00edo Badajoz y que el grupo galo operar\u00e1 bajo r\u00e9gimen de franquicia. Con esta nueva incorporaci\u00f3n, Mercure sigue siendo una de las","og:url":"https:\/\/eldigitaldeasturias.com\/magazine365\/mercure-incorpora-a-su-red-el-hotel-rio-de-badajoz\/","og:image":"https:\/\/eldigitaldeasturias.com\/magazine365\/wp-content\/uploads\/2016\/01\/fotonoticia_20160111123025_800.jpg","og:image:secure_url":"https:\/\/eldigitaldeasturias.com\/magazine365\/wp-content\/uploads\/2016\/01\/fotonoticia_20160111123025_800.jpg","og:image:width":800,"og:image:height":456,"article:published_time":"2016-01-11T23:30:44+00:00","article:modified_time":"2016-01-11T23:30:44+00:00","twitter:card":"summary_large_image","twitter:title":"Mercure incorpora a su red el hotel R\u00edo de Badajoz | El Digital de Asturias","twitter:description":"La mara Mercure, del grupo AccorHotels, ha incorporado a su red el hotel R\u00edo de Badajoz, antes de la red Sercotel y propiedad de Jos\u00e9 Luis Iniesta, que pasar\u00e1 a comercializarse como Mercure R\u00edo Badajoz y que el grupo galo operar\u00e1 bajo r\u00e9gimen de franquicia. Con esta nueva incorporaci\u00f3n, Mercure sigue siendo una de las","twitter:image":"https:\/\/eldigitaldeasturias.com\/magazine365\/wp-content\/uploads\/2016\/01\/fotonoticia_20160111123025_800.jpg"},"aioseo_meta_data":{"post_id":"60137","title":null,"description":null,"keywords":null,"keyphrases":null,"primary_term":null,"canonical_url":null,"og_title":null,"og_description":null,"og_object_type":"default","og_image_type":"default","og_image_url":null,"og_image_width":null,"og_image_height":null,"og_image_custom_url":null,"og_image_custom_fields":null,"og_video":null,"og_custom_url":null,"og_article_section":null,"og_article_tags":null,"twitter_use_og":false,"twitter_card":"default","twitter_image_type":"default","twitter_image_url":null,"twitter_image_custom_url":null,"twitter_image_custom_fields":null,"twitter_title":null,"twitter_description":null,"schema":{"blockGraphs":[],"customGraphs":[],"default":{"data":{"Article":[],"Course":[],"Dataset":[],"FAQPage":[],"Movie":[],"Person":[],"Product":[],"ProductReview":[],"Car":[],"Recipe":[],"Service":[],"SoftwareApplication":[],"WebPage":[]},"graphName":"","isEnabled":true},"graphs":[],"defaultGraph":"","defaultPostTypeGraph":""},"schema_type":null,"schema_type_options":null,"pillar_content":false,"robots_default":true,"robots_noindex":false,"robots_noarchive":false,"robots_nosnippet":false,"robots_nofollow":false,"robots_noimageindex":false,"robots_noodp":false,"robots_notranslate":false,"robots_max_snippet":null,"robots_max_videopreview":null,"robots_max_imagepreview":"large","priority":null,"frequency":null,"location":null,"local_seo":null,"seo_analyzer_scan_date":"2025-09-25 06:19:53","breadcrumb_settings":null,"limit_modified_date":false,"open_ai":null,"ai":null,"created":"2021-03-08 22:04:43","updated":"2025-09-25 06:19:53"},"aioseo_breadcrumb":"<div class=\"aioseo-breadcrumbs\"><span class=\"aioseo-breadcrumb\">\n\t<a href=\"https:\/\/eldigitaldeasturias.com\/magazine365\" title=\"Home\">Home<\/a>\n<\/span><span class=\"aioseo-breadcrumb-separator\">\u2013<\/span><span class=\"aioseo-breadcrumb\">\n\t<a href=\"https:\/\/eldigitaldeasturias.com\/magazine365\/category\/noticias-actualidad\/\" title=\"Noticias y Actualidad\">Noticias y Actualidad<\/a>\n<\/span><span class=\"aioseo-breadcrumb-separator\">\u2013<\/span><span class=\"aioseo-breadcrumb\">\n\t<a href=\"https:\/\/eldigitaldeasturias.com\/magazine365\/mercure-incorpora-a-su-red-el-hotel-rio-de-badajoz\/\" title=\"Mercure incorpora a su red el hotel R\u00edo de Badajoz\">Mercure incorpora a su red el hotel R\u00edo de Badajoz<\/a>\n<\/span><\/div>","aioseo_breadcrumb_json":[{"label":"Home","link":"https:\/\/eldigitaldeasturias.com\/magazine365"},{"label":"Noticias y Actualidad","link":"https:\/\/eldigitaldeasturias.com\/magazine365\/category\/noticias-actualidad\/"},{"label":"Mercure incorpora a su red el hotel R\u00edo de Badajoz","link":"https:\/\/eldigitaldeasturias.com\/magazine365\/mercure-incorpora-a-su-red-el-hotel-rio-de-badajoz\/"}],"_links":{"self":[{"href":"https:\/\/eldigitaldeasturias.com\/magazine365\/wp-json\/wp\/v2\/posts\/60137","targetHints":{"allow":["GET"]}}],"collection":[{"href":"https:\/\/eldigitaldeasturias.com\/magazine365\/wp-json\/wp\/v2\/posts"}],"about":[{"href":"https:\/\/eldigitaldeasturias.com\/magazine365\/wp-json\/wp\/v2\/types\/post"}],"author":[{"embeddable":true,"href":"https:\/\/eldigitaldeasturias.com\/magazine365\/wp-json\/wp\/v2\/users\/1"}],"replies":[{"embeddable":true,"href":"https:\/\/eldigitaldeasturias.com\/magazine365\/wp-json\/wp\/v2\/comments?post=60137"}],"version-history":[{"count":0,"href":"https:\/\/eldigitaldeasturias.com\/magazine365\/wp-json\/wp\/v2\/posts\/60137\/revisions"}],"wp:featuredmedia":[{"embeddable":true,"href":"https:\/\/eldigitaldeasturias.com\/magazine365\/wp-json\/wp\/v2\/media\/60138"}],"wp:attachment":[{"href":"https:\/\/eldigitaldeasturias.com\/magazine365\/wp-json\/wp\/v2\/media?parent=60137"}],"wp:term":[{"taxonomy":"category","embeddable":true,"href":"https:\/\/eldigitaldeasturias.com\/magazine365\/wp-json\/wp\/v2\/categories?post=60137"},{"taxonomy":"post_tag","embeddable":true,"href":"https:\/\/eldigitaldeasturias.com\/magazine365\/wp-json\/wp\/v2\/tags?post=60137"}],"curies":[{"name":"wp","href":"https:\/\/api.w.org\/{rel}","templated":true}]}}