{"id":60127,"date":"2016-01-11T14:07:25","date_gmt":"2016-01-11T13:07:25","guid":{"rendered":"http:\/\/eldigitaldeasturias.com\/magazine365\/?p=60127"},"modified":"2016-01-11T14:07:25","modified_gmt":"2016-01-11T13:07:25","slug":"air-france-klm-pierde-70-millones-en-diciembre-por-los-atentados-de-paris","status":"publish","type":"post","link":"https:\/\/eldigitaldeasturias.com\/magazine365\/air-france-klm-pierde-70-millones-en-diciembre-por-los-atentados-de-paris\/","title":{"rendered":"Air France-KLM pierde 70 millones en diciembre por los atentados de Par\u00eds"},"content":{"rendered":"<p><img fetchpriority=\"high\" decoding=\"async\" class=\"alignleft size-medium wp-image-60128\" src=\"https:\/\/eldigitaldeasturias.com\/magazine365\/wp-content\/uploads\/2016\/01\/fotonoticia_20160111115043_800-360x233.jpg\" alt=\"fotonoticia_20160111115043_800\" width=\"360\" height=\"233\" srcset=\"https:\/\/eldigitaldeasturias.com\/magazine365\/wp-content\/uploads\/2016\/01\/fotonoticia_20160111115043_800-360x233.jpg 360w, https:\/\/eldigitaldeasturias.com\/magazine365\/wp-content\/uploads\/2016\/01\/fotonoticia_20160111115043_800-650x421.jpg 650w, https:\/\/eldigitaldeasturias.com\/magazine365\/wp-content\/uploads\/2016\/01\/fotonoticia_20160111115043_800-768x497.jpg 768w, https:\/\/eldigitaldeasturias.com\/magazine365\/wp-content\/uploads\/2016\/01\/fotonoticia_20160111115043_800-150x97.jpg 150w, https:\/\/eldigitaldeasturias.com\/magazine365\/wp-content\/uploads\/2016\/01\/fotonoticia_20160111115043_800-450x291.jpg 450w, https:\/\/eldigitaldeasturias.com\/magazine365\/wp-content\/uploads\/2016\/01\/fotonoticia_20160111115043_800-696x451.jpg 696w, https:\/\/eldigitaldeasturias.com\/magazine365\/wp-content\/uploads\/2016\/01\/fotonoticia_20160111115043_800-649x420.jpg 649w, https:\/\/eldigitaldeasturias.com\/magazine365\/wp-content\/uploads\/2016\/01\/fotonoticia_20160111115043_800-225x145.jpg 225w, https:\/\/eldigitaldeasturias.com\/magazine365\/wp-content\/uploads\/2016\/01\/fotonoticia_20160111115043_800-121x79.jpg 121w, https:\/\/eldigitaldeasturias.com\/magazine365\/wp-content\/uploads\/2016\/01\/fotonoticia_20160111115043_800-101x66.jpg 101w, https:\/\/eldigitaldeasturias.com\/magazine365\/wp-content\/uploads\/2016\/01\/fotonoticia_20160111115043_800.jpg 800w\" sizes=\"(max-width: 360px) 100vw, 360px\" \/>Air France-KLM ha cifrado en 70 millones de euros el impacto negativo en sus cuentas por la ca\u00edda de las reservas tras los ataques yihadistas del pasado 13 de noviembre en Par\u00eds, si bien ha registrado una atenuaci\u00f3n \u00abclara\u00bb de dicho efecto durante las \u00faltimas semanas.<\/p>\n<p>El impacto afect\u00f3 sobre todo al factor de ocupaci\u00f3n en las rutas a Am\u00e9rica del Norte y Asia y, notablemente, en las conexiones a Jap\u00f3n, subray\u00f3 el grupo franco-holand\u00e9s en un comunicado, nivel que a nivel global se estabiliz\u00f3 despu\u00e9s de los ataques terroristas.<\/p>\n<p>Air France-KLM, que present\u00f3 hoy sus datos de tr\u00e1fico correspondientes a diciembre, se\u00f1ala que corregido el impacto de estimado por los atentados, sus ingresos unitarios por kil\u00f3metro ofertado habr\u00edan bajado comparados con diciembre de 2014.<\/p>\n<p>En diciembre, el grupo franco-holand\u00e9s mantuvo plano su nivel de pasajeros con 6,7 millones de viajeros, con un incremento del 1,1% del tr\u00e1fico, tras aumentar su capacidad en un 1,3%. Como resultado, el factor de ocupaci\u00f3n alcanz\u00f3 el 82,9%, 0,2 puntos porcentuales menos.<\/p>\n<p>La tendencia de las reservas en diciembre est\u00e1 \u00aben la l\u00ednea con un escenario de restablecimiento progresivo\u00bb, ha asegurado el grupo.<\/p>\n<p>TRANSAVIA: UN 9% M\u00c1S DE PASAJEROS.<\/p>\n<p>El grupo Air France-KLM, que incluye Air France, KLM, HOP! y Transavia, cerr\u00f3 2015 con un total de 89,8 millones de pasajeros, un 2,8% m\u00e1s. El tr\u00e1fico aument\u00f3 un 3,1% y un 2,5% su oferta. En consecuencia, el coeficiente de ocupaci\u00f3n fue del 85,5%, 0,4 puntos porcentuales m\u00e1s.<\/p>\n<p>Por compa\u00f1\u00edas, Transavia transport\u00f3 10,8 millones de pasajeros en 2015, un 9% m\u00e1s, mientras que el resto de aerol\u00edneas &#8211;Air France, KLM y HOP!&#8211; transportaron m\u00e1s de 79 millones de viajeros, un 2% m\u00e1s que hace un a\u00f1o, seg\u00fan inform\u00f3 el grupo.<\/p>\n<p>Transavia elev\u00f3 un 5,4% el tr\u00e1fico, tras aplicar un incremento del 5,4% de su oferta durante 2015, con un coeficiente de ocupaci\u00f3n del 89,9%, 0,1 puntos porcentuales m\u00e1s. En diciembre, increment\u00f3 un 13,1% sus viajeros, con un incremento del 7,6% del tr\u00e1fico y del 8,8% de la oferta. El factor de ocupaci\u00f3n fue del 83,2%, un punto porcentual menos.<\/p>\n<p>POR MERCADOS.<\/p>\n<p>Por mercados, Air France-KLM (excluyendo Transavia) logr\u00f3 aumentar sus viajeros en las rutas de largo radio, en las que transport\u00f3 25,5 millones de pasajeros en 2015 (+3,5%), mientras que en las de corto y medio radio logr\u00f3 un 1,3% m\u00e1s, hasta los 53,4 millones de viajeros.<\/p>\n<p>En concreto, en las de largo radio el tr\u00e1fico aument\u00f3 un 3,5% y la oferta creci\u00f3 un 3,2%, con un factor de ocupaci\u00f3n del 86,4% (+0,2 puntos), mientras que en las de corto y medio el tr\u00e1fico creci\u00f3 un 1,3%, con una capacidad un 0,9% superior y el coeficiente de ocupaci\u00f3n se situ\u00f3 en el 80,1% (+1,3 puntos).<\/p>\n<p>EL MAYOR REPUNTE EN LATINOAM\u00c9RICA.<\/p>\n<p>El mayor crecimiento en transporte de pasajeros lo registr\u00f3 en Am\u00e9rica Latina, con un aumento del 5,5%, hasta los 3 millones de viajeros, tras incrementar un 6% su oferta, y registrar un aumento del 5% del tr\u00e1fico. El coeficiente de ocupaci\u00f3n fue del 86,5, 0,8 puntos porcentuales menos.<\/p>\n<p>En segundo lugar, le sigui\u00f3 Norteam\u00e9rica con un 4,4% m\u00e1s de pasajeros transportados en 2015, hasta los 7,4 millones, con un aumento del 4,6% en la oferta y un 4,9% m\u00e1s de tr\u00e1fico. El coeficiente de ocupaci\u00f3n se situ\u00f3 en el 88,3%, 0,3 puntos porcentuales m\u00e1s.<\/p>\n<p>Asia&#8211;Pac\u00edfico, tercer mercado por crecimiento, registr\u00f3 un incremento del 3,1% de los viajeros transportados, hasta los 6,2 millones de viajeros, con un aumento del 1,6% de la oferta y del 1,9% del tr\u00e1fico. La tasa de ocupaci\u00f3n fue del 86,8%, 0,3 puntos porcentuales m\u00e1s que un a\u00f1o antes.<\/p>\n<p>En \u00c1frica y Oriente Medio el n\u00famero de pasajeros aument\u00f3 un 3,1% en 2015, hasta los 5,3 millones, con un aumento del 2,1% del tr\u00e1fico y del 1,7% de la oferta. El factor de ocupaci\u00f3n se situ\u00f3 en el 81,3%, 0,4 puntos porcentuales m\u00e1s.<\/p>\n<p>En el Caribe y Oc\u00e9ano \u00cdndico aument\u00f3 un 1,3% el transporte de pasajeros, hasta los 3,4 millones de viajeros, con un aumento del 1,7% del tr\u00e1fico y una oferta un 1,2% superior. El factor de ocupaci\u00f3n fue del 87,8%, 0,4 puntos porcentuales m\u00e1s.<\/p>\n","protected":false},"excerpt":{"rendered":"<p>Air France-KLM ha cifrado en 70 millones de euros el impacto negativo en sus cuentas por la ca\u00edda de las reservas tras los ataques yihadistas del pasado 13 de noviembre en Par\u00eds, si bien ha registrado una atenuaci\u00f3n \u00abclara\u00bb de dicho efecto durante las \u00faltimas semanas. El impacto afect\u00f3 sobre todo al factor de ocupaci\u00f3n<\/p>\n","protected":false},"author":1,"featured_media":60128,"comment_status":"open","ping_status":"closed","sticky":false,"template":"","format":"standard","meta":{"footnotes":""},"categories":[224],"tags":[],"class_list":{"0":"post-60127","1":"post","2":"type-post","3":"status-publish","4":"format-standard","5":"has-post-thumbnail","7":"category-noticias-actualidad"},"aioseo_notices":[],"aioseo_head":"\n\t\t<!-- All in One SEO Pro 4.9.6.1 - aioseo.com -->\n\t<meta name=\"description\" content=\"Air France-KLM ha cifrado en 70 millones de euros el impacto negativo en sus cuentas por la ca\u00edda de las reservas tras los ataques yihadistas del pasado 13 de noviembre en Par\u00eds, si bien ha registrado una atenuaci\u00f3n &quot;clara&quot; de dicho efecto durante las \u00faltimas semanas. El impacto afect\u00f3 sobre todo al factor de ocupaci\u00f3n\" \/>\n\t<meta name=\"robots\" content=\"max-image-preview:large\" \/>\n\t<meta name=\"author\" content=\"admin\"\/>\n\t<meta name=\"google-site-verification\" content=\"UA-38556648-1\" \/>\n\t<meta name=\"keywords\" content=\"noticias y actualidad\" \/>\n\t<link rel=\"canonical\" href=\"https:\/\/eldigitaldeasturias.com\/magazine365\/air-france-klm-pierde-70-millones-en-diciembre-por-los-atentados-de-paris\/\" \/>\n\t<meta name=\"generator\" content=\"All in One SEO Pro (AIOSEO) 4.9.6.1\" \/>\n\t\t<meta property=\"og:locale\" content=\"es_ES\" \/>\n\t\t<meta property=\"og:site_name\" content=\"El Digital de Asturias \u2013 Revista de ocio, turismo y estilo de vida\" \/>\n\t\t<meta property=\"og:type\" content=\"article\" \/>\n\t\t<meta property=\"og:title\" content=\"Air France-KLM pierde 70 millones en diciembre por los atentados de Par\u00eds | El Digital de Asturias\" \/>\n\t\t<meta property=\"og:description\" content=\"Air France-KLM ha cifrado en 70 millones de euros el impacto negativo en sus cuentas por la ca\u00edda de las reservas tras los ataques yihadistas del pasado 13 de noviembre en Par\u00eds, si bien ha registrado una atenuaci\u00f3n &quot;clara&quot; de dicho efecto durante las \u00faltimas semanas. El impacto afect\u00f3 sobre todo al factor de ocupaci\u00f3n\" \/>\n\t\t<meta property=\"og:url\" content=\"https:\/\/eldigitaldeasturias.com\/magazine365\/air-france-klm-pierde-70-millones-en-diciembre-por-los-atentados-de-paris\/\" \/>\n\t\t<meta property=\"og:image\" content=\"https:\/\/eldigitaldeasturias.com\/magazine365\/wp-content\/uploads\/2016\/01\/fotonoticia_20160111115043_800.jpg\" \/>\n\t\t<meta property=\"og:image:secure_url\" content=\"https:\/\/eldigitaldeasturias.com\/magazine365\/wp-content\/uploads\/2016\/01\/fotonoticia_20160111115043_800.jpg\" \/>\n\t\t<meta property=\"og:image:width\" content=\"800\" \/>\n\t\t<meta property=\"og:image:height\" content=\"518\" \/>\n\t\t<meta property=\"article:published_time\" content=\"2016-01-11T13:07:25+00:00\" \/>\n\t\t<meta property=\"article:modified_time\" content=\"2016-01-11T13:07:25+00:00\" \/>\n\t\t<meta name=\"twitter:card\" content=\"summary_large_image\" \/>\n\t\t<meta name=\"twitter:title\" content=\"Air France-KLM pierde 70 millones en diciembre por los atentados de Par\u00eds | El Digital de Asturias\" \/>\n\t\t<meta name=\"twitter:description\" content=\"Air France-KLM ha cifrado en 70 millones de euros el impacto negativo en sus cuentas por la ca\u00edda de las reservas tras los ataques yihadistas del pasado 13 de noviembre en Par\u00eds, si bien ha registrado una atenuaci\u00f3n &quot;clara&quot; de dicho efecto durante las \u00faltimas semanas. El impacto afect\u00f3 sobre todo al factor de ocupaci\u00f3n\" \/>\n\t\t<meta name=\"twitter:image\" content=\"https:\/\/eldigitaldeasturias.com\/magazine365\/wp-content\/uploads\/2016\/01\/fotonoticia_20160111115043_800.jpg\" \/>\n\t\t<script type=\"application\/ld+json\" class=\"aioseo-schema\">\n\t\t\t{\"@context\":\"https:\\\/\\\/schema.org\",\"@graph\":[{\"@type\":\"Article\",\"@id\":\"https:\\\/\\\/eldigitaldeasturias.com\\\/magazine365\\\/air-france-klm-pierde-70-millones-en-diciembre-por-los-atentados-de-paris\\\/#article\",\"name\":\"Air France-KLM pierde 70 millones en diciembre por los atentados de Par\\u00eds | El Digital de Asturias\",\"headline\":\"Air France-KLM pierde 70 millones en diciembre por los atentados de Par\\u00eds\",\"author\":{\"@id\":\"https:\\\/\\\/eldigitaldeasturias.com\\\/magazine365\\\/author\\\/admin\\\/#author\"},\"publisher\":{\"@id\":\"https:\\\/\\\/eldigitaldeasturias.com\\\/magazine365\\\/#organization\"},\"image\":{\"@type\":\"ImageObject\",\"url\":\"https:\\\/\\\/eldigitaldeasturias.com\\\/magazine365\\\/wp-content\\\/uploads\\\/2016\\\/01\\\/fotonoticia_20160111115043_800.jpg\",\"width\":800,\"height\":518},\"datePublished\":\"2016-01-11T14:07:25+01:00\",\"dateModified\":\"2016-01-11T14:07:25+01:00\",\"inLanguage\":\"es-ES\",\"mainEntityOfPage\":{\"@id\":\"https:\\\/\\\/eldigitaldeasturias.com\\\/magazine365\\\/air-france-klm-pierde-70-millones-en-diciembre-por-los-atentados-de-paris\\\/#webpage\"},\"isPartOf\":{\"@id\":\"https:\\\/\\\/eldigitaldeasturias.com\\\/magazine365\\\/air-france-klm-pierde-70-millones-en-diciembre-por-los-atentados-de-paris\\\/#webpage\"},\"articleSection\":\"Noticias y Actualidad\"},{\"@type\":\"BreadcrumbList\",\"@id\":\"https:\\\/\\\/eldigitaldeasturias.com\\\/magazine365\\\/air-france-klm-pierde-70-millones-en-diciembre-por-los-atentados-de-paris\\\/#breadcrumblist\",\"itemListElement\":[{\"@type\":\"ListItem\",\"@id\":\"https:\\\/\\\/eldigitaldeasturias.com\\\/magazine365#listItem\",\"position\":1,\"name\":\"Home\",\"item\":\"https:\\\/\\\/eldigitaldeasturias.com\\\/magazine365\",\"nextItem\":{\"@type\":\"ListItem\",\"@id\":\"https:\\\/\\\/eldigitaldeasturias.com\\\/magazine365\\\/category\\\/noticias-actualidad\\\/#listItem\",\"name\":\"Noticias y Actualidad\"}},{\"@type\":\"ListItem\",\"@id\":\"https:\\\/\\\/eldigitaldeasturias.com\\\/magazine365\\\/category\\\/noticias-actualidad\\\/#listItem\",\"position\":2,\"name\":\"Noticias y Actualidad\",\"item\":\"https:\\\/\\\/eldigitaldeasturias.com\\\/magazine365\\\/category\\\/noticias-actualidad\\\/\",\"nextItem\":{\"@type\":\"ListItem\",\"@id\":\"https:\\\/\\\/eldigitaldeasturias.com\\\/magazine365\\\/air-france-klm-pierde-70-millones-en-diciembre-por-los-atentados-de-paris\\\/#listItem\",\"name\":\"Air France-KLM pierde 70 millones en diciembre por los atentados de Par\\u00eds\"},\"previousItem\":{\"@type\":\"ListItem\",\"@id\":\"https:\\\/\\\/eldigitaldeasturias.com\\\/magazine365#listItem\",\"name\":\"Home\"}},{\"@type\":\"ListItem\",\"@id\":\"https:\\\/\\\/eldigitaldeasturias.com\\\/magazine365\\\/air-france-klm-pierde-70-millones-en-diciembre-por-los-atentados-de-paris\\\/#listItem\",\"position\":3,\"name\":\"Air France-KLM pierde 70 millones en diciembre por los atentados de Par\\u00eds\",\"previousItem\":{\"@type\":\"ListItem\",\"@id\":\"https:\\\/\\\/eldigitaldeasturias.com\\\/magazine365\\\/category\\\/noticias-actualidad\\\/#listItem\",\"name\":\"Noticias y Actualidad\"}}]},{\"@type\":\"Organization\",\"@id\":\"https:\\\/\\\/eldigitaldeasturias.com\\\/magazine365\\\/#organization\",\"name\":\"El digital de Asturias\",\"description\":\"Revista de ocio, turismo y estilo de vida\",\"url\":\"https:\\\/\\\/eldigitaldeasturias.com\\\/magazine365\\\/\",\"logo\":{\"@type\":\"ImageObject\",\"url\":\"https:\\\/\\\/www.eldigitaldeasturias.com\\\/noticias\\\/wp-content\\\/uploads\\\/2020\\\/12\\\/EDA.jpg\",\"@id\":\"https:\\\/\\\/eldigitaldeasturias.com\\\/magazine365\\\/air-france-klm-pierde-70-millones-en-diciembre-por-los-atentados-de-paris\\\/#organizationLogo\"},\"image\":{\"@id\":\"https:\\\/\\\/eldigitaldeasturias.com\\\/magazine365\\\/air-france-klm-pierde-70-millones-en-diciembre-por-los-atentados-de-paris\\\/#organizationLogo\"}},{\"@type\":\"Person\",\"@id\":\"https:\\\/\\\/eldigitaldeasturias.com\\\/magazine365\\\/author\\\/admin\\\/#author\",\"url\":\"https:\\\/\\\/eldigitaldeasturias.com\\\/magazine365\\\/author\\\/admin\\\/\",\"name\":\"admin\",\"image\":{\"@type\":\"ImageObject\",\"@id\":\"https:\\\/\\\/eldigitaldeasturias.com\\\/magazine365\\\/air-france-klm-pierde-70-millones-en-diciembre-por-los-atentados-de-paris\\\/#authorImage\",\"url\":\"https:\\\/\\\/eldigitaldeasturias.com\\\/magazine365\\\/wp-content\\\/litespeed\\\/avatar\\\/e571bcf59a0edd6fa6838245a470f2fe.jpg?ver=1777574230\",\"width\":96,\"height\":96,\"caption\":\"admin\"}},{\"@type\":\"WebPage\",\"@id\":\"https:\\\/\\\/eldigitaldeasturias.com\\\/magazine365\\\/air-france-klm-pierde-70-millones-en-diciembre-por-los-atentados-de-paris\\\/#webpage\",\"url\":\"https:\\\/\\\/eldigitaldeasturias.com\\\/magazine365\\\/air-france-klm-pierde-70-millones-en-diciembre-por-los-atentados-de-paris\\\/\",\"name\":\"Air France-KLM pierde 70 millones en diciembre por los atentados de Par\\u00eds | El Digital de Asturias\",\"description\":\"Air France-KLM ha cifrado en 70 millones de euros el impacto negativo en sus cuentas por la ca\\u00edda de las reservas tras los ataques yihadistas del pasado 13 de noviembre en Par\\u00eds, si bien ha registrado una atenuaci\\u00f3n \\\"clara\\\" de dicho efecto durante las \\u00faltimas semanas. El impacto afect\\u00f3 sobre todo al factor de ocupaci\\u00f3n\",\"inLanguage\":\"es-ES\",\"isPartOf\":{\"@id\":\"https:\\\/\\\/eldigitaldeasturias.com\\\/magazine365\\\/#website\"},\"breadcrumb\":{\"@id\":\"https:\\\/\\\/eldigitaldeasturias.com\\\/magazine365\\\/air-france-klm-pierde-70-millones-en-diciembre-por-los-atentados-de-paris\\\/#breadcrumblist\"},\"author\":{\"@id\":\"https:\\\/\\\/eldigitaldeasturias.com\\\/magazine365\\\/author\\\/admin\\\/#author\"},\"creator\":{\"@id\":\"https:\\\/\\\/eldigitaldeasturias.com\\\/magazine365\\\/author\\\/admin\\\/#author\"},\"image\":{\"@type\":\"ImageObject\",\"url\":\"https:\\\/\\\/eldigitaldeasturias.com\\\/magazine365\\\/wp-content\\\/uploads\\\/2016\\\/01\\\/fotonoticia_20160111115043_800.jpg\",\"@id\":\"https:\\\/\\\/eldigitaldeasturias.com\\\/magazine365\\\/air-france-klm-pierde-70-millones-en-diciembre-por-los-atentados-de-paris\\\/#mainImage\",\"width\":800,\"height\":518},\"primaryImageOfPage\":{\"@id\":\"https:\\\/\\\/eldigitaldeasturias.com\\\/magazine365\\\/air-france-klm-pierde-70-millones-en-diciembre-por-los-atentados-de-paris\\\/#mainImage\"},\"datePublished\":\"2016-01-11T14:07:25+01:00\",\"dateModified\":\"2016-01-11T14:07:25+01:00\"},{\"@type\":\"WebSite\",\"@id\":\"https:\\\/\\\/eldigitaldeasturias.com\\\/magazine365\\\/#website\",\"url\":\"https:\\\/\\\/eldigitaldeasturias.com\\\/magazine365\\\/\",\"name\":\"El Digital de Asturias\",\"description\":\"Revista de ocio, turismo y estilo de vida\",\"inLanguage\":\"es-ES\",\"publisher\":{\"@id\":\"https:\\\/\\\/eldigitaldeasturias.com\\\/magazine365\\\/#organization\"}}]}\n\t\t<\/script>\n\t\t<!-- All in One SEO Pro -->\r\n\t\t<title>Air France-KLM pierde 70 millones en diciembre por los atentados de Par\u00eds | El Digital de Asturias<\/title>\n\n","aioseo_head_json":{"title":"Air France-KLM pierde 70 millones en diciembre por los atentados de Par\u00eds | El Digital de Asturias","description":"Air France-KLM ha cifrado en 70 millones de euros el impacto negativo en sus cuentas por la ca\u00edda de las reservas tras los ataques yihadistas del pasado 13 de noviembre en Par\u00eds, si bien ha registrado una atenuaci\u00f3n \"clara\" de dicho efecto durante las \u00faltimas semanas. El impacto afect\u00f3 sobre todo al factor de ocupaci\u00f3n","canonical_url":"https:\/\/eldigitaldeasturias.com\/magazine365\/air-france-klm-pierde-70-millones-en-diciembre-por-los-atentados-de-paris\/","robots":"max-image-preview:large","keywords":"noticias y actualidad","webmasterTools":{"google-site-verification":"UA-38556648-1","miscellaneous":""},"schema":{"@context":"https:\/\/schema.org","@graph":[{"@type":"Article","@id":"https:\/\/eldigitaldeasturias.com\/magazine365\/air-france-klm-pierde-70-millones-en-diciembre-por-los-atentados-de-paris\/#article","name":"Air France-KLM pierde 70 millones en diciembre por los atentados de Par\u00eds | El Digital de Asturias","headline":"Air France-KLM pierde 70 millones en diciembre por los atentados de Par\u00eds","author":{"@id":"https:\/\/eldigitaldeasturias.com\/magazine365\/author\/admin\/#author"},"publisher":{"@id":"https:\/\/eldigitaldeasturias.com\/magazine365\/#organization"},"image":{"@type":"ImageObject","url":"https:\/\/eldigitaldeasturias.com\/magazine365\/wp-content\/uploads\/2016\/01\/fotonoticia_20160111115043_800.jpg","width":800,"height":518},"datePublished":"2016-01-11T14:07:25+01:00","dateModified":"2016-01-11T14:07:25+01:00","inLanguage":"es-ES","mainEntityOfPage":{"@id":"https:\/\/eldigitaldeasturias.com\/magazine365\/air-france-klm-pierde-70-millones-en-diciembre-por-los-atentados-de-paris\/#webpage"},"isPartOf":{"@id":"https:\/\/eldigitaldeasturias.com\/magazine365\/air-france-klm-pierde-70-millones-en-diciembre-por-los-atentados-de-paris\/#webpage"},"articleSection":"Noticias y Actualidad"},{"@type":"BreadcrumbList","@id":"https:\/\/eldigitaldeasturias.com\/magazine365\/air-france-klm-pierde-70-millones-en-diciembre-por-los-atentados-de-paris\/#breadcrumblist","itemListElement":[{"@type":"ListItem","@id":"https:\/\/eldigitaldeasturias.com\/magazine365#listItem","position":1,"name":"Home","item":"https:\/\/eldigitaldeasturias.com\/magazine365","nextItem":{"@type":"ListItem","@id":"https:\/\/eldigitaldeasturias.com\/magazine365\/category\/noticias-actualidad\/#listItem","name":"Noticias y Actualidad"}},{"@type":"ListItem","@id":"https:\/\/eldigitaldeasturias.com\/magazine365\/category\/noticias-actualidad\/#listItem","position":2,"name":"Noticias y Actualidad","item":"https:\/\/eldigitaldeasturias.com\/magazine365\/category\/noticias-actualidad\/","nextItem":{"@type":"ListItem","@id":"https:\/\/eldigitaldeasturias.com\/magazine365\/air-france-klm-pierde-70-millones-en-diciembre-por-los-atentados-de-paris\/#listItem","name":"Air France-KLM pierde 70 millones en diciembre por los atentados de Par\u00eds"},"previousItem":{"@type":"ListItem","@id":"https:\/\/eldigitaldeasturias.com\/magazine365#listItem","name":"Home"}},{"@type":"ListItem","@id":"https:\/\/eldigitaldeasturias.com\/magazine365\/air-france-klm-pierde-70-millones-en-diciembre-por-los-atentados-de-paris\/#listItem","position":3,"name":"Air France-KLM pierde 70 millones en diciembre por los atentados de Par\u00eds","previousItem":{"@type":"ListItem","@id":"https:\/\/eldigitaldeasturias.com\/magazine365\/category\/noticias-actualidad\/#listItem","name":"Noticias y Actualidad"}}]},{"@type":"Organization","@id":"https:\/\/eldigitaldeasturias.com\/magazine365\/#organization","name":"El digital de Asturias","description":"Revista de ocio, turismo y estilo de vida","url":"https:\/\/eldigitaldeasturias.com\/magazine365\/","logo":{"@type":"ImageObject","url":"https:\/\/www.eldigitaldeasturias.com\/noticias\/wp-content\/uploads\/2020\/12\/EDA.jpg","@id":"https:\/\/eldigitaldeasturias.com\/magazine365\/air-france-klm-pierde-70-millones-en-diciembre-por-los-atentados-de-paris\/#organizationLogo"},"image":{"@id":"https:\/\/eldigitaldeasturias.com\/magazine365\/air-france-klm-pierde-70-millones-en-diciembre-por-los-atentados-de-paris\/#organizationLogo"}},{"@type":"Person","@id":"https:\/\/eldigitaldeasturias.com\/magazine365\/author\/admin\/#author","url":"https:\/\/eldigitaldeasturias.com\/magazine365\/author\/admin\/","name":"admin","image":{"@type":"ImageObject","@id":"https:\/\/eldigitaldeasturias.com\/magazine365\/air-france-klm-pierde-70-millones-en-diciembre-por-los-atentados-de-paris\/#authorImage","url":"https:\/\/eldigitaldeasturias.com\/magazine365\/wp-content\/litespeed\/avatar\/e571bcf59a0edd6fa6838245a470f2fe.jpg?ver=1777574230","width":96,"height":96,"caption":"admin"}},{"@type":"WebPage","@id":"https:\/\/eldigitaldeasturias.com\/magazine365\/air-france-klm-pierde-70-millones-en-diciembre-por-los-atentados-de-paris\/#webpage","url":"https:\/\/eldigitaldeasturias.com\/magazine365\/air-france-klm-pierde-70-millones-en-diciembre-por-los-atentados-de-paris\/","name":"Air France-KLM pierde 70 millones en diciembre por los atentados de Par\u00eds | El Digital de Asturias","description":"Air France-KLM ha cifrado en 70 millones de euros el impacto negativo en sus cuentas por la ca\u00edda de las reservas tras los ataques yihadistas del pasado 13 de noviembre en Par\u00eds, si bien ha registrado una atenuaci\u00f3n \"clara\" de dicho efecto durante las \u00faltimas semanas. El impacto afect\u00f3 sobre todo al factor de ocupaci\u00f3n","inLanguage":"es-ES","isPartOf":{"@id":"https:\/\/eldigitaldeasturias.com\/magazine365\/#website"},"breadcrumb":{"@id":"https:\/\/eldigitaldeasturias.com\/magazine365\/air-france-klm-pierde-70-millones-en-diciembre-por-los-atentados-de-paris\/#breadcrumblist"},"author":{"@id":"https:\/\/eldigitaldeasturias.com\/magazine365\/author\/admin\/#author"},"creator":{"@id":"https:\/\/eldigitaldeasturias.com\/magazine365\/author\/admin\/#author"},"image":{"@type":"ImageObject","url":"https:\/\/eldigitaldeasturias.com\/magazine365\/wp-content\/uploads\/2016\/01\/fotonoticia_20160111115043_800.jpg","@id":"https:\/\/eldigitaldeasturias.com\/magazine365\/air-france-klm-pierde-70-millones-en-diciembre-por-los-atentados-de-paris\/#mainImage","width":800,"height":518},"primaryImageOfPage":{"@id":"https:\/\/eldigitaldeasturias.com\/magazine365\/air-france-klm-pierde-70-millones-en-diciembre-por-los-atentados-de-paris\/#mainImage"},"datePublished":"2016-01-11T14:07:25+01:00","dateModified":"2016-01-11T14:07:25+01:00"},{"@type":"WebSite","@id":"https:\/\/eldigitaldeasturias.com\/magazine365\/#website","url":"https:\/\/eldigitaldeasturias.com\/magazine365\/","name":"El Digital de Asturias","description":"Revista de ocio, turismo y estilo de vida","inLanguage":"es-ES","publisher":{"@id":"https:\/\/eldigitaldeasturias.com\/magazine365\/#organization"}}]},"og:locale":"es_ES","og:site_name":"El Digital de Asturias \u2013 Revista de ocio, turismo y estilo de vida","og:type":"article","og:title":"Air France-KLM pierde 70 millones en diciembre por los atentados de Par\u00eds | El Digital de Asturias","og:description":"Air France-KLM ha cifrado en 70 millones de euros el impacto negativo en sus cuentas por la ca\u00edda de las reservas tras los ataques yihadistas del pasado 13 de noviembre en Par\u00eds, si bien ha registrado una atenuaci\u00f3n &quot;clara&quot; de dicho efecto durante las \u00faltimas semanas. El impacto afect\u00f3 sobre todo al factor de ocupaci\u00f3n","og:url":"https:\/\/eldigitaldeasturias.com\/magazine365\/air-france-klm-pierde-70-millones-en-diciembre-por-los-atentados-de-paris\/","og:image":"https:\/\/eldigitaldeasturias.com\/magazine365\/wp-content\/uploads\/2016\/01\/fotonoticia_20160111115043_800.jpg","og:image:secure_url":"https:\/\/eldigitaldeasturias.com\/magazine365\/wp-content\/uploads\/2016\/01\/fotonoticia_20160111115043_800.jpg","og:image:width":800,"og:image:height":518,"article:published_time":"2016-01-11T13:07:25+00:00","article:modified_time":"2016-01-11T13:07:25+00:00","twitter:card":"summary_large_image","twitter:title":"Air France-KLM pierde 70 millones en diciembre por los atentados de Par\u00eds | El Digital de Asturias","twitter:description":"Air France-KLM ha cifrado en 70 millones de euros el impacto negativo en sus cuentas por la ca\u00edda de las reservas tras los ataques yihadistas del pasado 13 de noviembre en Par\u00eds, si bien ha registrado una atenuaci\u00f3n &quot;clara&quot; de dicho efecto durante las \u00faltimas semanas. El impacto afect\u00f3 sobre todo al factor de ocupaci\u00f3n","twitter:image":"https:\/\/eldigitaldeasturias.com\/magazine365\/wp-content\/uploads\/2016\/01\/fotonoticia_20160111115043_800.jpg"},"aioseo_meta_data":{"post_id":"60127","title":null,"description":null,"keywords":null,"keyphrases":null,"primary_term":null,"canonical_url":null,"og_title":null,"og_description":null,"og_object_type":"default","og_image_type":"default","og_image_url":null,"og_image_width":null,"og_image_height":null,"og_image_custom_url":null,"og_image_custom_fields":null,"og_video":null,"og_custom_url":null,"og_article_section":null,"og_article_tags":null,"twitter_use_og":false,"twitter_card":"default","twitter_image_type":"default","twitter_image_url":null,"twitter_image_custom_url":null,"twitter_image_custom_fields":null,"twitter_title":null,"twitter_description":null,"schema":{"blockGraphs":[],"customGraphs":[],"default":{"data":{"Article":[],"Course":[],"Dataset":[],"FAQPage":[],"Movie":[],"Person":[],"Product":[],"ProductReview":[],"Car":[],"Recipe":[],"Service":[],"SoftwareApplication":[],"WebPage":[]},"graphName":"","isEnabled":true},"graphs":[],"defaultGraph":"","defaultPostTypeGraph":""},"schema_type":null,"schema_type_options":null,"pillar_content":false,"robots_default":true,"robots_noindex":false,"robots_noarchive":false,"robots_nosnippet":false,"robots_nofollow":false,"robots_noimageindex":false,"robots_noodp":false,"robots_notranslate":false,"robots_max_snippet":null,"robots_max_videopreview":null,"robots_max_imagepreview":"large","priority":null,"frequency":null,"location":null,"local_seo":null,"seo_analyzer_scan_date":"2025-09-25 06:17:54","breadcrumb_settings":null,"limit_modified_date":false,"open_ai":null,"ai":null,"created":"2021-03-08 22:04:43","updated":"2025-09-25 06:17:54"},"aioseo_breadcrumb":"<div class=\"aioseo-breadcrumbs\"><span class=\"aioseo-breadcrumb\">\n\t<a href=\"https:\/\/eldigitaldeasturias.com\/magazine365\" title=\"Home\">Home<\/a>\n<\/span><span class=\"aioseo-breadcrumb-separator\">\u2013<\/span><span class=\"aioseo-breadcrumb\">\n\t<a href=\"https:\/\/eldigitaldeasturias.com\/magazine365\/category\/noticias-actualidad\/\" title=\"Noticias y Actualidad\">Noticias y Actualidad<\/a>\n<\/span><span class=\"aioseo-breadcrumb-separator\">\u2013<\/span><span class=\"aioseo-breadcrumb\">\n\t<a href=\"https:\/\/eldigitaldeasturias.com\/magazine365\/air-france-klm-pierde-70-millones-en-diciembre-por-los-atentados-de-paris\/\" title=\"Air France-KLM pierde 70 millones en diciembre por los atentados de Par\u00eds\">Air France-KLM pierde 70 millones en diciembre por los atentados de Par\u00eds<\/a>\n<\/span><\/div>","aioseo_breadcrumb_json":[{"label":"Home","link":"https:\/\/eldigitaldeasturias.com\/magazine365"},{"label":"Noticias y Actualidad","link":"https:\/\/eldigitaldeasturias.com\/magazine365\/category\/noticias-actualidad\/"},{"label":"Air France-KLM pierde 70 millones en diciembre por los atentados de Par\u00eds","link":"https:\/\/eldigitaldeasturias.com\/magazine365\/air-france-klm-pierde-70-millones-en-diciembre-por-los-atentados-de-paris\/"}],"_links":{"self":[{"href":"https:\/\/eldigitaldeasturias.com\/magazine365\/wp-json\/wp\/v2\/posts\/60127","targetHints":{"allow":["GET"]}}],"collection":[{"href":"https:\/\/eldigitaldeasturias.com\/magazine365\/wp-json\/wp\/v2\/posts"}],"about":[{"href":"https:\/\/eldigitaldeasturias.com\/magazine365\/wp-json\/wp\/v2\/types\/post"}],"author":[{"embeddable":true,"href":"https:\/\/eldigitaldeasturias.com\/magazine365\/wp-json\/wp\/v2\/users\/1"}],"replies":[{"embeddable":true,"href":"https:\/\/eldigitaldeasturias.com\/magazine365\/wp-json\/wp\/v2\/comments?post=60127"}],"version-history":[{"count":0,"href":"https:\/\/eldigitaldeasturias.com\/magazine365\/wp-json\/wp\/v2\/posts\/60127\/revisions"}],"wp:featuredmedia":[{"embeddable":true,"href":"https:\/\/eldigitaldeasturias.com\/magazine365\/wp-json\/wp\/v2\/media\/60128"}],"wp:attachment":[{"href":"https:\/\/eldigitaldeasturias.com\/magazine365\/wp-json\/wp\/v2\/media?parent=60127"}],"wp:term":[{"taxonomy":"category","embeddable":true,"href":"https:\/\/eldigitaldeasturias.com\/magazine365\/wp-json\/wp\/v2\/categories?post=60127"},{"taxonomy":"post_tag","embeddable":true,"href":"https:\/\/eldigitaldeasturias.com\/magazine365\/wp-json\/wp\/v2\/tags?post=60127"}],"curies":[{"name":"wp","href":"https:\/\/api.w.org\/{rel}","templated":true}]}}