{"id":60121,"date":"2016-01-11T12:39:01","date_gmt":"2016-01-11T11:39:01","guid":{"rendered":"http:\/\/eldigitaldeasturias.com\/magazine365\/?p=60121"},"modified":"2016-01-11T12:39:01","modified_gmt":"2016-01-11T11:39:01","slug":"ryanair-seleccionara-personal-de-cabina-este-mes-en-malaga-sevilla-valencia-barcelona-y-madrid","status":"publish","type":"post","link":"https:\/\/eldigitaldeasturias.com\/magazine365\/ryanair-seleccionara-personal-de-cabina-este-mes-en-malaga-sevilla-valencia-barcelona-y-madrid\/","title":{"rendered":"Ryanair seleccionar\u00e1 personal de cabina este mes en M\u00e1laga, Sevilla, Valencia, Barcelona y Madrid"},"content":{"rendered":"<p><img fetchpriority=\"high\" decoding=\"async\" class=\"alignleft size-medium wp-image-60122\" src=\"https:\/\/eldigitaldeasturias.com\/magazine365\/wp-content\/uploads\/2016\/01\/fotonoticia_20160111111019_800-360x195.jpg\" alt=\"fotonoticia_20160111111019_800\" width=\"360\" height=\"195\" srcset=\"https:\/\/eldigitaldeasturias.com\/magazine365\/wp-content\/uploads\/2016\/01\/fotonoticia_20160111111019_800-360x195.jpg 360w, https:\/\/eldigitaldeasturias.com\/magazine365\/wp-content\/uploads\/2016\/01\/fotonoticia_20160111111019_800-650x353.jpg 650w, https:\/\/eldigitaldeasturias.com\/magazine365\/wp-content\/uploads\/2016\/01\/fotonoticia_20160111111019_800-768x417.jpg 768w, https:\/\/eldigitaldeasturias.com\/magazine365\/wp-content\/uploads\/2016\/01\/fotonoticia_20160111111019_800-150x81.jpg 150w, https:\/\/eldigitaldeasturias.com\/magazine365\/wp-content\/uploads\/2016\/01\/fotonoticia_20160111111019_800-450x244.jpg 450w, https:\/\/eldigitaldeasturias.com\/magazine365\/wp-content\/uploads\/2016\/01\/fotonoticia_20160111111019_800-696x378.jpg 696w, https:\/\/eldigitaldeasturias.com\/magazine365\/wp-content\/uploads\/2016\/01\/fotonoticia_20160111111019_800-774x420.jpg 774w, https:\/\/eldigitaldeasturias.com\/magazine365\/wp-content\/uploads\/2016\/01\/fotonoticia_20160111111019_800.jpg 800w\" sizes=\"(max-width: 360px) 100vw, 360px\" \/>Crewlink, la oficina de reclutamiento de personal de la aerol\u00ednea Ryanair, ha organizado varias jornada de selecci\u00f3n de tripulantes de cabina (TCP), sin experiencia previa, durante este mes en M\u00e1laga, Sevilla, Valencia, Barcelona y Madrid y dentro de su campa\u00f1a de contrataci\u00f3n a nivel europeo.<\/p>\n<p>Concretamente, en M\u00e1laga y Sevilla se realizar\u00e1n el d\u00eda 12 de enero, en Valencia, Barcelona y Madrid el d\u00eda 13 de enero, m\u00e1s una nueva jornada de reclutamiento en Madrid el 27 de enero.<\/p>\n<p>Los candidatos deben tener m\u00e1s de 18 a\u00f1os y es importante ser trabajador, flexible y adem\u00e1s, tener una personalidad abierta y f\u00e1cil de llevar, seg\u00fan explica la compa\u00f1\u00eda, que primar\u00e1 la experiencia con el trato al p\u00fablico.<\/p>\n<p>\u00abLa acogida en 2015 fue fant\u00e1stica y estamos extremadamente satisfechos con el alto nivel de los candidatos. Por ello, volvemos a ofrecer centenares de nuevos puestos de trabajo, en lo que supone una fant\u00e1stica oportunidad para unirse a una industria en pleno crecimiento\u00bb, afirm\u00f3 el responsable de contrataci\u00f3n de Crewlink, Niall Gleeson.<\/p>\n<p>El proceso de selecci\u00f3n cuenta con cinco etapas conocido como Qualification to Graduation para ofrecer a futuros candidatos que quieran ser parte de la tripulaci\u00f3n de cabina mejor formada de Europa, un curso de formaci\u00f3n muy espec\u00edfico de seis semanas de duraci\u00f3n.<\/p>\n<p>Los candidatos seleccionados tendr\u00e1n la oportunidad de completar su formaci\u00f3n en Madrid en febrero de 2016. Todos aquellos candidatos interesados deben registrarse en la p\u00e1gina web www.Crewlink.ie.<\/p>\n","protected":false},"excerpt":{"rendered":"<p>Crewlink, la oficina de reclutamiento de personal de la aerol\u00ednea Ryanair, ha organizado varias jornada de selecci\u00f3n de tripulantes de cabina (TCP), sin experiencia previa, durante este mes en M\u00e1laga, Sevilla, Valencia, Barcelona y Madrid y dentro de su campa\u00f1a de contrataci\u00f3n a nivel europeo. Concretamente, en M\u00e1laga y Sevilla se realizar\u00e1n el d\u00eda 12<\/p>\n","protected":false},"author":1,"featured_media":60122,"comment_status":"open","ping_status":"closed","sticky":false,"template":"","format":"standard","meta":{"footnotes":""},"categories":[224],"tags":[],"class_list":{"0":"post-60121","1":"post","2":"type-post","3":"status-publish","4":"format-standard","5":"has-post-thumbnail","7":"category-noticias-actualidad"},"aioseo_notices":[],"aioseo_head":"\n\t\t<!-- All in One SEO Pro 4.9.6.1 - aioseo.com -->\n\t<meta name=\"description\" content=\"Crewlink, la oficina de reclutamiento de personal de la aerol\u00ednea Ryanair, ha organizado varias jornada de selecci\u00f3n de tripulantes de cabina (TCP), sin experiencia previa, durante este mes en M\u00e1laga, Sevilla, Valencia, Barcelona y Madrid y dentro de su campa\u00f1a de contrataci\u00f3n a nivel europeo. Concretamente, en M\u00e1laga y Sevilla se realizar\u00e1n el d\u00eda 12\" \/>\n\t<meta name=\"robots\" content=\"max-image-preview:large\" \/>\n\t<meta name=\"author\" content=\"admin\"\/>\n\t<meta name=\"google-site-verification\" content=\"UA-38556648-1\" \/>\n\t<meta name=\"keywords\" content=\"noticias y actualidad\" \/>\n\t<link rel=\"canonical\" href=\"https:\/\/eldigitaldeasturias.com\/magazine365\/ryanair-seleccionara-personal-de-cabina-este-mes-en-malaga-sevilla-valencia-barcelona-y-madrid\/\" \/>\n\t<meta name=\"generator\" content=\"All in One SEO Pro (AIOSEO) 4.9.6.1\" \/>\n\t\t<meta property=\"og:locale\" content=\"es_ES\" \/>\n\t\t<meta property=\"og:site_name\" content=\"El Digital de Asturias \u2013 Revista de ocio, turismo y estilo de vida\" \/>\n\t\t<meta property=\"og:type\" content=\"article\" \/>\n\t\t<meta property=\"og:title\" content=\"Ryanair seleccionar\u00e1 personal de cabina este mes en M\u00e1laga, Sevilla, Valencia, Barcelona y Madrid | El Digital de Asturias\" \/>\n\t\t<meta property=\"og:description\" content=\"Crewlink, la oficina de reclutamiento de personal de la aerol\u00ednea Ryanair, ha organizado varias jornada de selecci\u00f3n de tripulantes de cabina (TCP), sin experiencia previa, durante este mes en M\u00e1laga, Sevilla, Valencia, Barcelona y Madrid y dentro de su campa\u00f1a de contrataci\u00f3n a nivel europeo. Concretamente, en M\u00e1laga y Sevilla se realizar\u00e1n el d\u00eda 12\" \/>\n\t\t<meta property=\"og:url\" content=\"https:\/\/eldigitaldeasturias.com\/magazine365\/ryanair-seleccionara-personal-de-cabina-este-mes-en-malaga-sevilla-valencia-barcelona-y-madrid\/\" \/>\n\t\t<meta property=\"og:image\" content=\"https:\/\/eldigitaldeasturias.com\/magazine365\/wp-content\/uploads\/2016\/01\/fotonoticia_20160111111019_800.jpg\" \/>\n\t\t<meta property=\"og:image:secure_url\" content=\"https:\/\/eldigitaldeasturias.com\/magazine365\/wp-content\/uploads\/2016\/01\/fotonoticia_20160111111019_800.jpg\" \/>\n\t\t<meta property=\"og:image:width\" content=\"800\" \/>\n\t\t<meta property=\"og:image:height\" content=\"434\" \/>\n\t\t<meta property=\"article:published_time\" content=\"2016-01-11T11:39:01+00:00\" \/>\n\t\t<meta property=\"article:modified_time\" content=\"2016-01-11T11:39:01+00:00\" \/>\n\t\t<meta name=\"twitter:card\" content=\"summary_large_image\" \/>\n\t\t<meta name=\"twitter:title\" content=\"Ryanair seleccionar\u00e1 personal de cabina este mes en M\u00e1laga, Sevilla, Valencia, Barcelona y Madrid | El Digital de Asturias\" \/>\n\t\t<meta name=\"twitter:description\" content=\"Crewlink, la oficina de reclutamiento de personal de la aerol\u00ednea Ryanair, ha organizado varias jornada de selecci\u00f3n de tripulantes de cabina (TCP), sin experiencia previa, durante este mes en M\u00e1laga, Sevilla, Valencia, Barcelona y Madrid y dentro de su campa\u00f1a de contrataci\u00f3n a nivel europeo. Concretamente, en M\u00e1laga y Sevilla se realizar\u00e1n el d\u00eda 12\" \/>\n\t\t<meta name=\"twitter:image\" content=\"https:\/\/eldigitaldeasturias.com\/magazine365\/wp-content\/uploads\/2016\/01\/fotonoticia_20160111111019_800.jpg\" \/>\n\t\t<script type=\"application\/ld+json\" class=\"aioseo-schema\">\n\t\t\t{\"@context\":\"https:\\\/\\\/schema.org\",\"@graph\":[{\"@type\":\"Article\",\"@id\":\"https:\\\/\\\/eldigitaldeasturias.com\\\/magazine365\\\/ryanair-seleccionara-personal-de-cabina-este-mes-en-malaga-sevilla-valencia-barcelona-y-madrid\\\/#article\",\"name\":\"Ryanair seleccionar\\u00e1 personal de cabina este mes en M\\u00e1laga, Sevilla, Valencia, Barcelona y Madrid | El Digital de Asturias\",\"headline\":\"Ryanair seleccionar\\u00e1 personal de cabina este mes en M\\u00e1laga, Sevilla, Valencia, Barcelona y Madrid\",\"author\":{\"@id\":\"https:\\\/\\\/eldigitaldeasturias.com\\\/magazine365\\\/author\\\/admin\\\/#author\"},\"publisher\":{\"@id\":\"https:\\\/\\\/eldigitaldeasturias.com\\\/magazine365\\\/#organization\"},\"image\":{\"@type\":\"ImageObject\",\"url\":\"https:\\\/\\\/eldigitaldeasturias.com\\\/magazine365\\\/wp-content\\\/uploads\\\/2016\\\/01\\\/fotonoticia_20160111111019_800.jpg\",\"width\":800,\"height\":434},\"datePublished\":\"2016-01-11T12:39:01+01:00\",\"dateModified\":\"2016-01-11T12:39:01+01:00\",\"inLanguage\":\"es-ES\",\"mainEntityOfPage\":{\"@id\":\"https:\\\/\\\/eldigitaldeasturias.com\\\/magazine365\\\/ryanair-seleccionara-personal-de-cabina-este-mes-en-malaga-sevilla-valencia-barcelona-y-madrid\\\/#webpage\"},\"isPartOf\":{\"@id\":\"https:\\\/\\\/eldigitaldeasturias.com\\\/magazine365\\\/ryanair-seleccionara-personal-de-cabina-este-mes-en-malaga-sevilla-valencia-barcelona-y-madrid\\\/#webpage\"},\"articleSection\":\"Noticias y Actualidad\"},{\"@type\":\"BreadcrumbList\",\"@id\":\"https:\\\/\\\/eldigitaldeasturias.com\\\/magazine365\\\/ryanair-seleccionara-personal-de-cabina-este-mes-en-malaga-sevilla-valencia-barcelona-y-madrid\\\/#breadcrumblist\",\"itemListElement\":[{\"@type\":\"ListItem\",\"@id\":\"https:\\\/\\\/eldigitaldeasturias.com\\\/magazine365#listItem\",\"position\":1,\"name\":\"Home\",\"item\":\"https:\\\/\\\/eldigitaldeasturias.com\\\/magazine365\",\"nextItem\":{\"@type\":\"ListItem\",\"@id\":\"https:\\\/\\\/eldigitaldeasturias.com\\\/magazine365\\\/category\\\/noticias-actualidad\\\/#listItem\",\"name\":\"Noticias y Actualidad\"}},{\"@type\":\"ListItem\",\"@id\":\"https:\\\/\\\/eldigitaldeasturias.com\\\/magazine365\\\/category\\\/noticias-actualidad\\\/#listItem\",\"position\":2,\"name\":\"Noticias y Actualidad\",\"item\":\"https:\\\/\\\/eldigitaldeasturias.com\\\/magazine365\\\/category\\\/noticias-actualidad\\\/\",\"nextItem\":{\"@type\":\"ListItem\",\"@id\":\"https:\\\/\\\/eldigitaldeasturias.com\\\/magazine365\\\/ryanair-seleccionara-personal-de-cabina-este-mes-en-malaga-sevilla-valencia-barcelona-y-madrid\\\/#listItem\",\"name\":\"Ryanair seleccionar\\u00e1 personal de cabina este mes en M\\u00e1laga, Sevilla, Valencia, Barcelona y Madrid\"},\"previousItem\":{\"@type\":\"ListItem\",\"@id\":\"https:\\\/\\\/eldigitaldeasturias.com\\\/magazine365#listItem\",\"name\":\"Home\"}},{\"@type\":\"ListItem\",\"@id\":\"https:\\\/\\\/eldigitaldeasturias.com\\\/magazine365\\\/ryanair-seleccionara-personal-de-cabina-este-mes-en-malaga-sevilla-valencia-barcelona-y-madrid\\\/#listItem\",\"position\":3,\"name\":\"Ryanair seleccionar\\u00e1 personal de cabina este mes en M\\u00e1laga, Sevilla, Valencia, Barcelona y Madrid\",\"previousItem\":{\"@type\":\"ListItem\",\"@id\":\"https:\\\/\\\/eldigitaldeasturias.com\\\/magazine365\\\/category\\\/noticias-actualidad\\\/#listItem\",\"name\":\"Noticias y Actualidad\"}}]},{\"@type\":\"Organization\",\"@id\":\"https:\\\/\\\/eldigitaldeasturias.com\\\/magazine365\\\/#organization\",\"name\":\"El digital de Asturias\",\"description\":\"Revista de ocio, turismo y estilo de vida\",\"url\":\"https:\\\/\\\/eldigitaldeasturias.com\\\/magazine365\\\/\",\"logo\":{\"@type\":\"ImageObject\",\"url\":\"https:\\\/\\\/www.eldigitaldeasturias.com\\\/noticias\\\/wp-content\\\/uploads\\\/2020\\\/12\\\/EDA.jpg\",\"@id\":\"https:\\\/\\\/eldigitaldeasturias.com\\\/magazine365\\\/ryanair-seleccionara-personal-de-cabina-este-mes-en-malaga-sevilla-valencia-barcelona-y-madrid\\\/#organizationLogo\"},\"image\":{\"@id\":\"https:\\\/\\\/eldigitaldeasturias.com\\\/magazine365\\\/ryanair-seleccionara-personal-de-cabina-este-mes-en-malaga-sevilla-valencia-barcelona-y-madrid\\\/#organizationLogo\"}},{\"@type\":\"Person\",\"@id\":\"https:\\\/\\\/eldigitaldeasturias.com\\\/magazine365\\\/author\\\/admin\\\/#author\",\"url\":\"https:\\\/\\\/eldigitaldeasturias.com\\\/magazine365\\\/author\\\/admin\\\/\",\"name\":\"admin\",\"image\":{\"@type\":\"ImageObject\",\"@id\":\"https:\\\/\\\/eldigitaldeasturias.com\\\/magazine365\\\/ryanair-seleccionara-personal-de-cabina-este-mes-en-malaga-sevilla-valencia-barcelona-y-madrid\\\/#authorImage\",\"url\":\"https:\\\/\\\/eldigitaldeasturias.com\\\/magazine365\\\/wp-content\\\/litespeed\\\/avatar\\\/e571bcf59a0edd6fa6838245a470f2fe.jpg?ver=1777574230\",\"width\":96,\"height\":96,\"caption\":\"admin\"}},{\"@type\":\"WebPage\",\"@id\":\"https:\\\/\\\/eldigitaldeasturias.com\\\/magazine365\\\/ryanair-seleccionara-personal-de-cabina-este-mes-en-malaga-sevilla-valencia-barcelona-y-madrid\\\/#webpage\",\"url\":\"https:\\\/\\\/eldigitaldeasturias.com\\\/magazine365\\\/ryanair-seleccionara-personal-de-cabina-este-mes-en-malaga-sevilla-valencia-barcelona-y-madrid\\\/\",\"name\":\"Ryanair seleccionar\\u00e1 personal de cabina este mes en M\\u00e1laga, Sevilla, Valencia, Barcelona y Madrid | El Digital de Asturias\",\"description\":\"Crewlink, la oficina de reclutamiento de personal de la aerol\\u00ednea Ryanair, ha organizado varias jornada de selecci\\u00f3n de tripulantes de cabina (TCP), sin experiencia previa, durante este mes en M\\u00e1laga, Sevilla, Valencia, Barcelona y Madrid y dentro de su campa\\u00f1a de contrataci\\u00f3n a nivel europeo. Concretamente, en M\\u00e1laga y Sevilla se realizar\\u00e1n el d\\u00eda 12\",\"inLanguage\":\"es-ES\",\"isPartOf\":{\"@id\":\"https:\\\/\\\/eldigitaldeasturias.com\\\/magazine365\\\/#website\"},\"breadcrumb\":{\"@id\":\"https:\\\/\\\/eldigitaldeasturias.com\\\/magazine365\\\/ryanair-seleccionara-personal-de-cabina-este-mes-en-malaga-sevilla-valencia-barcelona-y-madrid\\\/#breadcrumblist\"},\"author\":{\"@id\":\"https:\\\/\\\/eldigitaldeasturias.com\\\/magazine365\\\/author\\\/admin\\\/#author\"},\"creator\":{\"@id\":\"https:\\\/\\\/eldigitaldeasturias.com\\\/magazine365\\\/author\\\/admin\\\/#author\"},\"image\":{\"@type\":\"ImageObject\",\"url\":\"https:\\\/\\\/eldigitaldeasturias.com\\\/magazine365\\\/wp-content\\\/uploads\\\/2016\\\/01\\\/fotonoticia_20160111111019_800.jpg\",\"@id\":\"https:\\\/\\\/eldigitaldeasturias.com\\\/magazine365\\\/ryanair-seleccionara-personal-de-cabina-este-mes-en-malaga-sevilla-valencia-barcelona-y-madrid\\\/#mainImage\",\"width\":800,\"height\":434},\"primaryImageOfPage\":{\"@id\":\"https:\\\/\\\/eldigitaldeasturias.com\\\/magazine365\\\/ryanair-seleccionara-personal-de-cabina-este-mes-en-malaga-sevilla-valencia-barcelona-y-madrid\\\/#mainImage\"},\"datePublished\":\"2016-01-11T12:39:01+01:00\",\"dateModified\":\"2016-01-11T12:39:01+01:00\"},{\"@type\":\"WebSite\",\"@id\":\"https:\\\/\\\/eldigitaldeasturias.com\\\/magazine365\\\/#website\",\"url\":\"https:\\\/\\\/eldigitaldeasturias.com\\\/magazine365\\\/\",\"name\":\"El Digital de Asturias\",\"description\":\"Revista de ocio, turismo y estilo de vida\",\"inLanguage\":\"es-ES\",\"publisher\":{\"@id\":\"https:\\\/\\\/eldigitaldeasturias.com\\\/magazine365\\\/#organization\"}}]}\n\t\t<\/script>\n\t\t<!-- All in One SEO Pro -->\r\n\t\t<title>Ryanair seleccionar\u00e1 personal de cabina este mes en M\u00e1laga, Sevilla, Valencia, Barcelona y Madrid | El Digital de Asturias<\/title>\n\n","aioseo_head_json":{"title":"Ryanair seleccionar\u00e1 personal de cabina este mes en M\u00e1laga, Sevilla, Valencia, Barcelona y Madrid | El Digital de Asturias","description":"Crewlink, la oficina de reclutamiento de personal de la aerol\u00ednea Ryanair, ha organizado varias jornada de selecci\u00f3n de tripulantes de cabina (TCP), sin experiencia previa, durante este mes en M\u00e1laga, Sevilla, Valencia, Barcelona y Madrid y dentro de su campa\u00f1a de contrataci\u00f3n a nivel europeo. Concretamente, en M\u00e1laga y Sevilla se realizar\u00e1n el d\u00eda 12","canonical_url":"https:\/\/eldigitaldeasturias.com\/magazine365\/ryanair-seleccionara-personal-de-cabina-este-mes-en-malaga-sevilla-valencia-barcelona-y-madrid\/","robots":"max-image-preview:large","keywords":"noticias y actualidad","webmasterTools":{"google-site-verification":"UA-38556648-1","miscellaneous":""},"schema":{"@context":"https:\/\/schema.org","@graph":[{"@type":"Article","@id":"https:\/\/eldigitaldeasturias.com\/magazine365\/ryanair-seleccionara-personal-de-cabina-este-mes-en-malaga-sevilla-valencia-barcelona-y-madrid\/#article","name":"Ryanair seleccionar\u00e1 personal de cabina este mes en M\u00e1laga, Sevilla, Valencia, Barcelona y Madrid | El Digital de Asturias","headline":"Ryanair seleccionar\u00e1 personal de cabina este mes en M\u00e1laga, Sevilla, Valencia, Barcelona y Madrid","author":{"@id":"https:\/\/eldigitaldeasturias.com\/magazine365\/author\/admin\/#author"},"publisher":{"@id":"https:\/\/eldigitaldeasturias.com\/magazine365\/#organization"},"image":{"@type":"ImageObject","url":"https:\/\/eldigitaldeasturias.com\/magazine365\/wp-content\/uploads\/2016\/01\/fotonoticia_20160111111019_800.jpg","width":800,"height":434},"datePublished":"2016-01-11T12:39:01+01:00","dateModified":"2016-01-11T12:39:01+01:00","inLanguage":"es-ES","mainEntityOfPage":{"@id":"https:\/\/eldigitaldeasturias.com\/magazine365\/ryanair-seleccionara-personal-de-cabina-este-mes-en-malaga-sevilla-valencia-barcelona-y-madrid\/#webpage"},"isPartOf":{"@id":"https:\/\/eldigitaldeasturias.com\/magazine365\/ryanair-seleccionara-personal-de-cabina-este-mes-en-malaga-sevilla-valencia-barcelona-y-madrid\/#webpage"},"articleSection":"Noticias y Actualidad"},{"@type":"BreadcrumbList","@id":"https:\/\/eldigitaldeasturias.com\/magazine365\/ryanair-seleccionara-personal-de-cabina-este-mes-en-malaga-sevilla-valencia-barcelona-y-madrid\/#breadcrumblist","itemListElement":[{"@type":"ListItem","@id":"https:\/\/eldigitaldeasturias.com\/magazine365#listItem","position":1,"name":"Home","item":"https:\/\/eldigitaldeasturias.com\/magazine365","nextItem":{"@type":"ListItem","@id":"https:\/\/eldigitaldeasturias.com\/magazine365\/category\/noticias-actualidad\/#listItem","name":"Noticias y Actualidad"}},{"@type":"ListItem","@id":"https:\/\/eldigitaldeasturias.com\/magazine365\/category\/noticias-actualidad\/#listItem","position":2,"name":"Noticias y Actualidad","item":"https:\/\/eldigitaldeasturias.com\/magazine365\/category\/noticias-actualidad\/","nextItem":{"@type":"ListItem","@id":"https:\/\/eldigitaldeasturias.com\/magazine365\/ryanair-seleccionara-personal-de-cabina-este-mes-en-malaga-sevilla-valencia-barcelona-y-madrid\/#listItem","name":"Ryanair seleccionar\u00e1 personal de cabina este mes en M\u00e1laga, Sevilla, Valencia, Barcelona y Madrid"},"previousItem":{"@type":"ListItem","@id":"https:\/\/eldigitaldeasturias.com\/magazine365#listItem","name":"Home"}},{"@type":"ListItem","@id":"https:\/\/eldigitaldeasturias.com\/magazine365\/ryanair-seleccionara-personal-de-cabina-este-mes-en-malaga-sevilla-valencia-barcelona-y-madrid\/#listItem","position":3,"name":"Ryanair seleccionar\u00e1 personal de cabina este mes en M\u00e1laga, Sevilla, Valencia, Barcelona y Madrid","previousItem":{"@type":"ListItem","@id":"https:\/\/eldigitaldeasturias.com\/magazine365\/category\/noticias-actualidad\/#listItem","name":"Noticias y Actualidad"}}]},{"@type":"Organization","@id":"https:\/\/eldigitaldeasturias.com\/magazine365\/#organization","name":"El digital de Asturias","description":"Revista de ocio, turismo y estilo de vida","url":"https:\/\/eldigitaldeasturias.com\/magazine365\/","logo":{"@type":"ImageObject","url":"https:\/\/www.eldigitaldeasturias.com\/noticias\/wp-content\/uploads\/2020\/12\/EDA.jpg","@id":"https:\/\/eldigitaldeasturias.com\/magazine365\/ryanair-seleccionara-personal-de-cabina-este-mes-en-malaga-sevilla-valencia-barcelona-y-madrid\/#organizationLogo"},"image":{"@id":"https:\/\/eldigitaldeasturias.com\/magazine365\/ryanair-seleccionara-personal-de-cabina-este-mes-en-malaga-sevilla-valencia-barcelona-y-madrid\/#organizationLogo"}},{"@type":"Person","@id":"https:\/\/eldigitaldeasturias.com\/magazine365\/author\/admin\/#author","url":"https:\/\/eldigitaldeasturias.com\/magazine365\/author\/admin\/","name":"admin","image":{"@type":"ImageObject","@id":"https:\/\/eldigitaldeasturias.com\/magazine365\/ryanair-seleccionara-personal-de-cabina-este-mes-en-malaga-sevilla-valencia-barcelona-y-madrid\/#authorImage","url":"https:\/\/eldigitaldeasturias.com\/magazine365\/wp-content\/litespeed\/avatar\/e571bcf59a0edd6fa6838245a470f2fe.jpg?ver=1777574230","width":96,"height":96,"caption":"admin"}},{"@type":"WebPage","@id":"https:\/\/eldigitaldeasturias.com\/magazine365\/ryanair-seleccionara-personal-de-cabina-este-mes-en-malaga-sevilla-valencia-barcelona-y-madrid\/#webpage","url":"https:\/\/eldigitaldeasturias.com\/magazine365\/ryanair-seleccionara-personal-de-cabina-este-mes-en-malaga-sevilla-valencia-barcelona-y-madrid\/","name":"Ryanair seleccionar\u00e1 personal de cabina este mes en M\u00e1laga, Sevilla, Valencia, Barcelona y Madrid | El Digital de Asturias","description":"Crewlink, la oficina de reclutamiento de personal de la aerol\u00ednea Ryanair, ha organizado varias jornada de selecci\u00f3n de tripulantes de cabina (TCP), sin experiencia previa, durante este mes en M\u00e1laga, Sevilla, Valencia, Barcelona y Madrid y dentro de su campa\u00f1a de contrataci\u00f3n a nivel europeo. Concretamente, en M\u00e1laga y Sevilla se realizar\u00e1n el d\u00eda 12","inLanguage":"es-ES","isPartOf":{"@id":"https:\/\/eldigitaldeasturias.com\/magazine365\/#website"},"breadcrumb":{"@id":"https:\/\/eldigitaldeasturias.com\/magazine365\/ryanair-seleccionara-personal-de-cabina-este-mes-en-malaga-sevilla-valencia-barcelona-y-madrid\/#breadcrumblist"},"author":{"@id":"https:\/\/eldigitaldeasturias.com\/magazine365\/author\/admin\/#author"},"creator":{"@id":"https:\/\/eldigitaldeasturias.com\/magazine365\/author\/admin\/#author"},"image":{"@type":"ImageObject","url":"https:\/\/eldigitaldeasturias.com\/magazine365\/wp-content\/uploads\/2016\/01\/fotonoticia_20160111111019_800.jpg","@id":"https:\/\/eldigitaldeasturias.com\/magazine365\/ryanair-seleccionara-personal-de-cabina-este-mes-en-malaga-sevilla-valencia-barcelona-y-madrid\/#mainImage","width":800,"height":434},"primaryImageOfPage":{"@id":"https:\/\/eldigitaldeasturias.com\/magazine365\/ryanair-seleccionara-personal-de-cabina-este-mes-en-malaga-sevilla-valencia-barcelona-y-madrid\/#mainImage"},"datePublished":"2016-01-11T12:39:01+01:00","dateModified":"2016-01-11T12:39:01+01:00"},{"@type":"WebSite","@id":"https:\/\/eldigitaldeasturias.com\/magazine365\/#website","url":"https:\/\/eldigitaldeasturias.com\/magazine365\/","name":"El Digital de Asturias","description":"Revista de ocio, turismo y estilo de vida","inLanguage":"es-ES","publisher":{"@id":"https:\/\/eldigitaldeasturias.com\/magazine365\/#organization"}}]},"og:locale":"es_ES","og:site_name":"El Digital de Asturias \u2013 Revista de ocio, turismo y estilo de vida","og:type":"article","og:title":"Ryanair seleccionar\u00e1 personal de cabina este mes en M\u00e1laga, Sevilla, Valencia, Barcelona y Madrid | El Digital de Asturias","og:description":"Crewlink, la oficina de reclutamiento de personal de la aerol\u00ednea Ryanair, ha organizado varias jornada de selecci\u00f3n de tripulantes de cabina (TCP), sin experiencia previa, durante este mes en M\u00e1laga, Sevilla, Valencia, Barcelona y Madrid y dentro de su campa\u00f1a de contrataci\u00f3n a nivel europeo. Concretamente, en M\u00e1laga y Sevilla se realizar\u00e1n el d\u00eda 12","og:url":"https:\/\/eldigitaldeasturias.com\/magazine365\/ryanair-seleccionara-personal-de-cabina-este-mes-en-malaga-sevilla-valencia-barcelona-y-madrid\/","og:image":"https:\/\/eldigitaldeasturias.com\/magazine365\/wp-content\/uploads\/2016\/01\/fotonoticia_20160111111019_800.jpg","og:image:secure_url":"https:\/\/eldigitaldeasturias.com\/magazine365\/wp-content\/uploads\/2016\/01\/fotonoticia_20160111111019_800.jpg","og:image:width":800,"og:image:height":434,"article:published_time":"2016-01-11T11:39:01+00:00","article:modified_time":"2016-01-11T11:39:01+00:00","twitter:card":"summary_large_image","twitter:title":"Ryanair seleccionar\u00e1 personal de cabina este mes en M\u00e1laga, Sevilla, Valencia, Barcelona y Madrid | El Digital de Asturias","twitter:description":"Crewlink, la oficina de reclutamiento de personal de la aerol\u00ednea Ryanair, ha organizado varias jornada de selecci\u00f3n de tripulantes de cabina (TCP), sin experiencia previa, durante este mes en M\u00e1laga, Sevilla, Valencia, Barcelona y Madrid y dentro de su campa\u00f1a de contrataci\u00f3n a nivel europeo. Concretamente, en M\u00e1laga y Sevilla se realizar\u00e1n el d\u00eda 12","twitter:image":"https:\/\/eldigitaldeasturias.com\/magazine365\/wp-content\/uploads\/2016\/01\/fotonoticia_20160111111019_800.jpg"},"aioseo_meta_data":{"post_id":"60121","title":null,"description":null,"keywords":null,"keyphrases":null,"primary_term":null,"canonical_url":null,"og_title":null,"og_description":null,"og_object_type":"default","og_image_type":"default","og_image_url":null,"og_image_width":null,"og_image_height":null,"og_image_custom_url":null,"og_image_custom_fields":null,"og_video":null,"og_custom_url":null,"og_article_section":null,"og_article_tags":null,"twitter_use_og":false,"twitter_card":"default","twitter_image_type":"default","twitter_image_url":null,"twitter_image_custom_url":null,"twitter_image_custom_fields":null,"twitter_title":null,"twitter_description":null,"schema":{"blockGraphs":[],"customGraphs":[],"default":{"data":{"Article":[],"Course":[],"Dataset":[],"FAQPage":[],"Movie":[],"Person":[],"Product":[],"ProductReview":[],"Car":[],"Recipe":[],"Service":[],"SoftwareApplication":[],"WebPage":[]},"graphName":"","isEnabled":true},"graphs":[]},"schema_type":null,"schema_type_options":null,"pillar_content":false,"robots_default":true,"robots_noindex":false,"robots_noarchive":false,"robots_nosnippet":false,"robots_nofollow":false,"robots_noimageindex":false,"robots_noodp":false,"robots_notranslate":false,"robots_max_snippet":null,"robots_max_videopreview":null,"robots_max_imagepreview":"large","priority":null,"frequency":null,"location":null,"local_seo":null,"seo_analyzer_scan_date":"2025-09-25 06:17:52","breadcrumb_settings":null,"limit_modified_date":false,"open_ai":null,"ai":null,"created":"2021-03-08 22:04:43","updated":"2025-09-25 06:17:52"},"aioseo_breadcrumb":"<div class=\"aioseo-breadcrumbs\"><span class=\"aioseo-breadcrumb\">\n\t<a href=\"https:\/\/eldigitaldeasturias.com\/magazine365\" title=\"Home\">Home<\/a>\n<\/span><span class=\"aioseo-breadcrumb-separator\">\u2013<\/span><span class=\"aioseo-breadcrumb\">\n\t<a href=\"https:\/\/eldigitaldeasturias.com\/magazine365\/category\/noticias-actualidad\/\" title=\"Noticias y Actualidad\">Noticias y Actualidad<\/a>\n<\/span><span class=\"aioseo-breadcrumb-separator\">\u2013<\/span><span class=\"aioseo-breadcrumb\">\n\t<a href=\"https:\/\/eldigitaldeasturias.com\/magazine365\/ryanair-seleccionara-personal-de-cabina-este-mes-en-malaga-sevilla-valencia-barcelona-y-madrid\/\" title=\"Ryanair seleccionar\u00e1 personal de cabina este mes en M\u00e1laga, Sevilla, Valencia, Barcelona y Madrid\">Ryanair seleccionar\u00e1 personal de cabina este mes en M\u00e1laga, Sevilla, Valencia, Barcelona y Madrid<\/a>\n<\/span><\/div>","aioseo_breadcrumb_json":[{"label":"Home","link":"https:\/\/eldigitaldeasturias.com\/magazine365"},{"label":"Noticias y Actualidad","link":"https:\/\/eldigitaldeasturias.com\/magazine365\/category\/noticias-actualidad\/"},{"label":"Ryanair seleccionar\u00e1 personal de cabina este mes en M\u00e1laga, Sevilla, Valencia, Barcelona y Madrid","link":"https:\/\/eldigitaldeasturias.com\/magazine365\/ryanair-seleccionara-personal-de-cabina-este-mes-en-malaga-sevilla-valencia-barcelona-y-madrid\/"}],"_links":{"self":[{"href":"https:\/\/eldigitaldeasturias.com\/magazine365\/wp-json\/wp\/v2\/posts\/60121","targetHints":{"allow":["GET"]}}],"collection":[{"href":"https:\/\/eldigitaldeasturias.com\/magazine365\/wp-json\/wp\/v2\/posts"}],"about":[{"href":"https:\/\/eldigitaldeasturias.com\/magazine365\/wp-json\/wp\/v2\/types\/post"}],"author":[{"embeddable":true,"href":"https:\/\/eldigitaldeasturias.com\/magazine365\/wp-json\/wp\/v2\/users\/1"}],"replies":[{"embeddable":true,"href":"https:\/\/eldigitaldeasturias.com\/magazine365\/wp-json\/wp\/v2\/comments?post=60121"}],"version-history":[{"count":0,"href":"https:\/\/eldigitaldeasturias.com\/magazine365\/wp-json\/wp\/v2\/posts\/60121\/revisions"}],"wp:featuredmedia":[{"embeddable":true,"href":"https:\/\/eldigitaldeasturias.com\/magazine365\/wp-json\/wp\/v2\/media\/60122"}],"wp:attachment":[{"href":"https:\/\/eldigitaldeasturias.com\/magazine365\/wp-json\/wp\/v2\/media?parent=60121"}],"wp:term":[{"taxonomy":"category","embeddable":true,"href":"https:\/\/eldigitaldeasturias.com\/magazine365\/wp-json\/wp\/v2\/categories?post=60121"},{"taxonomy":"post_tag","embeddable":true,"href":"https:\/\/eldigitaldeasturias.com\/magazine365\/wp-json\/wp\/v2\/tags?post=60121"}],"curies":[{"name":"wp","href":"https:\/\/api.w.org\/{rel}","templated":true}]}}