{"id":60115,"date":"2016-01-11T12:30:47","date_gmt":"2016-01-11T11:30:47","guid":{"rendered":"http:\/\/eldigitaldeasturias.com\/magazine365\/?p=60115"},"modified":"2016-01-11T12:30:47","modified_gmt":"2016-01-11T11:30:47","slug":"sierra-nevada-granada-preve-la-apertura-parcial-este-lunes-de-la-pista-de-el-zorro","status":"publish","type":"post","link":"https:\/\/eldigitaldeasturias.com\/magazine365\/sierra-nevada-granada-preve-la-apertura-parcial-este-lunes-de-la-pista-de-el-zorro\/","title":{"rendered":"Sierra Nevada, Granada, prev\u00e9 la apertura parcial este lunes de la pista de El Zorro"},"content":{"rendered":"<p><img fetchpriority=\"high\" decoding=\"async\" class=\"alignleft size-medium wp-image-60116\" src=\"https:\/\/eldigitaldeasturias.com\/magazine365\/wp-content\/uploads\/2016\/01\/fotonoticia_20160111095240_800-360x240.jpg\" alt=\"fotonoticia_20160111095240_800\" width=\"360\" height=\"240\" srcset=\"https:\/\/eldigitaldeasturias.com\/magazine365\/wp-content\/uploads\/2016\/01\/fotonoticia_20160111095240_800-360x240.jpg 360w, https:\/\/eldigitaldeasturias.com\/magazine365\/wp-content\/uploads\/2016\/01\/fotonoticia_20160111095240_800-650x434.jpg 650w, https:\/\/eldigitaldeasturias.com\/magazine365\/wp-content\/uploads\/2016\/01\/fotonoticia_20160111095240_800-768x513.jpg 768w, https:\/\/eldigitaldeasturias.com\/magazine365\/wp-content\/uploads\/2016\/01\/fotonoticia_20160111095240_800-150x100.jpg 150w, https:\/\/eldigitaldeasturias.com\/magazine365\/wp-content\/uploads\/2016\/01\/fotonoticia_20160111095240_800-450x300.jpg 450w, https:\/\/eldigitaldeasturias.com\/magazine365\/wp-content\/uploads\/2016\/01\/fotonoticia_20160111095240_800-696x465.jpg 696w, https:\/\/eldigitaldeasturias.com\/magazine365\/wp-content\/uploads\/2016\/01\/fotonoticia_20160111095240_800-629x420.jpg 629w, https:\/\/eldigitaldeasturias.com\/magazine365\/wp-content\/uploads\/2016\/01\/fotonoticia_20160111095240_800-101x66.jpg 101w, https:\/\/eldigitaldeasturias.com\/magazine365\/wp-content\/uploads\/2016\/01\/fotonoticia_20160111095240_800.jpg 800w\" sizes=\"(max-width: 360px) 100vw, 360px\" \/>La estaci\u00f3n invernal de Sierra Nevada (Granada) prev\u00e9 la apertura parcial de la pista de El Zorro este lunes tras abrir este pasado domingo la pista de El R\u00edo, cuya apertura se aplaz\u00f3 el s\u00e1bado a causa de unas \u00abcondiciones climatol\u00f3gicas adversas\u00bb, seg\u00fan indicaron fuentes de Cetursa, la empresa que gestiona este espacio.<\/p>\n<p>Seg\u00fan han destacado en una informaci\u00f3n facilitada a Europa Press, el estreno este lunes de una de las pistas \u00abm\u00e1s demandadas por los esquiadores\u00bb, la de El Zorro, se trata de una apertura parcial en el \u00e1rea de Borreguiles, una pendiente que arranca cerca de los 3.000 metros de altitud, as\u00ed como dos pistas de principiantes &#8211;una de ellas, de forma tambi\u00e9n parcial&#8211; con lo que la estaci\u00f3n invernal granadina alcanzar\u00e1 los 10 kil\u00f3metros esquiables.<\/p>\n<p>Respecto al inicio de esqu\u00ed en la pista de El R\u00edo para la temporada 2015\/2016, indicaron que ha sido posible gracias a la acci\u00f3n combinada de la nieve de las \u00faltimas borrascas y la nieve producida, en un d\u00eda \u00abluminoso, tras una ligera niebla matinal, y con algo de viento en zonas medias y altas\u00bb.<\/p>\n<p>Del mismo modo, se\u00f1alaron que su apertura es \u00abespecialmente importante\u00bb para Sierra Nevada, ya que aporta m\u00e1s de tres kil\u00f3metros esquiables, pero sobre todo agrega 500 metros de desnivel, con lo que la estaci\u00f3n suma ya cerca de 1.000 metros de desnivel. Adem\u00e1s, desde el punto de vista operativo \u00abpermite a los esquiadores y &#8216;snowboarders&#8217; descender esquiando desde el \u00e1rea de Borreguiles a la urbanizaci\u00f3n de Pradollano\u00bb.<\/p>\n","protected":false},"excerpt":{"rendered":"<p>La estaci\u00f3n invernal de Sierra Nevada (Granada) prev\u00e9 la apertura parcial de la pista de El Zorro este lunes tras abrir este pasado domingo la pista de El R\u00edo, cuya apertura se aplaz\u00f3 el s\u00e1bado a causa de unas \u00abcondiciones climatol\u00f3gicas adversas\u00bb, seg\u00fan indicaron fuentes de Cetursa, la empresa que gestiona este espacio. Seg\u00fan han<\/p>\n","protected":false},"author":1,"featured_media":60116,"comment_status":"open","ping_status":"closed","sticky":false,"template":"","format":"standard","meta":{"footnotes":""},"categories":[224],"tags":[],"class_list":{"0":"post-60115","1":"post","2":"type-post","3":"status-publish","4":"format-standard","5":"has-post-thumbnail","7":"category-noticias-actualidad"},"aioseo_notices":[],"aioseo_head":"\n\t\t<!-- All in One SEO Pro 4.9.6.1 - aioseo.com -->\n\t<meta name=\"description\" content=\"La estaci\u00f3n invernal de Sierra Nevada (Granada) prev\u00e9 la apertura parcial de la pista de El Zorro este lunes tras abrir este pasado domingo la pista de El R\u00edo, cuya apertura se aplaz\u00f3 el s\u00e1bado a causa de unas &quot;condiciones climatol\u00f3gicas adversas&quot;, seg\u00fan indicaron fuentes de Cetursa, la empresa que gestiona este espacio. Seg\u00fan han\" \/>\n\t<meta name=\"robots\" content=\"max-image-preview:large\" \/>\n\t<meta name=\"author\" content=\"admin\"\/>\n\t<meta name=\"google-site-verification\" content=\"UA-38556648-1\" \/>\n\t<meta name=\"keywords\" content=\"noticias y actualidad\" \/>\n\t<link rel=\"canonical\" href=\"https:\/\/eldigitaldeasturias.com\/magazine365\/sierra-nevada-granada-preve-la-apertura-parcial-este-lunes-de-la-pista-de-el-zorro\/\" \/>\n\t<meta name=\"generator\" content=\"All in One SEO Pro (AIOSEO) 4.9.6.1\" \/>\n\t\t<meta property=\"og:locale\" content=\"es_ES\" \/>\n\t\t<meta property=\"og:site_name\" content=\"El Digital de Asturias \u2013 Revista de ocio, turismo y estilo de vida\" \/>\n\t\t<meta property=\"og:type\" content=\"article\" \/>\n\t\t<meta property=\"og:title\" content=\"Sierra Nevada, Granada, prev\u00e9 la apertura parcial este lunes de la pista de El Zorro | El Digital de Asturias\" \/>\n\t\t<meta property=\"og:description\" content=\"La estaci\u00f3n invernal de Sierra Nevada (Granada) prev\u00e9 la apertura parcial de la pista de El Zorro este lunes tras abrir este pasado domingo la pista de El R\u00edo, cuya apertura se aplaz\u00f3 el s\u00e1bado a causa de unas &quot;condiciones climatol\u00f3gicas adversas&quot;, seg\u00fan indicaron fuentes de Cetursa, la empresa que gestiona este espacio. Seg\u00fan han\" \/>\n\t\t<meta property=\"og:url\" content=\"https:\/\/eldigitaldeasturias.com\/magazine365\/sierra-nevada-granada-preve-la-apertura-parcial-este-lunes-de-la-pista-de-el-zorro\/\" \/>\n\t\t<meta property=\"og:image\" content=\"https:\/\/eldigitaldeasturias.com\/magazine365\/wp-content\/uploads\/2016\/01\/fotonoticia_20160111095240_800.jpg\" \/>\n\t\t<meta property=\"og:image:secure_url\" content=\"https:\/\/eldigitaldeasturias.com\/magazine365\/wp-content\/uploads\/2016\/01\/fotonoticia_20160111095240_800.jpg\" \/>\n\t\t<meta property=\"og:image:width\" content=\"800\" \/>\n\t\t<meta property=\"og:image:height\" content=\"534\" \/>\n\t\t<meta property=\"article:published_time\" content=\"2016-01-11T11:30:47+00:00\" \/>\n\t\t<meta property=\"article:modified_time\" content=\"2016-01-11T11:30:47+00:00\" \/>\n\t\t<meta name=\"twitter:card\" content=\"summary_large_image\" \/>\n\t\t<meta name=\"twitter:title\" content=\"Sierra Nevada, Granada, prev\u00e9 la apertura parcial este lunes de la pista de El Zorro | El Digital de Asturias\" \/>\n\t\t<meta name=\"twitter:description\" content=\"La estaci\u00f3n invernal de Sierra Nevada (Granada) prev\u00e9 la apertura parcial de la pista de El Zorro este lunes tras abrir este pasado domingo la pista de El R\u00edo, cuya apertura se aplaz\u00f3 el s\u00e1bado a causa de unas &quot;condiciones climatol\u00f3gicas adversas&quot;, seg\u00fan indicaron fuentes de Cetursa, la empresa que gestiona este espacio. Seg\u00fan han\" \/>\n\t\t<meta name=\"twitter:image\" content=\"https:\/\/eldigitaldeasturias.com\/magazine365\/wp-content\/uploads\/2016\/01\/fotonoticia_20160111095240_800.jpg\" \/>\n\t\t<script type=\"application\/ld+json\" class=\"aioseo-schema\">\n\t\t\t{\"@context\":\"https:\\\/\\\/schema.org\",\"@graph\":[{\"@type\":\"Article\",\"@id\":\"https:\\\/\\\/eldigitaldeasturias.com\\\/magazine365\\\/sierra-nevada-granada-preve-la-apertura-parcial-este-lunes-de-la-pista-de-el-zorro\\\/#article\",\"name\":\"Sierra Nevada, Granada, prev\\u00e9 la apertura parcial este lunes de la pista de El Zorro | El Digital de Asturias\",\"headline\":\"Sierra Nevada, Granada, prev\\u00e9 la apertura parcial este lunes de la pista de El Zorro\",\"author\":{\"@id\":\"https:\\\/\\\/eldigitaldeasturias.com\\\/magazine365\\\/author\\\/admin\\\/#author\"},\"publisher\":{\"@id\":\"https:\\\/\\\/eldigitaldeasturias.com\\\/magazine365\\\/#organization\"},\"image\":{\"@type\":\"ImageObject\",\"url\":\"https:\\\/\\\/eldigitaldeasturias.com\\\/magazine365\\\/wp-content\\\/uploads\\\/2016\\\/01\\\/fotonoticia_20160111095240_800.jpg\",\"width\":800,\"height\":534},\"datePublished\":\"2016-01-11T12:30:47+01:00\",\"dateModified\":\"2016-01-11T12:30:47+01:00\",\"inLanguage\":\"es-ES\",\"mainEntityOfPage\":{\"@id\":\"https:\\\/\\\/eldigitaldeasturias.com\\\/magazine365\\\/sierra-nevada-granada-preve-la-apertura-parcial-este-lunes-de-la-pista-de-el-zorro\\\/#webpage\"},\"isPartOf\":{\"@id\":\"https:\\\/\\\/eldigitaldeasturias.com\\\/magazine365\\\/sierra-nevada-granada-preve-la-apertura-parcial-este-lunes-de-la-pista-de-el-zorro\\\/#webpage\"},\"articleSection\":\"Noticias y Actualidad\"},{\"@type\":\"BreadcrumbList\",\"@id\":\"https:\\\/\\\/eldigitaldeasturias.com\\\/magazine365\\\/sierra-nevada-granada-preve-la-apertura-parcial-este-lunes-de-la-pista-de-el-zorro\\\/#breadcrumblist\",\"itemListElement\":[{\"@type\":\"ListItem\",\"@id\":\"https:\\\/\\\/eldigitaldeasturias.com\\\/magazine365#listItem\",\"position\":1,\"name\":\"Home\",\"item\":\"https:\\\/\\\/eldigitaldeasturias.com\\\/magazine365\",\"nextItem\":{\"@type\":\"ListItem\",\"@id\":\"https:\\\/\\\/eldigitaldeasturias.com\\\/magazine365\\\/category\\\/noticias-actualidad\\\/#listItem\",\"name\":\"Noticias y Actualidad\"}},{\"@type\":\"ListItem\",\"@id\":\"https:\\\/\\\/eldigitaldeasturias.com\\\/magazine365\\\/category\\\/noticias-actualidad\\\/#listItem\",\"position\":2,\"name\":\"Noticias y Actualidad\",\"item\":\"https:\\\/\\\/eldigitaldeasturias.com\\\/magazine365\\\/category\\\/noticias-actualidad\\\/\",\"nextItem\":{\"@type\":\"ListItem\",\"@id\":\"https:\\\/\\\/eldigitaldeasturias.com\\\/magazine365\\\/sierra-nevada-granada-preve-la-apertura-parcial-este-lunes-de-la-pista-de-el-zorro\\\/#listItem\",\"name\":\"Sierra Nevada, Granada, prev\\u00e9 la apertura parcial este lunes de la pista de El Zorro\"},\"previousItem\":{\"@type\":\"ListItem\",\"@id\":\"https:\\\/\\\/eldigitaldeasturias.com\\\/magazine365#listItem\",\"name\":\"Home\"}},{\"@type\":\"ListItem\",\"@id\":\"https:\\\/\\\/eldigitaldeasturias.com\\\/magazine365\\\/sierra-nevada-granada-preve-la-apertura-parcial-este-lunes-de-la-pista-de-el-zorro\\\/#listItem\",\"position\":3,\"name\":\"Sierra Nevada, Granada, prev\\u00e9 la apertura parcial este lunes de la pista de El Zorro\",\"previousItem\":{\"@type\":\"ListItem\",\"@id\":\"https:\\\/\\\/eldigitaldeasturias.com\\\/magazine365\\\/category\\\/noticias-actualidad\\\/#listItem\",\"name\":\"Noticias y Actualidad\"}}]},{\"@type\":\"Organization\",\"@id\":\"https:\\\/\\\/eldigitaldeasturias.com\\\/magazine365\\\/#organization\",\"name\":\"El digital de Asturias\",\"description\":\"Revista de ocio, turismo y estilo de vida\",\"url\":\"https:\\\/\\\/eldigitaldeasturias.com\\\/magazine365\\\/\",\"logo\":{\"@type\":\"ImageObject\",\"url\":\"https:\\\/\\\/www.eldigitaldeasturias.com\\\/noticias\\\/wp-content\\\/uploads\\\/2020\\\/12\\\/EDA.jpg\",\"@id\":\"https:\\\/\\\/eldigitaldeasturias.com\\\/magazine365\\\/sierra-nevada-granada-preve-la-apertura-parcial-este-lunes-de-la-pista-de-el-zorro\\\/#organizationLogo\"},\"image\":{\"@id\":\"https:\\\/\\\/eldigitaldeasturias.com\\\/magazine365\\\/sierra-nevada-granada-preve-la-apertura-parcial-este-lunes-de-la-pista-de-el-zorro\\\/#organizationLogo\"}},{\"@type\":\"Person\",\"@id\":\"https:\\\/\\\/eldigitaldeasturias.com\\\/magazine365\\\/author\\\/admin\\\/#author\",\"url\":\"https:\\\/\\\/eldigitaldeasturias.com\\\/magazine365\\\/author\\\/admin\\\/\",\"name\":\"admin\",\"image\":{\"@type\":\"ImageObject\",\"@id\":\"https:\\\/\\\/eldigitaldeasturias.com\\\/magazine365\\\/sierra-nevada-granada-preve-la-apertura-parcial-este-lunes-de-la-pista-de-el-zorro\\\/#authorImage\",\"url\":\"https:\\\/\\\/eldigitaldeasturias.com\\\/magazine365\\\/wp-content\\\/litespeed\\\/avatar\\\/e571bcf59a0edd6fa6838245a470f2fe.jpg?ver=1777574230\",\"width\":96,\"height\":96,\"caption\":\"admin\"}},{\"@type\":\"WebPage\",\"@id\":\"https:\\\/\\\/eldigitaldeasturias.com\\\/magazine365\\\/sierra-nevada-granada-preve-la-apertura-parcial-este-lunes-de-la-pista-de-el-zorro\\\/#webpage\",\"url\":\"https:\\\/\\\/eldigitaldeasturias.com\\\/magazine365\\\/sierra-nevada-granada-preve-la-apertura-parcial-este-lunes-de-la-pista-de-el-zorro\\\/\",\"name\":\"Sierra Nevada, Granada, prev\\u00e9 la apertura parcial este lunes de la pista de El Zorro | El Digital de Asturias\",\"description\":\"La estaci\\u00f3n invernal de Sierra Nevada (Granada) prev\\u00e9 la apertura parcial de la pista de El Zorro este lunes tras abrir este pasado domingo la pista de El R\\u00edo, cuya apertura se aplaz\\u00f3 el s\\u00e1bado a causa de unas \\\"condiciones climatol\\u00f3gicas adversas\\\", seg\\u00fan indicaron fuentes de Cetursa, la empresa que gestiona este espacio. Seg\\u00fan han\",\"inLanguage\":\"es-ES\",\"isPartOf\":{\"@id\":\"https:\\\/\\\/eldigitaldeasturias.com\\\/magazine365\\\/#website\"},\"breadcrumb\":{\"@id\":\"https:\\\/\\\/eldigitaldeasturias.com\\\/magazine365\\\/sierra-nevada-granada-preve-la-apertura-parcial-este-lunes-de-la-pista-de-el-zorro\\\/#breadcrumblist\"},\"author\":{\"@id\":\"https:\\\/\\\/eldigitaldeasturias.com\\\/magazine365\\\/author\\\/admin\\\/#author\"},\"creator\":{\"@id\":\"https:\\\/\\\/eldigitaldeasturias.com\\\/magazine365\\\/author\\\/admin\\\/#author\"},\"image\":{\"@type\":\"ImageObject\",\"url\":\"https:\\\/\\\/eldigitaldeasturias.com\\\/magazine365\\\/wp-content\\\/uploads\\\/2016\\\/01\\\/fotonoticia_20160111095240_800.jpg\",\"@id\":\"https:\\\/\\\/eldigitaldeasturias.com\\\/magazine365\\\/sierra-nevada-granada-preve-la-apertura-parcial-este-lunes-de-la-pista-de-el-zorro\\\/#mainImage\",\"width\":800,\"height\":534},\"primaryImageOfPage\":{\"@id\":\"https:\\\/\\\/eldigitaldeasturias.com\\\/magazine365\\\/sierra-nevada-granada-preve-la-apertura-parcial-este-lunes-de-la-pista-de-el-zorro\\\/#mainImage\"},\"datePublished\":\"2016-01-11T12:30:47+01:00\",\"dateModified\":\"2016-01-11T12:30:47+01:00\"},{\"@type\":\"WebSite\",\"@id\":\"https:\\\/\\\/eldigitaldeasturias.com\\\/magazine365\\\/#website\",\"url\":\"https:\\\/\\\/eldigitaldeasturias.com\\\/magazine365\\\/\",\"name\":\"El Digital de Asturias\",\"description\":\"Revista de ocio, turismo y estilo de vida\",\"inLanguage\":\"es-ES\",\"publisher\":{\"@id\":\"https:\\\/\\\/eldigitaldeasturias.com\\\/magazine365\\\/#organization\"}}]}\n\t\t<\/script>\n\t\t<!-- All in One SEO Pro -->\r\n\t\t<title>Sierra Nevada, Granada, prev\u00e9 la apertura parcial este lunes de la pista de El Zorro | El Digital de Asturias<\/title>\n\n","aioseo_head_json":{"title":"Sierra Nevada, Granada, prev\u00e9 la apertura parcial este lunes de la pista de El Zorro | El Digital de Asturias","description":"La estaci\u00f3n invernal de Sierra Nevada (Granada) prev\u00e9 la apertura parcial de la pista de El Zorro este lunes tras abrir este pasado domingo la pista de El R\u00edo, cuya apertura se aplaz\u00f3 el s\u00e1bado a causa de unas \"condiciones climatol\u00f3gicas adversas\", seg\u00fan indicaron fuentes de Cetursa, la empresa que gestiona este espacio. Seg\u00fan han","canonical_url":"https:\/\/eldigitaldeasturias.com\/magazine365\/sierra-nevada-granada-preve-la-apertura-parcial-este-lunes-de-la-pista-de-el-zorro\/","robots":"max-image-preview:large","keywords":"noticias y actualidad","webmasterTools":{"google-site-verification":"UA-38556648-1","miscellaneous":""},"schema":{"@context":"https:\/\/schema.org","@graph":[{"@type":"Article","@id":"https:\/\/eldigitaldeasturias.com\/magazine365\/sierra-nevada-granada-preve-la-apertura-parcial-este-lunes-de-la-pista-de-el-zorro\/#article","name":"Sierra Nevada, Granada, prev\u00e9 la apertura parcial este lunes de la pista de El Zorro | El Digital de Asturias","headline":"Sierra Nevada, Granada, prev\u00e9 la apertura parcial este lunes de la pista de El Zorro","author":{"@id":"https:\/\/eldigitaldeasturias.com\/magazine365\/author\/admin\/#author"},"publisher":{"@id":"https:\/\/eldigitaldeasturias.com\/magazine365\/#organization"},"image":{"@type":"ImageObject","url":"https:\/\/eldigitaldeasturias.com\/magazine365\/wp-content\/uploads\/2016\/01\/fotonoticia_20160111095240_800.jpg","width":800,"height":534},"datePublished":"2016-01-11T12:30:47+01:00","dateModified":"2016-01-11T12:30:47+01:00","inLanguage":"es-ES","mainEntityOfPage":{"@id":"https:\/\/eldigitaldeasturias.com\/magazine365\/sierra-nevada-granada-preve-la-apertura-parcial-este-lunes-de-la-pista-de-el-zorro\/#webpage"},"isPartOf":{"@id":"https:\/\/eldigitaldeasturias.com\/magazine365\/sierra-nevada-granada-preve-la-apertura-parcial-este-lunes-de-la-pista-de-el-zorro\/#webpage"},"articleSection":"Noticias y Actualidad"},{"@type":"BreadcrumbList","@id":"https:\/\/eldigitaldeasturias.com\/magazine365\/sierra-nevada-granada-preve-la-apertura-parcial-este-lunes-de-la-pista-de-el-zorro\/#breadcrumblist","itemListElement":[{"@type":"ListItem","@id":"https:\/\/eldigitaldeasturias.com\/magazine365#listItem","position":1,"name":"Home","item":"https:\/\/eldigitaldeasturias.com\/magazine365","nextItem":{"@type":"ListItem","@id":"https:\/\/eldigitaldeasturias.com\/magazine365\/category\/noticias-actualidad\/#listItem","name":"Noticias y Actualidad"}},{"@type":"ListItem","@id":"https:\/\/eldigitaldeasturias.com\/magazine365\/category\/noticias-actualidad\/#listItem","position":2,"name":"Noticias y Actualidad","item":"https:\/\/eldigitaldeasturias.com\/magazine365\/category\/noticias-actualidad\/","nextItem":{"@type":"ListItem","@id":"https:\/\/eldigitaldeasturias.com\/magazine365\/sierra-nevada-granada-preve-la-apertura-parcial-este-lunes-de-la-pista-de-el-zorro\/#listItem","name":"Sierra Nevada, Granada, prev\u00e9 la apertura parcial este lunes de la pista de El Zorro"},"previousItem":{"@type":"ListItem","@id":"https:\/\/eldigitaldeasturias.com\/magazine365#listItem","name":"Home"}},{"@type":"ListItem","@id":"https:\/\/eldigitaldeasturias.com\/magazine365\/sierra-nevada-granada-preve-la-apertura-parcial-este-lunes-de-la-pista-de-el-zorro\/#listItem","position":3,"name":"Sierra Nevada, Granada, prev\u00e9 la apertura parcial este lunes de la pista de El Zorro","previousItem":{"@type":"ListItem","@id":"https:\/\/eldigitaldeasturias.com\/magazine365\/category\/noticias-actualidad\/#listItem","name":"Noticias y Actualidad"}}]},{"@type":"Organization","@id":"https:\/\/eldigitaldeasturias.com\/magazine365\/#organization","name":"El digital de Asturias","description":"Revista de ocio, turismo y estilo de vida","url":"https:\/\/eldigitaldeasturias.com\/magazine365\/","logo":{"@type":"ImageObject","url":"https:\/\/www.eldigitaldeasturias.com\/noticias\/wp-content\/uploads\/2020\/12\/EDA.jpg","@id":"https:\/\/eldigitaldeasturias.com\/magazine365\/sierra-nevada-granada-preve-la-apertura-parcial-este-lunes-de-la-pista-de-el-zorro\/#organizationLogo"},"image":{"@id":"https:\/\/eldigitaldeasturias.com\/magazine365\/sierra-nevada-granada-preve-la-apertura-parcial-este-lunes-de-la-pista-de-el-zorro\/#organizationLogo"}},{"@type":"Person","@id":"https:\/\/eldigitaldeasturias.com\/magazine365\/author\/admin\/#author","url":"https:\/\/eldigitaldeasturias.com\/magazine365\/author\/admin\/","name":"admin","image":{"@type":"ImageObject","@id":"https:\/\/eldigitaldeasturias.com\/magazine365\/sierra-nevada-granada-preve-la-apertura-parcial-este-lunes-de-la-pista-de-el-zorro\/#authorImage","url":"https:\/\/eldigitaldeasturias.com\/magazine365\/wp-content\/litespeed\/avatar\/e571bcf59a0edd6fa6838245a470f2fe.jpg?ver=1777574230","width":96,"height":96,"caption":"admin"}},{"@type":"WebPage","@id":"https:\/\/eldigitaldeasturias.com\/magazine365\/sierra-nevada-granada-preve-la-apertura-parcial-este-lunes-de-la-pista-de-el-zorro\/#webpage","url":"https:\/\/eldigitaldeasturias.com\/magazine365\/sierra-nevada-granada-preve-la-apertura-parcial-este-lunes-de-la-pista-de-el-zorro\/","name":"Sierra Nevada, Granada, prev\u00e9 la apertura parcial este lunes de la pista de El Zorro | El Digital de Asturias","description":"La estaci\u00f3n invernal de Sierra Nevada (Granada) prev\u00e9 la apertura parcial de la pista de El Zorro este lunes tras abrir este pasado domingo la pista de El R\u00edo, cuya apertura se aplaz\u00f3 el s\u00e1bado a causa de unas \"condiciones climatol\u00f3gicas adversas\", seg\u00fan indicaron fuentes de Cetursa, la empresa que gestiona este espacio. Seg\u00fan han","inLanguage":"es-ES","isPartOf":{"@id":"https:\/\/eldigitaldeasturias.com\/magazine365\/#website"},"breadcrumb":{"@id":"https:\/\/eldigitaldeasturias.com\/magazine365\/sierra-nevada-granada-preve-la-apertura-parcial-este-lunes-de-la-pista-de-el-zorro\/#breadcrumblist"},"author":{"@id":"https:\/\/eldigitaldeasturias.com\/magazine365\/author\/admin\/#author"},"creator":{"@id":"https:\/\/eldigitaldeasturias.com\/magazine365\/author\/admin\/#author"},"image":{"@type":"ImageObject","url":"https:\/\/eldigitaldeasturias.com\/magazine365\/wp-content\/uploads\/2016\/01\/fotonoticia_20160111095240_800.jpg","@id":"https:\/\/eldigitaldeasturias.com\/magazine365\/sierra-nevada-granada-preve-la-apertura-parcial-este-lunes-de-la-pista-de-el-zorro\/#mainImage","width":800,"height":534},"primaryImageOfPage":{"@id":"https:\/\/eldigitaldeasturias.com\/magazine365\/sierra-nevada-granada-preve-la-apertura-parcial-este-lunes-de-la-pista-de-el-zorro\/#mainImage"},"datePublished":"2016-01-11T12:30:47+01:00","dateModified":"2016-01-11T12:30:47+01:00"},{"@type":"WebSite","@id":"https:\/\/eldigitaldeasturias.com\/magazine365\/#website","url":"https:\/\/eldigitaldeasturias.com\/magazine365\/","name":"El Digital de Asturias","description":"Revista de ocio, turismo y estilo de vida","inLanguage":"es-ES","publisher":{"@id":"https:\/\/eldigitaldeasturias.com\/magazine365\/#organization"}}]},"og:locale":"es_ES","og:site_name":"El Digital de Asturias \u2013 Revista de ocio, turismo y estilo de vida","og:type":"article","og:title":"Sierra Nevada, Granada, prev\u00e9 la apertura parcial este lunes de la pista de El Zorro | El Digital de Asturias","og:description":"La estaci\u00f3n invernal de Sierra Nevada (Granada) prev\u00e9 la apertura parcial de la pista de El Zorro este lunes tras abrir este pasado domingo la pista de El R\u00edo, cuya apertura se aplaz\u00f3 el s\u00e1bado a causa de unas &quot;condiciones climatol\u00f3gicas adversas&quot;, seg\u00fan indicaron fuentes de Cetursa, la empresa que gestiona este espacio. Seg\u00fan han","og:url":"https:\/\/eldigitaldeasturias.com\/magazine365\/sierra-nevada-granada-preve-la-apertura-parcial-este-lunes-de-la-pista-de-el-zorro\/","og:image":"https:\/\/eldigitaldeasturias.com\/magazine365\/wp-content\/uploads\/2016\/01\/fotonoticia_20160111095240_800.jpg","og:image:secure_url":"https:\/\/eldigitaldeasturias.com\/magazine365\/wp-content\/uploads\/2016\/01\/fotonoticia_20160111095240_800.jpg","og:image:width":800,"og:image:height":534,"article:published_time":"2016-01-11T11:30:47+00:00","article:modified_time":"2016-01-11T11:30:47+00:00","twitter:card":"summary_large_image","twitter:title":"Sierra Nevada, Granada, prev\u00e9 la apertura parcial este lunes de la pista de El Zorro | El Digital de Asturias","twitter:description":"La estaci\u00f3n invernal de Sierra Nevada (Granada) prev\u00e9 la apertura parcial de la pista de El Zorro este lunes tras abrir este pasado domingo la pista de El R\u00edo, cuya apertura se aplaz\u00f3 el s\u00e1bado a causa de unas &quot;condiciones climatol\u00f3gicas adversas&quot;, seg\u00fan indicaron fuentes de Cetursa, la empresa que gestiona este espacio. Seg\u00fan han","twitter:image":"https:\/\/eldigitaldeasturias.com\/magazine365\/wp-content\/uploads\/2016\/01\/fotonoticia_20160111095240_800.jpg"},"aioseo_meta_data":{"post_id":"60115","title":null,"description":null,"keywords":null,"keyphrases":null,"primary_term":null,"canonical_url":null,"og_title":null,"og_description":null,"og_object_type":"default","og_image_type":"default","og_image_url":null,"og_image_width":null,"og_image_height":null,"og_image_custom_url":null,"og_image_custom_fields":null,"og_video":null,"og_custom_url":null,"og_article_section":null,"og_article_tags":null,"twitter_use_og":false,"twitter_card":"default","twitter_image_type":"default","twitter_image_url":null,"twitter_image_custom_url":null,"twitter_image_custom_fields":null,"twitter_title":null,"twitter_description":null,"schema":{"blockGraphs":[],"customGraphs":[],"default":{"data":{"Article":[],"Course":[],"Dataset":[],"FAQPage":[],"Movie":[],"Person":[],"Product":[],"ProductReview":[],"Car":[],"Recipe":[],"Service":[],"SoftwareApplication":[],"WebPage":[]},"graphName":"","isEnabled":true},"graphs":[],"defaultGraph":"","defaultPostTypeGraph":""},"schema_type":null,"schema_type_options":null,"pillar_content":false,"robots_default":true,"robots_noindex":false,"robots_noarchive":false,"robots_nosnippet":false,"robots_nofollow":false,"robots_noimageindex":false,"robots_noodp":false,"robots_notranslate":false,"robots_max_snippet":null,"robots_max_videopreview":null,"robots_max_imagepreview":"large","priority":null,"frequency":null,"location":null,"local_seo":null,"seo_analyzer_scan_date":"2025-09-25 06:16:16","breadcrumb_settings":null,"limit_modified_date":false,"open_ai":null,"ai":null,"created":"2021-03-08 22:04:43","updated":"2025-09-25 06:16:16"},"aioseo_breadcrumb":"<div class=\"aioseo-breadcrumbs\"><span class=\"aioseo-breadcrumb\">\n\t<a href=\"https:\/\/eldigitaldeasturias.com\/magazine365\" title=\"Home\">Home<\/a>\n<\/span><span class=\"aioseo-breadcrumb-separator\">\u2013<\/span><span class=\"aioseo-breadcrumb\">\n\t<a href=\"https:\/\/eldigitaldeasturias.com\/magazine365\/category\/noticias-actualidad\/\" title=\"Noticias y Actualidad\">Noticias y Actualidad<\/a>\n<\/span><span class=\"aioseo-breadcrumb-separator\">\u2013<\/span><span class=\"aioseo-breadcrumb\">\n\t<a href=\"https:\/\/eldigitaldeasturias.com\/magazine365\/sierra-nevada-granada-preve-la-apertura-parcial-este-lunes-de-la-pista-de-el-zorro\/\" title=\"Sierra Nevada, Granada, prev\u00e9 la apertura parcial este lunes de la pista de El Zorro\">Sierra Nevada, Granada, prev\u00e9 la apertura parcial este lunes de la pista de El Zorro<\/a>\n<\/span><\/div>","aioseo_breadcrumb_json":[{"label":"Home","link":"https:\/\/eldigitaldeasturias.com\/magazine365"},{"label":"Noticias y Actualidad","link":"https:\/\/eldigitaldeasturias.com\/magazine365\/category\/noticias-actualidad\/"},{"label":"Sierra Nevada, Granada, prev\u00e9 la apertura parcial este lunes de la pista de El Zorro","link":"https:\/\/eldigitaldeasturias.com\/magazine365\/sierra-nevada-granada-preve-la-apertura-parcial-este-lunes-de-la-pista-de-el-zorro\/"}],"_links":{"self":[{"href":"https:\/\/eldigitaldeasturias.com\/magazine365\/wp-json\/wp\/v2\/posts\/60115","targetHints":{"allow":["GET"]}}],"collection":[{"href":"https:\/\/eldigitaldeasturias.com\/magazine365\/wp-json\/wp\/v2\/posts"}],"about":[{"href":"https:\/\/eldigitaldeasturias.com\/magazine365\/wp-json\/wp\/v2\/types\/post"}],"author":[{"embeddable":true,"href":"https:\/\/eldigitaldeasturias.com\/magazine365\/wp-json\/wp\/v2\/users\/1"}],"replies":[{"embeddable":true,"href":"https:\/\/eldigitaldeasturias.com\/magazine365\/wp-json\/wp\/v2\/comments?post=60115"}],"version-history":[{"count":0,"href":"https:\/\/eldigitaldeasturias.com\/magazine365\/wp-json\/wp\/v2\/posts\/60115\/revisions"}],"wp:featuredmedia":[{"embeddable":true,"href":"https:\/\/eldigitaldeasturias.com\/magazine365\/wp-json\/wp\/v2\/media\/60116"}],"wp:attachment":[{"href":"https:\/\/eldigitaldeasturias.com\/magazine365\/wp-json\/wp\/v2\/media?parent=60115"}],"wp:term":[{"taxonomy":"category","embeddable":true,"href":"https:\/\/eldigitaldeasturias.com\/magazine365\/wp-json\/wp\/v2\/categories?post=60115"},{"taxonomy":"post_tag","embeddable":true,"href":"https:\/\/eldigitaldeasturias.com\/magazine365\/wp-json\/wp\/v2\/tags?post=60115"}],"curies":[{"name":"wp","href":"https:\/\/api.w.org\/{rel}","templated":true}]}}