{"id":60098,"date":"2016-01-11T00:10:52","date_gmt":"2016-01-10T23:10:52","guid":{"rendered":"http:\/\/eldigitaldeasturias.com\/magazine365\/?p=60098"},"modified":"2016-01-11T00:10:52","modified_gmt":"2016-01-10T23:10:52","slug":"barcelona-se-desmarca-de-la-iniciativa-para-promover-el-turismo-medico","status":"publish","type":"post","link":"https:\/\/eldigitaldeasturias.com\/magazine365\/barcelona-se-desmarca-de-la-iniciativa-para-promover-el-turismo-medico\/","title":{"rendered":"Barcelona se desmarca de la iniciativa para promover el turismo m\u00e9dico"},"content":{"rendered":"<p><img fetchpriority=\"high\" decoding=\"async\" class=\"alignleft size-medium wp-image-60099\" src=\"https:\/\/eldigitaldeasturias.com\/magazine365\/wp-content\/uploads\/2016\/01\/fotonoticia_20160108185955_800-360x240.jpg\" alt=\"fotonoticia_20160108185955_800\" width=\"360\" height=\"240\" srcset=\"https:\/\/eldigitaldeasturias.com\/magazine365\/wp-content\/uploads\/2016\/01\/fotonoticia_20160108185955_800-360x240.jpg 360w, https:\/\/eldigitaldeasturias.com\/magazine365\/wp-content\/uploads\/2016\/01\/fotonoticia_20160108185955_800-650x433.jpg 650w, https:\/\/eldigitaldeasturias.com\/magazine365\/wp-content\/uploads\/2016\/01\/fotonoticia_20160108185955_800-768x512.jpg 768w, https:\/\/eldigitaldeasturias.com\/magazine365\/wp-content\/uploads\/2016\/01\/fotonoticia_20160108185955_800-150x100.jpg 150w, https:\/\/eldigitaldeasturias.com\/magazine365\/wp-content\/uploads\/2016\/01\/fotonoticia_20160108185955_800-450x300.jpg 450w, https:\/\/eldigitaldeasturias.com\/magazine365\/wp-content\/uploads\/2016\/01\/fotonoticia_20160108185955_800-696x464.jpg 696w, https:\/\/eldigitaldeasturias.com\/magazine365\/wp-content\/uploads\/2016\/01\/fotonoticia_20160108185955_800-630x420.jpg 630w, https:\/\/eldigitaldeasturias.com\/magazine365\/wp-content\/uploads\/2016\/01\/fotonoticia_20160108185955_800-101x66.jpg 101w, https:\/\/eldigitaldeasturias.com\/magazine365\/wp-content\/uploads\/2016\/01\/fotonoticia_20160108185955_800.jpg 800w\" sizes=\"(max-width: 360px) 100vw, 360px\" \/>El concejal de Turismo del Ayuntamiento de Barelona, Agust\u00ed Colom, ha afirmado este viernes que el consistorio se desmarca de la iniciativa &#8216;Barcelona Medical Destination&#8217; para promover el turismo m\u00e9dico en la ciudad y en Catalunya que present\u00f3 la Generalitat y Turisme de Barcelona este jueves porque el Gobierno municipal \u00abdesconoc\u00eda\u00bb la iniciativa, de la que, ha asegurado que no forman parte.<\/p>\n<p>Lo ha dicho en declaraciones a los medios, donde ha subrayado que han tenido conocimiento del convenio &#8216;Barcelona Medical Destination&#8217; a trav\u00e9s de los medios de comunicaci\u00f3n, y ha aseverado que el Ejecutivo municipal no ha participado en la confecci\u00f3n ni en la presentaci\u00f3n del proyecto: \u00abEs incomprensible e inadmisible\u00bb.<\/p>\n<p>\u00abNo podemos compartir que se destine dinero p\u00fablico a promocionar el turismo m\u00e9dico privado cuando tenemos muchas necesidades no cubiertas en la ciudad\u00bb, ha dicho Colom, y ha a\u00f1adido que el Ayuntamiento no comparte el fondo ni la forma del convenio.<\/p>\n<p>Colom ha afirmado que ha hablado este viernes con el presidente de Turisme de Barcelona, Joan Gaspart, que ha aceptado que el Gobierno municipal no tenia el conocimiento previo del proyecto: \u00abEs el reconocimiento de una situaci\u00f3n que no se ha producido\u00bb, ha se\u00f1alado.<\/p>\n<p>Ha explicado que se ha convocado de forma urgente a la direcci\u00f3n del Consorci de Turisme para analizar lo ocurrido y disponer los mecanismos necesarios para que no vuelva a ocurrir una situaci\u00f3n as\u00ed, y ha insistido en que revisar\u00e1n y analizar\u00e1n el convenio y la utilizaci\u00f3n de la marca Barcelona.<\/p>\n<p>DINERO PARA LAS LISTAS DE ESPERA<\/p>\n<p>Preguntado por los periodistas sobre si la posible causa del desconocimiento podr\u00eda ser la distancia ideol\u00f3gica entre el consistorio y el Gobierno de la Generalitat, Colom ha expresado que \u00abno quiere pensar\u00bb que la posici\u00f3n del Gobierno municipal sobre el uso de los recursos p\u00fablicos para la sanidad privada pueda haber supuesto un intento expreso de no comunicar el proyecto.<\/p>\n<p>\u00abLo que se est\u00e1 planteando es que el dinero p\u00fablico de la Generalitat y del Ayuntamiento, a trav\u00e9s de Turisme de Barcelona, se destine a fomentar el turismo m\u00e9dico\u00bb, ha destacado Colom, que ha subrayado que estos fondos, entre 160.000 y 200.000 euros, se deber\u00edan dedicar a reducir las listas e espera.<\/p>\n<p>Tambi\u00e9n ha aseverado que la ausencia de un representante del Ayuntamiento en la firma del convenio demuestra que el Gobierno municipal no ten\u00eda conocimiento de la situaci\u00f3n, y ha explicado que en caso de saber de su existencia el consistorio hubiera comunicado que no asist\u00eda a su presentaci\u00f3n.<\/p>\n<p>&#8216;BARCELONA MEDICAL DESTINATION&#8217;<\/p>\n<p>La iniciativa &#8216;Barcelona Medical Destination&#8217; prev\u00e9 aumentar un 20% en dos a\u00f1os el n\u00famero de pacientes extranjeros que se tratan en 15 centros sanitarios privados catalanes &#8211;cuatro de ellos concertados&#8211;, respecto a los 20.000 usuarios que se atienden actualmente.<\/p>\n<p>La iniciativa se centrar\u00e1 en captar pacientes de los pa\u00edses \u00e1rabes, y entre los centros colaboradores est\u00e1n el Hospital Quir\u00f3n, Quiron Teknon, Quir\u00f3n Dexeus, Barnacl\u00ednic-Grupo Hospital Cl\u00ednic, Hospital Sant Joan de D\u00e9u, Institut Guttman, la Cl\u00ednica Barraquer, la Cl\u00ednica Sagrada Fam\u00edlia y la Tres Torres.<\/p>\n","protected":false},"excerpt":{"rendered":"<p>El concejal de Turismo del Ayuntamiento de Barelona, Agust\u00ed Colom, ha afirmado este viernes que el consistorio se desmarca de la iniciativa &#8216;Barcelona Medical Destination&#8217; para promover el turismo m\u00e9dico en la ciudad y en Catalunya que present\u00f3 la Generalitat y Turisme de Barcelona este jueves porque el Gobierno municipal \u00abdesconoc\u00eda\u00bb la iniciativa, de la<\/p>\n","protected":false},"author":1,"featured_media":60099,"comment_status":"open","ping_status":"closed","sticky":false,"template":"","format":"standard","meta":{"footnotes":""},"categories":[224],"tags":[],"class_list":{"0":"post-60098","1":"post","2":"type-post","3":"status-publish","4":"format-standard","5":"has-post-thumbnail","7":"category-noticias-actualidad"},"aioseo_notices":[],"aioseo_head":"\n\t\t<!-- All in One SEO Pro 4.9.6.1 - aioseo.com -->\n\t<meta name=\"description\" content=\"El concejal de Turismo del Ayuntamiento de Barelona, Agust\u00ed Colom, ha afirmado este viernes que el consistorio se desmarca de la iniciativa &#039;Barcelona Medical Destination&#039; para promover el turismo m\u00e9dico en la ciudad y en Catalunya que present\u00f3 la Generalitat y Turisme de Barcelona este jueves porque el Gobierno municipal &quot;desconoc\u00eda&quot; la iniciativa, de la\" \/>\n\t<meta name=\"robots\" content=\"max-image-preview:large\" \/>\n\t<meta name=\"author\" content=\"admin\"\/>\n\t<meta name=\"google-site-verification\" content=\"UA-38556648-1\" \/>\n\t<meta name=\"keywords\" content=\"noticias y actualidad\" \/>\n\t<link rel=\"canonical\" href=\"https:\/\/eldigitaldeasturias.com\/magazine365\/barcelona-se-desmarca-de-la-iniciativa-para-promover-el-turismo-medico\/\" \/>\n\t<meta name=\"generator\" content=\"All in One SEO Pro (AIOSEO) 4.9.6.1\" \/>\n\t\t<meta property=\"og:locale\" content=\"es_ES\" \/>\n\t\t<meta property=\"og:site_name\" content=\"El Digital de Asturias \u2013 Revista de ocio, turismo y estilo de vida\" \/>\n\t\t<meta property=\"og:type\" content=\"article\" \/>\n\t\t<meta property=\"og:title\" content=\"Barcelona se desmarca de la iniciativa para promover el turismo m\u00e9dico | El Digital de Asturias\" \/>\n\t\t<meta property=\"og:description\" content=\"El concejal de Turismo del Ayuntamiento de Barelona, Agust\u00ed Colom, ha afirmado este viernes que el consistorio se desmarca de la iniciativa &#039;Barcelona Medical Destination&#039; para promover el turismo m\u00e9dico en la ciudad y en Catalunya que present\u00f3 la Generalitat y Turisme de Barcelona este jueves porque el Gobierno municipal &quot;desconoc\u00eda&quot; la iniciativa, de la\" \/>\n\t\t<meta property=\"og:url\" content=\"https:\/\/eldigitaldeasturias.com\/magazine365\/barcelona-se-desmarca-de-la-iniciativa-para-promover-el-turismo-medico\/\" \/>\n\t\t<meta property=\"og:image\" content=\"https:\/\/eldigitaldeasturias.com\/magazine365\/wp-content\/uploads\/2016\/01\/fotonoticia_20160108185955_800.jpg\" \/>\n\t\t<meta property=\"og:image:secure_url\" content=\"https:\/\/eldigitaldeasturias.com\/magazine365\/wp-content\/uploads\/2016\/01\/fotonoticia_20160108185955_800.jpg\" \/>\n\t\t<meta property=\"og:image:width\" content=\"800\" \/>\n\t\t<meta property=\"og:image:height\" content=\"533\" \/>\n\t\t<meta property=\"article:published_time\" content=\"2016-01-10T23:10:52+00:00\" \/>\n\t\t<meta property=\"article:modified_time\" content=\"2016-01-10T23:10:52+00:00\" \/>\n\t\t<meta name=\"twitter:card\" content=\"summary_large_image\" \/>\n\t\t<meta name=\"twitter:title\" content=\"Barcelona se desmarca de la iniciativa para promover el turismo m\u00e9dico | El Digital de Asturias\" \/>\n\t\t<meta name=\"twitter:description\" content=\"El concejal de Turismo del Ayuntamiento de Barelona, Agust\u00ed Colom, ha afirmado este viernes que el consistorio se desmarca de la iniciativa &#039;Barcelona Medical Destination&#039; para promover el turismo m\u00e9dico en la ciudad y en Catalunya que present\u00f3 la Generalitat y Turisme de Barcelona este jueves porque el Gobierno municipal &quot;desconoc\u00eda&quot; la iniciativa, de la\" \/>\n\t\t<meta name=\"twitter:image\" content=\"https:\/\/eldigitaldeasturias.com\/magazine365\/wp-content\/uploads\/2016\/01\/fotonoticia_20160108185955_800.jpg\" \/>\n\t\t<script type=\"application\/ld+json\" class=\"aioseo-schema\">\n\t\t\t{\"@context\":\"https:\\\/\\\/schema.org\",\"@graph\":[{\"@type\":\"Article\",\"@id\":\"https:\\\/\\\/eldigitaldeasturias.com\\\/magazine365\\\/barcelona-se-desmarca-de-la-iniciativa-para-promover-el-turismo-medico\\\/#article\",\"name\":\"Barcelona se desmarca de la iniciativa para promover el turismo m\\u00e9dico | El Digital de Asturias\",\"headline\":\"Barcelona se desmarca de la iniciativa para promover el turismo m\\u00e9dico\",\"author\":{\"@id\":\"https:\\\/\\\/eldigitaldeasturias.com\\\/magazine365\\\/author\\\/admin\\\/#author\"},\"publisher\":{\"@id\":\"https:\\\/\\\/eldigitaldeasturias.com\\\/magazine365\\\/#organization\"},\"image\":{\"@type\":\"ImageObject\",\"url\":\"https:\\\/\\\/eldigitaldeasturias.com\\\/magazine365\\\/wp-content\\\/uploads\\\/2016\\\/01\\\/fotonoticia_20160108185955_800.jpg\",\"width\":800,\"height\":533},\"datePublished\":\"2016-01-11T00:10:52+01:00\",\"dateModified\":\"2016-01-11T00:10:52+01:00\",\"inLanguage\":\"es-ES\",\"mainEntityOfPage\":{\"@id\":\"https:\\\/\\\/eldigitaldeasturias.com\\\/magazine365\\\/barcelona-se-desmarca-de-la-iniciativa-para-promover-el-turismo-medico\\\/#webpage\"},\"isPartOf\":{\"@id\":\"https:\\\/\\\/eldigitaldeasturias.com\\\/magazine365\\\/barcelona-se-desmarca-de-la-iniciativa-para-promover-el-turismo-medico\\\/#webpage\"},\"articleSection\":\"Noticias y Actualidad\"},{\"@type\":\"BreadcrumbList\",\"@id\":\"https:\\\/\\\/eldigitaldeasturias.com\\\/magazine365\\\/barcelona-se-desmarca-de-la-iniciativa-para-promover-el-turismo-medico\\\/#breadcrumblist\",\"itemListElement\":[{\"@type\":\"ListItem\",\"@id\":\"https:\\\/\\\/eldigitaldeasturias.com\\\/magazine365#listItem\",\"position\":1,\"name\":\"Home\",\"item\":\"https:\\\/\\\/eldigitaldeasturias.com\\\/magazine365\",\"nextItem\":{\"@type\":\"ListItem\",\"@id\":\"https:\\\/\\\/eldigitaldeasturias.com\\\/magazine365\\\/category\\\/noticias-actualidad\\\/#listItem\",\"name\":\"Noticias y Actualidad\"}},{\"@type\":\"ListItem\",\"@id\":\"https:\\\/\\\/eldigitaldeasturias.com\\\/magazine365\\\/category\\\/noticias-actualidad\\\/#listItem\",\"position\":2,\"name\":\"Noticias y Actualidad\",\"item\":\"https:\\\/\\\/eldigitaldeasturias.com\\\/magazine365\\\/category\\\/noticias-actualidad\\\/\",\"nextItem\":{\"@type\":\"ListItem\",\"@id\":\"https:\\\/\\\/eldigitaldeasturias.com\\\/magazine365\\\/barcelona-se-desmarca-de-la-iniciativa-para-promover-el-turismo-medico\\\/#listItem\",\"name\":\"Barcelona se desmarca de la iniciativa para promover el turismo m\\u00e9dico\"},\"previousItem\":{\"@type\":\"ListItem\",\"@id\":\"https:\\\/\\\/eldigitaldeasturias.com\\\/magazine365#listItem\",\"name\":\"Home\"}},{\"@type\":\"ListItem\",\"@id\":\"https:\\\/\\\/eldigitaldeasturias.com\\\/magazine365\\\/barcelona-se-desmarca-de-la-iniciativa-para-promover-el-turismo-medico\\\/#listItem\",\"position\":3,\"name\":\"Barcelona se desmarca de la iniciativa para promover el turismo m\\u00e9dico\",\"previousItem\":{\"@type\":\"ListItem\",\"@id\":\"https:\\\/\\\/eldigitaldeasturias.com\\\/magazine365\\\/category\\\/noticias-actualidad\\\/#listItem\",\"name\":\"Noticias y Actualidad\"}}]},{\"@type\":\"Organization\",\"@id\":\"https:\\\/\\\/eldigitaldeasturias.com\\\/magazine365\\\/#organization\",\"name\":\"El digital de Asturias\",\"description\":\"Revista de ocio, turismo y estilo de vida\",\"url\":\"https:\\\/\\\/eldigitaldeasturias.com\\\/magazine365\\\/\",\"logo\":{\"@type\":\"ImageObject\",\"url\":\"https:\\\/\\\/www.eldigitaldeasturias.com\\\/noticias\\\/wp-content\\\/uploads\\\/2020\\\/12\\\/EDA.jpg\",\"@id\":\"https:\\\/\\\/eldigitaldeasturias.com\\\/magazine365\\\/barcelona-se-desmarca-de-la-iniciativa-para-promover-el-turismo-medico\\\/#organizationLogo\"},\"image\":{\"@id\":\"https:\\\/\\\/eldigitaldeasturias.com\\\/magazine365\\\/barcelona-se-desmarca-de-la-iniciativa-para-promover-el-turismo-medico\\\/#organizationLogo\"}},{\"@type\":\"Person\",\"@id\":\"https:\\\/\\\/eldigitaldeasturias.com\\\/magazine365\\\/author\\\/admin\\\/#author\",\"url\":\"https:\\\/\\\/eldigitaldeasturias.com\\\/magazine365\\\/author\\\/admin\\\/\",\"name\":\"admin\",\"image\":{\"@type\":\"ImageObject\",\"@id\":\"https:\\\/\\\/eldigitaldeasturias.com\\\/magazine365\\\/barcelona-se-desmarca-de-la-iniciativa-para-promover-el-turismo-medico\\\/#authorImage\",\"url\":\"https:\\\/\\\/eldigitaldeasturias.com\\\/magazine365\\\/wp-content\\\/litespeed\\\/avatar\\\/e571bcf59a0edd6fa6838245a470f2fe.jpg?ver=1777574230\",\"width\":96,\"height\":96,\"caption\":\"admin\"}},{\"@type\":\"WebPage\",\"@id\":\"https:\\\/\\\/eldigitaldeasturias.com\\\/magazine365\\\/barcelona-se-desmarca-de-la-iniciativa-para-promover-el-turismo-medico\\\/#webpage\",\"url\":\"https:\\\/\\\/eldigitaldeasturias.com\\\/magazine365\\\/barcelona-se-desmarca-de-la-iniciativa-para-promover-el-turismo-medico\\\/\",\"name\":\"Barcelona se desmarca de la iniciativa para promover el turismo m\\u00e9dico | El Digital de Asturias\",\"description\":\"El concejal de Turismo del Ayuntamiento de Barelona, Agust\\u00ed Colom, ha afirmado este viernes que el consistorio se desmarca de la iniciativa 'Barcelona Medical Destination' para promover el turismo m\\u00e9dico en la ciudad y en Catalunya que present\\u00f3 la Generalitat y Turisme de Barcelona este jueves porque el Gobierno municipal \\\"desconoc\\u00eda\\\" la iniciativa, de la\",\"inLanguage\":\"es-ES\",\"isPartOf\":{\"@id\":\"https:\\\/\\\/eldigitaldeasturias.com\\\/magazine365\\\/#website\"},\"breadcrumb\":{\"@id\":\"https:\\\/\\\/eldigitaldeasturias.com\\\/magazine365\\\/barcelona-se-desmarca-de-la-iniciativa-para-promover-el-turismo-medico\\\/#breadcrumblist\"},\"author\":{\"@id\":\"https:\\\/\\\/eldigitaldeasturias.com\\\/magazine365\\\/author\\\/admin\\\/#author\"},\"creator\":{\"@id\":\"https:\\\/\\\/eldigitaldeasturias.com\\\/magazine365\\\/author\\\/admin\\\/#author\"},\"image\":{\"@type\":\"ImageObject\",\"url\":\"https:\\\/\\\/eldigitaldeasturias.com\\\/magazine365\\\/wp-content\\\/uploads\\\/2016\\\/01\\\/fotonoticia_20160108185955_800.jpg\",\"@id\":\"https:\\\/\\\/eldigitaldeasturias.com\\\/magazine365\\\/barcelona-se-desmarca-de-la-iniciativa-para-promover-el-turismo-medico\\\/#mainImage\",\"width\":800,\"height\":533},\"primaryImageOfPage\":{\"@id\":\"https:\\\/\\\/eldigitaldeasturias.com\\\/magazine365\\\/barcelona-se-desmarca-de-la-iniciativa-para-promover-el-turismo-medico\\\/#mainImage\"},\"datePublished\":\"2016-01-11T00:10:52+01:00\",\"dateModified\":\"2016-01-11T00:10:52+01:00\"},{\"@type\":\"WebSite\",\"@id\":\"https:\\\/\\\/eldigitaldeasturias.com\\\/magazine365\\\/#website\",\"url\":\"https:\\\/\\\/eldigitaldeasturias.com\\\/magazine365\\\/\",\"name\":\"El Digital de Asturias\",\"description\":\"Revista de ocio, turismo y estilo de vida\",\"inLanguage\":\"es-ES\",\"publisher\":{\"@id\":\"https:\\\/\\\/eldigitaldeasturias.com\\\/magazine365\\\/#organization\"}}]}\n\t\t<\/script>\n\t\t<!-- All in One SEO Pro -->\r\n\t\t<title>Barcelona se desmarca de la iniciativa para promover el turismo m\u00e9dico | El Digital de Asturias<\/title>\n\n","aioseo_head_json":{"title":"Barcelona se desmarca de la iniciativa para promover el turismo m\u00e9dico | El Digital de Asturias","description":"El concejal de Turismo del Ayuntamiento de Barelona, Agust\u00ed Colom, ha afirmado este viernes que el consistorio se desmarca de la iniciativa 'Barcelona Medical Destination' para promover el turismo m\u00e9dico en la ciudad y en Catalunya que present\u00f3 la Generalitat y Turisme de Barcelona este jueves porque el Gobierno municipal \"desconoc\u00eda\" la iniciativa, de la","canonical_url":"https:\/\/eldigitaldeasturias.com\/magazine365\/barcelona-se-desmarca-de-la-iniciativa-para-promover-el-turismo-medico\/","robots":"max-image-preview:large","keywords":"noticias y actualidad","webmasterTools":{"google-site-verification":"UA-38556648-1","miscellaneous":""},"schema":{"@context":"https:\/\/schema.org","@graph":[{"@type":"Article","@id":"https:\/\/eldigitaldeasturias.com\/magazine365\/barcelona-se-desmarca-de-la-iniciativa-para-promover-el-turismo-medico\/#article","name":"Barcelona se desmarca de la iniciativa para promover el turismo m\u00e9dico | El Digital de Asturias","headline":"Barcelona se desmarca de la iniciativa para promover el turismo m\u00e9dico","author":{"@id":"https:\/\/eldigitaldeasturias.com\/magazine365\/author\/admin\/#author"},"publisher":{"@id":"https:\/\/eldigitaldeasturias.com\/magazine365\/#organization"},"image":{"@type":"ImageObject","url":"https:\/\/eldigitaldeasturias.com\/magazine365\/wp-content\/uploads\/2016\/01\/fotonoticia_20160108185955_800.jpg","width":800,"height":533},"datePublished":"2016-01-11T00:10:52+01:00","dateModified":"2016-01-11T00:10:52+01:00","inLanguage":"es-ES","mainEntityOfPage":{"@id":"https:\/\/eldigitaldeasturias.com\/magazine365\/barcelona-se-desmarca-de-la-iniciativa-para-promover-el-turismo-medico\/#webpage"},"isPartOf":{"@id":"https:\/\/eldigitaldeasturias.com\/magazine365\/barcelona-se-desmarca-de-la-iniciativa-para-promover-el-turismo-medico\/#webpage"},"articleSection":"Noticias y Actualidad"},{"@type":"BreadcrumbList","@id":"https:\/\/eldigitaldeasturias.com\/magazine365\/barcelona-se-desmarca-de-la-iniciativa-para-promover-el-turismo-medico\/#breadcrumblist","itemListElement":[{"@type":"ListItem","@id":"https:\/\/eldigitaldeasturias.com\/magazine365#listItem","position":1,"name":"Home","item":"https:\/\/eldigitaldeasturias.com\/magazine365","nextItem":{"@type":"ListItem","@id":"https:\/\/eldigitaldeasturias.com\/magazine365\/category\/noticias-actualidad\/#listItem","name":"Noticias y Actualidad"}},{"@type":"ListItem","@id":"https:\/\/eldigitaldeasturias.com\/magazine365\/category\/noticias-actualidad\/#listItem","position":2,"name":"Noticias y Actualidad","item":"https:\/\/eldigitaldeasturias.com\/magazine365\/category\/noticias-actualidad\/","nextItem":{"@type":"ListItem","@id":"https:\/\/eldigitaldeasturias.com\/magazine365\/barcelona-se-desmarca-de-la-iniciativa-para-promover-el-turismo-medico\/#listItem","name":"Barcelona se desmarca de la iniciativa para promover el turismo m\u00e9dico"},"previousItem":{"@type":"ListItem","@id":"https:\/\/eldigitaldeasturias.com\/magazine365#listItem","name":"Home"}},{"@type":"ListItem","@id":"https:\/\/eldigitaldeasturias.com\/magazine365\/barcelona-se-desmarca-de-la-iniciativa-para-promover-el-turismo-medico\/#listItem","position":3,"name":"Barcelona se desmarca de la iniciativa para promover el turismo m\u00e9dico","previousItem":{"@type":"ListItem","@id":"https:\/\/eldigitaldeasturias.com\/magazine365\/category\/noticias-actualidad\/#listItem","name":"Noticias y Actualidad"}}]},{"@type":"Organization","@id":"https:\/\/eldigitaldeasturias.com\/magazine365\/#organization","name":"El digital de Asturias","description":"Revista de ocio, turismo y estilo de vida","url":"https:\/\/eldigitaldeasturias.com\/magazine365\/","logo":{"@type":"ImageObject","url":"https:\/\/www.eldigitaldeasturias.com\/noticias\/wp-content\/uploads\/2020\/12\/EDA.jpg","@id":"https:\/\/eldigitaldeasturias.com\/magazine365\/barcelona-se-desmarca-de-la-iniciativa-para-promover-el-turismo-medico\/#organizationLogo"},"image":{"@id":"https:\/\/eldigitaldeasturias.com\/magazine365\/barcelona-se-desmarca-de-la-iniciativa-para-promover-el-turismo-medico\/#organizationLogo"}},{"@type":"Person","@id":"https:\/\/eldigitaldeasturias.com\/magazine365\/author\/admin\/#author","url":"https:\/\/eldigitaldeasturias.com\/magazine365\/author\/admin\/","name":"admin","image":{"@type":"ImageObject","@id":"https:\/\/eldigitaldeasturias.com\/magazine365\/barcelona-se-desmarca-de-la-iniciativa-para-promover-el-turismo-medico\/#authorImage","url":"https:\/\/eldigitaldeasturias.com\/magazine365\/wp-content\/litespeed\/avatar\/e571bcf59a0edd6fa6838245a470f2fe.jpg?ver=1777574230","width":96,"height":96,"caption":"admin"}},{"@type":"WebPage","@id":"https:\/\/eldigitaldeasturias.com\/magazine365\/barcelona-se-desmarca-de-la-iniciativa-para-promover-el-turismo-medico\/#webpage","url":"https:\/\/eldigitaldeasturias.com\/magazine365\/barcelona-se-desmarca-de-la-iniciativa-para-promover-el-turismo-medico\/","name":"Barcelona se desmarca de la iniciativa para promover el turismo m\u00e9dico | El Digital de Asturias","description":"El concejal de Turismo del Ayuntamiento de Barelona, Agust\u00ed Colom, ha afirmado este viernes que el consistorio se desmarca de la iniciativa 'Barcelona Medical Destination' para promover el turismo m\u00e9dico en la ciudad y en Catalunya que present\u00f3 la Generalitat y Turisme de Barcelona este jueves porque el Gobierno municipal \"desconoc\u00eda\" la iniciativa, de la","inLanguage":"es-ES","isPartOf":{"@id":"https:\/\/eldigitaldeasturias.com\/magazine365\/#website"},"breadcrumb":{"@id":"https:\/\/eldigitaldeasturias.com\/magazine365\/barcelona-se-desmarca-de-la-iniciativa-para-promover-el-turismo-medico\/#breadcrumblist"},"author":{"@id":"https:\/\/eldigitaldeasturias.com\/magazine365\/author\/admin\/#author"},"creator":{"@id":"https:\/\/eldigitaldeasturias.com\/magazine365\/author\/admin\/#author"},"image":{"@type":"ImageObject","url":"https:\/\/eldigitaldeasturias.com\/magazine365\/wp-content\/uploads\/2016\/01\/fotonoticia_20160108185955_800.jpg","@id":"https:\/\/eldigitaldeasturias.com\/magazine365\/barcelona-se-desmarca-de-la-iniciativa-para-promover-el-turismo-medico\/#mainImage","width":800,"height":533},"primaryImageOfPage":{"@id":"https:\/\/eldigitaldeasturias.com\/magazine365\/barcelona-se-desmarca-de-la-iniciativa-para-promover-el-turismo-medico\/#mainImage"},"datePublished":"2016-01-11T00:10:52+01:00","dateModified":"2016-01-11T00:10:52+01:00"},{"@type":"WebSite","@id":"https:\/\/eldigitaldeasturias.com\/magazine365\/#website","url":"https:\/\/eldigitaldeasturias.com\/magazine365\/","name":"El Digital de Asturias","description":"Revista de ocio, turismo y estilo de vida","inLanguage":"es-ES","publisher":{"@id":"https:\/\/eldigitaldeasturias.com\/magazine365\/#organization"}}]},"og:locale":"es_ES","og:site_name":"El Digital de Asturias \u2013 Revista de ocio, turismo y estilo de vida","og:type":"article","og:title":"Barcelona se desmarca de la iniciativa para promover el turismo m\u00e9dico | El Digital de Asturias","og:description":"El concejal de Turismo del Ayuntamiento de Barelona, Agust\u00ed Colom, ha afirmado este viernes que el consistorio se desmarca de la iniciativa 'Barcelona Medical Destination' para promover el turismo m\u00e9dico en la ciudad y en Catalunya que present\u00f3 la Generalitat y Turisme de Barcelona este jueves porque el Gobierno municipal &quot;desconoc\u00eda&quot; la iniciativa, de la","og:url":"https:\/\/eldigitaldeasturias.com\/magazine365\/barcelona-se-desmarca-de-la-iniciativa-para-promover-el-turismo-medico\/","og:image":"https:\/\/eldigitaldeasturias.com\/magazine365\/wp-content\/uploads\/2016\/01\/fotonoticia_20160108185955_800.jpg","og:image:secure_url":"https:\/\/eldigitaldeasturias.com\/magazine365\/wp-content\/uploads\/2016\/01\/fotonoticia_20160108185955_800.jpg","og:image:width":800,"og:image:height":533,"article:published_time":"2016-01-10T23:10:52+00:00","article:modified_time":"2016-01-10T23:10:52+00:00","twitter:card":"summary_large_image","twitter:title":"Barcelona se desmarca de la iniciativa para promover el turismo m\u00e9dico | El Digital de Asturias","twitter:description":"El concejal de Turismo del Ayuntamiento de Barelona, Agust\u00ed Colom, ha afirmado este viernes que el consistorio se desmarca de la iniciativa 'Barcelona Medical Destination' para promover el turismo m\u00e9dico en la ciudad y en Catalunya que present\u00f3 la Generalitat y Turisme de Barcelona este jueves porque el Gobierno municipal &quot;desconoc\u00eda&quot; la iniciativa, de la","twitter:image":"https:\/\/eldigitaldeasturias.com\/magazine365\/wp-content\/uploads\/2016\/01\/fotonoticia_20160108185955_800.jpg"},"aioseo_meta_data":{"post_id":"60098","title":null,"description":null,"keywords":null,"keyphrases":null,"primary_term":null,"canonical_url":null,"og_title":null,"og_description":null,"og_object_type":"default","og_image_type":"default","og_image_url":null,"og_image_width":null,"og_image_height":null,"og_image_custom_url":null,"og_image_custom_fields":null,"og_video":null,"og_custom_url":null,"og_article_section":null,"og_article_tags":null,"twitter_use_og":false,"twitter_card":"default","twitter_image_type":"default","twitter_image_url":null,"twitter_image_custom_url":null,"twitter_image_custom_fields":null,"twitter_title":null,"twitter_description":null,"schema":{"blockGraphs":[],"customGraphs":[],"default":{"data":{"Article":[],"Course":[],"Dataset":[],"FAQPage":[],"Movie":[],"Person":[],"Product":[],"ProductReview":[],"Car":[],"Recipe":[],"Service":[],"SoftwareApplication":[],"WebPage":[]},"graphName":"","isEnabled":true},"graphs":[]},"schema_type":null,"schema_type_options":null,"pillar_content":false,"robots_default":true,"robots_noindex":false,"robots_noarchive":false,"robots_nosnippet":false,"robots_nofollow":false,"robots_noimageindex":false,"robots_noodp":false,"robots_notranslate":false,"robots_max_snippet":null,"robots_max_videopreview":null,"robots_max_imagepreview":"large","priority":null,"frequency":null,"location":null,"local_seo":null,"seo_analyzer_scan_date":"2025-09-25 06:14:43","breadcrumb_settings":null,"limit_modified_date":false,"open_ai":null,"ai":null,"created":"2021-03-08 22:06:04","updated":"2025-09-25 06:14:43"},"aioseo_breadcrumb":"<div class=\"aioseo-breadcrumbs\"><span class=\"aioseo-breadcrumb\">\n\t<a href=\"https:\/\/eldigitaldeasturias.com\/magazine365\" title=\"Home\">Home<\/a>\n<\/span><span class=\"aioseo-breadcrumb-separator\">\u2013<\/span><span class=\"aioseo-breadcrumb\">\n\t<a href=\"https:\/\/eldigitaldeasturias.com\/magazine365\/category\/noticias-actualidad\/\" title=\"Noticias y Actualidad\">Noticias y Actualidad<\/a>\n<\/span><span class=\"aioseo-breadcrumb-separator\">\u2013<\/span><span class=\"aioseo-breadcrumb\">\n\t<a href=\"https:\/\/eldigitaldeasturias.com\/magazine365\/barcelona-se-desmarca-de-la-iniciativa-para-promover-el-turismo-medico\/\" title=\"Barcelona se desmarca de la iniciativa para promover el turismo m\u00e9dico\">Barcelona se desmarca de la iniciativa para promover el turismo m\u00e9dico<\/a>\n<\/span><\/div>","aioseo_breadcrumb_json":[{"label":"Home","link":"https:\/\/eldigitaldeasturias.com\/magazine365"},{"label":"Noticias y Actualidad","link":"https:\/\/eldigitaldeasturias.com\/magazine365\/category\/noticias-actualidad\/"},{"label":"Barcelona se desmarca de la iniciativa para promover el turismo m\u00e9dico","link":"https:\/\/eldigitaldeasturias.com\/magazine365\/barcelona-se-desmarca-de-la-iniciativa-para-promover-el-turismo-medico\/"}],"_links":{"self":[{"href":"https:\/\/eldigitaldeasturias.com\/magazine365\/wp-json\/wp\/v2\/posts\/60098","targetHints":{"allow":["GET"]}}],"collection":[{"href":"https:\/\/eldigitaldeasturias.com\/magazine365\/wp-json\/wp\/v2\/posts"}],"about":[{"href":"https:\/\/eldigitaldeasturias.com\/magazine365\/wp-json\/wp\/v2\/types\/post"}],"author":[{"embeddable":true,"href":"https:\/\/eldigitaldeasturias.com\/magazine365\/wp-json\/wp\/v2\/users\/1"}],"replies":[{"embeddable":true,"href":"https:\/\/eldigitaldeasturias.com\/magazine365\/wp-json\/wp\/v2\/comments?post=60098"}],"version-history":[{"count":0,"href":"https:\/\/eldigitaldeasturias.com\/magazine365\/wp-json\/wp\/v2\/posts\/60098\/revisions"}],"wp:featuredmedia":[{"embeddable":true,"href":"https:\/\/eldigitaldeasturias.com\/magazine365\/wp-json\/wp\/v2\/media\/60099"}],"wp:attachment":[{"href":"https:\/\/eldigitaldeasturias.com\/magazine365\/wp-json\/wp\/v2\/media?parent=60098"}],"wp:term":[{"taxonomy":"category","embeddable":true,"href":"https:\/\/eldigitaldeasturias.com\/magazine365\/wp-json\/wp\/v2\/categories?post=60098"},{"taxonomy":"post_tag","embeddable":true,"href":"https:\/\/eldigitaldeasturias.com\/magazine365\/wp-json\/wp\/v2\/tags?post=60098"}],"curies":[{"name":"wp","href":"https:\/\/api.w.org\/{rel}","templated":true}]}}