{"id":60077,"date":"2016-01-11T00:00:57","date_gmt":"2016-01-10T23:00:57","guid":{"rendered":"http:\/\/eldigitaldeasturias.com\/magazine365\/?p=60077"},"modified":"2016-01-11T00:00:57","modified_gmt":"2016-01-10T23:00:57","slug":"puerto-de-motril-destaca-la-oportunidad-de-desarrollo-que-supondra-la-nueva-linea-de-mercancias-con-tanger","status":"publish","type":"post","link":"https:\/\/eldigitaldeasturias.com\/magazine365\/puerto-de-motril-destaca-la-oportunidad-de-desarrollo-que-supondra-la-nueva-linea-de-mercancias-con-tanger\/","title":{"rendered":"Puerto de Motril destaca \u00abla oportunidad de desarrollo\u00bb que supondr\u00e1 la nueva l\u00ednea de mercanc\u00edas con T\u00e1nger"},"content":{"rendered":"<p><img decoding=\"async\" class=\"alignleft size-medium wp-image-60078\" src=\"https:\/\/eldigitaldeasturias.com\/magazine365\/wp-content\/uploads\/2016\/01\/fotonoticia_20160108171442_800-360x132.jpg\" alt=\"fotonoticia_20160108171442_800\" width=\"360\" height=\"132\" srcset=\"https:\/\/eldigitaldeasturias.com\/magazine365\/wp-content\/uploads\/2016\/01\/fotonoticia_20160108171442_800-360x132.jpg 360w, https:\/\/eldigitaldeasturias.com\/magazine365\/wp-content\/uploads\/2016\/01\/fotonoticia_20160108171442_800-650x238.jpg 650w, https:\/\/eldigitaldeasturias.com\/magazine365\/wp-content\/uploads\/2016\/01\/fotonoticia_20160108171442_800-768x281.jpg 768w, https:\/\/eldigitaldeasturias.com\/magazine365\/wp-content\/uploads\/2016\/01\/fotonoticia_20160108171442_800-150x55.jpg 150w, https:\/\/eldigitaldeasturias.com\/magazine365\/wp-content\/uploads\/2016\/01\/fotonoticia_20160108171442_800-450x165.jpg 450w, https:\/\/eldigitaldeasturias.com\/magazine365\/wp-content\/uploads\/2016\/01\/fotonoticia_20160108171442_800-696x255.jpg 696w, https:\/\/eldigitaldeasturias.com\/magazine365\/wp-content\/uploads\/2016\/01\/fotonoticia_20160108171442_800.jpg 800w\" sizes=\"(max-width: 360px) 100vw, 360px\" \/>El presidente de la Autoridad Portuaria de Motril (Granada), Francisco \u00c1lvarez de la Chica, ha calificado de \u00abhist\u00f3rico\u00bb el anuncio de una nueva l\u00ednea mar\u00edtima regular de mercanc\u00edas entre la d\u00e1rsena motrile\u00f1a y T\u00e1nger y afirma que se trata de \u00abuna de las oportunidades de desarrollo m\u00e1s importantes de los \u00faltimos a\u00f1os\u00bb.<\/p>\n<p>Para \u00c1lvarez de la Chica \u00abtodo lo que suponga mejorar las conexiones para la log\u00edstica y el transporte vendr\u00e1 a consolidar, de forma muy significativa, el crecimiento y la generaci\u00f3n de empleo\u00bb y ha incidido en la \u00abposibilidad de negocio\u00bb que se le abre a las empresas de la costa y las situadas en el hinterland del Puerto de Motril, de las que depender\u00e1 la \u00abconsolidaci\u00f3n\u00bb y potenciaci\u00f3n\u00bb de esta nueva conexi\u00f3n con Marruecos.<\/p>\n<p>La ruta mar\u00edtima que unir\u00e1 los puertos de Motril y T\u00e1nger Med ser\u00e1 inaugurada durante la segunda quincena de enero con el buque de FRS Kattegat, que operar\u00e1 con una rotaci\u00f3n diaria, y ser\u00e1 una nueva opci\u00f3n de conectividad para los profesionales del sector log\u00edstico con intereses entre Europa y \u00c1frica.<\/p>\n<p>La naviera FRS ha fijado su nuevo objetivo comercial en Motril por la posici\u00f3n estrat\u00e9gica del Puerto, sus instalaciones y conectividad, ya que los clientes podr\u00e1n reducir el kilometraje del transporte en carretera, lo que aporta un extra de comodidad y el abaratamiento de costes.<\/p>\n<p>Durante los pr\u00f3ximos d\u00edas se concretar\u00e1 la fecha exacta de inicio de operaciones, aunque ya se sabe que el horario tendr\u00e1 la salida a las 11,00 horas desde Motril y la vuelta desde T\u00e1nger MED a las 00,00 horas.<\/p>\n<p>REPERCUSI\u00d3N ECON\u00d3MICA Y COMERCIAL<\/p>\n<p>La alcaldesa de Motril, Flor Alm\u00f3n, ha destacado por su parte el gran trabajo realizado por la Autoridad Portuaria de Motril para hacer realidad el establecimiento de esta l\u00ednea regular entre Motril y la ciudad marroqu\u00ed de T\u00e1nger por parte de la naviera alemana.<\/p>\n<p>Alm\u00f3n ha afirmado que la puesta en marcha de este servicio es una gran noticia \u00abno s\u00f3lo para la ciudad sino para toda la provincia de Granada, sobre todo por su repercusi\u00f3n econ\u00f3mica, tur\u00edstica y comercial\u00bb.<\/p>\n<p>Ha se\u00f1alado en un comunicado que la l\u00ednea de transporte, tanto de mercanc\u00edas como la futura l\u00ednea de pasajeros, con T\u00e1nger supone \u00abotro paso m\u00e1s en el desarrollo del Puerto y en la generaci\u00f3n de puestos de trabajo\u00bb.<\/p>\n<p>\u00abLa implantaci\u00f3n de la l\u00ednea regular de transporte con T\u00e1nger facilitar\u00e1 el transporte de mercanc\u00edas entre Europa y el norte de \u00c1frica. Esta circunstancia convierte a Motril en un lugar estrat\u00e9gico en la actividad comercial entre los dos continentes cuyos movimientos contribuir\u00e1n a crear empleo y mejorar la econom\u00eda motrile\u00f1a\u00bb, ha argumentado.<\/p>\n<p>La alcaldesa ha subrayado los pasos dados por la Autoridad Portuaria en sus planes de expansi\u00f3n y diversificaci\u00f3n econ\u00f3mica de la d\u00e1rsena y ha afirmado que este trabajo supone \u00abun formidable est\u00edmulo para el resto de empresas motrile\u00f1as, que pueden aprovecharse de las nuevas posibilidades y rutas comerciales que est\u00e1 abriendo la Autoridad Portuaria\u00bb.<\/p>\n<p>Flor Alm\u00f3n ha considerado fundamental en el futuro comercial y tur\u00edstico de Motril la implantaci\u00f3n de la l\u00ednea con T\u00e1nger y ha concluido mostrando su apoyo a la Autoridad Portuaria y su papel de dinamizador de la econom\u00eda de la costa.<\/p>\n","protected":false},"excerpt":{"rendered":"<p>El presidente de la Autoridad Portuaria de Motril (Granada), Francisco \u00c1lvarez de la Chica, ha calificado de \u00abhist\u00f3rico\u00bb el anuncio de una nueva l\u00ednea mar\u00edtima regular de mercanc\u00edas entre la d\u00e1rsena motrile\u00f1a y T\u00e1nger y afirma que se trata de \u00abuna de las oportunidades de desarrollo m\u00e1s importantes de los \u00faltimos a\u00f1os\u00bb. Para \u00c1lvarez de<\/p>\n","protected":false},"author":1,"featured_media":60078,"comment_status":"open","ping_status":"closed","sticky":false,"template":"","format":"standard","meta":{"footnotes":""},"categories":[224],"tags":[],"class_list":{"0":"post-60077","1":"post","2":"type-post","3":"status-publish","4":"format-standard","5":"has-post-thumbnail","7":"category-noticias-actualidad"},"aioseo_notices":[],"aioseo_head":"\n\t\t<!-- All in One SEO Pro 4.9.6.1 - aioseo.com -->\n\t<meta name=\"description\" content=\"El presidente de la Autoridad Portuaria de Motril (Granada), Francisco \u00c1lvarez de la Chica, ha calificado de &quot;hist\u00f3rico&quot; el anuncio de una nueva l\u00ednea mar\u00edtima regular de mercanc\u00edas entre la d\u00e1rsena motrile\u00f1a y T\u00e1nger y afirma que se trata de &quot;una de las oportunidades de desarrollo m\u00e1s importantes de los \u00faltimos a\u00f1os&quot;. Para \u00c1lvarez de\" \/>\n\t<meta name=\"robots\" content=\"max-image-preview:large\" \/>\n\t<meta name=\"author\" content=\"admin\"\/>\n\t<meta name=\"google-site-verification\" content=\"UA-38556648-1\" \/>\n\t<meta name=\"keywords\" content=\"noticias y actualidad\" \/>\n\t<link rel=\"canonical\" href=\"https:\/\/eldigitaldeasturias.com\/magazine365\/puerto-de-motril-destaca-la-oportunidad-de-desarrollo-que-supondra-la-nueva-linea-de-mercancias-con-tanger\/\" \/>\n\t<meta name=\"generator\" content=\"All in One SEO Pro (AIOSEO) 4.9.6.1\" \/>\n\t\t<meta property=\"og:locale\" content=\"es_ES\" \/>\n\t\t<meta property=\"og:site_name\" content=\"El Digital de Asturias \u2013 Revista de ocio, turismo y estilo de vida\" \/>\n\t\t<meta property=\"og:type\" content=\"article\" \/>\n\t\t<meta property=\"og:title\" content=\"Puerto de Motril destaca \u00abla oportunidad de desarrollo\u00bb que supondr\u00e1 la nueva l\u00ednea de mercanc\u00edas con T\u00e1nger | El Digital de Asturias\" \/>\n\t\t<meta property=\"og:description\" content=\"El presidente de la Autoridad Portuaria de Motril (Granada), Francisco \u00c1lvarez de la Chica, ha calificado de &quot;hist\u00f3rico&quot; el anuncio de una nueva l\u00ednea mar\u00edtima regular de mercanc\u00edas entre la d\u00e1rsena motrile\u00f1a y T\u00e1nger y afirma que se trata de &quot;una de las oportunidades de desarrollo m\u00e1s importantes de los \u00faltimos a\u00f1os&quot;. Para \u00c1lvarez de\" \/>\n\t\t<meta property=\"og:url\" content=\"https:\/\/eldigitaldeasturias.com\/magazine365\/puerto-de-motril-destaca-la-oportunidad-de-desarrollo-que-supondra-la-nueva-linea-de-mercancias-con-tanger\/\" \/>\n\t\t<meta property=\"og:image\" content=\"https:\/\/eldigitaldeasturias.com\/magazine365\/wp-content\/uploads\/2016\/01\/fotonoticia_20160108171442_800.jpg\" \/>\n\t\t<meta property=\"og:image:secure_url\" content=\"https:\/\/eldigitaldeasturias.com\/magazine365\/wp-content\/uploads\/2016\/01\/fotonoticia_20160108171442_800.jpg\" \/>\n\t\t<meta property=\"og:image:width\" content=\"800\" \/>\n\t\t<meta property=\"og:image:height\" content=\"293\" \/>\n\t\t<meta property=\"article:published_time\" content=\"2016-01-10T23:00:57+00:00\" \/>\n\t\t<meta property=\"article:modified_time\" content=\"2016-01-10T23:00:57+00:00\" \/>\n\t\t<meta name=\"twitter:card\" content=\"summary_large_image\" \/>\n\t\t<meta name=\"twitter:title\" content=\"Puerto de Motril destaca \u00abla oportunidad de desarrollo\u00bb que supondr\u00e1 la nueva l\u00ednea de mercanc\u00edas con T\u00e1nger | El Digital de Asturias\" \/>\n\t\t<meta name=\"twitter:description\" content=\"El presidente de la Autoridad Portuaria de Motril (Granada), Francisco \u00c1lvarez de la Chica, ha calificado de &quot;hist\u00f3rico&quot; el anuncio de una nueva l\u00ednea mar\u00edtima regular de mercanc\u00edas entre la d\u00e1rsena motrile\u00f1a y T\u00e1nger y afirma que se trata de &quot;una de las oportunidades de desarrollo m\u00e1s importantes de los \u00faltimos a\u00f1os&quot;. Para \u00c1lvarez de\" \/>\n\t\t<meta name=\"twitter:image\" content=\"https:\/\/eldigitaldeasturias.com\/magazine365\/wp-content\/uploads\/2016\/01\/fotonoticia_20160108171442_800.jpg\" \/>\n\t\t<script type=\"application\/ld+json\" class=\"aioseo-schema\">\n\t\t\t{\"@context\":\"https:\\\/\\\/schema.org\",\"@graph\":[{\"@type\":\"Article\",\"@id\":\"https:\\\/\\\/eldigitaldeasturias.com\\\/magazine365\\\/puerto-de-motril-destaca-la-oportunidad-de-desarrollo-que-supondra-la-nueva-linea-de-mercancias-con-tanger\\\/#article\",\"name\":\"Puerto de Motril destaca \\u00abla oportunidad de desarrollo\\u00bb que supondr\\u00e1 la nueva l\\u00ednea de mercanc\\u00edas con T\\u00e1nger | El Digital de Asturias\",\"headline\":\"Puerto de Motril destaca \\u00abla oportunidad de desarrollo\\u00bb que supondr\\u00e1 la nueva l\\u00ednea de mercanc\\u00edas con T\\u00e1nger\",\"author\":{\"@id\":\"https:\\\/\\\/eldigitaldeasturias.com\\\/magazine365\\\/author\\\/admin\\\/#author\"},\"publisher\":{\"@id\":\"https:\\\/\\\/eldigitaldeasturias.com\\\/magazine365\\\/#organization\"},\"image\":{\"@type\":\"ImageObject\",\"url\":\"https:\\\/\\\/eldigitaldeasturias.com\\\/magazine365\\\/wp-content\\\/uploads\\\/2016\\\/01\\\/fotonoticia_20160108171442_800.jpg\",\"width\":800,\"height\":293},\"datePublished\":\"2016-01-11T00:00:57+01:00\",\"dateModified\":\"2016-01-11T00:00:57+01:00\",\"inLanguage\":\"es-ES\",\"mainEntityOfPage\":{\"@id\":\"https:\\\/\\\/eldigitaldeasturias.com\\\/magazine365\\\/puerto-de-motril-destaca-la-oportunidad-de-desarrollo-que-supondra-la-nueva-linea-de-mercancias-con-tanger\\\/#webpage\"},\"isPartOf\":{\"@id\":\"https:\\\/\\\/eldigitaldeasturias.com\\\/magazine365\\\/puerto-de-motril-destaca-la-oportunidad-de-desarrollo-que-supondra-la-nueva-linea-de-mercancias-con-tanger\\\/#webpage\"},\"articleSection\":\"Noticias y Actualidad\"},{\"@type\":\"BreadcrumbList\",\"@id\":\"https:\\\/\\\/eldigitaldeasturias.com\\\/magazine365\\\/puerto-de-motril-destaca-la-oportunidad-de-desarrollo-que-supondra-la-nueva-linea-de-mercancias-con-tanger\\\/#breadcrumblist\",\"itemListElement\":[{\"@type\":\"ListItem\",\"@id\":\"https:\\\/\\\/eldigitaldeasturias.com\\\/magazine365#listItem\",\"position\":1,\"name\":\"Home\",\"item\":\"https:\\\/\\\/eldigitaldeasturias.com\\\/magazine365\",\"nextItem\":{\"@type\":\"ListItem\",\"@id\":\"https:\\\/\\\/eldigitaldeasturias.com\\\/magazine365\\\/category\\\/noticias-actualidad\\\/#listItem\",\"name\":\"Noticias y Actualidad\"}},{\"@type\":\"ListItem\",\"@id\":\"https:\\\/\\\/eldigitaldeasturias.com\\\/magazine365\\\/category\\\/noticias-actualidad\\\/#listItem\",\"position\":2,\"name\":\"Noticias y Actualidad\",\"item\":\"https:\\\/\\\/eldigitaldeasturias.com\\\/magazine365\\\/category\\\/noticias-actualidad\\\/\",\"nextItem\":{\"@type\":\"ListItem\",\"@id\":\"https:\\\/\\\/eldigitaldeasturias.com\\\/magazine365\\\/puerto-de-motril-destaca-la-oportunidad-de-desarrollo-que-supondra-la-nueva-linea-de-mercancias-con-tanger\\\/#listItem\",\"name\":\"Puerto de Motril destaca \\u00abla oportunidad de desarrollo\\u00bb que supondr\\u00e1 la nueva l\\u00ednea de mercanc\\u00edas con T\\u00e1nger\"},\"previousItem\":{\"@type\":\"ListItem\",\"@id\":\"https:\\\/\\\/eldigitaldeasturias.com\\\/magazine365#listItem\",\"name\":\"Home\"}},{\"@type\":\"ListItem\",\"@id\":\"https:\\\/\\\/eldigitaldeasturias.com\\\/magazine365\\\/puerto-de-motril-destaca-la-oportunidad-de-desarrollo-que-supondra-la-nueva-linea-de-mercancias-con-tanger\\\/#listItem\",\"position\":3,\"name\":\"Puerto de Motril destaca \\u00abla oportunidad de desarrollo\\u00bb que supondr\\u00e1 la nueva l\\u00ednea de mercanc\\u00edas con T\\u00e1nger\",\"previousItem\":{\"@type\":\"ListItem\",\"@id\":\"https:\\\/\\\/eldigitaldeasturias.com\\\/magazine365\\\/category\\\/noticias-actualidad\\\/#listItem\",\"name\":\"Noticias y Actualidad\"}}]},{\"@type\":\"Organization\",\"@id\":\"https:\\\/\\\/eldigitaldeasturias.com\\\/magazine365\\\/#organization\",\"name\":\"El digital de Asturias\",\"description\":\"Revista de ocio, turismo y estilo de vida\",\"url\":\"https:\\\/\\\/eldigitaldeasturias.com\\\/magazine365\\\/\",\"logo\":{\"@type\":\"ImageObject\",\"url\":\"https:\\\/\\\/www.eldigitaldeasturias.com\\\/noticias\\\/wp-content\\\/uploads\\\/2020\\\/12\\\/EDA.jpg\",\"@id\":\"https:\\\/\\\/eldigitaldeasturias.com\\\/magazine365\\\/puerto-de-motril-destaca-la-oportunidad-de-desarrollo-que-supondra-la-nueva-linea-de-mercancias-con-tanger\\\/#organizationLogo\"},\"image\":{\"@id\":\"https:\\\/\\\/eldigitaldeasturias.com\\\/magazine365\\\/puerto-de-motril-destaca-la-oportunidad-de-desarrollo-que-supondra-la-nueva-linea-de-mercancias-con-tanger\\\/#organizationLogo\"}},{\"@type\":\"Person\",\"@id\":\"https:\\\/\\\/eldigitaldeasturias.com\\\/magazine365\\\/author\\\/admin\\\/#author\",\"url\":\"https:\\\/\\\/eldigitaldeasturias.com\\\/magazine365\\\/author\\\/admin\\\/\",\"name\":\"admin\",\"image\":{\"@type\":\"ImageObject\",\"@id\":\"https:\\\/\\\/eldigitaldeasturias.com\\\/magazine365\\\/puerto-de-motril-destaca-la-oportunidad-de-desarrollo-que-supondra-la-nueva-linea-de-mercancias-con-tanger\\\/#authorImage\",\"url\":\"https:\\\/\\\/eldigitaldeasturias.com\\\/magazine365\\\/wp-content\\\/litespeed\\\/avatar\\\/e571bcf59a0edd6fa6838245a470f2fe.jpg?ver=1777574230\",\"width\":96,\"height\":96,\"caption\":\"admin\"}},{\"@type\":\"WebPage\",\"@id\":\"https:\\\/\\\/eldigitaldeasturias.com\\\/magazine365\\\/puerto-de-motril-destaca-la-oportunidad-de-desarrollo-que-supondra-la-nueva-linea-de-mercancias-con-tanger\\\/#webpage\",\"url\":\"https:\\\/\\\/eldigitaldeasturias.com\\\/magazine365\\\/puerto-de-motril-destaca-la-oportunidad-de-desarrollo-que-supondra-la-nueva-linea-de-mercancias-con-tanger\\\/\",\"name\":\"Puerto de Motril destaca \\u00abla oportunidad de desarrollo\\u00bb que supondr\\u00e1 la nueva l\\u00ednea de mercanc\\u00edas con T\\u00e1nger | El Digital de Asturias\",\"description\":\"El presidente de la Autoridad Portuaria de Motril (Granada), Francisco \\u00c1lvarez de la Chica, ha calificado de \\\"hist\\u00f3rico\\\" el anuncio de una nueva l\\u00ednea mar\\u00edtima regular de mercanc\\u00edas entre la d\\u00e1rsena motrile\\u00f1a y T\\u00e1nger y afirma que se trata de \\\"una de las oportunidades de desarrollo m\\u00e1s importantes de los \\u00faltimos a\\u00f1os\\\". Para \\u00c1lvarez de\",\"inLanguage\":\"es-ES\",\"isPartOf\":{\"@id\":\"https:\\\/\\\/eldigitaldeasturias.com\\\/magazine365\\\/#website\"},\"breadcrumb\":{\"@id\":\"https:\\\/\\\/eldigitaldeasturias.com\\\/magazine365\\\/puerto-de-motril-destaca-la-oportunidad-de-desarrollo-que-supondra-la-nueva-linea-de-mercancias-con-tanger\\\/#breadcrumblist\"},\"author\":{\"@id\":\"https:\\\/\\\/eldigitaldeasturias.com\\\/magazine365\\\/author\\\/admin\\\/#author\"},\"creator\":{\"@id\":\"https:\\\/\\\/eldigitaldeasturias.com\\\/magazine365\\\/author\\\/admin\\\/#author\"},\"image\":{\"@type\":\"ImageObject\",\"url\":\"https:\\\/\\\/eldigitaldeasturias.com\\\/magazine365\\\/wp-content\\\/uploads\\\/2016\\\/01\\\/fotonoticia_20160108171442_800.jpg\",\"@id\":\"https:\\\/\\\/eldigitaldeasturias.com\\\/magazine365\\\/puerto-de-motril-destaca-la-oportunidad-de-desarrollo-que-supondra-la-nueva-linea-de-mercancias-con-tanger\\\/#mainImage\",\"width\":800,\"height\":293},\"primaryImageOfPage\":{\"@id\":\"https:\\\/\\\/eldigitaldeasturias.com\\\/magazine365\\\/puerto-de-motril-destaca-la-oportunidad-de-desarrollo-que-supondra-la-nueva-linea-de-mercancias-con-tanger\\\/#mainImage\"},\"datePublished\":\"2016-01-11T00:00:57+01:00\",\"dateModified\":\"2016-01-11T00:00:57+01:00\"},{\"@type\":\"WebSite\",\"@id\":\"https:\\\/\\\/eldigitaldeasturias.com\\\/magazine365\\\/#website\",\"url\":\"https:\\\/\\\/eldigitaldeasturias.com\\\/magazine365\\\/\",\"name\":\"El Digital de Asturias\",\"description\":\"Revista de ocio, turismo y estilo de vida\",\"inLanguage\":\"es-ES\",\"publisher\":{\"@id\":\"https:\\\/\\\/eldigitaldeasturias.com\\\/magazine365\\\/#organization\"}}]}\n\t\t<\/script>\n\t\t<!-- All in One SEO Pro -->\r\n\t\t<title>Puerto de Motril destaca \u00abla oportunidad de desarrollo\u00bb que supondr\u00e1 la nueva l\u00ednea de mercanc\u00edas con T\u00e1nger | El Digital de Asturias<\/title>\n\n","aioseo_head_json":{"title":"Puerto de Motril destaca \u00abla oportunidad de desarrollo\u00bb que supondr\u00e1 la nueva l\u00ednea de mercanc\u00edas con T\u00e1nger | El Digital de Asturias","description":"El presidente de la Autoridad Portuaria de Motril (Granada), Francisco \u00c1lvarez de la Chica, ha calificado de \"hist\u00f3rico\" el anuncio de una nueva l\u00ednea mar\u00edtima regular de mercanc\u00edas entre la d\u00e1rsena motrile\u00f1a y T\u00e1nger y afirma que se trata de \"una de las oportunidades de desarrollo m\u00e1s importantes de los \u00faltimos a\u00f1os\". Para \u00c1lvarez de","canonical_url":"https:\/\/eldigitaldeasturias.com\/magazine365\/puerto-de-motril-destaca-la-oportunidad-de-desarrollo-que-supondra-la-nueva-linea-de-mercancias-con-tanger\/","robots":"max-image-preview:large","keywords":"noticias y actualidad","webmasterTools":{"google-site-verification":"UA-38556648-1","miscellaneous":""},"schema":{"@context":"https:\/\/schema.org","@graph":[{"@type":"Article","@id":"https:\/\/eldigitaldeasturias.com\/magazine365\/puerto-de-motril-destaca-la-oportunidad-de-desarrollo-que-supondra-la-nueva-linea-de-mercancias-con-tanger\/#article","name":"Puerto de Motril destaca \u00abla oportunidad de desarrollo\u00bb que supondr\u00e1 la nueva l\u00ednea de mercanc\u00edas con T\u00e1nger | El Digital de Asturias","headline":"Puerto de Motril destaca \u00abla oportunidad de desarrollo\u00bb que supondr\u00e1 la nueva l\u00ednea de mercanc\u00edas con T\u00e1nger","author":{"@id":"https:\/\/eldigitaldeasturias.com\/magazine365\/author\/admin\/#author"},"publisher":{"@id":"https:\/\/eldigitaldeasturias.com\/magazine365\/#organization"},"image":{"@type":"ImageObject","url":"https:\/\/eldigitaldeasturias.com\/magazine365\/wp-content\/uploads\/2016\/01\/fotonoticia_20160108171442_800.jpg","width":800,"height":293},"datePublished":"2016-01-11T00:00:57+01:00","dateModified":"2016-01-11T00:00:57+01:00","inLanguage":"es-ES","mainEntityOfPage":{"@id":"https:\/\/eldigitaldeasturias.com\/magazine365\/puerto-de-motril-destaca-la-oportunidad-de-desarrollo-que-supondra-la-nueva-linea-de-mercancias-con-tanger\/#webpage"},"isPartOf":{"@id":"https:\/\/eldigitaldeasturias.com\/magazine365\/puerto-de-motril-destaca-la-oportunidad-de-desarrollo-que-supondra-la-nueva-linea-de-mercancias-con-tanger\/#webpage"},"articleSection":"Noticias y Actualidad"},{"@type":"BreadcrumbList","@id":"https:\/\/eldigitaldeasturias.com\/magazine365\/puerto-de-motril-destaca-la-oportunidad-de-desarrollo-que-supondra-la-nueva-linea-de-mercancias-con-tanger\/#breadcrumblist","itemListElement":[{"@type":"ListItem","@id":"https:\/\/eldigitaldeasturias.com\/magazine365#listItem","position":1,"name":"Home","item":"https:\/\/eldigitaldeasturias.com\/magazine365","nextItem":{"@type":"ListItem","@id":"https:\/\/eldigitaldeasturias.com\/magazine365\/category\/noticias-actualidad\/#listItem","name":"Noticias y Actualidad"}},{"@type":"ListItem","@id":"https:\/\/eldigitaldeasturias.com\/magazine365\/category\/noticias-actualidad\/#listItem","position":2,"name":"Noticias y Actualidad","item":"https:\/\/eldigitaldeasturias.com\/magazine365\/category\/noticias-actualidad\/","nextItem":{"@type":"ListItem","@id":"https:\/\/eldigitaldeasturias.com\/magazine365\/puerto-de-motril-destaca-la-oportunidad-de-desarrollo-que-supondra-la-nueva-linea-de-mercancias-con-tanger\/#listItem","name":"Puerto de Motril destaca \u00abla oportunidad de desarrollo\u00bb que supondr\u00e1 la nueva l\u00ednea de mercanc\u00edas con T\u00e1nger"},"previousItem":{"@type":"ListItem","@id":"https:\/\/eldigitaldeasturias.com\/magazine365#listItem","name":"Home"}},{"@type":"ListItem","@id":"https:\/\/eldigitaldeasturias.com\/magazine365\/puerto-de-motril-destaca-la-oportunidad-de-desarrollo-que-supondra-la-nueva-linea-de-mercancias-con-tanger\/#listItem","position":3,"name":"Puerto de Motril destaca \u00abla oportunidad de desarrollo\u00bb que supondr\u00e1 la nueva l\u00ednea de mercanc\u00edas con T\u00e1nger","previousItem":{"@type":"ListItem","@id":"https:\/\/eldigitaldeasturias.com\/magazine365\/category\/noticias-actualidad\/#listItem","name":"Noticias y Actualidad"}}]},{"@type":"Organization","@id":"https:\/\/eldigitaldeasturias.com\/magazine365\/#organization","name":"El digital de Asturias","description":"Revista de ocio, turismo y estilo de vida","url":"https:\/\/eldigitaldeasturias.com\/magazine365\/","logo":{"@type":"ImageObject","url":"https:\/\/www.eldigitaldeasturias.com\/noticias\/wp-content\/uploads\/2020\/12\/EDA.jpg","@id":"https:\/\/eldigitaldeasturias.com\/magazine365\/puerto-de-motril-destaca-la-oportunidad-de-desarrollo-que-supondra-la-nueva-linea-de-mercancias-con-tanger\/#organizationLogo"},"image":{"@id":"https:\/\/eldigitaldeasturias.com\/magazine365\/puerto-de-motril-destaca-la-oportunidad-de-desarrollo-que-supondra-la-nueva-linea-de-mercancias-con-tanger\/#organizationLogo"}},{"@type":"Person","@id":"https:\/\/eldigitaldeasturias.com\/magazine365\/author\/admin\/#author","url":"https:\/\/eldigitaldeasturias.com\/magazine365\/author\/admin\/","name":"admin","image":{"@type":"ImageObject","@id":"https:\/\/eldigitaldeasturias.com\/magazine365\/puerto-de-motril-destaca-la-oportunidad-de-desarrollo-que-supondra-la-nueva-linea-de-mercancias-con-tanger\/#authorImage","url":"https:\/\/eldigitaldeasturias.com\/magazine365\/wp-content\/litespeed\/avatar\/e571bcf59a0edd6fa6838245a470f2fe.jpg?ver=1777574230","width":96,"height":96,"caption":"admin"}},{"@type":"WebPage","@id":"https:\/\/eldigitaldeasturias.com\/magazine365\/puerto-de-motril-destaca-la-oportunidad-de-desarrollo-que-supondra-la-nueva-linea-de-mercancias-con-tanger\/#webpage","url":"https:\/\/eldigitaldeasturias.com\/magazine365\/puerto-de-motril-destaca-la-oportunidad-de-desarrollo-que-supondra-la-nueva-linea-de-mercancias-con-tanger\/","name":"Puerto de Motril destaca \u00abla oportunidad de desarrollo\u00bb que supondr\u00e1 la nueva l\u00ednea de mercanc\u00edas con T\u00e1nger | El Digital de Asturias","description":"El presidente de la Autoridad Portuaria de Motril (Granada), Francisco \u00c1lvarez de la Chica, ha calificado de \"hist\u00f3rico\" el anuncio de una nueva l\u00ednea mar\u00edtima regular de mercanc\u00edas entre la d\u00e1rsena motrile\u00f1a y T\u00e1nger y afirma que se trata de \"una de las oportunidades de desarrollo m\u00e1s importantes de los \u00faltimos a\u00f1os\". Para \u00c1lvarez de","inLanguage":"es-ES","isPartOf":{"@id":"https:\/\/eldigitaldeasturias.com\/magazine365\/#website"},"breadcrumb":{"@id":"https:\/\/eldigitaldeasturias.com\/magazine365\/puerto-de-motril-destaca-la-oportunidad-de-desarrollo-que-supondra-la-nueva-linea-de-mercancias-con-tanger\/#breadcrumblist"},"author":{"@id":"https:\/\/eldigitaldeasturias.com\/magazine365\/author\/admin\/#author"},"creator":{"@id":"https:\/\/eldigitaldeasturias.com\/magazine365\/author\/admin\/#author"},"image":{"@type":"ImageObject","url":"https:\/\/eldigitaldeasturias.com\/magazine365\/wp-content\/uploads\/2016\/01\/fotonoticia_20160108171442_800.jpg","@id":"https:\/\/eldigitaldeasturias.com\/magazine365\/puerto-de-motril-destaca-la-oportunidad-de-desarrollo-que-supondra-la-nueva-linea-de-mercancias-con-tanger\/#mainImage","width":800,"height":293},"primaryImageOfPage":{"@id":"https:\/\/eldigitaldeasturias.com\/magazine365\/puerto-de-motril-destaca-la-oportunidad-de-desarrollo-que-supondra-la-nueva-linea-de-mercancias-con-tanger\/#mainImage"},"datePublished":"2016-01-11T00:00:57+01:00","dateModified":"2016-01-11T00:00:57+01:00"},{"@type":"WebSite","@id":"https:\/\/eldigitaldeasturias.com\/magazine365\/#website","url":"https:\/\/eldigitaldeasturias.com\/magazine365\/","name":"El Digital de Asturias","description":"Revista de ocio, turismo y estilo de vida","inLanguage":"es-ES","publisher":{"@id":"https:\/\/eldigitaldeasturias.com\/magazine365\/#organization"}}]},"og:locale":"es_ES","og:site_name":"El Digital de Asturias \u2013 Revista de ocio, turismo y estilo de vida","og:type":"article","og:title":"Puerto de Motril destaca \u00abla oportunidad de desarrollo\u00bb que supondr\u00e1 la nueva l\u00ednea de mercanc\u00edas con T\u00e1nger | El Digital de Asturias","og:description":"El presidente de la Autoridad Portuaria de Motril (Granada), Francisco \u00c1lvarez de la Chica, ha calificado de &quot;hist\u00f3rico&quot; el anuncio de una nueva l\u00ednea mar\u00edtima regular de mercanc\u00edas entre la d\u00e1rsena motrile\u00f1a y T\u00e1nger y afirma que se trata de &quot;una de las oportunidades de desarrollo m\u00e1s importantes de los \u00faltimos a\u00f1os&quot;. Para \u00c1lvarez de","og:url":"https:\/\/eldigitaldeasturias.com\/magazine365\/puerto-de-motril-destaca-la-oportunidad-de-desarrollo-que-supondra-la-nueva-linea-de-mercancias-con-tanger\/","og:image":"https:\/\/eldigitaldeasturias.com\/magazine365\/wp-content\/uploads\/2016\/01\/fotonoticia_20160108171442_800.jpg","og:image:secure_url":"https:\/\/eldigitaldeasturias.com\/magazine365\/wp-content\/uploads\/2016\/01\/fotonoticia_20160108171442_800.jpg","og:image:width":800,"og:image:height":293,"article:published_time":"2016-01-10T23:00:57+00:00","article:modified_time":"2016-01-10T23:00:57+00:00","twitter:card":"summary_large_image","twitter:title":"Puerto de Motril destaca \u00abla oportunidad de desarrollo\u00bb que supondr\u00e1 la nueva l\u00ednea de mercanc\u00edas con T\u00e1nger | El Digital de Asturias","twitter:description":"El presidente de la Autoridad Portuaria de Motril (Granada), Francisco \u00c1lvarez de la Chica, ha calificado de &quot;hist\u00f3rico&quot; el anuncio de una nueva l\u00ednea mar\u00edtima regular de mercanc\u00edas entre la d\u00e1rsena motrile\u00f1a y T\u00e1nger y afirma que se trata de &quot;una de las oportunidades de desarrollo m\u00e1s importantes de los \u00faltimos a\u00f1os&quot;. Para \u00c1lvarez de","twitter:image":"https:\/\/eldigitaldeasturias.com\/magazine365\/wp-content\/uploads\/2016\/01\/fotonoticia_20160108171442_800.jpg"},"aioseo_meta_data":{"post_id":"60077","title":null,"description":null,"keywords":null,"keyphrases":null,"primary_term":null,"canonical_url":null,"og_title":null,"og_description":null,"og_object_type":"default","og_image_type":"default","og_image_url":null,"og_image_width":null,"og_image_height":null,"og_image_custom_url":null,"og_image_custom_fields":null,"og_video":null,"og_custom_url":null,"og_article_section":null,"og_article_tags":null,"twitter_use_og":false,"twitter_card":"default","twitter_image_type":"default","twitter_image_url":null,"twitter_image_custom_url":null,"twitter_image_custom_fields":null,"twitter_title":null,"twitter_description":null,"schema":{"blockGraphs":[],"customGraphs":[],"default":{"data":{"Article":[],"Course":[],"Dataset":[],"FAQPage":[],"Movie":[],"Person":[],"Product":[],"ProductReview":[],"Car":[],"Recipe":[],"Service":[],"SoftwareApplication":[],"WebPage":[]},"graphName":"","isEnabled":true},"graphs":[],"defaultGraph":"","defaultPostTypeGraph":""},"schema_type":null,"schema_type_options":null,"pillar_content":false,"robots_default":true,"robots_noindex":false,"robots_noarchive":false,"robots_nosnippet":false,"robots_nofollow":false,"robots_noimageindex":false,"robots_noodp":false,"robots_notranslate":false,"robots_max_snippet":null,"robots_max_videopreview":null,"robots_max_imagepreview":"large","priority":null,"frequency":null,"location":null,"local_seo":null,"seo_analyzer_scan_date":"2025-09-25 06:13:19","breadcrumb_settings":null,"limit_modified_date":false,"open_ai":null,"ai":null,"created":"2021-03-08 22:06:04","updated":"2025-09-25 06:13:19"},"aioseo_breadcrumb":"<div class=\"aioseo-breadcrumbs\"><span class=\"aioseo-breadcrumb\">\n\t<a href=\"https:\/\/eldigitaldeasturias.com\/magazine365\" title=\"Home\">Home<\/a>\n<\/span><span class=\"aioseo-breadcrumb-separator\">\u2013<\/span><span class=\"aioseo-breadcrumb\">\n\t<a href=\"https:\/\/eldigitaldeasturias.com\/magazine365\/category\/noticias-actualidad\/\" title=\"Noticias y Actualidad\">Noticias y Actualidad<\/a>\n<\/span><span class=\"aioseo-breadcrumb-separator\">\u2013<\/span><span class=\"aioseo-breadcrumb\">\n\t<a href=\"https:\/\/eldigitaldeasturias.com\/magazine365\/puerto-de-motril-destaca-la-oportunidad-de-desarrollo-que-supondra-la-nueva-linea-de-mercancias-con-tanger\/\" title=\"Puerto de Motril destaca \u00abla oportunidad de desarrollo\u00bb que supondr\u00e1 la nueva l\u00ednea de mercanc\u00edas con T\u00e1nger\">Puerto de Motril destaca \u00abla oportunidad de desarrollo\u00bb que supondr\u00e1 la nueva l\u00ednea de mercanc\u00edas con T\u00e1nger<\/a>\n<\/span><\/div>","aioseo_breadcrumb_json":[{"label":"Home","link":"https:\/\/eldigitaldeasturias.com\/magazine365"},{"label":"Noticias y Actualidad","link":"https:\/\/eldigitaldeasturias.com\/magazine365\/category\/noticias-actualidad\/"},{"label":"Puerto de Motril destaca \u00abla oportunidad de desarrollo\u00bb que supondr\u00e1 la nueva l\u00ednea de mercanc\u00edas con T\u00e1nger","link":"https:\/\/eldigitaldeasturias.com\/magazine365\/puerto-de-motril-destaca-la-oportunidad-de-desarrollo-que-supondra-la-nueva-linea-de-mercancias-con-tanger\/"}],"_links":{"self":[{"href":"https:\/\/eldigitaldeasturias.com\/magazine365\/wp-json\/wp\/v2\/posts\/60077","targetHints":{"allow":["GET"]}}],"collection":[{"href":"https:\/\/eldigitaldeasturias.com\/magazine365\/wp-json\/wp\/v2\/posts"}],"about":[{"href":"https:\/\/eldigitaldeasturias.com\/magazine365\/wp-json\/wp\/v2\/types\/post"}],"author":[{"embeddable":true,"href":"https:\/\/eldigitaldeasturias.com\/magazine365\/wp-json\/wp\/v2\/users\/1"}],"replies":[{"embeddable":true,"href":"https:\/\/eldigitaldeasturias.com\/magazine365\/wp-json\/wp\/v2\/comments?post=60077"}],"version-history":[{"count":0,"href":"https:\/\/eldigitaldeasturias.com\/magazine365\/wp-json\/wp\/v2\/posts\/60077\/revisions"}],"wp:featuredmedia":[{"embeddable":true,"href":"https:\/\/eldigitaldeasturias.com\/magazine365\/wp-json\/wp\/v2\/media\/60078"}],"wp:attachment":[{"href":"https:\/\/eldigitaldeasturias.com\/magazine365\/wp-json\/wp\/v2\/media?parent=60077"}],"wp:term":[{"taxonomy":"category","embeddable":true,"href":"https:\/\/eldigitaldeasturias.com\/magazine365\/wp-json\/wp\/v2\/categories?post=60077"},{"taxonomy":"post_tag","embeddable":true,"href":"https:\/\/eldigitaldeasturias.com\/magazine365\/wp-json\/wp\/v2\/tags?post=60077"}],"curies":[{"name":"wp","href":"https:\/\/api.w.org\/{rel}","templated":true}]}}