{"id":60074,"date":"2016-01-11T00:00:05","date_gmt":"2016-01-10T23:00:05","guid":{"rendered":"http:\/\/eldigitaldeasturias.com\/magazine365\/?p=60074"},"modified":"2016-01-11T00:00:05","modified_gmt":"2016-01-10T23:00:05","slug":"una-nueva-linea-maritima-de-la-naviera-frs-unira-motril-y-tanger-desde-la-segunda-quincena-de-enero","status":"publish","type":"post","link":"https:\/\/eldigitaldeasturias.com\/magazine365\/una-nueva-linea-maritima-de-la-naviera-frs-unira-motril-y-tanger-desde-la-segunda-quincena-de-enero\/","title":{"rendered":"Una nueva l\u00ednea mar\u00edtima de la naviera FRS unir\u00e1 Motril y T\u00e1nger desde la segunda quincena de enero"},"content":{"rendered":"<p><img fetchpriority=\"high\" decoding=\"async\" class=\"alignleft size-medium wp-image-60075\" src=\"https:\/\/eldigitaldeasturias.com\/magazine365\/wp-content\/uploads\/2016\/01\/fotonoticia_20160108171323_800-360x209.jpg\" alt=\"fotonoticia_20160108171323_800\" width=\"360\" height=\"209\" srcset=\"https:\/\/eldigitaldeasturias.com\/magazine365\/wp-content\/uploads\/2016\/01\/fotonoticia_20160108171323_800-360x209.jpg 360w, https:\/\/eldigitaldeasturias.com\/magazine365\/wp-content\/uploads\/2016\/01\/fotonoticia_20160108171323_800-650x378.jpg 650w, https:\/\/eldigitaldeasturias.com\/magazine365\/wp-content\/uploads\/2016\/01\/fotonoticia_20160108171323_800-768x446.jpg 768w, https:\/\/eldigitaldeasturias.com\/magazine365\/wp-content\/uploads\/2016\/01\/fotonoticia_20160108171323_800-150x87.jpg 150w, https:\/\/eldigitaldeasturias.com\/magazine365\/wp-content\/uploads\/2016\/01\/fotonoticia_20160108171323_800-450x262.jpg 450w, https:\/\/eldigitaldeasturias.com\/magazine365\/wp-content\/uploads\/2016\/01\/fotonoticia_20160108171323_800-696x405.jpg 696w, https:\/\/eldigitaldeasturias.com\/magazine365\/wp-content\/uploads\/2016\/01\/fotonoticia_20160108171323_800-723x420.jpg 723w, https:\/\/eldigitaldeasturias.com\/magazine365\/wp-content\/uploads\/2016\/01\/fotonoticia_20160108171323_800-172x100.jpg 172w, https:\/\/eldigitaldeasturias.com\/magazine365\/wp-content\/uploads\/2016\/01\/fotonoticia_20160108171323_800.jpg 800w\" sizes=\"(max-width: 360px) 100vw, 360px\" \/>La naviera FRS comenzar\u00e1 a operar a partir de la segunda quincena de enero una nueva l\u00ednea mar\u00edtima de pasajeros y mercanc\u00edas entre Motril (Granada) y T\u00e1nger (Marruecos) con una rotaci\u00f3n diaria, lo que ofrecer\u00e1 una nueva opci\u00f3n de conectividad a los profesionales del sector log\u00edstico con intereses entre Europa y \u00c1frica.<\/p>\n<p>El trayecto Motril-T\u00e1nger Med tendr\u00e1 una duraci\u00f3n estimada de entre siete y ocho horas y lo har\u00e1 el buque de FRS Kattegat, seg\u00fan informa la naviera en un comunicado.<\/p>\n<p>Siendo Motril el puerto andaluz m\u00e1s cercano a la capital espa\u00f1ola y con un acceso directo a la Autov\u00eda del Mediterr\u00e1neo (A-7), FRS plantea esta nueva conexi\u00f3n como una alternativa \u00abde gran inter\u00e9s\u00bb para los operadores.<\/p>\n<p>\u00abSi a la posici\u00f3n estrat\u00e9gica del Puerto de Motril, sus excelentes instalaciones y conectividad, le a\u00f1adimos que el transit time desde Motril hasta T\u00e1nger MED ser\u00e1 el mismo que para transportes que usen la l\u00ednea de Algeciras-T\u00e1nger MED, en FRS creemos que estamos ofreciendo una nueva posibilidad muy interesante para nuestros clientes de carga; ya que podr\u00e1n reducir el kilometraje del transporte en carretera, lo que aporta un extra de comodidad y abaratamiento de costes\u00bb, explica en la nota Jos\u00e9 Carlos Delgado, el responsable de la nueva ruta.<\/p>\n<p>La naviera FRS es ya una referencia en el Estrecho de Gibraltar por el transporte de carga y por los m\u00e1s de 1.700.000 pasajeros y los 400.000 veh\u00edculos que transporta cada a\u00f1o en el Estrecho. \u00abNuestros clientes pueden esperar los altos est\u00e1ndares de calidad, servicio y seguridad por los que FRS es conocido, tambi\u00e9n, en esta nueva ruta\u00bb, asegura Delgado.<\/p>\n<p>Durante los pr\u00f3ximos d\u00edas se concretar\u00e1 la fecha exacta de inicio de operaciones, cuyo horario tendr\u00e1 la salida a las 11,00 horas desde Motril y vuelta desde T\u00e1nger MED a las 00,00 horas.<\/p>\n","protected":false},"excerpt":{"rendered":"<p>La naviera FRS comenzar\u00e1 a operar a partir de la segunda quincena de enero una nueva l\u00ednea mar\u00edtima de pasajeros y mercanc\u00edas entre Motril (Granada) y T\u00e1nger (Marruecos) con una rotaci\u00f3n diaria, lo que ofrecer\u00e1 una nueva opci\u00f3n de conectividad a los profesionales del sector log\u00edstico con intereses entre Europa y \u00c1frica. El trayecto Motril-T\u00e1nger<\/p>\n","protected":false},"author":1,"featured_media":60075,"comment_status":"open","ping_status":"closed","sticky":false,"template":"","format":"standard","meta":{"footnotes":""},"categories":[224],"tags":[],"class_list":{"0":"post-60074","1":"post","2":"type-post","3":"status-publish","4":"format-standard","5":"has-post-thumbnail","7":"category-noticias-actualidad"},"aioseo_notices":[],"aioseo_head":"\n\t\t<!-- All in One SEO Pro 4.9.6.1 - aioseo.com -->\n\t<meta name=\"description\" content=\"La naviera FRS comenzar\u00e1 a operar a partir de la segunda quincena de enero una nueva l\u00ednea mar\u00edtima de pasajeros y mercanc\u00edas entre Motril (Granada) y T\u00e1nger (Marruecos) con una rotaci\u00f3n diaria, lo que ofrecer\u00e1 una nueva opci\u00f3n de conectividad a los profesionales del sector log\u00edstico con intereses entre Europa y \u00c1frica. El trayecto Motril-T\u00e1nger\" \/>\n\t<meta name=\"robots\" content=\"max-image-preview:large\" \/>\n\t<meta name=\"author\" content=\"admin\"\/>\n\t<meta name=\"google-site-verification\" content=\"UA-38556648-1\" \/>\n\t<meta name=\"keywords\" content=\"noticias y actualidad\" \/>\n\t<link rel=\"canonical\" href=\"https:\/\/eldigitaldeasturias.com\/magazine365\/una-nueva-linea-maritima-de-la-naviera-frs-unira-motril-y-tanger-desde-la-segunda-quincena-de-enero\/\" \/>\n\t<meta name=\"generator\" content=\"All in One SEO Pro (AIOSEO) 4.9.6.1\" \/>\n\t\t<meta property=\"og:locale\" content=\"es_ES\" \/>\n\t\t<meta property=\"og:site_name\" content=\"El Digital de Asturias \u2013 Revista de ocio, turismo y estilo de vida\" \/>\n\t\t<meta property=\"og:type\" content=\"article\" \/>\n\t\t<meta property=\"og:title\" content=\"Una nueva l\u00ednea mar\u00edtima de la naviera FRS unir\u00e1 Motril y T\u00e1nger desde la segunda quincena de enero | El Digital de Asturias\" \/>\n\t\t<meta property=\"og:description\" content=\"La naviera FRS comenzar\u00e1 a operar a partir de la segunda quincena de enero una nueva l\u00ednea mar\u00edtima de pasajeros y mercanc\u00edas entre Motril (Granada) y T\u00e1nger (Marruecos) con una rotaci\u00f3n diaria, lo que ofrecer\u00e1 una nueva opci\u00f3n de conectividad a los profesionales del sector log\u00edstico con intereses entre Europa y \u00c1frica. El trayecto Motril-T\u00e1nger\" \/>\n\t\t<meta property=\"og:url\" content=\"https:\/\/eldigitaldeasturias.com\/magazine365\/una-nueva-linea-maritima-de-la-naviera-frs-unira-motril-y-tanger-desde-la-segunda-quincena-de-enero\/\" \/>\n\t\t<meta property=\"og:image\" content=\"https:\/\/eldigitaldeasturias.com\/magazine365\/wp-content\/uploads\/2016\/01\/fotonoticia_20160108171323_800.jpg\" \/>\n\t\t<meta property=\"og:image:secure_url\" content=\"https:\/\/eldigitaldeasturias.com\/magazine365\/wp-content\/uploads\/2016\/01\/fotonoticia_20160108171323_800.jpg\" \/>\n\t\t<meta property=\"og:image:width\" content=\"800\" \/>\n\t\t<meta property=\"og:image:height\" content=\"465\" \/>\n\t\t<meta property=\"article:published_time\" content=\"2016-01-10T23:00:05+00:00\" \/>\n\t\t<meta property=\"article:modified_time\" content=\"2016-01-10T23:00:05+00:00\" \/>\n\t\t<meta name=\"twitter:card\" content=\"summary_large_image\" \/>\n\t\t<meta name=\"twitter:title\" content=\"Una nueva l\u00ednea mar\u00edtima de la naviera FRS unir\u00e1 Motril y T\u00e1nger desde la segunda quincena de enero | El Digital de Asturias\" \/>\n\t\t<meta name=\"twitter:description\" content=\"La naviera FRS comenzar\u00e1 a operar a partir de la segunda quincena de enero una nueva l\u00ednea mar\u00edtima de pasajeros y mercanc\u00edas entre Motril (Granada) y T\u00e1nger (Marruecos) con una rotaci\u00f3n diaria, lo que ofrecer\u00e1 una nueva opci\u00f3n de conectividad a los profesionales del sector log\u00edstico con intereses entre Europa y \u00c1frica. El trayecto Motril-T\u00e1nger\" \/>\n\t\t<meta name=\"twitter:image\" content=\"https:\/\/eldigitaldeasturias.com\/magazine365\/wp-content\/uploads\/2016\/01\/fotonoticia_20160108171323_800.jpg\" \/>\n\t\t<script type=\"application\/ld+json\" class=\"aioseo-schema\">\n\t\t\t{\"@context\":\"https:\\\/\\\/schema.org\",\"@graph\":[{\"@type\":\"Article\",\"@id\":\"https:\\\/\\\/eldigitaldeasturias.com\\\/magazine365\\\/una-nueva-linea-maritima-de-la-naviera-frs-unira-motril-y-tanger-desde-la-segunda-quincena-de-enero\\\/#article\",\"name\":\"Una nueva l\\u00ednea mar\\u00edtima de la naviera FRS unir\\u00e1 Motril y T\\u00e1nger desde la segunda quincena de enero | El Digital de Asturias\",\"headline\":\"Una nueva l\\u00ednea mar\\u00edtima de la naviera FRS unir\\u00e1 Motril y T\\u00e1nger desde la segunda quincena de enero\",\"author\":{\"@id\":\"https:\\\/\\\/eldigitaldeasturias.com\\\/magazine365\\\/author\\\/admin\\\/#author\"},\"publisher\":{\"@id\":\"https:\\\/\\\/eldigitaldeasturias.com\\\/magazine365\\\/#organization\"},\"image\":{\"@type\":\"ImageObject\",\"url\":\"https:\\\/\\\/eldigitaldeasturias.com\\\/magazine365\\\/wp-content\\\/uploads\\\/2016\\\/01\\\/fotonoticia_20160108171323_800.jpg\",\"width\":800,\"height\":465},\"datePublished\":\"2016-01-11T00:00:05+01:00\",\"dateModified\":\"2016-01-11T00:00:05+01:00\",\"inLanguage\":\"es-ES\",\"mainEntityOfPage\":{\"@id\":\"https:\\\/\\\/eldigitaldeasturias.com\\\/magazine365\\\/una-nueva-linea-maritima-de-la-naviera-frs-unira-motril-y-tanger-desde-la-segunda-quincena-de-enero\\\/#webpage\"},\"isPartOf\":{\"@id\":\"https:\\\/\\\/eldigitaldeasturias.com\\\/magazine365\\\/una-nueva-linea-maritima-de-la-naviera-frs-unira-motril-y-tanger-desde-la-segunda-quincena-de-enero\\\/#webpage\"},\"articleSection\":\"Noticias y Actualidad\"},{\"@type\":\"BreadcrumbList\",\"@id\":\"https:\\\/\\\/eldigitaldeasturias.com\\\/magazine365\\\/una-nueva-linea-maritima-de-la-naviera-frs-unira-motril-y-tanger-desde-la-segunda-quincena-de-enero\\\/#breadcrumblist\",\"itemListElement\":[{\"@type\":\"ListItem\",\"@id\":\"https:\\\/\\\/eldigitaldeasturias.com\\\/magazine365#listItem\",\"position\":1,\"name\":\"Home\",\"item\":\"https:\\\/\\\/eldigitaldeasturias.com\\\/magazine365\",\"nextItem\":{\"@type\":\"ListItem\",\"@id\":\"https:\\\/\\\/eldigitaldeasturias.com\\\/magazine365\\\/category\\\/noticias-actualidad\\\/#listItem\",\"name\":\"Noticias y Actualidad\"}},{\"@type\":\"ListItem\",\"@id\":\"https:\\\/\\\/eldigitaldeasturias.com\\\/magazine365\\\/category\\\/noticias-actualidad\\\/#listItem\",\"position\":2,\"name\":\"Noticias y Actualidad\",\"item\":\"https:\\\/\\\/eldigitaldeasturias.com\\\/magazine365\\\/category\\\/noticias-actualidad\\\/\",\"nextItem\":{\"@type\":\"ListItem\",\"@id\":\"https:\\\/\\\/eldigitaldeasturias.com\\\/magazine365\\\/una-nueva-linea-maritima-de-la-naviera-frs-unira-motril-y-tanger-desde-la-segunda-quincena-de-enero\\\/#listItem\",\"name\":\"Una nueva l\\u00ednea mar\\u00edtima de la naviera FRS unir\\u00e1 Motril y T\\u00e1nger desde la segunda quincena de enero\"},\"previousItem\":{\"@type\":\"ListItem\",\"@id\":\"https:\\\/\\\/eldigitaldeasturias.com\\\/magazine365#listItem\",\"name\":\"Home\"}},{\"@type\":\"ListItem\",\"@id\":\"https:\\\/\\\/eldigitaldeasturias.com\\\/magazine365\\\/una-nueva-linea-maritima-de-la-naviera-frs-unira-motril-y-tanger-desde-la-segunda-quincena-de-enero\\\/#listItem\",\"position\":3,\"name\":\"Una nueva l\\u00ednea mar\\u00edtima de la naviera FRS unir\\u00e1 Motril y T\\u00e1nger desde la segunda quincena de enero\",\"previousItem\":{\"@type\":\"ListItem\",\"@id\":\"https:\\\/\\\/eldigitaldeasturias.com\\\/magazine365\\\/category\\\/noticias-actualidad\\\/#listItem\",\"name\":\"Noticias y Actualidad\"}}]},{\"@type\":\"Organization\",\"@id\":\"https:\\\/\\\/eldigitaldeasturias.com\\\/magazine365\\\/#organization\",\"name\":\"El digital de Asturias\",\"description\":\"Revista de ocio, turismo y estilo de vida\",\"url\":\"https:\\\/\\\/eldigitaldeasturias.com\\\/magazine365\\\/\",\"logo\":{\"@type\":\"ImageObject\",\"url\":\"https:\\\/\\\/www.eldigitaldeasturias.com\\\/noticias\\\/wp-content\\\/uploads\\\/2020\\\/12\\\/EDA.jpg\",\"@id\":\"https:\\\/\\\/eldigitaldeasturias.com\\\/magazine365\\\/una-nueva-linea-maritima-de-la-naviera-frs-unira-motril-y-tanger-desde-la-segunda-quincena-de-enero\\\/#organizationLogo\"},\"image\":{\"@id\":\"https:\\\/\\\/eldigitaldeasturias.com\\\/magazine365\\\/una-nueva-linea-maritima-de-la-naviera-frs-unira-motril-y-tanger-desde-la-segunda-quincena-de-enero\\\/#organizationLogo\"}},{\"@type\":\"Person\",\"@id\":\"https:\\\/\\\/eldigitaldeasturias.com\\\/magazine365\\\/author\\\/admin\\\/#author\",\"url\":\"https:\\\/\\\/eldigitaldeasturias.com\\\/magazine365\\\/author\\\/admin\\\/\",\"name\":\"admin\",\"image\":{\"@type\":\"ImageObject\",\"@id\":\"https:\\\/\\\/eldigitaldeasturias.com\\\/magazine365\\\/una-nueva-linea-maritima-de-la-naviera-frs-unira-motril-y-tanger-desde-la-segunda-quincena-de-enero\\\/#authorImage\",\"url\":\"https:\\\/\\\/eldigitaldeasturias.com\\\/magazine365\\\/wp-content\\\/litespeed\\\/avatar\\\/e571bcf59a0edd6fa6838245a470f2fe.jpg?ver=1777574230\",\"width\":96,\"height\":96,\"caption\":\"admin\"}},{\"@type\":\"WebPage\",\"@id\":\"https:\\\/\\\/eldigitaldeasturias.com\\\/magazine365\\\/una-nueva-linea-maritima-de-la-naviera-frs-unira-motril-y-tanger-desde-la-segunda-quincena-de-enero\\\/#webpage\",\"url\":\"https:\\\/\\\/eldigitaldeasturias.com\\\/magazine365\\\/una-nueva-linea-maritima-de-la-naviera-frs-unira-motril-y-tanger-desde-la-segunda-quincena-de-enero\\\/\",\"name\":\"Una nueva l\\u00ednea mar\\u00edtima de la naviera FRS unir\\u00e1 Motril y T\\u00e1nger desde la segunda quincena de enero | El Digital de Asturias\",\"description\":\"La naviera FRS comenzar\\u00e1 a operar a partir de la segunda quincena de enero una nueva l\\u00ednea mar\\u00edtima de pasajeros y mercanc\\u00edas entre Motril (Granada) y T\\u00e1nger (Marruecos) con una rotaci\\u00f3n diaria, lo que ofrecer\\u00e1 una nueva opci\\u00f3n de conectividad a los profesionales del sector log\\u00edstico con intereses entre Europa y \\u00c1frica. El trayecto Motril-T\\u00e1nger\",\"inLanguage\":\"es-ES\",\"isPartOf\":{\"@id\":\"https:\\\/\\\/eldigitaldeasturias.com\\\/magazine365\\\/#website\"},\"breadcrumb\":{\"@id\":\"https:\\\/\\\/eldigitaldeasturias.com\\\/magazine365\\\/una-nueva-linea-maritima-de-la-naviera-frs-unira-motril-y-tanger-desde-la-segunda-quincena-de-enero\\\/#breadcrumblist\"},\"author\":{\"@id\":\"https:\\\/\\\/eldigitaldeasturias.com\\\/magazine365\\\/author\\\/admin\\\/#author\"},\"creator\":{\"@id\":\"https:\\\/\\\/eldigitaldeasturias.com\\\/magazine365\\\/author\\\/admin\\\/#author\"},\"image\":{\"@type\":\"ImageObject\",\"url\":\"https:\\\/\\\/eldigitaldeasturias.com\\\/magazine365\\\/wp-content\\\/uploads\\\/2016\\\/01\\\/fotonoticia_20160108171323_800.jpg\",\"@id\":\"https:\\\/\\\/eldigitaldeasturias.com\\\/magazine365\\\/una-nueva-linea-maritima-de-la-naviera-frs-unira-motril-y-tanger-desde-la-segunda-quincena-de-enero\\\/#mainImage\",\"width\":800,\"height\":465},\"primaryImageOfPage\":{\"@id\":\"https:\\\/\\\/eldigitaldeasturias.com\\\/magazine365\\\/una-nueva-linea-maritima-de-la-naviera-frs-unira-motril-y-tanger-desde-la-segunda-quincena-de-enero\\\/#mainImage\"},\"datePublished\":\"2016-01-11T00:00:05+01:00\",\"dateModified\":\"2016-01-11T00:00:05+01:00\"},{\"@type\":\"WebSite\",\"@id\":\"https:\\\/\\\/eldigitaldeasturias.com\\\/magazine365\\\/#website\",\"url\":\"https:\\\/\\\/eldigitaldeasturias.com\\\/magazine365\\\/\",\"name\":\"El Digital de Asturias\",\"description\":\"Revista de ocio, turismo y estilo de vida\",\"inLanguage\":\"es-ES\",\"publisher\":{\"@id\":\"https:\\\/\\\/eldigitaldeasturias.com\\\/magazine365\\\/#organization\"}}]}\n\t\t<\/script>\n\t\t<!-- All in One SEO Pro -->\r\n\t\t<title>Una nueva l\u00ednea mar\u00edtima de la naviera FRS unir\u00e1 Motril y T\u00e1nger desde la segunda quincena de enero | El Digital de Asturias<\/title>\n\n","aioseo_head_json":{"title":"Una nueva l\u00ednea mar\u00edtima de la naviera FRS unir\u00e1 Motril y T\u00e1nger desde la segunda quincena de enero | El Digital de Asturias","description":"La naviera FRS comenzar\u00e1 a operar a partir de la segunda quincena de enero una nueva l\u00ednea mar\u00edtima de pasajeros y mercanc\u00edas entre Motril (Granada) y T\u00e1nger (Marruecos) con una rotaci\u00f3n diaria, lo que ofrecer\u00e1 una nueva opci\u00f3n de conectividad a los profesionales del sector log\u00edstico con intereses entre Europa y \u00c1frica. El trayecto Motril-T\u00e1nger","canonical_url":"https:\/\/eldigitaldeasturias.com\/magazine365\/una-nueva-linea-maritima-de-la-naviera-frs-unira-motril-y-tanger-desde-la-segunda-quincena-de-enero\/","robots":"max-image-preview:large","keywords":"noticias y actualidad","webmasterTools":{"google-site-verification":"UA-38556648-1","miscellaneous":""},"schema":{"@context":"https:\/\/schema.org","@graph":[{"@type":"Article","@id":"https:\/\/eldigitaldeasturias.com\/magazine365\/una-nueva-linea-maritima-de-la-naviera-frs-unira-motril-y-tanger-desde-la-segunda-quincena-de-enero\/#article","name":"Una nueva l\u00ednea mar\u00edtima de la naviera FRS unir\u00e1 Motril y T\u00e1nger desde la segunda quincena de enero | El Digital de Asturias","headline":"Una nueva l\u00ednea mar\u00edtima de la naviera FRS unir\u00e1 Motril y T\u00e1nger desde la segunda quincena de enero","author":{"@id":"https:\/\/eldigitaldeasturias.com\/magazine365\/author\/admin\/#author"},"publisher":{"@id":"https:\/\/eldigitaldeasturias.com\/magazine365\/#organization"},"image":{"@type":"ImageObject","url":"https:\/\/eldigitaldeasturias.com\/magazine365\/wp-content\/uploads\/2016\/01\/fotonoticia_20160108171323_800.jpg","width":800,"height":465},"datePublished":"2016-01-11T00:00:05+01:00","dateModified":"2016-01-11T00:00:05+01:00","inLanguage":"es-ES","mainEntityOfPage":{"@id":"https:\/\/eldigitaldeasturias.com\/magazine365\/una-nueva-linea-maritima-de-la-naviera-frs-unira-motril-y-tanger-desde-la-segunda-quincena-de-enero\/#webpage"},"isPartOf":{"@id":"https:\/\/eldigitaldeasturias.com\/magazine365\/una-nueva-linea-maritima-de-la-naviera-frs-unira-motril-y-tanger-desde-la-segunda-quincena-de-enero\/#webpage"},"articleSection":"Noticias y Actualidad"},{"@type":"BreadcrumbList","@id":"https:\/\/eldigitaldeasturias.com\/magazine365\/una-nueva-linea-maritima-de-la-naviera-frs-unira-motril-y-tanger-desde-la-segunda-quincena-de-enero\/#breadcrumblist","itemListElement":[{"@type":"ListItem","@id":"https:\/\/eldigitaldeasturias.com\/magazine365#listItem","position":1,"name":"Home","item":"https:\/\/eldigitaldeasturias.com\/magazine365","nextItem":{"@type":"ListItem","@id":"https:\/\/eldigitaldeasturias.com\/magazine365\/category\/noticias-actualidad\/#listItem","name":"Noticias y Actualidad"}},{"@type":"ListItem","@id":"https:\/\/eldigitaldeasturias.com\/magazine365\/category\/noticias-actualidad\/#listItem","position":2,"name":"Noticias y Actualidad","item":"https:\/\/eldigitaldeasturias.com\/magazine365\/category\/noticias-actualidad\/","nextItem":{"@type":"ListItem","@id":"https:\/\/eldigitaldeasturias.com\/magazine365\/una-nueva-linea-maritima-de-la-naviera-frs-unira-motril-y-tanger-desde-la-segunda-quincena-de-enero\/#listItem","name":"Una nueva l\u00ednea mar\u00edtima de la naviera FRS unir\u00e1 Motril y T\u00e1nger desde la segunda quincena de enero"},"previousItem":{"@type":"ListItem","@id":"https:\/\/eldigitaldeasturias.com\/magazine365#listItem","name":"Home"}},{"@type":"ListItem","@id":"https:\/\/eldigitaldeasturias.com\/magazine365\/una-nueva-linea-maritima-de-la-naviera-frs-unira-motril-y-tanger-desde-la-segunda-quincena-de-enero\/#listItem","position":3,"name":"Una nueva l\u00ednea mar\u00edtima de la naviera FRS unir\u00e1 Motril y T\u00e1nger desde la segunda quincena de enero","previousItem":{"@type":"ListItem","@id":"https:\/\/eldigitaldeasturias.com\/magazine365\/category\/noticias-actualidad\/#listItem","name":"Noticias y Actualidad"}}]},{"@type":"Organization","@id":"https:\/\/eldigitaldeasturias.com\/magazine365\/#organization","name":"El digital de Asturias","description":"Revista de ocio, turismo y estilo de vida","url":"https:\/\/eldigitaldeasturias.com\/magazine365\/","logo":{"@type":"ImageObject","url":"https:\/\/www.eldigitaldeasturias.com\/noticias\/wp-content\/uploads\/2020\/12\/EDA.jpg","@id":"https:\/\/eldigitaldeasturias.com\/magazine365\/una-nueva-linea-maritima-de-la-naviera-frs-unira-motril-y-tanger-desde-la-segunda-quincena-de-enero\/#organizationLogo"},"image":{"@id":"https:\/\/eldigitaldeasturias.com\/magazine365\/una-nueva-linea-maritima-de-la-naviera-frs-unira-motril-y-tanger-desde-la-segunda-quincena-de-enero\/#organizationLogo"}},{"@type":"Person","@id":"https:\/\/eldigitaldeasturias.com\/magazine365\/author\/admin\/#author","url":"https:\/\/eldigitaldeasturias.com\/magazine365\/author\/admin\/","name":"admin","image":{"@type":"ImageObject","@id":"https:\/\/eldigitaldeasturias.com\/magazine365\/una-nueva-linea-maritima-de-la-naviera-frs-unira-motril-y-tanger-desde-la-segunda-quincena-de-enero\/#authorImage","url":"https:\/\/eldigitaldeasturias.com\/magazine365\/wp-content\/litespeed\/avatar\/e571bcf59a0edd6fa6838245a470f2fe.jpg?ver=1777574230","width":96,"height":96,"caption":"admin"}},{"@type":"WebPage","@id":"https:\/\/eldigitaldeasturias.com\/magazine365\/una-nueva-linea-maritima-de-la-naviera-frs-unira-motril-y-tanger-desde-la-segunda-quincena-de-enero\/#webpage","url":"https:\/\/eldigitaldeasturias.com\/magazine365\/una-nueva-linea-maritima-de-la-naviera-frs-unira-motril-y-tanger-desde-la-segunda-quincena-de-enero\/","name":"Una nueva l\u00ednea mar\u00edtima de la naviera FRS unir\u00e1 Motril y T\u00e1nger desde la segunda quincena de enero | El Digital de Asturias","description":"La naviera FRS comenzar\u00e1 a operar a partir de la segunda quincena de enero una nueva l\u00ednea mar\u00edtima de pasajeros y mercanc\u00edas entre Motril (Granada) y T\u00e1nger (Marruecos) con una rotaci\u00f3n diaria, lo que ofrecer\u00e1 una nueva opci\u00f3n de conectividad a los profesionales del sector log\u00edstico con intereses entre Europa y \u00c1frica. El trayecto Motril-T\u00e1nger","inLanguage":"es-ES","isPartOf":{"@id":"https:\/\/eldigitaldeasturias.com\/magazine365\/#website"},"breadcrumb":{"@id":"https:\/\/eldigitaldeasturias.com\/magazine365\/una-nueva-linea-maritima-de-la-naviera-frs-unira-motril-y-tanger-desde-la-segunda-quincena-de-enero\/#breadcrumblist"},"author":{"@id":"https:\/\/eldigitaldeasturias.com\/magazine365\/author\/admin\/#author"},"creator":{"@id":"https:\/\/eldigitaldeasturias.com\/magazine365\/author\/admin\/#author"},"image":{"@type":"ImageObject","url":"https:\/\/eldigitaldeasturias.com\/magazine365\/wp-content\/uploads\/2016\/01\/fotonoticia_20160108171323_800.jpg","@id":"https:\/\/eldigitaldeasturias.com\/magazine365\/una-nueva-linea-maritima-de-la-naviera-frs-unira-motril-y-tanger-desde-la-segunda-quincena-de-enero\/#mainImage","width":800,"height":465},"primaryImageOfPage":{"@id":"https:\/\/eldigitaldeasturias.com\/magazine365\/una-nueva-linea-maritima-de-la-naviera-frs-unira-motril-y-tanger-desde-la-segunda-quincena-de-enero\/#mainImage"},"datePublished":"2016-01-11T00:00:05+01:00","dateModified":"2016-01-11T00:00:05+01:00"},{"@type":"WebSite","@id":"https:\/\/eldigitaldeasturias.com\/magazine365\/#website","url":"https:\/\/eldigitaldeasturias.com\/magazine365\/","name":"El Digital de Asturias","description":"Revista de ocio, turismo y estilo de vida","inLanguage":"es-ES","publisher":{"@id":"https:\/\/eldigitaldeasturias.com\/magazine365\/#organization"}}]},"og:locale":"es_ES","og:site_name":"El Digital de Asturias \u2013 Revista de ocio, turismo y estilo de vida","og:type":"article","og:title":"Una nueva l\u00ednea mar\u00edtima de la naviera FRS unir\u00e1 Motril y T\u00e1nger desde la segunda quincena de enero | El Digital de Asturias","og:description":"La naviera FRS comenzar\u00e1 a operar a partir de la segunda quincena de enero una nueva l\u00ednea mar\u00edtima de pasajeros y mercanc\u00edas entre Motril (Granada) y T\u00e1nger (Marruecos) con una rotaci\u00f3n diaria, lo que ofrecer\u00e1 una nueva opci\u00f3n de conectividad a los profesionales del sector log\u00edstico con intereses entre Europa y \u00c1frica. El trayecto Motril-T\u00e1nger","og:url":"https:\/\/eldigitaldeasturias.com\/magazine365\/una-nueva-linea-maritima-de-la-naviera-frs-unira-motril-y-tanger-desde-la-segunda-quincena-de-enero\/","og:image":"https:\/\/eldigitaldeasturias.com\/magazine365\/wp-content\/uploads\/2016\/01\/fotonoticia_20160108171323_800.jpg","og:image:secure_url":"https:\/\/eldigitaldeasturias.com\/magazine365\/wp-content\/uploads\/2016\/01\/fotonoticia_20160108171323_800.jpg","og:image:width":800,"og:image:height":465,"article:published_time":"2016-01-10T23:00:05+00:00","article:modified_time":"2016-01-10T23:00:05+00:00","twitter:card":"summary_large_image","twitter:title":"Una nueva l\u00ednea mar\u00edtima de la naviera FRS unir\u00e1 Motril y T\u00e1nger desde la segunda quincena de enero | El Digital de Asturias","twitter:description":"La naviera FRS comenzar\u00e1 a operar a partir de la segunda quincena de enero una nueva l\u00ednea mar\u00edtima de pasajeros y mercanc\u00edas entre Motril (Granada) y T\u00e1nger (Marruecos) con una rotaci\u00f3n diaria, lo que ofrecer\u00e1 una nueva opci\u00f3n de conectividad a los profesionales del sector log\u00edstico con intereses entre Europa y \u00c1frica. El trayecto Motril-T\u00e1nger","twitter:image":"https:\/\/eldigitaldeasturias.com\/magazine365\/wp-content\/uploads\/2016\/01\/fotonoticia_20160108171323_800.jpg"},"aioseo_meta_data":{"post_id":"60074","title":null,"description":null,"keywords":null,"keyphrases":null,"primary_term":null,"canonical_url":null,"og_title":null,"og_description":null,"og_object_type":"default","og_image_type":"default","og_image_url":null,"og_image_width":null,"og_image_height":null,"og_image_custom_url":null,"og_image_custom_fields":null,"og_video":null,"og_custom_url":null,"og_article_section":null,"og_article_tags":null,"twitter_use_og":false,"twitter_card":"default","twitter_image_type":"default","twitter_image_url":null,"twitter_image_custom_url":null,"twitter_image_custom_fields":null,"twitter_title":null,"twitter_description":null,"schema":{"blockGraphs":[],"customGraphs":[],"default":{"data":{"Article":[],"Course":[],"Dataset":[],"FAQPage":[],"Movie":[],"Person":[],"Product":[],"ProductReview":[],"Car":[],"Recipe":[],"Service":[],"SoftwareApplication":[],"WebPage":[]},"graphName":"","isEnabled":true},"graphs":[],"defaultGraph":"","defaultPostTypeGraph":""},"schema_type":null,"schema_type_options":null,"pillar_content":false,"robots_default":true,"robots_noindex":false,"robots_noarchive":false,"robots_nosnippet":false,"robots_nofollow":false,"robots_noimageindex":false,"robots_noodp":false,"robots_notranslate":false,"robots_max_snippet":null,"robots_max_videopreview":null,"robots_max_imagepreview":"large","priority":null,"frequency":null,"location":null,"local_seo":null,"seo_analyzer_scan_date":"2025-09-25 06:13:18","breadcrumb_settings":null,"limit_modified_date":false,"open_ai":null,"ai":null,"created":"2021-03-08 22:06:04","updated":"2025-09-25 06:13:18"},"aioseo_breadcrumb":"<div class=\"aioseo-breadcrumbs\"><span class=\"aioseo-breadcrumb\">\n\t<a href=\"https:\/\/eldigitaldeasturias.com\/magazine365\" title=\"Home\">Home<\/a>\n<\/span><span class=\"aioseo-breadcrumb-separator\">\u2013<\/span><span class=\"aioseo-breadcrumb\">\n\t<a href=\"https:\/\/eldigitaldeasturias.com\/magazine365\/category\/noticias-actualidad\/\" title=\"Noticias y Actualidad\">Noticias y Actualidad<\/a>\n<\/span><span class=\"aioseo-breadcrumb-separator\">\u2013<\/span><span class=\"aioseo-breadcrumb\">\n\t<a href=\"https:\/\/eldigitaldeasturias.com\/magazine365\/una-nueva-linea-maritima-de-la-naviera-frs-unira-motril-y-tanger-desde-la-segunda-quincena-de-enero\/\" title=\"Una nueva l\u00ednea mar\u00edtima de la naviera FRS unir\u00e1 Motril y T\u00e1nger desde la segunda quincena de enero\">Una nueva l\u00ednea mar\u00edtima de la naviera FRS unir\u00e1 Motril y T\u00e1nger desde la segunda quincena de enero<\/a>\n<\/span><\/div>","aioseo_breadcrumb_json":[{"label":"Home","link":"https:\/\/eldigitaldeasturias.com\/magazine365"},{"label":"Noticias y Actualidad","link":"https:\/\/eldigitaldeasturias.com\/magazine365\/category\/noticias-actualidad\/"},{"label":"Una nueva l\u00ednea mar\u00edtima de la naviera FRS unir\u00e1 Motril y T\u00e1nger desde la segunda quincena de enero","link":"https:\/\/eldigitaldeasturias.com\/magazine365\/una-nueva-linea-maritima-de-la-naviera-frs-unira-motril-y-tanger-desde-la-segunda-quincena-de-enero\/"}],"_links":{"self":[{"href":"https:\/\/eldigitaldeasturias.com\/magazine365\/wp-json\/wp\/v2\/posts\/60074","targetHints":{"allow":["GET"]}}],"collection":[{"href":"https:\/\/eldigitaldeasturias.com\/magazine365\/wp-json\/wp\/v2\/posts"}],"about":[{"href":"https:\/\/eldigitaldeasturias.com\/magazine365\/wp-json\/wp\/v2\/types\/post"}],"author":[{"embeddable":true,"href":"https:\/\/eldigitaldeasturias.com\/magazine365\/wp-json\/wp\/v2\/users\/1"}],"replies":[{"embeddable":true,"href":"https:\/\/eldigitaldeasturias.com\/magazine365\/wp-json\/wp\/v2\/comments?post=60074"}],"version-history":[{"count":0,"href":"https:\/\/eldigitaldeasturias.com\/magazine365\/wp-json\/wp\/v2\/posts\/60074\/revisions"}],"wp:featuredmedia":[{"embeddable":true,"href":"https:\/\/eldigitaldeasturias.com\/magazine365\/wp-json\/wp\/v2\/media\/60075"}],"wp:attachment":[{"href":"https:\/\/eldigitaldeasturias.com\/magazine365\/wp-json\/wp\/v2\/media?parent=60074"}],"wp:term":[{"taxonomy":"category","embeddable":true,"href":"https:\/\/eldigitaldeasturias.com\/magazine365\/wp-json\/wp\/v2\/categories?post=60074"},{"taxonomy":"post_tag","embeddable":true,"href":"https:\/\/eldigitaldeasturias.com\/magazine365\/wp-json\/wp\/v2\/tags?post=60074"}],"curies":[{"name":"wp","href":"https:\/\/api.w.org\/{rel}","templated":true}]}}