{"id":60068,"date":"2016-01-10T23:53:46","date_gmt":"2016-01-10T22:53:46","guid":{"rendered":"http:\/\/eldigitaldeasturias.com\/magazine365\/?p=60068"},"modified":"2016-01-10T23:53:46","modified_gmt":"2016-01-10T22:53:46","slug":"casi-la-mitad-del-presupuesto-de-la-agencia-valenciana-de-turismo-ira-a-proyectos-en-la-provincia-de-alicante","status":"publish","type":"post","link":"https:\/\/eldigitaldeasturias.com\/magazine365\/casi-la-mitad-del-presupuesto-de-la-agencia-valenciana-de-turismo-ira-a-proyectos-en-la-provincia-de-alicante\/","title":{"rendered":"Casi la mitad del presupuesto de la Agencia Valenciana de Turismo ir\u00e1 a proyectos en la provincia de Alicante"},"content":{"rendered":"<p><img fetchpriority=\"high\" decoding=\"async\" class=\"alignleft size-medium wp-image-60069\" src=\"https:\/\/eldigitaldeasturias.com\/magazine365\/wp-content\/uploads\/2016\/01\/fotonoticia_20160108165605_800-360x240.jpg\" alt=\"fotonoticia_20160108165605_800\" width=\"360\" height=\"240\" srcset=\"https:\/\/eldigitaldeasturias.com\/magazine365\/wp-content\/uploads\/2016\/01\/fotonoticia_20160108165605_800-360x240.jpg 360w, https:\/\/eldigitaldeasturias.com\/magazine365\/wp-content\/uploads\/2016\/01\/fotonoticia_20160108165605_800-650x433.jpg 650w, https:\/\/eldigitaldeasturias.com\/magazine365\/wp-content\/uploads\/2016\/01\/fotonoticia_20160108165605_800-768x512.jpg 768w, https:\/\/eldigitaldeasturias.com\/magazine365\/wp-content\/uploads\/2016\/01\/fotonoticia_20160108165605_800-150x100.jpg 150w, https:\/\/eldigitaldeasturias.com\/magazine365\/wp-content\/uploads\/2016\/01\/fotonoticia_20160108165605_800-450x300.jpg 450w, https:\/\/eldigitaldeasturias.com\/magazine365\/wp-content\/uploads\/2016\/01\/fotonoticia_20160108165605_800-696x464.jpg 696w, https:\/\/eldigitaldeasturias.com\/magazine365\/wp-content\/uploads\/2016\/01\/fotonoticia_20160108165605_800-630x420.jpg 630w, https:\/\/eldigitaldeasturias.com\/magazine365\/wp-content\/uploads\/2016\/01\/fotonoticia_20160108165605_800-101x66.jpg 101w, https:\/\/eldigitaldeasturias.com\/magazine365\/wp-content\/uploads\/2016\/01\/fotonoticia_20160108165605_800.jpg 800w\" sizes=\"(max-width: 360px) 100vw, 360px\" \/>El secretario auton\u00f3mico de Turismo, Francesc Colomer, ha anunciado que alrededor del 45 por ciento del presupuesto de la Agencia Valenciana de Turismo se destinar\u00e1 a proyectos en la provincia de Alicante durante 2016, con una dotaci\u00f3n que se incrementa un 20 por ciento este a\u00f1o, con m\u00e1s de 38 millones de euros.<\/p>\n<p>Colomer ha presentado as\u00ed a los medios de comunicaci\u00f3n de Alicante el presupuesto y los principales proyectos de Turismo para 2016 en un desayuno informativo celebrado este viernes en la capital alicantina, seg\u00fan ha informado la Generalitat a trav\u00e9s de un comunicado.<\/p>\n<p>Durante el encuentro, el responsable de Turismo ha explicado que del presupuesto de la agencia, que \u00abse puede territorializar, pr\u00e1cticamente un 45 por ciento se destinar\u00e1 a proyectos en la provincia de Alicante\u00bb. Por \u00e1reas, para la coordinaci\u00f3n administrativa y para infraestructuras tur\u00edsticas se destinar\u00e1n 1,41 millones de euros.<\/p>\n<p>Entre los proyectos previstos, Colomer ha resaltado el programa de mejora de las infraestructuras tur\u00edsticas para las playas de la provincia alicantina. \u00abVamos a dar un nuevo impulso al litoral con una nueva generaci\u00f3n de infraestructuras para diferenciar y cualificar nuestra oferta de turismo de playa\u00bb, ha asegurado.<\/p>\n<p>Ha cuantificado la dotaci\u00f3n para la conservaci\u00f3n de las playas de Alicante en 370.000 euros en este ejercicio, sumados a la inversi\u00f3n de 665.000 euros en infraestructuras tur\u00edsticas de la provincia y de 360.000 euros para la puesta en marcha de la oficina Tourist Info Alicante.<\/p>\n<p>Respecto al presupuesto de marketing y comunicaci\u00f3n tur\u00edstica para la provincia, el secretario auton\u00f3mico ha a\u00f1adido que asciende a un total de 1,11 millones de euros. En esta \u00e1rea, ha destacado el presupuesto de 90.000 euros para acciones de promoci\u00f3n de productos tur\u00edsticos en la provincia, 572.000 euros para marketing colaborativo, o 100.000 euros para la adecuaci\u00f3n y mejora de la red Tourist Info de Alicante, entre otras partidas para la zona.<\/p>\n<p>La partida para Conocimiento e Inteligencia Tur\u00edstica en la provincia contar\u00e1 con un presupuesto de 2,55 millones de euros; el destinado al \u00e1rea de formaci\u00f3n y aceleraci\u00f3n empresarial ser\u00e1 de 2,66 millones de euros; y el presupuesto para competitividad tur\u00edstica se cifra en 300.000 euros.<\/p>\n<p>PLANES PARA LAS COMARCAS DE INTERIOR<\/p>\n<p>El responsable de la Agencia Valenciana de Turismo ha avanzado adem\u00e1s que \u00abtres de los diez planes estrat\u00e9gicos que realizar\u00e1 se har\u00e1n en la provincia de Alicante, con la colaboraci\u00f3n de la Diputaci\u00f3n y las mancomunidades\u00bb. En concreto, a lo largo de 2016 \u00abest\u00e1 previsto destinar 100.000 euros de inversi\u00f3n a las mancomunidades de Alcoia i Comptat, del valle del Vinalop\u00f3 y Vall de Pop\u00bb, respectivamente.<\/p>\n<p>Sobre estos proyectos, Colomer ha explicado que \u00abse trata de planes a tres a\u00f1os que estar\u00e1n centrados fundamentalmente en el interior\u00bb. \u00abCada euro que situemos en el interior repercute tambi\u00e9n en nuestro litoral\u00bb, ha aseverado.<\/p>\n<p>\u00abNUEVO MODELO DE TURISMO\u00bb<\/p>\n<p>En los proyectos tur\u00edsticos que desarrollar\u00e1 este a\u00f1o, ha se\u00f1alado que la Generalitat \u00abva a seguir un discurso inspirado en la lucha para romper el olvido, reivindicar la periferia y crear bases para vertebrar mejor la Comunitat\u00bb.<\/p>\n<p>Asimismo, Colomer ha asegurado que la dotaci\u00f3n presupuestaria de la agencia \u00abresponde a un nuevo modelo de turismo\u00bb, que \u00abse centrar\u00e1 en la recuperaci\u00f3n de la esencia lo que somos y apuesta por singularizar nuestra oferta tur\u00edstica, la cultura, el paisaje, el patrimonio y nuestras fiestas frente a la estandarizaci\u00f3n\u00bb.<\/p>\n<p>El secretario auton\u00f3mico ha destacado adem\u00e1s que el presupuesto \u00abprioriza la gesti\u00f3n de la industria tur\u00edstica y sus actores\u00bb, y est\u00e1 basado \u00aben la gobernanza colaborativa y la integraci\u00f3n del empresario, as\u00ed como en una visi\u00f3n del mercado en el dise\u00f1o de la estrategia futura del turismo de la Comunitat\u00bb.<\/p>\n<p>Con este objetivo, ha avanzado que se pondr\u00e1n en marcha mesas de trabajo de desarrollo de producto y diferentes grupos de innovaci\u00f3n con la Universitat de Val\u00e8ncia para \u00abtransferir conocimiento al sector\u00bb, junto a colaboraci\u00f3n con los empresarios y las C\u00e1maras de Comercio\u00bb.<\/p>\n<p>RETO DE MEJORAR LA RENTABILIDAD<\/p>\n<p>Durante la presentaci\u00f3n de los presupuestos, el presidente de la Agencia Valenciana de Turismo tambi\u00e9n ha resaltado que el reto del organismo para 2016 es \u00abmejorar la rentabilidad del negocio tur\u00edstico adem\u00e1s de desestacionalizar la oferta\u00bb.<\/p>\n<p>En esta l\u00ednea, Colomer ha anunciado que durante esta legislatura la Generalitat trabajar\u00e1 en un Plan de Espacios Tur\u00edsticos alrededor del paisaje y vertebraci\u00f3n del territorio, que \u00abser\u00e1 uno de los proyectos estrella de la legislatura, porque debemos identificar recursos de calidad de los territorios y todo aquello que aporte valor a la oferta y ofrezca atributos de singularidad debe transformarse en productos tur\u00edsticos\u00bb, ha reivindicado.<\/p>\n<p>El responsable de Turismo ha apuntado al respecto \u00abla firme apuesta de la Agencia Valenciana de Turismo por el turismo cultural\u00bb, por lo que ha avanzado que se impulsar\u00e1n \u00abrutas culturales y tem\u00e1ticas enfocadas a recuperar el relato hist\u00f3rico para atraer nuevos segmentos de demanda\u00bb.<\/p>\n<p>Adem\u00e1s, ha anunciado que otra de las apuestas del Consell es \u00abel impulso de un nuevo relato de turismo basado en valores\u00bb. \u00abAlicante es una provincia hospitalaria, abierta y accesible, por lo que debemos poner en valor un turismo inclusivo, sin fronteras y abierto a todos\u00bb, ha manifestado.<\/p>\n","protected":false},"excerpt":{"rendered":"<p>El secretario auton\u00f3mico de Turismo, Francesc Colomer, ha anunciado que alrededor del 45 por ciento del presupuesto de la Agencia Valenciana de Turismo se destinar\u00e1 a proyectos en la provincia de Alicante durante 2016, con una dotaci\u00f3n que se incrementa un 20 por ciento este a\u00f1o, con m\u00e1s de 38 millones de euros. Colomer ha<\/p>\n","protected":false},"author":1,"featured_media":60069,"comment_status":"open","ping_status":"closed","sticky":false,"template":"","format":"standard","meta":{"footnotes":""},"categories":[224],"tags":[],"class_list":{"0":"post-60068","1":"post","2":"type-post","3":"status-publish","4":"format-standard","5":"has-post-thumbnail","7":"category-noticias-actualidad"},"aioseo_notices":[],"aioseo_head":"\n\t\t<!-- All in One SEO Pro 4.9.6.1 - aioseo.com -->\n\t<meta name=\"description\" content=\"El secretario auton\u00f3mico de Turismo, Francesc Colomer, ha anunciado que alrededor del 45 por ciento del presupuesto de la Agencia Valenciana de Turismo se destinar\u00e1 a proyectos en la provincia de Alicante durante 2016, con una dotaci\u00f3n que se incrementa un 20 por ciento este a\u00f1o, con m\u00e1s de 38 millones de euros. Colomer ha\" \/>\n\t<meta name=\"robots\" content=\"max-image-preview:large\" \/>\n\t<meta name=\"author\" content=\"admin\"\/>\n\t<meta name=\"google-site-verification\" content=\"UA-38556648-1\" \/>\n\t<meta name=\"keywords\" content=\"noticias y actualidad\" \/>\n\t<link rel=\"canonical\" href=\"https:\/\/eldigitaldeasturias.com\/magazine365\/casi-la-mitad-del-presupuesto-de-la-agencia-valenciana-de-turismo-ira-a-proyectos-en-la-provincia-de-alicante\/\" \/>\n\t<meta name=\"generator\" content=\"All in One SEO Pro (AIOSEO) 4.9.6.1\" \/>\n\t\t<meta property=\"og:locale\" content=\"es_ES\" \/>\n\t\t<meta property=\"og:site_name\" content=\"El Digital de Asturias \u2013 Revista de ocio, turismo y estilo de vida\" \/>\n\t\t<meta property=\"og:type\" content=\"article\" \/>\n\t\t<meta property=\"og:title\" content=\"Casi la mitad del presupuesto de la Agencia Valenciana de Turismo ir\u00e1 a proyectos en la provincia de Alicante | El Digital de Asturias\" \/>\n\t\t<meta property=\"og:description\" content=\"El secretario auton\u00f3mico de Turismo, Francesc Colomer, ha anunciado que alrededor del 45 por ciento del presupuesto de la Agencia Valenciana de Turismo se destinar\u00e1 a proyectos en la provincia de Alicante durante 2016, con una dotaci\u00f3n que se incrementa un 20 por ciento este a\u00f1o, con m\u00e1s de 38 millones de euros. Colomer ha\" \/>\n\t\t<meta property=\"og:url\" content=\"https:\/\/eldigitaldeasturias.com\/magazine365\/casi-la-mitad-del-presupuesto-de-la-agencia-valenciana-de-turismo-ira-a-proyectos-en-la-provincia-de-alicante\/\" \/>\n\t\t<meta property=\"og:image\" content=\"https:\/\/eldigitaldeasturias.com\/magazine365\/wp-content\/uploads\/2016\/01\/fotonoticia_20160108165605_800.jpg\" \/>\n\t\t<meta property=\"og:image:secure_url\" content=\"https:\/\/eldigitaldeasturias.com\/magazine365\/wp-content\/uploads\/2016\/01\/fotonoticia_20160108165605_800.jpg\" \/>\n\t\t<meta property=\"og:image:width\" content=\"800\" \/>\n\t\t<meta property=\"og:image:height\" content=\"533\" \/>\n\t\t<meta property=\"article:published_time\" content=\"2016-01-10T22:53:46+00:00\" \/>\n\t\t<meta property=\"article:modified_time\" content=\"2016-01-10T22:53:46+00:00\" \/>\n\t\t<meta name=\"twitter:card\" content=\"summary_large_image\" \/>\n\t\t<meta name=\"twitter:title\" content=\"Casi la mitad del presupuesto de la Agencia Valenciana de Turismo ir\u00e1 a proyectos en la provincia de Alicante | El Digital de Asturias\" \/>\n\t\t<meta name=\"twitter:description\" content=\"El secretario auton\u00f3mico de Turismo, Francesc Colomer, ha anunciado que alrededor del 45 por ciento del presupuesto de la Agencia Valenciana de Turismo se destinar\u00e1 a proyectos en la provincia de Alicante durante 2016, con una dotaci\u00f3n que se incrementa un 20 por ciento este a\u00f1o, con m\u00e1s de 38 millones de euros. Colomer ha\" \/>\n\t\t<meta name=\"twitter:image\" content=\"https:\/\/eldigitaldeasturias.com\/magazine365\/wp-content\/uploads\/2016\/01\/fotonoticia_20160108165605_800.jpg\" \/>\n\t\t<script type=\"application\/ld+json\" class=\"aioseo-schema\">\n\t\t\t{\"@context\":\"https:\\\/\\\/schema.org\",\"@graph\":[{\"@type\":\"Article\",\"@id\":\"https:\\\/\\\/eldigitaldeasturias.com\\\/magazine365\\\/casi-la-mitad-del-presupuesto-de-la-agencia-valenciana-de-turismo-ira-a-proyectos-en-la-provincia-de-alicante\\\/#article\",\"name\":\"Casi la mitad del presupuesto de la Agencia Valenciana de Turismo ir\\u00e1 a proyectos en la provincia de Alicante | El Digital de Asturias\",\"headline\":\"Casi la mitad del presupuesto de la Agencia Valenciana de Turismo ir\\u00e1 a proyectos en la provincia de Alicante\",\"author\":{\"@id\":\"https:\\\/\\\/eldigitaldeasturias.com\\\/magazine365\\\/author\\\/admin\\\/#author\"},\"publisher\":{\"@id\":\"https:\\\/\\\/eldigitaldeasturias.com\\\/magazine365\\\/#organization\"},\"image\":{\"@type\":\"ImageObject\",\"url\":\"https:\\\/\\\/eldigitaldeasturias.com\\\/magazine365\\\/wp-content\\\/uploads\\\/2016\\\/01\\\/fotonoticia_20160108165605_800.jpg\",\"width\":800,\"height\":533},\"datePublished\":\"2016-01-10T23:53:46+01:00\",\"dateModified\":\"2016-01-10T23:53:46+01:00\",\"inLanguage\":\"es-ES\",\"mainEntityOfPage\":{\"@id\":\"https:\\\/\\\/eldigitaldeasturias.com\\\/magazine365\\\/casi-la-mitad-del-presupuesto-de-la-agencia-valenciana-de-turismo-ira-a-proyectos-en-la-provincia-de-alicante\\\/#webpage\"},\"isPartOf\":{\"@id\":\"https:\\\/\\\/eldigitaldeasturias.com\\\/magazine365\\\/casi-la-mitad-del-presupuesto-de-la-agencia-valenciana-de-turismo-ira-a-proyectos-en-la-provincia-de-alicante\\\/#webpage\"},\"articleSection\":\"Noticias y Actualidad\"},{\"@type\":\"BreadcrumbList\",\"@id\":\"https:\\\/\\\/eldigitaldeasturias.com\\\/magazine365\\\/casi-la-mitad-del-presupuesto-de-la-agencia-valenciana-de-turismo-ira-a-proyectos-en-la-provincia-de-alicante\\\/#breadcrumblist\",\"itemListElement\":[{\"@type\":\"ListItem\",\"@id\":\"https:\\\/\\\/eldigitaldeasturias.com\\\/magazine365#listItem\",\"position\":1,\"name\":\"Home\",\"item\":\"https:\\\/\\\/eldigitaldeasturias.com\\\/magazine365\",\"nextItem\":{\"@type\":\"ListItem\",\"@id\":\"https:\\\/\\\/eldigitaldeasturias.com\\\/magazine365\\\/category\\\/noticias-actualidad\\\/#listItem\",\"name\":\"Noticias y Actualidad\"}},{\"@type\":\"ListItem\",\"@id\":\"https:\\\/\\\/eldigitaldeasturias.com\\\/magazine365\\\/category\\\/noticias-actualidad\\\/#listItem\",\"position\":2,\"name\":\"Noticias y Actualidad\",\"item\":\"https:\\\/\\\/eldigitaldeasturias.com\\\/magazine365\\\/category\\\/noticias-actualidad\\\/\",\"nextItem\":{\"@type\":\"ListItem\",\"@id\":\"https:\\\/\\\/eldigitaldeasturias.com\\\/magazine365\\\/casi-la-mitad-del-presupuesto-de-la-agencia-valenciana-de-turismo-ira-a-proyectos-en-la-provincia-de-alicante\\\/#listItem\",\"name\":\"Casi la mitad del presupuesto de la Agencia Valenciana de Turismo ir\\u00e1 a proyectos en la provincia de Alicante\"},\"previousItem\":{\"@type\":\"ListItem\",\"@id\":\"https:\\\/\\\/eldigitaldeasturias.com\\\/magazine365#listItem\",\"name\":\"Home\"}},{\"@type\":\"ListItem\",\"@id\":\"https:\\\/\\\/eldigitaldeasturias.com\\\/magazine365\\\/casi-la-mitad-del-presupuesto-de-la-agencia-valenciana-de-turismo-ira-a-proyectos-en-la-provincia-de-alicante\\\/#listItem\",\"position\":3,\"name\":\"Casi la mitad del presupuesto de la Agencia Valenciana de Turismo ir\\u00e1 a proyectos en la provincia de Alicante\",\"previousItem\":{\"@type\":\"ListItem\",\"@id\":\"https:\\\/\\\/eldigitaldeasturias.com\\\/magazine365\\\/category\\\/noticias-actualidad\\\/#listItem\",\"name\":\"Noticias y Actualidad\"}}]},{\"@type\":\"Organization\",\"@id\":\"https:\\\/\\\/eldigitaldeasturias.com\\\/magazine365\\\/#organization\",\"name\":\"El digital de Asturias\",\"description\":\"Revista de ocio, turismo y estilo de vida\",\"url\":\"https:\\\/\\\/eldigitaldeasturias.com\\\/magazine365\\\/\",\"logo\":{\"@type\":\"ImageObject\",\"url\":\"https:\\\/\\\/www.eldigitaldeasturias.com\\\/noticias\\\/wp-content\\\/uploads\\\/2020\\\/12\\\/EDA.jpg\",\"@id\":\"https:\\\/\\\/eldigitaldeasturias.com\\\/magazine365\\\/casi-la-mitad-del-presupuesto-de-la-agencia-valenciana-de-turismo-ira-a-proyectos-en-la-provincia-de-alicante\\\/#organizationLogo\"},\"image\":{\"@id\":\"https:\\\/\\\/eldigitaldeasturias.com\\\/magazine365\\\/casi-la-mitad-del-presupuesto-de-la-agencia-valenciana-de-turismo-ira-a-proyectos-en-la-provincia-de-alicante\\\/#organizationLogo\"}},{\"@type\":\"Person\",\"@id\":\"https:\\\/\\\/eldigitaldeasturias.com\\\/magazine365\\\/author\\\/admin\\\/#author\",\"url\":\"https:\\\/\\\/eldigitaldeasturias.com\\\/magazine365\\\/author\\\/admin\\\/\",\"name\":\"admin\",\"image\":{\"@type\":\"ImageObject\",\"@id\":\"https:\\\/\\\/eldigitaldeasturias.com\\\/magazine365\\\/casi-la-mitad-del-presupuesto-de-la-agencia-valenciana-de-turismo-ira-a-proyectos-en-la-provincia-de-alicante\\\/#authorImage\",\"url\":\"https:\\\/\\\/eldigitaldeasturias.com\\\/magazine365\\\/wp-content\\\/litespeed\\\/avatar\\\/e571bcf59a0edd6fa6838245a470f2fe.jpg?ver=1777574230\",\"width\":96,\"height\":96,\"caption\":\"admin\"}},{\"@type\":\"WebPage\",\"@id\":\"https:\\\/\\\/eldigitaldeasturias.com\\\/magazine365\\\/casi-la-mitad-del-presupuesto-de-la-agencia-valenciana-de-turismo-ira-a-proyectos-en-la-provincia-de-alicante\\\/#webpage\",\"url\":\"https:\\\/\\\/eldigitaldeasturias.com\\\/magazine365\\\/casi-la-mitad-del-presupuesto-de-la-agencia-valenciana-de-turismo-ira-a-proyectos-en-la-provincia-de-alicante\\\/\",\"name\":\"Casi la mitad del presupuesto de la Agencia Valenciana de Turismo ir\\u00e1 a proyectos en la provincia de Alicante | El Digital de Asturias\",\"description\":\"El secretario auton\\u00f3mico de Turismo, Francesc Colomer, ha anunciado que alrededor del 45 por ciento del presupuesto de la Agencia Valenciana de Turismo se destinar\\u00e1 a proyectos en la provincia de Alicante durante 2016, con una dotaci\\u00f3n que se incrementa un 20 por ciento este a\\u00f1o, con m\\u00e1s de 38 millones de euros. Colomer ha\",\"inLanguage\":\"es-ES\",\"isPartOf\":{\"@id\":\"https:\\\/\\\/eldigitaldeasturias.com\\\/magazine365\\\/#website\"},\"breadcrumb\":{\"@id\":\"https:\\\/\\\/eldigitaldeasturias.com\\\/magazine365\\\/casi-la-mitad-del-presupuesto-de-la-agencia-valenciana-de-turismo-ira-a-proyectos-en-la-provincia-de-alicante\\\/#breadcrumblist\"},\"author\":{\"@id\":\"https:\\\/\\\/eldigitaldeasturias.com\\\/magazine365\\\/author\\\/admin\\\/#author\"},\"creator\":{\"@id\":\"https:\\\/\\\/eldigitaldeasturias.com\\\/magazine365\\\/author\\\/admin\\\/#author\"},\"image\":{\"@type\":\"ImageObject\",\"url\":\"https:\\\/\\\/eldigitaldeasturias.com\\\/magazine365\\\/wp-content\\\/uploads\\\/2016\\\/01\\\/fotonoticia_20160108165605_800.jpg\",\"@id\":\"https:\\\/\\\/eldigitaldeasturias.com\\\/magazine365\\\/casi-la-mitad-del-presupuesto-de-la-agencia-valenciana-de-turismo-ira-a-proyectos-en-la-provincia-de-alicante\\\/#mainImage\",\"width\":800,\"height\":533},\"primaryImageOfPage\":{\"@id\":\"https:\\\/\\\/eldigitaldeasturias.com\\\/magazine365\\\/casi-la-mitad-del-presupuesto-de-la-agencia-valenciana-de-turismo-ira-a-proyectos-en-la-provincia-de-alicante\\\/#mainImage\"},\"datePublished\":\"2016-01-10T23:53:46+01:00\",\"dateModified\":\"2016-01-10T23:53:46+01:00\"},{\"@type\":\"WebSite\",\"@id\":\"https:\\\/\\\/eldigitaldeasturias.com\\\/magazine365\\\/#website\",\"url\":\"https:\\\/\\\/eldigitaldeasturias.com\\\/magazine365\\\/\",\"name\":\"El Digital de Asturias\",\"description\":\"Revista de ocio, turismo y estilo de vida\",\"inLanguage\":\"es-ES\",\"publisher\":{\"@id\":\"https:\\\/\\\/eldigitaldeasturias.com\\\/magazine365\\\/#organization\"}}]}\n\t\t<\/script>\n\t\t<!-- All in One SEO Pro -->\r\n\t\t<title>Casi la mitad del presupuesto de la Agencia Valenciana de Turismo ir\u00e1 a proyectos en la provincia de Alicante | El Digital de Asturias<\/title>\n\n","aioseo_head_json":{"title":"Casi la mitad del presupuesto de la Agencia Valenciana de Turismo ir\u00e1 a proyectos en la provincia de Alicante | El Digital de Asturias","description":"El secretario auton\u00f3mico de Turismo, Francesc Colomer, ha anunciado que alrededor del 45 por ciento del presupuesto de la Agencia Valenciana de Turismo se destinar\u00e1 a proyectos en la provincia de Alicante durante 2016, con una dotaci\u00f3n que se incrementa un 20 por ciento este a\u00f1o, con m\u00e1s de 38 millones de euros. Colomer ha","canonical_url":"https:\/\/eldigitaldeasturias.com\/magazine365\/casi-la-mitad-del-presupuesto-de-la-agencia-valenciana-de-turismo-ira-a-proyectos-en-la-provincia-de-alicante\/","robots":"max-image-preview:large","keywords":"noticias y actualidad","webmasterTools":{"google-site-verification":"UA-38556648-1","miscellaneous":""},"schema":{"@context":"https:\/\/schema.org","@graph":[{"@type":"Article","@id":"https:\/\/eldigitaldeasturias.com\/magazine365\/casi-la-mitad-del-presupuesto-de-la-agencia-valenciana-de-turismo-ira-a-proyectos-en-la-provincia-de-alicante\/#article","name":"Casi la mitad del presupuesto de la Agencia Valenciana de Turismo ir\u00e1 a proyectos en la provincia de Alicante | El Digital de Asturias","headline":"Casi la mitad del presupuesto de la Agencia Valenciana de Turismo ir\u00e1 a proyectos en la provincia de Alicante","author":{"@id":"https:\/\/eldigitaldeasturias.com\/magazine365\/author\/admin\/#author"},"publisher":{"@id":"https:\/\/eldigitaldeasturias.com\/magazine365\/#organization"},"image":{"@type":"ImageObject","url":"https:\/\/eldigitaldeasturias.com\/magazine365\/wp-content\/uploads\/2016\/01\/fotonoticia_20160108165605_800.jpg","width":800,"height":533},"datePublished":"2016-01-10T23:53:46+01:00","dateModified":"2016-01-10T23:53:46+01:00","inLanguage":"es-ES","mainEntityOfPage":{"@id":"https:\/\/eldigitaldeasturias.com\/magazine365\/casi-la-mitad-del-presupuesto-de-la-agencia-valenciana-de-turismo-ira-a-proyectos-en-la-provincia-de-alicante\/#webpage"},"isPartOf":{"@id":"https:\/\/eldigitaldeasturias.com\/magazine365\/casi-la-mitad-del-presupuesto-de-la-agencia-valenciana-de-turismo-ira-a-proyectos-en-la-provincia-de-alicante\/#webpage"},"articleSection":"Noticias y Actualidad"},{"@type":"BreadcrumbList","@id":"https:\/\/eldigitaldeasturias.com\/magazine365\/casi-la-mitad-del-presupuesto-de-la-agencia-valenciana-de-turismo-ira-a-proyectos-en-la-provincia-de-alicante\/#breadcrumblist","itemListElement":[{"@type":"ListItem","@id":"https:\/\/eldigitaldeasturias.com\/magazine365#listItem","position":1,"name":"Home","item":"https:\/\/eldigitaldeasturias.com\/magazine365","nextItem":{"@type":"ListItem","@id":"https:\/\/eldigitaldeasturias.com\/magazine365\/category\/noticias-actualidad\/#listItem","name":"Noticias y Actualidad"}},{"@type":"ListItem","@id":"https:\/\/eldigitaldeasturias.com\/magazine365\/category\/noticias-actualidad\/#listItem","position":2,"name":"Noticias y Actualidad","item":"https:\/\/eldigitaldeasturias.com\/magazine365\/category\/noticias-actualidad\/","nextItem":{"@type":"ListItem","@id":"https:\/\/eldigitaldeasturias.com\/magazine365\/casi-la-mitad-del-presupuesto-de-la-agencia-valenciana-de-turismo-ira-a-proyectos-en-la-provincia-de-alicante\/#listItem","name":"Casi la mitad del presupuesto de la Agencia Valenciana de Turismo ir\u00e1 a proyectos en la provincia de Alicante"},"previousItem":{"@type":"ListItem","@id":"https:\/\/eldigitaldeasturias.com\/magazine365#listItem","name":"Home"}},{"@type":"ListItem","@id":"https:\/\/eldigitaldeasturias.com\/magazine365\/casi-la-mitad-del-presupuesto-de-la-agencia-valenciana-de-turismo-ira-a-proyectos-en-la-provincia-de-alicante\/#listItem","position":3,"name":"Casi la mitad del presupuesto de la Agencia Valenciana de Turismo ir\u00e1 a proyectos en la provincia de Alicante","previousItem":{"@type":"ListItem","@id":"https:\/\/eldigitaldeasturias.com\/magazine365\/category\/noticias-actualidad\/#listItem","name":"Noticias y Actualidad"}}]},{"@type":"Organization","@id":"https:\/\/eldigitaldeasturias.com\/magazine365\/#organization","name":"El digital de Asturias","description":"Revista de ocio, turismo y estilo de vida","url":"https:\/\/eldigitaldeasturias.com\/magazine365\/","logo":{"@type":"ImageObject","url":"https:\/\/www.eldigitaldeasturias.com\/noticias\/wp-content\/uploads\/2020\/12\/EDA.jpg","@id":"https:\/\/eldigitaldeasturias.com\/magazine365\/casi-la-mitad-del-presupuesto-de-la-agencia-valenciana-de-turismo-ira-a-proyectos-en-la-provincia-de-alicante\/#organizationLogo"},"image":{"@id":"https:\/\/eldigitaldeasturias.com\/magazine365\/casi-la-mitad-del-presupuesto-de-la-agencia-valenciana-de-turismo-ira-a-proyectos-en-la-provincia-de-alicante\/#organizationLogo"}},{"@type":"Person","@id":"https:\/\/eldigitaldeasturias.com\/magazine365\/author\/admin\/#author","url":"https:\/\/eldigitaldeasturias.com\/magazine365\/author\/admin\/","name":"admin","image":{"@type":"ImageObject","@id":"https:\/\/eldigitaldeasturias.com\/magazine365\/casi-la-mitad-del-presupuesto-de-la-agencia-valenciana-de-turismo-ira-a-proyectos-en-la-provincia-de-alicante\/#authorImage","url":"https:\/\/eldigitaldeasturias.com\/magazine365\/wp-content\/litespeed\/avatar\/e571bcf59a0edd6fa6838245a470f2fe.jpg?ver=1777574230","width":96,"height":96,"caption":"admin"}},{"@type":"WebPage","@id":"https:\/\/eldigitaldeasturias.com\/magazine365\/casi-la-mitad-del-presupuesto-de-la-agencia-valenciana-de-turismo-ira-a-proyectos-en-la-provincia-de-alicante\/#webpage","url":"https:\/\/eldigitaldeasturias.com\/magazine365\/casi-la-mitad-del-presupuesto-de-la-agencia-valenciana-de-turismo-ira-a-proyectos-en-la-provincia-de-alicante\/","name":"Casi la mitad del presupuesto de la Agencia Valenciana de Turismo ir\u00e1 a proyectos en la provincia de Alicante | El Digital de Asturias","description":"El secretario auton\u00f3mico de Turismo, Francesc Colomer, ha anunciado que alrededor del 45 por ciento del presupuesto de la Agencia Valenciana de Turismo se destinar\u00e1 a proyectos en la provincia de Alicante durante 2016, con una dotaci\u00f3n que se incrementa un 20 por ciento este a\u00f1o, con m\u00e1s de 38 millones de euros. Colomer ha","inLanguage":"es-ES","isPartOf":{"@id":"https:\/\/eldigitaldeasturias.com\/magazine365\/#website"},"breadcrumb":{"@id":"https:\/\/eldigitaldeasturias.com\/magazine365\/casi-la-mitad-del-presupuesto-de-la-agencia-valenciana-de-turismo-ira-a-proyectos-en-la-provincia-de-alicante\/#breadcrumblist"},"author":{"@id":"https:\/\/eldigitaldeasturias.com\/magazine365\/author\/admin\/#author"},"creator":{"@id":"https:\/\/eldigitaldeasturias.com\/magazine365\/author\/admin\/#author"},"image":{"@type":"ImageObject","url":"https:\/\/eldigitaldeasturias.com\/magazine365\/wp-content\/uploads\/2016\/01\/fotonoticia_20160108165605_800.jpg","@id":"https:\/\/eldigitaldeasturias.com\/magazine365\/casi-la-mitad-del-presupuesto-de-la-agencia-valenciana-de-turismo-ira-a-proyectos-en-la-provincia-de-alicante\/#mainImage","width":800,"height":533},"primaryImageOfPage":{"@id":"https:\/\/eldigitaldeasturias.com\/magazine365\/casi-la-mitad-del-presupuesto-de-la-agencia-valenciana-de-turismo-ira-a-proyectos-en-la-provincia-de-alicante\/#mainImage"},"datePublished":"2016-01-10T23:53:46+01:00","dateModified":"2016-01-10T23:53:46+01:00"},{"@type":"WebSite","@id":"https:\/\/eldigitaldeasturias.com\/magazine365\/#website","url":"https:\/\/eldigitaldeasturias.com\/magazine365\/","name":"El Digital de Asturias","description":"Revista de ocio, turismo y estilo de vida","inLanguage":"es-ES","publisher":{"@id":"https:\/\/eldigitaldeasturias.com\/magazine365\/#organization"}}]},"og:locale":"es_ES","og:site_name":"El Digital de Asturias \u2013 Revista de ocio, turismo y estilo de vida","og:type":"article","og:title":"Casi la mitad del presupuesto de la Agencia Valenciana de Turismo ir\u00e1 a proyectos en la provincia de Alicante | El Digital de Asturias","og:description":"El secretario auton\u00f3mico de Turismo, Francesc Colomer, ha anunciado que alrededor del 45 por ciento del presupuesto de la Agencia Valenciana de Turismo se destinar\u00e1 a proyectos en la provincia de Alicante durante 2016, con una dotaci\u00f3n que se incrementa un 20 por ciento este a\u00f1o, con m\u00e1s de 38 millones de euros. Colomer ha","og:url":"https:\/\/eldigitaldeasturias.com\/magazine365\/casi-la-mitad-del-presupuesto-de-la-agencia-valenciana-de-turismo-ira-a-proyectos-en-la-provincia-de-alicante\/","og:image":"https:\/\/eldigitaldeasturias.com\/magazine365\/wp-content\/uploads\/2016\/01\/fotonoticia_20160108165605_800.jpg","og:image:secure_url":"https:\/\/eldigitaldeasturias.com\/magazine365\/wp-content\/uploads\/2016\/01\/fotonoticia_20160108165605_800.jpg","og:image:width":800,"og:image:height":533,"article:published_time":"2016-01-10T22:53:46+00:00","article:modified_time":"2016-01-10T22:53:46+00:00","twitter:card":"summary_large_image","twitter:title":"Casi la mitad del presupuesto de la Agencia Valenciana de Turismo ir\u00e1 a proyectos en la provincia de Alicante | El Digital de Asturias","twitter:description":"El secretario auton\u00f3mico de Turismo, Francesc Colomer, ha anunciado que alrededor del 45 por ciento del presupuesto de la Agencia Valenciana de Turismo se destinar\u00e1 a proyectos en la provincia de Alicante durante 2016, con una dotaci\u00f3n que se incrementa un 20 por ciento este a\u00f1o, con m\u00e1s de 38 millones de euros. Colomer ha","twitter:image":"https:\/\/eldigitaldeasturias.com\/magazine365\/wp-content\/uploads\/2016\/01\/fotonoticia_20160108165605_800.jpg"},"aioseo_meta_data":{"post_id":"60068","title":null,"description":null,"keywords":null,"keyphrases":null,"primary_term":null,"canonical_url":null,"og_title":null,"og_description":null,"og_object_type":"default","og_image_type":"default","og_image_url":null,"og_image_width":null,"og_image_height":null,"og_image_custom_url":null,"og_image_custom_fields":null,"og_video":null,"og_custom_url":null,"og_article_section":null,"og_article_tags":null,"twitter_use_og":false,"twitter_card":"default","twitter_image_type":"default","twitter_image_url":null,"twitter_image_custom_url":null,"twitter_image_custom_fields":null,"twitter_title":null,"twitter_description":null,"schema":{"blockGraphs":[],"customGraphs":[],"default":{"data":{"Article":[],"Course":[],"Dataset":[],"FAQPage":[],"Movie":[],"Person":[],"Product":[],"ProductReview":[],"Car":[],"Recipe":[],"Service":[],"SoftwareApplication":[],"WebPage":[]},"graphName":"","isEnabled":true},"graphs":[],"defaultGraph":"","defaultPostTypeGraph":""},"schema_type":null,"schema_type_options":null,"pillar_content":false,"robots_default":true,"robots_noindex":false,"robots_noarchive":false,"robots_nosnippet":false,"robots_nofollow":false,"robots_noimageindex":false,"robots_noodp":false,"robots_notranslate":false,"robots_max_snippet":null,"robots_max_videopreview":null,"robots_max_imagepreview":"large","priority":null,"frequency":null,"location":null,"local_seo":null,"seo_analyzer_scan_date":"2025-09-25 06:11:08","breadcrumb_settings":null,"limit_modified_date":false,"open_ai":null,"ai":null,"created":"2021-03-08 22:06:04","updated":"2025-09-25 06:11:08"},"aioseo_breadcrumb":"<div class=\"aioseo-breadcrumbs\"><span class=\"aioseo-breadcrumb\">\n\t<a href=\"https:\/\/eldigitaldeasturias.com\/magazine365\" title=\"Home\">Home<\/a>\n<\/span><span class=\"aioseo-breadcrumb-separator\">\u2013<\/span><span class=\"aioseo-breadcrumb\">\n\t<a href=\"https:\/\/eldigitaldeasturias.com\/magazine365\/category\/noticias-actualidad\/\" title=\"Noticias y Actualidad\">Noticias y Actualidad<\/a>\n<\/span><span class=\"aioseo-breadcrumb-separator\">\u2013<\/span><span class=\"aioseo-breadcrumb\">\n\t<a href=\"https:\/\/eldigitaldeasturias.com\/magazine365\/casi-la-mitad-del-presupuesto-de-la-agencia-valenciana-de-turismo-ira-a-proyectos-en-la-provincia-de-alicante\/\" title=\"Casi la mitad del presupuesto de la Agencia Valenciana de Turismo ir\u00e1 a proyectos en la provincia de Alicante\">Casi la mitad del presupuesto de la Agencia Valenciana de Turismo ir\u00e1 a proyectos en la provincia de Alicante<\/a>\n<\/span><\/div>","aioseo_breadcrumb_json":[{"label":"Home","link":"https:\/\/eldigitaldeasturias.com\/magazine365"},{"label":"Noticias y Actualidad","link":"https:\/\/eldigitaldeasturias.com\/magazine365\/category\/noticias-actualidad\/"},{"label":"Casi la mitad del presupuesto de la Agencia Valenciana de Turismo ir\u00e1 a proyectos en la provincia de Alicante","link":"https:\/\/eldigitaldeasturias.com\/magazine365\/casi-la-mitad-del-presupuesto-de-la-agencia-valenciana-de-turismo-ira-a-proyectos-en-la-provincia-de-alicante\/"}],"_links":{"self":[{"href":"https:\/\/eldigitaldeasturias.com\/magazine365\/wp-json\/wp\/v2\/posts\/60068","targetHints":{"allow":["GET"]}}],"collection":[{"href":"https:\/\/eldigitaldeasturias.com\/magazine365\/wp-json\/wp\/v2\/posts"}],"about":[{"href":"https:\/\/eldigitaldeasturias.com\/magazine365\/wp-json\/wp\/v2\/types\/post"}],"author":[{"embeddable":true,"href":"https:\/\/eldigitaldeasturias.com\/magazine365\/wp-json\/wp\/v2\/users\/1"}],"replies":[{"embeddable":true,"href":"https:\/\/eldigitaldeasturias.com\/magazine365\/wp-json\/wp\/v2\/comments?post=60068"}],"version-history":[{"count":0,"href":"https:\/\/eldigitaldeasturias.com\/magazine365\/wp-json\/wp\/v2\/posts\/60068\/revisions"}],"wp:featuredmedia":[{"embeddable":true,"href":"https:\/\/eldigitaldeasturias.com\/magazine365\/wp-json\/wp\/v2\/media\/60069"}],"wp:attachment":[{"href":"https:\/\/eldigitaldeasturias.com\/magazine365\/wp-json\/wp\/v2\/media?parent=60068"}],"wp:term":[{"taxonomy":"category","embeddable":true,"href":"https:\/\/eldigitaldeasturias.com\/magazine365\/wp-json\/wp\/v2\/categories?post=60068"},{"taxonomy":"post_tag","embeddable":true,"href":"https:\/\/eldigitaldeasturias.com\/magazine365\/wp-json\/wp\/v2\/tags?post=60068"}],"curies":[{"name":"wp","href":"https:\/\/api.w.org\/{rel}","templated":true}]}}