{"id":60062,"date":"2016-01-10T23:41:52","date_gmt":"2016-01-10T22:41:52","guid":{"rendered":"http:\/\/eldigitaldeasturias.com\/magazine365\/?p=60062"},"modified":"2016-01-10T23:50:26","modified_gmt":"2016-01-10T22:50:26","slug":"a-mezquita-catedral-de-cordoba-vuelve-a-batir-su-record-de-visitantes","status":"publish","type":"post","link":"https:\/\/eldigitaldeasturias.com\/magazine365\/a-mezquita-catedral-de-cordoba-vuelve-a-batir-su-record-de-visitantes\/","title":{"rendered":"a Mezquita-Catedral de C\u00f3rdoba vuelve a batir su r\u00e9cord de visitantes"},"content":{"rendered":"<p><img fetchpriority=\"high\" decoding=\"async\" class=\"alignleft size-medium wp-image-60063\" src=\"https:\/\/eldigitaldeasturias.com\/magazine365\/wp-content\/uploads\/2016\/01\/fotonoticia_20160108145712_800-225x300.jpg\" alt=\"fotonoticia_20160108145712_800\" width=\"225\" height=\"300\" srcset=\"https:\/\/eldigitaldeasturias.com\/magazine365\/wp-content\/uploads\/2016\/01\/fotonoticia_20160108145712_800-225x300.jpg 225w, https:\/\/eldigitaldeasturias.com\/magazine365\/wp-content\/uploads\/2016\/01\/fotonoticia_20160108145712_800-480x640.jpg 480w, https:\/\/eldigitaldeasturias.com\/magazine365\/wp-content\/uploads\/2016\/01\/fotonoticia_20160108145712_800-768x1024.jpg 768w, https:\/\/eldigitaldeasturias.com\/magazine365\/wp-content\/uploads\/2016\/01\/fotonoticia_20160108145712_800-150x200.jpg 150w, https:\/\/eldigitaldeasturias.com\/magazine365\/wp-content\/uploads\/2016\/01\/fotonoticia_20160108145712_800-450x600.jpg 450w, https:\/\/eldigitaldeasturias.com\/magazine365\/wp-content\/uploads\/2016\/01\/fotonoticia_20160108145712_800-696x928.jpg 696w, https:\/\/eldigitaldeasturias.com\/magazine365\/wp-content\/uploads\/2016\/01\/fotonoticia_20160108145712_800-315x420.jpg 315w, https:\/\/eldigitaldeasturias.com\/magazine365\/wp-content\/uploads\/2016\/01\/fotonoticia_20160108145712_800.jpg 800w\" sizes=\"(max-width: 225px) 100vw, 225px\" \/>La Mezquita-Catedral de C\u00f3rdoba ha vuelto a batir su r\u00e9cord hist\u00f3rico de visitas al recibir durante el reci\u00e9n concluido a\u00f1o 2015 m\u00e1s de 1,6 millones de turistas, frente a los 1,5 millones de 2014, habi\u00e9ndose completado, adem\u00e1s, el primer a\u00f1o de reapertura de la Torre-Campanario del monumento, por cuyos escalones han subido durante el pasado a\u00f1o 55.224 personas.<\/p>\n<p>En concreto y seg\u00fan ha informado el Cabildo Catedral de C\u00f3rdoba, titular de este templo, declarado Patrimonio de la Humanidad por la Unesco, las visitas a la Catedral de C\u00f3rdoba y antigua mezquita \u00abhan aumentado en m\u00e1s de un 14% durante el pasado mes de diciembre, con respecto al mismo mes de 2014. As\u00ed, un total de 103.700 personas visitaron el templo frente a las 90.721 del mismo periodo del a\u00f1o anterior\u00bb.<\/p>\n<p>Los datos del \u00faltimo mes del pasado a\u00f1o han ayudado a que se haya batido el r\u00e9cord de 2014, \u00abque ya marcaba el mejor registro desde que se tiene constancia, suponiendo un incremento de casi 112.000 visitantes m\u00e1s\u00bb, de forma que, \u00abdurante el a\u00f1o que acaba de finalizar, un total de 1.676.833 personas accedieron al templo, frente a los 1.565.017 visitantes de 2014\u00bb.<\/p>\n<p>Igualmente, este a\u00f1o 2015 ha sido el primer a\u00f1o completo en el que los visitantes han podido acceder a la Torre-Campanario de la Catedral desde su reapertura, arrojando un n\u00famero de 55.224 visitas.<\/p>\n<p>Por su parte, las visitas nocturnas a &#8216;El Alma de C\u00f3rdoba&#8217; han arrojado unos datos muy similares a los del a\u00f1o anterior, que igualmente marcaban un r\u00e9cord hist\u00f3rico. De este modo, m\u00e1s de 28.000 personas asistieron a este tipo de visita, \u00abque lleva asociada la obligaci\u00f3n de pernoctar en la ciudad e incide sobremanera en el sector tur\u00edstico\u00bb.<\/p>\n","protected":false},"excerpt":{"rendered":"<p>La Mezquita-Catedral de C\u00f3rdoba ha vuelto a batir su r\u00e9cord hist\u00f3rico de visitas al recibir durante el reci\u00e9n concluido a\u00f1o 2015 m\u00e1s de 1,6 millones de turistas, frente a los 1,5 millones de 2014, habi\u00e9ndose completado, adem\u00e1s, el primer a\u00f1o de reapertura de la Torre-Campanario del monumento, por cuyos escalones han subido durante el pasado<\/p>\n","protected":false},"author":1,"featured_media":60063,"comment_status":"open","ping_status":"closed","sticky":false,"template":"","format":"standard","meta":{"footnotes":""},"categories":[224],"tags":[],"class_list":{"0":"post-60062","1":"post","2":"type-post","3":"status-publish","4":"format-standard","5":"has-post-thumbnail","7":"category-noticias-actualidad"},"aioseo_notices":[],"aioseo_head":"\n\t\t<!-- All in One SEO Pro 4.9.6.1 - aioseo.com -->\n\t<meta name=\"description\" content=\"La Mezquita-Catedral de C\u00f3rdoba ha vuelto a batir su r\u00e9cord hist\u00f3rico de visitas al recibir durante el reci\u00e9n concluido a\u00f1o 2015 m\u00e1s de 1,6 millones de turistas, frente a los 1,5 millones de 2014, habi\u00e9ndose completado, adem\u00e1s, el primer a\u00f1o de reapertura de la Torre-Campanario del monumento, por cuyos escalones han subido durante el pasado\" \/>\n\t<meta name=\"robots\" content=\"max-image-preview:large\" \/>\n\t<meta name=\"author\" content=\"admin\"\/>\n\t<meta name=\"google-site-verification\" content=\"UA-38556648-1\" \/>\n\t<meta name=\"keywords\" content=\"noticias y actualidad\" \/>\n\t<link rel=\"canonical\" href=\"https:\/\/eldigitaldeasturias.com\/magazine365\/a-mezquita-catedral-de-cordoba-vuelve-a-batir-su-record-de-visitantes\/\" \/>\n\t<meta name=\"generator\" content=\"All in One SEO Pro (AIOSEO) 4.9.6.1\" \/>\n\t\t<meta property=\"og:locale\" content=\"es_ES\" \/>\n\t\t<meta property=\"og:site_name\" content=\"El Digital de Asturias \u2013 Revista de ocio, turismo y estilo de vida\" \/>\n\t\t<meta property=\"og:type\" content=\"article\" \/>\n\t\t<meta property=\"og:title\" content=\"a Mezquita-Catedral de C\u00f3rdoba vuelve a batir su r\u00e9cord de visitantes | El Digital de Asturias\" \/>\n\t\t<meta property=\"og:description\" content=\"La Mezquita-Catedral de C\u00f3rdoba ha vuelto a batir su r\u00e9cord hist\u00f3rico de visitas al recibir durante el reci\u00e9n concluido a\u00f1o 2015 m\u00e1s de 1,6 millones de turistas, frente a los 1,5 millones de 2014, habi\u00e9ndose completado, adem\u00e1s, el primer a\u00f1o de reapertura de la Torre-Campanario del monumento, por cuyos escalones han subido durante el pasado\" \/>\n\t\t<meta property=\"og:url\" content=\"https:\/\/eldigitaldeasturias.com\/magazine365\/a-mezquita-catedral-de-cordoba-vuelve-a-batir-su-record-de-visitantes\/\" \/>\n\t\t<meta property=\"og:image\" content=\"https:\/\/eldigitaldeasturias.com\/magazine365\/wp-content\/uploads\/2016\/01\/fotonoticia_20160108145712_800.jpg\" \/>\n\t\t<meta property=\"og:image:secure_url\" content=\"https:\/\/eldigitaldeasturias.com\/magazine365\/wp-content\/uploads\/2016\/01\/fotonoticia_20160108145712_800.jpg\" \/>\n\t\t<meta property=\"og:image:width\" content=\"800\" \/>\n\t\t<meta property=\"og:image:height\" content=\"1067\" \/>\n\t\t<meta property=\"article:published_time\" content=\"2016-01-10T22:41:52+00:00\" \/>\n\t\t<meta property=\"article:modified_time\" content=\"2016-01-10T22:50:26+00:00\" \/>\n\t\t<meta name=\"twitter:card\" content=\"summary_large_image\" \/>\n\t\t<meta name=\"twitter:title\" content=\"a Mezquita-Catedral de C\u00f3rdoba vuelve a batir su r\u00e9cord de visitantes | El Digital de Asturias\" \/>\n\t\t<meta name=\"twitter:description\" content=\"La Mezquita-Catedral de C\u00f3rdoba ha vuelto a batir su r\u00e9cord hist\u00f3rico de visitas al recibir durante el reci\u00e9n concluido a\u00f1o 2015 m\u00e1s de 1,6 millones de turistas, frente a los 1,5 millones de 2014, habi\u00e9ndose completado, adem\u00e1s, el primer a\u00f1o de reapertura de la Torre-Campanario del monumento, por cuyos escalones han subido durante el pasado\" \/>\n\t\t<meta name=\"twitter:image\" content=\"https:\/\/eldigitaldeasturias.com\/magazine365\/wp-content\/uploads\/2016\/01\/fotonoticia_20160108145712_800.jpg\" \/>\n\t\t<script type=\"application\/ld+json\" class=\"aioseo-schema\">\n\t\t\t{\"@context\":\"https:\\\/\\\/schema.org\",\"@graph\":[{\"@type\":\"Article\",\"@id\":\"https:\\\/\\\/eldigitaldeasturias.com\\\/magazine365\\\/a-mezquita-catedral-de-cordoba-vuelve-a-batir-su-record-de-visitantes\\\/#article\",\"name\":\"a Mezquita-Catedral de C\\u00f3rdoba vuelve a batir su r\\u00e9cord de visitantes | El Digital de Asturias\",\"headline\":\"a Mezquita-Catedral de C\\u00f3rdoba vuelve a batir su r\\u00e9cord de visitantes\",\"author\":{\"@id\":\"https:\\\/\\\/eldigitaldeasturias.com\\\/magazine365\\\/author\\\/admin\\\/#author\"},\"publisher\":{\"@id\":\"https:\\\/\\\/eldigitaldeasturias.com\\\/magazine365\\\/#organization\"},\"image\":{\"@type\":\"ImageObject\",\"url\":\"https:\\\/\\\/eldigitaldeasturias.com\\\/magazine365\\\/wp-content\\\/uploads\\\/2016\\\/01\\\/fotonoticia_20160108145712_800.jpg\",\"width\":800,\"height\":1067},\"datePublished\":\"2016-01-10T23:41:52+01:00\",\"dateModified\":\"2016-01-10T23:50:26+01:00\",\"inLanguage\":\"es-ES\",\"mainEntityOfPage\":{\"@id\":\"https:\\\/\\\/eldigitaldeasturias.com\\\/magazine365\\\/a-mezquita-catedral-de-cordoba-vuelve-a-batir-su-record-de-visitantes\\\/#webpage\"},\"isPartOf\":{\"@id\":\"https:\\\/\\\/eldigitaldeasturias.com\\\/magazine365\\\/a-mezquita-catedral-de-cordoba-vuelve-a-batir-su-record-de-visitantes\\\/#webpage\"},\"articleSection\":\"Noticias y Actualidad\"},{\"@type\":\"BreadcrumbList\",\"@id\":\"https:\\\/\\\/eldigitaldeasturias.com\\\/magazine365\\\/a-mezquita-catedral-de-cordoba-vuelve-a-batir-su-record-de-visitantes\\\/#breadcrumblist\",\"itemListElement\":[{\"@type\":\"ListItem\",\"@id\":\"https:\\\/\\\/eldigitaldeasturias.com\\\/magazine365#listItem\",\"position\":1,\"name\":\"Home\",\"item\":\"https:\\\/\\\/eldigitaldeasturias.com\\\/magazine365\",\"nextItem\":{\"@type\":\"ListItem\",\"@id\":\"https:\\\/\\\/eldigitaldeasturias.com\\\/magazine365\\\/category\\\/noticias-actualidad\\\/#listItem\",\"name\":\"Noticias y Actualidad\"}},{\"@type\":\"ListItem\",\"@id\":\"https:\\\/\\\/eldigitaldeasturias.com\\\/magazine365\\\/category\\\/noticias-actualidad\\\/#listItem\",\"position\":2,\"name\":\"Noticias y Actualidad\",\"item\":\"https:\\\/\\\/eldigitaldeasturias.com\\\/magazine365\\\/category\\\/noticias-actualidad\\\/\",\"nextItem\":{\"@type\":\"ListItem\",\"@id\":\"https:\\\/\\\/eldigitaldeasturias.com\\\/magazine365\\\/a-mezquita-catedral-de-cordoba-vuelve-a-batir-su-record-de-visitantes\\\/#listItem\",\"name\":\"a Mezquita-Catedral de C\\u00f3rdoba vuelve a batir su r\\u00e9cord de visitantes\"},\"previousItem\":{\"@type\":\"ListItem\",\"@id\":\"https:\\\/\\\/eldigitaldeasturias.com\\\/magazine365#listItem\",\"name\":\"Home\"}},{\"@type\":\"ListItem\",\"@id\":\"https:\\\/\\\/eldigitaldeasturias.com\\\/magazine365\\\/a-mezquita-catedral-de-cordoba-vuelve-a-batir-su-record-de-visitantes\\\/#listItem\",\"position\":3,\"name\":\"a Mezquita-Catedral de C\\u00f3rdoba vuelve a batir su r\\u00e9cord de visitantes\",\"previousItem\":{\"@type\":\"ListItem\",\"@id\":\"https:\\\/\\\/eldigitaldeasturias.com\\\/magazine365\\\/category\\\/noticias-actualidad\\\/#listItem\",\"name\":\"Noticias y Actualidad\"}}]},{\"@type\":\"Organization\",\"@id\":\"https:\\\/\\\/eldigitaldeasturias.com\\\/magazine365\\\/#organization\",\"name\":\"El digital de Asturias\",\"description\":\"Revista de ocio, turismo y estilo de vida\",\"url\":\"https:\\\/\\\/eldigitaldeasturias.com\\\/magazine365\\\/\",\"logo\":{\"@type\":\"ImageObject\",\"url\":\"https:\\\/\\\/www.eldigitaldeasturias.com\\\/noticias\\\/wp-content\\\/uploads\\\/2020\\\/12\\\/EDA.jpg\",\"@id\":\"https:\\\/\\\/eldigitaldeasturias.com\\\/magazine365\\\/a-mezquita-catedral-de-cordoba-vuelve-a-batir-su-record-de-visitantes\\\/#organizationLogo\"},\"image\":{\"@id\":\"https:\\\/\\\/eldigitaldeasturias.com\\\/magazine365\\\/a-mezquita-catedral-de-cordoba-vuelve-a-batir-su-record-de-visitantes\\\/#organizationLogo\"}},{\"@type\":\"Person\",\"@id\":\"https:\\\/\\\/eldigitaldeasturias.com\\\/magazine365\\\/author\\\/admin\\\/#author\",\"url\":\"https:\\\/\\\/eldigitaldeasturias.com\\\/magazine365\\\/author\\\/admin\\\/\",\"name\":\"admin\",\"image\":{\"@type\":\"ImageObject\",\"@id\":\"https:\\\/\\\/eldigitaldeasturias.com\\\/magazine365\\\/a-mezquita-catedral-de-cordoba-vuelve-a-batir-su-record-de-visitantes\\\/#authorImage\",\"url\":\"https:\\\/\\\/eldigitaldeasturias.com\\\/magazine365\\\/wp-content\\\/litespeed\\\/avatar\\\/e571bcf59a0edd6fa6838245a470f2fe.jpg?ver=1777574230\",\"width\":96,\"height\":96,\"caption\":\"admin\"}},{\"@type\":\"WebPage\",\"@id\":\"https:\\\/\\\/eldigitaldeasturias.com\\\/magazine365\\\/a-mezquita-catedral-de-cordoba-vuelve-a-batir-su-record-de-visitantes\\\/#webpage\",\"url\":\"https:\\\/\\\/eldigitaldeasturias.com\\\/magazine365\\\/a-mezquita-catedral-de-cordoba-vuelve-a-batir-su-record-de-visitantes\\\/\",\"name\":\"a Mezquita-Catedral de C\\u00f3rdoba vuelve a batir su r\\u00e9cord de visitantes | El Digital de Asturias\",\"description\":\"La Mezquita-Catedral de C\\u00f3rdoba ha vuelto a batir su r\\u00e9cord hist\\u00f3rico de visitas al recibir durante el reci\\u00e9n concluido a\\u00f1o 2015 m\\u00e1s de 1,6 millones de turistas, frente a los 1,5 millones de 2014, habi\\u00e9ndose completado, adem\\u00e1s, el primer a\\u00f1o de reapertura de la Torre-Campanario del monumento, por cuyos escalones han subido durante el pasado\",\"inLanguage\":\"es-ES\",\"isPartOf\":{\"@id\":\"https:\\\/\\\/eldigitaldeasturias.com\\\/magazine365\\\/#website\"},\"breadcrumb\":{\"@id\":\"https:\\\/\\\/eldigitaldeasturias.com\\\/magazine365\\\/a-mezquita-catedral-de-cordoba-vuelve-a-batir-su-record-de-visitantes\\\/#breadcrumblist\"},\"author\":{\"@id\":\"https:\\\/\\\/eldigitaldeasturias.com\\\/magazine365\\\/author\\\/admin\\\/#author\"},\"creator\":{\"@id\":\"https:\\\/\\\/eldigitaldeasturias.com\\\/magazine365\\\/author\\\/admin\\\/#author\"},\"image\":{\"@type\":\"ImageObject\",\"url\":\"https:\\\/\\\/eldigitaldeasturias.com\\\/magazine365\\\/wp-content\\\/uploads\\\/2016\\\/01\\\/fotonoticia_20160108145712_800.jpg\",\"@id\":\"https:\\\/\\\/eldigitaldeasturias.com\\\/magazine365\\\/a-mezquita-catedral-de-cordoba-vuelve-a-batir-su-record-de-visitantes\\\/#mainImage\",\"width\":800,\"height\":1067},\"primaryImageOfPage\":{\"@id\":\"https:\\\/\\\/eldigitaldeasturias.com\\\/magazine365\\\/a-mezquita-catedral-de-cordoba-vuelve-a-batir-su-record-de-visitantes\\\/#mainImage\"},\"datePublished\":\"2016-01-10T23:41:52+01:00\",\"dateModified\":\"2016-01-10T23:50:26+01:00\"},{\"@type\":\"WebSite\",\"@id\":\"https:\\\/\\\/eldigitaldeasturias.com\\\/magazine365\\\/#website\",\"url\":\"https:\\\/\\\/eldigitaldeasturias.com\\\/magazine365\\\/\",\"name\":\"El Digital de Asturias\",\"description\":\"Revista de ocio, turismo y estilo de vida\",\"inLanguage\":\"es-ES\",\"publisher\":{\"@id\":\"https:\\\/\\\/eldigitaldeasturias.com\\\/magazine365\\\/#organization\"}}]}\n\t\t<\/script>\n\t\t<!-- All in One SEO Pro -->\r\n\t\t<title>a Mezquita-Catedral de C\u00f3rdoba vuelve a batir su r\u00e9cord de visitantes | El Digital de Asturias<\/title>\n\n","aioseo_head_json":{"title":"a Mezquita-Catedral de C\u00f3rdoba vuelve a batir su r\u00e9cord de visitantes | El Digital de Asturias","description":"La Mezquita-Catedral de C\u00f3rdoba ha vuelto a batir su r\u00e9cord hist\u00f3rico de visitas al recibir durante el reci\u00e9n concluido a\u00f1o 2015 m\u00e1s de 1,6 millones de turistas, frente a los 1,5 millones de 2014, habi\u00e9ndose completado, adem\u00e1s, el primer a\u00f1o de reapertura de la Torre-Campanario del monumento, por cuyos escalones han subido durante el pasado","canonical_url":"https:\/\/eldigitaldeasturias.com\/magazine365\/a-mezquita-catedral-de-cordoba-vuelve-a-batir-su-record-de-visitantes\/","robots":"max-image-preview:large","keywords":"noticias y actualidad","webmasterTools":{"google-site-verification":"UA-38556648-1","miscellaneous":""},"schema":{"@context":"https:\/\/schema.org","@graph":[{"@type":"Article","@id":"https:\/\/eldigitaldeasturias.com\/magazine365\/a-mezquita-catedral-de-cordoba-vuelve-a-batir-su-record-de-visitantes\/#article","name":"a Mezquita-Catedral de C\u00f3rdoba vuelve a batir su r\u00e9cord de visitantes | El Digital de Asturias","headline":"a Mezquita-Catedral de C\u00f3rdoba vuelve a batir su r\u00e9cord de visitantes","author":{"@id":"https:\/\/eldigitaldeasturias.com\/magazine365\/author\/admin\/#author"},"publisher":{"@id":"https:\/\/eldigitaldeasturias.com\/magazine365\/#organization"},"image":{"@type":"ImageObject","url":"https:\/\/eldigitaldeasturias.com\/magazine365\/wp-content\/uploads\/2016\/01\/fotonoticia_20160108145712_800.jpg","width":800,"height":1067},"datePublished":"2016-01-10T23:41:52+01:00","dateModified":"2016-01-10T23:50:26+01:00","inLanguage":"es-ES","mainEntityOfPage":{"@id":"https:\/\/eldigitaldeasturias.com\/magazine365\/a-mezquita-catedral-de-cordoba-vuelve-a-batir-su-record-de-visitantes\/#webpage"},"isPartOf":{"@id":"https:\/\/eldigitaldeasturias.com\/magazine365\/a-mezquita-catedral-de-cordoba-vuelve-a-batir-su-record-de-visitantes\/#webpage"},"articleSection":"Noticias y Actualidad"},{"@type":"BreadcrumbList","@id":"https:\/\/eldigitaldeasturias.com\/magazine365\/a-mezquita-catedral-de-cordoba-vuelve-a-batir-su-record-de-visitantes\/#breadcrumblist","itemListElement":[{"@type":"ListItem","@id":"https:\/\/eldigitaldeasturias.com\/magazine365#listItem","position":1,"name":"Home","item":"https:\/\/eldigitaldeasturias.com\/magazine365","nextItem":{"@type":"ListItem","@id":"https:\/\/eldigitaldeasturias.com\/magazine365\/category\/noticias-actualidad\/#listItem","name":"Noticias y Actualidad"}},{"@type":"ListItem","@id":"https:\/\/eldigitaldeasturias.com\/magazine365\/category\/noticias-actualidad\/#listItem","position":2,"name":"Noticias y Actualidad","item":"https:\/\/eldigitaldeasturias.com\/magazine365\/category\/noticias-actualidad\/","nextItem":{"@type":"ListItem","@id":"https:\/\/eldigitaldeasturias.com\/magazine365\/a-mezquita-catedral-de-cordoba-vuelve-a-batir-su-record-de-visitantes\/#listItem","name":"a Mezquita-Catedral de C\u00f3rdoba vuelve a batir su r\u00e9cord de visitantes"},"previousItem":{"@type":"ListItem","@id":"https:\/\/eldigitaldeasturias.com\/magazine365#listItem","name":"Home"}},{"@type":"ListItem","@id":"https:\/\/eldigitaldeasturias.com\/magazine365\/a-mezquita-catedral-de-cordoba-vuelve-a-batir-su-record-de-visitantes\/#listItem","position":3,"name":"a Mezquita-Catedral de C\u00f3rdoba vuelve a batir su r\u00e9cord de visitantes","previousItem":{"@type":"ListItem","@id":"https:\/\/eldigitaldeasturias.com\/magazine365\/category\/noticias-actualidad\/#listItem","name":"Noticias y Actualidad"}}]},{"@type":"Organization","@id":"https:\/\/eldigitaldeasturias.com\/magazine365\/#organization","name":"El digital de Asturias","description":"Revista de ocio, turismo y estilo de vida","url":"https:\/\/eldigitaldeasturias.com\/magazine365\/","logo":{"@type":"ImageObject","url":"https:\/\/www.eldigitaldeasturias.com\/noticias\/wp-content\/uploads\/2020\/12\/EDA.jpg","@id":"https:\/\/eldigitaldeasturias.com\/magazine365\/a-mezquita-catedral-de-cordoba-vuelve-a-batir-su-record-de-visitantes\/#organizationLogo"},"image":{"@id":"https:\/\/eldigitaldeasturias.com\/magazine365\/a-mezquita-catedral-de-cordoba-vuelve-a-batir-su-record-de-visitantes\/#organizationLogo"}},{"@type":"Person","@id":"https:\/\/eldigitaldeasturias.com\/magazine365\/author\/admin\/#author","url":"https:\/\/eldigitaldeasturias.com\/magazine365\/author\/admin\/","name":"admin","image":{"@type":"ImageObject","@id":"https:\/\/eldigitaldeasturias.com\/magazine365\/a-mezquita-catedral-de-cordoba-vuelve-a-batir-su-record-de-visitantes\/#authorImage","url":"https:\/\/eldigitaldeasturias.com\/magazine365\/wp-content\/litespeed\/avatar\/e571bcf59a0edd6fa6838245a470f2fe.jpg?ver=1777574230","width":96,"height":96,"caption":"admin"}},{"@type":"WebPage","@id":"https:\/\/eldigitaldeasturias.com\/magazine365\/a-mezquita-catedral-de-cordoba-vuelve-a-batir-su-record-de-visitantes\/#webpage","url":"https:\/\/eldigitaldeasturias.com\/magazine365\/a-mezquita-catedral-de-cordoba-vuelve-a-batir-su-record-de-visitantes\/","name":"a Mezquita-Catedral de C\u00f3rdoba vuelve a batir su r\u00e9cord de visitantes | El Digital de Asturias","description":"La Mezquita-Catedral de C\u00f3rdoba ha vuelto a batir su r\u00e9cord hist\u00f3rico de visitas al recibir durante el reci\u00e9n concluido a\u00f1o 2015 m\u00e1s de 1,6 millones de turistas, frente a los 1,5 millones de 2014, habi\u00e9ndose completado, adem\u00e1s, el primer a\u00f1o de reapertura de la Torre-Campanario del monumento, por cuyos escalones han subido durante el pasado","inLanguage":"es-ES","isPartOf":{"@id":"https:\/\/eldigitaldeasturias.com\/magazine365\/#website"},"breadcrumb":{"@id":"https:\/\/eldigitaldeasturias.com\/magazine365\/a-mezquita-catedral-de-cordoba-vuelve-a-batir-su-record-de-visitantes\/#breadcrumblist"},"author":{"@id":"https:\/\/eldigitaldeasturias.com\/magazine365\/author\/admin\/#author"},"creator":{"@id":"https:\/\/eldigitaldeasturias.com\/magazine365\/author\/admin\/#author"},"image":{"@type":"ImageObject","url":"https:\/\/eldigitaldeasturias.com\/magazine365\/wp-content\/uploads\/2016\/01\/fotonoticia_20160108145712_800.jpg","@id":"https:\/\/eldigitaldeasturias.com\/magazine365\/a-mezquita-catedral-de-cordoba-vuelve-a-batir-su-record-de-visitantes\/#mainImage","width":800,"height":1067},"primaryImageOfPage":{"@id":"https:\/\/eldigitaldeasturias.com\/magazine365\/a-mezquita-catedral-de-cordoba-vuelve-a-batir-su-record-de-visitantes\/#mainImage"},"datePublished":"2016-01-10T23:41:52+01:00","dateModified":"2016-01-10T23:50:26+01:00"},{"@type":"WebSite","@id":"https:\/\/eldigitaldeasturias.com\/magazine365\/#website","url":"https:\/\/eldigitaldeasturias.com\/magazine365\/","name":"El Digital de Asturias","description":"Revista de ocio, turismo y estilo de vida","inLanguage":"es-ES","publisher":{"@id":"https:\/\/eldigitaldeasturias.com\/magazine365\/#organization"}}]},"og:locale":"es_ES","og:site_name":"El Digital de Asturias \u2013 Revista de ocio, turismo y estilo de vida","og:type":"article","og:title":"a Mezquita-Catedral de C\u00f3rdoba vuelve a batir su r\u00e9cord de visitantes | El Digital de Asturias","og:description":"La Mezquita-Catedral de C\u00f3rdoba ha vuelto a batir su r\u00e9cord hist\u00f3rico de visitas al recibir durante el reci\u00e9n concluido a\u00f1o 2015 m\u00e1s de 1,6 millones de turistas, frente a los 1,5 millones de 2014, habi\u00e9ndose completado, adem\u00e1s, el primer a\u00f1o de reapertura de la Torre-Campanario del monumento, por cuyos escalones han subido durante el pasado","og:url":"https:\/\/eldigitaldeasturias.com\/magazine365\/a-mezquita-catedral-de-cordoba-vuelve-a-batir-su-record-de-visitantes\/","og:image":"https:\/\/eldigitaldeasturias.com\/magazine365\/wp-content\/uploads\/2016\/01\/fotonoticia_20160108145712_800.jpg","og:image:secure_url":"https:\/\/eldigitaldeasturias.com\/magazine365\/wp-content\/uploads\/2016\/01\/fotonoticia_20160108145712_800.jpg","og:image:width":800,"og:image:height":1067,"article:published_time":"2016-01-10T22:41:52+00:00","article:modified_time":"2016-01-10T22:50:26+00:00","twitter:card":"summary_large_image","twitter:title":"a Mezquita-Catedral de C\u00f3rdoba vuelve a batir su r\u00e9cord de visitantes | El Digital de Asturias","twitter:description":"La Mezquita-Catedral de C\u00f3rdoba ha vuelto a batir su r\u00e9cord hist\u00f3rico de visitas al recibir durante el reci\u00e9n concluido a\u00f1o 2015 m\u00e1s de 1,6 millones de turistas, frente a los 1,5 millones de 2014, habi\u00e9ndose completado, adem\u00e1s, el primer a\u00f1o de reapertura de la Torre-Campanario del monumento, por cuyos escalones han subido durante el pasado","twitter:image":"https:\/\/eldigitaldeasturias.com\/magazine365\/wp-content\/uploads\/2016\/01\/fotonoticia_20160108145712_800.jpg"},"aioseo_meta_data":{"post_id":"60062","title":null,"description":null,"keywords":null,"keyphrases":null,"primary_term":null,"canonical_url":null,"og_title":null,"og_description":null,"og_object_type":"default","og_image_type":"default","og_image_url":null,"og_image_width":null,"og_image_height":null,"og_image_custom_url":null,"og_image_custom_fields":null,"og_video":null,"og_custom_url":null,"og_article_section":null,"og_article_tags":null,"twitter_use_og":false,"twitter_card":"default","twitter_image_type":"default","twitter_image_url":null,"twitter_image_custom_url":null,"twitter_image_custom_fields":null,"twitter_title":null,"twitter_description":null,"schema":{"blockGraphs":[],"customGraphs":[],"default":{"data":{"Article":[],"Course":[],"Dataset":[],"FAQPage":[],"Movie":[],"Person":[],"Product":[],"ProductReview":[],"Car":[],"Recipe":[],"Service":[],"SoftwareApplication":[],"WebPage":[]},"graphName":"","isEnabled":true},"graphs":[],"defaultGraph":"","defaultPostTypeGraph":""},"schema_type":null,"schema_type_options":null,"pillar_content":false,"robots_default":true,"robots_noindex":false,"robots_noarchive":false,"robots_nosnippet":false,"robots_nofollow":false,"robots_noimageindex":false,"robots_noodp":false,"robots_notranslate":false,"robots_max_snippet":null,"robots_max_videopreview":null,"robots_max_imagepreview":"large","priority":null,"frequency":null,"location":null,"local_seo":null,"seo_analyzer_scan_date":"2025-09-25 06:11:07","breadcrumb_settings":null,"limit_modified_date":false,"open_ai":null,"ai":null,"created":"2021-03-08 22:06:04","updated":"2025-09-25 06:11:07"},"aioseo_breadcrumb":"<div class=\"aioseo-breadcrumbs\"><span class=\"aioseo-breadcrumb\">\n\t<a href=\"https:\/\/eldigitaldeasturias.com\/magazine365\" title=\"Home\">Home<\/a>\n<\/span><span class=\"aioseo-breadcrumb-separator\">\u2013<\/span><span class=\"aioseo-breadcrumb\">\n\t<a href=\"https:\/\/eldigitaldeasturias.com\/magazine365\/category\/noticias-actualidad\/\" title=\"Noticias y Actualidad\">Noticias y Actualidad<\/a>\n<\/span><span class=\"aioseo-breadcrumb-separator\">\u2013<\/span><span class=\"aioseo-breadcrumb\">\n\t<a href=\"https:\/\/eldigitaldeasturias.com\/magazine365\/a-mezquita-catedral-de-cordoba-vuelve-a-batir-su-record-de-visitantes\/\" title=\"a Mezquita-Catedral de C\u00f3rdoba vuelve a batir su r\u00e9cord de visitantes\">a Mezquita-Catedral de C\u00f3rdoba vuelve a batir su r\u00e9cord de visitantes<\/a>\n<\/span><\/div>","aioseo_breadcrumb_json":[{"label":"Home","link":"https:\/\/eldigitaldeasturias.com\/magazine365"},{"label":"Noticias y Actualidad","link":"https:\/\/eldigitaldeasturias.com\/magazine365\/category\/noticias-actualidad\/"},{"label":"a Mezquita-Catedral de C\u00f3rdoba vuelve a batir su r\u00e9cord de visitantes","link":"https:\/\/eldigitaldeasturias.com\/magazine365\/a-mezquita-catedral-de-cordoba-vuelve-a-batir-su-record-de-visitantes\/"}],"_links":{"self":[{"href":"https:\/\/eldigitaldeasturias.com\/magazine365\/wp-json\/wp\/v2\/posts\/60062","targetHints":{"allow":["GET"]}}],"collection":[{"href":"https:\/\/eldigitaldeasturias.com\/magazine365\/wp-json\/wp\/v2\/posts"}],"about":[{"href":"https:\/\/eldigitaldeasturias.com\/magazine365\/wp-json\/wp\/v2\/types\/post"}],"author":[{"embeddable":true,"href":"https:\/\/eldigitaldeasturias.com\/magazine365\/wp-json\/wp\/v2\/users\/1"}],"replies":[{"embeddable":true,"href":"https:\/\/eldigitaldeasturias.com\/magazine365\/wp-json\/wp\/v2\/comments?post=60062"}],"version-history":[{"count":0,"href":"https:\/\/eldigitaldeasturias.com\/magazine365\/wp-json\/wp\/v2\/posts\/60062\/revisions"}],"wp:featuredmedia":[{"embeddable":true,"href":"https:\/\/eldigitaldeasturias.com\/magazine365\/wp-json\/wp\/v2\/media\/60063"}],"wp:attachment":[{"href":"https:\/\/eldigitaldeasturias.com\/magazine365\/wp-json\/wp\/v2\/media?parent=60062"}],"wp:term":[{"taxonomy":"category","embeddable":true,"href":"https:\/\/eldigitaldeasturias.com\/magazine365\/wp-json\/wp\/v2\/categories?post=60062"},{"taxonomy":"post_tag","embeddable":true,"href":"https:\/\/eldigitaldeasturias.com\/magazine365\/wp-json\/wp\/v2\/tags?post=60062"}],"curies":[{"name":"wp","href":"https:\/\/api.w.org\/{rel}","templated":true}]}}