{"id":60056,"date":"2016-01-10T23:37:13","date_gmt":"2016-01-10T22:37:13","guid":{"rendered":"http:\/\/eldigitaldeasturias.com\/magazine365\/?p=60056"},"modified":"2016-01-10T23:37:13","modified_gmt":"2016-01-10T22:37:13","slug":"air-europa-sera-la-aerolinea-oficial-del-carnaval-de-salvador-de-bahia","status":"publish","type":"post","link":"https:\/\/eldigitaldeasturias.com\/magazine365\/air-europa-sera-la-aerolinea-oficial-del-carnaval-de-salvador-de-bahia\/","title":{"rendered":"Air Europa ser\u00e1 la aerol\u00ednea oficial del Carnaval de Salvador de Bah\u00eda"},"content":{"rendered":"<p><img fetchpriority=\"high\" decoding=\"async\" class=\"alignleft size-medium wp-image-60057\" src=\"https:\/\/eldigitaldeasturias.com\/magazine365\/wp-content\/uploads\/2016\/01\/fotonoticia_20160108144920_800-360x240.jpg\" alt=\"fotonoticia_20160108144920_800\" width=\"360\" height=\"240\" srcset=\"https:\/\/eldigitaldeasturias.com\/magazine365\/wp-content\/uploads\/2016\/01\/fotonoticia_20160108144920_800-360x240.jpg 360w, https:\/\/eldigitaldeasturias.com\/magazine365\/wp-content\/uploads\/2016\/01\/fotonoticia_20160108144920_800-650x433.jpg 650w, https:\/\/eldigitaldeasturias.com\/magazine365\/wp-content\/uploads\/2016\/01\/fotonoticia_20160108144920_800-768x512.jpg 768w, https:\/\/eldigitaldeasturias.com\/magazine365\/wp-content\/uploads\/2016\/01\/fotonoticia_20160108144920_800-150x100.jpg 150w, https:\/\/eldigitaldeasturias.com\/magazine365\/wp-content\/uploads\/2016\/01\/fotonoticia_20160108144920_800-450x300.jpg 450w, https:\/\/eldigitaldeasturias.com\/magazine365\/wp-content\/uploads\/2016\/01\/fotonoticia_20160108144920_800-696x464.jpg 696w, https:\/\/eldigitaldeasturias.com\/magazine365\/wp-content\/uploads\/2016\/01\/fotonoticia_20160108144920_800-630x420.jpg 630w, https:\/\/eldigitaldeasturias.com\/magazine365\/wp-content\/uploads\/2016\/01\/fotonoticia_20160108144920_800-101x66.jpg 101w, https:\/\/eldigitaldeasturias.com\/magazine365\/wp-content\/uploads\/2016\/01\/fotonoticia_20160108144920_800.jpg 800w\" sizes=\"(max-width: 360px) 100vw, 360px\" \/>Air Europa ser\u00e1 la aerol\u00ednea oficial del Carnaval de Salvador de Bah\u00eda por segundo a\u00f1o consecutivo, seg\u00fan ha informado la compa\u00f1\u00eda, celebraci\u00f3n que este a\u00f1o se alargar\u00e1 con un precarnaval y que durar\u00e1 del 30 de enero al 10 de febrero.<\/p>\n<p>La divisi\u00f3n a\u00e9rea de Globalia ha firmado un acuerdo con el Ayuntamiento de la ciudad por el que han consensuado acciones promocionales y de divulgaci\u00f3n como la emisi\u00f3n de un v\u00eddeo, publicaci\u00f3n de reportajes en la revista de a bordo y ofertas en las redes sociales.<\/p>\n<p>La aerol\u00ednea ha firmado otro acuerdo con la empresa brasile\u00f1a Central de Carnaval donde los viajeros disfrutar\u00e1n de un 20% de descuento en la compra de las entradas del Carnaval que permiten acceder a las tribunas m\u00e1s importantes para seguir la fiesta.<\/p>\n<p>\u00abAir Europa pretende posicionarse y consolidarse como la como la compa\u00f1\u00eda referencia en la ruta Brasil-Europa\u00bb, ha explicado el director general de Air Europa en Brasil, Enrique Mart\u00edn-Ambrosio.<\/p>\n<p>Actualmente, la compa\u00f1\u00eda tiene una frecuencia diaria con Sao Paulo-Guarulhos y tres, martes, jueves y s\u00e1bados, con Salvador de Bah\u00eda, con una ocupaci\u00f3n media del 85%, n 18% m\u00e1s que en el mismo periodo del a\u00f1o anterior.<\/p>\n<p>ACUERDO DE C\u00d3DIGO COMPARTIDO.<\/p>\n<p>Gracias a la firma del acuerdo de c\u00f3digo compartido con Avianca Brasil el pasado 2 de diciembre, la compa\u00f1\u00eda brasile\u00f1a pone el c\u00f3digo de vuelos operados por la divisi\u00f3n a\u00e9rea de Globalia que enlazan Salvador de Bah\u00eda y Sao Paulo con Madrid.<\/p>\n<p>y, a su vez, Air Europa despliega su c\u00f3digo en los 64 vuelos semanales de la aerol\u00ednea brasile\u00f1a entre Sao Paulo y Fortaleza, Puerto Alegre, Brasilia, Salvador de Bah\u00eda y R\u00edo de Janeiro.<\/p>\n","protected":false},"excerpt":{"rendered":"<p>Air Europa ser\u00e1 la aerol\u00ednea oficial del Carnaval de Salvador de Bah\u00eda por segundo a\u00f1o consecutivo, seg\u00fan ha informado la compa\u00f1\u00eda, celebraci\u00f3n que este a\u00f1o se alargar\u00e1 con un precarnaval y que durar\u00e1 del 30 de enero al 10 de febrero. La divisi\u00f3n a\u00e9rea de Globalia ha firmado un acuerdo con el Ayuntamiento de la<\/p>\n","protected":false},"author":1,"featured_media":60057,"comment_status":"open","ping_status":"closed","sticky":false,"template":"","format":"standard","meta":{"footnotes":""},"categories":[224],"tags":[],"class_list":{"0":"post-60056","1":"post","2":"type-post","3":"status-publish","4":"format-standard","5":"has-post-thumbnail","7":"category-noticias-actualidad"},"aioseo_notices":[],"aioseo_head":"\n\t\t<!-- All in One SEO Pro 4.9.6.1 - aioseo.com -->\n\t<meta name=\"description\" content=\"Air Europa ser\u00e1 la aerol\u00ednea oficial del Carnaval de Salvador de Bah\u00eda por segundo a\u00f1o consecutivo, seg\u00fan ha informado la compa\u00f1\u00eda, celebraci\u00f3n que este a\u00f1o se alargar\u00e1 con un precarnaval y que durar\u00e1 del 30 de enero al 10 de febrero. La divisi\u00f3n a\u00e9rea de Globalia ha firmado un acuerdo con el Ayuntamiento de la\" \/>\n\t<meta name=\"robots\" content=\"max-image-preview:large\" \/>\n\t<meta name=\"author\" content=\"admin\"\/>\n\t<meta name=\"google-site-verification\" content=\"UA-38556648-1\" \/>\n\t<meta name=\"keywords\" content=\"noticias y actualidad\" \/>\n\t<link rel=\"canonical\" href=\"https:\/\/eldigitaldeasturias.com\/magazine365\/air-europa-sera-la-aerolinea-oficial-del-carnaval-de-salvador-de-bahia\/\" \/>\n\t<meta name=\"generator\" content=\"All in One SEO Pro (AIOSEO) 4.9.6.1\" \/>\n\t\t<meta property=\"og:locale\" content=\"es_ES\" \/>\n\t\t<meta property=\"og:site_name\" content=\"El Digital de Asturias \u2013 Revista de ocio, turismo y estilo de vida\" \/>\n\t\t<meta property=\"og:type\" content=\"article\" \/>\n\t\t<meta property=\"og:title\" content=\"Air Europa ser\u00e1 la aerol\u00ednea oficial del Carnaval de Salvador de Bah\u00eda | El Digital de Asturias\" \/>\n\t\t<meta property=\"og:description\" content=\"Air Europa ser\u00e1 la aerol\u00ednea oficial del Carnaval de Salvador de Bah\u00eda por segundo a\u00f1o consecutivo, seg\u00fan ha informado la compa\u00f1\u00eda, celebraci\u00f3n que este a\u00f1o se alargar\u00e1 con un precarnaval y que durar\u00e1 del 30 de enero al 10 de febrero. La divisi\u00f3n a\u00e9rea de Globalia ha firmado un acuerdo con el Ayuntamiento de la\" \/>\n\t\t<meta property=\"og:url\" content=\"https:\/\/eldigitaldeasturias.com\/magazine365\/air-europa-sera-la-aerolinea-oficial-del-carnaval-de-salvador-de-bahia\/\" \/>\n\t\t<meta property=\"og:image\" content=\"https:\/\/eldigitaldeasturias.com\/magazine365\/wp-content\/uploads\/2016\/01\/fotonoticia_20160108144920_800.jpg\" \/>\n\t\t<meta property=\"og:image:secure_url\" content=\"https:\/\/eldigitaldeasturias.com\/magazine365\/wp-content\/uploads\/2016\/01\/fotonoticia_20160108144920_800.jpg\" \/>\n\t\t<meta property=\"og:image:width\" content=\"800\" \/>\n\t\t<meta property=\"og:image:height\" content=\"533\" \/>\n\t\t<meta property=\"article:published_time\" content=\"2016-01-10T22:37:13+00:00\" \/>\n\t\t<meta property=\"article:modified_time\" content=\"2016-01-10T22:37:13+00:00\" \/>\n\t\t<meta name=\"twitter:card\" content=\"summary_large_image\" \/>\n\t\t<meta name=\"twitter:title\" content=\"Air Europa ser\u00e1 la aerol\u00ednea oficial del Carnaval de Salvador de Bah\u00eda | El Digital de Asturias\" \/>\n\t\t<meta name=\"twitter:description\" content=\"Air Europa ser\u00e1 la aerol\u00ednea oficial del Carnaval de Salvador de Bah\u00eda por segundo a\u00f1o consecutivo, seg\u00fan ha informado la compa\u00f1\u00eda, celebraci\u00f3n que este a\u00f1o se alargar\u00e1 con un precarnaval y que durar\u00e1 del 30 de enero al 10 de febrero. La divisi\u00f3n a\u00e9rea de Globalia ha firmado un acuerdo con el Ayuntamiento de la\" \/>\n\t\t<meta name=\"twitter:image\" content=\"https:\/\/eldigitaldeasturias.com\/magazine365\/wp-content\/uploads\/2016\/01\/fotonoticia_20160108144920_800.jpg\" \/>\n\t\t<script type=\"application\/ld+json\" class=\"aioseo-schema\">\n\t\t\t{\"@context\":\"https:\\\/\\\/schema.org\",\"@graph\":[{\"@type\":\"Article\",\"@id\":\"https:\\\/\\\/eldigitaldeasturias.com\\\/magazine365\\\/air-europa-sera-la-aerolinea-oficial-del-carnaval-de-salvador-de-bahia\\\/#article\",\"name\":\"Air Europa ser\\u00e1 la aerol\\u00ednea oficial del Carnaval de Salvador de Bah\\u00eda | El Digital de Asturias\",\"headline\":\"Air Europa ser\\u00e1 la aerol\\u00ednea oficial del Carnaval de Salvador de Bah\\u00eda\",\"author\":{\"@id\":\"https:\\\/\\\/eldigitaldeasturias.com\\\/magazine365\\\/author\\\/admin\\\/#author\"},\"publisher\":{\"@id\":\"https:\\\/\\\/eldigitaldeasturias.com\\\/magazine365\\\/#organization\"},\"image\":{\"@type\":\"ImageObject\",\"url\":\"https:\\\/\\\/eldigitaldeasturias.com\\\/magazine365\\\/wp-content\\\/uploads\\\/2016\\\/01\\\/fotonoticia_20160108144920_800.jpg\",\"width\":800,\"height\":533},\"datePublished\":\"2016-01-10T23:37:13+01:00\",\"dateModified\":\"2016-01-10T23:37:13+01:00\",\"inLanguage\":\"es-ES\",\"mainEntityOfPage\":{\"@id\":\"https:\\\/\\\/eldigitaldeasturias.com\\\/magazine365\\\/air-europa-sera-la-aerolinea-oficial-del-carnaval-de-salvador-de-bahia\\\/#webpage\"},\"isPartOf\":{\"@id\":\"https:\\\/\\\/eldigitaldeasturias.com\\\/magazine365\\\/air-europa-sera-la-aerolinea-oficial-del-carnaval-de-salvador-de-bahia\\\/#webpage\"},\"articleSection\":\"Noticias y Actualidad\"},{\"@type\":\"BreadcrumbList\",\"@id\":\"https:\\\/\\\/eldigitaldeasturias.com\\\/magazine365\\\/air-europa-sera-la-aerolinea-oficial-del-carnaval-de-salvador-de-bahia\\\/#breadcrumblist\",\"itemListElement\":[{\"@type\":\"ListItem\",\"@id\":\"https:\\\/\\\/eldigitaldeasturias.com\\\/magazine365#listItem\",\"position\":1,\"name\":\"Home\",\"item\":\"https:\\\/\\\/eldigitaldeasturias.com\\\/magazine365\",\"nextItem\":{\"@type\":\"ListItem\",\"@id\":\"https:\\\/\\\/eldigitaldeasturias.com\\\/magazine365\\\/category\\\/noticias-actualidad\\\/#listItem\",\"name\":\"Noticias y Actualidad\"}},{\"@type\":\"ListItem\",\"@id\":\"https:\\\/\\\/eldigitaldeasturias.com\\\/magazine365\\\/category\\\/noticias-actualidad\\\/#listItem\",\"position\":2,\"name\":\"Noticias y Actualidad\",\"item\":\"https:\\\/\\\/eldigitaldeasturias.com\\\/magazine365\\\/category\\\/noticias-actualidad\\\/\",\"nextItem\":{\"@type\":\"ListItem\",\"@id\":\"https:\\\/\\\/eldigitaldeasturias.com\\\/magazine365\\\/air-europa-sera-la-aerolinea-oficial-del-carnaval-de-salvador-de-bahia\\\/#listItem\",\"name\":\"Air Europa ser\\u00e1 la aerol\\u00ednea oficial del Carnaval de Salvador de Bah\\u00eda\"},\"previousItem\":{\"@type\":\"ListItem\",\"@id\":\"https:\\\/\\\/eldigitaldeasturias.com\\\/magazine365#listItem\",\"name\":\"Home\"}},{\"@type\":\"ListItem\",\"@id\":\"https:\\\/\\\/eldigitaldeasturias.com\\\/magazine365\\\/air-europa-sera-la-aerolinea-oficial-del-carnaval-de-salvador-de-bahia\\\/#listItem\",\"position\":3,\"name\":\"Air Europa ser\\u00e1 la aerol\\u00ednea oficial del Carnaval de Salvador de Bah\\u00eda\",\"previousItem\":{\"@type\":\"ListItem\",\"@id\":\"https:\\\/\\\/eldigitaldeasturias.com\\\/magazine365\\\/category\\\/noticias-actualidad\\\/#listItem\",\"name\":\"Noticias y Actualidad\"}}]},{\"@type\":\"Organization\",\"@id\":\"https:\\\/\\\/eldigitaldeasturias.com\\\/magazine365\\\/#organization\",\"name\":\"El digital de Asturias\",\"description\":\"Revista de ocio, turismo y estilo de vida\",\"url\":\"https:\\\/\\\/eldigitaldeasturias.com\\\/magazine365\\\/\",\"logo\":{\"@type\":\"ImageObject\",\"url\":\"https:\\\/\\\/www.eldigitaldeasturias.com\\\/noticias\\\/wp-content\\\/uploads\\\/2020\\\/12\\\/EDA.jpg\",\"@id\":\"https:\\\/\\\/eldigitaldeasturias.com\\\/magazine365\\\/air-europa-sera-la-aerolinea-oficial-del-carnaval-de-salvador-de-bahia\\\/#organizationLogo\"},\"image\":{\"@id\":\"https:\\\/\\\/eldigitaldeasturias.com\\\/magazine365\\\/air-europa-sera-la-aerolinea-oficial-del-carnaval-de-salvador-de-bahia\\\/#organizationLogo\"}},{\"@type\":\"Person\",\"@id\":\"https:\\\/\\\/eldigitaldeasturias.com\\\/magazine365\\\/author\\\/admin\\\/#author\",\"url\":\"https:\\\/\\\/eldigitaldeasturias.com\\\/magazine365\\\/author\\\/admin\\\/\",\"name\":\"admin\",\"image\":{\"@type\":\"ImageObject\",\"@id\":\"https:\\\/\\\/eldigitaldeasturias.com\\\/magazine365\\\/air-europa-sera-la-aerolinea-oficial-del-carnaval-de-salvador-de-bahia\\\/#authorImage\",\"url\":\"https:\\\/\\\/eldigitaldeasturias.com\\\/magazine365\\\/wp-content\\\/litespeed\\\/avatar\\\/e571bcf59a0edd6fa6838245a470f2fe.jpg?ver=1777574230\",\"width\":96,\"height\":96,\"caption\":\"admin\"}},{\"@type\":\"WebPage\",\"@id\":\"https:\\\/\\\/eldigitaldeasturias.com\\\/magazine365\\\/air-europa-sera-la-aerolinea-oficial-del-carnaval-de-salvador-de-bahia\\\/#webpage\",\"url\":\"https:\\\/\\\/eldigitaldeasturias.com\\\/magazine365\\\/air-europa-sera-la-aerolinea-oficial-del-carnaval-de-salvador-de-bahia\\\/\",\"name\":\"Air Europa ser\\u00e1 la aerol\\u00ednea oficial del Carnaval de Salvador de Bah\\u00eda | El Digital de Asturias\",\"description\":\"Air Europa ser\\u00e1 la aerol\\u00ednea oficial del Carnaval de Salvador de Bah\\u00eda por segundo a\\u00f1o consecutivo, seg\\u00fan ha informado la compa\\u00f1\\u00eda, celebraci\\u00f3n que este a\\u00f1o se alargar\\u00e1 con un precarnaval y que durar\\u00e1 del 30 de enero al 10 de febrero. La divisi\\u00f3n a\\u00e9rea de Globalia ha firmado un acuerdo con el Ayuntamiento de la\",\"inLanguage\":\"es-ES\",\"isPartOf\":{\"@id\":\"https:\\\/\\\/eldigitaldeasturias.com\\\/magazine365\\\/#website\"},\"breadcrumb\":{\"@id\":\"https:\\\/\\\/eldigitaldeasturias.com\\\/magazine365\\\/air-europa-sera-la-aerolinea-oficial-del-carnaval-de-salvador-de-bahia\\\/#breadcrumblist\"},\"author\":{\"@id\":\"https:\\\/\\\/eldigitaldeasturias.com\\\/magazine365\\\/author\\\/admin\\\/#author\"},\"creator\":{\"@id\":\"https:\\\/\\\/eldigitaldeasturias.com\\\/magazine365\\\/author\\\/admin\\\/#author\"},\"image\":{\"@type\":\"ImageObject\",\"url\":\"https:\\\/\\\/eldigitaldeasturias.com\\\/magazine365\\\/wp-content\\\/uploads\\\/2016\\\/01\\\/fotonoticia_20160108144920_800.jpg\",\"@id\":\"https:\\\/\\\/eldigitaldeasturias.com\\\/magazine365\\\/air-europa-sera-la-aerolinea-oficial-del-carnaval-de-salvador-de-bahia\\\/#mainImage\",\"width\":800,\"height\":533},\"primaryImageOfPage\":{\"@id\":\"https:\\\/\\\/eldigitaldeasturias.com\\\/magazine365\\\/air-europa-sera-la-aerolinea-oficial-del-carnaval-de-salvador-de-bahia\\\/#mainImage\"},\"datePublished\":\"2016-01-10T23:37:13+01:00\",\"dateModified\":\"2016-01-10T23:37:13+01:00\"},{\"@type\":\"WebSite\",\"@id\":\"https:\\\/\\\/eldigitaldeasturias.com\\\/magazine365\\\/#website\",\"url\":\"https:\\\/\\\/eldigitaldeasturias.com\\\/magazine365\\\/\",\"name\":\"El Digital de Asturias\",\"description\":\"Revista de ocio, turismo y estilo de vida\",\"inLanguage\":\"es-ES\",\"publisher\":{\"@id\":\"https:\\\/\\\/eldigitaldeasturias.com\\\/magazine365\\\/#organization\"}}]}\n\t\t<\/script>\n\t\t<!-- All in One SEO Pro -->\r\n\t\t<title>Air Europa ser\u00e1 la aerol\u00ednea oficial del Carnaval de Salvador de Bah\u00eda | El Digital de Asturias<\/title>\n\n","aioseo_head_json":{"title":"Air Europa ser\u00e1 la aerol\u00ednea oficial del Carnaval de Salvador de Bah\u00eda | El Digital de Asturias","description":"Air Europa ser\u00e1 la aerol\u00ednea oficial del Carnaval de Salvador de Bah\u00eda por segundo a\u00f1o consecutivo, seg\u00fan ha informado la compa\u00f1\u00eda, celebraci\u00f3n que este a\u00f1o se alargar\u00e1 con un precarnaval y que durar\u00e1 del 30 de enero al 10 de febrero. La divisi\u00f3n a\u00e9rea de Globalia ha firmado un acuerdo con el Ayuntamiento de la","canonical_url":"https:\/\/eldigitaldeasturias.com\/magazine365\/air-europa-sera-la-aerolinea-oficial-del-carnaval-de-salvador-de-bahia\/","robots":"max-image-preview:large","keywords":"noticias y actualidad","webmasterTools":{"google-site-verification":"UA-38556648-1","miscellaneous":""},"schema":{"@context":"https:\/\/schema.org","@graph":[{"@type":"Article","@id":"https:\/\/eldigitaldeasturias.com\/magazine365\/air-europa-sera-la-aerolinea-oficial-del-carnaval-de-salvador-de-bahia\/#article","name":"Air Europa ser\u00e1 la aerol\u00ednea oficial del Carnaval de Salvador de Bah\u00eda | El Digital de Asturias","headline":"Air Europa ser\u00e1 la aerol\u00ednea oficial del Carnaval de Salvador de Bah\u00eda","author":{"@id":"https:\/\/eldigitaldeasturias.com\/magazine365\/author\/admin\/#author"},"publisher":{"@id":"https:\/\/eldigitaldeasturias.com\/magazine365\/#organization"},"image":{"@type":"ImageObject","url":"https:\/\/eldigitaldeasturias.com\/magazine365\/wp-content\/uploads\/2016\/01\/fotonoticia_20160108144920_800.jpg","width":800,"height":533},"datePublished":"2016-01-10T23:37:13+01:00","dateModified":"2016-01-10T23:37:13+01:00","inLanguage":"es-ES","mainEntityOfPage":{"@id":"https:\/\/eldigitaldeasturias.com\/magazine365\/air-europa-sera-la-aerolinea-oficial-del-carnaval-de-salvador-de-bahia\/#webpage"},"isPartOf":{"@id":"https:\/\/eldigitaldeasturias.com\/magazine365\/air-europa-sera-la-aerolinea-oficial-del-carnaval-de-salvador-de-bahia\/#webpage"},"articleSection":"Noticias y Actualidad"},{"@type":"BreadcrumbList","@id":"https:\/\/eldigitaldeasturias.com\/magazine365\/air-europa-sera-la-aerolinea-oficial-del-carnaval-de-salvador-de-bahia\/#breadcrumblist","itemListElement":[{"@type":"ListItem","@id":"https:\/\/eldigitaldeasturias.com\/magazine365#listItem","position":1,"name":"Home","item":"https:\/\/eldigitaldeasturias.com\/magazine365","nextItem":{"@type":"ListItem","@id":"https:\/\/eldigitaldeasturias.com\/magazine365\/category\/noticias-actualidad\/#listItem","name":"Noticias y Actualidad"}},{"@type":"ListItem","@id":"https:\/\/eldigitaldeasturias.com\/magazine365\/category\/noticias-actualidad\/#listItem","position":2,"name":"Noticias y Actualidad","item":"https:\/\/eldigitaldeasturias.com\/magazine365\/category\/noticias-actualidad\/","nextItem":{"@type":"ListItem","@id":"https:\/\/eldigitaldeasturias.com\/magazine365\/air-europa-sera-la-aerolinea-oficial-del-carnaval-de-salvador-de-bahia\/#listItem","name":"Air Europa ser\u00e1 la aerol\u00ednea oficial del Carnaval de Salvador de Bah\u00eda"},"previousItem":{"@type":"ListItem","@id":"https:\/\/eldigitaldeasturias.com\/magazine365#listItem","name":"Home"}},{"@type":"ListItem","@id":"https:\/\/eldigitaldeasturias.com\/magazine365\/air-europa-sera-la-aerolinea-oficial-del-carnaval-de-salvador-de-bahia\/#listItem","position":3,"name":"Air Europa ser\u00e1 la aerol\u00ednea oficial del Carnaval de Salvador de Bah\u00eda","previousItem":{"@type":"ListItem","@id":"https:\/\/eldigitaldeasturias.com\/magazine365\/category\/noticias-actualidad\/#listItem","name":"Noticias y Actualidad"}}]},{"@type":"Organization","@id":"https:\/\/eldigitaldeasturias.com\/magazine365\/#organization","name":"El digital de Asturias","description":"Revista de ocio, turismo y estilo de vida","url":"https:\/\/eldigitaldeasturias.com\/magazine365\/","logo":{"@type":"ImageObject","url":"https:\/\/www.eldigitaldeasturias.com\/noticias\/wp-content\/uploads\/2020\/12\/EDA.jpg","@id":"https:\/\/eldigitaldeasturias.com\/magazine365\/air-europa-sera-la-aerolinea-oficial-del-carnaval-de-salvador-de-bahia\/#organizationLogo"},"image":{"@id":"https:\/\/eldigitaldeasturias.com\/magazine365\/air-europa-sera-la-aerolinea-oficial-del-carnaval-de-salvador-de-bahia\/#organizationLogo"}},{"@type":"Person","@id":"https:\/\/eldigitaldeasturias.com\/magazine365\/author\/admin\/#author","url":"https:\/\/eldigitaldeasturias.com\/magazine365\/author\/admin\/","name":"admin","image":{"@type":"ImageObject","@id":"https:\/\/eldigitaldeasturias.com\/magazine365\/air-europa-sera-la-aerolinea-oficial-del-carnaval-de-salvador-de-bahia\/#authorImage","url":"https:\/\/eldigitaldeasturias.com\/magazine365\/wp-content\/litespeed\/avatar\/e571bcf59a0edd6fa6838245a470f2fe.jpg?ver=1777574230","width":96,"height":96,"caption":"admin"}},{"@type":"WebPage","@id":"https:\/\/eldigitaldeasturias.com\/magazine365\/air-europa-sera-la-aerolinea-oficial-del-carnaval-de-salvador-de-bahia\/#webpage","url":"https:\/\/eldigitaldeasturias.com\/magazine365\/air-europa-sera-la-aerolinea-oficial-del-carnaval-de-salvador-de-bahia\/","name":"Air Europa ser\u00e1 la aerol\u00ednea oficial del Carnaval de Salvador de Bah\u00eda | El Digital de Asturias","description":"Air Europa ser\u00e1 la aerol\u00ednea oficial del Carnaval de Salvador de Bah\u00eda por segundo a\u00f1o consecutivo, seg\u00fan ha informado la compa\u00f1\u00eda, celebraci\u00f3n que este a\u00f1o se alargar\u00e1 con un precarnaval y que durar\u00e1 del 30 de enero al 10 de febrero. La divisi\u00f3n a\u00e9rea de Globalia ha firmado un acuerdo con el Ayuntamiento de la","inLanguage":"es-ES","isPartOf":{"@id":"https:\/\/eldigitaldeasturias.com\/magazine365\/#website"},"breadcrumb":{"@id":"https:\/\/eldigitaldeasturias.com\/magazine365\/air-europa-sera-la-aerolinea-oficial-del-carnaval-de-salvador-de-bahia\/#breadcrumblist"},"author":{"@id":"https:\/\/eldigitaldeasturias.com\/magazine365\/author\/admin\/#author"},"creator":{"@id":"https:\/\/eldigitaldeasturias.com\/magazine365\/author\/admin\/#author"},"image":{"@type":"ImageObject","url":"https:\/\/eldigitaldeasturias.com\/magazine365\/wp-content\/uploads\/2016\/01\/fotonoticia_20160108144920_800.jpg","@id":"https:\/\/eldigitaldeasturias.com\/magazine365\/air-europa-sera-la-aerolinea-oficial-del-carnaval-de-salvador-de-bahia\/#mainImage","width":800,"height":533},"primaryImageOfPage":{"@id":"https:\/\/eldigitaldeasturias.com\/magazine365\/air-europa-sera-la-aerolinea-oficial-del-carnaval-de-salvador-de-bahia\/#mainImage"},"datePublished":"2016-01-10T23:37:13+01:00","dateModified":"2016-01-10T23:37:13+01:00"},{"@type":"WebSite","@id":"https:\/\/eldigitaldeasturias.com\/magazine365\/#website","url":"https:\/\/eldigitaldeasturias.com\/magazine365\/","name":"El Digital de Asturias","description":"Revista de ocio, turismo y estilo de vida","inLanguage":"es-ES","publisher":{"@id":"https:\/\/eldigitaldeasturias.com\/magazine365\/#organization"}}]},"og:locale":"es_ES","og:site_name":"El Digital de Asturias \u2013 Revista de ocio, turismo y estilo de vida","og:type":"article","og:title":"Air Europa ser\u00e1 la aerol\u00ednea oficial del Carnaval de Salvador de Bah\u00eda | El Digital de Asturias","og:description":"Air Europa ser\u00e1 la aerol\u00ednea oficial del Carnaval de Salvador de Bah\u00eda por segundo a\u00f1o consecutivo, seg\u00fan ha informado la compa\u00f1\u00eda, celebraci\u00f3n que este a\u00f1o se alargar\u00e1 con un precarnaval y que durar\u00e1 del 30 de enero al 10 de febrero. La divisi\u00f3n a\u00e9rea de Globalia ha firmado un acuerdo con el Ayuntamiento de la","og:url":"https:\/\/eldigitaldeasturias.com\/magazine365\/air-europa-sera-la-aerolinea-oficial-del-carnaval-de-salvador-de-bahia\/","og:image":"https:\/\/eldigitaldeasturias.com\/magazine365\/wp-content\/uploads\/2016\/01\/fotonoticia_20160108144920_800.jpg","og:image:secure_url":"https:\/\/eldigitaldeasturias.com\/magazine365\/wp-content\/uploads\/2016\/01\/fotonoticia_20160108144920_800.jpg","og:image:width":800,"og:image:height":533,"article:published_time":"2016-01-10T22:37:13+00:00","article:modified_time":"2016-01-10T22:37:13+00:00","twitter:card":"summary_large_image","twitter:title":"Air Europa ser\u00e1 la aerol\u00ednea oficial del Carnaval de Salvador de Bah\u00eda | El Digital de Asturias","twitter:description":"Air Europa ser\u00e1 la aerol\u00ednea oficial del Carnaval de Salvador de Bah\u00eda por segundo a\u00f1o consecutivo, seg\u00fan ha informado la compa\u00f1\u00eda, celebraci\u00f3n que este a\u00f1o se alargar\u00e1 con un precarnaval y que durar\u00e1 del 30 de enero al 10 de febrero. La divisi\u00f3n a\u00e9rea de Globalia ha firmado un acuerdo con el Ayuntamiento de la","twitter:image":"https:\/\/eldigitaldeasturias.com\/magazine365\/wp-content\/uploads\/2016\/01\/fotonoticia_20160108144920_800.jpg"},"aioseo_meta_data":{"post_id":"60056","title":null,"description":null,"keywords":null,"keyphrases":null,"primary_term":null,"canonical_url":null,"og_title":null,"og_description":null,"og_object_type":"default","og_image_type":"default","og_image_url":null,"og_image_width":null,"og_image_height":null,"og_image_custom_url":null,"og_image_custom_fields":null,"og_video":null,"og_custom_url":null,"og_article_section":null,"og_article_tags":null,"twitter_use_og":false,"twitter_card":"default","twitter_image_type":"default","twitter_image_url":null,"twitter_image_custom_url":null,"twitter_image_custom_fields":null,"twitter_title":null,"twitter_description":null,"schema":{"blockGraphs":[],"customGraphs":[],"default":{"data":{"Article":[],"Course":[],"Dataset":[],"FAQPage":[],"Movie":[],"Person":[],"Product":[],"ProductReview":[],"Car":[],"Recipe":[],"Service":[],"SoftwareApplication":[],"WebPage":[]},"graphName":"","isEnabled":true},"graphs":[],"defaultGraph":"","defaultPostTypeGraph":""},"schema_type":null,"schema_type_options":null,"pillar_content":false,"robots_default":true,"robots_noindex":false,"robots_noarchive":false,"robots_nosnippet":false,"robots_nofollow":false,"robots_noimageindex":false,"robots_noodp":false,"robots_notranslate":false,"robots_max_snippet":null,"robots_max_videopreview":null,"robots_max_imagepreview":"large","priority":null,"frequency":null,"location":null,"local_seo":null,"seo_analyzer_scan_date":"2025-09-25 06:11:03","breadcrumb_settings":null,"limit_modified_date":false,"open_ai":null,"ai":null,"created":"2021-03-08 22:06:04","updated":"2025-09-25 06:11:03"},"aioseo_breadcrumb":"<div class=\"aioseo-breadcrumbs\"><span class=\"aioseo-breadcrumb\">\n\t<a href=\"https:\/\/eldigitaldeasturias.com\/magazine365\" title=\"Home\">Home<\/a>\n<\/span><span class=\"aioseo-breadcrumb-separator\">\u2013<\/span><span class=\"aioseo-breadcrumb\">\n\t<a href=\"https:\/\/eldigitaldeasturias.com\/magazine365\/category\/noticias-actualidad\/\" title=\"Noticias y Actualidad\">Noticias y Actualidad<\/a>\n<\/span><span class=\"aioseo-breadcrumb-separator\">\u2013<\/span><span class=\"aioseo-breadcrumb\">\n\t<a href=\"https:\/\/eldigitaldeasturias.com\/magazine365\/air-europa-sera-la-aerolinea-oficial-del-carnaval-de-salvador-de-bahia\/\" title=\"Air Europa ser\u00e1 la aerol\u00ednea oficial del Carnaval de Salvador de Bah\u00eda\">Air Europa ser\u00e1 la aerol\u00ednea oficial del Carnaval de Salvador de Bah\u00eda<\/a>\n<\/span><\/div>","aioseo_breadcrumb_json":[{"label":"Home","link":"https:\/\/eldigitaldeasturias.com\/magazine365"},{"label":"Noticias y Actualidad","link":"https:\/\/eldigitaldeasturias.com\/magazine365\/category\/noticias-actualidad\/"},{"label":"Air Europa ser\u00e1 la aerol\u00ednea oficial del Carnaval de Salvador de Bah\u00eda","link":"https:\/\/eldigitaldeasturias.com\/magazine365\/air-europa-sera-la-aerolinea-oficial-del-carnaval-de-salvador-de-bahia\/"}],"_links":{"self":[{"href":"https:\/\/eldigitaldeasturias.com\/magazine365\/wp-json\/wp\/v2\/posts\/60056","targetHints":{"allow":["GET"]}}],"collection":[{"href":"https:\/\/eldigitaldeasturias.com\/magazine365\/wp-json\/wp\/v2\/posts"}],"about":[{"href":"https:\/\/eldigitaldeasturias.com\/magazine365\/wp-json\/wp\/v2\/types\/post"}],"author":[{"embeddable":true,"href":"https:\/\/eldigitaldeasturias.com\/magazine365\/wp-json\/wp\/v2\/users\/1"}],"replies":[{"embeddable":true,"href":"https:\/\/eldigitaldeasturias.com\/magazine365\/wp-json\/wp\/v2\/comments?post=60056"}],"version-history":[{"count":0,"href":"https:\/\/eldigitaldeasturias.com\/magazine365\/wp-json\/wp\/v2\/posts\/60056\/revisions"}],"wp:featuredmedia":[{"embeddable":true,"href":"https:\/\/eldigitaldeasturias.com\/magazine365\/wp-json\/wp\/v2\/media\/60057"}],"wp:attachment":[{"href":"https:\/\/eldigitaldeasturias.com\/magazine365\/wp-json\/wp\/v2\/media?parent=60056"}],"wp:term":[{"taxonomy":"category","embeddable":true,"href":"https:\/\/eldigitaldeasturias.com\/magazine365\/wp-json\/wp\/v2\/categories?post=60056"},{"taxonomy":"post_tag","embeddable":true,"href":"https:\/\/eldigitaldeasturias.com\/magazine365\/wp-json\/wp\/v2\/tags?post=60056"}],"curies":[{"name":"wp","href":"https:\/\/api.w.org\/{rel}","templated":true}]}}