{"id":60053,"date":"2016-01-10T23:29:30","date_gmt":"2016-01-10T22:29:30","guid":{"rendered":"http:\/\/eldigitaldeasturias.com\/magazine365\/?p=60053"},"modified":"2016-01-10T23:29:30","modified_gmt":"2016-01-10T22:29:30","slug":"el-sector-nautico-cierra-2015-con-4-654-matriculaciones-de-embarcaciones-de-recreo","status":"publish","type":"post","link":"https:\/\/eldigitaldeasturias.com\/magazine365\/el-sector-nautico-cierra-2015-con-4-654-matriculaciones-de-embarcaciones-de-recreo\/","title":{"rendered":"El sector n\u00e1utico cierra 2015 con 4.654 matriculaciones de embarcaciones de recreo"},"content":{"rendered":"<p><img fetchpriority=\"high\" decoding=\"async\" class=\"alignleft size-medium wp-image-60054\" src=\"https:\/\/eldigitaldeasturias.com\/magazine365\/wp-content\/uploads\/2016\/01\/fotonoticia_20160108143954_800-360x240.jpg\" alt=\"fotonoticia_20160108143954_800\" width=\"360\" height=\"240\" srcset=\"https:\/\/eldigitaldeasturias.com\/magazine365\/wp-content\/uploads\/2016\/01\/fotonoticia_20160108143954_800-360x240.jpg 360w, https:\/\/eldigitaldeasturias.com\/magazine365\/wp-content\/uploads\/2016\/01\/fotonoticia_20160108143954_800-650x434.jpg 650w, https:\/\/eldigitaldeasturias.com\/magazine365\/wp-content\/uploads\/2016\/01\/fotonoticia_20160108143954_800-768x513.jpg 768w, https:\/\/eldigitaldeasturias.com\/magazine365\/wp-content\/uploads\/2016\/01\/fotonoticia_20160108143954_800-150x100.jpg 150w, https:\/\/eldigitaldeasturias.com\/magazine365\/wp-content\/uploads\/2016\/01\/fotonoticia_20160108143954_800-450x300.jpg 450w, https:\/\/eldigitaldeasturias.com\/magazine365\/wp-content\/uploads\/2016\/01\/fotonoticia_20160108143954_800-696x465.jpg 696w, https:\/\/eldigitaldeasturias.com\/magazine365\/wp-content\/uploads\/2016\/01\/fotonoticia_20160108143954_800-629x420.jpg 629w, https:\/\/eldigitaldeasturias.com\/magazine365\/wp-content\/uploads\/2016\/01\/fotonoticia_20160108143954_800-101x66.jpg 101w, https:\/\/eldigitaldeasturias.com\/magazine365\/wp-content\/uploads\/2016\/01\/fotonoticia_20160108143954_800.jpg 800w\" sizes=\"(max-width: 360px) 100vw, 360px\" \/>Espa\u00f1a matricul\u00f3 un total de 4.654 embarcaciones de recreo durante 2015, lo que supone un aumento del 8,48% y 364 m\u00e1s que un a\u00f1o antes, seg\u00fan la Asociaci\u00f3n Nacional de Empresas N\u00e1uticas (ANEN) con datos facilitados por la Direcci\u00f3n General de la Marina Mercante.<\/p>\n<p>Se trata del segundo a\u00f1o en positivo que vive el sector n\u00e1utico desde 2007, con un incremento de un punto y medio menos que en el ejercicio precedente (+9,92%), seg\u00fan se desprende la comparativa con el informe del mercado de embarcaciones de recreo de 2015.<\/p>\n<p>De enero a diciembre, el mercado del alquiler mantiene el crecimiento alcanzado a lo largo del a\u00f1o con un repunte del 39,14%.<\/p>\n<p>Hasta julio, el sector de la n\u00e1utica ha registrado un crecimiento medio del 15%, especialmente durante la temporada alta, mientras que desde agosto hasta noviembre (inclusive) las matriculaciones descendieron con respecto a los mismos meses de 2014.<\/p>\n<p>Por esloras, las embarcaciones entre 12 y 16 metros fueron las que registraron el mayor aumento, un 24,2%, representando el 2,5% del mercado de embarcaciones de recreo en 2015.<\/p>\n<p>Le siguen en crecimiento, los barcos mayores de 16 metros, con un 14% m\u00e1s de matriculaciones, y la menor cuota de mercado (1,1%).<\/p>\n<p>La mayor cuota de mercado, con el 89,5%, sigue siendo para las embarcaciones menores, de hasta 8 metros de eslora, y un aumento del 8%.<\/p>\n<p>Los barcos entre 8 y 12 metros aumentan sus matriculaciones un 9,5% con respecto a 2014, y representan el 6,9% del mercado n\u00e1utico.<\/p>\n<p>POR TIPOLOG\u00cdAS.<\/p>\n<p>Por tipolog\u00eda de embarcaciones, las motos de agua y los barcos a motor son los dos segmentos que m\u00e1s crecieron. As\u00ed, se matricularon 879 motos de agua (+28,1%), con una cuota de mercado del 43,5%, mientras que los barcos a motor registraron un aumento del<\/p>\n<p>12,6% (2.025 unidades), siendo los m\u00e1s demandados con una cuota de mercado del 43,5%.<\/p>\n<p>La vela es el otro mercado que crece en matriculaciones, un 2,4% (300 unidades), aunque los veleros son los menos demandados por los aficionados y representan el 6,4% del mercado.<\/p>\n<p>Las embarcaciones neum\u00e1ticas plegables y semirr\u00edgidas, registraron ca\u00eddas del 2,7% y del 5,1%, con respecto a 2014, con cuotas de mercado del 13,3% y del 17,8%, respectivamente.<\/p>\n<p>CRECE M\u00c1S DE UN 39% EL ALQUILER.<\/p>\n<p>Con 519 embarcaciones de alquiler matriculadas (incluidas motos de agua) entre enero y diciembre de 2015, el mercado de alquiler crece un 39,14% y consolida su recuperaci\u00f3n con respecto a 2014, ejercicio en el que se produjo el despegue de este mercado (+56,72%).<\/p>\n<p>Las embarcaciones de hasta 8 metros de eslora, que acaparan el 87,7% en el mercado de alquiler, son las m\u00e1s demandas, con 455 matriculaciones, un 44,4% m\u00e1s que en 2014.<\/p>\n<p>Por tipolog\u00eda, las motos de agua con un repunte de m\u00e1s del 44%, siendo las m\u00e1s demandadas con 455 matriculaciones.<\/p>\n<p>BALEARES, BARCELONA Y C\u00c1DIZ, A LA CABEZA.<\/p>\n<p>Islas Baleares, Barcelona y C\u00e1diz se mantienen a la cabeza del mercado de embarcaciones de recreo. Baleares supone el 15,23% del mercado nacional de embarcaciones de recreo, con 709 matriculaciones, un 20,37% m\u00e1s que un a\u00f1o antes.<\/p>\n<p>Barcelona se sit\u00faa en segundo lugar, con una cuota del 11,41% del mercado y un crecimiento del 4,94% en matriculaciones, con 280 matriculaciones.<\/p>\n<p>El tercer puesto lo ocupa Madrid que supera a C\u00e1diz con una cuota del 7,05% del mercado y con un crecimiento de matriculaciones del 15,90% hasta 328.<\/p>\n<p>Por detr\u00e1s figuran C\u00e1diz (6,40% de cuota de mercado y un 5,10% menos de matriculaciones), M\u00e1laga (6,22% de cuota de mercado y un 4% m\u00e1s de matriculaciones), Girona (casi 6% del mercado y un 11% m\u00e1s de matriculaciones) y Alicante (5,84% del mercado y m\u00e1s de un 21% de matriculaciones).<\/p>\n","protected":false},"excerpt":{"rendered":"<p>Espa\u00f1a matricul\u00f3 un total de 4.654 embarcaciones de recreo durante 2015, lo que supone un aumento del 8,48% y 364 m\u00e1s que un a\u00f1o antes, seg\u00fan la Asociaci\u00f3n Nacional de Empresas N\u00e1uticas (ANEN) con datos facilitados por la Direcci\u00f3n General de la Marina Mercante. Se trata del segundo a\u00f1o en positivo que vive el sector<\/p>\n","protected":false},"author":1,"featured_media":60054,"comment_status":"open","ping_status":"closed","sticky":false,"template":"","format":"standard","meta":{"footnotes":""},"categories":[224],"tags":[],"class_list":{"0":"post-60053","1":"post","2":"type-post","3":"status-publish","4":"format-standard","5":"has-post-thumbnail","7":"category-noticias-actualidad"},"aioseo_notices":[],"aioseo_head":"\n\t\t<!-- All in One SEO Pro 4.9.6.1 - aioseo.com -->\n\t<meta name=\"description\" content=\"Espa\u00f1a matricul\u00f3 un total de 4.654 embarcaciones de recreo durante 2015, lo que supone un aumento del 8,48% y 364 m\u00e1s que un a\u00f1o antes, seg\u00fan la Asociaci\u00f3n Nacional de Empresas N\u00e1uticas (ANEN) con datos facilitados por la Direcci\u00f3n General de la Marina Mercante. Se trata del segundo a\u00f1o en positivo que vive el sector\" \/>\n\t<meta name=\"robots\" content=\"max-image-preview:large\" \/>\n\t<meta name=\"author\" content=\"admin\"\/>\n\t<meta name=\"google-site-verification\" content=\"UA-38556648-1\" \/>\n\t<meta name=\"keywords\" content=\"noticias y actualidad\" \/>\n\t<link rel=\"canonical\" href=\"https:\/\/eldigitaldeasturias.com\/magazine365\/el-sector-nautico-cierra-2015-con-4-654-matriculaciones-de-embarcaciones-de-recreo\/\" \/>\n\t<meta name=\"generator\" content=\"All in One SEO Pro (AIOSEO) 4.9.6.1\" \/>\n\t\t<meta property=\"og:locale\" content=\"es_ES\" \/>\n\t\t<meta property=\"og:site_name\" content=\"El Digital de Asturias \u2013 Revista de ocio, turismo y estilo de vida\" \/>\n\t\t<meta property=\"og:type\" content=\"article\" \/>\n\t\t<meta property=\"og:title\" content=\"El sector n\u00e1utico cierra 2015 con 4.654 matriculaciones de embarcaciones de recreo | El Digital de Asturias\" \/>\n\t\t<meta property=\"og:description\" content=\"Espa\u00f1a matricul\u00f3 un total de 4.654 embarcaciones de recreo durante 2015, lo que supone un aumento del 8,48% y 364 m\u00e1s que un a\u00f1o antes, seg\u00fan la Asociaci\u00f3n Nacional de Empresas N\u00e1uticas (ANEN) con datos facilitados por la Direcci\u00f3n General de la Marina Mercante. Se trata del segundo a\u00f1o en positivo que vive el sector\" \/>\n\t\t<meta property=\"og:url\" content=\"https:\/\/eldigitaldeasturias.com\/magazine365\/el-sector-nautico-cierra-2015-con-4-654-matriculaciones-de-embarcaciones-de-recreo\/\" \/>\n\t\t<meta property=\"og:image\" content=\"https:\/\/eldigitaldeasturias.com\/magazine365\/wp-content\/uploads\/2016\/01\/fotonoticia_20160108143954_800.jpg\" \/>\n\t\t<meta property=\"og:image:secure_url\" content=\"https:\/\/eldigitaldeasturias.com\/magazine365\/wp-content\/uploads\/2016\/01\/fotonoticia_20160108143954_800.jpg\" \/>\n\t\t<meta property=\"og:image:width\" content=\"800\" \/>\n\t\t<meta property=\"og:image:height\" content=\"534\" \/>\n\t\t<meta property=\"article:published_time\" content=\"2016-01-10T22:29:30+00:00\" \/>\n\t\t<meta property=\"article:modified_time\" content=\"2016-01-10T22:29:30+00:00\" \/>\n\t\t<meta name=\"twitter:card\" content=\"summary_large_image\" \/>\n\t\t<meta name=\"twitter:title\" content=\"El sector n\u00e1utico cierra 2015 con 4.654 matriculaciones de embarcaciones de recreo | El Digital de Asturias\" \/>\n\t\t<meta name=\"twitter:description\" content=\"Espa\u00f1a matricul\u00f3 un total de 4.654 embarcaciones de recreo durante 2015, lo que supone un aumento del 8,48% y 364 m\u00e1s que un a\u00f1o antes, seg\u00fan la Asociaci\u00f3n Nacional de Empresas N\u00e1uticas (ANEN) con datos facilitados por la Direcci\u00f3n General de la Marina Mercante. Se trata del segundo a\u00f1o en positivo que vive el sector\" \/>\n\t\t<meta name=\"twitter:image\" content=\"https:\/\/eldigitaldeasturias.com\/magazine365\/wp-content\/uploads\/2016\/01\/fotonoticia_20160108143954_800.jpg\" \/>\n\t\t<script type=\"application\/ld+json\" class=\"aioseo-schema\">\n\t\t\t{\"@context\":\"https:\\\/\\\/schema.org\",\"@graph\":[{\"@type\":\"Article\",\"@id\":\"https:\\\/\\\/eldigitaldeasturias.com\\\/magazine365\\\/el-sector-nautico-cierra-2015-con-4-654-matriculaciones-de-embarcaciones-de-recreo\\\/#article\",\"name\":\"El sector n\\u00e1utico cierra 2015 con 4.654 matriculaciones de embarcaciones de recreo | El Digital de Asturias\",\"headline\":\"El sector n\\u00e1utico cierra 2015 con 4.654 matriculaciones de embarcaciones de recreo\",\"author\":{\"@id\":\"https:\\\/\\\/eldigitaldeasturias.com\\\/magazine365\\\/author\\\/admin\\\/#author\"},\"publisher\":{\"@id\":\"https:\\\/\\\/eldigitaldeasturias.com\\\/magazine365\\\/#organization\"},\"image\":{\"@type\":\"ImageObject\",\"url\":\"https:\\\/\\\/eldigitaldeasturias.com\\\/magazine365\\\/wp-content\\\/uploads\\\/2016\\\/01\\\/fotonoticia_20160108143954_800.jpg\",\"width\":800,\"height\":534},\"datePublished\":\"2016-01-10T23:29:30+01:00\",\"dateModified\":\"2016-01-10T23:29:30+01:00\",\"inLanguage\":\"es-ES\",\"mainEntityOfPage\":{\"@id\":\"https:\\\/\\\/eldigitaldeasturias.com\\\/magazine365\\\/el-sector-nautico-cierra-2015-con-4-654-matriculaciones-de-embarcaciones-de-recreo\\\/#webpage\"},\"isPartOf\":{\"@id\":\"https:\\\/\\\/eldigitaldeasturias.com\\\/magazine365\\\/el-sector-nautico-cierra-2015-con-4-654-matriculaciones-de-embarcaciones-de-recreo\\\/#webpage\"},\"articleSection\":\"Noticias y Actualidad\"},{\"@type\":\"BreadcrumbList\",\"@id\":\"https:\\\/\\\/eldigitaldeasturias.com\\\/magazine365\\\/el-sector-nautico-cierra-2015-con-4-654-matriculaciones-de-embarcaciones-de-recreo\\\/#breadcrumblist\",\"itemListElement\":[{\"@type\":\"ListItem\",\"@id\":\"https:\\\/\\\/eldigitaldeasturias.com\\\/magazine365#listItem\",\"position\":1,\"name\":\"Home\",\"item\":\"https:\\\/\\\/eldigitaldeasturias.com\\\/magazine365\",\"nextItem\":{\"@type\":\"ListItem\",\"@id\":\"https:\\\/\\\/eldigitaldeasturias.com\\\/magazine365\\\/category\\\/noticias-actualidad\\\/#listItem\",\"name\":\"Noticias y Actualidad\"}},{\"@type\":\"ListItem\",\"@id\":\"https:\\\/\\\/eldigitaldeasturias.com\\\/magazine365\\\/category\\\/noticias-actualidad\\\/#listItem\",\"position\":2,\"name\":\"Noticias y Actualidad\",\"item\":\"https:\\\/\\\/eldigitaldeasturias.com\\\/magazine365\\\/category\\\/noticias-actualidad\\\/\",\"nextItem\":{\"@type\":\"ListItem\",\"@id\":\"https:\\\/\\\/eldigitaldeasturias.com\\\/magazine365\\\/el-sector-nautico-cierra-2015-con-4-654-matriculaciones-de-embarcaciones-de-recreo\\\/#listItem\",\"name\":\"El sector n\\u00e1utico cierra 2015 con 4.654 matriculaciones de embarcaciones de recreo\"},\"previousItem\":{\"@type\":\"ListItem\",\"@id\":\"https:\\\/\\\/eldigitaldeasturias.com\\\/magazine365#listItem\",\"name\":\"Home\"}},{\"@type\":\"ListItem\",\"@id\":\"https:\\\/\\\/eldigitaldeasturias.com\\\/magazine365\\\/el-sector-nautico-cierra-2015-con-4-654-matriculaciones-de-embarcaciones-de-recreo\\\/#listItem\",\"position\":3,\"name\":\"El sector n\\u00e1utico cierra 2015 con 4.654 matriculaciones de embarcaciones de recreo\",\"previousItem\":{\"@type\":\"ListItem\",\"@id\":\"https:\\\/\\\/eldigitaldeasturias.com\\\/magazine365\\\/category\\\/noticias-actualidad\\\/#listItem\",\"name\":\"Noticias y Actualidad\"}}]},{\"@type\":\"Organization\",\"@id\":\"https:\\\/\\\/eldigitaldeasturias.com\\\/magazine365\\\/#organization\",\"name\":\"El digital de Asturias\",\"description\":\"Revista de ocio, turismo y estilo de vida\",\"url\":\"https:\\\/\\\/eldigitaldeasturias.com\\\/magazine365\\\/\",\"logo\":{\"@type\":\"ImageObject\",\"url\":\"https:\\\/\\\/www.eldigitaldeasturias.com\\\/noticias\\\/wp-content\\\/uploads\\\/2020\\\/12\\\/EDA.jpg\",\"@id\":\"https:\\\/\\\/eldigitaldeasturias.com\\\/magazine365\\\/el-sector-nautico-cierra-2015-con-4-654-matriculaciones-de-embarcaciones-de-recreo\\\/#organizationLogo\"},\"image\":{\"@id\":\"https:\\\/\\\/eldigitaldeasturias.com\\\/magazine365\\\/el-sector-nautico-cierra-2015-con-4-654-matriculaciones-de-embarcaciones-de-recreo\\\/#organizationLogo\"}},{\"@type\":\"Person\",\"@id\":\"https:\\\/\\\/eldigitaldeasturias.com\\\/magazine365\\\/author\\\/admin\\\/#author\",\"url\":\"https:\\\/\\\/eldigitaldeasturias.com\\\/magazine365\\\/author\\\/admin\\\/\",\"name\":\"admin\",\"image\":{\"@type\":\"ImageObject\",\"@id\":\"https:\\\/\\\/eldigitaldeasturias.com\\\/magazine365\\\/el-sector-nautico-cierra-2015-con-4-654-matriculaciones-de-embarcaciones-de-recreo\\\/#authorImage\",\"url\":\"https:\\\/\\\/eldigitaldeasturias.com\\\/magazine365\\\/wp-content\\\/litespeed\\\/avatar\\\/e571bcf59a0edd6fa6838245a470f2fe.jpg?ver=1777574230\",\"width\":96,\"height\":96,\"caption\":\"admin\"}},{\"@type\":\"WebPage\",\"@id\":\"https:\\\/\\\/eldigitaldeasturias.com\\\/magazine365\\\/el-sector-nautico-cierra-2015-con-4-654-matriculaciones-de-embarcaciones-de-recreo\\\/#webpage\",\"url\":\"https:\\\/\\\/eldigitaldeasturias.com\\\/magazine365\\\/el-sector-nautico-cierra-2015-con-4-654-matriculaciones-de-embarcaciones-de-recreo\\\/\",\"name\":\"El sector n\\u00e1utico cierra 2015 con 4.654 matriculaciones de embarcaciones de recreo | El Digital de Asturias\",\"description\":\"Espa\\u00f1a matricul\\u00f3 un total de 4.654 embarcaciones de recreo durante 2015, lo que supone un aumento del 8,48% y 364 m\\u00e1s que un a\\u00f1o antes, seg\\u00fan la Asociaci\\u00f3n Nacional de Empresas N\\u00e1uticas (ANEN) con datos facilitados por la Direcci\\u00f3n General de la Marina Mercante. Se trata del segundo a\\u00f1o en positivo que vive el sector\",\"inLanguage\":\"es-ES\",\"isPartOf\":{\"@id\":\"https:\\\/\\\/eldigitaldeasturias.com\\\/magazine365\\\/#website\"},\"breadcrumb\":{\"@id\":\"https:\\\/\\\/eldigitaldeasturias.com\\\/magazine365\\\/el-sector-nautico-cierra-2015-con-4-654-matriculaciones-de-embarcaciones-de-recreo\\\/#breadcrumblist\"},\"author\":{\"@id\":\"https:\\\/\\\/eldigitaldeasturias.com\\\/magazine365\\\/author\\\/admin\\\/#author\"},\"creator\":{\"@id\":\"https:\\\/\\\/eldigitaldeasturias.com\\\/magazine365\\\/author\\\/admin\\\/#author\"},\"image\":{\"@type\":\"ImageObject\",\"url\":\"https:\\\/\\\/eldigitaldeasturias.com\\\/magazine365\\\/wp-content\\\/uploads\\\/2016\\\/01\\\/fotonoticia_20160108143954_800.jpg\",\"@id\":\"https:\\\/\\\/eldigitaldeasturias.com\\\/magazine365\\\/el-sector-nautico-cierra-2015-con-4-654-matriculaciones-de-embarcaciones-de-recreo\\\/#mainImage\",\"width\":800,\"height\":534},\"primaryImageOfPage\":{\"@id\":\"https:\\\/\\\/eldigitaldeasturias.com\\\/magazine365\\\/el-sector-nautico-cierra-2015-con-4-654-matriculaciones-de-embarcaciones-de-recreo\\\/#mainImage\"},\"datePublished\":\"2016-01-10T23:29:30+01:00\",\"dateModified\":\"2016-01-10T23:29:30+01:00\"},{\"@type\":\"WebSite\",\"@id\":\"https:\\\/\\\/eldigitaldeasturias.com\\\/magazine365\\\/#website\",\"url\":\"https:\\\/\\\/eldigitaldeasturias.com\\\/magazine365\\\/\",\"name\":\"El Digital de Asturias\",\"description\":\"Revista de ocio, turismo y estilo de vida\",\"inLanguage\":\"es-ES\",\"publisher\":{\"@id\":\"https:\\\/\\\/eldigitaldeasturias.com\\\/magazine365\\\/#organization\"}}]}\n\t\t<\/script>\n\t\t<!-- All in One SEO Pro -->\r\n\t\t<title>El sector n\u00e1utico cierra 2015 con 4.654 matriculaciones de embarcaciones de recreo | El Digital de Asturias<\/title>\n\n","aioseo_head_json":{"title":"El sector n\u00e1utico cierra 2015 con 4.654 matriculaciones de embarcaciones de recreo | El Digital de Asturias","description":"Espa\u00f1a matricul\u00f3 un total de 4.654 embarcaciones de recreo durante 2015, lo que supone un aumento del 8,48% y 364 m\u00e1s que un a\u00f1o antes, seg\u00fan la Asociaci\u00f3n Nacional de Empresas N\u00e1uticas (ANEN) con datos facilitados por la Direcci\u00f3n General de la Marina Mercante. Se trata del segundo a\u00f1o en positivo que vive el sector","canonical_url":"https:\/\/eldigitaldeasturias.com\/magazine365\/el-sector-nautico-cierra-2015-con-4-654-matriculaciones-de-embarcaciones-de-recreo\/","robots":"max-image-preview:large","keywords":"noticias y actualidad","webmasterTools":{"google-site-verification":"UA-38556648-1","miscellaneous":""},"schema":{"@context":"https:\/\/schema.org","@graph":[{"@type":"Article","@id":"https:\/\/eldigitaldeasturias.com\/magazine365\/el-sector-nautico-cierra-2015-con-4-654-matriculaciones-de-embarcaciones-de-recreo\/#article","name":"El sector n\u00e1utico cierra 2015 con 4.654 matriculaciones de embarcaciones de recreo | El Digital de Asturias","headline":"El sector n\u00e1utico cierra 2015 con 4.654 matriculaciones de embarcaciones de recreo","author":{"@id":"https:\/\/eldigitaldeasturias.com\/magazine365\/author\/admin\/#author"},"publisher":{"@id":"https:\/\/eldigitaldeasturias.com\/magazine365\/#organization"},"image":{"@type":"ImageObject","url":"https:\/\/eldigitaldeasturias.com\/magazine365\/wp-content\/uploads\/2016\/01\/fotonoticia_20160108143954_800.jpg","width":800,"height":534},"datePublished":"2016-01-10T23:29:30+01:00","dateModified":"2016-01-10T23:29:30+01:00","inLanguage":"es-ES","mainEntityOfPage":{"@id":"https:\/\/eldigitaldeasturias.com\/magazine365\/el-sector-nautico-cierra-2015-con-4-654-matriculaciones-de-embarcaciones-de-recreo\/#webpage"},"isPartOf":{"@id":"https:\/\/eldigitaldeasturias.com\/magazine365\/el-sector-nautico-cierra-2015-con-4-654-matriculaciones-de-embarcaciones-de-recreo\/#webpage"},"articleSection":"Noticias y Actualidad"},{"@type":"BreadcrumbList","@id":"https:\/\/eldigitaldeasturias.com\/magazine365\/el-sector-nautico-cierra-2015-con-4-654-matriculaciones-de-embarcaciones-de-recreo\/#breadcrumblist","itemListElement":[{"@type":"ListItem","@id":"https:\/\/eldigitaldeasturias.com\/magazine365#listItem","position":1,"name":"Home","item":"https:\/\/eldigitaldeasturias.com\/magazine365","nextItem":{"@type":"ListItem","@id":"https:\/\/eldigitaldeasturias.com\/magazine365\/category\/noticias-actualidad\/#listItem","name":"Noticias y Actualidad"}},{"@type":"ListItem","@id":"https:\/\/eldigitaldeasturias.com\/magazine365\/category\/noticias-actualidad\/#listItem","position":2,"name":"Noticias y Actualidad","item":"https:\/\/eldigitaldeasturias.com\/magazine365\/category\/noticias-actualidad\/","nextItem":{"@type":"ListItem","@id":"https:\/\/eldigitaldeasturias.com\/magazine365\/el-sector-nautico-cierra-2015-con-4-654-matriculaciones-de-embarcaciones-de-recreo\/#listItem","name":"El sector n\u00e1utico cierra 2015 con 4.654 matriculaciones de embarcaciones de recreo"},"previousItem":{"@type":"ListItem","@id":"https:\/\/eldigitaldeasturias.com\/magazine365#listItem","name":"Home"}},{"@type":"ListItem","@id":"https:\/\/eldigitaldeasturias.com\/magazine365\/el-sector-nautico-cierra-2015-con-4-654-matriculaciones-de-embarcaciones-de-recreo\/#listItem","position":3,"name":"El sector n\u00e1utico cierra 2015 con 4.654 matriculaciones de embarcaciones de recreo","previousItem":{"@type":"ListItem","@id":"https:\/\/eldigitaldeasturias.com\/magazine365\/category\/noticias-actualidad\/#listItem","name":"Noticias y Actualidad"}}]},{"@type":"Organization","@id":"https:\/\/eldigitaldeasturias.com\/magazine365\/#organization","name":"El digital de Asturias","description":"Revista de ocio, turismo y estilo de vida","url":"https:\/\/eldigitaldeasturias.com\/magazine365\/","logo":{"@type":"ImageObject","url":"https:\/\/www.eldigitaldeasturias.com\/noticias\/wp-content\/uploads\/2020\/12\/EDA.jpg","@id":"https:\/\/eldigitaldeasturias.com\/magazine365\/el-sector-nautico-cierra-2015-con-4-654-matriculaciones-de-embarcaciones-de-recreo\/#organizationLogo"},"image":{"@id":"https:\/\/eldigitaldeasturias.com\/magazine365\/el-sector-nautico-cierra-2015-con-4-654-matriculaciones-de-embarcaciones-de-recreo\/#organizationLogo"}},{"@type":"Person","@id":"https:\/\/eldigitaldeasturias.com\/magazine365\/author\/admin\/#author","url":"https:\/\/eldigitaldeasturias.com\/magazine365\/author\/admin\/","name":"admin","image":{"@type":"ImageObject","@id":"https:\/\/eldigitaldeasturias.com\/magazine365\/el-sector-nautico-cierra-2015-con-4-654-matriculaciones-de-embarcaciones-de-recreo\/#authorImage","url":"https:\/\/eldigitaldeasturias.com\/magazine365\/wp-content\/litespeed\/avatar\/e571bcf59a0edd6fa6838245a470f2fe.jpg?ver=1777574230","width":96,"height":96,"caption":"admin"}},{"@type":"WebPage","@id":"https:\/\/eldigitaldeasturias.com\/magazine365\/el-sector-nautico-cierra-2015-con-4-654-matriculaciones-de-embarcaciones-de-recreo\/#webpage","url":"https:\/\/eldigitaldeasturias.com\/magazine365\/el-sector-nautico-cierra-2015-con-4-654-matriculaciones-de-embarcaciones-de-recreo\/","name":"El sector n\u00e1utico cierra 2015 con 4.654 matriculaciones de embarcaciones de recreo | El Digital de Asturias","description":"Espa\u00f1a matricul\u00f3 un total de 4.654 embarcaciones de recreo durante 2015, lo que supone un aumento del 8,48% y 364 m\u00e1s que un a\u00f1o antes, seg\u00fan la Asociaci\u00f3n Nacional de Empresas N\u00e1uticas (ANEN) con datos facilitados por la Direcci\u00f3n General de la Marina Mercante. Se trata del segundo a\u00f1o en positivo que vive el sector","inLanguage":"es-ES","isPartOf":{"@id":"https:\/\/eldigitaldeasturias.com\/magazine365\/#website"},"breadcrumb":{"@id":"https:\/\/eldigitaldeasturias.com\/magazine365\/el-sector-nautico-cierra-2015-con-4-654-matriculaciones-de-embarcaciones-de-recreo\/#breadcrumblist"},"author":{"@id":"https:\/\/eldigitaldeasturias.com\/magazine365\/author\/admin\/#author"},"creator":{"@id":"https:\/\/eldigitaldeasturias.com\/magazine365\/author\/admin\/#author"},"image":{"@type":"ImageObject","url":"https:\/\/eldigitaldeasturias.com\/magazine365\/wp-content\/uploads\/2016\/01\/fotonoticia_20160108143954_800.jpg","@id":"https:\/\/eldigitaldeasturias.com\/magazine365\/el-sector-nautico-cierra-2015-con-4-654-matriculaciones-de-embarcaciones-de-recreo\/#mainImage","width":800,"height":534},"primaryImageOfPage":{"@id":"https:\/\/eldigitaldeasturias.com\/magazine365\/el-sector-nautico-cierra-2015-con-4-654-matriculaciones-de-embarcaciones-de-recreo\/#mainImage"},"datePublished":"2016-01-10T23:29:30+01:00","dateModified":"2016-01-10T23:29:30+01:00"},{"@type":"WebSite","@id":"https:\/\/eldigitaldeasturias.com\/magazine365\/#website","url":"https:\/\/eldigitaldeasturias.com\/magazine365\/","name":"El Digital de Asturias","description":"Revista de ocio, turismo y estilo de vida","inLanguage":"es-ES","publisher":{"@id":"https:\/\/eldigitaldeasturias.com\/magazine365\/#organization"}}]},"og:locale":"es_ES","og:site_name":"El Digital de Asturias \u2013 Revista de ocio, turismo y estilo de vida","og:type":"article","og:title":"El sector n\u00e1utico cierra 2015 con 4.654 matriculaciones de embarcaciones de recreo | El Digital de Asturias","og:description":"Espa\u00f1a matricul\u00f3 un total de 4.654 embarcaciones de recreo durante 2015, lo que supone un aumento del 8,48% y 364 m\u00e1s que un a\u00f1o antes, seg\u00fan la Asociaci\u00f3n Nacional de Empresas N\u00e1uticas (ANEN) con datos facilitados por la Direcci\u00f3n General de la Marina Mercante. Se trata del segundo a\u00f1o en positivo que vive el sector","og:url":"https:\/\/eldigitaldeasturias.com\/magazine365\/el-sector-nautico-cierra-2015-con-4-654-matriculaciones-de-embarcaciones-de-recreo\/","og:image":"https:\/\/eldigitaldeasturias.com\/magazine365\/wp-content\/uploads\/2016\/01\/fotonoticia_20160108143954_800.jpg","og:image:secure_url":"https:\/\/eldigitaldeasturias.com\/magazine365\/wp-content\/uploads\/2016\/01\/fotonoticia_20160108143954_800.jpg","og:image:width":800,"og:image:height":534,"article:published_time":"2016-01-10T22:29:30+00:00","article:modified_time":"2016-01-10T22:29:30+00:00","twitter:card":"summary_large_image","twitter:title":"El sector n\u00e1utico cierra 2015 con 4.654 matriculaciones de embarcaciones de recreo | El Digital de Asturias","twitter:description":"Espa\u00f1a matricul\u00f3 un total de 4.654 embarcaciones de recreo durante 2015, lo que supone un aumento del 8,48% y 364 m\u00e1s que un a\u00f1o antes, seg\u00fan la Asociaci\u00f3n Nacional de Empresas N\u00e1uticas (ANEN) con datos facilitados por la Direcci\u00f3n General de la Marina Mercante. Se trata del segundo a\u00f1o en positivo que vive el sector","twitter:image":"https:\/\/eldigitaldeasturias.com\/magazine365\/wp-content\/uploads\/2016\/01\/fotonoticia_20160108143954_800.jpg"},"aioseo_meta_data":{"post_id":"60053","title":null,"description":null,"keywords":null,"keyphrases":null,"primary_term":null,"canonical_url":null,"og_title":null,"og_description":null,"og_object_type":"default","og_image_type":"default","og_image_url":null,"og_image_width":null,"og_image_height":null,"og_image_custom_url":null,"og_image_custom_fields":null,"og_video":null,"og_custom_url":null,"og_article_section":null,"og_article_tags":null,"twitter_use_og":false,"twitter_card":"default","twitter_image_type":"default","twitter_image_url":null,"twitter_image_custom_url":null,"twitter_image_custom_fields":null,"twitter_title":null,"twitter_description":null,"schema":{"blockGraphs":[],"customGraphs":[],"default":{"data":{"Article":[],"Course":[],"Dataset":[],"FAQPage":[],"Movie":[],"Person":[],"Product":[],"ProductReview":[],"Car":[],"Recipe":[],"Service":[],"SoftwareApplication":[],"WebPage":[]},"graphName":"","isEnabled":true},"graphs":[],"defaultGraph":"","defaultPostTypeGraph":""},"schema_type":null,"schema_type_options":null,"pillar_content":false,"robots_default":true,"robots_noindex":false,"robots_noarchive":false,"robots_nosnippet":false,"robots_nofollow":false,"robots_noimageindex":false,"robots_noodp":false,"robots_notranslate":false,"robots_max_snippet":null,"robots_max_videopreview":null,"robots_max_imagepreview":"large","priority":null,"frequency":null,"location":null,"local_seo":null,"seo_analyzer_scan_date":"2025-09-25 06:09:20","breadcrumb_settings":null,"limit_modified_date":false,"open_ai":null,"ai":null,"created":"2021-03-08 22:06:04","updated":"2025-09-25 06:09:20"},"aioseo_breadcrumb":"<div class=\"aioseo-breadcrumbs\"><span class=\"aioseo-breadcrumb\">\n\t<a href=\"https:\/\/eldigitaldeasturias.com\/magazine365\" title=\"Home\">Home<\/a>\n<\/span><span class=\"aioseo-breadcrumb-separator\">\u2013<\/span><span class=\"aioseo-breadcrumb\">\n\t<a href=\"https:\/\/eldigitaldeasturias.com\/magazine365\/category\/noticias-actualidad\/\" title=\"Noticias y Actualidad\">Noticias y Actualidad<\/a>\n<\/span><span class=\"aioseo-breadcrumb-separator\">\u2013<\/span><span class=\"aioseo-breadcrumb\">\n\t<a href=\"https:\/\/eldigitaldeasturias.com\/magazine365\/el-sector-nautico-cierra-2015-con-4-654-matriculaciones-de-embarcaciones-de-recreo\/\" title=\"El sector n\u00e1utico cierra 2015 con 4.654 matriculaciones de embarcaciones de recreo\">El sector n\u00e1utico cierra 2015 con 4.654 matriculaciones de embarcaciones de recreo<\/a>\n<\/span><\/div>","aioseo_breadcrumb_json":[{"label":"Home","link":"https:\/\/eldigitaldeasturias.com\/magazine365"},{"label":"Noticias y Actualidad","link":"https:\/\/eldigitaldeasturias.com\/magazine365\/category\/noticias-actualidad\/"},{"label":"El sector n\u00e1utico cierra 2015 con 4.654 matriculaciones de embarcaciones de recreo","link":"https:\/\/eldigitaldeasturias.com\/magazine365\/el-sector-nautico-cierra-2015-con-4-654-matriculaciones-de-embarcaciones-de-recreo\/"}],"_links":{"self":[{"href":"https:\/\/eldigitaldeasturias.com\/magazine365\/wp-json\/wp\/v2\/posts\/60053","targetHints":{"allow":["GET"]}}],"collection":[{"href":"https:\/\/eldigitaldeasturias.com\/magazine365\/wp-json\/wp\/v2\/posts"}],"about":[{"href":"https:\/\/eldigitaldeasturias.com\/magazine365\/wp-json\/wp\/v2\/types\/post"}],"author":[{"embeddable":true,"href":"https:\/\/eldigitaldeasturias.com\/magazine365\/wp-json\/wp\/v2\/users\/1"}],"replies":[{"embeddable":true,"href":"https:\/\/eldigitaldeasturias.com\/magazine365\/wp-json\/wp\/v2\/comments?post=60053"}],"version-history":[{"count":0,"href":"https:\/\/eldigitaldeasturias.com\/magazine365\/wp-json\/wp\/v2\/posts\/60053\/revisions"}],"wp:featuredmedia":[{"embeddable":true,"href":"https:\/\/eldigitaldeasturias.com\/magazine365\/wp-json\/wp\/v2\/media\/60054"}],"wp:attachment":[{"href":"https:\/\/eldigitaldeasturias.com\/magazine365\/wp-json\/wp\/v2\/media?parent=60053"}],"wp:term":[{"taxonomy":"category","embeddable":true,"href":"https:\/\/eldigitaldeasturias.com\/magazine365\/wp-json\/wp\/v2\/categories?post=60053"},{"taxonomy":"post_tag","embeddable":true,"href":"https:\/\/eldigitaldeasturias.com\/magazine365\/wp-json\/wp\/v2\/tags?post=60053"}],"curies":[{"name":"wp","href":"https:\/\/api.w.org\/{rel}","templated":true}]}}