{"id":60047,"date":"2016-01-10T23:26:05","date_gmt":"2016-01-10T22:26:05","guid":{"rendered":"http:\/\/eldigitaldeasturias.com\/magazine365\/?p=60047"},"modified":"2016-01-10T23:26:05","modified_gmt":"2016-01-10T22:26:05","slug":"la-casa-alegre-del-museo-de-terrassa-recibe-un-reconocimiento-turistico","status":"publish","type":"post","link":"https:\/\/eldigitaldeasturias.com\/magazine365\/la-casa-alegre-del-museo-de-terrassa-recibe-un-reconocimiento-turistico\/","title":{"rendered":"La Casa Alegre del Museo de Terrassa recibe un reconocimiento tur\u00edstico"},"content":{"rendered":"<p><img fetchpriority=\"high\" decoding=\"async\" class=\"alignleft size-medium wp-image-60048\" src=\"https:\/\/eldigitaldeasturias.com\/magazine365\/wp-content\/uploads\/2016\/01\/fotonoticia_20160108140526_800-300x300.jpg\" alt=\"fotonoticia_20160108140526_800\" width=\"300\" height=\"300\" srcset=\"https:\/\/eldigitaldeasturias.com\/magazine365\/wp-content\/uploads\/2016\/01\/fotonoticia_20160108140526_800-300x300.jpg 300w, https:\/\/eldigitaldeasturias.com\/magazine365\/wp-content\/uploads\/2016\/01\/fotonoticia_20160108140526_800-640x640.jpg 640w, https:\/\/eldigitaldeasturias.com\/magazine365\/wp-content\/uploads\/2016\/01\/fotonoticia_20160108140526_800-768x768.jpg 768w, https:\/\/eldigitaldeasturias.com\/magazine365\/wp-content\/uploads\/2016\/01\/fotonoticia_20160108140526_800-150x150.jpg 150w, https:\/\/eldigitaldeasturias.com\/magazine365\/wp-content\/uploads\/2016\/01\/fotonoticia_20160108140526_800-450x450.jpg 450w, https:\/\/eldigitaldeasturias.com\/magazine365\/wp-content\/uploads\/2016\/01\/fotonoticia_20160108140526_800-696x696.jpg 696w, https:\/\/eldigitaldeasturias.com\/magazine365\/wp-content\/uploads\/2016\/01\/fotonoticia_20160108140526_800-420x420.jpg 420w, https:\/\/eldigitaldeasturias.com\/magazine365\/wp-content\/uploads\/2016\/01\/fotonoticia_20160108140526_800-50x50.jpg 50w, https:\/\/eldigitaldeasturias.com\/magazine365\/wp-content\/uploads\/2016\/01\/fotonoticia_20160108140526_800-301x300.jpg 301w, https:\/\/eldigitaldeasturias.com\/magazine365\/wp-content\/uploads\/2016\/01\/fotonoticia_20160108140526_800-135x135.jpg 135w, https:\/\/eldigitaldeasturias.com\/magazine365\/wp-content\/uploads\/2016\/01\/fotonoticia_20160108140526_800-100x100.jpg 100w, https:\/\/eldigitaldeasturias.com\/magazine365\/wp-content\/uploads\/2016\/01\/fotonoticia_20160108140526_800.jpg 800w\" sizes=\"(max-width: 300px) 100vw, 300px\" \/>La Casa Alegre de Sagrera, uno de los edificios del Museo de Terrassa, ha obtenido el distintivo del Sistema Integral de Calidad Tur\u00edstica Espa\u00f1ola en Destinaciones (Sicted), seg\u00fan ha informado el Ayuntamiento en un comunicado.<\/p>\n<p>Este es el tercer equipamiento municipal que se ha integrado en el Sicted, junto a la Oficina de Turismo &#8211;que lo recibi\u00f3 en 2014 &#8212; y La Seu d&#8217;\u00c9gara &#8211;lo obtuvo en 2015&#8211;, que han renovado sus distinciones.<\/p>\n<p>Adem\u00e1s de estos tres reconocimientos a edificios municipales tambi\u00e9n lo han recibido nueve establecimientos y empresas de la localidad.<\/p>\n<p>El Sicted es un sistema integral y permanente para la gesti\u00f3n de la calidad en las destinaciones tur\u00edsticas, impulsado por Turespa\u00f1a y la Federaci\u00f3n Espa\u00f1ola de Municipios y Provincias, que est\u00e1 enfocado a la mejora continua y a poner en valor los recursos tur\u00edsticos de los territorios.<\/p>\n<p>Los beneficios para las entidades o empresas adheridas son el impulso de la gesti\u00f3n de la calidad, la mejora del conocimiento del sector, el aumento de la percepci\u00f3n de fiabilidad del servicio por parte del cliente y su prestigio, entre otros.<\/p>\n","protected":false},"excerpt":{"rendered":"<p>La Casa Alegre de Sagrera, uno de los edificios del Museo de Terrassa, ha obtenido el distintivo del Sistema Integral de Calidad Tur\u00edstica Espa\u00f1ola en Destinaciones (Sicted), seg\u00fan ha informado el Ayuntamiento en un comunicado. Este es el tercer equipamiento municipal que se ha integrado en el Sicted, junto a la Oficina de Turismo &#8211;que<\/p>\n","protected":false},"author":1,"featured_media":60048,"comment_status":"open","ping_status":"closed","sticky":false,"template":"","format":"standard","meta":{"footnotes":""},"categories":[224],"tags":[],"class_list":{"0":"post-60047","1":"post","2":"type-post","3":"status-publish","4":"format-standard","5":"has-post-thumbnail","7":"category-noticias-actualidad"},"aioseo_notices":[],"aioseo_head":"\n\t\t<!-- All in One SEO Pro 4.9.6.1 - aioseo.com -->\n\t<meta name=\"description\" content=\"La Casa Alegre de Sagrera, uno de los edificios del Museo de Terrassa, ha obtenido el distintivo del Sistema Integral de Calidad Tur\u00edstica Espa\u00f1ola en Destinaciones (Sicted), seg\u00fan ha informado el Ayuntamiento en un comunicado. Este es el tercer equipamiento municipal que se ha integrado en el Sicted, junto a la Oficina de Turismo --que\" \/>\n\t<meta name=\"robots\" content=\"max-image-preview:large\" \/>\n\t<meta name=\"author\" content=\"admin\"\/>\n\t<meta name=\"google-site-verification\" content=\"UA-38556648-1\" \/>\n\t<meta name=\"keywords\" content=\"noticias y actualidad\" \/>\n\t<link rel=\"canonical\" href=\"https:\/\/eldigitaldeasturias.com\/magazine365\/la-casa-alegre-del-museo-de-terrassa-recibe-un-reconocimiento-turistico\/\" \/>\n\t<meta name=\"generator\" content=\"All in One SEO Pro (AIOSEO) 4.9.6.1\" \/>\n\t\t<meta property=\"og:locale\" content=\"es_ES\" \/>\n\t\t<meta property=\"og:site_name\" content=\"El Digital de Asturias \u2013 Revista de ocio, turismo y estilo de vida\" \/>\n\t\t<meta property=\"og:type\" content=\"article\" \/>\n\t\t<meta property=\"og:title\" content=\"La Casa Alegre del Museo de Terrassa recibe un reconocimiento tur\u00edstico | El Digital de Asturias\" \/>\n\t\t<meta property=\"og:description\" content=\"La Casa Alegre de Sagrera, uno de los edificios del Museo de Terrassa, ha obtenido el distintivo del Sistema Integral de Calidad Tur\u00edstica Espa\u00f1ola en Destinaciones (Sicted), seg\u00fan ha informado el Ayuntamiento en un comunicado. Este es el tercer equipamiento municipal que se ha integrado en el Sicted, junto a la Oficina de Turismo --que\" \/>\n\t\t<meta property=\"og:url\" content=\"https:\/\/eldigitaldeasturias.com\/magazine365\/la-casa-alegre-del-museo-de-terrassa-recibe-un-reconocimiento-turistico\/\" \/>\n\t\t<meta property=\"og:image\" content=\"https:\/\/eldigitaldeasturias.com\/magazine365\/wp-content\/uploads\/2016\/01\/fotonoticia_20160108140526_800.jpg\" \/>\n\t\t<meta property=\"og:image:secure_url\" content=\"https:\/\/eldigitaldeasturias.com\/magazine365\/wp-content\/uploads\/2016\/01\/fotonoticia_20160108140526_800.jpg\" \/>\n\t\t<meta property=\"og:image:width\" content=\"800\" \/>\n\t\t<meta property=\"og:image:height\" content=\"800\" \/>\n\t\t<meta property=\"article:published_time\" content=\"2016-01-10T22:26:05+00:00\" \/>\n\t\t<meta property=\"article:modified_time\" content=\"2016-01-10T22:26:05+00:00\" \/>\n\t\t<meta name=\"twitter:card\" content=\"summary_large_image\" \/>\n\t\t<meta name=\"twitter:title\" content=\"La Casa Alegre del Museo de Terrassa recibe un reconocimiento tur\u00edstico | El Digital de Asturias\" \/>\n\t\t<meta name=\"twitter:description\" content=\"La Casa Alegre de Sagrera, uno de los edificios del Museo de Terrassa, ha obtenido el distintivo del Sistema Integral de Calidad Tur\u00edstica Espa\u00f1ola en Destinaciones (Sicted), seg\u00fan ha informado el Ayuntamiento en un comunicado. Este es el tercer equipamiento municipal que se ha integrado en el Sicted, junto a la Oficina de Turismo --que\" \/>\n\t\t<meta name=\"twitter:image\" content=\"https:\/\/eldigitaldeasturias.com\/magazine365\/wp-content\/uploads\/2016\/01\/fotonoticia_20160108140526_800.jpg\" \/>\n\t\t<script type=\"application\/ld+json\" class=\"aioseo-schema\">\n\t\t\t{\"@context\":\"https:\\\/\\\/schema.org\",\"@graph\":[{\"@type\":\"Article\",\"@id\":\"https:\\\/\\\/eldigitaldeasturias.com\\\/magazine365\\\/la-casa-alegre-del-museo-de-terrassa-recibe-un-reconocimiento-turistico\\\/#article\",\"name\":\"La Casa Alegre del Museo de Terrassa recibe un reconocimiento tur\\u00edstico | El Digital de Asturias\",\"headline\":\"La Casa Alegre del Museo de Terrassa recibe un reconocimiento tur\\u00edstico\",\"author\":{\"@id\":\"https:\\\/\\\/eldigitaldeasturias.com\\\/magazine365\\\/author\\\/admin\\\/#author\"},\"publisher\":{\"@id\":\"https:\\\/\\\/eldigitaldeasturias.com\\\/magazine365\\\/#organization\"},\"image\":{\"@type\":\"ImageObject\",\"url\":\"https:\\\/\\\/eldigitaldeasturias.com\\\/magazine365\\\/wp-content\\\/uploads\\\/2016\\\/01\\\/fotonoticia_20160108140526_800.jpg\",\"width\":800,\"height\":800},\"datePublished\":\"2016-01-10T23:26:05+01:00\",\"dateModified\":\"2016-01-10T23:26:05+01:00\",\"inLanguage\":\"es-ES\",\"mainEntityOfPage\":{\"@id\":\"https:\\\/\\\/eldigitaldeasturias.com\\\/magazine365\\\/la-casa-alegre-del-museo-de-terrassa-recibe-un-reconocimiento-turistico\\\/#webpage\"},\"isPartOf\":{\"@id\":\"https:\\\/\\\/eldigitaldeasturias.com\\\/magazine365\\\/la-casa-alegre-del-museo-de-terrassa-recibe-un-reconocimiento-turistico\\\/#webpage\"},\"articleSection\":\"Noticias y Actualidad\"},{\"@type\":\"BreadcrumbList\",\"@id\":\"https:\\\/\\\/eldigitaldeasturias.com\\\/magazine365\\\/la-casa-alegre-del-museo-de-terrassa-recibe-un-reconocimiento-turistico\\\/#breadcrumblist\",\"itemListElement\":[{\"@type\":\"ListItem\",\"@id\":\"https:\\\/\\\/eldigitaldeasturias.com\\\/magazine365#listItem\",\"position\":1,\"name\":\"Home\",\"item\":\"https:\\\/\\\/eldigitaldeasturias.com\\\/magazine365\",\"nextItem\":{\"@type\":\"ListItem\",\"@id\":\"https:\\\/\\\/eldigitaldeasturias.com\\\/magazine365\\\/category\\\/noticias-actualidad\\\/#listItem\",\"name\":\"Noticias y Actualidad\"}},{\"@type\":\"ListItem\",\"@id\":\"https:\\\/\\\/eldigitaldeasturias.com\\\/magazine365\\\/category\\\/noticias-actualidad\\\/#listItem\",\"position\":2,\"name\":\"Noticias y Actualidad\",\"item\":\"https:\\\/\\\/eldigitaldeasturias.com\\\/magazine365\\\/category\\\/noticias-actualidad\\\/\",\"nextItem\":{\"@type\":\"ListItem\",\"@id\":\"https:\\\/\\\/eldigitaldeasturias.com\\\/magazine365\\\/la-casa-alegre-del-museo-de-terrassa-recibe-un-reconocimiento-turistico\\\/#listItem\",\"name\":\"La Casa Alegre del Museo de Terrassa recibe un reconocimiento tur\\u00edstico\"},\"previousItem\":{\"@type\":\"ListItem\",\"@id\":\"https:\\\/\\\/eldigitaldeasturias.com\\\/magazine365#listItem\",\"name\":\"Home\"}},{\"@type\":\"ListItem\",\"@id\":\"https:\\\/\\\/eldigitaldeasturias.com\\\/magazine365\\\/la-casa-alegre-del-museo-de-terrassa-recibe-un-reconocimiento-turistico\\\/#listItem\",\"position\":3,\"name\":\"La Casa Alegre del Museo de Terrassa recibe un reconocimiento tur\\u00edstico\",\"previousItem\":{\"@type\":\"ListItem\",\"@id\":\"https:\\\/\\\/eldigitaldeasturias.com\\\/magazine365\\\/category\\\/noticias-actualidad\\\/#listItem\",\"name\":\"Noticias y Actualidad\"}}]},{\"@type\":\"Organization\",\"@id\":\"https:\\\/\\\/eldigitaldeasturias.com\\\/magazine365\\\/#organization\",\"name\":\"El digital de Asturias\",\"description\":\"Revista de ocio, turismo y estilo de vida\",\"url\":\"https:\\\/\\\/eldigitaldeasturias.com\\\/magazine365\\\/\",\"logo\":{\"@type\":\"ImageObject\",\"url\":\"https:\\\/\\\/www.eldigitaldeasturias.com\\\/noticias\\\/wp-content\\\/uploads\\\/2020\\\/12\\\/EDA.jpg\",\"@id\":\"https:\\\/\\\/eldigitaldeasturias.com\\\/magazine365\\\/la-casa-alegre-del-museo-de-terrassa-recibe-un-reconocimiento-turistico\\\/#organizationLogo\"},\"image\":{\"@id\":\"https:\\\/\\\/eldigitaldeasturias.com\\\/magazine365\\\/la-casa-alegre-del-museo-de-terrassa-recibe-un-reconocimiento-turistico\\\/#organizationLogo\"}},{\"@type\":\"Person\",\"@id\":\"https:\\\/\\\/eldigitaldeasturias.com\\\/magazine365\\\/author\\\/admin\\\/#author\",\"url\":\"https:\\\/\\\/eldigitaldeasturias.com\\\/magazine365\\\/author\\\/admin\\\/\",\"name\":\"admin\",\"image\":{\"@type\":\"ImageObject\",\"@id\":\"https:\\\/\\\/eldigitaldeasturias.com\\\/magazine365\\\/la-casa-alegre-del-museo-de-terrassa-recibe-un-reconocimiento-turistico\\\/#authorImage\",\"url\":\"https:\\\/\\\/eldigitaldeasturias.com\\\/magazine365\\\/wp-content\\\/litespeed\\\/avatar\\\/e571bcf59a0edd6fa6838245a470f2fe.jpg?ver=1777574230\",\"width\":96,\"height\":96,\"caption\":\"admin\"}},{\"@type\":\"WebPage\",\"@id\":\"https:\\\/\\\/eldigitaldeasturias.com\\\/magazine365\\\/la-casa-alegre-del-museo-de-terrassa-recibe-un-reconocimiento-turistico\\\/#webpage\",\"url\":\"https:\\\/\\\/eldigitaldeasturias.com\\\/magazine365\\\/la-casa-alegre-del-museo-de-terrassa-recibe-un-reconocimiento-turistico\\\/\",\"name\":\"La Casa Alegre del Museo de Terrassa recibe un reconocimiento tur\\u00edstico | El Digital de Asturias\",\"description\":\"La Casa Alegre de Sagrera, uno de los edificios del Museo de Terrassa, ha obtenido el distintivo del Sistema Integral de Calidad Tur\\u00edstica Espa\\u00f1ola en Destinaciones (Sicted), seg\\u00fan ha informado el Ayuntamiento en un comunicado. Este es el tercer equipamiento municipal que se ha integrado en el Sicted, junto a la Oficina de Turismo --que\",\"inLanguage\":\"es-ES\",\"isPartOf\":{\"@id\":\"https:\\\/\\\/eldigitaldeasturias.com\\\/magazine365\\\/#website\"},\"breadcrumb\":{\"@id\":\"https:\\\/\\\/eldigitaldeasturias.com\\\/magazine365\\\/la-casa-alegre-del-museo-de-terrassa-recibe-un-reconocimiento-turistico\\\/#breadcrumblist\"},\"author\":{\"@id\":\"https:\\\/\\\/eldigitaldeasturias.com\\\/magazine365\\\/author\\\/admin\\\/#author\"},\"creator\":{\"@id\":\"https:\\\/\\\/eldigitaldeasturias.com\\\/magazine365\\\/author\\\/admin\\\/#author\"},\"image\":{\"@type\":\"ImageObject\",\"url\":\"https:\\\/\\\/eldigitaldeasturias.com\\\/magazine365\\\/wp-content\\\/uploads\\\/2016\\\/01\\\/fotonoticia_20160108140526_800.jpg\",\"@id\":\"https:\\\/\\\/eldigitaldeasturias.com\\\/magazine365\\\/la-casa-alegre-del-museo-de-terrassa-recibe-un-reconocimiento-turistico\\\/#mainImage\",\"width\":800,\"height\":800},\"primaryImageOfPage\":{\"@id\":\"https:\\\/\\\/eldigitaldeasturias.com\\\/magazine365\\\/la-casa-alegre-del-museo-de-terrassa-recibe-un-reconocimiento-turistico\\\/#mainImage\"},\"datePublished\":\"2016-01-10T23:26:05+01:00\",\"dateModified\":\"2016-01-10T23:26:05+01:00\"},{\"@type\":\"WebSite\",\"@id\":\"https:\\\/\\\/eldigitaldeasturias.com\\\/magazine365\\\/#website\",\"url\":\"https:\\\/\\\/eldigitaldeasturias.com\\\/magazine365\\\/\",\"name\":\"El Digital de Asturias\",\"description\":\"Revista de ocio, turismo y estilo de vida\",\"inLanguage\":\"es-ES\",\"publisher\":{\"@id\":\"https:\\\/\\\/eldigitaldeasturias.com\\\/magazine365\\\/#organization\"}}]}\n\t\t<\/script>\n\t\t<!-- All in One SEO Pro -->\r\n\t\t<title>La Casa Alegre del Museo de Terrassa recibe un reconocimiento tur\u00edstico | El Digital de Asturias<\/title>\n\n","aioseo_head_json":{"title":"La Casa Alegre del Museo de Terrassa recibe un reconocimiento tur\u00edstico | El Digital de Asturias","description":"La Casa Alegre de Sagrera, uno de los edificios del Museo de Terrassa, ha obtenido el distintivo del Sistema Integral de Calidad Tur\u00edstica Espa\u00f1ola en Destinaciones (Sicted), seg\u00fan ha informado el Ayuntamiento en un comunicado. Este es el tercer equipamiento municipal que se ha integrado en el Sicted, junto a la Oficina de Turismo --que","canonical_url":"https:\/\/eldigitaldeasturias.com\/magazine365\/la-casa-alegre-del-museo-de-terrassa-recibe-un-reconocimiento-turistico\/","robots":"max-image-preview:large","keywords":"noticias y actualidad","webmasterTools":{"google-site-verification":"UA-38556648-1","miscellaneous":""},"schema":{"@context":"https:\/\/schema.org","@graph":[{"@type":"Article","@id":"https:\/\/eldigitaldeasturias.com\/magazine365\/la-casa-alegre-del-museo-de-terrassa-recibe-un-reconocimiento-turistico\/#article","name":"La Casa Alegre del Museo de Terrassa recibe un reconocimiento tur\u00edstico | El Digital de Asturias","headline":"La Casa Alegre del Museo de Terrassa recibe un reconocimiento tur\u00edstico","author":{"@id":"https:\/\/eldigitaldeasturias.com\/magazine365\/author\/admin\/#author"},"publisher":{"@id":"https:\/\/eldigitaldeasturias.com\/magazine365\/#organization"},"image":{"@type":"ImageObject","url":"https:\/\/eldigitaldeasturias.com\/magazine365\/wp-content\/uploads\/2016\/01\/fotonoticia_20160108140526_800.jpg","width":800,"height":800},"datePublished":"2016-01-10T23:26:05+01:00","dateModified":"2016-01-10T23:26:05+01:00","inLanguage":"es-ES","mainEntityOfPage":{"@id":"https:\/\/eldigitaldeasturias.com\/magazine365\/la-casa-alegre-del-museo-de-terrassa-recibe-un-reconocimiento-turistico\/#webpage"},"isPartOf":{"@id":"https:\/\/eldigitaldeasturias.com\/magazine365\/la-casa-alegre-del-museo-de-terrassa-recibe-un-reconocimiento-turistico\/#webpage"},"articleSection":"Noticias y Actualidad"},{"@type":"BreadcrumbList","@id":"https:\/\/eldigitaldeasturias.com\/magazine365\/la-casa-alegre-del-museo-de-terrassa-recibe-un-reconocimiento-turistico\/#breadcrumblist","itemListElement":[{"@type":"ListItem","@id":"https:\/\/eldigitaldeasturias.com\/magazine365#listItem","position":1,"name":"Home","item":"https:\/\/eldigitaldeasturias.com\/magazine365","nextItem":{"@type":"ListItem","@id":"https:\/\/eldigitaldeasturias.com\/magazine365\/category\/noticias-actualidad\/#listItem","name":"Noticias y Actualidad"}},{"@type":"ListItem","@id":"https:\/\/eldigitaldeasturias.com\/magazine365\/category\/noticias-actualidad\/#listItem","position":2,"name":"Noticias y Actualidad","item":"https:\/\/eldigitaldeasturias.com\/magazine365\/category\/noticias-actualidad\/","nextItem":{"@type":"ListItem","@id":"https:\/\/eldigitaldeasturias.com\/magazine365\/la-casa-alegre-del-museo-de-terrassa-recibe-un-reconocimiento-turistico\/#listItem","name":"La Casa Alegre del Museo de Terrassa recibe un reconocimiento tur\u00edstico"},"previousItem":{"@type":"ListItem","@id":"https:\/\/eldigitaldeasturias.com\/magazine365#listItem","name":"Home"}},{"@type":"ListItem","@id":"https:\/\/eldigitaldeasturias.com\/magazine365\/la-casa-alegre-del-museo-de-terrassa-recibe-un-reconocimiento-turistico\/#listItem","position":3,"name":"La Casa Alegre del Museo de Terrassa recibe un reconocimiento tur\u00edstico","previousItem":{"@type":"ListItem","@id":"https:\/\/eldigitaldeasturias.com\/magazine365\/category\/noticias-actualidad\/#listItem","name":"Noticias y Actualidad"}}]},{"@type":"Organization","@id":"https:\/\/eldigitaldeasturias.com\/magazine365\/#organization","name":"El digital de Asturias","description":"Revista de ocio, turismo y estilo de vida","url":"https:\/\/eldigitaldeasturias.com\/magazine365\/","logo":{"@type":"ImageObject","url":"https:\/\/www.eldigitaldeasturias.com\/noticias\/wp-content\/uploads\/2020\/12\/EDA.jpg","@id":"https:\/\/eldigitaldeasturias.com\/magazine365\/la-casa-alegre-del-museo-de-terrassa-recibe-un-reconocimiento-turistico\/#organizationLogo"},"image":{"@id":"https:\/\/eldigitaldeasturias.com\/magazine365\/la-casa-alegre-del-museo-de-terrassa-recibe-un-reconocimiento-turistico\/#organizationLogo"}},{"@type":"Person","@id":"https:\/\/eldigitaldeasturias.com\/magazine365\/author\/admin\/#author","url":"https:\/\/eldigitaldeasturias.com\/magazine365\/author\/admin\/","name":"admin","image":{"@type":"ImageObject","@id":"https:\/\/eldigitaldeasturias.com\/magazine365\/la-casa-alegre-del-museo-de-terrassa-recibe-un-reconocimiento-turistico\/#authorImage","url":"https:\/\/eldigitaldeasturias.com\/magazine365\/wp-content\/litespeed\/avatar\/e571bcf59a0edd6fa6838245a470f2fe.jpg?ver=1777574230","width":96,"height":96,"caption":"admin"}},{"@type":"WebPage","@id":"https:\/\/eldigitaldeasturias.com\/magazine365\/la-casa-alegre-del-museo-de-terrassa-recibe-un-reconocimiento-turistico\/#webpage","url":"https:\/\/eldigitaldeasturias.com\/magazine365\/la-casa-alegre-del-museo-de-terrassa-recibe-un-reconocimiento-turistico\/","name":"La Casa Alegre del Museo de Terrassa recibe un reconocimiento tur\u00edstico | El Digital de Asturias","description":"La Casa Alegre de Sagrera, uno de los edificios del Museo de Terrassa, ha obtenido el distintivo del Sistema Integral de Calidad Tur\u00edstica Espa\u00f1ola en Destinaciones (Sicted), seg\u00fan ha informado el Ayuntamiento en un comunicado. Este es el tercer equipamiento municipal que se ha integrado en el Sicted, junto a la Oficina de Turismo --que","inLanguage":"es-ES","isPartOf":{"@id":"https:\/\/eldigitaldeasturias.com\/magazine365\/#website"},"breadcrumb":{"@id":"https:\/\/eldigitaldeasturias.com\/magazine365\/la-casa-alegre-del-museo-de-terrassa-recibe-un-reconocimiento-turistico\/#breadcrumblist"},"author":{"@id":"https:\/\/eldigitaldeasturias.com\/magazine365\/author\/admin\/#author"},"creator":{"@id":"https:\/\/eldigitaldeasturias.com\/magazine365\/author\/admin\/#author"},"image":{"@type":"ImageObject","url":"https:\/\/eldigitaldeasturias.com\/magazine365\/wp-content\/uploads\/2016\/01\/fotonoticia_20160108140526_800.jpg","@id":"https:\/\/eldigitaldeasturias.com\/magazine365\/la-casa-alegre-del-museo-de-terrassa-recibe-un-reconocimiento-turistico\/#mainImage","width":800,"height":800},"primaryImageOfPage":{"@id":"https:\/\/eldigitaldeasturias.com\/magazine365\/la-casa-alegre-del-museo-de-terrassa-recibe-un-reconocimiento-turistico\/#mainImage"},"datePublished":"2016-01-10T23:26:05+01:00","dateModified":"2016-01-10T23:26:05+01:00"},{"@type":"WebSite","@id":"https:\/\/eldigitaldeasturias.com\/magazine365\/#website","url":"https:\/\/eldigitaldeasturias.com\/magazine365\/","name":"El Digital de Asturias","description":"Revista de ocio, turismo y estilo de vida","inLanguage":"es-ES","publisher":{"@id":"https:\/\/eldigitaldeasturias.com\/magazine365\/#organization"}}]},"og:locale":"es_ES","og:site_name":"El Digital de Asturias \u2013 Revista de ocio, turismo y estilo de vida","og:type":"article","og:title":"La Casa Alegre del Museo de Terrassa recibe un reconocimiento tur\u00edstico | El Digital de Asturias","og:description":"La Casa Alegre de Sagrera, uno de los edificios del Museo de Terrassa, ha obtenido el distintivo del Sistema Integral de Calidad Tur\u00edstica Espa\u00f1ola en Destinaciones (Sicted), seg\u00fan ha informado el Ayuntamiento en un comunicado. Este es el tercer equipamiento municipal que se ha integrado en el Sicted, junto a la Oficina de Turismo --que","og:url":"https:\/\/eldigitaldeasturias.com\/magazine365\/la-casa-alegre-del-museo-de-terrassa-recibe-un-reconocimiento-turistico\/","og:image":"https:\/\/eldigitaldeasturias.com\/magazine365\/wp-content\/uploads\/2016\/01\/fotonoticia_20160108140526_800.jpg","og:image:secure_url":"https:\/\/eldigitaldeasturias.com\/magazine365\/wp-content\/uploads\/2016\/01\/fotonoticia_20160108140526_800.jpg","og:image:width":800,"og:image:height":800,"article:published_time":"2016-01-10T22:26:05+00:00","article:modified_time":"2016-01-10T22:26:05+00:00","twitter:card":"summary_large_image","twitter:title":"La Casa Alegre del Museo de Terrassa recibe un reconocimiento tur\u00edstico | El Digital de Asturias","twitter:description":"La Casa Alegre de Sagrera, uno de los edificios del Museo de Terrassa, ha obtenido el distintivo del Sistema Integral de Calidad Tur\u00edstica Espa\u00f1ola en Destinaciones (Sicted), seg\u00fan ha informado el Ayuntamiento en un comunicado. Este es el tercer equipamiento municipal que se ha integrado en el Sicted, junto a la Oficina de Turismo --que","twitter:image":"https:\/\/eldigitaldeasturias.com\/magazine365\/wp-content\/uploads\/2016\/01\/fotonoticia_20160108140526_800.jpg"},"aioseo_meta_data":{"post_id":"60047","title":null,"description":null,"keywords":null,"keyphrases":null,"primary_term":null,"canonical_url":null,"og_title":null,"og_description":null,"og_object_type":"default","og_image_type":"default","og_image_url":null,"og_image_width":null,"og_image_height":null,"og_image_custom_url":null,"og_image_custom_fields":null,"og_video":null,"og_custom_url":null,"og_article_section":null,"og_article_tags":null,"twitter_use_og":false,"twitter_card":"default","twitter_image_type":"default","twitter_image_url":null,"twitter_image_custom_url":null,"twitter_image_custom_fields":null,"twitter_title":null,"twitter_description":null,"schema":{"blockGraphs":[],"customGraphs":[],"default":{"data":{"Article":[],"Course":[],"Dataset":[],"FAQPage":[],"Movie":[],"Person":[],"Product":[],"ProductReview":[],"Car":[],"Recipe":[],"Service":[],"SoftwareApplication":[],"WebPage":[]},"graphName":"","isEnabled":true},"graphs":[],"defaultGraph":"","defaultPostTypeGraph":""},"schema_type":null,"schema_type_options":null,"pillar_content":false,"robots_default":true,"robots_noindex":false,"robots_noarchive":false,"robots_nosnippet":false,"robots_nofollow":false,"robots_noimageindex":false,"robots_noodp":false,"robots_notranslate":false,"robots_max_snippet":null,"robots_max_videopreview":null,"robots_max_imagepreview":"large","priority":null,"frequency":null,"location":null,"local_seo":null,"seo_analyzer_scan_date":"2025-09-25 06:09:18","breadcrumb_settings":null,"limit_modified_date":false,"open_ai":null,"ai":null,"created":"2021-03-08 22:06:04","updated":"2025-09-25 06:09:18"},"aioseo_breadcrumb":"<div class=\"aioseo-breadcrumbs\"><span class=\"aioseo-breadcrumb\">\n\t<a href=\"https:\/\/eldigitaldeasturias.com\/magazine365\" title=\"Home\">Home<\/a>\n<\/span><span class=\"aioseo-breadcrumb-separator\">\u2013<\/span><span class=\"aioseo-breadcrumb\">\n\t<a href=\"https:\/\/eldigitaldeasturias.com\/magazine365\/category\/noticias-actualidad\/\" title=\"Noticias y Actualidad\">Noticias y Actualidad<\/a>\n<\/span><span class=\"aioseo-breadcrumb-separator\">\u2013<\/span><span class=\"aioseo-breadcrumb\">\n\t<a href=\"https:\/\/eldigitaldeasturias.com\/magazine365\/la-casa-alegre-del-museo-de-terrassa-recibe-un-reconocimiento-turistico\/\" title=\"La Casa Alegre del Museo de Terrassa recibe un reconocimiento tur\u00edstico\">La Casa Alegre del Museo de Terrassa recibe un reconocimiento tur\u00edstico<\/a>\n<\/span><\/div>","aioseo_breadcrumb_json":[{"label":"Home","link":"https:\/\/eldigitaldeasturias.com\/magazine365"},{"label":"Noticias y Actualidad","link":"https:\/\/eldigitaldeasturias.com\/magazine365\/category\/noticias-actualidad\/"},{"label":"La Casa Alegre del Museo de Terrassa recibe un reconocimiento tur\u00edstico","link":"https:\/\/eldigitaldeasturias.com\/magazine365\/la-casa-alegre-del-museo-de-terrassa-recibe-un-reconocimiento-turistico\/"}],"_links":{"self":[{"href":"https:\/\/eldigitaldeasturias.com\/magazine365\/wp-json\/wp\/v2\/posts\/60047","targetHints":{"allow":["GET"]}}],"collection":[{"href":"https:\/\/eldigitaldeasturias.com\/magazine365\/wp-json\/wp\/v2\/posts"}],"about":[{"href":"https:\/\/eldigitaldeasturias.com\/magazine365\/wp-json\/wp\/v2\/types\/post"}],"author":[{"embeddable":true,"href":"https:\/\/eldigitaldeasturias.com\/magazine365\/wp-json\/wp\/v2\/users\/1"}],"replies":[{"embeddable":true,"href":"https:\/\/eldigitaldeasturias.com\/magazine365\/wp-json\/wp\/v2\/comments?post=60047"}],"version-history":[{"count":0,"href":"https:\/\/eldigitaldeasturias.com\/magazine365\/wp-json\/wp\/v2\/posts\/60047\/revisions"}],"wp:featuredmedia":[{"embeddable":true,"href":"https:\/\/eldigitaldeasturias.com\/magazine365\/wp-json\/wp\/v2\/media\/60048"}],"wp:attachment":[{"href":"https:\/\/eldigitaldeasturias.com\/magazine365\/wp-json\/wp\/v2\/media?parent=60047"}],"wp:term":[{"taxonomy":"category","embeddable":true,"href":"https:\/\/eldigitaldeasturias.com\/magazine365\/wp-json\/wp\/v2\/categories?post=60047"},{"taxonomy":"post_tag","embeddable":true,"href":"https:\/\/eldigitaldeasturias.com\/magazine365\/wp-json\/wp\/v2\/tags?post=60047"}],"curies":[{"name":"wp","href":"https:\/\/api.w.org\/{rel}","templated":true}]}}