{"id":60041,"date":"2016-01-10T23:23:53","date_gmt":"2016-01-10T22:23:53","guid":{"rendered":"http:\/\/eldigitaldeasturias.com\/magazine365\/?p=60041"},"modified":"2016-01-10T23:23:53","modified_gmt":"2016-01-10T22:23:53","slug":"melia-abre-el-sol-costa-atlantis-en-tenerife","status":"publish","type":"post","link":"https:\/\/eldigitaldeasturias.com\/magazine365\/melia-abre-el-sol-costa-atlantis-en-tenerife\/","title":{"rendered":"Meli\u00e1 abre el \u00abSol Costa Atlantis\u00bb en Tenerife"},"content":{"rendered":"<p><img fetchpriority=\"high\" decoding=\"async\" class=\"alignleft size-medium wp-image-60042\" src=\"https:\/\/eldigitaldeasturias.com\/magazine365\/wp-content\/uploads\/2016\/01\/fotonoticia_20160108135419_800-360x240.jpg\" alt=\"fotonoticia_20160108135419_800\" width=\"360\" height=\"240\" srcset=\"https:\/\/eldigitaldeasturias.com\/magazine365\/wp-content\/uploads\/2016\/01\/fotonoticia_20160108135419_800-360x240.jpg 360w, https:\/\/eldigitaldeasturias.com\/magazine365\/wp-content\/uploads\/2016\/01\/fotonoticia_20160108135419_800-650x433.jpg 650w, https:\/\/eldigitaldeasturias.com\/magazine365\/wp-content\/uploads\/2016\/01\/fotonoticia_20160108135419_800-768x512.jpg 768w, https:\/\/eldigitaldeasturias.com\/magazine365\/wp-content\/uploads\/2016\/01\/fotonoticia_20160108135419_800-150x100.jpg 150w, https:\/\/eldigitaldeasturias.com\/magazine365\/wp-content\/uploads\/2016\/01\/fotonoticia_20160108135419_800-450x300.jpg 450w, https:\/\/eldigitaldeasturias.com\/magazine365\/wp-content\/uploads\/2016\/01\/fotonoticia_20160108135419_800-696x464.jpg 696w, https:\/\/eldigitaldeasturias.com\/magazine365\/wp-content\/uploads\/2016\/01\/fotonoticia_20160108135419_800-630x420.jpg 630w, https:\/\/eldigitaldeasturias.com\/magazine365\/wp-content\/uploads\/2016\/01\/fotonoticia_20160108135419_800-101x66.jpg 101w, https:\/\/eldigitaldeasturias.com\/magazine365\/wp-content\/uploads\/2016\/01\/fotonoticia_20160108135419_800.jpg 800w\" sizes=\"(max-width: 360px) 100vw, 360px\" \/>Meli\u00e1 Hotels International ha anunciado la apertura del &#8216;Sol Costa Atlantis&#8217; en Tenerife, un complejo hotelero de 298 habitaciones, que supone su noveno establecimiento en la isla, donde gestiona ya m\u00e1s de 2.900 habitaciones, inform\u00f3 la cadena hotelera.<\/p>\n<p>Este hotel, ubicado en Puerto de la Cruz al norte de Tenerife, cuenta adem\u00e1s con seis salas de reuniones con capacidad para albergar a 500 personas para atender la creciente afluencia de convenciones y eventos en las Islas Canarias, se\u00f1ala Meli\u00e1.<\/p>\n<p>La oferta alojativa del &#8216;Sol Costa Atlantis&#8217; se completa con instalaciones comunes como una piscina exterior con terraza con vistas al Atl\u00e1ntico, una piscina interior y el &#8216;Sea Spa&#8217;, una zona de Spa &amp; Wellness, que es uno de los principales atractivos del hotel. Adem\u00e1s, cuenta con un restaurante buffet propio de la marca Sol y dos bares.<\/p>\n<p>Con esta apertura, Meli\u00e1 contin\u00faa con su expansi\u00f3n en el segmento vacacional de la mano de su marca Sol Hotels &amp; Resorts.<\/p>\n<p>La cadena mallorquina cuenta con m\u00e1s de 370 hoteles abiertos o en proceso de apertura en m\u00e1s de 40 pa\u00edses, que opera bajo las marcas Gran Meli\u00e1, Meli\u00e1 Hotels &amp; Resorts, Paradisus Resorts, ME by Meli\u00e1, Innside by Meli\u00e1, Tryp by Whydham y Sol Hoteles.<\/p>\n","protected":false},"excerpt":{"rendered":"<p>Meli\u00e1 Hotels International ha anunciado la apertura del &#8216;Sol Costa Atlantis&#8217; en Tenerife, un complejo hotelero de 298 habitaciones, que supone su noveno establecimiento en la isla, donde gestiona ya m\u00e1s de 2.900 habitaciones, inform\u00f3 la cadena hotelera. Este hotel, ubicado en Puerto de la Cruz al norte de Tenerife, cuenta adem\u00e1s con seis salas<\/p>\n","protected":false},"author":1,"featured_media":60042,"comment_status":"open","ping_status":"closed","sticky":false,"template":"","format":"standard","meta":{"footnotes":""},"categories":[224],"tags":[],"class_list":{"0":"post-60041","1":"post","2":"type-post","3":"status-publish","4":"format-standard","5":"has-post-thumbnail","7":"category-noticias-actualidad"},"aioseo_notices":[],"aioseo_head":"\n\t\t<!-- All in One SEO Pro 4.9.6.1 - aioseo.com -->\n\t<meta name=\"description\" content=\"Meli\u00e1 Hotels International ha anunciado la apertura del &#039;Sol Costa Atlantis&#039; en Tenerife, un complejo hotelero de 298 habitaciones, que supone su noveno establecimiento en la isla, donde gestiona ya m\u00e1s de 2.900 habitaciones, inform\u00f3 la cadena hotelera. Este hotel, ubicado en Puerto de la Cruz al norte de Tenerife, cuenta adem\u00e1s con seis salas\" \/>\n\t<meta name=\"robots\" content=\"max-image-preview:large\" \/>\n\t<meta name=\"author\" content=\"admin\"\/>\n\t<meta name=\"google-site-verification\" content=\"UA-38556648-1\" \/>\n\t<meta name=\"keywords\" content=\"noticias y actualidad\" \/>\n\t<link rel=\"canonical\" href=\"https:\/\/eldigitaldeasturias.com\/magazine365\/melia-abre-el-sol-costa-atlantis-en-tenerife\/\" \/>\n\t<meta name=\"generator\" content=\"All in One SEO Pro (AIOSEO) 4.9.6.1\" \/>\n\t\t<meta property=\"og:locale\" content=\"es_ES\" \/>\n\t\t<meta property=\"og:site_name\" content=\"El Digital de Asturias \u2013 Revista de ocio, turismo y estilo de vida\" \/>\n\t\t<meta property=\"og:type\" content=\"article\" \/>\n\t\t<meta property=\"og:title\" content=\"Meli\u00e1 abre el \u00abSol Costa Atlantis\u00bb en Tenerife | El Digital de Asturias\" \/>\n\t\t<meta property=\"og:description\" content=\"Meli\u00e1 Hotels International ha anunciado la apertura del &#039;Sol Costa Atlantis&#039; en Tenerife, un complejo hotelero de 298 habitaciones, que supone su noveno establecimiento en la isla, donde gestiona ya m\u00e1s de 2.900 habitaciones, inform\u00f3 la cadena hotelera. Este hotel, ubicado en Puerto de la Cruz al norte de Tenerife, cuenta adem\u00e1s con seis salas\" \/>\n\t\t<meta property=\"og:url\" content=\"https:\/\/eldigitaldeasturias.com\/magazine365\/melia-abre-el-sol-costa-atlantis-en-tenerife\/\" \/>\n\t\t<meta property=\"og:image\" content=\"https:\/\/eldigitaldeasturias.com\/magazine365\/wp-content\/uploads\/2016\/01\/fotonoticia_20160108135419_800.jpg\" \/>\n\t\t<meta property=\"og:image:secure_url\" content=\"https:\/\/eldigitaldeasturias.com\/magazine365\/wp-content\/uploads\/2016\/01\/fotonoticia_20160108135419_800.jpg\" \/>\n\t\t<meta property=\"og:image:width\" content=\"800\" \/>\n\t\t<meta property=\"og:image:height\" content=\"533\" \/>\n\t\t<meta property=\"article:published_time\" content=\"2016-01-10T22:23:53+00:00\" \/>\n\t\t<meta property=\"article:modified_time\" content=\"2016-01-10T22:23:53+00:00\" \/>\n\t\t<meta name=\"twitter:card\" content=\"summary_large_image\" \/>\n\t\t<meta name=\"twitter:title\" content=\"Meli\u00e1 abre el \u00abSol Costa Atlantis\u00bb en Tenerife | El Digital de Asturias\" \/>\n\t\t<meta name=\"twitter:description\" content=\"Meli\u00e1 Hotels International ha anunciado la apertura del &#039;Sol Costa Atlantis&#039; en Tenerife, un complejo hotelero de 298 habitaciones, que supone su noveno establecimiento en la isla, donde gestiona ya m\u00e1s de 2.900 habitaciones, inform\u00f3 la cadena hotelera. Este hotel, ubicado en Puerto de la Cruz al norte de Tenerife, cuenta adem\u00e1s con seis salas\" \/>\n\t\t<meta name=\"twitter:image\" content=\"https:\/\/eldigitaldeasturias.com\/magazine365\/wp-content\/uploads\/2016\/01\/fotonoticia_20160108135419_800.jpg\" \/>\n\t\t<script type=\"application\/ld+json\" class=\"aioseo-schema\">\n\t\t\t{\"@context\":\"https:\\\/\\\/schema.org\",\"@graph\":[{\"@type\":\"Article\",\"@id\":\"https:\\\/\\\/eldigitaldeasturias.com\\\/magazine365\\\/melia-abre-el-sol-costa-atlantis-en-tenerife\\\/#article\",\"name\":\"Meli\\u00e1 abre el \\u00abSol Costa Atlantis\\u00bb en Tenerife | El Digital de Asturias\",\"headline\":\"Meli\\u00e1 abre el \\u00abSol Costa Atlantis\\u00bb en Tenerife\",\"author\":{\"@id\":\"https:\\\/\\\/eldigitaldeasturias.com\\\/magazine365\\\/author\\\/admin\\\/#author\"},\"publisher\":{\"@id\":\"https:\\\/\\\/eldigitaldeasturias.com\\\/magazine365\\\/#organization\"},\"image\":{\"@type\":\"ImageObject\",\"url\":\"https:\\\/\\\/eldigitaldeasturias.com\\\/magazine365\\\/wp-content\\\/uploads\\\/2016\\\/01\\\/fotonoticia_20160108135419_800.jpg\",\"width\":800,\"height\":533},\"datePublished\":\"2016-01-10T23:23:53+01:00\",\"dateModified\":\"2016-01-10T23:23:53+01:00\",\"inLanguage\":\"es-ES\",\"mainEntityOfPage\":{\"@id\":\"https:\\\/\\\/eldigitaldeasturias.com\\\/magazine365\\\/melia-abre-el-sol-costa-atlantis-en-tenerife\\\/#webpage\"},\"isPartOf\":{\"@id\":\"https:\\\/\\\/eldigitaldeasturias.com\\\/magazine365\\\/melia-abre-el-sol-costa-atlantis-en-tenerife\\\/#webpage\"},\"articleSection\":\"Noticias y Actualidad\"},{\"@type\":\"BreadcrumbList\",\"@id\":\"https:\\\/\\\/eldigitaldeasturias.com\\\/magazine365\\\/melia-abre-el-sol-costa-atlantis-en-tenerife\\\/#breadcrumblist\",\"itemListElement\":[{\"@type\":\"ListItem\",\"@id\":\"https:\\\/\\\/eldigitaldeasturias.com\\\/magazine365#listItem\",\"position\":1,\"name\":\"Home\",\"item\":\"https:\\\/\\\/eldigitaldeasturias.com\\\/magazine365\",\"nextItem\":{\"@type\":\"ListItem\",\"@id\":\"https:\\\/\\\/eldigitaldeasturias.com\\\/magazine365\\\/category\\\/noticias-actualidad\\\/#listItem\",\"name\":\"Noticias y Actualidad\"}},{\"@type\":\"ListItem\",\"@id\":\"https:\\\/\\\/eldigitaldeasturias.com\\\/magazine365\\\/category\\\/noticias-actualidad\\\/#listItem\",\"position\":2,\"name\":\"Noticias y Actualidad\",\"item\":\"https:\\\/\\\/eldigitaldeasturias.com\\\/magazine365\\\/category\\\/noticias-actualidad\\\/\",\"nextItem\":{\"@type\":\"ListItem\",\"@id\":\"https:\\\/\\\/eldigitaldeasturias.com\\\/magazine365\\\/melia-abre-el-sol-costa-atlantis-en-tenerife\\\/#listItem\",\"name\":\"Meli\\u00e1 abre el \\u00abSol Costa Atlantis\\u00bb en Tenerife\"},\"previousItem\":{\"@type\":\"ListItem\",\"@id\":\"https:\\\/\\\/eldigitaldeasturias.com\\\/magazine365#listItem\",\"name\":\"Home\"}},{\"@type\":\"ListItem\",\"@id\":\"https:\\\/\\\/eldigitaldeasturias.com\\\/magazine365\\\/melia-abre-el-sol-costa-atlantis-en-tenerife\\\/#listItem\",\"position\":3,\"name\":\"Meli\\u00e1 abre el \\u00abSol Costa Atlantis\\u00bb en Tenerife\",\"previousItem\":{\"@type\":\"ListItem\",\"@id\":\"https:\\\/\\\/eldigitaldeasturias.com\\\/magazine365\\\/category\\\/noticias-actualidad\\\/#listItem\",\"name\":\"Noticias y Actualidad\"}}]},{\"@type\":\"Organization\",\"@id\":\"https:\\\/\\\/eldigitaldeasturias.com\\\/magazine365\\\/#organization\",\"name\":\"El digital de Asturias\",\"description\":\"Revista de ocio, turismo y estilo de vida\",\"url\":\"https:\\\/\\\/eldigitaldeasturias.com\\\/magazine365\\\/\",\"logo\":{\"@type\":\"ImageObject\",\"url\":\"https:\\\/\\\/www.eldigitaldeasturias.com\\\/noticias\\\/wp-content\\\/uploads\\\/2020\\\/12\\\/EDA.jpg\",\"@id\":\"https:\\\/\\\/eldigitaldeasturias.com\\\/magazine365\\\/melia-abre-el-sol-costa-atlantis-en-tenerife\\\/#organizationLogo\"},\"image\":{\"@id\":\"https:\\\/\\\/eldigitaldeasturias.com\\\/magazine365\\\/melia-abre-el-sol-costa-atlantis-en-tenerife\\\/#organizationLogo\"}},{\"@type\":\"Person\",\"@id\":\"https:\\\/\\\/eldigitaldeasturias.com\\\/magazine365\\\/author\\\/admin\\\/#author\",\"url\":\"https:\\\/\\\/eldigitaldeasturias.com\\\/magazine365\\\/author\\\/admin\\\/\",\"name\":\"admin\",\"image\":{\"@type\":\"ImageObject\",\"@id\":\"https:\\\/\\\/eldigitaldeasturias.com\\\/magazine365\\\/melia-abre-el-sol-costa-atlantis-en-tenerife\\\/#authorImage\",\"url\":\"https:\\\/\\\/eldigitaldeasturias.com\\\/magazine365\\\/wp-content\\\/litespeed\\\/avatar\\\/e571bcf59a0edd6fa6838245a470f2fe.jpg?ver=1777574230\",\"width\":96,\"height\":96,\"caption\":\"admin\"}},{\"@type\":\"WebPage\",\"@id\":\"https:\\\/\\\/eldigitaldeasturias.com\\\/magazine365\\\/melia-abre-el-sol-costa-atlantis-en-tenerife\\\/#webpage\",\"url\":\"https:\\\/\\\/eldigitaldeasturias.com\\\/magazine365\\\/melia-abre-el-sol-costa-atlantis-en-tenerife\\\/\",\"name\":\"Meli\\u00e1 abre el \\u00abSol Costa Atlantis\\u00bb en Tenerife | El Digital de Asturias\",\"description\":\"Meli\\u00e1 Hotels International ha anunciado la apertura del 'Sol Costa Atlantis' en Tenerife, un complejo hotelero de 298 habitaciones, que supone su noveno establecimiento en la isla, donde gestiona ya m\\u00e1s de 2.900 habitaciones, inform\\u00f3 la cadena hotelera. Este hotel, ubicado en Puerto de la Cruz al norte de Tenerife, cuenta adem\\u00e1s con seis salas\",\"inLanguage\":\"es-ES\",\"isPartOf\":{\"@id\":\"https:\\\/\\\/eldigitaldeasturias.com\\\/magazine365\\\/#website\"},\"breadcrumb\":{\"@id\":\"https:\\\/\\\/eldigitaldeasturias.com\\\/magazine365\\\/melia-abre-el-sol-costa-atlantis-en-tenerife\\\/#breadcrumblist\"},\"author\":{\"@id\":\"https:\\\/\\\/eldigitaldeasturias.com\\\/magazine365\\\/author\\\/admin\\\/#author\"},\"creator\":{\"@id\":\"https:\\\/\\\/eldigitaldeasturias.com\\\/magazine365\\\/author\\\/admin\\\/#author\"},\"image\":{\"@type\":\"ImageObject\",\"url\":\"https:\\\/\\\/eldigitaldeasturias.com\\\/magazine365\\\/wp-content\\\/uploads\\\/2016\\\/01\\\/fotonoticia_20160108135419_800.jpg\",\"@id\":\"https:\\\/\\\/eldigitaldeasturias.com\\\/magazine365\\\/melia-abre-el-sol-costa-atlantis-en-tenerife\\\/#mainImage\",\"width\":800,\"height\":533},\"primaryImageOfPage\":{\"@id\":\"https:\\\/\\\/eldigitaldeasturias.com\\\/magazine365\\\/melia-abre-el-sol-costa-atlantis-en-tenerife\\\/#mainImage\"},\"datePublished\":\"2016-01-10T23:23:53+01:00\",\"dateModified\":\"2016-01-10T23:23:53+01:00\"},{\"@type\":\"WebSite\",\"@id\":\"https:\\\/\\\/eldigitaldeasturias.com\\\/magazine365\\\/#website\",\"url\":\"https:\\\/\\\/eldigitaldeasturias.com\\\/magazine365\\\/\",\"name\":\"El Digital de Asturias\",\"description\":\"Revista de ocio, turismo y estilo de vida\",\"inLanguage\":\"es-ES\",\"publisher\":{\"@id\":\"https:\\\/\\\/eldigitaldeasturias.com\\\/magazine365\\\/#organization\"}}]}\n\t\t<\/script>\n\t\t<!-- All in One SEO Pro -->\r\n\t\t<title>Meli\u00e1 abre el \u00abSol Costa Atlantis\u00bb en Tenerife | El Digital de Asturias<\/title>\n\n","aioseo_head_json":{"title":"Meli\u00e1 abre el \u00abSol Costa Atlantis\u00bb en Tenerife | El Digital de Asturias","description":"Meli\u00e1 Hotels International ha anunciado la apertura del 'Sol Costa Atlantis' en Tenerife, un complejo hotelero de 298 habitaciones, que supone su noveno establecimiento en la isla, donde gestiona ya m\u00e1s de 2.900 habitaciones, inform\u00f3 la cadena hotelera. Este hotel, ubicado en Puerto de la Cruz al norte de Tenerife, cuenta adem\u00e1s con seis salas","canonical_url":"https:\/\/eldigitaldeasturias.com\/magazine365\/melia-abre-el-sol-costa-atlantis-en-tenerife\/","robots":"max-image-preview:large","keywords":"noticias y actualidad","webmasterTools":{"google-site-verification":"UA-38556648-1","miscellaneous":""},"schema":{"@context":"https:\/\/schema.org","@graph":[{"@type":"Article","@id":"https:\/\/eldigitaldeasturias.com\/magazine365\/melia-abre-el-sol-costa-atlantis-en-tenerife\/#article","name":"Meli\u00e1 abre el \u00abSol Costa Atlantis\u00bb en Tenerife | El Digital de Asturias","headline":"Meli\u00e1 abre el \u00abSol Costa Atlantis\u00bb en Tenerife","author":{"@id":"https:\/\/eldigitaldeasturias.com\/magazine365\/author\/admin\/#author"},"publisher":{"@id":"https:\/\/eldigitaldeasturias.com\/magazine365\/#organization"},"image":{"@type":"ImageObject","url":"https:\/\/eldigitaldeasturias.com\/magazine365\/wp-content\/uploads\/2016\/01\/fotonoticia_20160108135419_800.jpg","width":800,"height":533},"datePublished":"2016-01-10T23:23:53+01:00","dateModified":"2016-01-10T23:23:53+01:00","inLanguage":"es-ES","mainEntityOfPage":{"@id":"https:\/\/eldigitaldeasturias.com\/magazine365\/melia-abre-el-sol-costa-atlantis-en-tenerife\/#webpage"},"isPartOf":{"@id":"https:\/\/eldigitaldeasturias.com\/magazine365\/melia-abre-el-sol-costa-atlantis-en-tenerife\/#webpage"},"articleSection":"Noticias y Actualidad"},{"@type":"BreadcrumbList","@id":"https:\/\/eldigitaldeasturias.com\/magazine365\/melia-abre-el-sol-costa-atlantis-en-tenerife\/#breadcrumblist","itemListElement":[{"@type":"ListItem","@id":"https:\/\/eldigitaldeasturias.com\/magazine365#listItem","position":1,"name":"Home","item":"https:\/\/eldigitaldeasturias.com\/magazine365","nextItem":{"@type":"ListItem","@id":"https:\/\/eldigitaldeasturias.com\/magazine365\/category\/noticias-actualidad\/#listItem","name":"Noticias y Actualidad"}},{"@type":"ListItem","@id":"https:\/\/eldigitaldeasturias.com\/magazine365\/category\/noticias-actualidad\/#listItem","position":2,"name":"Noticias y Actualidad","item":"https:\/\/eldigitaldeasturias.com\/magazine365\/category\/noticias-actualidad\/","nextItem":{"@type":"ListItem","@id":"https:\/\/eldigitaldeasturias.com\/magazine365\/melia-abre-el-sol-costa-atlantis-en-tenerife\/#listItem","name":"Meli\u00e1 abre el \u00abSol Costa Atlantis\u00bb en Tenerife"},"previousItem":{"@type":"ListItem","@id":"https:\/\/eldigitaldeasturias.com\/magazine365#listItem","name":"Home"}},{"@type":"ListItem","@id":"https:\/\/eldigitaldeasturias.com\/magazine365\/melia-abre-el-sol-costa-atlantis-en-tenerife\/#listItem","position":3,"name":"Meli\u00e1 abre el \u00abSol Costa Atlantis\u00bb en Tenerife","previousItem":{"@type":"ListItem","@id":"https:\/\/eldigitaldeasturias.com\/magazine365\/category\/noticias-actualidad\/#listItem","name":"Noticias y Actualidad"}}]},{"@type":"Organization","@id":"https:\/\/eldigitaldeasturias.com\/magazine365\/#organization","name":"El digital de Asturias","description":"Revista de ocio, turismo y estilo de vida","url":"https:\/\/eldigitaldeasturias.com\/magazine365\/","logo":{"@type":"ImageObject","url":"https:\/\/www.eldigitaldeasturias.com\/noticias\/wp-content\/uploads\/2020\/12\/EDA.jpg","@id":"https:\/\/eldigitaldeasturias.com\/magazine365\/melia-abre-el-sol-costa-atlantis-en-tenerife\/#organizationLogo"},"image":{"@id":"https:\/\/eldigitaldeasturias.com\/magazine365\/melia-abre-el-sol-costa-atlantis-en-tenerife\/#organizationLogo"}},{"@type":"Person","@id":"https:\/\/eldigitaldeasturias.com\/magazine365\/author\/admin\/#author","url":"https:\/\/eldigitaldeasturias.com\/magazine365\/author\/admin\/","name":"admin","image":{"@type":"ImageObject","@id":"https:\/\/eldigitaldeasturias.com\/magazine365\/melia-abre-el-sol-costa-atlantis-en-tenerife\/#authorImage","url":"https:\/\/eldigitaldeasturias.com\/magazine365\/wp-content\/litespeed\/avatar\/e571bcf59a0edd6fa6838245a470f2fe.jpg?ver=1777574230","width":96,"height":96,"caption":"admin"}},{"@type":"WebPage","@id":"https:\/\/eldigitaldeasturias.com\/magazine365\/melia-abre-el-sol-costa-atlantis-en-tenerife\/#webpage","url":"https:\/\/eldigitaldeasturias.com\/magazine365\/melia-abre-el-sol-costa-atlantis-en-tenerife\/","name":"Meli\u00e1 abre el \u00abSol Costa Atlantis\u00bb en Tenerife | El Digital de Asturias","description":"Meli\u00e1 Hotels International ha anunciado la apertura del 'Sol Costa Atlantis' en Tenerife, un complejo hotelero de 298 habitaciones, que supone su noveno establecimiento en la isla, donde gestiona ya m\u00e1s de 2.900 habitaciones, inform\u00f3 la cadena hotelera. Este hotel, ubicado en Puerto de la Cruz al norte de Tenerife, cuenta adem\u00e1s con seis salas","inLanguage":"es-ES","isPartOf":{"@id":"https:\/\/eldigitaldeasturias.com\/magazine365\/#website"},"breadcrumb":{"@id":"https:\/\/eldigitaldeasturias.com\/magazine365\/melia-abre-el-sol-costa-atlantis-en-tenerife\/#breadcrumblist"},"author":{"@id":"https:\/\/eldigitaldeasturias.com\/magazine365\/author\/admin\/#author"},"creator":{"@id":"https:\/\/eldigitaldeasturias.com\/magazine365\/author\/admin\/#author"},"image":{"@type":"ImageObject","url":"https:\/\/eldigitaldeasturias.com\/magazine365\/wp-content\/uploads\/2016\/01\/fotonoticia_20160108135419_800.jpg","@id":"https:\/\/eldigitaldeasturias.com\/magazine365\/melia-abre-el-sol-costa-atlantis-en-tenerife\/#mainImage","width":800,"height":533},"primaryImageOfPage":{"@id":"https:\/\/eldigitaldeasturias.com\/magazine365\/melia-abre-el-sol-costa-atlantis-en-tenerife\/#mainImage"},"datePublished":"2016-01-10T23:23:53+01:00","dateModified":"2016-01-10T23:23:53+01:00"},{"@type":"WebSite","@id":"https:\/\/eldigitaldeasturias.com\/magazine365\/#website","url":"https:\/\/eldigitaldeasturias.com\/magazine365\/","name":"El Digital de Asturias","description":"Revista de ocio, turismo y estilo de vida","inLanguage":"es-ES","publisher":{"@id":"https:\/\/eldigitaldeasturias.com\/magazine365\/#organization"}}]},"og:locale":"es_ES","og:site_name":"El Digital de Asturias \u2013 Revista de ocio, turismo y estilo de vida","og:type":"article","og:title":"Meli\u00e1 abre el \u00abSol Costa Atlantis\u00bb en Tenerife | El Digital de Asturias","og:description":"Meli\u00e1 Hotels International ha anunciado la apertura del 'Sol Costa Atlantis' en Tenerife, un complejo hotelero de 298 habitaciones, que supone su noveno establecimiento en la isla, donde gestiona ya m\u00e1s de 2.900 habitaciones, inform\u00f3 la cadena hotelera. Este hotel, ubicado en Puerto de la Cruz al norte de Tenerife, cuenta adem\u00e1s con seis salas","og:url":"https:\/\/eldigitaldeasturias.com\/magazine365\/melia-abre-el-sol-costa-atlantis-en-tenerife\/","og:image":"https:\/\/eldigitaldeasturias.com\/magazine365\/wp-content\/uploads\/2016\/01\/fotonoticia_20160108135419_800.jpg","og:image:secure_url":"https:\/\/eldigitaldeasturias.com\/magazine365\/wp-content\/uploads\/2016\/01\/fotonoticia_20160108135419_800.jpg","og:image:width":800,"og:image:height":533,"article:published_time":"2016-01-10T22:23:53+00:00","article:modified_time":"2016-01-10T22:23:53+00:00","twitter:card":"summary_large_image","twitter:title":"Meli\u00e1 abre el \u00abSol Costa Atlantis\u00bb en Tenerife | El Digital de Asturias","twitter:description":"Meli\u00e1 Hotels International ha anunciado la apertura del 'Sol Costa Atlantis' en Tenerife, un complejo hotelero de 298 habitaciones, que supone su noveno establecimiento en la isla, donde gestiona ya m\u00e1s de 2.900 habitaciones, inform\u00f3 la cadena hotelera. Este hotel, ubicado en Puerto de la Cruz al norte de Tenerife, cuenta adem\u00e1s con seis salas","twitter:image":"https:\/\/eldigitaldeasturias.com\/magazine365\/wp-content\/uploads\/2016\/01\/fotonoticia_20160108135419_800.jpg"},"aioseo_meta_data":{"post_id":"60041","title":null,"description":null,"keywords":null,"keyphrases":null,"primary_term":null,"canonical_url":null,"og_title":null,"og_description":null,"og_object_type":"default","og_image_type":"default","og_image_url":null,"og_image_width":null,"og_image_height":null,"og_image_custom_url":null,"og_image_custom_fields":null,"og_video":null,"og_custom_url":null,"og_article_section":null,"og_article_tags":null,"twitter_use_og":false,"twitter_card":"default","twitter_image_type":"default","twitter_image_url":null,"twitter_image_custom_url":null,"twitter_image_custom_fields":null,"twitter_title":null,"twitter_description":null,"schema":{"blockGraphs":[],"customGraphs":[],"default":{"data":{"Article":[],"Course":[],"Dataset":[],"FAQPage":[],"Movie":[],"Person":[],"Product":[],"ProductReview":[],"Car":[],"Recipe":[],"Service":[],"SoftwareApplication":[],"WebPage":[]},"graphName":"","isEnabled":true},"graphs":[],"defaultGraph":"","defaultPostTypeGraph":""},"schema_type":null,"schema_type_options":null,"pillar_content":false,"robots_default":true,"robots_noindex":false,"robots_noarchive":false,"robots_nosnippet":false,"robots_nofollow":false,"robots_noimageindex":false,"robots_noodp":false,"robots_notranslate":false,"robots_max_snippet":null,"robots_max_videopreview":null,"robots_max_imagepreview":"large","priority":null,"frequency":null,"location":null,"local_seo":null,"seo_analyzer_scan_date":"2025-09-25 06:09:15","breadcrumb_settings":null,"limit_modified_date":false,"open_ai":null,"ai":null,"created":"2021-03-08 22:06:04","updated":"2025-09-25 06:09:15"},"aioseo_breadcrumb":"<div class=\"aioseo-breadcrumbs\"><span class=\"aioseo-breadcrumb\">\n\t<a href=\"https:\/\/eldigitaldeasturias.com\/magazine365\" title=\"Home\">Home<\/a>\n<\/span><span class=\"aioseo-breadcrumb-separator\">\u2013<\/span><span class=\"aioseo-breadcrumb\">\n\t<a href=\"https:\/\/eldigitaldeasturias.com\/magazine365\/category\/noticias-actualidad\/\" title=\"Noticias y Actualidad\">Noticias y Actualidad<\/a>\n<\/span><span class=\"aioseo-breadcrumb-separator\">\u2013<\/span><span class=\"aioseo-breadcrumb\">\n\t<a href=\"https:\/\/eldigitaldeasturias.com\/magazine365\/melia-abre-el-sol-costa-atlantis-en-tenerife\/\" title=\"Meli\u00e1 abre el \u00abSol Costa Atlantis\u00bb en Tenerife\">Meli\u00e1 abre el \u00abSol Costa Atlantis\u00bb en Tenerife<\/a>\n<\/span><\/div>","aioseo_breadcrumb_json":[{"label":"Home","link":"https:\/\/eldigitaldeasturias.com\/magazine365"},{"label":"Noticias y Actualidad","link":"https:\/\/eldigitaldeasturias.com\/magazine365\/category\/noticias-actualidad\/"},{"label":"Meli\u00e1 abre el \u00abSol Costa Atlantis\u00bb en Tenerife","link":"https:\/\/eldigitaldeasturias.com\/magazine365\/melia-abre-el-sol-costa-atlantis-en-tenerife\/"}],"_links":{"self":[{"href":"https:\/\/eldigitaldeasturias.com\/magazine365\/wp-json\/wp\/v2\/posts\/60041","targetHints":{"allow":["GET"]}}],"collection":[{"href":"https:\/\/eldigitaldeasturias.com\/magazine365\/wp-json\/wp\/v2\/posts"}],"about":[{"href":"https:\/\/eldigitaldeasturias.com\/magazine365\/wp-json\/wp\/v2\/types\/post"}],"author":[{"embeddable":true,"href":"https:\/\/eldigitaldeasturias.com\/magazine365\/wp-json\/wp\/v2\/users\/1"}],"replies":[{"embeddable":true,"href":"https:\/\/eldigitaldeasturias.com\/magazine365\/wp-json\/wp\/v2\/comments?post=60041"}],"version-history":[{"count":0,"href":"https:\/\/eldigitaldeasturias.com\/magazine365\/wp-json\/wp\/v2\/posts\/60041\/revisions"}],"wp:featuredmedia":[{"embeddable":true,"href":"https:\/\/eldigitaldeasturias.com\/magazine365\/wp-json\/wp\/v2\/media\/60042"}],"wp:attachment":[{"href":"https:\/\/eldigitaldeasturias.com\/magazine365\/wp-json\/wp\/v2\/media?parent=60041"}],"wp:term":[{"taxonomy":"category","embeddable":true,"href":"https:\/\/eldigitaldeasturias.com\/magazine365\/wp-json\/wp\/v2\/categories?post=60041"},{"taxonomy":"post_tag","embeddable":true,"href":"https:\/\/eldigitaldeasturias.com\/magazine365\/wp-json\/wp\/v2\/tags?post=60041"}],"curies":[{"name":"wp","href":"https:\/\/api.w.org\/{rel}","templated":true}]}}