{"id":60038,"date":"2016-01-10T23:22:23","date_gmt":"2016-01-10T22:22:23","guid":{"rendered":"http:\/\/eldigitaldeasturias.com\/magazine365\/?p=60038"},"modified":"2016-01-10T23:22:23","modified_gmt":"2016-01-10T22:22:23","slug":"la-junta-de-andalucia-asegura-que-su-voluntad-es-traspasar-a-la-consula-y-fonda-cuanto-antes-al-sae","status":"publish","type":"post","link":"https:\/\/eldigitaldeasturias.com\/magazine365\/la-junta-de-andalucia-asegura-que-su-voluntad-es-traspasar-a-la-consula-y-fonda-cuanto-antes-al-sae\/","title":{"rendered":"La Junta de Andaluc\u00eda asegura que su voluntad es traspasar a La C\u00f3nsula y Fonda \u00abcuanto antes\u00bb al SAE"},"content":{"rendered":"<p><img fetchpriority=\"high\" decoding=\"async\" class=\"alignleft size-medium wp-image-60039\" src=\"https:\/\/eldigitaldeasturias.com\/magazine365\/wp-content\/uploads\/2016\/01\/fotonoticia_20160108134150_800-360x228.jpg\" alt=\"fotonoticia_20160108134150_800\" width=\"360\" height=\"228\" srcset=\"https:\/\/eldigitaldeasturias.com\/magazine365\/wp-content\/uploads\/2016\/01\/fotonoticia_20160108134150_800-360x228.jpg 360w, https:\/\/eldigitaldeasturias.com\/magazine365\/wp-content\/uploads\/2016\/01\/fotonoticia_20160108134150_800-650x412.jpg 650w, https:\/\/eldigitaldeasturias.com\/magazine365\/wp-content\/uploads\/2016\/01\/fotonoticia_20160108134150_800-768x487.jpg 768w, https:\/\/eldigitaldeasturias.com\/magazine365\/wp-content\/uploads\/2016\/01\/fotonoticia_20160108134150_800-150x95.jpg 150w, https:\/\/eldigitaldeasturias.com\/magazine365\/wp-content\/uploads\/2016\/01\/fotonoticia_20160108134150_800-450x285.jpg 450w, https:\/\/eldigitaldeasturias.com\/magazine365\/wp-content\/uploads\/2016\/01\/fotonoticia_20160108134150_800-696x441.jpg 696w, https:\/\/eldigitaldeasturias.com\/magazine365\/wp-content\/uploads\/2016\/01\/fotonoticia_20160108134150_800-663x420.jpg 663w, https:\/\/eldigitaldeasturias.com\/magazine365\/wp-content\/uploads\/2016\/01\/fotonoticia_20160108134150_800-269x170.jpg 269w, https:\/\/eldigitaldeasturias.com\/magazine365\/wp-content\/uploads\/2016\/01\/fotonoticia_20160108134150_800-365x230.jpg 365w, https:\/\/eldigitaldeasturias.com\/magazine365\/wp-content\/uploads\/2016\/01\/fotonoticia_20160108134150_800-355x226.jpg 355w, https:\/\/eldigitaldeasturias.com\/magazine365\/wp-content\/uploads\/2016\/01\/fotonoticia_20160108134150_800-160x100.jpg 160w, https:\/\/eldigitaldeasturias.com\/magazine365\/wp-content\/uploads\/2016\/01\/fotonoticia_20160108134150_800.jpg 800w\" sizes=\"(max-width: 360px) 100vw, 360px\" \/>La consejera de Educaci\u00f3n de la Junta de Andaluc\u00eda, Adelaida de la Calle, ha defendido este viernes que la voluntad del Gobierno presidido por Susana D\u00edaz es traspasar \u00abcuanto antes\u00bb a la Escuela de Hosteler\u00eda de La C\u00f3nsula, en la capital, y La Fonda, en Benalm\u00e1dena (M\u00e1laga), al Servicio Andaluz de Empleo (SAE), para dotar de financiaci\u00f3n a ambos centros y pagar las n\u00f3minas a trabajadores.<\/p>\n<p>Los alumnos de La C\u00f3nsula y La Fonda no podr\u00e1n volver a dar clases hasta que se realice la auditor\u00eda de las cuentas de las dos escuelas, requisito previo e imprescindible para la aceptaci\u00f3n por parte del SAE de la integraci\u00f3n de los centros malague\u00f1os.<\/p>\n<p>As\u00ed, De la Calle ha destacado la necesidad de cumplir con el decreto ley, que \u00abtiene unas caracter\u00edsticas que se tienen que aplicar para el traspaso\u00bb. \u00abDe 10 consorcios, ocho est\u00e1n funcionando completamente en Andaluc\u00eda\u00bb, ha recordado la consejera, preguntada por los periodistas durante una visita a M\u00e1laga capital.<\/p>\n<p>En este sentido, ha se\u00f1alado que el retraso en el proceso de integraci\u00f3n de La C\u00f3nsula y La Fonda se debe a que \u00abla auditor\u00eda estaba contratada, pero no se ha estado realizando en su totalidad\u00bb.<\/p>\n<p>Por ello, la titular de Educaci\u00f3n de la Junta no ha querido fijar un plazo para la realizaci\u00f3n de la auditor\u00eda en los dos centros, despu\u00e9s de los numerosos retrasos e incumplimientos en el proceso. Sin embargo, cree que \u00abya est\u00e1 a punto\u00bb.<\/p>\n<p>Asimismo, ha defendido el trabajo del consejero de Empleo, Empresa y Comercio, Jos\u00e9 S\u00e1nchez Maldonado, que afirm\u00f3 este pasado martes que la Junta est\u00e1 poniendo \u00abtoda la carne en el asador\u00bb para integrar a los dos centros de hosteler\u00eda.<\/p>\n<p>\u00abEl consejero se est\u00e1 esforzando d\u00eda a d\u00eda en explicar la situaci\u00f3n y el compromiso de la Junta no puede ser otro que finalizar el procedimiento y que se produzca el traspaso\u00bb, ha destacado De la Calle. As\u00ed, una vez que se lleve a cabo la integraci\u00f3n, \u00abel dinero estar\u00e1 ah\u00ed para cumplir con las necesidades\u00bb, ha concluido.<\/p>\n<p>APLICAR LA LEGALIDAD<\/p>\n<p>Por su parte, fuentes de la Consejer\u00eda de Empleo, Empresa y Comercio han recordado a Europa Press que \u00abla soluci\u00f3n para la escuela de La C\u00f3nsula y de La Fonda pasa por la aplicaci\u00f3n de la legalidad, esto es, por la aplicaci\u00f3n del decreto ley\u00bb. \u00abFuera de este decreto ley no existe soluci\u00f3n\u00bb, han aseverado.<\/p>\n<p>Las fuentes han indicado, en la misma l\u00ednea que la consejera de Educaci\u00f3n, que la soluci\u00f3n para ambos consorcios debe pasar por \u00abla aplicaci\u00f3n del decreto ley que se aprob\u00f3 en el Parlamento andaluz, como ha ocurrido con los otros ocho consorcios cuyas plantillas ya han sido asumidas por el Servicio Andaluz de Empleo (SAE)\u00bb.<\/p>\n","protected":false},"excerpt":{"rendered":"<p>La consejera de Educaci\u00f3n de la Junta de Andaluc\u00eda, Adelaida de la Calle, ha defendido este viernes que la voluntad del Gobierno presidido por Susana D\u00edaz es traspasar \u00abcuanto antes\u00bb a la Escuela de Hosteler\u00eda de La C\u00f3nsula, en la capital, y La Fonda, en Benalm\u00e1dena (M\u00e1laga), al Servicio Andaluz de Empleo (SAE), para dotar<\/p>\n","protected":false},"author":1,"featured_media":60039,"comment_status":"open","ping_status":"closed","sticky":false,"template":"","format":"standard","meta":{"footnotes":""},"categories":[224],"tags":[],"class_list":{"0":"post-60038","1":"post","2":"type-post","3":"status-publish","4":"format-standard","5":"has-post-thumbnail","7":"category-noticias-actualidad"},"aioseo_notices":[],"aioseo_head":"\n\t\t<!-- All in One SEO Pro 4.9.6.1 - aioseo.com -->\n\t<meta name=\"description\" content=\"La consejera de Educaci\u00f3n de la Junta de Andaluc\u00eda, Adelaida de la Calle, ha defendido este viernes que la voluntad del Gobierno presidido por Susana D\u00edaz es traspasar &quot;cuanto antes&quot; a la Escuela de Hosteler\u00eda de La C\u00f3nsula, en la capital, y La Fonda, en Benalm\u00e1dena (M\u00e1laga), al Servicio Andaluz de Empleo (SAE), para dotar\" \/>\n\t<meta name=\"robots\" content=\"max-image-preview:large\" \/>\n\t<meta name=\"author\" content=\"admin\"\/>\n\t<meta name=\"google-site-verification\" content=\"UA-38556648-1\" \/>\n\t<meta name=\"keywords\" content=\"noticias y actualidad\" \/>\n\t<link rel=\"canonical\" href=\"https:\/\/eldigitaldeasturias.com\/magazine365\/la-junta-de-andalucia-asegura-que-su-voluntad-es-traspasar-a-la-consula-y-fonda-cuanto-antes-al-sae\/\" \/>\n\t<meta name=\"generator\" content=\"All in One SEO Pro (AIOSEO) 4.9.6.1\" \/>\n\t\t<meta property=\"og:locale\" content=\"es_ES\" \/>\n\t\t<meta property=\"og:site_name\" content=\"El Digital de Asturias \u2013 Revista de ocio, turismo y estilo de vida\" \/>\n\t\t<meta property=\"og:type\" content=\"article\" \/>\n\t\t<meta property=\"og:title\" content=\"La Junta de Andaluc\u00eda asegura que su voluntad es traspasar a La C\u00f3nsula y Fonda \u00abcuanto antes\u00bb al SAE | El Digital de Asturias\" \/>\n\t\t<meta property=\"og:description\" content=\"La consejera de Educaci\u00f3n de la Junta de Andaluc\u00eda, Adelaida de la Calle, ha defendido este viernes que la voluntad del Gobierno presidido por Susana D\u00edaz es traspasar &quot;cuanto antes&quot; a la Escuela de Hosteler\u00eda de La C\u00f3nsula, en la capital, y La Fonda, en Benalm\u00e1dena (M\u00e1laga), al Servicio Andaluz de Empleo (SAE), para dotar\" \/>\n\t\t<meta property=\"og:url\" content=\"https:\/\/eldigitaldeasturias.com\/magazine365\/la-junta-de-andalucia-asegura-que-su-voluntad-es-traspasar-a-la-consula-y-fonda-cuanto-antes-al-sae\/\" \/>\n\t\t<meta property=\"og:image\" content=\"https:\/\/eldigitaldeasturias.com\/magazine365\/wp-content\/uploads\/2016\/01\/fotonoticia_20160108134150_800.jpg\" \/>\n\t\t<meta property=\"og:image:secure_url\" content=\"https:\/\/eldigitaldeasturias.com\/magazine365\/wp-content\/uploads\/2016\/01\/fotonoticia_20160108134150_800.jpg\" \/>\n\t\t<meta property=\"og:image:width\" content=\"800\" \/>\n\t\t<meta property=\"og:image:height\" content=\"507\" \/>\n\t\t<meta property=\"article:published_time\" content=\"2016-01-10T22:22:23+00:00\" \/>\n\t\t<meta property=\"article:modified_time\" content=\"2016-01-10T22:22:23+00:00\" \/>\n\t\t<meta name=\"twitter:card\" content=\"summary_large_image\" \/>\n\t\t<meta name=\"twitter:title\" content=\"La Junta de Andaluc\u00eda asegura que su voluntad es traspasar a La C\u00f3nsula y Fonda \u00abcuanto antes\u00bb al SAE | El Digital de Asturias\" \/>\n\t\t<meta name=\"twitter:description\" content=\"La consejera de Educaci\u00f3n de la Junta de Andaluc\u00eda, Adelaida de la Calle, ha defendido este viernes que la voluntad del Gobierno presidido por Susana D\u00edaz es traspasar &quot;cuanto antes&quot; a la Escuela de Hosteler\u00eda de La C\u00f3nsula, en la capital, y La Fonda, en Benalm\u00e1dena (M\u00e1laga), al Servicio Andaluz de Empleo (SAE), para dotar\" \/>\n\t\t<meta name=\"twitter:image\" content=\"https:\/\/eldigitaldeasturias.com\/magazine365\/wp-content\/uploads\/2016\/01\/fotonoticia_20160108134150_800.jpg\" \/>\n\t\t<script type=\"application\/ld+json\" class=\"aioseo-schema\">\n\t\t\t{\"@context\":\"https:\\\/\\\/schema.org\",\"@graph\":[{\"@type\":\"Article\",\"@id\":\"https:\\\/\\\/eldigitaldeasturias.com\\\/magazine365\\\/la-junta-de-andalucia-asegura-que-su-voluntad-es-traspasar-a-la-consula-y-fonda-cuanto-antes-al-sae\\\/#article\",\"name\":\"La Junta de Andaluc\\u00eda asegura que su voluntad es traspasar a La C\\u00f3nsula y Fonda \\u00abcuanto antes\\u00bb al SAE | El Digital de Asturias\",\"headline\":\"La Junta de Andaluc\\u00eda asegura que su voluntad es traspasar a La C\\u00f3nsula y Fonda \\u00abcuanto antes\\u00bb al SAE\",\"author\":{\"@id\":\"https:\\\/\\\/eldigitaldeasturias.com\\\/magazine365\\\/author\\\/admin\\\/#author\"},\"publisher\":{\"@id\":\"https:\\\/\\\/eldigitaldeasturias.com\\\/magazine365\\\/#organization\"},\"image\":{\"@type\":\"ImageObject\",\"url\":\"https:\\\/\\\/eldigitaldeasturias.com\\\/magazine365\\\/wp-content\\\/uploads\\\/2016\\\/01\\\/fotonoticia_20160108134150_800.jpg\",\"width\":800,\"height\":507},\"datePublished\":\"2016-01-10T23:22:23+01:00\",\"dateModified\":\"2016-01-10T23:22:23+01:00\",\"inLanguage\":\"es-ES\",\"mainEntityOfPage\":{\"@id\":\"https:\\\/\\\/eldigitaldeasturias.com\\\/magazine365\\\/la-junta-de-andalucia-asegura-que-su-voluntad-es-traspasar-a-la-consula-y-fonda-cuanto-antes-al-sae\\\/#webpage\"},\"isPartOf\":{\"@id\":\"https:\\\/\\\/eldigitaldeasturias.com\\\/magazine365\\\/la-junta-de-andalucia-asegura-que-su-voluntad-es-traspasar-a-la-consula-y-fonda-cuanto-antes-al-sae\\\/#webpage\"},\"articleSection\":\"Noticias y Actualidad\"},{\"@type\":\"BreadcrumbList\",\"@id\":\"https:\\\/\\\/eldigitaldeasturias.com\\\/magazine365\\\/la-junta-de-andalucia-asegura-que-su-voluntad-es-traspasar-a-la-consula-y-fonda-cuanto-antes-al-sae\\\/#breadcrumblist\",\"itemListElement\":[{\"@type\":\"ListItem\",\"@id\":\"https:\\\/\\\/eldigitaldeasturias.com\\\/magazine365#listItem\",\"position\":1,\"name\":\"Home\",\"item\":\"https:\\\/\\\/eldigitaldeasturias.com\\\/magazine365\",\"nextItem\":{\"@type\":\"ListItem\",\"@id\":\"https:\\\/\\\/eldigitaldeasturias.com\\\/magazine365\\\/category\\\/noticias-actualidad\\\/#listItem\",\"name\":\"Noticias y Actualidad\"}},{\"@type\":\"ListItem\",\"@id\":\"https:\\\/\\\/eldigitaldeasturias.com\\\/magazine365\\\/category\\\/noticias-actualidad\\\/#listItem\",\"position\":2,\"name\":\"Noticias y Actualidad\",\"item\":\"https:\\\/\\\/eldigitaldeasturias.com\\\/magazine365\\\/category\\\/noticias-actualidad\\\/\",\"nextItem\":{\"@type\":\"ListItem\",\"@id\":\"https:\\\/\\\/eldigitaldeasturias.com\\\/magazine365\\\/la-junta-de-andalucia-asegura-que-su-voluntad-es-traspasar-a-la-consula-y-fonda-cuanto-antes-al-sae\\\/#listItem\",\"name\":\"La Junta de Andaluc\\u00eda asegura que su voluntad es traspasar a La C\\u00f3nsula y Fonda \\u00abcuanto antes\\u00bb al SAE\"},\"previousItem\":{\"@type\":\"ListItem\",\"@id\":\"https:\\\/\\\/eldigitaldeasturias.com\\\/magazine365#listItem\",\"name\":\"Home\"}},{\"@type\":\"ListItem\",\"@id\":\"https:\\\/\\\/eldigitaldeasturias.com\\\/magazine365\\\/la-junta-de-andalucia-asegura-que-su-voluntad-es-traspasar-a-la-consula-y-fonda-cuanto-antes-al-sae\\\/#listItem\",\"position\":3,\"name\":\"La Junta de Andaluc\\u00eda asegura que su voluntad es traspasar a La C\\u00f3nsula y Fonda \\u00abcuanto antes\\u00bb al SAE\",\"previousItem\":{\"@type\":\"ListItem\",\"@id\":\"https:\\\/\\\/eldigitaldeasturias.com\\\/magazine365\\\/category\\\/noticias-actualidad\\\/#listItem\",\"name\":\"Noticias y Actualidad\"}}]},{\"@type\":\"Organization\",\"@id\":\"https:\\\/\\\/eldigitaldeasturias.com\\\/magazine365\\\/#organization\",\"name\":\"El digital de Asturias\",\"description\":\"Revista de ocio, turismo y estilo de vida\",\"url\":\"https:\\\/\\\/eldigitaldeasturias.com\\\/magazine365\\\/\",\"logo\":{\"@type\":\"ImageObject\",\"url\":\"https:\\\/\\\/www.eldigitaldeasturias.com\\\/noticias\\\/wp-content\\\/uploads\\\/2020\\\/12\\\/EDA.jpg\",\"@id\":\"https:\\\/\\\/eldigitaldeasturias.com\\\/magazine365\\\/la-junta-de-andalucia-asegura-que-su-voluntad-es-traspasar-a-la-consula-y-fonda-cuanto-antes-al-sae\\\/#organizationLogo\"},\"image\":{\"@id\":\"https:\\\/\\\/eldigitaldeasturias.com\\\/magazine365\\\/la-junta-de-andalucia-asegura-que-su-voluntad-es-traspasar-a-la-consula-y-fonda-cuanto-antes-al-sae\\\/#organizationLogo\"}},{\"@type\":\"Person\",\"@id\":\"https:\\\/\\\/eldigitaldeasturias.com\\\/magazine365\\\/author\\\/admin\\\/#author\",\"url\":\"https:\\\/\\\/eldigitaldeasturias.com\\\/magazine365\\\/author\\\/admin\\\/\",\"name\":\"admin\",\"image\":{\"@type\":\"ImageObject\",\"@id\":\"https:\\\/\\\/eldigitaldeasturias.com\\\/magazine365\\\/la-junta-de-andalucia-asegura-que-su-voluntad-es-traspasar-a-la-consula-y-fonda-cuanto-antes-al-sae\\\/#authorImage\",\"url\":\"https:\\\/\\\/eldigitaldeasturias.com\\\/magazine365\\\/wp-content\\\/litespeed\\\/avatar\\\/e571bcf59a0edd6fa6838245a470f2fe.jpg?ver=1777574230\",\"width\":96,\"height\":96,\"caption\":\"admin\"}},{\"@type\":\"WebPage\",\"@id\":\"https:\\\/\\\/eldigitaldeasturias.com\\\/magazine365\\\/la-junta-de-andalucia-asegura-que-su-voluntad-es-traspasar-a-la-consula-y-fonda-cuanto-antes-al-sae\\\/#webpage\",\"url\":\"https:\\\/\\\/eldigitaldeasturias.com\\\/magazine365\\\/la-junta-de-andalucia-asegura-que-su-voluntad-es-traspasar-a-la-consula-y-fonda-cuanto-antes-al-sae\\\/\",\"name\":\"La Junta de Andaluc\\u00eda asegura que su voluntad es traspasar a La C\\u00f3nsula y Fonda \\u00abcuanto antes\\u00bb al SAE | El Digital de Asturias\",\"description\":\"La consejera de Educaci\\u00f3n de la Junta de Andaluc\\u00eda, Adelaida de la Calle, ha defendido este viernes que la voluntad del Gobierno presidido por Susana D\\u00edaz es traspasar \\\"cuanto antes\\\" a la Escuela de Hosteler\\u00eda de La C\\u00f3nsula, en la capital, y La Fonda, en Benalm\\u00e1dena (M\\u00e1laga), al Servicio Andaluz de Empleo (SAE), para dotar\",\"inLanguage\":\"es-ES\",\"isPartOf\":{\"@id\":\"https:\\\/\\\/eldigitaldeasturias.com\\\/magazine365\\\/#website\"},\"breadcrumb\":{\"@id\":\"https:\\\/\\\/eldigitaldeasturias.com\\\/magazine365\\\/la-junta-de-andalucia-asegura-que-su-voluntad-es-traspasar-a-la-consula-y-fonda-cuanto-antes-al-sae\\\/#breadcrumblist\"},\"author\":{\"@id\":\"https:\\\/\\\/eldigitaldeasturias.com\\\/magazine365\\\/author\\\/admin\\\/#author\"},\"creator\":{\"@id\":\"https:\\\/\\\/eldigitaldeasturias.com\\\/magazine365\\\/author\\\/admin\\\/#author\"},\"image\":{\"@type\":\"ImageObject\",\"url\":\"https:\\\/\\\/eldigitaldeasturias.com\\\/magazine365\\\/wp-content\\\/uploads\\\/2016\\\/01\\\/fotonoticia_20160108134150_800.jpg\",\"@id\":\"https:\\\/\\\/eldigitaldeasturias.com\\\/magazine365\\\/la-junta-de-andalucia-asegura-que-su-voluntad-es-traspasar-a-la-consula-y-fonda-cuanto-antes-al-sae\\\/#mainImage\",\"width\":800,\"height\":507},\"primaryImageOfPage\":{\"@id\":\"https:\\\/\\\/eldigitaldeasturias.com\\\/magazine365\\\/la-junta-de-andalucia-asegura-que-su-voluntad-es-traspasar-a-la-consula-y-fonda-cuanto-antes-al-sae\\\/#mainImage\"},\"datePublished\":\"2016-01-10T23:22:23+01:00\",\"dateModified\":\"2016-01-10T23:22:23+01:00\"},{\"@type\":\"WebSite\",\"@id\":\"https:\\\/\\\/eldigitaldeasturias.com\\\/magazine365\\\/#website\",\"url\":\"https:\\\/\\\/eldigitaldeasturias.com\\\/magazine365\\\/\",\"name\":\"El Digital de Asturias\",\"description\":\"Revista de ocio, turismo y estilo de vida\",\"inLanguage\":\"es-ES\",\"publisher\":{\"@id\":\"https:\\\/\\\/eldigitaldeasturias.com\\\/magazine365\\\/#organization\"}}]}\n\t\t<\/script>\n\t\t<!-- All in One SEO Pro -->\r\n\t\t<title>La Junta de Andaluc\u00eda asegura que su voluntad es traspasar a La C\u00f3nsula y Fonda \u00abcuanto antes\u00bb al SAE | El Digital de Asturias<\/title>\n\n","aioseo_head_json":{"title":"La Junta de Andaluc\u00eda asegura que su voluntad es traspasar a La C\u00f3nsula y Fonda \u00abcuanto antes\u00bb al SAE | El Digital de Asturias","description":"La consejera de Educaci\u00f3n de la Junta de Andaluc\u00eda, Adelaida de la Calle, ha defendido este viernes que la voluntad del Gobierno presidido por Susana D\u00edaz es traspasar \"cuanto antes\" a la Escuela de Hosteler\u00eda de La C\u00f3nsula, en la capital, y La Fonda, en Benalm\u00e1dena (M\u00e1laga), al Servicio Andaluz de Empleo (SAE), para dotar","canonical_url":"https:\/\/eldigitaldeasturias.com\/magazine365\/la-junta-de-andalucia-asegura-que-su-voluntad-es-traspasar-a-la-consula-y-fonda-cuanto-antes-al-sae\/","robots":"max-image-preview:large","keywords":"noticias y actualidad","webmasterTools":{"google-site-verification":"UA-38556648-1","miscellaneous":""},"schema":{"@context":"https:\/\/schema.org","@graph":[{"@type":"Article","@id":"https:\/\/eldigitaldeasturias.com\/magazine365\/la-junta-de-andalucia-asegura-que-su-voluntad-es-traspasar-a-la-consula-y-fonda-cuanto-antes-al-sae\/#article","name":"La Junta de Andaluc\u00eda asegura que su voluntad es traspasar a La C\u00f3nsula y Fonda \u00abcuanto antes\u00bb al SAE | El Digital de Asturias","headline":"La Junta de Andaluc\u00eda asegura que su voluntad es traspasar a La C\u00f3nsula y Fonda \u00abcuanto antes\u00bb al SAE","author":{"@id":"https:\/\/eldigitaldeasturias.com\/magazine365\/author\/admin\/#author"},"publisher":{"@id":"https:\/\/eldigitaldeasturias.com\/magazine365\/#organization"},"image":{"@type":"ImageObject","url":"https:\/\/eldigitaldeasturias.com\/magazine365\/wp-content\/uploads\/2016\/01\/fotonoticia_20160108134150_800.jpg","width":800,"height":507},"datePublished":"2016-01-10T23:22:23+01:00","dateModified":"2016-01-10T23:22:23+01:00","inLanguage":"es-ES","mainEntityOfPage":{"@id":"https:\/\/eldigitaldeasturias.com\/magazine365\/la-junta-de-andalucia-asegura-que-su-voluntad-es-traspasar-a-la-consula-y-fonda-cuanto-antes-al-sae\/#webpage"},"isPartOf":{"@id":"https:\/\/eldigitaldeasturias.com\/magazine365\/la-junta-de-andalucia-asegura-que-su-voluntad-es-traspasar-a-la-consula-y-fonda-cuanto-antes-al-sae\/#webpage"},"articleSection":"Noticias y Actualidad"},{"@type":"BreadcrumbList","@id":"https:\/\/eldigitaldeasturias.com\/magazine365\/la-junta-de-andalucia-asegura-que-su-voluntad-es-traspasar-a-la-consula-y-fonda-cuanto-antes-al-sae\/#breadcrumblist","itemListElement":[{"@type":"ListItem","@id":"https:\/\/eldigitaldeasturias.com\/magazine365#listItem","position":1,"name":"Home","item":"https:\/\/eldigitaldeasturias.com\/magazine365","nextItem":{"@type":"ListItem","@id":"https:\/\/eldigitaldeasturias.com\/magazine365\/category\/noticias-actualidad\/#listItem","name":"Noticias y Actualidad"}},{"@type":"ListItem","@id":"https:\/\/eldigitaldeasturias.com\/magazine365\/category\/noticias-actualidad\/#listItem","position":2,"name":"Noticias y Actualidad","item":"https:\/\/eldigitaldeasturias.com\/magazine365\/category\/noticias-actualidad\/","nextItem":{"@type":"ListItem","@id":"https:\/\/eldigitaldeasturias.com\/magazine365\/la-junta-de-andalucia-asegura-que-su-voluntad-es-traspasar-a-la-consula-y-fonda-cuanto-antes-al-sae\/#listItem","name":"La Junta de Andaluc\u00eda asegura que su voluntad es traspasar a La C\u00f3nsula y Fonda \u00abcuanto antes\u00bb al SAE"},"previousItem":{"@type":"ListItem","@id":"https:\/\/eldigitaldeasturias.com\/magazine365#listItem","name":"Home"}},{"@type":"ListItem","@id":"https:\/\/eldigitaldeasturias.com\/magazine365\/la-junta-de-andalucia-asegura-que-su-voluntad-es-traspasar-a-la-consula-y-fonda-cuanto-antes-al-sae\/#listItem","position":3,"name":"La Junta de Andaluc\u00eda asegura que su voluntad es traspasar a La C\u00f3nsula y Fonda \u00abcuanto antes\u00bb al SAE","previousItem":{"@type":"ListItem","@id":"https:\/\/eldigitaldeasturias.com\/magazine365\/category\/noticias-actualidad\/#listItem","name":"Noticias y Actualidad"}}]},{"@type":"Organization","@id":"https:\/\/eldigitaldeasturias.com\/magazine365\/#organization","name":"El digital de Asturias","description":"Revista de ocio, turismo y estilo de vida","url":"https:\/\/eldigitaldeasturias.com\/magazine365\/","logo":{"@type":"ImageObject","url":"https:\/\/www.eldigitaldeasturias.com\/noticias\/wp-content\/uploads\/2020\/12\/EDA.jpg","@id":"https:\/\/eldigitaldeasturias.com\/magazine365\/la-junta-de-andalucia-asegura-que-su-voluntad-es-traspasar-a-la-consula-y-fonda-cuanto-antes-al-sae\/#organizationLogo"},"image":{"@id":"https:\/\/eldigitaldeasturias.com\/magazine365\/la-junta-de-andalucia-asegura-que-su-voluntad-es-traspasar-a-la-consula-y-fonda-cuanto-antes-al-sae\/#organizationLogo"}},{"@type":"Person","@id":"https:\/\/eldigitaldeasturias.com\/magazine365\/author\/admin\/#author","url":"https:\/\/eldigitaldeasturias.com\/magazine365\/author\/admin\/","name":"admin","image":{"@type":"ImageObject","@id":"https:\/\/eldigitaldeasturias.com\/magazine365\/la-junta-de-andalucia-asegura-que-su-voluntad-es-traspasar-a-la-consula-y-fonda-cuanto-antes-al-sae\/#authorImage","url":"https:\/\/eldigitaldeasturias.com\/magazine365\/wp-content\/litespeed\/avatar\/e571bcf59a0edd6fa6838245a470f2fe.jpg?ver=1777574230","width":96,"height":96,"caption":"admin"}},{"@type":"WebPage","@id":"https:\/\/eldigitaldeasturias.com\/magazine365\/la-junta-de-andalucia-asegura-que-su-voluntad-es-traspasar-a-la-consula-y-fonda-cuanto-antes-al-sae\/#webpage","url":"https:\/\/eldigitaldeasturias.com\/magazine365\/la-junta-de-andalucia-asegura-que-su-voluntad-es-traspasar-a-la-consula-y-fonda-cuanto-antes-al-sae\/","name":"La Junta de Andaluc\u00eda asegura que su voluntad es traspasar a La C\u00f3nsula y Fonda \u00abcuanto antes\u00bb al SAE | El Digital de Asturias","description":"La consejera de Educaci\u00f3n de la Junta de Andaluc\u00eda, Adelaida de la Calle, ha defendido este viernes que la voluntad del Gobierno presidido por Susana D\u00edaz es traspasar \"cuanto antes\" a la Escuela de Hosteler\u00eda de La C\u00f3nsula, en la capital, y La Fonda, en Benalm\u00e1dena (M\u00e1laga), al Servicio Andaluz de Empleo (SAE), para dotar","inLanguage":"es-ES","isPartOf":{"@id":"https:\/\/eldigitaldeasturias.com\/magazine365\/#website"},"breadcrumb":{"@id":"https:\/\/eldigitaldeasturias.com\/magazine365\/la-junta-de-andalucia-asegura-que-su-voluntad-es-traspasar-a-la-consula-y-fonda-cuanto-antes-al-sae\/#breadcrumblist"},"author":{"@id":"https:\/\/eldigitaldeasturias.com\/magazine365\/author\/admin\/#author"},"creator":{"@id":"https:\/\/eldigitaldeasturias.com\/magazine365\/author\/admin\/#author"},"image":{"@type":"ImageObject","url":"https:\/\/eldigitaldeasturias.com\/magazine365\/wp-content\/uploads\/2016\/01\/fotonoticia_20160108134150_800.jpg","@id":"https:\/\/eldigitaldeasturias.com\/magazine365\/la-junta-de-andalucia-asegura-que-su-voluntad-es-traspasar-a-la-consula-y-fonda-cuanto-antes-al-sae\/#mainImage","width":800,"height":507},"primaryImageOfPage":{"@id":"https:\/\/eldigitaldeasturias.com\/magazine365\/la-junta-de-andalucia-asegura-que-su-voluntad-es-traspasar-a-la-consula-y-fonda-cuanto-antes-al-sae\/#mainImage"},"datePublished":"2016-01-10T23:22:23+01:00","dateModified":"2016-01-10T23:22:23+01:00"},{"@type":"WebSite","@id":"https:\/\/eldigitaldeasturias.com\/magazine365\/#website","url":"https:\/\/eldigitaldeasturias.com\/magazine365\/","name":"El Digital de Asturias","description":"Revista de ocio, turismo y estilo de vida","inLanguage":"es-ES","publisher":{"@id":"https:\/\/eldigitaldeasturias.com\/magazine365\/#organization"}}]},"og:locale":"es_ES","og:site_name":"El Digital de Asturias \u2013 Revista de ocio, turismo y estilo de vida","og:type":"article","og:title":"La Junta de Andaluc\u00eda asegura que su voluntad es traspasar a La C\u00f3nsula y Fonda \u00abcuanto antes\u00bb al SAE | El Digital de Asturias","og:description":"La consejera de Educaci\u00f3n de la Junta de Andaluc\u00eda, Adelaida de la Calle, ha defendido este viernes que la voluntad del Gobierno presidido por Susana D\u00edaz es traspasar &quot;cuanto antes&quot; a la Escuela de Hosteler\u00eda de La C\u00f3nsula, en la capital, y La Fonda, en Benalm\u00e1dena (M\u00e1laga), al Servicio Andaluz de Empleo (SAE), para dotar","og:url":"https:\/\/eldigitaldeasturias.com\/magazine365\/la-junta-de-andalucia-asegura-que-su-voluntad-es-traspasar-a-la-consula-y-fonda-cuanto-antes-al-sae\/","og:image":"https:\/\/eldigitaldeasturias.com\/magazine365\/wp-content\/uploads\/2016\/01\/fotonoticia_20160108134150_800.jpg","og:image:secure_url":"https:\/\/eldigitaldeasturias.com\/magazine365\/wp-content\/uploads\/2016\/01\/fotonoticia_20160108134150_800.jpg","og:image:width":800,"og:image:height":507,"article:published_time":"2016-01-10T22:22:23+00:00","article:modified_time":"2016-01-10T22:22:23+00:00","twitter:card":"summary_large_image","twitter:title":"La Junta de Andaluc\u00eda asegura que su voluntad es traspasar a La C\u00f3nsula y Fonda \u00abcuanto antes\u00bb al SAE | El Digital de Asturias","twitter:description":"La consejera de Educaci\u00f3n de la Junta de Andaluc\u00eda, Adelaida de la Calle, ha defendido este viernes que la voluntad del Gobierno presidido por Susana D\u00edaz es traspasar &quot;cuanto antes&quot; a la Escuela de Hosteler\u00eda de La C\u00f3nsula, en la capital, y La Fonda, en Benalm\u00e1dena (M\u00e1laga), al Servicio Andaluz de Empleo (SAE), para dotar","twitter:image":"https:\/\/eldigitaldeasturias.com\/magazine365\/wp-content\/uploads\/2016\/01\/fotonoticia_20160108134150_800.jpg"},"aioseo_meta_data":{"post_id":"60038","title":null,"description":null,"keywords":null,"keyphrases":null,"primary_term":null,"canonical_url":null,"og_title":null,"og_description":null,"og_object_type":"default","og_image_type":"default","og_image_url":null,"og_image_width":null,"og_image_height":null,"og_image_custom_url":null,"og_image_custom_fields":null,"og_video":null,"og_custom_url":null,"og_article_section":null,"og_article_tags":null,"twitter_use_og":false,"twitter_card":"default","twitter_image_type":"default","twitter_image_url":null,"twitter_image_custom_url":null,"twitter_image_custom_fields":null,"twitter_title":null,"twitter_description":null,"schema":{"blockGraphs":[],"customGraphs":[],"default":{"data":{"Article":[],"Course":[],"Dataset":[],"FAQPage":[],"Movie":[],"Person":[],"Product":[],"ProductReview":[],"Car":[],"Recipe":[],"Service":[],"SoftwareApplication":[],"WebPage":[]},"graphName":"","isEnabled":true},"graphs":[],"defaultGraph":"","defaultPostTypeGraph":""},"schema_type":null,"schema_type_options":null,"pillar_content":false,"robots_default":true,"robots_noindex":false,"robots_noarchive":false,"robots_nosnippet":false,"robots_nofollow":false,"robots_noimageindex":false,"robots_noodp":false,"robots_notranslate":false,"robots_max_snippet":null,"robots_max_videopreview":null,"robots_max_imagepreview":"large","priority":null,"frequency":null,"location":null,"local_seo":null,"seo_analyzer_scan_date":"2025-09-25 06:06:57","breadcrumb_settings":null,"limit_modified_date":false,"open_ai":null,"ai":null,"created":"2021-03-08 22:06:04","updated":"2025-09-25 06:06:57"},"aioseo_breadcrumb":"<div class=\"aioseo-breadcrumbs\"><span class=\"aioseo-breadcrumb\">\n\t<a href=\"https:\/\/eldigitaldeasturias.com\/magazine365\" title=\"Home\">Home<\/a>\n<\/span><span class=\"aioseo-breadcrumb-separator\">\u2013<\/span><span class=\"aioseo-breadcrumb\">\n\t<a href=\"https:\/\/eldigitaldeasturias.com\/magazine365\/category\/noticias-actualidad\/\" title=\"Noticias y Actualidad\">Noticias y Actualidad<\/a>\n<\/span><span class=\"aioseo-breadcrumb-separator\">\u2013<\/span><span class=\"aioseo-breadcrumb\">\n\t<a href=\"https:\/\/eldigitaldeasturias.com\/magazine365\/la-junta-de-andalucia-asegura-que-su-voluntad-es-traspasar-a-la-consula-y-fonda-cuanto-antes-al-sae\/\" title=\"La Junta de Andaluc\u00eda asegura que su voluntad es traspasar a La C\u00f3nsula y Fonda \u00abcuanto antes\u00bb al SAE\">La Junta de Andaluc\u00eda asegura que su voluntad es traspasar a La C\u00f3nsula y Fonda \u00abcuanto antes\u00bb al SAE<\/a>\n<\/span><\/div>","aioseo_breadcrumb_json":[{"label":"Home","link":"https:\/\/eldigitaldeasturias.com\/magazine365"},{"label":"Noticias y Actualidad","link":"https:\/\/eldigitaldeasturias.com\/magazine365\/category\/noticias-actualidad\/"},{"label":"La Junta de Andaluc\u00eda asegura que su voluntad es traspasar a La C\u00f3nsula y Fonda \u00abcuanto antes\u00bb al SAE","link":"https:\/\/eldigitaldeasturias.com\/magazine365\/la-junta-de-andalucia-asegura-que-su-voluntad-es-traspasar-a-la-consula-y-fonda-cuanto-antes-al-sae\/"}],"_links":{"self":[{"href":"https:\/\/eldigitaldeasturias.com\/magazine365\/wp-json\/wp\/v2\/posts\/60038","targetHints":{"allow":["GET"]}}],"collection":[{"href":"https:\/\/eldigitaldeasturias.com\/magazine365\/wp-json\/wp\/v2\/posts"}],"about":[{"href":"https:\/\/eldigitaldeasturias.com\/magazine365\/wp-json\/wp\/v2\/types\/post"}],"author":[{"embeddable":true,"href":"https:\/\/eldigitaldeasturias.com\/magazine365\/wp-json\/wp\/v2\/users\/1"}],"replies":[{"embeddable":true,"href":"https:\/\/eldigitaldeasturias.com\/magazine365\/wp-json\/wp\/v2\/comments?post=60038"}],"version-history":[{"count":0,"href":"https:\/\/eldigitaldeasturias.com\/magazine365\/wp-json\/wp\/v2\/posts\/60038\/revisions"}],"wp:featuredmedia":[{"embeddable":true,"href":"https:\/\/eldigitaldeasturias.com\/magazine365\/wp-json\/wp\/v2\/media\/60039"}],"wp:attachment":[{"href":"https:\/\/eldigitaldeasturias.com\/magazine365\/wp-json\/wp\/v2\/media?parent=60038"}],"wp:term":[{"taxonomy":"category","embeddable":true,"href":"https:\/\/eldigitaldeasturias.com\/magazine365\/wp-json\/wp\/v2\/categories?post=60038"},{"taxonomy":"post_tag","embeddable":true,"href":"https:\/\/eldigitaldeasturias.com\/magazine365\/wp-json\/wp\/v2\/tags?post=60038"}],"curies":[{"name":"wp","href":"https:\/\/api.w.org\/{rel}","templated":true}]}}