{"id":60032,"date":"2016-01-10T23:19:10","date_gmt":"2016-01-10T22:19:10","guid":{"rendered":"http:\/\/eldigitaldeasturias.com\/magazine365\/?p=60032"},"modified":"2016-01-10T23:19:10","modified_gmt":"2016-01-10T22:19:10","slug":"estado-islamico-asegura-estar-detras-del-ataque-contra-un-autobus-con-israelies-frente-al-hotel-de-barcelo-en-el-cairo","status":"publish","type":"post","link":"https:\/\/eldigitaldeasturias.com\/magazine365\/estado-islamico-asegura-estar-detras-del-ataque-contra-un-autobus-con-israelies-frente-al-hotel-de-barcelo-en-el-cairo\/","title":{"rendered":"Estado Isl\u00e1mico asegura estar detr\u00e1s del ataque contra un autob\u00fas con israel\u00edes frente al hotel de Barcel\u00f3 en El Cairo"},"content":{"rendered":"<p><img fetchpriority=\"high\" decoding=\"async\" class=\"alignleft size-medium wp-image-60033\" src=\"https:\/\/eldigitaldeasturias.com\/magazine365\/wp-content\/uploads\/2016\/01\/fotonoticia_20160108132826_800-360x234.jpg\" alt=\"fotonoticia_20160108132826_800\" width=\"360\" height=\"234\" srcset=\"https:\/\/eldigitaldeasturias.com\/magazine365\/wp-content\/uploads\/2016\/01\/fotonoticia_20160108132826_800-360x234.jpg 360w, https:\/\/eldigitaldeasturias.com\/magazine365\/wp-content\/uploads\/2016\/01\/fotonoticia_20160108132826_800-650x423.jpg 650w, https:\/\/eldigitaldeasturias.com\/magazine365\/wp-content\/uploads\/2016\/01\/fotonoticia_20160108132826_800-768x499.jpg 768w, https:\/\/eldigitaldeasturias.com\/magazine365\/wp-content\/uploads\/2016\/01\/fotonoticia_20160108132826_800-150x98.jpg 150w, https:\/\/eldigitaldeasturias.com\/magazine365\/wp-content\/uploads\/2016\/01\/fotonoticia_20160108132826_800-450x293.jpg 450w, https:\/\/eldigitaldeasturias.com\/magazine365\/wp-content\/uploads\/2016\/01\/fotonoticia_20160108132826_800-696x452.jpg 696w, https:\/\/eldigitaldeasturias.com\/magazine365\/wp-content\/uploads\/2016\/01\/fotonoticia_20160108132826_800-646x420.jpg 646w, https:\/\/eldigitaldeasturias.com\/magazine365\/wp-content\/uploads\/2016\/01\/fotonoticia_20160108132826_800-225x145.jpg 225w, https:\/\/eldigitaldeasturias.com\/magazine365\/wp-content\/uploads\/2016\/01\/fotonoticia_20160108132826_800-121x79.jpg 121w, https:\/\/eldigitaldeasturias.com\/magazine365\/wp-content\/uploads\/2016\/01\/fotonoticia_20160108132826_800-101x66.jpg 101w, https:\/\/eldigitaldeasturias.com\/magazine365\/wp-content\/uploads\/2016\/01\/fotonoticia_20160108132826_800-326x213.jpg 326w, https:\/\/eldigitaldeasturias.com\/magazine365\/wp-content\/uploads\/2016\/01\/fotonoticia_20160108132826_800.jpg 800w\" sizes=\"(max-width: 360px) 100vw, 360px\" \/>El grupo terrorista Estado Isl\u00e1mico ha asegurado este viernes que sus milicianos est\u00e1n detr\u00e1s del ataque armado contra un grupo de turistas israel\u00edes en El Cairo.<\/p>\n<p>Un autob\u00fas que transportaba a turistas israel\u00edes result\u00f3 alcanzado este jueves frente al Hotel Three Pyramides de El Cairo, de Barcel\u00f3, presuntamente por disparos, aunque posteriormente las autoridades aseguraron que en realidad fueron petardos lanzados contra la Polic\u00eda durante una protesta.<\/p>\n<p>En un comunicado, ha se\u00f1alado que el ataque es una respuesta al llamamiento del l\u00edder de la organizaci\u00f3n terrorista, Ab\u00fa Bakr al Baghdadi, a atentar contra jud\u00edos \u00aben cualquier parte\u00bb.<\/p>\n<p>La organizaci\u00f3n terrorista ha indicado que el ataque fue perpetrado con armas ligeras y, seg\u00fan la empresa de seguimiento yihadista SITE, asegura que provoc\u00f3 \u00abmuertos y heridos entre los pasajeros y la guardia del hotel\u00bb.<\/p>\n<p>Fuentes de la cadena hotelera Barcel\u00f3 consultadas el jueves por Europa Press indicaron que el ataque no hab\u00eda provocado v\u00edctimas, ni heridas, tan solo da\u00f1os en la fachada y en algunos ventanales, as\u00ed como en las ventanas del autob\u00fas de turistas aparcado en las cercan\u00edas, una versi\u00f3n tambi\u00e9n compartida por las autoridades egipcias.<\/p>\n<p>El establecimiento, a cuatro kil\u00f3metros de las Pir\u00e1mides, se encuentra al 50% de ocupaci\u00f3n estos d\u00edas, en su mayor parte turistas israel\u00edes por la celebraci\u00f3n de la Navidad copta &#8211;que se celebra el 7 de enero en lugar del 25 de diciembre&#8211;. El grupo mallorqu\u00edn tiene otro establecimiento en Egipto, el Barcel\u00f3 Tiran Sharm, Sharm El Sheikh, destino por excelencia del Mar Rojo.<\/p>\n<p>La Polic\u00eda egipcia ha solicitado al establecimiento las im\u00e1genes de las c\u00e1maras de seguridad para poder identificar a los agresores y avanzar en la investigaci\u00f3n.<\/p>\n<p>Seg\u00fan El portavoz del Ministerio del Interior egipcio, Abu Bakr Abdel Karim, hab\u00eda indicado el jueves que unos quince partidarios de Hermanos Musulmanes, organizaci\u00f3n islamista ilegalizada en Egipto, hab\u00edan lanzado petardos contra las fuerzas de seguridad junto al hotel en el estaban los turistas durante una protesta y estos hab\u00edan alcanzado el autob\u00fas.<\/p>\n","protected":false},"excerpt":{"rendered":"<p>El grupo terrorista Estado Isl\u00e1mico ha asegurado este viernes que sus milicianos est\u00e1n detr\u00e1s del ataque armado contra un grupo de turistas israel\u00edes en El Cairo. Un autob\u00fas que transportaba a turistas israel\u00edes result\u00f3 alcanzado este jueves frente al Hotel Three Pyramides de El Cairo, de Barcel\u00f3, presuntamente por disparos, aunque posteriormente las autoridades aseguraron<\/p>\n","protected":false},"author":1,"featured_media":60033,"comment_status":"open","ping_status":"closed","sticky":false,"template":"","format":"standard","meta":{"footnotes":""},"categories":[224],"tags":[],"class_list":{"0":"post-60032","1":"post","2":"type-post","3":"status-publish","4":"format-standard","5":"has-post-thumbnail","7":"category-noticias-actualidad"},"aioseo_notices":[],"aioseo_head":"\n\t\t<!-- All in One SEO Pro 4.9.6.1 - aioseo.com -->\n\t<meta name=\"description\" content=\"El grupo terrorista Estado Isl\u00e1mico ha asegurado este viernes que sus milicianos est\u00e1n detr\u00e1s del ataque armado contra un grupo de turistas israel\u00edes en El Cairo. Un autob\u00fas que transportaba a turistas israel\u00edes result\u00f3 alcanzado este jueves frente al Hotel Three Pyramides de El Cairo, de Barcel\u00f3, presuntamente por disparos, aunque posteriormente las autoridades aseguraron\" \/>\n\t<meta name=\"robots\" content=\"max-image-preview:large\" \/>\n\t<meta name=\"author\" content=\"admin\"\/>\n\t<meta name=\"google-site-verification\" content=\"UA-38556648-1\" \/>\n\t<meta name=\"keywords\" content=\"noticias y actualidad\" \/>\n\t<link rel=\"canonical\" href=\"https:\/\/eldigitaldeasturias.com\/magazine365\/estado-islamico-asegura-estar-detras-del-ataque-contra-un-autobus-con-israelies-frente-al-hotel-de-barcelo-en-el-cairo\/\" \/>\n\t<meta name=\"generator\" content=\"All in One SEO Pro (AIOSEO) 4.9.6.1\" \/>\n\t\t<meta property=\"og:locale\" content=\"es_ES\" \/>\n\t\t<meta property=\"og:site_name\" content=\"El Digital de Asturias \u2013 Revista de ocio, turismo y estilo de vida\" \/>\n\t\t<meta property=\"og:type\" content=\"article\" \/>\n\t\t<meta property=\"og:title\" content=\"Estado Isl\u00e1mico asegura estar detr\u00e1s del ataque contra un autob\u00fas con israel\u00edes frente al hotel de Barcel\u00f3 en El Cairo | El Digital de Asturias\" \/>\n\t\t<meta property=\"og:description\" content=\"El grupo terrorista Estado Isl\u00e1mico ha asegurado este viernes que sus milicianos est\u00e1n detr\u00e1s del ataque armado contra un grupo de turistas israel\u00edes en El Cairo. Un autob\u00fas que transportaba a turistas israel\u00edes result\u00f3 alcanzado este jueves frente al Hotel Three Pyramides de El Cairo, de Barcel\u00f3, presuntamente por disparos, aunque posteriormente las autoridades aseguraron\" \/>\n\t\t<meta property=\"og:url\" content=\"https:\/\/eldigitaldeasturias.com\/magazine365\/estado-islamico-asegura-estar-detras-del-ataque-contra-un-autobus-con-israelies-frente-al-hotel-de-barcelo-en-el-cairo\/\" \/>\n\t\t<meta property=\"og:image\" content=\"https:\/\/eldigitaldeasturias.com\/magazine365\/wp-content\/uploads\/2016\/01\/fotonoticia_20160108132826_800.jpg\" \/>\n\t\t<meta property=\"og:image:secure_url\" content=\"https:\/\/eldigitaldeasturias.com\/magazine365\/wp-content\/uploads\/2016\/01\/fotonoticia_20160108132826_800.jpg\" \/>\n\t\t<meta property=\"og:image:width\" content=\"800\" \/>\n\t\t<meta property=\"og:image:height\" content=\"520\" \/>\n\t\t<meta property=\"article:published_time\" content=\"2016-01-10T22:19:10+00:00\" \/>\n\t\t<meta property=\"article:modified_time\" content=\"2016-01-10T22:19:10+00:00\" \/>\n\t\t<meta name=\"twitter:card\" content=\"summary_large_image\" \/>\n\t\t<meta name=\"twitter:title\" content=\"Estado Isl\u00e1mico asegura estar detr\u00e1s del ataque contra un autob\u00fas con israel\u00edes frente al hotel de Barcel\u00f3 en El Cairo | El Digital de Asturias\" \/>\n\t\t<meta name=\"twitter:description\" content=\"El grupo terrorista Estado Isl\u00e1mico ha asegurado este viernes que sus milicianos est\u00e1n detr\u00e1s del ataque armado contra un grupo de turistas israel\u00edes en El Cairo. Un autob\u00fas que transportaba a turistas israel\u00edes result\u00f3 alcanzado este jueves frente al Hotel Three Pyramides de El Cairo, de Barcel\u00f3, presuntamente por disparos, aunque posteriormente las autoridades aseguraron\" \/>\n\t\t<meta name=\"twitter:image\" content=\"https:\/\/eldigitaldeasturias.com\/magazine365\/wp-content\/uploads\/2016\/01\/fotonoticia_20160108132826_800.jpg\" \/>\n\t\t<script type=\"application\/ld+json\" class=\"aioseo-schema\">\n\t\t\t{\"@context\":\"https:\\\/\\\/schema.org\",\"@graph\":[{\"@type\":\"Article\",\"@id\":\"https:\\\/\\\/eldigitaldeasturias.com\\\/magazine365\\\/estado-islamico-asegura-estar-detras-del-ataque-contra-un-autobus-con-israelies-frente-al-hotel-de-barcelo-en-el-cairo\\\/#article\",\"name\":\"Estado Isl\\u00e1mico asegura estar detr\\u00e1s del ataque contra un autob\\u00fas con israel\\u00edes frente al hotel de Barcel\\u00f3 en El Cairo | El Digital de Asturias\",\"headline\":\"Estado Isl\\u00e1mico asegura estar detr\\u00e1s del ataque contra un autob\\u00fas con israel\\u00edes frente al hotel de Barcel\\u00f3 en El Cairo\",\"author\":{\"@id\":\"https:\\\/\\\/eldigitaldeasturias.com\\\/magazine365\\\/author\\\/admin\\\/#author\"},\"publisher\":{\"@id\":\"https:\\\/\\\/eldigitaldeasturias.com\\\/magazine365\\\/#organization\"},\"image\":{\"@type\":\"ImageObject\",\"url\":\"https:\\\/\\\/eldigitaldeasturias.com\\\/magazine365\\\/wp-content\\\/uploads\\\/2016\\\/01\\\/fotonoticia_20160108132826_800.jpg\",\"width\":800,\"height\":520},\"datePublished\":\"2016-01-10T23:19:10+01:00\",\"dateModified\":\"2016-01-10T23:19:10+01:00\",\"inLanguage\":\"es-ES\",\"mainEntityOfPage\":{\"@id\":\"https:\\\/\\\/eldigitaldeasturias.com\\\/magazine365\\\/estado-islamico-asegura-estar-detras-del-ataque-contra-un-autobus-con-israelies-frente-al-hotel-de-barcelo-en-el-cairo\\\/#webpage\"},\"isPartOf\":{\"@id\":\"https:\\\/\\\/eldigitaldeasturias.com\\\/magazine365\\\/estado-islamico-asegura-estar-detras-del-ataque-contra-un-autobus-con-israelies-frente-al-hotel-de-barcelo-en-el-cairo\\\/#webpage\"},\"articleSection\":\"Noticias y Actualidad\"},{\"@type\":\"BreadcrumbList\",\"@id\":\"https:\\\/\\\/eldigitaldeasturias.com\\\/magazine365\\\/estado-islamico-asegura-estar-detras-del-ataque-contra-un-autobus-con-israelies-frente-al-hotel-de-barcelo-en-el-cairo\\\/#breadcrumblist\",\"itemListElement\":[{\"@type\":\"ListItem\",\"@id\":\"https:\\\/\\\/eldigitaldeasturias.com\\\/magazine365#listItem\",\"position\":1,\"name\":\"Home\",\"item\":\"https:\\\/\\\/eldigitaldeasturias.com\\\/magazine365\",\"nextItem\":{\"@type\":\"ListItem\",\"@id\":\"https:\\\/\\\/eldigitaldeasturias.com\\\/magazine365\\\/category\\\/noticias-actualidad\\\/#listItem\",\"name\":\"Noticias y Actualidad\"}},{\"@type\":\"ListItem\",\"@id\":\"https:\\\/\\\/eldigitaldeasturias.com\\\/magazine365\\\/category\\\/noticias-actualidad\\\/#listItem\",\"position\":2,\"name\":\"Noticias y Actualidad\",\"item\":\"https:\\\/\\\/eldigitaldeasturias.com\\\/magazine365\\\/category\\\/noticias-actualidad\\\/\",\"nextItem\":{\"@type\":\"ListItem\",\"@id\":\"https:\\\/\\\/eldigitaldeasturias.com\\\/magazine365\\\/estado-islamico-asegura-estar-detras-del-ataque-contra-un-autobus-con-israelies-frente-al-hotel-de-barcelo-en-el-cairo\\\/#listItem\",\"name\":\"Estado Isl\\u00e1mico asegura estar detr\\u00e1s del ataque contra un autob\\u00fas con israel\\u00edes frente al hotel de Barcel\\u00f3 en El Cairo\"},\"previousItem\":{\"@type\":\"ListItem\",\"@id\":\"https:\\\/\\\/eldigitaldeasturias.com\\\/magazine365#listItem\",\"name\":\"Home\"}},{\"@type\":\"ListItem\",\"@id\":\"https:\\\/\\\/eldigitaldeasturias.com\\\/magazine365\\\/estado-islamico-asegura-estar-detras-del-ataque-contra-un-autobus-con-israelies-frente-al-hotel-de-barcelo-en-el-cairo\\\/#listItem\",\"position\":3,\"name\":\"Estado Isl\\u00e1mico asegura estar detr\\u00e1s del ataque contra un autob\\u00fas con israel\\u00edes frente al hotel de Barcel\\u00f3 en El Cairo\",\"previousItem\":{\"@type\":\"ListItem\",\"@id\":\"https:\\\/\\\/eldigitaldeasturias.com\\\/magazine365\\\/category\\\/noticias-actualidad\\\/#listItem\",\"name\":\"Noticias y Actualidad\"}}]},{\"@type\":\"Organization\",\"@id\":\"https:\\\/\\\/eldigitaldeasturias.com\\\/magazine365\\\/#organization\",\"name\":\"El digital de Asturias\",\"description\":\"Revista de ocio, turismo y estilo de vida\",\"url\":\"https:\\\/\\\/eldigitaldeasturias.com\\\/magazine365\\\/\",\"logo\":{\"@type\":\"ImageObject\",\"url\":\"https:\\\/\\\/www.eldigitaldeasturias.com\\\/noticias\\\/wp-content\\\/uploads\\\/2020\\\/12\\\/EDA.jpg\",\"@id\":\"https:\\\/\\\/eldigitaldeasturias.com\\\/magazine365\\\/estado-islamico-asegura-estar-detras-del-ataque-contra-un-autobus-con-israelies-frente-al-hotel-de-barcelo-en-el-cairo\\\/#organizationLogo\"},\"image\":{\"@id\":\"https:\\\/\\\/eldigitaldeasturias.com\\\/magazine365\\\/estado-islamico-asegura-estar-detras-del-ataque-contra-un-autobus-con-israelies-frente-al-hotel-de-barcelo-en-el-cairo\\\/#organizationLogo\"}},{\"@type\":\"Person\",\"@id\":\"https:\\\/\\\/eldigitaldeasturias.com\\\/magazine365\\\/author\\\/admin\\\/#author\",\"url\":\"https:\\\/\\\/eldigitaldeasturias.com\\\/magazine365\\\/author\\\/admin\\\/\",\"name\":\"admin\",\"image\":{\"@type\":\"ImageObject\",\"@id\":\"https:\\\/\\\/eldigitaldeasturias.com\\\/magazine365\\\/estado-islamico-asegura-estar-detras-del-ataque-contra-un-autobus-con-israelies-frente-al-hotel-de-barcelo-en-el-cairo\\\/#authorImage\",\"url\":\"https:\\\/\\\/eldigitaldeasturias.com\\\/magazine365\\\/wp-content\\\/litespeed\\\/avatar\\\/e571bcf59a0edd6fa6838245a470f2fe.jpg?ver=1777574230\",\"width\":96,\"height\":96,\"caption\":\"admin\"}},{\"@type\":\"WebPage\",\"@id\":\"https:\\\/\\\/eldigitaldeasturias.com\\\/magazine365\\\/estado-islamico-asegura-estar-detras-del-ataque-contra-un-autobus-con-israelies-frente-al-hotel-de-barcelo-en-el-cairo\\\/#webpage\",\"url\":\"https:\\\/\\\/eldigitaldeasturias.com\\\/magazine365\\\/estado-islamico-asegura-estar-detras-del-ataque-contra-un-autobus-con-israelies-frente-al-hotel-de-barcelo-en-el-cairo\\\/\",\"name\":\"Estado Isl\\u00e1mico asegura estar detr\\u00e1s del ataque contra un autob\\u00fas con israel\\u00edes frente al hotel de Barcel\\u00f3 en El Cairo | El Digital de Asturias\",\"description\":\"El grupo terrorista Estado Isl\\u00e1mico ha asegurado este viernes que sus milicianos est\\u00e1n detr\\u00e1s del ataque armado contra un grupo de turistas israel\\u00edes en El Cairo. Un autob\\u00fas que transportaba a turistas israel\\u00edes result\\u00f3 alcanzado este jueves frente al Hotel Three Pyramides de El Cairo, de Barcel\\u00f3, presuntamente por disparos, aunque posteriormente las autoridades aseguraron\",\"inLanguage\":\"es-ES\",\"isPartOf\":{\"@id\":\"https:\\\/\\\/eldigitaldeasturias.com\\\/magazine365\\\/#website\"},\"breadcrumb\":{\"@id\":\"https:\\\/\\\/eldigitaldeasturias.com\\\/magazine365\\\/estado-islamico-asegura-estar-detras-del-ataque-contra-un-autobus-con-israelies-frente-al-hotel-de-barcelo-en-el-cairo\\\/#breadcrumblist\"},\"author\":{\"@id\":\"https:\\\/\\\/eldigitaldeasturias.com\\\/magazine365\\\/author\\\/admin\\\/#author\"},\"creator\":{\"@id\":\"https:\\\/\\\/eldigitaldeasturias.com\\\/magazine365\\\/author\\\/admin\\\/#author\"},\"image\":{\"@type\":\"ImageObject\",\"url\":\"https:\\\/\\\/eldigitaldeasturias.com\\\/magazine365\\\/wp-content\\\/uploads\\\/2016\\\/01\\\/fotonoticia_20160108132826_800.jpg\",\"@id\":\"https:\\\/\\\/eldigitaldeasturias.com\\\/magazine365\\\/estado-islamico-asegura-estar-detras-del-ataque-contra-un-autobus-con-israelies-frente-al-hotel-de-barcelo-en-el-cairo\\\/#mainImage\",\"width\":800,\"height\":520},\"primaryImageOfPage\":{\"@id\":\"https:\\\/\\\/eldigitaldeasturias.com\\\/magazine365\\\/estado-islamico-asegura-estar-detras-del-ataque-contra-un-autobus-con-israelies-frente-al-hotel-de-barcelo-en-el-cairo\\\/#mainImage\"},\"datePublished\":\"2016-01-10T23:19:10+01:00\",\"dateModified\":\"2016-01-10T23:19:10+01:00\"},{\"@type\":\"WebSite\",\"@id\":\"https:\\\/\\\/eldigitaldeasturias.com\\\/magazine365\\\/#website\",\"url\":\"https:\\\/\\\/eldigitaldeasturias.com\\\/magazine365\\\/\",\"name\":\"El Digital de Asturias\",\"description\":\"Revista de ocio, turismo y estilo de vida\",\"inLanguage\":\"es-ES\",\"publisher\":{\"@id\":\"https:\\\/\\\/eldigitaldeasturias.com\\\/magazine365\\\/#organization\"}}]}\n\t\t<\/script>\n\t\t<!-- All in One SEO Pro -->\r\n\t\t<title>Estado Isl\u00e1mico asegura estar detr\u00e1s del ataque contra un autob\u00fas con israel\u00edes frente al hotel de Barcel\u00f3 en El Cairo | El Digital de Asturias<\/title>\n\n","aioseo_head_json":{"title":"Estado Isl\u00e1mico asegura estar detr\u00e1s del ataque contra un autob\u00fas con israel\u00edes frente al hotel de Barcel\u00f3 en El Cairo | El Digital de Asturias","description":"El grupo terrorista Estado Isl\u00e1mico ha asegurado este viernes que sus milicianos est\u00e1n detr\u00e1s del ataque armado contra un grupo de turistas israel\u00edes en El Cairo. Un autob\u00fas que transportaba a turistas israel\u00edes result\u00f3 alcanzado este jueves frente al Hotel Three Pyramides de El Cairo, de Barcel\u00f3, presuntamente por disparos, aunque posteriormente las autoridades aseguraron","canonical_url":"https:\/\/eldigitaldeasturias.com\/magazine365\/estado-islamico-asegura-estar-detras-del-ataque-contra-un-autobus-con-israelies-frente-al-hotel-de-barcelo-en-el-cairo\/","robots":"max-image-preview:large","keywords":"noticias y actualidad","webmasterTools":{"google-site-verification":"UA-38556648-1","miscellaneous":""},"schema":{"@context":"https:\/\/schema.org","@graph":[{"@type":"Article","@id":"https:\/\/eldigitaldeasturias.com\/magazine365\/estado-islamico-asegura-estar-detras-del-ataque-contra-un-autobus-con-israelies-frente-al-hotel-de-barcelo-en-el-cairo\/#article","name":"Estado Isl\u00e1mico asegura estar detr\u00e1s del ataque contra un autob\u00fas con israel\u00edes frente al hotel de Barcel\u00f3 en El Cairo | El Digital de Asturias","headline":"Estado Isl\u00e1mico asegura estar detr\u00e1s del ataque contra un autob\u00fas con israel\u00edes frente al hotel de Barcel\u00f3 en El Cairo","author":{"@id":"https:\/\/eldigitaldeasturias.com\/magazine365\/author\/admin\/#author"},"publisher":{"@id":"https:\/\/eldigitaldeasturias.com\/magazine365\/#organization"},"image":{"@type":"ImageObject","url":"https:\/\/eldigitaldeasturias.com\/magazine365\/wp-content\/uploads\/2016\/01\/fotonoticia_20160108132826_800.jpg","width":800,"height":520},"datePublished":"2016-01-10T23:19:10+01:00","dateModified":"2016-01-10T23:19:10+01:00","inLanguage":"es-ES","mainEntityOfPage":{"@id":"https:\/\/eldigitaldeasturias.com\/magazine365\/estado-islamico-asegura-estar-detras-del-ataque-contra-un-autobus-con-israelies-frente-al-hotel-de-barcelo-en-el-cairo\/#webpage"},"isPartOf":{"@id":"https:\/\/eldigitaldeasturias.com\/magazine365\/estado-islamico-asegura-estar-detras-del-ataque-contra-un-autobus-con-israelies-frente-al-hotel-de-barcelo-en-el-cairo\/#webpage"},"articleSection":"Noticias y Actualidad"},{"@type":"BreadcrumbList","@id":"https:\/\/eldigitaldeasturias.com\/magazine365\/estado-islamico-asegura-estar-detras-del-ataque-contra-un-autobus-con-israelies-frente-al-hotel-de-barcelo-en-el-cairo\/#breadcrumblist","itemListElement":[{"@type":"ListItem","@id":"https:\/\/eldigitaldeasturias.com\/magazine365#listItem","position":1,"name":"Home","item":"https:\/\/eldigitaldeasturias.com\/magazine365","nextItem":{"@type":"ListItem","@id":"https:\/\/eldigitaldeasturias.com\/magazine365\/category\/noticias-actualidad\/#listItem","name":"Noticias y Actualidad"}},{"@type":"ListItem","@id":"https:\/\/eldigitaldeasturias.com\/magazine365\/category\/noticias-actualidad\/#listItem","position":2,"name":"Noticias y Actualidad","item":"https:\/\/eldigitaldeasturias.com\/magazine365\/category\/noticias-actualidad\/","nextItem":{"@type":"ListItem","@id":"https:\/\/eldigitaldeasturias.com\/magazine365\/estado-islamico-asegura-estar-detras-del-ataque-contra-un-autobus-con-israelies-frente-al-hotel-de-barcelo-en-el-cairo\/#listItem","name":"Estado Isl\u00e1mico asegura estar detr\u00e1s del ataque contra un autob\u00fas con israel\u00edes frente al hotel de Barcel\u00f3 en El Cairo"},"previousItem":{"@type":"ListItem","@id":"https:\/\/eldigitaldeasturias.com\/magazine365#listItem","name":"Home"}},{"@type":"ListItem","@id":"https:\/\/eldigitaldeasturias.com\/magazine365\/estado-islamico-asegura-estar-detras-del-ataque-contra-un-autobus-con-israelies-frente-al-hotel-de-barcelo-en-el-cairo\/#listItem","position":3,"name":"Estado Isl\u00e1mico asegura estar detr\u00e1s del ataque contra un autob\u00fas con israel\u00edes frente al hotel de Barcel\u00f3 en El Cairo","previousItem":{"@type":"ListItem","@id":"https:\/\/eldigitaldeasturias.com\/magazine365\/category\/noticias-actualidad\/#listItem","name":"Noticias y Actualidad"}}]},{"@type":"Organization","@id":"https:\/\/eldigitaldeasturias.com\/magazine365\/#organization","name":"El digital de Asturias","description":"Revista de ocio, turismo y estilo de vida","url":"https:\/\/eldigitaldeasturias.com\/magazine365\/","logo":{"@type":"ImageObject","url":"https:\/\/www.eldigitaldeasturias.com\/noticias\/wp-content\/uploads\/2020\/12\/EDA.jpg","@id":"https:\/\/eldigitaldeasturias.com\/magazine365\/estado-islamico-asegura-estar-detras-del-ataque-contra-un-autobus-con-israelies-frente-al-hotel-de-barcelo-en-el-cairo\/#organizationLogo"},"image":{"@id":"https:\/\/eldigitaldeasturias.com\/magazine365\/estado-islamico-asegura-estar-detras-del-ataque-contra-un-autobus-con-israelies-frente-al-hotel-de-barcelo-en-el-cairo\/#organizationLogo"}},{"@type":"Person","@id":"https:\/\/eldigitaldeasturias.com\/magazine365\/author\/admin\/#author","url":"https:\/\/eldigitaldeasturias.com\/magazine365\/author\/admin\/","name":"admin","image":{"@type":"ImageObject","@id":"https:\/\/eldigitaldeasturias.com\/magazine365\/estado-islamico-asegura-estar-detras-del-ataque-contra-un-autobus-con-israelies-frente-al-hotel-de-barcelo-en-el-cairo\/#authorImage","url":"https:\/\/eldigitaldeasturias.com\/magazine365\/wp-content\/litespeed\/avatar\/e571bcf59a0edd6fa6838245a470f2fe.jpg?ver=1777574230","width":96,"height":96,"caption":"admin"}},{"@type":"WebPage","@id":"https:\/\/eldigitaldeasturias.com\/magazine365\/estado-islamico-asegura-estar-detras-del-ataque-contra-un-autobus-con-israelies-frente-al-hotel-de-barcelo-en-el-cairo\/#webpage","url":"https:\/\/eldigitaldeasturias.com\/magazine365\/estado-islamico-asegura-estar-detras-del-ataque-contra-un-autobus-con-israelies-frente-al-hotel-de-barcelo-en-el-cairo\/","name":"Estado Isl\u00e1mico asegura estar detr\u00e1s del ataque contra un autob\u00fas con israel\u00edes frente al hotel de Barcel\u00f3 en El Cairo | El Digital de Asturias","description":"El grupo terrorista Estado Isl\u00e1mico ha asegurado este viernes que sus milicianos est\u00e1n detr\u00e1s del ataque armado contra un grupo de turistas israel\u00edes en El Cairo. Un autob\u00fas que transportaba a turistas israel\u00edes result\u00f3 alcanzado este jueves frente al Hotel Three Pyramides de El Cairo, de Barcel\u00f3, presuntamente por disparos, aunque posteriormente las autoridades aseguraron","inLanguage":"es-ES","isPartOf":{"@id":"https:\/\/eldigitaldeasturias.com\/magazine365\/#website"},"breadcrumb":{"@id":"https:\/\/eldigitaldeasturias.com\/magazine365\/estado-islamico-asegura-estar-detras-del-ataque-contra-un-autobus-con-israelies-frente-al-hotel-de-barcelo-en-el-cairo\/#breadcrumblist"},"author":{"@id":"https:\/\/eldigitaldeasturias.com\/magazine365\/author\/admin\/#author"},"creator":{"@id":"https:\/\/eldigitaldeasturias.com\/magazine365\/author\/admin\/#author"},"image":{"@type":"ImageObject","url":"https:\/\/eldigitaldeasturias.com\/magazine365\/wp-content\/uploads\/2016\/01\/fotonoticia_20160108132826_800.jpg","@id":"https:\/\/eldigitaldeasturias.com\/magazine365\/estado-islamico-asegura-estar-detras-del-ataque-contra-un-autobus-con-israelies-frente-al-hotel-de-barcelo-en-el-cairo\/#mainImage","width":800,"height":520},"primaryImageOfPage":{"@id":"https:\/\/eldigitaldeasturias.com\/magazine365\/estado-islamico-asegura-estar-detras-del-ataque-contra-un-autobus-con-israelies-frente-al-hotel-de-barcelo-en-el-cairo\/#mainImage"},"datePublished":"2016-01-10T23:19:10+01:00","dateModified":"2016-01-10T23:19:10+01:00"},{"@type":"WebSite","@id":"https:\/\/eldigitaldeasturias.com\/magazine365\/#website","url":"https:\/\/eldigitaldeasturias.com\/magazine365\/","name":"El Digital de Asturias","description":"Revista de ocio, turismo y estilo de vida","inLanguage":"es-ES","publisher":{"@id":"https:\/\/eldigitaldeasturias.com\/magazine365\/#organization"}}]},"og:locale":"es_ES","og:site_name":"El Digital de Asturias \u2013 Revista de ocio, turismo y estilo de vida","og:type":"article","og:title":"Estado Isl\u00e1mico asegura estar detr\u00e1s del ataque contra un autob\u00fas con israel\u00edes frente al hotel de Barcel\u00f3 en El Cairo | El Digital de Asturias","og:description":"El grupo terrorista Estado Isl\u00e1mico ha asegurado este viernes que sus milicianos est\u00e1n detr\u00e1s del ataque armado contra un grupo de turistas israel\u00edes en El Cairo. Un autob\u00fas que transportaba a turistas israel\u00edes result\u00f3 alcanzado este jueves frente al Hotel Three Pyramides de El Cairo, de Barcel\u00f3, presuntamente por disparos, aunque posteriormente las autoridades aseguraron","og:url":"https:\/\/eldigitaldeasturias.com\/magazine365\/estado-islamico-asegura-estar-detras-del-ataque-contra-un-autobus-con-israelies-frente-al-hotel-de-barcelo-en-el-cairo\/","og:image":"https:\/\/eldigitaldeasturias.com\/magazine365\/wp-content\/uploads\/2016\/01\/fotonoticia_20160108132826_800.jpg","og:image:secure_url":"https:\/\/eldigitaldeasturias.com\/magazine365\/wp-content\/uploads\/2016\/01\/fotonoticia_20160108132826_800.jpg","og:image:width":800,"og:image:height":520,"article:published_time":"2016-01-10T22:19:10+00:00","article:modified_time":"2016-01-10T22:19:10+00:00","twitter:card":"summary_large_image","twitter:title":"Estado Isl\u00e1mico asegura estar detr\u00e1s del ataque contra un autob\u00fas con israel\u00edes frente al hotel de Barcel\u00f3 en El Cairo | El Digital de Asturias","twitter:description":"El grupo terrorista Estado Isl\u00e1mico ha asegurado este viernes que sus milicianos est\u00e1n detr\u00e1s del ataque armado contra un grupo de turistas israel\u00edes en El Cairo. Un autob\u00fas que transportaba a turistas israel\u00edes result\u00f3 alcanzado este jueves frente al Hotel Three Pyramides de El Cairo, de Barcel\u00f3, presuntamente por disparos, aunque posteriormente las autoridades aseguraron","twitter:image":"https:\/\/eldigitaldeasturias.com\/magazine365\/wp-content\/uploads\/2016\/01\/fotonoticia_20160108132826_800.jpg"},"aioseo_meta_data":{"post_id":"60032","title":null,"description":null,"keywords":null,"keyphrases":null,"primary_term":null,"canonical_url":null,"og_title":null,"og_description":null,"og_object_type":"default","og_image_type":"default","og_image_url":null,"og_image_width":null,"og_image_height":null,"og_image_custom_url":null,"og_image_custom_fields":null,"og_video":null,"og_custom_url":null,"og_article_section":null,"og_article_tags":null,"twitter_use_og":false,"twitter_card":"default","twitter_image_type":"default","twitter_image_url":null,"twitter_image_custom_url":null,"twitter_image_custom_fields":null,"twitter_title":null,"twitter_description":null,"schema":{"blockGraphs":[],"customGraphs":[],"default":{"data":{"Article":[],"Course":[],"Dataset":[],"FAQPage":[],"Movie":[],"Person":[],"Product":[],"ProductReview":[],"Car":[],"Recipe":[],"Service":[],"SoftwareApplication":[],"WebPage":[]},"graphName":"","isEnabled":true},"graphs":[],"defaultGraph":"","defaultPostTypeGraph":""},"schema_type":null,"schema_type_options":null,"pillar_content":false,"robots_default":true,"robots_noindex":false,"robots_noarchive":false,"robots_nosnippet":false,"robots_nofollow":false,"robots_noimageindex":false,"robots_noodp":false,"robots_notranslate":false,"robots_max_snippet":null,"robots_max_videopreview":null,"robots_max_imagepreview":"large","priority":null,"frequency":null,"location":null,"local_seo":null,"seo_analyzer_scan_date":"2025-09-25 06:06:54","breadcrumb_settings":null,"limit_modified_date":false,"open_ai":null,"ai":null,"created":"2021-03-08 22:07:08","updated":"2025-09-25 06:06:54"},"aioseo_breadcrumb":"<div class=\"aioseo-breadcrumbs\"><span class=\"aioseo-breadcrumb\">\n\t<a href=\"https:\/\/eldigitaldeasturias.com\/magazine365\" title=\"Home\">Home<\/a>\n<\/span><span class=\"aioseo-breadcrumb-separator\">\u2013<\/span><span class=\"aioseo-breadcrumb\">\n\t<a href=\"https:\/\/eldigitaldeasturias.com\/magazine365\/category\/noticias-actualidad\/\" title=\"Noticias y Actualidad\">Noticias y Actualidad<\/a>\n<\/span><span class=\"aioseo-breadcrumb-separator\">\u2013<\/span><span class=\"aioseo-breadcrumb\">\n\t<a href=\"https:\/\/eldigitaldeasturias.com\/magazine365\/estado-islamico-asegura-estar-detras-del-ataque-contra-un-autobus-con-israelies-frente-al-hotel-de-barcelo-en-el-cairo\/\" title=\"Estado Isl\u00e1mico asegura estar detr\u00e1s del ataque contra un autob\u00fas con israel\u00edes frente al hotel de Barcel\u00f3 en El Cairo\">Estado Isl\u00e1mico asegura estar detr\u00e1s del ataque contra un autob\u00fas con israel\u00edes frente al hotel de Barcel\u00f3 en El Cairo<\/a>\n<\/span><\/div>","aioseo_breadcrumb_json":[{"label":"Home","link":"https:\/\/eldigitaldeasturias.com\/magazine365"},{"label":"Noticias y Actualidad","link":"https:\/\/eldigitaldeasturias.com\/magazine365\/category\/noticias-actualidad\/"},{"label":"Estado Isl\u00e1mico asegura estar detr\u00e1s del ataque contra un autob\u00fas con israel\u00edes frente al hotel de Barcel\u00f3 en El Cairo","link":"https:\/\/eldigitaldeasturias.com\/magazine365\/estado-islamico-asegura-estar-detras-del-ataque-contra-un-autobus-con-israelies-frente-al-hotel-de-barcelo-en-el-cairo\/"}],"_links":{"self":[{"href":"https:\/\/eldigitaldeasturias.com\/magazine365\/wp-json\/wp\/v2\/posts\/60032","targetHints":{"allow":["GET"]}}],"collection":[{"href":"https:\/\/eldigitaldeasturias.com\/magazine365\/wp-json\/wp\/v2\/posts"}],"about":[{"href":"https:\/\/eldigitaldeasturias.com\/magazine365\/wp-json\/wp\/v2\/types\/post"}],"author":[{"embeddable":true,"href":"https:\/\/eldigitaldeasturias.com\/magazine365\/wp-json\/wp\/v2\/users\/1"}],"replies":[{"embeddable":true,"href":"https:\/\/eldigitaldeasturias.com\/magazine365\/wp-json\/wp\/v2\/comments?post=60032"}],"version-history":[{"count":0,"href":"https:\/\/eldigitaldeasturias.com\/magazine365\/wp-json\/wp\/v2\/posts\/60032\/revisions"}],"wp:featuredmedia":[{"embeddable":true,"href":"https:\/\/eldigitaldeasturias.com\/magazine365\/wp-json\/wp\/v2\/media\/60033"}],"wp:attachment":[{"href":"https:\/\/eldigitaldeasturias.com\/magazine365\/wp-json\/wp\/v2\/media?parent=60032"}],"wp:term":[{"taxonomy":"category","embeddable":true,"href":"https:\/\/eldigitaldeasturias.com\/magazine365\/wp-json\/wp\/v2\/categories?post=60032"},{"taxonomy":"post_tag","embeddable":true,"href":"https:\/\/eldigitaldeasturias.com\/magazine365\/wp-json\/wp\/v2\/tags?post=60032"}],"curies":[{"name":"wp","href":"https:\/\/api.w.org\/{rel}","templated":true}]}}