{"id":59991,"date":"2016-01-10T22:33:58","date_gmt":"2016-01-10T21:33:58","guid":{"rendered":"http:\/\/eldigitaldeasturias.com\/magazine365\/?p=59991"},"modified":"2016-01-10T22:33:58","modified_gmt":"2016-01-10T21:33:58","slug":"iberia-cierra-2015-como-la-aerolinea-mas-puntual-de-europa-y-la-segunda-del-mundo","status":"publish","type":"post","link":"https:\/\/eldigitaldeasturias.com\/magazine365\/iberia-cierra-2015-como-la-aerolinea-mas-puntual-de-europa-y-la-segunda-del-mundo\/","title":{"rendered":"Iberia cierra 2015 como la aerol\u00ednea m\u00e1s puntual de Europa y la segunda del mundo"},"content":{"rendered":"<p><img fetchpriority=\"high\" decoding=\"async\" class=\"alignleft size-medium wp-image-59992\" src=\"https:\/\/eldigitaldeasturias.com\/magazine365\/wp-content\/uploads\/2016\/01\/fotonoticia_20160107181616_800-360x210.jpg\" alt=\"fotonoticia_20160107181616_800\" width=\"360\" height=\"210\" srcset=\"https:\/\/eldigitaldeasturias.com\/magazine365\/wp-content\/uploads\/2016\/01\/fotonoticia_20160107181616_800-360x210.jpg 360w, https:\/\/eldigitaldeasturias.com\/magazine365\/wp-content\/uploads\/2016\/01\/fotonoticia_20160107181616_800-650x379.jpg 650w, https:\/\/eldigitaldeasturias.com\/magazine365\/wp-content\/uploads\/2016\/01\/fotonoticia_20160107181616_800-768x448.jpg 768w, https:\/\/eldigitaldeasturias.com\/magazine365\/wp-content\/uploads\/2016\/01\/fotonoticia_20160107181616_800-150x88.jpg 150w, https:\/\/eldigitaldeasturias.com\/magazine365\/wp-content\/uploads\/2016\/01\/fotonoticia_20160107181616_800-450x263.jpg 450w, https:\/\/eldigitaldeasturias.com\/magazine365\/wp-content\/uploads\/2016\/01\/fotonoticia_20160107181616_800-696x406.jpg 696w, https:\/\/eldigitaldeasturias.com\/magazine365\/wp-content\/uploads\/2016\/01\/fotonoticia_20160107181616_800-719x420.jpg 719w, https:\/\/eldigitaldeasturias.com\/magazine365\/wp-content\/uploads\/2016\/01\/fotonoticia_20160107181616_800-172x100.jpg 172w, https:\/\/eldigitaldeasturias.com\/magazine365\/wp-content\/uploads\/2016\/01\/fotonoticia_20160107181616_800.jpg 800w\" sizes=\"(max-width: 360px) 100vw, 360px\" \/>Iberia cierra el a\u00f1o 2015 liderando el ranking de las aerol\u00edneas m\u00e1s puntuales de Europa, con 187.538 operaciones y el 88,97% de sus vuelos &#8216;on-time&#8217;, y escala a la segunda posici\u00f3n en el ranking mundial con respecto a 2014, por detr\u00e1s de la japonesa JAL, seg\u00fan los datos del informe elaborado por FlightStats.<\/p>\n<p>La aerol\u00ednea JAL, con 270.685 operaciones y el 89,44% de las llegadas en hora, encabez\u00f3 el ranking mundial de puntualidad por delante de Iberia. La tercera posici\u00f3n es para ANA, con 374.606 vuelos y el 88,99% de sus vuelos en hora.<\/p>\n<p>\u00abEstamos especialmente orgullosos de este gran logro porque la puntualidad tiene un impacto directo y muy positivo en la experiencia de viaje\u00bb, ha manifestado el presidente ejecutivo de Iberia, Luis Gallego, en una nota.<\/p>\n<p>En el ranking europeo y por detr\u00e1s de Iberia, el segundo lugar lo ocupa la polaca LOT, con 66.912 operaciones y el 87,92% de los vuelos en hora; seguida de la holandesa KLM; con 227.736 operaciones (87,88%).<\/p>\n<p>En el tercer y cuarto puesto del &#8216;top 10&#8217; entre las aerol\u00edneas m\u00e1s puntuales de Europa figuran Austrian &#8211;con el 87,68% de los vuelos en hora de un total de 115.629 operaciones&#8211; y la griega Aegean Airlines&#8211; con el 84,71% vuelos &#8216;on-time&#8217; de 87.663 aterrizajes y despegues.<\/p>\n<p>Cierran la lista europea de puntualidad Lufthansa (84,42%), Norwegian (82,66%), Air France (82,39%), easyJet (78,92%) y Aer Lingus (78,02%).<\/p>\n<p>IBERIA EXPRESS, L\u00cdDER EN &#8216;LOW COST&#8217;.<\/p>\n<p>Iberia Express, la filial de corto y medio radio del grupo Iberia, cierra 2015 liderando el ranking mundial de puntualidad entre las aerol\u00edneas de bajo coste por segundo a\u00f1o consecutivo, con un \u00edndice del 93,50% de vuelos &#8216;on-time&#8217;.<\/p>\n<p>Durante 2015, la aerol\u00ednea que lidera Fernando Candela oper\u00f3 un total de 31.355 vuelos, manteniendo el primer puesto del ranking de puntualidad entre las &#8216;low cost&#8217; desde el mes de julio del pasado a\u00f1o. En segunda posici\u00f3n figura Air Baltic (91,75%), seguida de la japonesa Air Do (86,37%).<\/p>\n<p>Dentro del ranking de aerol\u00edneas regionales, Air Nostrum, franquiciada de Iberia, ocup\u00f3 la d\u00e9cima posici\u00f3n, con 82.016 operaciones, de ellas el 87,38% de las llegadas en hora.<\/p>\n<p>AEROPUERTOS.<\/p>\n<p>Por aeropuertos, el m\u00e1s puntual del mundo es el de Itami en Osaka (Jap\u00f3n), con el 94,74% de vuelos en hora, seguido del de Tocumen, en Panam\u00e1, con el 93,23%, y el de Haneda en Tokio (92,29%).<\/p>\n<p>El \u00fanico aeropuerto europeo entre los diez primeros en puntualidad a nivel mundial, es el de Helsinki en el cuarto puesto (92,22%), lista en la que Madrid-Barajas aparece en el puesto 64, con el 81,77% de los vuelos &#8216;on-time&#8217;.<\/p>\n<p>El en ranking europeo, el aeropuerto Adolfo Su\u00e1rez Madrid-Barajas ocupa el decimocuarto puesto, con el 81,77% de los vuelos en hora, seg\u00fan el ranking de FlightStats, mientras que el aeropuerto de Barcelona-El Prat figura en la decimonovena posici\u00f3n, con el 78,23% de los vuelos &#8216;on-time&#8217;.<\/p>\n","protected":false},"excerpt":{"rendered":"<p>Iberia cierra el a\u00f1o 2015 liderando el ranking de las aerol\u00edneas m\u00e1s puntuales de Europa, con 187.538 operaciones y el 88,97% de sus vuelos &#8216;on-time&#8217;, y escala a la segunda posici\u00f3n en el ranking mundial con respecto a 2014, por detr\u00e1s de la japonesa JAL, seg\u00fan los datos del informe elaborado por FlightStats. La aerol\u00ednea<\/p>\n","protected":false},"author":1,"featured_media":59992,"comment_status":"open","ping_status":"closed","sticky":false,"template":"","format":"standard","meta":{"footnotes":""},"categories":[224],"tags":[],"class_list":{"0":"post-59991","1":"post","2":"type-post","3":"status-publish","4":"format-standard","5":"has-post-thumbnail","7":"category-noticias-actualidad"},"aioseo_notices":[],"aioseo_head":"\n\t\t<!-- All in One SEO Pro 4.9.6.1 - aioseo.com -->\n\t<meta name=\"description\" content=\"Iberia cierra el a\u00f1o 2015 liderando el ranking de las aerol\u00edneas m\u00e1s puntuales de Europa, con 187.538 operaciones y el 88,97% de sus vuelos &#039;on-time&#039;, y escala a la segunda posici\u00f3n en el ranking mundial con respecto a 2014, por detr\u00e1s de la japonesa JAL, seg\u00fan los datos del informe elaborado por FlightStats. La aerol\u00ednea\" \/>\n\t<meta name=\"robots\" content=\"max-image-preview:large\" \/>\n\t<meta name=\"author\" content=\"admin\"\/>\n\t<meta name=\"google-site-verification\" content=\"UA-38556648-1\" \/>\n\t<meta name=\"keywords\" content=\"noticias y actualidad\" \/>\n\t<link rel=\"canonical\" href=\"https:\/\/eldigitaldeasturias.com\/magazine365\/iberia-cierra-2015-como-la-aerolinea-mas-puntual-de-europa-y-la-segunda-del-mundo\/\" \/>\n\t<meta name=\"generator\" content=\"All in One SEO Pro (AIOSEO) 4.9.6.1\" \/>\n\t\t<meta property=\"og:locale\" content=\"es_ES\" \/>\n\t\t<meta property=\"og:site_name\" content=\"El Digital de Asturias \u2013 Revista de ocio, turismo y estilo de vida\" \/>\n\t\t<meta property=\"og:type\" content=\"article\" \/>\n\t\t<meta property=\"og:title\" content=\"Iberia cierra 2015 como la aerol\u00ednea m\u00e1s puntual de Europa y la segunda del mundo | El Digital de Asturias\" \/>\n\t\t<meta property=\"og:description\" content=\"Iberia cierra el a\u00f1o 2015 liderando el ranking de las aerol\u00edneas m\u00e1s puntuales de Europa, con 187.538 operaciones y el 88,97% de sus vuelos &#039;on-time&#039;, y escala a la segunda posici\u00f3n en el ranking mundial con respecto a 2014, por detr\u00e1s de la japonesa JAL, seg\u00fan los datos del informe elaborado por FlightStats. La aerol\u00ednea\" \/>\n\t\t<meta property=\"og:url\" content=\"https:\/\/eldigitaldeasturias.com\/magazine365\/iberia-cierra-2015-como-la-aerolinea-mas-puntual-de-europa-y-la-segunda-del-mundo\/\" \/>\n\t\t<meta property=\"og:image\" content=\"https:\/\/eldigitaldeasturias.com\/magazine365\/wp-content\/uploads\/2016\/01\/fotonoticia_20160107181616_800.jpg\" \/>\n\t\t<meta property=\"og:image:secure_url\" content=\"https:\/\/eldigitaldeasturias.com\/magazine365\/wp-content\/uploads\/2016\/01\/fotonoticia_20160107181616_800.jpg\" \/>\n\t\t<meta property=\"og:image:width\" content=\"800\" \/>\n\t\t<meta property=\"og:image:height\" content=\"467\" \/>\n\t\t<meta property=\"article:published_time\" content=\"2016-01-10T21:33:58+00:00\" \/>\n\t\t<meta property=\"article:modified_time\" content=\"2016-01-10T21:33:58+00:00\" \/>\n\t\t<meta name=\"twitter:card\" content=\"summary_large_image\" \/>\n\t\t<meta name=\"twitter:title\" content=\"Iberia cierra 2015 como la aerol\u00ednea m\u00e1s puntual de Europa y la segunda del mundo | El Digital de Asturias\" \/>\n\t\t<meta name=\"twitter:description\" content=\"Iberia cierra el a\u00f1o 2015 liderando el ranking de las aerol\u00edneas m\u00e1s puntuales de Europa, con 187.538 operaciones y el 88,97% de sus vuelos &#039;on-time&#039;, y escala a la segunda posici\u00f3n en el ranking mundial con respecto a 2014, por detr\u00e1s de la japonesa JAL, seg\u00fan los datos del informe elaborado por FlightStats. La aerol\u00ednea\" \/>\n\t\t<meta name=\"twitter:image\" content=\"https:\/\/eldigitaldeasturias.com\/magazine365\/wp-content\/uploads\/2016\/01\/fotonoticia_20160107181616_800.jpg\" \/>\n\t\t<script type=\"application\/ld+json\" class=\"aioseo-schema\">\n\t\t\t{\"@context\":\"https:\\\/\\\/schema.org\",\"@graph\":[{\"@type\":\"Article\",\"@id\":\"https:\\\/\\\/eldigitaldeasturias.com\\\/magazine365\\\/iberia-cierra-2015-como-la-aerolinea-mas-puntual-de-europa-y-la-segunda-del-mundo\\\/#article\",\"name\":\"Iberia cierra 2015 como la aerol\\u00ednea m\\u00e1s puntual de Europa y la segunda del mundo | El Digital de Asturias\",\"headline\":\"Iberia cierra 2015 como la aerol\\u00ednea m\\u00e1s puntual de Europa y la segunda del mundo\",\"author\":{\"@id\":\"https:\\\/\\\/eldigitaldeasturias.com\\\/magazine365\\\/author\\\/admin\\\/#author\"},\"publisher\":{\"@id\":\"https:\\\/\\\/eldigitaldeasturias.com\\\/magazine365\\\/#organization\"},\"image\":{\"@type\":\"ImageObject\",\"url\":\"https:\\\/\\\/eldigitaldeasturias.com\\\/magazine365\\\/wp-content\\\/uploads\\\/2016\\\/01\\\/fotonoticia_20160107181616_800.jpg\",\"width\":800,\"height\":467},\"datePublished\":\"2016-01-10T22:33:58+01:00\",\"dateModified\":\"2016-01-10T22:33:58+01:00\",\"inLanguage\":\"es-ES\",\"mainEntityOfPage\":{\"@id\":\"https:\\\/\\\/eldigitaldeasturias.com\\\/magazine365\\\/iberia-cierra-2015-como-la-aerolinea-mas-puntual-de-europa-y-la-segunda-del-mundo\\\/#webpage\"},\"isPartOf\":{\"@id\":\"https:\\\/\\\/eldigitaldeasturias.com\\\/magazine365\\\/iberia-cierra-2015-como-la-aerolinea-mas-puntual-de-europa-y-la-segunda-del-mundo\\\/#webpage\"},\"articleSection\":\"Noticias y Actualidad\"},{\"@type\":\"BreadcrumbList\",\"@id\":\"https:\\\/\\\/eldigitaldeasturias.com\\\/magazine365\\\/iberia-cierra-2015-como-la-aerolinea-mas-puntual-de-europa-y-la-segunda-del-mundo\\\/#breadcrumblist\",\"itemListElement\":[{\"@type\":\"ListItem\",\"@id\":\"https:\\\/\\\/eldigitaldeasturias.com\\\/magazine365#listItem\",\"position\":1,\"name\":\"Home\",\"item\":\"https:\\\/\\\/eldigitaldeasturias.com\\\/magazine365\",\"nextItem\":{\"@type\":\"ListItem\",\"@id\":\"https:\\\/\\\/eldigitaldeasturias.com\\\/magazine365\\\/category\\\/noticias-actualidad\\\/#listItem\",\"name\":\"Noticias y Actualidad\"}},{\"@type\":\"ListItem\",\"@id\":\"https:\\\/\\\/eldigitaldeasturias.com\\\/magazine365\\\/category\\\/noticias-actualidad\\\/#listItem\",\"position\":2,\"name\":\"Noticias y Actualidad\",\"item\":\"https:\\\/\\\/eldigitaldeasturias.com\\\/magazine365\\\/category\\\/noticias-actualidad\\\/\",\"nextItem\":{\"@type\":\"ListItem\",\"@id\":\"https:\\\/\\\/eldigitaldeasturias.com\\\/magazine365\\\/iberia-cierra-2015-como-la-aerolinea-mas-puntual-de-europa-y-la-segunda-del-mundo\\\/#listItem\",\"name\":\"Iberia cierra 2015 como la aerol\\u00ednea m\\u00e1s puntual de Europa y la segunda del mundo\"},\"previousItem\":{\"@type\":\"ListItem\",\"@id\":\"https:\\\/\\\/eldigitaldeasturias.com\\\/magazine365#listItem\",\"name\":\"Home\"}},{\"@type\":\"ListItem\",\"@id\":\"https:\\\/\\\/eldigitaldeasturias.com\\\/magazine365\\\/iberia-cierra-2015-como-la-aerolinea-mas-puntual-de-europa-y-la-segunda-del-mundo\\\/#listItem\",\"position\":3,\"name\":\"Iberia cierra 2015 como la aerol\\u00ednea m\\u00e1s puntual de Europa y la segunda del mundo\",\"previousItem\":{\"@type\":\"ListItem\",\"@id\":\"https:\\\/\\\/eldigitaldeasturias.com\\\/magazine365\\\/category\\\/noticias-actualidad\\\/#listItem\",\"name\":\"Noticias y Actualidad\"}}]},{\"@type\":\"Organization\",\"@id\":\"https:\\\/\\\/eldigitaldeasturias.com\\\/magazine365\\\/#organization\",\"name\":\"El digital de Asturias\",\"description\":\"Revista de ocio, turismo y estilo de vida\",\"url\":\"https:\\\/\\\/eldigitaldeasturias.com\\\/magazine365\\\/\",\"logo\":{\"@type\":\"ImageObject\",\"url\":\"https:\\\/\\\/www.eldigitaldeasturias.com\\\/noticias\\\/wp-content\\\/uploads\\\/2020\\\/12\\\/EDA.jpg\",\"@id\":\"https:\\\/\\\/eldigitaldeasturias.com\\\/magazine365\\\/iberia-cierra-2015-como-la-aerolinea-mas-puntual-de-europa-y-la-segunda-del-mundo\\\/#organizationLogo\"},\"image\":{\"@id\":\"https:\\\/\\\/eldigitaldeasturias.com\\\/magazine365\\\/iberia-cierra-2015-como-la-aerolinea-mas-puntual-de-europa-y-la-segunda-del-mundo\\\/#organizationLogo\"}},{\"@type\":\"Person\",\"@id\":\"https:\\\/\\\/eldigitaldeasturias.com\\\/magazine365\\\/author\\\/admin\\\/#author\",\"url\":\"https:\\\/\\\/eldigitaldeasturias.com\\\/magazine365\\\/author\\\/admin\\\/\",\"name\":\"admin\",\"image\":{\"@type\":\"ImageObject\",\"@id\":\"https:\\\/\\\/eldigitaldeasturias.com\\\/magazine365\\\/iberia-cierra-2015-como-la-aerolinea-mas-puntual-de-europa-y-la-segunda-del-mundo\\\/#authorImage\",\"url\":\"https:\\\/\\\/eldigitaldeasturias.com\\\/magazine365\\\/wp-content\\\/litespeed\\\/avatar\\\/e571bcf59a0edd6fa6838245a470f2fe.jpg?ver=1777574230\",\"width\":96,\"height\":96,\"caption\":\"admin\"}},{\"@type\":\"WebPage\",\"@id\":\"https:\\\/\\\/eldigitaldeasturias.com\\\/magazine365\\\/iberia-cierra-2015-como-la-aerolinea-mas-puntual-de-europa-y-la-segunda-del-mundo\\\/#webpage\",\"url\":\"https:\\\/\\\/eldigitaldeasturias.com\\\/magazine365\\\/iberia-cierra-2015-como-la-aerolinea-mas-puntual-de-europa-y-la-segunda-del-mundo\\\/\",\"name\":\"Iberia cierra 2015 como la aerol\\u00ednea m\\u00e1s puntual de Europa y la segunda del mundo | El Digital de Asturias\",\"description\":\"Iberia cierra el a\\u00f1o 2015 liderando el ranking de las aerol\\u00edneas m\\u00e1s puntuales de Europa, con 187.538 operaciones y el 88,97% de sus vuelos 'on-time', y escala a la segunda posici\\u00f3n en el ranking mundial con respecto a 2014, por detr\\u00e1s de la japonesa JAL, seg\\u00fan los datos del informe elaborado por FlightStats. La aerol\\u00ednea\",\"inLanguage\":\"es-ES\",\"isPartOf\":{\"@id\":\"https:\\\/\\\/eldigitaldeasturias.com\\\/magazine365\\\/#website\"},\"breadcrumb\":{\"@id\":\"https:\\\/\\\/eldigitaldeasturias.com\\\/magazine365\\\/iberia-cierra-2015-como-la-aerolinea-mas-puntual-de-europa-y-la-segunda-del-mundo\\\/#breadcrumblist\"},\"author\":{\"@id\":\"https:\\\/\\\/eldigitaldeasturias.com\\\/magazine365\\\/author\\\/admin\\\/#author\"},\"creator\":{\"@id\":\"https:\\\/\\\/eldigitaldeasturias.com\\\/magazine365\\\/author\\\/admin\\\/#author\"},\"image\":{\"@type\":\"ImageObject\",\"url\":\"https:\\\/\\\/eldigitaldeasturias.com\\\/magazine365\\\/wp-content\\\/uploads\\\/2016\\\/01\\\/fotonoticia_20160107181616_800.jpg\",\"@id\":\"https:\\\/\\\/eldigitaldeasturias.com\\\/magazine365\\\/iberia-cierra-2015-como-la-aerolinea-mas-puntual-de-europa-y-la-segunda-del-mundo\\\/#mainImage\",\"width\":800,\"height\":467},\"primaryImageOfPage\":{\"@id\":\"https:\\\/\\\/eldigitaldeasturias.com\\\/magazine365\\\/iberia-cierra-2015-como-la-aerolinea-mas-puntual-de-europa-y-la-segunda-del-mundo\\\/#mainImage\"},\"datePublished\":\"2016-01-10T22:33:58+01:00\",\"dateModified\":\"2016-01-10T22:33:58+01:00\"},{\"@type\":\"WebSite\",\"@id\":\"https:\\\/\\\/eldigitaldeasturias.com\\\/magazine365\\\/#website\",\"url\":\"https:\\\/\\\/eldigitaldeasturias.com\\\/magazine365\\\/\",\"name\":\"El Digital de Asturias\",\"description\":\"Revista de ocio, turismo y estilo de vida\",\"inLanguage\":\"es-ES\",\"publisher\":{\"@id\":\"https:\\\/\\\/eldigitaldeasturias.com\\\/magazine365\\\/#organization\"}}]}\n\t\t<\/script>\n\t\t<!-- All in One SEO Pro -->\r\n\t\t<title>Iberia cierra 2015 como la aerol\u00ednea m\u00e1s puntual de Europa y la segunda del mundo | El Digital de Asturias<\/title>\n\n","aioseo_head_json":{"title":"Iberia cierra 2015 como la aerol\u00ednea m\u00e1s puntual de Europa y la segunda del mundo | El Digital de Asturias","description":"Iberia cierra el a\u00f1o 2015 liderando el ranking de las aerol\u00edneas m\u00e1s puntuales de Europa, con 187.538 operaciones y el 88,97% de sus vuelos 'on-time', y escala a la segunda posici\u00f3n en el ranking mundial con respecto a 2014, por detr\u00e1s de la japonesa JAL, seg\u00fan los datos del informe elaborado por FlightStats. La aerol\u00ednea","canonical_url":"https:\/\/eldigitaldeasturias.com\/magazine365\/iberia-cierra-2015-como-la-aerolinea-mas-puntual-de-europa-y-la-segunda-del-mundo\/","robots":"max-image-preview:large","keywords":"noticias y actualidad","webmasterTools":{"google-site-verification":"UA-38556648-1","miscellaneous":""},"schema":{"@context":"https:\/\/schema.org","@graph":[{"@type":"Article","@id":"https:\/\/eldigitaldeasturias.com\/magazine365\/iberia-cierra-2015-como-la-aerolinea-mas-puntual-de-europa-y-la-segunda-del-mundo\/#article","name":"Iberia cierra 2015 como la aerol\u00ednea m\u00e1s puntual de Europa y la segunda del mundo | El Digital de Asturias","headline":"Iberia cierra 2015 como la aerol\u00ednea m\u00e1s puntual de Europa y la segunda del mundo","author":{"@id":"https:\/\/eldigitaldeasturias.com\/magazine365\/author\/admin\/#author"},"publisher":{"@id":"https:\/\/eldigitaldeasturias.com\/magazine365\/#organization"},"image":{"@type":"ImageObject","url":"https:\/\/eldigitaldeasturias.com\/magazine365\/wp-content\/uploads\/2016\/01\/fotonoticia_20160107181616_800.jpg","width":800,"height":467},"datePublished":"2016-01-10T22:33:58+01:00","dateModified":"2016-01-10T22:33:58+01:00","inLanguage":"es-ES","mainEntityOfPage":{"@id":"https:\/\/eldigitaldeasturias.com\/magazine365\/iberia-cierra-2015-como-la-aerolinea-mas-puntual-de-europa-y-la-segunda-del-mundo\/#webpage"},"isPartOf":{"@id":"https:\/\/eldigitaldeasturias.com\/magazine365\/iberia-cierra-2015-como-la-aerolinea-mas-puntual-de-europa-y-la-segunda-del-mundo\/#webpage"},"articleSection":"Noticias y Actualidad"},{"@type":"BreadcrumbList","@id":"https:\/\/eldigitaldeasturias.com\/magazine365\/iberia-cierra-2015-como-la-aerolinea-mas-puntual-de-europa-y-la-segunda-del-mundo\/#breadcrumblist","itemListElement":[{"@type":"ListItem","@id":"https:\/\/eldigitaldeasturias.com\/magazine365#listItem","position":1,"name":"Home","item":"https:\/\/eldigitaldeasturias.com\/magazine365","nextItem":{"@type":"ListItem","@id":"https:\/\/eldigitaldeasturias.com\/magazine365\/category\/noticias-actualidad\/#listItem","name":"Noticias y Actualidad"}},{"@type":"ListItem","@id":"https:\/\/eldigitaldeasturias.com\/magazine365\/category\/noticias-actualidad\/#listItem","position":2,"name":"Noticias y Actualidad","item":"https:\/\/eldigitaldeasturias.com\/magazine365\/category\/noticias-actualidad\/","nextItem":{"@type":"ListItem","@id":"https:\/\/eldigitaldeasturias.com\/magazine365\/iberia-cierra-2015-como-la-aerolinea-mas-puntual-de-europa-y-la-segunda-del-mundo\/#listItem","name":"Iberia cierra 2015 como la aerol\u00ednea m\u00e1s puntual de Europa y la segunda del mundo"},"previousItem":{"@type":"ListItem","@id":"https:\/\/eldigitaldeasturias.com\/magazine365#listItem","name":"Home"}},{"@type":"ListItem","@id":"https:\/\/eldigitaldeasturias.com\/magazine365\/iberia-cierra-2015-como-la-aerolinea-mas-puntual-de-europa-y-la-segunda-del-mundo\/#listItem","position":3,"name":"Iberia cierra 2015 como la aerol\u00ednea m\u00e1s puntual de Europa y la segunda del mundo","previousItem":{"@type":"ListItem","@id":"https:\/\/eldigitaldeasturias.com\/magazine365\/category\/noticias-actualidad\/#listItem","name":"Noticias y Actualidad"}}]},{"@type":"Organization","@id":"https:\/\/eldigitaldeasturias.com\/magazine365\/#organization","name":"El digital de Asturias","description":"Revista de ocio, turismo y estilo de vida","url":"https:\/\/eldigitaldeasturias.com\/magazine365\/","logo":{"@type":"ImageObject","url":"https:\/\/www.eldigitaldeasturias.com\/noticias\/wp-content\/uploads\/2020\/12\/EDA.jpg","@id":"https:\/\/eldigitaldeasturias.com\/magazine365\/iberia-cierra-2015-como-la-aerolinea-mas-puntual-de-europa-y-la-segunda-del-mundo\/#organizationLogo"},"image":{"@id":"https:\/\/eldigitaldeasturias.com\/magazine365\/iberia-cierra-2015-como-la-aerolinea-mas-puntual-de-europa-y-la-segunda-del-mundo\/#organizationLogo"}},{"@type":"Person","@id":"https:\/\/eldigitaldeasturias.com\/magazine365\/author\/admin\/#author","url":"https:\/\/eldigitaldeasturias.com\/magazine365\/author\/admin\/","name":"admin","image":{"@type":"ImageObject","@id":"https:\/\/eldigitaldeasturias.com\/magazine365\/iberia-cierra-2015-como-la-aerolinea-mas-puntual-de-europa-y-la-segunda-del-mundo\/#authorImage","url":"https:\/\/eldigitaldeasturias.com\/magazine365\/wp-content\/litespeed\/avatar\/e571bcf59a0edd6fa6838245a470f2fe.jpg?ver=1777574230","width":96,"height":96,"caption":"admin"}},{"@type":"WebPage","@id":"https:\/\/eldigitaldeasturias.com\/magazine365\/iberia-cierra-2015-como-la-aerolinea-mas-puntual-de-europa-y-la-segunda-del-mundo\/#webpage","url":"https:\/\/eldigitaldeasturias.com\/magazine365\/iberia-cierra-2015-como-la-aerolinea-mas-puntual-de-europa-y-la-segunda-del-mundo\/","name":"Iberia cierra 2015 como la aerol\u00ednea m\u00e1s puntual de Europa y la segunda del mundo | El Digital de Asturias","description":"Iberia cierra el a\u00f1o 2015 liderando el ranking de las aerol\u00edneas m\u00e1s puntuales de Europa, con 187.538 operaciones y el 88,97% de sus vuelos 'on-time', y escala a la segunda posici\u00f3n en el ranking mundial con respecto a 2014, por detr\u00e1s de la japonesa JAL, seg\u00fan los datos del informe elaborado por FlightStats. La aerol\u00ednea","inLanguage":"es-ES","isPartOf":{"@id":"https:\/\/eldigitaldeasturias.com\/magazine365\/#website"},"breadcrumb":{"@id":"https:\/\/eldigitaldeasturias.com\/magazine365\/iberia-cierra-2015-como-la-aerolinea-mas-puntual-de-europa-y-la-segunda-del-mundo\/#breadcrumblist"},"author":{"@id":"https:\/\/eldigitaldeasturias.com\/magazine365\/author\/admin\/#author"},"creator":{"@id":"https:\/\/eldigitaldeasturias.com\/magazine365\/author\/admin\/#author"},"image":{"@type":"ImageObject","url":"https:\/\/eldigitaldeasturias.com\/magazine365\/wp-content\/uploads\/2016\/01\/fotonoticia_20160107181616_800.jpg","@id":"https:\/\/eldigitaldeasturias.com\/magazine365\/iberia-cierra-2015-como-la-aerolinea-mas-puntual-de-europa-y-la-segunda-del-mundo\/#mainImage","width":800,"height":467},"primaryImageOfPage":{"@id":"https:\/\/eldigitaldeasturias.com\/magazine365\/iberia-cierra-2015-como-la-aerolinea-mas-puntual-de-europa-y-la-segunda-del-mundo\/#mainImage"},"datePublished":"2016-01-10T22:33:58+01:00","dateModified":"2016-01-10T22:33:58+01:00"},{"@type":"WebSite","@id":"https:\/\/eldigitaldeasturias.com\/magazine365\/#website","url":"https:\/\/eldigitaldeasturias.com\/magazine365\/","name":"El Digital de Asturias","description":"Revista de ocio, turismo y estilo de vida","inLanguage":"es-ES","publisher":{"@id":"https:\/\/eldigitaldeasturias.com\/magazine365\/#organization"}}]},"og:locale":"es_ES","og:site_name":"El Digital de Asturias \u2013 Revista de ocio, turismo y estilo de vida","og:type":"article","og:title":"Iberia cierra 2015 como la aerol\u00ednea m\u00e1s puntual de Europa y la segunda del mundo | El Digital de Asturias","og:description":"Iberia cierra el a\u00f1o 2015 liderando el ranking de las aerol\u00edneas m\u00e1s puntuales de Europa, con 187.538 operaciones y el 88,97% de sus vuelos 'on-time', y escala a la segunda posici\u00f3n en el ranking mundial con respecto a 2014, por detr\u00e1s de la japonesa JAL, seg\u00fan los datos del informe elaborado por FlightStats. La aerol\u00ednea","og:url":"https:\/\/eldigitaldeasturias.com\/magazine365\/iberia-cierra-2015-como-la-aerolinea-mas-puntual-de-europa-y-la-segunda-del-mundo\/","og:image":"https:\/\/eldigitaldeasturias.com\/magazine365\/wp-content\/uploads\/2016\/01\/fotonoticia_20160107181616_800.jpg","og:image:secure_url":"https:\/\/eldigitaldeasturias.com\/magazine365\/wp-content\/uploads\/2016\/01\/fotonoticia_20160107181616_800.jpg","og:image:width":800,"og:image:height":467,"article:published_time":"2016-01-10T21:33:58+00:00","article:modified_time":"2016-01-10T21:33:58+00:00","twitter:card":"summary_large_image","twitter:title":"Iberia cierra 2015 como la aerol\u00ednea m\u00e1s puntual de Europa y la segunda del mundo | El Digital de Asturias","twitter:description":"Iberia cierra el a\u00f1o 2015 liderando el ranking de las aerol\u00edneas m\u00e1s puntuales de Europa, con 187.538 operaciones y el 88,97% de sus vuelos 'on-time', y escala a la segunda posici\u00f3n en el ranking mundial con respecto a 2014, por detr\u00e1s de la japonesa JAL, seg\u00fan los datos del informe elaborado por FlightStats. La aerol\u00ednea","twitter:image":"https:\/\/eldigitaldeasturias.com\/magazine365\/wp-content\/uploads\/2016\/01\/fotonoticia_20160107181616_800.jpg"},"aioseo_meta_data":{"post_id":"59991","title":null,"description":null,"keywords":null,"keyphrases":null,"primary_term":null,"canonical_url":null,"og_title":null,"og_description":null,"og_object_type":"default","og_image_type":"default","og_image_url":null,"og_image_width":null,"og_image_height":null,"og_image_custom_url":null,"og_image_custom_fields":null,"og_video":null,"og_custom_url":null,"og_article_section":null,"og_article_tags":null,"twitter_use_og":false,"twitter_card":"default","twitter_image_type":"default","twitter_image_url":null,"twitter_image_custom_url":null,"twitter_image_custom_fields":null,"twitter_title":null,"twitter_description":null,"schema":{"blockGraphs":[],"customGraphs":[],"default":{"data":{"Article":[],"Course":[],"Dataset":[],"FAQPage":[],"Movie":[],"Person":[],"Product":[],"ProductReview":[],"Car":[],"Recipe":[],"Service":[],"SoftwareApplication":[],"WebPage":[]},"graphName":"","isEnabled":true},"graphs":[],"defaultGraph":"","defaultPostTypeGraph":""},"schema_type":null,"schema_type_options":null,"pillar_content":false,"robots_default":true,"robots_noindex":false,"robots_noarchive":false,"robots_nosnippet":false,"robots_nofollow":false,"robots_noimageindex":false,"robots_noodp":false,"robots_notranslate":false,"robots_max_snippet":null,"robots_max_videopreview":null,"robots_max_imagepreview":"large","priority":null,"frequency":null,"location":null,"local_seo":null,"seo_analyzer_scan_date":"2025-09-25 06:02:09","breadcrumb_settings":null,"limit_modified_date":false,"open_ai":null,"ai":null,"created":"2021-03-08 22:07:08","updated":"2025-09-25 06:02:09"},"aioseo_breadcrumb":"<div class=\"aioseo-breadcrumbs\"><span class=\"aioseo-breadcrumb\">\n\t<a href=\"https:\/\/eldigitaldeasturias.com\/magazine365\" title=\"Home\">Home<\/a>\n<\/span><span class=\"aioseo-breadcrumb-separator\">\u2013<\/span><span class=\"aioseo-breadcrumb\">\n\t<a href=\"https:\/\/eldigitaldeasturias.com\/magazine365\/category\/noticias-actualidad\/\" title=\"Noticias y Actualidad\">Noticias y Actualidad<\/a>\n<\/span><span class=\"aioseo-breadcrumb-separator\">\u2013<\/span><span class=\"aioseo-breadcrumb\">\n\t<a href=\"https:\/\/eldigitaldeasturias.com\/magazine365\/iberia-cierra-2015-como-la-aerolinea-mas-puntual-de-europa-y-la-segunda-del-mundo\/\" title=\"Iberia cierra 2015 como la aerol\u00ednea m\u00e1s puntual de Europa y la segunda del mundo\">Iberia cierra 2015 como la aerol\u00ednea m\u00e1s puntual de Europa y la segunda del mundo<\/a>\n<\/span><\/div>","aioseo_breadcrumb_json":[{"label":"Home","link":"https:\/\/eldigitaldeasturias.com\/magazine365"},{"label":"Noticias y Actualidad","link":"https:\/\/eldigitaldeasturias.com\/magazine365\/category\/noticias-actualidad\/"},{"label":"Iberia cierra 2015 como la aerol\u00ednea m\u00e1s puntual de Europa y la segunda del mundo","link":"https:\/\/eldigitaldeasturias.com\/magazine365\/iberia-cierra-2015-como-la-aerolinea-mas-puntual-de-europa-y-la-segunda-del-mundo\/"}],"_links":{"self":[{"href":"https:\/\/eldigitaldeasturias.com\/magazine365\/wp-json\/wp\/v2\/posts\/59991","targetHints":{"allow":["GET"]}}],"collection":[{"href":"https:\/\/eldigitaldeasturias.com\/magazine365\/wp-json\/wp\/v2\/posts"}],"about":[{"href":"https:\/\/eldigitaldeasturias.com\/magazine365\/wp-json\/wp\/v2\/types\/post"}],"author":[{"embeddable":true,"href":"https:\/\/eldigitaldeasturias.com\/magazine365\/wp-json\/wp\/v2\/users\/1"}],"replies":[{"embeddable":true,"href":"https:\/\/eldigitaldeasturias.com\/magazine365\/wp-json\/wp\/v2\/comments?post=59991"}],"version-history":[{"count":0,"href":"https:\/\/eldigitaldeasturias.com\/magazine365\/wp-json\/wp\/v2\/posts\/59991\/revisions"}],"wp:featuredmedia":[{"embeddable":true,"href":"https:\/\/eldigitaldeasturias.com\/magazine365\/wp-json\/wp\/v2\/media\/59992"}],"wp:attachment":[{"href":"https:\/\/eldigitaldeasturias.com\/magazine365\/wp-json\/wp\/v2\/media?parent=59991"}],"wp:term":[{"taxonomy":"category","embeddable":true,"href":"https:\/\/eldigitaldeasturias.com\/magazine365\/wp-json\/wp\/v2\/categories?post=59991"},{"taxonomy":"post_tag","embeddable":true,"href":"https:\/\/eldigitaldeasturias.com\/magazine365\/wp-json\/wp\/v2\/tags?post=59991"}],"curies":[{"name":"wp","href":"https:\/\/api.w.org\/{rel}","templated":true}]}}