{"id":59973,"date":"2016-01-10T22:25:53","date_gmt":"2016-01-10T21:25:53","guid":{"rendered":"http:\/\/eldigitaldeasturias.com\/magazine365\/?p=59973"},"modified":"2016-01-10T22:25:53","modified_gmt":"2016-01-10T21:25:53","slug":"marbella-estrenara-eslogan-e-imagen-turistica-en-fitur","status":"publish","type":"post","link":"https:\/\/eldigitaldeasturias.com\/magazine365\/marbella-estrenara-eslogan-e-imagen-turistica-en-fitur\/","title":{"rendered":"Marbella estrenar\u00e1 eslogan e imagen tur\u00edstica en Fitur"},"content":{"rendered":"<p><img fetchpriority=\"high\" decoding=\"async\" class=\"alignleft size-medium wp-image-59974\" src=\"https:\/\/eldigitaldeasturias.com\/magazine365\/wp-content\/uploads\/2016\/01\/fotonoticia_20160107152427_800-360x240.jpg\" alt=\"fotonoticia_20160107152427_800\" width=\"360\" height=\"240\" srcset=\"https:\/\/eldigitaldeasturias.com\/magazine365\/wp-content\/uploads\/2016\/01\/fotonoticia_20160107152427_800-360x240.jpg 360w, https:\/\/eldigitaldeasturias.com\/magazine365\/wp-content\/uploads\/2016\/01\/fotonoticia_20160107152427_800-650x433.jpg 650w, https:\/\/eldigitaldeasturias.com\/magazine365\/wp-content\/uploads\/2016\/01\/fotonoticia_20160107152427_800-768x512.jpg 768w, https:\/\/eldigitaldeasturias.com\/magazine365\/wp-content\/uploads\/2016\/01\/fotonoticia_20160107152427_800-150x100.jpg 150w, https:\/\/eldigitaldeasturias.com\/magazine365\/wp-content\/uploads\/2016\/01\/fotonoticia_20160107152427_800-450x300.jpg 450w, https:\/\/eldigitaldeasturias.com\/magazine365\/wp-content\/uploads\/2016\/01\/fotonoticia_20160107152427_800-696x464.jpg 696w, https:\/\/eldigitaldeasturias.com\/magazine365\/wp-content\/uploads\/2016\/01\/fotonoticia_20160107152427_800-630x420.jpg 630w, https:\/\/eldigitaldeasturias.com\/magazine365\/wp-content\/uploads\/2016\/01\/fotonoticia_20160107152427_800-101x66.jpg 101w, https:\/\/eldigitaldeasturias.com\/magazine365\/wp-content\/uploads\/2016\/01\/fotonoticia_20160107152427_800.jpg 800w\" sizes=\"(max-width: 360px) 100vw, 360px\" \/>El municipio malague\u00f1o de Marbella estrenar\u00e1 eslogan e imagen en la Feria Internacional de Turismo (Fitur), que se celebra en Madrid entre el 20 y el 24 de enero, seg\u00fan ha informado este jueves el regidor, Jos\u00e9 Bernal.<\/p>\n<p>Ambos elementos, dise\u00f1ados por una profesional local, se presentar\u00e1n al p\u00fablico durante una cena que la delegaci\u00f3n municipal en Madrid organizar\u00e1 el martes 19, un d\u00eda antes de la inauguraci\u00f3n de Fitur, en el Museo del Traje de la capital de Espa\u00f1a.<\/p>\n<p>As\u00ed lo ha explicado Bernal, que ha comparecido en rueda de prensa junto al delegado de Hacienda, Manuel Osorio, y el responsable de Turismo, Miguel Luna. \u00abEl eslogan hace tiempo que est\u00e1 hecho, es muy bonito, de lujo y acorde a la ciudad. No tiene nada que ver con los que se utilizaron durante la etapa de la Vuelta Ciclista a Espa\u00f1a ni con la capitalidad de la Costa del Sol. No lo podr\u00eda tener otra ciudad que no fuera esta\u00bb, ha avanzado Luna.<\/p>\n<p>En relaci\u00f3n con la imagen, Luna ha detallado que remitir\u00e1 a la Marbella \u00abde las grandes fiestas, el glamour y el turismo residencial\u00bb. \u00abRecuperaremos la d\u00e9cada de los ochenta, pero dentro del siglo XXI\u00bb, ha a\u00f1adido. A la velada acudir\u00e1n 150 invitados, entre los que destacar\u00e1n personalidades del \u00e1mbito de la cultura, la pol\u00edtica, la sociedad o los medios de comunicaci\u00f3n nacionales y for\u00e1neos.<\/p>\n<p>AGENDA<\/p>\n<p>Por otro lado, Luna ha explicado que los miembros de la delegaci\u00f3n municipal se reunir\u00e1n en Fitur con responsables de las Oficinas Espa\u00f1olas de Turismo en Roma, Londres y Par\u00eds, touroperadores, compa\u00f1\u00edas \u00e1reas y cadenas hoteleras, entre otros.<\/p>\n<p>Tambi\u00e9n presentar\u00e1n los eventos tur\u00edsticos que albergar\u00e1 el municipio durante 2016, entre los que destacan el festival de m\u00fasica Starlite, la semana del lujo Luxury Weekend y conciertos de jazz y blues y la Feria de Muestras.<\/p>\n<p>\u00abEl objetivo es trabajar para atraer inversiones al municipio\u00bb, ha resumido, al tiempo que ha recordado que Marbella contar\u00e1 con un expositor propio de 108 metros cuadrados de superficie, que financian patrocinadores privados, y con un presupuesto \u00abadecuado\u00bb ya que el municipio \u00abes simplemente turismo y no tiene otra cosa que no sea turismo\u00bb.<\/p>\n","protected":false},"excerpt":{"rendered":"<p>El municipio malague\u00f1o de Marbella estrenar\u00e1 eslogan e imagen en la Feria Internacional de Turismo (Fitur), que se celebra en Madrid entre el 20 y el 24 de enero, seg\u00fan ha informado este jueves el regidor, Jos\u00e9 Bernal. Ambos elementos, dise\u00f1ados por una profesional local, se presentar\u00e1n al p\u00fablico durante una cena que la delegaci\u00f3n<\/p>\n","protected":false},"author":1,"featured_media":59974,"comment_status":"open","ping_status":"closed","sticky":false,"template":"","format":"standard","meta":{"footnotes":""},"categories":[224],"tags":[],"class_list":{"0":"post-59973","1":"post","2":"type-post","3":"status-publish","4":"format-standard","5":"has-post-thumbnail","7":"category-noticias-actualidad"},"aioseo_notices":[],"aioseo_head":"\n\t\t<!-- All in One SEO Pro 4.9.6.1 - aioseo.com -->\n\t<meta name=\"description\" content=\"El municipio malague\u00f1o de Marbella estrenar\u00e1 eslogan e imagen en la Feria Internacional de Turismo (Fitur), que se celebra en Madrid entre el 20 y el 24 de enero, seg\u00fan ha informado este jueves el regidor, Jos\u00e9 Bernal. Ambos elementos, dise\u00f1ados por una profesional local, se presentar\u00e1n al p\u00fablico durante una cena que la delegaci\u00f3n\" \/>\n\t<meta name=\"robots\" content=\"max-image-preview:large\" \/>\n\t<meta name=\"author\" content=\"admin\"\/>\n\t<meta name=\"google-site-verification\" content=\"UA-38556648-1\" \/>\n\t<meta name=\"keywords\" content=\"noticias y actualidad\" \/>\n\t<link rel=\"canonical\" href=\"https:\/\/eldigitaldeasturias.com\/magazine365\/marbella-estrenara-eslogan-e-imagen-turistica-en-fitur\/\" \/>\n\t<meta name=\"generator\" content=\"All in One SEO Pro (AIOSEO) 4.9.6.1\" \/>\n\t\t<meta property=\"og:locale\" content=\"es_ES\" \/>\n\t\t<meta property=\"og:site_name\" content=\"El Digital de Asturias \u2013 Revista de ocio, turismo y estilo de vida\" \/>\n\t\t<meta property=\"og:type\" content=\"article\" \/>\n\t\t<meta property=\"og:title\" content=\"Marbella estrenar\u00e1 eslogan e imagen tur\u00edstica en Fitur | El Digital de Asturias\" \/>\n\t\t<meta property=\"og:description\" content=\"El municipio malague\u00f1o de Marbella estrenar\u00e1 eslogan e imagen en la Feria Internacional de Turismo (Fitur), que se celebra en Madrid entre el 20 y el 24 de enero, seg\u00fan ha informado este jueves el regidor, Jos\u00e9 Bernal. Ambos elementos, dise\u00f1ados por una profesional local, se presentar\u00e1n al p\u00fablico durante una cena que la delegaci\u00f3n\" \/>\n\t\t<meta property=\"og:url\" content=\"https:\/\/eldigitaldeasturias.com\/magazine365\/marbella-estrenara-eslogan-e-imagen-turistica-en-fitur\/\" \/>\n\t\t<meta property=\"og:image\" content=\"https:\/\/eldigitaldeasturias.com\/magazine365\/wp-content\/uploads\/2016\/01\/fotonoticia_20160107152427_800.jpg\" \/>\n\t\t<meta property=\"og:image:secure_url\" content=\"https:\/\/eldigitaldeasturias.com\/magazine365\/wp-content\/uploads\/2016\/01\/fotonoticia_20160107152427_800.jpg\" \/>\n\t\t<meta property=\"og:image:width\" content=\"800\" \/>\n\t\t<meta property=\"og:image:height\" content=\"533\" \/>\n\t\t<meta property=\"article:published_time\" content=\"2016-01-10T21:25:53+00:00\" \/>\n\t\t<meta property=\"article:modified_time\" content=\"2016-01-10T21:25:53+00:00\" \/>\n\t\t<meta name=\"twitter:card\" content=\"summary_large_image\" \/>\n\t\t<meta name=\"twitter:title\" content=\"Marbella estrenar\u00e1 eslogan e imagen tur\u00edstica en Fitur | El Digital de Asturias\" \/>\n\t\t<meta name=\"twitter:description\" content=\"El municipio malague\u00f1o de Marbella estrenar\u00e1 eslogan e imagen en la Feria Internacional de Turismo (Fitur), que se celebra en Madrid entre el 20 y el 24 de enero, seg\u00fan ha informado este jueves el regidor, Jos\u00e9 Bernal. Ambos elementos, dise\u00f1ados por una profesional local, se presentar\u00e1n al p\u00fablico durante una cena que la delegaci\u00f3n\" \/>\n\t\t<meta name=\"twitter:image\" content=\"https:\/\/eldigitaldeasturias.com\/magazine365\/wp-content\/uploads\/2016\/01\/fotonoticia_20160107152427_800.jpg\" \/>\n\t\t<script type=\"application\/ld+json\" class=\"aioseo-schema\">\n\t\t\t{\"@context\":\"https:\\\/\\\/schema.org\",\"@graph\":[{\"@type\":\"Article\",\"@id\":\"https:\\\/\\\/eldigitaldeasturias.com\\\/magazine365\\\/marbella-estrenara-eslogan-e-imagen-turistica-en-fitur\\\/#article\",\"name\":\"Marbella estrenar\\u00e1 eslogan e imagen tur\\u00edstica en Fitur | El Digital de Asturias\",\"headline\":\"Marbella estrenar\\u00e1 eslogan e imagen tur\\u00edstica en Fitur\",\"author\":{\"@id\":\"https:\\\/\\\/eldigitaldeasturias.com\\\/magazine365\\\/author\\\/admin\\\/#author\"},\"publisher\":{\"@id\":\"https:\\\/\\\/eldigitaldeasturias.com\\\/magazine365\\\/#organization\"},\"image\":{\"@type\":\"ImageObject\",\"url\":\"https:\\\/\\\/eldigitaldeasturias.com\\\/magazine365\\\/wp-content\\\/uploads\\\/2016\\\/01\\\/fotonoticia_20160107152427_800.jpg\",\"width\":800,\"height\":533},\"datePublished\":\"2016-01-10T22:25:53+01:00\",\"dateModified\":\"2016-01-10T22:25:53+01:00\",\"inLanguage\":\"es-ES\",\"mainEntityOfPage\":{\"@id\":\"https:\\\/\\\/eldigitaldeasturias.com\\\/magazine365\\\/marbella-estrenara-eslogan-e-imagen-turistica-en-fitur\\\/#webpage\"},\"isPartOf\":{\"@id\":\"https:\\\/\\\/eldigitaldeasturias.com\\\/magazine365\\\/marbella-estrenara-eslogan-e-imagen-turistica-en-fitur\\\/#webpage\"},\"articleSection\":\"Noticias y Actualidad\"},{\"@type\":\"BreadcrumbList\",\"@id\":\"https:\\\/\\\/eldigitaldeasturias.com\\\/magazine365\\\/marbella-estrenara-eslogan-e-imagen-turistica-en-fitur\\\/#breadcrumblist\",\"itemListElement\":[{\"@type\":\"ListItem\",\"@id\":\"https:\\\/\\\/eldigitaldeasturias.com\\\/magazine365#listItem\",\"position\":1,\"name\":\"Home\",\"item\":\"https:\\\/\\\/eldigitaldeasturias.com\\\/magazine365\",\"nextItem\":{\"@type\":\"ListItem\",\"@id\":\"https:\\\/\\\/eldigitaldeasturias.com\\\/magazine365\\\/category\\\/noticias-actualidad\\\/#listItem\",\"name\":\"Noticias y Actualidad\"}},{\"@type\":\"ListItem\",\"@id\":\"https:\\\/\\\/eldigitaldeasturias.com\\\/magazine365\\\/category\\\/noticias-actualidad\\\/#listItem\",\"position\":2,\"name\":\"Noticias y Actualidad\",\"item\":\"https:\\\/\\\/eldigitaldeasturias.com\\\/magazine365\\\/category\\\/noticias-actualidad\\\/\",\"nextItem\":{\"@type\":\"ListItem\",\"@id\":\"https:\\\/\\\/eldigitaldeasturias.com\\\/magazine365\\\/marbella-estrenara-eslogan-e-imagen-turistica-en-fitur\\\/#listItem\",\"name\":\"Marbella estrenar\\u00e1 eslogan e imagen tur\\u00edstica en Fitur\"},\"previousItem\":{\"@type\":\"ListItem\",\"@id\":\"https:\\\/\\\/eldigitaldeasturias.com\\\/magazine365#listItem\",\"name\":\"Home\"}},{\"@type\":\"ListItem\",\"@id\":\"https:\\\/\\\/eldigitaldeasturias.com\\\/magazine365\\\/marbella-estrenara-eslogan-e-imagen-turistica-en-fitur\\\/#listItem\",\"position\":3,\"name\":\"Marbella estrenar\\u00e1 eslogan e imagen tur\\u00edstica en Fitur\",\"previousItem\":{\"@type\":\"ListItem\",\"@id\":\"https:\\\/\\\/eldigitaldeasturias.com\\\/magazine365\\\/category\\\/noticias-actualidad\\\/#listItem\",\"name\":\"Noticias y Actualidad\"}}]},{\"@type\":\"Organization\",\"@id\":\"https:\\\/\\\/eldigitaldeasturias.com\\\/magazine365\\\/#organization\",\"name\":\"El digital de Asturias\",\"description\":\"Revista de ocio, turismo y estilo de vida\",\"url\":\"https:\\\/\\\/eldigitaldeasturias.com\\\/magazine365\\\/\",\"logo\":{\"@type\":\"ImageObject\",\"url\":\"https:\\\/\\\/www.eldigitaldeasturias.com\\\/noticias\\\/wp-content\\\/uploads\\\/2020\\\/12\\\/EDA.jpg\",\"@id\":\"https:\\\/\\\/eldigitaldeasturias.com\\\/magazine365\\\/marbella-estrenara-eslogan-e-imagen-turistica-en-fitur\\\/#organizationLogo\"},\"image\":{\"@id\":\"https:\\\/\\\/eldigitaldeasturias.com\\\/magazine365\\\/marbella-estrenara-eslogan-e-imagen-turistica-en-fitur\\\/#organizationLogo\"}},{\"@type\":\"Person\",\"@id\":\"https:\\\/\\\/eldigitaldeasturias.com\\\/magazine365\\\/author\\\/admin\\\/#author\",\"url\":\"https:\\\/\\\/eldigitaldeasturias.com\\\/magazine365\\\/author\\\/admin\\\/\",\"name\":\"admin\",\"image\":{\"@type\":\"ImageObject\",\"@id\":\"https:\\\/\\\/eldigitaldeasturias.com\\\/magazine365\\\/marbella-estrenara-eslogan-e-imagen-turistica-en-fitur\\\/#authorImage\",\"url\":\"https:\\\/\\\/eldigitaldeasturias.com\\\/magazine365\\\/wp-content\\\/litespeed\\\/avatar\\\/e571bcf59a0edd6fa6838245a470f2fe.jpg?ver=1777574230\",\"width\":96,\"height\":96,\"caption\":\"admin\"}},{\"@type\":\"WebPage\",\"@id\":\"https:\\\/\\\/eldigitaldeasturias.com\\\/magazine365\\\/marbella-estrenara-eslogan-e-imagen-turistica-en-fitur\\\/#webpage\",\"url\":\"https:\\\/\\\/eldigitaldeasturias.com\\\/magazine365\\\/marbella-estrenara-eslogan-e-imagen-turistica-en-fitur\\\/\",\"name\":\"Marbella estrenar\\u00e1 eslogan e imagen tur\\u00edstica en Fitur | El Digital de Asturias\",\"description\":\"El municipio malague\\u00f1o de Marbella estrenar\\u00e1 eslogan e imagen en la Feria Internacional de Turismo (Fitur), que se celebra en Madrid entre el 20 y el 24 de enero, seg\\u00fan ha informado este jueves el regidor, Jos\\u00e9 Bernal. Ambos elementos, dise\\u00f1ados por una profesional local, se presentar\\u00e1n al p\\u00fablico durante una cena que la delegaci\\u00f3n\",\"inLanguage\":\"es-ES\",\"isPartOf\":{\"@id\":\"https:\\\/\\\/eldigitaldeasturias.com\\\/magazine365\\\/#website\"},\"breadcrumb\":{\"@id\":\"https:\\\/\\\/eldigitaldeasturias.com\\\/magazine365\\\/marbella-estrenara-eslogan-e-imagen-turistica-en-fitur\\\/#breadcrumblist\"},\"author\":{\"@id\":\"https:\\\/\\\/eldigitaldeasturias.com\\\/magazine365\\\/author\\\/admin\\\/#author\"},\"creator\":{\"@id\":\"https:\\\/\\\/eldigitaldeasturias.com\\\/magazine365\\\/author\\\/admin\\\/#author\"},\"image\":{\"@type\":\"ImageObject\",\"url\":\"https:\\\/\\\/eldigitaldeasturias.com\\\/magazine365\\\/wp-content\\\/uploads\\\/2016\\\/01\\\/fotonoticia_20160107152427_800.jpg\",\"@id\":\"https:\\\/\\\/eldigitaldeasturias.com\\\/magazine365\\\/marbella-estrenara-eslogan-e-imagen-turistica-en-fitur\\\/#mainImage\",\"width\":800,\"height\":533},\"primaryImageOfPage\":{\"@id\":\"https:\\\/\\\/eldigitaldeasturias.com\\\/magazine365\\\/marbella-estrenara-eslogan-e-imagen-turistica-en-fitur\\\/#mainImage\"},\"datePublished\":\"2016-01-10T22:25:53+01:00\",\"dateModified\":\"2016-01-10T22:25:53+01:00\"},{\"@type\":\"WebSite\",\"@id\":\"https:\\\/\\\/eldigitaldeasturias.com\\\/magazine365\\\/#website\",\"url\":\"https:\\\/\\\/eldigitaldeasturias.com\\\/magazine365\\\/\",\"name\":\"El Digital de Asturias\",\"description\":\"Revista de ocio, turismo y estilo de vida\",\"inLanguage\":\"es-ES\",\"publisher\":{\"@id\":\"https:\\\/\\\/eldigitaldeasturias.com\\\/magazine365\\\/#organization\"}}]}\n\t\t<\/script>\n\t\t<!-- All in One SEO Pro -->\r\n\t\t<title>Marbella estrenar\u00e1 eslogan e imagen tur\u00edstica en Fitur | El Digital de Asturias<\/title>\n\n","aioseo_head_json":{"title":"Marbella estrenar\u00e1 eslogan e imagen tur\u00edstica en Fitur | El Digital de Asturias","description":"El municipio malague\u00f1o de Marbella estrenar\u00e1 eslogan e imagen en la Feria Internacional de Turismo (Fitur), que se celebra en Madrid entre el 20 y el 24 de enero, seg\u00fan ha informado este jueves el regidor, Jos\u00e9 Bernal. Ambos elementos, dise\u00f1ados por una profesional local, se presentar\u00e1n al p\u00fablico durante una cena que la delegaci\u00f3n","canonical_url":"https:\/\/eldigitaldeasturias.com\/magazine365\/marbella-estrenara-eslogan-e-imagen-turistica-en-fitur\/","robots":"max-image-preview:large","keywords":"noticias y actualidad","webmasterTools":{"google-site-verification":"UA-38556648-1","miscellaneous":""},"schema":{"@context":"https:\/\/schema.org","@graph":[{"@type":"Article","@id":"https:\/\/eldigitaldeasturias.com\/magazine365\/marbella-estrenara-eslogan-e-imagen-turistica-en-fitur\/#article","name":"Marbella estrenar\u00e1 eslogan e imagen tur\u00edstica en Fitur | El Digital de Asturias","headline":"Marbella estrenar\u00e1 eslogan e imagen tur\u00edstica en Fitur","author":{"@id":"https:\/\/eldigitaldeasturias.com\/magazine365\/author\/admin\/#author"},"publisher":{"@id":"https:\/\/eldigitaldeasturias.com\/magazine365\/#organization"},"image":{"@type":"ImageObject","url":"https:\/\/eldigitaldeasturias.com\/magazine365\/wp-content\/uploads\/2016\/01\/fotonoticia_20160107152427_800.jpg","width":800,"height":533},"datePublished":"2016-01-10T22:25:53+01:00","dateModified":"2016-01-10T22:25:53+01:00","inLanguage":"es-ES","mainEntityOfPage":{"@id":"https:\/\/eldigitaldeasturias.com\/magazine365\/marbella-estrenara-eslogan-e-imagen-turistica-en-fitur\/#webpage"},"isPartOf":{"@id":"https:\/\/eldigitaldeasturias.com\/magazine365\/marbella-estrenara-eslogan-e-imagen-turistica-en-fitur\/#webpage"},"articleSection":"Noticias y Actualidad"},{"@type":"BreadcrumbList","@id":"https:\/\/eldigitaldeasturias.com\/magazine365\/marbella-estrenara-eslogan-e-imagen-turistica-en-fitur\/#breadcrumblist","itemListElement":[{"@type":"ListItem","@id":"https:\/\/eldigitaldeasturias.com\/magazine365#listItem","position":1,"name":"Home","item":"https:\/\/eldigitaldeasturias.com\/magazine365","nextItem":{"@type":"ListItem","@id":"https:\/\/eldigitaldeasturias.com\/magazine365\/category\/noticias-actualidad\/#listItem","name":"Noticias y Actualidad"}},{"@type":"ListItem","@id":"https:\/\/eldigitaldeasturias.com\/magazine365\/category\/noticias-actualidad\/#listItem","position":2,"name":"Noticias y Actualidad","item":"https:\/\/eldigitaldeasturias.com\/magazine365\/category\/noticias-actualidad\/","nextItem":{"@type":"ListItem","@id":"https:\/\/eldigitaldeasturias.com\/magazine365\/marbella-estrenara-eslogan-e-imagen-turistica-en-fitur\/#listItem","name":"Marbella estrenar\u00e1 eslogan e imagen tur\u00edstica en Fitur"},"previousItem":{"@type":"ListItem","@id":"https:\/\/eldigitaldeasturias.com\/magazine365#listItem","name":"Home"}},{"@type":"ListItem","@id":"https:\/\/eldigitaldeasturias.com\/magazine365\/marbella-estrenara-eslogan-e-imagen-turistica-en-fitur\/#listItem","position":3,"name":"Marbella estrenar\u00e1 eslogan e imagen tur\u00edstica en Fitur","previousItem":{"@type":"ListItem","@id":"https:\/\/eldigitaldeasturias.com\/magazine365\/category\/noticias-actualidad\/#listItem","name":"Noticias y Actualidad"}}]},{"@type":"Organization","@id":"https:\/\/eldigitaldeasturias.com\/magazine365\/#organization","name":"El digital de Asturias","description":"Revista de ocio, turismo y estilo de vida","url":"https:\/\/eldigitaldeasturias.com\/magazine365\/","logo":{"@type":"ImageObject","url":"https:\/\/www.eldigitaldeasturias.com\/noticias\/wp-content\/uploads\/2020\/12\/EDA.jpg","@id":"https:\/\/eldigitaldeasturias.com\/magazine365\/marbella-estrenara-eslogan-e-imagen-turistica-en-fitur\/#organizationLogo"},"image":{"@id":"https:\/\/eldigitaldeasturias.com\/magazine365\/marbella-estrenara-eslogan-e-imagen-turistica-en-fitur\/#organizationLogo"}},{"@type":"Person","@id":"https:\/\/eldigitaldeasturias.com\/magazine365\/author\/admin\/#author","url":"https:\/\/eldigitaldeasturias.com\/magazine365\/author\/admin\/","name":"admin","image":{"@type":"ImageObject","@id":"https:\/\/eldigitaldeasturias.com\/magazine365\/marbella-estrenara-eslogan-e-imagen-turistica-en-fitur\/#authorImage","url":"https:\/\/eldigitaldeasturias.com\/magazine365\/wp-content\/litespeed\/avatar\/e571bcf59a0edd6fa6838245a470f2fe.jpg?ver=1777574230","width":96,"height":96,"caption":"admin"}},{"@type":"WebPage","@id":"https:\/\/eldigitaldeasturias.com\/magazine365\/marbella-estrenara-eslogan-e-imagen-turistica-en-fitur\/#webpage","url":"https:\/\/eldigitaldeasturias.com\/magazine365\/marbella-estrenara-eslogan-e-imagen-turistica-en-fitur\/","name":"Marbella estrenar\u00e1 eslogan e imagen tur\u00edstica en Fitur | El Digital de Asturias","description":"El municipio malague\u00f1o de Marbella estrenar\u00e1 eslogan e imagen en la Feria Internacional de Turismo (Fitur), que se celebra en Madrid entre el 20 y el 24 de enero, seg\u00fan ha informado este jueves el regidor, Jos\u00e9 Bernal. Ambos elementos, dise\u00f1ados por una profesional local, se presentar\u00e1n al p\u00fablico durante una cena que la delegaci\u00f3n","inLanguage":"es-ES","isPartOf":{"@id":"https:\/\/eldigitaldeasturias.com\/magazine365\/#website"},"breadcrumb":{"@id":"https:\/\/eldigitaldeasturias.com\/magazine365\/marbella-estrenara-eslogan-e-imagen-turistica-en-fitur\/#breadcrumblist"},"author":{"@id":"https:\/\/eldigitaldeasturias.com\/magazine365\/author\/admin\/#author"},"creator":{"@id":"https:\/\/eldigitaldeasturias.com\/magazine365\/author\/admin\/#author"},"image":{"@type":"ImageObject","url":"https:\/\/eldigitaldeasturias.com\/magazine365\/wp-content\/uploads\/2016\/01\/fotonoticia_20160107152427_800.jpg","@id":"https:\/\/eldigitaldeasturias.com\/magazine365\/marbella-estrenara-eslogan-e-imagen-turistica-en-fitur\/#mainImage","width":800,"height":533},"primaryImageOfPage":{"@id":"https:\/\/eldigitaldeasturias.com\/magazine365\/marbella-estrenara-eslogan-e-imagen-turistica-en-fitur\/#mainImage"},"datePublished":"2016-01-10T22:25:53+01:00","dateModified":"2016-01-10T22:25:53+01:00"},{"@type":"WebSite","@id":"https:\/\/eldigitaldeasturias.com\/magazine365\/#website","url":"https:\/\/eldigitaldeasturias.com\/magazine365\/","name":"El Digital de Asturias","description":"Revista de ocio, turismo y estilo de vida","inLanguage":"es-ES","publisher":{"@id":"https:\/\/eldigitaldeasturias.com\/magazine365\/#organization"}}]},"og:locale":"es_ES","og:site_name":"El Digital de Asturias \u2013 Revista de ocio, turismo y estilo de vida","og:type":"article","og:title":"Marbella estrenar\u00e1 eslogan e imagen tur\u00edstica en Fitur | El Digital de Asturias","og:description":"El municipio malague\u00f1o de Marbella estrenar\u00e1 eslogan e imagen en la Feria Internacional de Turismo (Fitur), que se celebra en Madrid entre el 20 y el 24 de enero, seg\u00fan ha informado este jueves el regidor, Jos\u00e9 Bernal. Ambos elementos, dise\u00f1ados por una profesional local, se presentar\u00e1n al p\u00fablico durante una cena que la delegaci\u00f3n","og:url":"https:\/\/eldigitaldeasturias.com\/magazine365\/marbella-estrenara-eslogan-e-imagen-turistica-en-fitur\/","og:image":"https:\/\/eldigitaldeasturias.com\/magazine365\/wp-content\/uploads\/2016\/01\/fotonoticia_20160107152427_800.jpg","og:image:secure_url":"https:\/\/eldigitaldeasturias.com\/magazine365\/wp-content\/uploads\/2016\/01\/fotonoticia_20160107152427_800.jpg","og:image:width":800,"og:image:height":533,"article:published_time":"2016-01-10T21:25:53+00:00","article:modified_time":"2016-01-10T21:25:53+00:00","twitter:card":"summary_large_image","twitter:title":"Marbella estrenar\u00e1 eslogan e imagen tur\u00edstica en Fitur | El Digital de Asturias","twitter:description":"El municipio malague\u00f1o de Marbella estrenar\u00e1 eslogan e imagen en la Feria Internacional de Turismo (Fitur), que se celebra en Madrid entre el 20 y el 24 de enero, seg\u00fan ha informado este jueves el regidor, Jos\u00e9 Bernal. Ambos elementos, dise\u00f1ados por una profesional local, se presentar\u00e1n al p\u00fablico durante una cena que la delegaci\u00f3n","twitter:image":"https:\/\/eldigitaldeasturias.com\/magazine365\/wp-content\/uploads\/2016\/01\/fotonoticia_20160107152427_800.jpg"},"aioseo_meta_data":{"post_id":"59973","title":null,"description":null,"keywords":null,"keyphrases":null,"primary_term":null,"canonical_url":null,"og_title":null,"og_description":null,"og_object_type":"default","og_image_type":"default","og_image_url":null,"og_image_width":null,"og_image_height":null,"og_image_custom_url":null,"og_image_custom_fields":null,"og_video":null,"og_custom_url":null,"og_article_section":null,"og_article_tags":null,"twitter_use_og":false,"twitter_card":"default","twitter_image_type":"default","twitter_image_url":null,"twitter_image_custom_url":null,"twitter_image_custom_fields":null,"twitter_title":null,"twitter_description":null,"schema":{"blockGraphs":[],"customGraphs":[],"default":{"data":{"Article":[],"Course":[],"Dataset":[],"FAQPage":[],"Movie":[],"Person":[],"Product":[],"ProductReview":[],"Car":[],"Recipe":[],"Service":[],"SoftwareApplication":[],"WebPage":[]},"graphName":"","isEnabled":true},"graphs":[],"defaultGraph":"","defaultPostTypeGraph":""},"schema_type":null,"schema_type_options":null,"pillar_content":false,"robots_default":true,"robots_noindex":false,"robots_noarchive":false,"robots_nosnippet":false,"robots_nofollow":false,"robots_noimageindex":false,"robots_noodp":false,"robots_notranslate":false,"robots_max_snippet":null,"robots_max_videopreview":null,"robots_max_imagepreview":"large","priority":null,"frequency":null,"location":null,"local_seo":null,"seo_analyzer_scan_date":"2025-09-25 06:00:25","breadcrumb_settings":null,"limit_modified_date":false,"open_ai":null,"ai":null,"created":"2021-03-08 22:07:08","updated":"2025-09-25 06:00:25"},"aioseo_breadcrumb":"<div class=\"aioseo-breadcrumbs\"><span class=\"aioseo-breadcrumb\">\n\t<a href=\"https:\/\/eldigitaldeasturias.com\/magazine365\" title=\"Home\">Home<\/a>\n<\/span><span class=\"aioseo-breadcrumb-separator\">\u2013<\/span><span class=\"aioseo-breadcrumb\">\n\t<a href=\"https:\/\/eldigitaldeasturias.com\/magazine365\/category\/noticias-actualidad\/\" title=\"Noticias y Actualidad\">Noticias y Actualidad<\/a>\n<\/span><span class=\"aioseo-breadcrumb-separator\">\u2013<\/span><span class=\"aioseo-breadcrumb\">\n\t<a href=\"https:\/\/eldigitaldeasturias.com\/magazine365\/marbella-estrenara-eslogan-e-imagen-turistica-en-fitur\/\" title=\"Marbella estrenar\u00e1 eslogan e imagen tur\u00edstica en Fitur\">Marbella estrenar\u00e1 eslogan e imagen tur\u00edstica en Fitur<\/a>\n<\/span><\/div>","aioseo_breadcrumb_json":[{"label":"Home","link":"https:\/\/eldigitaldeasturias.com\/magazine365"},{"label":"Noticias y Actualidad","link":"https:\/\/eldigitaldeasturias.com\/magazine365\/category\/noticias-actualidad\/"},{"label":"Marbella estrenar\u00e1 eslogan e imagen tur\u00edstica en Fitur","link":"https:\/\/eldigitaldeasturias.com\/magazine365\/marbella-estrenara-eslogan-e-imagen-turistica-en-fitur\/"}],"_links":{"self":[{"href":"https:\/\/eldigitaldeasturias.com\/magazine365\/wp-json\/wp\/v2\/posts\/59973","targetHints":{"allow":["GET"]}}],"collection":[{"href":"https:\/\/eldigitaldeasturias.com\/magazine365\/wp-json\/wp\/v2\/posts"}],"about":[{"href":"https:\/\/eldigitaldeasturias.com\/magazine365\/wp-json\/wp\/v2\/types\/post"}],"author":[{"embeddable":true,"href":"https:\/\/eldigitaldeasturias.com\/magazine365\/wp-json\/wp\/v2\/users\/1"}],"replies":[{"embeddable":true,"href":"https:\/\/eldigitaldeasturias.com\/magazine365\/wp-json\/wp\/v2\/comments?post=59973"}],"version-history":[{"count":0,"href":"https:\/\/eldigitaldeasturias.com\/magazine365\/wp-json\/wp\/v2\/posts\/59973\/revisions"}],"wp:featuredmedia":[{"embeddable":true,"href":"https:\/\/eldigitaldeasturias.com\/magazine365\/wp-json\/wp\/v2\/media\/59974"}],"wp:attachment":[{"href":"https:\/\/eldigitaldeasturias.com\/magazine365\/wp-json\/wp\/v2\/media?parent=59973"}],"wp:term":[{"taxonomy":"category","embeddable":true,"href":"https:\/\/eldigitaldeasturias.com\/magazine365\/wp-json\/wp\/v2\/categories?post=59973"},{"taxonomy":"post_tag","embeddable":true,"href":"https:\/\/eldigitaldeasturias.com\/magazine365\/wp-json\/wp\/v2\/tags?post=59973"}],"curies":[{"name":"wp","href":"https:\/\/api.w.org\/{rel}","templated":true}]}}