{"id":59970,"date":"2016-01-10T22:18:06","date_gmt":"2016-01-10T21:18:06","guid":{"rendered":"http:\/\/eldigitaldeasturias.com\/magazine365\/?p=59970"},"modified":"2016-01-10T22:18:06","modified_gmt":"2016-01-10T21:18:06","slug":"turisme-abandona-la-politica-de-grandes-eventos-para-recuperar-la-esencia-de-la-comunidad-valenciana","status":"publish","type":"post","link":"https:\/\/eldigitaldeasturias.com\/magazine365\/turisme-abandona-la-politica-de-grandes-eventos-para-recuperar-la-esencia-de-la-comunidad-valenciana\/","title":{"rendered":"Turisme abandona la pol\u00edtica de grandes eventos para \u00abrecuperar la esencia\u00bb de la Comunidad Valenciana"},"content":{"rendered":"<p><img fetchpriority=\"high\" decoding=\"async\" class=\"alignleft size-medium wp-image-59971\" src=\"https:\/\/eldigitaldeasturias.com\/magazine365\/wp-content\/uploads\/2016\/01\/fotonoticia_20160107144817_800-360x270.jpg\" alt=\"fotonoticia_20160107144817_800\" width=\"360\" height=\"270\" srcset=\"https:\/\/eldigitaldeasturias.com\/magazine365\/wp-content\/uploads\/2016\/01\/fotonoticia_20160107144817_800-360x270.jpg 360w, https:\/\/eldigitaldeasturias.com\/magazine365\/wp-content\/uploads\/2016\/01\/fotonoticia_20160107144817_800-650x488.jpg 650w, https:\/\/eldigitaldeasturias.com\/magazine365\/wp-content\/uploads\/2016\/01\/fotonoticia_20160107144817_800-768x576.jpg 768w, https:\/\/eldigitaldeasturias.com\/magazine365\/wp-content\/uploads\/2016\/01\/fotonoticia_20160107144817_800-150x113.jpg 150w, https:\/\/eldigitaldeasturias.com\/magazine365\/wp-content\/uploads\/2016\/01\/fotonoticia_20160107144817_800-450x338.jpg 450w, https:\/\/eldigitaldeasturias.com\/magazine365\/wp-content\/uploads\/2016\/01\/fotonoticia_20160107144817_800-80x60.jpg 80w, https:\/\/eldigitaldeasturias.com\/magazine365\/wp-content\/uploads\/2016\/01\/fotonoticia_20160107144817_800-265x198.jpg 265w, https:\/\/eldigitaldeasturias.com\/magazine365\/wp-content\/uploads\/2016\/01\/fotonoticia_20160107144817_800-696x522.jpg 696w, https:\/\/eldigitaldeasturias.com\/magazine365\/wp-content\/uploads\/2016\/01\/fotonoticia_20160107144817_800-560x420.jpg 560w, https:\/\/eldigitaldeasturias.com\/magazine365\/wp-content\/uploads\/2016\/01\/fotonoticia_20160107144817_800-90x67.jpg 90w, https:\/\/eldigitaldeasturias.com\/magazine365\/wp-content\/uploads\/2016\/01\/fotonoticia_20160107144817_800-164x124.jpg 164w, https:\/\/eldigitaldeasturias.com\/magazine365\/wp-content\/uploads\/2016\/01\/fotonoticia_20160107144817_800-100x75.jpg 100w, https:\/\/eldigitaldeasturias.com\/magazine365\/wp-content\/uploads\/2016\/01\/fotonoticia_20160107144817_800.jpg 800w\" sizes=\"(max-width: 360px) 100vw, 360px\" \/>El secretario auton\u00f3mico de Turisme, Francesc Colomer, ha explicado este jueves que van a abandonar las pol\u00edticas de los grandes eventos que \u00abno no han llevado muy lejos\u00bb para centrase en \u00abrecuperar la esencia\u00bb de la regi\u00f3n. \u00abDe lo nuestro y de los que somos: nuestra cultura, patrimonio, paisaje, hospitalidad, territorio, Medio Ambiente, en nuestra mediterr\u00e1neidad\u00bb, ha afirmado.<\/p>\n<p>Colomer, en una rueda de prensa en Castell\u00f3n y en Valencia, ha se\u00f1alado que \u00ablos grandes eventos como concepto han cubierto su etapa\u00bb y que el nuevo relato tur\u00edstico que van a poner en marcha pondr\u00e1 \u00abel \u00e9nfasis\u00bb en \u00abnuestra singularidad\u00bb para \u00abdiferenciarse de la estandarizaci\u00f3n\u00bb.<\/p>\n<p>Al respecto, ha explicado que la Ag\u00e8ncia Valenciana de Turisme contar\u00e1 en 2016 con un presupuesto de 38 millones, lo que supone un aumento del 20 por ciento respecto al pasado a\u00f1o, con el fin de sentar las bases de un nuevo modelo tur\u00edstico que vertebre todo el territorio y recuperar el \u00abprestigio y la reputaci\u00f3n perdida o extraviada en estos a\u00f1os\u00bb.<\/p>\n<p>As\u00ed, ha asegurado que a partir de ahora se regir\u00e1n por el principio de \u00abgobernanza colaborativa\u00bb de forma que no har\u00e1n \u00abnada sin contar con los agentes tur\u00edsticos\u00bb. En ese sentido, ha destacado que ya se han puesto a trabajar en la nueva Ley de Turismo, Ocio y Hospitalidad que debe ser de \u00abvanguardia, ejemplar y muy dialogada\u00bb.<\/p>\n<p>Colomer, que no ha querido aventurar cu\u00e1ndo se podr\u00e1 aprobar por su \u00abcomplejidad\u00bb, ha explicado que la nueva norma actualizar\u00e1 la anterior que data de 1998 con la inclusi\u00f3n de los efectos de la era digital, las nuevas tecnolog\u00edas, la vigilancia competitiva, la lucha contra el intrusismo y la competencia desleal, y la inclusi\u00f3n de este nuevo modelo tur\u00edstico centrado en el \u00abconcepto de mediterraneidad hospitalaria\u00bb.<\/p>\n<p>Del mismo modo, realizar\u00e1n un estudio \u00abde posicionamiento\u00bb de las marcas actuales, que hasta ahora nunca se ha hecho, para determinar su \u00abeficacia y eficiencia\u00bb desde criterios exclusivamente \u00abt\u00e9cnicos y profesionales\u00bb. \u00abEl problema no son las marcas, no se trata de tirarse cosas a la cabeza, sino poder desestacionalizar la temporada porque otras comunidades pueden ser m\u00e1s rentables\u00bb, ha advertido.<\/p>\n<p>\u00abCASCOS AZULES DE LA POL\u00cdTICA TUR\u00cdSTICA\u00bb<\/p>\n<p>Por ello, se quiere ver qu\u00e9 marcas \u00abpueden posicionarse en los mercados del mundo, evocando emociones, con productos nuevos que tengan capacidad de atracci\u00f3n\u00bb, ha confirmado. No obstante, ha descartado avanzar si se suprimir\u00e1n aquellas que no sean rentables. \u00abQueremos ser como cascos azules de la pol\u00edtica tur\u00edstica y la mejor argamasa es el criterio profesional y t\u00e9cnico\u00bb, ha se\u00f1alado.<\/p>\n<p>Asimismo, ha anunciado que se generar\u00e1n mesas de trabajo de creaci\u00f3n de producto con los empresarios, mientras que se crear\u00e1n grupos de innovaci\u00f3n con la universidad, pilotada por la Universitat de Val\u00e8ncia, \u00abpara transferir el conocimiento al mundo tur\u00edstico\u00bb.<\/p>\n<p>Adem\u00e1s, -seg\u00fan ha indicado- \u00abel presupuesto pretende ser consciente del reto en un entorno tur\u00edstico muy cambiante, con el auge de las compa\u00f1\u00edas low cost, los nuevos modelos de los consumidores, el cambio clim\u00e1tico o el cambio del panorama social y cultural\u00bb, para lo que \u00abes necesario reconvertir la oferta, desestacionalizando la temporada, y aumentar la rentabilidad de los negocios tur\u00edsticos\u00bb.<\/p>\n<p>\u00abInnovaci\u00f3n y adaptaci\u00f3n continua es la \u00fanica estrategia que tenemos que tener. Necesitamos contar con la inteligencia de los mercados para saber cu\u00e1les son las nuevas tendencias y demandas y poder hacer un marketing m\u00e1s inteligentes\u00bb, ha subrayado Colomer.<\/p>\n<p>En esta l\u00ednea, el secretario auton\u00f3mico de Turisme ha anunciado que se elaborar\u00e1 un Libro Blanco de Turismo, \u00abque analice la situaci\u00f3n de la oferta, el producto y las marcas y haga una prescripci\u00f3n de los caminos que debemos seguir para ser destino singular y cualificado\u00bb; as\u00ed como un estudio de posicionamiento de las marcas.<\/p>\n<p>En cuanto a los planes concretos que acometer\u00e1 la Ag\u00e8ncia Valenciana de Turisme, Colomer ha destacado uno sobre actuaci\u00f3n estrat\u00e9gica del mediterr\u00e1neo rural en base al paisaje, un plan de competitividad de desestacionalizaci\u00f3n, un programa de dinamizaci\u00f3n de playas y litoral y otro programa de rutas tem\u00e1ticas desde el punto de vista de la cultura como la ruta de la seda, del grial, de los c\u00e1taros, de los dinosaurios, de los \u00edberos o de los papas.<\/p>\n<p>PLANES ESTRAT\u00c9GICOS<\/p>\n<p>Por otra parte, se acometer\u00e1n 10 planes estrat\u00e9gicos -4 en Castell\u00f3n, 3 en Valencia y 3 en Alicante- a trav\u00e9s de la gobernanza colaborativa. Los de la provincia de Castell\u00f3n se centrar\u00e1n en Els Ports, Alto Palancia, Espad\u00e1-Mijares y la Asociaci\u00f3n Intermunicipal de Cat\u00ed, Culla, Benassal y Ares.<\/p>\n<p>En Valencia, se implantar\u00e1n en las mancomunidades de l Alto Turia, la Vall d&#8217;Albaida, y la Ribera Baixa, en los que este a\u00f1o se har\u00e1 una inversi\u00f3n inicial de 300.000 euros de forma conjunta entre Generalitat, Diputaci\u00f3n y Ayuntamientos. El objetivo es ir sumando mancomunidades a lo largo de la legislatura.<\/p>\n<p>En concreto, en Castell\u00f3n se destinar\u00e1 el 30 por ciento del presupuesto. Adem\u00e1s, durante 2016 tambi\u00e9n se firmar\u00e1 un convenio con la UJI, dotado con 100.000 euros para llevar a cabo sendos estudios sobre la adaptaci\u00f3n del C\u00f3digo \u00c9tico Mundial del Turismo a la idiosincrasia de la Comunitat Valenciana y analizar los mercados emergentes para el aeropuerto de Castell\u00f3n, as\u00ed como para la celebraci\u00f3n del Congreso de Turismo.<\/p>\n<p>As\u00ed mismo, se desarrollar\u00e1, junto a las universidades, un plan de Espacios Tur\u00edsticos, dotado con 240.000 euros, mientras que se crear\u00e1 un CDT en Morella, que en 2016 contar\u00e1 con un presupuesto de 200.000 euros, \u00abun espacio de investigaci\u00f3n e innovaci\u00f3n y como ramificaci\u00f3n del Invat.tur\u00bb, ha dicho Colomer.<\/p>\n<p>Preguntado si hay alguna novedad en cuanto al aeropuerto de Castell\u00f3n, Colomer ha indicado que \u00abcontinuamos gestionando constantemente\u00bb. \u00abVamos a explorar muy bien los mercados emisores, pero no vamos a generar falsas expectativas, y cuando haya algo cerrado lo presentaremos\u00bb, ha dicho.<\/p>\n<p>\u00abNecesitamos crear producto, pues el aeropuerto es una puerta de entrada y salida a nuestro territorio, pero antes alguien tiene que querer venir\u00bb, ha defendido el secretario auton\u00f3mico.<\/p>\n","protected":false},"excerpt":{"rendered":"<p>El secretario auton\u00f3mico de Turisme, Francesc Colomer, ha explicado este jueves que van a abandonar las pol\u00edticas de los grandes eventos que \u00abno no han llevado muy lejos\u00bb para centrase en \u00abrecuperar la esencia\u00bb de la regi\u00f3n. \u00abDe lo nuestro y de los que somos: nuestra cultura, patrimonio, paisaje, hospitalidad, territorio, Medio Ambiente, en nuestra<\/p>\n","protected":false},"author":1,"featured_media":59971,"comment_status":"open","ping_status":"closed","sticky":false,"template":"","format":"standard","meta":{"footnotes":""},"categories":[224],"tags":[],"class_list":{"0":"post-59970","1":"post","2":"type-post","3":"status-publish","4":"format-standard","5":"has-post-thumbnail","7":"category-noticias-actualidad"},"aioseo_notices":[],"aioseo_head":"\n\t\t<!-- All in One SEO Pro 4.9.6.1 - aioseo.com -->\n\t<meta name=\"description\" content=\"El secretario auton\u00f3mico de Turisme, Francesc Colomer, ha explicado este jueves que van a abandonar las pol\u00edticas de los grandes eventos que &quot;no no han llevado muy lejos&quot; para centrase en &quot;recuperar la esencia&quot; de la regi\u00f3n. &quot;De lo nuestro y de los que somos: nuestra cultura, patrimonio, paisaje, hospitalidad, territorio, Medio Ambiente, en nuestra\" \/>\n\t<meta name=\"robots\" content=\"max-image-preview:large\" \/>\n\t<meta name=\"author\" content=\"admin\"\/>\n\t<meta name=\"google-site-verification\" content=\"UA-38556648-1\" \/>\n\t<meta name=\"keywords\" content=\"noticias y actualidad\" \/>\n\t<link rel=\"canonical\" href=\"https:\/\/eldigitaldeasturias.com\/magazine365\/turisme-abandona-la-politica-de-grandes-eventos-para-recuperar-la-esencia-de-la-comunidad-valenciana\/\" \/>\n\t<meta name=\"generator\" content=\"All in One SEO Pro (AIOSEO) 4.9.6.1\" \/>\n\t\t<meta property=\"og:locale\" content=\"es_ES\" \/>\n\t\t<meta property=\"og:site_name\" content=\"El Digital de Asturias \u2013 Revista de ocio, turismo y estilo de vida\" \/>\n\t\t<meta property=\"og:type\" content=\"article\" \/>\n\t\t<meta property=\"og:title\" content=\"Turisme abandona la pol\u00edtica de grandes eventos para \u00abrecuperar la esencia\u00bb de la Comunidad Valenciana | El Digital de Asturias\" \/>\n\t\t<meta property=\"og:description\" content=\"El secretario auton\u00f3mico de Turisme, Francesc Colomer, ha explicado este jueves que van a abandonar las pol\u00edticas de los grandes eventos que &quot;no no han llevado muy lejos&quot; para centrase en &quot;recuperar la esencia&quot; de la regi\u00f3n. &quot;De lo nuestro y de los que somos: nuestra cultura, patrimonio, paisaje, hospitalidad, territorio, Medio Ambiente, en nuestra\" \/>\n\t\t<meta property=\"og:url\" content=\"https:\/\/eldigitaldeasturias.com\/magazine365\/turisme-abandona-la-politica-de-grandes-eventos-para-recuperar-la-esencia-de-la-comunidad-valenciana\/\" \/>\n\t\t<meta property=\"og:image\" content=\"https:\/\/eldigitaldeasturias.com\/magazine365\/wp-content\/uploads\/2016\/01\/fotonoticia_20160107144817_800.jpg\" \/>\n\t\t<meta property=\"og:image:secure_url\" content=\"https:\/\/eldigitaldeasturias.com\/magazine365\/wp-content\/uploads\/2016\/01\/fotonoticia_20160107144817_800.jpg\" \/>\n\t\t<meta property=\"og:image:width\" content=\"800\" \/>\n\t\t<meta property=\"og:image:height\" content=\"600\" \/>\n\t\t<meta property=\"article:published_time\" content=\"2016-01-10T21:18:06+00:00\" \/>\n\t\t<meta property=\"article:modified_time\" content=\"2016-01-10T21:18:06+00:00\" \/>\n\t\t<meta name=\"twitter:card\" content=\"summary_large_image\" \/>\n\t\t<meta name=\"twitter:title\" content=\"Turisme abandona la pol\u00edtica de grandes eventos para \u00abrecuperar la esencia\u00bb de la Comunidad Valenciana | El Digital de Asturias\" \/>\n\t\t<meta name=\"twitter:description\" content=\"El secretario auton\u00f3mico de Turisme, Francesc Colomer, ha explicado este jueves que van a abandonar las pol\u00edticas de los grandes eventos que &quot;no no han llevado muy lejos&quot; para centrase en &quot;recuperar la esencia&quot; de la regi\u00f3n. &quot;De lo nuestro y de los que somos: nuestra cultura, patrimonio, paisaje, hospitalidad, territorio, Medio Ambiente, en nuestra\" \/>\n\t\t<meta name=\"twitter:image\" content=\"https:\/\/eldigitaldeasturias.com\/magazine365\/wp-content\/uploads\/2016\/01\/fotonoticia_20160107144817_800.jpg\" \/>\n\t\t<script type=\"application\/ld+json\" class=\"aioseo-schema\">\n\t\t\t{\"@context\":\"https:\\\/\\\/schema.org\",\"@graph\":[{\"@type\":\"Article\",\"@id\":\"https:\\\/\\\/eldigitaldeasturias.com\\\/magazine365\\\/turisme-abandona-la-politica-de-grandes-eventos-para-recuperar-la-esencia-de-la-comunidad-valenciana\\\/#article\",\"name\":\"Turisme abandona la pol\\u00edtica de grandes eventos para \\u00abrecuperar la esencia\\u00bb de la Comunidad Valenciana | El Digital de Asturias\",\"headline\":\"Turisme abandona la pol\\u00edtica de grandes eventos para \\u00abrecuperar la esencia\\u00bb de la Comunidad Valenciana\",\"author\":{\"@id\":\"https:\\\/\\\/eldigitaldeasturias.com\\\/magazine365\\\/author\\\/admin\\\/#author\"},\"publisher\":{\"@id\":\"https:\\\/\\\/eldigitaldeasturias.com\\\/magazine365\\\/#organization\"},\"image\":{\"@type\":\"ImageObject\",\"url\":\"https:\\\/\\\/eldigitaldeasturias.com\\\/magazine365\\\/wp-content\\\/uploads\\\/2016\\\/01\\\/fotonoticia_20160107144817_800.jpg\",\"width\":800,\"height\":600},\"datePublished\":\"2016-01-10T22:18:06+01:00\",\"dateModified\":\"2016-01-10T22:18:06+01:00\",\"inLanguage\":\"es-ES\",\"mainEntityOfPage\":{\"@id\":\"https:\\\/\\\/eldigitaldeasturias.com\\\/magazine365\\\/turisme-abandona-la-politica-de-grandes-eventos-para-recuperar-la-esencia-de-la-comunidad-valenciana\\\/#webpage\"},\"isPartOf\":{\"@id\":\"https:\\\/\\\/eldigitaldeasturias.com\\\/magazine365\\\/turisme-abandona-la-politica-de-grandes-eventos-para-recuperar-la-esencia-de-la-comunidad-valenciana\\\/#webpage\"},\"articleSection\":\"Noticias y Actualidad\"},{\"@type\":\"BreadcrumbList\",\"@id\":\"https:\\\/\\\/eldigitaldeasturias.com\\\/magazine365\\\/turisme-abandona-la-politica-de-grandes-eventos-para-recuperar-la-esencia-de-la-comunidad-valenciana\\\/#breadcrumblist\",\"itemListElement\":[{\"@type\":\"ListItem\",\"@id\":\"https:\\\/\\\/eldigitaldeasturias.com\\\/magazine365#listItem\",\"position\":1,\"name\":\"Home\",\"item\":\"https:\\\/\\\/eldigitaldeasturias.com\\\/magazine365\",\"nextItem\":{\"@type\":\"ListItem\",\"@id\":\"https:\\\/\\\/eldigitaldeasturias.com\\\/magazine365\\\/category\\\/noticias-actualidad\\\/#listItem\",\"name\":\"Noticias y Actualidad\"}},{\"@type\":\"ListItem\",\"@id\":\"https:\\\/\\\/eldigitaldeasturias.com\\\/magazine365\\\/category\\\/noticias-actualidad\\\/#listItem\",\"position\":2,\"name\":\"Noticias y Actualidad\",\"item\":\"https:\\\/\\\/eldigitaldeasturias.com\\\/magazine365\\\/category\\\/noticias-actualidad\\\/\",\"nextItem\":{\"@type\":\"ListItem\",\"@id\":\"https:\\\/\\\/eldigitaldeasturias.com\\\/magazine365\\\/turisme-abandona-la-politica-de-grandes-eventos-para-recuperar-la-esencia-de-la-comunidad-valenciana\\\/#listItem\",\"name\":\"Turisme abandona la pol\\u00edtica de grandes eventos para \\u00abrecuperar la esencia\\u00bb de la Comunidad Valenciana\"},\"previousItem\":{\"@type\":\"ListItem\",\"@id\":\"https:\\\/\\\/eldigitaldeasturias.com\\\/magazine365#listItem\",\"name\":\"Home\"}},{\"@type\":\"ListItem\",\"@id\":\"https:\\\/\\\/eldigitaldeasturias.com\\\/magazine365\\\/turisme-abandona-la-politica-de-grandes-eventos-para-recuperar-la-esencia-de-la-comunidad-valenciana\\\/#listItem\",\"position\":3,\"name\":\"Turisme abandona la pol\\u00edtica de grandes eventos para \\u00abrecuperar la esencia\\u00bb de la Comunidad Valenciana\",\"previousItem\":{\"@type\":\"ListItem\",\"@id\":\"https:\\\/\\\/eldigitaldeasturias.com\\\/magazine365\\\/category\\\/noticias-actualidad\\\/#listItem\",\"name\":\"Noticias y Actualidad\"}}]},{\"@type\":\"Organization\",\"@id\":\"https:\\\/\\\/eldigitaldeasturias.com\\\/magazine365\\\/#organization\",\"name\":\"El digital de Asturias\",\"description\":\"Revista de ocio, turismo y estilo de vida\",\"url\":\"https:\\\/\\\/eldigitaldeasturias.com\\\/magazine365\\\/\",\"logo\":{\"@type\":\"ImageObject\",\"url\":\"https:\\\/\\\/www.eldigitaldeasturias.com\\\/noticias\\\/wp-content\\\/uploads\\\/2020\\\/12\\\/EDA.jpg\",\"@id\":\"https:\\\/\\\/eldigitaldeasturias.com\\\/magazine365\\\/turisme-abandona-la-politica-de-grandes-eventos-para-recuperar-la-esencia-de-la-comunidad-valenciana\\\/#organizationLogo\"},\"image\":{\"@id\":\"https:\\\/\\\/eldigitaldeasturias.com\\\/magazine365\\\/turisme-abandona-la-politica-de-grandes-eventos-para-recuperar-la-esencia-de-la-comunidad-valenciana\\\/#organizationLogo\"}},{\"@type\":\"Person\",\"@id\":\"https:\\\/\\\/eldigitaldeasturias.com\\\/magazine365\\\/author\\\/admin\\\/#author\",\"url\":\"https:\\\/\\\/eldigitaldeasturias.com\\\/magazine365\\\/author\\\/admin\\\/\",\"name\":\"admin\",\"image\":{\"@type\":\"ImageObject\",\"@id\":\"https:\\\/\\\/eldigitaldeasturias.com\\\/magazine365\\\/turisme-abandona-la-politica-de-grandes-eventos-para-recuperar-la-esencia-de-la-comunidad-valenciana\\\/#authorImage\",\"url\":\"https:\\\/\\\/eldigitaldeasturias.com\\\/magazine365\\\/wp-content\\\/litespeed\\\/avatar\\\/e571bcf59a0edd6fa6838245a470f2fe.jpg?ver=1777574230\",\"width\":96,\"height\":96,\"caption\":\"admin\"}},{\"@type\":\"WebPage\",\"@id\":\"https:\\\/\\\/eldigitaldeasturias.com\\\/magazine365\\\/turisme-abandona-la-politica-de-grandes-eventos-para-recuperar-la-esencia-de-la-comunidad-valenciana\\\/#webpage\",\"url\":\"https:\\\/\\\/eldigitaldeasturias.com\\\/magazine365\\\/turisme-abandona-la-politica-de-grandes-eventos-para-recuperar-la-esencia-de-la-comunidad-valenciana\\\/\",\"name\":\"Turisme abandona la pol\\u00edtica de grandes eventos para \\u00abrecuperar la esencia\\u00bb de la Comunidad Valenciana | El Digital de Asturias\",\"description\":\"El secretario auton\\u00f3mico de Turisme, Francesc Colomer, ha explicado este jueves que van a abandonar las pol\\u00edticas de los grandes eventos que \\\"no no han llevado muy lejos\\\" para centrase en \\\"recuperar la esencia\\\" de la regi\\u00f3n. \\\"De lo nuestro y de los que somos: nuestra cultura, patrimonio, paisaje, hospitalidad, territorio, Medio Ambiente, en nuestra\",\"inLanguage\":\"es-ES\",\"isPartOf\":{\"@id\":\"https:\\\/\\\/eldigitaldeasturias.com\\\/magazine365\\\/#website\"},\"breadcrumb\":{\"@id\":\"https:\\\/\\\/eldigitaldeasturias.com\\\/magazine365\\\/turisme-abandona-la-politica-de-grandes-eventos-para-recuperar-la-esencia-de-la-comunidad-valenciana\\\/#breadcrumblist\"},\"author\":{\"@id\":\"https:\\\/\\\/eldigitaldeasturias.com\\\/magazine365\\\/author\\\/admin\\\/#author\"},\"creator\":{\"@id\":\"https:\\\/\\\/eldigitaldeasturias.com\\\/magazine365\\\/author\\\/admin\\\/#author\"},\"image\":{\"@type\":\"ImageObject\",\"url\":\"https:\\\/\\\/eldigitaldeasturias.com\\\/magazine365\\\/wp-content\\\/uploads\\\/2016\\\/01\\\/fotonoticia_20160107144817_800.jpg\",\"@id\":\"https:\\\/\\\/eldigitaldeasturias.com\\\/magazine365\\\/turisme-abandona-la-politica-de-grandes-eventos-para-recuperar-la-esencia-de-la-comunidad-valenciana\\\/#mainImage\",\"width\":800,\"height\":600},\"primaryImageOfPage\":{\"@id\":\"https:\\\/\\\/eldigitaldeasturias.com\\\/magazine365\\\/turisme-abandona-la-politica-de-grandes-eventos-para-recuperar-la-esencia-de-la-comunidad-valenciana\\\/#mainImage\"},\"datePublished\":\"2016-01-10T22:18:06+01:00\",\"dateModified\":\"2016-01-10T22:18:06+01:00\"},{\"@type\":\"WebSite\",\"@id\":\"https:\\\/\\\/eldigitaldeasturias.com\\\/magazine365\\\/#website\",\"url\":\"https:\\\/\\\/eldigitaldeasturias.com\\\/magazine365\\\/\",\"name\":\"El Digital de Asturias\",\"description\":\"Revista de ocio, turismo y estilo de vida\",\"inLanguage\":\"es-ES\",\"publisher\":{\"@id\":\"https:\\\/\\\/eldigitaldeasturias.com\\\/magazine365\\\/#organization\"}}]}\n\t\t<\/script>\n\t\t<!-- All in One SEO Pro -->\r\n\t\t<title>Turisme abandona la pol\u00edtica de grandes eventos para \u00abrecuperar la esencia\u00bb de la Comunidad Valenciana | El Digital de Asturias<\/title>\n\n","aioseo_head_json":{"title":"Turisme abandona la pol\u00edtica de grandes eventos para \u00abrecuperar la esencia\u00bb de la Comunidad Valenciana | El Digital de Asturias","description":"El secretario auton\u00f3mico de Turisme, Francesc Colomer, ha explicado este jueves que van a abandonar las pol\u00edticas de los grandes eventos que \"no no han llevado muy lejos\" para centrase en \"recuperar la esencia\" de la regi\u00f3n. \"De lo nuestro y de los que somos: nuestra cultura, patrimonio, paisaje, hospitalidad, territorio, Medio Ambiente, en nuestra","canonical_url":"https:\/\/eldigitaldeasturias.com\/magazine365\/turisme-abandona-la-politica-de-grandes-eventos-para-recuperar-la-esencia-de-la-comunidad-valenciana\/","robots":"max-image-preview:large","keywords":"noticias y actualidad","webmasterTools":{"google-site-verification":"UA-38556648-1","miscellaneous":""},"schema":{"@context":"https:\/\/schema.org","@graph":[{"@type":"Article","@id":"https:\/\/eldigitaldeasturias.com\/magazine365\/turisme-abandona-la-politica-de-grandes-eventos-para-recuperar-la-esencia-de-la-comunidad-valenciana\/#article","name":"Turisme abandona la pol\u00edtica de grandes eventos para \u00abrecuperar la esencia\u00bb de la Comunidad Valenciana | El Digital de Asturias","headline":"Turisme abandona la pol\u00edtica de grandes eventos para \u00abrecuperar la esencia\u00bb de la Comunidad Valenciana","author":{"@id":"https:\/\/eldigitaldeasturias.com\/magazine365\/author\/admin\/#author"},"publisher":{"@id":"https:\/\/eldigitaldeasturias.com\/magazine365\/#organization"},"image":{"@type":"ImageObject","url":"https:\/\/eldigitaldeasturias.com\/magazine365\/wp-content\/uploads\/2016\/01\/fotonoticia_20160107144817_800.jpg","width":800,"height":600},"datePublished":"2016-01-10T22:18:06+01:00","dateModified":"2016-01-10T22:18:06+01:00","inLanguage":"es-ES","mainEntityOfPage":{"@id":"https:\/\/eldigitaldeasturias.com\/magazine365\/turisme-abandona-la-politica-de-grandes-eventos-para-recuperar-la-esencia-de-la-comunidad-valenciana\/#webpage"},"isPartOf":{"@id":"https:\/\/eldigitaldeasturias.com\/magazine365\/turisme-abandona-la-politica-de-grandes-eventos-para-recuperar-la-esencia-de-la-comunidad-valenciana\/#webpage"},"articleSection":"Noticias y Actualidad"},{"@type":"BreadcrumbList","@id":"https:\/\/eldigitaldeasturias.com\/magazine365\/turisme-abandona-la-politica-de-grandes-eventos-para-recuperar-la-esencia-de-la-comunidad-valenciana\/#breadcrumblist","itemListElement":[{"@type":"ListItem","@id":"https:\/\/eldigitaldeasturias.com\/magazine365#listItem","position":1,"name":"Home","item":"https:\/\/eldigitaldeasturias.com\/magazine365","nextItem":{"@type":"ListItem","@id":"https:\/\/eldigitaldeasturias.com\/magazine365\/category\/noticias-actualidad\/#listItem","name":"Noticias y Actualidad"}},{"@type":"ListItem","@id":"https:\/\/eldigitaldeasturias.com\/magazine365\/category\/noticias-actualidad\/#listItem","position":2,"name":"Noticias y Actualidad","item":"https:\/\/eldigitaldeasturias.com\/magazine365\/category\/noticias-actualidad\/","nextItem":{"@type":"ListItem","@id":"https:\/\/eldigitaldeasturias.com\/magazine365\/turisme-abandona-la-politica-de-grandes-eventos-para-recuperar-la-esencia-de-la-comunidad-valenciana\/#listItem","name":"Turisme abandona la pol\u00edtica de grandes eventos para \u00abrecuperar la esencia\u00bb de la Comunidad Valenciana"},"previousItem":{"@type":"ListItem","@id":"https:\/\/eldigitaldeasturias.com\/magazine365#listItem","name":"Home"}},{"@type":"ListItem","@id":"https:\/\/eldigitaldeasturias.com\/magazine365\/turisme-abandona-la-politica-de-grandes-eventos-para-recuperar-la-esencia-de-la-comunidad-valenciana\/#listItem","position":3,"name":"Turisme abandona la pol\u00edtica de grandes eventos para \u00abrecuperar la esencia\u00bb de la Comunidad Valenciana","previousItem":{"@type":"ListItem","@id":"https:\/\/eldigitaldeasturias.com\/magazine365\/category\/noticias-actualidad\/#listItem","name":"Noticias y Actualidad"}}]},{"@type":"Organization","@id":"https:\/\/eldigitaldeasturias.com\/magazine365\/#organization","name":"El digital de Asturias","description":"Revista de ocio, turismo y estilo de vida","url":"https:\/\/eldigitaldeasturias.com\/magazine365\/","logo":{"@type":"ImageObject","url":"https:\/\/www.eldigitaldeasturias.com\/noticias\/wp-content\/uploads\/2020\/12\/EDA.jpg","@id":"https:\/\/eldigitaldeasturias.com\/magazine365\/turisme-abandona-la-politica-de-grandes-eventos-para-recuperar-la-esencia-de-la-comunidad-valenciana\/#organizationLogo"},"image":{"@id":"https:\/\/eldigitaldeasturias.com\/magazine365\/turisme-abandona-la-politica-de-grandes-eventos-para-recuperar-la-esencia-de-la-comunidad-valenciana\/#organizationLogo"}},{"@type":"Person","@id":"https:\/\/eldigitaldeasturias.com\/magazine365\/author\/admin\/#author","url":"https:\/\/eldigitaldeasturias.com\/magazine365\/author\/admin\/","name":"admin","image":{"@type":"ImageObject","@id":"https:\/\/eldigitaldeasturias.com\/magazine365\/turisme-abandona-la-politica-de-grandes-eventos-para-recuperar-la-esencia-de-la-comunidad-valenciana\/#authorImage","url":"https:\/\/eldigitaldeasturias.com\/magazine365\/wp-content\/litespeed\/avatar\/e571bcf59a0edd6fa6838245a470f2fe.jpg?ver=1777574230","width":96,"height":96,"caption":"admin"}},{"@type":"WebPage","@id":"https:\/\/eldigitaldeasturias.com\/magazine365\/turisme-abandona-la-politica-de-grandes-eventos-para-recuperar-la-esencia-de-la-comunidad-valenciana\/#webpage","url":"https:\/\/eldigitaldeasturias.com\/magazine365\/turisme-abandona-la-politica-de-grandes-eventos-para-recuperar-la-esencia-de-la-comunidad-valenciana\/","name":"Turisme abandona la pol\u00edtica de grandes eventos para \u00abrecuperar la esencia\u00bb de la Comunidad Valenciana | El Digital de Asturias","description":"El secretario auton\u00f3mico de Turisme, Francesc Colomer, ha explicado este jueves que van a abandonar las pol\u00edticas de los grandes eventos que \"no no han llevado muy lejos\" para centrase en \"recuperar la esencia\" de la regi\u00f3n. \"De lo nuestro y de los que somos: nuestra cultura, patrimonio, paisaje, hospitalidad, territorio, Medio Ambiente, en nuestra","inLanguage":"es-ES","isPartOf":{"@id":"https:\/\/eldigitaldeasturias.com\/magazine365\/#website"},"breadcrumb":{"@id":"https:\/\/eldigitaldeasturias.com\/magazine365\/turisme-abandona-la-politica-de-grandes-eventos-para-recuperar-la-esencia-de-la-comunidad-valenciana\/#breadcrumblist"},"author":{"@id":"https:\/\/eldigitaldeasturias.com\/magazine365\/author\/admin\/#author"},"creator":{"@id":"https:\/\/eldigitaldeasturias.com\/magazine365\/author\/admin\/#author"},"image":{"@type":"ImageObject","url":"https:\/\/eldigitaldeasturias.com\/magazine365\/wp-content\/uploads\/2016\/01\/fotonoticia_20160107144817_800.jpg","@id":"https:\/\/eldigitaldeasturias.com\/magazine365\/turisme-abandona-la-politica-de-grandes-eventos-para-recuperar-la-esencia-de-la-comunidad-valenciana\/#mainImage","width":800,"height":600},"primaryImageOfPage":{"@id":"https:\/\/eldigitaldeasturias.com\/magazine365\/turisme-abandona-la-politica-de-grandes-eventos-para-recuperar-la-esencia-de-la-comunidad-valenciana\/#mainImage"},"datePublished":"2016-01-10T22:18:06+01:00","dateModified":"2016-01-10T22:18:06+01:00"},{"@type":"WebSite","@id":"https:\/\/eldigitaldeasturias.com\/magazine365\/#website","url":"https:\/\/eldigitaldeasturias.com\/magazine365\/","name":"El Digital de Asturias","description":"Revista de ocio, turismo y estilo de vida","inLanguage":"es-ES","publisher":{"@id":"https:\/\/eldigitaldeasturias.com\/magazine365\/#organization"}}]},"og:locale":"es_ES","og:site_name":"El Digital de Asturias \u2013 Revista de ocio, turismo y estilo de vida","og:type":"article","og:title":"Turisme abandona la pol\u00edtica de grandes eventos para \u00abrecuperar la esencia\u00bb de la Comunidad Valenciana | El Digital de Asturias","og:description":"El secretario auton\u00f3mico de Turisme, Francesc Colomer, ha explicado este jueves que van a abandonar las pol\u00edticas de los grandes eventos que &quot;no no han llevado muy lejos&quot; para centrase en &quot;recuperar la esencia&quot; de la regi\u00f3n. &quot;De lo nuestro y de los que somos: nuestra cultura, patrimonio, paisaje, hospitalidad, territorio, Medio Ambiente, en nuestra","og:url":"https:\/\/eldigitaldeasturias.com\/magazine365\/turisme-abandona-la-politica-de-grandes-eventos-para-recuperar-la-esencia-de-la-comunidad-valenciana\/","og:image":"https:\/\/eldigitaldeasturias.com\/magazine365\/wp-content\/uploads\/2016\/01\/fotonoticia_20160107144817_800.jpg","og:image:secure_url":"https:\/\/eldigitaldeasturias.com\/magazine365\/wp-content\/uploads\/2016\/01\/fotonoticia_20160107144817_800.jpg","og:image:width":800,"og:image:height":600,"article:published_time":"2016-01-10T21:18:06+00:00","article:modified_time":"2016-01-10T21:18:06+00:00","twitter:card":"summary_large_image","twitter:title":"Turisme abandona la pol\u00edtica de grandes eventos para \u00abrecuperar la esencia\u00bb de la Comunidad Valenciana | El Digital de Asturias","twitter:description":"El secretario auton\u00f3mico de Turisme, Francesc Colomer, ha explicado este jueves que van a abandonar las pol\u00edticas de los grandes eventos que &quot;no no han llevado muy lejos&quot; para centrase en &quot;recuperar la esencia&quot; de la regi\u00f3n. &quot;De lo nuestro y de los que somos: nuestra cultura, patrimonio, paisaje, hospitalidad, territorio, Medio Ambiente, en nuestra","twitter:image":"https:\/\/eldigitaldeasturias.com\/magazine365\/wp-content\/uploads\/2016\/01\/fotonoticia_20160107144817_800.jpg"},"aioseo_meta_data":{"post_id":"59970","title":null,"description":null,"keywords":null,"keyphrases":null,"primary_term":null,"canonical_url":null,"og_title":null,"og_description":null,"og_object_type":"default","og_image_type":"default","og_image_url":null,"og_image_width":null,"og_image_height":null,"og_image_custom_url":null,"og_image_custom_fields":null,"og_video":null,"og_custom_url":null,"og_article_section":null,"og_article_tags":null,"twitter_use_og":false,"twitter_card":"default","twitter_image_type":"default","twitter_image_url":null,"twitter_image_custom_url":null,"twitter_image_custom_fields":null,"twitter_title":null,"twitter_description":null,"schema":{"blockGraphs":[],"customGraphs":[],"default":{"data":{"Article":[],"Course":[],"Dataset":[],"FAQPage":[],"Movie":[],"Person":[],"Product":[],"ProductReview":[],"Car":[],"Recipe":[],"Service":[],"SoftwareApplication":[],"WebPage":[]},"graphName":"","isEnabled":true},"graphs":[],"defaultGraph":"","defaultPostTypeGraph":""},"schema_type":null,"schema_type_options":null,"pillar_content":false,"robots_default":true,"robots_noindex":false,"robots_noarchive":false,"robots_nosnippet":false,"robots_nofollow":false,"robots_noimageindex":false,"robots_noodp":false,"robots_notranslate":false,"robots_max_snippet":null,"robots_max_videopreview":null,"robots_max_imagepreview":"large","priority":null,"frequency":null,"location":null,"local_seo":null,"seo_analyzer_scan_date":"2025-09-25 06:00:24","breadcrumb_settings":null,"limit_modified_date":false,"open_ai":null,"ai":null,"created":"2021-03-08 22:07:08","updated":"2025-09-25 06:00:24"},"aioseo_breadcrumb":"<div class=\"aioseo-breadcrumbs\"><span class=\"aioseo-breadcrumb\">\n\t<a href=\"https:\/\/eldigitaldeasturias.com\/magazine365\" title=\"Home\">Home<\/a>\n<\/span><span class=\"aioseo-breadcrumb-separator\">\u2013<\/span><span class=\"aioseo-breadcrumb\">\n\t<a href=\"https:\/\/eldigitaldeasturias.com\/magazine365\/category\/noticias-actualidad\/\" title=\"Noticias y Actualidad\">Noticias y Actualidad<\/a>\n<\/span><span class=\"aioseo-breadcrumb-separator\">\u2013<\/span><span class=\"aioseo-breadcrumb\">\n\t<a href=\"https:\/\/eldigitaldeasturias.com\/magazine365\/turisme-abandona-la-politica-de-grandes-eventos-para-recuperar-la-esencia-de-la-comunidad-valenciana\/\" title=\"Turisme abandona la pol\u00edtica de grandes eventos para \u00abrecuperar la esencia\u00bb de la Comunidad Valenciana\">Turisme abandona la pol\u00edtica de grandes eventos para \u00abrecuperar la esencia\u00bb de la Comunidad Valenciana<\/a>\n<\/span><\/div>","aioseo_breadcrumb_json":[{"label":"Home","link":"https:\/\/eldigitaldeasturias.com\/magazine365"},{"label":"Noticias y Actualidad","link":"https:\/\/eldigitaldeasturias.com\/magazine365\/category\/noticias-actualidad\/"},{"label":"Turisme abandona la pol\u00edtica de grandes eventos para \u00abrecuperar la esencia\u00bb de la Comunidad Valenciana","link":"https:\/\/eldigitaldeasturias.com\/magazine365\/turisme-abandona-la-politica-de-grandes-eventos-para-recuperar-la-esencia-de-la-comunidad-valenciana\/"}],"_links":{"self":[{"href":"https:\/\/eldigitaldeasturias.com\/magazine365\/wp-json\/wp\/v2\/posts\/59970","targetHints":{"allow":["GET"]}}],"collection":[{"href":"https:\/\/eldigitaldeasturias.com\/magazine365\/wp-json\/wp\/v2\/posts"}],"about":[{"href":"https:\/\/eldigitaldeasturias.com\/magazine365\/wp-json\/wp\/v2\/types\/post"}],"author":[{"embeddable":true,"href":"https:\/\/eldigitaldeasturias.com\/magazine365\/wp-json\/wp\/v2\/users\/1"}],"replies":[{"embeddable":true,"href":"https:\/\/eldigitaldeasturias.com\/magazine365\/wp-json\/wp\/v2\/comments?post=59970"}],"version-history":[{"count":0,"href":"https:\/\/eldigitaldeasturias.com\/magazine365\/wp-json\/wp\/v2\/posts\/59970\/revisions"}],"wp:featuredmedia":[{"embeddable":true,"href":"https:\/\/eldigitaldeasturias.com\/magazine365\/wp-json\/wp\/v2\/media\/59971"}],"wp:attachment":[{"href":"https:\/\/eldigitaldeasturias.com\/magazine365\/wp-json\/wp\/v2\/media?parent=59970"}],"wp:term":[{"taxonomy":"category","embeddable":true,"href":"https:\/\/eldigitaldeasturias.com\/magazine365\/wp-json\/wp\/v2\/categories?post=59970"},{"taxonomy":"post_tag","embeddable":true,"href":"https:\/\/eldigitaldeasturias.com\/magazine365\/wp-json\/wp\/v2\/tags?post=59970"}],"curies":[{"name":"wp","href":"https:\/\/api.w.org\/{rel}","templated":true}]}}