{"id":59961,"date":"2016-01-10T22:06:57","date_gmt":"2016-01-10T21:06:57","guid":{"rendered":"http:\/\/eldigitaldeasturias.com\/magazine365\/?p=59961"},"modified":"2016-01-10T22:06:57","modified_gmt":"2016-01-10T21:06:57","slug":"diaz-ferran-culpa-a-la-iata-del-hundimiento-de-su-empresa","status":"publish","type":"post","link":"https:\/\/eldigitaldeasturias.com\/magazine365\/diaz-ferran-culpa-a-la-iata-del-hundimiento-de-su-empresa\/","title":{"rendered":"D\u00edaz Ferr\u00e1n culpa a la IATA del hundimiento de su empresa"},"content":{"rendered":"<p><img fetchpriority=\"high\" decoding=\"async\" class=\"alignleft size-medium wp-image-59962\" src=\"https:\/\/eldigitaldeasturias.com\/magazine365\/wp-content\/uploads\/2016\/01\/fotonoticia_20160107134437_800-360x240.jpg\" alt=\"fotonoticia_20160107134437_800\" width=\"360\" height=\"240\" srcset=\"https:\/\/eldigitaldeasturias.com\/magazine365\/wp-content\/uploads\/2016\/01\/fotonoticia_20160107134437_800-360x240.jpg 360w, https:\/\/eldigitaldeasturias.com\/magazine365\/wp-content\/uploads\/2016\/01\/fotonoticia_20160107134437_800-650x433.jpg 650w, https:\/\/eldigitaldeasturias.com\/magazine365\/wp-content\/uploads\/2016\/01\/fotonoticia_20160107134437_800-768x512.jpg 768w, https:\/\/eldigitaldeasturias.com\/magazine365\/wp-content\/uploads\/2016\/01\/fotonoticia_20160107134437_800-150x100.jpg 150w, https:\/\/eldigitaldeasturias.com\/magazine365\/wp-content\/uploads\/2016\/01\/fotonoticia_20160107134437_800-450x300.jpg 450w, https:\/\/eldigitaldeasturias.com\/magazine365\/wp-content\/uploads\/2016\/01\/fotonoticia_20160107134437_800-696x464.jpg 696w, https:\/\/eldigitaldeasturias.com\/magazine365\/wp-content\/uploads\/2016\/01\/fotonoticia_20160107134437_800-630x420.jpg 630w, https:\/\/eldigitaldeasturias.com\/magazine365\/wp-content\/uploads\/2016\/01\/fotonoticia_20160107134437_800-101x66.jpg 101w, https:\/\/eldigitaldeasturias.com\/magazine365\/wp-content\/uploads\/2016\/01\/fotonoticia_20160107134437_800.jpg 800w\" sizes=\"(max-width: 360px) 100vw, 360px\" \/>El expresidente de la patronal CEOE Gerardo D\u00edaz Ferr\u00e1n ha culpado a la Asociaci\u00f3n Internacional del Transporte A\u00e9reo (IATA) de provocar el hundimiento de Viajes Marsans, de la que era propietario junto al ya fallecido Gonzalo Pascual, al retirarle la licencia para vender billetes de avi\u00f3n en abril de 2010 por los impagos que presentaba la compa\u00f1\u00eda. \u00abUstedes se cargaron Viajes Marsans\u00bb, ha dicho.<\/p>\n<p>En la primera jornada del juicio que se sigue en la Audiencia Nacional contra el antiguo jefe de los empresarios por quedarse con 4,4 millones de euros de viajes contratados que nunca se llegaron a prestar, D\u00edaz Ferr\u00e1n ha se\u00f1alado que la IATA \u00abcort\u00f3\u00bb la venta de billetes a Marsans porque \u00ables dio la gana\u00bb y sin que \u00abse les debiera nada\u00bb, en una actuaci\u00f3n que ha calificado de \u00abunilateral\u00bb y \u00abbastante peor que torticera\u00bb.<\/p>\n<p>El acusado, que ha asegurado estar \u00abmuy quemado\u00bb por los procedimientos judiciales en los que est\u00e1 inmerso, tambi\u00e9n se ha desvinculado de la \u00abgesti\u00f3n y el d\u00eda a d\u00eda\u00bb de Viajes Marsans y ha repetido en varias ocasiones que su socio, al que \u00able cost\u00f3 la vida\u00bb la situaci\u00f3n de la compa\u00f1\u00eda provoc\u00e1ndole un infarto en 2012, era la \u00abcabeza visible\u00bb de la misma y el que se ocupaba de la \u00abadministraci\u00f3n y la gesti\u00f3n\u00bb.<\/p>\n<p>\u00abNunca jam\u00e1s he dado una instrucci\u00f3n sobre Viajes Marsans a nadie. Iba a los consejos de administraci\u00f3n, ve\u00eda las cuentas y, cuando hab\u00eda que avalar un cr\u00e9dito, los dos, Gonzalo Pascual y yo, lo hac\u00edamos para que las empresas siguieran adelante\u00bb, ha se\u00f1alado.<\/p>\n","protected":false},"excerpt":{"rendered":"<p>El expresidente de la patronal CEOE Gerardo D\u00edaz Ferr\u00e1n ha culpado a la Asociaci\u00f3n Internacional del Transporte A\u00e9reo (IATA) de provocar el hundimiento de Viajes Marsans, de la que era propietario junto al ya fallecido Gonzalo Pascual, al retirarle la licencia para vender billetes de avi\u00f3n en abril de 2010 por los impagos que presentaba<\/p>\n","protected":false},"author":1,"featured_media":59962,"comment_status":"open","ping_status":"closed","sticky":false,"template":"","format":"standard","meta":{"footnotes":""},"categories":[224],"tags":[],"class_list":{"0":"post-59961","1":"post","2":"type-post","3":"status-publish","4":"format-standard","5":"has-post-thumbnail","7":"category-noticias-actualidad"},"aioseo_notices":[],"aioseo_head":"\n\t\t<!-- All in One SEO Pro 4.9.6.1 - aioseo.com -->\n\t<meta name=\"description\" content=\"El expresidente de la patronal CEOE Gerardo D\u00edaz Ferr\u00e1n ha culpado a la Asociaci\u00f3n Internacional del Transporte A\u00e9reo (IATA) de provocar el hundimiento de Viajes Marsans, de la que era propietario junto al ya fallecido Gonzalo Pascual, al retirarle la licencia para vender billetes de avi\u00f3n en abril de 2010 por los impagos que presentaba\" \/>\n\t<meta name=\"robots\" content=\"max-image-preview:large\" \/>\n\t<meta name=\"author\" content=\"admin\"\/>\n\t<meta name=\"google-site-verification\" content=\"UA-38556648-1\" \/>\n\t<meta name=\"keywords\" content=\"noticias y actualidad\" \/>\n\t<link rel=\"canonical\" href=\"https:\/\/eldigitaldeasturias.com\/magazine365\/diaz-ferran-culpa-a-la-iata-del-hundimiento-de-su-empresa\/\" \/>\n\t<meta name=\"generator\" content=\"All in One SEO Pro (AIOSEO) 4.9.6.1\" \/>\n\t\t<meta property=\"og:locale\" content=\"es_ES\" \/>\n\t\t<meta property=\"og:site_name\" content=\"El Digital de Asturias \u2013 Revista de ocio, turismo y estilo de vida\" \/>\n\t\t<meta property=\"og:type\" content=\"article\" \/>\n\t\t<meta property=\"og:title\" content=\"D\u00edaz Ferr\u00e1n culpa a la IATA del hundimiento de su empresa | El Digital de Asturias\" \/>\n\t\t<meta property=\"og:description\" content=\"El expresidente de la patronal CEOE Gerardo D\u00edaz Ferr\u00e1n ha culpado a la Asociaci\u00f3n Internacional del Transporte A\u00e9reo (IATA) de provocar el hundimiento de Viajes Marsans, de la que era propietario junto al ya fallecido Gonzalo Pascual, al retirarle la licencia para vender billetes de avi\u00f3n en abril de 2010 por los impagos que presentaba\" \/>\n\t\t<meta property=\"og:url\" content=\"https:\/\/eldigitaldeasturias.com\/magazine365\/diaz-ferran-culpa-a-la-iata-del-hundimiento-de-su-empresa\/\" \/>\n\t\t<meta property=\"og:image\" content=\"https:\/\/eldigitaldeasturias.com\/magazine365\/wp-content\/uploads\/2016\/01\/fotonoticia_20160107134437_800.jpg\" \/>\n\t\t<meta property=\"og:image:secure_url\" content=\"https:\/\/eldigitaldeasturias.com\/magazine365\/wp-content\/uploads\/2016\/01\/fotonoticia_20160107134437_800.jpg\" \/>\n\t\t<meta property=\"og:image:width\" content=\"800\" \/>\n\t\t<meta property=\"og:image:height\" content=\"533\" \/>\n\t\t<meta property=\"article:published_time\" content=\"2016-01-10T21:06:57+00:00\" \/>\n\t\t<meta property=\"article:modified_time\" content=\"2016-01-10T21:06:57+00:00\" \/>\n\t\t<meta name=\"twitter:card\" content=\"summary_large_image\" \/>\n\t\t<meta name=\"twitter:title\" content=\"D\u00edaz Ferr\u00e1n culpa a la IATA del hundimiento de su empresa | El Digital de Asturias\" \/>\n\t\t<meta name=\"twitter:description\" content=\"El expresidente de la patronal CEOE Gerardo D\u00edaz Ferr\u00e1n ha culpado a la Asociaci\u00f3n Internacional del Transporte A\u00e9reo (IATA) de provocar el hundimiento de Viajes Marsans, de la que era propietario junto al ya fallecido Gonzalo Pascual, al retirarle la licencia para vender billetes de avi\u00f3n en abril de 2010 por los impagos que presentaba\" \/>\n\t\t<meta name=\"twitter:image\" content=\"https:\/\/eldigitaldeasturias.com\/magazine365\/wp-content\/uploads\/2016\/01\/fotonoticia_20160107134437_800.jpg\" \/>\n\t\t<script type=\"application\/ld+json\" class=\"aioseo-schema\">\n\t\t\t{\"@context\":\"https:\\\/\\\/schema.org\",\"@graph\":[{\"@type\":\"Article\",\"@id\":\"https:\\\/\\\/eldigitaldeasturias.com\\\/magazine365\\\/diaz-ferran-culpa-a-la-iata-del-hundimiento-de-su-empresa\\\/#article\",\"name\":\"D\\u00edaz Ferr\\u00e1n culpa a la IATA del hundimiento de su empresa | El Digital de Asturias\",\"headline\":\"D\\u00edaz Ferr\\u00e1n culpa a la IATA del hundimiento de su empresa\",\"author\":{\"@id\":\"https:\\\/\\\/eldigitaldeasturias.com\\\/magazine365\\\/author\\\/admin\\\/#author\"},\"publisher\":{\"@id\":\"https:\\\/\\\/eldigitaldeasturias.com\\\/magazine365\\\/#organization\"},\"image\":{\"@type\":\"ImageObject\",\"url\":\"https:\\\/\\\/eldigitaldeasturias.com\\\/magazine365\\\/wp-content\\\/uploads\\\/2016\\\/01\\\/fotonoticia_20160107134437_800.jpg\",\"width\":800,\"height\":533},\"datePublished\":\"2016-01-10T22:06:57+01:00\",\"dateModified\":\"2016-01-10T22:06:57+01:00\",\"inLanguage\":\"es-ES\",\"mainEntityOfPage\":{\"@id\":\"https:\\\/\\\/eldigitaldeasturias.com\\\/magazine365\\\/diaz-ferran-culpa-a-la-iata-del-hundimiento-de-su-empresa\\\/#webpage\"},\"isPartOf\":{\"@id\":\"https:\\\/\\\/eldigitaldeasturias.com\\\/magazine365\\\/diaz-ferran-culpa-a-la-iata-del-hundimiento-de-su-empresa\\\/#webpage\"},\"articleSection\":\"Noticias y Actualidad\"},{\"@type\":\"BreadcrumbList\",\"@id\":\"https:\\\/\\\/eldigitaldeasturias.com\\\/magazine365\\\/diaz-ferran-culpa-a-la-iata-del-hundimiento-de-su-empresa\\\/#breadcrumblist\",\"itemListElement\":[{\"@type\":\"ListItem\",\"@id\":\"https:\\\/\\\/eldigitaldeasturias.com\\\/magazine365#listItem\",\"position\":1,\"name\":\"Home\",\"item\":\"https:\\\/\\\/eldigitaldeasturias.com\\\/magazine365\",\"nextItem\":{\"@type\":\"ListItem\",\"@id\":\"https:\\\/\\\/eldigitaldeasturias.com\\\/magazine365\\\/category\\\/noticias-actualidad\\\/#listItem\",\"name\":\"Noticias y Actualidad\"}},{\"@type\":\"ListItem\",\"@id\":\"https:\\\/\\\/eldigitaldeasturias.com\\\/magazine365\\\/category\\\/noticias-actualidad\\\/#listItem\",\"position\":2,\"name\":\"Noticias y Actualidad\",\"item\":\"https:\\\/\\\/eldigitaldeasturias.com\\\/magazine365\\\/category\\\/noticias-actualidad\\\/\",\"nextItem\":{\"@type\":\"ListItem\",\"@id\":\"https:\\\/\\\/eldigitaldeasturias.com\\\/magazine365\\\/diaz-ferran-culpa-a-la-iata-del-hundimiento-de-su-empresa\\\/#listItem\",\"name\":\"D\\u00edaz Ferr\\u00e1n culpa a la IATA del hundimiento de su empresa\"},\"previousItem\":{\"@type\":\"ListItem\",\"@id\":\"https:\\\/\\\/eldigitaldeasturias.com\\\/magazine365#listItem\",\"name\":\"Home\"}},{\"@type\":\"ListItem\",\"@id\":\"https:\\\/\\\/eldigitaldeasturias.com\\\/magazine365\\\/diaz-ferran-culpa-a-la-iata-del-hundimiento-de-su-empresa\\\/#listItem\",\"position\":3,\"name\":\"D\\u00edaz Ferr\\u00e1n culpa a la IATA del hundimiento de su empresa\",\"previousItem\":{\"@type\":\"ListItem\",\"@id\":\"https:\\\/\\\/eldigitaldeasturias.com\\\/magazine365\\\/category\\\/noticias-actualidad\\\/#listItem\",\"name\":\"Noticias y Actualidad\"}}]},{\"@type\":\"Organization\",\"@id\":\"https:\\\/\\\/eldigitaldeasturias.com\\\/magazine365\\\/#organization\",\"name\":\"El digital de Asturias\",\"description\":\"Revista de ocio, turismo y estilo de vida\",\"url\":\"https:\\\/\\\/eldigitaldeasturias.com\\\/magazine365\\\/\",\"logo\":{\"@type\":\"ImageObject\",\"url\":\"https:\\\/\\\/www.eldigitaldeasturias.com\\\/noticias\\\/wp-content\\\/uploads\\\/2020\\\/12\\\/EDA.jpg\",\"@id\":\"https:\\\/\\\/eldigitaldeasturias.com\\\/magazine365\\\/diaz-ferran-culpa-a-la-iata-del-hundimiento-de-su-empresa\\\/#organizationLogo\"},\"image\":{\"@id\":\"https:\\\/\\\/eldigitaldeasturias.com\\\/magazine365\\\/diaz-ferran-culpa-a-la-iata-del-hundimiento-de-su-empresa\\\/#organizationLogo\"}},{\"@type\":\"Person\",\"@id\":\"https:\\\/\\\/eldigitaldeasturias.com\\\/magazine365\\\/author\\\/admin\\\/#author\",\"url\":\"https:\\\/\\\/eldigitaldeasturias.com\\\/magazine365\\\/author\\\/admin\\\/\",\"name\":\"admin\",\"image\":{\"@type\":\"ImageObject\",\"@id\":\"https:\\\/\\\/eldigitaldeasturias.com\\\/magazine365\\\/diaz-ferran-culpa-a-la-iata-del-hundimiento-de-su-empresa\\\/#authorImage\",\"url\":\"https:\\\/\\\/eldigitaldeasturias.com\\\/magazine365\\\/wp-content\\\/litespeed\\\/avatar\\\/e571bcf59a0edd6fa6838245a470f2fe.jpg?ver=1777574230\",\"width\":96,\"height\":96,\"caption\":\"admin\"}},{\"@type\":\"WebPage\",\"@id\":\"https:\\\/\\\/eldigitaldeasturias.com\\\/magazine365\\\/diaz-ferran-culpa-a-la-iata-del-hundimiento-de-su-empresa\\\/#webpage\",\"url\":\"https:\\\/\\\/eldigitaldeasturias.com\\\/magazine365\\\/diaz-ferran-culpa-a-la-iata-del-hundimiento-de-su-empresa\\\/\",\"name\":\"D\\u00edaz Ferr\\u00e1n culpa a la IATA del hundimiento de su empresa | El Digital de Asturias\",\"description\":\"El expresidente de la patronal CEOE Gerardo D\\u00edaz Ferr\\u00e1n ha culpado a la Asociaci\\u00f3n Internacional del Transporte A\\u00e9reo (IATA) de provocar el hundimiento de Viajes Marsans, de la que era propietario junto al ya fallecido Gonzalo Pascual, al retirarle la licencia para vender billetes de avi\\u00f3n en abril de 2010 por los impagos que presentaba\",\"inLanguage\":\"es-ES\",\"isPartOf\":{\"@id\":\"https:\\\/\\\/eldigitaldeasturias.com\\\/magazine365\\\/#website\"},\"breadcrumb\":{\"@id\":\"https:\\\/\\\/eldigitaldeasturias.com\\\/magazine365\\\/diaz-ferran-culpa-a-la-iata-del-hundimiento-de-su-empresa\\\/#breadcrumblist\"},\"author\":{\"@id\":\"https:\\\/\\\/eldigitaldeasturias.com\\\/magazine365\\\/author\\\/admin\\\/#author\"},\"creator\":{\"@id\":\"https:\\\/\\\/eldigitaldeasturias.com\\\/magazine365\\\/author\\\/admin\\\/#author\"},\"image\":{\"@type\":\"ImageObject\",\"url\":\"https:\\\/\\\/eldigitaldeasturias.com\\\/magazine365\\\/wp-content\\\/uploads\\\/2016\\\/01\\\/fotonoticia_20160107134437_800.jpg\",\"@id\":\"https:\\\/\\\/eldigitaldeasturias.com\\\/magazine365\\\/diaz-ferran-culpa-a-la-iata-del-hundimiento-de-su-empresa\\\/#mainImage\",\"width\":800,\"height\":533},\"primaryImageOfPage\":{\"@id\":\"https:\\\/\\\/eldigitaldeasturias.com\\\/magazine365\\\/diaz-ferran-culpa-a-la-iata-del-hundimiento-de-su-empresa\\\/#mainImage\"},\"datePublished\":\"2016-01-10T22:06:57+01:00\",\"dateModified\":\"2016-01-10T22:06:57+01:00\"},{\"@type\":\"WebSite\",\"@id\":\"https:\\\/\\\/eldigitaldeasturias.com\\\/magazine365\\\/#website\",\"url\":\"https:\\\/\\\/eldigitaldeasturias.com\\\/magazine365\\\/\",\"name\":\"El Digital de Asturias\",\"description\":\"Revista de ocio, turismo y estilo de vida\",\"inLanguage\":\"es-ES\",\"publisher\":{\"@id\":\"https:\\\/\\\/eldigitaldeasturias.com\\\/magazine365\\\/#organization\"}}]}\n\t\t<\/script>\n\t\t<!-- All in One SEO Pro -->\r\n\t\t<title>D\u00edaz Ferr\u00e1n culpa a la IATA del hundimiento de su empresa | El Digital de Asturias<\/title>\n\n","aioseo_head_json":{"title":"D\u00edaz Ferr\u00e1n culpa a la IATA del hundimiento de su empresa | El Digital de Asturias","description":"El expresidente de la patronal CEOE Gerardo D\u00edaz Ferr\u00e1n ha culpado a la Asociaci\u00f3n Internacional del Transporte A\u00e9reo (IATA) de provocar el hundimiento de Viajes Marsans, de la que era propietario junto al ya fallecido Gonzalo Pascual, al retirarle la licencia para vender billetes de avi\u00f3n en abril de 2010 por los impagos que presentaba","canonical_url":"https:\/\/eldigitaldeasturias.com\/magazine365\/diaz-ferran-culpa-a-la-iata-del-hundimiento-de-su-empresa\/","robots":"max-image-preview:large","keywords":"noticias y actualidad","webmasterTools":{"google-site-verification":"UA-38556648-1","miscellaneous":""},"schema":{"@context":"https:\/\/schema.org","@graph":[{"@type":"Article","@id":"https:\/\/eldigitaldeasturias.com\/magazine365\/diaz-ferran-culpa-a-la-iata-del-hundimiento-de-su-empresa\/#article","name":"D\u00edaz Ferr\u00e1n culpa a la IATA del hundimiento de su empresa | El Digital de Asturias","headline":"D\u00edaz Ferr\u00e1n culpa a la IATA del hundimiento de su empresa","author":{"@id":"https:\/\/eldigitaldeasturias.com\/magazine365\/author\/admin\/#author"},"publisher":{"@id":"https:\/\/eldigitaldeasturias.com\/magazine365\/#organization"},"image":{"@type":"ImageObject","url":"https:\/\/eldigitaldeasturias.com\/magazine365\/wp-content\/uploads\/2016\/01\/fotonoticia_20160107134437_800.jpg","width":800,"height":533},"datePublished":"2016-01-10T22:06:57+01:00","dateModified":"2016-01-10T22:06:57+01:00","inLanguage":"es-ES","mainEntityOfPage":{"@id":"https:\/\/eldigitaldeasturias.com\/magazine365\/diaz-ferran-culpa-a-la-iata-del-hundimiento-de-su-empresa\/#webpage"},"isPartOf":{"@id":"https:\/\/eldigitaldeasturias.com\/magazine365\/diaz-ferran-culpa-a-la-iata-del-hundimiento-de-su-empresa\/#webpage"},"articleSection":"Noticias y Actualidad"},{"@type":"BreadcrumbList","@id":"https:\/\/eldigitaldeasturias.com\/magazine365\/diaz-ferran-culpa-a-la-iata-del-hundimiento-de-su-empresa\/#breadcrumblist","itemListElement":[{"@type":"ListItem","@id":"https:\/\/eldigitaldeasturias.com\/magazine365#listItem","position":1,"name":"Home","item":"https:\/\/eldigitaldeasturias.com\/magazine365","nextItem":{"@type":"ListItem","@id":"https:\/\/eldigitaldeasturias.com\/magazine365\/category\/noticias-actualidad\/#listItem","name":"Noticias y Actualidad"}},{"@type":"ListItem","@id":"https:\/\/eldigitaldeasturias.com\/magazine365\/category\/noticias-actualidad\/#listItem","position":2,"name":"Noticias y Actualidad","item":"https:\/\/eldigitaldeasturias.com\/magazine365\/category\/noticias-actualidad\/","nextItem":{"@type":"ListItem","@id":"https:\/\/eldigitaldeasturias.com\/magazine365\/diaz-ferran-culpa-a-la-iata-del-hundimiento-de-su-empresa\/#listItem","name":"D\u00edaz Ferr\u00e1n culpa a la IATA del hundimiento de su empresa"},"previousItem":{"@type":"ListItem","@id":"https:\/\/eldigitaldeasturias.com\/magazine365#listItem","name":"Home"}},{"@type":"ListItem","@id":"https:\/\/eldigitaldeasturias.com\/magazine365\/diaz-ferran-culpa-a-la-iata-del-hundimiento-de-su-empresa\/#listItem","position":3,"name":"D\u00edaz Ferr\u00e1n culpa a la IATA del hundimiento de su empresa","previousItem":{"@type":"ListItem","@id":"https:\/\/eldigitaldeasturias.com\/magazine365\/category\/noticias-actualidad\/#listItem","name":"Noticias y Actualidad"}}]},{"@type":"Organization","@id":"https:\/\/eldigitaldeasturias.com\/magazine365\/#organization","name":"El digital de Asturias","description":"Revista de ocio, turismo y estilo de vida","url":"https:\/\/eldigitaldeasturias.com\/magazine365\/","logo":{"@type":"ImageObject","url":"https:\/\/www.eldigitaldeasturias.com\/noticias\/wp-content\/uploads\/2020\/12\/EDA.jpg","@id":"https:\/\/eldigitaldeasturias.com\/magazine365\/diaz-ferran-culpa-a-la-iata-del-hundimiento-de-su-empresa\/#organizationLogo"},"image":{"@id":"https:\/\/eldigitaldeasturias.com\/magazine365\/diaz-ferran-culpa-a-la-iata-del-hundimiento-de-su-empresa\/#organizationLogo"}},{"@type":"Person","@id":"https:\/\/eldigitaldeasturias.com\/magazine365\/author\/admin\/#author","url":"https:\/\/eldigitaldeasturias.com\/magazine365\/author\/admin\/","name":"admin","image":{"@type":"ImageObject","@id":"https:\/\/eldigitaldeasturias.com\/magazine365\/diaz-ferran-culpa-a-la-iata-del-hundimiento-de-su-empresa\/#authorImage","url":"https:\/\/eldigitaldeasturias.com\/magazine365\/wp-content\/litespeed\/avatar\/e571bcf59a0edd6fa6838245a470f2fe.jpg?ver=1777574230","width":96,"height":96,"caption":"admin"}},{"@type":"WebPage","@id":"https:\/\/eldigitaldeasturias.com\/magazine365\/diaz-ferran-culpa-a-la-iata-del-hundimiento-de-su-empresa\/#webpage","url":"https:\/\/eldigitaldeasturias.com\/magazine365\/diaz-ferran-culpa-a-la-iata-del-hundimiento-de-su-empresa\/","name":"D\u00edaz Ferr\u00e1n culpa a la IATA del hundimiento de su empresa | El Digital de Asturias","description":"El expresidente de la patronal CEOE Gerardo D\u00edaz Ferr\u00e1n ha culpado a la Asociaci\u00f3n Internacional del Transporte A\u00e9reo (IATA) de provocar el hundimiento de Viajes Marsans, de la que era propietario junto al ya fallecido Gonzalo Pascual, al retirarle la licencia para vender billetes de avi\u00f3n en abril de 2010 por los impagos que presentaba","inLanguage":"es-ES","isPartOf":{"@id":"https:\/\/eldigitaldeasturias.com\/magazine365\/#website"},"breadcrumb":{"@id":"https:\/\/eldigitaldeasturias.com\/magazine365\/diaz-ferran-culpa-a-la-iata-del-hundimiento-de-su-empresa\/#breadcrumblist"},"author":{"@id":"https:\/\/eldigitaldeasturias.com\/magazine365\/author\/admin\/#author"},"creator":{"@id":"https:\/\/eldigitaldeasturias.com\/magazine365\/author\/admin\/#author"},"image":{"@type":"ImageObject","url":"https:\/\/eldigitaldeasturias.com\/magazine365\/wp-content\/uploads\/2016\/01\/fotonoticia_20160107134437_800.jpg","@id":"https:\/\/eldigitaldeasturias.com\/magazine365\/diaz-ferran-culpa-a-la-iata-del-hundimiento-de-su-empresa\/#mainImage","width":800,"height":533},"primaryImageOfPage":{"@id":"https:\/\/eldigitaldeasturias.com\/magazine365\/diaz-ferran-culpa-a-la-iata-del-hundimiento-de-su-empresa\/#mainImage"},"datePublished":"2016-01-10T22:06:57+01:00","dateModified":"2016-01-10T22:06:57+01:00"},{"@type":"WebSite","@id":"https:\/\/eldigitaldeasturias.com\/magazine365\/#website","url":"https:\/\/eldigitaldeasturias.com\/magazine365\/","name":"El Digital de Asturias","description":"Revista de ocio, turismo y estilo de vida","inLanguage":"es-ES","publisher":{"@id":"https:\/\/eldigitaldeasturias.com\/magazine365\/#organization"}}]},"og:locale":"es_ES","og:site_name":"El Digital de Asturias \u2013 Revista de ocio, turismo y estilo de vida","og:type":"article","og:title":"D\u00edaz Ferr\u00e1n culpa a la IATA del hundimiento de su empresa | El Digital de Asturias","og:description":"El expresidente de la patronal CEOE Gerardo D\u00edaz Ferr\u00e1n ha culpado a la Asociaci\u00f3n Internacional del Transporte A\u00e9reo (IATA) de provocar el hundimiento de Viajes Marsans, de la que era propietario junto al ya fallecido Gonzalo Pascual, al retirarle la licencia para vender billetes de avi\u00f3n en abril de 2010 por los impagos que presentaba","og:url":"https:\/\/eldigitaldeasturias.com\/magazine365\/diaz-ferran-culpa-a-la-iata-del-hundimiento-de-su-empresa\/","og:image":"https:\/\/eldigitaldeasturias.com\/magazine365\/wp-content\/uploads\/2016\/01\/fotonoticia_20160107134437_800.jpg","og:image:secure_url":"https:\/\/eldigitaldeasturias.com\/magazine365\/wp-content\/uploads\/2016\/01\/fotonoticia_20160107134437_800.jpg","og:image:width":800,"og:image:height":533,"article:published_time":"2016-01-10T21:06:57+00:00","article:modified_time":"2016-01-10T21:06:57+00:00","twitter:card":"summary_large_image","twitter:title":"D\u00edaz Ferr\u00e1n culpa a la IATA del hundimiento de su empresa | El Digital de Asturias","twitter:description":"El expresidente de la patronal CEOE Gerardo D\u00edaz Ferr\u00e1n ha culpado a la Asociaci\u00f3n Internacional del Transporte A\u00e9reo (IATA) de provocar el hundimiento de Viajes Marsans, de la que era propietario junto al ya fallecido Gonzalo Pascual, al retirarle la licencia para vender billetes de avi\u00f3n en abril de 2010 por los impagos que presentaba","twitter:image":"https:\/\/eldigitaldeasturias.com\/magazine365\/wp-content\/uploads\/2016\/01\/fotonoticia_20160107134437_800.jpg"},"aioseo_meta_data":{"post_id":"59961","title":null,"description":null,"keywords":null,"keyphrases":null,"primary_term":null,"canonical_url":null,"og_title":null,"og_description":null,"og_object_type":"default","og_image_type":"default","og_image_url":null,"og_image_width":null,"og_image_height":null,"og_image_custom_url":null,"og_image_custom_fields":null,"og_video":null,"og_custom_url":null,"og_article_section":null,"og_article_tags":null,"twitter_use_og":false,"twitter_card":"default","twitter_image_type":"default","twitter_image_url":null,"twitter_image_custom_url":null,"twitter_image_custom_fields":null,"twitter_title":null,"twitter_description":null,"schema":{"blockGraphs":[],"customGraphs":[],"default":{"data":{"Article":[],"Course":[],"Dataset":[],"FAQPage":[],"Movie":[],"Person":[],"Product":[],"ProductReview":[],"Car":[],"Recipe":[],"Service":[],"SoftwareApplication":[],"WebPage":[]},"graphName":"","isEnabled":true},"graphs":[],"defaultGraph":"","defaultPostTypeGraph":""},"schema_type":null,"schema_type_options":null,"pillar_content":false,"robots_default":true,"robots_noindex":false,"robots_noarchive":false,"robots_nosnippet":false,"robots_nofollow":false,"robots_noimageindex":false,"robots_noodp":false,"robots_notranslate":false,"robots_max_snippet":null,"robots_max_videopreview":null,"robots_max_imagepreview":"large","priority":null,"frequency":null,"location":null,"local_seo":null,"seo_analyzer_scan_date":"2025-09-25 05:58:56","breadcrumb_settings":null,"limit_modified_date":false,"open_ai":null,"ai":null,"created":"2021-03-08 22:07:08","updated":"2025-09-25 05:58:56"},"aioseo_breadcrumb":"<div class=\"aioseo-breadcrumbs\"><span class=\"aioseo-breadcrumb\">\n\t<a href=\"https:\/\/eldigitaldeasturias.com\/magazine365\" title=\"Home\">Home<\/a>\n<\/span><span class=\"aioseo-breadcrumb-separator\">\u2013<\/span><span class=\"aioseo-breadcrumb\">\n\t<a href=\"https:\/\/eldigitaldeasturias.com\/magazine365\/category\/noticias-actualidad\/\" title=\"Noticias y Actualidad\">Noticias y Actualidad<\/a>\n<\/span><span class=\"aioseo-breadcrumb-separator\">\u2013<\/span><span class=\"aioseo-breadcrumb\">\n\t<a href=\"https:\/\/eldigitaldeasturias.com\/magazine365\/diaz-ferran-culpa-a-la-iata-del-hundimiento-de-su-empresa\/\" title=\"D\u00edaz Ferr\u00e1n culpa a la IATA del hundimiento de su empresa\">D\u00edaz Ferr\u00e1n culpa a la IATA del hundimiento de su empresa<\/a>\n<\/span><\/div>","aioseo_breadcrumb_json":[{"label":"Home","link":"https:\/\/eldigitaldeasturias.com\/magazine365"},{"label":"Noticias y Actualidad","link":"https:\/\/eldigitaldeasturias.com\/magazine365\/category\/noticias-actualidad\/"},{"label":"D\u00edaz Ferr\u00e1n culpa a la IATA del hundimiento de su empresa","link":"https:\/\/eldigitaldeasturias.com\/magazine365\/diaz-ferran-culpa-a-la-iata-del-hundimiento-de-su-empresa\/"}],"_links":{"self":[{"href":"https:\/\/eldigitaldeasturias.com\/magazine365\/wp-json\/wp\/v2\/posts\/59961","targetHints":{"allow":["GET"]}}],"collection":[{"href":"https:\/\/eldigitaldeasturias.com\/magazine365\/wp-json\/wp\/v2\/posts"}],"about":[{"href":"https:\/\/eldigitaldeasturias.com\/magazine365\/wp-json\/wp\/v2\/types\/post"}],"author":[{"embeddable":true,"href":"https:\/\/eldigitaldeasturias.com\/magazine365\/wp-json\/wp\/v2\/users\/1"}],"replies":[{"embeddable":true,"href":"https:\/\/eldigitaldeasturias.com\/magazine365\/wp-json\/wp\/v2\/comments?post=59961"}],"version-history":[{"count":0,"href":"https:\/\/eldigitaldeasturias.com\/magazine365\/wp-json\/wp\/v2\/posts\/59961\/revisions"}],"wp:featuredmedia":[{"embeddable":true,"href":"https:\/\/eldigitaldeasturias.com\/magazine365\/wp-json\/wp\/v2\/media\/59962"}],"wp:attachment":[{"href":"https:\/\/eldigitaldeasturias.com\/magazine365\/wp-json\/wp\/v2\/media?parent=59961"}],"wp:term":[{"taxonomy":"category","embeddable":true,"href":"https:\/\/eldigitaldeasturias.com\/magazine365\/wp-json\/wp\/v2\/categories?post=59961"},{"taxonomy":"post_tag","embeddable":true,"href":"https:\/\/eldigitaldeasturias.com\/magazine365\/wp-json\/wp\/v2\/tags?post=59961"}],"curies":[{"name":"wp","href":"https:\/\/api.w.org\/{rel}","templated":true}]}}