{"id":59956,"date":"2016-01-10T22:01:57","date_gmt":"2016-01-10T21:01:57","guid":{"rendered":"http:\/\/eldigitaldeasturias.com\/magazine365\/?p=59956"},"modified":"2016-01-10T22:01:57","modified_gmt":"2016-01-10T21:01:57","slug":"malaga-asiste-a-la-feria-vakantiebeurs-con-el-objetivo-de-recuperar-el-mercado-de-los-paises-bajos","status":"publish","type":"post","link":"https:\/\/eldigitaldeasturias.com\/magazine365\/malaga-asiste-a-la-feria-vakantiebeurs-con-el-objetivo-de-recuperar-el-mercado-de-los-paises-bajos\/","title":{"rendered":"M\u00e1laga asiste a la feria Vakantiebeurs con el objetivo de recuperar el mercado de los Pa\u00edses Bajos"},"content":{"rendered":"<p><img fetchpriority=\"high\" decoding=\"async\" class=\"alignleft size-medium wp-image-54398\" src=\"https:\/\/eldigitaldeasturias.com\/magazine365\/wp-content\/uploads\/2015\/11\/playa4-655x360-360x198.jpg\" alt=\"playa4-655x360\" width=\"360\" height=\"198\" srcset=\"https:\/\/eldigitaldeasturias.com\/magazine365\/wp-content\/uploads\/2015\/11\/playa4-655x360-360x198.jpg 360w, https:\/\/eldigitaldeasturias.com\/magazine365\/wp-content\/uploads\/2015\/11\/playa4-655x360-650x357.jpg 650w, https:\/\/eldigitaldeasturias.com\/magazine365\/wp-content\/uploads\/2015\/11\/playa4-655x360-150x82.jpg 150w, https:\/\/eldigitaldeasturias.com\/magazine365\/wp-content\/uploads\/2015\/11\/playa4-655x360-450x247.jpg 450w, https:\/\/eldigitaldeasturias.com\/magazine365\/wp-content\/uploads\/2015\/11\/playa4-655x360.jpg 655w\" sizes=\"(max-width: 360px) 100vw, 360px\" \/>El \u00c1rea de Turismo y Promoci\u00f3n de la Ciudad de M\u00e1laga inaugura el calendario promocional de 2016 con la presencia, la pr\u00f3xima semana, entre los d\u00edas 12 y 17 de enero, en la feria Vakantiebeurs de Utrecht (Pa\u00edses Bajos), que est\u00e1 considerada como el evento tur\u00edstico m\u00e1s importante de cuantos se celebran en el mercado holand\u00e9s y donde busca recuperar este mercado.<\/p>\n<p>En concreto, la delegaci\u00f3n malague\u00f1a, que acude a la cita bajo el paraguas de la empresa p\u00fablica de Turismo Andaluz, presentar\u00e1 las \u00faltimas novedades de la oferta tur\u00edstica de la ciudad dentro del expositor que Turespa\u00f1a tiene en la feria, que se celebra un a\u00f1o m\u00e1s en el recinto Royal Dutch Jaarbeurs.<\/p>\n<p>El plan director del \u00c1rea de Turismo concede una gran importancia a los Pa\u00edses Bajos, ya que este mercado ha sido uno de los pocos emisores internacionales que en los \u00faltimos meses ha experimentado descensos. No obstante, el club de producto de Turismo Cultural &#8216;Feel M\u00e1laga&#8217;, encargado de esta promoci\u00f3n, se ha marcado como objetivo la recuperaci\u00f3n de este importante mercado.<\/p>\n<p>As\u00ed, entre enero y noviembre de 2015, \u00faltimo mes del que el Instituto Nacional de Estad\u00edstica (INE) tiene datos oficiales, se alojaron en los hoteles de la ciudad un total de 28.713 visitantes procedentes de los Pa\u00edses Bajos, lo que supone una ca\u00edda del 11 por ciento con respecto al mismo periodo del a\u00f1o anterior.<\/p>\n<p>Por ello, para mejorar las cifras de llegadas, los t\u00e9cnicos de promoci\u00f3n del \u00c1rea de Turismo tienen prevista para estos d\u00edas una importante agenda de contactos, que incluye citas con algunos de los m\u00e1s conocidos agentes de viajes, touroperadores y compa\u00f1\u00edas a\u00e9reas, entre los que destacan TUI Nederlands, De Jong Intra, Src Cultuur o Sunair, seg\u00fan han informado desde el Ayuntamiento a trav\u00e9s de un comunicado.<\/p>\n<p>La feria Vakantiebeurs se ha consolidado en las \u00faltimas ediciones como un importante punto de encuentro para la industria tur\u00edstica y una buena oportunidad para establecer contactos profesionales, principalmente con los empresarios de los pa\u00edses del norte de Europa. El a\u00f1o pasado pasaron por esta cita tur\u00edstica m\u00e1s de 117.000 personas, de los que unos 18.000 eran profesionales tur\u00edsticos de m\u00e1s de 160 pa\u00edses.<\/p>\n","protected":false},"excerpt":{"rendered":"<p>El \u00c1rea de Turismo y Promoci\u00f3n de la Ciudad de M\u00e1laga inaugura el calendario promocional de 2016 con la presencia, la pr\u00f3xima semana, entre los d\u00edas 12 y 17 de enero, en la feria Vakantiebeurs de Utrecht (Pa\u00edses Bajos), que est\u00e1 considerada como el evento tur\u00edstico m\u00e1s importante de cuantos se celebran en el mercado<\/p>\n","protected":false},"author":1,"featured_media":54398,"comment_status":"open","ping_status":"closed","sticky":false,"template":"","format":"standard","meta":{"footnotes":""},"categories":[224],"tags":[],"class_list":{"0":"post-59956","1":"post","2":"type-post","3":"status-publish","4":"format-standard","5":"has-post-thumbnail","7":"category-noticias-actualidad"},"aioseo_notices":[],"aioseo_head":"\n\t\t<!-- All in One SEO Pro 4.9.6.1 - aioseo.com -->\n\t<meta name=\"description\" content=\"El \u00c1rea de Turismo y Promoci\u00f3n de la Ciudad de M\u00e1laga inaugura el calendario promocional de 2016 con la presencia, la pr\u00f3xima semana, entre los d\u00edas 12 y 17 de enero, en la feria Vakantiebeurs de Utrecht (Pa\u00edses Bajos), que est\u00e1 considerada como el evento tur\u00edstico m\u00e1s importante de cuantos se celebran en el mercado\" \/>\n\t<meta name=\"robots\" content=\"max-image-preview:large\" \/>\n\t<meta name=\"author\" content=\"admin\"\/>\n\t<meta name=\"google-site-verification\" content=\"UA-38556648-1\" \/>\n\t<meta name=\"keywords\" content=\"noticias y actualidad\" \/>\n\t<link rel=\"canonical\" href=\"https:\/\/eldigitaldeasturias.com\/magazine365\/malaga-asiste-a-la-feria-vakantiebeurs-con-el-objetivo-de-recuperar-el-mercado-de-los-paises-bajos\/\" \/>\n\t<meta name=\"generator\" content=\"All in One SEO Pro (AIOSEO) 4.9.6.1\" \/>\n\t\t<meta property=\"og:locale\" content=\"es_ES\" \/>\n\t\t<meta property=\"og:site_name\" content=\"El Digital de Asturias \u2013 Revista de ocio, turismo y estilo de vida\" \/>\n\t\t<meta property=\"og:type\" content=\"article\" \/>\n\t\t<meta property=\"og:title\" content=\"M\u00e1laga asiste a la feria Vakantiebeurs con el objetivo de recuperar el mercado de los Pa\u00edses Bajos | El Digital de Asturias\" \/>\n\t\t<meta property=\"og:description\" content=\"El \u00c1rea de Turismo y Promoci\u00f3n de la Ciudad de M\u00e1laga inaugura el calendario promocional de 2016 con la presencia, la pr\u00f3xima semana, entre los d\u00edas 12 y 17 de enero, en la feria Vakantiebeurs de Utrecht (Pa\u00edses Bajos), que est\u00e1 considerada como el evento tur\u00edstico m\u00e1s importante de cuantos se celebran en el mercado\" \/>\n\t\t<meta property=\"og:url\" content=\"https:\/\/eldigitaldeasturias.com\/magazine365\/malaga-asiste-a-la-feria-vakantiebeurs-con-el-objetivo-de-recuperar-el-mercado-de-los-paises-bajos\/\" \/>\n\t\t<meta property=\"og:image\" content=\"https:\/\/eldigitaldeasturias.com\/magazine365\/wp-content\/uploads\/2015\/11\/playa4-655x360.jpg\" \/>\n\t\t<meta property=\"og:image:secure_url\" content=\"https:\/\/eldigitaldeasturias.com\/magazine365\/wp-content\/uploads\/2015\/11\/playa4-655x360.jpg\" \/>\n\t\t<meta property=\"og:image:width\" content=\"655\" \/>\n\t\t<meta property=\"og:image:height\" content=\"360\" \/>\n\t\t<meta property=\"article:published_time\" content=\"2016-01-10T21:01:57+00:00\" \/>\n\t\t<meta property=\"article:modified_time\" content=\"2016-01-10T21:01:57+00:00\" \/>\n\t\t<meta name=\"twitter:card\" content=\"summary_large_image\" \/>\n\t\t<meta name=\"twitter:title\" content=\"M\u00e1laga asiste a la feria Vakantiebeurs con el objetivo de recuperar el mercado de los Pa\u00edses Bajos | El Digital de Asturias\" \/>\n\t\t<meta name=\"twitter:description\" content=\"El \u00c1rea de Turismo y Promoci\u00f3n de la Ciudad de M\u00e1laga inaugura el calendario promocional de 2016 con la presencia, la pr\u00f3xima semana, entre los d\u00edas 12 y 17 de enero, en la feria Vakantiebeurs de Utrecht (Pa\u00edses Bajos), que est\u00e1 considerada como el evento tur\u00edstico m\u00e1s importante de cuantos se celebran en el mercado\" \/>\n\t\t<meta name=\"twitter:image\" content=\"https:\/\/eldigitaldeasturias.com\/magazine365\/wp-content\/uploads\/2015\/11\/playa4-655x360.jpg\" \/>\n\t\t<script type=\"application\/ld+json\" class=\"aioseo-schema\">\n\t\t\t{\"@context\":\"https:\\\/\\\/schema.org\",\"@graph\":[{\"@type\":\"Article\",\"@id\":\"https:\\\/\\\/eldigitaldeasturias.com\\\/magazine365\\\/malaga-asiste-a-la-feria-vakantiebeurs-con-el-objetivo-de-recuperar-el-mercado-de-los-paises-bajos\\\/#article\",\"name\":\"M\\u00e1laga asiste a la feria Vakantiebeurs con el objetivo de recuperar el mercado de los Pa\\u00edses Bajos | El Digital de Asturias\",\"headline\":\"M\\u00e1laga asiste a la feria Vakantiebeurs con el objetivo de recuperar el mercado de los Pa\\u00edses Bajos\",\"author\":{\"@id\":\"https:\\\/\\\/eldigitaldeasturias.com\\\/magazine365\\\/author\\\/admin\\\/#author\"},\"publisher\":{\"@id\":\"https:\\\/\\\/eldigitaldeasturias.com\\\/magazine365\\\/#organization\"},\"image\":{\"@type\":\"ImageObject\",\"url\":\"https:\\\/\\\/eldigitaldeasturias.com\\\/magazine365\\\/wp-content\\\/uploads\\\/2015\\\/11\\\/playa4-655x360.jpg\",\"width\":655,\"height\":360},\"datePublished\":\"2016-01-10T22:01:57+01:00\",\"dateModified\":\"2016-01-10T22:01:57+01:00\",\"inLanguage\":\"es-ES\",\"mainEntityOfPage\":{\"@id\":\"https:\\\/\\\/eldigitaldeasturias.com\\\/magazine365\\\/malaga-asiste-a-la-feria-vakantiebeurs-con-el-objetivo-de-recuperar-el-mercado-de-los-paises-bajos\\\/#webpage\"},\"isPartOf\":{\"@id\":\"https:\\\/\\\/eldigitaldeasturias.com\\\/magazine365\\\/malaga-asiste-a-la-feria-vakantiebeurs-con-el-objetivo-de-recuperar-el-mercado-de-los-paises-bajos\\\/#webpage\"},\"articleSection\":\"Noticias y Actualidad\"},{\"@type\":\"BreadcrumbList\",\"@id\":\"https:\\\/\\\/eldigitaldeasturias.com\\\/magazine365\\\/malaga-asiste-a-la-feria-vakantiebeurs-con-el-objetivo-de-recuperar-el-mercado-de-los-paises-bajos\\\/#breadcrumblist\",\"itemListElement\":[{\"@type\":\"ListItem\",\"@id\":\"https:\\\/\\\/eldigitaldeasturias.com\\\/magazine365#listItem\",\"position\":1,\"name\":\"Home\",\"item\":\"https:\\\/\\\/eldigitaldeasturias.com\\\/magazine365\",\"nextItem\":{\"@type\":\"ListItem\",\"@id\":\"https:\\\/\\\/eldigitaldeasturias.com\\\/magazine365\\\/category\\\/noticias-actualidad\\\/#listItem\",\"name\":\"Noticias y Actualidad\"}},{\"@type\":\"ListItem\",\"@id\":\"https:\\\/\\\/eldigitaldeasturias.com\\\/magazine365\\\/category\\\/noticias-actualidad\\\/#listItem\",\"position\":2,\"name\":\"Noticias y Actualidad\",\"item\":\"https:\\\/\\\/eldigitaldeasturias.com\\\/magazine365\\\/category\\\/noticias-actualidad\\\/\",\"nextItem\":{\"@type\":\"ListItem\",\"@id\":\"https:\\\/\\\/eldigitaldeasturias.com\\\/magazine365\\\/malaga-asiste-a-la-feria-vakantiebeurs-con-el-objetivo-de-recuperar-el-mercado-de-los-paises-bajos\\\/#listItem\",\"name\":\"M\\u00e1laga asiste a la feria Vakantiebeurs con el objetivo de recuperar el mercado de los Pa\\u00edses Bajos\"},\"previousItem\":{\"@type\":\"ListItem\",\"@id\":\"https:\\\/\\\/eldigitaldeasturias.com\\\/magazine365#listItem\",\"name\":\"Home\"}},{\"@type\":\"ListItem\",\"@id\":\"https:\\\/\\\/eldigitaldeasturias.com\\\/magazine365\\\/malaga-asiste-a-la-feria-vakantiebeurs-con-el-objetivo-de-recuperar-el-mercado-de-los-paises-bajos\\\/#listItem\",\"position\":3,\"name\":\"M\\u00e1laga asiste a la feria Vakantiebeurs con el objetivo de recuperar el mercado de los Pa\\u00edses Bajos\",\"previousItem\":{\"@type\":\"ListItem\",\"@id\":\"https:\\\/\\\/eldigitaldeasturias.com\\\/magazine365\\\/category\\\/noticias-actualidad\\\/#listItem\",\"name\":\"Noticias y Actualidad\"}}]},{\"@type\":\"Organization\",\"@id\":\"https:\\\/\\\/eldigitaldeasturias.com\\\/magazine365\\\/#organization\",\"name\":\"El digital de Asturias\",\"description\":\"Revista de ocio, turismo y estilo de vida\",\"url\":\"https:\\\/\\\/eldigitaldeasturias.com\\\/magazine365\\\/\",\"logo\":{\"@type\":\"ImageObject\",\"url\":\"https:\\\/\\\/www.eldigitaldeasturias.com\\\/noticias\\\/wp-content\\\/uploads\\\/2020\\\/12\\\/EDA.jpg\",\"@id\":\"https:\\\/\\\/eldigitaldeasturias.com\\\/magazine365\\\/malaga-asiste-a-la-feria-vakantiebeurs-con-el-objetivo-de-recuperar-el-mercado-de-los-paises-bajos\\\/#organizationLogo\"},\"image\":{\"@id\":\"https:\\\/\\\/eldigitaldeasturias.com\\\/magazine365\\\/malaga-asiste-a-la-feria-vakantiebeurs-con-el-objetivo-de-recuperar-el-mercado-de-los-paises-bajos\\\/#organizationLogo\"}},{\"@type\":\"Person\",\"@id\":\"https:\\\/\\\/eldigitaldeasturias.com\\\/magazine365\\\/author\\\/admin\\\/#author\",\"url\":\"https:\\\/\\\/eldigitaldeasturias.com\\\/magazine365\\\/author\\\/admin\\\/\",\"name\":\"admin\",\"image\":{\"@type\":\"ImageObject\",\"@id\":\"https:\\\/\\\/eldigitaldeasturias.com\\\/magazine365\\\/malaga-asiste-a-la-feria-vakantiebeurs-con-el-objetivo-de-recuperar-el-mercado-de-los-paises-bajos\\\/#authorImage\",\"url\":\"https:\\\/\\\/eldigitaldeasturias.com\\\/magazine365\\\/wp-content\\\/litespeed\\\/avatar\\\/e571bcf59a0edd6fa6838245a470f2fe.jpg?ver=1777574230\",\"width\":96,\"height\":96,\"caption\":\"admin\"}},{\"@type\":\"WebPage\",\"@id\":\"https:\\\/\\\/eldigitaldeasturias.com\\\/magazine365\\\/malaga-asiste-a-la-feria-vakantiebeurs-con-el-objetivo-de-recuperar-el-mercado-de-los-paises-bajos\\\/#webpage\",\"url\":\"https:\\\/\\\/eldigitaldeasturias.com\\\/magazine365\\\/malaga-asiste-a-la-feria-vakantiebeurs-con-el-objetivo-de-recuperar-el-mercado-de-los-paises-bajos\\\/\",\"name\":\"M\\u00e1laga asiste a la feria Vakantiebeurs con el objetivo de recuperar el mercado de los Pa\\u00edses Bajos | El Digital de Asturias\",\"description\":\"El \\u00c1rea de Turismo y Promoci\\u00f3n de la Ciudad de M\\u00e1laga inaugura el calendario promocional de 2016 con la presencia, la pr\\u00f3xima semana, entre los d\\u00edas 12 y 17 de enero, en la feria Vakantiebeurs de Utrecht (Pa\\u00edses Bajos), que est\\u00e1 considerada como el evento tur\\u00edstico m\\u00e1s importante de cuantos se celebran en el mercado\",\"inLanguage\":\"es-ES\",\"isPartOf\":{\"@id\":\"https:\\\/\\\/eldigitaldeasturias.com\\\/magazine365\\\/#website\"},\"breadcrumb\":{\"@id\":\"https:\\\/\\\/eldigitaldeasturias.com\\\/magazine365\\\/malaga-asiste-a-la-feria-vakantiebeurs-con-el-objetivo-de-recuperar-el-mercado-de-los-paises-bajos\\\/#breadcrumblist\"},\"author\":{\"@id\":\"https:\\\/\\\/eldigitaldeasturias.com\\\/magazine365\\\/author\\\/admin\\\/#author\"},\"creator\":{\"@id\":\"https:\\\/\\\/eldigitaldeasturias.com\\\/magazine365\\\/author\\\/admin\\\/#author\"},\"image\":{\"@type\":\"ImageObject\",\"url\":\"https:\\\/\\\/eldigitaldeasturias.com\\\/magazine365\\\/wp-content\\\/uploads\\\/2015\\\/11\\\/playa4-655x360.jpg\",\"@id\":\"https:\\\/\\\/eldigitaldeasturias.com\\\/magazine365\\\/malaga-asiste-a-la-feria-vakantiebeurs-con-el-objetivo-de-recuperar-el-mercado-de-los-paises-bajos\\\/#mainImage\",\"width\":655,\"height\":360},\"primaryImageOfPage\":{\"@id\":\"https:\\\/\\\/eldigitaldeasturias.com\\\/magazine365\\\/malaga-asiste-a-la-feria-vakantiebeurs-con-el-objetivo-de-recuperar-el-mercado-de-los-paises-bajos\\\/#mainImage\"},\"datePublished\":\"2016-01-10T22:01:57+01:00\",\"dateModified\":\"2016-01-10T22:01:57+01:00\"},{\"@type\":\"WebSite\",\"@id\":\"https:\\\/\\\/eldigitaldeasturias.com\\\/magazine365\\\/#website\",\"url\":\"https:\\\/\\\/eldigitaldeasturias.com\\\/magazine365\\\/\",\"name\":\"El Digital de Asturias\",\"description\":\"Revista de ocio, turismo y estilo de vida\",\"inLanguage\":\"es-ES\",\"publisher\":{\"@id\":\"https:\\\/\\\/eldigitaldeasturias.com\\\/magazine365\\\/#organization\"}}]}\n\t\t<\/script>\n\t\t<!-- All in One SEO Pro -->\r\n\t\t<title>M\u00e1laga asiste a la feria Vakantiebeurs con el objetivo de recuperar el mercado de los Pa\u00edses Bajos | El Digital de Asturias<\/title>\n\n","aioseo_head_json":{"title":"M\u00e1laga asiste a la feria Vakantiebeurs con el objetivo de recuperar el mercado de los Pa\u00edses Bajos | El Digital de Asturias","description":"El \u00c1rea de Turismo y Promoci\u00f3n de la Ciudad de M\u00e1laga inaugura el calendario promocional de 2016 con la presencia, la pr\u00f3xima semana, entre los d\u00edas 12 y 17 de enero, en la feria Vakantiebeurs de Utrecht (Pa\u00edses Bajos), que est\u00e1 considerada como el evento tur\u00edstico m\u00e1s importante de cuantos se celebran en el mercado","canonical_url":"https:\/\/eldigitaldeasturias.com\/magazine365\/malaga-asiste-a-la-feria-vakantiebeurs-con-el-objetivo-de-recuperar-el-mercado-de-los-paises-bajos\/","robots":"max-image-preview:large","keywords":"noticias y actualidad","webmasterTools":{"google-site-verification":"UA-38556648-1","miscellaneous":""},"schema":{"@context":"https:\/\/schema.org","@graph":[{"@type":"Article","@id":"https:\/\/eldigitaldeasturias.com\/magazine365\/malaga-asiste-a-la-feria-vakantiebeurs-con-el-objetivo-de-recuperar-el-mercado-de-los-paises-bajos\/#article","name":"M\u00e1laga asiste a la feria Vakantiebeurs con el objetivo de recuperar el mercado de los Pa\u00edses Bajos | El Digital de Asturias","headline":"M\u00e1laga asiste a la feria Vakantiebeurs con el objetivo de recuperar el mercado de los Pa\u00edses Bajos","author":{"@id":"https:\/\/eldigitaldeasturias.com\/magazine365\/author\/admin\/#author"},"publisher":{"@id":"https:\/\/eldigitaldeasturias.com\/magazine365\/#organization"},"image":{"@type":"ImageObject","url":"https:\/\/eldigitaldeasturias.com\/magazine365\/wp-content\/uploads\/2015\/11\/playa4-655x360.jpg","width":655,"height":360},"datePublished":"2016-01-10T22:01:57+01:00","dateModified":"2016-01-10T22:01:57+01:00","inLanguage":"es-ES","mainEntityOfPage":{"@id":"https:\/\/eldigitaldeasturias.com\/magazine365\/malaga-asiste-a-la-feria-vakantiebeurs-con-el-objetivo-de-recuperar-el-mercado-de-los-paises-bajos\/#webpage"},"isPartOf":{"@id":"https:\/\/eldigitaldeasturias.com\/magazine365\/malaga-asiste-a-la-feria-vakantiebeurs-con-el-objetivo-de-recuperar-el-mercado-de-los-paises-bajos\/#webpage"},"articleSection":"Noticias y Actualidad"},{"@type":"BreadcrumbList","@id":"https:\/\/eldigitaldeasturias.com\/magazine365\/malaga-asiste-a-la-feria-vakantiebeurs-con-el-objetivo-de-recuperar-el-mercado-de-los-paises-bajos\/#breadcrumblist","itemListElement":[{"@type":"ListItem","@id":"https:\/\/eldigitaldeasturias.com\/magazine365#listItem","position":1,"name":"Home","item":"https:\/\/eldigitaldeasturias.com\/magazine365","nextItem":{"@type":"ListItem","@id":"https:\/\/eldigitaldeasturias.com\/magazine365\/category\/noticias-actualidad\/#listItem","name":"Noticias y Actualidad"}},{"@type":"ListItem","@id":"https:\/\/eldigitaldeasturias.com\/magazine365\/category\/noticias-actualidad\/#listItem","position":2,"name":"Noticias y Actualidad","item":"https:\/\/eldigitaldeasturias.com\/magazine365\/category\/noticias-actualidad\/","nextItem":{"@type":"ListItem","@id":"https:\/\/eldigitaldeasturias.com\/magazine365\/malaga-asiste-a-la-feria-vakantiebeurs-con-el-objetivo-de-recuperar-el-mercado-de-los-paises-bajos\/#listItem","name":"M\u00e1laga asiste a la feria Vakantiebeurs con el objetivo de recuperar el mercado de los Pa\u00edses Bajos"},"previousItem":{"@type":"ListItem","@id":"https:\/\/eldigitaldeasturias.com\/magazine365#listItem","name":"Home"}},{"@type":"ListItem","@id":"https:\/\/eldigitaldeasturias.com\/magazine365\/malaga-asiste-a-la-feria-vakantiebeurs-con-el-objetivo-de-recuperar-el-mercado-de-los-paises-bajos\/#listItem","position":3,"name":"M\u00e1laga asiste a la feria Vakantiebeurs con el objetivo de recuperar el mercado de los Pa\u00edses Bajos","previousItem":{"@type":"ListItem","@id":"https:\/\/eldigitaldeasturias.com\/magazine365\/category\/noticias-actualidad\/#listItem","name":"Noticias y Actualidad"}}]},{"@type":"Organization","@id":"https:\/\/eldigitaldeasturias.com\/magazine365\/#organization","name":"El digital de Asturias","description":"Revista de ocio, turismo y estilo de vida","url":"https:\/\/eldigitaldeasturias.com\/magazine365\/","logo":{"@type":"ImageObject","url":"https:\/\/www.eldigitaldeasturias.com\/noticias\/wp-content\/uploads\/2020\/12\/EDA.jpg","@id":"https:\/\/eldigitaldeasturias.com\/magazine365\/malaga-asiste-a-la-feria-vakantiebeurs-con-el-objetivo-de-recuperar-el-mercado-de-los-paises-bajos\/#organizationLogo"},"image":{"@id":"https:\/\/eldigitaldeasturias.com\/magazine365\/malaga-asiste-a-la-feria-vakantiebeurs-con-el-objetivo-de-recuperar-el-mercado-de-los-paises-bajos\/#organizationLogo"}},{"@type":"Person","@id":"https:\/\/eldigitaldeasturias.com\/magazine365\/author\/admin\/#author","url":"https:\/\/eldigitaldeasturias.com\/magazine365\/author\/admin\/","name":"admin","image":{"@type":"ImageObject","@id":"https:\/\/eldigitaldeasturias.com\/magazine365\/malaga-asiste-a-la-feria-vakantiebeurs-con-el-objetivo-de-recuperar-el-mercado-de-los-paises-bajos\/#authorImage","url":"https:\/\/eldigitaldeasturias.com\/magazine365\/wp-content\/litespeed\/avatar\/e571bcf59a0edd6fa6838245a470f2fe.jpg?ver=1777574230","width":96,"height":96,"caption":"admin"}},{"@type":"WebPage","@id":"https:\/\/eldigitaldeasturias.com\/magazine365\/malaga-asiste-a-la-feria-vakantiebeurs-con-el-objetivo-de-recuperar-el-mercado-de-los-paises-bajos\/#webpage","url":"https:\/\/eldigitaldeasturias.com\/magazine365\/malaga-asiste-a-la-feria-vakantiebeurs-con-el-objetivo-de-recuperar-el-mercado-de-los-paises-bajos\/","name":"M\u00e1laga asiste a la feria Vakantiebeurs con el objetivo de recuperar el mercado de los Pa\u00edses Bajos | El Digital de Asturias","description":"El \u00c1rea de Turismo y Promoci\u00f3n de la Ciudad de M\u00e1laga inaugura el calendario promocional de 2016 con la presencia, la pr\u00f3xima semana, entre los d\u00edas 12 y 17 de enero, en la feria Vakantiebeurs de Utrecht (Pa\u00edses Bajos), que est\u00e1 considerada como el evento tur\u00edstico m\u00e1s importante de cuantos se celebran en el mercado","inLanguage":"es-ES","isPartOf":{"@id":"https:\/\/eldigitaldeasturias.com\/magazine365\/#website"},"breadcrumb":{"@id":"https:\/\/eldigitaldeasturias.com\/magazine365\/malaga-asiste-a-la-feria-vakantiebeurs-con-el-objetivo-de-recuperar-el-mercado-de-los-paises-bajos\/#breadcrumblist"},"author":{"@id":"https:\/\/eldigitaldeasturias.com\/magazine365\/author\/admin\/#author"},"creator":{"@id":"https:\/\/eldigitaldeasturias.com\/magazine365\/author\/admin\/#author"},"image":{"@type":"ImageObject","url":"https:\/\/eldigitaldeasturias.com\/magazine365\/wp-content\/uploads\/2015\/11\/playa4-655x360.jpg","@id":"https:\/\/eldigitaldeasturias.com\/magazine365\/malaga-asiste-a-la-feria-vakantiebeurs-con-el-objetivo-de-recuperar-el-mercado-de-los-paises-bajos\/#mainImage","width":655,"height":360},"primaryImageOfPage":{"@id":"https:\/\/eldigitaldeasturias.com\/magazine365\/malaga-asiste-a-la-feria-vakantiebeurs-con-el-objetivo-de-recuperar-el-mercado-de-los-paises-bajos\/#mainImage"},"datePublished":"2016-01-10T22:01:57+01:00","dateModified":"2016-01-10T22:01:57+01:00"},{"@type":"WebSite","@id":"https:\/\/eldigitaldeasturias.com\/magazine365\/#website","url":"https:\/\/eldigitaldeasturias.com\/magazine365\/","name":"El Digital de Asturias","description":"Revista de ocio, turismo y estilo de vida","inLanguage":"es-ES","publisher":{"@id":"https:\/\/eldigitaldeasturias.com\/magazine365\/#organization"}}]},"og:locale":"es_ES","og:site_name":"El Digital de Asturias \u2013 Revista de ocio, turismo y estilo de vida","og:type":"article","og:title":"M\u00e1laga asiste a la feria Vakantiebeurs con el objetivo de recuperar el mercado de los Pa\u00edses Bajos | El Digital de Asturias","og:description":"El \u00c1rea de Turismo y Promoci\u00f3n de la Ciudad de M\u00e1laga inaugura el calendario promocional de 2016 con la presencia, la pr\u00f3xima semana, entre los d\u00edas 12 y 17 de enero, en la feria Vakantiebeurs de Utrecht (Pa\u00edses Bajos), que est\u00e1 considerada como el evento tur\u00edstico m\u00e1s importante de cuantos se celebran en el mercado","og:url":"https:\/\/eldigitaldeasturias.com\/magazine365\/malaga-asiste-a-la-feria-vakantiebeurs-con-el-objetivo-de-recuperar-el-mercado-de-los-paises-bajos\/","og:image":"https:\/\/eldigitaldeasturias.com\/magazine365\/wp-content\/uploads\/2015\/11\/playa4-655x360.jpg","og:image:secure_url":"https:\/\/eldigitaldeasturias.com\/magazine365\/wp-content\/uploads\/2015\/11\/playa4-655x360.jpg","og:image:width":655,"og:image:height":360,"article:published_time":"2016-01-10T21:01:57+00:00","article:modified_time":"2016-01-10T21:01:57+00:00","twitter:card":"summary_large_image","twitter:title":"M\u00e1laga asiste a la feria Vakantiebeurs con el objetivo de recuperar el mercado de los Pa\u00edses Bajos | El Digital de Asturias","twitter:description":"El \u00c1rea de Turismo y Promoci\u00f3n de la Ciudad de M\u00e1laga inaugura el calendario promocional de 2016 con la presencia, la pr\u00f3xima semana, entre los d\u00edas 12 y 17 de enero, en la feria Vakantiebeurs de Utrecht (Pa\u00edses Bajos), que est\u00e1 considerada como el evento tur\u00edstico m\u00e1s importante de cuantos se celebran en el mercado","twitter:image":"https:\/\/eldigitaldeasturias.com\/magazine365\/wp-content\/uploads\/2015\/11\/playa4-655x360.jpg"},"aioseo_meta_data":{"post_id":"59956","title":null,"description":null,"keywords":null,"keyphrases":null,"primary_term":null,"canonical_url":null,"og_title":null,"og_description":null,"og_object_type":"default","og_image_type":"default","og_image_url":null,"og_image_width":null,"og_image_height":null,"og_image_custom_url":null,"og_image_custom_fields":null,"og_video":null,"og_custom_url":null,"og_article_section":null,"og_article_tags":null,"twitter_use_og":false,"twitter_card":"default","twitter_image_type":"default","twitter_image_url":null,"twitter_image_custom_url":null,"twitter_image_custom_fields":null,"twitter_title":null,"twitter_description":null,"schema":{"blockGraphs":[],"customGraphs":[],"default":{"data":{"Article":[],"Course":[],"Dataset":[],"FAQPage":[],"Movie":[],"Person":[],"Product":[],"ProductReview":[],"Car":[],"Recipe":[],"Service":[],"SoftwareApplication":[],"WebPage":[]},"graphName":"","isEnabled":true},"graphs":[],"defaultGraph":"","defaultPostTypeGraph":""},"schema_type":null,"schema_type_options":null,"pillar_content":false,"robots_default":true,"robots_noindex":false,"robots_noarchive":false,"robots_nosnippet":false,"robots_nofollow":false,"robots_noimageindex":false,"robots_noodp":false,"robots_notranslate":false,"robots_max_snippet":null,"robots_max_videopreview":null,"robots_max_imagepreview":"large","priority":null,"frequency":null,"location":null,"local_seo":null,"seo_analyzer_scan_date":"2025-09-25 05:58:53","breadcrumb_settings":null,"limit_modified_date":false,"open_ai":null,"ai":null,"created":"2021-03-08 22:07:57","updated":"2025-09-25 05:58:53"},"aioseo_breadcrumb":"<div class=\"aioseo-breadcrumbs\"><span class=\"aioseo-breadcrumb\">\n\t<a href=\"https:\/\/eldigitaldeasturias.com\/magazine365\" title=\"Home\">Home<\/a>\n<\/span><span class=\"aioseo-breadcrumb-separator\">\u2013<\/span><span class=\"aioseo-breadcrumb\">\n\t<a href=\"https:\/\/eldigitaldeasturias.com\/magazine365\/category\/noticias-actualidad\/\" title=\"Noticias y Actualidad\">Noticias y Actualidad<\/a>\n<\/span><span class=\"aioseo-breadcrumb-separator\">\u2013<\/span><span class=\"aioseo-breadcrumb\">\n\t<a href=\"https:\/\/eldigitaldeasturias.com\/magazine365\/malaga-asiste-a-la-feria-vakantiebeurs-con-el-objetivo-de-recuperar-el-mercado-de-los-paises-bajos\/\" title=\"M\u00e1laga asiste a la feria Vakantiebeurs con el objetivo de recuperar el mercado de los Pa\u00edses Bajos\">M\u00e1laga asiste a la feria Vakantiebeurs con el objetivo de recuperar el mercado de los Pa\u00edses Bajos<\/a>\n<\/span><\/div>","aioseo_breadcrumb_json":[{"label":"Home","link":"https:\/\/eldigitaldeasturias.com\/magazine365"},{"label":"Noticias y Actualidad","link":"https:\/\/eldigitaldeasturias.com\/magazine365\/category\/noticias-actualidad\/"},{"label":"M\u00e1laga asiste a la feria Vakantiebeurs con el objetivo de recuperar el mercado de los Pa\u00edses Bajos","link":"https:\/\/eldigitaldeasturias.com\/magazine365\/malaga-asiste-a-la-feria-vakantiebeurs-con-el-objetivo-de-recuperar-el-mercado-de-los-paises-bajos\/"}],"_links":{"self":[{"href":"https:\/\/eldigitaldeasturias.com\/magazine365\/wp-json\/wp\/v2\/posts\/59956","targetHints":{"allow":["GET"]}}],"collection":[{"href":"https:\/\/eldigitaldeasturias.com\/magazine365\/wp-json\/wp\/v2\/posts"}],"about":[{"href":"https:\/\/eldigitaldeasturias.com\/magazine365\/wp-json\/wp\/v2\/types\/post"}],"author":[{"embeddable":true,"href":"https:\/\/eldigitaldeasturias.com\/magazine365\/wp-json\/wp\/v2\/users\/1"}],"replies":[{"embeddable":true,"href":"https:\/\/eldigitaldeasturias.com\/magazine365\/wp-json\/wp\/v2\/comments?post=59956"}],"version-history":[{"count":0,"href":"https:\/\/eldigitaldeasturias.com\/magazine365\/wp-json\/wp\/v2\/posts\/59956\/revisions"}],"wp:featuredmedia":[{"embeddable":true,"href":"https:\/\/eldigitaldeasturias.com\/magazine365\/wp-json\/wp\/v2\/media\/54398"}],"wp:attachment":[{"href":"https:\/\/eldigitaldeasturias.com\/magazine365\/wp-json\/wp\/v2\/media?parent=59956"}],"wp:term":[{"taxonomy":"category","embeddable":true,"href":"https:\/\/eldigitaldeasturias.com\/magazine365\/wp-json\/wp\/v2\/categories?post=59956"},{"taxonomy":"post_tag","embeddable":true,"href":"https:\/\/eldigitaldeasturias.com\/magazine365\/wp-json\/wp\/v2\/tags?post=59956"}],"curies":[{"name":"wp","href":"https:\/\/api.w.org\/{rel}","templated":true}]}}