{"id":59941,"date":"2016-01-09T19:40:15","date_gmt":"2016-01-09T18:40:15","guid":{"rendered":"http:\/\/eldigitaldeasturias.com\/magazine365\/?p=59941"},"modified":"2016-01-09T19:40:15","modified_gmt":"2016-01-09T18:40:15","slug":"sierra-nevada-confia-en-que-la-temporada-remonte-tras-la-escasez-de-nieve-de-los-ultimos-meses","status":"publish","type":"post","link":"https:\/\/eldigitaldeasturias.com\/magazine365\/sierra-nevada-confia-en-que-la-temporada-remonte-tras-la-escasez-de-nieve-de-los-ultimos-meses\/","title":{"rendered":"Sierra Nevada conf\u00eda en que la temporada remonte tras la escasez de nieve de los \u00faltimos meses"},"content":{"rendered":"<p><img fetchpriority=\"high\" decoding=\"async\" class=\"alignleft size-medium wp-image-59942\" src=\"https:\/\/eldigitaldeasturias.com\/magazine365\/wp-content\/uploads\/2016\/01\/fotonoticia_20160107131604_800-360x203.jpg\" alt=\"fotonoticia_20160107131604_800\" width=\"360\" height=\"203\" srcset=\"https:\/\/eldigitaldeasturias.com\/magazine365\/wp-content\/uploads\/2016\/01\/fotonoticia_20160107131604_800-360x203.jpg 360w, https:\/\/eldigitaldeasturias.com\/magazine365\/wp-content\/uploads\/2016\/01\/fotonoticia_20160107131604_800-650x366.jpg 650w, https:\/\/eldigitaldeasturias.com\/magazine365\/wp-content\/uploads\/2016\/01\/fotonoticia_20160107131604_800-768x432.jpg 768w, https:\/\/eldigitaldeasturias.com\/magazine365\/wp-content\/uploads\/2016\/01\/fotonoticia_20160107131604_800-150x84.jpg 150w, https:\/\/eldigitaldeasturias.com\/magazine365\/wp-content\/uploads\/2016\/01\/fotonoticia_20160107131604_800-450x253.jpg 450w, https:\/\/eldigitaldeasturias.com\/magazine365\/wp-content\/uploads\/2016\/01\/fotonoticia_20160107131604_800-696x392.jpg 696w, https:\/\/eldigitaldeasturias.com\/magazine365\/wp-content\/uploads\/2016\/01\/fotonoticia_20160107131604_800-747x420.jpg 747w, https:\/\/eldigitaldeasturias.com\/magazine365\/wp-content\/uploads\/2016\/01\/fotonoticia_20160107131604_800-499x280.jpg 499w, https:\/\/eldigitaldeasturias.com\/magazine365\/wp-content\/uploads\/2016\/01\/fotonoticia_20160107131604_800-510x289.jpg 510w, https:\/\/eldigitaldeasturias.com\/magazine365\/wp-content\/uploads\/2016\/01\/fotonoticia_20160107131604_800.jpg 800w\" sizes=\"(max-width: 360px) 100vw, 360px\" \/>Las \u00faltimas nevadas registradas en la estaci\u00f3n de esqu\u00ed de Sierra Nevada han favorecido que el recinto encare lo que resta de temporada como \u00abun nuevo comienzo\u00bb que permita cerrar la campa\u00f1a con buenos resultados y mantener las pistas abiertas hasta el 1 de mayo, despu\u00e9s de que \u00abpor fin haya llegado el invierno\u00bb tras la \u00abescasez de nieve\u00bb de estos meses.<\/p>\n<p>La consejera delegada de Cetursa, Mar\u00eda Jos\u00e9 L\u00f3pez, ha se\u00f1alado a preguntas de los periodistas que la bajada dr\u00e1stica de las temperaturas est\u00e1 facilitando la producci\u00f3n de nieve de \u00abmuy buena calidad\u00bb y permitir\u00e1 ampliar para este fin de semana el \u00e1rea esquiable a los diez kil\u00f3metros y el desnivel hasta los mil metros.<\/p>\n<p>Ha recordado que \u00abla escasez de nieve\u00bb ha afectado a toda Espa\u00f1a y buena parte de Europa, de modo que \u00abla gente tiene ganas de esquiar\u00bb, por lo que se ha mostrado convencida de que la temporada culminar\u00e1 \u00abestupendamente bien\u00bb tras el \u00abdif\u00edcil comienzo\u00bb que ha tenido.<\/p>\n<p>As\u00ed, y aunque ha preferido ser \u00abcauta\u00bb y no facilitar cifras de lo que se ha podido dejar de facturar en la estaci\u00f3n estos meses atr\u00e1s hasta contar con un balance econ\u00f3mico global de la temporada, L\u00f3pez ha querido agradecer el \u00abesfuerzo\u00bb de empresarios y trabajadores, as\u00ed como del resto de sectores vinculados al recinto, para \u00absacar adelante\u00bb una campa\u00f1a invernal que ha sido \u00abdura\u00bb en sus inicios.<\/p>\n<p>Mar\u00eda Jos\u00e9 L\u00f3pez, que ha presentado este jueves en el Ayuntamiento de Granada el forfait con descuentos para los j\u00f3venes granadinos, ha augurado que \u00abla llegada del invierno\u00bb permitir\u00e1 que cada d\u00eda la estaci\u00f3n \u00abeste mejor\u00bb y ha relatado que para este fin de semana se prev\u00e9 tener operativa la pista del R\u00edo, mientras que \u00abse ha asegurado bien\u00bb la zona de Borreguiles.<\/p>\n<p>De forma paralela, Cetursa sigue trabajando en la ampliaci\u00f3n del \u00e1rea esquiable, centrando las labores ahora en la pista del Zorro, aunque la previsi\u00f3n de nuevas precipitaciones en los pr\u00f3ximos d\u00edas hace que las expectativas sean optimistas.<\/p>\n<p>Por todo ello, la consejera delegada de Cetursa ha sostenido que ahora \u00abes casi el comienzo de una nueva temporada\u00bb que a su juicio finalizar\u00e1 \u00abfrancamente bien\u00bb.<\/p>\n","protected":false},"excerpt":{"rendered":"<p>Las \u00faltimas nevadas registradas en la estaci\u00f3n de esqu\u00ed de Sierra Nevada han favorecido que el recinto encare lo que resta de temporada como \u00abun nuevo comienzo\u00bb que permita cerrar la campa\u00f1a con buenos resultados y mantener las pistas abiertas hasta el 1 de mayo, despu\u00e9s de que \u00abpor fin haya llegado el invierno\u00bb tras<\/p>\n","protected":false},"author":1,"featured_media":59942,"comment_status":"open","ping_status":"closed","sticky":false,"template":"","format":"standard","meta":{"footnotes":""},"categories":[224],"tags":[],"class_list":{"0":"post-59941","1":"post","2":"type-post","3":"status-publish","4":"format-standard","5":"has-post-thumbnail","7":"category-noticias-actualidad"},"aioseo_notices":[],"aioseo_head":"\n\t\t<!-- All in One SEO Pro 4.9.6.1 - aioseo.com -->\n\t<meta name=\"description\" content=\"Las \u00faltimas nevadas registradas en la estaci\u00f3n de esqu\u00ed de Sierra Nevada han favorecido que el recinto encare lo que resta de temporada como &quot;un nuevo comienzo&quot; que permita cerrar la campa\u00f1a con buenos resultados y mantener las pistas abiertas hasta el 1 de mayo, despu\u00e9s de que &quot;por fin haya llegado el invierno&quot; tras\" \/>\n\t<meta name=\"robots\" content=\"max-image-preview:large\" \/>\n\t<meta name=\"author\" content=\"admin\"\/>\n\t<meta name=\"google-site-verification\" content=\"UA-38556648-1\" \/>\n\t<meta name=\"keywords\" content=\"noticias y actualidad\" \/>\n\t<link rel=\"canonical\" href=\"https:\/\/eldigitaldeasturias.com\/magazine365\/sierra-nevada-confia-en-que-la-temporada-remonte-tras-la-escasez-de-nieve-de-los-ultimos-meses\/\" \/>\n\t<meta name=\"generator\" content=\"All in One SEO Pro (AIOSEO) 4.9.6.1\" \/>\n\t\t<meta property=\"og:locale\" content=\"es_ES\" \/>\n\t\t<meta property=\"og:site_name\" content=\"El Digital de Asturias \u2013 Revista de ocio, turismo y estilo de vida\" \/>\n\t\t<meta property=\"og:type\" content=\"article\" \/>\n\t\t<meta property=\"og:title\" content=\"Sierra Nevada conf\u00eda en que la temporada remonte tras la escasez de nieve de los \u00faltimos meses | El Digital de Asturias\" \/>\n\t\t<meta property=\"og:description\" content=\"Las \u00faltimas nevadas registradas en la estaci\u00f3n de esqu\u00ed de Sierra Nevada han favorecido que el recinto encare lo que resta de temporada como &quot;un nuevo comienzo&quot; que permita cerrar la campa\u00f1a con buenos resultados y mantener las pistas abiertas hasta el 1 de mayo, despu\u00e9s de que &quot;por fin haya llegado el invierno&quot; tras\" \/>\n\t\t<meta property=\"og:url\" content=\"https:\/\/eldigitaldeasturias.com\/magazine365\/sierra-nevada-confia-en-que-la-temporada-remonte-tras-la-escasez-de-nieve-de-los-ultimos-meses\/\" \/>\n\t\t<meta property=\"og:image\" content=\"https:\/\/eldigitaldeasturias.com\/magazine365\/wp-content\/uploads\/2016\/01\/fotonoticia_20160107131604_800.jpg\" \/>\n\t\t<meta property=\"og:image:secure_url\" content=\"https:\/\/eldigitaldeasturias.com\/magazine365\/wp-content\/uploads\/2016\/01\/fotonoticia_20160107131604_800.jpg\" \/>\n\t\t<meta property=\"og:image:width\" content=\"800\" \/>\n\t\t<meta property=\"og:image:height\" content=\"450\" \/>\n\t\t<meta property=\"article:published_time\" content=\"2016-01-09T18:40:15+00:00\" \/>\n\t\t<meta property=\"article:modified_time\" content=\"2016-01-09T18:40:15+00:00\" \/>\n\t\t<meta name=\"twitter:card\" content=\"summary_large_image\" \/>\n\t\t<meta name=\"twitter:title\" content=\"Sierra Nevada conf\u00eda en que la temporada remonte tras la escasez de nieve de los \u00faltimos meses | El Digital de Asturias\" \/>\n\t\t<meta name=\"twitter:description\" content=\"Las \u00faltimas nevadas registradas en la estaci\u00f3n de esqu\u00ed de Sierra Nevada han favorecido que el recinto encare lo que resta de temporada como &quot;un nuevo comienzo&quot; que permita cerrar la campa\u00f1a con buenos resultados y mantener las pistas abiertas hasta el 1 de mayo, despu\u00e9s de que &quot;por fin haya llegado el invierno&quot; tras\" \/>\n\t\t<meta name=\"twitter:image\" content=\"https:\/\/eldigitaldeasturias.com\/magazine365\/wp-content\/uploads\/2016\/01\/fotonoticia_20160107131604_800.jpg\" \/>\n\t\t<script type=\"application\/ld+json\" class=\"aioseo-schema\">\n\t\t\t{\"@context\":\"https:\\\/\\\/schema.org\",\"@graph\":[{\"@type\":\"Article\",\"@id\":\"https:\\\/\\\/eldigitaldeasturias.com\\\/magazine365\\\/sierra-nevada-confia-en-que-la-temporada-remonte-tras-la-escasez-de-nieve-de-los-ultimos-meses\\\/#article\",\"name\":\"Sierra Nevada conf\\u00eda en que la temporada remonte tras la escasez de nieve de los \\u00faltimos meses | El Digital de Asturias\",\"headline\":\"Sierra Nevada conf\\u00eda en que la temporada remonte tras la escasez de nieve de los \\u00faltimos meses\",\"author\":{\"@id\":\"https:\\\/\\\/eldigitaldeasturias.com\\\/magazine365\\\/author\\\/admin\\\/#author\"},\"publisher\":{\"@id\":\"https:\\\/\\\/eldigitaldeasturias.com\\\/magazine365\\\/#organization\"},\"image\":{\"@type\":\"ImageObject\",\"url\":\"https:\\\/\\\/eldigitaldeasturias.com\\\/magazine365\\\/wp-content\\\/uploads\\\/2016\\\/01\\\/fotonoticia_20160107131604_800.jpg\",\"width\":800,\"height\":450},\"datePublished\":\"2016-01-09T19:40:15+01:00\",\"dateModified\":\"2016-01-09T19:40:15+01:00\",\"inLanguage\":\"es-ES\",\"mainEntityOfPage\":{\"@id\":\"https:\\\/\\\/eldigitaldeasturias.com\\\/magazine365\\\/sierra-nevada-confia-en-que-la-temporada-remonte-tras-la-escasez-de-nieve-de-los-ultimos-meses\\\/#webpage\"},\"isPartOf\":{\"@id\":\"https:\\\/\\\/eldigitaldeasturias.com\\\/magazine365\\\/sierra-nevada-confia-en-que-la-temporada-remonte-tras-la-escasez-de-nieve-de-los-ultimos-meses\\\/#webpage\"},\"articleSection\":\"Noticias y Actualidad\"},{\"@type\":\"BreadcrumbList\",\"@id\":\"https:\\\/\\\/eldigitaldeasturias.com\\\/magazine365\\\/sierra-nevada-confia-en-que-la-temporada-remonte-tras-la-escasez-de-nieve-de-los-ultimos-meses\\\/#breadcrumblist\",\"itemListElement\":[{\"@type\":\"ListItem\",\"@id\":\"https:\\\/\\\/eldigitaldeasturias.com\\\/magazine365#listItem\",\"position\":1,\"name\":\"Home\",\"item\":\"https:\\\/\\\/eldigitaldeasturias.com\\\/magazine365\",\"nextItem\":{\"@type\":\"ListItem\",\"@id\":\"https:\\\/\\\/eldigitaldeasturias.com\\\/magazine365\\\/category\\\/noticias-actualidad\\\/#listItem\",\"name\":\"Noticias y Actualidad\"}},{\"@type\":\"ListItem\",\"@id\":\"https:\\\/\\\/eldigitaldeasturias.com\\\/magazine365\\\/category\\\/noticias-actualidad\\\/#listItem\",\"position\":2,\"name\":\"Noticias y Actualidad\",\"item\":\"https:\\\/\\\/eldigitaldeasturias.com\\\/magazine365\\\/category\\\/noticias-actualidad\\\/\",\"nextItem\":{\"@type\":\"ListItem\",\"@id\":\"https:\\\/\\\/eldigitaldeasturias.com\\\/magazine365\\\/sierra-nevada-confia-en-que-la-temporada-remonte-tras-la-escasez-de-nieve-de-los-ultimos-meses\\\/#listItem\",\"name\":\"Sierra Nevada conf\\u00eda en que la temporada remonte tras la escasez de nieve de los \\u00faltimos meses\"},\"previousItem\":{\"@type\":\"ListItem\",\"@id\":\"https:\\\/\\\/eldigitaldeasturias.com\\\/magazine365#listItem\",\"name\":\"Home\"}},{\"@type\":\"ListItem\",\"@id\":\"https:\\\/\\\/eldigitaldeasturias.com\\\/magazine365\\\/sierra-nevada-confia-en-que-la-temporada-remonte-tras-la-escasez-de-nieve-de-los-ultimos-meses\\\/#listItem\",\"position\":3,\"name\":\"Sierra Nevada conf\\u00eda en que la temporada remonte tras la escasez de nieve de los \\u00faltimos meses\",\"previousItem\":{\"@type\":\"ListItem\",\"@id\":\"https:\\\/\\\/eldigitaldeasturias.com\\\/magazine365\\\/category\\\/noticias-actualidad\\\/#listItem\",\"name\":\"Noticias y Actualidad\"}}]},{\"@type\":\"Organization\",\"@id\":\"https:\\\/\\\/eldigitaldeasturias.com\\\/magazine365\\\/#organization\",\"name\":\"El digital de Asturias\",\"description\":\"Revista de ocio, turismo y estilo de vida\",\"url\":\"https:\\\/\\\/eldigitaldeasturias.com\\\/magazine365\\\/\",\"logo\":{\"@type\":\"ImageObject\",\"url\":\"https:\\\/\\\/www.eldigitaldeasturias.com\\\/noticias\\\/wp-content\\\/uploads\\\/2020\\\/12\\\/EDA.jpg\",\"@id\":\"https:\\\/\\\/eldigitaldeasturias.com\\\/magazine365\\\/sierra-nevada-confia-en-que-la-temporada-remonte-tras-la-escasez-de-nieve-de-los-ultimos-meses\\\/#organizationLogo\"},\"image\":{\"@id\":\"https:\\\/\\\/eldigitaldeasturias.com\\\/magazine365\\\/sierra-nevada-confia-en-que-la-temporada-remonte-tras-la-escasez-de-nieve-de-los-ultimos-meses\\\/#organizationLogo\"}},{\"@type\":\"Person\",\"@id\":\"https:\\\/\\\/eldigitaldeasturias.com\\\/magazine365\\\/author\\\/admin\\\/#author\",\"url\":\"https:\\\/\\\/eldigitaldeasturias.com\\\/magazine365\\\/author\\\/admin\\\/\",\"name\":\"admin\",\"image\":{\"@type\":\"ImageObject\",\"@id\":\"https:\\\/\\\/eldigitaldeasturias.com\\\/magazine365\\\/sierra-nevada-confia-en-que-la-temporada-remonte-tras-la-escasez-de-nieve-de-los-ultimos-meses\\\/#authorImage\",\"url\":\"https:\\\/\\\/eldigitaldeasturias.com\\\/magazine365\\\/wp-content\\\/litespeed\\\/avatar\\\/e571bcf59a0edd6fa6838245a470f2fe.jpg?ver=1777574230\",\"width\":96,\"height\":96,\"caption\":\"admin\"}},{\"@type\":\"WebPage\",\"@id\":\"https:\\\/\\\/eldigitaldeasturias.com\\\/magazine365\\\/sierra-nevada-confia-en-que-la-temporada-remonte-tras-la-escasez-de-nieve-de-los-ultimos-meses\\\/#webpage\",\"url\":\"https:\\\/\\\/eldigitaldeasturias.com\\\/magazine365\\\/sierra-nevada-confia-en-que-la-temporada-remonte-tras-la-escasez-de-nieve-de-los-ultimos-meses\\\/\",\"name\":\"Sierra Nevada conf\\u00eda en que la temporada remonte tras la escasez de nieve de los \\u00faltimos meses | El Digital de Asturias\",\"description\":\"Las \\u00faltimas nevadas registradas en la estaci\\u00f3n de esqu\\u00ed de Sierra Nevada han favorecido que el recinto encare lo que resta de temporada como \\\"un nuevo comienzo\\\" que permita cerrar la campa\\u00f1a con buenos resultados y mantener las pistas abiertas hasta el 1 de mayo, despu\\u00e9s de que \\\"por fin haya llegado el invierno\\\" tras\",\"inLanguage\":\"es-ES\",\"isPartOf\":{\"@id\":\"https:\\\/\\\/eldigitaldeasturias.com\\\/magazine365\\\/#website\"},\"breadcrumb\":{\"@id\":\"https:\\\/\\\/eldigitaldeasturias.com\\\/magazine365\\\/sierra-nevada-confia-en-que-la-temporada-remonte-tras-la-escasez-de-nieve-de-los-ultimos-meses\\\/#breadcrumblist\"},\"author\":{\"@id\":\"https:\\\/\\\/eldigitaldeasturias.com\\\/magazine365\\\/author\\\/admin\\\/#author\"},\"creator\":{\"@id\":\"https:\\\/\\\/eldigitaldeasturias.com\\\/magazine365\\\/author\\\/admin\\\/#author\"},\"image\":{\"@type\":\"ImageObject\",\"url\":\"https:\\\/\\\/eldigitaldeasturias.com\\\/magazine365\\\/wp-content\\\/uploads\\\/2016\\\/01\\\/fotonoticia_20160107131604_800.jpg\",\"@id\":\"https:\\\/\\\/eldigitaldeasturias.com\\\/magazine365\\\/sierra-nevada-confia-en-que-la-temporada-remonte-tras-la-escasez-de-nieve-de-los-ultimos-meses\\\/#mainImage\",\"width\":800,\"height\":450},\"primaryImageOfPage\":{\"@id\":\"https:\\\/\\\/eldigitaldeasturias.com\\\/magazine365\\\/sierra-nevada-confia-en-que-la-temporada-remonte-tras-la-escasez-de-nieve-de-los-ultimos-meses\\\/#mainImage\"},\"datePublished\":\"2016-01-09T19:40:15+01:00\",\"dateModified\":\"2016-01-09T19:40:15+01:00\"},{\"@type\":\"WebSite\",\"@id\":\"https:\\\/\\\/eldigitaldeasturias.com\\\/magazine365\\\/#website\",\"url\":\"https:\\\/\\\/eldigitaldeasturias.com\\\/magazine365\\\/\",\"name\":\"El Digital de Asturias\",\"description\":\"Revista de ocio, turismo y estilo de vida\",\"inLanguage\":\"es-ES\",\"publisher\":{\"@id\":\"https:\\\/\\\/eldigitaldeasturias.com\\\/magazine365\\\/#organization\"}}]}\n\t\t<\/script>\n\t\t<!-- All in One SEO Pro -->\r\n\t\t<title>Sierra Nevada conf\u00eda en que la temporada remonte tras la escasez de nieve de los \u00faltimos meses | El Digital de Asturias<\/title>\n\n","aioseo_head_json":{"title":"Sierra Nevada conf\u00eda en que la temporada remonte tras la escasez de nieve de los \u00faltimos meses | El Digital de Asturias","description":"Las \u00faltimas nevadas registradas en la estaci\u00f3n de esqu\u00ed de Sierra Nevada han favorecido que el recinto encare lo que resta de temporada como \"un nuevo comienzo\" que permita cerrar la campa\u00f1a con buenos resultados y mantener las pistas abiertas hasta el 1 de mayo, despu\u00e9s de que \"por fin haya llegado el invierno\" tras","canonical_url":"https:\/\/eldigitaldeasturias.com\/magazine365\/sierra-nevada-confia-en-que-la-temporada-remonte-tras-la-escasez-de-nieve-de-los-ultimos-meses\/","robots":"max-image-preview:large","keywords":"noticias y actualidad","webmasterTools":{"google-site-verification":"UA-38556648-1","miscellaneous":""},"schema":{"@context":"https:\/\/schema.org","@graph":[{"@type":"Article","@id":"https:\/\/eldigitaldeasturias.com\/magazine365\/sierra-nevada-confia-en-que-la-temporada-remonte-tras-la-escasez-de-nieve-de-los-ultimos-meses\/#article","name":"Sierra Nevada conf\u00eda en que la temporada remonte tras la escasez de nieve de los \u00faltimos meses | El Digital de Asturias","headline":"Sierra Nevada conf\u00eda en que la temporada remonte tras la escasez de nieve de los \u00faltimos meses","author":{"@id":"https:\/\/eldigitaldeasturias.com\/magazine365\/author\/admin\/#author"},"publisher":{"@id":"https:\/\/eldigitaldeasturias.com\/magazine365\/#organization"},"image":{"@type":"ImageObject","url":"https:\/\/eldigitaldeasturias.com\/magazine365\/wp-content\/uploads\/2016\/01\/fotonoticia_20160107131604_800.jpg","width":800,"height":450},"datePublished":"2016-01-09T19:40:15+01:00","dateModified":"2016-01-09T19:40:15+01:00","inLanguage":"es-ES","mainEntityOfPage":{"@id":"https:\/\/eldigitaldeasturias.com\/magazine365\/sierra-nevada-confia-en-que-la-temporada-remonte-tras-la-escasez-de-nieve-de-los-ultimos-meses\/#webpage"},"isPartOf":{"@id":"https:\/\/eldigitaldeasturias.com\/magazine365\/sierra-nevada-confia-en-que-la-temporada-remonte-tras-la-escasez-de-nieve-de-los-ultimos-meses\/#webpage"},"articleSection":"Noticias y Actualidad"},{"@type":"BreadcrumbList","@id":"https:\/\/eldigitaldeasturias.com\/magazine365\/sierra-nevada-confia-en-que-la-temporada-remonte-tras-la-escasez-de-nieve-de-los-ultimos-meses\/#breadcrumblist","itemListElement":[{"@type":"ListItem","@id":"https:\/\/eldigitaldeasturias.com\/magazine365#listItem","position":1,"name":"Home","item":"https:\/\/eldigitaldeasturias.com\/magazine365","nextItem":{"@type":"ListItem","@id":"https:\/\/eldigitaldeasturias.com\/magazine365\/category\/noticias-actualidad\/#listItem","name":"Noticias y Actualidad"}},{"@type":"ListItem","@id":"https:\/\/eldigitaldeasturias.com\/magazine365\/category\/noticias-actualidad\/#listItem","position":2,"name":"Noticias y Actualidad","item":"https:\/\/eldigitaldeasturias.com\/magazine365\/category\/noticias-actualidad\/","nextItem":{"@type":"ListItem","@id":"https:\/\/eldigitaldeasturias.com\/magazine365\/sierra-nevada-confia-en-que-la-temporada-remonte-tras-la-escasez-de-nieve-de-los-ultimos-meses\/#listItem","name":"Sierra Nevada conf\u00eda en que la temporada remonte tras la escasez de nieve de los \u00faltimos meses"},"previousItem":{"@type":"ListItem","@id":"https:\/\/eldigitaldeasturias.com\/magazine365#listItem","name":"Home"}},{"@type":"ListItem","@id":"https:\/\/eldigitaldeasturias.com\/magazine365\/sierra-nevada-confia-en-que-la-temporada-remonte-tras-la-escasez-de-nieve-de-los-ultimos-meses\/#listItem","position":3,"name":"Sierra Nevada conf\u00eda en que la temporada remonte tras la escasez de nieve de los \u00faltimos meses","previousItem":{"@type":"ListItem","@id":"https:\/\/eldigitaldeasturias.com\/magazine365\/category\/noticias-actualidad\/#listItem","name":"Noticias y Actualidad"}}]},{"@type":"Organization","@id":"https:\/\/eldigitaldeasturias.com\/magazine365\/#organization","name":"El digital de Asturias","description":"Revista de ocio, turismo y estilo de vida","url":"https:\/\/eldigitaldeasturias.com\/magazine365\/","logo":{"@type":"ImageObject","url":"https:\/\/www.eldigitaldeasturias.com\/noticias\/wp-content\/uploads\/2020\/12\/EDA.jpg","@id":"https:\/\/eldigitaldeasturias.com\/magazine365\/sierra-nevada-confia-en-que-la-temporada-remonte-tras-la-escasez-de-nieve-de-los-ultimos-meses\/#organizationLogo"},"image":{"@id":"https:\/\/eldigitaldeasturias.com\/magazine365\/sierra-nevada-confia-en-que-la-temporada-remonte-tras-la-escasez-de-nieve-de-los-ultimos-meses\/#organizationLogo"}},{"@type":"Person","@id":"https:\/\/eldigitaldeasturias.com\/magazine365\/author\/admin\/#author","url":"https:\/\/eldigitaldeasturias.com\/magazine365\/author\/admin\/","name":"admin","image":{"@type":"ImageObject","@id":"https:\/\/eldigitaldeasturias.com\/magazine365\/sierra-nevada-confia-en-que-la-temporada-remonte-tras-la-escasez-de-nieve-de-los-ultimos-meses\/#authorImage","url":"https:\/\/eldigitaldeasturias.com\/magazine365\/wp-content\/litespeed\/avatar\/e571bcf59a0edd6fa6838245a470f2fe.jpg?ver=1777574230","width":96,"height":96,"caption":"admin"}},{"@type":"WebPage","@id":"https:\/\/eldigitaldeasturias.com\/magazine365\/sierra-nevada-confia-en-que-la-temporada-remonte-tras-la-escasez-de-nieve-de-los-ultimos-meses\/#webpage","url":"https:\/\/eldigitaldeasturias.com\/magazine365\/sierra-nevada-confia-en-que-la-temporada-remonte-tras-la-escasez-de-nieve-de-los-ultimos-meses\/","name":"Sierra Nevada conf\u00eda en que la temporada remonte tras la escasez de nieve de los \u00faltimos meses | El Digital de Asturias","description":"Las \u00faltimas nevadas registradas en la estaci\u00f3n de esqu\u00ed de Sierra Nevada han favorecido que el recinto encare lo que resta de temporada como \"un nuevo comienzo\" que permita cerrar la campa\u00f1a con buenos resultados y mantener las pistas abiertas hasta el 1 de mayo, despu\u00e9s de que \"por fin haya llegado el invierno\" tras","inLanguage":"es-ES","isPartOf":{"@id":"https:\/\/eldigitaldeasturias.com\/magazine365\/#website"},"breadcrumb":{"@id":"https:\/\/eldigitaldeasturias.com\/magazine365\/sierra-nevada-confia-en-que-la-temporada-remonte-tras-la-escasez-de-nieve-de-los-ultimos-meses\/#breadcrumblist"},"author":{"@id":"https:\/\/eldigitaldeasturias.com\/magazine365\/author\/admin\/#author"},"creator":{"@id":"https:\/\/eldigitaldeasturias.com\/magazine365\/author\/admin\/#author"},"image":{"@type":"ImageObject","url":"https:\/\/eldigitaldeasturias.com\/magazine365\/wp-content\/uploads\/2016\/01\/fotonoticia_20160107131604_800.jpg","@id":"https:\/\/eldigitaldeasturias.com\/magazine365\/sierra-nevada-confia-en-que-la-temporada-remonte-tras-la-escasez-de-nieve-de-los-ultimos-meses\/#mainImage","width":800,"height":450},"primaryImageOfPage":{"@id":"https:\/\/eldigitaldeasturias.com\/magazine365\/sierra-nevada-confia-en-que-la-temporada-remonte-tras-la-escasez-de-nieve-de-los-ultimos-meses\/#mainImage"},"datePublished":"2016-01-09T19:40:15+01:00","dateModified":"2016-01-09T19:40:15+01:00"},{"@type":"WebSite","@id":"https:\/\/eldigitaldeasturias.com\/magazine365\/#website","url":"https:\/\/eldigitaldeasturias.com\/magazine365\/","name":"El Digital de Asturias","description":"Revista de ocio, turismo y estilo de vida","inLanguage":"es-ES","publisher":{"@id":"https:\/\/eldigitaldeasturias.com\/magazine365\/#organization"}}]},"og:locale":"es_ES","og:site_name":"El Digital de Asturias \u2013 Revista de ocio, turismo y estilo de vida","og:type":"article","og:title":"Sierra Nevada conf\u00eda en que la temporada remonte tras la escasez de nieve de los \u00faltimos meses | El Digital de Asturias","og:description":"Las \u00faltimas nevadas registradas en la estaci\u00f3n de esqu\u00ed de Sierra Nevada han favorecido que el recinto encare lo que resta de temporada como &quot;un nuevo comienzo&quot; que permita cerrar la campa\u00f1a con buenos resultados y mantener las pistas abiertas hasta el 1 de mayo, despu\u00e9s de que &quot;por fin haya llegado el invierno&quot; tras","og:url":"https:\/\/eldigitaldeasturias.com\/magazine365\/sierra-nevada-confia-en-que-la-temporada-remonte-tras-la-escasez-de-nieve-de-los-ultimos-meses\/","og:image":"https:\/\/eldigitaldeasturias.com\/magazine365\/wp-content\/uploads\/2016\/01\/fotonoticia_20160107131604_800.jpg","og:image:secure_url":"https:\/\/eldigitaldeasturias.com\/magazine365\/wp-content\/uploads\/2016\/01\/fotonoticia_20160107131604_800.jpg","og:image:width":800,"og:image:height":450,"article:published_time":"2016-01-09T18:40:15+00:00","article:modified_time":"2016-01-09T18:40:15+00:00","twitter:card":"summary_large_image","twitter:title":"Sierra Nevada conf\u00eda en que la temporada remonte tras la escasez de nieve de los \u00faltimos meses | El Digital de Asturias","twitter:description":"Las \u00faltimas nevadas registradas en la estaci\u00f3n de esqu\u00ed de Sierra Nevada han favorecido que el recinto encare lo que resta de temporada como &quot;un nuevo comienzo&quot; que permita cerrar la campa\u00f1a con buenos resultados y mantener las pistas abiertas hasta el 1 de mayo, despu\u00e9s de que &quot;por fin haya llegado el invierno&quot; tras","twitter:image":"https:\/\/eldigitaldeasturias.com\/magazine365\/wp-content\/uploads\/2016\/01\/fotonoticia_20160107131604_800.jpg"},"aioseo_meta_data":{"post_id":"59941","title":null,"description":null,"keywords":null,"keyphrases":null,"primary_term":null,"canonical_url":null,"og_title":null,"og_description":null,"og_object_type":"default","og_image_type":"default","og_image_url":null,"og_image_width":null,"og_image_height":null,"og_image_custom_url":null,"og_image_custom_fields":null,"og_video":null,"og_custom_url":null,"og_article_section":null,"og_article_tags":null,"twitter_use_og":false,"twitter_card":"default","twitter_image_type":"default","twitter_image_url":null,"twitter_image_custom_url":null,"twitter_image_custom_fields":null,"twitter_title":null,"twitter_description":null,"schema":{"blockGraphs":[],"customGraphs":[],"default":{"data":{"Article":[],"Course":[],"Dataset":[],"FAQPage":[],"Movie":[],"Person":[],"Product":[],"ProductReview":[],"Car":[],"Recipe":[],"Service":[],"SoftwareApplication":[],"WebPage":[]},"graphName":"","isEnabled":true},"graphs":[],"defaultGraph":"","defaultPostTypeGraph":""},"schema_type":null,"schema_type_options":null,"pillar_content":false,"robots_default":true,"robots_noindex":false,"robots_noarchive":false,"robots_nosnippet":false,"robots_nofollow":false,"robots_noimageindex":false,"robots_noodp":false,"robots_notranslate":false,"robots_max_snippet":null,"robots_max_videopreview":null,"robots_max_imagepreview":"large","priority":null,"frequency":null,"location":null,"local_seo":null,"seo_analyzer_scan_date":"2025-09-25 05:57:21","breadcrumb_settings":null,"limit_modified_date":false,"open_ai":null,"ai":null,"created":"2021-03-08 22:07:57","updated":"2025-09-25 05:57:21"},"aioseo_breadcrumb":"<div class=\"aioseo-breadcrumbs\"><span class=\"aioseo-breadcrumb\">\n\t<a href=\"https:\/\/eldigitaldeasturias.com\/magazine365\" title=\"Home\">Home<\/a>\n<\/span><span class=\"aioseo-breadcrumb-separator\">\u2013<\/span><span class=\"aioseo-breadcrumb\">\n\t<a href=\"https:\/\/eldigitaldeasturias.com\/magazine365\/category\/noticias-actualidad\/\" title=\"Noticias y Actualidad\">Noticias y Actualidad<\/a>\n<\/span><span class=\"aioseo-breadcrumb-separator\">\u2013<\/span><span class=\"aioseo-breadcrumb\">\n\t<a href=\"https:\/\/eldigitaldeasturias.com\/magazine365\/sierra-nevada-confia-en-que-la-temporada-remonte-tras-la-escasez-de-nieve-de-los-ultimos-meses\/\" title=\"Sierra Nevada conf\u00eda en que la temporada remonte tras la escasez de nieve de los \u00faltimos meses\">Sierra Nevada conf\u00eda en que la temporada remonte tras la escasez de nieve de los \u00faltimos meses<\/a>\n<\/span><\/div>","aioseo_breadcrumb_json":[{"label":"Home","link":"https:\/\/eldigitaldeasturias.com\/magazine365"},{"label":"Noticias y Actualidad","link":"https:\/\/eldigitaldeasturias.com\/magazine365\/category\/noticias-actualidad\/"},{"label":"Sierra Nevada conf\u00eda en que la temporada remonte tras la escasez de nieve de los \u00faltimos meses","link":"https:\/\/eldigitaldeasturias.com\/magazine365\/sierra-nevada-confia-en-que-la-temporada-remonte-tras-la-escasez-de-nieve-de-los-ultimos-meses\/"}],"_links":{"self":[{"href":"https:\/\/eldigitaldeasturias.com\/magazine365\/wp-json\/wp\/v2\/posts\/59941","targetHints":{"allow":["GET"]}}],"collection":[{"href":"https:\/\/eldigitaldeasturias.com\/magazine365\/wp-json\/wp\/v2\/posts"}],"about":[{"href":"https:\/\/eldigitaldeasturias.com\/magazine365\/wp-json\/wp\/v2\/types\/post"}],"author":[{"embeddable":true,"href":"https:\/\/eldigitaldeasturias.com\/magazine365\/wp-json\/wp\/v2\/users\/1"}],"replies":[{"embeddable":true,"href":"https:\/\/eldigitaldeasturias.com\/magazine365\/wp-json\/wp\/v2\/comments?post=59941"}],"version-history":[{"count":0,"href":"https:\/\/eldigitaldeasturias.com\/magazine365\/wp-json\/wp\/v2\/posts\/59941\/revisions"}],"wp:featuredmedia":[{"embeddable":true,"href":"https:\/\/eldigitaldeasturias.com\/magazine365\/wp-json\/wp\/v2\/media\/59942"}],"wp:attachment":[{"href":"https:\/\/eldigitaldeasturias.com\/magazine365\/wp-json\/wp\/v2\/media?parent=59941"}],"wp:term":[{"taxonomy":"category","embeddable":true,"href":"https:\/\/eldigitaldeasturias.com\/magazine365\/wp-json\/wp\/v2\/categories?post=59941"},{"taxonomy":"post_tag","embeddable":true,"href":"https:\/\/eldigitaldeasturias.com\/magazine365\/wp-json\/wp\/v2\/tags?post=59941"}],"curies":[{"name":"wp","href":"https:\/\/api.w.org\/{rel}","templated":true}]}}