{"id":59923,"date":"2016-01-09T18:41:52","date_gmt":"2016-01-09T17:41:52","guid":{"rendered":"http:\/\/eldigitaldeasturias.com\/magazine365\/?p=59923"},"modified":"2016-01-09T18:41:52","modified_gmt":"2016-01-09T17:41:52","slug":"airberlin-transporto-2024-millones-de-viajeros-durante-el-ano-2015","status":"publish","type":"post","link":"https:\/\/eldigitaldeasturias.com\/magazine365\/airberlin-transporto-2024-millones-de-viajeros-durante-el-ano-2015\/","title":{"rendered":"airberlin transport\u00f3 20,24 millones de viajeros durante el a\u00f1o 2015"},"content":{"rendered":"<p><img fetchpriority=\"high\" decoding=\"async\" class=\"alignleft size-medium wp-image-59924\" src=\"https:\/\/eldigitaldeasturias.com\/magazine365\/wp-content\/uploads\/2016\/01\/fotonoticia_20160107123332_800-360x226.jpg\" alt=\"fotonoticia_20160107123332_800\" width=\"360\" height=\"226\" srcset=\"https:\/\/eldigitaldeasturias.com\/magazine365\/wp-content\/uploads\/2016\/01\/fotonoticia_20160107123332_800-360x226.jpg 360w, https:\/\/eldigitaldeasturias.com\/magazine365\/wp-content\/uploads\/2016\/01\/fotonoticia_20160107123332_800-650x408.jpg 650w, https:\/\/eldigitaldeasturias.com\/magazine365\/wp-content\/uploads\/2016\/01\/fotonoticia_20160107123332_800-768x482.jpg 768w, https:\/\/eldigitaldeasturias.com\/magazine365\/wp-content\/uploads\/2016\/01\/fotonoticia_20160107123332_800-150x94.jpg 150w, https:\/\/eldigitaldeasturias.com\/magazine365\/wp-content\/uploads\/2016\/01\/fotonoticia_20160107123332_800-450x282.jpg 450w, https:\/\/eldigitaldeasturias.com\/magazine365\/wp-content\/uploads\/2016\/01\/fotonoticia_20160107123332_800-696x437.jpg 696w, https:\/\/eldigitaldeasturias.com\/magazine365\/wp-content\/uploads\/2016\/01\/fotonoticia_20160107123332_800-669x420.jpg 669w, https:\/\/eldigitaldeasturias.com\/magazine365\/wp-content\/uploads\/2016\/01\/fotonoticia_20160107123332_800-269x170.jpg 269w, https:\/\/eldigitaldeasturias.com\/magazine365\/wp-content\/uploads\/2016\/01\/fotonoticia_20160107123332_800-365x230.jpg 365w, https:\/\/eldigitaldeasturias.com\/magazine365\/wp-content\/uploads\/2016\/01\/fotonoticia_20160107123332_800-160x100.jpg 160w, https:\/\/eldigitaldeasturias.com\/magazine365\/wp-content\/uploads\/2016\/01\/fotonoticia_20160107123332_800-480x300.jpg 480w, https:\/\/eldigitaldeasturias.com\/magazine365\/wp-content\/uploads\/2016\/01\/fotonoticia_20160107123332_800.jpg 800w\" sizes=\"(max-width: 360px) 100vw, 360px\" \/>airberlin transport\u00f3 20,24 millones de viajeros durante el a\u00f1o 2015, lo que supone una reducci\u00f3n del 4,6% con respecto al a\u00f1o anterior, seg\u00fan ha informado la compa\u00f1\u00eda alemana.<\/p>\n<p>La compa\u00f1\u00eda a\u00e9rea redujo un 5,4% su oferta durante el \u00faltimo a\u00f1o y registr\u00f3 un descenso medio del 4,6% del tr\u00e1fico durante 2015. Su tasa de ocupaci\u00f3n se situ\u00f3 en el 84,2%, 0,7 puntos porcentuales m\u00e1s.<\/p>\n<p>En diciembre, el n\u00famero de pasajeros transportados fue de 1,66 millones, lo que supone un 7,6% menos con respecto al mismo mes de 2014, con un descenso de la oferta del 9,8% y del 8,8% del tr\u00e1fico. Como consecuencia el factor de ocupaci\u00f3n fue del 79,9%, 0,9 puntos porcentuales m\u00e1s.<\/p>\n<p>airberlin ha destacado la \u00absignificativa consolidaci\u00f3n\u00bb de su capacidad en el final del a\u00f1o, como continuaci\u00f3n de su estrategia iniciada meses anteriores.<\/p>\n<p>\u00abLas cifras de utilizaci\u00f3n de la capacidad favorables de los \u00faltimos meses son el resultado del redise\u00f1o de negocios en curso. Nuestras medidas est\u00e1n surtiendo efecto\u00bb, ha valorado el consejero delegado de airberlin, Stefan Pichler.<\/p>\n<p>Entre estas medidas, destac\u00f3 la implementaci\u00f3n de un nuevo sistema de gesti\u00f3n de los ingresos en la segunda mitad de 2015, que ha contribuido al \u00ab\u00e9xito del aumento de la utilizaci\u00f3n de la capacidad\u00bb, y las medidas aplicadas para mejorar los rendimientos de las ventas totales.<\/p>\n","protected":false},"excerpt":{"rendered":"<p>airberlin transport\u00f3 20,24 millones de viajeros durante el a\u00f1o 2015, lo que supone una reducci\u00f3n del 4,6% con respecto al a\u00f1o anterior, seg\u00fan ha informado la compa\u00f1\u00eda alemana. La compa\u00f1\u00eda a\u00e9rea redujo un 5,4% su oferta durante el \u00faltimo a\u00f1o y registr\u00f3 un descenso medio del 4,6% del tr\u00e1fico durante 2015. Su tasa de ocupaci\u00f3n<\/p>\n","protected":false},"author":1,"featured_media":59924,"comment_status":"open","ping_status":"closed","sticky":false,"template":"","format":"standard","meta":{"footnotes":""},"categories":[224],"tags":[],"class_list":{"0":"post-59923","1":"post","2":"type-post","3":"status-publish","4":"format-standard","5":"has-post-thumbnail","7":"category-noticias-actualidad"},"aioseo_notices":[],"aioseo_head":"\n\t\t<!-- All in One SEO Pro 4.9.6.1 - aioseo.com -->\n\t<meta name=\"description\" content=\"airberlin transport\u00f3 20,24 millones de viajeros durante el a\u00f1o 2015, lo que supone una reducci\u00f3n del 4,6% con respecto al a\u00f1o anterior, seg\u00fan ha informado la compa\u00f1\u00eda alemana. La compa\u00f1\u00eda a\u00e9rea redujo un 5,4% su oferta durante el \u00faltimo a\u00f1o y registr\u00f3 un descenso medio del 4,6% del tr\u00e1fico durante 2015. Su tasa de ocupaci\u00f3n\" \/>\n\t<meta name=\"robots\" content=\"max-image-preview:large\" \/>\n\t<meta name=\"author\" content=\"admin\"\/>\n\t<meta name=\"google-site-verification\" content=\"UA-38556648-1\" \/>\n\t<meta name=\"keywords\" content=\"noticias y actualidad\" \/>\n\t<link rel=\"canonical\" href=\"https:\/\/eldigitaldeasturias.com\/magazine365\/airberlin-transporto-2024-millones-de-viajeros-durante-el-ano-2015\/\" \/>\n\t<meta name=\"generator\" content=\"All in One SEO Pro (AIOSEO) 4.9.6.1\" \/>\n\t\t<meta property=\"og:locale\" content=\"es_ES\" \/>\n\t\t<meta property=\"og:site_name\" content=\"El Digital de Asturias \u2013 Revista de ocio, turismo y estilo de vida\" \/>\n\t\t<meta property=\"og:type\" content=\"article\" \/>\n\t\t<meta property=\"og:title\" content=\"airberlin transport\u00f3 20,24 millones de viajeros durante el a\u00f1o 2015 | El Digital de Asturias\" \/>\n\t\t<meta property=\"og:description\" content=\"airberlin transport\u00f3 20,24 millones de viajeros durante el a\u00f1o 2015, lo que supone una reducci\u00f3n del 4,6% con respecto al a\u00f1o anterior, seg\u00fan ha informado la compa\u00f1\u00eda alemana. La compa\u00f1\u00eda a\u00e9rea redujo un 5,4% su oferta durante el \u00faltimo a\u00f1o y registr\u00f3 un descenso medio del 4,6% del tr\u00e1fico durante 2015. Su tasa de ocupaci\u00f3n\" \/>\n\t\t<meta property=\"og:url\" content=\"https:\/\/eldigitaldeasturias.com\/magazine365\/airberlin-transporto-2024-millones-de-viajeros-durante-el-ano-2015\/\" \/>\n\t\t<meta property=\"og:image\" content=\"https:\/\/eldigitaldeasturias.com\/magazine365\/wp-content\/uploads\/2016\/01\/fotonoticia_20160107123332_800.jpg\" \/>\n\t\t<meta property=\"og:image:secure_url\" content=\"https:\/\/eldigitaldeasturias.com\/magazine365\/wp-content\/uploads\/2016\/01\/fotonoticia_20160107123332_800.jpg\" \/>\n\t\t<meta property=\"og:image:width\" content=\"800\" \/>\n\t\t<meta property=\"og:image:height\" content=\"502\" \/>\n\t\t<meta property=\"article:published_time\" content=\"2016-01-09T17:41:52+00:00\" \/>\n\t\t<meta property=\"article:modified_time\" content=\"2016-01-09T17:41:52+00:00\" \/>\n\t\t<meta name=\"twitter:card\" content=\"summary_large_image\" \/>\n\t\t<meta name=\"twitter:title\" content=\"airberlin transport\u00f3 20,24 millones de viajeros durante el a\u00f1o 2015 | El Digital de Asturias\" \/>\n\t\t<meta name=\"twitter:description\" content=\"airberlin transport\u00f3 20,24 millones de viajeros durante el a\u00f1o 2015, lo que supone una reducci\u00f3n del 4,6% con respecto al a\u00f1o anterior, seg\u00fan ha informado la compa\u00f1\u00eda alemana. La compa\u00f1\u00eda a\u00e9rea redujo un 5,4% su oferta durante el \u00faltimo a\u00f1o y registr\u00f3 un descenso medio del 4,6% del tr\u00e1fico durante 2015. Su tasa de ocupaci\u00f3n\" \/>\n\t\t<meta name=\"twitter:image\" content=\"https:\/\/eldigitaldeasturias.com\/magazine365\/wp-content\/uploads\/2016\/01\/fotonoticia_20160107123332_800.jpg\" \/>\n\t\t<script type=\"application\/ld+json\" class=\"aioseo-schema\">\n\t\t\t{\"@context\":\"https:\\\/\\\/schema.org\",\"@graph\":[{\"@type\":\"Article\",\"@id\":\"https:\\\/\\\/eldigitaldeasturias.com\\\/magazine365\\\/airberlin-transporto-2024-millones-de-viajeros-durante-el-ano-2015\\\/#article\",\"name\":\"airberlin transport\\u00f3 20,24 millones de viajeros durante el a\\u00f1o 2015 | El Digital de Asturias\",\"headline\":\"airberlin transport\\u00f3 20,24 millones de viajeros durante el a\\u00f1o 2015\",\"author\":{\"@id\":\"https:\\\/\\\/eldigitaldeasturias.com\\\/magazine365\\\/author\\\/admin\\\/#author\"},\"publisher\":{\"@id\":\"https:\\\/\\\/eldigitaldeasturias.com\\\/magazine365\\\/#organization\"},\"image\":{\"@type\":\"ImageObject\",\"url\":\"https:\\\/\\\/eldigitaldeasturias.com\\\/magazine365\\\/wp-content\\\/uploads\\\/2016\\\/01\\\/fotonoticia_20160107123332_800.jpg\",\"width\":800,\"height\":502},\"datePublished\":\"2016-01-09T18:41:52+01:00\",\"dateModified\":\"2016-01-09T18:41:52+01:00\",\"inLanguage\":\"es-ES\",\"mainEntityOfPage\":{\"@id\":\"https:\\\/\\\/eldigitaldeasturias.com\\\/magazine365\\\/airberlin-transporto-2024-millones-de-viajeros-durante-el-ano-2015\\\/#webpage\"},\"isPartOf\":{\"@id\":\"https:\\\/\\\/eldigitaldeasturias.com\\\/magazine365\\\/airberlin-transporto-2024-millones-de-viajeros-durante-el-ano-2015\\\/#webpage\"},\"articleSection\":\"Noticias y Actualidad\"},{\"@type\":\"BreadcrumbList\",\"@id\":\"https:\\\/\\\/eldigitaldeasturias.com\\\/magazine365\\\/airberlin-transporto-2024-millones-de-viajeros-durante-el-ano-2015\\\/#breadcrumblist\",\"itemListElement\":[{\"@type\":\"ListItem\",\"@id\":\"https:\\\/\\\/eldigitaldeasturias.com\\\/magazine365#listItem\",\"position\":1,\"name\":\"Home\",\"item\":\"https:\\\/\\\/eldigitaldeasturias.com\\\/magazine365\",\"nextItem\":{\"@type\":\"ListItem\",\"@id\":\"https:\\\/\\\/eldigitaldeasturias.com\\\/magazine365\\\/category\\\/noticias-actualidad\\\/#listItem\",\"name\":\"Noticias y Actualidad\"}},{\"@type\":\"ListItem\",\"@id\":\"https:\\\/\\\/eldigitaldeasturias.com\\\/magazine365\\\/category\\\/noticias-actualidad\\\/#listItem\",\"position\":2,\"name\":\"Noticias y Actualidad\",\"item\":\"https:\\\/\\\/eldigitaldeasturias.com\\\/magazine365\\\/category\\\/noticias-actualidad\\\/\",\"nextItem\":{\"@type\":\"ListItem\",\"@id\":\"https:\\\/\\\/eldigitaldeasturias.com\\\/magazine365\\\/airberlin-transporto-2024-millones-de-viajeros-durante-el-ano-2015\\\/#listItem\",\"name\":\"airberlin transport\\u00f3 20,24 millones de viajeros durante el a\\u00f1o 2015\"},\"previousItem\":{\"@type\":\"ListItem\",\"@id\":\"https:\\\/\\\/eldigitaldeasturias.com\\\/magazine365#listItem\",\"name\":\"Home\"}},{\"@type\":\"ListItem\",\"@id\":\"https:\\\/\\\/eldigitaldeasturias.com\\\/magazine365\\\/airberlin-transporto-2024-millones-de-viajeros-durante-el-ano-2015\\\/#listItem\",\"position\":3,\"name\":\"airberlin transport\\u00f3 20,24 millones de viajeros durante el a\\u00f1o 2015\",\"previousItem\":{\"@type\":\"ListItem\",\"@id\":\"https:\\\/\\\/eldigitaldeasturias.com\\\/magazine365\\\/category\\\/noticias-actualidad\\\/#listItem\",\"name\":\"Noticias y Actualidad\"}}]},{\"@type\":\"Organization\",\"@id\":\"https:\\\/\\\/eldigitaldeasturias.com\\\/magazine365\\\/#organization\",\"name\":\"El digital de Asturias\",\"description\":\"Revista de ocio, turismo y estilo de vida\",\"url\":\"https:\\\/\\\/eldigitaldeasturias.com\\\/magazine365\\\/\",\"logo\":{\"@type\":\"ImageObject\",\"url\":\"https:\\\/\\\/www.eldigitaldeasturias.com\\\/noticias\\\/wp-content\\\/uploads\\\/2020\\\/12\\\/EDA.jpg\",\"@id\":\"https:\\\/\\\/eldigitaldeasturias.com\\\/magazine365\\\/airberlin-transporto-2024-millones-de-viajeros-durante-el-ano-2015\\\/#organizationLogo\"},\"image\":{\"@id\":\"https:\\\/\\\/eldigitaldeasturias.com\\\/magazine365\\\/airberlin-transporto-2024-millones-de-viajeros-durante-el-ano-2015\\\/#organizationLogo\"}},{\"@type\":\"Person\",\"@id\":\"https:\\\/\\\/eldigitaldeasturias.com\\\/magazine365\\\/author\\\/admin\\\/#author\",\"url\":\"https:\\\/\\\/eldigitaldeasturias.com\\\/magazine365\\\/author\\\/admin\\\/\",\"name\":\"admin\",\"image\":{\"@type\":\"ImageObject\",\"@id\":\"https:\\\/\\\/eldigitaldeasturias.com\\\/magazine365\\\/airberlin-transporto-2024-millones-de-viajeros-durante-el-ano-2015\\\/#authorImage\",\"url\":\"https:\\\/\\\/eldigitaldeasturias.com\\\/magazine365\\\/wp-content\\\/litespeed\\\/avatar\\\/e571bcf59a0edd6fa6838245a470f2fe.jpg?ver=1777574230\",\"width\":96,\"height\":96,\"caption\":\"admin\"}},{\"@type\":\"WebPage\",\"@id\":\"https:\\\/\\\/eldigitaldeasturias.com\\\/magazine365\\\/airberlin-transporto-2024-millones-de-viajeros-durante-el-ano-2015\\\/#webpage\",\"url\":\"https:\\\/\\\/eldigitaldeasturias.com\\\/magazine365\\\/airberlin-transporto-2024-millones-de-viajeros-durante-el-ano-2015\\\/\",\"name\":\"airberlin transport\\u00f3 20,24 millones de viajeros durante el a\\u00f1o 2015 | El Digital de Asturias\",\"description\":\"airberlin transport\\u00f3 20,24 millones de viajeros durante el a\\u00f1o 2015, lo que supone una reducci\\u00f3n del 4,6% con respecto al a\\u00f1o anterior, seg\\u00fan ha informado la compa\\u00f1\\u00eda alemana. La compa\\u00f1\\u00eda a\\u00e9rea redujo un 5,4% su oferta durante el \\u00faltimo a\\u00f1o y registr\\u00f3 un descenso medio del 4,6% del tr\\u00e1fico durante 2015. Su tasa de ocupaci\\u00f3n\",\"inLanguage\":\"es-ES\",\"isPartOf\":{\"@id\":\"https:\\\/\\\/eldigitaldeasturias.com\\\/magazine365\\\/#website\"},\"breadcrumb\":{\"@id\":\"https:\\\/\\\/eldigitaldeasturias.com\\\/magazine365\\\/airberlin-transporto-2024-millones-de-viajeros-durante-el-ano-2015\\\/#breadcrumblist\"},\"author\":{\"@id\":\"https:\\\/\\\/eldigitaldeasturias.com\\\/magazine365\\\/author\\\/admin\\\/#author\"},\"creator\":{\"@id\":\"https:\\\/\\\/eldigitaldeasturias.com\\\/magazine365\\\/author\\\/admin\\\/#author\"},\"image\":{\"@type\":\"ImageObject\",\"url\":\"https:\\\/\\\/eldigitaldeasturias.com\\\/magazine365\\\/wp-content\\\/uploads\\\/2016\\\/01\\\/fotonoticia_20160107123332_800.jpg\",\"@id\":\"https:\\\/\\\/eldigitaldeasturias.com\\\/magazine365\\\/airberlin-transporto-2024-millones-de-viajeros-durante-el-ano-2015\\\/#mainImage\",\"width\":800,\"height\":502},\"primaryImageOfPage\":{\"@id\":\"https:\\\/\\\/eldigitaldeasturias.com\\\/magazine365\\\/airberlin-transporto-2024-millones-de-viajeros-durante-el-ano-2015\\\/#mainImage\"},\"datePublished\":\"2016-01-09T18:41:52+01:00\",\"dateModified\":\"2016-01-09T18:41:52+01:00\"},{\"@type\":\"WebSite\",\"@id\":\"https:\\\/\\\/eldigitaldeasturias.com\\\/magazine365\\\/#website\",\"url\":\"https:\\\/\\\/eldigitaldeasturias.com\\\/magazine365\\\/\",\"name\":\"El Digital de Asturias\",\"description\":\"Revista de ocio, turismo y estilo de vida\",\"inLanguage\":\"es-ES\",\"publisher\":{\"@id\":\"https:\\\/\\\/eldigitaldeasturias.com\\\/magazine365\\\/#organization\"}}]}\n\t\t<\/script>\n\t\t<!-- All in One SEO Pro -->\r\n\t\t<title>airberlin transport\u00f3 20,24 millones de viajeros durante el a\u00f1o 2015 | El Digital de Asturias<\/title>\n\n","aioseo_head_json":{"title":"airberlin transport\u00f3 20,24 millones de viajeros durante el a\u00f1o 2015 | El Digital de Asturias","description":"airberlin transport\u00f3 20,24 millones de viajeros durante el a\u00f1o 2015, lo que supone una reducci\u00f3n del 4,6% con respecto al a\u00f1o anterior, seg\u00fan ha informado la compa\u00f1\u00eda alemana. La compa\u00f1\u00eda a\u00e9rea redujo un 5,4% su oferta durante el \u00faltimo a\u00f1o y registr\u00f3 un descenso medio del 4,6% del tr\u00e1fico durante 2015. Su tasa de ocupaci\u00f3n","canonical_url":"https:\/\/eldigitaldeasturias.com\/magazine365\/airberlin-transporto-2024-millones-de-viajeros-durante-el-ano-2015\/","robots":"max-image-preview:large","keywords":"noticias y actualidad","webmasterTools":{"google-site-verification":"UA-38556648-1","miscellaneous":""},"schema":{"@context":"https:\/\/schema.org","@graph":[{"@type":"Article","@id":"https:\/\/eldigitaldeasturias.com\/magazine365\/airberlin-transporto-2024-millones-de-viajeros-durante-el-ano-2015\/#article","name":"airberlin transport\u00f3 20,24 millones de viajeros durante el a\u00f1o 2015 | El Digital de Asturias","headline":"airberlin transport\u00f3 20,24 millones de viajeros durante el a\u00f1o 2015","author":{"@id":"https:\/\/eldigitaldeasturias.com\/magazine365\/author\/admin\/#author"},"publisher":{"@id":"https:\/\/eldigitaldeasturias.com\/magazine365\/#organization"},"image":{"@type":"ImageObject","url":"https:\/\/eldigitaldeasturias.com\/magazine365\/wp-content\/uploads\/2016\/01\/fotonoticia_20160107123332_800.jpg","width":800,"height":502},"datePublished":"2016-01-09T18:41:52+01:00","dateModified":"2016-01-09T18:41:52+01:00","inLanguage":"es-ES","mainEntityOfPage":{"@id":"https:\/\/eldigitaldeasturias.com\/magazine365\/airberlin-transporto-2024-millones-de-viajeros-durante-el-ano-2015\/#webpage"},"isPartOf":{"@id":"https:\/\/eldigitaldeasturias.com\/magazine365\/airberlin-transporto-2024-millones-de-viajeros-durante-el-ano-2015\/#webpage"},"articleSection":"Noticias y Actualidad"},{"@type":"BreadcrumbList","@id":"https:\/\/eldigitaldeasturias.com\/magazine365\/airberlin-transporto-2024-millones-de-viajeros-durante-el-ano-2015\/#breadcrumblist","itemListElement":[{"@type":"ListItem","@id":"https:\/\/eldigitaldeasturias.com\/magazine365#listItem","position":1,"name":"Home","item":"https:\/\/eldigitaldeasturias.com\/magazine365","nextItem":{"@type":"ListItem","@id":"https:\/\/eldigitaldeasturias.com\/magazine365\/category\/noticias-actualidad\/#listItem","name":"Noticias y Actualidad"}},{"@type":"ListItem","@id":"https:\/\/eldigitaldeasturias.com\/magazine365\/category\/noticias-actualidad\/#listItem","position":2,"name":"Noticias y Actualidad","item":"https:\/\/eldigitaldeasturias.com\/magazine365\/category\/noticias-actualidad\/","nextItem":{"@type":"ListItem","@id":"https:\/\/eldigitaldeasturias.com\/magazine365\/airberlin-transporto-2024-millones-de-viajeros-durante-el-ano-2015\/#listItem","name":"airberlin transport\u00f3 20,24 millones de viajeros durante el a\u00f1o 2015"},"previousItem":{"@type":"ListItem","@id":"https:\/\/eldigitaldeasturias.com\/magazine365#listItem","name":"Home"}},{"@type":"ListItem","@id":"https:\/\/eldigitaldeasturias.com\/magazine365\/airberlin-transporto-2024-millones-de-viajeros-durante-el-ano-2015\/#listItem","position":3,"name":"airberlin transport\u00f3 20,24 millones de viajeros durante el a\u00f1o 2015","previousItem":{"@type":"ListItem","@id":"https:\/\/eldigitaldeasturias.com\/magazine365\/category\/noticias-actualidad\/#listItem","name":"Noticias y Actualidad"}}]},{"@type":"Organization","@id":"https:\/\/eldigitaldeasturias.com\/magazine365\/#organization","name":"El digital de Asturias","description":"Revista de ocio, turismo y estilo de vida","url":"https:\/\/eldigitaldeasturias.com\/magazine365\/","logo":{"@type":"ImageObject","url":"https:\/\/www.eldigitaldeasturias.com\/noticias\/wp-content\/uploads\/2020\/12\/EDA.jpg","@id":"https:\/\/eldigitaldeasturias.com\/magazine365\/airberlin-transporto-2024-millones-de-viajeros-durante-el-ano-2015\/#organizationLogo"},"image":{"@id":"https:\/\/eldigitaldeasturias.com\/magazine365\/airberlin-transporto-2024-millones-de-viajeros-durante-el-ano-2015\/#organizationLogo"}},{"@type":"Person","@id":"https:\/\/eldigitaldeasturias.com\/magazine365\/author\/admin\/#author","url":"https:\/\/eldigitaldeasturias.com\/magazine365\/author\/admin\/","name":"admin","image":{"@type":"ImageObject","@id":"https:\/\/eldigitaldeasturias.com\/magazine365\/airberlin-transporto-2024-millones-de-viajeros-durante-el-ano-2015\/#authorImage","url":"https:\/\/eldigitaldeasturias.com\/magazine365\/wp-content\/litespeed\/avatar\/e571bcf59a0edd6fa6838245a470f2fe.jpg?ver=1777574230","width":96,"height":96,"caption":"admin"}},{"@type":"WebPage","@id":"https:\/\/eldigitaldeasturias.com\/magazine365\/airberlin-transporto-2024-millones-de-viajeros-durante-el-ano-2015\/#webpage","url":"https:\/\/eldigitaldeasturias.com\/magazine365\/airberlin-transporto-2024-millones-de-viajeros-durante-el-ano-2015\/","name":"airberlin transport\u00f3 20,24 millones de viajeros durante el a\u00f1o 2015 | El Digital de Asturias","description":"airberlin transport\u00f3 20,24 millones de viajeros durante el a\u00f1o 2015, lo que supone una reducci\u00f3n del 4,6% con respecto al a\u00f1o anterior, seg\u00fan ha informado la compa\u00f1\u00eda alemana. La compa\u00f1\u00eda a\u00e9rea redujo un 5,4% su oferta durante el \u00faltimo a\u00f1o y registr\u00f3 un descenso medio del 4,6% del tr\u00e1fico durante 2015. Su tasa de ocupaci\u00f3n","inLanguage":"es-ES","isPartOf":{"@id":"https:\/\/eldigitaldeasturias.com\/magazine365\/#website"},"breadcrumb":{"@id":"https:\/\/eldigitaldeasturias.com\/magazine365\/airberlin-transporto-2024-millones-de-viajeros-durante-el-ano-2015\/#breadcrumblist"},"author":{"@id":"https:\/\/eldigitaldeasturias.com\/magazine365\/author\/admin\/#author"},"creator":{"@id":"https:\/\/eldigitaldeasturias.com\/magazine365\/author\/admin\/#author"},"image":{"@type":"ImageObject","url":"https:\/\/eldigitaldeasturias.com\/magazine365\/wp-content\/uploads\/2016\/01\/fotonoticia_20160107123332_800.jpg","@id":"https:\/\/eldigitaldeasturias.com\/magazine365\/airberlin-transporto-2024-millones-de-viajeros-durante-el-ano-2015\/#mainImage","width":800,"height":502},"primaryImageOfPage":{"@id":"https:\/\/eldigitaldeasturias.com\/magazine365\/airberlin-transporto-2024-millones-de-viajeros-durante-el-ano-2015\/#mainImage"},"datePublished":"2016-01-09T18:41:52+01:00","dateModified":"2016-01-09T18:41:52+01:00"},{"@type":"WebSite","@id":"https:\/\/eldigitaldeasturias.com\/magazine365\/#website","url":"https:\/\/eldigitaldeasturias.com\/magazine365\/","name":"El Digital de Asturias","description":"Revista de ocio, turismo y estilo de vida","inLanguage":"es-ES","publisher":{"@id":"https:\/\/eldigitaldeasturias.com\/magazine365\/#organization"}}]},"og:locale":"es_ES","og:site_name":"El Digital de Asturias \u2013 Revista de ocio, turismo y estilo de vida","og:type":"article","og:title":"airberlin transport\u00f3 20,24 millones de viajeros durante el a\u00f1o 2015 | El Digital de Asturias","og:description":"airberlin transport\u00f3 20,24 millones de viajeros durante el a\u00f1o 2015, lo que supone una reducci\u00f3n del 4,6% con respecto al a\u00f1o anterior, seg\u00fan ha informado la compa\u00f1\u00eda alemana. La compa\u00f1\u00eda a\u00e9rea redujo un 5,4% su oferta durante el \u00faltimo a\u00f1o y registr\u00f3 un descenso medio del 4,6% del tr\u00e1fico durante 2015. Su tasa de ocupaci\u00f3n","og:url":"https:\/\/eldigitaldeasturias.com\/magazine365\/airberlin-transporto-2024-millones-de-viajeros-durante-el-ano-2015\/","og:image":"https:\/\/eldigitaldeasturias.com\/magazine365\/wp-content\/uploads\/2016\/01\/fotonoticia_20160107123332_800.jpg","og:image:secure_url":"https:\/\/eldigitaldeasturias.com\/magazine365\/wp-content\/uploads\/2016\/01\/fotonoticia_20160107123332_800.jpg","og:image:width":800,"og:image:height":502,"article:published_time":"2016-01-09T17:41:52+00:00","article:modified_time":"2016-01-09T17:41:52+00:00","twitter:card":"summary_large_image","twitter:title":"airberlin transport\u00f3 20,24 millones de viajeros durante el a\u00f1o 2015 | El Digital de Asturias","twitter:description":"airberlin transport\u00f3 20,24 millones de viajeros durante el a\u00f1o 2015, lo que supone una reducci\u00f3n del 4,6% con respecto al a\u00f1o anterior, seg\u00fan ha informado la compa\u00f1\u00eda alemana. La compa\u00f1\u00eda a\u00e9rea redujo un 5,4% su oferta durante el \u00faltimo a\u00f1o y registr\u00f3 un descenso medio del 4,6% del tr\u00e1fico durante 2015. Su tasa de ocupaci\u00f3n","twitter:image":"https:\/\/eldigitaldeasturias.com\/magazine365\/wp-content\/uploads\/2016\/01\/fotonoticia_20160107123332_800.jpg"},"aioseo_meta_data":{"post_id":"59923","title":null,"description":null,"keywords":null,"keyphrases":null,"primary_term":null,"canonical_url":null,"og_title":null,"og_description":null,"og_object_type":"default","og_image_type":"default","og_image_url":null,"og_image_width":null,"og_image_height":null,"og_image_custom_url":null,"og_image_custom_fields":null,"og_video":null,"og_custom_url":null,"og_article_section":null,"og_article_tags":null,"twitter_use_og":false,"twitter_card":"default","twitter_image_type":"default","twitter_image_url":null,"twitter_image_custom_url":null,"twitter_image_custom_fields":null,"twitter_title":null,"twitter_description":null,"schema":{"blockGraphs":[],"customGraphs":[],"default":{"data":{"Article":[],"Course":[],"Dataset":[],"FAQPage":[],"Movie":[],"Person":[],"Product":[],"ProductReview":[],"Car":[],"Recipe":[],"Service":[],"SoftwareApplication":[],"WebPage":[]},"graphName":"","isEnabled":true},"graphs":[],"defaultGraph":"","defaultPostTypeGraph":""},"schema_type":null,"schema_type_options":null,"pillar_content":false,"robots_default":true,"robots_noindex":false,"robots_noarchive":false,"robots_nosnippet":false,"robots_nofollow":false,"robots_noimageindex":false,"robots_noodp":false,"robots_notranslate":false,"robots_max_snippet":null,"robots_max_videopreview":null,"robots_max_imagepreview":"large","priority":null,"frequency":null,"location":null,"local_seo":null,"seo_analyzer_scan_date":"2025-09-25 05:56:12","breadcrumb_settings":null,"limit_modified_date":false,"open_ai":null,"ai":null,"created":"2021-03-08 22:07:57","updated":"2025-09-25 05:56:12"},"aioseo_breadcrumb":"<div class=\"aioseo-breadcrumbs\"><span class=\"aioseo-breadcrumb\">\n\t<a href=\"https:\/\/eldigitaldeasturias.com\/magazine365\" title=\"Home\">Home<\/a>\n<\/span><span class=\"aioseo-breadcrumb-separator\">\u2013<\/span><span class=\"aioseo-breadcrumb\">\n\t<a href=\"https:\/\/eldigitaldeasturias.com\/magazine365\/category\/noticias-actualidad\/\" title=\"Noticias y Actualidad\">Noticias y Actualidad<\/a>\n<\/span><span class=\"aioseo-breadcrumb-separator\">\u2013<\/span><span class=\"aioseo-breadcrumb\">\n\t<a href=\"https:\/\/eldigitaldeasturias.com\/magazine365\/airberlin-transporto-2024-millones-de-viajeros-durante-el-ano-2015\/\" title=\"airberlin transport\u00f3 20,24 millones de viajeros durante el a\u00f1o 2015\">airberlin transport\u00f3 20,24 millones de viajeros durante el a\u00f1o 2015<\/a>\n<\/span><\/div>","aioseo_breadcrumb_json":[{"label":"Home","link":"https:\/\/eldigitaldeasturias.com\/magazine365"},{"label":"Noticias y Actualidad","link":"https:\/\/eldigitaldeasturias.com\/magazine365\/category\/noticias-actualidad\/"},{"label":"airberlin transport\u00f3 20,24 millones de viajeros durante el a\u00f1o 2015","link":"https:\/\/eldigitaldeasturias.com\/magazine365\/airberlin-transporto-2024-millones-de-viajeros-durante-el-ano-2015\/"}],"_links":{"self":[{"href":"https:\/\/eldigitaldeasturias.com\/magazine365\/wp-json\/wp\/v2\/posts\/59923","targetHints":{"allow":["GET"]}}],"collection":[{"href":"https:\/\/eldigitaldeasturias.com\/magazine365\/wp-json\/wp\/v2\/posts"}],"about":[{"href":"https:\/\/eldigitaldeasturias.com\/magazine365\/wp-json\/wp\/v2\/types\/post"}],"author":[{"embeddable":true,"href":"https:\/\/eldigitaldeasturias.com\/magazine365\/wp-json\/wp\/v2\/users\/1"}],"replies":[{"embeddable":true,"href":"https:\/\/eldigitaldeasturias.com\/magazine365\/wp-json\/wp\/v2\/comments?post=59923"}],"version-history":[{"count":0,"href":"https:\/\/eldigitaldeasturias.com\/magazine365\/wp-json\/wp\/v2\/posts\/59923\/revisions"}],"wp:featuredmedia":[{"embeddable":true,"href":"https:\/\/eldigitaldeasturias.com\/magazine365\/wp-json\/wp\/v2\/media\/59924"}],"wp:attachment":[{"href":"https:\/\/eldigitaldeasturias.com\/magazine365\/wp-json\/wp\/v2\/media?parent=59923"}],"wp:term":[{"taxonomy":"category","embeddable":true,"href":"https:\/\/eldigitaldeasturias.com\/magazine365\/wp-json\/wp\/v2\/categories?post=59923"},{"taxonomy":"post_tag","embeddable":true,"href":"https:\/\/eldigitaldeasturias.com\/magazine365\/wp-json\/wp\/v2\/tags?post=59923"}],"curies":[{"name":"wp","href":"https:\/\/api.w.org\/{rel}","templated":true}]}}