{"id":59891,"date":"2016-01-09T18:13:24","date_gmt":"2016-01-09T17:13:24","guid":{"rendered":"http:\/\/eldigitaldeasturias.com\/magazine365\/?p=59891"},"modified":"2016-01-09T18:13:24","modified_gmt":"2016-01-09T17:13:24","slug":"la-alhambra-tambien-estudiara-el-posible-impacto-de-palos-de-selfie-y-flashes-en-el-monumento","status":"publish","type":"post","link":"https:\/\/eldigitaldeasturias.com\/magazine365\/la-alhambra-tambien-estudiara-el-posible-impacto-de-palos-de-selfie-y-flashes-en-el-monumento\/","title":{"rendered":"La Alhambra tambi\u00e9n estudiar\u00e1 el posible impacto de palos de &#8216;selfie&#8217; y flashes en el monumento"},"content":{"rendered":"<p><img fetchpriority=\"high\" decoding=\"async\" class=\"alignleft size-medium wp-image-59892\" src=\"https:\/\/eldigitaldeasturias.com\/magazine365\/wp-content\/uploads\/2016\/01\/fotonoticia_20160107102115_800-360x240.jpg\" alt=\"fotonoticia_20160107102115_800\" width=\"360\" height=\"240\" srcset=\"https:\/\/eldigitaldeasturias.com\/magazine365\/wp-content\/uploads\/2016\/01\/fotonoticia_20160107102115_800-360x240.jpg 360w, https:\/\/eldigitaldeasturias.com\/magazine365\/wp-content\/uploads\/2016\/01\/fotonoticia_20160107102115_800-650x433.jpg 650w, https:\/\/eldigitaldeasturias.com\/magazine365\/wp-content\/uploads\/2016\/01\/fotonoticia_20160107102115_800-768x512.jpg 768w, https:\/\/eldigitaldeasturias.com\/magazine365\/wp-content\/uploads\/2016\/01\/fotonoticia_20160107102115_800-150x100.jpg 150w, https:\/\/eldigitaldeasturias.com\/magazine365\/wp-content\/uploads\/2016\/01\/fotonoticia_20160107102115_800-450x300.jpg 450w, https:\/\/eldigitaldeasturias.com\/magazine365\/wp-content\/uploads\/2016\/01\/fotonoticia_20160107102115_800-696x464.jpg 696w, https:\/\/eldigitaldeasturias.com\/magazine365\/wp-content\/uploads\/2016\/01\/fotonoticia_20160107102115_800-630x420.jpg 630w, https:\/\/eldigitaldeasturias.com\/magazine365\/wp-content\/uploads\/2016\/01\/fotonoticia_20160107102115_800-101x66.jpg 101w, https:\/\/eldigitaldeasturias.com\/magazine365\/wp-content\/uploads\/2016\/01\/fotonoticia_20160107102115_800.jpg 800w\" sizes=\"(max-width: 360px) 100vw, 360px\" \/>El Patronato de la Alhambra, que gestiona el conjunto nazar\u00ed declarado Patrimonio de la Humanidad, estudiar\u00e1 el posible impacto de los extensibles o palos de los dispositivos m\u00f3viles para autorretratos o &#8216;selfies&#8217; y de las fotograf\u00edas con flash en el monumento, el m\u00e1s visitado de Espa\u00f1a.<\/p>\n<p>As\u00ed lo ha se\u00f1alado a Europa Press el director del Patronato, Reynaldo Fern\u00e1ndez Manzano, despu\u00e9s de que el Patronato del Real Alc\u00e1zar de Sevilla haya informado de que se reunir\u00e1 en el primer trimestre del a\u00f1o para debatir una serie de medidas con el objetivo de garantizar la seguridad en el monumento, entre ellas prohibir precisamente los palos de &#8216;selfie&#8217; o regular el uso de maletas tipo &#8216;trolley&#8217;.<\/p>\n<p>Fern\u00e1ndez Manzano ha dicho que aunque por el momento en Granada este tipo de medidas no se han planteado, el Patronato s\u00ed estudiar\u00e1 su posible impacto. \u00abPor el momento no lo hemos planteado. Estudiaremos su posible impacto\u00bb, ha mantenido.<\/p>\n<p>En el caso del Alc\u00e1zar de Sevilla, el Patronato ha decidido reunirse tras el \u00abdebate\u00bb suscitado entre los patronos del monumento a lo largo de los \u00faltimos tiempos, y celebrar\u00e1 por ello una sesi\u00f3n destinada a \u00abdebatir\u00bb y alcanzar un \u00abconsenso\u00bb en torno a nuevas medidas de seguridad para el monumento, joya del patrimonio art\u00edstico y el turismo de la capital andaluza, y sus propios visitantes.<\/p>\n<p>Entre estas medidas a debatir figuran la posible prohibici\u00f3n de los extensibles de dispositivos m\u00f3viles digitales para autorretratos o &#8216;selfies&#8217;, la regulaci\u00f3n del uso de maletas tipo &#8216;trolley&#8217;, la regulaci\u00f3n de las fotograf\u00edas con flash, o la prohibici\u00f3n de fumar tambi\u00e9n en la terraza de la cafeter\u00eda, con lo que dicha prohibici\u00f3n abarcar\u00eda la totalidad del monumento.<\/p>\n<p>Se trata, en cualquier caso, de medidas ya implantadas en otros monumentos y espacios muse\u00edsticos de Espa\u00f1a, cuya puesta en pr\u00e1ctica debatir\u00e1n pr\u00f3ximamente los patronos del Real Alc\u00e1zar, y estudiar\u00e1n en el caso de la Alhambra.<\/p>\n","protected":false},"excerpt":{"rendered":"<p>El Patronato de la Alhambra, que gestiona el conjunto nazar\u00ed declarado Patrimonio de la Humanidad, estudiar\u00e1 el posible impacto de los extensibles o palos de los dispositivos m\u00f3viles para autorretratos o &#8216;selfies&#8217; y de las fotograf\u00edas con flash en el monumento, el m\u00e1s visitado de Espa\u00f1a. As\u00ed lo ha se\u00f1alado a Europa Press el director<\/p>\n","protected":false},"author":1,"featured_media":59892,"comment_status":"open","ping_status":"closed","sticky":false,"template":"","format":"standard","meta":{"footnotes":""},"categories":[224],"tags":[],"class_list":{"0":"post-59891","1":"post","2":"type-post","3":"status-publish","4":"format-standard","5":"has-post-thumbnail","7":"category-noticias-actualidad"},"aioseo_notices":[],"aioseo_head":"\n\t\t<!-- All in One SEO Pro 4.9.6.1 - aioseo.com -->\n\t<meta name=\"description\" content=\"El Patronato de la Alhambra, que gestiona el conjunto nazar\u00ed declarado Patrimonio de la Humanidad, estudiar\u00e1 el posible impacto de los extensibles o palos de los dispositivos m\u00f3viles para autorretratos o &#039;selfies&#039; y de las fotograf\u00edas con flash en el monumento, el m\u00e1s visitado de Espa\u00f1a. As\u00ed lo ha se\u00f1alado a Europa Press el director\" \/>\n\t<meta name=\"robots\" content=\"max-image-preview:large\" \/>\n\t<meta name=\"author\" content=\"admin\"\/>\n\t<meta name=\"google-site-verification\" content=\"UA-38556648-1\" \/>\n\t<meta name=\"keywords\" content=\"noticias y actualidad\" \/>\n\t<link rel=\"canonical\" href=\"https:\/\/eldigitaldeasturias.com\/magazine365\/la-alhambra-tambien-estudiara-el-posible-impacto-de-palos-de-selfie-y-flashes-en-el-monumento\/\" \/>\n\t<meta name=\"generator\" content=\"All in One SEO Pro (AIOSEO) 4.9.6.1\" \/>\n\t\t<meta property=\"og:locale\" content=\"es_ES\" \/>\n\t\t<meta property=\"og:site_name\" content=\"El Digital de Asturias \u2013 Revista de ocio, turismo y estilo de vida\" \/>\n\t\t<meta property=\"og:type\" content=\"article\" \/>\n\t\t<meta property=\"og:title\" content=\"La Alhambra tambi\u00e9n estudiar\u00e1 el posible impacto de palos de \u2018selfie\u2019 y flashes en el monumento | El Digital de Asturias\" \/>\n\t\t<meta property=\"og:description\" content=\"El Patronato de la Alhambra, que gestiona el conjunto nazar\u00ed declarado Patrimonio de la Humanidad, estudiar\u00e1 el posible impacto de los extensibles o palos de los dispositivos m\u00f3viles para autorretratos o &#039;selfies&#039; y de las fotograf\u00edas con flash en el monumento, el m\u00e1s visitado de Espa\u00f1a. As\u00ed lo ha se\u00f1alado a Europa Press el director\" \/>\n\t\t<meta property=\"og:url\" content=\"https:\/\/eldigitaldeasturias.com\/magazine365\/la-alhambra-tambien-estudiara-el-posible-impacto-de-palos-de-selfie-y-flashes-en-el-monumento\/\" \/>\n\t\t<meta property=\"og:image\" content=\"https:\/\/eldigitaldeasturias.com\/magazine365\/wp-content\/uploads\/2016\/01\/fotonoticia_20160107102115_800.jpg\" \/>\n\t\t<meta property=\"og:image:secure_url\" content=\"https:\/\/eldigitaldeasturias.com\/magazine365\/wp-content\/uploads\/2016\/01\/fotonoticia_20160107102115_800.jpg\" \/>\n\t\t<meta property=\"og:image:width\" content=\"800\" \/>\n\t\t<meta property=\"og:image:height\" content=\"533\" \/>\n\t\t<meta property=\"article:published_time\" content=\"2016-01-09T17:13:24+00:00\" \/>\n\t\t<meta property=\"article:modified_time\" content=\"2016-01-09T17:13:24+00:00\" \/>\n\t\t<meta name=\"twitter:card\" content=\"summary_large_image\" \/>\n\t\t<meta name=\"twitter:title\" content=\"La Alhambra tambi\u00e9n estudiar\u00e1 el posible impacto de palos de \u2018selfie\u2019 y flashes en el monumento | El Digital de Asturias\" \/>\n\t\t<meta name=\"twitter:description\" content=\"El Patronato de la Alhambra, que gestiona el conjunto nazar\u00ed declarado Patrimonio de la Humanidad, estudiar\u00e1 el posible impacto de los extensibles o palos de los dispositivos m\u00f3viles para autorretratos o &#039;selfies&#039; y de las fotograf\u00edas con flash en el monumento, el m\u00e1s visitado de Espa\u00f1a. As\u00ed lo ha se\u00f1alado a Europa Press el director\" \/>\n\t\t<meta name=\"twitter:image\" content=\"https:\/\/eldigitaldeasturias.com\/magazine365\/wp-content\/uploads\/2016\/01\/fotonoticia_20160107102115_800.jpg\" \/>\n\t\t<script type=\"application\/ld+json\" class=\"aioseo-schema\">\n\t\t\t{\"@context\":\"https:\\\/\\\/schema.org\",\"@graph\":[{\"@type\":\"Article\",\"@id\":\"https:\\\/\\\/eldigitaldeasturias.com\\\/magazine365\\\/la-alhambra-tambien-estudiara-el-posible-impacto-de-palos-de-selfie-y-flashes-en-el-monumento\\\/#article\",\"name\":\"La Alhambra tambi\\u00e9n estudiar\\u00e1 el posible impacto de palos de \\u2018selfie\\u2019 y flashes en el monumento | El Digital de Asturias\",\"headline\":\"La Alhambra tambi\\u00e9n estudiar\\u00e1 el posible impacto de palos de &#8216;selfie&#8217; y flashes en el monumento\",\"author\":{\"@id\":\"https:\\\/\\\/eldigitaldeasturias.com\\\/magazine365\\\/author\\\/admin\\\/#author\"},\"publisher\":{\"@id\":\"https:\\\/\\\/eldigitaldeasturias.com\\\/magazine365\\\/#organization\"},\"image\":{\"@type\":\"ImageObject\",\"url\":\"https:\\\/\\\/eldigitaldeasturias.com\\\/magazine365\\\/wp-content\\\/uploads\\\/2016\\\/01\\\/fotonoticia_20160107102115_800.jpg\",\"width\":800,\"height\":533},\"datePublished\":\"2016-01-09T18:13:24+01:00\",\"dateModified\":\"2016-01-09T18:13:24+01:00\",\"inLanguage\":\"es-ES\",\"mainEntityOfPage\":{\"@id\":\"https:\\\/\\\/eldigitaldeasturias.com\\\/magazine365\\\/la-alhambra-tambien-estudiara-el-posible-impacto-de-palos-de-selfie-y-flashes-en-el-monumento\\\/#webpage\"},\"isPartOf\":{\"@id\":\"https:\\\/\\\/eldigitaldeasturias.com\\\/magazine365\\\/la-alhambra-tambien-estudiara-el-posible-impacto-de-palos-de-selfie-y-flashes-en-el-monumento\\\/#webpage\"},\"articleSection\":\"Noticias y Actualidad\"},{\"@type\":\"BreadcrumbList\",\"@id\":\"https:\\\/\\\/eldigitaldeasturias.com\\\/magazine365\\\/la-alhambra-tambien-estudiara-el-posible-impacto-de-palos-de-selfie-y-flashes-en-el-monumento\\\/#breadcrumblist\",\"itemListElement\":[{\"@type\":\"ListItem\",\"@id\":\"https:\\\/\\\/eldigitaldeasturias.com\\\/magazine365#listItem\",\"position\":1,\"name\":\"Home\",\"item\":\"https:\\\/\\\/eldigitaldeasturias.com\\\/magazine365\",\"nextItem\":{\"@type\":\"ListItem\",\"@id\":\"https:\\\/\\\/eldigitaldeasturias.com\\\/magazine365\\\/category\\\/noticias-actualidad\\\/#listItem\",\"name\":\"Noticias y Actualidad\"}},{\"@type\":\"ListItem\",\"@id\":\"https:\\\/\\\/eldigitaldeasturias.com\\\/magazine365\\\/category\\\/noticias-actualidad\\\/#listItem\",\"position\":2,\"name\":\"Noticias y Actualidad\",\"item\":\"https:\\\/\\\/eldigitaldeasturias.com\\\/magazine365\\\/category\\\/noticias-actualidad\\\/\",\"nextItem\":{\"@type\":\"ListItem\",\"@id\":\"https:\\\/\\\/eldigitaldeasturias.com\\\/magazine365\\\/la-alhambra-tambien-estudiara-el-posible-impacto-de-palos-de-selfie-y-flashes-en-el-monumento\\\/#listItem\",\"name\":\"La Alhambra tambi\\u00e9n estudiar\\u00e1 el posible impacto de palos de &#8216;selfie&#8217; y flashes en el monumento\"},\"previousItem\":{\"@type\":\"ListItem\",\"@id\":\"https:\\\/\\\/eldigitaldeasturias.com\\\/magazine365#listItem\",\"name\":\"Home\"}},{\"@type\":\"ListItem\",\"@id\":\"https:\\\/\\\/eldigitaldeasturias.com\\\/magazine365\\\/la-alhambra-tambien-estudiara-el-posible-impacto-de-palos-de-selfie-y-flashes-en-el-monumento\\\/#listItem\",\"position\":3,\"name\":\"La Alhambra tambi\\u00e9n estudiar\\u00e1 el posible impacto de palos de &#8216;selfie&#8217; y flashes en el monumento\",\"previousItem\":{\"@type\":\"ListItem\",\"@id\":\"https:\\\/\\\/eldigitaldeasturias.com\\\/magazine365\\\/category\\\/noticias-actualidad\\\/#listItem\",\"name\":\"Noticias y Actualidad\"}}]},{\"@type\":\"Organization\",\"@id\":\"https:\\\/\\\/eldigitaldeasturias.com\\\/magazine365\\\/#organization\",\"name\":\"El digital de Asturias\",\"description\":\"Revista de ocio, turismo y estilo de vida\",\"url\":\"https:\\\/\\\/eldigitaldeasturias.com\\\/magazine365\\\/\",\"logo\":{\"@type\":\"ImageObject\",\"url\":\"https:\\\/\\\/www.eldigitaldeasturias.com\\\/noticias\\\/wp-content\\\/uploads\\\/2020\\\/12\\\/EDA.jpg\",\"@id\":\"https:\\\/\\\/eldigitaldeasturias.com\\\/magazine365\\\/la-alhambra-tambien-estudiara-el-posible-impacto-de-palos-de-selfie-y-flashes-en-el-monumento\\\/#organizationLogo\"},\"image\":{\"@id\":\"https:\\\/\\\/eldigitaldeasturias.com\\\/magazine365\\\/la-alhambra-tambien-estudiara-el-posible-impacto-de-palos-de-selfie-y-flashes-en-el-monumento\\\/#organizationLogo\"}},{\"@type\":\"Person\",\"@id\":\"https:\\\/\\\/eldigitaldeasturias.com\\\/magazine365\\\/author\\\/admin\\\/#author\",\"url\":\"https:\\\/\\\/eldigitaldeasturias.com\\\/magazine365\\\/author\\\/admin\\\/\",\"name\":\"admin\",\"image\":{\"@type\":\"ImageObject\",\"@id\":\"https:\\\/\\\/eldigitaldeasturias.com\\\/magazine365\\\/la-alhambra-tambien-estudiara-el-posible-impacto-de-palos-de-selfie-y-flashes-en-el-monumento\\\/#authorImage\",\"url\":\"https:\\\/\\\/eldigitaldeasturias.com\\\/magazine365\\\/wp-content\\\/litespeed\\\/avatar\\\/e571bcf59a0edd6fa6838245a470f2fe.jpg?ver=1777574230\",\"width\":96,\"height\":96,\"caption\":\"admin\"}},{\"@type\":\"WebPage\",\"@id\":\"https:\\\/\\\/eldigitaldeasturias.com\\\/magazine365\\\/la-alhambra-tambien-estudiara-el-posible-impacto-de-palos-de-selfie-y-flashes-en-el-monumento\\\/#webpage\",\"url\":\"https:\\\/\\\/eldigitaldeasturias.com\\\/magazine365\\\/la-alhambra-tambien-estudiara-el-posible-impacto-de-palos-de-selfie-y-flashes-en-el-monumento\\\/\",\"name\":\"La Alhambra tambi\\u00e9n estudiar\\u00e1 el posible impacto de palos de \\u2018selfie\\u2019 y flashes en el monumento | El Digital de Asturias\",\"description\":\"El Patronato de la Alhambra, que gestiona el conjunto nazar\\u00ed declarado Patrimonio de la Humanidad, estudiar\\u00e1 el posible impacto de los extensibles o palos de los dispositivos m\\u00f3viles para autorretratos o 'selfies' y de las fotograf\\u00edas con flash en el monumento, el m\\u00e1s visitado de Espa\\u00f1a. As\\u00ed lo ha se\\u00f1alado a Europa Press el director\",\"inLanguage\":\"es-ES\",\"isPartOf\":{\"@id\":\"https:\\\/\\\/eldigitaldeasturias.com\\\/magazine365\\\/#website\"},\"breadcrumb\":{\"@id\":\"https:\\\/\\\/eldigitaldeasturias.com\\\/magazine365\\\/la-alhambra-tambien-estudiara-el-posible-impacto-de-palos-de-selfie-y-flashes-en-el-monumento\\\/#breadcrumblist\"},\"author\":{\"@id\":\"https:\\\/\\\/eldigitaldeasturias.com\\\/magazine365\\\/author\\\/admin\\\/#author\"},\"creator\":{\"@id\":\"https:\\\/\\\/eldigitaldeasturias.com\\\/magazine365\\\/author\\\/admin\\\/#author\"},\"image\":{\"@type\":\"ImageObject\",\"url\":\"https:\\\/\\\/eldigitaldeasturias.com\\\/magazine365\\\/wp-content\\\/uploads\\\/2016\\\/01\\\/fotonoticia_20160107102115_800.jpg\",\"@id\":\"https:\\\/\\\/eldigitaldeasturias.com\\\/magazine365\\\/la-alhambra-tambien-estudiara-el-posible-impacto-de-palos-de-selfie-y-flashes-en-el-monumento\\\/#mainImage\",\"width\":800,\"height\":533},\"primaryImageOfPage\":{\"@id\":\"https:\\\/\\\/eldigitaldeasturias.com\\\/magazine365\\\/la-alhambra-tambien-estudiara-el-posible-impacto-de-palos-de-selfie-y-flashes-en-el-monumento\\\/#mainImage\"},\"datePublished\":\"2016-01-09T18:13:24+01:00\",\"dateModified\":\"2016-01-09T18:13:24+01:00\"},{\"@type\":\"WebSite\",\"@id\":\"https:\\\/\\\/eldigitaldeasturias.com\\\/magazine365\\\/#website\",\"url\":\"https:\\\/\\\/eldigitaldeasturias.com\\\/magazine365\\\/\",\"name\":\"El Digital de Asturias\",\"description\":\"Revista de ocio, turismo y estilo de vida\",\"inLanguage\":\"es-ES\",\"publisher\":{\"@id\":\"https:\\\/\\\/eldigitaldeasturias.com\\\/magazine365\\\/#organization\"}}]}\n\t\t<\/script>\n\t\t<!-- All in One SEO Pro -->\r\n\t\t<title>La Alhambra tambi\u00e9n estudiar\u00e1 el posible impacto de palos de \u2018selfie\u2019 y flashes en el monumento | El Digital de Asturias<\/title>\n\n","aioseo_head_json":{"title":"La Alhambra tambi\u00e9n estudiar\u00e1 el posible impacto de palos de \u2018selfie\u2019 y flashes en el monumento | El Digital de Asturias","description":"El Patronato de la Alhambra, que gestiona el conjunto nazar\u00ed declarado Patrimonio de la Humanidad, estudiar\u00e1 el posible impacto de los extensibles o palos de los dispositivos m\u00f3viles para autorretratos o 'selfies' y de las fotograf\u00edas con flash en el monumento, el m\u00e1s visitado de Espa\u00f1a. As\u00ed lo ha se\u00f1alado a Europa Press el director","canonical_url":"https:\/\/eldigitaldeasturias.com\/magazine365\/la-alhambra-tambien-estudiara-el-posible-impacto-de-palos-de-selfie-y-flashes-en-el-monumento\/","robots":"max-image-preview:large","keywords":"noticias y actualidad","webmasterTools":{"google-site-verification":"UA-38556648-1","miscellaneous":""},"schema":{"@context":"https:\/\/schema.org","@graph":[{"@type":"Article","@id":"https:\/\/eldigitaldeasturias.com\/magazine365\/la-alhambra-tambien-estudiara-el-posible-impacto-de-palos-de-selfie-y-flashes-en-el-monumento\/#article","name":"La Alhambra tambi\u00e9n estudiar\u00e1 el posible impacto de palos de \u2018selfie\u2019 y flashes en el monumento | El Digital de Asturias","headline":"La Alhambra tambi\u00e9n estudiar\u00e1 el posible impacto de palos de &#8216;selfie&#8217; y flashes en el monumento","author":{"@id":"https:\/\/eldigitaldeasturias.com\/magazine365\/author\/admin\/#author"},"publisher":{"@id":"https:\/\/eldigitaldeasturias.com\/magazine365\/#organization"},"image":{"@type":"ImageObject","url":"https:\/\/eldigitaldeasturias.com\/magazine365\/wp-content\/uploads\/2016\/01\/fotonoticia_20160107102115_800.jpg","width":800,"height":533},"datePublished":"2016-01-09T18:13:24+01:00","dateModified":"2016-01-09T18:13:24+01:00","inLanguage":"es-ES","mainEntityOfPage":{"@id":"https:\/\/eldigitaldeasturias.com\/magazine365\/la-alhambra-tambien-estudiara-el-posible-impacto-de-palos-de-selfie-y-flashes-en-el-monumento\/#webpage"},"isPartOf":{"@id":"https:\/\/eldigitaldeasturias.com\/magazine365\/la-alhambra-tambien-estudiara-el-posible-impacto-de-palos-de-selfie-y-flashes-en-el-monumento\/#webpage"},"articleSection":"Noticias y Actualidad"},{"@type":"BreadcrumbList","@id":"https:\/\/eldigitaldeasturias.com\/magazine365\/la-alhambra-tambien-estudiara-el-posible-impacto-de-palos-de-selfie-y-flashes-en-el-monumento\/#breadcrumblist","itemListElement":[{"@type":"ListItem","@id":"https:\/\/eldigitaldeasturias.com\/magazine365#listItem","position":1,"name":"Home","item":"https:\/\/eldigitaldeasturias.com\/magazine365","nextItem":{"@type":"ListItem","@id":"https:\/\/eldigitaldeasturias.com\/magazine365\/category\/noticias-actualidad\/#listItem","name":"Noticias y Actualidad"}},{"@type":"ListItem","@id":"https:\/\/eldigitaldeasturias.com\/magazine365\/category\/noticias-actualidad\/#listItem","position":2,"name":"Noticias y Actualidad","item":"https:\/\/eldigitaldeasturias.com\/magazine365\/category\/noticias-actualidad\/","nextItem":{"@type":"ListItem","@id":"https:\/\/eldigitaldeasturias.com\/magazine365\/la-alhambra-tambien-estudiara-el-posible-impacto-de-palos-de-selfie-y-flashes-en-el-monumento\/#listItem","name":"La Alhambra tambi\u00e9n estudiar\u00e1 el posible impacto de palos de &#8216;selfie&#8217; y flashes en el monumento"},"previousItem":{"@type":"ListItem","@id":"https:\/\/eldigitaldeasturias.com\/magazine365#listItem","name":"Home"}},{"@type":"ListItem","@id":"https:\/\/eldigitaldeasturias.com\/magazine365\/la-alhambra-tambien-estudiara-el-posible-impacto-de-palos-de-selfie-y-flashes-en-el-monumento\/#listItem","position":3,"name":"La Alhambra tambi\u00e9n estudiar\u00e1 el posible impacto de palos de &#8216;selfie&#8217; y flashes en el monumento","previousItem":{"@type":"ListItem","@id":"https:\/\/eldigitaldeasturias.com\/magazine365\/category\/noticias-actualidad\/#listItem","name":"Noticias y Actualidad"}}]},{"@type":"Organization","@id":"https:\/\/eldigitaldeasturias.com\/magazine365\/#organization","name":"El digital de Asturias","description":"Revista de ocio, turismo y estilo de vida","url":"https:\/\/eldigitaldeasturias.com\/magazine365\/","logo":{"@type":"ImageObject","url":"https:\/\/www.eldigitaldeasturias.com\/noticias\/wp-content\/uploads\/2020\/12\/EDA.jpg","@id":"https:\/\/eldigitaldeasturias.com\/magazine365\/la-alhambra-tambien-estudiara-el-posible-impacto-de-palos-de-selfie-y-flashes-en-el-monumento\/#organizationLogo"},"image":{"@id":"https:\/\/eldigitaldeasturias.com\/magazine365\/la-alhambra-tambien-estudiara-el-posible-impacto-de-palos-de-selfie-y-flashes-en-el-monumento\/#organizationLogo"}},{"@type":"Person","@id":"https:\/\/eldigitaldeasturias.com\/magazine365\/author\/admin\/#author","url":"https:\/\/eldigitaldeasturias.com\/magazine365\/author\/admin\/","name":"admin","image":{"@type":"ImageObject","@id":"https:\/\/eldigitaldeasturias.com\/magazine365\/la-alhambra-tambien-estudiara-el-posible-impacto-de-palos-de-selfie-y-flashes-en-el-monumento\/#authorImage","url":"https:\/\/eldigitaldeasturias.com\/magazine365\/wp-content\/litespeed\/avatar\/e571bcf59a0edd6fa6838245a470f2fe.jpg?ver=1777574230","width":96,"height":96,"caption":"admin"}},{"@type":"WebPage","@id":"https:\/\/eldigitaldeasturias.com\/magazine365\/la-alhambra-tambien-estudiara-el-posible-impacto-de-palos-de-selfie-y-flashes-en-el-monumento\/#webpage","url":"https:\/\/eldigitaldeasturias.com\/magazine365\/la-alhambra-tambien-estudiara-el-posible-impacto-de-palos-de-selfie-y-flashes-en-el-monumento\/","name":"La Alhambra tambi\u00e9n estudiar\u00e1 el posible impacto de palos de \u2018selfie\u2019 y flashes en el monumento | El Digital de Asturias","description":"El Patronato de la Alhambra, que gestiona el conjunto nazar\u00ed declarado Patrimonio de la Humanidad, estudiar\u00e1 el posible impacto de los extensibles o palos de los dispositivos m\u00f3viles para autorretratos o 'selfies' y de las fotograf\u00edas con flash en el monumento, el m\u00e1s visitado de Espa\u00f1a. As\u00ed lo ha se\u00f1alado a Europa Press el director","inLanguage":"es-ES","isPartOf":{"@id":"https:\/\/eldigitaldeasturias.com\/magazine365\/#website"},"breadcrumb":{"@id":"https:\/\/eldigitaldeasturias.com\/magazine365\/la-alhambra-tambien-estudiara-el-posible-impacto-de-palos-de-selfie-y-flashes-en-el-monumento\/#breadcrumblist"},"author":{"@id":"https:\/\/eldigitaldeasturias.com\/magazine365\/author\/admin\/#author"},"creator":{"@id":"https:\/\/eldigitaldeasturias.com\/magazine365\/author\/admin\/#author"},"image":{"@type":"ImageObject","url":"https:\/\/eldigitaldeasturias.com\/magazine365\/wp-content\/uploads\/2016\/01\/fotonoticia_20160107102115_800.jpg","@id":"https:\/\/eldigitaldeasturias.com\/magazine365\/la-alhambra-tambien-estudiara-el-posible-impacto-de-palos-de-selfie-y-flashes-en-el-monumento\/#mainImage","width":800,"height":533},"primaryImageOfPage":{"@id":"https:\/\/eldigitaldeasturias.com\/magazine365\/la-alhambra-tambien-estudiara-el-posible-impacto-de-palos-de-selfie-y-flashes-en-el-monumento\/#mainImage"},"datePublished":"2016-01-09T18:13:24+01:00","dateModified":"2016-01-09T18:13:24+01:00"},{"@type":"WebSite","@id":"https:\/\/eldigitaldeasturias.com\/magazine365\/#website","url":"https:\/\/eldigitaldeasturias.com\/magazine365\/","name":"El Digital de Asturias","description":"Revista de ocio, turismo y estilo de vida","inLanguage":"es-ES","publisher":{"@id":"https:\/\/eldigitaldeasturias.com\/magazine365\/#organization"}}]},"og:locale":"es_ES","og:site_name":"El Digital de Asturias \u2013 Revista de ocio, turismo y estilo de vida","og:type":"article","og:title":"La Alhambra tambi\u00e9n estudiar\u00e1 el posible impacto de palos de \u2018selfie\u2019 y flashes en el monumento | El Digital de Asturias","og:description":"El Patronato de la Alhambra, que gestiona el conjunto nazar\u00ed declarado Patrimonio de la Humanidad, estudiar\u00e1 el posible impacto de los extensibles o palos de los dispositivos m\u00f3viles para autorretratos o 'selfies' y de las fotograf\u00edas con flash en el monumento, el m\u00e1s visitado de Espa\u00f1a. As\u00ed lo ha se\u00f1alado a Europa Press el director","og:url":"https:\/\/eldigitaldeasturias.com\/magazine365\/la-alhambra-tambien-estudiara-el-posible-impacto-de-palos-de-selfie-y-flashes-en-el-monumento\/","og:image":"https:\/\/eldigitaldeasturias.com\/magazine365\/wp-content\/uploads\/2016\/01\/fotonoticia_20160107102115_800.jpg","og:image:secure_url":"https:\/\/eldigitaldeasturias.com\/magazine365\/wp-content\/uploads\/2016\/01\/fotonoticia_20160107102115_800.jpg","og:image:width":800,"og:image:height":533,"article:published_time":"2016-01-09T17:13:24+00:00","article:modified_time":"2016-01-09T17:13:24+00:00","twitter:card":"summary_large_image","twitter:title":"La Alhambra tambi\u00e9n estudiar\u00e1 el posible impacto de palos de \u2018selfie\u2019 y flashes en el monumento | El Digital de Asturias","twitter:description":"El Patronato de la Alhambra, que gestiona el conjunto nazar\u00ed declarado Patrimonio de la Humanidad, estudiar\u00e1 el posible impacto de los extensibles o palos de los dispositivos m\u00f3viles para autorretratos o 'selfies' y de las fotograf\u00edas con flash en el monumento, el m\u00e1s visitado de Espa\u00f1a. As\u00ed lo ha se\u00f1alado a Europa Press el director","twitter:image":"https:\/\/eldigitaldeasturias.com\/magazine365\/wp-content\/uploads\/2016\/01\/fotonoticia_20160107102115_800.jpg"},"aioseo_meta_data":{"post_id":"59891","title":null,"description":null,"keywords":null,"keyphrases":null,"primary_term":null,"canonical_url":null,"og_title":null,"og_description":null,"og_object_type":"default","og_image_type":"default","og_image_url":null,"og_image_width":null,"og_image_height":null,"og_image_custom_url":null,"og_image_custom_fields":null,"og_video":null,"og_custom_url":null,"og_article_section":null,"og_article_tags":null,"twitter_use_og":false,"twitter_card":"default","twitter_image_type":"default","twitter_image_url":null,"twitter_image_custom_url":null,"twitter_image_custom_fields":null,"twitter_title":null,"twitter_description":null,"schema":{"blockGraphs":[],"customGraphs":[],"default":{"data":{"Article":[],"Course":[],"Dataset":[],"FAQPage":[],"Movie":[],"Person":[],"Product":[],"ProductReview":[],"Car":[],"Recipe":[],"Service":[],"SoftwareApplication":[],"WebPage":[]},"graphName":"","isEnabled":true},"graphs":[]},"schema_type":null,"schema_type_options":null,"pillar_content":false,"robots_default":true,"robots_noindex":false,"robots_noarchive":false,"robots_nosnippet":false,"robots_nofollow":false,"robots_noimageindex":false,"robots_noodp":false,"robots_notranslate":false,"robots_max_snippet":null,"robots_max_videopreview":null,"robots_max_imagepreview":"large","priority":null,"frequency":null,"location":null,"local_seo":null,"seo_analyzer_scan_date":"2025-09-25 05:49:37","breadcrumb_settings":null,"limit_modified_date":false,"open_ai":null,"ai":null,"created":"2021-03-08 22:07:57","updated":"2025-09-25 05:49:37"},"aioseo_breadcrumb":"<div class=\"aioseo-breadcrumbs\"><span class=\"aioseo-breadcrumb\">\n\t<a href=\"https:\/\/eldigitaldeasturias.com\/magazine365\" title=\"Home\">Home<\/a>\n<\/span><span class=\"aioseo-breadcrumb-separator\">\u2013<\/span><span class=\"aioseo-breadcrumb\">\n\t<a href=\"https:\/\/eldigitaldeasturias.com\/magazine365\/category\/noticias-actualidad\/\" title=\"Noticias y Actualidad\">Noticias y Actualidad<\/a>\n<\/span><span class=\"aioseo-breadcrumb-separator\">\u2013<\/span><span class=\"aioseo-breadcrumb\">\n\t<a href=\"https:\/\/eldigitaldeasturias.com\/magazine365\/la-alhambra-tambien-estudiara-el-posible-impacto-de-palos-de-selfie-y-flashes-en-el-monumento\/\" title=\"La Alhambra tambi\u00e9n estudiar\u00e1 el posible impacto de palos de \u2018selfie\u2019 y flashes en el monumento\">La Alhambra tambi\u00e9n estudiar\u00e1 el posible impacto de palos de \u2018selfie\u2019 y flashes en el monumento<\/a>\n<\/span><\/div>","aioseo_breadcrumb_json":[{"label":"Home","link":"https:\/\/eldigitaldeasturias.com\/magazine365"},{"label":"Noticias y Actualidad","link":"https:\/\/eldigitaldeasturias.com\/magazine365\/category\/noticias-actualidad\/"},{"label":"La Alhambra tambi\u00e9n estudiar\u00e1 el posible impacto de palos de &#8216;selfie&#8217; y flashes en el monumento","link":"https:\/\/eldigitaldeasturias.com\/magazine365\/la-alhambra-tambien-estudiara-el-posible-impacto-de-palos-de-selfie-y-flashes-en-el-monumento\/"}],"_links":{"self":[{"href":"https:\/\/eldigitaldeasturias.com\/magazine365\/wp-json\/wp\/v2\/posts\/59891","targetHints":{"allow":["GET"]}}],"collection":[{"href":"https:\/\/eldigitaldeasturias.com\/magazine365\/wp-json\/wp\/v2\/posts"}],"about":[{"href":"https:\/\/eldigitaldeasturias.com\/magazine365\/wp-json\/wp\/v2\/types\/post"}],"author":[{"embeddable":true,"href":"https:\/\/eldigitaldeasturias.com\/magazine365\/wp-json\/wp\/v2\/users\/1"}],"replies":[{"embeddable":true,"href":"https:\/\/eldigitaldeasturias.com\/magazine365\/wp-json\/wp\/v2\/comments?post=59891"}],"version-history":[{"count":0,"href":"https:\/\/eldigitaldeasturias.com\/magazine365\/wp-json\/wp\/v2\/posts\/59891\/revisions"}],"wp:featuredmedia":[{"embeddable":true,"href":"https:\/\/eldigitaldeasturias.com\/magazine365\/wp-json\/wp\/v2\/media\/59892"}],"wp:attachment":[{"href":"https:\/\/eldigitaldeasturias.com\/magazine365\/wp-json\/wp\/v2\/media?parent=59891"}],"wp:term":[{"taxonomy":"category","embeddable":true,"href":"https:\/\/eldigitaldeasturias.com\/magazine365\/wp-json\/wp\/v2\/categories?post=59891"},{"taxonomy":"post_tag","embeddable":true,"href":"https:\/\/eldigitaldeasturias.com\/magazine365\/wp-json\/wp\/v2\/tags?post=59891"}],"curies":[{"name":"wp","href":"https:\/\/api.w.org\/{rel}","templated":true}]}}