{"id":59885,"date":"2016-01-09T18:11:14","date_gmt":"2016-01-09T17:11:14","guid":{"rendered":"http:\/\/eldigitaldeasturias.com\/magazine365\/?p=59885"},"modified":"2016-01-09T18:11:14","modified_gmt":"2016-01-09T17:11:14","slug":"el-gobierno-da-luz-verde-a-la-primera-fase-de-la-restauracion-de-la-catedral-de-coria","status":"publish","type":"post","link":"https:\/\/eldigitaldeasturias.com\/magazine365\/el-gobierno-da-luz-verde-a-la-primera-fase-de-la-restauracion-de-la-catedral-de-coria\/","title":{"rendered":"El Gobierno da luz verde a la primera fase de la restauraci\u00f3n de la Catedral de Coria"},"content":{"rendered":"<p><img fetchpriority=\"high\" decoding=\"async\" class=\"alignleft size-medium wp-image-59886\" src=\"https:\/\/eldigitaldeasturias.com\/magazine365\/wp-content\/uploads\/2016\/01\/fotonoticia_20160107101640_800-360x270.jpg\" alt=\"fotonoticia_20160107101640_800\" width=\"360\" height=\"270\" srcset=\"https:\/\/eldigitaldeasturias.com\/magazine365\/wp-content\/uploads\/2016\/01\/fotonoticia_20160107101640_800-360x270.jpg 360w, https:\/\/eldigitaldeasturias.com\/magazine365\/wp-content\/uploads\/2016\/01\/fotonoticia_20160107101640_800-650x488.jpg 650w, https:\/\/eldigitaldeasturias.com\/magazine365\/wp-content\/uploads\/2016\/01\/fotonoticia_20160107101640_800-768x576.jpg 768w, https:\/\/eldigitaldeasturias.com\/magazine365\/wp-content\/uploads\/2016\/01\/fotonoticia_20160107101640_800-150x113.jpg 150w, https:\/\/eldigitaldeasturias.com\/magazine365\/wp-content\/uploads\/2016\/01\/fotonoticia_20160107101640_800-450x338.jpg 450w, https:\/\/eldigitaldeasturias.com\/magazine365\/wp-content\/uploads\/2016\/01\/fotonoticia_20160107101640_800-80x60.jpg 80w, https:\/\/eldigitaldeasturias.com\/magazine365\/wp-content\/uploads\/2016\/01\/fotonoticia_20160107101640_800-265x198.jpg 265w, https:\/\/eldigitaldeasturias.com\/magazine365\/wp-content\/uploads\/2016\/01\/fotonoticia_20160107101640_800-696x522.jpg 696w, https:\/\/eldigitaldeasturias.com\/magazine365\/wp-content\/uploads\/2016\/01\/fotonoticia_20160107101640_800-560x420.jpg 560w, https:\/\/eldigitaldeasturias.com\/magazine365\/wp-content\/uploads\/2016\/01\/fotonoticia_20160107101640_800-90x67.jpg 90w, https:\/\/eldigitaldeasturias.com\/magazine365\/wp-content\/uploads\/2016\/01\/fotonoticia_20160107101640_800-164x124.jpg 164w, https:\/\/eldigitaldeasturias.com\/magazine365\/wp-content\/uploads\/2016\/01\/fotonoticia_20160107101640_800-100x75.jpg 100w, https:\/\/eldigitaldeasturias.com\/magazine365\/wp-content\/uploads\/2016\/01\/fotonoticia_20160107101640_800.jpg 800w\" sizes=\"(max-width: 360px) 100vw, 360px\" \/>El Gobierno de Espa\u00f1a ha firmado la resoluci\u00f3n definitiva que da luz verde a la primera fase del Proyecto de Consolidaci\u00f3n Estructural y Restauraci\u00f3n de la Catedral de Coria (C\u00e1ceres), que cuenta con una inversi\u00f3n total de 1,6 millones de euros, de los que 1,1 son aportados por el Ministerio de Fomento a trav\u00e9s del programa 1,5% Cultural.<\/p>\n<p>Por su parte, la Junta de Extremadura, a trav\u00e9s de la Direcci\u00f3n General de Patrimonio Cultural, destinar\u00e1 300.000 euros a mejorar sus condiciones en dos anualidades, una de 150.000 en 2016 y otra del mismo importe en 2017, ya que este proyecto requiere de un convenio entre el Gobierno de Espa\u00f1a, la Junta de Extremadura y el Obispado de Coria-C\u00e1ceres, seg\u00fan ha informado el ayuntamiento cauriense en nota de prensa.<\/p>\n<p>El alcalde de Coria, Jos\u00e9 Manuel Garc\u00eda Ballestero, ha se\u00f1alado que esta resoluci\u00f3n confirma \u00abuna inversi\u00f3n muy importante para la ciudad de Coria y para la catedral, que es uno de los espacios m\u00e1s emblem\u00e1ticos\u00bb.<\/p>\n<p>Cabe destacar que el alcalde de Coria mantuvo el pasado mes de diciembre una reuni\u00f3n con el director general de Arquitectura, Vivienda y suelo del Gobierno de Espa\u00f1a, Juan Van-Halen Rodr\u00edguez, para interesarse por el tr\u00e1mite que llevaba a la resoluci\u00f3n de este proyecto.<\/p>\n","protected":false},"excerpt":{"rendered":"<p>El Gobierno de Espa\u00f1a ha firmado la resoluci\u00f3n definitiva que da luz verde a la primera fase del Proyecto de Consolidaci\u00f3n Estructural y Restauraci\u00f3n de la Catedral de Coria (C\u00e1ceres), que cuenta con una inversi\u00f3n total de 1,6 millones de euros, de los que 1,1 son aportados por el Ministerio de Fomento a trav\u00e9s del<\/p>\n","protected":false},"author":1,"featured_media":59886,"comment_status":"open","ping_status":"closed","sticky":false,"template":"","format":"standard","meta":{"footnotes":""},"categories":[224],"tags":[],"class_list":{"0":"post-59885","1":"post","2":"type-post","3":"status-publish","4":"format-standard","5":"has-post-thumbnail","7":"category-noticias-actualidad"},"aioseo_notices":[],"aioseo_head":"\n\t\t<!-- All in One SEO Pro 4.9.6.1 - aioseo.com -->\n\t<meta name=\"description\" content=\"El Gobierno de Espa\u00f1a ha firmado la resoluci\u00f3n definitiva que da luz verde a la primera fase del Proyecto de Consolidaci\u00f3n Estructural y Restauraci\u00f3n de la Catedral de Coria (C\u00e1ceres), que cuenta con una inversi\u00f3n total de 1,6 millones de euros, de los que 1,1 son aportados por el Ministerio de Fomento a trav\u00e9s del\" \/>\n\t<meta name=\"robots\" content=\"max-image-preview:large\" \/>\n\t<meta name=\"author\" content=\"admin\"\/>\n\t<meta name=\"google-site-verification\" content=\"UA-38556648-1\" \/>\n\t<meta name=\"keywords\" content=\"noticias y actualidad\" \/>\n\t<link rel=\"canonical\" href=\"https:\/\/eldigitaldeasturias.com\/magazine365\/el-gobierno-da-luz-verde-a-la-primera-fase-de-la-restauracion-de-la-catedral-de-coria\/\" \/>\n\t<meta name=\"generator\" content=\"All in One SEO Pro (AIOSEO) 4.9.6.1\" \/>\n\t\t<meta property=\"og:locale\" content=\"es_ES\" \/>\n\t\t<meta property=\"og:site_name\" content=\"El Digital de Asturias \u2013 Revista de ocio, turismo y estilo de vida\" \/>\n\t\t<meta property=\"og:type\" content=\"article\" \/>\n\t\t<meta property=\"og:title\" content=\"El Gobierno da luz verde a la primera fase de la restauraci\u00f3n de la Catedral de Coria | El Digital de Asturias\" \/>\n\t\t<meta property=\"og:description\" content=\"El Gobierno de Espa\u00f1a ha firmado la resoluci\u00f3n definitiva que da luz verde a la primera fase del Proyecto de Consolidaci\u00f3n Estructural y Restauraci\u00f3n de la Catedral de Coria (C\u00e1ceres), que cuenta con una inversi\u00f3n total de 1,6 millones de euros, de los que 1,1 son aportados por el Ministerio de Fomento a trav\u00e9s del\" \/>\n\t\t<meta property=\"og:url\" content=\"https:\/\/eldigitaldeasturias.com\/magazine365\/el-gobierno-da-luz-verde-a-la-primera-fase-de-la-restauracion-de-la-catedral-de-coria\/\" \/>\n\t\t<meta property=\"og:image\" content=\"https:\/\/eldigitaldeasturias.com\/magazine365\/wp-content\/uploads\/2016\/01\/fotonoticia_20160107101640_800.jpg\" \/>\n\t\t<meta property=\"og:image:secure_url\" content=\"https:\/\/eldigitaldeasturias.com\/magazine365\/wp-content\/uploads\/2016\/01\/fotonoticia_20160107101640_800.jpg\" \/>\n\t\t<meta property=\"og:image:width\" content=\"800\" \/>\n\t\t<meta property=\"og:image:height\" content=\"600\" \/>\n\t\t<meta property=\"article:published_time\" content=\"2016-01-09T17:11:14+00:00\" \/>\n\t\t<meta property=\"article:modified_time\" content=\"2016-01-09T17:11:14+00:00\" \/>\n\t\t<meta name=\"twitter:card\" content=\"summary_large_image\" \/>\n\t\t<meta name=\"twitter:title\" content=\"El Gobierno da luz verde a la primera fase de la restauraci\u00f3n de la Catedral de Coria | El Digital de Asturias\" \/>\n\t\t<meta name=\"twitter:description\" content=\"El Gobierno de Espa\u00f1a ha firmado la resoluci\u00f3n definitiva que da luz verde a la primera fase del Proyecto de Consolidaci\u00f3n Estructural y Restauraci\u00f3n de la Catedral de Coria (C\u00e1ceres), que cuenta con una inversi\u00f3n total de 1,6 millones de euros, de los que 1,1 son aportados por el Ministerio de Fomento a trav\u00e9s del\" \/>\n\t\t<meta name=\"twitter:image\" content=\"https:\/\/eldigitaldeasturias.com\/magazine365\/wp-content\/uploads\/2016\/01\/fotonoticia_20160107101640_800.jpg\" \/>\n\t\t<script type=\"application\/ld+json\" class=\"aioseo-schema\">\n\t\t\t{\"@context\":\"https:\\\/\\\/schema.org\",\"@graph\":[{\"@type\":\"Article\",\"@id\":\"https:\\\/\\\/eldigitaldeasturias.com\\\/magazine365\\\/el-gobierno-da-luz-verde-a-la-primera-fase-de-la-restauracion-de-la-catedral-de-coria\\\/#article\",\"name\":\"El Gobierno da luz verde a la primera fase de la restauraci\\u00f3n de la Catedral de Coria | El Digital de Asturias\",\"headline\":\"El Gobierno da luz verde a la primera fase de la restauraci\\u00f3n de la Catedral de Coria\",\"author\":{\"@id\":\"https:\\\/\\\/eldigitaldeasturias.com\\\/magazine365\\\/author\\\/admin\\\/#author\"},\"publisher\":{\"@id\":\"https:\\\/\\\/eldigitaldeasturias.com\\\/magazine365\\\/#organization\"},\"image\":{\"@type\":\"ImageObject\",\"url\":\"https:\\\/\\\/eldigitaldeasturias.com\\\/magazine365\\\/wp-content\\\/uploads\\\/2016\\\/01\\\/fotonoticia_20160107101640_800.jpg\",\"width\":800,\"height\":600},\"datePublished\":\"2016-01-09T18:11:14+01:00\",\"dateModified\":\"2016-01-09T18:11:14+01:00\",\"inLanguage\":\"es-ES\",\"mainEntityOfPage\":{\"@id\":\"https:\\\/\\\/eldigitaldeasturias.com\\\/magazine365\\\/el-gobierno-da-luz-verde-a-la-primera-fase-de-la-restauracion-de-la-catedral-de-coria\\\/#webpage\"},\"isPartOf\":{\"@id\":\"https:\\\/\\\/eldigitaldeasturias.com\\\/magazine365\\\/el-gobierno-da-luz-verde-a-la-primera-fase-de-la-restauracion-de-la-catedral-de-coria\\\/#webpage\"},\"articleSection\":\"Noticias y Actualidad\"},{\"@type\":\"BreadcrumbList\",\"@id\":\"https:\\\/\\\/eldigitaldeasturias.com\\\/magazine365\\\/el-gobierno-da-luz-verde-a-la-primera-fase-de-la-restauracion-de-la-catedral-de-coria\\\/#breadcrumblist\",\"itemListElement\":[{\"@type\":\"ListItem\",\"@id\":\"https:\\\/\\\/eldigitaldeasturias.com\\\/magazine365#listItem\",\"position\":1,\"name\":\"Home\",\"item\":\"https:\\\/\\\/eldigitaldeasturias.com\\\/magazine365\",\"nextItem\":{\"@type\":\"ListItem\",\"@id\":\"https:\\\/\\\/eldigitaldeasturias.com\\\/magazine365\\\/category\\\/noticias-actualidad\\\/#listItem\",\"name\":\"Noticias y Actualidad\"}},{\"@type\":\"ListItem\",\"@id\":\"https:\\\/\\\/eldigitaldeasturias.com\\\/magazine365\\\/category\\\/noticias-actualidad\\\/#listItem\",\"position\":2,\"name\":\"Noticias y Actualidad\",\"item\":\"https:\\\/\\\/eldigitaldeasturias.com\\\/magazine365\\\/category\\\/noticias-actualidad\\\/\",\"nextItem\":{\"@type\":\"ListItem\",\"@id\":\"https:\\\/\\\/eldigitaldeasturias.com\\\/magazine365\\\/el-gobierno-da-luz-verde-a-la-primera-fase-de-la-restauracion-de-la-catedral-de-coria\\\/#listItem\",\"name\":\"El Gobierno da luz verde a la primera fase de la restauraci\\u00f3n de la Catedral de Coria\"},\"previousItem\":{\"@type\":\"ListItem\",\"@id\":\"https:\\\/\\\/eldigitaldeasturias.com\\\/magazine365#listItem\",\"name\":\"Home\"}},{\"@type\":\"ListItem\",\"@id\":\"https:\\\/\\\/eldigitaldeasturias.com\\\/magazine365\\\/el-gobierno-da-luz-verde-a-la-primera-fase-de-la-restauracion-de-la-catedral-de-coria\\\/#listItem\",\"position\":3,\"name\":\"El Gobierno da luz verde a la primera fase de la restauraci\\u00f3n de la Catedral de Coria\",\"previousItem\":{\"@type\":\"ListItem\",\"@id\":\"https:\\\/\\\/eldigitaldeasturias.com\\\/magazine365\\\/category\\\/noticias-actualidad\\\/#listItem\",\"name\":\"Noticias y Actualidad\"}}]},{\"@type\":\"Organization\",\"@id\":\"https:\\\/\\\/eldigitaldeasturias.com\\\/magazine365\\\/#organization\",\"name\":\"El digital de Asturias\",\"description\":\"Revista de ocio, turismo y estilo de vida\",\"url\":\"https:\\\/\\\/eldigitaldeasturias.com\\\/magazine365\\\/\",\"logo\":{\"@type\":\"ImageObject\",\"url\":\"https:\\\/\\\/www.eldigitaldeasturias.com\\\/noticias\\\/wp-content\\\/uploads\\\/2020\\\/12\\\/EDA.jpg\",\"@id\":\"https:\\\/\\\/eldigitaldeasturias.com\\\/magazine365\\\/el-gobierno-da-luz-verde-a-la-primera-fase-de-la-restauracion-de-la-catedral-de-coria\\\/#organizationLogo\"},\"image\":{\"@id\":\"https:\\\/\\\/eldigitaldeasturias.com\\\/magazine365\\\/el-gobierno-da-luz-verde-a-la-primera-fase-de-la-restauracion-de-la-catedral-de-coria\\\/#organizationLogo\"}},{\"@type\":\"Person\",\"@id\":\"https:\\\/\\\/eldigitaldeasturias.com\\\/magazine365\\\/author\\\/admin\\\/#author\",\"url\":\"https:\\\/\\\/eldigitaldeasturias.com\\\/magazine365\\\/author\\\/admin\\\/\",\"name\":\"admin\",\"image\":{\"@type\":\"ImageObject\",\"@id\":\"https:\\\/\\\/eldigitaldeasturias.com\\\/magazine365\\\/el-gobierno-da-luz-verde-a-la-primera-fase-de-la-restauracion-de-la-catedral-de-coria\\\/#authorImage\",\"url\":\"https:\\\/\\\/eldigitaldeasturias.com\\\/magazine365\\\/wp-content\\\/litespeed\\\/avatar\\\/e571bcf59a0edd6fa6838245a470f2fe.jpg?ver=1777574230\",\"width\":96,\"height\":96,\"caption\":\"admin\"}},{\"@type\":\"WebPage\",\"@id\":\"https:\\\/\\\/eldigitaldeasturias.com\\\/magazine365\\\/el-gobierno-da-luz-verde-a-la-primera-fase-de-la-restauracion-de-la-catedral-de-coria\\\/#webpage\",\"url\":\"https:\\\/\\\/eldigitaldeasturias.com\\\/magazine365\\\/el-gobierno-da-luz-verde-a-la-primera-fase-de-la-restauracion-de-la-catedral-de-coria\\\/\",\"name\":\"El Gobierno da luz verde a la primera fase de la restauraci\\u00f3n de la Catedral de Coria | El Digital de Asturias\",\"description\":\"El Gobierno de Espa\\u00f1a ha firmado la resoluci\\u00f3n definitiva que da luz verde a la primera fase del Proyecto de Consolidaci\\u00f3n Estructural y Restauraci\\u00f3n de la Catedral de Coria (C\\u00e1ceres), que cuenta con una inversi\\u00f3n total de 1,6 millones de euros, de los que 1,1 son aportados por el Ministerio de Fomento a trav\\u00e9s del\",\"inLanguage\":\"es-ES\",\"isPartOf\":{\"@id\":\"https:\\\/\\\/eldigitaldeasturias.com\\\/magazine365\\\/#website\"},\"breadcrumb\":{\"@id\":\"https:\\\/\\\/eldigitaldeasturias.com\\\/magazine365\\\/el-gobierno-da-luz-verde-a-la-primera-fase-de-la-restauracion-de-la-catedral-de-coria\\\/#breadcrumblist\"},\"author\":{\"@id\":\"https:\\\/\\\/eldigitaldeasturias.com\\\/magazine365\\\/author\\\/admin\\\/#author\"},\"creator\":{\"@id\":\"https:\\\/\\\/eldigitaldeasturias.com\\\/magazine365\\\/author\\\/admin\\\/#author\"},\"image\":{\"@type\":\"ImageObject\",\"url\":\"https:\\\/\\\/eldigitaldeasturias.com\\\/magazine365\\\/wp-content\\\/uploads\\\/2016\\\/01\\\/fotonoticia_20160107101640_800.jpg\",\"@id\":\"https:\\\/\\\/eldigitaldeasturias.com\\\/magazine365\\\/el-gobierno-da-luz-verde-a-la-primera-fase-de-la-restauracion-de-la-catedral-de-coria\\\/#mainImage\",\"width\":800,\"height\":600},\"primaryImageOfPage\":{\"@id\":\"https:\\\/\\\/eldigitaldeasturias.com\\\/magazine365\\\/el-gobierno-da-luz-verde-a-la-primera-fase-de-la-restauracion-de-la-catedral-de-coria\\\/#mainImage\"},\"datePublished\":\"2016-01-09T18:11:14+01:00\",\"dateModified\":\"2016-01-09T18:11:14+01:00\"},{\"@type\":\"WebSite\",\"@id\":\"https:\\\/\\\/eldigitaldeasturias.com\\\/magazine365\\\/#website\",\"url\":\"https:\\\/\\\/eldigitaldeasturias.com\\\/magazine365\\\/\",\"name\":\"El Digital de Asturias\",\"description\":\"Revista de ocio, turismo y estilo de vida\",\"inLanguage\":\"es-ES\",\"publisher\":{\"@id\":\"https:\\\/\\\/eldigitaldeasturias.com\\\/magazine365\\\/#organization\"}}]}\n\t\t<\/script>\n\t\t<!-- All in One SEO Pro -->\r\n\t\t<title>El Gobierno da luz verde a la primera fase de la restauraci\u00f3n de la Catedral de Coria | El Digital de Asturias<\/title>\n\n","aioseo_head_json":{"title":"El Gobierno da luz verde a la primera fase de la restauraci\u00f3n de la Catedral de Coria | El Digital de Asturias","description":"El Gobierno de Espa\u00f1a ha firmado la resoluci\u00f3n definitiva que da luz verde a la primera fase del Proyecto de Consolidaci\u00f3n Estructural y Restauraci\u00f3n de la Catedral de Coria (C\u00e1ceres), que cuenta con una inversi\u00f3n total de 1,6 millones de euros, de los que 1,1 son aportados por el Ministerio de Fomento a trav\u00e9s del","canonical_url":"https:\/\/eldigitaldeasturias.com\/magazine365\/el-gobierno-da-luz-verde-a-la-primera-fase-de-la-restauracion-de-la-catedral-de-coria\/","robots":"max-image-preview:large","keywords":"noticias y actualidad","webmasterTools":{"google-site-verification":"UA-38556648-1","miscellaneous":""},"schema":{"@context":"https:\/\/schema.org","@graph":[{"@type":"Article","@id":"https:\/\/eldigitaldeasturias.com\/magazine365\/el-gobierno-da-luz-verde-a-la-primera-fase-de-la-restauracion-de-la-catedral-de-coria\/#article","name":"El Gobierno da luz verde a la primera fase de la restauraci\u00f3n de la Catedral de Coria | El Digital de Asturias","headline":"El Gobierno da luz verde a la primera fase de la restauraci\u00f3n de la Catedral de Coria","author":{"@id":"https:\/\/eldigitaldeasturias.com\/magazine365\/author\/admin\/#author"},"publisher":{"@id":"https:\/\/eldigitaldeasturias.com\/magazine365\/#organization"},"image":{"@type":"ImageObject","url":"https:\/\/eldigitaldeasturias.com\/magazine365\/wp-content\/uploads\/2016\/01\/fotonoticia_20160107101640_800.jpg","width":800,"height":600},"datePublished":"2016-01-09T18:11:14+01:00","dateModified":"2016-01-09T18:11:14+01:00","inLanguage":"es-ES","mainEntityOfPage":{"@id":"https:\/\/eldigitaldeasturias.com\/magazine365\/el-gobierno-da-luz-verde-a-la-primera-fase-de-la-restauracion-de-la-catedral-de-coria\/#webpage"},"isPartOf":{"@id":"https:\/\/eldigitaldeasturias.com\/magazine365\/el-gobierno-da-luz-verde-a-la-primera-fase-de-la-restauracion-de-la-catedral-de-coria\/#webpage"},"articleSection":"Noticias y Actualidad"},{"@type":"BreadcrumbList","@id":"https:\/\/eldigitaldeasturias.com\/magazine365\/el-gobierno-da-luz-verde-a-la-primera-fase-de-la-restauracion-de-la-catedral-de-coria\/#breadcrumblist","itemListElement":[{"@type":"ListItem","@id":"https:\/\/eldigitaldeasturias.com\/magazine365#listItem","position":1,"name":"Home","item":"https:\/\/eldigitaldeasturias.com\/magazine365","nextItem":{"@type":"ListItem","@id":"https:\/\/eldigitaldeasturias.com\/magazine365\/category\/noticias-actualidad\/#listItem","name":"Noticias y Actualidad"}},{"@type":"ListItem","@id":"https:\/\/eldigitaldeasturias.com\/magazine365\/category\/noticias-actualidad\/#listItem","position":2,"name":"Noticias y Actualidad","item":"https:\/\/eldigitaldeasturias.com\/magazine365\/category\/noticias-actualidad\/","nextItem":{"@type":"ListItem","@id":"https:\/\/eldigitaldeasturias.com\/magazine365\/el-gobierno-da-luz-verde-a-la-primera-fase-de-la-restauracion-de-la-catedral-de-coria\/#listItem","name":"El Gobierno da luz verde a la primera fase de la restauraci\u00f3n de la Catedral de Coria"},"previousItem":{"@type":"ListItem","@id":"https:\/\/eldigitaldeasturias.com\/magazine365#listItem","name":"Home"}},{"@type":"ListItem","@id":"https:\/\/eldigitaldeasturias.com\/magazine365\/el-gobierno-da-luz-verde-a-la-primera-fase-de-la-restauracion-de-la-catedral-de-coria\/#listItem","position":3,"name":"El Gobierno da luz verde a la primera fase de la restauraci\u00f3n de la Catedral de Coria","previousItem":{"@type":"ListItem","@id":"https:\/\/eldigitaldeasturias.com\/magazine365\/category\/noticias-actualidad\/#listItem","name":"Noticias y Actualidad"}}]},{"@type":"Organization","@id":"https:\/\/eldigitaldeasturias.com\/magazine365\/#organization","name":"El digital de Asturias","description":"Revista de ocio, turismo y estilo de vida","url":"https:\/\/eldigitaldeasturias.com\/magazine365\/","logo":{"@type":"ImageObject","url":"https:\/\/www.eldigitaldeasturias.com\/noticias\/wp-content\/uploads\/2020\/12\/EDA.jpg","@id":"https:\/\/eldigitaldeasturias.com\/magazine365\/el-gobierno-da-luz-verde-a-la-primera-fase-de-la-restauracion-de-la-catedral-de-coria\/#organizationLogo"},"image":{"@id":"https:\/\/eldigitaldeasturias.com\/magazine365\/el-gobierno-da-luz-verde-a-la-primera-fase-de-la-restauracion-de-la-catedral-de-coria\/#organizationLogo"}},{"@type":"Person","@id":"https:\/\/eldigitaldeasturias.com\/magazine365\/author\/admin\/#author","url":"https:\/\/eldigitaldeasturias.com\/magazine365\/author\/admin\/","name":"admin","image":{"@type":"ImageObject","@id":"https:\/\/eldigitaldeasturias.com\/magazine365\/el-gobierno-da-luz-verde-a-la-primera-fase-de-la-restauracion-de-la-catedral-de-coria\/#authorImage","url":"https:\/\/eldigitaldeasturias.com\/magazine365\/wp-content\/litespeed\/avatar\/e571bcf59a0edd6fa6838245a470f2fe.jpg?ver=1777574230","width":96,"height":96,"caption":"admin"}},{"@type":"WebPage","@id":"https:\/\/eldigitaldeasturias.com\/magazine365\/el-gobierno-da-luz-verde-a-la-primera-fase-de-la-restauracion-de-la-catedral-de-coria\/#webpage","url":"https:\/\/eldigitaldeasturias.com\/magazine365\/el-gobierno-da-luz-verde-a-la-primera-fase-de-la-restauracion-de-la-catedral-de-coria\/","name":"El Gobierno da luz verde a la primera fase de la restauraci\u00f3n de la Catedral de Coria | El Digital de Asturias","description":"El Gobierno de Espa\u00f1a ha firmado la resoluci\u00f3n definitiva que da luz verde a la primera fase del Proyecto de Consolidaci\u00f3n Estructural y Restauraci\u00f3n de la Catedral de Coria (C\u00e1ceres), que cuenta con una inversi\u00f3n total de 1,6 millones de euros, de los que 1,1 son aportados por el Ministerio de Fomento a trav\u00e9s del","inLanguage":"es-ES","isPartOf":{"@id":"https:\/\/eldigitaldeasturias.com\/magazine365\/#website"},"breadcrumb":{"@id":"https:\/\/eldigitaldeasturias.com\/magazine365\/el-gobierno-da-luz-verde-a-la-primera-fase-de-la-restauracion-de-la-catedral-de-coria\/#breadcrumblist"},"author":{"@id":"https:\/\/eldigitaldeasturias.com\/magazine365\/author\/admin\/#author"},"creator":{"@id":"https:\/\/eldigitaldeasturias.com\/magazine365\/author\/admin\/#author"},"image":{"@type":"ImageObject","url":"https:\/\/eldigitaldeasturias.com\/magazine365\/wp-content\/uploads\/2016\/01\/fotonoticia_20160107101640_800.jpg","@id":"https:\/\/eldigitaldeasturias.com\/magazine365\/el-gobierno-da-luz-verde-a-la-primera-fase-de-la-restauracion-de-la-catedral-de-coria\/#mainImage","width":800,"height":600},"primaryImageOfPage":{"@id":"https:\/\/eldigitaldeasturias.com\/magazine365\/el-gobierno-da-luz-verde-a-la-primera-fase-de-la-restauracion-de-la-catedral-de-coria\/#mainImage"},"datePublished":"2016-01-09T18:11:14+01:00","dateModified":"2016-01-09T18:11:14+01:00"},{"@type":"WebSite","@id":"https:\/\/eldigitaldeasturias.com\/magazine365\/#website","url":"https:\/\/eldigitaldeasturias.com\/magazine365\/","name":"El Digital de Asturias","description":"Revista de ocio, turismo y estilo de vida","inLanguage":"es-ES","publisher":{"@id":"https:\/\/eldigitaldeasturias.com\/magazine365\/#organization"}}]},"og:locale":"es_ES","og:site_name":"El Digital de Asturias \u2013 Revista de ocio, turismo y estilo de vida","og:type":"article","og:title":"El Gobierno da luz verde a la primera fase de la restauraci\u00f3n de la Catedral de Coria | El Digital de Asturias","og:description":"El Gobierno de Espa\u00f1a ha firmado la resoluci\u00f3n definitiva que da luz verde a la primera fase del Proyecto de Consolidaci\u00f3n Estructural y Restauraci\u00f3n de la Catedral de Coria (C\u00e1ceres), que cuenta con una inversi\u00f3n total de 1,6 millones de euros, de los que 1,1 son aportados por el Ministerio de Fomento a trav\u00e9s del","og:url":"https:\/\/eldigitaldeasturias.com\/magazine365\/el-gobierno-da-luz-verde-a-la-primera-fase-de-la-restauracion-de-la-catedral-de-coria\/","og:image":"https:\/\/eldigitaldeasturias.com\/magazine365\/wp-content\/uploads\/2016\/01\/fotonoticia_20160107101640_800.jpg","og:image:secure_url":"https:\/\/eldigitaldeasturias.com\/magazine365\/wp-content\/uploads\/2016\/01\/fotonoticia_20160107101640_800.jpg","og:image:width":800,"og:image:height":600,"article:published_time":"2016-01-09T17:11:14+00:00","article:modified_time":"2016-01-09T17:11:14+00:00","twitter:card":"summary_large_image","twitter:title":"El Gobierno da luz verde a la primera fase de la restauraci\u00f3n de la Catedral de Coria | El Digital de Asturias","twitter:description":"El Gobierno de Espa\u00f1a ha firmado la resoluci\u00f3n definitiva que da luz verde a la primera fase del Proyecto de Consolidaci\u00f3n Estructural y Restauraci\u00f3n de la Catedral de Coria (C\u00e1ceres), que cuenta con una inversi\u00f3n total de 1,6 millones de euros, de los que 1,1 son aportados por el Ministerio de Fomento a trav\u00e9s del","twitter:image":"https:\/\/eldigitaldeasturias.com\/magazine365\/wp-content\/uploads\/2016\/01\/fotonoticia_20160107101640_800.jpg"},"aioseo_meta_data":{"post_id":"59885","title":null,"description":null,"keywords":null,"keyphrases":null,"primary_term":null,"canonical_url":null,"og_title":null,"og_description":null,"og_object_type":"default","og_image_type":"default","og_image_url":null,"og_image_width":null,"og_image_height":null,"og_image_custom_url":null,"og_image_custom_fields":null,"og_video":null,"og_custom_url":null,"og_article_section":null,"og_article_tags":null,"twitter_use_og":false,"twitter_card":"default","twitter_image_type":"default","twitter_image_url":null,"twitter_image_custom_url":null,"twitter_image_custom_fields":null,"twitter_title":null,"twitter_description":null,"schema":{"blockGraphs":[],"customGraphs":[],"default":{"data":{"Article":[],"Course":[],"Dataset":[],"FAQPage":[],"Movie":[],"Person":[],"Product":[],"ProductReview":[],"Car":[],"Recipe":[],"Service":[],"SoftwareApplication":[],"WebPage":[]},"graphName":"","isEnabled":true},"graphs":[],"defaultGraph":"","defaultPostTypeGraph":""},"schema_type":null,"schema_type_options":null,"pillar_content":false,"robots_default":true,"robots_noindex":false,"robots_noarchive":false,"robots_nosnippet":false,"robots_nofollow":false,"robots_noimageindex":false,"robots_noodp":false,"robots_notranslate":false,"robots_max_snippet":null,"robots_max_videopreview":null,"robots_max_imagepreview":"large","priority":null,"frequency":null,"location":null,"local_seo":null,"seo_analyzer_scan_date":"2025-09-25 05:49:34","breadcrumb_settings":null,"limit_modified_date":false,"open_ai":null,"ai":null,"created":"2021-03-08 22:07:57","updated":"2025-09-25 05:49:34"},"aioseo_breadcrumb":"<div class=\"aioseo-breadcrumbs\"><span class=\"aioseo-breadcrumb\">\n\t<a href=\"https:\/\/eldigitaldeasturias.com\/magazine365\" title=\"Home\">Home<\/a>\n<\/span><span class=\"aioseo-breadcrumb-separator\">\u2013<\/span><span class=\"aioseo-breadcrumb\">\n\t<a href=\"https:\/\/eldigitaldeasturias.com\/magazine365\/category\/noticias-actualidad\/\" title=\"Noticias y Actualidad\">Noticias y Actualidad<\/a>\n<\/span><span class=\"aioseo-breadcrumb-separator\">\u2013<\/span><span class=\"aioseo-breadcrumb\">\n\t<a href=\"https:\/\/eldigitaldeasturias.com\/magazine365\/el-gobierno-da-luz-verde-a-la-primera-fase-de-la-restauracion-de-la-catedral-de-coria\/\" title=\"El Gobierno da luz verde a la primera fase de la restauraci\u00f3n de la Catedral de Coria\">El Gobierno da luz verde a la primera fase de la restauraci\u00f3n de la Catedral de Coria<\/a>\n<\/span><\/div>","aioseo_breadcrumb_json":[{"label":"Home","link":"https:\/\/eldigitaldeasturias.com\/magazine365"},{"label":"Noticias y Actualidad","link":"https:\/\/eldigitaldeasturias.com\/magazine365\/category\/noticias-actualidad\/"},{"label":"El Gobierno da luz verde a la primera fase de la restauraci\u00f3n de la Catedral de Coria","link":"https:\/\/eldigitaldeasturias.com\/magazine365\/el-gobierno-da-luz-verde-a-la-primera-fase-de-la-restauracion-de-la-catedral-de-coria\/"}],"_links":{"self":[{"href":"https:\/\/eldigitaldeasturias.com\/magazine365\/wp-json\/wp\/v2\/posts\/59885","targetHints":{"allow":["GET"]}}],"collection":[{"href":"https:\/\/eldigitaldeasturias.com\/magazine365\/wp-json\/wp\/v2\/posts"}],"about":[{"href":"https:\/\/eldigitaldeasturias.com\/magazine365\/wp-json\/wp\/v2\/types\/post"}],"author":[{"embeddable":true,"href":"https:\/\/eldigitaldeasturias.com\/magazine365\/wp-json\/wp\/v2\/users\/1"}],"replies":[{"embeddable":true,"href":"https:\/\/eldigitaldeasturias.com\/magazine365\/wp-json\/wp\/v2\/comments?post=59885"}],"version-history":[{"count":0,"href":"https:\/\/eldigitaldeasturias.com\/magazine365\/wp-json\/wp\/v2\/posts\/59885\/revisions"}],"wp:featuredmedia":[{"embeddable":true,"href":"https:\/\/eldigitaldeasturias.com\/magazine365\/wp-json\/wp\/v2\/media\/59886"}],"wp:attachment":[{"href":"https:\/\/eldigitaldeasturias.com\/magazine365\/wp-json\/wp\/v2\/media?parent=59885"}],"wp:term":[{"taxonomy":"category","embeddable":true,"href":"https:\/\/eldigitaldeasturias.com\/magazine365\/wp-json\/wp\/v2\/categories?post=59885"},{"taxonomy":"post_tag","embeddable":true,"href":"https:\/\/eldigitaldeasturias.com\/magazine365\/wp-json\/wp\/v2\/tags?post=59885"}],"curies":[{"name":"wp","href":"https:\/\/api.w.org\/{rel}","templated":true}]}}