{"id":59859,"date":"2016-01-07T12:06:29","date_gmt":"2016-01-07T11:06:29","guid":{"rendered":"http:\/\/eldigitaldeasturias.com\/magazine365\/?p=59859"},"modified":"2016-01-07T12:06:29","modified_gmt":"2016-01-07T11:06:29","slug":"trasmediterranea-suspende-la-conexion-del-barco-rapido-entre-melilla-y-malaga-por-el-temporal-de-viento","status":"publish","type":"post","link":"https:\/\/eldigitaldeasturias.com\/magazine365\/trasmediterranea-suspende-la-conexion-del-barco-rapido-entre-melilla-y-malaga-por-el-temporal-de-viento\/","title":{"rendered":"Trasmediterr\u00e1nea suspende la conexi\u00f3n del barco r\u00e1pido entre Melilla y M\u00e1laga por el temporal de viento"},"content":{"rendered":"<p><img fetchpriority=\"high\" decoding=\"async\" class=\"alignleft size-medium wp-image-59860\" src=\"https:\/\/eldigitaldeasturias.com\/magazine365\/wp-content\/uploads\/2016\/01\/fotonoticia_20160105183022_800-360x239.jpg\" alt=\"fotonoticia_20160105183022_800\" width=\"360\" height=\"239\" srcset=\"https:\/\/eldigitaldeasturias.com\/magazine365\/wp-content\/uploads\/2016\/01\/fotonoticia_20160105183022_800-360x239.jpg 360w, https:\/\/eldigitaldeasturias.com\/magazine365\/wp-content\/uploads\/2016\/01\/fotonoticia_20160105183022_800-650x431.jpg 650w, https:\/\/eldigitaldeasturias.com\/magazine365\/wp-content\/uploads\/2016\/01\/fotonoticia_20160105183022_800-768x509.jpg 768w, https:\/\/eldigitaldeasturias.com\/magazine365\/wp-content\/uploads\/2016\/01\/fotonoticia_20160105183022_800-150x99.jpg 150w, https:\/\/eldigitaldeasturias.com\/magazine365\/wp-content\/uploads\/2016\/01\/fotonoticia_20160105183022_800-450x298.jpg 450w, https:\/\/eldigitaldeasturias.com\/magazine365\/wp-content\/uploads\/2016\/01\/fotonoticia_20160105183022_800-696x461.jpg 696w, https:\/\/eldigitaldeasturias.com\/magazine365\/wp-content\/uploads\/2016\/01\/fotonoticia_20160105183022_800-634x420.jpg 634w, https:\/\/eldigitaldeasturias.com\/magazine365\/wp-content\/uploads\/2016\/01\/fotonoticia_20160105183022_800-121x79.jpg 121w, https:\/\/eldigitaldeasturias.com\/magazine365\/wp-content\/uploads\/2016\/01\/fotonoticia_20160105183022_800-101x66.jpg 101w, https:\/\/eldigitaldeasturias.com\/magazine365\/wp-content\/uploads\/2016\/01\/fotonoticia_20160105183022_800.jpg 800w\" sizes=\"(max-width: 360px) 100vw, 360px\" \/>La compa\u00f1\u00eda Trasmediterr\u00e1nea que tiene a su cargo la conexi\u00f3n mar\u00edtima con los puertos peninsulares de M\u00e1laga y Almer\u00eda ha informado que debido a la previsi\u00f3n de fuerte temporal para la zona del Mar de Albor\u00e1n durante todo el d\u00eda del martes 5 de enero, el buque Milenium Dos, que realiza la traves\u00eda en tres horas y medias, suspende la salida Melilla-M\u00e1laga prevista para la jornada de este martes, que tiene programada su salida de Melilla a las 16,00 horas.<\/p>\n<p>En cambio, se mantienen las conexiones por mar con Almer\u00eda, con el ferry Sorolla y con M\u00e1laga con el buque Fortuny, barcos que realizan la traves\u00eda en siete horas.<\/p>\n<p>Seg\u00fan ha informado a Europa Press una portavoz, Trasmediterr\u00e1nea ha ofrecido a todos los pasajeros que ten\u00edan previsto viajar en la alta velocidad que se embarcaran en la noche del lunes o la de esta noche en el ferry , o bien que podr\u00edan optar por la devoluci\u00f3n del importe del billete, como es habitual ya en situaciones similares.<\/p>\n<p>Por otro lado, la compa\u00f1\u00eda ha posicionado el Milenium Dos en M\u00e1laga para poder hacer la salida programada desde M\u00e1laga a Melilla el d\u00eda 6, a las 19,00 horas.<\/p>\n<p>La portavoz ha destacado que Trasmediterr\u00e1nea, \u00abcomo cada a\u00f1o por estas fechas\u00bb, ha incorporado el buque de alta velocidad Milenium Dos para reforzar las conexiones de Melilla durante las fiestas navide\u00f1as, en las fechas de mayor demanda.<\/p>\n<p>El Milenium Dos tiene capacidad para 955 pasajeros, y 260 veh\u00edculos de pasaje. Este buque completa la oferta de los buques Fortuny y Sorolla, que transportan cada uno de ellos a 1.000 pasajeros, 330 veh\u00edculos de pasaje y 1.800 metros lineales de carga.<\/p>\n","protected":false},"excerpt":{"rendered":"<p>La compa\u00f1\u00eda Trasmediterr\u00e1nea que tiene a su cargo la conexi\u00f3n mar\u00edtima con los puertos peninsulares de M\u00e1laga y Almer\u00eda ha informado que debido a la previsi\u00f3n de fuerte temporal para la zona del Mar de Albor\u00e1n durante todo el d\u00eda del martes 5 de enero, el buque Milenium Dos, que realiza la traves\u00eda en tres<\/p>\n","protected":false},"author":1,"featured_media":59860,"comment_status":"open","ping_status":"closed","sticky":false,"template":"","format":"standard","meta":{"footnotes":""},"categories":[224],"tags":[],"class_list":{"0":"post-59859","1":"post","2":"type-post","3":"status-publish","4":"format-standard","5":"has-post-thumbnail","7":"category-noticias-actualidad"},"aioseo_notices":[],"aioseo_head":"\n\t\t<!-- All in One SEO Pro 4.9.6.1 - aioseo.com -->\n\t<meta name=\"description\" content=\"La compa\u00f1\u00eda Trasmediterr\u00e1nea que tiene a su cargo la conexi\u00f3n mar\u00edtima con los puertos peninsulares de M\u00e1laga y Almer\u00eda ha informado que debido a la previsi\u00f3n de fuerte temporal para la zona del Mar de Albor\u00e1n durante todo el d\u00eda del martes 5 de enero, el buque Milenium Dos, que realiza la traves\u00eda en tres\" \/>\n\t<meta name=\"robots\" content=\"max-image-preview:large\" \/>\n\t<meta name=\"author\" content=\"admin\"\/>\n\t<meta name=\"google-site-verification\" content=\"UA-38556648-1\" \/>\n\t<meta name=\"keywords\" content=\"noticias y actualidad\" \/>\n\t<link rel=\"canonical\" href=\"https:\/\/eldigitaldeasturias.com\/magazine365\/trasmediterranea-suspende-la-conexion-del-barco-rapido-entre-melilla-y-malaga-por-el-temporal-de-viento\/\" \/>\n\t<meta name=\"generator\" content=\"All in One SEO Pro (AIOSEO) 4.9.6.1\" \/>\n\t\t<meta property=\"og:locale\" content=\"es_ES\" \/>\n\t\t<meta property=\"og:site_name\" content=\"El Digital de Asturias \u2013 Revista de ocio, turismo y estilo de vida\" \/>\n\t\t<meta property=\"og:type\" content=\"article\" \/>\n\t\t<meta property=\"og:title\" content=\"Trasmediterr\u00e1nea suspende la conexi\u00f3n del barco r\u00e1pido entre Melilla y M\u00e1laga por el temporal de viento | El Digital de Asturias\" \/>\n\t\t<meta property=\"og:description\" content=\"La compa\u00f1\u00eda Trasmediterr\u00e1nea que tiene a su cargo la conexi\u00f3n mar\u00edtima con los puertos peninsulares de M\u00e1laga y Almer\u00eda ha informado que debido a la previsi\u00f3n de fuerte temporal para la zona del Mar de Albor\u00e1n durante todo el d\u00eda del martes 5 de enero, el buque Milenium Dos, que realiza la traves\u00eda en tres\" \/>\n\t\t<meta property=\"og:url\" content=\"https:\/\/eldigitaldeasturias.com\/magazine365\/trasmediterranea-suspende-la-conexion-del-barco-rapido-entre-melilla-y-malaga-por-el-temporal-de-viento\/\" \/>\n\t\t<meta property=\"og:image\" content=\"https:\/\/eldigitaldeasturias.com\/magazine365\/wp-content\/uploads\/2016\/01\/fotonoticia_20160105183022_800.jpg\" \/>\n\t\t<meta property=\"og:image:secure_url\" content=\"https:\/\/eldigitaldeasturias.com\/magazine365\/wp-content\/uploads\/2016\/01\/fotonoticia_20160105183022_800.jpg\" \/>\n\t\t<meta property=\"og:image:width\" content=\"800\" \/>\n\t\t<meta property=\"og:image:height\" content=\"530\" \/>\n\t\t<meta property=\"article:published_time\" content=\"2016-01-07T11:06:29+00:00\" \/>\n\t\t<meta property=\"article:modified_time\" content=\"2016-01-07T11:06:29+00:00\" \/>\n\t\t<meta name=\"twitter:card\" content=\"summary_large_image\" \/>\n\t\t<meta name=\"twitter:title\" content=\"Trasmediterr\u00e1nea suspende la conexi\u00f3n del barco r\u00e1pido entre Melilla y M\u00e1laga por el temporal de viento | El Digital de Asturias\" \/>\n\t\t<meta name=\"twitter:description\" content=\"La compa\u00f1\u00eda Trasmediterr\u00e1nea que tiene a su cargo la conexi\u00f3n mar\u00edtima con los puertos peninsulares de M\u00e1laga y Almer\u00eda ha informado que debido a la previsi\u00f3n de fuerte temporal para la zona del Mar de Albor\u00e1n durante todo el d\u00eda del martes 5 de enero, el buque Milenium Dos, que realiza la traves\u00eda en tres\" \/>\n\t\t<meta name=\"twitter:image\" content=\"https:\/\/eldigitaldeasturias.com\/magazine365\/wp-content\/uploads\/2016\/01\/fotonoticia_20160105183022_800.jpg\" \/>\n\t\t<script type=\"application\/ld+json\" class=\"aioseo-schema\">\n\t\t\t{\"@context\":\"https:\\\/\\\/schema.org\",\"@graph\":[{\"@type\":\"Article\",\"@id\":\"https:\\\/\\\/eldigitaldeasturias.com\\\/magazine365\\\/trasmediterranea-suspende-la-conexion-del-barco-rapido-entre-melilla-y-malaga-por-el-temporal-de-viento\\\/#article\",\"name\":\"Trasmediterr\\u00e1nea suspende la conexi\\u00f3n del barco r\\u00e1pido entre Melilla y M\\u00e1laga por el temporal de viento | El Digital de Asturias\",\"headline\":\"Trasmediterr\\u00e1nea suspende la conexi\\u00f3n del barco r\\u00e1pido entre Melilla y M\\u00e1laga por el temporal de viento\",\"author\":{\"@id\":\"https:\\\/\\\/eldigitaldeasturias.com\\\/magazine365\\\/author\\\/admin\\\/#author\"},\"publisher\":{\"@id\":\"https:\\\/\\\/eldigitaldeasturias.com\\\/magazine365\\\/#organization\"},\"image\":{\"@type\":\"ImageObject\",\"url\":\"https:\\\/\\\/eldigitaldeasturias.com\\\/magazine365\\\/wp-content\\\/uploads\\\/2016\\\/01\\\/fotonoticia_20160105183022_800.jpg\",\"width\":800,\"height\":530},\"datePublished\":\"2016-01-07T12:06:29+01:00\",\"dateModified\":\"2016-01-07T12:06:29+01:00\",\"inLanguage\":\"es-ES\",\"mainEntityOfPage\":{\"@id\":\"https:\\\/\\\/eldigitaldeasturias.com\\\/magazine365\\\/trasmediterranea-suspende-la-conexion-del-barco-rapido-entre-melilla-y-malaga-por-el-temporal-de-viento\\\/#webpage\"},\"isPartOf\":{\"@id\":\"https:\\\/\\\/eldigitaldeasturias.com\\\/magazine365\\\/trasmediterranea-suspende-la-conexion-del-barco-rapido-entre-melilla-y-malaga-por-el-temporal-de-viento\\\/#webpage\"},\"articleSection\":\"Noticias y Actualidad\"},{\"@type\":\"BreadcrumbList\",\"@id\":\"https:\\\/\\\/eldigitaldeasturias.com\\\/magazine365\\\/trasmediterranea-suspende-la-conexion-del-barco-rapido-entre-melilla-y-malaga-por-el-temporal-de-viento\\\/#breadcrumblist\",\"itemListElement\":[{\"@type\":\"ListItem\",\"@id\":\"https:\\\/\\\/eldigitaldeasturias.com\\\/magazine365#listItem\",\"position\":1,\"name\":\"Home\",\"item\":\"https:\\\/\\\/eldigitaldeasturias.com\\\/magazine365\",\"nextItem\":{\"@type\":\"ListItem\",\"@id\":\"https:\\\/\\\/eldigitaldeasturias.com\\\/magazine365\\\/category\\\/noticias-actualidad\\\/#listItem\",\"name\":\"Noticias y Actualidad\"}},{\"@type\":\"ListItem\",\"@id\":\"https:\\\/\\\/eldigitaldeasturias.com\\\/magazine365\\\/category\\\/noticias-actualidad\\\/#listItem\",\"position\":2,\"name\":\"Noticias y Actualidad\",\"item\":\"https:\\\/\\\/eldigitaldeasturias.com\\\/magazine365\\\/category\\\/noticias-actualidad\\\/\",\"nextItem\":{\"@type\":\"ListItem\",\"@id\":\"https:\\\/\\\/eldigitaldeasturias.com\\\/magazine365\\\/trasmediterranea-suspende-la-conexion-del-barco-rapido-entre-melilla-y-malaga-por-el-temporal-de-viento\\\/#listItem\",\"name\":\"Trasmediterr\\u00e1nea suspende la conexi\\u00f3n del barco r\\u00e1pido entre Melilla y M\\u00e1laga por el temporal de viento\"},\"previousItem\":{\"@type\":\"ListItem\",\"@id\":\"https:\\\/\\\/eldigitaldeasturias.com\\\/magazine365#listItem\",\"name\":\"Home\"}},{\"@type\":\"ListItem\",\"@id\":\"https:\\\/\\\/eldigitaldeasturias.com\\\/magazine365\\\/trasmediterranea-suspende-la-conexion-del-barco-rapido-entre-melilla-y-malaga-por-el-temporal-de-viento\\\/#listItem\",\"position\":3,\"name\":\"Trasmediterr\\u00e1nea suspende la conexi\\u00f3n del barco r\\u00e1pido entre Melilla y M\\u00e1laga por el temporal de viento\",\"previousItem\":{\"@type\":\"ListItem\",\"@id\":\"https:\\\/\\\/eldigitaldeasturias.com\\\/magazine365\\\/category\\\/noticias-actualidad\\\/#listItem\",\"name\":\"Noticias y Actualidad\"}}]},{\"@type\":\"Organization\",\"@id\":\"https:\\\/\\\/eldigitaldeasturias.com\\\/magazine365\\\/#organization\",\"name\":\"El digital de Asturias\",\"description\":\"Revista de ocio, turismo y estilo de vida\",\"url\":\"https:\\\/\\\/eldigitaldeasturias.com\\\/magazine365\\\/\",\"logo\":{\"@type\":\"ImageObject\",\"url\":\"https:\\\/\\\/www.eldigitaldeasturias.com\\\/noticias\\\/wp-content\\\/uploads\\\/2020\\\/12\\\/EDA.jpg\",\"@id\":\"https:\\\/\\\/eldigitaldeasturias.com\\\/magazine365\\\/trasmediterranea-suspende-la-conexion-del-barco-rapido-entre-melilla-y-malaga-por-el-temporal-de-viento\\\/#organizationLogo\"},\"image\":{\"@id\":\"https:\\\/\\\/eldigitaldeasturias.com\\\/magazine365\\\/trasmediterranea-suspende-la-conexion-del-barco-rapido-entre-melilla-y-malaga-por-el-temporal-de-viento\\\/#organizationLogo\"}},{\"@type\":\"Person\",\"@id\":\"https:\\\/\\\/eldigitaldeasturias.com\\\/magazine365\\\/author\\\/admin\\\/#author\",\"url\":\"https:\\\/\\\/eldigitaldeasturias.com\\\/magazine365\\\/author\\\/admin\\\/\",\"name\":\"admin\",\"image\":{\"@type\":\"ImageObject\",\"@id\":\"https:\\\/\\\/eldigitaldeasturias.com\\\/magazine365\\\/trasmediterranea-suspende-la-conexion-del-barco-rapido-entre-melilla-y-malaga-por-el-temporal-de-viento\\\/#authorImage\",\"url\":\"https:\\\/\\\/eldigitaldeasturias.com\\\/magazine365\\\/wp-content\\\/litespeed\\\/avatar\\\/e571bcf59a0edd6fa6838245a470f2fe.jpg?ver=1777574230\",\"width\":96,\"height\":96,\"caption\":\"admin\"}},{\"@type\":\"WebPage\",\"@id\":\"https:\\\/\\\/eldigitaldeasturias.com\\\/magazine365\\\/trasmediterranea-suspende-la-conexion-del-barco-rapido-entre-melilla-y-malaga-por-el-temporal-de-viento\\\/#webpage\",\"url\":\"https:\\\/\\\/eldigitaldeasturias.com\\\/magazine365\\\/trasmediterranea-suspende-la-conexion-del-barco-rapido-entre-melilla-y-malaga-por-el-temporal-de-viento\\\/\",\"name\":\"Trasmediterr\\u00e1nea suspende la conexi\\u00f3n del barco r\\u00e1pido entre Melilla y M\\u00e1laga por el temporal de viento | El Digital de Asturias\",\"description\":\"La compa\\u00f1\\u00eda Trasmediterr\\u00e1nea que tiene a su cargo la conexi\\u00f3n mar\\u00edtima con los puertos peninsulares de M\\u00e1laga y Almer\\u00eda ha informado que debido a la previsi\\u00f3n de fuerte temporal para la zona del Mar de Albor\\u00e1n durante todo el d\\u00eda del martes 5 de enero, el buque Milenium Dos, que realiza la traves\\u00eda en tres\",\"inLanguage\":\"es-ES\",\"isPartOf\":{\"@id\":\"https:\\\/\\\/eldigitaldeasturias.com\\\/magazine365\\\/#website\"},\"breadcrumb\":{\"@id\":\"https:\\\/\\\/eldigitaldeasturias.com\\\/magazine365\\\/trasmediterranea-suspende-la-conexion-del-barco-rapido-entre-melilla-y-malaga-por-el-temporal-de-viento\\\/#breadcrumblist\"},\"author\":{\"@id\":\"https:\\\/\\\/eldigitaldeasturias.com\\\/magazine365\\\/author\\\/admin\\\/#author\"},\"creator\":{\"@id\":\"https:\\\/\\\/eldigitaldeasturias.com\\\/magazine365\\\/author\\\/admin\\\/#author\"},\"image\":{\"@type\":\"ImageObject\",\"url\":\"https:\\\/\\\/eldigitaldeasturias.com\\\/magazine365\\\/wp-content\\\/uploads\\\/2016\\\/01\\\/fotonoticia_20160105183022_800.jpg\",\"@id\":\"https:\\\/\\\/eldigitaldeasturias.com\\\/magazine365\\\/trasmediterranea-suspende-la-conexion-del-barco-rapido-entre-melilla-y-malaga-por-el-temporal-de-viento\\\/#mainImage\",\"width\":800,\"height\":530},\"primaryImageOfPage\":{\"@id\":\"https:\\\/\\\/eldigitaldeasturias.com\\\/magazine365\\\/trasmediterranea-suspende-la-conexion-del-barco-rapido-entre-melilla-y-malaga-por-el-temporal-de-viento\\\/#mainImage\"},\"datePublished\":\"2016-01-07T12:06:29+01:00\",\"dateModified\":\"2016-01-07T12:06:29+01:00\"},{\"@type\":\"WebSite\",\"@id\":\"https:\\\/\\\/eldigitaldeasturias.com\\\/magazine365\\\/#website\",\"url\":\"https:\\\/\\\/eldigitaldeasturias.com\\\/magazine365\\\/\",\"name\":\"El Digital de Asturias\",\"description\":\"Revista de ocio, turismo y estilo de vida\",\"inLanguage\":\"es-ES\",\"publisher\":{\"@id\":\"https:\\\/\\\/eldigitaldeasturias.com\\\/magazine365\\\/#organization\"}}]}\n\t\t<\/script>\n\t\t<!-- All in One SEO Pro -->\r\n\t\t<title>Trasmediterr\u00e1nea suspende la conexi\u00f3n del barco r\u00e1pido entre Melilla y M\u00e1laga por el temporal de viento | El Digital de Asturias<\/title>\n\n","aioseo_head_json":{"title":"Trasmediterr\u00e1nea suspende la conexi\u00f3n del barco r\u00e1pido entre Melilla y M\u00e1laga por el temporal de viento | El Digital de Asturias","description":"La compa\u00f1\u00eda Trasmediterr\u00e1nea que tiene a su cargo la conexi\u00f3n mar\u00edtima con los puertos peninsulares de M\u00e1laga y Almer\u00eda ha informado que debido a la previsi\u00f3n de fuerte temporal para la zona del Mar de Albor\u00e1n durante todo el d\u00eda del martes 5 de enero, el buque Milenium Dos, que realiza la traves\u00eda en tres","canonical_url":"https:\/\/eldigitaldeasturias.com\/magazine365\/trasmediterranea-suspende-la-conexion-del-barco-rapido-entre-melilla-y-malaga-por-el-temporal-de-viento\/","robots":"max-image-preview:large","keywords":"noticias y actualidad","webmasterTools":{"google-site-verification":"UA-38556648-1","miscellaneous":""},"schema":{"@context":"https:\/\/schema.org","@graph":[{"@type":"Article","@id":"https:\/\/eldigitaldeasturias.com\/magazine365\/trasmediterranea-suspende-la-conexion-del-barco-rapido-entre-melilla-y-malaga-por-el-temporal-de-viento\/#article","name":"Trasmediterr\u00e1nea suspende la conexi\u00f3n del barco r\u00e1pido entre Melilla y M\u00e1laga por el temporal de viento | El Digital de Asturias","headline":"Trasmediterr\u00e1nea suspende la conexi\u00f3n del barco r\u00e1pido entre Melilla y M\u00e1laga por el temporal de viento","author":{"@id":"https:\/\/eldigitaldeasturias.com\/magazine365\/author\/admin\/#author"},"publisher":{"@id":"https:\/\/eldigitaldeasturias.com\/magazine365\/#organization"},"image":{"@type":"ImageObject","url":"https:\/\/eldigitaldeasturias.com\/magazine365\/wp-content\/uploads\/2016\/01\/fotonoticia_20160105183022_800.jpg","width":800,"height":530},"datePublished":"2016-01-07T12:06:29+01:00","dateModified":"2016-01-07T12:06:29+01:00","inLanguage":"es-ES","mainEntityOfPage":{"@id":"https:\/\/eldigitaldeasturias.com\/magazine365\/trasmediterranea-suspende-la-conexion-del-barco-rapido-entre-melilla-y-malaga-por-el-temporal-de-viento\/#webpage"},"isPartOf":{"@id":"https:\/\/eldigitaldeasturias.com\/magazine365\/trasmediterranea-suspende-la-conexion-del-barco-rapido-entre-melilla-y-malaga-por-el-temporal-de-viento\/#webpage"},"articleSection":"Noticias y Actualidad"},{"@type":"BreadcrumbList","@id":"https:\/\/eldigitaldeasturias.com\/magazine365\/trasmediterranea-suspende-la-conexion-del-barco-rapido-entre-melilla-y-malaga-por-el-temporal-de-viento\/#breadcrumblist","itemListElement":[{"@type":"ListItem","@id":"https:\/\/eldigitaldeasturias.com\/magazine365#listItem","position":1,"name":"Home","item":"https:\/\/eldigitaldeasturias.com\/magazine365","nextItem":{"@type":"ListItem","@id":"https:\/\/eldigitaldeasturias.com\/magazine365\/category\/noticias-actualidad\/#listItem","name":"Noticias y Actualidad"}},{"@type":"ListItem","@id":"https:\/\/eldigitaldeasturias.com\/magazine365\/category\/noticias-actualidad\/#listItem","position":2,"name":"Noticias y Actualidad","item":"https:\/\/eldigitaldeasturias.com\/magazine365\/category\/noticias-actualidad\/","nextItem":{"@type":"ListItem","@id":"https:\/\/eldigitaldeasturias.com\/magazine365\/trasmediterranea-suspende-la-conexion-del-barco-rapido-entre-melilla-y-malaga-por-el-temporal-de-viento\/#listItem","name":"Trasmediterr\u00e1nea suspende la conexi\u00f3n del barco r\u00e1pido entre Melilla y M\u00e1laga por el temporal de viento"},"previousItem":{"@type":"ListItem","@id":"https:\/\/eldigitaldeasturias.com\/magazine365#listItem","name":"Home"}},{"@type":"ListItem","@id":"https:\/\/eldigitaldeasturias.com\/magazine365\/trasmediterranea-suspende-la-conexion-del-barco-rapido-entre-melilla-y-malaga-por-el-temporal-de-viento\/#listItem","position":3,"name":"Trasmediterr\u00e1nea suspende la conexi\u00f3n del barco r\u00e1pido entre Melilla y M\u00e1laga por el temporal de viento","previousItem":{"@type":"ListItem","@id":"https:\/\/eldigitaldeasturias.com\/magazine365\/category\/noticias-actualidad\/#listItem","name":"Noticias y Actualidad"}}]},{"@type":"Organization","@id":"https:\/\/eldigitaldeasturias.com\/magazine365\/#organization","name":"El digital de Asturias","description":"Revista de ocio, turismo y estilo de vida","url":"https:\/\/eldigitaldeasturias.com\/magazine365\/","logo":{"@type":"ImageObject","url":"https:\/\/www.eldigitaldeasturias.com\/noticias\/wp-content\/uploads\/2020\/12\/EDA.jpg","@id":"https:\/\/eldigitaldeasturias.com\/magazine365\/trasmediterranea-suspende-la-conexion-del-barco-rapido-entre-melilla-y-malaga-por-el-temporal-de-viento\/#organizationLogo"},"image":{"@id":"https:\/\/eldigitaldeasturias.com\/magazine365\/trasmediterranea-suspende-la-conexion-del-barco-rapido-entre-melilla-y-malaga-por-el-temporal-de-viento\/#organizationLogo"}},{"@type":"Person","@id":"https:\/\/eldigitaldeasturias.com\/magazine365\/author\/admin\/#author","url":"https:\/\/eldigitaldeasturias.com\/magazine365\/author\/admin\/","name":"admin","image":{"@type":"ImageObject","@id":"https:\/\/eldigitaldeasturias.com\/magazine365\/trasmediterranea-suspende-la-conexion-del-barco-rapido-entre-melilla-y-malaga-por-el-temporal-de-viento\/#authorImage","url":"https:\/\/eldigitaldeasturias.com\/magazine365\/wp-content\/litespeed\/avatar\/e571bcf59a0edd6fa6838245a470f2fe.jpg?ver=1777574230","width":96,"height":96,"caption":"admin"}},{"@type":"WebPage","@id":"https:\/\/eldigitaldeasturias.com\/magazine365\/trasmediterranea-suspende-la-conexion-del-barco-rapido-entre-melilla-y-malaga-por-el-temporal-de-viento\/#webpage","url":"https:\/\/eldigitaldeasturias.com\/magazine365\/trasmediterranea-suspende-la-conexion-del-barco-rapido-entre-melilla-y-malaga-por-el-temporal-de-viento\/","name":"Trasmediterr\u00e1nea suspende la conexi\u00f3n del barco r\u00e1pido entre Melilla y M\u00e1laga por el temporal de viento | El Digital de Asturias","description":"La compa\u00f1\u00eda Trasmediterr\u00e1nea que tiene a su cargo la conexi\u00f3n mar\u00edtima con los puertos peninsulares de M\u00e1laga y Almer\u00eda ha informado que debido a la previsi\u00f3n de fuerte temporal para la zona del Mar de Albor\u00e1n durante todo el d\u00eda del martes 5 de enero, el buque Milenium Dos, que realiza la traves\u00eda en tres","inLanguage":"es-ES","isPartOf":{"@id":"https:\/\/eldigitaldeasturias.com\/magazine365\/#website"},"breadcrumb":{"@id":"https:\/\/eldigitaldeasturias.com\/magazine365\/trasmediterranea-suspende-la-conexion-del-barco-rapido-entre-melilla-y-malaga-por-el-temporal-de-viento\/#breadcrumblist"},"author":{"@id":"https:\/\/eldigitaldeasturias.com\/magazine365\/author\/admin\/#author"},"creator":{"@id":"https:\/\/eldigitaldeasturias.com\/magazine365\/author\/admin\/#author"},"image":{"@type":"ImageObject","url":"https:\/\/eldigitaldeasturias.com\/magazine365\/wp-content\/uploads\/2016\/01\/fotonoticia_20160105183022_800.jpg","@id":"https:\/\/eldigitaldeasturias.com\/magazine365\/trasmediterranea-suspende-la-conexion-del-barco-rapido-entre-melilla-y-malaga-por-el-temporal-de-viento\/#mainImage","width":800,"height":530},"primaryImageOfPage":{"@id":"https:\/\/eldigitaldeasturias.com\/magazine365\/trasmediterranea-suspende-la-conexion-del-barco-rapido-entre-melilla-y-malaga-por-el-temporal-de-viento\/#mainImage"},"datePublished":"2016-01-07T12:06:29+01:00","dateModified":"2016-01-07T12:06:29+01:00"},{"@type":"WebSite","@id":"https:\/\/eldigitaldeasturias.com\/magazine365\/#website","url":"https:\/\/eldigitaldeasturias.com\/magazine365\/","name":"El Digital de Asturias","description":"Revista de ocio, turismo y estilo de vida","inLanguage":"es-ES","publisher":{"@id":"https:\/\/eldigitaldeasturias.com\/magazine365\/#organization"}}]},"og:locale":"es_ES","og:site_name":"El Digital de Asturias \u2013 Revista de ocio, turismo y estilo de vida","og:type":"article","og:title":"Trasmediterr\u00e1nea suspende la conexi\u00f3n del barco r\u00e1pido entre Melilla y M\u00e1laga por el temporal de viento | El Digital de Asturias","og:description":"La compa\u00f1\u00eda Trasmediterr\u00e1nea que tiene a su cargo la conexi\u00f3n mar\u00edtima con los puertos peninsulares de M\u00e1laga y Almer\u00eda ha informado que debido a la previsi\u00f3n de fuerte temporal para la zona del Mar de Albor\u00e1n durante todo el d\u00eda del martes 5 de enero, el buque Milenium Dos, que realiza la traves\u00eda en tres","og:url":"https:\/\/eldigitaldeasturias.com\/magazine365\/trasmediterranea-suspende-la-conexion-del-barco-rapido-entre-melilla-y-malaga-por-el-temporal-de-viento\/","og:image":"https:\/\/eldigitaldeasturias.com\/magazine365\/wp-content\/uploads\/2016\/01\/fotonoticia_20160105183022_800.jpg","og:image:secure_url":"https:\/\/eldigitaldeasturias.com\/magazine365\/wp-content\/uploads\/2016\/01\/fotonoticia_20160105183022_800.jpg","og:image:width":800,"og:image:height":530,"article:published_time":"2016-01-07T11:06:29+00:00","article:modified_time":"2016-01-07T11:06:29+00:00","twitter:card":"summary_large_image","twitter:title":"Trasmediterr\u00e1nea suspende la conexi\u00f3n del barco r\u00e1pido entre Melilla y M\u00e1laga por el temporal de viento | El Digital de Asturias","twitter:description":"La compa\u00f1\u00eda Trasmediterr\u00e1nea que tiene a su cargo la conexi\u00f3n mar\u00edtima con los puertos peninsulares de M\u00e1laga y Almer\u00eda ha informado que debido a la previsi\u00f3n de fuerte temporal para la zona del Mar de Albor\u00e1n durante todo el d\u00eda del martes 5 de enero, el buque Milenium Dos, que realiza la traves\u00eda en tres","twitter:image":"https:\/\/eldigitaldeasturias.com\/magazine365\/wp-content\/uploads\/2016\/01\/fotonoticia_20160105183022_800.jpg"},"aioseo_meta_data":{"post_id":"59859","title":null,"description":null,"keywords":null,"keyphrases":null,"primary_term":null,"canonical_url":null,"og_title":null,"og_description":null,"og_object_type":"default","og_image_type":"default","og_image_url":null,"og_image_width":null,"og_image_height":null,"og_image_custom_url":null,"og_image_custom_fields":null,"og_video":null,"og_custom_url":null,"og_article_section":null,"og_article_tags":null,"twitter_use_og":false,"twitter_card":"default","twitter_image_type":"default","twitter_image_url":null,"twitter_image_custom_url":null,"twitter_image_custom_fields":null,"twitter_title":null,"twitter_description":null,"schema":{"blockGraphs":[],"customGraphs":[],"default":{"data":{"Article":[],"Course":[],"Dataset":[],"FAQPage":[],"Movie":[],"Person":[],"Product":[],"ProductReview":[],"Car":[],"Recipe":[],"Service":[],"SoftwareApplication":[],"WebPage":[]},"graphName":"","isEnabled":true},"graphs":[],"defaultGraph":"","defaultPostTypeGraph":""},"schema_type":null,"schema_type_options":null,"pillar_content":false,"robots_default":true,"robots_noindex":false,"robots_noarchive":false,"robots_nosnippet":false,"robots_nofollow":false,"robots_noimageindex":false,"robots_noodp":false,"robots_notranslate":false,"robots_max_snippet":null,"robots_max_videopreview":null,"robots_max_imagepreview":"large","priority":null,"frequency":null,"location":null,"local_seo":null,"seo_analyzer_scan_date":"2025-09-25 05:46:03","breadcrumb_settings":null,"limit_modified_date":false,"open_ai":null,"ai":null,"created":"2021-03-08 22:09:48","updated":"2025-09-25 05:46:03"},"aioseo_breadcrumb":"<div class=\"aioseo-breadcrumbs\"><span class=\"aioseo-breadcrumb\">\n\t<a href=\"https:\/\/eldigitaldeasturias.com\/magazine365\" title=\"Home\">Home<\/a>\n<\/span><span class=\"aioseo-breadcrumb-separator\">\u2013<\/span><span class=\"aioseo-breadcrumb\">\n\t<a href=\"https:\/\/eldigitaldeasturias.com\/magazine365\/category\/noticias-actualidad\/\" title=\"Noticias y Actualidad\">Noticias y Actualidad<\/a>\n<\/span><span class=\"aioseo-breadcrumb-separator\">\u2013<\/span><span class=\"aioseo-breadcrumb\">\n\t<a href=\"https:\/\/eldigitaldeasturias.com\/magazine365\/trasmediterranea-suspende-la-conexion-del-barco-rapido-entre-melilla-y-malaga-por-el-temporal-de-viento\/\" title=\"Trasmediterr\u00e1nea suspende la conexi\u00f3n del barco r\u00e1pido entre Melilla y M\u00e1laga por el temporal de viento\">Trasmediterr\u00e1nea suspende la conexi\u00f3n del barco r\u00e1pido entre Melilla y M\u00e1laga por el temporal de viento<\/a>\n<\/span><\/div>","aioseo_breadcrumb_json":[{"label":"Home","link":"https:\/\/eldigitaldeasturias.com\/magazine365"},{"label":"Noticias y Actualidad","link":"https:\/\/eldigitaldeasturias.com\/magazine365\/category\/noticias-actualidad\/"},{"label":"Trasmediterr\u00e1nea suspende la conexi\u00f3n del barco r\u00e1pido entre Melilla y M\u00e1laga por el temporal de viento","link":"https:\/\/eldigitaldeasturias.com\/magazine365\/trasmediterranea-suspende-la-conexion-del-barco-rapido-entre-melilla-y-malaga-por-el-temporal-de-viento\/"}],"_links":{"self":[{"href":"https:\/\/eldigitaldeasturias.com\/magazine365\/wp-json\/wp\/v2\/posts\/59859","targetHints":{"allow":["GET"]}}],"collection":[{"href":"https:\/\/eldigitaldeasturias.com\/magazine365\/wp-json\/wp\/v2\/posts"}],"about":[{"href":"https:\/\/eldigitaldeasturias.com\/magazine365\/wp-json\/wp\/v2\/types\/post"}],"author":[{"embeddable":true,"href":"https:\/\/eldigitaldeasturias.com\/magazine365\/wp-json\/wp\/v2\/users\/1"}],"replies":[{"embeddable":true,"href":"https:\/\/eldigitaldeasturias.com\/magazine365\/wp-json\/wp\/v2\/comments?post=59859"}],"version-history":[{"count":0,"href":"https:\/\/eldigitaldeasturias.com\/magazine365\/wp-json\/wp\/v2\/posts\/59859\/revisions"}],"wp:featuredmedia":[{"embeddable":true,"href":"https:\/\/eldigitaldeasturias.com\/magazine365\/wp-json\/wp\/v2\/media\/59860"}],"wp:attachment":[{"href":"https:\/\/eldigitaldeasturias.com\/magazine365\/wp-json\/wp\/v2\/media?parent=59859"}],"wp:term":[{"taxonomy":"category","embeddable":true,"href":"https:\/\/eldigitaldeasturias.com\/magazine365\/wp-json\/wp\/v2\/categories?post=59859"},{"taxonomy":"post_tag","embeddable":true,"href":"https:\/\/eldigitaldeasturias.com\/magazine365\/wp-json\/wp\/v2\/tags?post=59859"}],"curies":[{"name":"wp","href":"https:\/\/api.w.org\/{rel}","templated":true}]}}