{"id":59851,"date":"2016-01-07T12:00:40","date_gmt":"2016-01-07T11:00:40","guid":{"rendered":"http:\/\/eldigitaldeasturias.com\/magazine365\/?p=59851"},"modified":"2016-01-07T12:00:40","modified_gmt":"2016-01-07T11:00:40","slug":"bahrein-anula-las-conexiones-aereas-con-iran","status":"publish","type":"post","link":"https:\/\/eldigitaldeasturias.com\/magazine365\/bahrein-anula-las-conexiones-aereas-con-iran\/","title":{"rendered":"Bahr\u00e9in anula las conexiones a\u00e9reas con Ir\u00e1n"},"content":{"rendered":"<p>El Gobierno de Bahr\u00e9in ha decidido cancelar todas las conexiones a\u00e9reas entre el archipi\u00e9lago e Ir\u00e1n, un d\u00eda despu\u00e9s de romper las relaciones diplom\u00e1ticas como represalia por el asalto a la Embajada saud\u00ed en Teher\u00e1n.<\/p>\n<p>Arabia Saud\u00ed fue el primer pa\u00eds en romper relaciones con Ir\u00e1n por el asalto, motivado a su vez por la ejecuci\u00f3n del cl\u00e9rigo chi\u00ed Nimr al Nimr. Pa\u00edses \u00e1rabes aliados de Riad tambi\u00e9n se han sumado a este particular efecto domin\u00f3 anunciando sus propias medidas.<\/p>\n<p>Bahr\u00e9in rompi\u00f3 relaciones el lunes y, este martes, la agencia estatal BNA ha confirmado la cancelaci\u00f3n de todos los vuelos con destino o procedencia de Ir\u00e1n.<\/p>\n<p>Bahr\u00e9in, un reino de mayor\u00eda chi\u00ed pero gobernado por una familia real sun\u00ed, ya hab\u00eda retirado a su embajador de Ir\u00e1n el pasado mes de octubre e hizo lo propio con su encargado de negocios en noviembre. Manama ha acusado reiteradamente a Ir\u00e1n de fomentar las protestas contra el Gobierno por parte de la comunidad chi\u00ed.<\/p>\n","protected":false},"excerpt":{"rendered":"<p>El Gobierno de Bahr\u00e9in ha decidido cancelar todas las conexiones a\u00e9reas entre el archipi\u00e9lago e Ir\u00e1n, un d\u00eda despu\u00e9s de romper las relaciones diplom\u00e1ticas como represalia por el asalto a la Embajada saud\u00ed en Teher\u00e1n. Arabia Saud\u00ed fue el primer pa\u00eds en romper relaciones con Ir\u00e1n por el asalto, motivado a su vez por la<\/p>\n","protected":false},"author":1,"featured_media":39092,"comment_status":"open","ping_status":"closed","sticky":false,"template":"","format":"standard","meta":{"footnotes":""},"categories":[224],"tags":[],"class_list":{"0":"post-59851","1":"post","2":"type-post","3":"status-publish","4":"format-standard","5":"has-post-thumbnail","7":"category-noticias-actualidad"},"aioseo_notices":[],"aioseo_head":"\n\t\t<!-- All in One SEO Pro 4.9.6.1 - aioseo.com -->\n\t<meta name=\"description\" content=\"El Gobierno de Bahr\u00e9in ha decidido cancelar todas las conexiones a\u00e9reas entre el archipi\u00e9lago e Ir\u00e1n, un d\u00eda despu\u00e9s de romper las relaciones diplom\u00e1ticas como represalia por el asalto a la Embajada saud\u00ed en Teher\u00e1n. Arabia Saud\u00ed fue el primer pa\u00eds en romper relaciones con Ir\u00e1n por el asalto, motivado a su vez por la\" \/>\n\t<meta name=\"robots\" content=\"max-image-preview:large\" \/>\n\t<meta name=\"author\" content=\"admin\"\/>\n\t<meta name=\"google-site-verification\" content=\"UA-38556648-1\" \/>\n\t<meta name=\"keywords\" content=\"noticias y actualidad\" \/>\n\t<link rel=\"canonical\" href=\"https:\/\/eldigitaldeasturias.com\/magazine365\/bahrein-anula-las-conexiones-aereas-con-iran\/\" \/>\n\t<meta name=\"generator\" content=\"All in One SEO Pro (AIOSEO) 4.9.6.1\" \/>\n\t\t<meta property=\"og:locale\" content=\"es_ES\" \/>\n\t\t<meta property=\"og:site_name\" content=\"El Digital de Asturias \u2013 Revista de ocio, turismo y estilo de vida\" \/>\n\t\t<meta property=\"og:type\" content=\"article\" \/>\n\t\t<meta property=\"og:title\" content=\"Bahr\u00e9in anula las conexiones a\u00e9reas con Ir\u00e1n | El Digital de Asturias\" \/>\n\t\t<meta property=\"og:description\" content=\"El Gobierno de Bahr\u00e9in ha decidido cancelar todas las conexiones a\u00e9reas entre el archipi\u00e9lago e Ir\u00e1n, un d\u00eda despu\u00e9s de romper las relaciones diplom\u00e1ticas como represalia por el asalto a la Embajada saud\u00ed en Teher\u00e1n. Arabia Saud\u00ed fue el primer pa\u00eds en romper relaciones con Ir\u00e1n por el asalto, motivado a su vez por la\" \/>\n\t\t<meta property=\"og:url\" content=\"https:\/\/eldigitaldeasturias.com\/magazine365\/bahrein-anula-las-conexiones-aereas-con-iran\/\" \/>\n\t\t<meta property=\"og:image\" content=\"https:\/\/eldigitaldeasturias.com\/magazine365\/wp-content\/uploads\/2015\/06\/aeropuerto.jpg\" \/>\n\t\t<meta property=\"og:image:secure_url\" content=\"https:\/\/eldigitaldeasturias.com\/magazine365\/wp-content\/uploads\/2015\/06\/aeropuerto.jpg\" \/>\n\t\t<meta property=\"og:image:width\" content=\"800\" \/>\n\t\t<meta property=\"og:image:height\" content=\"531\" \/>\n\t\t<meta property=\"article:published_time\" content=\"2016-01-07T11:00:40+00:00\" \/>\n\t\t<meta property=\"article:modified_time\" content=\"2016-01-07T11:00:40+00:00\" \/>\n\t\t<meta name=\"twitter:card\" content=\"summary_large_image\" \/>\n\t\t<meta name=\"twitter:title\" content=\"Bahr\u00e9in anula las conexiones a\u00e9reas con Ir\u00e1n | El Digital de Asturias\" \/>\n\t\t<meta name=\"twitter:description\" content=\"El Gobierno de Bahr\u00e9in ha decidido cancelar todas las conexiones a\u00e9reas entre el archipi\u00e9lago e Ir\u00e1n, un d\u00eda despu\u00e9s de romper las relaciones diplom\u00e1ticas como represalia por el asalto a la Embajada saud\u00ed en Teher\u00e1n. Arabia Saud\u00ed fue el primer pa\u00eds en romper relaciones con Ir\u00e1n por el asalto, motivado a su vez por la\" \/>\n\t\t<meta name=\"twitter:image\" content=\"https:\/\/eldigitaldeasturias.com\/magazine365\/wp-content\/uploads\/2015\/06\/aeropuerto.jpg\" \/>\n\t\t<script type=\"application\/ld+json\" class=\"aioseo-schema\">\n\t\t\t{\"@context\":\"https:\\\/\\\/schema.org\",\"@graph\":[{\"@type\":\"Article\",\"@id\":\"https:\\\/\\\/eldigitaldeasturias.com\\\/magazine365\\\/bahrein-anula-las-conexiones-aereas-con-iran\\\/#article\",\"name\":\"Bahr\\u00e9in anula las conexiones a\\u00e9reas con Ir\\u00e1n | El Digital de Asturias\",\"headline\":\"Bahr\\u00e9in anula las conexiones a\\u00e9reas con Ir\\u00e1n\",\"author\":{\"@id\":\"https:\\\/\\\/eldigitaldeasturias.com\\\/magazine365\\\/author\\\/admin\\\/#author\"},\"publisher\":{\"@id\":\"https:\\\/\\\/eldigitaldeasturias.com\\\/magazine365\\\/#organization\"},\"image\":{\"@type\":\"ImageObject\",\"url\":\"https:\\\/\\\/eldigitaldeasturias.com\\\/magazine365\\\/wp-content\\\/uploads\\\/2015\\\/06\\\/aeropuerto.jpg\",\"width\":800,\"height\":531},\"datePublished\":\"2016-01-07T12:00:40+01:00\",\"dateModified\":\"2016-01-07T12:00:40+01:00\",\"inLanguage\":\"es-ES\",\"mainEntityOfPage\":{\"@id\":\"https:\\\/\\\/eldigitaldeasturias.com\\\/magazine365\\\/bahrein-anula-las-conexiones-aereas-con-iran\\\/#webpage\"},\"isPartOf\":{\"@id\":\"https:\\\/\\\/eldigitaldeasturias.com\\\/magazine365\\\/bahrein-anula-las-conexiones-aereas-con-iran\\\/#webpage\"},\"articleSection\":\"Noticias y Actualidad\"},{\"@type\":\"BreadcrumbList\",\"@id\":\"https:\\\/\\\/eldigitaldeasturias.com\\\/magazine365\\\/bahrein-anula-las-conexiones-aereas-con-iran\\\/#breadcrumblist\",\"itemListElement\":[{\"@type\":\"ListItem\",\"@id\":\"https:\\\/\\\/eldigitaldeasturias.com\\\/magazine365#listItem\",\"position\":1,\"name\":\"Home\",\"item\":\"https:\\\/\\\/eldigitaldeasturias.com\\\/magazine365\",\"nextItem\":{\"@type\":\"ListItem\",\"@id\":\"https:\\\/\\\/eldigitaldeasturias.com\\\/magazine365\\\/category\\\/noticias-actualidad\\\/#listItem\",\"name\":\"Noticias y Actualidad\"}},{\"@type\":\"ListItem\",\"@id\":\"https:\\\/\\\/eldigitaldeasturias.com\\\/magazine365\\\/category\\\/noticias-actualidad\\\/#listItem\",\"position\":2,\"name\":\"Noticias y Actualidad\",\"item\":\"https:\\\/\\\/eldigitaldeasturias.com\\\/magazine365\\\/category\\\/noticias-actualidad\\\/\",\"nextItem\":{\"@type\":\"ListItem\",\"@id\":\"https:\\\/\\\/eldigitaldeasturias.com\\\/magazine365\\\/bahrein-anula-las-conexiones-aereas-con-iran\\\/#listItem\",\"name\":\"Bahr\\u00e9in anula las conexiones a\\u00e9reas con Ir\\u00e1n\"},\"previousItem\":{\"@type\":\"ListItem\",\"@id\":\"https:\\\/\\\/eldigitaldeasturias.com\\\/magazine365#listItem\",\"name\":\"Home\"}},{\"@type\":\"ListItem\",\"@id\":\"https:\\\/\\\/eldigitaldeasturias.com\\\/magazine365\\\/bahrein-anula-las-conexiones-aereas-con-iran\\\/#listItem\",\"position\":3,\"name\":\"Bahr\\u00e9in anula las conexiones a\\u00e9reas con Ir\\u00e1n\",\"previousItem\":{\"@type\":\"ListItem\",\"@id\":\"https:\\\/\\\/eldigitaldeasturias.com\\\/magazine365\\\/category\\\/noticias-actualidad\\\/#listItem\",\"name\":\"Noticias y Actualidad\"}}]},{\"@type\":\"Organization\",\"@id\":\"https:\\\/\\\/eldigitaldeasturias.com\\\/magazine365\\\/#organization\",\"name\":\"El digital de Asturias\",\"description\":\"Revista de ocio, turismo y estilo de vida\",\"url\":\"https:\\\/\\\/eldigitaldeasturias.com\\\/magazine365\\\/\",\"logo\":{\"@type\":\"ImageObject\",\"url\":\"https:\\\/\\\/www.eldigitaldeasturias.com\\\/noticias\\\/wp-content\\\/uploads\\\/2020\\\/12\\\/EDA.jpg\",\"@id\":\"https:\\\/\\\/eldigitaldeasturias.com\\\/magazine365\\\/bahrein-anula-las-conexiones-aereas-con-iran\\\/#organizationLogo\"},\"image\":{\"@id\":\"https:\\\/\\\/eldigitaldeasturias.com\\\/magazine365\\\/bahrein-anula-las-conexiones-aereas-con-iran\\\/#organizationLogo\"}},{\"@type\":\"Person\",\"@id\":\"https:\\\/\\\/eldigitaldeasturias.com\\\/magazine365\\\/author\\\/admin\\\/#author\",\"url\":\"https:\\\/\\\/eldigitaldeasturias.com\\\/magazine365\\\/author\\\/admin\\\/\",\"name\":\"admin\",\"image\":{\"@type\":\"ImageObject\",\"@id\":\"https:\\\/\\\/eldigitaldeasturias.com\\\/magazine365\\\/bahrein-anula-las-conexiones-aereas-con-iran\\\/#authorImage\",\"url\":\"https:\\\/\\\/eldigitaldeasturias.com\\\/magazine365\\\/wp-content\\\/litespeed\\\/avatar\\\/e571bcf59a0edd6fa6838245a470f2fe.jpg?ver=1777574230\",\"width\":96,\"height\":96,\"caption\":\"admin\"}},{\"@type\":\"WebPage\",\"@id\":\"https:\\\/\\\/eldigitaldeasturias.com\\\/magazine365\\\/bahrein-anula-las-conexiones-aereas-con-iran\\\/#webpage\",\"url\":\"https:\\\/\\\/eldigitaldeasturias.com\\\/magazine365\\\/bahrein-anula-las-conexiones-aereas-con-iran\\\/\",\"name\":\"Bahr\\u00e9in anula las conexiones a\\u00e9reas con Ir\\u00e1n | El Digital de Asturias\",\"description\":\"El Gobierno de Bahr\\u00e9in ha decidido cancelar todas las conexiones a\\u00e9reas entre el archipi\\u00e9lago e Ir\\u00e1n, un d\\u00eda despu\\u00e9s de romper las relaciones diplom\\u00e1ticas como represalia por el asalto a la Embajada saud\\u00ed en Teher\\u00e1n. Arabia Saud\\u00ed fue el primer pa\\u00eds en romper relaciones con Ir\\u00e1n por el asalto, motivado a su vez por la\",\"inLanguage\":\"es-ES\",\"isPartOf\":{\"@id\":\"https:\\\/\\\/eldigitaldeasturias.com\\\/magazine365\\\/#website\"},\"breadcrumb\":{\"@id\":\"https:\\\/\\\/eldigitaldeasturias.com\\\/magazine365\\\/bahrein-anula-las-conexiones-aereas-con-iran\\\/#breadcrumblist\"},\"author\":{\"@id\":\"https:\\\/\\\/eldigitaldeasturias.com\\\/magazine365\\\/author\\\/admin\\\/#author\"},\"creator\":{\"@id\":\"https:\\\/\\\/eldigitaldeasturias.com\\\/magazine365\\\/author\\\/admin\\\/#author\"},\"image\":{\"@type\":\"ImageObject\",\"url\":\"https:\\\/\\\/eldigitaldeasturias.com\\\/magazine365\\\/wp-content\\\/uploads\\\/2015\\\/06\\\/aeropuerto.jpg\",\"@id\":\"https:\\\/\\\/eldigitaldeasturias.com\\\/magazine365\\\/bahrein-anula-las-conexiones-aereas-con-iran\\\/#mainImage\",\"width\":800,\"height\":531},\"primaryImageOfPage\":{\"@id\":\"https:\\\/\\\/eldigitaldeasturias.com\\\/magazine365\\\/bahrein-anula-las-conexiones-aereas-con-iran\\\/#mainImage\"},\"datePublished\":\"2016-01-07T12:00:40+01:00\",\"dateModified\":\"2016-01-07T12:00:40+01:00\"},{\"@type\":\"WebSite\",\"@id\":\"https:\\\/\\\/eldigitaldeasturias.com\\\/magazine365\\\/#website\",\"url\":\"https:\\\/\\\/eldigitaldeasturias.com\\\/magazine365\\\/\",\"name\":\"El Digital de Asturias\",\"description\":\"Revista de ocio, turismo y estilo de vida\",\"inLanguage\":\"es-ES\",\"publisher\":{\"@id\":\"https:\\\/\\\/eldigitaldeasturias.com\\\/magazine365\\\/#organization\"}}]}\n\t\t<\/script>\n\t\t<!-- All in One SEO Pro -->\r\n\t\t<title>Bahr\u00e9in anula las conexiones a\u00e9reas con Ir\u00e1n | El Digital de Asturias<\/title>\n\n","aioseo_head_json":{"title":"Bahr\u00e9in anula las conexiones a\u00e9reas con Ir\u00e1n | El Digital de Asturias","description":"El Gobierno de Bahr\u00e9in ha decidido cancelar todas las conexiones a\u00e9reas entre el archipi\u00e9lago e Ir\u00e1n, un d\u00eda despu\u00e9s de romper las relaciones diplom\u00e1ticas como represalia por el asalto a la Embajada saud\u00ed en Teher\u00e1n. Arabia Saud\u00ed fue el primer pa\u00eds en romper relaciones con Ir\u00e1n por el asalto, motivado a su vez por la","canonical_url":"https:\/\/eldigitaldeasturias.com\/magazine365\/bahrein-anula-las-conexiones-aereas-con-iran\/","robots":"max-image-preview:large","keywords":"noticias y actualidad","webmasterTools":{"google-site-verification":"UA-38556648-1","miscellaneous":""},"schema":{"@context":"https:\/\/schema.org","@graph":[{"@type":"Article","@id":"https:\/\/eldigitaldeasturias.com\/magazine365\/bahrein-anula-las-conexiones-aereas-con-iran\/#article","name":"Bahr\u00e9in anula las conexiones a\u00e9reas con Ir\u00e1n | El Digital de Asturias","headline":"Bahr\u00e9in anula las conexiones a\u00e9reas con Ir\u00e1n","author":{"@id":"https:\/\/eldigitaldeasturias.com\/magazine365\/author\/admin\/#author"},"publisher":{"@id":"https:\/\/eldigitaldeasturias.com\/magazine365\/#organization"},"image":{"@type":"ImageObject","url":"https:\/\/eldigitaldeasturias.com\/magazine365\/wp-content\/uploads\/2015\/06\/aeropuerto.jpg","width":800,"height":531},"datePublished":"2016-01-07T12:00:40+01:00","dateModified":"2016-01-07T12:00:40+01:00","inLanguage":"es-ES","mainEntityOfPage":{"@id":"https:\/\/eldigitaldeasturias.com\/magazine365\/bahrein-anula-las-conexiones-aereas-con-iran\/#webpage"},"isPartOf":{"@id":"https:\/\/eldigitaldeasturias.com\/magazine365\/bahrein-anula-las-conexiones-aereas-con-iran\/#webpage"},"articleSection":"Noticias y Actualidad"},{"@type":"BreadcrumbList","@id":"https:\/\/eldigitaldeasturias.com\/magazine365\/bahrein-anula-las-conexiones-aereas-con-iran\/#breadcrumblist","itemListElement":[{"@type":"ListItem","@id":"https:\/\/eldigitaldeasturias.com\/magazine365#listItem","position":1,"name":"Home","item":"https:\/\/eldigitaldeasturias.com\/magazine365","nextItem":{"@type":"ListItem","@id":"https:\/\/eldigitaldeasturias.com\/magazine365\/category\/noticias-actualidad\/#listItem","name":"Noticias y Actualidad"}},{"@type":"ListItem","@id":"https:\/\/eldigitaldeasturias.com\/magazine365\/category\/noticias-actualidad\/#listItem","position":2,"name":"Noticias y Actualidad","item":"https:\/\/eldigitaldeasturias.com\/magazine365\/category\/noticias-actualidad\/","nextItem":{"@type":"ListItem","@id":"https:\/\/eldigitaldeasturias.com\/magazine365\/bahrein-anula-las-conexiones-aereas-con-iran\/#listItem","name":"Bahr\u00e9in anula las conexiones a\u00e9reas con Ir\u00e1n"},"previousItem":{"@type":"ListItem","@id":"https:\/\/eldigitaldeasturias.com\/magazine365#listItem","name":"Home"}},{"@type":"ListItem","@id":"https:\/\/eldigitaldeasturias.com\/magazine365\/bahrein-anula-las-conexiones-aereas-con-iran\/#listItem","position":3,"name":"Bahr\u00e9in anula las conexiones a\u00e9reas con Ir\u00e1n","previousItem":{"@type":"ListItem","@id":"https:\/\/eldigitaldeasturias.com\/magazine365\/category\/noticias-actualidad\/#listItem","name":"Noticias y Actualidad"}}]},{"@type":"Organization","@id":"https:\/\/eldigitaldeasturias.com\/magazine365\/#organization","name":"El digital de Asturias","description":"Revista de ocio, turismo y estilo de vida","url":"https:\/\/eldigitaldeasturias.com\/magazine365\/","logo":{"@type":"ImageObject","url":"https:\/\/www.eldigitaldeasturias.com\/noticias\/wp-content\/uploads\/2020\/12\/EDA.jpg","@id":"https:\/\/eldigitaldeasturias.com\/magazine365\/bahrein-anula-las-conexiones-aereas-con-iran\/#organizationLogo"},"image":{"@id":"https:\/\/eldigitaldeasturias.com\/magazine365\/bahrein-anula-las-conexiones-aereas-con-iran\/#organizationLogo"}},{"@type":"Person","@id":"https:\/\/eldigitaldeasturias.com\/magazine365\/author\/admin\/#author","url":"https:\/\/eldigitaldeasturias.com\/magazine365\/author\/admin\/","name":"admin","image":{"@type":"ImageObject","@id":"https:\/\/eldigitaldeasturias.com\/magazine365\/bahrein-anula-las-conexiones-aereas-con-iran\/#authorImage","url":"https:\/\/eldigitaldeasturias.com\/magazine365\/wp-content\/litespeed\/avatar\/e571bcf59a0edd6fa6838245a470f2fe.jpg?ver=1777574230","width":96,"height":96,"caption":"admin"}},{"@type":"WebPage","@id":"https:\/\/eldigitaldeasturias.com\/magazine365\/bahrein-anula-las-conexiones-aereas-con-iran\/#webpage","url":"https:\/\/eldigitaldeasturias.com\/magazine365\/bahrein-anula-las-conexiones-aereas-con-iran\/","name":"Bahr\u00e9in anula las conexiones a\u00e9reas con Ir\u00e1n | El Digital de Asturias","description":"El Gobierno de Bahr\u00e9in ha decidido cancelar todas las conexiones a\u00e9reas entre el archipi\u00e9lago e Ir\u00e1n, un d\u00eda despu\u00e9s de romper las relaciones diplom\u00e1ticas como represalia por el asalto a la Embajada saud\u00ed en Teher\u00e1n. Arabia Saud\u00ed fue el primer pa\u00eds en romper relaciones con Ir\u00e1n por el asalto, motivado a su vez por la","inLanguage":"es-ES","isPartOf":{"@id":"https:\/\/eldigitaldeasturias.com\/magazine365\/#website"},"breadcrumb":{"@id":"https:\/\/eldigitaldeasturias.com\/magazine365\/bahrein-anula-las-conexiones-aereas-con-iran\/#breadcrumblist"},"author":{"@id":"https:\/\/eldigitaldeasturias.com\/magazine365\/author\/admin\/#author"},"creator":{"@id":"https:\/\/eldigitaldeasturias.com\/magazine365\/author\/admin\/#author"},"image":{"@type":"ImageObject","url":"https:\/\/eldigitaldeasturias.com\/magazine365\/wp-content\/uploads\/2015\/06\/aeropuerto.jpg","@id":"https:\/\/eldigitaldeasturias.com\/magazine365\/bahrein-anula-las-conexiones-aereas-con-iran\/#mainImage","width":800,"height":531},"primaryImageOfPage":{"@id":"https:\/\/eldigitaldeasturias.com\/magazine365\/bahrein-anula-las-conexiones-aereas-con-iran\/#mainImage"},"datePublished":"2016-01-07T12:00:40+01:00","dateModified":"2016-01-07T12:00:40+01:00"},{"@type":"WebSite","@id":"https:\/\/eldigitaldeasturias.com\/magazine365\/#website","url":"https:\/\/eldigitaldeasturias.com\/magazine365\/","name":"El Digital de Asturias","description":"Revista de ocio, turismo y estilo de vida","inLanguage":"es-ES","publisher":{"@id":"https:\/\/eldigitaldeasturias.com\/magazine365\/#organization"}}]},"og:locale":"es_ES","og:site_name":"El Digital de Asturias \u2013 Revista de ocio, turismo y estilo de vida","og:type":"article","og:title":"Bahr\u00e9in anula las conexiones a\u00e9reas con Ir\u00e1n | El Digital de Asturias","og:description":"El Gobierno de Bahr\u00e9in ha decidido cancelar todas las conexiones a\u00e9reas entre el archipi\u00e9lago e Ir\u00e1n, un d\u00eda despu\u00e9s de romper las relaciones diplom\u00e1ticas como represalia por el asalto a la Embajada saud\u00ed en Teher\u00e1n. Arabia Saud\u00ed fue el primer pa\u00eds en romper relaciones con Ir\u00e1n por el asalto, motivado a su vez por la","og:url":"https:\/\/eldigitaldeasturias.com\/magazine365\/bahrein-anula-las-conexiones-aereas-con-iran\/","og:image":"https:\/\/eldigitaldeasturias.com\/magazine365\/wp-content\/uploads\/2015\/06\/aeropuerto.jpg","og:image:secure_url":"https:\/\/eldigitaldeasturias.com\/magazine365\/wp-content\/uploads\/2015\/06\/aeropuerto.jpg","og:image:width":800,"og:image:height":531,"article:published_time":"2016-01-07T11:00:40+00:00","article:modified_time":"2016-01-07T11:00:40+00:00","twitter:card":"summary_large_image","twitter:title":"Bahr\u00e9in anula las conexiones a\u00e9reas con Ir\u00e1n | El Digital de Asturias","twitter:description":"El Gobierno de Bahr\u00e9in ha decidido cancelar todas las conexiones a\u00e9reas entre el archipi\u00e9lago e Ir\u00e1n, un d\u00eda despu\u00e9s de romper las relaciones diplom\u00e1ticas como represalia por el asalto a la Embajada saud\u00ed en Teher\u00e1n. Arabia Saud\u00ed fue el primer pa\u00eds en romper relaciones con Ir\u00e1n por el asalto, motivado a su vez por la","twitter:image":"https:\/\/eldigitaldeasturias.com\/magazine365\/wp-content\/uploads\/2015\/06\/aeropuerto.jpg"},"aioseo_meta_data":{"post_id":"59851","title":null,"description":null,"keywords":null,"keyphrases":null,"primary_term":null,"canonical_url":null,"og_title":null,"og_description":null,"og_object_type":"default","og_image_type":"default","og_image_url":null,"og_image_width":null,"og_image_height":null,"og_image_custom_url":null,"og_image_custom_fields":null,"og_video":null,"og_custom_url":null,"og_article_section":null,"og_article_tags":null,"twitter_use_og":false,"twitter_card":"default","twitter_image_type":"default","twitter_image_url":null,"twitter_image_custom_url":null,"twitter_image_custom_fields":null,"twitter_title":null,"twitter_description":null,"schema":{"blockGraphs":[],"customGraphs":[],"default":{"data":{"Article":[],"Course":[],"Dataset":[],"FAQPage":[],"Movie":[],"Person":[],"Product":[],"ProductReview":[],"Car":[],"Recipe":[],"Service":[],"SoftwareApplication":[],"WebPage":[]},"graphName":"","isEnabled":true},"graphs":[]},"schema_type":null,"schema_type_options":null,"pillar_content":false,"robots_default":true,"robots_noindex":false,"robots_noarchive":false,"robots_nosnippet":false,"robots_nofollow":false,"robots_noimageindex":false,"robots_noodp":false,"robots_notranslate":false,"robots_max_snippet":null,"robots_max_videopreview":null,"robots_max_imagepreview":"large","priority":null,"frequency":null,"location":null,"local_seo":null,"seo_analyzer_scan_date":"2025-09-25 05:46:00","breadcrumb_settings":null,"limit_modified_date":false,"open_ai":null,"ai":null,"created":"2021-03-08 22:09:48","updated":"2025-09-25 05:46:00"},"aioseo_breadcrumb":"<div class=\"aioseo-breadcrumbs\"><span class=\"aioseo-breadcrumb\">\n\t<a href=\"https:\/\/eldigitaldeasturias.com\/magazine365\" title=\"Home\">Home<\/a>\n<\/span><span class=\"aioseo-breadcrumb-separator\">\u2013<\/span><span class=\"aioseo-breadcrumb\">\n\t<a href=\"https:\/\/eldigitaldeasturias.com\/magazine365\/category\/noticias-actualidad\/\" title=\"Noticias y Actualidad\">Noticias y Actualidad<\/a>\n<\/span><span class=\"aioseo-breadcrumb-separator\">\u2013<\/span><span class=\"aioseo-breadcrumb\">\n\t<a href=\"https:\/\/eldigitaldeasturias.com\/magazine365\/bahrein-anula-las-conexiones-aereas-con-iran\/\" title=\"Bahr\u00e9in anula las conexiones a\u00e9reas con Ir\u00e1n\">Bahr\u00e9in anula las conexiones a\u00e9reas con Ir\u00e1n<\/a>\n<\/span><\/div>","aioseo_breadcrumb_json":[{"label":"Home","link":"https:\/\/eldigitaldeasturias.com\/magazine365"},{"label":"Noticias y Actualidad","link":"https:\/\/eldigitaldeasturias.com\/magazine365\/category\/noticias-actualidad\/"},{"label":"Bahr\u00e9in anula las conexiones a\u00e9reas con Ir\u00e1n","link":"https:\/\/eldigitaldeasturias.com\/magazine365\/bahrein-anula-las-conexiones-aereas-con-iran\/"}],"_links":{"self":[{"href":"https:\/\/eldigitaldeasturias.com\/magazine365\/wp-json\/wp\/v2\/posts\/59851","targetHints":{"allow":["GET"]}}],"collection":[{"href":"https:\/\/eldigitaldeasturias.com\/magazine365\/wp-json\/wp\/v2\/posts"}],"about":[{"href":"https:\/\/eldigitaldeasturias.com\/magazine365\/wp-json\/wp\/v2\/types\/post"}],"author":[{"embeddable":true,"href":"https:\/\/eldigitaldeasturias.com\/magazine365\/wp-json\/wp\/v2\/users\/1"}],"replies":[{"embeddable":true,"href":"https:\/\/eldigitaldeasturias.com\/magazine365\/wp-json\/wp\/v2\/comments?post=59851"}],"version-history":[{"count":0,"href":"https:\/\/eldigitaldeasturias.com\/magazine365\/wp-json\/wp\/v2\/posts\/59851\/revisions"}],"wp:featuredmedia":[{"embeddable":true,"href":"https:\/\/eldigitaldeasturias.com\/magazine365\/wp-json\/wp\/v2\/media\/39092"}],"wp:attachment":[{"href":"https:\/\/eldigitaldeasturias.com\/magazine365\/wp-json\/wp\/v2\/media?parent=59851"}],"wp:term":[{"taxonomy":"category","embeddable":true,"href":"https:\/\/eldigitaldeasturias.com\/magazine365\/wp-json\/wp\/v2\/categories?post=59851"},{"taxonomy":"post_tag","embeddable":true,"href":"https:\/\/eldigitaldeasturias.com\/magazine365\/wp-json\/wp\/v2\/tags?post=59851"}],"curies":[{"name":"wp","href":"https:\/\/api.w.org\/{rel}","templated":true}]}}