{"id":59817,"date":"2016-01-07T07:17:53","date_gmt":"2016-01-07T06:17:53","guid":{"rendered":"http:\/\/eldigitaldeasturias.com\/magazine365\/?p=59817"},"modified":"2016-01-07T07:17:53","modified_gmt":"2016-01-07T06:17:53","slug":"desetacionalizar-y-rentabilizar-el-sector-turistico-en-la-comunidad-valenciana-objetivos-prioritarios-de-la-generalitat","status":"publish","type":"post","link":"https:\/\/eldigitaldeasturias.com\/magazine365\/desetacionalizar-y-rentabilizar-el-sector-turistico-en-la-comunidad-valenciana-objetivos-prioritarios-de-la-generalitat\/","title":{"rendered":"Desetacionalizar y rentabilizar el sector tur\u00edstico en la Comunidad Valenciana, objetivos prioritarios de la Generalitat"},"content":{"rendered":"<p><img fetchpriority=\"high\" decoding=\"async\" class=\"alignleft size-medium wp-image-59818\" src=\"https:\/\/eldigitaldeasturias.com\/magazine365\/wp-content\/uploads\/2016\/01\/fotonoticia_20160105140257_800-360x265.jpg\" alt=\"fotonoticia_20160105140257_800\" width=\"360\" height=\"265\" srcset=\"https:\/\/eldigitaldeasturias.com\/magazine365\/wp-content\/uploads\/2016\/01\/fotonoticia_20160105140257_800-360x265.jpg 360w, https:\/\/eldigitaldeasturias.com\/magazine365\/wp-content\/uploads\/2016\/01\/fotonoticia_20160105140257_800-650x478.jpg 650w, https:\/\/eldigitaldeasturias.com\/magazine365\/wp-content\/uploads\/2016\/01\/fotonoticia_20160105140257_800-768x564.jpg 768w, https:\/\/eldigitaldeasturias.com\/magazine365\/wp-content\/uploads\/2016\/01\/fotonoticia_20160105140257_800-150x110.jpg 150w, https:\/\/eldigitaldeasturias.com\/magazine365\/wp-content\/uploads\/2016\/01\/fotonoticia_20160105140257_800-450x331.jpg 450w, https:\/\/eldigitaldeasturias.com\/magazine365\/wp-content\/uploads\/2016\/01\/fotonoticia_20160105140257_800-80x60.jpg 80w, https:\/\/eldigitaldeasturias.com\/magazine365\/wp-content\/uploads\/2016\/01\/fotonoticia_20160105140257_800-696x512.jpg 696w, https:\/\/eldigitaldeasturias.com\/magazine365\/wp-content\/uploads\/2016\/01\/fotonoticia_20160105140257_800-571x420.jpg 571w, https:\/\/eldigitaldeasturias.com\/magazine365\/wp-content\/uploads\/2016\/01\/fotonoticia_20160105140257_800-338x250.jpg 338w, https:\/\/eldigitaldeasturias.com\/magazine365\/wp-content\/uploads\/2016\/01\/fotonoticia_20160105140257_800-90x67.jpg 90w, https:\/\/eldigitaldeasturias.com\/magazine365\/wp-content\/uploads\/2016\/01\/fotonoticia_20160105140257_800-100x75.jpg 100w, https:\/\/eldigitaldeasturias.com\/magazine365\/wp-content\/uploads\/2016\/01\/fotonoticia_20160105140257_800.jpg 800w\" sizes=\"(max-width: 360px) 100vw, 360px\" \/>El secretario auton\u00f3mico de Turismo, Francesc Colomer, ha destacado que el objetivo prioritario de la Generalitat en su pol\u00edtica tur\u00edstica \u00abes desestacionalizar y rentabilizar el sector tur\u00edstico en la Comunitat Valenciana\u00bb.<\/p>\n<p>Colomer ha realizado un balance de los primeros meses que lleva al frente de la Ag\u00e8ncia Valenciana del Turismo y ha resumido las grandes l\u00edneas que inspirar\u00e1n la regulaci\u00f3n de la pol\u00edtica tur\u00edstica a lo largo de esta legislatura, seg\u00fan ha informado el Consell en un comunicado.<\/p>\n<p>El secretario auton\u00f3mico ha incidido en que \u00abel turismo debe convertirse en una cuesti\u00f3n de Estado\u00bb y ha matizado que \u00abes demasiado importante como para regatear la relevancia de nadie, porque es el resultado de una obra coral\u00bb.<\/p>\n<p>Por eso, ha apostado por la elaboraci\u00f3n de un Libro Blanco de Turismo, que no se ha dise\u00f1ado desde el a\u00f1o 1990, as\u00ed como por la aprobaci\u00f3n de una nueva Ley de Turismo y Hospitalidad, \u00abpuesto que la actual cuenta ya con 18 a\u00f1os y necesitamos un nuevo marco actualizado que contemple los nuevos desaf\u00edos y el cambio de modelo al que nos enfrentamos\u00bb.<\/p>\n<p>Para el tambi\u00e9n presidente de la Agencia Valenciana de Turismo, es imprescindible \u00abponer en marcha una planificaci\u00f3n y estrategia compartida\u00bb, puesto que \u00ablos mercados cambian constantemente, tambi\u00e9n las formas de elegir el destino y el turista, que es cada vez m\u00e1s exigente\u00bb. Por eso, ha se\u00f1alado que \u00abdebemos ser relevantes, cualificados y diferentes\u00bb. En este sentido, Colomer ha avanzado que Generalitat podr\u00e1 en marcha en la comarca de Els Ports un centro de formaci\u00f3n, de cualificaci\u00f3n profesional y de investigaci\u00f3n tur\u00edstica que se ubicar\u00e1 en Morella.<\/p>\n<p>Por otro lado, ha indicado que la Ag\u00e8ncia Valenciana del Turisme dar\u00e1 un nuevo enfoque a los productos tur\u00edsticos, \u00abdonde van a tener visibilidad algunos segmentos que anteriormente no la ten\u00edan, como el turismo senior, cultural, deportivo o el turismo LGBT\u00bb.<\/p>\n<p>As\u00ed, ha explicado que \u00abla intenci\u00f3n, es mostrar a la Comunitat Valenciana como una tierra hospitalaria y de valores, centrada en la experiencia tur\u00edstica y donde todos los colectivos tienen cabida para disfrutar del turismo, porque todos son bienvenidos en nuestra tierra\u00bb.<\/p>\n<p>Colomer tambi\u00e9n ha destacado que \u00abestamos trabajando en impulsar el turismo accesible, para que las personas que tienen alguna discapacidad tambi\u00e9n tengan la oportunidad de disfrutar de nuestro turismo y, en este sentido, el turismo sin barreras ser\u00e1 uno de los productos que promocionaremos en la pr\u00f3xima feria de Fitur\u00bb.<\/p>\n<p>DESTINO GAY FRIENDLY<\/p>\n<p>Adem\u00e1s, el secretario auton\u00f3mico ha anunciado que el segmento LGBT \u00aba partir de 2016 por fin va a tener visibilidad en la Comunitat Valenciana\u00bb y ha a\u00f1adido que \u00abdesde la Ag\u00e8ncia Valenciana del Turisme vamos a trabajar en impulsar y promocionar nuestra oferta tur\u00edstica hacia este segmento con el objetivo de posicionarnos como un destino &#8216;gay friendly'\u00bb.<\/p>\n<p>\u00abY tambi\u00e9n vamos a impulsar el turismo senior porque nuestros mayores merecen disfrutar del turismo y somos un territorio perfecto para acoger a este segmento tur\u00edstico\u00bb, ha a\u00f1adido.<\/p>\n<p>Adem\u00e1s, Colomer ha destacado que se va a trabajar dando un nuevo impulso a los productos tur\u00edsticos de interior y cultural que \u00aben 2016 adquirir\u00e1n much\u00edsima m\u00e1s presencia\u00bb. Por ello, ha destacado que desde la Generalitat \u00abvamos a coordinar el desarrollo tur\u00edstico de la Ruta de la Seda 2016-2020, contando con la colaboraci\u00f3n de las diversas entidades e instituciones implicadas\u00bb.<\/p>\n<p>RUTAS DEL SANTO GRIAL<\/p>\n<p>Asimismo, desde la Ag\u00e8ncia Valenciana del Turisme se trabajar\u00e1 activamente junto con expertos de las universidades de Valencia y Zaragoza y el Arzobispado de Valencia en 2016 en estudiar rutas tur\u00edsticas en torno al proyecto europeo del Santo Grial.<\/p>\n<p>Sobre este proyecto, ha destacado \u00abel gran potencial que tienen iniciativas de este tipo para impulsar nuestra historia y cultura\u00bb y ha se\u00f1alado que \u00abestamos ante un tema cuya relevancia tur\u00edstica es evidente y la coordinaci\u00f3n con las universidades y los agentes implicados resulta b\u00e1sica para conformar un relato que tiene un magnetismo internacional extraordinario\u00bb.<\/p>\n<p>Para el responsable de Turismo del Consell, \u00abes imprescindible apostar por una gobernanza colaborativa, por aunar esfuerzos\u00bb, por lo que ha apuntado que \u00abes tiempo de coordinaci\u00f3n, de ensamblar estrategias y de compartir caminos\u00bb.<\/p>\n<p>Por otro lado, Colomer ha remarcado que \u00abes fundamental apostar por nuestro paisaje e identidad mediterr\u00e1nea, por eso nuestra estrategia debe estar centrada en vertebrar el territorio\u00bb, una idea en la que ya se est\u00e1 trabajando junto a las universidades.<\/p>\n<p>En concreto, se est\u00e1 trabajando en la elaboraci\u00f3n de un Plan de Espacios Tur\u00edsticos \u00abcon recursos y comercializaci\u00f3n para poner en valor lo que tenemos y asentarlo en el mercado\u00bb. As\u00ed, ha apostado tambi\u00e9n por dar un empuje al turismo de interior, a lo que ha calificado como \u00abmediterr\u00e1neo rural\u00bb.<\/p>\n<p>GASTRONOM\u00cdA<\/p>\n<p>Tambi\u00e9n ha avanzado que la Agencia Valenciana de Turismo est\u00e1 trabajando en la puesta en marcha de un Centro Internacional de la Dieta Mediterr\u00e1nea, porque \u00abes nuestra y debemos ser vanguardia en esto\u00bb.<\/p>\n<p>Finalmente, el secretario auton\u00f3mico tambi\u00e9n ha destacado que la lucha contra el intrusismo profesional y la competencia desleal es otro de los objetivos marcados. \u00abDebemos situarnos al lado del sector reglado, de quienes tributan y dan la cara\u00bb, ha apostillado.<\/p>\n","protected":false},"excerpt":{"rendered":"<p>El secretario auton\u00f3mico de Turismo, Francesc Colomer, ha destacado que el objetivo prioritario de la Generalitat en su pol\u00edtica tur\u00edstica \u00abes desestacionalizar y rentabilizar el sector tur\u00edstico en la Comunitat Valenciana\u00bb. Colomer ha realizado un balance de los primeros meses que lleva al frente de la Ag\u00e8ncia Valenciana del Turismo y ha resumido las grandes<\/p>\n","protected":false},"author":1,"featured_media":59818,"comment_status":"open","ping_status":"closed","sticky":false,"template":"","format":"standard","meta":{"footnotes":""},"categories":[224],"tags":[],"class_list":{"0":"post-59817","1":"post","2":"type-post","3":"status-publish","4":"format-standard","5":"has-post-thumbnail","7":"category-noticias-actualidad"},"aioseo_notices":[],"aioseo_head":"\n\t\t<!-- All in One SEO Pro 4.9.6.1 - aioseo.com -->\n\t<meta name=\"description\" content=\"El secretario auton\u00f3mico de Turismo, Francesc Colomer, ha destacado que el objetivo prioritario de la Generalitat en su pol\u00edtica tur\u00edstica &quot;es desestacionalizar y rentabilizar el sector tur\u00edstico en la Comunitat Valenciana&quot;. Colomer ha realizado un balance de los primeros meses que lleva al frente de la Ag\u00e8ncia Valenciana del Turismo y ha resumido las grandes\" \/>\n\t<meta name=\"robots\" content=\"max-image-preview:large\" \/>\n\t<meta name=\"author\" content=\"admin\"\/>\n\t<meta name=\"google-site-verification\" content=\"UA-38556648-1\" \/>\n\t<meta name=\"keywords\" content=\"noticias y actualidad\" \/>\n\t<link rel=\"canonical\" href=\"https:\/\/eldigitaldeasturias.com\/magazine365\/desetacionalizar-y-rentabilizar-el-sector-turistico-en-la-comunidad-valenciana-objetivos-prioritarios-de-la-generalitat\/\" \/>\n\t<meta name=\"generator\" content=\"All in One SEO Pro (AIOSEO) 4.9.6.1\" \/>\n\t\t<meta property=\"og:locale\" content=\"es_ES\" \/>\n\t\t<meta property=\"og:site_name\" content=\"El Digital de Asturias \u2013 Revista de ocio, turismo y estilo de vida\" \/>\n\t\t<meta property=\"og:type\" content=\"article\" \/>\n\t\t<meta property=\"og:title\" content=\"Desetacionalizar y rentabilizar el sector tur\u00edstico en la Comunidad Valenciana, objetivos prioritarios de la Generalitat | El Digital de Asturias\" \/>\n\t\t<meta property=\"og:description\" content=\"El secretario auton\u00f3mico de Turismo, Francesc Colomer, ha destacado que el objetivo prioritario de la Generalitat en su pol\u00edtica tur\u00edstica &quot;es desestacionalizar y rentabilizar el sector tur\u00edstico en la Comunitat Valenciana&quot;. Colomer ha realizado un balance de los primeros meses que lleva al frente de la Ag\u00e8ncia Valenciana del Turismo y ha resumido las grandes\" \/>\n\t\t<meta property=\"og:url\" content=\"https:\/\/eldigitaldeasturias.com\/magazine365\/desetacionalizar-y-rentabilizar-el-sector-turistico-en-la-comunidad-valenciana-objetivos-prioritarios-de-la-generalitat\/\" \/>\n\t\t<meta property=\"og:image\" content=\"https:\/\/eldigitaldeasturias.com\/magazine365\/wp-content\/uploads\/2016\/01\/fotonoticia_20160105140257_800.jpg\" \/>\n\t\t<meta property=\"og:image:secure_url\" content=\"https:\/\/eldigitaldeasturias.com\/magazine365\/wp-content\/uploads\/2016\/01\/fotonoticia_20160105140257_800.jpg\" \/>\n\t\t<meta property=\"og:image:width\" content=\"800\" \/>\n\t\t<meta property=\"og:image:height\" content=\"588\" \/>\n\t\t<meta property=\"article:published_time\" content=\"2016-01-07T06:17:53+00:00\" \/>\n\t\t<meta property=\"article:modified_time\" content=\"2016-01-07T06:17:53+00:00\" \/>\n\t\t<meta name=\"twitter:card\" content=\"summary_large_image\" \/>\n\t\t<meta name=\"twitter:title\" content=\"Desetacionalizar y rentabilizar el sector tur\u00edstico en la Comunidad Valenciana, objetivos prioritarios de la Generalitat | El Digital de Asturias\" \/>\n\t\t<meta name=\"twitter:description\" content=\"El secretario auton\u00f3mico de Turismo, Francesc Colomer, ha destacado que el objetivo prioritario de la Generalitat en su pol\u00edtica tur\u00edstica &quot;es desestacionalizar y rentabilizar el sector tur\u00edstico en la Comunitat Valenciana&quot;. Colomer ha realizado un balance de los primeros meses que lleva al frente de la Ag\u00e8ncia Valenciana del Turismo y ha resumido las grandes\" \/>\n\t\t<meta name=\"twitter:image\" content=\"https:\/\/eldigitaldeasturias.com\/magazine365\/wp-content\/uploads\/2016\/01\/fotonoticia_20160105140257_800.jpg\" \/>\n\t\t<script type=\"application\/ld+json\" class=\"aioseo-schema\">\n\t\t\t{\"@context\":\"https:\\\/\\\/schema.org\",\"@graph\":[{\"@type\":\"Article\",\"@id\":\"https:\\\/\\\/eldigitaldeasturias.com\\\/magazine365\\\/desetacionalizar-y-rentabilizar-el-sector-turistico-en-la-comunidad-valenciana-objetivos-prioritarios-de-la-generalitat\\\/#article\",\"name\":\"Desetacionalizar y rentabilizar el sector tur\\u00edstico en la Comunidad Valenciana, objetivos prioritarios de la Generalitat | El Digital de Asturias\",\"headline\":\"Desetacionalizar y rentabilizar el sector tur\\u00edstico en la Comunidad Valenciana, objetivos prioritarios de la Generalitat\",\"author\":{\"@id\":\"https:\\\/\\\/eldigitaldeasturias.com\\\/magazine365\\\/author\\\/admin\\\/#author\"},\"publisher\":{\"@id\":\"https:\\\/\\\/eldigitaldeasturias.com\\\/magazine365\\\/#organization\"},\"image\":{\"@type\":\"ImageObject\",\"url\":\"https:\\\/\\\/eldigitaldeasturias.com\\\/magazine365\\\/wp-content\\\/uploads\\\/2016\\\/01\\\/fotonoticia_20160105140257_800.jpg\",\"width\":800,\"height\":588},\"datePublished\":\"2016-01-07T07:17:53+01:00\",\"dateModified\":\"2016-01-07T07:17:53+01:00\",\"inLanguage\":\"es-ES\",\"mainEntityOfPage\":{\"@id\":\"https:\\\/\\\/eldigitaldeasturias.com\\\/magazine365\\\/desetacionalizar-y-rentabilizar-el-sector-turistico-en-la-comunidad-valenciana-objetivos-prioritarios-de-la-generalitat\\\/#webpage\"},\"isPartOf\":{\"@id\":\"https:\\\/\\\/eldigitaldeasturias.com\\\/magazine365\\\/desetacionalizar-y-rentabilizar-el-sector-turistico-en-la-comunidad-valenciana-objetivos-prioritarios-de-la-generalitat\\\/#webpage\"},\"articleSection\":\"Noticias y Actualidad\"},{\"@type\":\"BreadcrumbList\",\"@id\":\"https:\\\/\\\/eldigitaldeasturias.com\\\/magazine365\\\/desetacionalizar-y-rentabilizar-el-sector-turistico-en-la-comunidad-valenciana-objetivos-prioritarios-de-la-generalitat\\\/#breadcrumblist\",\"itemListElement\":[{\"@type\":\"ListItem\",\"@id\":\"https:\\\/\\\/eldigitaldeasturias.com\\\/magazine365#listItem\",\"position\":1,\"name\":\"Home\",\"item\":\"https:\\\/\\\/eldigitaldeasturias.com\\\/magazine365\",\"nextItem\":{\"@type\":\"ListItem\",\"@id\":\"https:\\\/\\\/eldigitaldeasturias.com\\\/magazine365\\\/category\\\/noticias-actualidad\\\/#listItem\",\"name\":\"Noticias y Actualidad\"}},{\"@type\":\"ListItem\",\"@id\":\"https:\\\/\\\/eldigitaldeasturias.com\\\/magazine365\\\/category\\\/noticias-actualidad\\\/#listItem\",\"position\":2,\"name\":\"Noticias y Actualidad\",\"item\":\"https:\\\/\\\/eldigitaldeasturias.com\\\/magazine365\\\/category\\\/noticias-actualidad\\\/\",\"nextItem\":{\"@type\":\"ListItem\",\"@id\":\"https:\\\/\\\/eldigitaldeasturias.com\\\/magazine365\\\/desetacionalizar-y-rentabilizar-el-sector-turistico-en-la-comunidad-valenciana-objetivos-prioritarios-de-la-generalitat\\\/#listItem\",\"name\":\"Desetacionalizar y rentabilizar el sector tur\\u00edstico en la Comunidad Valenciana, objetivos prioritarios de la Generalitat\"},\"previousItem\":{\"@type\":\"ListItem\",\"@id\":\"https:\\\/\\\/eldigitaldeasturias.com\\\/magazine365#listItem\",\"name\":\"Home\"}},{\"@type\":\"ListItem\",\"@id\":\"https:\\\/\\\/eldigitaldeasturias.com\\\/magazine365\\\/desetacionalizar-y-rentabilizar-el-sector-turistico-en-la-comunidad-valenciana-objetivos-prioritarios-de-la-generalitat\\\/#listItem\",\"position\":3,\"name\":\"Desetacionalizar y rentabilizar el sector tur\\u00edstico en la Comunidad Valenciana, objetivos prioritarios de la Generalitat\",\"previousItem\":{\"@type\":\"ListItem\",\"@id\":\"https:\\\/\\\/eldigitaldeasturias.com\\\/magazine365\\\/category\\\/noticias-actualidad\\\/#listItem\",\"name\":\"Noticias y Actualidad\"}}]},{\"@type\":\"Organization\",\"@id\":\"https:\\\/\\\/eldigitaldeasturias.com\\\/magazine365\\\/#organization\",\"name\":\"El digital de Asturias\",\"description\":\"Revista de ocio, turismo y estilo de vida\",\"url\":\"https:\\\/\\\/eldigitaldeasturias.com\\\/magazine365\\\/\",\"logo\":{\"@type\":\"ImageObject\",\"url\":\"https:\\\/\\\/www.eldigitaldeasturias.com\\\/noticias\\\/wp-content\\\/uploads\\\/2020\\\/12\\\/EDA.jpg\",\"@id\":\"https:\\\/\\\/eldigitaldeasturias.com\\\/magazine365\\\/desetacionalizar-y-rentabilizar-el-sector-turistico-en-la-comunidad-valenciana-objetivos-prioritarios-de-la-generalitat\\\/#organizationLogo\"},\"image\":{\"@id\":\"https:\\\/\\\/eldigitaldeasturias.com\\\/magazine365\\\/desetacionalizar-y-rentabilizar-el-sector-turistico-en-la-comunidad-valenciana-objetivos-prioritarios-de-la-generalitat\\\/#organizationLogo\"}},{\"@type\":\"Person\",\"@id\":\"https:\\\/\\\/eldigitaldeasturias.com\\\/magazine365\\\/author\\\/admin\\\/#author\",\"url\":\"https:\\\/\\\/eldigitaldeasturias.com\\\/magazine365\\\/author\\\/admin\\\/\",\"name\":\"admin\",\"image\":{\"@type\":\"ImageObject\",\"@id\":\"https:\\\/\\\/eldigitaldeasturias.com\\\/magazine365\\\/desetacionalizar-y-rentabilizar-el-sector-turistico-en-la-comunidad-valenciana-objetivos-prioritarios-de-la-generalitat\\\/#authorImage\",\"url\":\"https:\\\/\\\/eldigitaldeasturias.com\\\/magazine365\\\/wp-content\\\/litespeed\\\/avatar\\\/e571bcf59a0edd6fa6838245a470f2fe.jpg?ver=1777574230\",\"width\":96,\"height\":96,\"caption\":\"admin\"}},{\"@type\":\"WebPage\",\"@id\":\"https:\\\/\\\/eldigitaldeasturias.com\\\/magazine365\\\/desetacionalizar-y-rentabilizar-el-sector-turistico-en-la-comunidad-valenciana-objetivos-prioritarios-de-la-generalitat\\\/#webpage\",\"url\":\"https:\\\/\\\/eldigitaldeasturias.com\\\/magazine365\\\/desetacionalizar-y-rentabilizar-el-sector-turistico-en-la-comunidad-valenciana-objetivos-prioritarios-de-la-generalitat\\\/\",\"name\":\"Desetacionalizar y rentabilizar el sector tur\\u00edstico en la Comunidad Valenciana, objetivos prioritarios de la Generalitat | El Digital de Asturias\",\"description\":\"El secretario auton\\u00f3mico de Turismo, Francesc Colomer, ha destacado que el objetivo prioritario de la Generalitat en su pol\\u00edtica tur\\u00edstica \\\"es desestacionalizar y rentabilizar el sector tur\\u00edstico en la Comunitat Valenciana\\\". Colomer ha realizado un balance de los primeros meses que lleva al frente de la Ag\\u00e8ncia Valenciana del Turismo y ha resumido las grandes\",\"inLanguage\":\"es-ES\",\"isPartOf\":{\"@id\":\"https:\\\/\\\/eldigitaldeasturias.com\\\/magazine365\\\/#website\"},\"breadcrumb\":{\"@id\":\"https:\\\/\\\/eldigitaldeasturias.com\\\/magazine365\\\/desetacionalizar-y-rentabilizar-el-sector-turistico-en-la-comunidad-valenciana-objetivos-prioritarios-de-la-generalitat\\\/#breadcrumblist\"},\"author\":{\"@id\":\"https:\\\/\\\/eldigitaldeasturias.com\\\/magazine365\\\/author\\\/admin\\\/#author\"},\"creator\":{\"@id\":\"https:\\\/\\\/eldigitaldeasturias.com\\\/magazine365\\\/author\\\/admin\\\/#author\"},\"image\":{\"@type\":\"ImageObject\",\"url\":\"https:\\\/\\\/eldigitaldeasturias.com\\\/magazine365\\\/wp-content\\\/uploads\\\/2016\\\/01\\\/fotonoticia_20160105140257_800.jpg\",\"@id\":\"https:\\\/\\\/eldigitaldeasturias.com\\\/magazine365\\\/desetacionalizar-y-rentabilizar-el-sector-turistico-en-la-comunidad-valenciana-objetivos-prioritarios-de-la-generalitat\\\/#mainImage\",\"width\":800,\"height\":588},\"primaryImageOfPage\":{\"@id\":\"https:\\\/\\\/eldigitaldeasturias.com\\\/magazine365\\\/desetacionalizar-y-rentabilizar-el-sector-turistico-en-la-comunidad-valenciana-objetivos-prioritarios-de-la-generalitat\\\/#mainImage\"},\"datePublished\":\"2016-01-07T07:17:53+01:00\",\"dateModified\":\"2016-01-07T07:17:53+01:00\"},{\"@type\":\"WebSite\",\"@id\":\"https:\\\/\\\/eldigitaldeasturias.com\\\/magazine365\\\/#website\",\"url\":\"https:\\\/\\\/eldigitaldeasturias.com\\\/magazine365\\\/\",\"name\":\"El Digital de Asturias\",\"description\":\"Revista de ocio, turismo y estilo de vida\",\"inLanguage\":\"es-ES\",\"publisher\":{\"@id\":\"https:\\\/\\\/eldigitaldeasturias.com\\\/magazine365\\\/#organization\"}}]}\n\t\t<\/script>\n\t\t<!-- All in One SEO Pro -->\r\n\t\t<title>Desetacionalizar y rentabilizar el sector tur\u00edstico en la Comunidad Valenciana, objetivos prioritarios de la Generalitat | El Digital de Asturias<\/title>\n\n","aioseo_head_json":{"title":"Desetacionalizar y rentabilizar el sector tur\u00edstico en la Comunidad Valenciana, objetivos prioritarios de la Generalitat | El Digital de Asturias","description":"El secretario auton\u00f3mico de Turismo, Francesc Colomer, ha destacado que el objetivo prioritario de la Generalitat en su pol\u00edtica tur\u00edstica \"es desestacionalizar y rentabilizar el sector tur\u00edstico en la Comunitat Valenciana\". Colomer ha realizado un balance de los primeros meses que lleva al frente de la Ag\u00e8ncia Valenciana del Turismo y ha resumido las grandes","canonical_url":"https:\/\/eldigitaldeasturias.com\/magazine365\/desetacionalizar-y-rentabilizar-el-sector-turistico-en-la-comunidad-valenciana-objetivos-prioritarios-de-la-generalitat\/","robots":"max-image-preview:large","keywords":"noticias y actualidad","webmasterTools":{"google-site-verification":"UA-38556648-1","miscellaneous":""},"schema":{"@context":"https:\/\/schema.org","@graph":[{"@type":"Article","@id":"https:\/\/eldigitaldeasturias.com\/magazine365\/desetacionalizar-y-rentabilizar-el-sector-turistico-en-la-comunidad-valenciana-objetivos-prioritarios-de-la-generalitat\/#article","name":"Desetacionalizar y rentabilizar el sector tur\u00edstico en la Comunidad Valenciana, objetivos prioritarios de la Generalitat | El Digital de Asturias","headline":"Desetacionalizar y rentabilizar el sector tur\u00edstico en la Comunidad Valenciana, objetivos prioritarios de la Generalitat","author":{"@id":"https:\/\/eldigitaldeasturias.com\/magazine365\/author\/admin\/#author"},"publisher":{"@id":"https:\/\/eldigitaldeasturias.com\/magazine365\/#organization"},"image":{"@type":"ImageObject","url":"https:\/\/eldigitaldeasturias.com\/magazine365\/wp-content\/uploads\/2016\/01\/fotonoticia_20160105140257_800.jpg","width":800,"height":588},"datePublished":"2016-01-07T07:17:53+01:00","dateModified":"2016-01-07T07:17:53+01:00","inLanguage":"es-ES","mainEntityOfPage":{"@id":"https:\/\/eldigitaldeasturias.com\/magazine365\/desetacionalizar-y-rentabilizar-el-sector-turistico-en-la-comunidad-valenciana-objetivos-prioritarios-de-la-generalitat\/#webpage"},"isPartOf":{"@id":"https:\/\/eldigitaldeasturias.com\/magazine365\/desetacionalizar-y-rentabilizar-el-sector-turistico-en-la-comunidad-valenciana-objetivos-prioritarios-de-la-generalitat\/#webpage"},"articleSection":"Noticias y Actualidad"},{"@type":"BreadcrumbList","@id":"https:\/\/eldigitaldeasturias.com\/magazine365\/desetacionalizar-y-rentabilizar-el-sector-turistico-en-la-comunidad-valenciana-objetivos-prioritarios-de-la-generalitat\/#breadcrumblist","itemListElement":[{"@type":"ListItem","@id":"https:\/\/eldigitaldeasturias.com\/magazine365#listItem","position":1,"name":"Home","item":"https:\/\/eldigitaldeasturias.com\/magazine365","nextItem":{"@type":"ListItem","@id":"https:\/\/eldigitaldeasturias.com\/magazine365\/category\/noticias-actualidad\/#listItem","name":"Noticias y Actualidad"}},{"@type":"ListItem","@id":"https:\/\/eldigitaldeasturias.com\/magazine365\/category\/noticias-actualidad\/#listItem","position":2,"name":"Noticias y Actualidad","item":"https:\/\/eldigitaldeasturias.com\/magazine365\/category\/noticias-actualidad\/","nextItem":{"@type":"ListItem","@id":"https:\/\/eldigitaldeasturias.com\/magazine365\/desetacionalizar-y-rentabilizar-el-sector-turistico-en-la-comunidad-valenciana-objetivos-prioritarios-de-la-generalitat\/#listItem","name":"Desetacionalizar y rentabilizar el sector tur\u00edstico en la Comunidad Valenciana, objetivos prioritarios de la Generalitat"},"previousItem":{"@type":"ListItem","@id":"https:\/\/eldigitaldeasturias.com\/magazine365#listItem","name":"Home"}},{"@type":"ListItem","@id":"https:\/\/eldigitaldeasturias.com\/magazine365\/desetacionalizar-y-rentabilizar-el-sector-turistico-en-la-comunidad-valenciana-objetivos-prioritarios-de-la-generalitat\/#listItem","position":3,"name":"Desetacionalizar y rentabilizar el sector tur\u00edstico en la Comunidad Valenciana, objetivos prioritarios de la Generalitat","previousItem":{"@type":"ListItem","@id":"https:\/\/eldigitaldeasturias.com\/magazine365\/category\/noticias-actualidad\/#listItem","name":"Noticias y Actualidad"}}]},{"@type":"Organization","@id":"https:\/\/eldigitaldeasturias.com\/magazine365\/#organization","name":"El digital de Asturias","description":"Revista de ocio, turismo y estilo de vida","url":"https:\/\/eldigitaldeasturias.com\/magazine365\/","logo":{"@type":"ImageObject","url":"https:\/\/www.eldigitaldeasturias.com\/noticias\/wp-content\/uploads\/2020\/12\/EDA.jpg","@id":"https:\/\/eldigitaldeasturias.com\/magazine365\/desetacionalizar-y-rentabilizar-el-sector-turistico-en-la-comunidad-valenciana-objetivos-prioritarios-de-la-generalitat\/#organizationLogo"},"image":{"@id":"https:\/\/eldigitaldeasturias.com\/magazine365\/desetacionalizar-y-rentabilizar-el-sector-turistico-en-la-comunidad-valenciana-objetivos-prioritarios-de-la-generalitat\/#organizationLogo"}},{"@type":"Person","@id":"https:\/\/eldigitaldeasturias.com\/magazine365\/author\/admin\/#author","url":"https:\/\/eldigitaldeasturias.com\/magazine365\/author\/admin\/","name":"admin","image":{"@type":"ImageObject","@id":"https:\/\/eldigitaldeasturias.com\/magazine365\/desetacionalizar-y-rentabilizar-el-sector-turistico-en-la-comunidad-valenciana-objetivos-prioritarios-de-la-generalitat\/#authorImage","url":"https:\/\/eldigitaldeasturias.com\/magazine365\/wp-content\/litespeed\/avatar\/e571bcf59a0edd6fa6838245a470f2fe.jpg?ver=1777574230","width":96,"height":96,"caption":"admin"}},{"@type":"WebPage","@id":"https:\/\/eldigitaldeasturias.com\/magazine365\/desetacionalizar-y-rentabilizar-el-sector-turistico-en-la-comunidad-valenciana-objetivos-prioritarios-de-la-generalitat\/#webpage","url":"https:\/\/eldigitaldeasturias.com\/magazine365\/desetacionalizar-y-rentabilizar-el-sector-turistico-en-la-comunidad-valenciana-objetivos-prioritarios-de-la-generalitat\/","name":"Desetacionalizar y rentabilizar el sector tur\u00edstico en la Comunidad Valenciana, objetivos prioritarios de la Generalitat | El Digital de Asturias","description":"El secretario auton\u00f3mico de Turismo, Francesc Colomer, ha destacado que el objetivo prioritario de la Generalitat en su pol\u00edtica tur\u00edstica \"es desestacionalizar y rentabilizar el sector tur\u00edstico en la Comunitat Valenciana\". Colomer ha realizado un balance de los primeros meses que lleva al frente de la Ag\u00e8ncia Valenciana del Turismo y ha resumido las grandes","inLanguage":"es-ES","isPartOf":{"@id":"https:\/\/eldigitaldeasturias.com\/magazine365\/#website"},"breadcrumb":{"@id":"https:\/\/eldigitaldeasturias.com\/magazine365\/desetacionalizar-y-rentabilizar-el-sector-turistico-en-la-comunidad-valenciana-objetivos-prioritarios-de-la-generalitat\/#breadcrumblist"},"author":{"@id":"https:\/\/eldigitaldeasturias.com\/magazine365\/author\/admin\/#author"},"creator":{"@id":"https:\/\/eldigitaldeasturias.com\/magazine365\/author\/admin\/#author"},"image":{"@type":"ImageObject","url":"https:\/\/eldigitaldeasturias.com\/magazine365\/wp-content\/uploads\/2016\/01\/fotonoticia_20160105140257_800.jpg","@id":"https:\/\/eldigitaldeasturias.com\/magazine365\/desetacionalizar-y-rentabilizar-el-sector-turistico-en-la-comunidad-valenciana-objetivos-prioritarios-de-la-generalitat\/#mainImage","width":800,"height":588},"primaryImageOfPage":{"@id":"https:\/\/eldigitaldeasturias.com\/magazine365\/desetacionalizar-y-rentabilizar-el-sector-turistico-en-la-comunidad-valenciana-objetivos-prioritarios-de-la-generalitat\/#mainImage"},"datePublished":"2016-01-07T07:17:53+01:00","dateModified":"2016-01-07T07:17:53+01:00"},{"@type":"WebSite","@id":"https:\/\/eldigitaldeasturias.com\/magazine365\/#website","url":"https:\/\/eldigitaldeasturias.com\/magazine365\/","name":"El Digital de Asturias","description":"Revista de ocio, turismo y estilo de vida","inLanguage":"es-ES","publisher":{"@id":"https:\/\/eldigitaldeasturias.com\/magazine365\/#organization"}}]},"og:locale":"es_ES","og:site_name":"El Digital de Asturias \u2013 Revista de ocio, turismo y estilo de vida","og:type":"article","og:title":"Desetacionalizar y rentabilizar el sector tur\u00edstico en la Comunidad Valenciana, objetivos prioritarios de la Generalitat | El Digital de Asturias","og:description":"El secretario auton\u00f3mico de Turismo, Francesc Colomer, ha destacado que el objetivo prioritario de la Generalitat en su pol\u00edtica tur\u00edstica &quot;es desestacionalizar y rentabilizar el sector tur\u00edstico en la Comunitat Valenciana&quot;. Colomer ha realizado un balance de los primeros meses que lleva al frente de la Ag\u00e8ncia Valenciana del Turismo y ha resumido las grandes","og:url":"https:\/\/eldigitaldeasturias.com\/magazine365\/desetacionalizar-y-rentabilizar-el-sector-turistico-en-la-comunidad-valenciana-objetivos-prioritarios-de-la-generalitat\/","og:image":"https:\/\/eldigitaldeasturias.com\/magazine365\/wp-content\/uploads\/2016\/01\/fotonoticia_20160105140257_800.jpg","og:image:secure_url":"https:\/\/eldigitaldeasturias.com\/magazine365\/wp-content\/uploads\/2016\/01\/fotonoticia_20160105140257_800.jpg","og:image:width":800,"og:image:height":588,"article:published_time":"2016-01-07T06:17:53+00:00","article:modified_time":"2016-01-07T06:17:53+00:00","twitter:card":"summary_large_image","twitter:title":"Desetacionalizar y rentabilizar el sector tur\u00edstico en la Comunidad Valenciana, objetivos prioritarios de la Generalitat | El Digital de Asturias","twitter:description":"El secretario auton\u00f3mico de Turismo, Francesc Colomer, ha destacado que el objetivo prioritario de la Generalitat en su pol\u00edtica tur\u00edstica &quot;es desestacionalizar y rentabilizar el sector tur\u00edstico en la Comunitat Valenciana&quot;. Colomer ha realizado un balance de los primeros meses que lleva al frente de la Ag\u00e8ncia Valenciana del Turismo y ha resumido las grandes","twitter:image":"https:\/\/eldigitaldeasturias.com\/magazine365\/wp-content\/uploads\/2016\/01\/fotonoticia_20160105140257_800.jpg"},"aioseo_meta_data":{"post_id":"59817","title":null,"description":null,"keywords":null,"keyphrases":null,"primary_term":null,"canonical_url":null,"og_title":null,"og_description":null,"og_object_type":"default","og_image_type":"default","og_image_url":null,"og_image_width":null,"og_image_height":null,"og_image_custom_url":null,"og_image_custom_fields":null,"og_video":null,"og_custom_url":null,"og_article_section":null,"og_article_tags":null,"twitter_use_og":false,"twitter_card":"default","twitter_image_type":"default","twitter_image_url":null,"twitter_image_custom_url":null,"twitter_image_custom_fields":null,"twitter_title":null,"twitter_description":null,"schema":{"blockGraphs":[],"customGraphs":[],"default":{"data":{"Article":[],"Course":[],"Dataset":[],"FAQPage":[],"Movie":[],"Person":[],"Product":[],"ProductReview":[],"Car":[],"Recipe":[],"Service":[],"SoftwareApplication":[],"WebPage":[]},"graphName":"","isEnabled":true},"graphs":[],"defaultGraph":"","defaultPostTypeGraph":""},"schema_type":null,"schema_type_options":null,"pillar_content":false,"robots_default":true,"robots_noindex":false,"robots_noarchive":false,"robots_nosnippet":false,"robots_nofollow":false,"robots_noimageindex":false,"robots_noodp":false,"robots_notranslate":false,"robots_max_snippet":null,"robots_max_videopreview":null,"robots_max_imagepreview":"large","priority":null,"frequency":null,"location":null,"local_seo":null,"seo_analyzer_scan_date":"2025-09-25 05:41:01","breadcrumb_settings":null,"limit_modified_date":false,"open_ai":null,"ai":null,"created":"2021-03-08 22:09:48","updated":"2025-09-25 05:41:01"},"aioseo_breadcrumb":"<div class=\"aioseo-breadcrumbs\"><span class=\"aioseo-breadcrumb\">\n\t<a href=\"https:\/\/eldigitaldeasturias.com\/magazine365\" title=\"Home\">Home<\/a>\n<\/span><span class=\"aioseo-breadcrumb-separator\">\u2013<\/span><span class=\"aioseo-breadcrumb\">\n\t<a href=\"https:\/\/eldigitaldeasturias.com\/magazine365\/category\/noticias-actualidad\/\" title=\"Noticias y Actualidad\">Noticias y Actualidad<\/a>\n<\/span><span class=\"aioseo-breadcrumb-separator\">\u2013<\/span><span class=\"aioseo-breadcrumb\">\n\t<a href=\"https:\/\/eldigitaldeasturias.com\/magazine365\/desetacionalizar-y-rentabilizar-el-sector-turistico-en-la-comunidad-valenciana-objetivos-prioritarios-de-la-generalitat\/\" title=\"Desetacionalizar y rentabilizar el sector tur\u00edstico en la Comunidad Valenciana, objetivos prioritarios de la Generalitat\">Desetacionalizar y rentabilizar el sector tur\u00edstico en la Comunidad Valenciana, objetivos prioritarios de la Generalitat<\/a>\n<\/span><\/div>","aioseo_breadcrumb_json":[{"label":"Home","link":"https:\/\/eldigitaldeasturias.com\/magazine365"},{"label":"Noticias y Actualidad","link":"https:\/\/eldigitaldeasturias.com\/magazine365\/category\/noticias-actualidad\/"},{"label":"Desetacionalizar y rentabilizar el sector tur\u00edstico en la Comunidad Valenciana, objetivos prioritarios de la Generalitat","link":"https:\/\/eldigitaldeasturias.com\/magazine365\/desetacionalizar-y-rentabilizar-el-sector-turistico-en-la-comunidad-valenciana-objetivos-prioritarios-de-la-generalitat\/"}],"_links":{"self":[{"href":"https:\/\/eldigitaldeasturias.com\/magazine365\/wp-json\/wp\/v2\/posts\/59817","targetHints":{"allow":["GET"]}}],"collection":[{"href":"https:\/\/eldigitaldeasturias.com\/magazine365\/wp-json\/wp\/v2\/posts"}],"about":[{"href":"https:\/\/eldigitaldeasturias.com\/magazine365\/wp-json\/wp\/v2\/types\/post"}],"author":[{"embeddable":true,"href":"https:\/\/eldigitaldeasturias.com\/magazine365\/wp-json\/wp\/v2\/users\/1"}],"replies":[{"embeddable":true,"href":"https:\/\/eldigitaldeasturias.com\/magazine365\/wp-json\/wp\/v2\/comments?post=59817"}],"version-history":[{"count":0,"href":"https:\/\/eldigitaldeasturias.com\/magazine365\/wp-json\/wp\/v2\/posts\/59817\/revisions"}],"wp:featuredmedia":[{"embeddable":true,"href":"https:\/\/eldigitaldeasturias.com\/magazine365\/wp-json\/wp\/v2\/media\/59818"}],"wp:attachment":[{"href":"https:\/\/eldigitaldeasturias.com\/magazine365\/wp-json\/wp\/v2\/media?parent=59817"}],"wp:term":[{"taxonomy":"category","embeddable":true,"href":"https:\/\/eldigitaldeasturias.com\/magazine365\/wp-json\/wp\/v2\/categories?post=59817"},{"taxonomy":"post_tag","embeddable":true,"href":"https:\/\/eldigitaldeasturias.com\/magazine365\/wp-json\/wp\/v2\/tags?post=59817"}],"curies":[{"name":"wp","href":"https:\/\/api.w.org\/{rel}","templated":true}]}}