{"id":59787,"date":"2016-01-07T06:54:04","date_gmt":"2016-01-07T05:54:04","guid":{"rendered":"http:\/\/eldigitaldeasturias.com\/magazine365\/?p=59787"},"modified":"2016-01-07T06:54:04","modified_gmt":"2016-01-07T05:54:04","slug":"el-paro-bajo-en-354-203-personas-en-2015-y-en-todos-los-sectores-especialmente-en-servicios","status":"publish","type":"post","link":"https:\/\/eldigitaldeasturias.com\/magazine365\/el-paro-bajo-en-354-203-personas-en-2015-y-en-todos-los-sectores-especialmente-en-servicios\/","title":{"rendered":"El paro baj\u00f3 en 354.203 personas en 2015 y en todos los sectores, especialmente en servicios"},"content":{"rendered":"<p><img fetchpriority=\"high\" decoding=\"async\" class=\"alignleft size-medium wp-image-59788\" src=\"https:\/\/eldigitaldeasturias.com\/magazine365\/wp-content\/uploads\/2016\/01\/fotonoticia_20160105114928_800-360x240.jpg\" alt=\"fotonoticia_20160105114928_800\" width=\"360\" height=\"240\" srcset=\"https:\/\/eldigitaldeasturias.com\/magazine365\/wp-content\/uploads\/2016\/01\/fotonoticia_20160105114928_800-360x240.jpg 360w, https:\/\/eldigitaldeasturias.com\/magazine365\/wp-content\/uploads\/2016\/01\/fotonoticia_20160105114928_800-650x433.jpg 650w, https:\/\/eldigitaldeasturias.com\/magazine365\/wp-content\/uploads\/2016\/01\/fotonoticia_20160105114928_800-768x512.jpg 768w, https:\/\/eldigitaldeasturias.com\/magazine365\/wp-content\/uploads\/2016\/01\/fotonoticia_20160105114928_800-150x100.jpg 150w, https:\/\/eldigitaldeasturias.com\/magazine365\/wp-content\/uploads\/2016\/01\/fotonoticia_20160105114928_800-450x300.jpg 450w, https:\/\/eldigitaldeasturias.com\/magazine365\/wp-content\/uploads\/2016\/01\/fotonoticia_20160105114928_800-696x464.jpg 696w, https:\/\/eldigitaldeasturias.com\/magazine365\/wp-content\/uploads\/2016\/01\/fotonoticia_20160105114928_800-630x420.jpg 630w, https:\/\/eldigitaldeasturias.com\/magazine365\/wp-content\/uploads\/2016\/01\/fotonoticia_20160105114928_800-101x66.jpg 101w, https:\/\/eldigitaldeasturias.com\/magazine365\/wp-content\/uploads\/2016\/01\/fotonoticia_20160105114928_800.jpg 800w\" sizes=\"(max-width: 360px) 100vw, 360px\" \/>El n\u00famero de parados registrados en las oficinas de los servicios p\u00fablicos de empleo (antiguo Inem) se situ\u00f3 al finalizar diciembre de 2015 en casi 4,1 millones de personas, tras bajar en 354.203 desempleados en el conjunto del a\u00f1o (-7,96%), su tercer descenso anual consecutivo y el mayor de toda la serie hist\u00f3rica, iniciada en 1996, inform\u00f3 este martes el Ministerio de Empleo y Seguridad Social.<\/p>\n<p>En concreto, el volumen total de parados alcanz\u00f3 a cierre del pasado a\u00f1o la cifra de 4.093.508 desempleados, tras reducirse en el mes de diciembre en 55.790 personas (-1,3%). Este descenso del paro en diciembre en menor al de 2014 (-64.405 desempleados), 2013 (-107.570) y 2012 (-59.094).<\/p>\n<p>La bajada del desempleo en 2015 es la tercera consecutiva tras la de 2013 y 2014, cuando el paro cay\u00f3 en 147.000 y 253.000 personas y contrasta con las subidas experimentadas en el periodo 2007-2012. En 2012, 2011 y 2010, el paro aument\u00f3 en 426.364, 322.286 y 176.470 personas, respectivamente, mientras que en 2007, 2008 y 2009 las listas de las oficinas p\u00fablicas de empleo sumaron 106.674, 999.416 y 794.640 parados m\u00e1s.<\/p>\n<p>La tasa anual de reducci\u00f3n del paro registrada en 2015 (-7,96%) es la m\u00e1s alta desde 1999, seg\u00fan ha destacado el Ministerio.<\/p>\n<p>A esa cifra de casi de 4,1 millones de desempleados con la que se cerr\u00f3 el a\u00f1o se ha llegado despu\u00e9s de que el paro experimentara en diciembre una ca\u00edda de 55.790 desempleados. En t\u00e9rminos desestacionalizados, el paro baj\u00f3 en diciembre en 1.258 personas, con lo que acumula ya 30 descensos en los \u00faltimos 32 meses.<\/p>\n<p>El retroceso del paro en diciembre es el segundo descenso mensual consecutivo tras la bajada r\u00e9cord de 27.071 desempleados registrada en noviembre.<\/p>\n<p>BAJA EN AMBOS SEXOS Y EN TODOS LOS SECTORES.<\/p>\n<p>El paro baj\u00f3 en 2015 en ambos sexos, aunque m\u00e1s entre los hombres, con 237.273 desempleados menos (-11,2%), frente a un descenso del desempleo femenino de 116.930 mujeres (-5%), situ\u00e1ndose el total de mujeres en paro en 2.218.273 y el de varones, en 1.875.235.<\/p>\n<p>En t\u00e9rminos intermensuales (diciembre sobre noviembre), el paro femenino baj\u00f3 en 58.525 mujeres (-2,6%), mientras que el de varones aument\u00f3 en 2.735 desempleados (+0,1%).<\/p>\n<p>Por sectores, el paro se redujo en 2015 en todos ellos, especialmente en los servicios, con 156.091 desempleados menos (-5,4%), y la construcci\u00f3n, donde baj\u00f3 en 89.823 parados (-16,5%). En la industria el desempleo retrocedi\u00f3 en 59.817 personas el a\u00f1o pasado (-13,2%); en el colectivo sin empleo anterior baj\u00f3 en 29.975 desempleados (-7,9%), y en la agricultura cay\u00f3 en 18.497 parados (-8,7%).<\/p>\n<p>En comparaci\u00f3n con noviembre, el paro baj\u00f3 en diciembre en tres sectores: servicios (-61.336 desempleados), colectivo sin empleo anterior (-12.636 parados) y agricultura, donde hubo 2.133 parados menos. Por el contrario, el desempleo subi\u00f3 en la construcci\u00f3n, con un incremento de 15.470 parados (+3,5%), y en la industria, que sum\u00f3 4.845 desempleados a sus listas (+1,2%).<\/p>\n<p>EL PARO JUVENIL BAJA EN 46.000 PERSONAS EN EL A\u00d1O.<\/p>\n<p>Por edades, el descenso del desempleo en 2015 fue mayor, cuantitativamente, en los mayores de 25 a\u00f1os, con 308.430 parados menos (-7,6%), mientras que entre los menores de 25 a\u00f1os el desempleo baj\u00f3 en 45.773 personas en el conjunto del a\u00f1o, un 11,8% menos.<\/p>\n<p>En valores mensuales (diciembre sobre noviembre), los mayores de 25 a\u00f1os perdieron 30.820 parados (-0,8%), mientras que entre los menores de 25 a\u00f1os se registraron 24.970 parados menos (-6,8%).<\/p>\n<p>Entre los extranjeros, el paro baj\u00f3 en 2015 un 8,2%, con 43.774 desempleados menos. En total, los inmigrantes en paro sumaban al finalizar el a\u00f1o 487.217 desempleados, con un descenso de 6.334 parados (-1,3%) respecto al dato de noviembre.<\/p>\n<p>CAE EL PARO EN TODAS LAS COMUNIDADES EN 2015.<\/p>\n<p>En 2015, el paro baj\u00f3 en todas las comunidades aut\u00f3nomas respecto a 2014. Los descensos anuales del desempleo los encabezan Catalu\u00f1a, con 60.280 parados menos, Comunidad Valenciana (-49.174 parados), Andaluc\u00eda (-46.709 desempleados) y Madrid (-46.297). Los menores retrocesos los registraron Cantabria y La Rioja, con 984 y 3.460 parados menos en 2015, respectivamente.<\/p>\n<p>En cuanto a la contrataci\u00f3n, en 2015 se registraron en el antiguo Inem un total de 18.576.280 contratos, un 11% m\u00e1s que en 2014, de los que 1.509.165 fueron de car\u00e1cter indefinido, cifra que representa el 8,1% del total de la contrataci\u00f3n del a\u00f1o y que supone un 11,7% m\u00e1s que en 2014.<\/p>\n<p>En t\u00e9rminos acumulados, los contratos indefinidos a tiempo completo sumaron el a\u00f1o pasado un total de 866.917, un 13,7% m\u00e1s que en 2014, mientras que los indefinidos a tiempo parcial ascendieron a 642.248, un 9,1% m\u00e1s.<\/p>\n<p>S\u00f3lo en el mes de diciembre se registraron 1.594.915 contratos, un 15,2% m\u00e1s que en igual mes de 2014. De ellos, 132.867 fueron de car\u00e1cter indefinido (+8%), en tanto que m\u00e1s de 1,4 millones ten\u00edan car\u00e1cter temporal.<\/p>\n","protected":false},"excerpt":{"rendered":"<p>El n\u00famero de parados registrados en las oficinas de los servicios p\u00fablicos de empleo (antiguo Inem) se situ\u00f3 al finalizar diciembre de 2015 en casi 4,1 millones de personas, tras bajar en 354.203 desempleados en el conjunto del a\u00f1o (-7,96%), su tercer descenso anual consecutivo y el mayor de toda la serie hist\u00f3rica, iniciada en<\/p>\n","protected":false},"author":1,"featured_media":59788,"comment_status":"open","ping_status":"closed","sticky":false,"template":"","format":"standard","meta":{"footnotes":""},"categories":[224],"tags":[],"class_list":{"0":"post-59787","1":"post","2":"type-post","3":"status-publish","4":"format-standard","5":"has-post-thumbnail","7":"category-noticias-actualidad"},"aioseo_notices":[],"aioseo_head":"\n\t\t<!-- All in One SEO Pro 4.9.6.1 - aioseo.com -->\n\t<meta name=\"description\" content=\"El n\u00famero de parados registrados en las oficinas de los servicios p\u00fablicos de empleo (antiguo Inem) se situ\u00f3 al finalizar diciembre de 2015 en casi 4,1 millones de personas, tras bajar en 354.203 desempleados en el conjunto del a\u00f1o (-7,96%), su tercer descenso anual consecutivo y el mayor de toda la serie hist\u00f3rica, iniciada en\" \/>\n\t<meta name=\"robots\" content=\"max-image-preview:large\" \/>\n\t<meta name=\"author\" content=\"admin\"\/>\n\t<meta name=\"google-site-verification\" content=\"UA-38556648-1\" \/>\n\t<meta name=\"keywords\" content=\"noticias y actualidad\" \/>\n\t<link rel=\"canonical\" href=\"https:\/\/eldigitaldeasturias.com\/magazine365\/el-paro-bajo-en-354-203-personas-en-2015-y-en-todos-los-sectores-especialmente-en-servicios\/\" \/>\n\t<meta name=\"generator\" content=\"All in One SEO Pro (AIOSEO) 4.9.6.1\" \/>\n\t\t<meta property=\"og:locale\" content=\"es_ES\" \/>\n\t\t<meta property=\"og:site_name\" content=\"El Digital de Asturias \u2013 Revista de ocio, turismo y estilo de vida\" \/>\n\t\t<meta property=\"og:type\" content=\"article\" \/>\n\t\t<meta property=\"og:title\" content=\"El paro baj\u00f3 en 354.203 personas en 2015 y en todos los sectores, especialmente en servicios | El Digital de Asturias\" \/>\n\t\t<meta property=\"og:description\" content=\"El n\u00famero de parados registrados en las oficinas de los servicios p\u00fablicos de empleo (antiguo Inem) se situ\u00f3 al finalizar diciembre de 2015 en casi 4,1 millones de personas, tras bajar en 354.203 desempleados en el conjunto del a\u00f1o (-7,96%), su tercer descenso anual consecutivo y el mayor de toda la serie hist\u00f3rica, iniciada en\" \/>\n\t\t<meta property=\"og:url\" content=\"https:\/\/eldigitaldeasturias.com\/magazine365\/el-paro-bajo-en-354-203-personas-en-2015-y-en-todos-los-sectores-especialmente-en-servicios\/\" \/>\n\t\t<meta property=\"og:image\" content=\"https:\/\/eldigitaldeasturias.com\/magazine365\/wp-content\/uploads\/2016\/01\/fotonoticia_20160105114928_800.jpg\" \/>\n\t\t<meta property=\"og:image:secure_url\" content=\"https:\/\/eldigitaldeasturias.com\/magazine365\/wp-content\/uploads\/2016\/01\/fotonoticia_20160105114928_800.jpg\" \/>\n\t\t<meta property=\"og:image:width\" content=\"800\" \/>\n\t\t<meta property=\"og:image:height\" content=\"533\" \/>\n\t\t<meta property=\"article:published_time\" content=\"2016-01-07T05:54:04+00:00\" \/>\n\t\t<meta property=\"article:modified_time\" content=\"2016-01-07T05:54:04+00:00\" \/>\n\t\t<meta name=\"twitter:card\" content=\"summary_large_image\" \/>\n\t\t<meta name=\"twitter:title\" content=\"El paro baj\u00f3 en 354.203 personas en 2015 y en todos los sectores, especialmente en servicios | El Digital de Asturias\" \/>\n\t\t<meta name=\"twitter:description\" content=\"El n\u00famero de parados registrados en las oficinas de los servicios p\u00fablicos de empleo (antiguo Inem) se situ\u00f3 al finalizar diciembre de 2015 en casi 4,1 millones de personas, tras bajar en 354.203 desempleados en el conjunto del a\u00f1o (-7,96%), su tercer descenso anual consecutivo y el mayor de toda la serie hist\u00f3rica, iniciada en\" \/>\n\t\t<meta name=\"twitter:image\" content=\"https:\/\/eldigitaldeasturias.com\/magazine365\/wp-content\/uploads\/2016\/01\/fotonoticia_20160105114928_800.jpg\" \/>\n\t\t<script type=\"application\/ld+json\" class=\"aioseo-schema\">\n\t\t\t{\"@context\":\"https:\\\/\\\/schema.org\",\"@graph\":[{\"@type\":\"Article\",\"@id\":\"https:\\\/\\\/eldigitaldeasturias.com\\\/magazine365\\\/el-paro-bajo-en-354-203-personas-en-2015-y-en-todos-los-sectores-especialmente-en-servicios\\\/#article\",\"name\":\"El paro baj\\u00f3 en 354.203 personas en 2015 y en todos los sectores, especialmente en servicios | El Digital de Asturias\",\"headline\":\"El paro baj\\u00f3 en 354.203 personas en 2015 y en todos los sectores, especialmente en servicios\",\"author\":{\"@id\":\"https:\\\/\\\/eldigitaldeasturias.com\\\/magazine365\\\/author\\\/admin\\\/#author\"},\"publisher\":{\"@id\":\"https:\\\/\\\/eldigitaldeasturias.com\\\/magazine365\\\/#organization\"},\"image\":{\"@type\":\"ImageObject\",\"url\":\"https:\\\/\\\/eldigitaldeasturias.com\\\/magazine365\\\/wp-content\\\/uploads\\\/2016\\\/01\\\/fotonoticia_20160105114928_800.jpg\",\"width\":800,\"height\":533},\"datePublished\":\"2016-01-07T06:54:04+01:00\",\"dateModified\":\"2016-01-07T06:54:04+01:00\",\"inLanguage\":\"es-ES\",\"mainEntityOfPage\":{\"@id\":\"https:\\\/\\\/eldigitaldeasturias.com\\\/magazine365\\\/el-paro-bajo-en-354-203-personas-en-2015-y-en-todos-los-sectores-especialmente-en-servicios\\\/#webpage\"},\"isPartOf\":{\"@id\":\"https:\\\/\\\/eldigitaldeasturias.com\\\/magazine365\\\/el-paro-bajo-en-354-203-personas-en-2015-y-en-todos-los-sectores-especialmente-en-servicios\\\/#webpage\"},\"articleSection\":\"Noticias y Actualidad\"},{\"@type\":\"BreadcrumbList\",\"@id\":\"https:\\\/\\\/eldigitaldeasturias.com\\\/magazine365\\\/el-paro-bajo-en-354-203-personas-en-2015-y-en-todos-los-sectores-especialmente-en-servicios\\\/#breadcrumblist\",\"itemListElement\":[{\"@type\":\"ListItem\",\"@id\":\"https:\\\/\\\/eldigitaldeasturias.com\\\/magazine365#listItem\",\"position\":1,\"name\":\"Home\",\"item\":\"https:\\\/\\\/eldigitaldeasturias.com\\\/magazine365\",\"nextItem\":{\"@type\":\"ListItem\",\"@id\":\"https:\\\/\\\/eldigitaldeasturias.com\\\/magazine365\\\/category\\\/noticias-actualidad\\\/#listItem\",\"name\":\"Noticias y Actualidad\"}},{\"@type\":\"ListItem\",\"@id\":\"https:\\\/\\\/eldigitaldeasturias.com\\\/magazine365\\\/category\\\/noticias-actualidad\\\/#listItem\",\"position\":2,\"name\":\"Noticias y Actualidad\",\"item\":\"https:\\\/\\\/eldigitaldeasturias.com\\\/magazine365\\\/category\\\/noticias-actualidad\\\/\",\"nextItem\":{\"@type\":\"ListItem\",\"@id\":\"https:\\\/\\\/eldigitaldeasturias.com\\\/magazine365\\\/el-paro-bajo-en-354-203-personas-en-2015-y-en-todos-los-sectores-especialmente-en-servicios\\\/#listItem\",\"name\":\"El paro baj\\u00f3 en 354.203 personas en 2015 y en todos los sectores, especialmente en servicios\"},\"previousItem\":{\"@type\":\"ListItem\",\"@id\":\"https:\\\/\\\/eldigitaldeasturias.com\\\/magazine365#listItem\",\"name\":\"Home\"}},{\"@type\":\"ListItem\",\"@id\":\"https:\\\/\\\/eldigitaldeasturias.com\\\/magazine365\\\/el-paro-bajo-en-354-203-personas-en-2015-y-en-todos-los-sectores-especialmente-en-servicios\\\/#listItem\",\"position\":3,\"name\":\"El paro baj\\u00f3 en 354.203 personas en 2015 y en todos los sectores, especialmente en servicios\",\"previousItem\":{\"@type\":\"ListItem\",\"@id\":\"https:\\\/\\\/eldigitaldeasturias.com\\\/magazine365\\\/category\\\/noticias-actualidad\\\/#listItem\",\"name\":\"Noticias y Actualidad\"}}]},{\"@type\":\"Organization\",\"@id\":\"https:\\\/\\\/eldigitaldeasturias.com\\\/magazine365\\\/#organization\",\"name\":\"El digital de Asturias\",\"description\":\"Revista de ocio, turismo y estilo de vida\",\"url\":\"https:\\\/\\\/eldigitaldeasturias.com\\\/magazine365\\\/\",\"logo\":{\"@type\":\"ImageObject\",\"url\":\"https:\\\/\\\/www.eldigitaldeasturias.com\\\/noticias\\\/wp-content\\\/uploads\\\/2020\\\/12\\\/EDA.jpg\",\"@id\":\"https:\\\/\\\/eldigitaldeasturias.com\\\/magazine365\\\/el-paro-bajo-en-354-203-personas-en-2015-y-en-todos-los-sectores-especialmente-en-servicios\\\/#organizationLogo\"},\"image\":{\"@id\":\"https:\\\/\\\/eldigitaldeasturias.com\\\/magazine365\\\/el-paro-bajo-en-354-203-personas-en-2015-y-en-todos-los-sectores-especialmente-en-servicios\\\/#organizationLogo\"}},{\"@type\":\"Person\",\"@id\":\"https:\\\/\\\/eldigitaldeasturias.com\\\/magazine365\\\/author\\\/admin\\\/#author\",\"url\":\"https:\\\/\\\/eldigitaldeasturias.com\\\/magazine365\\\/author\\\/admin\\\/\",\"name\":\"admin\",\"image\":{\"@type\":\"ImageObject\",\"@id\":\"https:\\\/\\\/eldigitaldeasturias.com\\\/magazine365\\\/el-paro-bajo-en-354-203-personas-en-2015-y-en-todos-los-sectores-especialmente-en-servicios\\\/#authorImage\",\"url\":\"https:\\\/\\\/eldigitaldeasturias.com\\\/magazine365\\\/wp-content\\\/litespeed\\\/avatar\\\/e571bcf59a0edd6fa6838245a470f2fe.jpg?ver=1777574230\",\"width\":96,\"height\":96,\"caption\":\"admin\"}},{\"@type\":\"WebPage\",\"@id\":\"https:\\\/\\\/eldigitaldeasturias.com\\\/magazine365\\\/el-paro-bajo-en-354-203-personas-en-2015-y-en-todos-los-sectores-especialmente-en-servicios\\\/#webpage\",\"url\":\"https:\\\/\\\/eldigitaldeasturias.com\\\/magazine365\\\/el-paro-bajo-en-354-203-personas-en-2015-y-en-todos-los-sectores-especialmente-en-servicios\\\/\",\"name\":\"El paro baj\\u00f3 en 354.203 personas en 2015 y en todos los sectores, especialmente en servicios | El Digital de Asturias\",\"description\":\"El n\\u00famero de parados registrados en las oficinas de los servicios p\\u00fablicos de empleo (antiguo Inem) se situ\\u00f3 al finalizar diciembre de 2015 en casi 4,1 millones de personas, tras bajar en 354.203 desempleados en el conjunto del a\\u00f1o (-7,96%), su tercer descenso anual consecutivo y el mayor de toda la serie hist\\u00f3rica, iniciada en\",\"inLanguage\":\"es-ES\",\"isPartOf\":{\"@id\":\"https:\\\/\\\/eldigitaldeasturias.com\\\/magazine365\\\/#website\"},\"breadcrumb\":{\"@id\":\"https:\\\/\\\/eldigitaldeasturias.com\\\/magazine365\\\/el-paro-bajo-en-354-203-personas-en-2015-y-en-todos-los-sectores-especialmente-en-servicios\\\/#breadcrumblist\"},\"author\":{\"@id\":\"https:\\\/\\\/eldigitaldeasturias.com\\\/magazine365\\\/author\\\/admin\\\/#author\"},\"creator\":{\"@id\":\"https:\\\/\\\/eldigitaldeasturias.com\\\/magazine365\\\/author\\\/admin\\\/#author\"},\"image\":{\"@type\":\"ImageObject\",\"url\":\"https:\\\/\\\/eldigitaldeasturias.com\\\/magazine365\\\/wp-content\\\/uploads\\\/2016\\\/01\\\/fotonoticia_20160105114928_800.jpg\",\"@id\":\"https:\\\/\\\/eldigitaldeasturias.com\\\/magazine365\\\/el-paro-bajo-en-354-203-personas-en-2015-y-en-todos-los-sectores-especialmente-en-servicios\\\/#mainImage\",\"width\":800,\"height\":533},\"primaryImageOfPage\":{\"@id\":\"https:\\\/\\\/eldigitaldeasturias.com\\\/magazine365\\\/el-paro-bajo-en-354-203-personas-en-2015-y-en-todos-los-sectores-especialmente-en-servicios\\\/#mainImage\"},\"datePublished\":\"2016-01-07T06:54:04+01:00\",\"dateModified\":\"2016-01-07T06:54:04+01:00\"},{\"@type\":\"WebSite\",\"@id\":\"https:\\\/\\\/eldigitaldeasturias.com\\\/magazine365\\\/#website\",\"url\":\"https:\\\/\\\/eldigitaldeasturias.com\\\/magazine365\\\/\",\"name\":\"El Digital de Asturias\",\"description\":\"Revista de ocio, turismo y estilo de vida\",\"inLanguage\":\"es-ES\",\"publisher\":{\"@id\":\"https:\\\/\\\/eldigitaldeasturias.com\\\/magazine365\\\/#organization\"}}]}\n\t\t<\/script>\n\t\t<!-- All in One SEO Pro -->\r\n\t\t<title>El paro baj\u00f3 en 354.203 personas en 2015 y en todos los sectores, especialmente en servicios | El Digital de Asturias<\/title>\n\n","aioseo_head_json":{"title":"El paro baj\u00f3 en 354.203 personas en 2015 y en todos los sectores, especialmente en servicios | El Digital de Asturias","description":"El n\u00famero de parados registrados en las oficinas de los servicios p\u00fablicos de empleo (antiguo Inem) se situ\u00f3 al finalizar diciembre de 2015 en casi 4,1 millones de personas, tras bajar en 354.203 desempleados en el conjunto del a\u00f1o (-7,96%), su tercer descenso anual consecutivo y el mayor de toda la serie hist\u00f3rica, iniciada en","canonical_url":"https:\/\/eldigitaldeasturias.com\/magazine365\/el-paro-bajo-en-354-203-personas-en-2015-y-en-todos-los-sectores-especialmente-en-servicios\/","robots":"max-image-preview:large","keywords":"noticias y actualidad","webmasterTools":{"google-site-verification":"UA-38556648-1","miscellaneous":""},"schema":{"@context":"https:\/\/schema.org","@graph":[{"@type":"Article","@id":"https:\/\/eldigitaldeasturias.com\/magazine365\/el-paro-bajo-en-354-203-personas-en-2015-y-en-todos-los-sectores-especialmente-en-servicios\/#article","name":"El paro baj\u00f3 en 354.203 personas en 2015 y en todos los sectores, especialmente en servicios | El Digital de Asturias","headline":"El paro baj\u00f3 en 354.203 personas en 2015 y en todos los sectores, especialmente en servicios","author":{"@id":"https:\/\/eldigitaldeasturias.com\/magazine365\/author\/admin\/#author"},"publisher":{"@id":"https:\/\/eldigitaldeasturias.com\/magazine365\/#organization"},"image":{"@type":"ImageObject","url":"https:\/\/eldigitaldeasturias.com\/magazine365\/wp-content\/uploads\/2016\/01\/fotonoticia_20160105114928_800.jpg","width":800,"height":533},"datePublished":"2016-01-07T06:54:04+01:00","dateModified":"2016-01-07T06:54:04+01:00","inLanguage":"es-ES","mainEntityOfPage":{"@id":"https:\/\/eldigitaldeasturias.com\/magazine365\/el-paro-bajo-en-354-203-personas-en-2015-y-en-todos-los-sectores-especialmente-en-servicios\/#webpage"},"isPartOf":{"@id":"https:\/\/eldigitaldeasturias.com\/magazine365\/el-paro-bajo-en-354-203-personas-en-2015-y-en-todos-los-sectores-especialmente-en-servicios\/#webpage"},"articleSection":"Noticias y Actualidad"},{"@type":"BreadcrumbList","@id":"https:\/\/eldigitaldeasturias.com\/magazine365\/el-paro-bajo-en-354-203-personas-en-2015-y-en-todos-los-sectores-especialmente-en-servicios\/#breadcrumblist","itemListElement":[{"@type":"ListItem","@id":"https:\/\/eldigitaldeasturias.com\/magazine365#listItem","position":1,"name":"Home","item":"https:\/\/eldigitaldeasturias.com\/magazine365","nextItem":{"@type":"ListItem","@id":"https:\/\/eldigitaldeasturias.com\/magazine365\/category\/noticias-actualidad\/#listItem","name":"Noticias y Actualidad"}},{"@type":"ListItem","@id":"https:\/\/eldigitaldeasturias.com\/magazine365\/category\/noticias-actualidad\/#listItem","position":2,"name":"Noticias y Actualidad","item":"https:\/\/eldigitaldeasturias.com\/magazine365\/category\/noticias-actualidad\/","nextItem":{"@type":"ListItem","@id":"https:\/\/eldigitaldeasturias.com\/magazine365\/el-paro-bajo-en-354-203-personas-en-2015-y-en-todos-los-sectores-especialmente-en-servicios\/#listItem","name":"El paro baj\u00f3 en 354.203 personas en 2015 y en todos los sectores, especialmente en servicios"},"previousItem":{"@type":"ListItem","@id":"https:\/\/eldigitaldeasturias.com\/magazine365#listItem","name":"Home"}},{"@type":"ListItem","@id":"https:\/\/eldigitaldeasturias.com\/magazine365\/el-paro-bajo-en-354-203-personas-en-2015-y-en-todos-los-sectores-especialmente-en-servicios\/#listItem","position":3,"name":"El paro baj\u00f3 en 354.203 personas en 2015 y en todos los sectores, especialmente en servicios","previousItem":{"@type":"ListItem","@id":"https:\/\/eldigitaldeasturias.com\/magazine365\/category\/noticias-actualidad\/#listItem","name":"Noticias y Actualidad"}}]},{"@type":"Organization","@id":"https:\/\/eldigitaldeasturias.com\/magazine365\/#organization","name":"El digital de Asturias","description":"Revista de ocio, turismo y estilo de vida","url":"https:\/\/eldigitaldeasturias.com\/magazine365\/","logo":{"@type":"ImageObject","url":"https:\/\/www.eldigitaldeasturias.com\/noticias\/wp-content\/uploads\/2020\/12\/EDA.jpg","@id":"https:\/\/eldigitaldeasturias.com\/magazine365\/el-paro-bajo-en-354-203-personas-en-2015-y-en-todos-los-sectores-especialmente-en-servicios\/#organizationLogo"},"image":{"@id":"https:\/\/eldigitaldeasturias.com\/magazine365\/el-paro-bajo-en-354-203-personas-en-2015-y-en-todos-los-sectores-especialmente-en-servicios\/#organizationLogo"}},{"@type":"Person","@id":"https:\/\/eldigitaldeasturias.com\/magazine365\/author\/admin\/#author","url":"https:\/\/eldigitaldeasturias.com\/magazine365\/author\/admin\/","name":"admin","image":{"@type":"ImageObject","@id":"https:\/\/eldigitaldeasturias.com\/magazine365\/el-paro-bajo-en-354-203-personas-en-2015-y-en-todos-los-sectores-especialmente-en-servicios\/#authorImage","url":"https:\/\/eldigitaldeasturias.com\/magazine365\/wp-content\/litespeed\/avatar\/e571bcf59a0edd6fa6838245a470f2fe.jpg?ver=1777574230","width":96,"height":96,"caption":"admin"}},{"@type":"WebPage","@id":"https:\/\/eldigitaldeasturias.com\/magazine365\/el-paro-bajo-en-354-203-personas-en-2015-y-en-todos-los-sectores-especialmente-en-servicios\/#webpage","url":"https:\/\/eldigitaldeasturias.com\/magazine365\/el-paro-bajo-en-354-203-personas-en-2015-y-en-todos-los-sectores-especialmente-en-servicios\/","name":"El paro baj\u00f3 en 354.203 personas en 2015 y en todos los sectores, especialmente en servicios | El Digital de Asturias","description":"El n\u00famero de parados registrados en las oficinas de los servicios p\u00fablicos de empleo (antiguo Inem) se situ\u00f3 al finalizar diciembre de 2015 en casi 4,1 millones de personas, tras bajar en 354.203 desempleados en el conjunto del a\u00f1o (-7,96%), su tercer descenso anual consecutivo y el mayor de toda la serie hist\u00f3rica, iniciada en","inLanguage":"es-ES","isPartOf":{"@id":"https:\/\/eldigitaldeasturias.com\/magazine365\/#website"},"breadcrumb":{"@id":"https:\/\/eldigitaldeasturias.com\/magazine365\/el-paro-bajo-en-354-203-personas-en-2015-y-en-todos-los-sectores-especialmente-en-servicios\/#breadcrumblist"},"author":{"@id":"https:\/\/eldigitaldeasturias.com\/magazine365\/author\/admin\/#author"},"creator":{"@id":"https:\/\/eldigitaldeasturias.com\/magazine365\/author\/admin\/#author"},"image":{"@type":"ImageObject","url":"https:\/\/eldigitaldeasturias.com\/magazine365\/wp-content\/uploads\/2016\/01\/fotonoticia_20160105114928_800.jpg","@id":"https:\/\/eldigitaldeasturias.com\/magazine365\/el-paro-bajo-en-354-203-personas-en-2015-y-en-todos-los-sectores-especialmente-en-servicios\/#mainImage","width":800,"height":533},"primaryImageOfPage":{"@id":"https:\/\/eldigitaldeasturias.com\/magazine365\/el-paro-bajo-en-354-203-personas-en-2015-y-en-todos-los-sectores-especialmente-en-servicios\/#mainImage"},"datePublished":"2016-01-07T06:54:04+01:00","dateModified":"2016-01-07T06:54:04+01:00"},{"@type":"WebSite","@id":"https:\/\/eldigitaldeasturias.com\/magazine365\/#website","url":"https:\/\/eldigitaldeasturias.com\/magazine365\/","name":"El Digital de Asturias","description":"Revista de ocio, turismo y estilo de vida","inLanguage":"es-ES","publisher":{"@id":"https:\/\/eldigitaldeasturias.com\/magazine365\/#organization"}}]},"og:locale":"es_ES","og:site_name":"El Digital de Asturias \u2013 Revista de ocio, turismo y estilo de vida","og:type":"article","og:title":"El paro baj\u00f3 en 354.203 personas en 2015 y en todos los sectores, especialmente en servicios | El Digital de Asturias","og:description":"El n\u00famero de parados registrados en las oficinas de los servicios p\u00fablicos de empleo (antiguo Inem) se situ\u00f3 al finalizar diciembre de 2015 en casi 4,1 millones de personas, tras bajar en 354.203 desempleados en el conjunto del a\u00f1o (-7,96%), su tercer descenso anual consecutivo y el mayor de toda la serie hist\u00f3rica, iniciada en","og:url":"https:\/\/eldigitaldeasturias.com\/magazine365\/el-paro-bajo-en-354-203-personas-en-2015-y-en-todos-los-sectores-especialmente-en-servicios\/","og:image":"https:\/\/eldigitaldeasturias.com\/magazine365\/wp-content\/uploads\/2016\/01\/fotonoticia_20160105114928_800.jpg","og:image:secure_url":"https:\/\/eldigitaldeasturias.com\/magazine365\/wp-content\/uploads\/2016\/01\/fotonoticia_20160105114928_800.jpg","og:image:width":800,"og:image:height":533,"article:published_time":"2016-01-07T05:54:04+00:00","article:modified_time":"2016-01-07T05:54:04+00:00","twitter:card":"summary_large_image","twitter:title":"El paro baj\u00f3 en 354.203 personas en 2015 y en todos los sectores, especialmente en servicios | El Digital de Asturias","twitter:description":"El n\u00famero de parados registrados en las oficinas de los servicios p\u00fablicos de empleo (antiguo Inem) se situ\u00f3 al finalizar diciembre de 2015 en casi 4,1 millones de personas, tras bajar en 354.203 desempleados en el conjunto del a\u00f1o (-7,96%), su tercer descenso anual consecutivo y el mayor de toda la serie hist\u00f3rica, iniciada en","twitter:image":"https:\/\/eldigitaldeasturias.com\/magazine365\/wp-content\/uploads\/2016\/01\/fotonoticia_20160105114928_800.jpg"},"aioseo_meta_data":{"post_id":"59787","title":null,"description":null,"keywords":null,"keyphrases":null,"primary_term":null,"canonical_url":null,"og_title":null,"og_description":null,"og_object_type":"default","og_image_type":"default","og_image_url":null,"og_image_width":null,"og_image_height":null,"og_image_custom_url":null,"og_image_custom_fields":null,"og_video":null,"og_custom_url":null,"og_article_section":null,"og_article_tags":null,"twitter_use_og":false,"twitter_card":"default","twitter_image_type":"default","twitter_image_url":null,"twitter_image_custom_url":null,"twitter_image_custom_fields":null,"twitter_title":null,"twitter_description":null,"schema":{"blockGraphs":[],"customGraphs":[],"default":{"data":{"Article":[],"Course":[],"Dataset":[],"FAQPage":[],"Movie":[],"Person":[],"Product":[],"ProductReview":[],"Car":[],"Recipe":[],"Service":[],"SoftwareApplication":[],"WebPage":[]},"graphName":"","isEnabled":true},"graphs":[],"defaultGraph":"","defaultPostTypeGraph":""},"schema_type":null,"schema_type_options":null,"pillar_content":false,"robots_default":true,"robots_noindex":false,"robots_noarchive":false,"robots_nosnippet":false,"robots_nofollow":false,"robots_noimageindex":false,"robots_noodp":false,"robots_notranslate":false,"robots_max_snippet":null,"robots_max_videopreview":null,"robots_max_imagepreview":"large","priority":null,"frequency":null,"location":null,"local_seo":null,"seo_analyzer_scan_date":"2025-09-25 05:38:00","breadcrumb_settings":null,"limit_modified_date":false,"open_ai":null,"ai":null,"created":"2021-03-08 22:10:58","updated":"2025-09-25 05:38:00"},"aioseo_breadcrumb":"<div class=\"aioseo-breadcrumbs\"><span class=\"aioseo-breadcrumb\">\n\t<a href=\"https:\/\/eldigitaldeasturias.com\/magazine365\" title=\"Home\">Home<\/a>\n<\/span><span class=\"aioseo-breadcrumb-separator\">\u2013<\/span><span class=\"aioseo-breadcrumb\">\n\t<a href=\"https:\/\/eldigitaldeasturias.com\/magazine365\/category\/noticias-actualidad\/\" title=\"Noticias y Actualidad\">Noticias y Actualidad<\/a>\n<\/span><span class=\"aioseo-breadcrumb-separator\">\u2013<\/span><span class=\"aioseo-breadcrumb\">\n\t<a href=\"https:\/\/eldigitaldeasturias.com\/magazine365\/el-paro-bajo-en-354-203-personas-en-2015-y-en-todos-los-sectores-especialmente-en-servicios\/\" title=\"El paro baj\u00f3 en 354.203 personas en 2015 y en todos los sectores, especialmente en servicios\">El paro baj\u00f3 en 354.203 personas en 2015 y en todos los sectores, especialmente en servicios<\/a>\n<\/span><\/div>","aioseo_breadcrumb_json":[{"label":"Home","link":"https:\/\/eldigitaldeasturias.com\/magazine365"},{"label":"Noticias y Actualidad","link":"https:\/\/eldigitaldeasturias.com\/magazine365\/category\/noticias-actualidad\/"},{"label":"El paro baj\u00f3 en 354.203 personas en 2015 y en todos los sectores, especialmente en servicios","link":"https:\/\/eldigitaldeasturias.com\/magazine365\/el-paro-bajo-en-354-203-personas-en-2015-y-en-todos-los-sectores-especialmente-en-servicios\/"}],"_links":{"self":[{"href":"https:\/\/eldigitaldeasturias.com\/magazine365\/wp-json\/wp\/v2\/posts\/59787","targetHints":{"allow":["GET"]}}],"collection":[{"href":"https:\/\/eldigitaldeasturias.com\/magazine365\/wp-json\/wp\/v2\/posts"}],"about":[{"href":"https:\/\/eldigitaldeasturias.com\/magazine365\/wp-json\/wp\/v2\/types\/post"}],"author":[{"embeddable":true,"href":"https:\/\/eldigitaldeasturias.com\/magazine365\/wp-json\/wp\/v2\/users\/1"}],"replies":[{"embeddable":true,"href":"https:\/\/eldigitaldeasturias.com\/magazine365\/wp-json\/wp\/v2\/comments?post=59787"}],"version-history":[{"count":0,"href":"https:\/\/eldigitaldeasturias.com\/magazine365\/wp-json\/wp\/v2\/posts\/59787\/revisions"}],"wp:featuredmedia":[{"embeddable":true,"href":"https:\/\/eldigitaldeasturias.com\/magazine365\/wp-json\/wp\/v2\/media\/59788"}],"wp:attachment":[{"href":"https:\/\/eldigitaldeasturias.com\/magazine365\/wp-json\/wp\/v2\/media?parent=59787"}],"wp:term":[{"taxonomy":"category","embeddable":true,"href":"https:\/\/eldigitaldeasturias.com\/magazine365\/wp-json\/wp\/v2\/categories?post=59787"},{"taxonomy":"post_tag","embeddable":true,"href":"https:\/\/eldigitaldeasturias.com\/magazine365\/wp-json\/wp\/v2\/tags?post=59787"}],"curies":[{"name":"wp","href":"https:\/\/api.w.org\/{rel}","templated":true}]}}