{"id":59766,"date":"2016-01-07T06:40:46","date_gmt":"2016-01-07T05:40:46","guid":{"rendered":"http:\/\/eldigitaldeasturias.com\/magazine365\/?p=59766"},"modified":"2016-01-07T06:40:46","modified_gmt":"2016-01-07T05:40:46","slug":"arabia-saudi-anuncia-la-interrupcion-del-trafico-aereo-entre-el-pais-e-iran","status":"publish","type":"post","link":"https:\/\/eldigitaldeasturias.com\/magazine365\/arabia-saudi-anuncia-la-interrupcion-del-trafico-aereo-entre-el-pais-e-iran\/","title":{"rendered":"Arabia Saud\u00ed anuncia la interrupci\u00f3n del tr\u00e1fico a\u00e9reo entre el pa\u00eds e Ir\u00e1n"},"content":{"rendered":"<p><img fetchpriority=\"high\" decoding=\"async\" class=\"alignleft size-medium wp-image-59767\" src=\"https:\/\/eldigitaldeasturias.com\/magazine365\/wp-content\/uploads\/2016\/01\/fotonoticia_20160104182159_800-360x240.jpg\" alt=\"fotonoticia_20160104182159_800\" width=\"360\" height=\"240\" srcset=\"https:\/\/eldigitaldeasturias.com\/magazine365\/wp-content\/uploads\/2016\/01\/fotonoticia_20160104182159_800-360x240.jpg 360w, https:\/\/eldigitaldeasturias.com\/magazine365\/wp-content\/uploads\/2016\/01\/fotonoticia_20160104182159_800-650x433.jpg 650w, https:\/\/eldigitaldeasturias.com\/magazine365\/wp-content\/uploads\/2016\/01\/fotonoticia_20160104182159_800-768x512.jpg 768w, https:\/\/eldigitaldeasturias.com\/magazine365\/wp-content\/uploads\/2016\/01\/fotonoticia_20160104182159_800-150x100.jpg 150w, https:\/\/eldigitaldeasturias.com\/magazine365\/wp-content\/uploads\/2016\/01\/fotonoticia_20160104182159_800-450x300.jpg 450w, https:\/\/eldigitaldeasturias.com\/magazine365\/wp-content\/uploads\/2016\/01\/fotonoticia_20160104182159_800-696x464.jpg 696w, https:\/\/eldigitaldeasturias.com\/magazine365\/wp-content\/uploads\/2016\/01\/fotonoticia_20160104182159_800-630x420.jpg 630w, https:\/\/eldigitaldeasturias.com\/magazine365\/wp-content\/uploads\/2016\/01\/fotonoticia_20160104182159_800-101x66.jpg 101w, https:\/\/eldigitaldeasturias.com\/magazine365\/wp-content\/uploads\/2016\/01\/fotonoticia_20160104182159_800.jpg 800w\" sizes=\"(max-width: 360px) 100vw, 360px\" \/>El ministro de Asuntos Exteriores saud\u00ed, Adel al Jubeir, ha anunciado la interrupci\u00f3n de todas las relaciones comerciales con Ir\u00e1n tras la ruptura de relaciones de diplom\u00e1ticas tras el asalto a la Embajada saud\u00ed en Teher\u00e1n.<\/p>\n<p>Adem\u00e1s, Al Jubeir ha indicado que se interrumpir\u00e1 todo el tr\u00e1fico a\u00e9reo entre Arabia Saud\u00ed e Ir\u00e1n y se prohibir\u00e1 a los ciudadanos saud\u00edes viajar a Ir\u00e1n.<\/p>\n<p>En cualquier caso, los peregrinos saud\u00edes s\u00ed podr\u00e1n seguir viajando a Arabia Saud\u00ed para visitar la ciudad santa de La Meca, uno de los pilares del Islam, tanto durante la \u00e9poca del &#8216;haj&#8217; como en otros periodos del a\u00f1o.<\/p>\n<p>REACCI\u00d3N A LA AGRESI\u00d3N IRAN\u00cd.<\/p>\n<p>\u00abNo hay una escalada por parte de Arabia Saud\u00ed. Lo que hacemos es siempre una reacci\u00f3n. Son los iran\u00edes los que fueron a L\u00edbano. Son los iran\u00edes los que enviaron su Fuerza Quds y su Guardia Revolucionaria a Siria\u00bb, ha argumentado Al Jubeir en declaraciones a Reuters.<\/p>\n<p>Para Al Jubeir la ra\u00edz del contencioso est\u00e1 en la \u00abagresi\u00f3n iran\u00ed\u00bb con el env\u00edo de militares a otros pa\u00edses y con el fomento de complots en otros pa\u00edses del golfo P\u00e9rsico y ha restado importancia a la ejecuci\u00f3n del cl\u00e9rigo disidente chi\u00ed saud\u00ed Nimr al Nimr.<\/p>\n<p>Al Nimr \u00abagit\u00f3, organiz\u00f3 c\u00e9lulas y les proporcion\u00f3 armas y dinero\u00bb y record\u00f3 los delitos por los que fueron condenados a muerte los 47 ajusticiados el pasado s\u00e1bado. \u00abDeber\u00edan aplaudirnos por ello, no criticarnos\u00bb, ha sentenciado.<\/p>\n","protected":false},"excerpt":{"rendered":"<p>El ministro de Asuntos Exteriores saud\u00ed, Adel al Jubeir, ha anunciado la interrupci\u00f3n de todas las relaciones comerciales con Ir\u00e1n tras la ruptura de relaciones de diplom\u00e1ticas tras el asalto a la Embajada saud\u00ed en Teher\u00e1n. Adem\u00e1s, Al Jubeir ha indicado que se interrumpir\u00e1 todo el tr\u00e1fico a\u00e9reo entre Arabia Saud\u00ed e Ir\u00e1n y se<\/p>\n","protected":false},"author":1,"featured_media":59767,"comment_status":"open","ping_status":"closed","sticky":false,"template":"","format":"standard","meta":{"footnotes":""},"categories":[224],"tags":[],"class_list":{"0":"post-59766","1":"post","2":"type-post","3":"status-publish","4":"format-standard","5":"has-post-thumbnail","7":"category-noticias-actualidad"},"aioseo_notices":[],"aioseo_head":"\n\t\t<!-- All in One SEO Pro 4.9.6.1 - aioseo.com -->\n\t<meta name=\"description\" content=\"El ministro de Asuntos Exteriores saud\u00ed, Adel al Jubeir, ha anunciado la interrupci\u00f3n de todas las relaciones comerciales con Ir\u00e1n tras la ruptura de relaciones de diplom\u00e1ticas tras el asalto a la Embajada saud\u00ed en Teher\u00e1n. Adem\u00e1s, Al Jubeir ha indicado que se interrumpir\u00e1 todo el tr\u00e1fico a\u00e9reo entre Arabia Saud\u00ed e Ir\u00e1n y se\" \/>\n\t<meta name=\"robots\" content=\"max-image-preview:large\" \/>\n\t<meta name=\"author\" content=\"admin\"\/>\n\t<meta name=\"google-site-verification\" content=\"UA-38556648-1\" \/>\n\t<meta name=\"keywords\" content=\"noticias y actualidad\" \/>\n\t<link rel=\"canonical\" href=\"https:\/\/eldigitaldeasturias.com\/magazine365\/arabia-saudi-anuncia-la-interrupcion-del-trafico-aereo-entre-el-pais-e-iran\/\" \/>\n\t<meta name=\"generator\" content=\"All in One SEO Pro (AIOSEO) 4.9.6.1\" \/>\n\t\t<meta property=\"og:locale\" content=\"es_ES\" \/>\n\t\t<meta property=\"og:site_name\" content=\"El Digital de Asturias \u2013 Revista de ocio, turismo y estilo de vida\" \/>\n\t\t<meta property=\"og:type\" content=\"article\" \/>\n\t\t<meta property=\"og:title\" content=\"Arabia Saud\u00ed anuncia la interrupci\u00f3n del tr\u00e1fico a\u00e9reo entre el pa\u00eds e Ir\u00e1n | El Digital de Asturias\" \/>\n\t\t<meta property=\"og:description\" content=\"El ministro de Asuntos Exteriores saud\u00ed, Adel al Jubeir, ha anunciado la interrupci\u00f3n de todas las relaciones comerciales con Ir\u00e1n tras la ruptura de relaciones de diplom\u00e1ticas tras el asalto a la Embajada saud\u00ed en Teher\u00e1n. Adem\u00e1s, Al Jubeir ha indicado que se interrumpir\u00e1 todo el tr\u00e1fico a\u00e9reo entre Arabia Saud\u00ed e Ir\u00e1n y se\" \/>\n\t\t<meta property=\"og:url\" content=\"https:\/\/eldigitaldeasturias.com\/magazine365\/arabia-saudi-anuncia-la-interrupcion-del-trafico-aereo-entre-el-pais-e-iran\/\" \/>\n\t\t<meta property=\"og:image\" content=\"https:\/\/eldigitaldeasturias.com\/magazine365\/wp-content\/uploads\/2016\/01\/fotonoticia_20160104182159_800.jpg\" \/>\n\t\t<meta property=\"og:image:secure_url\" content=\"https:\/\/eldigitaldeasturias.com\/magazine365\/wp-content\/uploads\/2016\/01\/fotonoticia_20160104182159_800.jpg\" \/>\n\t\t<meta property=\"og:image:width\" content=\"800\" \/>\n\t\t<meta property=\"og:image:height\" content=\"533\" \/>\n\t\t<meta property=\"article:published_time\" content=\"2016-01-07T05:40:46+00:00\" \/>\n\t\t<meta property=\"article:modified_time\" content=\"2016-01-07T05:40:46+00:00\" \/>\n\t\t<meta name=\"twitter:card\" content=\"summary_large_image\" \/>\n\t\t<meta name=\"twitter:title\" content=\"Arabia Saud\u00ed anuncia la interrupci\u00f3n del tr\u00e1fico a\u00e9reo entre el pa\u00eds e Ir\u00e1n | El Digital de Asturias\" \/>\n\t\t<meta name=\"twitter:description\" content=\"El ministro de Asuntos Exteriores saud\u00ed, Adel al Jubeir, ha anunciado la interrupci\u00f3n de todas las relaciones comerciales con Ir\u00e1n tras la ruptura de relaciones de diplom\u00e1ticas tras el asalto a la Embajada saud\u00ed en Teher\u00e1n. Adem\u00e1s, Al Jubeir ha indicado que se interrumpir\u00e1 todo el tr\u00e1fico a\u00e9reo entre Arabia Saud\u00ed e Ir\u00e1n y se\" \/>\n\t\t<meta name=\"twitter:image\" content=\"https:\/\/eldigitaldeasturias.com\/magazine365\/wp-content\/uploads\/2016\/01\/fotonoticia_20160104182159_800.jpg\" \/>\n\t\t<script type=\"application\/ld+json\" class=\"aioseo-schema\">\n\t\t\t{\"@context\":\"https:\\\/\\\/schema.org\",\"@graph\":[{\"@type\":\"Article\",\"@id\":\"https:\\\/\\\/eldigitaldeasturias.com\\\/magazine365\\\/arabia-saudi-anuncia-la-interrupcion-del-trafico-aereo-entre-el-pais-e-iran\\\/#article\",\"name\":\"Arabia Saud\\u00ed anuncia la interrupci\\u00f3n del tr\\u00e1fico a\\u00e9reo entre el pa\\u00eds e Ir\\u00e1n | El Digital de Asturias\",\"headline\":\"Arabia Saud\\u00ed anuncia la interrupci\\u00f3n del tr\\u00e1fico a\\u00e9reo entre el pa\\u00eds e Ir\\u00e1n\",\"author\":{\"@id\":\"https:\\\/\\\/eldigitaldeasturias.com\\\/magazine365\\\/author\\\/admin\\\/#author\"},\"publisher\":{\"@id\":\"https:\\\/\\\/eldigitaldeasturias.com\\\/magazine365\\\/#organization\"},\"image\":{\"@type\":\"ImageObject\",\"url\":\"https:\\\/\\\/eldigitaldeasturias.com\\\/magazine365\\\/wp-content\\\/uploads\\\/2016\\\/01\\\/fotonoticia_20160104182159_800.jpg\",\"width\":800,\"height\":533},\"datePublished\":\"2016-01-07T06:40:46+01:00\",\"dateModified\":\"2016-01-07T06:40:46+01:00\",\"inLanguage\":\"es-ES\",\"mainEntityOfPage\":{\"@id\":\"https:\\\/\\\/eldigitaldeasturias.com\\\/magazine365\\\/arabia-saudi-anuncia-la-interrupcion-del-trafico-aereo-entre-el-pais-e-iran\\\/#webpage\"},\"isPartOf\":{\"@id\":\"https:\\\/\\\/eldigitaldeasturias.com\\\/magazine365\\\/arabia-saudi-anuncia-la-interrupcion-del-trafico-aereo-entre-el-pais-e-iran\\\/#webpage\"},\"articleSection\":\"Noticias y Actualidad\"},{\"@type\":\"BreadcrumbList\",\"@id\":\"https:\\\/\\\/eldigitaldeasturias.com\\\/magazine365\\\/arabia-saudi-anuncia-la-interrupcion-del-trafico-aereo-entre-el-pais-e-iran\\\/#breadcrumblist\",\"itemListElement\":[{\"@type\":\"ListItem\",\"@id\":\"https:\\\/\\\/eldigitaldeasturias.com\\\/magazine365#listItem\",\"position\":1,\"name\":\"Home\",\"item\":\"https:\\\/\\\/eldigitaldeasturias.com\\\/magazine365\",\"nextItem\":{\"@type\":\"ListItem\",\"@id\":\"https:\\\/\\\/eldigitaldeasturias.com\\\/magazine365\\\/category\\\/noticias-actualidad\\\/#listItem\",\"name\":\"Noticias y Actualidad\"}},{\"@type\":\"ListItem\",\"@id\":\"https:\\\/\\\/eldigitaldeasturias.com\\\/magazine365\\\/category\\\/noticias-actualidad\\\/#listItem\",\"position\":2,\"name\":\"Noticias y Actualidad\",\"item\":\"https:\\\/\\\/eldigitaldeasturias.com\\\/magazine365\\\/category\\\/noticias-actualidad\\\/\",\"nextItem\":{\"@type\":\"ListItem\",\"@id\":\"https:\\\/\\\/eldigitaldeasturias.com\\\/magazine365\\\/arabia-saudi-anuncia-la-interrupcion-del-trafico-aereo-entre-el-pais-e-iran\\\/#listItem\",\"name\":\"Arabia Saud\\u00ed anuncia la interrupci\\u00f3n del tr\\u00e1fico a\\u00e9reo entre el pa\\u00eds e Ir\\u00e1n\"},\"previousItem\":{\"@type\":\"ListItem\",\"@id\":\"https:\\\/\\\/eldigitaldeasturias.com\\\/magazine365#listItem\",\"name\":\"Home\"}},{\"@type\":\"ListItem\",\"@id\":\"https:\\\/\\\/eldigitaldeasturias.com\\\/magazine365\\\/arabia-saudi-anuncia-la-interrupcion-del-trafico-aereo-entre-el-pais-e-iran\\\/#listItem\",\"position\":3,\"name\":\"Arabia Saud\\u00ed anuncia la interrupci\\u00f3n del tr\\u00e1fico a\\u00e9reo entre el pa\\u00eds e Ir\\u00e1n\",\"previousItem\":{\"@type\":\"ListItem\",\"@id\":\"https:\\\/\\\/eldigitaldeasturias.com\\\/magazine365\\\/category\\\/noticias-actualidad\\\/#listItem\",\"name\":\"Noticias y Actualidad\"}}]},{\"@type\":\"Organization\",\"@id\":\"https:\\\/\\\/eldigitaldeasturias.com\\\/magazine365\\\/#organization\",\"name\":\"El digital de Asturias\",\"description\":\"Revista de ocio, turismo y estilo de vida\",\"url\":\"https:\\\/\\\/eldigitaldeasturias.com\\\/magazine365\\\/\",\"logo\":{\"@type\":\"ImageObject\",\"url\":\"https:\\\/\\\/www.eldigitaldeasturias.com\\\/noticias\\\/wp-content\\\/uploads\\\/2020\\\/12\\\/EDA.jpg\",\"@id\":\"https:\\\/\\\/eldigitaldeasturias.com\\\/magazine365\\\/arabia-saudi-anuncia-la-interrupcion-del-trafico-aereo-entre-el-pais-e-iran\\\/#organizationLogo\"},\"image\":{\"@id\":\"https:\\\/\\\/eldigitaldeasturias.com\\\/magazine365\\\/arabia-saudi-anuncia-la-interrupcion-del-trafico-aereo-entre-el-pais-e-iran\\\/#organizationLogo\"}},{\"@type\":\"Person\",\"@id\":\"https:\\\/\\\/eldigitaldeasturias.com\\\/magazine365\\\/author\\\/admin\\\/#author\",\"url\":\"https:\\\/\\\/eldigitaldeasturias.com\\\/magazine365\\\/author\\\/admin\\\/\",\"name\":\"admin\",\"image\":{\"@type\":\"ImageObject\",\"@id\":\"https:\\\/\\\/eldigitaldeasturias.com\\\/magazine365\\\/arabia-saudi-anuncia-la-interrupcion-del-trafico-aereo-entre-el-pais-e-iran\\\/#authorImage\",\"url\":\"https:\\\/\\\/eldigitaldeasturias.com\\\/magazine365\\\/wp-content\\\/litespeed\\\/avatar\\\/e571bcf59a0edd6fa6838245a470f2fe.jpg?ver=1777574230\",\"width\":96,\"height\":96,\"caption\":\"admin\"}},{\"@type\":\"WebPage\",\"@id\":\"https:\\\/\\\/eldigitaldeasturias.com\\\/magazine365\\\/arabia-saudi-anuncia-la-interrupcion-del-trafico-aereo-entre-el-pais-e-iran\\\/#webpage\",\"url\":\"https:\\\/\\\/eldigitaldeasturias.com\\\/magazine365\\\/arabia-saudi-anuncia-la-interrupcion-del-trafico-aereo-entre-el-pais-e-iran\\\/\",\"name\":\"Arabia Saud\\u00ed anuncia la interrupci\\u00f3n del tr\\u00e1fico a\\u00e9reo entre el pa\\u00eds e Ir\\u00e1n | El Digital de Asturias\",\"description\":\"El ministro de Asuntos Exteriores saud\\u00ed, Adel al Jubeir, ha anunciado la interrupci\\u00f3n de todas las relaciones comerciales con Ir\\u00e1n tras la ruptura de relaciones de diplom\\u00e1ticas tras el asalto a la Embajada saud\\u00ed en Teher\\u00e1n. Adem\\u00e1s, Al Jubeir ha indicado que se interrumpir\\u00e1 todo el tr\\u00e1fico a\\u00e9reo entre Arabia Saud\\u00ed e Ir\\u00e1n y se\",\"inLanguage\":\"es-ES\",\"isPartOf\":{\"@id\":\"https:\\\/\\\/eldigitaldeasturias.com\\\/magazine365\\\/#website\"},\"breadcrumb\":{\"@id\":\"https:\\\/\\\/eldigitaldeasturias.com\\\/magazine365\\\/arabia-saudi-anuncia-la-interrupcion-del-trafico-aereo-entre-el-pais-e-iran\\\/#breadcrumblist\"},\"author\":{\"@id\":\"https:\\\/\\\/eldigitaldeasturias.com\\\/magazine365\\\/author\\\/admin\\\/#author\"},\"creator\":{\"@id\":\"https:\\\/\\\/eldigitaldeasturias.com\\\/magazine365\\\/author\\\/admin\\\/#author\"},\"image\":{\"@type\":\"ImageObject\",\"url\":\"https:\\\/\\\/eldigitaldeasturias.com\\\/magazine365\\\/wp-content\\\/uploads\\\/2016\\\/01\\\/fotonoticia_20160104182159_800.jpg\",\"@id\":\"https:\\\/\\\/eldigitaldeasturias.com\\\/magazine365\\\/arabia-saudi-anuncia-la-interrupcion-del-trafico-aereo-entre-el-pais-e-iran\\\/#mainImage\",\"width\":800,\"height\":533},\"primaryImageOfPage\":{\"@id\":\"https:\\\/\\\/eldigitaldeasturias.com\\\/magazine365\\\/arabia-saudi-anuncia-la-interrupcion-del-trafico-aereo-entre-el-pais-e-iran\\\/#mainImage\"},\"datePublished\":\"2016-01-07T06:40:46+01:00\",\"dateModified\":\"2016-01-07T06:40:46+01:00\"},{\"@type\":\"WebSite\",\"@id\":\"https:\\\/\\\/eldigitaldeasturias.com\\\/magazine365\\\/#website\",\"url\":\"https:\\\/\\\/eldigitaldeasturias.com\\\/magazine365\\\/\",\"name\":\"El Digital de Asturias\",\"description\":\"Revista de ocio, turismo y estilo de vida\",\"inLanguage\":\"es-ES\",\"publisher\":{\"@id\":\"https:\\\/\\\/eldigitaldeasturias.com\\\/magazine365\\\/#organization\"}}]}\n\t\t<\/script>\n\t\t<!-- All in One SEO Pro -->\r\n\t\t<title>Arabia Saud\u00ed anuncia la interrupci\u00f3n del tr\u00e1fico a\u00e9reo entre el pa\u00eds e Ir\u00e1n | El Digital de Asturias<\/title>\n\n","aioseo_head_json":{"title":"Arabia Saud\u00ed anuncia la interrupci\u00f3n del tr\u00e1fico a\u00e9reo entre el pa\u00eds e Ir\u00e1n | El Digital de Asturias","description":"El ministro de Asuntos Exteriores saud\u00ed, Adel al Jubeir, ha anunciado la interrupci\u00f3n de todas las relaciones comerciales con Ir\u00e1n tras la ruptura de relaciones de diplom\u00e1ticas tras el asalto a la Embajada saud\u00ed en Teher\u00e1n. Adem\u00e1s, Al Jubeir ha indicado que se interrumpir\u00e1 todo el tr\u00e1fico a\u00e9reo entre Arabia Saud\u00ed e Ir\u00e1n y se","canonical_url":"https:\/\/eldigitaldeasturias.com\/magazine365\/arabia-saudi-anuncia-la-interrupcion-del-trafico-aereo-entre-el-pais-e-iran\/","robots":"max-image-preview:large","keywords":"noticias y actualidad","webmasterTools":{"google-site-verification":"UA-38556648-1","miscellaneous":""},"schema":{"@context":"https:\/\/schema.org","@graph":[{"@type":"Article","@id":"https:\/\/eldigitaldeasturias.com\/magazine365\/arabia-saudi-anuncia-la-interrupcion-del-trafico-aereo-entre-el-pais-e-iran\/#article","name":"Arabia Saud\u00ed anuncia la interrupci\u00f3n del tr\u00e1fico a\u00e9reo entre el pa\u00eds e Ir\u00e1n | El Digital de Asturias","headline":"Arabia Saud\u00ed anuncia la interrupci\u00f3n del tr\u00e1fico a\u00e9reo entre el pa\u00eds e Ir\u00e1n","author":{"@id":"https:\/\/eldigitaldeasturias.com\/magazine365\/author\/admin\/#author"},"publisher":{"@id":"https:\/\/eldigitaldeasturias.com\/magazine365\/#organization"},"image":{"@type":"ImageObject","url":"https:\/\/eldigitaldeasturias.com\/magazine365\/wp-content\/uploads\/2016\/01\/fotonoticia_20160104182159_800.jpg","width":800,"height":533},"datePublished":"2016-01-07T06:40:46+01:00","dateModified":"2016-01-07T06:40:46+01:00","inLanguage":"es-ES","mainEntityOfPage":{"@id":"https:\/\/eldigitaldeasturias.com\/magazine365\/arabia-saudi-anuncia-la-interrupcion-del-trafico-aereo-entre-el-pais-e-iran\/#webpage"},"isPartOf":{"@id":"https:\/\/eldigitaldeasturias.com\/magazine365\/arabia-saudi-anuncia-la-interrupcion-del-trafico-aereo-entre-el-pais-e-iran\/#webpage"},"articleSection":"Noticias y Actualidad"},{"@type":"BreadcrumbList","@id":"https:\/\/eldigitaldeasturias.com\/magazine365\/arabia-saudi-anuncia-la-interrupcion-del-trafico-aereo-entre-el-pais-e-iran\/#breadcrumblist","itemListElement":[{"@type":"ListItem","@id":"https:\/\/eldigitaldeasturias.com\/magazine365#listItem","position":1,"name":"Home","item":"https:\/\/eldigitaldeasturias.com\/magazine365","nextItem":{"@type":"ListItem","@id":"https:\/\/eldigitaldeasturias.com\/magazine365\/category\/noticias-actualidad\/#listItem","name":"Noticias y Actualidad"}},{"@type":"ListItem","@id":"https:\/\/eldigitaldeasturias.com\/magazine365\/category\/noticias-actualidad\/#listItem","position":2,"name":"Noticias y Actualidad","item":"https:\/\/eldigitaldeasturias.com\/magazine365\/category\/noticias-actualidad\/","nextItem":{"@type":"ListItem","@id":"https:\/\/eldigitaldeasturias.com\/magazine365\/arabia-saudi-anuncia-la-interrupcion-del-trafico-aereo-entre-el-pais-e-iran\/#listItem","name":"Arabia Saud\u00ed anuncia la interrupci\u00f3n del tr\u00e1fico a\u00e9reo entre el pa\u00eds e Ir\u00e1n"},"previousItem":{"@type":"ListItem","@id":"https:\/\/eldigitaldeasturias.com\/magazine365#listItem","name":"Home"}},{"@type":"ListItem","@id":"https:\/\/eldigitaldeasturias.com\/magazine365\/arabia-saudi-anuncia-la-interrupcion-del-trafico-aereo-entre-el-pais-e-iran\/#listItem","position":3,"name":"Arabia Saud\u00ed anuncia la interrupci\u00f3n del tr\u00e1fico a\u00e9reo entre el pa\u00eds e Ir\u00e1n","previousItem":{"@type":"ListItem","@id":"https:\/\/eldigitaldeasturias.com\/magazine365\/category\/noticias-actualidad\/#listItem","name":"Noticias y Actualidad"}}]},{"@type":"Organization","@id":"https:\/\/eldigitaldeasturias.com\/magazine365\/#organization","name":"El digital de Asturias","description":"Revista de ocio, turismo y estilo de vida","url":"https:\/\/eldigitaldeasturias.com\/magazine365\/","logo":{"@type":"ImageObject","url":"https:\/\/www.eldigitaldeasturias.com\/noticias\/wp-content\/uploads\/2020\/12\/EDA.jpg","@id":"https:\/\/eldigitaldeasturias.com\/magazine365\/arabia-saudi-anuncia-la-interrupcion-del-trafico-aereo-entre-el-pais-e-iran\/#organizationLogo"},"image":{"@id":"https:\/\/eldigitaldeasturias.com\/magazine365\/arabia-saudi-anuncia-la-interrupcion-del-trafico-aereo-entre-el-pais-e-iran\/#organizationLogo"}},{"@type":"Person","@id":"https:\/\/eldigitaldeasturias.com\/magazine365\/author\/admin\/#author","url":"https:\/\/eldigitaldeasturias.com\/magazine365\/author\/admin\/","name":"admin","image":{"@type":"ImageObject","@id":"https:\/\/eldigitaldeasturias.com\/magazine365\/arabia-saudi-anuncia-la-interrupcion-del-trafico-aereo-entre-el-pais-e-iran\/#authorImage","url":"https:\/\/eldigitaldeasturias.com\/magazine365\/wp-content\/litespeed\/avatar\/e571bcf59a0edd6fa6838245a470f2fe.jpg?ver=1777574230","width":96,"height":96,"caption":"admin"}},{"@type":"WebPage","@id":"https:\/\/eldigitaldeasturias.com\/magazine365\/arabia-saudi-anuncia-la-interrupcion-del-trafico-aereo-entre-el-pais-e-iran\/#webpage","url":"https:\/\/eldigitaldeasturias.com\/magazine365\/arabia-saudi-anuncia-la-interrupcion-del-trafico-aereo-entre-el-pais-e-iran\/","name":"Arabia Saud\u00ed anuncia la interrupci\u00f3n del tr\u00e1fico a\u00e9reo entre el pa\u00eds e Ir\u00e1n | El Digital de Asturias","description":"El ministro de Asuntos Exteriores saud\u00ed, Adel al Jubeir, ha anunciado la interrupci\u00f3n de todas las relaciones comerciales con Ir\u00e1n tras la ruptura de relaciones de diplom\u00e1ticas tras el asalto a la Embajada saud\u00ed en Teher\u00e1n. Adem\u00e1s, Al Jubeir ha indicado que se interrumpir\u00e1 todo el tr\u00e1fico a\u00e9reo entre Arabia Saud\u00ed e Ir\u00e1n y se","inLanguage":"es-ES","isPartOf":{"@id":"https:\/\/eldigitaldeasturias.com\/magazine365\/#website"},"breadcrumb":{"@id":"https:\/\/eldigitaldeasturias.com\/magazine365\/arabia-saudi-anuncia-la-interrupcion-del-trafico-aereo-entre-el-pais-e-iran\/#breadcrumblist"},"author":{"@id":"https:\/\/eldigitaldeasturias.com\/magazine365\/author\/admin\/#author"},"creator":{"@id":"https:\/\/eldigitaldeasturias.com\/magazine365\/author\/admin\/#author"},"image":{"@type":"ImageObject","url":"https:\/\/eldigitaldeasturias.com\/magazine365\/wp-content\/uploads\/2016\/01\/fotonoticia_20160104182159_800.jpg","@id":"https:\/\/eldigitaldeasturias.com\/magazine365\/arabia-saudi-anuncia-la-interrupcion-del-trafico-aereo-entre-el-pais-e-iran\/#mainImage","width":800,"height":533},"primaryImageOfPage":{"@id":"https:\/\/eldigitaldeasturias.com\/magazine365\/arabia-saudi-anuncia-la-interrupcion-del-trafico-aereo-entre-el-pais-e-iran\/#mainImage"},"datePublished":"2016-01-07T06:40:46+01:00","dateModified":"2016-01-07T06:40:46+01:00"},{"@type":"WebSite","@id":"https:\/\/eldigitaldeasturias.com\/magazine365\/#website","url":"https:\/\/eldigitaldeasturias.com\/magazine365\/","name":"El Digital de Asturias","description":"Revista de ocio, turismo y estilo de vida","inLanguage":"es-ES","publisher":{"@id":"https:\/\/eldigitaldeasturias.com\/magazine365\/#organization"}}]},"og:locale":"es_ES","og:site_name":"El Digital de Asturias \u2013 Revista de ocio, turismo y estilo de vida","og:type":"article","og:title":"Arabia Saud\u00ed anuncia la interrupci\u00f3n del tr\u00e1fico a\u00e9reo entre el pa\u00eds e Ir\u00e1n | El Digital de Asturias","og:description":"El ministro de Asuntos Exteriores saud\u00ed, Adel al Jubeir, ha anunciado la interrupci\u00f3n de todas las relaciones comerciales con Ir\u00e1n tras la ruptura de relaciones de diplom\u00e1ticas tras el asalto a la Embajada saud\u00ed en Teher\u00e1n. Adem\u00e1s, Al Jubeir ha indicado que se interrumpir\u00e1 todo el tr\u00e1fico a\u00e9reo entre Arabia Saud\u00ed e Ir\u00e1n y se","og:url":"https:\/\/eldigitaldeasturias.com\/magazine365\/arabia-saudi-anuncia-la-interrupcion-del-trafico-aereo-entre-el-pais-e-iran\/","og:image":"https:\/\/eldigitaldeasturias.com\/magazine365\/wp-content\/uploads\/2016\/01\/fotonoticia_20160104182159_800.jpg","og:image:secure_url":"https:\/\/eldigitaldeasturias.com\/magazine365\/wp-content\/uploads\/2016\/01\/fotonoticia_20160104182159_800.jpg","og:image:width":800,"og:image:height":533,"article:published_time":"2016-01-07T05:40:46+00:00","article:modified_time":"2016-01-07T05:40:46+00:00","twitter:card":"summary_large_image","twitter:title":"Arabia Saud\u00ed anuncia la interrupci\u00f3n del tr\u00e1fico a\u00e9reo entre el pa\u00eds e Ir\u00e1n | El Digital de Asturias","twitter:description":"El ministro de Asuntos Exteriores saud\u00ed, Adel al Jubeir, ha anunciado la interrupci\u00f3n de todas las relaciones comerciales con Ir\u00e1n tras la ruptura de relaciones de diplom\u00e1ticas tras el asalto a la Embajada saud\u00ed en Teher\u00e1n. Adem\u00e1s, Al Jubeir ha indicado que se interrumpir\u00e1 todo el tr\u00e1fico a\u00e9reo entre Arabia Saud\u00ed e Ir\u00e1n y se","twitter:image":"https:\/\/eldigitaldeasturias.com\/magazine365\/wp-content\/uploads\/2016\/01\/fotonoticia_20160104182159_800.jpg"},"aioseo_meta_data":{"post_id":"59766","title":null,"description":null,"keywords":null,"keyphrases":null,"primary_term":null,"canonical_url":null,"og_title":null,"og_description":null,"og_object_type":"default","og_image_type":"default","og_image_url":null,"og_image_width":null,"og_image_height":null,"og_image_custom_url":null,"og_image_custom_fields":null,"og_video":null,"og_custom_url":null,"og_article_section":null,"og_article_tags":null,"twitter_use_og":false,"twitter_card":"default","twitter_image_type":"default","twitter_image_url":null,"twitter_image_custom_url":null,"twitter_image_custom_fields":null,"twitter_title":null,"twitter_description":null,"schema":{"blockGraphs":[],"customGraphs":[],"default":{"data":{"Article":[],"Course":[],"Dataset":[],"FAQPage":[],"Movie":[],"Person":[],"Product":[],"ProductReview":[],"Car":[],"Recipe":[],"Service":[],"SoftwareApplication":[],"WebPage":[]},"graphName":"","isEnabled":true},"graphs":[],"defaultGraph":"","defaultPostTypeGraph":""},"schema_type":null,"schema_type_options":null,"pillar_content":false,"robots_default":true,"robots_noindex":false,"robots_noarchive":false,"robots_nosnippet":false,"robots_nofollow":false,"robots_noimageindex":false,"robots_noodp":false,"robots_notranslate":false,"robots_max_snippet":null,"robots_max_videopreview":null,"robots_max_imagepreview":"large","priority":null,"frequency":null,"location":null,"local_seo":null,"seo_analyzer_scan_date":"2025-09-25 05:34:24","breadcrumb_settings":null,"limit_modified_date":false,"open_ai":null,"ai":null,"created":"2021-03-08 22:10:58","updated":"2025-09-25 05:34:24"},"aioseo_breadcrumb":"<div class=\"aioseo-breadcrumbs\"><span class=\"aioseo-breadcrumb\">\n\t<a href=\"https:\/\/eldigitaldeasturias.com\/magazine365\" title=\"Home\">Home<\/a>\n<\/span><span class=\"aioseo-breadcrumb-separator\">\u2013<\/span><span class=\"aioseo-breadcrumb\">\n\t<a href=\"https:\/\/eldigitaldeasturias.com\/magazine365\/category\/noticias-actualidad\/\" title=\"Noticias y Actualidad\">Noticias y Actualidad<\/a>\n<\/span><span class=\"aioseo-breadcrumb-separator\">\u2013<\/span><span class=\"aioseo-breadcrumb\">\n\t<a href=\"https:\/\/eldigitaldeasturias.com\/magazine365\/arabia-saudi-anuncia-la-interrupcion-del-trafico-aereo-entre-el-pais-e-iran\/\" title=\"Arabia Saud\u00ed anuncia la interrupci\u00f3n del tr\u00e1fico a\u00e9reo entre el pa\u00eds e Ir\u00e1n\">Arabia Saud\u00ed anuncia la interrupci\u00f3n del tr\u00e1fico a\u00e9reo entre el pa\u00eds e Ir\u00e1n<\/a>\n<\/span><\/div>","aioseo_breadcrumb_json":[{"label":"Home","link":"https:\/\/eldigitaldeasturias.com\/magazine365"},{"label":"Noticias y Actualidad","link":"https:\/\/eldigitaldeasturias.com\/magazine365\/category\/noticias-actualidad\/"},{"label":"Arabia Saud\u00ed anuncia la interrupci\u00f3n del tr\u00e1fico a\u00e9reo entre el pa\u00eds e Ir\u00e1n","link":"https:\/\/eldigitaldeasturias.com\/magazine365\/arabia-saudi-anuncia-la-interrupcion-del-trafico-aereo-entre-el-pais-e-iran\/"}],"_links":{"self":[{"href":"https:\/\/eldigitaldeasturias.com\/magazine365\/wp-json\/wp\/v2\/posts\/59766","targetHints":{"allow":["GET"]}}],"collection":[{"href":"https:\/\/eldigitaldeasturias.com\/magazine365\/wp-json\/wp\/v2\/posts"}],"about":[{"href":"https:\/\/eldigitaldeasturias.com\/magazine365\/wp-json\/wp\/v2\/types\/post"}],"author":[{"embeddable":true,"href":"https:\/\/eldigitaldeasturias.com\/magazine365\/wp-json\/wp\/v2\/users\/1"}],"replies":[{"embeddable":true,"href":"https:\/\/eldigitaldeasturias.com\/magazine365\/wp-json\/wp\/v2\/comments?post=59766"}],"version-history":[{"count":0,"href":"https:\/\/eldigitaldeasturias.com\/magazine365\/wp-json\/wp\/v2\/posts\/59766\/revisions"}],"wp:featuredmedia":[{"embeddable":true,"href":"https:\/\/eldigitaldeasturias.com\/magazine365\/wp-json\/wp\/v2\/media\/59767"}],"wp:attachment":[{"href":"https:\/\/eldigitaldeasturias.com\/magazine365\/wp-json\/wp\/v2\/media?parent=59766"}],"wp:term":[{"taxonomy":"category","embeddable":true,"href":"https:\/\/eldigitaldeasturias.com\/magazine365\/wp-json\/wp\/v2\/categories?post=59766"},{"taxonomy":"post_tag","embeddable":true,"href":"https:\/\/eldigitaldeasturias.com\/magazine365\/wp-json\/wp\/v2\/tags?post=59766"}],"curies":[{"name":"wp","href":"https:\/\/api.w.org\/{rel}","templated":true}]}}