{"id":59760,"date":"2016-01-07T06:31:30","date_gmt":"2016-01-07T05:31:30","guid":{"rendered":"http:\/\/eldigitaldeasturias.com\/magazine365\/?p=59760"},"modified":"2016-01-07T06:31:30","modified_gmt":"2016-01-07T05:31:30","slug":"etihad-airways-interpone-en-la-corte-alemana-un-recurso-para-proteger-su-inversion-en-airberlin","status":"publish","type":"post","link":"https:\/\/eldigitaldeasturias.com\/magazine365\/etihad-airways-interpone-en-la-corte-alemana-un-recurso-para-proteger-su-inversion-en-airberlin\/","title":{"rendered":"Etihad Airways interpone en la Corte alemana un recurso para proteger su inversi\u00f3n en airberlin"},"content":{"rendered":"<p><img fetchpriority=\"high\" decoding=\"async\" class=\"alignleft size-medium wp-image-59761\" src=\"https:\/\/eldigitaldeasturias.com\/magazine365\/wp-content\/uploads\/2016\/01\/fotonoticia_20160104175651_800-360x243.jpg\" alt=\"fotonoticia_20160104175651_800\" width=\"360\" height=\"243\" srcset=\"https:\/\/eldigitaldeasturias.com\/magazine365\/wp-content\/uploads\/2016\/01\/fotonoticia_20160104175651_800-360x243.jpg 360w, https:\/\/eldigitaldeasturias.com\/magazine365\/wp-content\/uploads\/2016\/01\/fotonoticia_20160104175651_800-650x438.jpg 650w, https:\/\/eldigitaldeasturias.com\/magazine365\/wp-content\/uploads\/2016\/01\/fotonoticia_20160104175651_800-768x517.jpg 768w, https:\/\/eldigitaldeasturias.com\/magazine365\/wp-content\/uploads\/2016\/01\/fotonoticia_20160104175651_800-150x101.jpg 150w, https:\/\/eldigitaldeasturias.com\/magazine365\/wp-content\/uploads\/2016\/01\/fotonoticia_20160104175651_800-450x303.jpg 450w, https:\/\/eldigitaldeasturias.com\/magazine365\/wp-content\/uploads\/2016\/01\/fotonoticia_20160104175651_800-696x469.jpg 696w, https:\/\/eldigitaldeasturias.com\/magazine365\/wp-content\/uploads\/2016\/01\/fotonoticia_20160104175651_800-623x420.jpg 623w, https:\/\/eldigitaldeasturias.com\/magazine365\/wp-content\/uploads\/2016\/01\/fotonoticia_20160104175651_800.jpg 800w\" sizes=\"(max-width: 360px) 100vw, 360px\" \/>Etihad Airways ha emprendido hoy acciones legales para intentar revertir la decisi\u00f3n de la Corte alemana de revocar la aprobaci\u00f3n de 29 vuelos de c\u00f3digo compartido con su socia y participada airberlin, la segunda mayor aerol\u00ednea de Alemania, de la que posee un 29,2%.<\/p>\n<p>La pasada semana, la Corte Administrativa de Braunschewig decidi\u00f3 que el Ministerio del Transporte alem\u00e1n estaba en su derecho de revocar dicho acuerdo que afecta a 29 vuelos a Europa, EE.UU. y los Emiratos \u00c1rabes.<\/p>\n<p>\u00abEstamos trabajando junto con airberlin para asegurar que los viajeros no se vean afectados por esta disputa y que todas las reservas sean efectivas\u00bb, ha asegurado el presidente y consejero delegado de Etihad Airways, James Hogan.<\/p>\n<p>A finales de octubre, la compa\u00f1\u00eda hab\u00eda solicitado medidas cautelares ante el citado tribunal alem\u00e1n ante la demora de la decisi\u00f3n del Gobierno germano sobre su acuerdo de vuelos compartidos con airberlin.<\/p>\n<p>Tras presentar el recurso de apelaci\u00f3n ante el tribunal administrativo superior de L\u00fcneburg, Hogan reiter\u00f3 en un comunicado el apoyo \u00abinquebrantable\u00bb de la compa\u00f1\u00eda hacia airberlin, recalcando que existe \u00abun compromiso firme\u00bb con la aerol\u00ednea germana.<\/p>\n<p>ACUERDO DE C\u00d3DIGO COMPARTIDO.<\/p>\n<p>Las rutas de c\u00f3digo compartido en cuesti\u00f3n incluyen vuelos a su base en Abu Dhabi, donde m\u00e1s de 65 hab\u00edan sido aprobadas por la Autoridad Civil de aviaci\u00f3n alemana, la LBA, siendo \u00e9sta una de las razones por las que Etihad invirti\u00f3 en airberlin.<\/p>\n<p>En 2011 la aerol\u00ednea de los Emiratos adquiri\u00f3 el 29,2% de las acciones de la alemana, tras el est\u00edmulo y el apoyo recibido por los representantes locales y nacionales del Gobierno alem\u00e1n.<\/p>\n<p>Tras aprobar un total de 63 vuelos de c\u00f3digo compartido, el Ministerio del Transporte alem\u00e1n mostr\u00f3 su preocupaci\u00f3n acerca de 29 de estos vuelos. Finalmente se aprob\u00f3 para 29 conexiones hasta enero de 2016, tras la presi\u00f3n de compa\u00f1\u00edas como Lufthansa.<\/p>\n<p>Desde 2012, el acuerdo de c\u00f3digo compartido ha permitido trasladar a m\u00e1s de 2 millones de pasajeros y conectarlos con la red de ambas aerol\u00edneas, con unas ganancias para airberlin de 252 millones de euros, seg\u00fan datos de Etihad.<\/p>\n<p>Etihad ha aportado 1,36 millones de pasajeros a la aerol\u00ednea alemana, mientras que airberlin ha conectado a 645.157 pasajeros con vuelos operados por la aerol\u00ednea de los Emiratos \u00c1rabes.<\/p>\n","protected":false},"excerpt":{"rendered":"<p>Etihad Airways ha emprendido hoy acciones legales para intentar revertir la decisi\u00f3n de la Corte alemana de revocar la aprobaci\u00f3n de 29 vuelos de c\u00f3digo compartido con su socia y participada airberlin, la segunda mayor aerol\u00ednea de Alemania, de la que posee un 29,2%. La pasada semana, la Corte Administrativa de Braunschewig decidi\u00f3 que el<\/p>\n","protected":false},"author":1,"featured_media":59761,"comment_status":"open","ping_status":"closed","sticky":false,"template":"","format":"standard","meta":{"footnotes":""},"categories":[224],"tags":[],"class_list":{"0":"post-59760","1":"post","2":"type-post","3":"status-publish","4":"format-standard","5":"has-post-thumbnail","7":"category-noticias-actualidad"},"aioseo_notices":[],"aioseo_head":"\n\t\t<!-- All in One SEO Pro 4.9.6.1 - aioseo.com -->\n\t<meta name=\"description\" content=\"Etihad Airways ha emprendido hoy acciones legales para intentar revertir la decisi\u00f3n de la Corte alemana de revocar la aprobaci\u00f3n de 29 vuelos de c\u00f3digo compartido con su socia y participada airberlin, la segunda mayor aerol\u00ednea de Alemania, de la que posee un 29,2%. La pasada semana, la Corte Administrativa de Braunschewig decidi\u00f3 que el\" \/>\n\t<meta name=\"robots\" content=\"max-image-preview:large\" \/>\n\t<meta name=\"author\" content=\"admin\"\/>\n\t<meta name=\"google-site-verification\" content=\"UA-38556648-1\" \/>\n\t<meta name=\"keywords\" content=\"noticias y actualidad\" \/>\n\t<link rel=\"canonical\" href=\"https:\/\/eldigitaldeasturias.com\/magazine365\/etihad-airways-interpone-en-la-corte-alemana-un-recurso-para-proteger-su-inversion-en-airberlin\/\" \/>\n\t<meta name=\"generator\" content=\"All in One SEO Pro (AIOSEO) 4.9.6.1\" \/>\n\t\t<meta property=\"og:locale\" content=\"es_ES\" \/>\n\t\t<meta property=\"og:site_name\" content=\"El Digital de Asturias \u2013 Revista de ocio, turismo y estilo de vida\" \/>\n\t\t<meta property=\"og:type\" content=\"article\" \/>\n\t\t<meta property=\"og:title\" content=\"Etihad Airways interpone en la Corte alemana un recurso para proteger su inversi\u00f3n en airberlin | El Digital de Asturias\" \/>\n\t\t<meta property=\"og:description\" content=\"Etihad Airways ha emprendido hoy acciones legales para intentar revertir la decisi\u00f3n de la Corte alemana de revocar la aprobaci\u00f3n de 29 vuelos de c\u00f3digo compartido con su socia y participada airberlin, la segunda mayor aerol\u00ednea de Alemania, de la que posee un 29,2%. La pasada semana, la Corte Administrativa de Braunschewig decidi\u00f3 que el\" \/>\n\t\t<meta property=\"og:url\" content=\"https:\/\/eldigitaldeasturias.com\/magazine365\/etihad-airways-interpone-en-la-corte-alemana-un-recurso-para-proteger-su-inversion-en-airberlin\/\" \/>\n\t\t<meta property=\"og:image\" content=\"https:\/\/eldigitaldeasturias.com\/magazine365\/wp-content\/uploads\/2016\/01\/fotonoticia_20160104175651_800.jpg\" \/>\n\t\t<meta property=\"og:image:secure_url\" content=\"https:\/\/eldigitaldeasturias.com\/magazine365\/wp-content\/uploads\/2016\/01\/fotonoticia_20160104175651_800.jpg\" \/>\n\t\t<meta property=\"og:image:width\" content=\"800\" \/>\n\t\t<meta property=\"og:image:height\" content=\"539\" \/>\n\t\t<meta property=\"article:published_time\" content=\"2016-01-07T05:31:30+00:00\" \/>\n\t\t<meta property=\"article:modified_time\" content=\"2016-01-07T05:31:30+00:00\" \/>\n\t\t<meta name=\"twitter:card\" content=\"summary_large_image\" \/>\n\t\t<meta name=\"twitter:title\" content=\"Etihad Airways interpone en la Corte alemana un recurso para proteger su inversi\u00f3n en airberlin | El Digital de Asturias\" \/>\n\t\t<meta name=\"twitter:description\" content=\"Etihad Airways ha emprendido hoy acciones legales para intentar revertir la decisi\u00f3n de la Corte alemana de revocar la aprobaci\u00f3n de 29 vuelos de c\u00f3digo compartido con su socia y participada airberlin, la segunda mayor aerol\u00ednea de Alemania, de la que posee un 29,2%. La pasada semana, la Corte Administrativa de Braunschewig decidi\u00f3 que el\" \/>\n\t\t<meta name=\"twitter:image\" content=\"https:\/\/eldigitaldeasturias.com\/magazine365\/wp-content\/uploads\/2016\/01\/fotonoticia_20160104175651_800.jpg\" \/>\n\t\t<script type=\"application\/ld+json\" class=\"aioseo-schema\">\n\t\t\t{\"@context\":\"https:\\\/\\\/schema.org\",\"@graph\":[{\"@type\":\"Article\",\"@id\":\"https:\\\/\\\/eldigitaldeasturias.com\\\/magazine365\\\/etihad-airways-interpone-en-la-corte-alemana-un-recurso-para-proteger-su-inversion-en-airberlin\\\/#article\",\"name\":\"Etihad Airways interpone en la Corte alemana un recurso para proteger su inversi\\u00f3n en airberlin | El Digital de Asturias\",\"headline\":\"Etihad Airways interpone en la Corte alemana un recurso para proteger su inversi\\u00f3n en airberlin\",\"author\":{\"@id\":\"https:\\\/\\\/eldigitaldeasturias.com\\\/magazine365\\\/author\\\/admin\\\/#author\"},\"publisher\":{\"@id\":\"https:\\\/\\\/eldigitaldeasturias.com\\\/magazine365\\\/#organization\"},\"image\":{\"@type\":\"ImageObject\",\"url\":\"https:\\\/\\\/eldigitaldeasturias.com\\\/magazine365\\\/wp-content\\\/uploads\\\/2016\\\/01\\\/fotonoticia_20160104175651_800.jpg\",\"width\":800,\"height\":539},\"datePublished\":\"2016-01-07T06:31:30+01:00\",\"dateModified\":\"2016-01-07T06:31:30+01:00\",\"inLanguage\":\"es-ES\",\"mainEntityOfPage\":{\"@id\":\"https:\\\/\\\/eldigitaldeasturias.com\\\/magazine365\\\/etihad-airways-interpone-en-la-corte-alemana-un-recurso-para-proteger-su-inversion-en-airberlin\\\/#webpage\"},\"isPartOf\":{\"@id\":\"https:\\\/\\\/eldigitaldeasturias.com\\\/magazine365\\\/etihad-airways-interpone-en-la-corte-alemana-un-recurso-para-proteger-su-inversion-en-airberlin\\\/#webpage\"},\"articleSection\":\"Noticias y Actualidad\"},{\"@type\":\"BreadcrumbList\",\"@id\":\"https:\\\/\\\/eldigitaldeasturias.com\\\/magazine365\\\/etihad-airways-interpone-en-la-corte-alemana-un-recurso-para-proteger-su-inversion-en-airberlin\\\/#breadcrumblist\",\"itemListElement\":[{\"@type\":\"ListItem\",\"@id\":\"https:\\\/\\\/eldigitaldeasturias.com\\\/magazine365#listItem\",\"position\":1,\"name\":\"Home\",\"item\":\"https:\\\/\\\/eldigitaldeasturias.com\\\/magazine365\",\"nextItem\":{\"@type\":\"ListItem\",\"@id\":\"https:\\\/\\\/eldigitaldeasturias.com\\\/magazine365\\\/category\\\/noticias-actualidad\\\/#listItem\",\"name\":\"Noticias y Actualidad\"}},{\"@type\":\"ListItem\",\"@id\":\"https:\\\/\\\/eldigitaldeasturias.com\\\/magazine365\\\/category\\\/noticias-actualidad\\\/#listItem\",\"position\":2,\"name\":\"Noticias y Actualidad\",\"item\":\"https:\\\/\\\/eldigitaldeasturias.com\\\/magazine365\\\/category\\\/noticias-actualidad\\\/\",\"nextItem\":{\"@type\":\"ListItem\",\"@id\":\"https:\\\/\\\/eldigitaldeasturias.com\\\/magazine365\\\/etihad-airways-interpone-en-la-corte-alemana-un-recurso-para-proteger-su-inversion-en-airberlin\\\/#listItem\",\"name\":\"Etihad Airways interpone en la Corte alemana un recurso para proteger su inversi\\u00f3n en airberlin\"},\"previousItem\":{\"@type\":\"ListItem\",\"@id\":\"https:\\\/\\\/eldigitaldeasturias.com\\\/magazine365#listItem\",\"name\":\"Home\"}},{\"@type\":\"ListItem\",\"@id\":\"https:\\\/\\\/eldigitaldeasturias.com\\\/magazine365\\\/etihad-airways-interpone-en-la-corte-alemana-un-recurso-para-proteger-su-inversion-en-airberlin\\\/#listItem\",\"position\":3,\"name\":\"Etihad Airways interpone en la Corte alemana un recurso para proteger su inversi\\u00f3n en airberlin\",\"previousItem\":{\"@type\":\"ListItem\",\"@id\":\"https:\\\/\\\/eldigitaldeasturias.com\\\/magazine365\\\/category\\\/noticias-actualidad\\\/#listItem\",\"name\":\"Noticias y Actualidad\"}}]},{\"@type\":\"Organization\",\"@id\":\"https:\\\/\\\/eldigitaldeasturias.com\\\/magazine365\\\/#organization\",\"name\":\"El digital de Asturias\",\"description\":\"Revista de ocio, turismo y estilo de vida\",\"url\":\"https:\\\/\\\/eldigitaldeasturias.com\\\/magazine365\\\/\",\"logo\":{\"@type\":\"ImageObject\",\"url\":\"https:\\\/\\\/www.eldigitaldeasturias.com\\\/noticias\\\/wp-content\\\/uploads\\\/2020\\\/12\\\/EDA.jpg\",\"@id\":\"https:\\\/\\\/eldigitaldeasturias.com\\\/magazine365\\\/etihad-airways-interpone-en-la-corte-alemana-un-recurso-para-proteger-su-inversion-en-airberlin\\\/#organizationLogo\"},\"image\":{\"@id\":\"https:\\\/\\\/eldigitaldeasturias.com\\\/magazine365\\\/etihad-airways-interpone-en-la-corte-alemana-un-recurso-para-proteger-su-inversion-en-airberlin\\\/#organizationLogo\"}},{\"@type\":\"Person\",\"@id\":\"https:\\\/\\\/eldigitaldeasturias.com\\\/magazine365\\\/author\\\/admin\\\/#author\",\"url\":\"https:\\\/\\\/eldigitaldeasturias.com\\\/magazine365\\\/author\\\/admin\\\/\",\"name\":\"admin\",\"image\":{\"@type\":\"ImageObject\",\"@id\":\"https:\\\/\\\/eldigitaldeasturias.com\\\/magazine365\\\/etihad-airways-interpone-en-la-corte-alemana-un-recurso-para-proteger-su-inversion-en-airberlin\\\/#authorImage\",\"url\":\"https:\\\/\\\/eldigitaldeasturias.com\\\/magazine365\\\/wp-content\\\/litespeed\\\/avatar\\\/e571bcf59a0edd6fa6838245a470f2fe.jpg?ver=1777574230\",\"width\":96,\"height\":96,\"caption\":\"admin\"}},{\"@type\":\"WebPage\",\"@id\":\"https:\\\/\\\/eldigitaldeasturias.com\\\/magazine365\\\/etihad-airways-interpone-en-la-corte-alemana-un-recurso-para-proteger-su-inversion-en-airberlin\\\/#webpage\",\"url\":\"https:\\\/\\\/eldigitaldeasturias.com\\\/magazine365\\\/etihad-airways-interpone-en-la-corte-alemana-un-recurso-para-proteger-su-inversion-en-airberlin\\\/\",\"name\":\"Etihad Airways interpone en la Corte alemana un recurso para proteger su inversi\\u00f3n en airberlin | El Digital de Asturias\",\"description\":\"Etihad Airways ha emprendido hoy acciones legales para intentar revertir la decisi\\u00f3n de la Corte alemana de revocar la aprobaci\\u00f3n de 29 vuelos de c\\u00f3digo compartido con su socia y participada airberlin, la segunda mayor aerol\\u00ednea de Alemania, de la que posee un 29,2%. La pasada semana, la Corte Administrativa de Braunschewig decidi\\u00f3 que el\",\"inLanguage\":\"es-ES\",\"isPartOf\":{\"@id\":\"https:\\\/\\\/eldigitaldeasturias.com\\\/magazine365\\\/#website\"},\"breadcrumb\":{\"@id\":\"https:\\\/\\\/eldigitaldeasturias.com\\\/magazine365\\\/etihad-airways-interpone-en-la-corte-alemana-un-recurso-para-proteger-su-inversion-en-airberlin\\\/#breadcrumblist\"},\"author\":{\"@id\":\"https:\\\/\\\/eldigitaldeasturias.com\\\/magazine365\\\/author\\\/admin\\\/#author\"},\"creator\":{\"@id\":\"https:\\\/\\\/eldigitaldeasturias.com\\\/magazine365\\\/author\\\/admin\\\/#author\"},\"image\":{\"@type\":\"ImageObject\",\"url\":\"https:\\\/\\\/eldigitaldeasturias.com\\\/magazine365\\\/wp-content\\\/uploads\\\/2016\\\/01\\\/fotonoticia_20160104175651_800.jpg\",\"@id\":\"https:\\\/\\\/eldigitaldeasturias.com\\\/magazine365\\\/etihad-airways-interpone-en-la-corte-alemana-un-recurso-para-proteger-su-inversion-en-airberlin\\\/#mainImage\",\"width\":800,\"height\":539},\"primaryImageOfPage\":{\"@id\":\"https:\\\/\\\/eldigitaldeasturias.com\\\/magazine365\\\/etihad-airways-interpone-en-la-corte-alemana-un-recurso-para-proteger-su-inversion-en-airberlin\\\/#mainImage\"},\"datePublished\":\"2016-01-07T06:31:30+01:00\",\"dateModified\":\"2016-01-07T06:31:30+01:00\"},{\"@type\":\"WebSite\",\"@id\":\"https:\\\/\\\/eldigitaldeasturias.com\\\/magazine365\\\/#website\",\"url\":\"https:\\\/\\\/eldigitaldeasturias.com\\\/magazine365\\\/\",\"name\":\"El Digital de Asturias\",\"description\":\"Revista de ocio, turismo y estilo de vida\",\"inLanguage\":\"es-ES\",\"publisher\":{\"@id\":\"https:\\\/\\\/eldigitaldeasturias.com\\\/magazine365\\\/#organization\"}}]}\n\t\t<\/script>\n\t\t<!-- All in One SEO Pro -->\r\n\t\t<title>Etihad Airways interpone en la Corte alemana un recurso para proteger su inversi\u00f3n en airberlin | El Digital de Asturias<\/title>\n\n","aioseo_head_json":{"title":"Etihad Airways interpone en la Corte alemana un recurso para proteger su inversi\u00f3n en airberlin | El Digital de Asturias","description":"Etihad Airways ha emprendido hoy acciones legales para intentar revertir la decisi\u00f3n de la Corte alemana de revocar la aprobaci\u00f3n de 29 vuelos de c\u00f3digo compartido con su socia y participada airberlin, la segunda mayor aerol\u00ednea de Alemania, de la que posee un 29,2%. La pasada semana, la Corte Administrativa de Braunschewig decidi\u00f3 que el","canonical_url":"https:\/\/eldigitaldeasturias.com\/magazine365\/etihad-airways-interpone-en-la-corte-alemana-un-recurso-para-proteger-su-inversion-en-airberlin\/","robots":"max-image-preview:large","keywords":"noticias y actualidad","webmasterTools":{"google-site-verification":"UA-38556648-1","miscellaneous":""},"schema":{"@context":"https:\/\/schema.org","@graph":[{"@type":"Article","@id":"https:\/\/eldigitaldeasturias.com\/magazine365\/etihad-airways-interpone-en-la-corte-alemana-un-recurso-para-proteger-su-inversion-en-airberlin\/#article","name":"Etihad Airways interpone en la Corte alemana un recurso para proteger su inversi\u00f3n en airberlin | El Digital de Asturias","headline":"Etihad Airways interpone en la Corte alemana un recurso para proteger su inversi\u00f3n en airberlin","author":{"@id":"https:\/\/eldigitaldeasturias.com\/magazine365\/author\/admin\/#author"},"publisher":{"@id":"https:\/\/eldigitaldeasturias.com\/magazine365\/#organization"},"image":{"@type":"ImageObject","url":"https:\/\/eldigitaldeasturias.com\/magazine365\/wp-content\/uploads\/2016\/01\/fotonoticia_20160104175651_800.jpg","width":800,"height":539},"datePublished":"2016-01-07T06:31:30+01:00","dateModified":"2016-01-07T06:31:30+01:00","inLanguage":"es-ES","mainEntityOfPage":{"@id":"https:\/\/eldigitaldeasturias.com\/magazine365\/etihad-airways-interpone-en-la-corte-alemana-un-recurso-para-proteger-su-inversion-en-airberlin\/#webpage"},"isPartOf":{"@id":"https:\/\/eldigitaldeasturias.com\/magazine365\/etihad-airways-interpone-en-la-corte-alemana-un-recurso-para-proteger-su-inversion-en-airberlin\/#webpage"},"articleSection":"Noticias y Actualidad"},{"@type":"BreadcrumbList","@id":"https:\/\/eldigitaldeasturias.com\/magazine365\/etihad-airways-interpone-en-la-corte-alemana-un-recurso-para-proteger-su-inversion-en-airberlin\/#breadcrumblist","itemListElement":[{"@type":"ListItem","@id":"https:\/\/eldigitaldeasturias.com\/magazine365#listItem","position":1,"name":"Home","item":"https:\/\/eldigitaldeasturias.com\/magazine365","nextItem":{"@type":"ListItem","@id":"https:\/\/eldigitaldeasturias.com\/magazine365\/category\/noticias-actualidad\/#listItem","name":"Noticias y Actualidad"}},{"@type":"ListItem","@id":"https:\/\/eldigitaldeasturias.com\/magazine365\/category\/noticias-actualidad\/#listItem","position":2,"name":"Noticias y Actualidad","item":"https:\/\/eldigitaldeasturias.com\/magazine365\/category\/noticias-actualidad\/","nextItem":{"@type":"ListItem","@id":"https:\/\/eldigitaldeasturias.com\/magazine365\/etihad-airways-interpone-en-la-corte-alemana-un-recurso-para-proteger-su-inversion-en-airberlin\/#listItem","name":"Etihad Airways interpone en la Corte alemana un recurso para proteger su inversi\u00f3n en airberlin"},"previousItem":{"@type":"ListItem","@id":"https:\/\/eldigitaldeasturias.com\/magazine365#listItem","name":"Home"}},{"@type":"ListItem","@id":"https:\/\/eldigitaldeasturias.com\/magazine365\/etihad-airways-interpone-en-la-corte-alemana-un-recurso-para-proteger-su-inversion-en-airberlin\/#listItem","position":3,"name":"Etihad Airways interpone en la Corte alemana un recurso para proteger su inversi\u00f3n en airberlin","previousItem":{"@type":"ListItem","@id":"https:\/\/eldigitaldeasturias.com\/magazine365\/category\/noticias-actualidad\/#listItem","name":"Noticias y Actualidad"}}]},{"@type":"Organization","@id":"https:\/\/eldigitaldeasturias.com\/magazine365\/#organization","name":"El digital de Asturias","description":"Revista de ocio, turismo y estilo de vida","url":"https:\/\/eldigitaldeasturias.com\/magazine365\/","logo":{"@type":"ImageObject","url":"https:\/\/www.eldigitaldeasturias.com\/noticias\/wp-content\/uploads\/2020\/12\/EDA.jpg","@id":"https:\/\/eldigitaldeasturias.com\/magazine365\/etihad-airways-interpone-en-la-corte-alemana-un-recurso-para-proteger-su-inversion-en-airberlin\/#organizationLogo"},"image":{"@id":"https:\/\/eldigitaldeasturias.com\/magazine365\/etihad-airways-interpone-en-la-corte-alemana-un-recurso-para-proteger-su-inversion-en-airberlin\/#organizationLogo"}},{"@type":"Person","@id":"https:\/\/eldigitaldeasturias.com\/magazine365\/author\/admin\/#author","url":"https:\/\/eldigitaldeasturias.com\/magazine365\/author\/admin\/","name":"admin","image":{"@type":"ImageObject","@id":"https:\/\/eldigitaldeasturias.com\/magazine365\/etihad-airways-interpone-en-la-corte-alemana-un-recurso-para-proteger-su-inversion-en-airberlin\/#authorImage","url":"https:\/\/eldigitaldeasturias.com\/magazine365\/wp-content\/litespeed\/avatar\/e571bcf59a0edd6fa6838245a470f2fe.jpg?ver=1777574230","width":96,"height":96,"caption":"admin"}},{"@type":"WebPage","@id":"https:\/\/eldigitaldeasturias.com\/magazine365\/etihad-airways-interpone-en-la-corte-alemana-un-recurso-para-proteger-su-inversion-en-airberlin\/#webpage","url":"https:\/\/eldigitaldeasturias.com\/magazine365\/etihad-airways-interpone-en-la-corte-alemana-un-recurso-para-proteger-su-inversion-en-airberlin\/","name":"Etihad Airways interpone en la Corte alemana un recurso para proteger su inversi\u00f3n en airberlin | El Digital de Asturias","description":"Etihad Airways ha emprendido hoy acciones legales para intentar revertir la decisi\u00f3n de la Corte alemana de revocar la aprobaci\u00f3n de 29 vuelos de c\u00f3digo compartido con su socia y participada airberlin, la segunda mayor aerol\u00ednea de Alemania, de la que posee un 29,2%. La pasada semana, la Corte Administrativa de Braunschewig decidi\u00f3 que el","inLanguage":"es-ES","isPartOf":{"@id":"https:\/\/eldigitaldeasturias.com\/magazine365\/#website"},"breadcrumb":{"@id":"https:\/\/eldigitaldeasturias.com\/magazine365\/etihad-airways-interpone-en-la-corte-alemana-un-recurso-para-proteger-su-inversion-en-airberlin\/#breadcrumblist"},"author":{"@id":"https:\/\/eldigitaldeasturias.com\/magazine365\/author\/admin\/#author"},"creator":{"@id":"https:\/\/eldigitaldeasturias.com\/magazine365\/author\/admin\/#author"},"image":{"@type":"ImageObject","url":"https:\/\/eldigitaldeasturias.com\/magazine365\/wp-content\/uploads\/2016\/01\/fotonoticia_20160104175651_800.jpg","@id":"https:\/\/eldigitaldeasturias.com\/magazine365\/etihad-airways-interpone-en-la-corte-alemana-un-recurso-para-proteger-su-inversion-en-airberlin\/#mainImage","width":800,"height":539},"primaryImageOfPage":{"@id":"https:\/\/eldigitaldeasturias.com\/magazine365\/etihad-airways-interpone-en-la-corte-alemana-un-recurso-para-proteger-su-inversion-en-airberlin\/#mainImage"},"datePublished":"2016-01-07T06:31:30+01:00","dateModified":"2016-01-07T06:31:30+01:00"},{"@type":"WebSite","@id":"https:\/\/eldigitaldeasturias.com\/magazine365\/#website","url":"https:\/\/eldigitaldeasturias.com\/magazine365\/","name":"El Digital de Asturias","description":"Revista de ocio, turismo y estilo de vida","inLanguage":"es-ES","publisher":{"@id":"https:\/\/eldigitaldeasturias.com\/magazine365\/#organization"}}]},"og:locale":"es_ES","og:site_name":"El Digital de Asturias \u2013 Revista de ocio, turismo y estilo de vida","og:type":"article","og:title":"Etihad Airways interpone en la Corte alemana un recurso para proteger su inversi\u00f3n en airberlin | El Digital de Asturias","og:description":"Etihad Airways ha emprendido hoy acciones legales para intentar revertir la decisi\u00f3n de la Corte alemana de revocar la aprobaci\u00f3n de 29 vuelos de c\u00f3digo compartido con su socia y participada airberlin, la segunda mayor aerol\u00ednea de Alemania, de la que posee un 29,2%. La pasada semana, la Corte Administrativa de Braunschewig decidi\u00f3 que el","og:url":"https:\/\/eldigitaldeasturias.com\/magazine365\/etihad-airways-interpone-en-la-corte-alemana-un-recurso-para-proteger-su-inversion-en-airberlin\/","og:image":"https:\/\/eldigitaldeasturias.com\/magazine365\/wp-content\/uploads\/2016\/01\/fotonoticia_20160104175651_800.jpg","og:image:secure_url":"https:\/\/eldigitaldeasturias.com\/magazine365\/wp-content\/uploads\/2016\/01\/fotonoticia_20160104175651_800.jpg","og:image:width":800,"og:image:height":539,"article:published_time":"2016-01-07T05:31:30+00:00","article:modified_time":"2016-01-07T05:31:30+00:00","twitter:card":"summary_large_image","twitter:title":"Etihad Airways interpone en la Corte alemana un recurso para proteger su inversi\u00f3n en airberlin | El Digital de Asturias","twitter:description":"Etihad Airways ha emprendido hoy acciones legales para intentar revertir la decisi\u00f3n de la Corte alemana de revocar la aprobaci\u00f3n de 29 vuelos de c\u00f3digo compartido con su socia y participada airberlin, la segunda mayor aerol\u00ednea de Alemania, de la que posee un 29,2%. La pasada semana, la Corte Administrativa de Braunschewig decidi\u00f3 que el","twitter:image":"https:\/\/eldigitaldeasturias.com\/magazine365\/wp-content\/uploads\/2016\/01\/fotonoticia_20160104175651_800.jpg"},"aioseo_meta_data":{"post_id":"59760","title":null,"description":null,"keywords":null,"keyphrases":null,"primary_term":null,"canonical_url":null,"og_title":null,"og_description":null,"og_object_type":"default","og_image_type":"default","og_image_url":null,"og_image_width":null,"og_image_height":null,"og_image_custom_url":null,"og_image_custom_fields":null,"og_video":null,"og_custom_url":null,"og_article_section":null,"og_article_tags":null,"twitter_use_og":false,"twitter_card":"default","twitter_image_type":"default","twitter_image_url":null,"twitter_image_custom_url":null,"twitter_image_custom_fields":null,"twitter_title":null,"twitter_description":null,"schema":{"blockGraphs":[],"customGraphs":[],"default":{"data":{"Article":[],"Course":[],"Dataset":[],"FAQPage":[],"Movie":[],"Person":[],"Product":[],"ProductReview":[],"Car":[],"Recipe":[],"Service":[],"SoftwareApplication":[],"WebPage":[]},"graphName":"","isEnabled":true},"graphs":[],"defaultGraph":"","defaultPostTypeGraph":""},"schema_type":null,"schema_type_options":null,"pillar_content":false,"robots_default":true,"robots_noindex":false,"robots_noarchive":false,"robots_nosnippet":false,"robots_nofollow":false,"robots_noimageindex":false,"robots_noodp":false,"robots_notranslate":false,"robots_max_snippet":null,"robots_max_videopreview":null,"robots_max_imagepreview":"large","priority":null,"frequency":null,"location":null,"local_seo":null,"seo_analyzer_scan_date":"2025-09-25 05:34:17","breadcrumb_settings":null,"limit_modified_date":false,"open_ai":null,"ai":null,"created":"2021-03-08 22:10:58","updated":"2025-09-25 05:34:17"},"aioseo_breadcrumb":"<div class=\"aioseo-breadcrumbs\"><span class=\"aioseo-breadcrumb\">\n\t<a href=\"https:\/\/eldigitaldeasturias.com\/magazine365\" title=\"Home\">Home<\/a>\n<\/span><span class=\"aioseo-breadcrumb-separator\">\u2013<\/span><span class=\"aioseo-breadcrumb\">\n\t<a href=\"https:\/\/eldigitaldeasturias.com\/magazine365\/category\/noticias-actualidad\/\" title=\"Noticias y Actualidad\">Noticias y Actualidad<\/a>\n<\/span><span class=\"aioseo-breadcrumb-separator\">\u2013<\/span><span class=\"aioseo-breadcrumb\">\n\t<a href=\"https:\/\/eldigitaldeasturias.com\/magazine365\/etihad-airways-interpone-en-la-corte-alemana-un-recurso-para-proteger-su-inversion-en-airberlin\/\" title=\"Etihad Airways interpone en la Corte alemana un recurso para proteger su inversi\u00f3n en airberlin\">Etihad Airways interpone en la Corte alemana un recurso para proteger su inversi\u00f3n en airberlin<\/a>\n<\/span><\/div>","aioseo_breadcrumb_json":[{"label":"Home","link":"https:\/\/eldigitaldeasturias.com\/magazine365"},{"label":"Noticias y Actualidad","link":"https:\/\/eldigitaldeasturias.com\/magazine365\/category\/noticias-actualidad\/"},{"label":"Etihad Airways interpone en la Corte alemana un recurso para proteger su inversi\u00f3n en airberlin","link":"https:\/\/eldigitaldeasturias.com\/magazine365\/etihad-airways-interpone-en-la-corte-alemana-un-recurso-para-proteger-su-inversion-en-airberlin\/"}],"_links":{"self":[{"href":"https:\/\/eldigitaldeasturias.com\/magazine365\/wp-json\/wp\/v2\/posts\/59760","targetHints":{"allow":["GET"]}}],"collection":[{"href":"https:\/\/eldigitaldeasturias.com\/magazine365\/wp-json\/wp\/v2\/posts"}],"about":[{"href":"https:\/\/eldigitaldeasturias.com\/magazine365\/wp-json\/wp\/v2\/types\/post"}],"author":[{"embeddable":true,"href":"https:\/\/eldigitaldeasturias.com\/magazine365\/wp-json\/wp\/v2\/users\/1"}],"replies":[{"embeddable":true,"href":"https:\/\/eldigitaldeasturias.com\/magazine365\/wp-json\/wp\/v2\/comments?post=59760"}],"version-history":[{"count":0,"href":"https:\/\/eldigitaldeasturias.com\/magazine365\/wp-json\/wp\/v2\/posts\/59760\/revisions"}],"wp:featuredmedia":[{"embeddable":true,"href":"https:\/\/eldigitaldeasturias.com\/magazine365\/wp-json\/wp\/v2\/media\/59761"}],"wp:attachment":[{"href":"https:\/\/eldigitaldeasturias.com\/magazine365\/wp-json\/wp\/v2\/media?parent=59760"}],"wp:term":[{"taxonomy":"category","embeddable":true,"href":"https:\/\/eldigitaldeasturias.com\/magazine365\/wp-json\/wp\/v2\/categories?post=59760"},{"taxonomy":"post_tag","embeddable":true,"href":"https:\/\/eldigitaldeasturias.com\/magazine365\/wp-json\/wp\/v2\/tags?post=59760"}],"curies":[{"name":"wp","href":"https:\/\/api.w.org\/{rel}","templated":true}]}}