{"id":59754,"date":"2016-01-07T06:27:55","date_gmt":"2016-01-07T05:27:55","guid":{"rendered":"http:\/\/eldigitaldeasturias.com\/magazine365\/?p=59754"},"modified":"2016-01-07T06:27:55","modified_gmt":"2016-01-07T05:27:55","slug":"el-alcazar-de-sevilla-estudiara-la-posible-prohibicion-de-los-palos-de-selfie-y-regular-las-fotos-con-flash","status":"publish","type":"post","link":"https:\/\/eldigitaldeasturias.com\/magazine365\/el-alcazar-de-sevilla-estudiara-la-posible-prohibicion-de-los-palos-de-selfie-y-regular-las-fotos-con-flash\/","title":{"rendered":"El Alc\u00e1zar de Sevilla estudiar\u00e1 la posible prohibici\u00f3n de los palos de &#8216;selfie&#8217; y regular las fotos con flash"},"content":{"rendered":"<p><img fetchpriority=\"high\" decoding=\"async\" class=\"alignleft size-medium wp-image-59755\" src=\"https:\/\/eldigitaldeasturias.com\/magazine365\/wp-content\/uploads\/2016\/01\/fotonoticia_20160104172112_800-360x270.jpg\" alt=\"fotonoticia_20160104172112_800\" width=\"360\" height=\"270\" srcset=\"https:\/\/eldigitaldeasturias.com\/magazine365\/wp-content\/uploads\/2016\/01\/fotonoticia_20160104172112_800-360x270.jpg 360w, https:\/\/eldigitaldeasturias.com\/magazine365\/wp-content\/uploads\/2016\/01\/fotonoticia_20160104172112_800-650x488.jpg 650w, https:\/\/eldigitaldeasturias.com\/magazine365\/wp-content\/uploads\/2016\/01\/fotonoticia_20160104172112_800-768x576.jpg 768w, https:\/\/eldigitaldeasturias.com\/magazine365\/wp-content\/uploads\/2016\/01\/fotonoticia_20160104172112_800-150x113.jpg 150w, https:\/\/eldigitaldeasturias.com\/magazine365\/wp-content\/uploads\/2016\/01\/fotonoticia_20160104172112_800-450x338.jpg 450w, https:\/\/eldigitaldeasturias.com\/magazine365\/wp-content\/uploads\/2016\/01\/fotonoticia_20160104172112_800-80x60.jpg 80w, https:\/\/eldigitaldeasturias.com\/magazine365\/wp-content\/uploads\/2016\/01\/fotonoticia_20160104172112_800-265x198.jpg 265w, https:\/\/eldigitaldeasturias.com\/magazine365\/wp-content\/uploads\/2016\/01\/fotonoticia_20160104172112_800-696x522.jpg 696w, https:\/\/eldigitaldeasturias.com\/magazine365\/wp-content\/uploads\/2016\/01\/fotonoticia_20160104172112_800-560x420.jpg 560w, https:\/\/eldigitaldeasturias.com\/magazine365\/wp-content\/uploads\/2016\/01\/fotonoticia_20160104172112_800-90x67.jpg 90w, https:\/\/eldigitaldeasturias.com\/magazine365\/wp-content\/uploads\/2016\/01\/fotonoticia_20160104172112_800-164x124.jpg 164w, https:\/\/eldigitaldeasturias.com\/magazine365\/wp-content\/uploads\/2016\/01\/fotonoticia_20160104172112_800-100x75.jpg 100w, https:\/\/eldigitaldeasturias.com\/magazine365\/wp-content\/uploads\/2016\/01\/fotonoticia_20160104172112_800.jpg 800w\" sizes=\"(max-width: 360px) 100vw, 360px\" \/>El Patronato del Real Alc\u00e1zar de Sevilla, que gestiona este conjunto palaciego declarado Patrimonio de la Humanidad, celebrar\u00e1 durante el primer trimestre de este a\u00f1o una sesi\u00f3n destinada a debatir una serie de medidas para mejorar la seguridad del monumento y de sus visitantes, incluyendo entre las medidas a tratar la posible prohibici\u00f3n de los extensibles o palos de los dispositivos m\u00f3viles para autorretratos o &#8216;selfies&#8217; o la regulaci\u00f3n del uso de maletas tipo &#8216;trolley&#8217;.<\/p>\n<p>Como ha avanzado el peri\u00f3dico El Correo de Andaluc\u00eda y han confirmado a Europa Press fuentes municipales, merced al \u00abdebate\u00bb suscitado entre los patronos del monumento a lo largo de los \u00faltimos tiempos, durante este trimestre el Patronato celebrar\u00e1 una sesi\u00f3n destinada a \u00abdebatir\u00bb y alcanzar un \u00abconsenso\u00bb en torno a nuevas medidas de seguridad para el monumento, joya del patrimonio art\u00edstico y el turismo de Sevilla, y sus propios visitantes.<\/p>\n<p>Entre estas medidas a debatir figuran la posible prohibici\u00f3n de los extensibles de dispositivos m\u00f3viles digitales para autorretratos o &#8216;selfies&#8217;, la regulaci\u00f3n del uso de maletas tipo &#8216;trolley&#8217;, la regulaci\u00f3n de las fotograf\u00edas con flash, o la prohibici\u00f3n de fumar tambi\u00e9n en la terraza de la cafeter\u00eda, con lo que dicha prohibici\u00f3n abarcar\u00eda la totalidad del monumento.<\/p>\n<p>Se trata, en cualquier caso, de medidas ya implantadas en otros monumentos y espacios muse\u00edsticos de Espa\u00f1a, cuya puesta en pr\u00e1ctica deben debatir ahora los patronos del Real Alc\u00e1zar.<\/p>\n","protected":false},"excerpt":{"rendered":"<p>El Patronato del Real Alc\u00e1zar de Sevilla, que gestiona este conjunto palaciego declarado Patrimonio de la Humanidad, celebrar\u00e1 durante el primer trimestre de este a\u00f1o una sesi\u00f3n destinada a debatir una serie de medidas para mejorar la seguridad del monumento y de sus visitantes, incluyendo entre las medidas a tratar la posible prohibici\u00f3n de los<\/p>\n","protected":false},"author":1,"featured_media":59755,"comment_status":"open","ping_status":"closed","sticky":false,"template":"","format":"standard","meta":{"footnotes":""},"categories":[224],"tags":[],"class_list":{"0":"post-59754","1":"post","2":"type-post","3":"status-publish","4":"format-standard","5":"has-post-thumbnail","7":"category-noticias-actualidad"},"aioseo_notices":[],"aioseo_head":"\n\t\t<!-- All in One SEO Pro 4.9.6.1 - aioseo.com -->\n\t<meta name=\"description\" content=\"El Patronato del Real Alc\u00e1zar de Sevilla, que gestiona este conjunto palaciego declarado Patrimonio de la Humanidad, celebrar\u00e1 durante el primer trimestre de este a\u00f1o una sesi\u00f3n destinada a debatir una serie de medidas para mejorar la seguridad del monumento y de sus visitantes, incluyendo entre las medidas a tratar la posible prohibici\u00f3n de los\" \/>\n\t<meta name=\"robots\" content=\"max-image-preview:large\" \/>\n\t<meta name=\"author\" content=\"admin\"\/>\n\t<meta name=\"google-site-verification\" content=\"UA-38556648-1\" \/>\n\t<meta name=\"keywords\" content=\"noticias y actualidad\" \/>\n\t<link rel=\"canonical\" href=\"https:\/\/eldigitaldeasturias.com\/magazine365\/el-alcazar-de-sevilla-estudiara-la-posible-prohibicion-de-los-palos-de-selfie-y-regular-las-fotos-con-flash\/\" \/>\n\t<meta name=\"generator\" content=\"All in One SEO Pro (AIOSEO) 4.9.6.1\" \/>\n\t\t<meta property=\"og:locale\" content=\"es_ES\" \/>\n\t\t<meta property=\"og:site_name\" content=\"El Digital de Asturias \u2013 Revista de ocio, turismo y estilo de vida\" \/>\n\t\t<meta property=\"og:type\" content=\"article\" \/>\n\t\t<meta property=\"og:title\" content=\"El Alc\u00e1zar de Sevilla estudiar\u00e1 la posible prohibici\u00f3n de los palos de \u2018selfie\u2019 y regular las fotos con flash | El Digital de Asturias\" \/>\n\t\t<meta property=\"og:description\" content=\"El Patronato del Real Alc\u00e1zar de Sevilla, que gestiona este conjunto palaciego declarado Patrimonio de la Humanidad, celebrar\u00e1 durante el primer trimestre de este a\u00f1o una sesi\u00f3n destinada a debatir una serie de medidas para mejorar la seguridad del monumento y de sus visitantes, incluyendo entre las medidas a tratar la posible prohibici\u00f3n de los\" \/>\n\t\t<meta property=\"og:url\" content=\"https:\/\/eldigitaldeasturias.com\/magazine365\/el-alcazar-de-sevilla-estudiara-la-posible-prohibicion-de-los-palos-de-selfie-y-regular-las-fotos-con-flash\/\" \/>\n\t\t<meta property=\"og:image\" content=\"https:\/\/eldigitaldeasturias.com\/magazine365\/wp-content\/uploads\/2016\/01\/fotonoticia_20160104172112_800.jpg\" \/>\n\t\t<meta property=\"og:image:secure_url\" content=\"https:\/\/eldigitaldeasturias.com\/magazine365\/wp-content\/uploads\/2016\/01\/fotonoticia_20160104172112_800.jpg\" \/>\n\t\t<meta property=\"og:image:width\" content=\"800\" \/>\n\t\t<meta property=\"og:image:height\" content=\"600\" \/>\n\t\t<meta property=\"article:published_time\" content=\"2016-01-07T05:27:55+00:00\" \/>\n\t\t<meta property=\"article:modified_time\" content=\"2016-01-07T05:27:55+00:00\" \/>\n\t\t<meta name=\"twitter:card\" content=\"summary_large_image\" \/>\n\t\t<meta name=\"twitter:title\" content=\"El Alc\u00e1zar de Sevilla estudiar\u00e1 la posible prohibici\u00f3n de los palos de \u2018selfie\u2019 y regular las fotos con flash | El Digital de Asturias\" \/>\n\t\t<meta name=\"twitter:description\" content=\"El Patronato del Real Alc\u00e1zar de Sevilla, que gestiona este conjunto palaciego declarado Patrimonio de la Humanidad, celebrar\u00e1 durante el primer trimestre de este a\u00f1o una sesi\u00f3n destinada a debatir una serie de medidas para mejorar la seguridad del monumento y de sus visitantes, incluyendo entre las medidas a tratar la posible prohibici\u00f3n de los\" \/>\n\t\t<meta name=\"twitter:image\" content=\"https:\/\/eldigitaldeasturias.com\/magazine365\/wp-content\/uploads\/2016\/01\/fotonoticia_20160104172112_800.jpg\" \/>\n\t\t<script type=\"application\/ld+json\" class=\"aioseo-schema\">\n\t\t\t{\"@context\":\"https:\\\/\\\/schema.org\",\"@graph\":[{\"@type\":\"Article\",\"@id\":\"https:\\\/\\\/eldigitaldeasturias.com\\\/magazine365\\\/el-alcazar-de-sevilla-estudiara-la-posible-prohibicion-de-los-palos-de-selfie-y-regular-las-fotos-con-flash\\\/#article\",\"name\":\"El Alc\\u00e1zar de Sevilla estudiar\\u00e1 la posible prohibici\\u00f3n de los palos de \\u2018selfie\\u2019 y regular las fotos con flash | El Digital de Asturias\",\"headline\":\"El Alc\\u00e1zar de Sevilla estudiar\\u00e1 la posible prohibici\\u00f3n de los palos de &#8216;selfie&#8217; y regular las fotos con flash\",\"author\":{\"@id\":\"https:\\\/\\\/eldigitaldeasturias.com\\\/magazine365\\\/author\\\/admin\\\/#author\"},\"publisher\":{\"@id\":\"https:\\\/\\\/eldigitaldeasturias.com\\\/magazine365\\\/#organization\"},\"image\":{\"@type\":\"ImageObject\",\"url\":\"https:\\\/\\\/eldigitaldeasturias.com\\\/magazine365\\\/wp-content\\\/uploads\\\/2016\\\/01\\\/fotonoticia_20160104172112_800.jpg\",\"width\":800,\"height\":600},\"datePublished\":\"2016-01-07T06:27:55+01:00\",\"dateModified\":\"2016-01-07T06:27:55+01:00\",\"inLanguage\":\"es-ES\",\"mainEntityOfPage\":{\"@id\":\"https:\\\/\\\/eldigitaldeasturias.com\\\/magazine365\\\/el-alcazar-de-sevilla-estudiara-la-posible-prohibicion-de-los-palos-de-selfie-y-regular-las-fotos-con-flash\\\/#webpage\"},\"isPartOf\":{\"@id\":\"https:\\\/\\\/eldigitaldeasturias.com\\\/magazine365\\\/el-alcazar-de-sevilla-estudiara-la-posible-prohibicion-de-los-palos-de-selfie-y-regular-las-fotos-con-flash\\\/#webpage\"},\"articleSection\":\"Noticias y Actualidad\"},{\"@type\":\"BreadcrumbList\",\"@id\":\"https:\\\/\\\/eldigitaldeasturias.com\\\/magazine365\\\/el-alcazar-de-sevilla-estudiara-la-posible-prohibicion-de-los-palos-de-selfie-y-regular-las-fotos-con-flash\\\/#breadcrumblist\",\"itemListElement\":[{\"@type\":\"ListItem\",\"@id\":\"https:\\\/\\\/eldigitaldeasturias.com\\\/magazine365#listItem\",\"position\":1,\"name\":\"Home\",\"item\":\"https:\\\/\\\/eldigitaldeasturias.com\\\/magazine365\",\"nextItem\":{\"@type\":\"ListItem\",\"@id\":\"https:\\\/\\\/eldigitaldeasturias.com\\\/magazine365\\\/category\\\/noticias-actualidad\\\/#listItem\",\"name\":\"Noticias y Actualidad\"}},{\"@type\":\"ListItem\",\"@id\":\"https:\\\/\\\/eldigitaldeasturias.com\\\/magazine365\\\/category\\\/noticias-actualidad\\\/#listItem\",\"position\":2,\"name\":\"Noticias y Actualidad\",\"item\":\"https:\\\/\\\/eldigitaldeasturias.com\\\/magazine365\\\/category\\\/noticias-actualidad\\\/\",\"nextItem\":{\"@type\":\"ListItem\",\"@id\":\"https:\\\/\\\/eldigitaldeasturias.com\\\/magazine365\\\/el-alcazar-de-sevilla-estudiara-la-posible-prohibicion-de-los-palos-de-selfie-y-regular-las-fotos-con-flash\\\/#listItem\",\"name\":\"El Alc\\u00e1zar de Sevilla estudiar\\u00e1 la posible prohibici\\u00f3n de los palos de &#8216;selfie&#8217; y regular las fotos con flash\"},\"previousItem\":{\"@type\":\"ListItem\",\"@id\":\"https:\\\/\\\/eldigitaldeasturias.com\\\/magazine365#listItem\",\"name\":\"Home\"}},{\"@type\":\"ListItem\",\"@id\":\"https:\\\/\\\/eldigitaldeasturias.com\\\/magazine365\\\/el-alcazar-de-sevilla-estudiara-la-posible-prohibicion-de-los-palos-de-selfie-y-regular-las-fotos-con-flash\\\/#listItem\",\"position\":3,\"name\":\"El Alc\\u00e1zar de Sevilla estudiar\\u00e1 la posible prohibici\\u00f3n de los palos de &#8216;selfie&#8217; y regular las fotos con flash\",\"previousItem\":{\"@type\":\"ListItem\",\"@id\":\"https:\\\/\\\/eldigitaldeasturias.com\\\/magazine365\\\/category\\\/noticias-actualidad\\\/#listItem\",\"name\":\"Noticias y Actualidad\"}}]},{\"@type\":\"Organization\",\"@id\":\"https:\\\/\\\/eldigitaldeasturias.com\\\/magazine365\\\/#organization\",\"name\":\"El digital de Asturias\",\"description\":\"Revista de ocio, turismo y estilo de vida\",\"url\":\"https:\\\/\\\/eldigitaldeasturias.com\\\/magazine365\\\/\",\"logo\":{\"@type\":\"ImageObject\",\"url\":\"https:\\\/\\\/www.eldigitaldeasturias.com\\\/noticias\\\/wp-content\\\/uploads\\\/2020\\\/12\\\/EDA.jpg\",\"@id\":\"https:\\\/\\\/eldigitaldeasturias.com\\\/magazine365\\\/el-alcazar-de-sevilla-estudiara-la-posible-prohibicion-de-los-palos-de-selfie-y-regular-las-fotos-con-flash\\\/#organizationLogo\"},\"image\":{\"@id\":\"https:\\\/\\\/eldigitaldeasturias.com\\\/magazine365\\\/el-alcazar-de-sevilla-estudiara-la-posible-prohibicion-de-los-palos-de-selfie-y-regular-las-fotos-con-flash\\\/#organizationLogo\"}},{\"@type\":\"Person\",\"@id\":\"https:\\\/\\\/eldigitaldeasturias.com\\\/magazine365\\\/author\\\/admin\\\/#author\",\"url\":\"https:\\\/\\\/eldigitaldeasturias.com\\\/magazine365\\\/author\\\/admin\\\/\",\"name\":\"admin\",\"image\":{\"@type\":\"ImageObject\",\"@id\":\"https:\\\/\\\/eldigitaldeasturias.com\\\/magazine365\\\/el-alcazar-de-sevilla-estudiara-la-posible-prohibicion-de-los-palos-de-selfie-y-regular-las-fotos-con-flash\\\/#authorImage\",\"url\":\"https:\\\/\\\/eldigitaldeasturias.com\\\/magazine365\\\/wp-content\\\/litespeed\\\/avatar\\\/e571bcf59a0edd6fa6838245a470f2fe.jpg?ver=1777574230\",\"width\":96,\"height\":96,\"caption\":\"admin\"}},{\"@type\":\"WebPage\",\"@id\":\"https:\\\/\\\/eldigitaldeasturias.com\\\/magazine365\\\/el-alcazar-de-sevilla-estudiara-la-posible-prohibicion-de-los-palos-de-selfie-y-regular-las-fotos-con-flash\\\/#webpage\",\"url\":\"https:\\\/\\\/eldigitaldeasturias.com\\\/magazine365\\\/el-alcazar-de-sevilla-estudiara-la-posible-prohibicion-de-los-palos-de-selfie-y-regular-las-fotos-con-flash\\\/\",\"name\":\"El Alc\\u00e1zar de Sevilla estudiar\\u00e1 la posible prohibici\\u00f3n de los palos de \\u2018selfie\\u2019 y regular las fotos con flash | El Digital de Asturias\",\"description\":\"El Patronato del Real Alc\\u00e1zar de Sevilla, que gestiona este conjunto palaciego declarado Patrimonio de la Humanidad, celebrar\\u00e1 durante el primer trimestre de este a\\u00f1o una sesi\\u00f3n destinada a debatir una serie de medidas para mejorar la seguridad del monumento y de sus visitantes, incluyendo entre las medidas a tratar la posible prohibici\\u00f3n de los\",\"inLanguage\":\"es-ES\",\"isPartOf\":{\"@id\":\"https:\\\/\\\/eldigitaldeasturias.com\\\/magazine365\\\/#website\"},\"breadcrumb\":{\"@id\":\"https:\\\/\\\/eldigitaldeasturias.com\\\/magazine365\\\/el-alcazar-de-sevilla-estudiara-la-posible-prohibicion-de-los-palos-de-selfie-y-regular-las-fotos-con-flash\\\/#breadcrumblist\"},\"author\":{\"@id\":\"https:\\\/\\\/eldigitaldeasturias.com\\\/magazine365\\\/author\\\/admin\\\/#author\"},\"creator\":{\"@id\":\"https:\\\/\\\/eldigitaldeasturias.com\\\/magazine365\\\/author\\\/admin\\\/#author\"},\"image\":{\"@type\":\"ImageObject\",\"url\":\"https:\\\/\\\/eldigitaldeasturias.com\\\/magazine365\\\/wp-content\\\/uploads\\\/2016\\\/01\\\/fotonoticia_20160104172112_800.jpg\",\"@id\":\"https:\\\/\\\/eldigitaldeasturias.com\\\/magazine365\\\/el-alcazar-de-sevilla-estudiara-la-posible-prohibicion-de-los-palos-de-selfie-y-regular-las-fotos-con-flash\\\/#mainImage\",\"width\":800,\"height\":600},\"primaryImageOfPage\":{\"@id\":\"https:\\\/\\\/eldigitaldeasturias.com\\\/magazine365\\\/el-alcazar-de-sevilla-estudiara-la-posible-prohibicion-de-los-palos-de-selfie-y-regular-las-fotos-con-flash\\\/#mainImage\"},\"datePublished\":\"2016-01-07T06:27:55+01:00\",\"dateModified\":\"2016-01-07T06:27:55+01:00\"},{\"@type\":\"WebSite\",\"@id\":\"https:\\\/\\\/eldigitaldeasturias.com\\\/magazine365\\\/#website\",\"url\":\"https:\\\/\\\/eldigitaldeasturias.com\\\/magazine365\\\/\",\"name\":\"El Digital de Asturias\",\"description\":\"Revista de ocio, turismo y estilo de vida\",\"inLanguage\":\"es-ES\",\"publisher\":{\"@id\":\"https:\\\/\\\/eldigitaldeasturias.com\\\/magazine365\\\/#organization\"}}]}\n\t\t<\/script>\n\t\t<!-- All in One SEO Pro -->\r\n\t\t<title>El Alc\u00e1zar de Sevilla estudiar\u00e1 la posible prohibici\u00f3n de los palos de \u2018selfie\u2019 y regular las fotos con flash | El Digital de Asturias<\/title>\n\n","aioseo_head_json":{"title":"El Alc\u00e1zar de Sevilla estudiar\u00e1 la posible prohibici\u00f3n de los palos de \u2018selfie\u2019 y regular las fotos con flash | El Digital de Asturias","description":"El Patronato del Real Alc\u00e1zar de Sevilla, que gestiona este conjunto palaciego declarado Patrimonio de la Humanidad, celebrar\u00e1 durante el primer trimestre de este a\u00f1o una sesi\u00f3n destinada a debatir una serie de medidas para mejorar la seguridad del monumento y de sus visitantes, incluyendo entre las medidas a tratar la posible prohibici\u00f3n de los","canonical_url":"https:\/\/eldigitaldeasturias.com\/magazine365\/el-alcazar-de-sevilla-estudiara-la-posible-prohibicion-de-los-palos-de-selfie-y-regular-las-fotos-con-flash\/","robots":"max-image-preview:large","keywords":"noticias y actualidad","webmasterTools":{"google-site-verification":"UA-38556648-1","miscellaneous":""},"schema":{"@context":"https:\/\/schema.org","@graph":[{"@type":"Article","@id":"https:\/\/eldigitaldeasturias.com\/magazine365\/el-alcazar-de-sevilla-estudiara-la-posible-prohibicion-de-los-palos-de-selfie-y-regular-las-fotos-con-flash\/#article","name":"El Alc\u00e1zar de Sevilla estudiar\u00e1 la posible prohibici\u00f3n de los palos de \u2018selfie\u2019 y regular las fotos con flash | El Digital de Asturias","headline":"El Alc\u00e1zar de Sevilla estudiar\u00e1 la posible prohibici\u00f3n de los palos de &#8216;selfie&#8217; y regular las fotos con flash","author":{"@id":"https:\/\/eldigitaldeasturias.com\/magazine365\/author\/admin\/#author"},"publisher":{"@id":"https:\/\/eldigitaldeasturias.com\/magazine365\/#organization"},"image":{"@type":"ImageObject","url":"https:\/\/eldigitaldeasturias.com\/magazine365\/wp-content\/uploads\/2016\/01\/fotonoticia_20160104172112_800.jpg","width":800,"height":600},"datePublished":"2016-01-07T06:27:55+01:00","dateModified":"2016-01-07T06:27:55+01:00","inLanguage":"es-ES","mainEntityOfPage":{"@id":"https:\/\/eldigitaldeasturias.com\/magazine365\/el-alcazar-de-sevilla-estudiara-la-posible-prohibicion-de-los-palos-de-selfie-y-regular-las-fotos-con-flash\/#webpage"},"isPartOf":{"@id":"https:\/\/eldigitaldeasturias.com\/magazine365\/el-alcazar-de-sevilla-estudiara-la-posible-prohibicion-de-los-palos-de-selfie-y-regular-las-fotos-con-flash\/#webpage"},"articleSection":"Noticias y Actualidad"},{"@type":"BreadcrumbList","@id":"https:\/\/eldigitaldeasturias.com\/magazine365\/el-alcazar-de-sevilla-estudiara-la-posible-prohibicion-de-los-palos-de-selfie-y-regular-las-fotos-con-flash\/#breadcrumblist","itemListElement":[{"@type":"ListItem","@id":"https:\/\/eldigitaldeasturias.com\/magazine365#listItem","position":1,"name":"Home","item":"https:\/\/eldigitaldeasturias.com\/magazine365","nextItem":{"@type":"ListItem","@id":"https:\/\/eldigitaldeasturias.com\/magazine365\/category\/noticias-actualidad\/#listItem","name":"Noticias y Actualidad"}},{"@type":"ListItem","@id":"https:\/\/eldigitaldeasturias.com\/magazine365\/category\/noticias-actualidad\/#listItem","position":2,"name":"Noticias y Actualidad","item":"https:\/\/eldigitaldeasturias.com\/magazine365\/category\/noticias-actualidad\/","nextItem":{"@type":"ListItem","@id":"https:\/\/eldigitaldeasturias.com\/magazine365\/el-alcazar-de-sevilla-estudiara-la-posible-prohibicion-de-los-palos-de-selfie-y-regular-las-fotos-con-flash\/#listItem","name":"El Alc\u00e1zar de Sevilla estudiar\u00e1 la posible prohibici\u00f3n de los palos de &#8216;selfie&#8217; y regular las fotos con flash"},"previousItem":{"@type":"ListItem","@id":"https:\/\/eldigitaldeasturias.com\/magazine365#listItem","name":"Home"}},{"@type":"ListItem","@id":"https:\/\/eldigitaldeasturias.com\/magazine365\/el-alcazar-de-sevilla-estudiara-la-posible-prohibicion-de-los-palos-de-selfie-y-regular-las-fotos-con-flash\/#listItem","position":3,"name":"El Alc\u00e1zar de Sevilla estudiar\u00e1 la posible prohibici\u00f3n de los palos de &#8216;selfie&#8217; y regular las fotos con flash","previousItem":{"@type":"ListItem","@id":"https:\/\/eldigitaldeasturias.com\/magazine365\/category\/noticias-actualidad\/#listItem","name":"Noticias y Actualidad"}}]},{"@type":"Organization","@id":"https:\/\/eldigitaldeasturias.com\/magazine365\/#organization","name":"El digital de Asturias","description":"Revista de ocio, turismo y estilo de vida","url":"https:\/\/eldigitaldeasturias.com\/magazine365\/","logo":{"@type":"ImageObject","url":"https:\/\/www.eldigitaldeasturias.com\/noticias\/wp-content\/uploads\/2020\/12\/EDA.jpg","@id":"https:\/\/eldigitaldeasturias.com\/magazine365\/el-alcazar-de-sevilla-estudiara-la-posible-prohibicion-de-los-palos-de-selfie-y-regular-las-fotos-con-flash\/#organizationLogo"},"image":{"@id":"https:\/\/eldigitaldeasturias.com\/magazine365\/el-alcazar-de-sevilla-estudiara-la-posible-prohibicion-de-los-palos-de-selfie-y-regular-las-fotos-con-flash\/#organizationLogo"}},{"@type":"Person","@id":"https:\/\/eldigitaldeasturias.com\/magazine365\/author\/admin\/#author","url":"https:\/\/eldigitaldeasturias.com\/magazine365\/author\/admin\/","name":"admin","image":{"@type":"ImageObject","@id":"https:\/\/eldigitaldeasturias.com\/magazine365\/el-alcazar-de-sevilla-estudiara-la-posible-prohibicion-de-los-palos-de-selfie-y-regular-las-fotos-con-flash\/#authorImage","url":"https:\/\/eldigitaldeasturias.com\/magazine365\/wp-content\/litespeed\/avatar\/e571bcf59a0edd6fa6838245a470f2fe.jpg?ver=1777574230","width":96,"height":96,"caption":"admin"}},{"@type":"WebPage","@id":"https:\/\/eldigitaldeasturias.com\/magazine365\/el-alcazar-de-sevilla-estudiara-la-posible-prohibicion-de-los-palos-de-selfie-y-regular-las-fotos-con-flash\/#webpage","url":"https:\/\/eldigitaldeasturias.com\/magazine365\/el-alcazar-de-sevilla-estudiara-la-posible-prohibicion-de-los-palos-de-selfie-y-regular-las-fotos-con-flash\/","name":"El Alc\u00e1zar de Sevilla estudiar\u00e1 la posible prohibici\u00f3n de los palos de \u2018selfie\u2019 y regular las fotos con flash | El Digital de Asturias","description":"El Patronato del Real Alc\u00e1zar de Sevilla, que gestiona este conjunto palaciego declarado Patrimonio de la Humanidad, celebrar\u00e1 durante el primer trimestre de este a\u00f1o una sesi\u00f3n destinada a debatir una serie de medidas para mejorar la seguridad del monumento y de sus visitantes, incluyendo entre las medidas a tratar la posible prohibici\u00f3n de los","inLanguage":"es-ES","isPartOf":{"@id":"https:\/\/eldigitaldeasturias.com\/magazine365\/#website"},"breadcrumb":{"@id":"https:\/\/eldigitaldeasturias.com\/magazine365\/el-alcazar-de-sevilla-estudiara-la-posible-prohibicion-de-los-palos-de-selfie-y-regular-las-fotos-con-flash\/#breadcrumblist"},"author":{"@id":"https:\/\/eldigitaldeasturias.com\/magazine365\/author\/admin\/#author"},"creator":{"@id":"https:\/\/eldigitaldeasturias.com\/magazine365\/author\/admin\/#author"},"image":{"@type":"ImageObject","url":"https:\/\/eldigitaldeasturias.com\/magazine365\/wp-content\/uploads\/2016\/01\/fotonoticia_20160104172112_800.jpg","@id":"https:\/\/eldigitaldeasturias.com\/magazine365\/el-alcazar-de-sevilla-estudiara-la-posible-prohibicion-de-los-palos-de-selfie-y-regular-las-fotos-con-flash\/#mainImage","width":800,"height":600},"primaryImageOfPage":{"@id":"https:\/\/eldigitaldeasturias.com\/magazine365\/el-alcazar-de-sevilla-estudiara-la-posible-prohibicion-de-los-palos-de-selfie-y-regular-las-fotos-con-flash\/#mainImage"},"datePublished":"2016-01-07T06:27:55+01:00","dateModified":"2016-01-07T06:27:55+01:00"},{"@type":"WebSite","@id":"https:\/\/eldigitaldeasturias.com\/magazine365\/#website","url":"https:\/\/eldigitaldeasturias.com\/magazine365\/","name":"El Digital de Asturias","description":"Revista de ocio, turismo y estilo de vida","inLanguage":"es-ES","publisher":{"@id":"https:\/\/eldigitaldeasturias.com\/magazine365\/#organization"}}]},"og:locale":"es_ES","og:site_name":"El Digital de Asturias \u2013 Revista de ocio, turismo y estilo de vida","og:type":"article","og:title":"El Alc\u00e1zar de Sevilla estudiar\u00e1 la posible prohibici\u00f3n de los palos de \u2018selfie\u2019 y regular las fotos con flash | El Digital de Asturias","og:description":"El Patronato del Real Alc\u00e1zar de Sevilla, que gestiona este conjunto palaciego declarado Patrimonio de la Humanidad, celebrar\u00e1 durante el primer trimestre de este a\u00f1o una sesi\u00f3n destinada a debatir una serie de medidas para mejorar la seguridad del monumento y de sus visitantes, incluyendo entre las medidas a tratar la posible prohibici\u00f3n de los","og:url":"https:\/\/eldigitaldeasturias.com\/magazine365\/el-alcazar-de-sevilla-estudiara-la-posible-prohibicion-de-los-palos-de-selfie-y-regular-las-fotos-con-flash\/","og:image":"https:\/\/eldigitaldeasturias.com\/magazine365\/wp-content\/uploads\/2016\/01\/fotonoticia_20160104172112_800.jpg","og:image:secure_url":"https:\/\/eldigitaldeasturias.com\/magazine365\/wp-content\/uploads\/2016\/01\/fotonoticia_20160104172112_800.jpg","og:image:width":800,"og:image:height":600,"article:published_time":"2016-01-07T05:27:55+00:00","article:modified_time":"2016-01-07T05:27:55+00:00","twitter:card":"summary_large_image","twitter:title":"El Alc\u00e1zar de Sevilla estudiar\u00e1 la posible prohibici\u00f3n de los palos de \u2018selfie\u2019 y regular las fotos con flash | El Digital de Asturias","twitter:description":"El Patronato del Real Alc\u00e1zar de Sevilla, que gestiona este conjunto palaciego declarado Patrimonio de la Humanidad, celebrar\u00e1 durante el primer trimestre de este a\u00f1o una sesi\u00f3n destinada a debatir una serie de medidas para mejorar la seguridad del monumento y de sus visitantes, incluyendo entre las medidas a tratar la posible prohibici\u00f3n de los","twitter:image":"https:\/\/eldigitaldeasturias.com\/magazine365\/wp-content\/uploads\/2016\/01\/fotonoticia_20160104172112_800.jpg"},"aioseo_meta_data":{"post_id":"59754","title":null,"description":null,"keywords":null,"keyphrases":null,"primary_term":null,"canonical_url":null,"og_title":null,"og_description":null,"og_object_type":"default","og_image_type":"default","og_image_url":null,"og_image_width":null,"og_image_height":null,"og_image_custom_url":null,"og_image_custom_fields":null,"og_video":null,"og_custom_url":null,"og_article_section":null,"og_article_tags":null,"twitter_use_og":false,"twitter_card":"default","twitter_image_type":"default","twitter_image_url":null,"twitter_image_custom_url":null,"twitter_image_custom_fields":null,"twitter_title":null,"twitter_description":null,"schema":{"blockGraphs":[],"customGraphs":[],"default":{"data":{"Article":[],"Course":[],"Dataset":[],"FAQPage":[],"Movie":[],"Person":[],"Product":[],"ProductReview":[],"Car":[],"Recipe":[],"Service":[],"SoftwareApplication":[],"WebPage":[]},"graphName":"","isEnabled":true},"graphs":[],"defaultGraph":"","defaultPostTypeGraph":""},"schema_type":null,"schema_type_options":null,"pillar_content":false,"robots_default":true,"robots_noindex":false,"robots_noarchive":false,"robots_nosnippet":false,"robots_nofollow":false,"robots_noimageindex":false,"robots_noodp":false,"robots_notranslate":false,"robots_max_snippet":null,"robots_max_videopreview":null,"robots_max_imagepreview":"large","priority":null,"frequency":null,"location":null,"local_seo":null,"seo_analyzer_scan_date":"2025-09-25 05:34:15","breadcrumb_settings":null,"limit_modified_date":false,"open_ai":null,"ai":null,"created":"2021-03-08 22:10:58","updated":"2025-09-25 05:34:15"},"aioseo_breadcrumb":"<div class=\"aioseo-breadcrumbs\"><span class=\"aioseo-breadcrumb\">\n\t<a href=\"https:\/\/eldigitaldeasturias.com\/magazine365\" title=\"Home\">Home<\/a>\n<\/span><span class=\"aioseo-breadcrumb-separator\">\u2013<\/span><span class=\"aioseo-breadcrumb\">\n\t<a href=\"https:\/\/eldigitaldeasturias.com\/magazine365\/category\/noticias-actualidad\/\" title=\"Noticias y Actualidad\">Noticias y Actualidad<\/a>\n<\/span><span class=\"aioseo-breadcrumb-separator\">\u2013<\/span><span class=\"aioseo-breadcrumb\">\n\t<a href=\"https:\/\/eldigitaldeasturias.com\/magazine365\/el-alcazar-de-sevilla-estudiara-la-posible-prohibicion-de-los-palos-de-selfie-y-regular-las-fotos-con-flash\/\" title=\"El Alc\u00e1zar de Sevilla estudiar\u00e1 la posible prohibici\u00f3n de los palos de \u2018selfie\u2019 y regular las fotos con flash\">El Alc\u00e1zar de Sevilla estudiar\u00e1 la posible prohibici\u00f3n de los palos de \u2018selfie\u2019 y regular las fotos con flash<\/a>\n<\/span><\/div>","aioseo_breadcrumb_json":[{"label":"Home","link":"https:\/\/eldigitaldeasturias.com\/magazine365"},{"label":"Noticias y Actualidad","link":"https:\/\/eldigitaldeasturias.com\/magazine365\/category\/noticias-actualidad\/"},{"label":"El Alc\u00e1zar de Sevilla estudiar\u00e1 la posible prohibici\u00f3n de los palos de &#8216;selfie&#8217; y regular las fotos con flash","link":"https:\/\/eldigitaldeasturias.com\/magazine365\/el-alcazar-de-sevilla-estudiara-la-posible-prohibicion-de-los-palos-de-selfie-y-regular-las-fotos-con-flash\/"}],"_links":{"self":[{"href":"https:\/\/eldigitaldeasturias.com\/magazine365\/wp-json\/wp\/v2\/posts\/59754","targetHints":{"allow":["GET"]}}],"collection":[{"href":"https:\/\/eldigitaldeasturias.com\/magazine365\/wp-json\/wp\/v2\/posts"}],"about":[{"href":"https:\/\/eldigitaldeasturias.com\/magazine365\/wp-json\/wp\/v2\/types\/post"}],"author":[{"embeddable":true,"href":"https:\/\/eldigitaldeasturias.com\/magazine365\/wp-json\/wp\/v2\/users\/1"}],"replies":[{"embeddable":true,"href":"https:\/\/eldigitaldeasturias.com\/magazine365\/wp-json\/wp\/v2\/comments?post=59754"}],"version-history":[{"count":0,"href":"https:\/\/eldigitaldeasturias.com\/magazine365\/wp-json\/wp\/v2\/posts\/59754\/revisions"}],"wp:featuredmedia":[{"embeddable":true,"href":"https:\/\/eldigitaldeasturias.com\/magazine365\/wp-json\/wp\/v2\/media\/59755"}],"wp:attachment":[{"href":"https:\/\/eldigitaldeasturias.com\/magazine365\/wp-json\/wp\/v2\/media?parent=59754"}],"wp:term":[{"taxonomy":"category","embeddable":true,"href":"https:\/\/eldigitaldeasturias.com\/magazine365\/wp-json\/wp\/v2\/categories?post=59754"},{"taxonomy":"post_tag","embeddable":true,"href":"https:\/\/eldigitaldeasturias.com\/magazine365\/wp-json\/wp\/v2\/tags?post=59754"}],"curies":[{"name":"wp","href":"https:\/\/api.w.org\/{rel}","templated":true}]}}