{"id":59702,"date":"2016-01-05T03:08:37","date_gmt":"2016-01-05T02:08:37","guid":{"rendered":"http:\/\/eldigitaldeasturias.com\/magazine365\/?p=59702"},"modified":"2016-01-05T03:08:37","modified_gmt":"2016-01-05T02:08:37","slug":"el-palacio-real-de-la-granja-incrementa-en-un-83-la-cifra-de-visitantes-en-2015","status":"publish","type":"post","link":"https:\/\/eldigitaldeasturias.com\/magazine365\/el-palacio-real-de-la-granja-incrementa-en-un-83-la-cifra-de-visitantes-en-2015\/","title":{"rendered":"El Palacio Real de La Granja incrementa en un 8,3% la cifra de visitantes en 2015"},"content":{"rendered":"<p><img fetchpriority=\"high\" decoding=\"async\" class=\"alignleft size-medium wp-image-59703\" src=\"https:\/\/eldigitaldeasturias.com\/magazine365\/wp-content\/uploads\/2016\/01\/fotonoticia_20160104121226_800-360x240.jpg\" alt=\"fotonoticia_20160104121226_800\" width=\"360\" height=\"240\" srcset=\"https:\/\/eldigitaldeasturias.com\/magazine365\/wp-content\/uploads\/2016\/01\/fotonoticia_20160104121226_800-360x240.jpg 360w, https:\/\/eldigitaldeasturias.com\/magazine365\/wp-content\/uploads\/2016\/01\/fotonoticia_20160104121226_800-650x434.jpg 650w, https:\/\/eldigitaldeasturias.com\/magazine365\/wp-content\/uploads\/2016\/01\/fotonoticia_20160104121226_800-768x513.jpg 768w, https:\/\/eldigitaldeasturias.com\/magazine365\/wp-content\/uploads\/2016\/01\/fotonoticia_20160104121226_800-150x100.jpg 150w, https:\/\/eldigitaldeasturias.com\/magazine365\/wp-content\/uploads\/2016\/01\/fotonoticia_20160104121226_800-450x300.jpg 450w, https:\/\/eldigitaldeasturias.com\/magazine365\/wp-content\/uploads\/2016\/01\/fotonoticia_20160104121226_800-696x465.jpg 696w, https:\/\/eldigitaldeasturias.com\/magazine365\/wp-content\/uploads\/2016\/01\/fotonoticia_20160104121226_800-629x420.jpg 629w, https:\/\/eldigitaldeasturias.com\/magazine365\/wp-content\/uploads\/2016\/01\/fotonoticia_20160104121226_800-101x66.jpg 101w, https:\/\/eldigitaldeasturias.com\/magazine365\/wp-content\/uploads\/2016\/01\/fotonoticia_20160104121226_800.jpg 800w\" sizes=\"(max-width: 360px) 100vw, 360px\" \/>El n\u00famero de visitantes al Palacio Real de La Granja (Segovia) se increment\u00f3 en 2015 en un 8,37 por ciento con respecto al a\u00f1o anterior, lo que le sit\u00faa entre los monumentos de Patrimonio Nacional con mayor aumento de visitas en el \u00faltimo a\u00f1o junto con los palacios reales de Madrid y La Almudaina (Palma) y el Monasterio de Yuste (C\u00e1ceres).<\/p>\n<p>Adem\u00e1s, el pasado a\u00f1o pasaron por el Real Sitio de La Granja 303.315 personas, el diez por ciento de las que visitaron los reales sitios de Patrimonio Nacional, que en su conjunto recibieron a 3.013.412 personas, un 6,75 por ciento m\u00e1s con respecto al a\u00f1o 2014.<\/p>\n<p>Nuevamente el lugar m\u00e1s visitado fue el Palacio Real de Madrid, con 1.329.282 personas, cifra que supone un aumento de 131.790 entradas (un 11,01 por ciento) con respecto a 2014.<\/p>\n<p>Este inmueble est\u00e1 abierto todos los d\u00edas del a\u00f1o, con la excepci\u00f3n de aquellos en los que se celebran actos de Estado, y que, de lunes a jueves, el acceso es gratuito durante las dos \u00faltimas horas de apertura, seg\u00fan precisan fuentes de Patrimonio Nacional.<\/p>\n<p>Con respecto al resto de los reales sitios, en 2015 destacaron tambi\u00e9n el de El Escorial, con 473.932 personas, y el de Aranjuez, con 263.752.<\/p>\n<p>Los monumentos de Patrimonio Nacional que han experimentado un mayor incremento en el flujo de visitantes, adem\u00e1s del Palacio Real de Madrid y el de La Granja, son el Palacio Real de La Almudaina con un 9,20 por ciento y el Monasterio de Yuste con un 9,09 por ciento.<\/p>\n<p>En lo relativo a las exposiciones temporales organizadas por Patrimonio Nacional, que en 2015 se registr\u00f3 un importante aumento de visitantes a las mismas. As\u00ed, 257.740 personas pasaron por las muestras &#8216;El Retrato en las Colecciones Reales. De Juan de Flandes a Antonio L\u00f3pez&#8217; y &#8216;Arte Contempor\u00e1neo en Palacio. Pintura y Escultura en las Colecciones Reales&#8217;, ambas en el Palacio Real de Madrid. Esta \u00faltima exposici\u00f3n permanecer\u00e1 abierta hasta el pr\u00f3ximo 28 de febrero.<\/p>\n<p>Por otra parte, 84.489 personas han visitado en las navidades de este a\u00f1o 2015 el Bel\u00e9n Napolitano del Pr\u00edncipe en el Sal\u00f3n de Alabarderos del Palacio Real de Madrid. El Bel\u00e9n continuar\u00e1 abierto hasta el domingo 10 de enero.<\/p>\n<p>Adem\u00e1s, a la cifra total de visitantes hay que a\u00f1adir los 20.207 asistentes a los 38 conciertos organizados por Patrimonio Nacional. En estos datos no se recogen los visitantes a los Jardines de los Reales Sitios.<\/p>\n","protected":false},"excerpt":{"rendered":"<p>El n\u00famero de visitantes al Palacio Real de La Granja (Segovia) se increment\u00f3 en 2015 en un 8,37 por ciento con respecto al a\u00f1o anterior, lo que le sit\u00faa entre los monumentos de Patrimonio Nacional con mayor aumento de visitas en el \u00faltimo a\u00f1o junto con los palacios reales de Madrid y La Almudaina (Palma)<\/p>\n","protected":false},"author":1,"featured_media":59703,"comment_status":"open","ping_status":"closed","sticky":false,"template":"","format":"standard","meta":{"footnotes":""},"categories":[224],"tags":[],"class_list":{"0":"post-59702","1":"post","2":"type-post","3":"status-publish","4":"format-standard","5":"has-post-thumbnail","7":"category-noticias-actualidad"},"aioseo_notices":[],"aioseo_head":"\n\t\t<!-- All in One SEO Pro 4.9.6.1 - aioseo.com -->\n\t<meta name=\"description\" content=\"El n\u00famero de visitantes al Palacio Real de La Granja (Segovia) se increment\u00f3 en 2015 en un 8,37 por ciento con respecto al a\u00f1o anterior, lo que le sit\u00faa entre los monumentos de Patrimonio Nacional con mayor aumento de visitas en el \u00faltimo a\u00f1o junto con los palacios reales de Madrid y La Almudaina (Palma)\" \/>\n\t<meta name=\"robots\" content=\"max-image-preview:large\" \/>\n\t<meta name=\"author\" content=\"admin\"\/>\n\t<meta name=\"google-site-verification\" content=\"UA-38556648-1\" \/>\n\t<meta name=\"keywords\" content=\"noticias y actualidad\" \/>\n\t<link rel=\"canonical\" href=\"https:\/\/eldigitaldeasturias.com\/magazine365\/el-palacio-real-de-la-granja-incrementa-en-un-83-la-cifra-de-visitantes-en-2015\/\" \/>\n\t<meta name=\"generator\" content=\"All in One SEO Pro (AIOSEO) 4.9.6.1\" \/>\n\t\t<meta property=\"og:locale\" content=\"es_ES\" \/>\n\t\t<meta property=\"og:site_name\" content=\"El Digital de Asturias \u2013 Revista de ocio, turismo y estilo de vida\" \/>\n\t\t<meta property=\"og:type\" content=\"article\" \/>\n\t\t<meta property=\"og:title\" content=\"El Palacio Real de La Granja incrementa en un 8,3% la cifra de visitantes en 2015 | El Digital de Asturias\" \/>\n\t\t<meta property=\"og:description\" content=\"El n\u00famero de visitantes al Palacio Real de La Granja (Segovia) se increment\u00f3 en 2015 en un 8,37 por ciento con respecto al a\u00f1o anterior, lo que le sit\u00faa entre los monumentos de Patrimonio Nacional con mayor aumento de visitas en el \u00faltimo a\u00f1o junto con los palacios reales de Madrid y La Almudaina (Palma)\" \/>\n\t\t<meta property=\"og:url\" content=\"https:\/\/eldigitaldeasturias.com\/magazine365\/el-palacio-real-de-la-granja-incrementa-en-un-83-la-cifra-de-visitantes-en-2015\/\" \/>\n\t\t<meta property=\"og:image\" content=\"https:\/\/eldigitaldeasturias.com\/magazine365\/wp-content\/uploads\/2016\/01\/fotonoticia_20160104121226_800.jpg\" \/>\n\t\t<meta property=\"og:image:secure_url\" content=\"https:\/\/eldigitaldeasturias.com\/magazine365\/wp-content\/uploads\/2016\/01\/fotonoticia_20160104121226_800.jpg\" \/>\n\t\t<meta property=\"og:image:width\" content=\"800\" \/>\n\t\t<meta property=\"og:image:height\" content=\"534\" \/>\n\t\t<meta property=\"article:published_time\" content=\"2016-01-05T02:08:37+00:00\" \/>\n\t\t<meta property=\"article:modified_time\" content=\"2016-01-05T02:08:37+00:00\" \/>\n\t\t<meta name=\"twitter:card\" content=\"summary_large_image\" \/>\n\t\t<meta name=\"twitter:title\" content=\"El Palacio Real de La Granja incrementa en un 8,3% la cifra de visitantes en 2015 | El Digital de Asturias\" \/>\n\t\t<meta name=\"twitter:description\" content=\"El n\u00famero de visitantes al Palacio Real de La Granja (Segovia) se increment\u00f3 en 2015 en un 8,37 por ciento con respecto al a\u00f1o anterior, lo que le sit\u00faa entre los monumentos de Patrimonio Nacional con mayor aumento de visitas en el \u00faltimo a\u00f1o junto con los palacios reales de Madrid y La Almudaina (Palma)\" \/>\n\t\t<meta name=\"twitter:image\" content=\"https:\/\/eldigitaldeasturias.com\/magazine365\/wp-content\/uploads\/2016\/01\/fotonoticia_20160104121226_800.jpg\" \/>\n\t\t<script type=\"application\/ld+json\" class=\"aioseo-schema\">\n\t\t\t{\"@context\":\"https:\\\/\\\/schema.org\",\"@graph\":[{\"@type\":\"Article\",\"@id\":\"https:\\\/\\\/eldigitaldeasturias.com\\\/magazine365\\\/el-palacio-real-de-la-granja-incrementa-en-un-83-la-cifra-de-visitantes-en-2015\\\/#article\",\"name\":\"El Palacio Real de La Granja incrementa en un 8,3% la cifra de visitantes en 2015 | El Digital de Asturias\",\"headline\":\"El Palacio Real de La Granja incrementa en un 8,3% la cifra de visitantes en 2015\",\"author\":{\"@id\":\"https:\\\/\\\/eldigitaldeasturias.com\\\/magazine365\\\/author\\\/admin\\\/#author\"},\"publisher\":{\"@id\":\"https:\\\/\\\/eldigitaldeasturias.com\\\/magazine365\\\/#organization\"},\"image\":{\"@type\":\"ImageObject\",\"url\":\"https:\\\/\\\/eldigitaldeasturias.com\\\/magazine365\\\/wp-content\\\/uploads\\\/2016\\\/01\\\/fotonoticia_20160104121226_800.jpg\",\"width\":800,\"height\":534},\"datePublished\":\"2016-01-05T03:08:37+01:00\",\"dateModified\":\"2016-01-05T03:08:37+01:00\",\"inLanguage\":\"es-ES\",\"mainEntityOfPage\":{\"@id\":\"https:\\\/\\\/eldigitaldeasturias.com\\\/magazine365\\\/el-palacio-real-de-la-granja-incrementa-en-un-83-la-cifra-de-visitantes-en-2015\\\/#webpage\"},\"isPartOf\":{\"@id\":\"https:\\\/\\\/eldigitaldeasturias.com\\\/magazine365\\\/el-palacio-real-de-la-granja-incrementa-en-un-83-la-cifra-de-visitantes-en-2015\\\/#webpage\"},\"articleSection\":\"Noticias y Actualidad\"},{\"@type\":\"BreadcrumbList\",\"@id\":\"https:\\\/\\\/eldigitaldeasturias.com\\\/magazine365\\\/el-palacio-real-de-la-granja-incrementa-en-un-83-la-cifra-de-visitantes-en-2015\\\/#breadcrumblist\",\"itemListElement\":[{\"@type\":\"ListItem\",\"@id\":\"https:\\\/\\\/eldigitaldeasturias.com\\\/magazine365#listItem\",\"position\":1,\"name\":\"Home\",\"item\":\"https:\\\/\\\/eldigitaldeasturias.com\\\/magazine365\",\"nextItem\":{\"@type\":\"ListItem\",\"@id\":\"https:\\\/\\\/eldigitaldeasturias.com\\\/magazine365\\\/category\\\/noticias-actualidad\\\/#listItem\",\"name\":\"Noticias y Actualidad\"}},{\"@type\":\"ListItem\",\"@id\":\"https:\\\/\\\/eldigitaldeasturias.com\\\/magazine365\\\/category\\\/noticias-actualidad\\\/#listItem\",\"position\":2,\"name\":\"Noticias y Actualidad\",\"item\":\"https:\\\/\\\/eldigitaldeasturias.com\\\/magazine365\\\/category\\\/noticias-actualidad\\\/\",\"nextItem\":{\"@type\":\"ListItem\",\"@id\":\"https:\\\/\\\/eldigitaldeasturias.com\\\/magazine365\\\/el-palacio-real-de-la-granja-incrementa-en-un-83-la-cifra-de-visitantes-en-2015\\\/#listItem\",\"name\":\"El Palacio Real de La Granja incrementa en un 8,3% la cifra de visitantes en 2015\"},\"previousItem\":{\"@type\":\"ListItem\",\"@id\":\"https:\\\/\\\/eldigitaldeasturias.com\\\/magazine365#listItem\",\"name\":\"Home\"}},{\"@type\":\"ListItem\",\"@id\":\"https:\\\/\\\/eldigitaldeasturias.com\\\/magazine365\\\/el-palacio-real-de-la-granja-incrementa-en-un-83-la-cifra-de-visitantes-en-2015\\\/#listItem\",\"position\":3,\"name\":\"El Palacio Real de La Granja incrementa en un 8,3% la cifra de visitantes en 2015\",\"previousItem\":{\"@type\":\"ListItem\",\"@id\":\"https:\\\/\\\/eldigitaldeasturias.com\\\/magazine365\\\/category\\\/noticias-actualidad\\\/#listItem\",\"name\":\"Noticias y Actualidad\"}}]},{\"@type\":\"Organization\",\"@id\":\"https:\\\/\\\/eldigitaldeasturias.com\\\/magazine365\\\/#organization\",\"name\":\"El digital de Asturias\",\"description\":\"Revista de ocio, turismo y estilo de vida\",\"url\":\"https:\\\/\\\/eldigitaldeasturias.com\\\/magazine365\\\/\",\"logo\":{\"@type\":\"ImageObject\",\"url\":\"https:\\\/\\\/www.eldigitaldeasturias.com\\\/noticias\\\/wp-content\\\/uploads\\\/2020\\\/12\\\/EDA.jpg\",\"@id\":\"https:\\\/\\\/eldigitaldeasturias.com\\\/magazine365\\\/el-palacio-real-de-la-granja-incrementa-en-un-83-la-cifra-de-visitantes-en-2015\\\/#organizationLogo\"},\"image\":{\"@id\":\"https:\\\/\\\/eldigitaldeasturias.com\\\/magazine365\\\/el-palacio-real-de-la-granja-incrementa-en-un-83-la-cifra-de-visitantes-en-2015\\\/#organizationLogo\"}},{\"@type\":\"Person\",\"@id\":\"https:\\\/\\\/eldigitaldeasturias.com\\\/magazine365\\\/author\\\/admin\\\/#author\",\"url\":\"https:\\\/\\\/eldigitaldeasturias.com\\\/magazine365\\\/author\\\/admin\\\/\",\"name\":\"admin\",\"image\":{\"@type\":\"ImageObject\",\"@id\":\"https:\\\/\\\/eldigitaldeasturias.com\\\/magazine365\\\/el-palacio-real-de-la-granja-incrementa-en-un-83-la-cifra-de-visitantes-en-2015\\\/#authorImage\",\"url\":\"https:\\\/\\\/eldigitaldeasturias.com\\\/magazine365\\\/wp-content\\\/litespeed\\\/avatar\\\/e571bcf59a0edd6fa6838245a470f2fe.jpg?ver=1777574230\",\"width\":96,\"height\":96,\"caption\":\"admin\"}},{\"@type\":\"WebPage\",\"@id\":\"https:\\\/\\\/eldigitaldeasturias.com\\\/magazine365\\\/el-palacio-real-de-la-granja-incrementa-en-un-83-la-cifra-de-visitantes-en-2015\\\/#webpage\",\"url\":\"https:\\\/\\\/eldigitaldeasturias.com\\\/magazine365\\\/el-palacio-real-de-la-granja-incrementa-en-un-83-la-cifra-de-visitantes-en-2015\\\/\",\"name\":\"El Palacio Real de La Granja incrementa en un 8,3% la cifra de visitantes en 2015 | El Digital de Asturias\",\"description\":\"El n\\u00famero de visitantes al Palacio Real de La Granja (Segovia) se increment\\u00f3 en 2015 en un 8,37 por ciento con respecto al a\\u00f1o anterior, lo que le sit\\u00faa entre los monumentos de Patrimonio Nacional con mayor aumento de visitas en el \\u00faltimo a\\u00f1o junto con los palacios reales de Madrid y La Almudaina (Palma)\",\"inLanguage\":\"es-ES\",\"isPartOf\":{\"@id\":\"https:\\\/\\\/eldigitaldeasturias.com\\\/magazine365\\\/#website\"},\"breadcrumb\":{\"@id\":\"https:\\\/\\\/eldigitaldeasturias.com\\\/magazine365\\\/el-palacio-real-de-la-granja-incrementa-en-un-83-la-cifra-de-visitantes-en-2015\\\/#breadcrumblist\"},\"author\":{\"@id\":\"https:\\\/\\\/eldigitaldeasturias.com\\\/magazine365\\\/author\\\/admin\\\/#author\"},\"creator\":{\"@id\":\"https:\\\/\\\/eldigitaldeasturias.com\\\/magazine365\\\/author\\\/admin\\\/#author\"},\"image\":{\"@type\":\"ImageObject\",\"url\":\"https:\\\/\\\/eldigitaldeasturias.com\\\/magazine365\\\/wp-content\\\/uploads\\\/2016\\\/01\\\/fotonoticia_20160104121226_800.jpg\",\"@id\":\"https:\\\/\\\/eldigitaldeasturias.com\\\/magazine365\\\/el-palacio-real-de-la-granja-incrementa-en-un-83-la-cifra-de-visitantes-en-2015\\\/#mainImage\",\"width\":800,\"height\":534},\"primaryImageOfPage\":{\"@id\":\"https:\\\/\\\/eldigitaldeasturias.com\\\/magazine365\\\/el-palacio-real-de-la-granja-incrementa-en-un-83-la-cifra-de-visitantes-en-2015\\\/#mainImage\"},\"datePublished\":\"2016-01-05T03:08:37+01:00\",\"dateModified\":\"2016-01-05T03:08:37+01:00\"},{\"@type\":\"WebSite\",\"@id\":\"https:\\\/\\\/eldigitaldeasturias.com\\\/magazine365\\\/#website\",\"url\":\"https:\\\/\\\/eldigitaldeasturias.com\\\/magazine365\\\/\",\"name\":\"El Digital de Asturias\",\"description\":\"Revista de ocio, turismo y estilo de vida\",\"inLanguage\":\"es-ES\",\"publisher\":{\"@id\":\"https:\\\/\\\/eldigitaldeasturias.com\\\/magazine365\\\/#organization\"}}]}\n\t\t<\/script>\n\t\t<!-- All in One SEO Pro -->\r\n\t\t<title>El Palacio Real de La Granja incrementa en un 8,3% la cifra de visitantes en 2015 | El Digital de Asturias<\/title>\n\n","aioseo_head_json":{"title":"El Palacio Real de La Granja incrementa en un 8,3% la cifra de visitantes en 2015 | El Digital de Asturias","description":"El n\u00famero de visitantes al Palacio Real de La Granja (Segovia) se increment\u00f3 en 2015 en un 8,37 por ciento con respecto al a\u00f1o anterior, lo que le sit\u00faa entre los monumentos de Patrimonio Nacional con mayor aumento de visitas en el \u00faltimo a\u00f1o junto con los palacios reales de Madrid y La Almudaina (Palma)","canonical_url":"https:\/\/eldigitaldeasturias.com\/magazine365\/el-palacio-real-de-la-granja-incrementa-en-un-83-la-cifra-de-visitantes-en-2015\/","robots":"max-image-preview:large","keywords":"noticias y actualidad","webmasterTools":{"google-site-verification":"UA-38556648-1","miscellaneous":""},"schema":{"@context":"https:\/\/schema.org","@graph":[{"@type":"Article","@id":"https:\/\/eldigitaldeasturias.com\/magazine365\/el-palacio-real-de-la-granja-incrementa-en-un-83-la-cifra-de-visitantes-en-2015\/#article","name":"El Palacio Real de La Granja incrementa en un 8,3% la cifra de visitantes en 2015 | El Digital de Asturias","headline":"El Palacio Real de La Granja incrementa en un 8,3% la cifra de visitantes en 2015","author":{"@id":"https:\/\/eldigitaldeasturias.com\/magazine365\/author\/admin\/#author"},"publisher":{"@id":"https:\/\/eldigitaldeasturias.com\/magazine365\/#organization"},"image":{"@type":"ImageObject","url":"https:\/\/eldigitaldeasturias.com\/magazine365\/wp-content\/uploads\/2016\/01\/fotonoticia_20160104121226_800.jpg","width":800,"height":534},"datePublished":"2016-01-05T03:08:37+01:00","dateModified":"2016-01-05T03:08:37+01:00","inLanguage":"es-ES","mainEntityOfPage":{"@id":"https:\/\/eldigitaldeasturias.com\/magazine365\/el-palacio-real-de-la-granja-incrementa-en-un-83-la-cifra-de-visitantes-en-2015\/#webpage"},"isPartOf":{"@id":"https:\/\/eldigitaldeasturias.com\/magazine365\/el-palacio-real-de-la-granja-incrementa-en-un-83-la-cifra-de-visitantes-en-2015\/#webpage"},"articleSection":"Noticias y Actualidad"},{"@type":"BreadcrumbList","@id":"https:\/\/eldigitaldeasturias.com\/magazine365\/el-palacio-real-de-la-granja-incrementa-en-un-83-la-cifra-de-visitantes-en-2015\/#breadcrumblist","itemListElement":[{"@type":"ListItem","@id":"https:\/\/eldigitaldeasturias.com\/magazine365#listItem","position":1,"name":"Home","item":"https:\/\/eldigitaldeasturias.com\/magazine365","nextItem":{"@type":"ListItem","@id":"https:\/\/eldigitaldeasturias.com\/magazine365\/category\/noticias-actualidad\/#listItem","name":"Noticias y Actualidad"}},{"@type":"ListItem","@id":"https:\/\/eldigitaldeasturias.com\/magazine365\/category\/noticias-actualidad\/#listItem","position":2,"name":"Noticias y Actualidad","item":"https:\/\/eldigitaldeasturias.com\/magazine365\/category\/noticias-actualidad\/","nextItem":{"@type":"ListItem","@id":"https:\/\/eldigitaldeasturias.com\/magazine365\/el-palacio-real-de-la-granja-incrementa-en-un-83-la-cifra-de-visitantes-en-2015\/#listItem","name":"El Palacio Real de La Granja incrementa en un 8,3% la cifra de visitantes en 2015"},"previousItem":{"@type":"ListItem","@id":"https:\/\/eldigitaldeasturias.com\/magazine365#listItem","name":"Home"}},{"@type":"ListItem","@id":"https:\/\/eldigitaldeasturias.com\/magazine365\/el-palacio-real-de-la-granja-incrementa-en-un-83-la-cifra-de-visitantes-en-2015\/#listItem","position":3,"name":"El Palacio Real de La Granja incrementa en un 8,3% la cifra de visitantes en 2015","previousItem":{"@type":"ListItem","@id":"https:\/\/eldigitaldeasturias.com\/magazine365\/category\/noticias-actualidad\/#listItem","name":"Noticias y Actualidad"}}]},{"@type":"Organization","@id":"https:\/\/eldigitaldeasturias.com\/magazine365\/#organization","name":"El digital de Asturias","description":"Revista de ocio, turismo y estilo de vida","url":"https:\/\/eldigitaldeasturias.com\/magazine365\/","logo":{"@type":"ImageObject","url":"https:\/\/www.eldigitaldeasturias.com\/noticias\/wp-content\/uploads\/2020\/12\/EDA.jpg","@id":"https:\/\/eldigitaldeasturias.com\/magazine365\/el-palacio-real-de-la-granja-incrementa-en-un-83-la-cifra-de-visitantes-en-2015\/#organizationLogo"},"image":{"@id":"https:\/\/eldigitaldeasturias.com\/magazine365\/el-palacio-real-de-la-granja-incrementa-en-un-83-la-cifra-de-visitantes-en-2015\/#organizationLogo"}},{"@type":"Person","@id":"https:\/\/eldigitaldeasturias.com\/magazine365\/author\/admin\/#author","url":"https:\/\/eldigitaldeasturias.com\/magazine365\/author\/admin\/","name":"admin","image":{"@type":"ImageObject","@id":"https:\/\/eldigitaldeasturias.com\/magazine365\/el-palacio-real-de-la-granja-incrementa-en-un-83-la-cifra-de-visitantes-en-2015\/#authorImage","url":"https:\/\/eldigitaldeasturias.com\/magazine365\/wp-content\/litespeed\/avatar\/e571bcf59a0edd6fa6838245a470f2fe.jpg?ver=1777574230","width":96,"height":96,"caption":"admin"}},{"@type":"WebPage","@id":"https:\/\/eldigitaldeasturias.com\/magazine365\/el-palacio-real-de-la-granja-incrementa-en-un-83-la-cifra-de-visitantes-en-2015\/#webpage","url":"https:\/\/eldigitaldeasturias.com\/magazine365\/el-palacio-real-de-la-granja-incrementa-en-un-83-la-cifra-de-visitantes-en-2015\/","name":"El Palacio Real de La Granja incrementa en un 8,3% la cifra de visitantes en 2015 | El Digital de Asturias","description":"El n\u00famero de visitantes al Palacio Real de La Granja (Segovia) se increment\u00f3 en 2015 en un 8,37 por ciento con respecto al a\u00f1o anterior, lo que le sit\u00faa entre los monumentos de Patrimonio Nacional con mayor aumento de visitas en el \u00faltimo a\u00f1o junto con los palacios reales de Madrid y La Almudaina (Palma)","inLanguage":"es-ES","isPartOf":{"@id":"https:\/\/eldigitaldeasturias.com\/magazine365\/#website"},"breadcrumb":{"@id":"https:\/\/eldigitaldeasturias.com\/magazine365\/el-palacio-real-de-la-granja-incrementa-en-un-83-la-cifra-de-visitantes-en-2015\/#breadcrumblist"},"author":{"@id":"https:\/\/eldigitaldeasturias.com\/magazine365\/author\/admin\/#author"},"creator":{"@id":"https:\/\/eldigitaldeasturias.com\/magazine365\/author\/admin\/#author"},"image":{"@type":"ImageObject","url":"https:\/\/eldigitaldeasturias.com\/magazine365\/wp-content\/uploads\/2016\/01\/fotonoticia_20160104121226_800.jpg","@id":"https:\/\/eldigitaldeasturias.com\/magazine365\/el-palacio-real-de-la-granja-incrementa-en-un-83-la-cifra-de-visitantes-en-2015\/#mainImage","width":800,"height":534},"primaryImageOfPage":{"@id":"https:\/\/eldigitaldeasturias.com\/magazine365\/el-palacio-real-de-la-granja-incrementa-en-un-83-la-cifra-de-visitantes-en-2015\/#mainImage"},"datePublished":"2016-01-05T03:08:37+01:00","dateModified":"2016-01-05T03:08:37+01:00"},{"@type":"WebSite","@id":"https:\/\/eldigitaldeasturias.com\/magazine365\/#website","url":"https:\/\/eldigitaldeasturias.com\/magazine365\/","name":"El Digital de Asturias","description":"Revista de ocio, turismo y estilo de vida","inLanguage":"es-ES","publisher":{"@id":"https:\/\/eldigitaldeasturias.com\/magazine365\/#organization"}}]},"og:locale":"es_ES","og:site_name":"El Digital de Asturias \u2013 Revista de ocio, turismo y estilo de vida","og:type":"article","og:title":"El Palacio Real de La Granja incrementa en un 8,3% la cifra de visitantes en 2015 | El Digital de Asturias","og:description":"El n\u00famero de visitantes al Palacio Real de La Granja (Segovia) se increment\u00f3 en 2015 en un 8,37 por ciento con respecto al a\u00f1o anterior, lo que le sit\u00faa entre los monumentos de Patrimonio Nacional con mayor aumento de visitas en el \u00faltimo a\u00f1o junto con los palacios reales de Madrid y La Almudaina (Palma)","og:url":"https:\/\/eldigitaldeasturias.com\/magazine365\/el-palacio-real-de-la-granja-incrementa-en-un-83-la-cifra-de-visitantes-en-2015\/","og:image":"https:\/\/eldigitaldeasturias.com\/magazine365\/wp-content\/uploads\/2016\/01\/fotonoticia_20160104121226_800.jpg","og:image:secure_url":"https:\/\/eldigitaldeasturias.com\/magazine365\/wp-content\/uploads\/2016\/01\/fotonoticia_20160104121226_800.jpg","og:image:width":800,"og:image:height":534,"article:published_time":"2016-01-05T02:08:37+00:00","article:modified_time":"2016-01-05T02:08:37+00:00","twitter:card":"summary_large_image","twitter:title":"El Palacio Real de La Granja incrementa en un 8,3% la cifra de visitantes en 2015 | El Digital de Asturias","twitter:description":"El n\u00famero de visitantes al Palacio Real de La Granja (Segovia) se increment\u00f3 en 2015 en un 8,37 por ciento con respecto al a\u00f1o anterior, lo que le sit\u00faa entre los monumentos de Patrimonio Nacional con mayor aumento de visitas en el \u00faltimo a\u00f1o junto con los palacios reales de Madrid y La Almudaina (Palma)","twitter:image":"https:\/\/eldigitaldeasturias.com\/magazine365\/wp-content\/uploads\/2016\/01\/fotonoticia_20160104121226_800.jpg"},"aioseo_meta_data":{"post_id":"59702","title":null,"description":null,"keywords":null,"keyphrases":null,"primary_term":null,"canonical_url":null,"og_title":null,"og_description":null,"og_object_type":"default","og_image_type":"default","og_image_url":null,"og_image_width":null,"og_image_height":null,"og_image_custom_url":null,"og_image_custom_fields":null,"og_video":null,"og_custom_url":null,"og_article_section":null,"og_article_tags":null,"twitter_use_og":false,"twitter_card":"default","twitter_image_type":"default","twitter_image_url":null,"twitter_image_custom_url":null,"twitter_image_custom_fields":null,"twitter_title":null,"twitter_description":null,"schema":{"blockGraphs":[],"customGraphs":[],"default":{"data":{"Article":[],"Course":[],"Dataset":[],"FAQPage":[],"Movie":[],"Person":[],"Product":[],"ProductReview":[],"Car":[],"Recipe":[],"Service":[],"SoftwareApplication":[],"WebPage":[]},"graphName":"","isEnabled":true},"graphs":[]},"schema_type":null,"schema_type_options":null,"pillar_content":false,"robots_default":true,"robots_noindex":false,"robots_noarchive":false,"robots_nosnippet":false,"robots_nofollow":false,"robots_noimageindex":false,"robots_noodp":false,"robots_notranslate":false,"robots_max_snippet":null,"robots_max_videopreview":null,"robots_max_imagepreview":"large","priority":null,"frequency":null,"location":null,"local_seo":null,"seo_analyzer_scan_date":"2025-09-25 05:27:19","breadcrumb_settings":null,"limit_modified_date":false,"open_ai":null,"ai":null,"created":"2021-03-08 22:11:42","updated":"2025-09-25 05:27:19"},"aioseo_breadcrumb":"<div class=\"aioseo-breadcrumbs\"><span class=\"aioseo-breadcrumb\">\n\t<a href=\"https:\/\/eldigitaldeasturias.com\/magazine365\" title=\"Home\">Home<\/a>\n<\/span><span class=\"aioseo-breadcrumb-separator\">\u2013<\/span><span class=\"aioseo-breadcrumb\">\n\t<a href=\"https:\/\/eldigitaldeasturias.com\/magazine365\/category\/noticias-actualidad\/\" title=\"Noticias y Actualidad\">Noticias y Actualidad<\/a>\n<\/span><span class=\"aioseo-breadcrumb-separator\">\u2013<\/span><span class=\"aioseo-breadcrumb\">\n\t<a href=\"https:\/\/eldigitaldeasturias.com\/magazine365\/el-palacio-real-de-la-granja-incrementa-en-un-83-la-cifra-de-visitantes-en-2015\/\" title=\"El Palacio Real de La Granja incrementa en un 8,3% la cifra de visitantes en 2015\">El Palacio Real de La Granja incrementa en un 8,3% la cifra de visitantes en 2015<\/a>\n<\/span><\/div>","aioseo_breadcrumb_json":[{"label":"Home","link":"https:\/\/eldigitaldeasturias.com\/magazine365"},{"label":"Noticias y Actualidad","link":"https:\/\/eldigitaldeasturias.com\/magazine365\/category\/noticias-actualidad\/"},{"label":"El Palacio Real de La Granja incrementa en un 8,3% la cifra de visitantes en 2015","link":"https:\/\/eldigitaldeasturias.com\/magazine365\/el-palacio-real-de-la-granja-incrementa-en-un-83-la-cifra-de-visitantes-en-2015\/"}],"_links":{"self":[{"href":"https:\/\/eldigitaldeasturias.com\/magazine365\/wp-json\/wp\/v2\/posts\/59702","targetHints":{"allow":["GET"]}}],"collection":[{"href":"https:\/\/eldigitaldeasturias.com\/magazine365\/wp-json\/wp\/v2\/posts"}],"about":[{"href":"https:\/\/eldigitaldeasturias.com\/magazine365\/wp-json\/wp\/v2\/types\/post"}],"author":[{"embeddable":true,"href":"https:\/\/eldigitaldeasturias.com\/magazine365\/wp-json\/wp\/v2\/users\/1"}],"replies":[{"embeddable":true,"href":"https:\/\/eldigitaldeasturias.com\/magazine365\/wp-json\/wp\/v2\/comments?post=59702"}],"version-history":[{"count":0,"href":"https:\/\/eldigitaldeasturias.com\/magazine365\/wp-json\/wp\/v2\/posts\/59702\/revisions"}],"wp:featuredmedia":[{"embeddable":true,"href":"https:\/\/eldigitaldeasturias.com\/magazine365\/wp-json\/wp\/v2\/media\/59703"}],"wp:attachment":[{"href":"https:\/\/eldigitaldeasturias.com\/magazine365\/wp-json\/wp\/v2\/media?parent=59702"}],"wp:term":[{"taxonomy":"category","embeddable":true,"href":"https:\/\/eldigitaldeasturias.com\/magazine365\/wp-json\/wp\/v2\/categories?post=59702"},{"taxonomy":"post_tag","embeddable":true,"href":"https:\/\/eldigitaldeasturias.com\/magazine365\/wp-json\/wp\/v2\/tags?post=59702"}],"curies":[{"name":"wp","href":"https:\/\/api.w.org\/{rel}","templated":true}]}}