{"id":59677,"date":"2016-01-04T19:07:47","date_gmt":"2016-01-04T18:07:47","guid":{"rendered":"http:\/\/eldigitaldeasturias.com\/magazine365\/?p=59677"},"modified":"2016-01-04T19:07:47","modified_gmt":"2016-01-04T18:07:47","slug":"andalucia-termina-2015-con-una-subida-del-65-en-pernoctaciones","status":"publish","type":"post","link":"https:\/\/eldigitaldeasturias.com\/magazine365\/andalucia-termina-2015-con-una-subida-del-65-en-pernoctaciones\/","title":{"rendered":"Andaluc\u00eda termina 2015 con una subida del 6,5% en pernoctaciones"},"content":{"rendered":"<p><img fetchpriority=\"high\" decoding=\"async\" class=\"alignleft size-medium wp-image-59678\" src=\"https:\/\/eldigitaldeasturias.com\/magazine365\/wp-content\/uploads\/2016\/01\/fotonoticia_20160104102405_800-360x260.jpg\" alt=\"fotonoticia_20160104102405_800\" width=\"360\" height=\"260\" srcset=\"https:\/\/eldigitaldeasturias.com\/magazine365\/wp-content\/uploads\/2016\/01\/fotonoticia_20160104102405_800-360x260.jpg 360w, https:\/\/eldigitaldeasturias.com\/magazine365\/wp-content\/uploads\/2016\/01\/fotonoticia_20160104102405_800-650x470.jpg 650w, https:\/\/eldigitaldeasturias.com\/magazine365\/wp-content\/uploads\/2016\/01\/fotonoticia_20160104102405_800-768x555.jpg 768w, https:\/\/eldigitaldeasturias.com\/magazine365\/wp-content\/uploads\/2016\/01\/fotonoticia_20160104102405_800-150x108.jpg 150w, https:\/\/eldigitaldeasturias.com\/magazine365\/wp-content\/uploads\/2016\/01\/fotonoticia_20160104102405_800-450x325.jpg 450w, https:\/\/eldigitaldeasturias.com\/magazine365\/wp-content\/uploads\/2016\/01\/fotonoticia_20160104102405_800-324x235.jpg 324w, https:\/\/eldigitaldeasturias.com\/magazine365\/wp-content\/uploads\/2016\/01\/fotonoticia_20160104102405_800-696x503.jpg 696w, https:\/\/eldigitaldeasturias.com\/magazine365\/wp-content\/uploads\/2016\/01\/fotonoticia_20160104102405_800-581x420.jpg 581w, https:\/\/eldigitaldeasturias.com\/magazine365\/wp-content\/uploads\/2016\/01\/fotonoticia_20160104102405_800.jpg 800w\" sizes=\"(max-width: 360px) 100vw, 360px\" \/>Andaluc\u00eda ha terminado el a\u00f1o 2015 con un aumento del 6,5 por ciento en pernoctaciones en la comunidad, por lo que se superan los 45 millones conseguidos en 2014, que tambi\u00e9n supon\u00eda un aumento del 4,5 por ciento respecto a 2013, seg\u00fan ha estimado el consejero de Turismo y Deporte, Francisco Javier Fern\u00e1ndez, a Europa Press a la espera de los datos oficiales.<\/p>\n<p>Este porcentaje del 6,5 por ciento es algo superior a las primeras estimaciones &#8211;sobre un cinco por ciento&#8211; que realiz\u00f3 la presidenta de la Junta, Susana D\u00edaz, en la primera gran cita tur\u00edstica del a\u00f1o, la Feria Internacional de Turismo (Fitur), celebrada en el mes de febrero en Madrid.<\/p>\n<p>Adem\u00e1s, alcanzar los 25,5 millones de viajeros en Andaluc\u00eda, cifra que ya situ\u00f3 D\u00edaz en la World Travel Market (WTM), que se celebr\u00f3 en noviembre en Londres, supone situar a la comunidad en niveles previos a la crisis.<\/p>\n<p>De esta manera, el consejero ha apuntado a Europa Press que \u00abahora toca consolidar estas cifras\u00bb que demuestran \u00abel potencial y la solidez que tiene Andaluc\u00eda como destino tur\u00edstico\u00bb. \u00abHay que seguir siendo el primer destino de turismo nacional\u00bb, ha apuntado el consejero entre los retos para 2016.<\/p>\n<p>\u00abEl turismo es un sector muy sensible, con muchos factores que pueden afectar, pero Andaluc\u00eda est\u00e1 en el buen camino y siempre se puede mejorar\u00bb, ha subrayado.<\/p>\n<p>Para alcanzar las cifras de turismo de este 2015, el consejero ha destacado la importancia de luchar contra la estacionalidad. \u00abHay que seguir haciendo ver que Andaluc\u00eda es atractiva todo el a\u00f1o y que ofrece de todo a todos los p\u00fablicos\u00bb, ha detallado.<\/p>\n<p>Adem\u00e1s, ha apuntado que el nivel de ocupaci\u00f3n de estas navidades est\u00e1 rondando el 60 por ciento con los primeros datos a\u00fan no oficiales con que cuenta la Consejer\u00eda. Seg\u00fan ha se\u00f1alado Fern\u00e1ndez, las buenas temperaturas est\u00e1n ayudando a un turismo m\u00e1s rural y de ciudad y ha valorado el esfuerzo de Sierra Nevada para contar con kil\u00f3metros de nieve y oferta alternativa en estos d\u00edas.<\/p>\n<p>En concreto, sobre la estaci\u00f3n de nieve de Sierra Nevada, el consejero ha subrayado que la ocupaci\u00f3n se encuentra al 65 por ciento y, en comparaci\u00f3n con las estaciones del resto de Espa\u00f1a, \u00abno est\u00e1 nada mal\u00bb. \u00abHay que valorar el esfuerzo de los profesionales de Cetursa y de los empresarios de la zona\u00bb, ha apuntado.<\/p>\n<p>En cuanto al mes de enero de 2016, la Consejer\u00eda estima un aumento del ocho por ciento en el nivel de turistas, con 1,9 millones de estancias.<\/p>\n<p>Cabe recordar que el Gobierno andaluz ha incrementado un 3,7 por ciento en 2016 el presupuesto de la Consejer\u00eda de Turismo y Deporte, hasta alcanzar los 142,81 millones de euros.<\/p>\n","protected":false},"excerpt":{"rendered":"<p>Andaluc\u00eda ha terminado el a\u00f1o 2015 con un aumento del 6,5 por ciento en pernoctaciones en la comunidad, por lo que se superan los 45 millones conseguidos en 2014, que tambi\u00e9n supon\u00eda un aumento del 4,5 por ciento respecto a 2013, seg\u00fan ha estimado el consejero de Turismo y Deporte, Francisco Javier Fern\u00e1ndez, a Europa<\/p>\n","protected":false},"author":1,"featured_media":59678,"comment_status":"open","ping_status":"closed","sticky":false,"template":"","format":"standard","meta":{"footnotes":""},"categories":[224],"tags":[],"class_list":{"0":"post-59677","1":"post","2":"type-post","3":"status-publish","4":"format-standard","5":"has-post-thumbnail","7":"category-noticias-actualidad"},"aioseo_notices":[],"aioseo_head":"\n\t\t<!-- All in One SEO Pro 4.9.6.1 - aioseo.com -->\n\t<meta name=\"description\" content=\"Andaluc\u00eda ha terminado el a\u00f1o 2015 con un aumento del 6,5 por ciento en pernoctaciones en la comunidad, por lo que se superan los 45 millones conseguidos en 2014, que tambi\u00e9n supon\u00eda un aumento del 4,5 por ciento respecto a 2013, seg\u00fan ha estimado el consejero de Turismo y Deporte, Francisco Javier Fern\u00e1ndez, a Europa\" \/>\n\t<meta name=\"robots\" content=\"max-image-preview:large\" \/>\n\t<meta name=\"author\" content=\"admin\"\/>\n\t<meta name=\"google-site-verification\" content=\"UA-38556648-1\" \/>\n\t<meta name=\"keywords\" content=\"noticias y actualidad\" \/>\n\t<link rel=\"canonical\" href=\"https:\/\/eldigitaldeasturias.com\/magazine365\/andalucia-termina-2015-con-una-subida-del-65-en-pernoctaciones\/\" \/>\n\t<meta name=\"generator\" content=\"All in One SEO Pro (AIOSEO) 4.9.6.1\" \/>\n\t\t<meta property=\"og:locale\" content=\"es_ES\" \/>\n\t\t<meta property=\"og:site_name\" content=\"El Digital de Asturias \u2013 Revista de ocio, turismo y estilo de vida\" \/>\n\t\t<meta property=\"og:type\" content=\"article\" \/>\n\t\t<meta property=\"og:title\" content=\"Andaluc\u00eda termina 2015 con una subida del 6,5% en pernoctaciones | El Digital de Asturias\" \/>\n\t\t<meta property=\"og:description\" content=\"Andaluc\u00eda ha terminado el a\u00f1o 2015 con un aumento del 6,5 por ciento en pernoctaciones en la comunidad, por lo que se superan los 45 millones conseguidos en 2014, que tambi\u00e9n supon\u00eda un aumento del 4,5 por ciento respecto a 2013, seg\u00fan ha estimado el consejero de Turismo y Deporte, Francisco Javier Fern\u00e1ndez, a Europa\" \/>\n\t\t<meta property=\"og:url\" content=\"https:\/\/eldigitaldeasturias.com\/magazine365\/andalucia-termina-2015-con-una-subida-del-65-en-pernoctaciones\/\" \/>\n\t\t<meta property=\"og:image\" content=\"https:\/\/eldigitaldeasturias.com\/magazine365\/wp-content\/uploads\/2016\/01\/fotonoticia_20160104102405_800.jpg\" \/>\n\t\t<meta property=\"og:image:secure_url\" content=\"https:\/\/eldigitaldeasturias.com\/magazine365\/wp-content\/uploads\/2016\/01\/fotonoticia_20160104102405_800.jpg\" \/>\n\t\t<meta property=\"og:image:width\" content=\"800\" \/>\n\t\t<meta property=\"og:image:height\" content=\"578\" \/>\n\t\t<meta property=\"article:published_time\" content=\"2016-01-04T18:07:47+00:00\" \/>\n\t\t<meta property=\"article:modified_time\" content=\"2016-01-04T18:07:47+00:00\" \/>\n\t\t<meta name=\"twitter:card\" content=\"summary_large_image\" \/>\n\t\t<meta name=\"twitter:title\" content=\"Andaluc\u00eda termina 2015 con una subida del 6,5% en pernoctaciones | El Digital de Asturias\" \/>\n\t\t<meta name=\"twitter:description\" content=\"Andaluc\u00eda ha terminado el a\u00f1o 2015 con un aumento del 6,5 por ciento en pernoctaciones en la comunidad, por lo que se superan los 45 millones conseguidos en 2014, que tambi\u00e9n supon\u00eda un aumento del 4,5 por ciento respecto a 2013, seg\u00fan ha estimado el consejero de Turismo y Deporte, Francisco Javier Fern\u00e1ndez, a Europa\" \/>\n\t\t<meta name=\"twitter:image\" content=\"https:\/\/eldigitaldeasturias.com\/magazine365\/wp-content\/uploads\/2016\/01\/fotonoticia_20160104102405_800.jpg\" \/>\n\t\t<script type=\"application\/ld+json\" class=\"aioseo-schema\">\n\t\t\t{\"@context\":\"https:\\\/\\\/schema.org\",\"@graph\":[{\"@type\":\"Article\",\"@id\":\"https:\\\/\\\/eldigitaldeasturias.com\\\/magazine365\\\/andalucia-termina-2015-con-una-subida-del-65-en-pernoctaciones\\\/#article\",\"name\":\"Andaluc\\u00eda termina 2015 con una subida del 6,5% en pernoctaciones | El Digital de Asturias\",\"headline\":\"Andaluc\\u00eda termina 2015 con una subida del 6,5% en pernoctaciones\",\"author\":{\"@id\":\"https:\\\/\\\/eldigitaldeasturias.com\\\/magazine365\\\/author\\\/admin\\\/#author\"},\"publisher\":{\"@id\":\"https:\\\/\\\/eldigitaldeasturias.com\\\/magazine365\\\/#organization\"},\"image\":{\"@type\":\"ImageObject\",\"url\":\"https:\\\/\\\/eldigitaldeasturias.com\\\/magazine365\\\/wp-content\\\/uploads\\\/2016\\\/01\\\/fotonoticia_20160104102405_800.jpg\",\"width\":800,\"height\":578},\"datePublished\":\"2016-01-04T19:07:47+01:00\",\"dateModified\":\"2016-01-04T19:07:47+01:00\",\"inLanguage\":\"es-ES\",\"mainEntityOfPage\":{\"@id\":\"https:\\\/\\\/eldigitaldeasturias.com\\\/magazine365\\\/andalucia-termina-2015-con-una-subida-del-65-en-pernoctaciones\\\/#webpage\"},\"isPartOf\":{\"@id\":\"https:\\\/\\\/eldigitaldeasturias.com\\\/magazine365\\\/andalucia-termina-2015-con-una-subida-del-65-en-pernoctaciones\\\/#webpage\"},\"articleSection\":\"Noticias y Actualidad\"},{\"@type\":\"BreadcrumbList\",\"@id\":\"https:\\\/\\\/eldigitaldeasturias.com\\\/magazine365\\\/andalucia-termina-2015-con-una-subida-del-65-en-pernoctaciones\\\/#breadcrumblist\",\"itemListElement\":[{\"@type\":\"ListItem\",\"@id\":\"https:\\\/\\\/eldigitaldeasturias.com\\\/magazine365#listItem\",\"position\":1,\"name\":\"Home\",\"item\":\"https:\\\/\\\/eldigitaldeasturias.com\\\/magazine365\",\"nextItem\":{\"@type\":\"ListItem\",\"@id\":\"https:\\\/\\\/eldigitaldeasturias.com\\\/magazine365\\\/category\\\/noticias-actualidad\\\/#listItem\",\"name\":\"Noticias y Actualidad\"}},{\"@type\":\"ListItem\",\"@id\":\"https:\\\/\\\/eldigitaldeasturias.com\\\/magazine365\\\/category\\\/noticias-actualidad\\\/#listItem\",\"position\":2,\"name\":\"Noticias y Actualidad\",\"item\":\"https:\\\/\\\/eldigitaldeasturias.com\\\/magazine365\\\/category\\\/noticias-actualidad\\\/\",\"nextItem\":{\"@type\":\"ListItem\",\"@id\":\"https:\\\/\\\/eldigitaldeasturias.com\\\/magazine365\\\/andalucia-termina-2015-con-una-subida-del-65-en-pernoctaciones\\\/#listItem\",\"name\":\"Andaluc\\u00eda termina 2015 con una subida del 6,5% en pernoctaciones\"},\"previousItem\":{\"@type\":\"ListItem\",\"@id\":\"https:\\\/\\\/eldigitaldeasturias.com\\\/magazine365#listItem\",\"name\":\"Home\"}},{\"@type\":\"ListItem\",\"@id\":\"https:\\\/\\\/eldigitaldeasturias.com\\\/magazine365\\\/andalucia-termina-2015-con-una-subida-del-65-en-pernoctaciones\\\/#listItem\",\"position\":3,\"name\":\"Andaluc\\u00eda termina 2015 con una subida del 6,5% en pernoctaciones\",\"previousItem\":{\"@type\":\"ListItem\",\"@id\":\"https:\\\/\\\/eldigitaldeasturias.com\\\/magazine365\\\/category\\\/noticias-actualidad\\\/#listItem\",\"name\":\"Noticias y Actualidad\"}}]},{\"@type\":\"Organization\",\"@id\":\"https:\\\/\\\/eldigitaldeasturias.com\\\/magazine365\\\/#organization\",\"name\":\"El digital de Asturias\",\"description\":\"Revista de ocio, turismo y estilo de vida\",\"url\":\"https:\\\/\\\/eldigitaldeasturias.com\\\/magazine365\\\/\",\"logo\":{\"@type\":\"ImageObject\",\"url\":\"https:\\\/\\\/www.eldigitaldeasturias.com\\\/noticias\\\/wp-content\\\/uploads\\\/2020\\\/12\\\/EDA.jpg\",\"@id\":\"https:\\\/\\\/eldigitaldeasturias.com\\\/magazine365\\\/andalucia-termina-2015-con-una-subida-del-65-en-pernoctaciones\\\/#organizationLogo\"},\"image\":{\"@id\":\"https:\\\/\\\/eldigitaldeasturias.com\\\/magazine365\\\/andalucia-termina-2015-con-una-subida-del-65-en-pernoctaciones\\\/#organizationLogo\"}},{\"@type\":\"Person\",\"@id\":\"https:\\\/\\\/eldigitaldeasturias.com\\\/magazine365\\\/author\\\/admin\\\/#author\",\"url\":\"https:\\\/\\\/eldigitaldeasturias.com\\\/magazine365\\\/author\\\/admin\\\/\",\"name\":\"admin\",\"image\":{\"@type\":\"ImageObject\",\"@id\":\"https:\\\/\\\/eldigitaldeasturias.com\\\/magazine365\\\/andalucia-termina-2015-con-una-subida-del-65-en-pernoctaciones\\\/#authorImage\",\"url\":\"https:\\\/\\\/eldigitaldeasturias.com\\\/magazine365\\\/wp-content\\\/litespeed\\\/avatar\\\/e571bcf59a0edd6fa6838245a470f2fe.jpg?ver=1777574230\",\"width\":96,\"height\":96,\"caption\":\"admin\"}},{\"@type\":\"WebPage\",\"@id\":\"https:\\\/\\\/eldigitaldeasturias.com\\\/magazine365\\\/andalucia-termina-2015-con-una-subida-del-65-en-pernoctaciones\\\/#webpage\",\"url\":\"https:\\\/\\\/eldigitaldeasturias.com\\\/magazine365\\\/andalucia-termina-2015-con-una-subida-del-65-en-pernoctaciones\\\/\",\"name\":\"Andaluc\\u00eda termina 2015 con una subida del 6,5% en pernoctaciones | El Digital de Asturias\",\"description\":\"Andaluc\\u00eda ha terminado el a\\u00f1o 2015 con un aumento del 6,5 por ciento en pernoctaciones en la comunidad, por lo que se superan los 45 millones conseguidos en 2014, que tambi\\u00e9n supon\\u00eda un aumento del 4,5 por ciento respecto a 2013, seg\\u00fan ha estimado el consejero de Turismo y Deporte, Francisco Javier Fern\\u00e1ndez, a Europa\",\"inLanguage\":\"es-ES\",\"isPartOf\":{\"@id\":\"https:\\\/\\\/eldigitaldeasturias.com\\\/magazine365\\\/#website\"},\"breadcrumb\":{\"@id\":\"https:\\\/\\\/eldigitaldeasturias.com\\\/magazine365\\\/andalucia-termina-2015-con-una-subida-del-65-en-pernoctaciones\\\/#breadcrumblist\"},\"author\":{\"@id\":\"https:\\\/\\\/eldigitaldeasturias.com\\\/magazine365\\\/author\\\/admin\\\/#author\"},\"creator\":{\"@id\":\"https:\\\/\\\/eldigitaldeasturias.com\\\/magazine365\\\/author\\\/admin\\\/#author\"},\"image\":{\"@type\":\"ImageObject\",\"url\":\"https:\\\/\\\/eldigitaldeasturias.com\\\/magazine365\\\/wp-content\\\/uploads\\\/2016\\\/01\\\/fotonoticia_20160104102405_800.jpg\",\"@id\":\"https:\\\/\\\/eldigitaldeasturias.com\\\/magazine365\\\/andalucia-termina-2015-con-una-subida-del-65-en-pernoctaciones\\\/#mainImage\",\"width\":800,\"height\":578},\"primaryImageOfPage\":{\"@id\":\"https:\\\/\\\/eldigitaldeasturias.com\\\/magazine365\\\/andalucia-termina-2015-con-una-subida-del-65-en-pernoctaciones\\\/#mainImage\"},\"datePublished\":\"2016-01-04T19:07:47+01:00\",\"dateModified\":\"2016-01-04T19:07:47+01:00\"},{\"@type\":\"WebSite\",\"@id\":\"https:\\\/\\\/eldigitaldeasturias.com\\\/magazine365\\\/#website\",\"url\":\"https:\\\/\\\/eldigitaldeasturias.com\\\/magazine365\\\/\",\"name\":\"El Digital de Asturias\",\"description\":\"Revista de ocio, turismo y estilo de vida\",\"inLanguage\":\"es-ES\",\"publisher\":{\"@id\":\"https:\\\/\\\/eldigitaldeasturias.com\\\/magazine365\\\/#organization\"}}]}\n\t\t<\/script>\n\t\t<!-- All in One SEO Pro -->\r\n\t\t<title>Andaluc\u00eda termina 2015 con una subida del 6,5% en pernoctaciones | El Digital de Asturias<\/title>\n\n","aioseo_head_json":{"title":"Andaluc\u00eda termina 2015 con una subida del 6,5% en pernoctaciones | El Digital de Asturias","description":"Andaluc\u00eda ha terminado el a\u00f1o 2015 con un aumento del 6,5 por ciento en pernoctaciones en la comunidad, por lo que se superan los 45 millones conseguidos en 2014, que tambi\u00e9n supon\u00eda un aumento del 4,5 por ciento respecto a 2013, seg\u00fan ha estimado el consejero de Turismo y Deporte, Francisco Javier Fern\u00e1ndez, a Europa","canonical_url":"https:\/\/eldigitaldeasturias.com\/magazine365\/andalucia-termina-2015-con-una-subida-del-65-en-pernoctaciones\/","robots":"max-image-preview:large","keywords":"noticias y actualidad","webmasterTools":{"google-site-verification":"UA-38556648-1","miscellaneous":""},"schema":{"@context":"https:\/\/schema.org","@graph":[{"@type":"Article","@id":"https:\/\/eldigitaldeasturias.com\/magazine365\/andalucia-termina-2015-con-una-subida-del-65-en-pernoctaciones\/#article","name":"Andaluc\u00eda termina 2015 con una subida del 6,5% en pernoctaciones | El Digital de Asturias","headline":"Andaluc\u00eda termina 2015 con una subida del 6,5% en pernoctaciones","author":{"@id":"https:\/\/eldigitaldeasturias.com\/magazine365\/author\/admin\/#author"},"publisher":{"@id":"https:\/\/eldigitaldeasturias.com\/magazine365\/#organization"},"image":{"@type":"ImageObject","url":"https:\/\/eldigitaldeasturias.com\/magazine365\/wp-content\/uploads\/2016\/01\/fotonoticia_20160104102405_800.jpg","width":800,"height":578},"datePublished":"2016-01-04T19:07:47+01:00","dateModified":"2016-01-04T19:07:47+01:00","inLanguage":"es-ES","mainEntityOfPage":{"@id":"https:\/\/eldigitaldeasturias.com\/magazine365\/andalucia-termina-2015-con-una-subida-del-65-en-pernoctaciones\/#webpage"},"isPartOf":{"@id":"https:\/\/eldigitaldeasturias.com\/magazine365\/andalucia-termina-2015-con-una-subida-del-65-en-pernoctaciones\/#webpage"},"articleSection":"Noticias y Actualidad"},{"@type":"BreadcrumbList","@id":"https:\/\/eldigitaldeasturias.com\/magazine365\/andalucia-termina-2015-con-una-subida-del-65-en-pernoctaciones\/#breadcrumblist","itemListElement":[{"@type":"ListItem","@id":"https:\/\/eldigitaldeasturias.com\/magazine365#listItem","position":1,"name":"Home","item":"https:\/\/eldigitaldeasturias.com\/magazine365","nextItem":{"@type":"ListItem","@id":"https:\/\/eldigitaldeasturias.com\/magazine365\/category\/noticias-actualidad\/#listItem","name":"Noticias y Actualidad"}},{"@type":"ListItem","@id":"https:\/\/eldigitaldeasturias.com\/magazine365\/category\/noticias-actualidad\/#listItem","position":2,"name":"Noticias y Actualidad","item":"https:\/\/eldigitaldeasturias.com\/magazine365\/category\/noticias-actualidad\/","nextItem":{"@type":"ListItem","@id":"https:\/\/eldigitaldeasturias.com\/magazine365\/andalucia-termina-2015-con-una-subida-del-65-en-pernoctaciones\/#listItem","name":"Andaluc\u00eda termina 2015 con una subida del 6,5% en pernoctaciones"},"previousItem":{"@type":"ListItem","@id":"https:\/\/eldigitaldeasturias.com\/magazine365#listItem","name":"Home"}},{"@type":"ListItem","@id":"https:\/\/eldigitaldeasturias.com\/magazine365\/andalucia-termina-2015-con-una-subida-del-65-en-pernoctaciones\/#listItem","position":3,"name":"Andaluc\u00eda termina 2015 con una subida del 6,5% en pernoctaciones","previousItem":{"@type":"ListItem","@id":"https:\/\/eldigitaldeasturias.com\/magazine365\/category\/noticias-actualidad\/#listItem","name":"Noticias y Actualidad"}}]},{"@type":"Organization","@id":"https:\/\/eldigitaldeasturias.com\/magazine365\/#organization","name":"El digital de Asturias","description":"Revista de ocio, turismo y estilo de vida","url":"https:\/\/eldigitaldeasturias.com\/magazine365\/","logo":{"@type":"ImageObject","url":"https:\/\/www.eldigitaldeasturias.com\/noticias\/wp-content\/uploads\/2020\/12\/EDA.jpg","@id":"https:\/\/eldigitaldeasturias.com\/magazine365\/andalucia-termina-2015-con-una-subida-del-65-en-pernoctaciones\/#organizationLogo"},"image":{"@id":"https:\/\/eldigitaldeasturias.com\/magazine365\/andalucia-termina-2015-con-una-subida-del-65-en-pernoctaciones\/#organizationLogo"}},{"@type":"Person","@id":"https:\/\/eldigitaldeasturias.com\/magazine365\/author\/admin\/#author","url":"https:\/\/eldigitaldeasturias.com\/magazine365\/author\/admin\/","name":"admin","image":{"@type":"ImageObject","@id":"https:\/\/eldigitaldeasturias.com\/magazine365\/andalucia-termina-2015-con-una-subida-del-65-en-pernoctaciones\/#authorImage","url":"https:\/\/eldigitaldeasturias.com\/magazine365\/wp-content\/litespeed\/avatar\/e571bcf59a0edd6fa6838245a470f2fe.jpg?ver=1777574230","width":96,"height":96,"caption":"admin"}},{"@type":"WebPage","@id":"https:\/\/eldigitaldeasturias.com\/magazine365\/andalucia-termina-2015-con-una-subida-del-65-en-pernoctaciones\/#webpage","url":"https:\/\/eldigitaldeasturias.com\/magazine365\/andalucia-termina-2015-con-una-subida-del-65-en-pernoctaciones\/","name":"Andaluc\u00eda termina 2015 con una subida del 6,5% en pernoctaciones | El Digital de Asturias","description":"Andaluc\u00eda ha terminado el a\u00f1o 2015 con un aumento del 6,5 por ciento en pernoctaciones en la comunidad, por lo que se superan los 45 millones conseguidos en 2014, que tambi\u00e9n supon\u00eda un aumento del 4,5 por ciento respecto a 2013, seg\u00fan ha estimado el consejero de Turismo y Deporte, Francisco Javier Fern\u00e1ndez, a Europa","inLanguage":"es-ES","isPartOf":{"@id":"https:\/\/eldigitaldeasturias.com\/magazine365\/#website"},"breadcrumb":{"@id":"https:\/\/eldigitaldeasturias.com\/magazine365\/andalucia-termina-2015-con-una-subida-del-65-en-pernoctaciones\/#breadcrumblist"},"author":{"@id":"https:\/\/eldigitaldeasturias.com\/magazine365\/author\/admin\/#author"},"creator":{"@id":"https:\/\/eldigitaldeasturias.com\/magazine365\/author\/admin\/#author"},"image":{"@type":"ImageObject","url":"https:\/\/eldigitaldeasturias.com\/magazine365\/wp-content\/uploads\/2016\/01\/fotonoticia_20160104102405_800.jpg","@id":"https:\/\/eldigitaldeasturias.com\/magazine365\/andalucia-termina-2015-con-una-subida-del-65-en-pernoctaciones\/#mainImage","width":800,"height":578},"primaryImageOfPage":{"@id":"https:\/\/eldigitaldeasturias.com\/magazine365\/andalucia-termina-2015-con-una-subida-del-65-en-pernoctaciones\/#mainImage"},"datePublished":"2016-01-04T19:07:47+01:00","dateModified":"2016-01-04T19:07:47+01:00"},{"@type":"WebSite","@id":"https:\/\/eldigitaldeasturias.com\/magazine365\/#website","url":"https:\/\/eldigitaldeasturias.com\/magazine365\/","name":"El Digital de Asturias","description":"Revista de ocio, turismo y estilo de vida","inLanguage":"es-ES","publisher":{"@id":"https:\/\/eldigitaldeasturias.com\/magazine365\/#organization"}}]},"og:locale":"es_ES","og:site_name":"El Digital de Asturias \u2013 Revista de ocio, turismo y estilo de vida","og:type":"article","og:title":"Andaluc\u00eda termina 2015 con una subida del 6,5% en pernoctaciones | El Digital de Asturias","og:description":"Andaluc\u00eda ha terminado el a\u00f1o 2015 con un aumento del 6,5 por ciento en pernoctaciones en la comunidad, por lo que se superan los 45 millones conseguidos en 2014, que tambi\u00e9n supon\u00eda un aumento del 4,5 por ciento respecto a 2013, seg\u00fan ha estimado el consejero de Turismo y Deporte, Francisco Javier Fern\u00e1ndez, a Europa","og:url":"https:\/\/eldigitaldeasturias.com\/magazine365\/andalucia-termina-2015-con-una-subida-del-65-en-pernoctaciones\/","og:image":"https:\/\/eldigitaldeasturias.com\/magazine365\/wp-content\/uploads\/2016\/01\/fotonoticia_20160104102405_800.jpg","og:image:secure_url":"https:\/\/eldigitaldeasturias.com\/magazine365\/wp-content\/uploads\/2016\/01\/fotonoticia_20160104102405_800.jpg","og:image:width":800,"og:image:height":578,"article:published_time":"2016-01-04T18:07:47+00:00","article:modified_time":"2016-01-04T18:07:47+00:00","twitter:card":"summary_large_image","twitter:title":"Andaluc\u00eda termina 2015 con una subida del 6,5% en pernoctaciones | El Digital de Asturias","twitter:description":"Andaluc\u00eda ha terminado el a\u00f1o 2015 con un aumento del 6,5 por ciento en pernoctaciones en la comunidad, por lo que se superan los 45 millones conseguidos en 2014, que tambi\u00e9n supon\u00eda un aumento del 4,5 por ciento respecto a 2013, seg\u00fan ha estimado el consejero de Turismo y Deporte, Francisco Javier Fern\u00e1ndez, a Europa","twitter:image":"https:\/\/eldigitaldeasturias.com\/magazine365\/wp-content\/uploads\/2016\/01\/fotonoticia_20160104102405_800.jpg"},"aioseo_meta_data":{"post_id":"59677","title":null,"description":null,"keywords":null,"keyphrases":null,"primary_term":null,"canonical_url":null,"og_title":null,"og_description":null,"og_object_type":"default","og_image_type":"default","og_image_url":null,"og_image_width":null,"og_image_height":null,"og_image_custom_url":null,"og_image_custom_fields":null,"og_video":null,"og_custom_url":null,"og_article_section":null,"og_article_tags":null,"twitter_use_og":false,"twitter_card":"default","twitter_image_type":"default","twitter_image_url":null,"twitter_image_custom_url":null,"twitter_image_custom_fields":null,"twitter_title":null,"twitter_description":null,"schema":{"blockGraphs":[],"customGraphs":[],"default":{"data":{"Article":[],"Course":[],"Dataset":[],"FAQPage":[],"Movie":[],"Person":[],"Product":[],"ProductReview":[],"Car":[],"Recipe":[],"Service":[],"SoftwareApplication":[],"WebPage":[]},"graphName":"","isEnabled":true},"graphs":[],"defaultGraph":"","defaultPostTypeGraph":""},"schema_type":null,"schema_type_options":null,"pillar_content":false,"robots_default":true,"robots_noindex":false,"robots_noarchive":false,"robots_nosnippet":false,"robots_nofollow":false,"robots_noimageindex":false,"robots_noodp":false,"robots_notranslate":false,"robots_max_snippet":null,"robots_max_videopreview":null,"robots_max_imagepreview":"large","priority":null,"frequency":null,"location":null,"local_seo":null,"seo_analyzer_scan_date":"2025-09-25 05:25:38","breadcrumb_settings":null,"limit_modified_date":false,"open_ai":null,"ai":null,"created":"2021-03-08 22:11:42","updated":"2025-09-25 05:25:38"},"aioseo_breadcrumb":"<div class=\"aioseo-breadcrumbs\"><span class=\"aioseo-breadcrumb\">\n\t<a href=\"https:\/\/eldigitaldeasturias.com\/magazine365\" title=\"Home\">Home<\/a>\n<\/span><span class=\"aioseo-breadcrumb-separator\">\u2013<\/span><span class=\"aioseo-breadcrumb\">\n\t<a href=\"https:\/\/eldigitaldeasturias.com\/magazine365\/category\/noticias-actualidad\/\" title=\"Noticias y Actualidad\">Noticias y Actualidad<\/a>\n<\/span><span class=\"aioseo-breadcrumb-separator\">\u2013<\/span><span class=\"aioseo-breadcrumb\">\n\t<a href=\"https:\/\/eldigitaldeasturias.com\/magazine365\/andalucia-termina-2015-con-una-subida-del-65-en-pernoctaciones\/\" title=\"Andaluc\u00eda termina 2015 con una subida del 6,5% en pernoctaciones\">Andaluc\u00eda termina 2015 con una subida del 6,5% en pernoctaciones<\/a>\n<\/span><\/div>","aioseo_breadcrumb_json":[{"label":"Home","link":"https:\/\/eldigitaldeasturias.com\/magazine365"},{"label":"Noticias y Actualidad","link":"https:\/\/eldigitaldeasturias.com\/magazine365\/category\/noticias-actualidad\/"},{"label":"Andaluc\u00eda termina 2015 con una subida del 6,5% en pernoctaciones","link":"https:\/\/eldigitaldeasturias.com\/magazine365\/andalucia-termina-2015-con-una-subida-del-65-en-pernoctaciones\/"}],"_links":{"self":[{"href":"https:\/\/eldigitaldeasturias.com\/magazine365\/wp-json\/wp\/v2\/posts\/59677","targetHints":{"allow":["GET"]}}],"collection":[{"href":"https:\/\/eldigitaldeasturias.com\/magazine365\/wp-json\/wp\/v2\/posts"}],"about":[{"href":"https:\/\/eldigitaldeasturias.com\/magazine365\/wp-json\/wp\/v2\/types\/post"}],"author":[{"embeddable":true,"href":"https:\/\/eldigitaldeasturias.com\/magazine365\/wp-json\/wp\/v2\/users\/1"}],"replies":[{"embeddable":true,"href":"https:\/\/eldigitaldeasturias.com\/magazine365\/wp-json\/wp\/v2\/comments?post=59677"}],"version-history":[{"count":0,"href":"https:\/\/eldigitaldeasturias.com\/magazine365\/wp-json\/wp\/v2\/posts\/59677\/revisions"}],"wp:featuredmedia":[{"embeddable":true,"href":"https:\/\/eldigitaldeasturias.com\/magazine365\/wp-json\/wp\/v2\/media\/59678"}],"wp:attachment":[{"href":"https:\/\/eldigitaldeasturias.com\/magazine365\/wp-json\/wp\/v2\/media?parent=59677"}],"wp:term":[{"taxonomy":"category","embeddable":true,"href":"https:\/\/eldigitaldeasturias.com\/magazine365\/wp-json\/wp\/v2\/categories?post=59677"},{"taxonomy":"post_tag","embeddable":true,"href":"https:\/\/eldigitaldeasturias.com\/magazine365\/wp-json\/wp\/v2\/tags?post=59677"}],"curies":[{"name":"wp","href":"https:\/\/api.w.org\/{rel}","templated":true}]}}