{"id":59649,"date":"2016-01-03T19:04:25","date_gmt":"2016-01-03T18:04:25","guid":{"rendered":"http:\/\/eldigitaldeasturias.com\/magazine365\/?p=59649"},"modified":"2016-01-03T19:04:25","modified_gmt":"2016-01-03T18:04:25","slug":"americanos-europeos-y-japoneses-son-los-que-mas-visitan-el-museo-del-prado","status":"publish","type":"post","link":"https:\/\/eldigitaldeasturias.com\/magazine365\/americanos-europeos-y-japoneses-son-los-que-mas-visitan-el-museo-del-prado\/","title":{"rendered":"Americanos, europeos y japoneses son los que m\u00e1s visitan el Museo del Prado"},"content":{"rendered":"<p><img fetchpriority=\"high\" decoding=\"async\" class=\"alignleft size-medium wp-image-59650\" src=\"https:\/\/eldigitaldeasturias.com\/magazine365\/wp-content\/uploads\/2016\/01\/fotonoticia_20160102095933_800-360x240.jpg\" alt=\"fotonoticia_20160102095933_800\" width=\"360\" height=\"240\" srcset=\"https:\/\/eldigitaldeasturias.com\/magazine365\/wp-content\/uploads\/2016\/01\/fotonoticia_20160102095933_800-360x240.jpg 360w, https:\/\/eldigitaldeasturias.com\/magazine365\/wp-content\/uploads\/2016\/01\/fotonoticia_20160102095933_800-650x433.jpg 650w, https:\/\/eldigitaldeasturias.com\/magazine365\/wp-content\/uploads\/2016\/01\/fotonoticia_20160102095933_800-768x512.jpg 768w, https:\/\/eldigitaldeasturias.com\/magazine365\/wp-content\/uploads\/2016\/01\/fotonoticia_20160102095933_800-150x100.jpg 150w, https:\/\/eldigitaldeasturias.com\/magazine365\/wp-content\/uploads\/2016\/01\/fotonoticia_20160102095933_800-450x300.jpg 450w, https:\/\/eldigitaldeasturias.com\/magazine365\/wp-content\/uploads\/2016\/01\/fotonoticia_20160102095933_800-696x464.jpg 696w, https:\/\/eldigitaldeasturias.com\/magazine365\/wp-content\/uploads\/2016\/01\/fotonoticia_20160102095933_800-630x420.jpg 630w, https:\/\/eldigitaldeasturias.com\/magazine365\/wp-content\/uploads\/2016\/01\/fotonoticia_20160102095933_800-101x66.jpg 101w, https:\/\/eldigitaldeasturias.com\/magazine365\/wp-content\/uploads\/2016\/01\/fotonoticia_20160102095933_800.jpg 800w\" sizes=\"(max-width: 360px) 100vw, 360px\" \/>Los americanos, europeos y japoneses son los turistas que m\u00e1s visitan el Museo del Prado de Madrid, seg\u00fan la tendencia registrada durante 2014 en un estudio elaborado por Turespa\u00f1a, que analiza durante un a\u00f1o completo el volumen y procedencia de sus visitantes.<\/p>\n<p>As\u00ed, Estados Unidos se mantiene en primer lugar como emisor de visitantes extranjeros, con 224.098 turistas, que representan el 15,4% del total de for\u00e1neos. Le siguieron Italia (12%), Francia (9,4%), Jap\u00f3n (8,1%) y M\u00e9xico (7,1%).<\/p>\n<p>La mayor\u00eda de visitantes extranjeros acudieron para ver la colecci\u00f3n permanente conformando el 89% respecto al 11% que ten\u00eda la intenci\u00f3n de contemplar tanto la permanente como alguna de las exposiciones temporales que ofrec\u00eda el museo.<\/p>\n<p>Durante 2014, los visitantes del Museo del Prado aumentaron un 7,7%, hasta 2,48 millones de visitantes, de los cuales el 58,4% eran extranjeros y el 41,6% espa\u00f1oles.<\/p>\n<p>El Museo del Prado de Madrid ha sido reconocido este a\u00f1o por TripAdvisor como el mejor museo de Espa\u00f1a, segundo mejor museo de Europa y cuarto del mundo en los premios Travellers Choice Museos.<\/p>\n<p>LOS MADRILE\u00d1OS, A LA CABEZA.<\/p>\n<p>Seg\u00fan los datos de Turespa\u00f1a, de los visitantes nacionales que registr\u00f3 El Prado durante 2014, el 43,6% proced\u00edan de la Comunidad de Madrid, seguidos por las personas que vinieron de Andaluc\u00eda (10,1%) y Catalu\u00f1a (9,9%).<\/p>\n<p>En 2014, el 51% del total de los visitantes eran hombres y el 49% restante mujeres. Esta tendencia se aleja de la que tuvo lugar durante los a\u00f1os anteriores en los que las mujeres eran el g\u00e9nero que m\u00e1s visitaba la pinacoteca.<\/p>\n<p>El grupo m\u00e1s numeroso de visitantes fue el que contaba con una edad comprendida entre los 35 y los 44 a\u00f1os con un 21%, seguido por el colectivo comprendido entre los 25 y 35 a\u00f1os (19%) y entre los 25 y 54 a\u00f1os (19%).<\/p>\n<p>El n\u00famero de visitantes mayores de 65 a\u00f1os disminuy\u00f3 en 2014, mientras que los menores de 65 crecieron en todos los tramos de edad, especialmente los menores de 12 a\u00f1os que aumentaron sus visitas un 51%.<\/p>\n<p>EL 65% CON ESTUDIOS SUPERIORES.<\/p>\n<p>El 65% de los visitantes que recibi\u00f3 El Prado en 2014 contaba con estudios superiores, el 30% con estudios secundarios y el 5% con estudios primarios, seg\u00fan los datos proporcionados por Turespa\u00f1a.<\/p>\n<p>En cuanto a la situaci\u00f3n laboral el 61% del total de turistas que recibi\u00f3 el museo estaban ocupados, el 28% eran estudiantes, el 7% jubilados y el 4% estaban desempleados.<\/p>\n<p>El 31% del total de personas que acudieron al Museo del Prado en 2014 repet\u00edan visita, mientras que el 68% era la primera vez que entraban en el museo. El 81% del total de personas visitaron la colecci\u00f3n permanente, frente al 6% que opt\u00f3 por sus exposiciones temporales.<\/p>\n<p>De los visitantes nacionales, el 71% estaba interesado en visitar la colecci\u00f3n permanente, el 15% en las colecciones temporales y el 14% restante estaba atra\u00eddo por ambas.<\/p>\n<p>El 30,9% de los visitantes acudi\u00f3 al museo en pareja mientras que el 28,7% decidi\u00f3 visitarlo en familia. Lejos quedan aquellos que acudieron con amigos (19,7%), solos (10,8%) o con compa\u00f1eros de trabajo o estudio (9,9%).<\/p>\n<p>El porcentaje de visitantes que adquiri\u00f3 su entrada por Internet aument\u00f3 del 19% hasta el 24% de 2012 a 2014, en detrimento de la proporci\u00f3n de visitantes que acudieron a la taquilla a comprar sus pases.<\/p>\n<p>CRECE LA TENDENCIA A VISITAR EL MUSEO ENTRE SEMANA<\/p>\n<p>Casi la mitad de los visitantes que acogi\u00f3 El Prado en 2014 no tuvo que pagar. El 24% se benefici\u00f3 de la entrada gratuita y otro 24% entr\u00f3 en horario de gratuidad, mientras que el 6% pudo obtener la entrada reducida, otro 6% consigui\u00f3 la entrada a otros precios m\u00e1s bajos y el 3% formaba parte de la Fundaci\u00f3n de Amigos del Museo.<\/p>\n<p>Los d\u00edas de la semana que m\u00e1s visitas registrados fueron el s\u00e1bado con un 16,5% del total, seguido del domingo y el viernes.<\/p>\n<p>Asimismo, la distribuci\u00f3n de visitantes por d\u00edas de la semana en 2014 no sufri\u00f3 muchos cambios respecto a 2013, cuya variaci\u00f3n m\u00e1s significativa se dio en los lunes, en los que aument\u00f3 la afluencia, y los jueves, en los que se redujo.<\/p>\n<p>Desde 2010 se viene observando una tendencia mayor a visitar el museo entre semana, y desde 2011 empez\u00f3 a disminuir la tendencia de visitarlo en fin de semana.<\/p>\n","protected":false},"excerpt":{"rendered":"<p>Los americanos, europeos y japoneses son los turistas que m\u00e1s visitan el Museo del Prado de Madrid, seg\u00fan la tendencia registrada durante 2014 en un estudio elaborado por Turespa\u00f1a, que analiza durante un a\u00f1o completo el volumen y procedencia de sus visitantes. As\u00ed, Estados Unidos se mantiene en primer lugar como emisor de visitantes extranjeros,<\/p>\n","protected":false},"author":1,"featured_media":59650,"comment_status":"open","ping_status":"closed","sticky":false,"template":"","format":"standard","meta":{"footnotes":""},"categories":[224],"tags":[],"class_list":{"0":"post-59649","1":"post","2":"type-post","3":"status-publish","4":"format-standard","5":"has-post-thumbnail","7":"category-noticias-actualidad"},"aioseo_notices":[],"aioseo_head":"\n\t\t<!-- All in One SEO Pro 4.9.6.1 - aioseo.com -->\n\t<meta name=\"description\" content=\"Los americanos, europeos y japoneses son los turistas que m\u00e1s visitan el Museo del Prado de Madrid, seg\u00fan la tendencia registrada durante 2014 en un estudio elaborado por Turespa\u00f1a, que analiza durante un a\u00f1o completo el volumen y procedencia de sus visitantes. As\u00ed, Estados Unidos se mantiene en primer lugar como emisor de visitantes extranjeros,\" \/>\n\t<meta name=\"robots\" content=\"max-image-preview:large\" \/>\n\t<meta name=\"author\" content=\"admin\"\/>\n\t<meta name=\"google-site-verification\" content=\"UA-38556648-1\" \/>\n\t<meta name=\"keywords\" content=\"noticias y actualidad\" \/>\n\t<link rel=\"canonical\" href=\"https:\/\/eldigitaldeasturias.com\/magazine365\/americanos-europeos-y-japoneses-son-los-que-mas-visitan-el-museo-del-prado\/\" \/>\n\t<meta name=\"generator\" content=\"All in One SEO Pro (AIOSEO) 4.9.6.1\" \/>\n\t\t<meta property=\"og:locale\" content=\"es_ES\" \/>\n\t\t<meta property=\"og:site_name\" content=\"El Digital de Asturias \u2013 Revista de ocio, turismo y estilo de vida\" \/>\n\t\t<meta property=\"og:type\" content=\"article\" \/>\n\t\t<meta property=\"og:title\" content=\"Americanos, europeos y japoneses son los que m\u00e1s visitan el Museo del Prado | El Digital de Asturias\" \/>\n\t\t<meta property=\"og:description\" content=\"Los americanos, europeos y japoneses son los turistas que m\u00e1s visitan el Museo del Prado de Madrid, seg\u00fan la tendencia registrada durante 2014 en un estudio elaborado por Turespa\u00f1a, que analiza durante un a\u00f1o completo el volumen y procedencia de sus visitantes. As\u00ed, Estados Unidos se mantiene en primer lugar como emisor de visitantes extranjeros,\" \/>\n\t\t<meta property=\"og:url\" content=\"https:\/\/eldigitaldeasturias.com\/magazine365\/americanos-europeos-y-japoneses-son-los-que-mas-visitan-el-museo-del-prado\/\" \/>\n\t\t<meta property=\"og:image\" content=\"https:\/\/eldigitaldeasturias.com\/magazine365\/wp-content\/uploads\/2016\/01\/fotonoticia_20160102095933_800.jpg\" \/>\n\t\t<meta property=\"og:image:secure_url\" content=\"https:\/\/eldigitaldeasturias.com\/magazine365\/wp-content\/uploads\/2016\/01\/fotonoticia_20160102095933_800.jpg\" \/>\n\t\t<meta property=\"og:image:width\" content=\"800\" \/>\n\t\t<meta property=\"og:image:height\" content=\"533\" \/>\n\t\t<meta property=\"article:published_time\" content=\"2016-01-03T18:04:25+00:00\" \/>\n\t\t<meta property=\"article:modified_time\" content=\"2016-01-03T18:04:25+00:00\" \/>\n\t\t<meta name=\"twitter:card\" content=\"summary_large_image\" \/>\n\t\t<meta name=\"twitter:title\" content=\"Americanos, europeos y japoneses son los que m\u00e1s visitan el Museo del Prado | El Digital de Asturias\" \/>\n\t\t<meta name=\"twitter:description\" content=\"Los americanos, europeos y japoneses son los turistas que m\u00e1s visitan el Museo del Prado de Madrid, seg\u00fan la tendencia registrada durante 2014 en un estudio elaborado por Turespa\u00f1a, que analiza durante un a\u00f1o completo el volumen y procedencia de sus visitantes. As\u00ed, Estados Unidos se mantiene en primer lugar como emisor de visitantes extranjeros,\" \/>\n\t\t<meta name=\"twitter:image\" content=\"https:\/\/eldigitaldeasturias.com\/magazine365\/wp-content\/uploads\/2016\/01\/fotonoticia_20160102095933_800.jpg\" \/>\n\t\t<script type=\"application\/ld+json\" class=\"aioseo-schema\">\n\t\t\t{\"@context\":\"https:\\\/\\\/schema.org\",\"@graph\":[{\"@type\":\"Article\",\"@id\":\"https:\\\/\\\/eldigitaldeasturias.com\\\/magazine365\\\/americanos-europeos-y-japoneses-son-los-que-mas-visitan-el-museo-del-prado\\\/#article\",\"name\":\"Americanos, europeos y japoneses son los que m\\u00e1s visitan el Museo del Prado | El Digital de Asturias\",\"headline\":\"Americanos, europeos y japoneses son los que m\\u00e1s visitan el Museo del Prado\",\"author\":{\"@id\":\"https:\\\/\\\/eldigitaldeasturias.com\\\/magazine365\\\/author\\\/admin\\\/#author\"},\"publisher\":{\"@id\":\"https:\\\/\\\/eldigitaldeasturias.com\\\/magazine365\\\/#organization\"},\"image\":{\"@type\":\"ImageObject\",\"url\":\"https:\\\/\\\/eldigitaldeasturias.com\\\/magazine365\\\/wp-content\\\/uploads\\\/2016\\\/01\\\/fotonoticia_20160102095933_800.jpg\",\"width\":800,\"height\":533},\"datePublished\":\"2016-01-03T19:04:25+01:00\",\"dateModified\":\"2016-01-03T19:04:25+01:00\",\"inLanguage\":\"es-ES\",\"mainEntityOfPage\":{\"@id\":\"https:\\\/\\\/eldigitaldeasturias.com\\\/magazine365\\\/americanos-europeos-y-japoneses-son-los-que-mas-visitan-el-museo-del-prado\\\/#webpage\"},\"isPartOf\":{\"@id\":\"https:\\\/\\\/eldigitaldeasturias.com\\\/magazine365\\\/americanos-europeos-y-japoneses-son-los-que-mas-visitan-el-museo-del-prado\\\/#webpage\"},\"articleSection\":\"Noticias y Actualidad\"},{\"@type\":\"BreadcrumbList\",\"@id\":\"https:\\\/\\\/eldigitaldeasturias.com\\\/magazine365\\\/americanos-europeos-y-japoneses-son-los-que-mas-visitan-el-museo-del-prado\\\/#breadcrumblist\",\"itemListElement\":[{\"@type\":\"ListItem\",\"@id\":\"https:\\\/\\\/eldigitaldeasturias.com\\\/magazine365#listItem\",\"position\":1,\"name\":\"Home\",\"item\":\"https:\\\/\\\/eldigitaldeasturias.com\\\/magazine365\",\"nextItem\":{\"@type\":\"ListItem\",\"@id\":\"https:\\\/\\\/eldigitaldeasturias.com\\\/magazine365\\\/category\\\/noticias-actualidad\\\/#listItem\",\"name\":\"Noticias y Actualidad\"}},{\"@type\":\"ListItem\",\"@id\":\"https:\\\/\\\/eldigitaldeasturias.com\\\/magazine365\\\/category\\\/noticias-actualidad\\\/#listItem\",\"position\":2,\"name\":\"Noticias y Actualidad\",\"item\":\"https:\\\/\\\/eldigitaldeasturias.com\\\/magazine365\\\/category\\\/noticias-actualidad\\\/\",\"nextItem\":{\"@type\":\"ListItem\",\"@id\":\"https:\\\/\\\/eldigitaldeasturias.com\\\/magazine365\\\/americanos-europeos-y-japoneses-son-los-que-mas-visitan-el-museo-del-prado\\\/#listItem\",\"name\":\"Americanos, europeos y japoneses son los que m\\u00e1s visitan el Museo del Prado\"},\"previousItem\":{\"@type\":\"ListItem\",\"@id\":\"https:\\\/\\\/eldigitaldeasturias.com\\\/magazine365#listItem\",\"name\":\"Home\"}},{\"@type\":\"ListItem\",\"@id\":\"https:\\\/\\\/eldigitaldeasturias.com\\\/magazine365\\\/americanos-europeos-y-japoneses-son-los-que-mas-visitan-el-museo-del-prado\\\/#listItem\",\"position\":3,\"name\":\"Americanos, europeos y japoneses son los que m\\u00e1s visitan el Museo del Prado\",\"previousItem\":{\"@type\":\"ListItem\",\"@id\":\"https:\\\/\\\/eldigitaldeasturias.com\\\/magazine365\\\/category\\\/noticias-actualidad\\\/#listItem\",\"name\":\"Noticias y Actualidad\"}}]},{\"@type\":\"Organization\",\"@id\":\"https:\\\/\\\/eldigitaldeasturias.com\\\/magazine365\\\/#organization\",\"name\":\"El digital de Asturias\",\"description\":\"Revista de ocio, turismo y estilo de vida\",\"url\":\"https:\\\/\\\/eldigitaldeasturias.com\\\/magazine365\\\/\",\"logo\":{\"@type\":\"ImageObject\",\"url\":\"https:\\\/\\\/www.eldigitaldeasturias.com\\\/noticias\\\/wp-content\\\/uploads\\\/2020\\\/12\\\/EDA.jpg\",\"@id\":\"https:\\\/\\\/eldigitaldeasturias.com\\\/magazine365\\\/americanos-europeos-y-japoneses-son-los-que-mas-visitan-el-museo-del-prado\\\/#organizationLogo\"},\"image\":{\"@id\":\"https:\\\/\\\/eldigitaldeasturias.com\\\/magazine365\\\/americanos-europeos-y-japoneses-son-los-que-mas-visitan-el-museo-del-prado\\\/#organizationLogo\"}},{\"@type\":\"Person\",\"@id\":\"https:\\\/\\\/eldigitaldeasturias.com\\\/magazine365\\\/author\\\/admin\\\/#author\",\"url\":\"https:\\\/\\\/eldigitaldeasturias.com\\\/magazine365\\\/author\\\/admin\\\/\",\"name\":\"admin\",\"image\":{\"@type\":\"ImageObject\",\"@id\":\"https:\\\/\\\/eldigitaldeasturias.com\\\/magazine365\\\/americanos-europeos-y-japoneses-son-los-que-mas-visitan-el-museo-del-prado\\\/#authorImage\",\"url\":\"https:\\\/\\\/eldigitaldeasturias.com\\\/magazine365\\\/wp-content\\\/litespeed\\\/avatar\\\/e571bcf59a0edd6fa6838245a470f2fe.jpg?ver=1777574230\",\"width\":96,\"height\":96,\"caption\":\"admin\"}},{\"@type\":\"WebPage\",\"@id\":\"https:\\\/\\\/eldigitaldeasturias.com\\\/magazine365\\\/americanos-europeos-y-japoneses-son-los-que-mas-visitan-el-museo-del-prado\\\/#webpage\",\"url\":\"https:\\\/\\\/eldigitaldeasturias.com\\\/magazine365\\\/americanos-europeos-y-japoneses-son-los-que-mas-visitan-el-museo-del-prado\\\/\",\"name\":\"Americanos, europeos y japoneses son los que m\\u00e1s visitan el Museo del Prado | El Digital de Asturias\",\"description\":\"Los americanos, europeos y japoneses son los turistas que m\\u00e1s visitan el Museo del Prado de Madrid, seg\\u00fan la tendencia registrada durante 2014 en un estudio elaborado por Turespa\\u00f1a, que analiza durante un a\\u00f1o completo el volumen y procedencia de sus visitantes. As\\u00ed, Estados Unidos se mantiene en primer lugar como emisor de visitantes extranjeros,\",\"inLanguage\":\"es-ES\",\"isPartOf\":{\"@id\":\"https:\\\/\\\/eldigitaldeasturias.com\\\/magazine365\\\/#website\"},\"breadcrumb\":{\"@id\":\"https:\\\/\\\/eldigitaldeasturias.com\\\/magazine365\\\/americanos-europeos-y-japoneses-son-los-que-mas-visitan-el-museo-del-prado\\\/#breadcrumblist\"},\"author\":{\"@id\":\"https:\\\/\\\/eldigitaldeasturias.com\\\/magazine365\\\/author\\\/admin\\\/#author\"},\"creator\":{\"@id\":\"https:\\\/\\\/eldigitaldeasturias.com\\\/magazine365\\\/author\\\/admin\\\/#author\"},\"image\":{\"@type\":\"ImageObject\",\"url\":\"https:\\\/\\\/eldigitaldeasturias.com\\\/magazine365\\\/wp-content\\\/uploads\\\/2016\\\/01\\\/fotonoticia_20160102095933_800.jpg\",\"@id\":\"https:\\\/\\\/eldigitaldeasturias.com\\\/magazine365\\\/americanos-europeos-y-japoneses-son-los-que-mas-visitan-el-museo-del-prado\\\/#mainImage\",\"width\":800,\"height\":533},\"primaryImageOfPage\":{\"@id\":\"https:\\\/\\\/eldigitaldeasturias.com\\\/magazine365\\\/americanos-europeos-y-japoneses-son-los-que-mas-visitan-el-museo-del-prado\\\/#mainImage\"},\"datePublished\":\"2016-01-03T19:04:25+01:00\",\"dateModified\":\"2016-01-03T19:04:25+01:00\"},{\"@type\":\"WebSite\",\"@id\":\"https:\\\/\\\/eldigitaldeasturias.com\\\/magazine365\\\/#website\",\"url\":\"https:\\\/\\\/eldigitaldeasturias.com\\\/magazine365\\\/\",\"name\":\"El Digital de Asturias\",\"description\":\"Revista de ocio, turismo y estilo de vida\",\"inLanguage\":\"es-ES\",\"publisher\":{\"@id\":\"https:\\\/\\\/eldigitaldeasturias.com\\\/magazine365\\\/#organization\"}}]}\n\t\t<\/script>\n\t\t<!-- All in One SEO Pro -->\r\n\t\t<title>Americanos, europeos y japoneses son los que m\u00e1s visitan el Museo del Prado | El Digital de Asturias<\/title>\n\n","aioseo_head_json":{"title":"Americanos, europeos y japoneses son los que m\u00e1s visitan el Museo del Prado | El Digital de Asturias","description":"Los americanos, europeos y japoneses son los turistas que m\u00e1s visitan el Museo del Prado de Madrid, seg\u00fan la tendencia registrada durante 2014 en un estudio elaborado por Turespa\u00f1a, que analiza durante un a\u00f1o completo el volumen y procedencia de sus visitantes. As\u00ed, Estados Unidos se mantiene en primer lugar como emisor de visitantes extranjeros,","canonical_url":"https:\/\/eldigitaldeasturias.com\/magazine365\/americanos-europeos-y-japoneses-son-los-que-mas-visitan-el-museo-del-prado\/","robots":"max-image-preview:large","keywords":"noticias y actualidad","webmasterTools":{"google-site-verification":"UA-38556648-1","miscellaneous":""},"schema":{"@context":"https:\/\/schema.org","@graph":[{"@type":"Article","@id":"https:\/\/eldigitaldeasturias.com\/magazine365\/americanos-europeos-y-japoneses-son-los-que-mas-visitan-el-museo-del-prado\/#article","name":"Americanos, europeos y japoneses son los que m\u00e1s visitan el Museo del Prado | El Digital de Asturias","headline":"Americanos, europeos y japoneses son los que m\u00e1s visitan el Museo del Prado","author":{"@id":"https:\/\/eldigitaldeasturias.com\/magazine365\/author\/admin\/#author"},"publisher":{"@id":"https:\/\/eldigitaldeasturias.com\/magazine365\/#organization"},"image":{"@type":"ImageObject","url":"https:\/\/eldigitaldeasturias.com\/magazine365\/wp-content\/uploads\/2016\/01\/fotonoticia_20160102095933_800.jpg","width":800,"height":533},"datePublished":"2016-01-03T19:04:25+01:00","dateModified":"2016-01-03T19:04:25+01:00","inLanguage":"es-ES","mainEntityOfPage":{"@id":"https:\/\/eldigitaldeasturias.com\/magazine365\/americanos-europeos-y-japoneses-son-los-que-mas-visitan-el-museo-del-prado\/#webpage"},"isPartOf":{"@id":"https:\/\/eldigitaldeasturias.com\/magazine365\/americanos-europeos-y-japoneses-son-los-que-mas-visitan-el-museo-del-prado\/#webpage"},"articleSection":"Noticias y Actualidad"},{"@type":"BreadcrumbList","@id":"https:\/\/eldigitaldeasturias.com\/magazine365\/americanos-europeos-y-japoneses-son-los-que-mas-visitan-el-museo-del-prado\/#breadcrumblist","itemListElement":[{"@type":"ListItem","@id":"https:\/\/eldigitaldeasturias.com\/magazine365#listItem","position":1,"name":"Home","item":"https:\/\/eldigitaldeasturias.com\/magazine365","nextItem":{"@type":"ListItem","@id":"https:\/\/eldigitaldeasturias.com\/magazine365\/category\/noticias-actualidad\/#listItem","name":"Noticias y Actualidad"}},{"@type":"ListItem","@id":"https:\/\/eldigitaldeasturias.com\/magazine365\/category\/noticias-actualidad\/#listItem","position":2,"name":"Noticias y Actualidad","item":"https:\/\/eldigitaldeasturias.com\/magazine365\/category\/noticias-actualidad\/","nextItem":{"@type":"ListItem","@id":"https:\/\/eldigitaldeasturias.com\/magazine365\/americanos-europeos-y-japoneses-son-los-que-mas-visitan-el-museo-del-prado\/#listItem","name":"Americanos, europeos y japoneses son los que m\u00e1s visitan el Museo del Prado"},"previousItem":{"@type":"ListItem","@id":"https:\/\/eldigitaldeasturias.com\/magazine365#listItem","name":"Home"}},{"@type":"ListItem","@id":"https:\/\/eldigitaldeasturias.com\/magazine365\/americanos-europeos-y-japoneses-son-los-que-mas-visitan-el-museo-del-prado\/#listItem","position":3,"name":"Americanos, europeos y japoneses son los que m\u00e1s visitan el Museo del Prado","previousItem":{"@type":"ListItem","@id":"https:\/\/eldigitaldeasturias.com\/magazine365\/category\/noticias-actualidad\/#listItem","name":"Noticias y Actualidad"}}]},{"@type":"Organization","@id":"https:\/\/eldigitaldeasturias.com\/magazine365\/#organization","name":"El digital de Asturias","description":"Revista de ocio, turismo y estilo de vida","url":"https:\/\/eldigitaldeasturias.com\/magazine365\/","logo":{"@type":"ImageObject","url":"https:\/\/www.eldigitaldeasturias.com\/noticias\/wp-content\/uploads\/2020\/12\/EDA.jpg","@id":"https:\/\/eldigitaldeasturias.com\/magazine365\/americanos-europeos-y-japoneses-son-los-que-mas-visitan-el-museo-del-prado\/#organizationLogo"},"image":{"@id":"https:\/\/eldigitaldeasturias.com\/magazine365\/americanos-europeos-y-japoneses-son-los-que-mas-visitan-el-museo-del-prado\/#organizationLogo"}},{"@type":"Person","@id":"https:\/\/eldigitaldeasturias.com\/magazine365\/author\/admin\/#author","url":"https:\/\/eldigitaldeasturias.com\/magazine365\/author\/admin\/","name":"admin","image":{"@type":"ImageObject","@id":"https:\/\/eldigitaldeasturias.com\/magazine365\/americanos-europeos-y-japoneses-son-los-que-mas-visitan-el-museo-del-prado\/#authorImage","url":"https:\/\/eldigitaldeasturias.com\/magazine365\/wp-content\/litespeed\/avatar\/e571bcf59a0edd6fa6838245a470f2fe.jpg?ver=1777574230","width":96,"height":96,"caption":"admin"}},{"@type":"WebPage","@id":"https:\/\/eldigitaldeasturias.com\/magazine365\/americanos-europeos-y-japoneses-son-los-que-mas-visitan-el-museo-del-prado\/#webpage","url":"https:\/\/eldigitaldeasturias.com\/magazine365\/americanos-europeos-y-japoneses-son-los-que-mas-visitan-el-museo-del-prado\/","name":"Americanos, europeos y japoneses son los que m\u00e1s visitan el Museo del Prado | El Digital de Asturias","description":"Los americanos, europeos y japoneses son los turistas que m\u00e1s visitan el Museo del Prado de Madrid, seg\u00fan la tendencia registrada durante 2014 en un estudio elaborado por Turespa\u00f1a, que analiza durante un a\u00f1o completo el volumen y procedencia de sus visitantes. As\u00ed, Estados Unidos se mantiene en primer lugar como emisor de visitantes extranjeros,","inLanguage":"es-ES","isPartOf":{"@id":"https:\/\/eldigitaldeasturias.com\/magazine365\/#website"},"breadcrumb":{"@id":"https:\/\/eldigitaldeasturias.com\/magazine365\/americanos-europeos-y-japoneses-son-los-que-mas-visitan-el-museo-del-prado\/#breadcrumblist"},"author":{"@id":"https:\/\/eldigitaldeasturias.com\/magazine365\/author\/admin\/#author"},"creator":{"@id":"https:\/\/eldigitaldeasturias.com\/magazine365\/author\/admin\/#author"},"image":{"@type":"ImageObject","url":"https:\/\/eldigitaldeasturias.com\/magazine365\/wp-content\/uploads\/2016\/01\/fotonoticia_20160102095933_800.jpg","@id":"https:\/\/eldigitaldeasturias.com\/magazine365\/americanos-europeos-y-japoneses-son-los-que-mas-visitan-el-museo-del-prado\/#mainImage","width":800,"height":533},"primaryImageOfPage":{"@id":"https:\/\/eldigitaldeasturias.com\/magazine365\/americanos-europeos-y-japoneses-son-los-que-mas-visitan-el-museo-del-prado\/#mainImage"},"datePublished":"2016-01-03T19:04:25+01:00","dateModified":"2016-01-03T19:04:25+01:00"},{"@type":"WebSite","@id":"https:\/\/eldigitaldeasturias.com\/magazine365\/#website","url":"https:\/\/eldigitaldeasturias.com\/magazine365\/","name":"El Digital de Asturias","description":"Revista de ocio, turismo y estilo de vida","inLanguage":"es-ES","publisher":{"@id":"https:\/\/eldigitaldeasturias.com\/magazine365\/#organization"}}]},"og:locale":"es_ES","og:site_name":"El Digital de Asturias \u2013 Revista de ocio, turismo y estilo de vida","og:type":"article","og:title":"Americanos, europeos y japoneses son los que m\u00e1s visitan el Museo del Prado | El Digital de Asturias","og:description":"Los americanos, europeos y japoneses son los turistas que m\u00e1s visitan el Museo del Prado de Madrid, seg\u00fan la tendencia registrada durante 2014 en un estudio elaborado por Turespa\u00f1a, que analiza durante un a\u00f1o completo el volumen y procedencia de sus visitantes. As\u00ed, Estados Unidos se mantiene en primer lugar como emisor de visitantes extranjeros,","og:url":"https:\/\/eldigitaldeasturias.com\/magazine365\/americanos-europeos-y-japoneses-son-los-que-mas-visitan-el-museo-del-prado\/","og:image":"https:\/\/eldigitaldeasturias.com\/magazine365\/wp-content\/uploads\/2016\/01\/fotonoticia_20160102095933_800.jpg","og:image:secure_url":"https:\/\/eldigitaldeasturias.com\/magazine365\/wp-content\/uploads\/2016\/01\/fotonoticia_20160102095933_800.jpg","og:image:width":800,"og:image:height":533,"article:published_time":"2016-01-03T18:04:25+00:00","article:modified_time":"2016-01-03T18:04:25+00:00","twitter:card":"summary_large_image","twitter:title":"Americanos, europeos y japoneses son los que m\u00e1s visitan el Museo del Prado | El Digital de Asturias","twitter:description":"Los americanos, europeos y japoneses son los turistas que m\u00e1s visitan el Museo del Prado de Madrid, seg\u00fan la tendencia registrada durante 2014 en un estudio elaborado por Turespa\u00f1a, que analiza durante un a\u00f1o completo el volumen y procedencia de sus visitantes. As\u00ed, Estados Unidos se mantiene en primer lugar como emisor de visitantes extranjeros,","twitter:image":"https:\/\/eldigitaldeasturias.com\/magazine365\/wp-content\/uploads\/2016\/01\/fotonoticia_20160102095933_800.jpg"},"aioseo_meta_data":{"post_id":"59649","title":null,"description":null,"keywords":null,"keyphrases":null,"primary_term":null,"canonical_url":null,"og_title":null,"og_description":null,"og_object_type":"default","og_image_type":"default","og_image_url":null,"og_image_width":null,"og_image_height":null,"og_image_custom_url":null,"og_image_custom_fields":null,"og_video":null,"og_custom_url":null,"og_article_section":null,"og_article_tags":null,"twitter_use_og":false,"twitter_card":"default","twitter_image_type":"default","twitter_image_url":null,"twitter_image_custom_url":null,"twitter_image_custom_fields":null,"twitter_title":null,"twitter_description":null,"schema":{"blockGraphs":[],"customGraphs":[],"default":{"data":{"Article":[],"Course":[],"Dataset":[],"FAQPage":[],"Movie":[],"Person":[],"Product":[],"ProductReview":[],"Car":[],"Recipe":[],"Service":[],"SoftwareApplication":[],"WebPage":[]},"graphName":"","isEnabled":true},"graphs":[],"defaultGraph":"","defaultPostTypeGraph":""},"schema_type":null,"schema_type_options":null,"pillar_content":false,"robots_default":true,"robots_noindex":false,"robots_noarchive":false,"robots_nosnippet":false,"robots_nofollow":false,"robots_noimageindex":false,"robots_noodp":false,"robots_notranslate":false,"robots_max_snippet":null,"robots_max_videopreview":null,"robots_max_imagepreview":"large","priority":null,"frequency":null,"location":null,"local_seo":null,"seo_analyzer_scan_date":"2025-09-25 05:21:04","breadcrumb_settings":null,"limit_modified_date":false,"open_ai":null,"ai":null,"created":"2021-03-08 18:07:56","updated":"2025-09-25 05:21:04"},"aioseo_breadcrumb":"<div class=\"aioseo-breadcrumbs\"><span class=\"aioseo-breadcrumb\">\n\t<a href=\"https:\/\/eldigitaldeasturias.com\/magazine365\" title=\"Home\">Home<\/a>\n<\/span><span class=\"aioseo-breadcrumb-separator\">\u2013<\/span><span class=\"aioseo-breadcrumb\">\n\t<a href=\"https:\/\/eldigitaldeasturias.com\/magazine365\/category\/noticias-actualidad\/\" title=\"Noticias y Actualidad\">Noticias y Actualidad<\/a>\n<\/span><span class=\"aioseo-breadcrumb-separator\">\u2013<\/span><span class=\"aioseo-breadcrumb\">\n\t<a href=\"https:\/\/eldigitaldeasturias.com\/magazine365\/americanos-europeos-y-japoneses-son-los-que-mas-visitan-el-museo-del-prado\/\" title=\"Americanos, europeos y japoneses son los que m\u00e1s visitan el Museo del Prado\">Americanos, europeos y japoneses son los que m\u00e1s visitan el Museo del Prado<\/a>\n<\/span><\/div>","aioseo_breadcrumb_json":[{"label":"Home","link":"https:\/\/eldigitaldeasturias.com\/magazine365"},{"label":"Noticias y Actualidad","link":"https:\/\/eldigitaldeasturias.com\/magazine365\/category\/noticias-actualidad\/"},{"label":"Americanos, europeos y japoneses son los que m\u00e1s visitan el Museo del Prado","link":"https:\/\/eldigitaldeasturias.com\/magazine365\/americanos-europeos-y-japoneses-son-los-que-mas-visitan-el-museo-del-prado\/"}],"_links":{"self":[{"href":"https:\/\/eldigitaldeasturias.com\/magazine365\/wp-json\/wp\/v2\/posts\/59649","targetHints":{"allow":["GET"]}}],"collection":[{"href":"https:\/\/eldigitaldeasturias.com\/magazine365\/wp-json\/wp\/v2\/posts"}],"about":[{"href":"https:\/\/eldigitaldeasturias.com\/magazine365\/wp-json\/wp\/v2\/types\/post"}],"author":[{"embeddable":true,"href":"https:\/\/eldigitaldeasturias.com\/magazine365\/wp-json\/wp\/v2\/users\/1"}],"replies":[{"embeddable":true,"href":"https:\/\/eldigitaldeasturias.com\/magazine365\/wp-json\/wp\/v2\/comments?post=59649"}],"version-history":[{"count":0,"href":"https:\/\/eldigitaldeasturias.com\/magazine365\/wp-json\/wp\/v2\/posts\/59649\/revisions"}],"wp:featuredmedia":[{"embeddable":true,"href":"https:\/\/eldigitaldeasturias.com\/magazine365\/wp-json\/wp\/v2\/media\/59650"}],"wp:attachment":[{"href":"https:\/\/eldigitaldeasturias.com\/magazine365\/wp-json\/wp\/v2\/media?parent=59649"}],"wp:term":[{"taxonomy":"category","embeddable":true,"href":"https:\/\/eldigitaldeasturias.com\/magazine365\/wp-json\/wp\/v2\/categories?post=59649"},{"taxonomy":"post_tag","embeddable":true,"href":"https:\/\/eldigitaldeasturias.com\/magazine365\/wp-json\/wp\/v2\/tags?post=59649"}],"curies":[{"name":"wp","href":"https:\/\/api.w.org\/{rel}","templated":true}]}}