{"id":59635,"date":"2016-01-01T05:09:21","date_gmt":"2016-01-01T04:09:21","guid":{"rendered":"http:\/\/eldigitaldeasturias.com\/magazine365\/?p=59635"},"modified":"2016-01-01T05:09:21","modified_gmt":"2016-01-01T04:09:21","slug":"las-tasas-aeroportuarias-bajaran-un-19-a-partir-de-marzo-de-2016","status":"publish","type":"post","link":"https:\/\/eldigitaldeasturias.com\/magazine365\/las-tasas-aeroportuarias-bajaran-un-19-a-partir-de-marzo-de-2016\/","title":{"rendered":"Las tasas aeroportuarias bajar\u00e1n un 1,9% a partir de marzo de 2016"},"content":{"rendered":"<p><img fetchpriority=\"high\" decoding=\"async\" class=\"alignleft size-medium wp-image-59636\" src=\"https:\/\/eldigitaldeasturias.com\/magazine365\/wp-content\/uploads\/2016\/01\/fotonoticia_20151231091433_800-360x270.jpg\" alt=\"fotonoticia_20151231091433_800\" width=\"360\" height=\"270\" srcset=\"https:\/\/eldigitaldeasturias.com\/magazine365\/wp-content\/uploads\/2016\/01\/fotonoticia_20151231091433_800-360x270.jpg 360w, https:\/\/eldigitaldeasturias.com\/magazine365\/wp-content\/uploads\/2016\/01\/fotonoticia_20151231091433_800-650x488.jpg 650w, https:\/\/eldigitaldeasturias.com\/magazine365\/wp-content\/uploads\/2016\/01\/fotonoticia_20151231091433_800-768x576.jpg 768w, https:\/\/eldigitaldeasturias.com\/magazine365\/wp-content\/uploads\/2016\/01\/fotonoticia_20151231091433_800-150x113.jpg 150w, https:\/\/eldigitaldeasturias.com\/magazine365\/wp-content\/uploads\/2016\/01\/fotonoticia_20151231091433_800-450x338.jpg 450w, https:\/\/eldigitaldeasturias.com\/magazine365\/wp-content\/uploads\/2016\/01\/fotonoticia_20151231091433_800-80x60.jpg 80w, https:\/\/eldigitaldeasturias.com\/magazine365\/wp-content\/uploads\/2016\/01\/fotonoticia_20151231091433_800-265x198.jpg 265w, https:\/\/eldigitaldeasturias.com\/magazine365\/wp-content\/uploads\/2016\/01\/fotonoticia_20151231091433_800-696x522.jpg 696w, https:\/\/eldigitaldeasturias.com\/magazine365\/wp-content\/uploads\/2016\/01\/fotonoticia_20151231091433_800-560x420.jpg 560w, https:\/\/eldigitaldeasturias.com\/magazine365\/wp-content\/uploads\/2016\/01\/fotonoticia_20151231091433_800-90x67.jpg 90w, https:\/\/eldigitaldeasturias.com\/magazine365\/wp-content\/uploads\/2016\/01\/fotonoticia_20151231091433_800-164x124.jpg 164w, https:\/\/eldigitaldeasturias.com\/magazine365\/wp-content\/uploads\/2016\/01\/fotonoticia_20151231091433_800-100x75.jpg 100w, https:\/\/eldigitaldeasturias.com\/magazine365\/wp-content\/uploads\/2016\/01\/fotonoticia_20151231091433_800.jpg 800w\" sizes=\"(max-width: 360px) 100vw, 360px\" \/>Las tasas aeroportuarias caer\u00e1n un 1,9% a partir de marzo de 2016 y se congelar\u00e1n en el periodo 2017-2021, seg\u00fan la propuesta provisional de Documento de Regulaci\u00f3n Aeroportuaria (DORA) entre 2017-2021, aprobada por Aena y a\u00fan no definitiva, tras mantenerse congeladas en 2015 tras el incremento del 0,9% en 2014.<\/p>\n<p>Este a\u00f1o se mantendr\u00e1n las bonificaciones a\u00e9reas &#8211;un 40% por pasajeros en conexi\u00f3n frente al 35% actual, 100% a las tasas de pasajeros en nuevas rutas y 75% para viajeros adicionales, exenci\u00f3n de pago de mercanc\u00eda en conexi\u00f3n y bonificaciones por insularidad&#8211;.<\/p>\n<p>En lo que respecta a las subvenciones al transporte, se mantiene la bonificaci\u00f3n del 50% en billetes de transporte a\u00e9reo y mar\u00edtimo de los residentes en territorios no peninsulares y familias numerosas. Adem\u00e1s, se incrementar\u00e1n en un 5% las subvenciones para el transporte de mercanc\u00edas.<\/p>\n<p>NUEVO MARCO REGULATORIO AEROPORTUARIO.<\/p>\n<p>El Gobierno aprob\u00f3 en julio de 2014 el nuevo marco regulatorio aeroportuario, recogido en el denominado Documento de Regulaci\u00f3n Aeroportuaria (DORA), de cara a dar entrada al capital privado hasta un 49% en Aena, que entrar\u00e1 en vigor a partir de 2017.<\/p>\n<p>La propuesta provisional del DORA incluye la congelaci\u00f3n de tarifas para el periodo 2017-2021 (ambos inclusive), sobre las ya estipuladas para 2016.<\/p>\n<p>A partir de ahora se abre un periodo de consultas, que tendr\u00e1 una duraci\u00f3n m\u00ednima de dos meses, y que acabar\u00e1 antes del 15 de marzo de 2016, fecha tope para la remisi\u00f3n de la propuesta definitiva a la Direcci\u00f3n General de Aviaci\u00f3n Civil.<\/p>\n<p>El DORA, con una duraci\u00f3n quinquenal, ser\u00e1 elaborado por el Ministerio de Fomento, en base a la propuesta de Aena y a los informes de los supervisores del sistema entre ellos la Comisi\u00f3n Nacional de los Mercados y la Competencia (CNMC), antes de su posterior aprobaci\u00f3n en Consejo de Ministros.<\/p>\n<p>TARIFAS DE TREN.<\/p>\n<p>En cuanto a las tarifas de tren, Renfe mantendr\u00e1 el precio de los billetes de los trenes de cercan\u00edas y media distancia convencional, aunque el Ejecutivo no descarta una revisi\u00f3n de los precios en enero, en funci\u00f3n del c\u00e1lculo del coste que supone para Renfe y el Estado la prestaci\u00f3n de estos servicios.<\/p>\n<p>Por su parte, el precio medio de los peajes de la red de autopistas dependientes de la Administraci\u00f3n del Estado bajar\u00e1 un 0,6% en 2016, lo que supondr\u00e1 su primer descenso en al menos los \u00faltimos quince a\u00f1os.<\/p>\n<p>De esta reducci\u00f3n media se excluyen tres de las autopistas radiales de Madrid (la R-3 Madrid-Arganda, la R-5 Madrid-Navalcarnero y la R-4 Madrid-Oca\u00f1a), donde los peajes subir\u00e1n un 1,34%, y la autopista Cartagena-Vera, donde se elevar\u00e1n un 0,39%.<\/p>\n<p>Estas subidas derivan de las primeras medidas de ayuda que se adoptaron a finales de 2010 para estas autopistas, que actualmente forman parte de las ocho que est\u00e1n en concurso de acreedores.<\/p>\n<p>PRECIOS DE SERVICIOS B\u00c1SICOS.<\/p>\n<p>La luz, el gas, los peajes y otros servicios bajar\u00e1n sus precios desde este viernes en un contexto general de baja inflaci\u00f3n, despu\u00e9s de que el IPC se haya situado en el 0% en el \u00faltimo mes del a\u00f1o, seg\u00fan el dato adelantado por el Instituto Nacional de Estad\u00edstica (INE), que no se confirmar\u00e1 hasta mediados de enero.<\/p>\n<p>De esta forma, los precios de estos servicios, b\u00e1sicos en muchos casos, supondr\u00e1n cierto alivio para los bolsillos de los ciudadanos en un momento en el que los salarios seguir\u00e1n contenidos o subir\u00e1n ligeramente, tanto en el sector p\u00fablico como en el privado.<\/p>\n<p>En concreto, el Ejecutivo ya decidi\u00f3 congelar por sexto a\u00f1o consecutivo el Indicador P\u00fablico de Rentas de Efectos M\u00faltiples (Iprem) en los Presupuestos Generales del Estado (PGE) para 2016, aunque ha optado por subir un 1% el Salario M\u00ednimo Interprofesional, hasta 655,08 euros al mes.<\/p>\n<p>En la misma l\u00ednea, el sueldo de los empleados p\u00fablicos subir\u00e1 un 1% el a\u00f1o que viene, tras a\u00f1os de congelaci\u00f3n, aunque las pensiones se incrementar\u00e1n s\u00f3lo el m\u00ednimo del 0,25% que fija la ley.<\/p>\n<p>REBAJA DE LA LUZ.<\/p>\n<p>En lo que se refiere a la energ\u00eda, los precios del sector empezar\u00e1n el a\u00f1o dando un peque\u00f1o respiro a los usuarios, que ver\u00e1n c\u00f3mo bajan sus tarifas. De hecho, el recibo de la luz bajar\u00e1 un 0,7% en enero con respecto a diciembre y el del gas caer\u00e1 cerca de un 3% respecto a la \u00faltima revisi\u00f3n trimestral.<\/p>\n<p>Estas bajadas se producir\u00e1n gracias a la rebaja que ha aprobado el Gobierno en la parte regulada de las dos tarifas, que llevar\u00e1 a una reducci\u00f3n media del 2,8% en el recibo de la luz para los consumidores dom\u00e9sticos con respecto a enero de 2015 y de un 3% para los consumidores de gas.<\/p>\n","protected":false},"excerpt":{"rendered":"<p>Las tasas aeroportuarias caer\u00e1n un 1,9% a partir de marzo de 2016 y se congelar\u00e1n en el periodo 2017-2021, seg\u00fan la propuesta provisional de Documento de Regulaci\u00f3n Aeroportuaria (DORA) entre 2017-2021, aprobada por Aena y a\u00fan no definitiva, tras mantenerse congeladas en 2015 tras el incremento del 0,9% en 2014. Este a\u00f1o se mantendr\u00e1n las<\/p>\n","protected":false},"author":1,"featured_media":59636,"comment_status":"open","ping_status":"closed","sticky":false,"template":"","format":"standard","meta":{"footnotes":""},"categories":[224],"tags":[],"class_list":{"0":"post-59635","1":"post","2":"type-post","3":"status-publish","4":"format-standard","5":"has-post-thumbnail","7":"category-noticias-actualidad"},"aioseo_notices":[],"aioseo_head":"\n\t\t<!-- All in One SEO Pro 4.9.6.1 - aioseo.com -->\n\t<meta name=\"description\" content=\"Las tasas aeroportuarias caer\u00e1n un 1,9% a partir de marzo de 2016 y se congelar\u00e1n en el periodo 2017-2021, seg\u00fan la propuesta provisional de Documento de Regulaci\u00f3n Aeroportuaria (DORA) entre 2017-2021, aprobada por Aena y a\u00fan no definitiva, tras mantenerse congeladas en 2015 tras el incremento del 0,9% en 2014. Este a\u00f1o se mantendr\u00e1n las\" \/>\n\t<meta name=\"robots\" content=\"max-image-preview:large\" \/>\n\t<meta name=\"author\" content=\"admin\"\/>\n\t<meta name=\"google-site-verification\" content=\"UA-38556648-1\" \/>\n\t<meta name=\"keywords\" content=\"noticias y actualidad\" \/>\n\t<link rel=\"canonical\" href=\"https:\/\/eldigitaldeasturias.com\/magazine365\/las-tasas-aeroportuarias-bajaran-un-19-a-partir-de-marzo-de-2016\/\" \/>\n\t<meta name=\"generator\" content=\"All in One SEO Pro (AIOSEO) 4.9.6.1\" \/>\n\t\t<meta property=\"og:locale\" content=\"es_ES\" \/>\n\t\t<meta property=\"og:site_name\" content=\"El Digital de Asturias \u2013 Revista de ocio, turismo y estilo de vida\" \/>\n\t\t<meta property=\"og:type\" content=\"article\" \/>\n\t\t<meta property=\"og:title\" content=\"Las tasas aeroportuarias bajar\u00e1n un 1,9% a partir de marzo de 2016 | El Digital de Asturias\" \/>\n\t\t<meta property=\"og:description\" content=\"Las tasas aeroportuarias caer\u00e1n un 1,9% a partir de marzo de 2016 y se congelar\u00e1n en el periodo 2017-2021, seg\u00fan la propuesta provisional de Documento de Regulaci\u00f3n Aeroportuaria (DORA) entre 2017-2021, aprobada por Aena y a\u00fan no definitiva, tras mantenerse congeladas en 2015 tras el incremento del 0,9% en 2014. Este a\u00f1o se mantendr\u00e1n las\" \/>\n\t\t<meta property=\"og:url\" content=\"https:\/\/eldigitaldeasturias.com\/magazine365\/las-tasas-aeroportuarias-bajaran-un-19-a-partir-de-marzo-de-2016\/\" \/>\n\t\t<meta property=\"og:image\" content=\"https:\/\/eldigitaldeasturias.com\/magazine365\/wp-content\/uploads\/2016\/01\/fotonoticia_20151231091433_800.jpg\" \/>\n\t\t<meta property=\"og:image:secure_url\" content=\"https:\/\/eldigitaldeasturias.com\/magazine365\/wp-content\/uploads\/2016\/01\/fotonoticia_20151231091433_800.jpg\" \/>\n\t\t<meta property=\"og:image:width\" content=\"800\" \/>\n\t\t<meta property=\"og:image:height\" content=\"600\" \/>\n\t\t<meta property=\"article:published_time\" content=\"2016-01-01T04:09:21+00:00\" \/>\n\t\t<meta property=\"article:modified_time\" content=\"2016-01-01T04:09:21+00:00\" \/>\n\t\t<meta name=\"twitter:card\" content=\"summary_large_image\" \/>\n\t\t<meta name=\"twitter:title\" content=\"Las tasas aeroportuarias bajar\u00e1n un 1,9% a partir de marzo de 2016 | El Digital de Asturias\" \/>\n\t\t<meta name=\"twitter:description\" content=\"Las tasas aeroportuarias caer\u00e1n un 1,9% a partir de marzo de 2016 y se congelar\u00e1n en el periodo 2017-2021, seg\u00fan la propuesta provisional de Documento de Regulaci\u00f3n Aeroportuaria (DORA) entre 2017-2021, aprobada por Aena y a\u00fan no definitiva, tras mantenerse congeladas en 2015 tras el incremento del 0,9% en 2014. Este a\u00f1o se mantendr\u00e1n las\" \/>\n\t\t<meta name=\"twitter:image\" content=\"https:\/\/eldigitaldeasturias.com\/magazine365\/wp-content\/uploads\/2016\/01\/fotonoticia_20151231091433_800.jpg\" \/>\n\t\t<script type=\"application\/ld+json\" class=\"aioseo-schema\">\n\t\t\t{\"@context\":\"https:\\\/\\\/schema.org\",\"@graph\":[{\"@type\":\"Article\",\"@id\":\"https:\\\/\\\/eldigitaldeasturias.com\\\/magazine365\\\/las-tasas-aeroportuarias-bajaran-un-19-a-partir-de-marzo-de-2016\\\/#article\",\"name\":\"Las tasas aeroportuarias bajar\\u00e1n un 1,9% a partir de marzo de 2016 | El Digital de Asturias\",\"headline\":\"Las tasas aeroportuarias bajar\\u00e1n un 1,9% a partir de marzo de 2016\",\"author\":{\"@id\":\"https:\\\/\\\/eldigitaldeasturias.com\\\/magazine365\\\/author\\\/admin\\\/#author\"},\"publisher\":{\"@id\":\"https:\\\/\\\/eldigitaldeasturias.com\\\/magazine365\\\/#organization\"},\"image\":{\"@type\":\"ImageObject\",\"url\":\"https:\\\/\\\/eldigitaldeasturias.com\\\/magazine365\\\/wp-content\\\/uploads\\\/2016\\\/01\\\/fotonoticia_20151231091433_800.jpg\",\"width\":800,\"height\":600},\"datePublished\":\"2016-01-01T05:09:21+01:00\",\"dateModified\":\"2016-01-01T05:09:21+01:00\",\"inLanguage\":\"es-ES\",\"mainEntityOfPage\":{\"@id\":\"https:\\\/\\\/eldigitaldeasturias.com\\\/magazine365\\\/las-tasas-aeroportuarias-bajaran-un-19-a-partir-de-marzo-de-2016\\\/#webpage\"},\"isPartOf\":{\"@id\":\"https:\\\/\\\/eldigitaldeasturias.com\\\/magazine365\\\/las-tasas-aeroportuarias-bajaran-un-19-a-partir-de-marzo-de-2016\\\/#webpage\"},\"articleSection\":\"Noticias y Actualidad\"},{\"@type\":\"BreadcrumbList\",\"@id\":\"https:\\\/\\\/eldigitaldeasturias.com\\\/magazine365\\\/las-tasas-aeroportuarias-bajaran-un-19-a-partir-de-marzo-de-2016\\\/#breadcrumblist\",\"itemListElement\":[{\"@type\":\"ListItem\",\"@id\":\"https:\\\/\\\/eldigitaldeasturias.com\\\/magazine365#listItem\",\"position\":1,\"name\":\"Home\",\"item\":\"https:\\\/\\\/eldigitaldeasturias.com\\\/magazine365\",\"nextItem\":{\"@type\":\"ListItem\",\"@id\":\"https:\\\/\\\/eldigitaldeasturias.com\\\/magazine365\\\/category\\\/noticias-actualidad\\\/#listItem\",\"name\":\"Noticias y Actualidad\"}},{\"@type\":\"ListItem\",\"@id\":\"https:\\\/\\\/eldigitaldeasturias.com\\\/magazine365\\\/category\\\/noticias-actualidad\\\/#listItem\",\"position\":2,\"name\":\"Noticias y Actualidad\",\"item\":\"https:\\\/\\\/eldigitaldeasturias.com\\\/magazine365\\\/category\\\/noticias-actualidad\\\/\",\"nextItem\":{\"@type\":\"ListItem\",\"@id\":\"https:\\\/\\\/eldigitaldeasturias.com\\\/magazine365\\\/las-tasas-aeroportuarias-bajaran-un-19-a-partir-de-marzo-de-2016\\\/#listItem\",\"name\":\"Las tasas aeroportuarias bajar\\u00e1n un 1,9% a partir de marzo de 2016\"},\"previousItem\":{\"@type\":\"ListItem\",\"@id\":\"https:\\\/\\\/eldigitaldeasturias.com\\\/magazine365#listItem\",\"name\":\"Home\"}},{\"@type\":\"ListItem\",\"@id\":\"https:\\\/\\\/eldigitaldeasturias.com\\\/magazine365\\\/las-tasas-aeroportuarias-bajaran-un-19-a-partir-de-marzo-de-2016\\\/#listItem\",\"position\":3,\"name\":\"Las tasas aeroportuarias bajar\\u00e1n un 1,9% a partir de marzo de 2016\",\"previousItem\":{\"@type\":\"ListItem\",\"@id\":\"https:\\\/\\\/eldigitaldeasturias.com\\\/magazine365\\\/category\\\/noticias-actualidad\\\/#listItem\",\"name\":\"Noticias y Actualidad\"}}]},{\"@type\":\"Organization\",\"@id\":\"https:\\\/\\\/eldigitaldeasturias.com\\\/magazine365\\\/#organization\",\"name\":\"El digital de Asturias\",\"description\":\"Revista de ocio, turismo y estilo de vida\",\"url\":\"https:\\\/\\\/eldigitaldeasturias.com\\\/magazine365\\\/\",\"logo\":{\"@type\":\"ImageObject\",\"url\":\"https:\\\/\\\/www.eldigitaldeasturias.com\\\/noticias\\\/wp-content\\\/uploads\\\/2020\\\/12\\\/EDA.jpg\",\"@id\":\"https:\\\/\\\/eldigitaldeasturias.com\\\/magazine365\\\/las-tasas-aeroportuarias-bajaran-un-19-a-partir-de-marzo-de-2016\\\/#organizationLogo\"},\"image\":{\"@id\":\"https:\\\/\\\/eldigitaldeasturias.com\\\/magazine365\\\/las-tasas-aeroportuarias-bajaran-un-19-a-partir-de-marzo-de-2016\\\/#organizationLogo\"}},{\"@type\":\"Person\",\"@id\":\"https:\\\/\\\/eldigitaldeasturias.com\\\/magazine365\\\/author\\\/admin\\\/#author\",\"url\":\"https:\\\/\\\/eldigitaldeasturias.com\\\/magazine365\\\/author\\\/admin\\\/\",\"name\":\"admin\",\"image\":{\"@type\":\"ImageObject\",\"@id\":\"https:\\\/\\\/eldigitaldeasturias.com\\\/magazine365\\\/las-tasas-aeroportuarias-bajaran-un-19-a-partir-de-marzo-de-2016\\\/#authorImage\",\"url\":\"https:\\\/\\\/eldigitaldeasturias.com\\\/magazine365\\\/wp-content\\\/litespeed\\\/avatar\\\/e571bcf59a0edd6fa6838245a470f2fe.jpg?ver=1777574230\",\"width\":96,\"height\":96,\"caption\":\"admin\"}},{\"@type\":\"WebPage\",\"@id\":\"https:\\\/\\\/eldigitaldeasturias.com\\\/magazine365\\\/las-tasas-aeroportuarias-bajaran-un-19-a-partir-de-marzo-de-2016\\\/#webpage\",\"url\":\"https:\\\/\\\/eldigitaldeasturias.com\\\/magazine365\\\/las-tasas-aeroportuarias-bajaran-un-19-a-partir-de-marzo-de-2016\\\/\",\"name\":\"Las tasas aeroportuarias bajar\\u00e1n un 1,9% a partir de marzo de 2016 | El Digital de Asturias\",\"description\":\"Las tasas aeroportuarias caer\\u00e1n un 1,9% a partir de marzo de 2016 y se congelar\\u00e1n en el periodo 2017-2021, seg\\u00fan la propuesta provisional de Documento de Regulaci\\u00f3n Aeroportuaria (DORA) entre 2017-2021, aprobada por Aena y a\\u00fan no definitiva, tras mantenerse congeladas en 2015 tras el incremento del 0,9% en 2014. Este a\\u00f1o se mantendr\\u00e1n las\",\"inLanguage\":\"es-ES\",\"isPartOf\":{\"@id\":\"https:\\\/\\\/eldigitaldeasturias.com\\\/magazine365\\\/#website\"},\"breadcrumb\":{\"@id\":\"https:\\\/\\\/eldigitaldeasturias.com\\\/magazine365\\\/las-tasas-aeroportuarias-bajaran-un-19-a-partir-de-marzo-de-2016\\\/#breadcrumblist\"},\"author\":{\"@id\":\"https:\\\/\\\/eldigitaldeasturias.com\\\/magazine365\\\/author\\\/admin\\\/#author\"},\"creator\":{\"@id\":\"https:\\\/\\\/eldigitaldeasturias.com\\\/magazine365\\\/author\\\/admin\\\/#author\"},\"image\":{\"@type\":\"ImageObject\",\"url\":\"https:\\\/\\\/eldigitaldeasturias.com\\\/magazine365\\\/wp-content\\\/uploads\\\/2016\\\/01\\\/fotonoticia_20151231091433_800.jpg\",\"@id\":\"https:\\\/\\\/eldigitaldeasturias.com\\\/magazine365\\\/las-tasas-aeroportuarias-bajaran-un-19-a-partir-de-marzo-de-2016\\\/#mainImage\",\"width\":800,\"height\":600},\"primaryImageOfPage\":{\"@id\":\"https:\\\/\\\/eldigitaldeasturias.com\\\/magazine365\\\/las-tasas-aeroportuarias-bajaran-un-19-a-partir-de-marzo-de-2016\\\/#mainImage\"},\"datePublished\":\"2016-01-01T05:09:21+01:00\",\"dateModified\":\"2016-01-01T05:09:21+01:00\"},{\"@type\":\"WebSite\",\"@id\":\"https:\\\/\\\/eldigitaldeasturias.com\\\/magazine365\\\/#website\",\"url\":\"https:\\\/\\\/eldigitaldeasturias.com\\\/magazine365\\\/\",\"name\":\"El Digital de Asturias\",\"description\":\"Revista de ocio, turismo y estilo de vida\",\"inLanguage\":\"es-ES\",\"publisher\":{\"@id\":\"https:\\\/\\\/eldigitaldeasturias.com\\\/magazine365\\\/#organization\"}}]}\n\t\t<\/script>\n\t\t<!-- All in One SEO Pro -->\r\n\t\t<title>Las tasas aeroportuarias bajar\u00e1n un 1,9% a partir de marzo de 2016 | El Digital de Asturias<\/title>\n\n","aioseo_head_json":{"title":"Las tasas aeroportuarias bajar\u00e1n un 1,9% a partir de marzo de 2016 | El Digital de Asturias","description":"Las tasas aeroportuarias caer\u00e1n un 1,9% a partir de marzo de 2016 y se congelar\u00e1n en el periodo 2017-2021, seg\u00fan la propuesta provisional de Documento de Regulaci\u00f3n Aeroportuaria (DORA) entre 2017-2021, aprobada por Aena y a\u00fan no definitiva, tras mantenerse congeladas en 2015 tras el incremento del 0,9% en 2014. Este a\u00f1o se mantendr\u00e1n las","canonical_url":"https:\/\/eldigitaldeasturias.com\/magazine365\/las-tasas-aeroportuarias-bajaran-un-19-a-partir-de-marzo-de-2016\/","robots":"max-image-preview:large","keywords":"noticias y actualidad","webmasterTools":{"google-site-verification":"UA-38556648-1","miscellaneous":""},"schema":{"@context":"https:\/\/schema.org","@graph":[{"@type":"Article","@id":"https:\/\/eldigitaldeasturias.com\/magazine365\/las-tasas-aeroportuarias-bajaran-un-19-a-partir-de-marzo-de-2016\/#article","name":"Las tasas aeroportuarias bajar\u00e1n un 1,9% a partir de marzo de 2016 | El Digital de Asturias","headline":"Las tasas aeroportuarias bajar\u00e1n un 1,9% a partir de marzo de 2016","author":{"@id":"https:\/\/eldigitaldeasturias.com\/magazine365\/author\/admin\/#author"},"publisher":{"@id":"https:\/\/eldigitaldeasturias.com\/magazine365\/#organization"},"image":{"@type":"ImageObject","url":"https:\/\/eldigitaldeasturias.com\/magazine365\/wp-content\/uploads\/2016\/01\/fotonoticia_20151231091433_800.jpg","width":800,"height":600},"datePublished":"2016-01-01T05:09:21+01:00","dateModified":"2016-01-01T05:09:21+01:00","inLanguage":"es-ES","mainEntityOfPage":{"@id":"https:\/\/eldigitaldeasturias.com\/magazine365\/las-tasas-aeroportuarias-bajaran-un-19-a-partir-de-marzo-de-2016\/#webpage"},"isPartOf":{"@id":"https:\/\/eldigitaldeasturias.com\/magazine365\/las-tasas-aeroportuarias-bajaran-un-19-a-partir-de-marzo-de-2016\/#webpage"},"articleSection":"Noticias y Actualidad"},{"@type":"BreadcrumbList","@id":"https:\/\/eldigitaldeasturias.com\/magazine365\/las-tasas-aeroportuarias-bajaran-un-19-a-partir-de-marzo-de-2016\/#breadcrumblist","itemListElement":[{"@type":"ListItem","@id":"https:\/\/eldigitaldeasturias.com\/magazine365#listItem","position":1,"name":"Home","item":"https:\/\/eldigitaldeasturias.com\/magazine365","nextItem":{"@type":"ListItem","@id":"https:\/\/eldigitaldeasturias.com\/magazine365\/category\/noticias-actualidad\/#listItem","name":"Noticias y Actualidad"}},{"@type":"ListItem","@id":"https:\/\/eldigitaldeasturias.com\/magazine365\/category\/noticias-actualidad\/#listItem","position":2,"name":"Noticias y Actualidad","item":"https:\/\/eldigitaldeasturias.com\/magazine365\/category\/noticias-actualidad\/","nextItem":{"@type":"ListItem","@id":"https:\/\/eldigitaldeasturias.com\/magazine365\/las-tasas-aeroportuarias-bajaran-un-19-a-partir-de-marzo-de-2016\/#listItem","name":"Las tasas aeroportuarias bajar\u00e1n un 1,9% a partir de marzo de 2016"},"previousItem":{"@type":"ListItem","@id":"https:\/\/eldigitaldeasturias.com\/magazine365#listItem","name":"Home"}},{"@type":"ListItem","@id":"https:\/\/eldigitaldeasturias.com\/magazine365\/las-tasas-aeroportuarias-bajaran-un-19-a-partir-de-marzo-de-2016\/#listItem","position":3,"name":"Las tasas aeroportuarias bajar\u00e1n un 1,9% a partir de marzo de 2016","previousItem":{"@type":"ListItem","@id":"https:\/\/eldigitaldeasturias.com\/magazine365\/category\/noticias-actualidad\/#listItem","name":"Noticias y Actualidad"}}]},{"@type":"Organization","@id":"https:\/\/eldigitaldeasturias.com\/magazine365\/#organization","name":"El digital de Asturias","description":"Revista de ocio, turismo y estilo de vida","url":"https:\/\/eldigitaldeasturias.com\/magazine365\/","logo":{"@type":"ImageObject","url":"https:\/\/www.eldigitaldeasturias.com\/noticias\/wp-content\/uploads\/2020\/12\/EDA.jpg","@id":"https:\/\/eldigitaldeasturias.com\/magazine365\/las-tasas-aeroportuarias-bajaran-un-19-a-partir-de-marzo-de-2016\/#organizationLogo"},"image":{"@id":"https:\/\/eldigitaldeasturias.com\/magazine365\/las-tasas-aeroportuarias-bajaran-un-19-a-partir-de-marzo-de-2016\/#organizationLogo"}},{"@type":"Person","@id":"https:\/\/eldigitaldeasturias.com\/magazine365\/author\/admin\/#author","url":"https:\/\/eldigitaldeasturias.com\/magazine365\/author\/admin\/","name":"admin","image":{"@type":"ImageObject","@id":"https:\/\/eldigitaldeasturias.com\/magazine365\/las-tasas-aeroportuarias-bajaran-un-19-a-partir-de-marzo-de-2016\/#authorImage","url":"https:\/\/eldigitaldeasturias.com\/magazine365\/wp-content\/litespeed\/avatar\/e571bcf59a0edd6fa6838245a470f2fe.jpg?ver=1777574230","width":96,"height":96,"caption":"admin"}},{"@type":"WebPage","@id":"https:\/\/eldigitaldeasturias.com\/magazine365\/las-tasas-aeroportuarias-bajaran-un-19-a-partir-de-marzo-de-2016\/#webpage","url":"https:\/\/eldigitaldeasturias.com\/magazine365\/las-tasas-aeroportuarias-bajaran-un-19-a-partir-de-marzo-de-2016\/","name":"Las tasas aeroportuarias bajar\u00e1n un 1,9% a partir de marzo de 2016 | El Digital de Asturias","description":"Las tasas aeroportuarias caer\u00e1n un 1,9% a partir de marzo de 2016 y se congelar\u00e1n en el periodo 2017-2021, seg\u00fan la propuesta provisional de Documento de Regulaci\u00f3n Aeroportuaria (DORA) entre 2017-2021, aprobada por Aena y a\u00fan no definitiva, tras mantenerse congeladas en 2015 tras el incremento del 0,9% en 2014. Este a\u00f1o se mantendr\u00e1n las","inLanguage":"es-ES","isPartOf":{"@id":"https:\/\/eldigitaldeasturias.com\/magazine365\/#website"},"breadcrumb":{"@id":"https:\/\/eldigitaldeasturias.com\/magazine365\/las-tasas-aeroportuarias-bajaran-un-19-a-partir-de-marzo-de-2016\/#breadcrumblist"},"author":{"@id":"https:\/\/eldigitaldeasturias.com\/magazine365\/author\/admin\/#author"},"creator":{"@id":"https:\/\/eldigitaldeasturias.com\/magazine365\/author\/admin\/#author"},"image":{"@type":"ImageObject","url":"https:\/\/eldigitaldeasturias.com\/magazine365\/wp-content\/uploads\/2016\/01\/fotonoticia_20151231091433_800.jpg","@id":"https:\/\/eldigitaldeasturias.com\/magazine365\/las-tasas-aeroportuarias-bajaran-un-19-a-partir-de-marzo-de-2016\/#mainImage","width":800,"height":600},"primaryImageOfPage":{"@id":"https:\/\/eldigitaldeasturias.com\/magazine365\/las-tasas-aeroportuarias-bajaran-un-19-a-partir-de-marzo-de-2016\/#mainImage"},"datePublished":"2016-01-01T05:09:21+01:00","dateModified":"2016-01-01T05:09:21+01:00"},{"@type":"WebSite","@id":"https:\/\/eldigitaldeasturias.com\/magazine365\/#website","url":"https:\/\/eldigitaldeasturias.com\/magazine365\/","name":"El Digital de Asturias","description":"Revista de ocio, turismo y estilo de vida","inLanguage":"es-ES","publisher":{"@id":"https:\/\/eldigitaldeasturias.com\/magazine365\/#organization"}}]},"og:locale":"es_ES","og:site_name":"El Digital de Asturias \u2013 Revista de ocio, turismo y estilo de vida","og:type":"article","og:title":"Las tasas aeroportuarias bajar\u00e1n un 1,9% a partir de marzo de 2016 | El Digital de Asturias","og:description":"Las tasas aeroportuarias caer\u00e1n un 1,9% a partir de marzo de 2016 y se congelar\u00e1n en el periodo 2017-2021, seg\u00fan la propuesta provisional de Documento de Regulaci\u00f3n Aeroportuaria (DORA) entre 2017-2021, aprobada por Aena y a\u00fan no definitiva, tras mantenerse congeladas en 2015 tras el incremento del 0,9% en 2014. Este a\u00f1o se mantendr\u00e1n las","og:url":"https:\/\/eldigitaldeasturias.com\/magazine365\/las-tasas-aeroportuarias-bajaran-un-19-a-partir-de-marzo-de-2016\/","og:image":"https:\/\/eldigitaldeasturias.com\/magazine365\/wp-content\/uploads\/2016\/01\/fotonoticia_20151231091433_800.jpg","og:image:secure_url":"https:\/\/eldigitaldeasturias.com\/magazine365\/wp-content\/uploads\/2016\/01\/fotonoticia_20151231091433_800.jpg","og:image:width":800,"og:image:height":600,"article:published_time":"2016-01-01T04:09:21+00:00","article:modified_time":"2016-01-01T04:09:21+00:00","twitter:card":"summary_large_image","twitter:title":"Las tasas aeroportuarias bajar\u00e1n un 1,9% a partir de marzo de 2016 | El Digital de Asturias","twitter:description":"Las tasas aeroportuarias caer\u00e1n un 1,9% a partir de marzo de 2016 y se congelar\u00e1n en el periodo 2017-2021, seg\u00fan la propuesta provisional de Documento de Regulaci\u00f3n Aeroportuaria (DORA) entre 2017-2021, aprobada por Aena y a\u00fan no definitiva, tras mantenerse congeladas en 2015 tras el incremento del 0,9% en 2014. Este a\u00f1o se mantendr\u00e1n las","twitter:image":"https:\/\/eldigitaldeasturias.com\/magazine365\/wp-content\/uploads\/2016\/01\/fotonoticia_20151231091433_800.jpg"},"aioseo_meta_data":{"post_id":"59635","title":null,"description":null,"keywords":null,"keyphrases":null,"primary_term":null,"canonical_url":null,"og_title":null,"og_description":null,"og_object_type":"default","og_image_type":"default","og_image_url":null,"og_image_width":null,"og_image_height":null,"og_image_custom_url":null,"og_image_custom_fields":null,"og_video":null,"og_custom_url":null,"og_article_section":null,"og_article_tags":null,"twitter_use_og":false,"twitter_card":"default","twitter_image_type":"default","twitter_image_url":null,"twitter_image_custom_url":null,"twitter_image_custom_fields":null,"twitter_title":null,"twitter_description":null,"schema":{"blockGraphs":[],"customGraphs":[],"default":{"data":{"Article":[],"Course":[],"Dataset":[],"FAQPage":[],"Movie":[],"Person":[],"Product":[],"ProductReview":[],"Car":[],"Recipe":[],"Service":[],"SoftwareApplication":[],"WebPage":[]},"graphName":"","isEnabled":true},"graphs":[],"defaultGraph":"","defaultPostTypeGraph":""},"schema_type":null,"schema_type_options":null,"pillar_content":false,"robots_default":true,"robots_noindex":false,"robots_noarchive":false,"robots_nosnippet":false,"robots_nofollow":false,"robots_noimageindex":false,"robots_noodp":false,"robots_notranslate":false,"robots_max_snippet":null,"robots_max_videopreview":null,"robots_max_imagepreview":"large","priority":null,"frequency":null,"location":null,"local_seo":null,"seo_analyzer_scan_date":"2025-09-25 05:19:19","breadcrumb_settings":null,"limit_modified_date":false,"open_ai":null,"ai":null,"created":"2021-03-08 22:13:38","updated":"2025-09-25 05:19:19"},"aioseo_breadcrumb":"<div class=\"aioseo-breadcrumbs\"><span class=\"aioseo-breadcrumb\">\n\t<a href=\"https:\/\/eldigitaldeasturias.com\/magazine365\" title=\"Home\">Home<\/a>\n<\/span><span class=\"aioseo-breadcrumb-separator\">\u2013<\/span><span class=\"aioseo-breadcrumb\">\n\t<a href=\"https:\/\/eldigitaldeasturias.com\/magazine365\/category\/noticias-actualidad\/\" title=\"Noticias y Actualidad\">Noticias y Actualidad<\/a>\n<\/span><span class=\"aioseo-breadcrumb-separator\">\u2013<\/span><span class=\"aioseo-breadcrumb\">\n\t<a href=\"https:\/\/eldigitaldeasturias.com\/magazine365\/las-tasas-aeroportuarias-bajaran-un-19-a-partir-de-marzo-de-2016\/\" title=\"Las tasas aeroportuarias bajar\u00e1n un 1,9% a partir de marzo de 2016\">Las tasas aeroportuarias bajar\u00e1n un 1,9% a partir de marzo de 2016<\/a>\n<\/span><\/div>","aioseo_breadcrumb_json":[{"label":"Home","link":"https:\/\/eldigitaldeasturias.com\/magazine365"},{"label":"Noticias y Actualidad","link":"https:\/\/eldigitaldeasturias.com\/magazine365\/category\/noticias-actualidad\/"},{"label":"Las tasas aeroportuarias bajar\u00e1n un 1,9% a partir de marzo de 2016","link":"https:\/\/eldigitaldeasturias.com\/magazine365\/las-tasas-aeroportuarias-bajaran-un-19-a-partir-de-marzo-de-2016\/"}],"_links":{"self":[{"href":"https:\/\/eldigitaldeasturias.com\/magazine365\/wp-json\/wp\/v2\/posts\/59635","targetHints":{"allow":["GET"]}}],"collection":[{"href":"https:\/\/eldigitaldeasturias.com\/magazine365\/wp-json\/wp\/v2\/posts"}],"about":[{"href":"https:\/\/eldigitaldeasturias.com\/magazine365\/wp-json\/wp\/v2\/types\/post"}],"author":[{"embeddable":true,"href":"https:\/\/eldigitaldeasturias.com\/magazine365\/wp-json\/wp\/v2\/users\/1"}],"replies":[{"embeddable":true,"href":"https:\/\/eldigitaldeasturias.com\/magazine365\/wp-json\/wp\/v2\/comments?post=59635"}],"version-history":[{"count":0,"href":"https:\/\/eldigitaldeasturias.com\/magazine365\/wp-json\/wp\/v2\/posts\/59635\/revisions"}],"wp:featuredmedia":[{"embeddable":true,"href":"https:\/\/eldigitaldeasturias.com\/magazine365\/wp-json\/wp\/v2\/media\/59636"}],"wp:attachment":[{"href":"https:\/\/eldigitaldeasturias.com\/magazine365\/wp-json\/wp\/v2\/media?parent=59635"}],"wp:term":[{"taxonomy":"category","embeddable":true,"href":"https:\/\/eldigitaldeasturias.com\/magazine365\/wp-json\/wp\/v2\/categories?post=59635"},{"taxonomy":"post_tag","embeddable":true,"href":"https:\/\/eldigitaldeasturias.com\/magazine365\/wp-json\/wp\/v2\/tags?post=59635"}],"curies":[{"name":"wp","href":"https:\/\/api.w.org\/{rel}","templated":true}]}}