{"id":59629,"date":"2016-01-01T05:02:55","date_gmt":"2016-01-01T04:02:55","guid":{"rendered":"http:\/\/eldigitaldeasturias.com\/magazine365\/?p=59629"},"modified":"2016-01-01T05:02:55","modified_gmt":"2016-01-01T04:02:55","slug":"los-viajes-del-imserso-aena-iberia-y-globalia-protagonistas-en-2015","status":"publish","type":"post","link":"https:\/\/eldigitaldeasturias.com\/magazine365\/los-viajes-del-imserso-aena-iberia-y-globalia-protagonistas-en-2015\/","title":{"rendered":"Los viajes del Imserso, Aena, Iberia y Globalia, protagonistas en 2015"},"content":{"rendered":"<p><img fetchpriority=\"high\" decoding=\"async\" class=\"alignleft size-medium wp-image-59630\" src=\"https:\/\/eldigitaldeasturias.com\/magazine365\/wp-content\/uploads\/2016\/01\/fotonoticia_20151231084432_800-360x238.jpg\" alt=\"fotonoticia_20151231084432_800\" width=\"360\" height=\"238\" srcset=\"https:\/\/eldigitaldeasturias.com\/magazine365\/wp-content\/uploads\/2016\/01\/fotonoticia_20151231084432_800-360x238.jpg 360w, https:\/\/eldigitaldeasturias.com\/magazine365\/wp-content\/uploads\/2016\/01\/fotonoticia_20151231084432_800-650x429.jpg 650w, https:\/\/eldigitaldeasturias.com\/magazine365\/wp-content\/uploads\/2016\/01\/fotonoticia_20151231084432_800-768x507.jpg 768w, https:\/\/eldigitaldeasturias.com\/magazine365\/wp-content\/uploads\/2016\/01\/fotonoticia_20151231084432_800-150x99.jpg 150w, https:\/\/eldigitaldeasturias.com\/magazine365\/wp-content\/uploads\/2016\/01\/fotonoticia_20151231084432_800-450x297.jpg 450w, https:\/\/eldigitaldeasturias.com\/magazine365\/wp-content\/uploads\/2016\/01\/fotonoticia_20151231084432_800-696x459.jpg 696w, https:\/\/eldigitaldeasturias.com\/magazine365\/wp-content\/uploads\/2016\/01\/fotonoticia_20151231084432_800-636x420.jpg 636w, https:\/\/eldigitaldeasturias.com\/magazine365\/wp-content\/uploads\/2016\/01\/fotonoticia_20151231084432_800-121x79.jpg 121w, https:\/\/eldigitaldeasturias.com\/magazine365\/wp-content\/uploads\/2016\/01\/fotonoticia_20151231084432_800-101x66.jpg 101w, https:\/\/eldigitaldeasturias.com\/magazine365\/wp-content\/uploads\/2016\/01\/fotonoticia_20151231084432_800.jpg 800w\" sizes=\"(max-width: 360px) 100vw, 360px\" \/>Este a\u00f1o los viajeros del Imserso han tenido que esperar hasta el 10 de diciembre para comenzar a disfrutar de sus viajes a Baleares y Canarias, los m\u00e1s solicitados, tras el conflicto entre las dos UTEs competidoras a los tres lotes del concurso p\u00fablico, Mundosenior y Mundiplan, y la preocupaci\u00f3n de hoteleros.<\/p>\n<p>Mundiplan &#8211;integrada por Iberia, Alsa, Gowaii y IAG7 Viajes&#8211;, recurri\u00f3 la primera decisi\u00f3n del Imserso que adjudicaba los tres lotes del programa a Mundosenior, formada por Viajes Halc\u00f3n (Globalia) y Viajes Barcel\u00f3, y, pese a una nueva impugnaci\u00f3n por parte de esta \u00faltima, se hizo definitivamente con este lote (el n\u00famero 2), que incluye el 70% de los vuelos del programa.<\/p>\n<p>El cobro por parte del grupo alem\u00e1n Lufthansa a partir de septiembre de un recargo de 16 euros (equivalente a 6 euros por reserva -booking-) a todas las compras de billetes de avi\u00f3n a trav\u00e9s los sistemas globales de distribuci\u00f3n (GDS), hizo tambi\u00e9n saltar las alarmas de las agencias de viajes.<\/p>\n<p>El Grupo Lufthansa ha firmado adem\u00e1s una alianza con Google Flights para lanzar &#8216;Book on Google&#8217;, una innovaci\u00f3n tecnol\u00f3gica que permitir\u00e1 a los usuarios de Estados Unidos realizar reservas de billete, siendo la primera compa\u00f1\u00eda que lo hace.<\/p>\n<p>ESTRENO DE AENA EN BOLSA.<\/p>\n<p>Pero sin duda 2015 pasar\u00e1 a la historia por ser el a\u00f1o en que la red de Aena se estren\u00f3 en Bolsa, convirti\u00e9ndose en el mayor gestor aeroportuario por capitalizaci\u00f3n burs\u00e1til del mundo. Con una revalorizaci\u00f3n del 80%, por encima de los 100 euros el t\u00edtulo, su despegue es brillante, tras saltar al parqu\u00e9 el pasado 11 de febrero a 58 euros por acci\u00f3n. A cierre del 29 de diciembre, su capitalizaci\u00f3n asciende a 15.787 millones de euros.<\/p>\n<p>ENAIRE, operador de navegaci\u00f3n a\u00e9rea, y la Uni\u00f3n Sindical de Controladores A\u00e9reos (USCA), que representa al 90% del colectivo de la entidad p\u00fablica, han pactado mantener jornada y salarios hasta 2020, con la actualizaci\u00f3n del II Convenio Colectivo, cuya pr\u00f3rroga caducaba en octubre de 2016.<\/p>\n<p>Tras una serie de paros, en la primera huelga convocada por el colectivo en 26 a\u00f1os, los controladores avisan: no ser\u00e1 \u00abun cheque en blanco\u00bb y conf\u00edan en la convocatoria anunciada de 94 plazas de controladores a\u00e9reos &#8211;39 a principios de 2016&#8211;, con el tr\u00e1fico a\u00e9reo al alza para poder atender la demanda.<\/p>\n<p>IAG COMPRA AER LINGUS, VELOCIDAD DE CRUCERO EN IBERIA.<\/p>\n<p>Y este a\u00f1o tambi\u00e9n ha sido el de la consolidaci\u00f3n de la recuperaci\u00f3n de Iberia. La aerol\u00ednea espa\u00f1ola, integrada en IAG, ha dejado atr\u00e1s los ajustes y contratar\u00e1 200 pilotos entre 2015 y 2016, por primera vez desde hace once a\u00f1os. La compa\u00f1\u00eda podr\u00e1 aplicar el ERE voluntario en vigor en 2016 y 2017.<\/p>\n<p>Iberia ha incorporado el primer A330-200 de largo radio y consumo eficiente a su flota, de los 13 que ha encargado. En un a\u00f1o, la aerol\u00ednea ha pedido 29 nuevos aviones de largo radio, entre los que se incluyen 16 aviones del modelo A350-900 de nueva generaci\u00f3n, que incorporar\u00e1 entre 2018 y 2021.<\/p>\n<p>Desde abril de 2014, el grupo Iberia (incluyendo Iberia Express) ha inaugurado m\u00e1s de 20 destinos, siete de ellos de largo radio, entre ellos la emblem\u00e1tica ruta a La Habana. En 2016, celebrar\u00e1 el 70 aniversario del inicio de los vuelos entre Europa y Am\u00e9rica del Sur, mientras analiza mercados como Asia de cara a pr\u00f3ximos ejercicios.<\/p>\n<p>En agosto, IAG cerr\u00f3 la compra de Aer Lingus, sumando al grupo su cuarta compa\u00f1\u00eda junto a Iberia, British Airways y Vueling, tras salvar las primeras reticencias de Ryanair. Adem\u00e1s, convirti\u00f3 en firmes 15 opciones del modelo A320neo de Airbus, que podr\u00e1 destinar a cualquiera de sus aerol\u00edneas.<\/p>\n<p>SE LANZAR\u00c1 AIR EUROPA EXPRESS.<\/p>\n<p>El grupo propietario de Air Europa, Globalia, lanzar\u00e1 Air Europa Express a partir de la compra de compa\u00f1\u00eda valenciana Aeronova. Despegar\u00e1 el 11 de enero con un vuelo Madrid-Palma v\u00eda Valencia. En los pr\u00f3ximos 14 meses contratar\u00e1 a 100 pilotos y 150 tripulantes de cabina de pasajeros.<\/p>\n<p>El grupo, investigado por las bonificaciones en billetes a residentes, lleg\u00f3 a un acuerdo con el Ministerio de Fomento tras la investigaci\u00f3n abierta por la Unidad de Delincuencia Econ\u00f3mica y Fiscal (UDEF) a Air Europa por presunta estafa a la hora de recibir subvenciones estatales. Seg\u00fan El Confidencial, Globalia habr\u00eda pagado 13 millones de euros por este asunto.<\/p>\n<p>Globalia tambi\u00e9n es noticia por sus negociaciones con la china HNA &#8211;que controla el 29,5% de NH&#8211; para darle entrada en su capital, con una participaci\u00f3n del 44% en el grupo tur\u00edstico, proceso todav\u00eda abierto a la espera de un dep\u00f3sito. El objetivo del empresario salmantino, Juan Jos\u00e9 Hidalgo, es mantener su paquete accionarial del 51,58%, y salir a Bolsa de la mano de un inversor.<\/p>\n","protected":false},"excerpt":{"rendered":"<p>Este a\u00f1o los viajeros del Imserso han tenido que esperar hasta el 10 de diciembre para comenzar a disfrutar de sus viajes a Baleares y Canarias, los m\u00e1s solicitados, tras el conflicto entre las dos UTEs competidoras a los tres lotes del concurso p\u00fablico, Mundosenior y Mundiplan, y la preocupaci\u00f3n de hoteleros. Mundiplan &#8211;integrada por<\/p>\n","protected":false},"author":1,"featured_media":59630,"comment_status":"open","ping_status":"closed","sticky":false,"template":"","format":"standard","meta":{"footnotes":""},"categories":[224],"tags":[],"class_list":{"0":"post-59629","1":"post","2":"type-post","3":"status-publish","4":"format-standard","5":"has-post-thumbnail","7":"category-noticias-actualidad"},"aioseo_notices":[],"aioseo_head":"\n\t\t<!-- All in One SEO Pro 4.9.6.1 - aioseo.com -->\n\t<meta name=\"description\" content=\"Este a\u00f1o los viajeros del Imserso han tenido que esperar hasta el 10 de diciembre para comenzar a disfrutar de sus viajes a Baleares y Canarias, los m\u00e1s solicitados, tras el conflicto entre las dos UTEs competidoras a los tres lotes del concurso p\u00fablico, Mundosenior y Mundiplan, y la preocupaci\u00f3n de hoteleros. Mundiplan --integrada por\" \/>\n\t<meta name=\"robots\" content=\"max-image-preview:large\" \/>\n\t<meta name=\"author\" content=\"admin\"\/>\n\t<meta name=\"google-site-verification\" content=\"UA-38556648-1\" \/>\n\t<meta name=\"keywords\" content=\"noticias y actualidad\" \/>\n\t<link rel=\"canonical\" href=\"https:\/\/eldigitaldeasturias.com\/magazine365\/los-viajes-del-imserso-aena-iberia-y-globalia-protagonistas-en-2015\/\" \/>\n\t<meta name=\"generator\" content=\"All in One SEO Pro (AIOSEO) 4.9.6.1\" \/>\n\t\t<meta property=\"og:locale\" content=\"es_ES\" \/>\n\t\t<meta property=\"og:site_name\" content=\"El Digital de Asturias \u2013 Revista de ocio, turismo y estilo de vida\" \/>\n\t\t<meta property=\"og:type\" content=\"article\" \/>\n\t\t<meta property=\"og:title\" content=\"Los viajes del Imserso, Aena, Iberia y Globalia, protagonistas en 2015 | El Digital de Asturias\" \/>\n\t\t<meta property=\"og:description\" content=\"Este a\u00f1o los viajeros del Imserso han tenido que esperar hasta el 10 de diciembre para comenzar a disfrutar de sus viajes a Baleares y Canarias, los m\u00e1s solicitados, tras el conflicto entre las dos UTEs competidoras a los tres lotes del concurso p\u00fablico, Mundosenior y Mundiplan, y la preocupaci\u00f3n de hoteleros. Mundiplan --integrada por\" \/>\n\t\t<meta property=\"og:url\" content=\"https:\/\/eldigitaldeasturias.com\/magazine365\/los-viajes-del-imserso-aena-iberia-y-globalia-protagonistas-en-2015\/\" \/>\n\t\t<meta property=\"og:image\" content=\"https:\/\/eldigitaldeasturias.com\/magazine365\/wp-content\/uploads\/2016\/01\/fotonoticia_20151231084432_800.jpg\" \/>\n\t\t<meta property=\"og:image:secure_url\" content=\"https:\/\/eldigitaldeasturias.com\/magazine365\/wp-content\/uploads\/2016\/01\/fotonoticia_20151231084432_800.jpg\" \/>\n\t\t<meta property=\"og:image:width\" content=\"800\" \/>\n\t\t<meta property=\"og:image:height\" content=\"528\" \/>\n\t\t<meta property=\"article:published_time\" content=\"2016-01-01T04:02:55+00:00\" \/>\n\t\t<meta property=\"article:modified_time\" content=\"2016-01-01T04:02:55+00:00\" \/>\n\t\t<meta name=\"twitter:card\" content=\"summary_large_image\" \/>\n\t\t<meta name=\"twitter:title\" content=\"Los viajes del Imserso, Aena, Iberia y Globalia, protagonistas en 2015 | El Digital de Asturias\" \/>\n\t\t<meta name=\"twitter:description\" content=\"Este a\u00f1o los viajeros del Imserso han tenido que esperar hasta el 10 de diciembre para comenzar a disfrutar de sus viajes a Baleares y Canarias, los m\u00e1s solicitados, tras el conflicto entre las dos UTEs competidoras a los tres lotes del concurso p\u00fablico, Mundosenior y Mundiplan, y la preocupaci\u00f3n de hoteleros. Mundiplan --integrada por\" \/>\n\t\t<meta name=\"twitter:image\" content=\"https:\/\/eldigitaldeasturias.com\/magazine365\/wp-content\/uploads\/2016\/01\/fotonoticia_20151231084432_800.jpg\" \/>\n\t\t<script type=\"application\/ld+json\" class=\"aioseo-schema\">\n\t\t\t{\"@context\":\"https:\\\/\\\/schema.org\",\"@graph\":[{\"@type\":\"Article\",\"@id\":\"https:\\\/\\\/eldigitaldeasturias.com\\\/magazine365\\\/los-viajes-del-imserso-aena-iberia-y-globalia-protagonistas-en-2015\\\/#article\",\"name\":\"Los viajes del Imserso, Aena, Iberia y Globalia, protagonistas en 2015 | El Digital de Asturias\",\"headline\":\"Los viajes del Imserso, Aena, Iberia y Globalia, protagonistas en 2015\",\"author\":{\"@id\":\"https:\\\/\\\/eldigitaldeasturias.com\\\/magazine365\\\/author\\\/admin\\\/#author\"},\"publisher\":{\"@id\":\"https:\\\/\\\/eldigitaldeasturias.com\\\/magazine365\\\/#organization\"},\"image\":{\"@type\":\"ImageObject\",\"url\":\"https:\\\/\\\/eldigitaldeasturias.com\\\/magazine365\\\/wp-content\\\/uploads\\\/2016\\\/01\\\/fotonoticia_20151231084432_800.jpg\",\"width\":800,\"height\":528},\"datePublished\":\"2016-01-01T05:02:55+01:00\",\"dateModified\":\"2016-01-01T05:02:55+01:00\",\"inLanguage\":\"es-ES\",\"mainEntityOfPage\":{\"@id\":\"https:\\\/\\\/eldigitaldeasturias.com\\\/magazine365\\\/los-viajes-del-imserso-aena-iberia-y-globalia-protagonistas-en-2015\\\/#webpage\"},\"isPartOf\":{\"@id\":\"https:\\\/\\\/eldigitaldeasturias.com\\\/magazine365\\\/los-viajes-del-imserso-aena-iberia-y-globalia-protagonistas-en-2015\\\/#webpage\"},\"articleSection\":\"Noticias y Actualidad\"},{\"@type\":\"BreadcrumbList\",\"@id\":\"https:\\\/\\\/eldigitaldeasturias.com\\\/magazine365\\\/los-viajes-del-imserso-aena-iberia-y-globalia-protagonistas-en-2015\\\/#breadcrumblist\",\"itemListElement\":[{\"@type\":\"ListItem\",\"@id\":\"https:\\\/\\\/eldigitaldeasturias.com\\\/magazine365#listItem\",\"position\":1,\"name\":\"Home\",\"item\":\"https:\\\/\\\/eldigitaldeasturias.com\\\/magazine365\",\"nextItem\":{\"@type\":\"ListItem\",\"@id\":\"https:\\\/\\\/eldigitaldeasturias.com\\\/magazine365\\\/category\\\/noticias-actualidad\\\/#listItem\",\"name\":\"Noticias y Actualidad\"}},{\"@type\":\"ListItem\",\"@id\":\"https:\\\/\\\/eldigitaldeasturias.com\\\/magazine365\\\/category\\\/noticias-actualidad\\\/#listItem\",\"position\":2,\"name\":\"Noticias y Actualidad\",\"item\":\"https:\\\/\\\/eldigitaldeasturias.com\\\/magazine365\\\/category\\\/noticias-actualidad\\\/\",\"nextItem\":{\"@type\":\"ListItem\",\"@id\":\"https:\\\/\\\/eldigitaldeasturias.com\\\/magazine365\\\/los-viajes-del-imserso-aena-iberia-y-globalia-protagonistas-en-2015\\\/#listItem\",\"name\":\"Los viajes del Imserso, Aena, Iberia y Globalia, protagonistas en 2015\"},\"previousItem\":{\"@type\":\"ListItem\",\"@id\":\"https:\\\/\\\/eldigitaldeasturias.com\\\/magazine365#listItem\",\"name\":\"Home\"}},{\"@type\":\"ListItem\",\"@id\":\"https:\\\/\\\/eldigitaldeasturias.com\\\/magazine365\\\/los-viajes-del-imserso-aena-iberia-y-globalia-protagonistas-en-2015\\\/#listItem\",\"position\":3,\"name\":\"Los viajes del Imserso, Aena, Iberia y Globalia, protagonistas en 2015\",\"previousItem\":{\"@type\":\"ListItem\",\"@id\":\"https:\\\/\\\/eldigitaldeasturias.com\\\/magazine365\\\/category\\\/noticias-actualidad\\\/#listItem\",\"name\":\"Noticias y Actualidad\"}}]},{\"@type\":\"Organization\",\"@id\":\"https:\\\/\\\/eldigitaldeasturias.com\\\/magazine365\\\/#organization\",\"name\":\"El digital de Asturias\",\"description\":\"Revista de ocio, turismo y estilo de vida\",\"url\":\"https:\\\/\\\/eldigitaldeasturias.com\\\/magazine365\\\/\",\"logo\":{\"@type\":\"ImageObject\",\"url\":\"https:\\\/\\\/www.eldigitaldeasturias.com\\\/noticias\\\/wp-content\\\/uploads\\\/2020\\\/12\\\/EDA.jpg\",\"@id\":\"https:\\\/\\\/eldigitaldeasturias.com\\\/magazine365\\\/los-viajes-del-imserso-aena-iberia-y-globalia-protagonistas-en-2015\\\/#organizationLogo\"},\"image\":{\"@id\":\"https:\\\/\\\/eldigitaldeasturias.com\\\/magazine365\\\/los-viajes-del-imserso-aena-iberia-y-globalia-protagonistas-en-2015\\\/#organizationLogo\"}},{\"@type\":\"Person\",\"@id\":\"https:\\\/\\\/eldigitaldeasturias.com\\\/magazine365\\\/author\\\/admin\\\/#author\",\"url\":\"https:\\\/\\\/eldigitaldeasturias.com\\\/magazine365\\\/author\\\/admin\\\/\",\"name\":\"admin\",\"image\":{\"@type\":\"ImageObject\",\"@id\":\"https:\\\/\\\/eldigitaldeasturias.com\\\/magazine365\\\/los-viajes-del-imserso-aena-iberia-y-globalia-protagonistas-en-2015\\\/#authorImage\",\"url\":\"https:\\\/\\\/eldigitaldeasturias.com\\\/magazine365\\\/wp-content\\\/litespeed\\\/avatar\\\/e571bcf59a0edd6fa6838245a470f2fe.jpg?ver=1777574230\",\"width\":96,\"height\":96,\"caption\":\"admin\"}},{\"@type\":\"WebPage\",\"@id\":\"https:\\\/\\\/eldigitaldeasturias.com\\\/magazine365\\\/los-viajes-del-imserso-aena-iberia-y-globalia-protagonistas-en-2015\\\/#webpage\",\"url\":\"https:\\\/\\\/eldigitaldeasturias.com\\\/magazine365\\\/los-viajes-del-imserso-aena-iberia-y-globalia-protagonistas-en-2015\\\/\",\"name\":\"Los viajes del Imserso, Aena, Iberia y Globalia, protagonistas en 2015 | El Digital de Asturias\",\"description\":\"Este a\\u00f1o los viajeros del Imserso han tenido que esperar hasta el 10 de diciembre para comenzar a disfrutar de sus viajes a Baleares y Canarias, los m\\u00e1s solicitados, tras el conflicto entre las dos UTEs competidoras a los tres lotes del concurso p\\u00fablico, Mundosenior y Mundiplan, y la preocupaci\\u00f3n de hoteleros. Mundiplan --integrada por\",\"inLanguage\":\"es-ES\",\"isPartOf\":{\"@id\":\"https:\\\/\\\/eldigitaldeasturias.com\\\/magazine365\\\/#website\"},\"breadcrumb\":{\"@id\":\"https:\\\/\\\/eldigitaldeasturias.com\\\/magazine365\\\/los-viajes-del-imserso-aena-iberia-y-globalia-protagonistas-en-2015\\\/#breadcrumblist\"},\"author\":{\"@id\":\"https:\\\/\\\/eldigitaldeasturias.com\\\/magazine365\\\/author\\\/admin\\\/#author\"},\"creator\":{\"@id\":\"https:\\\/\\\/eldigitaldeasturias.com\\\/magazine365\\\/author\\\/admin\\\/#author\"},\"image\":{\"@type\":\"ImageObject\",\"url\":\"https:\\\/\\\/eldigitaldeasturias.com\\\/magazine365\\\/wp-content\\\/uploads\\\/2016\\\/01\\\/fotonoticia_20151231084432_800.jpg\",\"@id\":\"https:\\\/\\\/eldigitaldeasturias.com\\\/magazine365\\\/los-viajes-del-imserso-aena-iberia-y-globalia-protagonistas-en-2015\\\/#mainImage\",\"width\":800,\"height\":528},\"primaryImageOfPage\":{\"@id\":\"https:\\\/\\\/eldigitaldeasturias.com\\\/magazine365\\\/los-viajes-del-imserso-aena-iberia-y-globalia-protagonistas-en-2015\\\/#mainImage\"},\"datePublished\":\"2016-01-01T05:02:55+01:00\",\"dateModified\":\"2016-01-01T05:02:55+01:00\"},{\"@type\":\"WebSite\",\"@id\":\"https:\\\/\\\/eldigitaldeasturias.com\\\/magazine365\\\/#website\",\"url\":\"https:\\\/\\\/eldigitaldeasturias.com\\\/magazine365\\\/\",\"name\":\"El Digital de Asturias\",\"description\":\"Revista de ocio, turismo y estilo de vida\",\"inLanguage\":\"es-ES\",\"publisher\":{\"@id\":\"https:\\\/\\\/eldigitaldeasturias.com\\\/magazine365\\\/#organization\"}}]}\n\t\t<\/script>\n\t\t<!-- All in One SEO Pro -->\r\n\t\t<title>Los viajes del Imserso, Aena, Iberia y Globalia, protagonistas en 2015 | El Digital de Asturias<\/title>\n\n","aioseo_head_json":{"title":"Los viajes del Imserso, Aena, Iberia y Globalia, protagonistas en 2015 | El Digital de Asturias","description":"Este a\u00f1o los viajeros del Imserso han tenido que esperar hasta el 10 de diciembre para comenzar a disfrutar de sus viajes a Baleares y Canarias, los m\u00e1s solicitados, tras el conflicto entre las dos UTEs competidoras a los tres lotes del concurso p\u00fablico, Mundosenior y Mundiplan, y la preocupaci\u00f3n de hoteleros. Mundiplan --integrada por","canonical_url":"https:\/\/eldigitaldeasturias.com\/magazine365\/los-viajes-del-imserso-aena-iberia-y-globalia-protagonistas-en-2015\/","robots":"max-image-preview:large","keywords":"noticias y actualidad","webmasterTools":{"google-site-verification":"UA-38556648-1","miscellaneous":""},"schema":{"@context":"https:\/\/schema.org","@graph":[{"@type":"Article","@id":"https:\/\/eldigitaldeasturias.com\/magazine365\/los-viajes-del-imserso-aena-iberia-y-globalia-protagonistas-en-2015\/#article","name":"Los viajes del Imserso, Aena, Iberia y Globalia, protagonistas en 2015 | El Digital de Asturias","headline":"Los viajes del Imserso, Aena, Iberia y Globalia, protagonistas en 2015","author":{"@id":"https:\/\/eldigitaldeasturias.com\/magazine365\/author\/admin\/#author"},"publisher":{"@id":"https:\/\/eldigitaldeasturias.com\/magazine365\/#organization"},"image":{"@type":"ImageObject","url":"https:\/\/eldigitaldeasturias.com\/magazine365\/wp-content\/uploads\/2016\/01\/fotonoticia_20151231084432_800.jpg","width":800,"height":528},"datePublished":"2016-01-01T05:02:55+01:00","dateModified":"2016-01-01T05:02:55+01:00","inLanguage":"es-ES","mainEntityOfPage":{"@id":"https:\/\/eldigitaldeasturias.com\/magazine365\/los-viajes-del-imserso-aena-iberia-y-globalia-protagonistas-en-2015\/#webpage"},"isPartOf":{"@id":"https:\/\/eldigitaldeasturias.com\/magazine365\/los-viajes-del-imserso-aena-iberia-y-globalia-protagonistas-en-2015\/#webpage"},"articleSection":"Noticias y Actualidad"},{"@type":"BreadcrumbList","@id":"https:\/\/eldigitaldeasturias.com\/magazine365\/los-viajes-del-imserso-aena-iberia-y-globalia-protagonistas-en-2015\/#breadcrumblist","itemListElement":[{"@type":"ListItem","@id":"https:\/\/eldigitaldeasturias.com\/magazine365#listItem","position":1,"name":"Home","item":"https:\/\/eldigitaldeasturias.com\/magazine365","nextItem":{"@type":"ListItem","@id":"https:\/\/eldigitaldeasturias.com\/magazine365\/category\/noticias-actualidad\/#listItem","name":"Noticias y Actualidad"}},{"@type":"ListItem","@id":"https:\/\/eldigitaldeasturias.com\/magazine365\/category\/noticias-actualidad\/#listItem","position":2,"name":"Noticias y Actualidad","item":"https:\/\/eldigitaldeasturias.com\/magazine365\/category\/noticias-actualidad\/","nextItem":{"@type":"ListItem","@id":"https:\/\/eldigitaldeasturias.com\/magazine365\/los-viajes-del-imserso-aena-iberia-y-globalia-protagonistas-en-2015\/#listItem","name":"Los viajes del Imserso, Aena, Iberia y Globalia, protagonistas en 2015"},"previousItem":{"@type":"ListItem","@id":"https:\/\/eldigitaldeasturias.com\/magazine365#listItem","name":"Home"}},{"@type":"ListItem","@id":"https:\/\/eldigitaldeasturias.com\/magazine365\/los-viajes-del-imserso-aena-iberia-y-globalia-protagonistas-en-2015\/#listItem","position":3,"name":"Los viajes del Imserso, Aena, Iberia y Globalia, protagonistas en 2015","previousItem":{"@type":"ListItem","@id":"https:\/\/eldigitaldeasturias.com\/magazine365\/category\/noticias-actualidad\/#listItem","name":"Noticias y Actualidad"}}]},{"@type":"Organization","@id":"https:\/\/eldigitaldeasturias.com\/magazine365\/#organization","name":"El digital de Asturias","description":"Revista de ocio, turismo y estilo de vida","url":"https:\/\/eldigitaldeasturias.com\/magazine365\/","logo":{"@type":"ImageObject","url":"https:\/\/www.eldigitaldeasturias.com\/noticias\/wp-content\/uploads\/2020\/12\/EDA.jpg","@id":"https:\/\/eldigitaldeasturias.com\/magazine365\/los-viajes-del-imserso-aena-iberia-y-globalia-protagonistas-en-2015\/#organizationLogo"},"image":{"@id":"https:\/\/eldigitaldeasturias.com\/magazine365\/los-viajes-del-imserso-aena-iberia-y-globalia-protagonistas-en-2015\/#organizationLogo"}},{"@type":"Person","@id":"https:\/\/eldigitaldeasturias.com\/magazine365\/author\/admin\/#author","url":"https:\/\/eldigitaldeasturias.com\/magazine365\/author\/admin\/","name":"admin","image":{"@type":"ImageObject","@id":"https:\/\/eldigitaldeasturias.com\/magazine365\/los-viajes-del-imserso-aena-iberia-y-globalia-protagonistas-en-2015\/#authorImage","url":"https:\/\/eldigitaldeasturias.com\/magazine365\/wp-content\/litespeed\/avatar\/e571bcf59a0edd6fa6838245a470f2fe.jpg?ver=1777574230","width":96,"height":96,"caption":"admin"}},{"@type":"WebPage","@id":"https:\/\/eldigitaldeasturias.com\/magazine365\/los-viajes-del-imserso-aena-iberia-y-globalia-protagonistas-en-2015\/#webpage","url":"https:\/\/eldigitaldeasturias.com\/magazine365\/los-viajes-del-imserso-aena-iberia-y-globalia-protagonistas-en-2015\/","name":"Los viajes del Imserso, Aena, Iberia y Globalia, protagonistas en 2015 | El Digital de Asturias","description":"Este a\u00f1o los viajeros del Imserso han tenido que esperar hasta el 10 de diciembre para comenzar a disfrutar de sus viajes a Baleares y Canarias, los m\u00e1s solicitados, tras el conflicto entre las dos UTEs competidoras a los tres lotes del concurso p\u00fablico, Mundosenior y Mundiplan, y la preocupaci\u00f3n de hoteleros. Mundiplan --integrada por","inLanguage":"es-ES","isPartOf":{"@id":"https:\/\/eldigitaldeasturias.com\/magazine365\/#website"},"breadcrumb":{"@id":"https:\/\/eldigitaldeasturias.com\/magazine365\/los-viajes-del-imserso-aena-iberia-y-globalia-protagonistas-en-2015\/#breadcrumblist"},"author":{"@id":"https:\/\/eldigitaldeasturias.com\/magazine365\/author\/admin\/#author"},"creator":{"@id":"https:\/\/eldigitaldeasturias.com\/magazine365\/author\/admin\/#author"},"image":{"@type":"ImageObject","url":"https:\/\/eldigitaldeasturias.com\/magazine365\/wp-content\/uploads\/2016\/01\/fotonoticia_20151231084432_800.jpg","@id":"https:\/\/eldigitaldeasturias.com\/magazine365\/los-viajes-del-imserso-aena-iberia-y-globalia-protagonistas-en-2015\/#mainImage","width":800,"height":528},"primaryImageOfPage":{"@id":"https:\/\/eldigitaldeasturias.com\/magazine365\/los-viajes-del-imserso-aena-iberia-y-globalia-protagonistas-en-2015\/#mainImage"},"datePublished":"2016-01-01T05:02:55+01:00","dateModified":"2016-01-01T05:02:55+01:00"},{"@type":"WebSite","@id":"https:\/\/eldigitaldeasturias.com\/magazine365\/#website","url":"https:\/\/eldigitaldeasturias.com\/magazine365\/","name":"El Digital de Asturias","description":"Revista de ocio, turismo y estilo de vida","inLanguage":"es-ES","publisher":{"@id":"https:\/\/eldigitaldeasturias.com\/magazine365\/#organization"}}]},"og:locale":"es_ES","og:site_name":"El Digital de Asturias \u2013 Revista de ocio, turismo y estilo de vida","og:type":"article","og:title":"Los viajes del Imserso, Aena, Iberia y Globalia, protagonistas en 2015 | El Digital de Asturias","og:description":"Este a\u00f1o los viajeros del Imserso han tenido que esperar hasta el 10 de diciembre para comenzar a disfrutar de sus viajes a Baleares y Canarias, los m\u00e1s solicitados, tras el conflicto entre las dos UTEs competidoras a los tres lotes del concurso p\u00fablico, Mundosenior y Mundiplan, y la preocupaci\u00f3n de hoteleros. Mundiplan --integrada por","og:url":"https:\/\/eldigitaldeasturias.com\/magazine365\/los-viajes-del-imserso-aena-iberia-y-globalia-protagonistas-en-2015\/","og:image":"https:\/\/eldigitaldeasturias.com\/magazine365\/wp-content\/uploads\/2016\/01\/fotonoticia_20151231084432_800.jpg","og:image:secure_url":"https:\/\/eldigitaldeasturias.com\/magazine365\/wp-content\/uploads\/2016\/01\/fotonoticia_20151231084432_800.jpg","og:image:width":800,"og:image:height":528,"article:published_time":"2016-01-01T04:02:55+00:00","article:modified_time":"2016-01-01T04:02:55+00:00","twitter:card":"summary_large_image","twitter:title":"Los viajes del Imserso, Aena, Iberia y Globalia, protagonistas en 2015 | El Digital de Asturias","twitter:description":"Este a\u00f1o los viajeros del Imserso han tenido que esperar hasta el 10 de diciembre para comenzar a disfrutar de sus viajes a Baleares y Canarias, los m\u00e1s solicitados, tras el conflicto entre las dos UTEs competidoras a los tres lotes del concurso p\u00fablico, Mundosenior y Mundiplan, y la preocupaci\u00f3n de hoteleros. Mundiplan --integrada por","twitter:image":"https:\/\/eldigitaldeasturias.com\/magazine365\/wp-content\/uploads\/2016\/01\/fotonoticia_20151231084432_800.jpg"},"aioseo_meta_data":{"post_id":"59629","title":null,"description":null,"keywords":null,"keyphrases":null,"primary_term":null,"canonical_url":null,"og_title":null,"og_description":null,"og_object_type":"default","og_image_type":"default","og_image_url":null,"og_image_width":null,"og_image_height":null,"og_image_custom_url":null,"og_image_custom_fields":null,"og_video":null,"og_custom_url":null,"og_article_section":null,"og_article_tags":null,"twitter_use_og":false,"twitter_card":"default","twitter_image_type":"default","twitter_image_url":null,"twitter_image_custom_url":null,"twitter_image_custom_fields":null,"twitter_title":null,"twitter_description":null,"schema":{"blockGraphs":[],"customGraphs":[],"default":{"data":{"Article":[],"Course":[],"Dataset":[],"FAQPage":[],"Movie":[],"Person":[],"Product":[],"ProductReview":[],"Car":[],"Recipe":[],"Service":[],"SoftwareApplication":[],"WebPage":[]},"graphName":"","isEnabled":true},"graphs":[],"defaultGraph":"","defaultPostTypeGraph":""},"schema_type":null,"schema_type_options":null,"pillar_content":false,"robots_default":true,"robots_noindex":false,"robots_noarchive":false,"robots_nosnippet":false,"robots_nofollow":false,"robots_noimageindex":false,"robots_noodp":false,"robots_notranslate":false,"robots_max_snippet":null,"robots_max_videopreview":null,"robots_max_imagepreview":"large","priority":null,"frequency":null,"location":null,"local_seo":null,"seo_analyzer_scan_date":"2025-09-25 05:19:15","breadcrumb_settings":null,"limit_modified_date":false,"open_ai":null,"ai":null,"created":"2021-03-08 22:13:38","updated":"2025-09-25 05:19:15"},"aioseo_breadcrumb":"<div class=\"aioseo-breadcrumbs\"><span class=\"aioseo-breadcrumb\">\n\t<a href=\"https:\/\/eldigitaldeasturias.com\/magazine365\" title=\"Home\">Home<\/a>\n<\/span><span class=\"aioseo-breadcrumb-separator\">\u2013<\/span><span class=\"aioseo-breadcrumb\">\n\t<a href=\"https:\/\/eldigitaldeasturias.com\/magazine365\/category\/noticias-actualidad\/\" title=\"Noticias y Actualidad\">Noticias y Actualidad<\/a>\n<\/span><span class=\"aioseo-breadcrumb-separator\">\u2013<\/span><span class=\"aioseo-breadcrumb\">\n\t<a href=\"https:\/\/eldigitaldeasturias.com\/magazine365\/los-viajes-del-imserso-aena-iberia-y-globalia-protagonistas-en-2015\/\" title=\"Los viajes del Imserso, Aena, Iberia y Globalia, protagonistas en 2015\">Los viajes del Imserso, Aena, Iberia y Globalia, protagonistas en 2015<\/a>\n<\/span><\/div>","aioseo_breadcrumb_json":[{"label":"Home","link":"https:\/\/eldigitaldeasturias.com\/magazine365"},{"label":"Noticias y Actualidad","link":"https:\/\/eldigitaldeasturias.com\/magazine365\/category\/noticias-actualidad\/"},{"label":"Los viajes del Imserso, Aena, Iberia y Globalia, protagonistas en 2015","link":"https:\/\/eldigitaldeasturias.com\/magazine365\/los-viajes-del-imserso-aena-iberia-y-globalia-protagonistas-en-2015\/"}],"_links":{"self":[{"href":"https:\/\/eldigitaldeasturias.com\/magazine365\/wp-json\/wp\/v2\/posts\/59629","targetHints":{"allow":["GET"]}}],"collection":[{"href":"https:\/\/eldigitaldeasturias.com\/magazine365\/wp-json\/wp\/v2\/posts"}],"about":[{"href":"https:\/\/eldigitaldeasturias.com\/magazine365\/wp-json\/wp\/v2\/types\/post"}],"author":[{"embeddable":true,"href":"https:\/\/eldigitaldeasturias.com\/magazine365\/wp-json\/wp\/v2\/users\/1"}],"replies":[{"embeddable":true,"href":"https:\/\/eldigitaldeasturias.com\/magazine365\/wp-json\/wp\/v2\/comments?post=59629"}],"version-history":[{"count":0,"href":"https:\/\/eldigitaldeasturias.com\/magazine365\/wp-json\/wp\/v2\/posts\/59629\/revisions"}],"wp:featuredmedia":[{"embeddable":true,"href":"https:\/\/eldigitaldeasturias.com\/magazine365\/wp-json\/wp\/v2\/media\/59630"}],"wp:attachment":[{"href":"https:\/\/eldigitaldeasturias.com\/magazine365\/wp-json\/wp\/v2\/media?parent=59629"}],"wp:term":[{"taxonomy":"category","embeddable":true,"href":"https:\/\/eldigitaldeasturias.com\/magazine365\/wp-json\/wp\/v2\/categories?post=59629"},{"taxonomy":"post_tag","embeddable":true,"href":"https:\/\/eldigitaldeasturias.com\/magazine365\/wp-json\/wp\/v2\/tags?post=59629"}],"curies":[{"name":"wp","href":"https:\/\/api.w.org\/{rel}","templated":true}]}}