{"id":59601,"date":"2016-01-01T01:23:25","date_gmt":"2016-01-01T00:23:25","guid":{"rendered":"http:\/\/eldigitaldeasturias.com\/magazine365\/?p=59601"},"modified":"2016-01-01T01:23:25","modified_gmt":"2016-01-01T00:23:25","slug":"el-barcelona-cluster-nautic-busca-atraer-superyates-a-la-capital-catalana","status":"publish","type":"post","link":"https:\/\/eldigitaldeasturias.com\/magazine365\/el-barcelona-cluster-nautic-busca-atraer-superyates-a-la-capital-catalana\/","title":{"rendered":"El Barcelona Cl\u00faster N\u00e0utic busca atraer superyates a la capital catalana"},"content":{"rendered":"<p><img fetchpriority=\"high\" decoding=\"async\" class=\"alignleft size-medium wp-image-59602\" src=\"https:\/\/eldigitaldeasturias.com\/magazine365\/wp-content\/uploads\/2016\/01\/fotonoticia_20151230173636_800-360x199.jpg\" alt=\"fotonoticia_20151230173636_800\" width=\"360\" height=\"199\" srcset=\"https:\/\/eldigitaldeasturias.com\/magazine365\/wp-content\/uploads\/2016\/01\/fotonoticia_20151230173636_800-360x199.jpg 360w, https:\/\/eldigitaldeasturias.com\/magazine365\/wp-content\/uploads\/2016\/01\/fotonoticia_20151230173636_800-650x360.jpg 650w, https:\/\/eldigitaldeasturias.com\/magazine365\/wp-content\/uploads\/2016\/01\/fotonoticia_20151230173636_800-768x425.jpg 768w, https:\/\/eldigitaldeasturias.com\/magazine365\/wp-content\/uploads\/2016\/01\/fotonoticia_20151230173636_800-150x83.jpg 150w, https:\/\/eldigitaldeasturias.com\/magazine365\/wp-content\/uploads\/2016\/01\/fotonoticia_20151230173636_800-450x249.jpg 450w, https:\/\/eldigitaldeasturias.com\/magazine365\/wp-content\/uploads\/2016\/01\/fotonoticia_20151230173636_800-696x385.jpg 696w, https:\/\/eldigitaldeasturias.com\/magazine365\/wp-content\/uploads\/2016\/01\/fotonoticia_20151230173636_800-758x420.jpg 758w, https:\/\/eldigitaldeasturias.com\/magazine365\/wp-content\/uploads\/2016\/01\/fotonoticia_20151230173636_800-655x360.jpg 655w, https:\/\/eldigitaldeasturias.com\/magazine365\/wp-content\/uploads\/2016\/01\/fotonoticia_20151230173636_800.jpg 800w\" sizes=\"(max-width: 360px) 100vw, 360px\" \/>El Barcelona Cl\u00faster N\u00e0utic, la asociaci\u00f3n de instituciones y empresas que trabaja por la competitividad del sector n\u00e1utico en la capital catalana, se ha marcado como objetivo para 2016 atraer a grandes esloras hacia la ciudad, ha informado en un comunicado este mi\u00e9rcoles.<\/p>\n<p>De hecho, uno de los principales ejes de este sector en Barcelona es el \u00e1rea de los superyates, que afecta tanto a los puertos y marinas del litoral barcelon\u00e9s como a las empresas dedicadas a su mantenimiento y reparaci\u00f3n, como Marina Barcelona 92 y Varador 2000 en Arenys de Mar (Barcelona).<\/p>\n<p>As\u00ed, con los trabajos de ampliaci\u00f3n de Marina Port Vell y la creaci\u00f3n de Marina Vela, cuya construcci\u00f3n empez\u00f3 en septiembre, la capital catalana sumar\u00e1 alrededor de 160 nuevos amarres para grandes esloras.<\/p>\n<p>Esta oferta se a\u00f1ade a los puestos de amarre para embarcaciones de m\u00e1s de 24 metros de eslora que ofrecen Port F\u00f2rum (31), Port Ol\u00edmpic (19), Real Club N\u00e1utico de Barcelona (18), Matar\u00f3 Marina (25) y Vilanova Grand Marina (49), entre otros.<\/p>\n<p>El presidente del Barcelona Cl\u00faster N\u00e0utic, Toni Ti\u00f3, ha explicado que con s\u00f3lo el 5% del tr\u00e1fico mundial de estos yates ya se llenan estos 300 puestos de amarre, y \u00abel que las marinas est\u00e9n llenas supone un impacto econ\u00f3mico de millones de euros para la ciudad\u00bb.<\/p>\n<p>\u00abS\u00f3lo en el sector industrial, el gasto podr\u00eda ser de m\u00e1s de 210 millones de euros al a\u00f1o, mientras que el impacto en puertos ser\u00eda de unos 70 millones\u00bb, ha a\u00f1adido el presidente de la entidad, que cerrar\u00e1 este 2015 con 71 socios y se plantea alcanzar los 100 el a\u00f1o que viene.<\/p>\n<p>Seg\u00fan un estudio de la C\u00e1mara de Comercio de Barcelona, las 305 empresas de Barcelona relacionadas con el sector n\u00e1utico generan un total de 836 millones de euros de impacto econ\u00f3mico y hasta 8.300 puestos de trabajo, y se prev\u00e9 que las empresas asociadas realicen una inversi\u00f3n de 89 millones para los pr\u00f3ximos tres a\u00f1os.<\/p>\n","protected":false},"excerpt":{"rendered":"<p>El Barcelona Cl\u00faster N\u00e0utic, la asociaci\u00f3n de instituciones y empresas que trabaja por la competitividad del sector n\u00e1utico en la capital catalana, se ha marcado como objetivo para 2016 atraer a grandes esloras hacia la ciudad, ha informado en un comunicado este mi\u00e9rcoles. De hecho, uno de los principales ejes de este sector en Barcelona<\/p>\n","protected":false},"author":1,"featured_media":59602,"comment_status":"open","ping_status":"closed","sticky":false,"template":"","format":"standard","meta":{"footnotes":""},"categories":[224],"tags":[],"class_list":{"0":"post-59601","1":"post","2":"type-post","3":"status-publish","4":"format-standard","5":"has-post-thumbnail","7":"category-noticias-actualidad"},"aioseo_notices":[],"aioseo_head":"\n\t\t<!-- All in One SEO Pro 4.9.6.1 - aioseo.com -->\n\t<meta name=\"description\" content=\"El Barcelona Cl\u00faster N\u00e0utic, la asociaci\u00f3n de instituciones y empresas que trabaja por la competitividad del sector n\u00e1utico en la capital catalana, se ha marcado como objetivo para 2016 atraer a grandes esloras hacia la ciudad, ha informado en un comunicado este mi\u00e9rcoles. De hecho, uno de los principales ejes de este sector en Barcelona\" \/>\n\t<meta name=\"robots\" content=\"max-image-preview:large\" \/>\n\t<meta name=\"author\" content=\"admin\"\/>\n\t<meta name=\"google-site-verification\" content=\"UA-38556648-1\" \/>\n\t<meta name=\"keywords\" content=\"noticias y actualidad\" \/>\n\t<link rel=\"canonical\" href=\"https:\/\/eldigitaldeasturias.com\/magazine365\/el-barcelona-cluster-nautic-busca-atraer-superyates-a-la-capital-catalana\/\" \/>\n\t<meta name=\"generator\" content=\"All in One SEO Pro (AIOSEO) 4.9.6.1\" \/>\n\t\t<meta property=\"og:locale\" content=\"es_ES\" \/>\n\t\t<meta property=\"og:site_name\" content=\"El Digital de Asturias \u2013 Revista de ocio, turismo y estilo de vida\" \/>\n\t\t<meta property=\"og:type\" content=\"article\" \/>\n\t\t<meta property=\"og:title\" content=\"El Barcelona Cl\u00faster N\u00e0utic busca atraer superyates a la capital catalana | El Digital de Asturias\" \/>\n\t\t<meta property=\"og:description\" content=\"El Barcelona Cl\u00faster N\u00e0utic, la asociaci\u00f3n de instituciones y empresas que trabaja por la competitividad del sector n\u00e1utico en la capital catalana, se ha marcado como objetivo para 2016 atraer a grandes esloras hacia la ciudad, ha informado en un comunicado este mi\u00e9rcoles. De hecho, uno de los principales ejes de este sector en Barcelona\" \/>\n\t\t<meta property=\"og:url\" content=\"https:\/\/eldigitaldeasturias.com\/magazine365\/el-barcelona-cluster-nautic-busca-atraer-superyates-a-la-capital-catalana\/\" \/>\n\t\t<meta property=\"og:image\" content=\"https:\/\/eldigitaldeasturias.com\/magazine365\/wp-content\/uploads\/2016\/01\/fotonoticia_20151230173636_800.jpg\" \/>\n\t\t<meta property=\"og:image:secure_url\" content=\"https:\/\/eldigitaldeasturias.com\/magazine365\/wp-content\/uploads\/2016\/01\/fotonoticia_20151230173636_800.jpg\" \/>\n\t\t<meta property=\"og:image:width\" content=\"800\" \/>\n\t\t<meta property=\"og:image:height\" content=\"443\" \/>\n\t\t<meta property=\"article:published_time\" content=\"2016-01-01T00:23:25+00:00\" \/>\n\t\t<meta property=\"article:modified_time\" content=\"2016-01-01T00:23:25+00:00\" \/>\n\t\t<meta name=\"twitter:card\" content=\"summary_large_image\" \/>\n\t\t<meta name=\"twitter:title\" content=\"El Barcelona Cl\u00faster N\u00e0utic busca atraer superyates a la capital catalana | El Digital de Asturias\" \/>\n\t\t<meta name=\"twitter:description\" content=\"El Barcelona Cl\u00faster N\u00e0utic, la asociaci\u00f3n de instituciones y empresas que trabaja por la competitividad del sector n\u00e1utico en la capital catalana, se ha marcado como objetivo para 2016 atraer a grandes esloras hacia la ciudad, ha informado en un comunicado este mi\u00e9rcoles. De hecho, uno de los principales ejes de este sector en Barcelona\" \/>\n\t\t<meta name=\"twitter:image\" content=\"https:\/\/eldigitaldeasturias.com\/magazine365\/wp-content\/uploads\/2016\/01\/fotonoticia_20151230173636_800.jpg\" \/>\n\t\t<script type=\"application\/ld+json\" class=\"aioseo-schema\">\n\t\t\t{\"@context\":\"https:\\\/\\\/schema.org\",\"@graph\":[{\"@type\":\"Article\",\"@id\":\"https:\\\/\\\/eldigitaldeasturias.com\\\/magazine365\\\/el-barcelona-cluster-nautic-busca-atraer-superyates-a-la-capital-catalana\\\/#article\",\"name\":\"El Barcelona Cl\\u00faster N\\u00e0utic busca atraer superyates a la capital catalana | El Digital de Asturias\",\"headline\":\"El Barcelona Cl\\u00faster N\\u00e0utic busca atraer superyates a la capital catalana\",\"author\":{\"@id\":\"https:\\\/\\\/eldigitaldeasturias.com\\\/magazine365\\\/author\\\/admin\\\/#author\"},\"publisher\":{\"@id\":\"https:\\\/\\\/eldigitaldeasturias.com\\\/magazine365\\\/#organization\"},\"image\":{\"@type\":\"ImageObject\",\"url\":\"https:\\\/\\\/eldigitaldeasturias.com\\\/magazine365\\\/wp-content\\\/uploads\\\/2016\\\/01\\\/fotonoticia_20151230173636_800.jpg\",\"width\":800,\"height\":443},\"datePublished\":\"2016-01-01T01:23:25+01:00\",\"dateModified\":\"2016-01-01T01:23:25+01:00\",\"inLanguage\":\"es-ES\",\"mainEntityOfPage\":{\"@id\":\"https:\\\/\\\/eldigitaldeasturias.com\\\/magazine365\\\/el-barcelona-cluster-nautic-busca-atraer-superyates-a-la-capital-catalana\\\/#webpage\"},\"isPartOf\":{\"@id\":\"https:\\\/\\\/eldigitaldeasturias.com\\\/magazine365\\\/el-barcelona-cluster-nautic-busca-atraer-superyates-a-la-capital-catalana\\\/#webpage\"},\"articleSection\":\"Noticias y Actualidad\"},{\"@type\":\"BreadcrumbList\",\"@id\":\"https:\\\/\\\/eldigitaldeasturias.com\\\/magazine365\\\/el-barcelona-cluster-nautic-busca-atraer-superyates-a-la-capital-catalana\\\/#breadcrumblist\",\"itemListElement\":[{\"@type\":\"ListItem\",\"@id\":\"https:\\\/\\\/eldigitaldeasturias.com\\\/magazine365#listItem\",\"position\":1,\"name\":\"Home\",\"item\":\"https:\\\/\\\/eldigitaldeasturias.com\\\/magazine365\",\"nextItem\":{\"@type\":\"ListItem\",\"@id\":\"https:\\\/\\\/eldigitaldeasturias.com\\\/magazine365\\\/category\\\/noticias-actualidad\\\/#listItem\",\"name\":\"Noticias y Actualidad\"}},{\"@type\":\"ListItem\",\"@id\":\"https:\\\/\\\/eldigitaldeasturias.com\\\/magazine365\\\/category\\\/noticias-actualidad\\\/#listItem\",\"position\":2,\"name\":\"Noticias y Actualidad\",\"item\":\"https:\\\/\\\/eldigitaldeasturias.com\\\/magazine365\\\/category\\\/noticias-actualidad\\\/\",\"nextItem\":{\"@type\":\"ListItem\",\"@id\":\"https:\\\/\\\/eldigitaldeasturias.com\\\/magazine365\\\/el-barcelona-cluster-nautic-busca-atraer-superyates-a-la-capital-catalana\\\/#listItem\",\"name\":\"El Barcelona Cl\\u00faster N\\u00e0utic busca atraer superyates a la capital catalana\"},\"previousItem\":{\"@type\":\"ListItem\",\"@id\":\"https:\\\/\\\/eldigitaldeasturias.com\\\/magazine365#listItem\",\"name\":\"Home\"}},{\"@type\":\"ListItem\",\"@id\":\"https:\\\/\\\/eldigitaldeasturias.com\\\/magazine365\\\/el-barcelona-cluster-nautic-busca-atraer-superyates-a-la-capital-catalana\\\/#listItem\",\"position\":3,\"name\":\"El Barcelona Cl\\u00faster N\\u00e0utic busca atraer superyates a la capital catalana\",\"previousItem\":{\"@type\":\"ListItem\",\"@id\":\"https:\\\/\\\/eldigitaldeasturias.com\\\/magazine365\\\/category\\\/noticias-actualidad\\\/#listItem\",\"name\":\"Noticias y Actualidad\"}}]},{\"@type\":\"Organization\",\"@id\":\"https:\\\/\\\/eldigitaldeasturias.com\\\/magazine365\\\/#organization\",\"name\":\"El digital de Asturias\",\"description\":\"Revista de ocio, turismo y estilo de vida\",\"url\":\"https:\\\/\\\/eldigitaldeasturias.com\\\/magazine365\\\/\",\"logo\":{\"@type\":\"ImageObject\",\"url\":\"https:\\\/\\\/www.eldigitaldeasturias.com\\\/noticias\\\/wp-content\\\/uploads\\\/2020\\\/12\\\/EDA.jpg\",\"@id\":\"https:\\\/\\\/eldigitaldeasturias.com\\\/magazine365\\\/el-barcelona-cluster-nautic-busca-atraer-superyates-a-la-capital-catalana\\\/#organizationLogo\"},\"image\":{\"@id\":\"https:\\\/\\\/eldigitaldeasturias.com\\\/magazine365\\\/el-barcelona-cluster-nautic-busca-atraer-superyates-a-la-capital-catalana\\\/#organizationLogo\"}},{\"@type\":\"Person\",\"@id\":\"https:\\\/\\\/eldigitaldeasturias.com\\\/magazine365\\\/author\\\/admin\\\/#author\",\"url\":\"https:\\\/\\\/eldigitaldeasturias.com\\\/magazine365\\\/author\\\/admin\\\/\",\"name\":\"admin\",\"image\":{\"@type\":\"ImageObject\",\"@id\":\"https:\\\/\\\/eldigitaldeasturias.com\\\/magazine365\\\/el-barcelona-cluster-nautic-busca-atraer-superyates-a-la-capital-catalana\\\/#authorImage\",\"url\":\"https:\\\/\\\/eldigitaldeasturias.com\\\/magazine365\\\/wp-content\\\/litespeed\\\/avatar\\\/e571bcf59a0edd6fa6838245a470f2fe.jpg?ver=1777574230\",\"width\":96,\"height\":96,\"caption\":\"admin\"}},{\"@type\":\"WebPage\",\"@id\":\"https:\\\/\\\/eldigitaldeasturias.com\\\/magazine365\\\/el-barcelona-cluster-nautic-busca-atraer-superyates-a-la-capital-catalana\\\/#webpage\",\"url\":\"https:\\\/\\\/eldigitaldeasturias.com\\\/magazine365\\\/el-barcelona-cluster-nautic-busca-atraer-superyates-a-la-capital-catalana\\\/\",\"name\":\"El Barcelona Cl\\u00faster N\\u00e0utic busca atraer superyates a la capital catalana | El Digital de Asturias\",\"description\":\"El Barcelona Cl\\u00faster N\\u00e0utic, la asociaci\\u00f3n de instituciones y empresas que trabaja por la competitividad del sector n\\u00e1utico en la capital catalana, se ha marcado como objetivo para 2016 atraer a grandes esloras hacia la ciudad, ha informado en un comunicado este mi\\u00e9rcoles. De hecho, uno de los principales ejes de este sector en Barcelona\",\"inLanguage\":\"es-ES\",\"isPartOf\":{\"@id\":\"https:\\\/\\\/eldigitaldeasturias.com\\\/magazine365\\\/#website\"},\"breadcrumb\":{\"@id\":\"https:\\\/\\\/eldigitaldeasturias.com\\\/magazine365\\\/el-barcelona-cluster-nautic-busca-atraer-superyates-a-la-capital-catalana\\\/#breadcrumblist\"},\"author\":{\"@id\":\"https:\\\/\\\/eldigitaldeasturias.com\\\/magazine365\\\/author\\\/admin\\\/#author\"},\"creator\":{\"@id\":\"https:\\\/\\\/eldigitaldeasturias.com\\\/magazine365\\\/author\\\/admin\\\/#author\"},\"image\":{\"@type\":\"ImageObject\",\"url\":\"https:\\\/\\\/eldigitaldeasturias.com\\\/magazine365\\\/wp-content\\\/uploads\\\/2016\\\/01\\\/fotonoticia_20151230173636_800.jpg\",\"@id\":\"https:\\\/\\\/eldigitaldeasturias.com\\\/magazine365\\\/el-barcelona-cluster-nautic-busca-atraer-superyates-a-la-capital-catalana\\\/#mainImage\",\"width\":800,\"height\":443},\"primaryImageOfPage\":{\"@id\":\"https:\\\/\\\/eldigitaldeasturias.com\\\/magazine365\\\/el-barcelona-cluster-nautic-busca-atraer-superyates-a-la-capital-catalana\\\/#mainImage\"},\"datePublished\":\"2016-01-01T01:23:25+01:00\",\"dateModified\":\"2016-01-01T01:23:25+01:00\"},{\"@type\":\"WebSite\",\"@id\":\"https:\\\/\\\/eldigitaldeasturias.com\\\/magazine365\\\/#website\",\"url\":\"https:\\\/\\\/eldigitaldeasturias.com\\\/magazine365\\\/\",\"name\":\"El Digital de Asturias\",\"description\":\"Revista de ocio, turismo y estilo de vida\",\"inLanguage\":\"es-ES\",\"publisher\":{\"@id\":\"https:\\\/\\\/eldigitaldeasturias.com\\\/magazine365\\\/#organization\"}}]}\n\t\t<\/script>\n\t\t<!-- All in One SEO Pro -->\r\n\t\t<title>El Barcelona Cl\u00faster N\u00e0utic busca atraer superyates a la capital catalana | El Digital de Asturias<\/title>\n\n","aioseo_head_json":{"title":"El Barcelona Cl\u00faster N\u00e0utic busca atraer superyates a la capital catalana | El Digital de Asturias","description":"El Barcelona Cl\u00faster N\u00e0utic, la asociaci\u00f3n de instituciones y empresas que trabaja por la competitividad del sector n\u00e1utico en la capital catalana, se ha marcado como objetivo para 2016 atraer a grandes esloras hacia la ciudad, ha informado en un comunicado este mi\u00e9rcoles. De hecho, uno de los principales ejes de este sector en Barcelona","canonical_url":"https:\/\/eldigitaldeasturias.com\/magazine365\/el-barcelona-cluster-nautic-busca-atraer-superyates-a-la-capital-catalana\/","robots":"max-image-preview:large","keywords":"noticias y actualidad","webmasterTools":{"google-site-verification":"UA-38556648-1","miscellaneous":""},"schema":{"@context":"https:\/\/schema.org","@graph":[{"@type":"Article","@id":"https:\/\/eldigitaldeasturias.com\/magazine365\/el-barcelona-cluster-nautic-busca-atraer-superyates-a-la-capital-catalana\/#article","name":"El Barcelona Cl\u00faster N\u00e0utic busca atraer superyates a la capital catalana | El Digital de Asturias","headline":"El Barcelona Cl\u00faster N\u00e0utic busca atraer superyates a la capital catalana","author":{"@id":"https:\/\/eldigitaldeasturias.com\/magazine365\/author\/admin\/#author"},"publisher":{"@id":"https:\/\/eldigitaldeasturias.com\/magazine365\/#organization"},"image":{"@type":"ImageObject","url":"https:\/\/eldigitaldeasturias.com\/magazine365\/wp-content\/uploads\/2016\/01\/fotonoticia_20151230173636_800.jpg","width":800,"height":443},"datePublished":"2016-01-01T01:23:25+01:00","dateModified":"2016-01-01T01:23:25+01:00","inLanguage":"es-ES","mainEntityOfPage":{"@id":"https:\/\/eldigitaldeasturias.com\/magazine365\/el-barcelona-cluster-nautic-busca-atraer-superyates-a-la-capital-catalana\/#webpage"},"isPartOf":{"@id":"https:\/\/eldigitaldeasturias.com\/magazine365\/el-barcelona-cluster-nautic-busca-atraer-superyates-a-la-capital-catalana\/#webpage"},"articleSection":"Noticias y Actualidad"},{"@type":"BreadcrumbList","@id":"https:\/\/eldigitaldeasturias.com\/magazine365\/el-barcelona-cluster-nautic-busca-atraer-superyates-a-la-capital-catalana\/#breadcrumblist","itemListElement":[{"@type":"ListItem","@id":"https:\/\/eldigitaldeasturias.com\/magazine365#listItem","position":1,"name":"Home","item":"https:\/\/eldigitaldeasturias.com\/magazine365","nextItem":{"@type":"ListItem","@id":"https:\/\/eldigitaldeasturias.com\/magazine365\/category\/noticias-actualidad\/#listItem","name":"Noticias y Actualidad"}},{"@type":"ListItem","@id":"https:\/\/eldigitaldeasturias.com\/magazine365\/category\/noticias-actualidad\/#listItem","position":2,"name":"Noticias y Actualidad","item":"https:\/\/eldigitaldeasturias.com\/magazine365\/category\/noticias-actualidad\/","nextItem":{"@type":"ListItem","@id":"https:\/\/eldigitaldeasturias.com\/magazine365\/el-barcelona-cluster-nautic-busca-atraer-superyates-a-la-capital-catalana\/#listItem","name":"El Barcelona Cl\u00faster N\u00e0utic busca atraer superyates a la capital catalana"},"previousItem":{"@type":"ListItem","@id":"https:\/\/eldigitaldeasturias.com\/magazine365#listItem","name":"Home"}},{"@type":"ListItem","@id":"https:\/\/eldigitaldeasturias.com\/magazine365\/el-barcelona-cluster-nautic-busca-atraer-superyates-a-la-capital-catalana\/#listItem","position":3,"name":"El Barcelona Cl\u00faster N\u00e0utic busca atraer superyates a la capital catalana","previousItem":{"@type":"ListItem","@id":"https:\/\/eldigitaldeasturias.com\/magazine365\/category\/noticias-actualidad\/#listItem","name":"Noticias y Actualidad"}}]},{"@type":"Organization","@id":"https:\/\/eldigitaldeasturias.com\/magazine365\/#organization","name":"El digital de Asturias","description":"Revista de ocio, turismo y estilo de vida","url":"https:\/\/eldigitaldeasturias.com\/magazine365\/","logo":{"@type":"ImageObject","url":"https:\/\/www.eldigitaldeasturias.com\/noticias\/wp-content\/uploads\/2020\/12\/EDA.jpg","@id":"https:\/\/eldigitaldeasturias.com\/magazine365\/el-barcelona-cluster-nautic-busca-atraer-superyates-a-la-capital-catalana\/#organizationLogo"},"image":{"@id":"https:\/\/eldigitaldeasturias.com\/magazine365\/el-barcelona-cluster-nautic-busca-atraer-superyates-a-la-capital-catalana\/#organizationLogo"}},{"@type":"Person","@id":"https:\/\/eldigitaldeasturias.com\/magazine365\/author\/admin\/#author","url":"https:\/\/eldigitaldeasturias.com\/magazine365\/author\/admin\/","name":"admin","image":{"@type":"ImageObject","@id":"https:\/\/eldigitaldeasturias.com\/magazine365\/el-barcelona-cluster-nautic-busca-atraer-superyates-a-la-capital-catalana\/#authorImage","url":"https:\/\/eldigitaldeasturias.com\/magazine365\/wp-content\/litespeed\/avatar\/e571bcf59a0edd6fa6838245a470f2fe.jpg?ver=1777574230","width":96,"height":96,"caption":"admin"}},{"@type":"WebPage","@id":"https:\/\/eldigitaldeasturias.com\/magazine365\/el-barcelona-cluster-nautic-busca-atraer-superyates-a-la-capital-catalana\/#webpage","url":"https:\/\/eldigitaldeasturias.com\/magazine365\/el-barcelona-cluster-nautic-busca-atraer-superyates-a-la-capital-catalana\/","name":"El Barcelona Cl\u00faster N\u00e0utic busca atraer superyates a la capital catalana | El Digital de Asturias","description":"El Barcelona Cl\u00faster N\u00e0utic, la asociaci\u00f3n de instituciones y empresas que trabaja por la competitividad del sector n\u00e1utico en la capital catalana, se ha marcado como objetivo para 2016 atraer a grandes esloras hacia la ciudad, ha informado en un comunicado este mi\u00e9rcoles. De hecho, uno de los principales ejes de este sector en Barcelona","inLanguage":"es-ES","isPartOf":{"@id":"https:\/\/eldigitaldeasturias.com\/magazine365\/#website"},"breadcrumb":{"@id":"https:\/\/eldigitaldeasturias.com\/magazine365\/el-barcelona-cluster-nautic-busca-atraer-superyates-a-la-capital-catalana\/#breadcrumblist"},"author":{"@id":"https:\/\/eldigitaldeasturias.com\/magazine365\/author\/admin\/#author"},"creator":{"@id":"https:\/\/eldigitaldeasturias.com\/magazine365\/author\/admin\/#author"},"image":{"@type":"ImageObject","url":"https:\/\/eldigitaldeasturias.com\/magazine365\/wp-content\/uploads\/2016\/01\/fotonoticia_20151230173636_800.jpg","@id":"https:\/\/eldigitaldeasturias.com\/magazine365\/el-barcelona-cluster-nautic-busca-atraer-superyates-a-la-capital-catalana\/#mainImage","width":800,"height":443},"primaryImageOfPage":{"@id":"https:\/\/eldigitaldeasturias.com\/magazine365\/el-barcelona-cluster-nautic-busca-atraer-superyates-a-la-capital-catalana\/#mainImage"},"datePublished":"2016-01-01T01:23:25+01:00","dateModified":"2016-01-01T01:23:25+01:00"},{"@type":"WebSite","@id":"https:\/\/eldigitaldeasturias.com\/magazine365\/#website","url":"https:\/\/eldigitaldeasturias.com\/magazine365\/","name":"El Digital de Asturias","description":"Revista de ocio, turismo y estilo de vida","inLanguage":"es-ES","publisher":{"@id":"https:\/\/eldigitaldeasturias.com\/magazine365\/#organization"}}]},"og:locale":"es_ES","og:site_name":"El Digital de Asturias \u2013 Revista de ocio, turismo y estilo de vida","og:type":"article","og:title":"El Barcelona Cl\u00faster N\u00e0utic busca atraer superyates a la capital catalana | El Digital de Asturias","og:description":"El Barcelona Cl\u00faster N\u00e0utic, la asociaci\u00f3n de instituciones y empresas que trabaja por la competitividad del sector n\u00e1utico en la capital catalana, se ha marcado como objetivo para 2016 atraer a grandes esloras hacia la ciudad, ha informado en un comunicado este mi\u00e9rcoles. De hecho, uno de los principales ejes de este sector en Barcelona","og:url":"https:\/\/eldigitaldeasturias.com\/magazine365\/el-barcelona-cluster-nautic-busca-atraer-superyates-a-la-capital-catalana\/","og:image":"https:\/\/eldigitaldeasturias.com\/magazine365\/wp-content\/uploads\/2016\/01\/fotonoticia_20151230173636_800.jpg","og:image:secure_url":"https:\/\/eldigitaldeasturias.com\/magazine365\/wp-content\/uploads\/2016\/01\/fotonoticia_20151230173636_800.jpg","og:image:width":800,"og:image:height":443,"article:published_time":"2016-01-01T00:23:25+00:00","article:modified_time":"2016-01-01T00:23:25+00:00","twitter:card":"summary_large_image","twitter:title":"El Barcelona Cl\u00faster N\u00e0utic busca atraer superyates a la capital catalana | El Digital de Asturias","twitter:description":"El Barcelona Cl\u00faster N\u00e0utic, la asociaci\u00f3n de instituciones y empresas que trabaja por la competitividad del sector n\u00e1utico en la capital catalana, se ha marcado como objetivo para 2016 atraer a grandes esloras hacia la ciudad, ha informado en un comunicado este mi\u00e9rcoles. De hecho, uno de los principales ejes de este sector en Barcelona","twitter:image":"https:\/\/eldigitaldeasturias.com\/magazine365\/wp-content\/uploads\/2016\/01\/fotonoticia_20151230173636_800.jpg"},"aioseo_meta_data":{"post_id":"59601","title":null,"description":null,"keywords":null,"keyphrases":null,"primary_term":null,"canonical_url":null,"og_title":null,"og_description":null,"og_object_type":"default","og_image_type":"default","og_image_url":null,"og_image_width":null,"og_image_height":null,"og_image_custom_url":null,"og_image_custom_fields":null,"og_video":null,"og_custom_url":null,"og_article_section":null,"og_article_tags":null,"twitter_use_og":false,"twitter_card":"default","twitter_image_type":"default","twitter_image_url":null,"twitter_image_custom_url":null,"twitter_image_custom_fields":null,"twitter_title":null,"twitter_description":null,"schema":{"blockGraphs":[],"customGraphs":[],"default":{"data":{"Article":[],"Course":[],"Dataset":[],"FAQPage":[],"Movie":[],"Person":[],"Product":[],"ProductReview":[],"Car":[],"Recipe":[],"Service":[],"SoftwareApplication":[],"WebPage":[]},"graphName":"","isEnabled":true},"graphs":[],"defaultGraph":"","defaultPostTypeGraph":""},"schema_type":null,"schema_type_options":null,"pillar_content":false,"robots_default":true,"robots_noindex":false,"robots_noarchive":false,"robots_nosnippet":false,"robots_nofollow":false,"robots_noimageindex":false,"robots_noodp":false,"robots_notranslate":false,"robots_max_snippet":null,"robots_max_videopreview":null,"robots_max_imagepreview":"large","priority":null,"frequency":null,"location":null,"local_seo":null,"seo_analyzer_scan_date":"2025-09-25 05:15:06","breadcrumb_settings":null,"limit_modified_date":false,"open_ai":null,"ai":null,"created":"2021-03-08 22:13:38","updated":"2025-09-25 05:15:06"},"aioseo_breadcrumb":"<div class=\"aioseo-breadcrumbs\"><span class=\"aioseo-breadcrumb\">\n\t<a href=\"https:\/\/eldigitaldeasturias.com\/magazine365\" title=\"Home\">Home<\/a>\n<\/span><span class=\"aioseo-breadcrumb-separator\">\u2013<\/span><span class=\"aioseo-breadcrumb\">\n\t<a href=\"https:\/\/eldigitaldeasturias.com\/magazine365\/category\/noticias-actualidad\/\" title=\"Noticias y Actualidad\">Noticias y Actualidad<\/a>\n<\/span><span class=\"aioseo-breadcrumb-separator\">\u2013<\/span><span class=\"aioseo-breadcrumb\">\n\t<a href=\"https:\/\/eldigitaldeasturias.com\/magazine365\/el-barcelona-cluster-nautic-busca-atraer-superyates-a-la-capital-catalana\/\" title=\"El Barcelona Cl\u00faster N\u00e0utic busca atraer superyates a la capital catalana\">El Barcelona Cl\u00faster N\u00e0utic busca atraer superyates a la capital catalana<\/a>\n<\/span><\/div>","aioseo_breadcrumb_json":[{"label":"Home","link":"https:\/\/eldigitaldeasturias.com\/magazine365"},{"label":"Noticias y Actualidad","link":"https:\/\/eldigitaldeasturias.com\/magazine365\/category\/noticias-actualidad\/"},{"label":"El Barcelona Cl\u00faster N\u00e0utic busca atraer superyates a la capital catalana","link":"https:\/\/eldigitaldeasturias.com\/magazine365\/el-barcelona-cluster-nautic-busca-atraer-superyates-a-la-capital-catalana\/"}],"_links":{"self":[{"href":"https:\/\/eldigitaldeasturias.com\/magazine365\/wp-json\/wp\/v2\/posts\/59601","targetHints":{"allow":["GET"]}}],"collection":[{"href":"https:\/\/eldigitaldeasturias.com\/magazine365\/wp-json\/wp\/v2\/posts"}],"about":[{"href":"https:\/\/eldigitaldeasturias.com\/magazine365\/wp-json\/wp\/v2\/types\/post"}],"author":[{"embeddable":true,"href":"https:\/\/eldigitaldeasturias.com\/magazine365\/wp-json\/wp\/v2\/users\/1"}],"replies":[{"embeddable":true,"href":"https:\/\/eldigitaldeasturias.com\/magazine365\/wp-json\/wp\/v2\/comments?post=59601"}],"version-history":[{"count":0,"href":"https:\/\/eldigitaldeasturias.com\/magazine365\/wp-json\/wp\/v2\/posts\/59601\/revisions"}],"wp:featuredmedia":[{"embeddable":true,"href":"https:\/\/eldigitaldeasturias.com\/magazine365\/wp-json\/wp\/v2\/media\/59602"}],"wp:attachment":[{"href":"https:\/\/eldigitaldeasturias.com\/magazine365\/wp-json\/wp\/v2\/media?parent=59601"}],"wp:term":[{"taxonomy":"category","embeddable":true,"href":"https:\/\/eldigitaldeasturias.com\/magazine365\/wp-json\/wp\/v2\/categories?post=59601"},{"taxonomy":"post_tag","embeddable":true,"href":"https:\/\/eldigitaldeasturias.com\/magazine365\/wp-json\/wp\/v2\/tags?post=59601"}],"curies":[{"name":"wp","href":"https:\/\/api.w.org\/{rel}","templated":true}]}}