{"id":59594,"date":"2015-12-31T23:46:24","date_gmt":"2015-12-31T22:46:24","guid":{"rendered":"http:\/\/eldigitaldeasturias.com\/magazine365\/?p=59594"},"modified":"2015-12-31T23:46:24","modified_gmt":"2015-12-31T22:46:24","slug":"40-actividades-para-conmemorar-el-iv-centenario-del-fallecimiento-de-miguel-de-cervantes","status":"publish","type":"post","link":"https:\/\/eldigitaldeasturias.com\/magazine365\/40-actividades-para-conmemorar-el-iv-centenario-del-fallecimiento-de-miguel-de-cervantes\/","title":{"rendered":"40 actividades para conmemorar el IV Centenario del fallecimiento de Miguel de Cervantes"},"content":{"rendered":"<p><img fetchpriority=\"high\" decoding=\"async\" class=\"alignleft size-medium wp-image-59595\" src=\"https:\/\/eldigitaldeasturias.com\/magazine365\/wp-content\/uploads\/2015\/12\/fotonoticia_20151230165628_800-360x225.jpg\" alt=\"fotonoticia_20151230165628_800\" width=\"360\" height=\"225\" srcset=\"https:\/\/eldigitaldeasturias.com\/magazine365\/wp-content\/uploads\/2015\/12\/fotonoticia_20151230165628_800-360x225.jpg 360w, https:\/\/eldigitaldeasturias.com\/magazine365\/wp-content\/uploads\/2015\/12\/fotonoticia_20151230165628_800-650x406.jpg 650w, https:\/\/eldigitaldeasturias.com\/magazine365\/wp-content\/uploads\/2015\/12\/fotonoticia_20151230165628_800-768x480.jpg 768w, https:\/\/eldigitaldeasturias.com\/magazine365\/wp-content\/uploads\/2015\/12\/fotonoticia_20151230165628_800-150x94.jpg 150w, https:\/\/eldigitaldeasturias.com\/magazine365\/wp-content\/uploads\/2015\/12\/fotonoticia_20151230165628_800-450x281.jpg 450w, https:\/\/eldigitaldeasturias.com\/magazine365\/wp-content\/uploads\/2015\/12\/fotonoticia_20151230165628_800-696x435.jpg 696w, https:\/\/eldigitaldeasturias.com\/magazine365\/wp-content\/uploads\/2015\/12\/fotonoticia_20151230165628_800-672x420.jpg 672w, https:\/\/eldigitaldeasturias.com\/magazine365\/wp-content\/uploads\/2015\/12\/fotonoticia_20151230165628_800-279x173.jpg 279w, https:\/\/eldigitaldeasturias.com\/magazine365\/wp-content\/uploads\/2015\/12\/fotonoticia_20151230165628_800-160x100.jpg 160w, https:\/\/eldigitaldeasturias.com\/magazine365\/wp-content\/uploads\/2015\/12\/fotonoticia_20151230165628_800-480x300.jpg 480w, https:\/\/eldigitaldeasturias.com\/magazine365\/wp-content\/uploads\/2015\/12\/fotonoticia_20151230165628_800.jpg 800w\" sizes=\"(max-width: 360px) 100vw, 360px\" \/>El Gobierno de Castilla-La Mancha ha dise\u00f1ado m\u00e1s de 40 actividades para conmemorar el IV Centenario del fallecimiento de Miguel de Cervantes. Este programa supone un esfuerzo complementario a la celebraci\u00f3n que se realizar\u00e1 con car\u00e1cter nacional.<\/p>\n<p>El vicepresidente del Ejecutivo regional, Jos\u00e9 Luis Mart\u00ednez Guijarro, que ha presentado en Cuenca dicha programaci\u00f3n acompa\u00f1ado por la consejera de Educaci\u00f3n, Cultura y Deportes, Reyes Est\u00e9vez, ha explicado que entre sus objetivos est\u00e1 incrementar las visitas tur\u00edsticas a la regi\u00f3n mediante acciones promocionales; aumentar el conocimiento de la figura de Cervantes entre la poblaci\u00f3n; y fomentar el conocimiento y la investigaci\u00f3n internacional de la figura de Cervantes como autor teatral.<\/p>\n<p>\u00abEstamos abiertos a incorporar nuevas actividades, nuevas propuestas que nos puedan hacer llegar las instituciones o colectivos\u00bb, ha se\u00f1alado Mart\u00ednez Guijarro. De momento, \u00abponemos sobre la mesa un elenco de actividades y desde aqu\u00ed invitamos a participar a los ayuntamientos, instituciones y asociaciones de la regi\u00f3n\u00bb, ha dicho.<\/p>\n<p>Dentro de los actos organizados, se plantean eventos de inter\u00e9s y repercusi\u00f3n internacional, como el Congreso Internacional sobre el Teatro de Cervantes o los congresos sobre las m\u00fasicas del autor, as\u00ed como una exposici\u00f3n en Toledo sobre su figura como poeta y soldado, seg\u00fan ha informado la Junta en nota de prensa.<\/p>\n<p>Destacar igualmente una exposici\u00f3n multitem\u00e1tica que une las figuras de Cervantes y Shakespeare, con sede en Sig\u00fcenza y Molina de Arag\u00f3n, a partir de la exposici\u00f3n de la \u00fanica bandera inglesa que se conserva del siglo XVI, que es un estandarte capturado a Drake y depositado en la catedral seguntina por su captor, sobrino nieto del Doncel de Sig\u00fcenza.<\/p>\n<p>TURISMO, GASTRONOM\u00cdA Y ARTESAN\u00cdA<\/p>\n<p>En relaci\u00f3n a la promoci\u00f3n de Castilla-La Mancha como destino tur\u00edstico, el Gobierno regional revitalizar\u00e1 la ruta del Quijote y fomentar\u00e1 una ruta cervantina a trav\u00e9s de los lugares de mayor relevancia.<\/p>\n<p>La programaci\u00f3n incluye tambi\u00e9n medidas promocionales, como la edici\u00f3n de un v\u00eddeo, la contrataci\u00f3n de programas espec\u00edficos en una cadena internacional especializada en viajes y la implantaci\u00f3n de carteler\u00eda y muppys en medios p\u00fablicos de transporte y sedes de atenci\u00f3n al p\u00fablico.<\/p>\n<p>Subrayar igualmente el dise\u00f1o de actividades espec\u00edficas para animar las visitas tur\u00edsticas como road-shows que unen el teatro y la ambientaci\u00f3n, mercados cervantinos, conciertos musicales, programaci\u00f3n teatral, espect\u00e1culos de luz y sonido y conciertos con otras comunidades para el fomento del turismo social. Destacan iniciativas como la puesta en marcha de una tarjeta joven para acceso a las actividades culturales y un pasaporte virtual cervantino.<\/p>\n<p>Se recuperar\u00e1n los premios regionales que este a\u00f1o reconocer\u00e1n la recuperaci\u00f3n de sabores cervantinos, o fomentando la creatividad en el mundo de la tapa, en colaboraci\u00f3n con las Agrupaciones de Hosteler\u00eda que organizan ferias y cert\u00e1menes gastron\u00f3micos, as\u00ed como batir el record de escultura de mazap\u00e1n.<\/p>\n<p>LA EXPOSICI\u00d3N DE AI WEIWEI<\/p>\n<p>El vicepresidente ha subrayado que el Ejecutivo auton\u00f3mico no descarta la celebraci\u00f3n en Cuenca de la exposici\u00f3n del artista chino Ai Weiwei, consciente de que ser\u00eda \u00abun hecho de excepcional inter\u00e9s\u00bb para la ciudad. \u00abSabemos que la organizaci\u00f3n corresponde a la Catedral, y la financiaci\u00f3n tiene que ser b\u00e1sicamente de patrocinio privado, pero queremos contribuir a que sea una realidad\u00bb, ha dicho.<\/p>\n<p>Una muestra que tiene \u00abcar\u00e1cter nacional\u00bb y que est\u00e1 autorizada por el Comit\u00e9 que est\u00e1 organizando el IV Centenario, pero como Gobierno \u00abseguiremos trabajando\u00bb para no renunciar a ella aun sabiendo que \u00abes complicado\u00bb. \u00abMerece la pena hacer el esfuerzo y buscar patrocinadores\u00bb, ha insistido el vicepresidente, que ha echado en falta \u00abm\u00e1s ambici\u00f3n\u00bb por parte de otras administraciones.<\/p>\n","protected":false},"excerpt":{"rendered":"<p>El Gobierno de Castilla-La Mancha ha dise\u00f1ado m\u00e1s de 40 actividades para conmemorar el IV Centenario del fallecimiento de Miguel de Cervantes. Este programa supone un esfuerzo complementario a la celebraci\u00f3n que se realizar\u00e1 con car\u00e1cter nacional. El vicepresidente del Ejecutivo regional, Jos\u00e9 Luis Mart\u00ednez Guijarro, que ha presentado en Cuenca dicha programaci\u00f3n acompa\u00f1ado por<\/p>\n","protected":false},"author":1,"featured_media":59595,"comment_status":"open","ping_status":"closed","sticky":false,"template":"","format":"standard","meta":{"footnotes":""},"categories":[224],"tags":[],"class_list":{"0":"post-59594","1":"post","2":"type-post","3":"status-publish","4":"format-standard","5":"has-post-thumbnail","7":"category-noticias-actualidad"},"aioseo_notices":[],"aioseo_head":"\n\t\t<!-- All in One SEO Pro 4.9.6.1 - aioseo.com -->\n\t<meta name=\"description\" content=\"El Gobierno de Castilla-La Mancha ha dise\u00f1ado m\u00e1s de 40 actividades para conmemorar el IV Centenario del fallecimiento de Miguel de Cervantes. Este programa supone un esfuerzo complementario a la celebraci\u00f3n que se realizar\u00e1 con car\u00e1cter nacional. El vicepresidente del Ejecutivo regional, Jos\u00e9 Luis Mart\u00ednez Guijarro, que ha presentado en Cuenca dicha programaci\u00f3n acompa\u00f1ado por\" \/>\n\t<meta name=\"robots\" content=\"max-image-preview:large\" \/>\n\t<meta name=\"author\" content=\"admin\"\/>\n\t<meta name=\"google-site-verification\" content=\"UA-38556648-1\" \/>\n\t<meta name=\"keywords\" content=\"noticias y actualidad\" \/>\n\t<link rel=\"canonical\" href=\"https:\/\/eldigitaldeasturias.com\/magazine365\/40-actividades-para-conmemorar-el-iv-centenario-del-fallecimiento-de-miguel-de-cervantes\/\" \/>\n\t<meta name=\"generator\" content=\"All in One SEO Pro (AIOSEO) 4.9.6.1\" \/>\n\t\t<meta property=\"og:locale\" content=\"es_ES\" \/>\n\t\t<meta property=\"og:site_name\" content=\"El Digital de Asturias \u2013 Revista de ocio, turismo y estilo de vida\" \/>\n\t\t<meta property=\"og:type\" content=\"article\" \/>\n\t\t<meta property=\"og:title\" content=\"40 actividades para conmemorar el IV Centenario del fallecimiento de Miguel de Cervantes | El Digital de Asturias\" \/>\n\t\t<meta property=\"og:description\" content=\"El Gobierno de Castilla-La Mancha ha dise\u00f1ado m\u00e1s de 40 actividades para conmemorar el IV Centenario del fallecimiento de Miguel de Cervantes. Este programa supone un esfuerzo complementario a la celebraci\u00f3n que se realizar\u00e1 con car\u00e1cter nacional. El vicepresidente del Ejecutivo regional, Jos\u00e9 Luis Mart\u00ednez Guijarro, que ha presentado en Cuenca dicha programaci\u00f3n acompa\u00f1ado por\" \/>\n\t\t<meta property=\"og:url\" content=\"https:\/\/eldigitaldeasturias.com\/magazine365\/40-actividades-para-conmemorar-el-iv-centenario-del-fallecimiento-de-miguel-de-cervantes\/\" \/>\n\t\t<meta property=\"og:image\" content=\"https:\/\/eldigitaldeasturias.com\/magazine365\/wp-content\/uploads\/2015\/12\/fotonoticia_20151230165628_800.jpg\" \/>\n\t\t<meta property=\"og:image:secure_url\" content=\"https:\/\/eldigitaldeasturias.com\/magazine365\/wp-content\/uploads\/2015\/12\/fotonoticia_20151230165628_800.jpg\" \/>\n\t\t<meta property=\"og:image:width\" content=\"800\" \/>\n\t\t<meta property=\"og:image:height\" content=\"500\" \/>\n\t\t<meta property=\"article:published_time\" content=\"2015-12-31T22:46:24+00:00\" \/>\n\t\t<meta property=\"article:modified_time\" content=\"2015-12-31T22:46:24+00:00\" \/>\n\t\t<meta name=\"twitter:card\" content=\"summary_large_image\" \/>\n\t\t<meta name=\"twitter:title\" content=\"40 actividades para conmemorar el IV Centenario del fallecimiento de Miguel de Cervantes | El Digital de Asturias\" \/>\n\t\t<meta name=\"twitter:description\" content=\"El Gobierno de Castilla-La Mancha ha dise\u00f1ado m\u00e1s de 40 actividades para conmemorar el IV Centenario del fallecimiento de Miguel de Cervantes. Este programa supone un esfuerzo complementario a la celebraci\u00f3n que se realizar\u00e1 con car\u00e1cter nacional. El vicepresidente del Ejecutivo regional, Jos\u00e9 Luis Mart\u00ednez Guijarro, que ha presentado en Cuenca dicha programaci\u00f3n acompa\u00f1ado por\" \/>\n\t\t<meta name=\"twitter:image\" content=\"https:\/\/eldigitaldeasturias.com\/magazine365\/wp-content\/uploads\/2015\/12\/fotonoticia_20151230165628_800.jpg\" \/>\n\t\t<script type=\"application\/ld+json\" class=\"aioseo-schema\">\n\t\t\t{\"@context\":\"https:\\\/\\\/schema.org\",\"@graph\":[{\"@type\":\"Article\",\"@id\":\"https:\\\/\\\/eldigitaldeasturias.com\\\/magazine365\\\/40-actividades-para-conmemorar-el-iv-centenario-del-fallecimiento-de-miguel-de-cervantes\\\/#article\",\"name\":\"40 actividades para conmemorar el IV Centenario del fallecimiento de Miguel de Cervantes | El Digital de Asturias\",\"headline\":\"40 actividades para conmemorar el IV Centenario del fallecimiento de Miguel de Cervantes\",\"author\":{\"@id\":\"https:\\\/\\\/eldigitaldeasturias.com\\\/magazine365\\\/author\\\/admin\\\/#author\"},\"publisher\":{\"@id\":\"https:\\\/\\\/eldigitaldeasturias.com\\\/magazine365\\\/#organization\"},\"image\":{\"@type\":\"ImageObject\",\"url\":\"https:\\\/\\\/eldigitaldeasturias.com\\\/magazine365\\\/wp-content\\\/uploads\\\/2015\\\/12\\\/fotonoticia_20151230165628_800.jpg\",\"width\":800,\"height\":500},\"datePublished\":\"2015-12-31T23:46:24+01:00\",\"dateModified\":\"2015-12-31T23:46:24+01:00\",\"inLanguage\":\"es-ES\",\"mainEntityOfPage\":{\"@id\":\"https:\\\/\\\/eldigitaldeasturias.com\\\/magazine365\\\/40-actividades-para-conmemorar-el-iv-centenario-del-fallecimiento-de-miguel-de-cervantes\\\/#webpage\"},\"isPartOf\":{\"@id\":\"https:\\\/\\\/eldigitaldeasturias.com\\\/magazine365\\\/40-actividades-para-conmemorar-el-iv-centenario-del-fallecimiento-de-miguel-de-cervantes\\\/#webpage\"},\"articleSection\":\"Noticias y Actualidad\"},{\"@type\":\"BreadcrumbList\",\"@id\":\"https:\\\/\\\/eldigitaldeasturias.com\\\/magazine365\\\/40-actividades-para-conmemorar-el-iv-centenario-del-fallecimiento-de-miguel-de-cervantes\\\/#breadcrumblist\",\"itemListElement\":[{\"@type\":\"ListItem\",\"@id\":\"https:\\\/\\\/eldigitaldeasturias.com\\\/magazine365#listItem\",\"position\":1,\"name\":\"Home\",\"item\":\"https:\\\/\\\/eldigitaldeasturias.com\\\/magazine365\",\"nextItem\":{\"@type\":\"ListItem\",\"@id\":\"https:\\\/\\\/eldigitaldeasturias.com\\\/magazine365\\\/category\\\/noticias-actualidad\\\/#listItem\",\"name\":\"Noticias y Actualidad\"}},{\"@type\":\"ListItem\",\"@id\":\"https:\\\/\\\/eldigitaldeasturias.com\\\/magazine365\\\/category\\\/noticias-actualidad\\\/#listItem\",\"position\":2,\"name\":\"Noticias y Actualidad\",\"item\":\"https:\\\/\\\/eldigitaldeasturias.com\\\/magazine365\\\/category\\\/noticias-actualidad\\\/\",\"nextItem\":{\"@type\":\"ListItem\",\"@id\":\"https:\\\/\\\/eldigitaldeasturias.com\\\/magazine365\\\/40-actividades-para-conmemorar-el-iv-centenario-del-fallecimiento-de-miguel-de-cervantes\\\/#listItem\",\"name\":\"40 actividades para conmemorar el IV Centenario del fallecimiento de Miguel de Cervantes\"},\"previousItem\":{\"@type\":\"ListItem\",\"@id\":\"https:\\\/\\\/eldigitaldeasturias.com\\\/magazine365#listItem\",\"name\":\"Home\"}},{\"@type\":\"ListItem\",\"@id\":\"https:\\\/\\\/eldigitaldeasturias.com\\\/magazine365\\\/40-actividades-para-conmemorar-el-iv-centenario-del-fallecimiento-de-miguel-de-cervantes\\\/#listItem\",\"position\":3,\"name\":\"40 actividades para conmemorar el IV Centenario del fallecimiento de Miguel de Cervantes\",\"previousItem\":{\"@type\":\"ListItem\",\"@id\":\"https:\\\/\\\/eldigitaldeasturias.com\\\/magazine365\\\/category\\\/noticias-actualidad\\\/#listItem\",\"name\":\"Noticias y Actualidad\"}}]},{\"@type\":\"Organization\",\"@id\":\"https:\\\/\\\/eldigitaldeasturias.com\\\/magazine365\\\/#organization\",\"name\":\"El digital de Asturias\",\"description\":\"Revista de ocio, turismo y estilo de vida\",\"url\":\"https:\\\/\\\/eldigitaldeasturias.com\\\/magazine365\\\/\",\"logo\":{\"@type\":\"ImageObject\",\"url\":\"https:\\\/\\\/www.eldigitaldeasturias.com\\\/noticias\\\/wp-content\\\/uploads\\\/2020\\\/12\\\/EDA.jpg\",\"@id\":\"https:\\\/\\\/eldigitaldeasturias.com\\\/magazine365\\\/40-actividades-para-conmemorar-el-iv-centenario-del-fallecimiento-de-miguel-de-cervantes\\\/#organizationLogo\"},\"image\":{\"@id\":\"https:\\\/\\\/eldigitaldeasturias.com\\\/magazine365\\\/40-actividades-para-conmemorar-el-iv-centenario-del-fallecimiento-de-miguel-de-cervantes\\\/#organizationLogo\"}},{\"@type\":\"Person\",\"@id\":\"https:\\\/\\\/eldigitaldeasturias.com\\\/magazine365\\\/author\\\/admin\\\/#author\",\"url\":\"https:\\\/\\\/eldigitaldeasturias.com\\\/magazine365\\\/author\\\/admin\\\/\",\"name\":\"admin\",\"image\":{\"@type\":\"ImageObject\",\"@id\":\"https:\\\/\\\/eldigitaldeasturias.com\\\/magazine365\\\/40-actividades-para-conmemorar-el-iv-centenario-del-fallecimiento-de-miguel-de-cervantes\\\/#authorImage\",\"url\":\"https:\\\/\\\/eldigitaldeasturias.com\\\/magazine365\\\/wp-content\\\/litespeed\\\/avatar\\\/e571bcf59a0edd6fa6838245a470f2fe.jpg?ver=1777574230\",\"width\":96,\"height\":96,\"caption\":\"admin\"}},{\"@type\":\"WebPage\",\"@id\":\"https:\\\/\\\/eldigitaldeasturias.com\\\/magazine365\\\/40-actividades-para-conmemorar-el-iv-centenario-del-fallecimiento-de-miguel-de-cervantes\\\/#webpage\",\"url\":\"https:\\\/\\\/eldigitaldeasturias.com\\\/magazine365\\\/40-actividades-para-conmemorar-el-iv-centenario-del-fallecimiento-de-miguel-de-cervantes\\\/\",\"name\":\"40 actividades para conmemorar el IV Centenario del fallecimiento de Miguel de Cervantes | El Digital de Asturias\",\"description\":\"El Gobierno de Castilla-La Mancha ha dise\\u00f1ado m\\u00e1s de 40 actividades para conmemorar el IV Centenario del fallecimiento de Miguel de Cervantes. Este programa supone un esfuerzo complementario a la celebraci\\u00f3n que se realizar\\u00e1 con car\\u00e1cter nacional. El vicepresidente del Ejecutivo regional, Jos\\u00e9 Luis Mart\\u00ednez Guijarro, que ha presentado en Cuenca dicha programaci\\u00f3n acompa\\u00f1ado por\",\"inLanguage\":\"es-ES\",\"isPartOf\":{\"@id\":\"https:\\\/\\\/eldigitaldeasturias.com\\\/magazine365\\\/#website\"},\"breadcrumb\":{\"@id\":\"https:\\\/\\\/eldigitaldeasturias.com\\\/magazine365\\\/40-actividades-para-conmemorar-el-iv-centenario-del-fallecimiento-de-miguel-de-cervantes\\\/#breadcrumblist\"},\"author\":{\"@id\":\"https:\\\/\\\/eldigitaldeasturias.com\\\/magazine365\\\/author\\\/admin\\\/#author\"},\"creator\":{\"@id\":\"https:\\\/\\\/eldigitaldeasturias.com\\\/magazine365\\\/author\\\/admin\\\/#author\"},\"image\":{\"@type\":\"ImageObject\",\"url\":\"https:\\\/\\\/eldigitaldeasturias.com\\\/magazine365\\\/wp-content\\\/uploads\\\/2015\\\/12\\\/fotonoticia_20151230165628_800.jpg\",\"@id\":\"https:\\\/\\\/eldigitaldeasturias.com\\\/magazine365\\\/40-actividades-para-conmemorar-el-iv-centenario-del-fallecimiento-de-miguel-de-cervantes\\\/#mainImage\",\"width\":800,\"height\":500},\"primaryImageOfPage\":{\"@id\":\"https:\\\/\\\/eldigitaldeasturias.com\\\/magazine365\\\/40-actividades-para-conmemorar-el-iv-centenario-del-fallecimiento-de-miguel-de-cervantes\\\/#mainImage\"},\"datePublished\":\"2015-12-31T23:46:24+01:00\",\"dateModified\":\"2015-12-31T23:46:24+01:00\"},{\"@type\":\"WebSite\",\"@id\":\"https:\\\/\\\/eldigitaldeasturias.com\\\/magazine365\\\/#website\",\"url\":\"https:\\\/\\\/eldigitaldeasturias.com\\\/magazine365\\\/\",\"name\":\"El Digital de Asturias\",\"description\":\"Revista de ocio, turismo y estilo de vida\",\"inLanguage\":\"es-ES\",\"publisher\":{\"@id\":\"https:\\\/\\\/eldigitaldeasturias.com\\\/magazine365\\\/#organization\"}}]}\n\t\t<\/script>\n\t\t<!-- All in One SEO Pro -->\r\n\t\t<title>40 actividades para conmemorar el IV Centenario del fallecimiento de Miguel de Cervantes | El Digital de Asturias<\/title>\n\n","aioseo_head_json":{"title":"40 actividades para conmemorar el IV Centenario del fallecimiento de Miguel de Cervantes | El Digital de Asturias","description":"El Gobierno de Castilla-La Mancha ha dise\u00f1ado m\u00e1s de 40 actividades para conmemorar el IV Centenario del fallecimiento de Miguel de Cervantes. Este programa supone un esfuerzo complementario a la celebraci\u00f3n que se realizar\u00e1 con car\u00e1cter nacional. El vicepresidente del Ejecutivo regional, Jos\u00e9 Luis Mart\u00ednez Guijarro, que ha presentado en Cuenca dicha programaci\u00f3n acompa\u00f1ado por","canonical_url":"https:\/\/eldigitaldeasturias.com\/magazine365\/40-actividades-para-conmemorar-el-iv-centenario-del-fallecimiento-de-miguel-de-cervantes\/","robots":"max-image-preview:large","keywords":"noticias y actualidad","webmasterTools":{"google-site-verification":"UA-38556648-1","miscellaneous":""},"schema":{"@context":"https:\/\/schema.org","@graph":[{"@type":"Article","@id":"https:\/\/eldigitaldeasturias.com\/magazine365\/40-actividades-para-conmemorar-el-iv-centenario-del-fallecimiento-de-miguel-de-cervantes\/#article","name":"40 actividades para conmemorar el IV Centenario del fallecimiento de Miguel de Cervantes | El Digital de Asturias","headline":"40 actividades para conmemorar el IV Centenario del fallecimiento de Miguel de Cervantes","author":{"@id":"https:\/\/eldigitaldeasturias.com\/magazine365\/author\/admin\/#author"},"publisher":{"@id":"https:\/\/eldigitaldeasturias.com\/magazine365\/#organization"},"image":{"@type":"ImageObject","url":"https:\/\/eldigitaldeasturias.com\/magazine365\/wp-content\/uploads\/2015\/12\/fotonoticia_20151230165628_800.jpg","width":800,"height":500},"datePublished":"2015-12-31T23:46:24+01:00","dateModified":"2015-12-31T23:46:24+01:00","inLanguage":"es-ES","mainEntityOfPage":{"@id":"https:\/\/eldigitaldeasturias.com\/magazine365\/40-actividades-para-conmemorar-el-iv-centenario-del-fallecimiento-de-miguel-de-cervantes\/#webpage"},"isPartOf":{"@id":"https:\/\/eldigitaldeasturias.com\/magazine365\/40-actividades-para-conmemorar-el-iv-centenario-del-fallecimiento-de-miguel-de-cervantes\/#webpage"},"articleSection":"Noticias y Actualidad"},{"@type":"BreadcrumbList","@id":"https:\/\/eldigitaldeasturias.com\/magazine365\/40-actividades-para-conmemorar-el-iv-centenario-del-fallecimiento-de-miguel-de-cervantes\/#breadcrumblist","itemListElement":[{"@type":"ListItem","@id":"https:\/\/eldigitaldeasturias.com\/magazine365#listItem","position":1,"name":"Home","item":"https:\/\/eldigitaldeasturias.com\/magazine365","nextItem":{"@type":"ListItem","@id":"https:\/\/eldigitaldeasturias.com\/magazine365\/category\/noticias-actualidad\/#listItem","name":"Noticias y Actualidad"}},{"@type":"ListItem","@id":"https:\/\/eldigitaldeasturias.com\/magazine365\/category\/noticias-actualidad\/#listItem","position":2,"name":"Noticias y Actualidad","item":"https:\/\/eldigitaldeasturias.com\/magazine365\/category\/noticias-actualidad\/","nextItem":{"@type":"ListItem","@id":"https:\/\/eldigitaldeasturias.com\/magazine365\/40-actividades-para-conmemorar-el-iv-centenario-del-fallecimiento-de-miguel-de-cervantes\/#listItem","name":"40 actividades para conmemorar el IV Centenario del fallecimiento de Miguel de Cervantes"},"previousItem":{"@type":"ListItem","@id":"https:\/\/eldigitaldeasturias.com\/magazine365#listItem","name":"Home"}},{"@type":"ListItem","@id":"https:\/\/eldigitaldeasturias.com\/magazine365\/40-actividades-para-conmemorar-el-iv-centenario-del-fallecimiento-de-miguel-de-cervantes\/#listItem","position":3,"name":"40 actividades para conmemorar el IV Centenario del fallecimiento de Miguel de Cervantes","previousItem":{"@type":"ListItem","@id":"https:\/\/eldigitaldeasturias.com\/magazine365\/category\/noticias-actualidad\/#listItem","name":"Noticias y Actualidad"}}]},{"@type":"Organization","@id":"https:\/\/eldigitaldeasturias.com\/magazine365\/#organization","name":"El digital de Asturias","description":"Revista de ocio, turismo y estilo de vida","url":"https:\/\/eldigitaldeasturias.com\/magazine365\/","logo":{"@type":"ImageObject","url":"https:\/\/www.eldigitaldeasturias.com\/noticias\/wp-content\/uploads\/2020\/12\/EDA.jpg","@id":"https:\/\/eldigitaldeasturias.com\/magazine365\/40-actividades-para-conmemorar-el-iv-centenario-del-fallecimiento-de-miguel-de-cervantes\/#organizationLogo"},"image":{"@id":"https:\/\/eldigitaldeasturias.com\/magazine365\/40-actividades-para-conmemorar-el-iv-centenario-del-fallecimiento-de-miguel-de-cervantes\/#organizationLogo"}},{"@type":"Person","@id":"https:\/\/eldigitaldeasturias.com\/magazine365\/author\/admin\/#author","url":"https:\/\/eldigitaldeasturias.com\/magazine365\/author\/admin\/","name":"admin","image":{"@type":"ImageObject","@id":"https:\/\/eldigitaldeasturias.com\/magazine365\/40-actividades-para-conmemorar-el-iv-centenario-del-fallecimiento-de-miguel-de-cervantes\/#authorImage","url":"https:\/\/eldigitaldeasturias.com\/magazine365\/wp-content\/litespeed\/avatar\/e571bcf59a0edd6fa6838245a470f2fe.jpg?ver=1777574230","width":96,"height":96,"caption":"admin"}},{"@type":"WebPage","@id":"https:\/\/eldigitaldeasturias.com\/magazine365\/40-actividades-para-conmemorar-el-iv-centenario-del-fallecimiento-de-miguel-de-cervantes\/#webpage","url":"https:\/\/eldigitaldeasturias.com\/magazine365\/40-actividades-para-conmemorar-el-iv-centenario-del-fallecimiento-de-miguel-de-cervantes\/","name":"40 actividades para conmemorar el IV Centenario del fallecimiento de Miguel de Cervantes | El Digital de Asturias","description":"El Gobierno de Castilla-La Mancha ha dise\u00f1ado m\u00e1s de 40 actividades para conmemorar el IV Centenario del fallecimiento de Miguel de Cervantes. Este programa supone un esfuerzo complementario a la celebraci\u00f3n que se realizar\u00e1 con car\u00e1cter nacional. El vicepresidente del Ejecutivo regional, Jos\u00e9 Luis Mart\u00ednez Guijarro, que ha presentado en Cuenca dicha programaci\u00f3n acompa\u00f1ado por","inLanguage":"es-ES","isPartOf":{"@id":"https:\/\/eldigitaldeasturias.com\/magazine365\/#website"},"breadcrumb":{"@id":"https:\/\/eldigitaldeasturias.com\/magazine365\/40-actividades-para-conmemorar-el-iv-centenario-del-fallecimiento-de-miguel-de-cervantes\/#breadcrumblist"},"author":{"@id":"https:\/\/eldigitaldeasturias.com\/magazine365\/author\/admin\/#author"},"creator":{"@id":"https:\/\/eldigitaldeasturias.com\/magazine365\/author\/admin\/#author"},"image":{"@type":"ImageObject","url":"https:\/\/eldigitaldeasturias.com\/magazine365\/wp-content\/uploads\/2015\/12\/fotonoticia_20151230165628_800.jpg","@id":"https:\/\/eldigitaldeasturias.com\/magazine365\/40-actividades-para-conmemorar-el-iv-centenario-del-fallecimiento-de-miguel-de-cervantes\/#mainImage","width":800,"height":500},"primaryImageOfPage":{"@id":"https:\/\/eldigitaldeasturias.com\/magazine365\/40-actividades-para-conmemorar-el-iv-centenario-del-fallecimiento-de-miguel-de-cervantes\/#mainImage"},"datePublished":"2015-12-31T23:46:24+01:00","dateModified":"2015-12-31T23:46:24+01:00"},{"@type":"WebSite","@id":"https:\/\/eldigitaldeasturias.com\/magazine365\/#website","url":"https:\/\/eldigitaldeasturias.com\/magazine365\/","name":"El Digital de Asturias","description":"Revista de ocio, turismo y estilo de vida","inLanguage":"es-ES","publisher":{"@id":"https:\/\/eldigitaldeasturias.com\/magazine365\/#organization"}}]},"og:locale":"es_ES","og:site_name":"El Digital de Asturias \u2013 Revista de ocio, turismo y estilo de vida","og:type":"article","og:title":"40 actividades para conmemorar el IV Centenario del fallecimiento de Miguel de Cervantes | El Digital de Asturias","og:description":"El Gobierno de Castilla-La Mancha ha dise\u00f1ado m\u00e1s de 40 actividades para conmemorar el IV Centenario del fallecimiento de Miguel de Cervantes. Este programa supone un esfuerzo complementario a la celebraci\u00f3n que se realizar\u00e1 con car\u00e1cter nacional. El vicepresidente del Ejecutivo regional, Jos\u00e9 Luis Mart\u00ednez Guijarro, que ha presentado en Cuenca dicha programaci\u00f3n acompa\u00f1ado por","og:url":"https:\/\/eldigitaldeasturias.com\/magazine365\/40-actividades-para-conmemorar-el-iv-centenario-del-fallecimiento-de-miguel-de-cervantes\/","og:image":"https:\/\/eldigitaldeasturias.com\/magazine365\/wp-content\/uploads\/2015\/12\/fotonoticia_20151230165628_800.jpg","og:image:secure_url":"https:\/\/eldigitaldeasturias.com\/magazine365\/wp-content\/uploads\/2015\/12\/fotonoticia_20151230165628_800.jpg","og:image:width":800,"og:image:height":500,"article:published_time":"2015-12-31T22:46:24+00:00","article:modified_time":"2015-12-31T22:46:24+00:00","twitter:card":"summary_large_image","twitter:title":"40 actividades para conmemorar el IV Centenario del fallecimiento de Miguel de Cervantes | El Digital de Asturias","twitter:description":"El Gobierno de Castilla-La Mancha ha dise\u00f1ado m\u00e1s de 40 actividades para conmemorar el IV Centenario del fallecimiento de Miguel de Cervantes. Este programa supone un esfuerzo complementario a la celebraci\u00f3n que se realizar\u00e1 con car\u00e1cter nacional. El vicepresidente del Ejecutivo regional, Jos\u00e9 Luis Mart\u00ednez Guijarro, que ha presentado en Cuenca dicha programaci\u00f3n acompa\u00f1ado por","twitter:image":"https:\/\/eldigitaldeasturias.com\/magazine365\/wp-content\/uploads\/2015\/12\/fotonoticia_20151230165628_800.jpg"},"aioseo_meta_data":{"post_id":"59594","title":null,"description":null,"keywords":null,"keyphrases":null,"primary_term":null,"canonical_url":null,"og_title":null,"og_description":null,"og_object_type":"default","og_image_type":"default","og_image_url":null,"og_image_width":null,"og_image_height":null,"og_image_custom_url":null,"og_image_custom_fields":null,"og_video":null,"og_custom_url":null,"og_article_section":null,"og_article_tags":null,"twitter_use_og":false,"twitter_card":"default","twitter_image_type":"default","twitter_image_url":null,"twitter_image_custom_url":null,"twitter_image_custom_fields":null,"twitter_title":null,"twitter_description":null,"schema":{"blockGraphs":[],"customGraphs":[],"default":{"data":{"Article":[],"Course":[],"Dataset":[],"FAQPage":[],"Movie":[],"Person":[],"Product":[],"ProductReview":[],"Car":[],"Recipe":[],"Service":[],"SoftwareApplication":[],"WebPage":[]},"graphName":"","isEnabled":true},"graphs":[],"defaultGraph":"","defaultPostTypeGraph":""},"schema_type":null,"schema_type_options":null,"pillar_content":false,"robots_default":true,"robots_noindex":false,"robots_noarchive":false,"robots_nosnippet":false,"robots_nofollow":false,"robots_noimageindex":false,"robots_noodp":false,"robots_notranslate":false,"robots_max_snippet":null,"robots_max_videopreview":null,"robots_max_imagepreview":"large","priority":null,"frequency":null,"location":null,"local_seo":null,"seo_analyzer_scan_date":"2025-09-25 05:15:01","breadcrumb_settings":null,"limit_modified_date":false,"open_ai":null,"ai":null,"created":"2021-03-08 22:13:38","updated":"2025-09-25 05:15:01"},"aioseo_breadcrumb":"<div class=\"aioseo-breadcrumbs\"><span class=\"aioseo-breadcrumb\">\n\t<a href=\"https:\/\/eldigitaldeasturias.com\/magazine365\" title=\"Home\">Home<\/a>\n<\/span><span class=\"aioseo-breadcrumb-separator\">\u2013<\/span><span class=\"aioseo-breadcrumb\">\n\t<a href=\"https:\/\/eldigitaldeasturias.com\/magazine365\/category\/noticias-actualidad\/\" title=\"Noticias y Actualidad\">Noticias y Actualidad<\/a>\n<\/span><span class=\"aioseo-breadcrumb-separator\">\u2013<\/span><span class=\"aioseo-breadcrumb\">\n\t<a href=\"https:\/\/eldigitaldeasturias.com\/magazine365\/40-actividades-para-conmemorar-el-iv-centenario-del-fallecimiento-de-miguel-de-cervantes\/\" title=\"40 actividades para conmemorar el IV Centenario del fallecimiento de Miguel de Cervantes\">40 actividades para conmemorar el IV Centenario del fallecimiento de Miguel de Cervantes<\/a>\n<\/span><\/div>","aioseo_breadcrumb_json":[{"label":"Home","link":"https:\/\/eldigitaldeasturias.com\/magazine365"},{"label":"Noticias y Actualidad","link":"https:\/\/eldigitaldeasturias.com\/magazine365\/category\/noticias-actualidad\/"},{"label":"40 actividades para conmemorar el IV Centenario del fallecimiento de Miguel de Cervantes","link":"https:\/\/eldigitaldeasturias.com\/magazine365\/40-actividades-para-conmemorar-el-iv-centenario-del-fallecimiento-de-miguel-de-cervantes\/"}],"_links":{"self":[{"href":"https:\/\/eldigitaldeasturias.com\/magazine365\/wp-json\/wp\/v2\/posts\/59594","targetHints":{"allow":["GET"]}}],"collection":[{"href":"https:\/\/eldigitaldeasturias.com\/magazine365\/wp-json\/wp\/v2\/posts"}],"about":[{"href":"https:\/\/eldigitaldeasturias.com\/magazine365\/wp-json\/wp\/v2\/types\/post"}],"author":[{"embeddable":true,"href":"https:\/\/eldigitaldeasturias.com\/magazine365\/wp-json\/wp\/v2\/users\/1"}],"replies":[{"embeddable":true,"href":"https:\/\/eldigitaldeasturias.com\/magazine365\/wp-json\/wp\/v2\/comments?post=59594"}],"version-history":[{"count":0,"href":"https:\/\/eldigitaldeasturias.com\/magazine365\/wp-json\/wp\/v2\/posts\/59594\/revisions"}],"wp:featuredmedia":[{"embeddable":true,"href":"https:\/\/eldigitaldeasturias.com\/magazine365\/wp-json\/wp\/v2\/media\/59595"}],"wp:attachment":[{"href":"https:\/\/eldigitaldeasturias.com\/magazine365\/wp-json\/wp\/v2\/media?parent=59594"}],"wp:term":[{"taxonomy":"category","embeddable":true,"href":"https:\/\/eldigitaldeasturias.com\/magazine365\/wp-json\/wp\/v2\/categories?post=59594"},{"taxonomy":"post_tag","embeddable":true,"href":"https:\/\/eldigitaldeasturias.com\/magazine365\/wp-json\/wp\/v2\/tags?post=59594"}],"curies":[{"name":"wp","href":"https:\/\/api.w.org\/{rel}","templated":true}]}}