{"id":59585,"date":"2015-12-31T23:35:01","date_gmt":"2015-12-31T22:35:01","guid":{"rendered":"http:\/\/eldigitaldeasturias.com\/magazine365\/?p=59585"},"modified":"2015-12-31T23:35:01","modified_gmt":"2015-12-31T22:35:01","slug":"la-falta-de-nieve-y-el-buen-tiempo-dificultan-la-temporada-de-esqui-esta-navidad","status":"publish","type":"post","link":"https:\/\/eldigitaldeasturias.com\/magazine365\/la-falta-de-nieve-y-el-buen-tiempo-dificultan-la-temporada-de-esqui-esta-navidad\/","title":{"rendered":"La falta de nieve y el buen tiempo dificultan la temporada de esqu\u00ed esta Navidad"},"content":{"rendered":"<p><img fetchpriority=\"high\" decoding=\"async\" class=\"alignleft size-medium wp-image-59586\" src=\"https:\/\/eldigitaldeasturias.com\/magazine365\/wp-content\/uploads\/2015\/12\/fotonoticia_20151230155729_800-360x251.jpg\" alt=\"fotonoticia_20151230155729_800\" width=\"360\" height=\"251\" srcset=\"https:\/\/eldigitaldeasturias.com\/magazine365\/wp-content\/uploads\/2015\/12\/fotonoticia_20151230155729_800-360x251.jpg 360w, https:\/\/eldigitaldeasturias.com\/magazine365\/wp-content\/uploads\/2015\/12\/fotonoticia_20151230155729_800-650x453.jpg 650w, https:\/\/eldigitaldeasturias.com\/magazine365\/wp-content\/uploads\/2015\/12\/fotonoticia_20151230155729_800-768x536.jpg 768w, https:\/\/eldigitaldeasturias.com\/magazine365\/wp-content\/uploads\/2015\/12\/fotonoticia_20151230155729_800-150x105.jpg 150w, https:\/\/eldigitaldeasturias.com\/magazine365\/wp-content\/uploads\/2015\/12\/fotonoticia_20151230155729_800-450x314.jpg 450w, https:\/\/eldigitaldeasturias.com\/magazine365\/wp-content\/uploads\/2015\/12\/fotonoticia_20151230155729_800-100x70.jpg 100w, https:\/\/eldigitaldeasturias.com\/magazine365\/wp-content\/uploads\/2015\/12\/fotonoticia_20151230155729_800-696x485.jpg 696w, https:\/\/eldigitaldeasturias.com\/magazine365\/wp-content\/uploads\/2015\/12\/fotonoticia_20151230155729_800-602x420.jpg 602w, https:\/\/eldigitaldeasturias.com\/magazine365\/wp-content\/uploads\/2015\/12\/fotonoticia_20151230155729_800.jpg 800w\" sizes=\"(max-width: 360px) 100vw, 360px\" \/>La falta de nieve y el buen tiempo dificultan el comienzo de la temporada de esqu\u00ed, seg\u00fan se desprende del parte diario ofrecido por la Asociaci\u00f3n Tur\u00edstica de Estaciones de Monta\u00f1a y Esqu\u00ed (ATUDEM).<\/p>\n<p>Las regiones que permanecen cerradas en su totalidad se encuentran en la Cordillera Cant\u00e1brica, el Sistema Ib\u00e9rico y el Pirineo Navarro.<\/p>\n<p>En el Sistema Central solo permanece abierto Madrid Snowzone con un espesor de nieve en polvo de 30 cent\u00edmetros, estando cerradas las pistas de La Pinilla, La Covatilla, Navacerrada y Valdesqu\u00ed. En el Sistema Ib\u00e9rico permanece cerrada Valdezcaray.<\/p>\n<p>En Arag\u00f3n, la estaci\u00f3n de Formigal-Panticosa (Huesca)tiene en funcionamiento 20 de los 37 remontes disponibles y un m\u00e1ximo de 40 cent\u00edmetros de nieve en polvo dura. En Formigal se encuentran abiertas 38 pistas y tiene esquiables 40 kil\u00f3metros.<\/p>\n<p>Por su parte, la estaci\u00f3n de Candanch\u00fa (Huesca) permanece cerrada debido a la falta de nieve, al igual que Fanlo del Valle del V\u00edo (Huesca), Garbadito en Hecho (Huesca), La Pineta en Benasque (Huesca), Linza en Ans\u00f3 (Huesca), Javalambre en Camarena de la Sierra (Teruel). Tambi\u00e9n en Navarra permanece cerrado el Centro esqu\u00ed N\u00f3rdico Valle del Roncal.<\/p>\n<p>BAQUEIRA BERET CASI ABIERTA EN SU TOTALIDAD.<\/p>\n<p>En el Pirineo Catal\u00e1n destaca la estaci\u00f3n de Baqueira Beret (Lleida), abierta casi en su totalidad y con un m\u00e1ximo de 60 cent\u00edmetros de nieve, con 82 pistas y 120 kil\u00f3metros esquiables.<\/p>\n<p>Permanecen cerradas por falta de nieve las pistas catalanas de Lles (Lleida), Sant Joan de L&#8217;Erm (Lleida), Tuixent la Vansa (Lleida), Aransa en Lles de Cerdanya (Lleida), Tavasc\u00e1n (Lleida) y Guils Fontanera (Girona).<\/p>\n<p>La estaci\u00f3n de Sierra Nevada (Granada)tiene en funcionamiento ocho remontes de los 21 y tiene un m\u00e1ximo de 40 cent\u00edmetros de nieve en polvo. El Sistema Penib\u00e9tico tiene abiertas once pistas y solo son esquiables 6,15 kil\u00f3metros.<\/p>\n<p>Todas las estaciones del Pirineo andorrano permanecen abiertas, con Grandvalira a la cabeza por mayor n\u00famero de pistas abiertas.<\/p>\n","protected":false},"excerpt":{"rendered":"<p>La falta de nieve y el buen tiempo dificultan el comienzo de la temporada de esqu\u00ed, seg\u00fan se desprende del parte diario ofrecido por la Asociaci\u00f3n Tur\u00edstica de Estaciones de Monta\u00f1a y Esqu\u00ed (ATUDEM). Las regiones que permanecen cerradas en su totalidad se encuentran en la Cordillera Cant\u00e1brica, el Sistema Ib\u00e9rico y el Pirineo Navarro.<\/p>\n","protected":false},"author":1,"featured_media":59586,"comment_status":"open","ping_status":"closed","sticky":false,"template":"","format":"standard","meta":{"footnotes":""},"categories":[224],"tags":[],"class_list":{"0":"post-59585","1":"post","2":"type-post","3":"status-publish","4":"format-standard","5":"has-post-thumbnail","7":"category-noticias-actualidad"},"aioseo_notices":[],"aioseo_head":"\n\t\t<!-- All in One SEO Pro 4.9.6.1 - aioseo.com -->\n\t<meta name=\"description\" content=\"La falta de nieve y el buen tiempo dificultan el comienzo de la temporada de esqu\u00ed, seg\u00fan se desprende del parte diario ofrecido por la Asociaci\u00f3n Tur\u00edstica de Estaciones de Monta\u00f1a y Esqu\u00ed (ATUDEM). Las regiones que permanecen cerradas en su totalidad se encuentran en la Cordillera Cant\u00e1brica, el Sistema Ib\u00e9rico y el Pirineo Navarro.\" \/>\n\t<meta name=\"robots\" content=\"max-image-preview:large\" \/>\n\t<meta name=\"author\" content=\"admin\"\/>\n\t<meta name=\"google-site-verification\" content=\"UA-38556648-1\" \/>\n\t<meta name=\"keywords\" content=\"noticias y actualidad\" \/>\n\t<link rel=\"canonical\" href=\"https:\/\/eldigitaldeasturias.com\/magazine365\/la-falta-de-nieve-y-el-buen-tiempo-dificultan-la-temporada-de-esqui-esta-navidad\/\" \/>\n\t<meta name=\"generator\" content=\"All in One SEO Pro (AIOSEO) 4.9.6.1\" \/>\n\t\t<meta property=\"og:locale\" content=\"es_ES\" \/>\n\t\t<meta property=\"og:site_name\" content=\"El Digital de Asturias \u2013 Revista de ocio, turismo y estilo de vida\" \/>\n\t\t<meta property=\"og:type\" content=\"article\" \/>\n\t\t<meta property=\"og:title\" content=\"La falta de nieve y el buen tiempo dificultan la temporada de esqu\u00ed esta Navidad | El Digital de Asturias\" \/>\n\t\t<meta property=\"og:description\" content=\"La falta de nieve y el buen tiempo dificultan el comienzo de la temporada de esqu\u00ed, seg\u00fan se desprende del parte diario ofrecido por la Asociaci\u00f3n Tur\u00edstica de Estaciones de Monta\u00f1a y Esqu\u00ed (ATUDEM). Las regiones que permanecen cerradas en su totalidad se encuentran en la Cordillera Cant\u00e1brica, el Sistema Ib\u00e9rico y el Pirineo Navarro.\" \/>\n\t\t<meta property=\"og:url\" content=\"https:\/\/eldigitaldeasturias.com\/magazine365\/la-falta-de-nieve-y-el-buen-tiempo-dificultan-la-temporada-de-esqui-esta-navidad\/\" \/>\n\t\t<meta property=\"og:image\" content=\"https:\/\/eldigitaldeasturias.com\/magazine365\/wp-content\/uploads\/2015\/12\/fotonoticia_20151230155729_800.jpg\" \/>\n\t\t<meta property=\"og:image:secure_url\" content=\"https:\/\/eldigitaldeasturias.com\/magazine365\/wp-content\/uploads\/2015\/12\/fotonoticia_20151230155729_800.jpg\" \/>\n\t\t<meta property=\"og:image:width\" content=\"800\" \/>\n\t\t<meta property=\"og:image:height\" content=\"558\" \/>\n\t\t<meta property=\"article:published_time\" content=\"2015-12-31T22:35:01+00:00\" \/>\n\t\t<meta property=\"article:modified_time\" content=\"2015-12-31T22:35:01+00:00\" \/>\n\t\t<meta name=\"twitter:card\" content=\"summary_large_image\" \/>\n\t\t<meta name=\"twitter:title\" content=\"La falta de nieve y el buen tiempo dificultan la temporada de esqu\u00ed esta Navidad | El Digital de Asturias\" \/>\n\t\t<meta name=\"twitter:description\" content=\"La falta de nieve y el buen tiempo dificultan el comienzo de la temporada de esqu\u00ed, seg\u00fan se desprende del parte diario ofrecido por la Asociaci\u00f3n Tur\u00edstica de Estaciones de Monta\u00f1a y Esqu\u00ed (ATUDEM). Las regiones que permanecen cerradas en su totalidad se encuentran en la Cordillera Cant\u00e1brica, el Sistema Ib\u00e9rico y el Pirineo Navarro.\" \/>\n\t\t<meta name=\"twitter:image\" content=\"https:\/\/eldigitaldeasturias.com\/magazine365\/wp-content\/uploads\/2015\/12\/fotonoticia_20151230155729_800.jpg\" \/>\n\t\t<script type=\"application\/ld+json\" class=\"aioseo-schema\">\n\t\t\t{\"@context\":\"https:\\\/\\\/schema.org\",\"@graph\":[{\"@type\":\"Article\",\"@id\":\"https:\\\/\\\/eldigitaldeasturias.com\\\/magazine365\\\/la-falta-de-nieve-y-el-buen-tiempo-dificultan-la-temporada-de-esqui-esta-navidad\\\/#article\",\"name\":\"La falta de nieve y el buen tiempo dificultan la temporada de esqu\\u00ed esta Navidad | El Digital de Asturias\",\"headline\":\"La falta de nieve y el buen tiempo dificultan la temporada de esqu\\u00ed esta Navidad\",\"author\":{\"@id\":\"https:\\\/\\\/eldigitaldeasturias.com\\\/magazine365\\\/author\\\/admin\\\/#author\"},\"publisher\":{\"@id\":\"https:\\\/\\\/eldigitaldeasturias.com\\\/magazine365\\\/#organization\"},\"image\":{\"@type\":\"ImageObject\",\"url\":\"https:\\\/\\\/eldigitaldeasturias.com\\\/magazine365\\\/wp-content\\\/uploads\\\/2015\\\/12\\\/fotonoticia_20151230155729_800.jpg\",\"width\":800,\"height\":558},\"datePublished\":\"2015-12-31T23:35:01+01:00\",\"dateModified\":\"2015-12-31T23:35:01+01:00\",\"inLanguage\":\"es-ES\",\"mainEntityOfPage\":{\"@id\":\"https:\\\/\\\/eldigitaldeasturias.com\\\/magazine365\\\/la-falta-de-nieve-y-el-buen-tiempo-dificultan-la-temporada-de-esqui-esta-navidad\\\/#webpage\"},\"isPartOf\":{\"@id\":\"https:\\\/\\\/eldigitaldeasturias.com\\\/magazine365\\\/la-falta-de-nieve-y-el-buen-tiempo-dificultan-la-temporada-de-esqui-esta-navidad\\\/#webpage\"},\"articleSection\":\"Noticias y Actualidad\"},{\"@type\":\"BreadcrumbList\",\"@id\":\"https:\\\/\\\/eldigitaldeasturias.com\\\/magazine365\\\/la-falta-de-nieve-y-el-buen-tiempo-dificultan-la-temporada-de-esqui-esta-navidad\\\/#breadcrumblist\",\"itemListElement\":[{\"@type\":\"ListItem\",\"@id\":\"https:\\\/\\\/eldigitaldeasturias.com\\\/magazine365#listItem\",\"position\":1,\"name\":\"Home\",\"item\":\"https:\\\/\\\/eldigitaldeasturias.com\\\/magazine365\",\"nextItem\":{\"@type\":\"ListItem\",\"@id\":\"https:\\\/\\\/eldigitaldeasturias.com\\\/magazine365\\\/category\\\/noticias-actualidad\\\/#listItem\",\"name\":\"Noticias y Actualidad\"}},{\"@type\":\"ListItem\",\"@id\":\"https:\\\/\\\/eldigitaldeasturias.com\\\/magazine365\\\/category\\\/noticias-actualidad\\\/#listItem\",\"position\":2,\"name\":\"Noticias y Actualidad\",\"item\":\"https:\\\/\\\/eldigitaldeasturias.com\\\/magazine365\\\/category\\\/noticias-actualidad\\\/\",\"nextItem\":{\"@type\":\"ListItem\",\"@id\":\"https:\\\/\\\/eldigitaldeasturias.com\\\/magazine365\\\/la-falta-de-nieve-y-el-buen-tiempo-dificultan-la-temporada-de-esqui-esta-navidad\\\/#listItem\",\"name\":\"La falta de nieve y el buen tiempo dificultan la temporada de esqu\\u00ed esta Navidad\"},\"previousItem\":{\"@type\":\"ListItem\",\"@id\":\"https:\\\/\\\/eldigitaldeasturias.com\\\/magazine365#listItem\",\"name\":\"Home\"}},{\"@type\":\"ListItem\",\"@id\":\"https:\\\/\\\/eldigitaldeasturias.com\\\/magazine365\\\/la-falta-de-nieve-y-el-buen-tiempo-dificultan-la-temporada-de-esqui-esta-navidad\\\/#listItem\",\"position\":3,\"name\":\"La falta de nieve y el buen tiempo dificultan la temporada de esqu\\u00ed esta Navidad\",\"previousItem\":{\"@type\":\"ListItem\",\"@id\":\"https:\\\/\\\/eldigitaldeasturias.com\\\/magazine365\\\/category\\\/noticias-actualidad\\\/#listItem\",\"name\":\"Noticias y Actualidad\"}}]},{\"@type\":\"Organization\",\"@id\":\"https:\\\/\\\/eldigitaldeasturias.com\\\/magazine365\\\/#organization\",\"name\":\"El digital de Asturias\",\"description\":\"Revista de ocio, turismo y estilo de vida\",\"url\":\"https:\\\/\\\/eldigitaldeasturias.com\\\/magazine365\\\/\",\"logo\":{\"@type\":\"ImageObject\",\"url\":\"https:\\\/\\\/www.eldigitaldeasturias.com\\\/noticias\\\/wp-content\\\/uploads\\\/2020\\\/12\\\/EDA.jpg\",\"@id\":\"https:\\\/\\\/eldigitaldeasturias.com\\\/magazine365\\\/la-falta-de-nieve-y-el-buen-tiempo-dificultan-la-temporada-de-esqui-esta-navidad\\\/#organizationLogo\"},\"image\":{\"@id\":\"https:\\\/\\\/eldigitaldeasturias.com\\\/magazine365\\\/la-falta-de-nieve-y-el-buen-tiempo-dificultan-la-temporada-de-esqui-esta-navidad\\\/#organizationLogo\"}},{\"@type\":\"Person\",\"@id\":\"https:\\\/\\\/eldigitaldeasturias.com\\\/magazine365\\\/author\\\/admin\\\/#author\",\"url\":\"https:\\\/\\\/eldigitaldeasturias.com\\\/magazine365\\\/author\\\/admin\\\/\",\"name\":\"admin\",\"image\":{\"@type\":\"ImageObject\",\"@id\":\"https:\\\/\\\/eldigitaldeasturias.com\\\/magazine365\\\/la-falta-de-nieve-y-el-buen-tiempo-dificultan-la-temporada-de-esqui-esta-navidad\\\/#authorImage\",\"url\":\"https:\\\/\\\/eldigitaldeasturias.com\\\/magazine365\\\/wp-content\\\/litespeed\\\/avatar\\\/e571bcf59a0edd6fa6838245a470f2fe.jpg?ver=1777574230\",\"width\":96,\"height\":96,\"caption\":\"admin\"}},{\"@type\":\"WebPage\",\"@id\":\"https:\\\/\\\/eldigitaldeasturias.com\\\/magazine365\\\/la-falta-de-nieve-y-el-buen-tiempo-dificultan-la-temporada-de-esqui-esta-navidad\\\/#webpage\",\"url\":\"https:\\\/\\\/eldigitaldeasturias.com\\\/magazine365\\\/la-falta-de-nieve-y-el-buen-tiempo-dificultan-la-temporada-de-esqui-esta-navidad\\\/\",\"name\":\"La falta de nieve y el buen tiempo dificultan la temporada de esqu\\u00ed esta Navidad | El Digital de Asturias\",\"description\":\"La falta de nieve y el buen tiempo dificultan el comienzo de la temporada de esqu\\u00ed, seg\\u00fan se desprende del parte diario ofrecido por la Asociaci\\u00f3n Tur\\u00edstica de Estaciones de Monta\\u00f1a y Esqu\\u00ed (ATUDEM). Las regiones que permanecen cerradas en su totalidad se encuentran en la Cordillera Cant\\u00e1brica, el Sistema Ib\\u00e9rico y el Pirineo Navarro.\",\"inLanguage\":\"es-ES\",\"isPartOf\":{\"@id\":\"https:\\\/\\\/eldigitaldeasturias.com\\\/magazine365\\\/#website\"},\"breadcrumb\":{\"@id\":\"https:\\\/\\\/eldigitaldeasturias.com\\\/magazine365\\\/la-falta-de-nieve-y-el-buen-tiempo-dificultan-la-temporada-de-esqui-esta-navidad\\\/#breadcrumblist\"},\"author\":{\"@id\":\"https:\\\/\\\/eldigitaldeasturias.com\\\/magazine365\\\/author\\\/admin\\\/#author\"},\"creator\":{\"@id\":\"https:\\\/\\\/eldigitaldeasturias.com\\\/magazine365\\\/author\\\/admin\\\/#author\"},\"image\":{\"@type\":\"ImageObject\",\"url\":\"https:\\\/\\\/eldigitaldeasturias.com\\\/magazine365\\\/wp-content\\\/uploads\\\/2015\\\/12\\\/fotonoticia_20151230155729_800.jpg\",\"@id\":\"https:\\\/\\\/eldigitaldeasturias.com\\\/magazine365\\\/la-falta-de-nieve-y-el-buen-tiempo-dificultan-la-temporada-de-esqui-esta-navidad\\\/#mainImage\",\"width\":800,\"height\":558},\"primaryImageOfPage\":{\"@id\":\"https:\\\/\\\/eldigitaldeasturias.com\\\/magazine365\\\/la-falta-de-nieve-y-el-buen-tiempo-dificultan-la-temporada-de-esqui-esta-navidad\\\/#mainImage\"},\"datePublished\":\"2015-12-31T23:35:01+01:00\",\"dateModified\":\"2015-12-31T23:35:01+01:00\"},{\"@type\":\"WebSite\",\"@id\":\"https:\\\/\\\/eldigitaldeasturias.com\\\/magazine365\\\/#website\",\"url\":\"https:\\\/\\\/eldigitaldeasturias.com\\\/magazine365\\\/\",\"name\":\"El Digital de Asturias\",\"description\":\"Revista de ocio, turismo y estilo de vida\",\"inLanguage\":\"es-ES\",\"publisher\":{\"@id\":\"https:\\\/\\\/eldigitaldeasturias.com\\\/magazine365\\\/#organization\"}}]}\n\t\t<\/script>\n\t\t<!-- All in One SEO Pro -->\r\n\t\t<title>La falta de nieve y el buen tiempo dificultan la temporada de esqu\u00ed esta Navidad | El Digital de Asturias<\/title>\n\n","aioseo_head_json":{"title":"La falta de nieve y el buen tiempo dificultan la temporada de esqu\u00ed esta Navidad | El Digital de Asturias","description":"La falta de nieve y el buen tiempo dificultan el comienzo de la temporada de esqu\u00ed, seg\u00fan se desprende del parte diario ofrecido por la Asociaci\u00f3n Tur\u00edstica de Estaciones de Monta\u00f1a y Esqu\u00ed (ATUDEM). Las regiones que permanecen cerradas en su totalidad se encuentran en la Cordillera Cant\u00e1brica, el Sistema Ib\u00e9rico y el Pirineo Navarro.","canonical_url":"https:\/\/eldigitaldeasturias.com\/magazine365\/la-falta-de-nieve-y-el-buen-tiempo-dificultan-la-temporada-de-esqui-esta-navidad\/","robots":"max-image-preview:large","keywords":"noticias y actualidad","webmasterTools":{"google-site-verification":"UA-38556648-1","miscellaneous":""},"schema":{"@context":"https:\/\/schema.org","@graph":[{"@type":"Article","@id":"https:\/\/eldigitaldeasturias.com\/magazine365\/la-falta-de-nieve-y-el-buen-tiempo-dificultan-la-temporada-de-esqui-esta-navidad\/#article","name":"La falta de nieve y el buen tiempo dificultan la temporada de esqu\u00ed esta Navidad | El Digital de Asturias","headline":"La falta de nieve y el buen tiempo dificultan la temporada de esqu\u00ed esta Navidad","author":{"@id":"https:\/\/eldigitaldeasturias.com\/magazine365\/author\/admin\/#author"},"publisher":{"@id":"https:\/\/eldigitaldeasturias.com\/magazine365\/#organization"},"image":{"@type":"ImageObject","url":"https:\/\/eldigitaldeasturias.com\/magazine365\/wp-content\/uploads\/2015\/12\/fotonoticia_20151230155729_800.jpg","width":800,"height":558},"datePublished":"2015-12-31T23:35:01+01:00","dateModified":"2015-12-31T23:35:01+01:00","inLanguage":"es-ES","mainEntityOfPage":{"@id":"https:\/\/eldigitaldeasturias.com\/magazine365\/la-falta-de-nieve-y-el-buen-tiempo-dificultan-la-temporada-de-esqui-esta-navidad\/#webpage"},"isPartOf":{"@id":"https:\/\/eldigitaldeasturias.com\/magazine365\/la-falta-de-nieve-y-el-buen-tiempo-dificultan-la-temporada-de-esqui-esta-navidad\/#webpage"},"articleSection":"Noticias y Actualidad"},{"@type":"BreadcrumbList","@id":"https:\/\/eldigitaldeasturias.com\/magazine365\/la-falta-de-nieve-y-el-buen-tiempo-dificultan-la-temporada-de-esqui-esta-navidad\/#breadcrumblist","itemListElement":[{"@type":"ListItem","@id":"https:\/\/eldigitaldeasturias.com\/magazine365#listItem","position":1,"name":"Home","item":"https:\/\/eldigitaldeasturias.com\/magazine365","nextItem":{"@type":"ListItem","@id":"https:\/\/eldigitaldeasturias.com\/magazine365\/category\/noticias-actualidad\/#listItem","name":"Noticias y Actualidad"}},{"@type":"ListItem","@id":"https:\/\/eldigitaldeasturias.com\/magazine365\/category\/noticias-actualidad\/#listItem","position":2,"name":"Noticias y Actualidad","item":"https:\/\/eldigitaldeasturias.com\/magazine365\/category\/noticias-actualidad\/","nextItem":{"@type":"ListItem","@id":"https:\/\/eldigitaldeasturias.com\/magazine365\/la-falta-de-nieve-y-el-buen-tiempo-dificultan-la-temporada-de-esqui-esta-navidad\/#listItem","name":"La falta de nieve y el buen tiempo dificultan la temporada de esqu\u00ed esta Navidad"},"previousItem":{"@type":"ListItem","@id":"https:\/\/eldigitaldeasturias.com\/magazine365#listItem","name":"Home"}},{"@type":"ListItem","@id":"https:\/\/eldigitaldeasturias.com\/magazine365\/la-falta-de-nieve-y-el-buen-tiempo-dificultan-la-temporada-de-esqui-esta-navidad\/#listItem","position":3,"name":"La falta de nieve y el buen tiempo dificultan la temporada de esqu\u00ed esta Navidad","previousItem":{"@type":"ListItem","@id":"https:\/\/eldigitaldeasturias.com\/magazine365\/category\/noticias-actualidad\/#listItem","name":"Noticias y Actualidad"}}]},{"@type":"Organization","@id":"https:\/\/eldigitaldeasturias.com\/magazine365\/#organization","name":"El digital de Asturias","description":"Revista de ocio, turismo y estilo de vida","url":"https:\/\/eldigitaldeasturias.com\/magazine365\/","logo":{"@type":"ImageObject","url":"https:\/\/www.eldigitaldeasturias.com\/noticias\/wp-content\/uploads\/2020\/12\/EDA.jpg","@id":"https:\/\/eldigitaldeasturias.com\/magazine365\/la-falta-de-nieve-y-el-buen-tiempo-dificultan-la-temporada-de-esqui-esta-navidad\/#organizationLogo"},"image":{"@id":"https:\/\/eldigitaldeasturias.com\/magazine365\/la-falta-de-nieve-y-el-buen-tiempo-dificultan-la-temporada-de-esqui-esta-navidad\/#organizationLogo"}},{"@type":"Person","@id":"https:\/\/eldigitaldeasturias.com\/magazine365\/author\/admin\/#author","url":"https:\/\/eldigitaldeasturias.com\/magazine365\/author\/admin\/","name":"admin","image":{"@type":"ImageObject","@id":"https:\/\/eldigitaldeasturias.com\/magazine365\/la-falta-de-nieve-y-el-buen-tiempo-dificultan-la-temporada-de-esqui-esta-navidad\/#authorImage","url":"https:\/\/eldigitaldeasturias.com\/magazine365\/wp-content\/litespeed\/avatar\/e571bcf59a0edd6fa6838245a470f2fe.jpg?ver=1777574230","width":96,"height":96,"caption":"admin"}},{"@type":"WebPage","@id":"https:\/\/eldigitaldeasturias.com\/magazine365\/la-falta-de-nieve-y-el-buen-tiempo-dificultan-la-temporada-de-esqui-esta-navidad\/#webpage","url":"https:\/\/eldigitaldeasturias.com\/magazine365\/la-falta-de-nieve-y-el-buen-tiempo-dificultan-la-temporada-de-esqui-esta-navidad\/","name":"La falta de nieve y el buen tiempo dificultan la temporada de esqu\u00ed esta Navidad | El Digital de Asturias","description":"La falta de nieve y el buen tiempo dificultan el comienzo de la temporada de esqu\u00ed, seg\u00fan se desprende del parte diario ofrecido por la Asociaci\u00f3n Tur\u00edstica de Estaciones de Monta\u00f1a y Esqu\u00ed (ATUDEM). Las regiones que permanecen cerradas en su totalidad se encuentran en la Cordillera Cant\u00e1brica, el Sistema Ib\u00e9rico y el Pirineo Navarro.","inLanguage":"es-ES","isPartOf":{"@id":"https:\/\/eldigitaldeasturias.com\/magazine365\/#website"},"breadcrumb":{"@id":"https:\/\/eldigitaldeasturias.com\/magazine365\/la-falta-de-nieve-y-el-buen-tiempo-dificultan-la-temporada-de-esqui-esta-navidad\/#breadcrumblist"},"author":{"@id":"https:\/\/eldigitaldeasturias.com\/magazine365\/author\/admin\/#author"},"creator":{"@id":"https:\/\/eldigitaldeasturias.com\/magazine365\/author\/admin\/#author"},"image":{"@type":"ImageObject","url":"https:\/\/eldigitaldeasturias.com\/magazine365\/wp-content\/uploads\/2015\/12\/fotonoticia_20151230155729_800.jpg","@id":"https:\/\/eldigitaldeasturias.com\/magazine365\/la-falta-de-nieve-y-el-buen-tiempo-dificultan-la-temporada-de-esqui-esta-navidad\/#mainImage","width":800,"height":558},"primaryImageOfPage":{"@id":"https:\/\/eldigitaldeasturias.com\/magazine365\/la-falta-de-nieve-y-el-buen-tiempo-dificultan-la-temporada-de-esqui-esta-navidad\/#mainImage"},"datePublished":"2015-12-31T23:35:01+01:00","dateModified":"2015-12-31T23:35:01+01:00"},{"@type":"WebSite","@id":"https:\/\/eldigitaldeasturias.com\/magazine365\/#website","url":"https:\/\/eldigitaldeasturias.com\/magazine365\/","name":"El Digital de Asturias","description":"Revista de ocio, turismo y estilo de vida","inLanguage":"es-ES","publisher":{"@id":"https:\/\/eldigitaldeasturias.com\/magazine365\/#organization"}}]},"og:locale":"es_ES","og:site_name":"El Digital de Asturias \u2013 Revista de ocio, turismo y estilo de vida","og:type":"article","og:title":"La falta de nieve y el buen tiempo dificultan la temporada de esqu\u00ed esta Navidad | El Digital de Asturias","og:description":"La falta de nieve y el buen tiempo dificultan el comienzo de la temporada de esqu\u00ed, seg\u00fan se desprende del parte diario ofrecido por la Asociaci\u00f3n Tur\u00edstica de Estaciones de Monta\u00f1a y Esqu\u00ed (ATUDEM). Las regiones que permanecen cerradas en su totalidad se encuentran en la Cordillera Cant\u00e1brica, el Sistema Ib\u00e9rico y el Pirineo Navarro.","og:url":"https:\/\/eldigitaldeasturias.com\/magazine365\/la-falta-de-nieve-y-el-buen-tiempo-dificultan-la-temporada-de-esqui-esta-navidad\/","og:image":"https:\/\/eldigitaldeasturias.com\/magazine365\/wp-content\/uploads\/2015\/12\/fotonoticia_20151230155729_800.jpg","og:image:secure_url":"https:\/\/eldigitaldeasturias.com\/magazine365\/wp-content\/uploads\/2015\/12\/fotonoticia_20151230155729_800.jpg","og:image:width":800,"og:image:height":558,"article:published_time":"2015-12-31T22:35:01+00:00","article:modified_time":"2015-12-31T22:35:01+00:00","twitter:card":"summary_large_image","twitter:title":"La falta de nieve y el buen tiempo dificultan la temporada de esqu\u00ed esta Navidad | El Digital de Asturias","twitter:description":"La falta de nieve y el buen tiempo dificultan el comienzo de la temporada de esqu\u00ed, seg\u00fan se desprende del parte diario ofrecido por la Asociaci\u00f3n Tur\u00edstica de Estaciones de Monta\u00f1a y Esqu\u00ed (ATUDEM). Las regiones que permanecen cerradas en su totalidad se encuentran en la Cordillera Cant\u00e1brica, el Sistema Ib\u00e9rico y el Pirineo Navarro.","twitter:image":"https:\/\/eldigitaldeasturias.com\/magazine365\/wp-content\/uploads\/2015\/12\/fotonoticia_20151230155729_800.jpg"},"aioseo_meta_data":{"post_id":"59585","title":null,"description":null,"keywords":null,"keyphrases":null,"primary_term":null,"canonical_url":null,"og_title":null,"og_description":null,"og_object_type":"default","og_image_type":"default","og_image_url":null,"og_image_width":null,"og_image_height":null,"og_image_custom_url":null,"og_image_custom_fields":null,"og_video":null,"og_custom_url":null,"og_article_section":null,"og_article_tags":null,"twitter_use_og":false,"twitter_card":"default","twitter_image_type":"default","twitter_image_url":null,"twitter_image_custom_url":null,"twitter_image_custom_fields":null,"twitter_title":null,"twitter_description":null,"schema":{"blockGraphs":[],"customGraphs":[],"default":{"data":{"Article":[],"Course":[],"Dataset":[],"FAQPage":[],"Movie":[],"Person":[],"Product":[],"ProductReview":[],"Car":[],"Recipe":[],"Service":[],"SoftwareApplication":[],"WebPage":[]},"graphName":"","isEnabled":true},"graphs":[],"defaultGraph":"","defaultPostTypeGraph":""},"schema_type":null,"schema_type_options":null,"pillar_content":false,"robots_default":true,"robots_noindex":false,"robots_noarchive":false,"robots_nosnippet":false,"robots_nofollow":false,"robots_noimageindex":false,"robots_noodp":false,"robots_notranslate":false,"robots_max_snippet":null,"robots_max_videopreview":null,"robots_max_imagepreview":"large","priority":null,"frequency":null,"location":null,"local_seo":null,"seo_analyzer_scan_date":"2025-09-25 05:13:13","breadcrumb_settings":null,"limit_modified_date":false,"open_ai":null,"ai":null,"created":"2021-03-08 22:13:38","updated":"2025-09-25 05:13:13"},"aioseo_breadcrumb":"<div class=\"aioseo-breadcrumbs\"><span class=\"aioseo-breadcrumb\">\n\t<a href=\"https:\/\/eldigitaldeasturias.com\/magazine365\" title=\"Home\">Home<\/a>\n<\/span><span class=\"aioseo-breadcrumb-separator\">\u2013<\/span><span class=\"aioseo-breadcrumb\">\n\t<a href=\"https:\/\/eldigitaldeasturias.com\/magazine365\/category\/noticias-actualidad\/\" title=\"Noticias y Actualidad\">Noticias y Actualidad<\/a>\n<\/span><span class=\"aioseo-breadcrumb-separator\">\u2013<\/span><span class=\"aioseo-breadcrumb\">\n\t<a href=\"https:\/\/eldigitaldeasturias.com\/magazine365\/la-falta-de-nieve-y-el-buen-tiempo-dificultan-la-temporada-de-esqui-esta-navidad\/\" title=\"La falta de nieve y el buen tiempo dificultan la temporada de esqu\u00ed esta Navidad\">La falta de nieve y el buen tiempo dificultan la temporada de esqu\u00ed esta Navidad<\/a>\n<\/span><\/div>","aioseo_breadcrumb_json":[{"label":"Home","link":"https:\/\/eldigitaldeasturias.com\/magazine365"},{"label":"Noticias y Actualidad","link":"https:\/\/eldigitaldeasturias.com\/magazine365\/category\/noticias-actualidad\/"},{"label":"La falta de nieve y el buen tiempo dificultan la temporada de esqu\u00ed esta Navidad","link":"https:\/\/eldigitaldeasturias.com\/magazine365\/la-falta-de-nieve-y-el-buen-tiempo-dificultan-la-temporada-de-esqui-esta-navidad\/"}],"_links":{"self":[{"href":"https:\/\/eldigitaldeasturias.com\/magazine365\/wp-json\/wp\/v2\/posts\/59585","targetHints":{"allow":["GET"]}}],"collection":[{"href":"https:\/\/eldigitaldeasturias.com\/magazine365\/wp-json\/wp\/v2\/posts"}],"about":[{"href":"https:\/\/eldigitaldeasturias.com\/magazine365\/wp-json\/wp\/v2\/types\/post"}],"author":[{"embeddable":true,"href":"https:\/\/eldigitaldeasturias.com\/magazine365\/wp-json\/wp\/v2\/users\/1"}],"replies":[{"embeddable":true,"href":"https:\/\/eldigitaldeasturias.com\/magazine365\/wp-json\/wp\/v2\/comments?post=59585"}],"version-history":[{"count":0,"href":"https:\/\/eldigitaldeasturias.com\/magazine365\/wp-json\/wp\/v2\/posts\/59585\/revisions"}],"wp:featuredmedia":[{"embeddable":true,"href":"https:\/\/eldigitaldeasturias.com\/magazine365\/wp-json\/wp\/v2\/media\/59586"}],"wp:attachment":[{"href":"https:\/\/eldigitaldeasturias.com\/magazine365\/wp-json\/wp\/v2\/media?parent=59585"}],"wp:term":[{"taxonomy":"category","embeddable":true,"href":"https:\/\/eldigitaldeasturias.com\/magazine365\/wp-json\/wp\/v2\/categories?post=59585"},{"taxonomy":"post_tag","embeddable":true,"href":"https:\/\/eldigitaldeasturias.com\/magazine365\/wp-json\/wp\/v2\/tags?post=59585"}],"curies":[{"name":"wp","href":"https:\/\/api.w.org\/{rel}","templated":true}]}}