{"id":59574,"date":"2015-12-31T19:32:56","date_gmt":"2015-12-31T18:32:56","guid":{"rendered":"http:\/\/eldigitaldeasturias.com\/magazine365\/?p=59574"},"modified":"2015-12-31T19:32:56","modified_gmt":"2015-12-31T18:32:56","slug":"la-division-de-viajes-del-grupo-barcelo-compra-special-tours","status":"publish","type":"post","link":"https:\/\/eldigitaldeasturias.com\/magazine365\/la-division-de-viajes-del-grupo-barcelo-compra-special-tours\/","title":{"rendered":"La divisi\u00f3n de viajes del Grupo Barcel\u00f3 compra Special Tours"},"content":{"rendered":"<p><img fetchpriority=\"high\" decoding=\"async\" class=\"alignleft size-medium wp-image-59575\" src=\"https:\/\/eldigitaldeasturias.com\/magazine365\/wp-content\/uploads\/2015\/12\/fotonoticia_20151230141233_800-360x242.jpg\" alt=\"fotonoticia_20151230141233_800\" width=\"360\" height=\"242\" srcset=\"https:\/\/eldigitaldeasturias.com\/magazine365\/wp-content\/uploads\/2015\/12\/fotonoticia_20151230141233_800-360x242.jpg 360w, https:\/\/eldigitaldeasturias.com\/magazine365\/wp-content\/uploads\/2015\/12\/fotonoticia_20151230141233_800-650x436.jpg 650w, https:\/\/eldigitaldeasturias.com\/magazine365\/wp-content\/uploads\/2015\/12\/fotonoticia_20151230141233_800-768x516.jpg 768w, https:\/\/eldigitaldeasturias.com\/magazine365\/wp-content\/uploads\/2015\/12\/fotonoticia_20151230141233_800-150x101.jpg 150w, https:\/\/eldigitaldeasturias.com\/magazine365\/wp-content\/uploads\/2015\/12\/fotonoticia_20151230141233_800-450x302.jpg 450w, https:\/\/eldigitaldeasturias.com\/magazine365\/wp-content\/uploads\/2015\/12\/fotonoticia_20151230141233_800-696x467.jpg 696w, https:\/\/eldigitaldeasturias.com\/magazine365\/wp-content\/uploads\/2015\/12\/fotonoticia_20151230141233_800-626x420.jpg 626w, https:\/\/eldigitaldeasturias.com\/magazine365\/wp-content\/uploads\/2015\/12\/fotonoticia_20151230141233_800.jpg 800w\" sizes=\"(max-width: 360px) 100vw, 360px\" \/>La divisi\u00f3n de viajes del Grupo Barcel\u00f3 ha anunciado la compra de Special Tours, especializada en circuitos tur\u00edsticos y quinta mayorista de Espa\u00f1a, que se integrar\u00e1 en el grupo mallorqu\u00edn con la totalidad de su plantilla y manteniendo su operativa actual.<\/p>\n<p>Los accionistas de Special Tours, de capital 100% espa\u00f1ola, han acordado la venta de la totalidad de las acciones en una operaci\u00f3n, cuya cuant\u00eda no se ha desvelado, y con la que el Grupo Barcel\u00f3 potencia su expansi\u00f3n donde la especializaci\u00f3n y la internacionalizaci\u00f3n son determinantes.<\/p>\n<p>Special Tours, que opera circuitos tur\u00edsticos por Europa, Oriente Medio y Lejano, \u00c1frica y Ocean\u00eda y tiene su sede en la Ciudad de la Imagen de Madrid, opera desde hace m\u00e1s de 30 a\u00f1os en todos los pa\u00edses del mercado latinoamericano, donde tiene una posici\u00f3n de relevancia, y emplea actualmente a 300 trabajadores.<\/p>\n<p>La compra de Special Tours, sujeta \u00fanicamente a la aprobaci\u00f3n de los organismos regulatorios correspondientes, responde a la apuesta de la divisi\u00f3n de viajes del Grupo Barcel\u00f3, que busca convertirse en un operador referente en el mercado latino.<\/p>\n<p>Barcel\u00f3 Viajes es la divisi\u00f3n del Grupo Barcel\u00f3 con m\u00e1s de 650 puntos de venta en Espa\u00f1a y Portugal y servicios para un 1,5 mill\u00f3n de viajeros. Opera con varias marcas, como la minorista B the travel brand, BCD Travel especializada en negocios, y los touroperadores LaCuartaIsla, Quel\u00f3nea, Jolidey, LePlan, LeSki y Jotelclick, adem\u00e1s de la aerol\u00ednea evelop! y las cajas de regalo Plan B!.<\/p>\n<p>APUESTA POR LA ESPECIALIZACION.<\/p>\n<p>\u00abEs una gran satisfacci\u00f3n poder terminar el a\u00f1o con esta adquisici\u00f3n, que da un impulso importante a nuestro plan estrat\u00e9gico, y que nos va a permitir seguir creciendo y apostando por consolidar nuestro proyecto como un operador de relevancia en el mercado latino\u00bb, ha asegurado el director general corporativo de la divisi\u00f3n de viajes del Grupo Barcel\u00f3, Alejando Sub\u00edas.<\/p>\n<p>El director general de Special Tours, Carlos Jim\u00e9nez, quien seguir\u00e1 al frente de la compa\u00f1\u00eda tras su integraci\u00f3n en el grupo mallorqu\u00edn, ha afirmado estar ilusionado con la incorporaci\u00f3n a una compa\u00f1\u00eda \u00abtan innovadora, solvente y de gran recorrido\u00bb como Barcel\u00f3 Viajes.<\/p>\n<p>\u00abNos permitir\u00e1 seguir desarrollando tanto Special Tours como el &#8216;know how&#8217; de nuestro equipo humano, factor clave en el desarrollo de nuestra compa\u00f1\u00eda\u00bb, ha a\u00f1adido.<\/p>\n<p>Special Tours desembarc\u00f3 en Espa\u00f1a en 2013 con sus servicios, despu\u00e9s de 30 a\u00f1os de internacionalizaci\u00f3n. Durante 2015 ha invertido m\u00e1s de un mill\u00f3n de euros en instalar WiFi gratuito en todos sus autobuses que operan rutas a Europa, siendo la primera mayorista en ofrecer este servicio.<\/p>\n","protected":false},"excerpt":{"rendered":"<p>La divisi\u00f3n de viajes del Grupo Barcel\u00f3 ha anunciado la compra de Special Tours, especializada en circuitos tur\u00edsticos y quinta mayorista de Espa\u00f1a, que se integrar\u00e1 en el grupo mallorqu\u00edn con la totalidad de su plantilla y manteniendo su operativa actual. Los accionistas de Special Tours, de capital 100% espa\u00f1ola, han acordado la venta de<\/p>\n","protected":false},"author":1,"featured_media":59575,"comment_status":"open","ping_status":"closed","sticky":false,"template":"","format":"standard","meta":{"footnotes":""},"categories":[224],"tags":[],"class_list":{"0":"post-59574","1":"post","2":"type-post","3":"status-publish","4":"format-standard","5":"has-post-thumbnail","7":"category-noticias-actualidad"},"aioseo_notices":[],"aioseo_head":"\n\t\t<!-- All in One SEO Pro 4.9.6.1 - aioseo.com -->\n\t<meta name=\"description\" content=\"La divisi\u00f3n de viajes del Grupo Barcel\u00f3 ha anunciado la compra de Special Tours, especializada en circuitos tur\u00edsticos y quinta mayorista de Espa\u00f1a, que se integrar\u00e1 en el grupo mallorqu\u00edn con la totalidad de su plantilla y manteniendo su operativa actual. Los accionistas de Special Tours, de capital 100% espa\u00f1ola, han acordado la venta de\" \/>\n\t<meta name=\"robots\" content=\"max-image-preview:large\" \/>\n\t<meta name=\"author\" content=\"admin\"\/>\n\t<meta name=\"google-site-verification\" content=\"UA-38556648-1\" \/>\n\t<meta name=\"keywords\" content=\"noticias y actualidad\" \/>\n\t<link rel=\"canonical\" href=\"https:\/\/eldigitaldeasturias.com\/magazine365\/la-division-de-viajes-del-grupo-barcelo-compra-special-tours\/\" \/>\n\t<meta name=\"generator\" content=\"All in One SEO Pro (AIOSEO) 4.9.6.1\" \/>\n\t\t<meta property=\"og:locale\" content=\"es_ES\" \/>\n\t\t<meta property=\"og:site_name\" content=\"El Digital de Asturias \u2013 Revista de ocio, turismo y estilo de vida\" \/>\n\t\t<meta property=\"og:type\" content=\"article\" \/>\n\t\t<meta property=\"og:title\" content=\"La divisi\u00f3n de viajes del Grupo Barcel\u00f3 compra Special Tours | El Digital de Asturias\" \/>\n\t\t<meta property=\"og:description\" content=\"La divisi\u00f3n de viajes del Grupo Barcel\u00f3 ha anunciado la compra de Special Tours, especializada en circuitos tur\u00edsticos y quinta mayorista de Espa\u00f1a, que se integrar\u00e1 en el grupo mallorqu\u00edn con la totalidad de su plantilla y manteniendo su operativa actual. Los accionistas de Special Tours, de capital 100% espa\u00f1ola, han acordado la venta de\" \/>\n\t\t<meta property=\"og:url\" content=\"https:\/\/eldigitaldeasturias.com\/magazine365\/la-division-de-viajes-del-grupo-barcelo-compra-special-tours\/\" \/>\n\t\t<meta property=\"og:image\" content=\"https:\/\/eldigitaldeasturias.com\/magazine365\/wp-content\/uploads\/2015\/12\/fotonoticia_20151230141233_800.jpg\" \/>\n\t\t<meta property=\"og:image:secure_url\" content=\"https:\/\/eldigitaldeasturias.com\/magazine365\/wp-content\/uploads\/2015\/12\/fotonoticia_20151230141233_800.jpg\" \/>\n\t\t<meta property=\"og:image:width\" content=\"800\" \/>\n\t\t<meta property=\"og:image:height\" content=\"537\" \/>\n\t\t<meta property=\"article:published_time\" content=\"2015-12-31T18:32:56+00:00\" \/>\n\t\t<meta property=\"article:modified_time\" content=\"2015-12-31T18:32:56+00:00\" \/>\n\t\t<meta name=\"twitter:card\" content=\"summary_large_image\" \/>\n\t\t<meta name=\"twitter:title\" content=\"La divisi\u00f3n de viajes del Grupo Barcel\u00f3 compra Special Tours | El Digital de Asturias\" \/>\n\t\t<meta name=\"twitter:description\" content=\"La divisi\u00f3n de viajes del Grupo Barcel\u00f3 ha anunciado la compra de Special Tours, especializada en circuitos tur\u00edsticos y quinta mayorista de Espa\u00f1a, que se integrar\u00e1 en el grupo mallorqu\u00edn con la totalidad de su plantilla y manteniendo su operativa actual. Los accionistas de Special Tours, de capital 100% espa\u00f1ola, han acordado la venta de\" \/>\n\t\t<meta name=\"twitter:image\" content=\"https:\/\/eldigitaldeasturias.com\/magazine365\/wp-content\/uploads\/2015\/12\/fotonoticia_20151230141233_800.jpg\" \/>\n\t\t<script type=\"application\/ld+json\" class=\"aioseo-schema\">\n\t\t\t{\"@context\":\"https:\\\/\\\/schema.org\",\"@graph\":[{\"@type\":\"Article\",\"@id\":\"https:\\\/\\\/eldigitaldeasturias.com\\\/magazine365\\\/la-division-de-viajes-del-grupo-barcelo-compra-special-tours\\\/#article\",\"name\":\"La divisi\\u00f3n de viajes del Grupo Barcel\\u00f3 compra Special Tours | El Digital de Asturias\",\"headline\":\"La divisi\\u00f3n de viajes del Grupo Barcel\\u00f3 compra Special Tours\",\"author\":{\"@id\":\"https:\\\/\\\/eldigitaldeasturias.com\\\/magazine365\\\/author\\\/admin\\\/#author\"},\"publisher\":{\"@id\":\"https:\\\/\\\/eldigitaldeasturias.com\\\/magazine365\\\/#organization\"},\"image\":{\"@type\":\"ImageObject\",\"url\":\"https:\\\/\\\/eldigitaldeasturias.com\\\/magazine365\\\/wp-content\\\/uploads\\\/2015\\\/12\\\/fotonoticia_20151230141233_800.jpg\",\"width\":800,\"height\":537},\"datePublished\":\"2015-12-31T19:32:56+01:00\",\"dateModified\":\"2015-12-31T19:32:56+01:00\",\"inLanguage\":\"es-ES\",\"mainEntityOfPage\":{\"@id\":\"https:\\\/\\\/eldigitaldeasturias.com\\\/magazine365\\\/la-division-de-viajes-del-grupo-barcelo-compra-special-tours\\\/#webpage\"},\"isPartOf\":{\"@id\":\"https:\\\/\\\/eldigitaldeasturias.com\\\/magazine365\\\/la-division-de-viajes-del-grupo-barcelo-compra-special-tours\\\/#webpage\"},\"articleSection\":\"Noticias y Actualidad\"},{\"@type\":\"BreadcrumbList\",\"@id\":\"https:\\\/\\\/eldigitaldeasturias.com\\\/magazine365\\\/la-division-de-viajes-del-grupo-barcelo-compra-special-tours\\\/#breadcrumblist\",\"itemListElement\":[{\"@type\":\"ListItem\",\"@id\":\"https:\\\/\\\/eldigitaldeasturias.com\\\/magazine365#listItem\",\"position\":1,\"name\":\"Home\",\"item\":\"https:\\\/\\\/eldigitaldeasturias.com\\\/magazine365\",\"nextItem\":{\"@type\":\"ListItem\",\"@id\":\"https:\\\/\\\/eldigitaldeasturias.com\\\/magazine365\\\/category\\\/noticias-actualidad\\\/#listItem\",\"name\":\"Noticias y Actualidad\"}},{\"@type\":\"ListItem\",\"@id\":\"https:\\\/\\\/eldigitaldeasturias.com\\\/magazine365\\\/category\\\/noticias-actualidad\\\/#listItem\",\"position\":2,\"name\":\"Noticias y Actualidad\",\"item\":\"https:\\\/\\\/eldigitaldeasturias.com\\\/magazine365\\\/category\\\/noticias-actualidad\\\/\",\"nextItem\":{\"@type\":\"ListItem\",\"@id\":\"https:\\\/\\\/eldigitaldeasturias.com\\\/magazine365\\\/la-division-de-viajes-del-grupo-barcelo-compra-special-tours\\\/#listItem\",\"name\":\"La divisi\\u00f3n de viajes del Grupo Barcel\\u00f3 compra Special Tours\"},\"previousItem\":{\"@type\":\"ListItem\",\"@id\":\"https:\\\/\\\/eldigitaldeasturias.com\\\/magazine365#listItem\",\"name\":\"Home\"}},{\"@type\":\"ListItem\",\"@id\":\"https:\\\/\\\/eldigitaldeasturias.com\\\/magazine365\\\/la-division-de-viajes-del-grupo-barcelo-compra-special-tours\\\/#listItem\",\"position\":3,\"name\":\"La divisi\\u00f3n de viajes del Grupo Barcel\\u00f3 compra Special Tours\",\"previousItem\":{\"@type\":\"ListItem\",\"@id\":\"https:\\\/\\\/eldigitaldeasturias.com\\\/magazine365\\\/category\\\/noticias-actualidad\\\/#listItem\",\"name\":\"Noticias y Actualidad\"}}]},{\"@type\":\"Organization\",\"@id\":\"https:\\\/\\\/eldigitaldeasturias.com\\\/magazine365\\\/#organization\",\"name\":\"El digital de Asturias\",\"description\":\"Revista de ocio, turismo y estilo de vida\",\"url\":\"https:\\\/\\\/eldigitaldeasturias.com\\\/magazine365\\\/\",\"logo\":{\"@type\":\"ImageObject\",\"url\":\"https:\\\/\\\/www.eldigitaldeasturias.com\\\/noticias\\\/wp-content\\\/uploads\\\/2020\\\/12\\\/EDA.jpg\",\"@id\":\"https:\\\/\\\/eldigitaldeasturias.com\\\/magazine365\\\/la-division-de-viajes-del-grupo-barcelo-compra-special-tours\\\/#organizationLogo\"},\"image\":{\"@id\":\"https:\\\/\\\/eldigitaldeasturias.com\\\/magazine365\\\/la-division-de-viajes-del-grupo-barcelo-compra-special-tours\\\/#organizationLogo\"}},{\"@type\":\"Person\",\"@id\":\"https:\\\/\\\/eldigitaldeasturias.com\\\/magazine365\\\/author\\\/admin\\\/#author\",\"url\":\"https:\\\/\\\/eldigitaldeasturias.com\\\/magazine365\\\/author\\\/admin\\\/\",\"name\":\"admin\",\"image\":{\"@type\":\"ImageObject\",\"@id\":\"https:\\\/\\\/eldigitaldeasturias.com\\\/magazine365\\\/la-division-de-viajes-del-grupo-barcelo-compra-special-tours\\\/#authorImage\",\"url\":\"https:\\\/\\\/eldigitaldeasturias.com\\\/magazine365\\\/wp-content\\\/litespeed\\\/avatar\\\/e571bcf59a0edd6fa6838245a470f2fe.jpg?ver=1777574230\",\"width\":96,\"height\":96,\"caption\":\"admin\"}},{\"@type\":\"WebPage\",\"@id\":\"https:\\\/\\\/eldigitaldeasturias.com\\\/magazine365\\\/la-division-de-viajes-del-grupo-barcelo-compra-special-tours\\\/#webpage\",\"url\":\"https:\\\/\\\/eldigitaldeasturias.com\\\/magazine365\\\/la-division-de-viajes-del-grupo-barcelo-compra-special-tours\\\/\",\"name\":\"La divisi\\u00f3n de viajes del Grupo Barcel\\u00f3 compra Special Tours | El Digital de Asturias\",\"description\":\"La divisi\\u00f3n de viajes del Grupo Barcel\\u00f3 ha anunciado la compra de Special Tours, especializada en circuitos tur\\u00edsticos y quinta mayorista de Espa\\u00f1a, que se integrar\\u00e1 en el grupo mallorqu\\u00edn con la totalidad de su plantilla y manteniendo su operativa actual. Los accionistas de Special Tours, de capital 100% espa\\u00f1ola, han acordado la venta de\",\"inLanguage\":\"es-ES\",\"isPartOf\":{\"@id\":\"https:\\\/\\\/eldigitaldeasturias.com\\\/magazine365\\\/#website\"},\"breadcrumb\":{\"@id\":\"https:\\\/\\\/eldigitaldeasturias.com\\\/magazine365\\\/la-division-de-viajes-del-grupo-barcelo-compra-special-tours\\\/#breadcrumblist\"},\"author\":{\"@id\":\"https:\\\/\\\/eldigitaldeasturias.com\\\/magazine365\\\/author\\\/admin\\\/#author\"},\"creator\":{\"@id\":\"https:\\\/\\\/eldigitaldeasturias.com\\\/magazine365\\\/author\\\/admin\\\/#author\"},\"image\":{\"@type\":\"ImageObject\",\"url\":\"https:\\\/\\\/eldigitaldeasturias.com\\\/magazine365\\\/wp-content\\\/uploads\\\/2015\\\/12\\\/fotonoticia_20151230141233_800.jpg\",\"@id\":\"https:\\\/\\\/eldigitaldeasturias.com\\\/magazine365\\\/la-division-de-viajes-del-grupo-barcelo-compra-special-tours\\\/#mainImage\",\"width\":800,\"height\":537},\"primaryImageOfPage\":{\"@id\":\"https:\\\/\\\/eldigitaldeasturias.com\\\/magazine365\\\/la-division-de-viajes-del-grupo-barcelo-compra-special-tours\\\/#mainImage\"},\"datePublished\":\"2015-12-31T19:32:56+01:00\",\"dateModified\":\"2015-12-31T19:32:56+01:00\"},{\"@type\":\"WebSite\",\"@id\":\"https:\\\/\\\/eldigitaldeasturias.com\\\/magazine365\\\/#website\",\"url\":\"https:\\\/\\\/eldigitaldeasturias.com\\\/magazine365\\\/\",\"name\":\"El Digital de Asturias\",\"description\":\"Revista de ocio, turismo y estilo de vida\",\"inLanguage\":\"es-ES\",\"publisher\":{\"@id\":\"https:\\\/\\\/eldigitaldeasturias.com\\\/magazine365\\\/#organization\"}}]}\n\t\t<\/script>\n\t\t<!-- All in One SEO Pro -->\r\n\t\t<title>La divisi\u00f3n de viajes del Grupo Barcel\u00f3 compra Special Tours | El Digital de Asturias<\/title>\n\n","aioseo_head_json":{"title":"La divisi\u00f3n de viajes del Grupo Barcel\u00f3 compra Special Tours | El Digital de Asturias","description":"La divisi\u00f3n de viajes del Grupo Barcel\u00f3 ha anunciado la compra de Special Tours, especializada en circuitos tur\u00edsticos y quinta mayorista de Espa\u00f1a, que se integrar\u00e1 en el grupo mallorqu\u00edn con la totalidad de su plantilla y manteniendo su operativa actual. Los accionistas de Special Tours, de capital 100% espa\u00f1ola, han acordado la venta de","canonical_url":"https:\/\/eldigitaldeasturias.com\/magazine365\/la-division-de-viajes-del-grupo-barcelo-compra-special-tours\/","robots":"max-image-preview:large","keywords":"noticias y actualidad","webmasterTools":{"google-site-verification":"UA-38556648-1","miscellaneous":""},"schema":{"@context":"https:\/\/schema.org","@graph":[{"@type":"Article","@id":"https:\/\/eldigitaldeasturias.com\/magazine365\/la-division-de-viajes-del-grupo-barcelo-compra-special-tours\/#article","name":"La divisi\u00f3n de viajes del Grupo Barcel\u00f3 compra Special Tours | El Digital de Asturias","headline":"La divisi\u00f3n de viajes del Grupo Barcel\u00f3 compra Special Tours","author":{"@id":"https:\/\/eldigitaldeasturias.com\/magazine365\/author\/admin\/#author"},"publisher":{"@id":"https:\/\/eldigitaldeasturias.com\/magazine365\/#organization"},"image":{"@type":"ImageObject","url":"https:\/\/eldigitaldeasturias.com\/magazine365\/wp-content\/uploads\/2015\/12\/fotonoticia_20151230141233_800.jpg","width":800,"height":537},"datePublished":"2015-12-31T19:32:56+01:00","dateModified":"2015-12-31T19:32:56+01:00","inLanguage":"es-ES","mainEntityOfPage":{"@id":"https:\/\/eldigitaldeasturias.com\/magazine365\/la-division-de-viajes-del-grupo-barcelo-compra-special-tours\/#webpage"},"isPartOf":{"@id":"https:\/\/eldigitaldeasturias.com\/magazine365\/la-division-de-viajes-del-grupo-barcelo-compra-special-tours\/#webpage"},"articleSection":"Noticias y Actualidad"},{"@type":"BreadcrumbList","@id":"https:\/\/eldigitaldeasturias.com\/magazine365\/la-division-de-viajes-del-grupo-barcelo-compra-special-tours\/#breadcrumblist","itemListElement":[{"@type":"ListItem","@id":"https:\/\/eldigitaldeasturias.com\/magazine365#listItem","position":1,"name":"Home","item":"https:\/\/eldigitaldeasturias.com\/magazine365","nextItem":{"@type":"ListItem","@id":"https:\/\/eldigitaldeasturias.com\/magazine365\/category\/noticias-actualidad\/#listItem","name":"Noticias y Actualidad"}},{"@type":"ListItem","@id":"https:\/\/eldigitaldeasturias.com\/magazine365\/category\/noticias-actualidad\/#listItem","position":2,"name":"Noticias y Actualidad","item":"https:\/\/eldigitaldeasturias.com\/magazine365\/category\/noticias-actualidad\/","nextItem":{"@type":"ListItem","@id":"https:\/\/eldigitaldeasturias.com\/magazine365\/la-division-de-viajes-del-grupo-barcelo-compra-special-tours\/#listItem","name":"La divisi\u00f3n de viajes del Grupo Barcel\u00f3 compra Special Tours"},"previousItem":{"@type":"ListItem","@id":"https:\/\/eldigitaldeasturias.com\/magazine365#listItem","name":"Home"}},{"@type":"ListItem","@id":"https:\/\/eldigitaldeasturias.com\/magazine365\/la-division-de-viajes-del-grupo-barcelo-compra-special-tours\/#listItem","position":3,"name":"La divisi\u00f3n de viajes del Grupo Barcel\u00f3 compra Special Tours","previousItem":{"@type":"ListItem","@id":"https:\/\/eldigitaldeasturias.com\/magazine365\/category\/noticias-actualidad\/#listItem","name":"Noticias y Actualidad"}}]},{"@type":"Organization","@id":"https:\/\/eldigitaldeasturias.com\/magazine365\/#organization","name":"El digital de Asturias","description":"Revista de ocio, turismo y estilo de vida","url":"https:\/\/eldigitaldeasturias.com\/magazine365\/","logo":{"@type":"ImageObject","url":"https:\/\/www.eldigitaldeasturias.com\/noticias\/wp-content\/uploads\/2020\/12\/EDA.jpg","@id":"https:\/\/eldigitaldeasturias.com\/magazine365\/la-division-de-viajes-del-grupo-barcelo-compra-special-tours\/#organizationLogo"},"image":{"@id":"https:\/\/eldigitaldeasturias.com\/magazine365\/la-division-de-viajes-del-grupo-barcelo-compra-special-tours\/#organizationLogo"}},{"@type":"Person","@id":"https:\/\/eldigitaldeasturias.com\/magazine365\/author\/admin\/#author","url":"https:\/\/eldigitaldeasturias.com\/magazine365\/author\/admin\/","name":"admin","image":{"@type":"ImageObject","@id":"https:\/\/eldigitaldeasturias.com\/magazine365\/la-division-de-viajes-del-grupo-barcelo-compra-special-tours\/#authorImage","url":"https:\/\/eldigitaldeasturias.com\/magazine365\/wp-content\/litespeed\/avatar\/e571bcf59a0edd6fa6838245a470f2fe.jpg?ver=1777574230","width":96,"height":96,"caption":"admin"}},{"@type":"WebPage","@id":"https:\/\/eldigitaldeasturias.com\/magazine365\/la-division-de-viajes-del-grupo-barcelo-compra-special-tours\/#webpage","url":"https:\/\/eldigitaldeasturias.com\/magazine365\/la-division-de-viajes-del-grupo-barcelo-compra-special-tours\/","name":"La divisi\u00f3n de viajes del Grupo Barcel\u00f3 compra Special Tours | El Digital de Asturias","description":"La divisi\u00f3n de viajes del Grupo Barcel\u00f3 ha anunciado la compra de Special Tours, especializada en circuitos tur\u00edsticos y quinta mayorista de Espa\u00f1a, que se integrar\u00e1 en el grupo mallorqu\u00edn con la totalidad de su plantilla y manteniendo su operativa actual. Los accionistas de Special Tours, de capital 100% espa\u00f1ola, han acordado la venta de","inLanguage":"es-ES","isPartOf":{"@id":"https:\/\/eldigitaldeasturias.com\/magazine365\/#website"},"breadcrumb":{"@id":"https:\/\/eldigitaldeasturias.com\/magazine365\/la-division-de-viajes-del-grupo-barcelo-compra-special-tours\/#breadcrumblist"},"author":{"@id":"https:\/\/eldigitaldeasturias.com\/magazine365\/author\/admin\/#author"},"creator":{"@id":"https:\/\/eldigitaldeasturias.com\/magazine365\/author\/admin\/#author"},"image":{"@type":"ImageObject","url":"https:\/\/eldigitaldeasturias.com\/magazine365\/wp-content\/uploads\/2015\/12\/fotonoticia_20151230141233_800.jpg","@id":"https:\/\/eldigitaldeasturias.com\/magazine365\/la-division-de-viajes-del-grupo-barcelo-compra-special-tours\/#mainImage","width":800,"height":537},"primaryImageOfPage":{"@id":"https:\/\/eldigitaldeasturias.com\/magazine365\/la-division-de-viajes-del-grupo-barcelo-compra-special-tours\/#mainImage"},"datePublished":"2015-12-31T19:32:56+01:00","dateModified":"2015-12-31T19:32:56+01:00"},{"@type":"WebSite","@id":"https:\/\/eldigitaldeasturias.com\/magazine365\/#website","url":"https:\/\/eldigitaldeasturias.com\/magazine365\/","name":"El Digital de Asturias","description":"Revista de ocio, turismo y estilo de vida","inLanguage":"es-ES","publisher":{"@id":"https:\/\/eldigitaldeasturias.com\/magazine365\/#organization"}}]},"og:locale":"es_ES","og:site_name":"El Digital de Asturias \u2013 Revista de ocio, turismo y estilo de vida","og:type":"article","og:title":"La divisi\u00f3n de viajes del Grupo Barcel\u00f3 compra Special Tours | El Digital de Asturias","og:description":"La divisi\u00f3n de viajes del Grupo Barcel\u00f3 ha anunciado la compra de Special Tours, especializada en circuitos tur\u00edsticos y quinta mayorista de Espa\u00f1a, que se integrar\u00e1 en el grupo mallorqu\u00edn con la totalidad de su plantilla y manteniendo su operativa actual. Los accionistas de Special Tours, de capital 100% espa\u00f1ola, han acordado la venta de","og:url":"https:\/\/eldigitaldeasturias.com\/magazine365\/la-division-de-viajes-del-grupo-barcelo-compra-special-tours\/","og:image":"https:\/\/eldigitaldeasturias.com\/magazine365\/wp-content\/uploads\/2015\/12\/fotonoticia_20151230141233_800.jpg","og:image:secure_url":"https:\/\/eldigitaldeasturias.com\/magazine365\/wp-content\/uploads\/2015\/12\/fotonoticia_20151230141233_800.jpg","og:image:width":800,"og:image:height":537,"article:published_time":"2015-12-31T18:32:56+00:00","article:modified_time":"2015-12-31T18:32:56+00:00","twitter:card":"summary_large_image","twitter:title":"La divisi\u00f3n de viajes del Grupo Barcel\u00f3 compra Special Tours | El Digital de Asturias","twitter:description":"La divisi\u00f3n de viajes del Grupo Barcel\u00f3 ha anunciado la compra de Special Tours, especializada en circuitos tur\u00edsticos y quinta mayorista de Espa\u00f1a, que se integrar\u00e1 en el grupo mallorqu\u00edn con la totalidad de su plantilla y manteniendo su operativa actual. Los accionistas de Special Tours, de capital 100% espa\u00f1ola, han acordado la venta de","twitter:image":"https:\/\/eldigitaldeasturias.com\/magazine365\/wp-content\/uploads\/2015\/12\/fotonoticia_20151230141233_800.jpg"},"aioseo_meta_data":{"post_id":"59574","title":null,"description":null,"keywords":null,"keyphrases":null,"primary_term":null,"canonical_url":null,"og_title":null,"og_description":null,"og_object_type":"default","og_image_type":"default","og_image_url":null,"og_image_width":null,"og_image_height":null,"og_image_custom_url":null,"og_image_custom_fields":null,"og_video":null,"og_custom_url":null,"og_article_section":null,"og_article_tags":null,"twitter_use_og":false,"twitter_card":"default","twitter_image_type":"default","twitter_image_url":null,"twitter_image_custom_url":null,"twitter_image_custom_fields":null,"twitter_title":null,"twitter_description":null,"schema":{"blockGraphs":[],"customGraphs":[],"default":{"data":{"Article":[],"Course":[],"Dataset":[],"FAQPage":[],"Movie":[],"Person":[],"Product":[],"ProductReview":[],"Car":[],"Recipe":[],"Service":[],"SoftwareApplication":[],"WebPage":[]},"graphName":"","isEnabled":true},"graphs":[],"defaultGraph":"","defaultPostTypeGraph":""},"schema_type":null,"schema_type_options":null,"pillar_content":false,"robots_default":true,"robots_noindex":false,"robots_noarchive":false,"robots_nosnippet":false,"robots_nofollow":false,"robots_noimageindex":false,"robots_noodp":false,"robots_notranslate":false,"robots_max_snippet":null,"robots_max_videopreview":null,"robots_max_imagepreview":"large","priority":null,"frequency":null,"location":null,"local_seo":null,"seo_analyzer_scan_date":"2025-09-25 05:11:56","breadcrumb_settings":null,"limit_modified_date":false,"open_ai":null,"ai":null,"created":"2021-03-08 22:13:38","updated":"2025-09-25 05:11:56"},"aioseo_breadcrumb":"<div class=\"aioseo-breadcrumbs\"><span class=\"aioseo-breadcrumb\">\n\t<a href=\"https:\/\/eldigitaldeasturias.com\/magazine365\" title=\"Home\">Home<\/a>\n<\/span><span class=\"aioseo-breadcrumb-separator\">\u2013<\/span><span class=\"aioseo-breadcrumb\">\n\t<a href=\"https:\/\/eldigitaldeasturias.com\/magazine365\/category\/noticias-actualidad\/\" title=\"Noticias y Actualidad\">Noticias y Actualidad<\/a>\n<\/span><span class=\"aioseo-breadcrumb-separator\">\u2013<\/span><span class=\"aioseo-breadcrumb\">\n\t<a href=\"https:\/\/eldigitaldeasturias.com\/magazine365\/la-division-de-viajes-del-grupo-barcelo-compra-special-tours\/\" title=\"La divisi\u00f3n de viajes del Grupo Barcel\u00f3 compra Special Tours\">La divisi\u00f3n de viajes del Grupo Barcel\u00f3 compra Special Tours<\/a>\n<\/span><\/div>","aioseo_breadcrumb_json":[{"label":"Home","link":"https:\/\/eldigitaldeasturias.com\/magazine365"},{"label":"Noticias y Actualidad","link":"https:\/\/eldigitaldeasturias.com\/magazine365\/category\/noticias-actualidad\/"},{"label":"La divisi\u00f3n de viajes del Grupo Barcel\u00f3 compra Special Tours","link":"https:\/\/eldigitaldeasturias.com\/magazine365\/la-division-de-viajes-del-grupo-barcelo-compra-special-tours\/"}],"_links":{"self":[{"href":"https:\/\/eldigitaldeasturias.com\/magazine365\/wp-json\/wp\/v2\/posts\/59574","targetHints":{"allow":["GET"]}}],"collection":[{"href":"https:\/\/eldigitaldeasturias.com\/magazine365\/wp-json\/wp\/v2\/posts"}],"about":[{"href":"https:\/\/eldigitaldeasturias.com\/magazine365\/wp-json\/wp\/v2\/types\/post"}],"author":[{"embeddable":true,"href":"https:\/\/eldigitaldeasturias.com\/magazine365\/wp-json\/wp\/v2\/users\/1"}],"replies":[{"embeddable":true,"href":"https:\/\/eldigitaldeasturias.com\/magazine365\/wp-json\/wp\/v2\/comments?post=59574"}],"version-history":[{"count":0,"href":"https:\/\/eldigitaldeasturias.com\/magazine365\/wp-json\/wp\/v2\/posts\/59574\/revisions"}],"wp:featuredmedia":[{"embeddable":true,"href":"https:\/\/eldigitaldeasturias.com\/magazine365\/wp-json\/wp\/v2\/media\/59575"}],"wp:attachment":[{"href":"https:\/\/eldigitaldeasturias.com\/magazine365\/wp-json\/wp\/v2\/media?parent=59574"}],"wp:term":[{"taxonomy":"category","embeddable":true,"href":"https:\/\/eldigitaldeasturias.com\/magazine365\/wp-json\/wp\/v2\/categories?post=59574"},{"taxonomy":"post_tag","embeddable":true,"href":"https:\/\/eldigitaldeasturias.com\/magazine365\/wp-json\/wp\/v2\/tags?post=59574"}],"curies":[{"name":"wp","href":"https:\/\/api.w.org\/{rel}","templated":true}]}}