{"id":59557,"date":"2015-12-31T12:04:57","date_gmt":"2015-12-31T11:04:57","guid":{"rendered":"http:\/\/eldigitaldeasturias.com\/magazine365\/?p=59557"},"modified":"2015-12-31T12:04:57","modified_gmt":"2015-12-31T11:04:57","slug":"los-hosteleros-de-alicante-esperan-una-ocupacion-del-95-para-nochevieja","status":"publish","type":"post","link":"https:\/\/eldigitaldeasturias.com\/magazine365\/los-hosteleros-de-alicante-esperan-una-ocupacion-del-95-para-nochevieja\/","title":{"rendered":"Los hosteleros de Alicante esperan una ocupaci\u00f3n del 95% para Nochevieja"},"content":{"rendered":"<p><img fetchpriority=\"high\" decoding=\"async\" class=\"alignleft size-medium wp-image-59558\" src=\"https:\/\/eldigitaldeasturias.com\/magazine365\/wp-content\/uploads\/2015\/12\/fotonoticia_20151230122548_800-360x240.jpg\" alt=\"fotonoticia_20151230122548_800\" width=\"360\" height=\"240\" srcset=\"https:\/\/eldigitaldeasturias.com\/magazine365\/wp-content\/uploads\/2015\/12\/fotonoticia_20151230122548_800-360x240.jpg 360w, https:\/\/eldigitaldeasturias.com\/magazine365\/wp-content\/uploads\/2015\/12\/fotonoticia_20151230122548_800-650x433.jpg 650w, https:\/\/eldigitaldeasturias.com\/magazine365\/wp-content\/uploads\/2015\/12\/fotonoticia_20151230122548_800-768x512.jpg 768w, https:\/\/eldigitaldeasturias.com\/magazine365\/wp-content\/uploads\/2015\/12\/fotonoticia_20151230122548_800-150x100.jpg 150w, https:\/\/eldigitaldeasturias.com\/magazine365\/wp-content\/uploads\/2015\/12\/fotonoticia_20151230122548_800-450x300.jpg 450w, https:\/\/eldigitaldeasturias.com\/magazine365\/wp-content\/uploads\/2015\/12\/fotonoticia_20151230122548_800-696x464.jpg 696w, https:\/\/eldigitaldeasturias.com\/magazine365\/wp-content\/uploads\/2015\/12\/fotonoticia_20151230122548_800-630x420.jpg 630w, https:\/\/eldigitaldeasturias.com\/magazine365\/wp-content\/uploads\/2015\/12\/fotonoticia_20151230122548_800-101x66.jpg 101w, https:\/\/eldigitaldeasturias.com\/magazine365\/wp-content\/uploads\/2015\/12\/fotonoticia_20151230122548_800.jpg 800w\" sizes=\"(max-width: 360px) 100vw, 360px\" \/>La presidenta de la Asociaci\u00f3n Provincial de Empresarios de Hosteler\u00eda de Alicante (Apeha), Mar\u00eda del Mar Valera, ha afirmado este mi\u00e9rcoles que la ocupaci\u00f3n prevista en los establecimientos para esta Nochevieja se sit\u00faa entre el 90 y el 95 por ciento, unas cifras que, a su juicio, demuestran que este a\u00f1o \u00abhay m\u00e1s ambiente, la gente est\u00e1 saliendo m\u00e1s\u00bb.<\/p>\n<p>Valera, en declaraciones a Europa Press, ha indicado tambi\u00e9n que se nota que el \u00abnivel de adquisici\u00f3n ha subido un poco m\u00e1s\u00bb &#8211;algo que ya han percibido con las comidas y cenas de empresa&#8211; y que las reservas se est\u00e1n realizando \u00abcon mucha antelaci\u00f3n\u00bb.<\/p>\n<p>Adem\u00e1s del inicio de la recuperaci\u00f3n econ\u00f3mica, otro de los factores que ha destacado la representante de los hosteleros es el buen tiempo \u00abque ha acompa\u00f1ado\u00bb. De hecho, ha apuntado que el turismo se ha \u00abmantenido\u00bb y que muchos establecimientos despu\u00e9s del verano han continuado con el mismo personal.<\/p>\n<p>El deseo que Valera pide al pr\u00f3ximo a\u00f1o es que haya \u00abentendimiento\u00bb con los vecinos y el Ayuntamiento y se llegue a buen puerto en beneficio de todos\u00bb en referencia a la pol\u00e9mica que existe sobre las terrazas y veladores en la ciudad de Alicante.<\/p>\n<p>De hecho, para el d\u00eda 7 de enero est\u00e1 prevista una reuni\u00f3n de la Mesa de Trabajo donde los agentes implicados expondr\u00e1n sus propuestas para solucionar esta situaci\u00f3n y llegar a un punto de encuentro.<\/p>\n","protected":false},"excerpt":{"rendered":"<p>La presidenta de la Asociaci\u00f3n Provincial de Empresarios de Hosteler\u00eda de Alicante (Apeha), Mar\u00eda del Mar Valera, ha afirmado este mi\u00e9rcoles que la ocupaci\u00f3n prevista en los establecimientos para esta Nochevieja se sit\u00faa entre el 90 y el 95 por ciento, unas cifras que, a su juicio, demuestran que este a\u00f1o \u00abhay m\u00e1s ambiente, la<\/p>\n","protected":false},"author":1,"featured_media":59558,"comment_status":"open","ping_status":"closed","sticky":false,"template":"","format":"standard","meta":{"footnotes":""},"categories":[224],"tags":[],"class_list":{"0":"post-59557","1":"post","2":"type-post","3":"status-publish","4":"format-standard","5":"has-post-thumbnail","7":"category-noticias-actualidad"},"aioseo_notices":[],"aioseo_head":"\n\t\t<!-- All in One SEO Pro 4.9.6.1 - aioseo.com -->\n\t<meta name=\"description\" content=\"La presidenta de la Asociaci\u00f3n Provincial de Empresarios de Hosteler\u00eda de Alicante (Apeha), Mar\u00eda del Mar Valera, ha afirmado este mi\u00e9rcoles que la ocupaci\u00f3n prevista en los establecimientos para esta Nochevieja se sit\u00faa entre el 90 y el 95 por ciento, unas cifras que, a su juicio, demuestran que este a\u00f1o &quot;hay m\u00e1s ambiente, la\" \/>\n\t<meta name=\"robots\" content=\"max-image-preview:large\" \/>\n\t<meta name=\"author\" content=\"admin\"\/>\n\t<meta name=\"google-site-verification\" content=\"UA-38556648-1\" \/>\n\t<meta name=\"keywords\" content=\"noticias y actualidad\" \/>\n\t<link rel=\"canonical\" href=\"https:\/\/eldigitaldeasturias.com\/magazine365\/los-hosteleros-de-alicante-esperan-una-ocupacion-del-95-para-nochevieja\/\" \/>\n\t<meta name=\"generator\" content=\"All in One SEO Pro (AIOSEO) 4.9.6.1\" \/>\n\t\t<meta property=\"og:locale\" content=\"es_ES\" \/>\n\t\t<meta property=\"og:site_name\" content=\"El Digital de Asturias \u2013 Revista de ocio, turismo y estilo de vida\" \/>\n\t\t<meta property=\"og:type\" content=\"article\" \/>\n\t\t<meta property=\"og:title\" content=\"Los hosteleros de Alicante esperan una ocupaci\u00f3n del 95% para Nochevieja | El Digital de Asturias\" \/>\n\t\t<meta property=\"og:description\" content=\"La presidenta de la Asociaci\u00f3n Provincial de Empresarios de Hosteler\u00eda de Alicante (Apeha), Mar\u00eda del Mar Valera, ha afirmado este mi\u00e9rcoles que la ocupaci\u00f3n prevista en los establecimientos para esta Nochevieja se sit\u00faa entre el 90 y el 95 por ciento, unas cifras que, a su juicio, demuestran que este a\u00f1o &quot;hay m\u00e1s ambiente, la\" \/>\n\t\t<meta property=\"og:url\" content=\"https:\/\/eldigitaldeasturias.com\/magazine365\/los-hosteleros-de-alicante-esperan-una-ocupacion-del-95-para-nochevieja\/\" \/>\n\t\t<meta property=\"og:image\" content=\"https:\/\/eldigitaldeasturias.com\/magazine365\/wp-content\/uploads\/2015\/12\/fotonoticia_20151230122548_800.jpg\" \/>\n\t\t<meta property=\"og:image:secure_url\" content=\"https:\/\/eldigitaldeasturias.com\/magazine365\/wp-content\/uploads\/2015\/12\/fotonoticia_20151230122548_800.jpg\" \/>\n\t\t<meta property=\"og:image:width\" content=\"800\" \/>\n\t\t<meta property=\"og:image:height\" content=\"533\" \/>\n\t\t<meta property=\"article:published_time\" content=\"2015-12-31T11:04:57+00:00\" \/>\n\t\t<meta property=\"article:modified_time\" content=\"2015-12-31T11:04:57+00:00\" \/>\n\t\t<meta name=\"twitter:card\" content=\"summary_large_image\" \/>\n\t\t<meta name=\"twitter:title\" content=\"Los hosteleros de Alicante esperan una ocupaci\u00f3n del 95% para Nochevieja | El Digital de Asturias\" \/>\n\t\t<meta name=\"twitter:description\" content=\"La presidenta de la Asociaci\u00f3n Provincial de Empresarios de Hosteler\u00eda de Alicante (Apeha), Mar\u00eda del Mar Valera, ha afirmado este mi\u00e9rcoles que la ocupaci\u00f3n prevista en los establecimientos para esta Nochevieja se sit\u00faa entre el 90 y el 95 por ciento, unas cifras que, a su juicio, demuestran que este a\u00f1o &quot;hay m\u00e1s ambiente, la\" \/>\n\t\t<meta name=\"twitter:image\" content=\"https:\/\/eldigitaldeasturias.com\/magazine365\/wp-content\/uploads\/2015\/12\/fotonoticia_20151230122548_800.jpg\" \/>\n\t\t<script type=\"application\/ld+json\" class=\"aioseo-schema\">\n\t\t\t{\"@context\":\"https:\\\/\\\/schema.org\",\"@graph\":[{\"@type\":\"Article\",\"@id\":\"https:\\\/\\\/eldigitaldeasturias.com\\\/magazine365\\\/los-hosteleros-de-alicante-esperan-una-ocupacion-del-95-para-nochevieja\\\/#article\",\"name\":\"Los hosteleros de Alicante esperan una ocupaci\\u00f3n del 95% para Nochevieja | El Digital de Asturias\",\"headline\":\"Los hosteleros de Alicante esperan una ocupaci\\u00f3n del 95% para Nochevieja\",\"author\":{\"@id\":\"https:\\\/\\\/eldigitaldeasturias.com\\\/magazine365\\\/author\\\/admin\\\/#author\"},\"publisher\":{\"@id\":\"https:\\\/\\\/eldigitaldeasturias.com\\\/magazine365\\\/#organization\"},\"image\":{\"@type\":\"ImageObject\",\"url\":\"https:\\\/\\\/eldigitaldeasturias.com\\\/magazine365\\\/wp-content\\\/uploads\\\/2015\\\/12\\\/fotonoticia_20151230122548_800.jpg\",\"width\":800,\"height\":533},\"datePublished\":\"2015-12-31T12:04:57+01:00\",\"dateModified\":\"2015-12-31T12:04:57+01:00\",\"inLanguage\":\"es-ES\",\"mainEntityOfPage\":{\"@id\":\"https:\\\/\\\/eldigitaldeasturias.com\\\/magazine365\\\/los-hosteleros-de-alicante-esperan-una-ocupacion-del-95-para-nochevieja\\\/#webpage\"},\"isPartOf\":{\"@id\":\"https:\\\/\\\/eldigitaldeasturias.com\\\/magazine365\\\/los-hosteleros-de-alicante-esperan-una-ocupacion-del-95-para-nochevieja\\\/#webpage\"},\"articleSection\":\"Noticias y Actualidad\"},{\"@type\":\"BreadcrumbList\",\"@id\":\"https:\\\/\\\/eldigitaldeasturias.com\\\/magazine365\\\/los-hosteleros-de-alicante-esperan-una-ocupacion-del-95-para-nochevieja\\\/#breadcrumblist\",\"itemListElement\":[{\"@type\":\"ListItem\",\"@id\":\"https:\\\/\\\/eldigitaldeasturias.com\\\/magazine365#listItem\",\"position\":1,\"name\":\"Home\",\"item\":\"https:\\\/\\\/eldigitaldeasturias.com\\\/magazine365\",\"nextItem\":{\"@type\":\"ListItem\",\"@id\":\"https:\\\/\\\/eldigitaldeasturias.com\\\/magazine365\\\/category\\\/noticias-actualidad\\\/#listItem\",\"name\":\"Noticias y Actualidad\"}},{\"@type\":\"ListItem\",\"@id\":\"https:\\\/\\\/eldigitaldeasturias.com\\\/magazine365\\\/category\\\/noticias-actualidad\\\/#listItem\",\"position\":2,\"name\":\"Noticias y Actualidad\",\"item\":\"https:\\\/\\\/eldigitaldeasturias.com\\\/magazine365\\\/category\\\/noticias-actualidad\\\/\",\"nextItem\":{\"@type\":\"ListItem\",\"@id\":\"https:\\\/\\\/eldigitaldeasturias.com\\\/magazine365\\\/los-hosteleros-de-alicante-esperan-una-ocupacion-del-95-para-nochevieja\\\/#listItem\",\"name\":\"Los hosteleros de Alicante esperan una ocupaci\\u00f3n del 95% para Nochevieja\"},\"previousItem\":{\"@type\":\"ListItem\",\"@id\":\"https:\\\/\\\/eldigitaldeasturias.com\\\/magazine365#listItem\",\"name\":\"Home\"}},{\"@type\":\"ListItem\",\"@id\":\"https:\\\/\\\/eldigitaldeasturias.com\\\/magazine365\\\/los-hosteleros-de-alicante-esperan-una-ocupacion-del-95-para-nochevieja\\\/#listItem\",\"position\":3,\"name\":\"Los hosteleros de Alicante esperan una ocupaci\\u00f3n del 95% para Nochevieja\",\"previousItem\":{\"@type\":\"ListItem\",\"@id\":\"https:\\\/\\\/eldigitaldeasturias.com\\\/magazine365\\\/category\\\/noticias-actualidad\\\/#listItem\",\"name\":\"Noticias y Actualidad\"}}]},{\"@type\":\"Organization\",\"@id\":\"https:\\\/\\\/eldigitaldeasturias.com\\\/magazine365\\\/#organization\",\"name\":\"El digital de Asturias\",\"description\":\"Revista de ocio, turismo y estilo de vida\",\"url\":\"https:\\\/\\\/eldigitaldeasturias.com\\\/magazine365\\\/\",\"logo\":{\"@type\":\"ImageObject\",\"url\":\"https:\\\/\\\/www.eldigitaldeasturias.com\\\/noticias\\\/wp-content\\\/uploads\\\/2020\\\/12\\\/EDA.jpg\",\"@id\":\"https:\\\/\\\/eldigitaldeasturias.com\\\/magazine365\\\/los-hosteleros-de-alicante-esperan-una-ocupacion-del-95-para-nochevieja\\\/#organizationLogo\"},\"image\":{\"@id\":\"https:\\\/\\\/eldigitaldeasturias.com\\\/magazine365\\\/los-hosteleros-de-alicante-esperan-una-ocupacion-del-95-para-nochevieja\\\/#organizationLogo\"}},{\"@type\":\"Person\",\"@id\":\"https:\\\/\\\/eldigitaldeasturias.com\\\/magazine365\\\/author\\\/admin\\\/#author\",\"url\":\"https:\\\/\\\/eldigitaldeasturias.com\\\/magazine365\\\/author\\\/admin\\\/\",\"name\":\"admin\",\"image\":{\"@type\":\"ImageObject\",\"@id\":\"https:\\\/\\\/eldigitaldeasturias.com\\\/magazine365\\\/los-hosteleros-de-alicante-esperan-una-ocupacion-del-95-para-nochevieja\\\/#authorImage\",\"url\":\"https:\\\/\\\/eldigitaldeasturias.com\\\/magazine365\\\/wp-content\\\/litespeed\\\/avatar\\\/e571bcf59a0edd6fa6838245a470f2fe.jpg?ver=1777574230\",\"width\":96,\"height\":96,\"caption\":\"admin\"}},{\"@type\":\"WebPage\",\"@id\":\"https:\\\/\\\/eldigitaldeasturias.com\\\/magazine365\\\/los-hosteleros-de-alicante-esperan-una-ocupacion-del-95-para-nochevieja\\\/#webpage\",\"url\":\"https:\\\/\\\/eldigitaldeasturias.com\\\/magazine365\\\/los-hosteleros-de-alicante-esperan-una-ocupacion-del-95-para-nochevieja\\\/\",\"name\":\"Los hosteleros de Alicante esperan una ocupaci\\u00f3n del 95% para Nochevieja | El Digital de Asturias\",\"description\":\"La presidenta de la Asociaci\\u00f3n Provincial de Empresarios de Hosteler\\u00eda de Alicante (Apeha), Mar\\u00eda del Mar Valera, ha afirmado este mi\\u00e9rcoles que la ocupaci\\u00f3n prevista en los establecimientos para esta Nochevieja se sit\\u00faa entre el 90 y el 95 por ciento, unas cifras que, a su juicio, demuestran que este a\\u00f1o \\\"hay m\\u00e1s ambiente, la\",\"inLanguage\":\"es-ES\",\"isPartOf\":{\"@id\":\"https:\\\/\\\/eldigitaldeasturias.com\\\/magazine365\\\/#website\"},\"breadcrumb\":{\"@id\":\"https:\\\/\\\/eldigitaldeasturias.com\\\/magazine365\\\/los-hosteleros-de-alicante-esperan-una-ocupacion-del-95-para-nochevieja\\\/#breadcrumblist\"},\"author\":{\"@id\":\"https:\\\/\\\/eldigitaldeasturias.com\\\/magazine365\\\/author\\\/admin\\\/#author\"},\"creator\":{\"@id\":\"https:\\\/\\\/eldigitaldeasturias.com\\\/magazine365\\\/author\\\/admin\\\/#author\"},\"image\":{\"@type\":\"ImageObject\",\"url\":\"https:\\\/\\\/eldigitaldeasturias.com\\\/magazine365\\\/wp-content\\\/uploads\\\/2015\\\/12\\\/fotonoticia_20151230122548_800.jpg\",\"@id\":\"https:\\\/\\\/eldigitaldeasturias.com\\\/magazine365\\\/los-hosteleros-de-alicante-esperan-una-ocupacion-del-95-para-nochevieja\\\/#mainImage\",\"width\":800,\"height\":533},\"primaryImageOfPage\":{\"@id\":\"https:\\\/\\\/eldigitaldeasturias.com\\\/magazine365\\\/los-hosteleros-de-alicante-esperan-una-ocupacion-del-95-para-nochevieja\\\/#mainImage\"},\"datePublished\":\"2015-12-31T12:04:57+01:00\",\"dateModified\":\"2015-12-31T12:04:57+01:00\"},{\"@type\":\"WebSite\",\"@id\":\"https:\\\/\\\/eldigitaldeasturias.com\\\/magazine365\\\/#website\",\"url\":\"https:\\\/\\\/eldigitaldeasturias.com\\\/magazine365\\\/\",\"name\":\"El Digital de Asturias\",\"description\":\"Revista de ocio, turismo y estilo de vida\",\"inLanguage\":\"es-ES\",\"publisher\":{\"@id\":\"https:\\\/\\\/eldigitaldeasturias.com\\\/magazine365\\\/#organization\"}}]}\n\t\t<\/script>\n\t\t<!-- All in One SEO Pro -->\r\n\t\t<title>Los hosteleros de Alicante esperan una ocupaci\u00f3n del 95% para Nochevieja | El Digital de Asturias<\/title>\n\n","aioseo_head_json":{"title":"Los hosteleros de Alicante esperan una ocupaci\u00f3n del 95% para Nochevieja | El Digital de Asturias","description":"La presidenta de la Asociaci\u00f3n Provincial de Empresarios de Hosteler\u00eda de Alicante (Apeha), Mar\u00eda del Mar Valera, ha afirmado este mi\u00e9rcoles que la ocupaci\u00f3n prevista en los establecimientos para esta Nochevieja se sit\u00faa entre el 90 y el 95 por ciento, unas cifras que, a su juicio, demuestran que este a\u00f1o \"hay m\u00e1s ambiente, la","canonical_url":"https:\/\/eldigitaldeasturias.com\/magazine365\/los-hosteleros-de-alicante-esperan-una-ocupacion-del-95-para-nochevieja\/","robots":"max-image-preview:large","keywords":"noticias y actualidad","webmasterTools":{"google-site-verification":"UA-38556648-1","miscellaneous":""},"schema":{"@context":"https:\/\/schema.org","@graph":[{"@type":"Article","@id":"https:\/\/eldigitaldeasturias.com\/magazine365\/los-hosteleros-de-alicante-esperan-una-ocupacion-del-95-para-nochevieja\/#article","name":"Los hosteleros de Alicante esperan una ocupaci\u00f3n del 95% para Nochevieja | El Digital de Asturias","headline":"Los hosteleros de Alicante esperan una ocupaci\u00f3n del 95% para Nochevieja","author":{"@id":"https:\/\/eldigitaldeasturias.com\/magazine365\/author\/admin\/#author"},"publisher":{"@id":"https:\/\/eldigitaldeasturias.com\/magazine365\/#organization"},"image":{"@type":"ImageObject","url":"https:\/\/eldigitaldeasturias.com\/magazine365\/wp-content\/uploads\/2015\/12\/fotonoticia_20151230122548_800.jpg","width":800,"height":533},"datePublished":"2015-12-31T12:04:57+01:00","dateModified":"2015-12-31T12:04:57+01:00","inLanguage":"es-ES","mainEntityOfPage":{"@id":"https:\/\/eldigitaldeasturias.com\/magazine365\/los-hosteleros-de-alicante-esperan-una-ocupacion-del-95-para-nochevieja\/#webpage"},"isPartOf":{"@id":"https:\/\/eldigitaldeasturias.com\/magazine365\/los-hosteleros-de-alicante-esperan-una-ocupacion-del-95-para-nochevieja\/#webpage"},"articleSection":"Noticias y Actualidad"},{"@type":"BreadcrumbList","@id":"https:\/\/eldigitaldeasturias.com\/magazine365\/los-hosteleros-de-alicante-esperan-una-ocupacion-del-95-para-nochevieja\/#breadcrumblist","itemListElement":[{"@type":"ListItem","@id":"https:\/\/eldigitaldeasturias.com\/magazine365#listItem","position":1,"name":"Home","item":"https:\/\/eldigitaldeasturias.com\/magazine365","nextItem":{"@type":"ListItem","@id":"https:\/\/eldigitaldeasturias.com\/magazine365\/category\/noticias-actualidad\/#listItem","name":"Noticias y Actualidad"}},{"@type":"ListItem","@id":"https:\/\/eldigitaldeasturias.com\/magazine365\/category\/noticias-actualidad\/#listItem","position":2,"name":"Noticias y Actualidad","item":"https:\/\/eldigitaldeasturias.com\/magazine365\/category\/noticias-actualidad\/","nextItem":{"@type":"ListItem","@id":"https:\/\/eldigitaldeasturias.com\/magazine365\/los-hosteleros-de-alicante-esperan-una-ocupacion-del-95-para-nochevieja\/#listItem","name":"Los hosteleros de Alicante esperan una ocupaci\u00f3n del 95% para Nochevieja"},"previousItem":{"@type":"ListItem","@id":"https:\/\/eldigitaldeasturias.com\/magazine365#listItem","name":"Home"}},{"@type":"ListItem","@id":"https:\/\/eldigitaldeasturias.com\/magazine365\/los-hosteleros-de-alicante-esperan-una-ocupacion-del-95-para-nochevieja\/#listItem","position":3,"name":"Los hosteleros de Alicante esperan una ocupaci\u00f3n del 95% para Nochevieja","previousItem":{"@type":"ListItem","@id":"https:\/\/eldigitaldeasturias.com\/magazine365\/category\/noticias-actualidad\/#listItem","name":"Noticias y Actualidad"}}]},{"@type":"Organization","@id":"https:\/\/eldigitaldeasturias.com\/magazine365\/#organization","name":"El digital de Asturias","description":"Revista de ocio, turismo y estilo de vida","url":"https:\/\/eldigitaldeasturias.com\/magazine365\/","logo":{"@type":"ImageObject","url":"https:\/\/www.eldigitaldeasturias.com\/noticias\/wp-content\/uploads\/2020\/12\/EDA.jpg","@id":"https:\/\/eldigitaldeasturias.com\/magazine365\/los-hosteleros-de-alicante-esperan-una-ocupacion-del-95-para-nochevieja\/#organizationLogo"},"image":{"@id":"https:\/\/eldigitaldeasturias.com\/magazine365\/los-hosteleros-de-alicante-esperan-una-ocupacion-del-95-para-nochevieja\/#organizationLogo"}},{"@type":"Person","@id":"https:\/\/eldigitaldeasturias.com\/magazine365\/author\/admin\/#author","url":"https:\/\/eldigitaldeasturias.com\/magazine365\/author\/admin\/","name":"admin","image":{"@type":"ImageObject","@id":"https:\/\/eldigitaldeasturias.com\/magazine365\/los-hosteleros-de-alicante-esperan-una-ocupacion-del-95-para-nochevieja\/#authorImage","url":"https:\/\/eldigitaldeasturias.com\/magazine365\/wp-content\/litespeed\/avatar\/e571bcf59a0edd6fa6838245a470f2fe.jpg?ver=1777574230","width":96,"height":96,"caption":"admin"}},{"@type":"WebPage","@id":"https:\/\/eldigitaldeasturias.com\/magazine365\/los-hosteleros-de-alicante-esperan-una-ocupacion-del-95-para-nochevieja\/#webpage","url":"https:\/\/eldigitaldeasturias.com\/magazine365\/los-hosteleros-de-alicante-esperan-una-ocupacion-del-95-para-nochevieja\/","name":"Los hosteleros de Alicante esperan una ocupaci\u00f3n del 95% para Nochevieja | El Digital de Asturias","description":"La presidenta de la Asociaci\u00f3n Provincial de Empresarios de Hosteler\u00eda de Alicante (Apeha), Mar\u00eda del Mar Valera, ha afirmado este mi\u00e9rcoles que la ocupaci\u00f3n prevista en los establecimientos para esta Nochevieja se sit\u00faa entre el 90 y el 95 por ciento, unas cifras que, a su juicio, demuestran que este a\u00f1o \"hay m\u00e1s ambiente, la","inLanguage":"es-ES","isPartOf":{"@id":"https:\/\/eldigitaldeasturias.com\/magazine365\/#website"},"breadcrumb":{"@id":"https:\/\/eldigitaldeasturias.com\/magazine365\/los-hosteleros-de-alicante-esperan-una-ocupacion-del-95-para-nochevieja\/#breadcrumblist"},"author":{"@id":"https:\/\/eldigitaldeasturias.com\/magazine365\/author\/admin\/#author"},"creator":{"@id":"https:\/\/eldigitaldeasturias.com\/magazine365\/author\/admin\/#author"},"image":{"@type":"ImageObject","url":"https:\/\/eldigitaldeasturias.com\/magazine365\/wp-content\/uploads\/2015\/12\/fotonoticia_20151230122548_800.jpg","@id":"https:\/\/eldigitaldeasturias.com\/magazine365\/los-hosteleros-de-alicante-esperan-una-ocupacion-del-95-para-nochevieja\/#mainImage","width":800,"height":533},"primaryImageOfPage":{"@id":"https:\/\/eldigitaldeasturias.com\/magazine365\/los-hosteleros-de-alicante-esperan-una-ocupacion-del-95-para-nochevieja\/#mainImage"},"datePublished":"2015-12-31T12:04:57+01:00","dateModified":"2015-12-31T12:04:57+01:00"},{"@type":"WebSite","@id":"https:\/\/eldigitaldeasturias.com\/magazine365\/#website","url":"https:\/\/eldigitaldeasturias.com\/magazine365\/","name":"El Digital de Asturias","description":"Revista de ocio, turismo y estilo de vida","inLanguage":"es-ES","publisher":{"@id":"https:\/\/eldigitaldeasturias.com\/magazine365\/#organization"}}]},"og:locale":"es_ES","og:site_name":"El Digital de Asturias \u2013 Revista de ocio, turismo y estilo de vida","og:type":"article","og:title":"Los hosteleros de Alicante esperan una ocupaci\u00f3n del 95% para Nochevieja | El Digital de Asturias","og:description":"La presidenta de la Asociaci\u00f3n Provincial de Empresarios de Hosteler\u00eda de Alicante (Apeha), Mar\u00eda del Mar Valera, ha afirmado este mi\u00e9rcoles que la ocupaci\u00f3n prevista en los establecimientos para esta Nochevieja se sit\u00faa entre el 90 y el 95 por ciento, unas cifras que, a su juicio, demuestran que este a\u00f1o &quot;hay m\u00e1s ambiente, la","og:url":"https:\/\/eldigitaldeasturias.com\/magazine365\/los-hosteleros-de-alicante-esperan-una-ocupacion-del-95-para-nochevieja\/","og:image":"https:\/\/eldigitaldeasturias.com\/magazine365\/wp-content\/uploads\/2015\/12\/fotonoticia_20151230122548_800.jpg","og:image:secure_url":"https:\/\/eldigitaldeasturias.com\/magazine365\/wp-content\/uploads\/2015\/12\/fotonoticia_20151230122548_800.jpg","og:image:width":800,"og:image:height":533,"article:published_time":"2015-12-31T11:04:57+00:00","article:modified_time":"2015-12-31T11:04:57+00:00","twitter:card":"summary_large_image","twitter:title":"Los hosteleros de Alicante esperan una ocupaci\u00f3n del 95% para Nochevieja | El Digital de Asturias","twitter:description":"La presidenta de la Asociaci\u00f3n Provincial de Empresarios de Hosteler\u00eda de Alicante (Apeha), Mar\u00eda del Mar Valera, ha afirmado este mi\u00e9rcoles que la ocupaci\u00f3n prevista en los establecimientos para esta Nochevieja se sit\u00faa entre el 90 y el 95 por ciento, unas cifras que, a su juicio, demuestran que este a\u00f1o &quot;hay m\u00e1s ambiente, la","twitter:image":"https:\/\/eldigitaldeasturias.com\/magazine365\/wp-content\/uploads\/2015\/12\/fotonoticia_20151230122548_800.jpg"},"aioseo_meta_data":{"post_id":"59557","title":null,"description":null,"keywords":null,"keyphrases":null,"primary_term":null,"canonical_url":null,"og_title":null,"og_description":null,"og_object_type":"default","og_image_type":"default","og_image_url":null,"og_image_width":null,"og_image_height":null,"og_image_custom_url":null,"og_image_custom_fields":null,"og_video":null,"og_custom_url":null,"og_article_section":null,"og_article_tags":null,"twitter_use_og":false,"twitter_card":"default","twitter_image_type":"default","twitter_image_url":null,"twitter_image_custom_url":null,"twitter_image_custom_fields":null,"twitter_title":null,"twitter_description":null,"schema":{"blockGraphs":[],"customGraphs":[],"default":{"data":{"Article":[],"Course":[],"Dataset":[],"FAQPage":[],"Movie":[],"Person":[],"Product":[],"ProductReview":[],"Car":[],"Recipe":[],"Service":[],"SoftwareApplication":[],"WebPage":[]},"graphName":"","isEnabled":true},"graphs":[],"defaultGraph":"","defaultPostTypeGraph":""},"schema_type":null,"schema_type_options":null,"pillar_content":false,"robots_default":true,"robots_noindex":false,"robots_noarchive":false,"robots_nosnippet":false,"robots_nofollow":false,"robots_noimageindex":false,"robots_noodp":false,"robots_notranslate":false,"robots_max_snippet":null,"robots_max_videopreview":null,"robots_max_imagepreview":"large","priority":null,"frequency":null,"location":null,"local_seo":null,"seo_analyzer_scan_date":"2025-09-25 05:10:37","breadcrumb_settings":null,"limit_modified_date":false,"open_ai":null,"ai":null,"created":"2021-03-08 22:15:05","updated":"2025-09-25 05:10:37"},"aioseo_breadcrumb":"<div class=\"aioseo-breadcrumbs\"><span class=\"aioseo-breadcrumb\">\n\t<a href=\"https:\/\/eldigitaldeasturias.com\/magazine365\" title=\"Home\">Home<\/a>\n<\/span><span class=\"aioseo-breadcrumb-separator\">\u2013<\/span><span class=\"aioseo-breadcrumb\">\n\t<a href=\"https:\/\/eldigitaldeasturias.com\/magazine365\/category\/noticias-actualidad\/\" title=\"Noticias y Actualidad\">Noticias y Actualidad<\/a>\n<\/span><span class=\"aioseo-breadcrumb-separator\">\u2013<\/span><span class=\"aioseo-breadcrumb\">\n\t<a href=\"https:\/\/eldigitaldeasturias.com\/magazine365\/los-hosteleros-de-alicante-esperan-una-ocupacion-del-95-para-nochevieja\/\" title=\"Los hosteleros de Alicante esperan una ocupaci\u00f3n del 95% para Nochevieja\">Los hosteleros de Alicante esperan una ocupaci\u00f3n del 95% para Nochevieja<\/a>\n<\/span><\/div>","aioseo_breadcrumb_json":[{"label":"Home","link":"https:\/\/eldigitaldeasturias.com\/magazine365"},{"label":"Noticias y Actualidad","link":"https:\/\/eldigitaldeasturias.com\/magazine365\/category\/noticias-actualidad\/"},{"label":"Los hosteleros de Alicante esperan una ocupaci\u00f3n del 95% para Nochevieja","link":"https:\/\/eldigitaldeasturias.com\/magazine365\/los-hosteleros-de-alicante-esperan-una-ocupacion-del-95-para-nochevieja\/"}],"_links":{"self":[{"href":"https:\/\/eldigitaldeasturias.com\/magazine365\/wp-json\/wp\/v2\/posts\/59557","targetHints":{"allow":["GET"]}}],"collection":[{"href":"https:\/\/eldigitaldeasturias.com\/magazine365\/wp-json\/wp\/v2\/posts"}],"about":[{"href":"https:\/\/eldigitaldeasturias.com\/magazine365\/wp-json\/wp\/v2\/types\/post"}],"author":[{"embeddable":true,"href":"https:\/\/eldigitaldeasturias.com\/magazine365\/wp-json\/wp\/v2\/users\/1"}],"replies":[{"embeddable":true,"href":"https:\/\/eldigitaldeasturias.com\/magazine365\/wp-json\/wp\/v2\/comments?post=59557"}],"version-history":[{"count":0,"href":"https:\/\/eldigitaldeasturias.com\/magazine365\/wp-json\/wp\/v2\/posts\/59557\/revisions"}],"wp:featuredmedia":[{"embeddable":true,"href":"https:\/\/eldigitaldeasturias.com\/magazine365\/wp-json\/wp\/v2\/media\/59558"}],"wp:attachment":[{"href":"https:\/\/eldigitaldeasturias.com\/magazine365\/wp-json\/wp\/v2\/media?parent=59557"}],"wp:term":[{"taxonomy":"category","embeddable":true,"href":"https:\/\/eldigitaldeasturias.com\/magazine365\/wp-json\/wp\/v2\/categories?post=59557"},{"taxonomy":"post_tag","embeddable":true,"href":"https:\/\/eldigitaldeasturias.com\/magazine365\/wp-json\/wp\/v2\/tags?post=59557"}],"curies":[{"name":"wp","href":"https:\/\/api.w.org\/{rel}","templated":true}]}}