{"id":59551,"date":"2015-12-31T06:08:59","date_gmt":"2015-12-31T05:08:59","guid":{"rendered":"http:\/\/eldigitaldeasturias.com\/magazine365\/?p=59551"},"modified":"2015-12-31T06:08:59","modified_gmt":"2015-12-31T05:08:59","slug":"profesionales-del-servicio-del-061-participan-en-un-simulacro-de-accidente-aereo-en-el-aeropuerto-de-faro","status":"publish","type":"post","link":"https:\/\/eldigitaldeasturias.com\/magazine365\/profesionales-del-servicio-del-061-participan-en-un-simulacro-de-accidente-aereo-en-el-aeropuerto-de-faro\/","title":{"rendered":"Profesionales del servicio del 061 participan en un simulacro de accidente a\u00e9reo en el aeropuerto de Faro"},"content":{"rendered":"<p><img fetchpriority=\"high\" decoding=\"async\" class=\"alignleft size-medium wp-image-59552\" src=\"https:\/\/eldigitaldeasturias.com\/magazine365\/wp-content\/uploads\/2015\/12\/fotonoticia_20151230120545_800-360x270.jpg\" alt=\"fotonoticia_20151230120545_800\" width=\"360\" height=\"270\" srcset=\"https:\/\/eldigitaldeasturias.com\/magazine365\/wp-content\/uploads\/2015\/12\/fotonoticia_20151230120545_800-360x270.jpg 360w, https:\/\/eldigitaldeasturias.com\/magazine365\/wp-content\/uploads\/2015\/12\/fotonoticia_20151230120545_800-650x488.jpg 650w, https:\/\/eldigitaldeasturias.com\/magazine365\/wp-content\/uploads\/2015\/12\/fotonoticia_20151230120545_800-768x576.jpg 768w, https:\/\/eldigitaldeasturias.com\/magazine365\/wp-content\/uploads\/2015\/12\/fotonoticia_20151230120545_800-150x113.jpg 150w, https:\/\/eldigitaldeasturias.com\/magazine365\/wp-content\/uploads\/2015\/12\/fotonoticia_20151230120545_800-450x338.jpg 450w, https:\/\/eldigitaldeasturias.com\/magazine365\/wp-content\/uploads\/2015\/12\/fotonoticia_20151230120545_800-80x60.jpg 80w, https:\/\/eldigitaldeasturias.com\/magazine365\/wp-content\/uploads\/2015\/12\/fotonoticia_20151230120545_800-265x198.jpg 265w, https:\/\/eldigitaldeasturias.com\/magazine365\/wp-content\/uploads\/2015\/12\/fotonoticia_20151230120545_800-696x522.jpg 696w, https:\/\/eldigitaldeasturias.com\/magazine365\/wp-content\/uploads\/2015\/12\/fotonoticia_20151230120545_800-560x420.jpg 560w, https:\/\/eldigitaldeasturias.com\/magazine365\/wp-content\/uploads\/2015\/12\/fotonoticia_20151230120545_800-90x67.jpg 90w, https:\/\/eldigitaldeasturias.com\/magazine365\/wp-content\/uploads\/2015\/12\/fotonoticia_20151230120545_800-164x124.jpg 164w, https:\/\/eldigitaldeasturias.com\/magazine365\/wp-content\/uploads\/2015\/12\/fotonoticia_20151230120545_800-100x75.jpg 100w, https:\/\/eldigitaldeasturias.com\/magazine365\/wp-content\/uploads\/2015\/12\/fotonoticia_20151230120545_800.jpg 800w\" sizes=\"(max-width: 360px) 100vw, 360px\" \/>La Empresa P\u00fablica de Emergencias Sanitarias (EPES) 061 de la Consejer\u00eda de Salud ha participado como observador internacional en un simulacro de accidente a\u00e9reo en el aeropuerto de Faro (Portugal). Profesionales de servicio provincial de Huelva han acompa\u00f1ado a los miembros del Instituto Nacional de Emergencias M\u00e9dicas (INEM) luso que interven\u00edan en el ejercicio, con la finalidad de analizar sus actuaciones sanitarias y la capacidad de respuesta ante accidentes con m\u00faltiples v\u00edctimas.<\/p>\n<p>Seg\u00fan ha informado la Junta en una nota de prensa, esta iniciativa forma parte de los objetivos de colaboraci\u00f3n marcados en el acuerdo de hermanamiento firmado por ambas instituciones, y que estaba dirigido a establecer relaciones permanentes de cooperaci\u00f3n e intercambio de conocimiento que contribuya a reforzar y favorecer la calidad de la atenci\u00f3n sanitaria en situaciones de emergencias en ambos territorios.<\/p>\n<p>Dicho hermanamiento surge tras tres a\u00f1os de estrecha colaboraci\u00f3n entre m\u00e1s de una veintena de profesionales de ambas instituciones, que desarrollaron el proyecto europeo denominado &#8216;Geritrans A Plus&#8217; (Gesti\u00f3n de Riesgos Transfronterizos Alentejo, Algarve y Andaluc\u00eda), financiado con fondos Feder dentro del Programa Operativo de Cooperaci\u00f3n Transfronteriza entre Espa\u00f1a y Portugal (Poctep).<\/p>\n<p>Entre los resultados del proyecto, ya finalizado, se encuentra la creaci\u00f3n de una plataforma de comunicaci\u00f3n que facilitar\u00e1 la alerta y la coordinaci\u00f3n entre el centro de emergencias sanitarias del 061 en Huelva y el centro de coordinaci\u00f3n sanitaria de INEM situado en Lisboa, como un sistema de apoyo ante situaciones extraordinarias en las que exista la necesidad de intervenci\u00f3n de los profesionales sanitarios en la frontera hispano-lusa. El territorio se limita a la franja transfronteriza (a ambos lados de la frontera) de unos diez a 30 kil\u00f3metros aproximadamente. con objeto de que los tiempos de respuesta sean adecuados.<\/p>\n<p>Esta herramienta, accesible para los profesionales de ambos servicios desde la web del proyecto, &#8211;www.geritrans.eu&#8211;, permite tener un conocimiento mutuo de los recursos sanitarios disponibles a ambos lados de la frontera para la intervenci\u00f3n conjunta de los equipos de emergencias, cuando lo soliciten y decidan las autoridades competentes respectivas.<\/p>\n<p>Dentro del proyecto &#8216;Geritrans A Plus&#8217;, EPES 061 e INEM han consensuado procedimientos y protocolos t\u00e9cnicos de trabajo y establecido un cat\u00e1logo de posibles riesgos medioambientales, biol\u00f3gicos o de otra naturaleza que puedan afectar a las personas que habitan a un lado u otro de la frontera, de tal manera que permitan una preparaci\u00f3n e intervenci\u00f3n precoz de los servicios de salud p\u00fablica para reducir el impacto.<\/p>\n<p>El proyecto &#8216;Geritrans A Plus&#8217; surge de la necesidad de crear protocolos de coordinaci\u00f3n sanitaria que permitieran, en caso necesario, alertar y activar recursos de ambas instituciones dada su pr\u00f3xima ubicaci\u00f3n geogr\u00e1fica para colaborar exclusivamente, desde el \u00e1mbito de las emergencias sanitarias, en la atenci\u00f3n a situaciones sanitarias complejas.<\/p>\n","protected":false},"excerpt":{"rendered":"<p>La Empresa P\u00fablica de Emergencias Sanitarias (EPES) 061 de la Consejer\u00eda de Salud ha participado como observador internacional en un simulacro de accidente a\u00e9reo en el aeropuerto de Faro (Portugal). Profesionales de servicio provincial de Huelva han acompa\u00f1ado a los miembros del Instituto Nacional de Emergencias M\u00e9dicas (INEM) luso que interven\u00edan en el ejercicio, con<\/p>\n","protected":false},"author":1,"featured_media":59552,"comment_status":"open","ping_status":"closed","sticky":false,"template":"","format":"standard","meta":{"footnotes":""},"categories":[224],"tags":[],"class_list":{"0":"post-59551","1":"post","2":"type-post","3":"status-publish","4":"format-standard","5":"has-post-thumbnail","7":"category-noticias-actualidad"},"aioseo_notices":[],"aioseo_head":"\n\t\t<!-- All in One SEO Pro 4.9.6.1 - aioseo.com -->\n\t<meta name=\"description\" content=\"La Empresa P\u00fablica de Emergencias Sanitarias (EPES) 061 de la Consejer\u00eda de Salud ha participado como observador internacional en un simulacro de accidente a\u00e9reo en el aeropuerto de Faro (Portugal). Profesionales de servicio provincial de Huelva han acompa\u00f1ado a los miembros del Instituto Nacional de Emergencias M\u00e9dicas (INEM) luso que interven\u00edan en el ejercicio, con\" \/>\n\t<meta name=\"robots\" content=\"max-image-preview:large\" \/>\n\t<meta name=\"author\" content=\"admin\"\/>\n\t<meta name=\"google-site-verification\" content=\"UA-38556648-1\" \/>\n\t<meta name=\"keywords\" content=\"noticias y actualidad\" \/>\n\t<link rel=\"canonical\" href=\"https:\/\/eldigitaldeasturias.com\/magazine365\/profesionales-del-servicio-del-061-participan-en-un-simulacro-de-accidente-aereo-en-el-aeropuerto-de-faro\/\" \/>\n\t<meta name=\"generator\" content=\"All in One SEO Pro (AIOSEO) 4.9.6.1\" \/>\n\t\t<meta property=\"og:locale\" content=\"es_ES\" \/>\n\t\t<meta property=\"og:site_name\" content=\"El Digital de Asturias \u2013 Revista de ocio, turismo y estilo de vida\" \/>\n\t\t<meta property=\"og:type\" content=\"article\" \/>\n\t\t<meta property=\"og:title\" content=\"Profesionales del servicio del 061 participan en un simulacro de accidente a\u00e9reo en el aeropuerto de Faro | El Digital de Asturias\" \/>\n\t\t<meta property=\"og:description\" content=\"La Empresa P\u00fablica de Emergencias Sanitarias (EPES) 061 de la Consejer\u00eda de Salud ha participado como observador internacional en un simulacro de accidente a\u00e9reo en el aeropuerto de Faro (Portugal). Profesionales de servicio provincial de Huelva han acompa\u00f1ado a los miembros del Instituto Nacional de Emergencias M\u00e9dicas (INEM) luso que interven\u00edan en el ejercicio, con\" \/>\n\t\t<meta property=\"og:url\" content=\"https:\/\/eldigitaldeasturias.com\/magazine365\/profesionales-del-servicio-del-061-participan-en-un-simulacro-de-accidente-aereo-en-el-aeropuerto-de-faro\/\" \/>\n\t\t<meta property=\"og:image\" content=\"https:\/\/eldigitaldeasturias.com\/magazine365\/wp-content\/uploads\/2015\/12\/fotonoticia_20151230120545_800.jpg\" \/>\n\t\t<meta property=\"og:image:secure_url\" content=\"https:\/\/eldigitaldeasturias.com\/magazine365\/wp-content\/uploads\/2015\/12\/fotonoticia_20151230120545_800.jpg\" \/>\n\t\t<meta property=\"og:image:width\" content=\"800\" \/>\n\t\t<meta property=\"og:image:height\" content=\"600\" \/>\n\t\t<meta property=\"article:published_time\" content=\"2015-12-31T05:08:59+00:00\" \/>\n\t\t<meta property=\"article:modified_time\" content=\"2015-12-31T05:08:59+00:00\" \/>\n\t\t<meta name=\"twitter:card\" content=\"summary_large_image\" \/>\n\t\t<meta name=\"twitter:title\" content=\"Profesionales del servicio del 061 participan en un simulacro de accidente a\u00e9reo en el aeropuerto de Faro | El Digital de Asturias\" \/>\n\t\t<meta name=\"twitter:description\" content=\"La Empresa P\u00fablica de Emergencias Sanitarias (EPES) 061 de la Consejer\u00eda de Salud ha participado como observador internacional en un simulacro de accidente a\u00e9reo en el aeropuerto de Faro (Portugal). Profesionales de servicio provincial de Huelva han acompa\u00f1ado a los miembros del Instituto Nacional de Emergencias M\u00e9dicas (INEM) luso que interven\u00edan en el ejercicio, con\" \/>\n\t\t<meta name=\"twitter:image\" content=\"https:\/\/eldigitaldeasturias.com\/magazine365\/wp-content\/uploads\/2015\/12\/fotonoticia_20151230120545_800.jpg\" \/>\n\t\t<script type=\"application\/ld+json\" class=\"aioseo-schema\">\n\t\t\t{\"@context\":\"https:\\\/\\\/schema.org\",\"@graph\":[{\"@type\":\"Article\",\"@id\":\"https:\\\/\\\/eldigitaldeasturias.com\\\/magazine365\\\/profesionales-del-servicio-del-061-participan-en-un-simulacro-de-accidente-aereo-en-el-aeropuerto-de-faro\\\/#article\",\"name\":\"Profesionales del servicio del 061 participan en un simulacro de accidente a\\u00e9reo en el aeropuerto de Faro | El Digital de Asturias\",\"headline\":\"Profesionales del servicio del 061 participan en un simulacro de accidente a\\u00e9reo en el aeropuerto de Faro\",\"author\":{\"@id\":\"https:\\\/\\\/eldigitaldeasturias.com\\\/magazine365\\\/author\\\/admin\\\/#author\"},\"publisher\":{\"@id\":\"https:\\\/\\\/eldigitaldeasturias.com\\\/magazine365\\\/#organization\"},\"image\":{\"@type\":\"ImageObject\",\"url\":\"https:\\\/\\\/eldigitaldeasturias.com\\\/magazine365\\\/wp-content\\\/uploads\\\/2015\\\/12\\\/fotonoticia_20151230120545_800.jpg\",\"width\":800,\"height\":600},\"datePublished\":\"2015-12-31T06:08:59+01:00\",\"dateModified\":\"2015-12-31T06:08:59+01:00\",\"inLanguage\":\"es-ES\",\"mainEntityOfPage\":{\"@id\":\"https:\\\/\\\/eldigitaldeasturias.com\\\/magazine365\\\/profesionales-del-servicio-del-061-participan-en-un-simulacro-de-accidente-aereo-en-el-aeropuerto-de-faro\\\/#webpage\"},\"isPartOf\":{\"@id\":\"https:\\\/\\\/eldigitaldeasturias.com\\\/magazine365\\\/profesionales-del-servicio-del-061-participan-en-un-simulacro-de-accidente-aereo-en-el-aeropuerto-de-faro\\\/#webpage\"},\"articleSection\":\"Noticias y Actualidad\"},{\"@type\":\"BreadcrumbList\",\"@id\":\"https:\\\/\\\/eldigitaldeasturias.com\\\/magazine365\\\/profesionales-del-servicio-del-061-participan-en-un-simulacro-de-accidente-aereo-en-el-aeropuerto-de-faro\\\/#breadcrumblist\",\"itemListElement\":[{\"@type\":\"ListItem\",\"@id\":\"https:\\\/\\\/eldigitaldeasturias.com\\\/magazine365#listItem\",\"position\":1,\"name\":\"Home\",\"item\":\"https:\\\/\\\/eldigitaldeasturias.com\\\/magazine365\",\"nextItem\":{\"@type\":\"ListItem\",\"@id\":\"https:\\\/\\\/eldigitaldeasturias.com\\\/magazine365\\\/category\\\/noticias-actualidad\\\/#listItem\",\"name\":\"Noticias y Actualidad\"}},{\"@type\":\"ListItem\",\"@id\":\"https:\\\/\\\/eldigitaldeasturias.com\\\/magazine365\\\/category\\\/noticias-actualidad\\\/#listItem\",\"position\":2,\"name\":\"Noticias y Actualidad\",\"item\":\"https:\\\/\\\/eldigitaldeasturias.com\\\/magazine365\\\/category\\\/noticias-actualidad\\\/\",\"nextItem\":{\"@type\":\"ListItem\",\"@id\":\"https:\\\/\\\/eldigitaldeasturias.com\\\/magazine365\\\/profesionales-del-servicio-del-061-participan-en-un-simulacro-de-accidente-aereo-en-el-aeropuerto-de-faro\\\/#listItem\",\"name\":\"Profesionales del servicio del 061 participan en un simulacro de accidente a\\u00e9reo en el aeropuerto de Faro\"},\"previousItem\":{\"@type\":\"ListItem\",\"@id\":\"https:\\\/\\\/eldigitaldeasturias.com\\\/magazine365#listItem\",\"name\":\"Home\"}},{\"@type\":\"ListItem\",\"@id\":\"https:\\\/\\\/eldigitaldeasturias.com\\\/magazine365\\\/profesionales-del-servicio-del-061-participan-en-un-simulacro-de-accidente-aereo-en-el-aeropuerto-de-faro\\\/#listItem\",\"position\":3,\"name\":\"Profesionales del servicio del 061 participan en un simulacro de accidente a\\u00e9reo en el aeropuerto de Faro\",\"previousItem\":{\"@type\":\"ListItem\",\"@id\":\"https:\\\/\\\/eldigitaldeasturias.com\\\/magazine365\\\/category\\\/noticias-actualidad\\\/#listItem\",\"name\":\"Noticias y Actualidad\"}}]},{\"@type\":\"Organization\",\"@id\":\"https:\\\/\\\/eldigitaldeasturias.com\\\/magazine365\\\/#organization\",\"name\":\"El digital de Asturias\",\"description\":\"Revista de ocio, turismo y estilo de vida\",\"url\":\"https:\\\/\\\/eldigitaldeasturias.com\\\/magazine365\\\/\",\"logo\":{\"@type\":\"ImageObject\",\"url\":\"https:\\\/\\\/www.eldigitaldeasturias.com\\\/noticias\\\/wp-content\\\/uploads\\\/2020\\\/12\\\/EDA.jpg\",\"@id\":\"https:\\\/\\\/eldigitaldeasturias.com\\\/magazine365\\\/profesionales-del-servicio-del-061-participan-en-un-simulacro-de-accidente-aereo-en-el-aeropuerto-de-faro\\\/#organizationLogo\"},\"image\":{\"@id\":\"https:\\\/\\\/eldigitaldeasturias.com\\\/magazine365\\\/profesionales-del-servicio-del-061-participan-en-un-simulacro-de-accidente-aereo-en-el-aeropuerto-de-faro\\\/#organizationLogo\"}},{\"@type\":\"Person\",\"@id\":\"https:\\\/\\\/eldigitaldeasturias.com\\\/magazine365\\\/author\\\/admin\\\/#author\",\"url\":\"https:\\\/\\\/eldigitaldeasturias.com\\\/magazine365\\\/author\\\/admin\\\/\",\"name\":\"admin\",\"image\":{\"@type\":\"ImageObject\",\"@id\":\"https:\\\/\\\/eldigitaldeasturias.com\\\/magazine365\\\/profesionales-del-servicio-del-061-participan-en-un-simulacro-de-accidente-aereo-en-el-aeropuerto-de-faro\\\/#authorImage\",\"url\":\"https:\\\/\\\/eldigitaldeasturias.com\\\/magazine365\\\/wp-content\\\/litespeed\\\/avatar\\\/e571bcf59a0edd6fa6838245a470f2fe.jpg?ver=1777574230\",\"width\":96,\"height\":96,\"caption\":\"admin\"}},{\"@type\":\"WebPage\",\"@id\":\"https:\\\/\\\/eldigitaldeasturias.com\\\/magazine365\\\/profesionales-del-servicio-del-061-participan-en-un-simulacro-de-accidente-aereo-en-el-aeropuerto-de-faro\\\/#webpage\",\"url\":\"https:\\\/\\\/eldigitaldeasturias.com\\\/magazine365\\\/profesionales-del-servicio-del-061-participan-en-un-simulacro-de-accidente-aereo-en-el-aeropuerto-de-faro\\\/\",\"name\":\"Profesionales del servicio del 061 participan en un simulacro de accidente a\\u00e9reo en el aeropuerto de Faro | El Digital de Asturias\",\"description\":\"La Empresa P\\u00fablica de Emergencias Sanitarias (EPES) 061 de la Consejer\\u00eda de Salud ha participado como observador internacional en un simulacro de accidente a\\u00e9reo en el aeropuerto de Faro (Portugal). Profesionales de servicio provincial de Huelva han acompa\\u00f1ado a los miembros del Instituto Nacional de Emergencias M\\u00e9dicas (INEM) luso que interven\\u00edan en el ejercicio, con\",\"inLanguage\":\"es-ES\",\"isPartOf\":{\"@id\":\"https:\\\/\\\/eldigitaldeasturias.com\\\/magazine365\\\/#website\"},\"breadcrumb\":{\"@id\":\"https:\\\/\\\/eldigitaldeasturias.com\\\/magazine365\\\/profesionales-del-servicio-del-061-participan-en-un-simulacro-de-accidente-aereo-en-el-aeropuerto-de-faro\\\/#breadcrumblist\"},\"author\":{\"@id\":\"https:\\\/\\\/eldigitaldeasturias.com\\\/magazine365\\\/author\\\/admin\\\/#author\"},\"creator\":{\"@id\":\"https:\\\/\\\/eldigitaldeasturias.com\\\/magazine365\\\/author\\\/admin\\\/#author\"},\"image\":{\"@type\":\"ImageObject\",\"url\":\"https:\\\/\\\/eldigitaldeasturias.com\\\/magazine365\\\/wp-content\\\/uploads\\\/2015\\\/12\\\/fotonoticia_20151230120545_800.jpg\",\"@id\":\"https:\\\/\\\/eldigitaldeasturias.com\\\/magazine365\\\/profesionales-del-servicio-del-061-participan-en-un-simulacro-de-accidente-aereo-en-el-aeropuerto-de-faro\\\/#mainImage\",\"width\":800,\"height\":600},\"primaryImageOfPage\":{\"@id\":\"https:\\\/\\\/eldigitaldeasturias.com\\\/magazine365\\\/profesionales-del-servicio-del-061-participan-en-un-simulacro-de-accidente-aereo-en-el-aeropuerto-de-faro\\\/#mainImage\"},\"datePublished\":\"2015-12-31T06:08:59+01:00\",\"dateModified\":\"2015-12-31T06:08:59+01:00\"},{\"@type\":\"WebSite\",\"@id\":\"https:\\\/\\\/eldigitaldeasturias.com\\\/magazine365\\\/#website\",\"url\":\"https:\\\/\\\/eldigitaldeasturias.com\\\/magazine365\\\/\",\"name\":\"El Digital de Asturias\",\"description\":\"Revista de ocio, turismo y estilo de vida\",\"inLanguage\":\"es-ES\",\"publisher\":{\"@id\":\"https:\\\/\\\/eldigitaldeasturias.com\\\/magazine365\\\/#organization\"}}]}\n\t\t<\/script>\n\t\t<!-- All in One SEO Pro -->\r\n\t\t<title>Profesionales del servicio del 061 participan en un simulacro de accidente a\u00e9reo en el aeropuerto de Faro | El Digital de Asturias<\/title>\n\n","aioseo_head_json":{"title":"Profesionales del servicio del 061 participan en un simulacro de accidente a\u00e9reo en el aeropuerto de Faro | El Digital de Asturias","description":"La Empresa P\u00fablica de Emergencias Sanitarias (EPES) 061 de la Consejer\u00eda de Salud ha participado como observador internacional en un simulacro de accidente a\u00e9reo en el aeropuerto de Faro (Portugal). Profesionales de servicio provincial de Huelva han acompa\u00f1ado a los miembros del Instituto Nacional de Emergencias M\u00e9dicas (INEM) luso que interven\u00edan en el ejercicio, con","canonical_url":"https:\/\/eldigitaldeasturias.com\/magazine365\/profesionales-del-servicio-del-061-participan-en-un-simulacro-de-accidente-aereo-en-el-aeropuerto-de-faro\/","robots":"max-image-preview:large","keywords":"noticias y actualidad","webmasterTools":{"google-site-verification":"UA-38556648-1","miscellaneous":""},"schema":{"@context":"https:\/\/schema.org","@graph":[{"@type":"Article","@id":"https:\/\/eldigitaldeasturias.com\/magazine365\/profesionales-del-servicio-del-061-participan-en-un-simulacro-de-accidente-aereo-en-el-aeropuerto-de-faro\/#article","name":"Profesionales del servicio del 061 participan en un simulacro de accidente a\u00e9reo en el aeropuerto de Faro | El Digital de Asturias","headline":"Profesionales del servicio del 061 participan en un simulacro de accidente a\u00e9reo en el aeropuerto de Faro","author":{"@id":"https:\/\/eldigitaldeasturias.com\/magazine365\/author\/admin\/#author"},"publisher":{"@id":"https:\/\/eldigitaldeasturias.com\/magazine365\/#organization"},"image":{"@type":"ImageObject","url":"https:\/\/eldigitaldeasturias.com\/magazine365\/wp-content\/uploads\/2015\/12\/fotonoticia_20151230120545_800.jpg","width":800,"height":600},"datePublished":"2015-12-31T06:08:59+01:00","dateModified":"2015-12-31T06:08:59+01:00","inLanguage":"es-ES","mainEntityOfPage":{"@id":"https:\/\/eldigitaldeasturias.com\/magazine365\/profesionales-del-servicio-del-061-participan-en-un-simulacro-de-accidente-aereo-en-el-aeropuerto-de-faro\/#webpage"},"isPartOf":{"@id":"https:\/\/eldigitaldeasturias.com\/magazine365\/profesionales-del-servicio-del-061-participan-en-un-simulacro-de-accidente-aereo-en-el-aeropuerto-de-faro\/#webpage"},"articleSection":"Noticias y Actualidad"},{"@type":"BreadcrumbList","@id":"https:\/\/eldigitaldeasturias.com\/magazine365\/profesionales-del-servicio-del-061-participan-en-un-simulacro-de-accidente-aereo-en-el-aeropuerto-de-faro\/#breadcrumblist","itemListElement":[{"@type":"ListItem","@id":"https:\/\/eldigitaldeasturias.com\/magazine365#listItem","position":1,"name":"Home","item":"https:\/\/eldigitaldeasturias.com\/magazine365","nextItem":{"@type":"ListItem","@id":"https:\/\/eldigitaldeasturias.com\/magazine365\/category\/noticias-actualidad\/#listItem","name":"Noticias y Actualidad"}},{"@type":"ListItem","@id":"https:\/\/eldigitaldeasturias.com\/magazine365\/category\/noticias-actualidad\/#listItem","position":2,"name":"Noticias y Actualidad","item":"https:\/\/eldigitaldeasturias.com\/magazine365\/category\/noticias-actualidad\/","nextItem":{"@type":"ListItem","@id":"https:\/\/eldigitaldeasturias.com\/magazine365\/profesionales-del-servicio-del-061-participan-en-un-simulacro-de-accidente-aereo-en-el-aeropuerto-de-faro\/#listItem","name":"Profesionales del servicio del 061 participan en un simulacro de accidente a\u00e9reo en el aeropuerto de Faro"},"previousItem":{"@type":"ListItem","@id":"https:\/\/eldigitaldeasturias.com\/magazine365#listItem","name":"Home"}},{"@type":"ListItem","@id":"https:\/\/eldigitaldeasturias.com\/magazine365\/profesionales-del-servicio-del-061-participan-en-un-simulacro-de-accidente-aereo-en-el-aeropuerto-de-faro\/#listItem","position":3,"name":"Profesionales del servicio del 061 participan en un simulacro de accidente a\u00e9reo en el aeropuerto de Faro","previousItem":{"@type":"ListItem","@id":"https:\/\/eldigitaldeasturias.com\/magazine365\/category\/noticias-actualidad\/#listItem","name":"Noticias y Actualidad"}}]},{"@type":"Organization","@id":"https:\/\/eldigitaldeasturias.com\/magazine365\/#organization","name":"El digital de Asturias","description":"Revista de ocio, turismo y estilo de vida","url":"https:\/\/eldigitaldeasturias.com\/magazine365\/","logo":{"@type":"ImageObject","url":"https:\/\/www.eldigitaldeasturias.com\/noticias\/wp-content\/uploads\/2020\/12\/EDA.jpg","@id":"https:\/\/eldigitaldeasturias.com\/magazine365\/profesionales-del-servicio-del-061-participan-en-un-simulacro-de-accidente-aereo-en-el-aeropuerto-de-faro\/#organizationLogo"},"image":{"@id":"https:\/\/eldigitaldeasturias.com\/magazine365\/profesionales-del-servicio-del-061-participan-en-un-simulacro-de-accidente-aereo-en-el-aeropuerto-de-faro\/#organizationLogo"}},{"@type":"Person","@id":"https:\/\/eldigitaldeasturias.com\/magazine365\/author\/admin\/#author","url":"https:\/\/eldigitaldeasturias.com\/magazine365\/author\/admin\/","name":"admin","image":{"@type":"ImageObject","@id":"https:\/\/eldigitaldeasturias.com\/magazine365\/profesionales-del-servicio-del-061-participan-en-un-simulacro-de-accidente-aereo-en-el-aeropuerto-de-faro\/#authorImage","url":"https:\/\/eldigitaldeasturias.com\/magazine365\/wp-content\/litespeed\/avatar\/e571bcf59a0edd6fa6838245a470f2fe.jpg?ver=1777574230","width":96,"height":96,"caption":"admin"}},{"@type":"WebPage","@id":"https:\/\/eldigitaldeasturias.com\/magazine365\/profesionales-del-servicio-del-061-participan-en-un-simulacro-de-accidente-aereo-en-el-aeropuerto-de-faro\/#webpage","url":"https:\/\/eldigitaldeasturias.com\/magazine365\/profesionales-del-servicio-del-061-participan-en-un-simulacro-de-accidente-aereo-en-el-aeropuerto-de-faro\/","name":"Profesionales del servicio del 061 participan en un simulacro de accidente a\u00e9reo en el aeropuerto de Faro | El Digital de Asturias","description":"La Empresa P\u00fablica de Emergencias Sanitarias (EPES) 061 de la Consejer\u00eda de Salud ha participado como observador internacional en un simulacro de accidente a\u00e9reo en el aeropuerto de Faro (Portugal). Profesionales de servicio provincial de Huelva han acompa\u00f1ado a los miembros del Instituto Nacional de Emergencias M\u00e9dicas (INEM) luso que interven\u00edan en el ejercicio, con","inLanguage":"es-ES","isPartOf":{"@id":"https:\/\/eldigitaldeasturias.com\/magazine365\/#website"},"breadcrumb":{"@id":"https:\/\/eldigitaldeasturias.com\/magazine365\/profesionales-del-servicio-del-061-participan-en-un-simulacro-de-accidente-aereo-en-el-aeropuerto-de-faro\/#breadcrumblist"},"author":{"@id":"https:\/\/eldigitaldeasturias.com\/magazine365\/author\/admin\/#author"},"creator":{"@id":"https:\/\/eldigitaldeasturias.com\/magazine365\/author\/admin\/#author"},"image":{"@type":"ImageObject","url":"https:\/\/eldigitaldeasturias.com\/magazine365\/wp-content\/uploads\/2015\/12\/fotonoticia_20151230120545_800.jpg","@id":"https:\/\/eldigitaldeasturias.com\/magazine365\/profesionales-del-servicio-del-061-participan-en-un-simulacro-de-accidente-aereo-en-el-aeropuerto-de-faro\/#mainImage","width":800,"height":600},"primaryImageOfPage":{"@id":"https:\/\/eldigitaldeasturias.com\/magazine365\/profesionales-del-servicio-del-061-participan-en-un-simulacro-de-accidente-aereo-en-el-aeropuerto-de-faro\/#mainImage"},"datePublished":"2015-12-31T06:08:59+01:00","dateModified":"2015-12-31T06:08:59+01:00"},{"@type":"WebSite","@id":"https:\/\/eldigitaldeasturias.com\/magazine365\/#website","url":"https:\/\/eldigitaldeasturias.com\/magazine365\/","name":"El Digital de Asturias","description":"Revista de ocio, turismo y estilo de vida","inLanguage":"es-ES","publisher":{"@id":"https:\/\/eldigitaldeasturias.com\/magazine365\/#organization"}}]},"og:locale":"es_ES","og:site_name":"El Digital de Asturias \u2013 Revista de ocio, turismo y estilo de vida","og:type":"article","og:title":"Profesionales del servicio del 061 participan en un simulacro de accidente a\u00e9reo en el aeropuerto de Faro | El Digital de Asturias","og:description":"La Empresa P\u00fablica de Emergencias Sanitarias (EPES) 061 de la Consejer\u00eda de Salud ha participado como observador internacional en un simulacro de accidente a\u00e9reo en el aeropuerto de Faro (Portugal). Profesionales de servicio provincial de Huelva han acompa\u00f1ado a los miembros del Instituto Nacional de Emergencias M\u00e9dicas (INEM) luso que interven\u00edan en el ejercicio, con","og:url":"https:\/\/eldigitaldeasturias.com\/magazine365\/profesionales-del-servicio-del-061-participan-en-un-simulacro-de-accidente-aereo-en-el-aeropuerto-de-faro\/","og:image":"https:\/\/eldigitaldeasturias.com\/magazine365\/wp-content\/uploads\/2015\/12\/fotonoticia_20151230120545_800.jpg","og:image:secure_url":"https:\/\/eldigitaldeasturias.com\/magazine365\/wp-content\/uploads\/2015\/12\/fotonoticia_20151230120545_800.jpg","og:image:width":800,"og:image:height":600,"article:published_time":"2015-12-31T05:08:59+00:00","article:modified_time":"2015-12-31T05:08:59+00:00","twitter:card":"summary_large_image","twitter:title":"Profesionales del servicio del 061 participan en un simulacro de accidente a\u00e9reo en el aeropuerto de Faro | El Digital de Asturias","twitter:description":"La Empresa P\u00fablica de Emergencias Sanitarias (EPES) 061 de la Consejer\u00eda de Salud ha participado como observador internacional en un simulacro de accidente a\u00e9reo en el aeropuerto de Faro (Portugal). Profesionales de servicio provincial de Huelva han acompa\u00f1ado a los miembros del Instituto Nacional de Emergencias M\u00e9dicas (INEM) luso que interven\u00edan en el ejercicio, con","twitter:image":"https:\/\/eldigitaldeasturias.com\/magazine365\/wp-content\/uploads\/2015\/12\/fotonoticia_20151230120545_800.jpg"},"aioseo_meta_data":{"post_id":"59551","title":null,"description":null,"keywords":null,"keyphrases":null,"primary_term":null,"canonical_url":null,"og_title":null,"og_description":null,"og_object_type":"default","og_image_type":"default","og_image_url":null,"og_image_width":null,"og_image_height":null,"og_image_custom_url":null,"og_image_custom_fields":null,"og_video":null,"og_custom_url":null,"og_article_section":null,"og_article_tags":null,"twitter_use_og":false,"twitter_card":"default","twitter_image_type":"default","twitter_image_url":null,"twitter_image_custom_url":null,"twitter_image_custom_fields":null,"twitter_title":null,"twitter_description":null,"schema":{"blockGraphs":[],"customGraphs":[],"default":{"data":{"Article":[],"Course":[],"Dataset":[],"FAQPage":[],"Movie":[],"Person":[],"Product":[],"ProductReview":[],"Car":[],"Recipe":[],"Service":[],"SoftwareApplication":[],"WebPage":[]},"graphName":"","isEnabled":true},"graphs":[]},"schema_type":null,"schema_type_options":null,"pillar_content":false,"robots_default":true,"robots_noindex":false,"robots_noarchive":false,"robots_nosnippet":false,"robots_nofollow":false,"robots_noimageindex":false,"robots_noodp":false,"robots_notranslate":false,"robots_max_snippet":null,"robots_max_videopreview":null,"robots_max_imagepreview":"large","priority":null,"frequency":null,"location":null,"local_seo":null,"seo_analyzer_scan_date":"2025-09-25 05:10:35","breadcrumb_settings":null,"limit_modified_date":false,"open_ai":null,"ai":null,"created":"2021-03-08 22:15:05","updated":"2025-09-25 05:10:35"},"aioseo_breadcrumb":"<div class=\"aioseo-breadcrumbs\"><span class=\"aioseo-breadcrumb\">\n\t<a href=\"https:\/\/eldigitaldeasturias.com\/magazine365\" title=\"Home\">Home<\/a>\n<\/span><span class=\"aioseo-breadcrumb-separator\">\u2013<\/span><span class=\"aioseo-breadcrumb\">\n\t<a href=\"https:\/\/eldigitaldeasturias.com\/magazine365\/category\/noticias-actualidad\/\" title=\"Noticias y Actualidad\">Noticias y Actualidad<\/a>\n<\/span><span class=\"aioseo-breadcrumb-separator\">\u2013<\/span><span class=\"aioseo-breadcrumb\">\n\t<a href=\"https:\/\/eldigitaldeasturias.com\/magazine365\/profesionales-del-servicio-del-061-participan-en-un-simulacro-de-accidente-aereo-en-el-aeropuerto-de-faro\/\" title=\"Profesionales del servicio del 061 participan en un simulacro de accidente a\u00e9reo en el aeropuerto de Faro\">Profesionales del servicio del 061 participan en un simulacro de accidente a\u00e9reo en el aeropuerto de Faro<\/a>\n<\/span><\/div>","aioseo_breadcrumb_json":[{"label":"Home","link":"https:\/\/eldigitaldeasturias.com\/magazine365"},{"label":"Noticias y Actualidad","link":"https:\/\/eldigitaldeasturias.com\/magazine365\/category\/noticias-actualidad\/"},{"label":"Profesionales del servicio del 061 participan en un simulacro de accidente a\u00e9reo en el aeropuerto de Faro","link":"https:\/\/eldigitaldeasturias.com\/magazine365\/profesionales-del-servicio-del-061-participan-en-un-simulacro-de-accidente-aereo-en-el-aeropuerto-de-faro\/"}],"_links":{"self":[{"href":"https:\/\/eldigitaldeasturias.com\/magazine365\/wp-json\/wp\/v2\/posts\/59551","targetHints":{"allow":["GET"]}}],"collection":[{"href":"https:\/\/eldigitaldeasturias.com\/magazine365\/wp-json\/wp\/v2\/posts"}],"about":[{"href":"https:\/\/eldigitaldeasturias.com\/magazine365\/wp-json\/wp\/v2\/types\/post"}],"author":[{"embeddable":true,"href":"https:\/\/eldigitaldeasturias.com\/magazine365\/wp-json\/wp\/v2\/users\/1"}],"replies":[{"embeddable":true,"href":"https:\/\/eldigitaldeasturias.com\/magazine365\/wp-json\/wp\/v2\/comments?post=59551"}],"version-history":[{"count":0,"href":"https:\/\/eldigitaldeasturias.com\/magazine365\/wp-json\/wp\/v2\/posts\/59551\/revisions"}],"wp:featuredmedia":[{"embeddable":true,"href":"https:\/\/eldigitaldeasturias.com\/magazine365\/wp-json\/wp\/v2\/media\/59552"}],"wp:attachment":[{"href":"https:\/\/eldigitaldeasturias.com\/magazine365\/wp-json\/wp\/v2\/media?parent=59551"}],"wp:term":[{"taxonomy":"category","embeddable":true,"href":"https:\/\/eldigitaldeasturias.com\/magazine365\/wp-json\/wp\/v2\/categories?post=59551"},{"taxonomy":"post_tag","embeddable":true,"href":"https:\/\/eldigitaldeasturias.com\/magazine365\/wp-json\/wp\/v2\/tags?post=59551"}],"curies":[{"name":"wp","href":"https:\/\/api.w.org\/{rel}","templated":true}]}}