{"id":59542,"date":"2015-12-31T06:04:33","date_gmt":"2015-12-31T05:04:33","guid":{"rendered":"http:\/\/eldigitaldeasturias.com\/magazine365\/?p=59542"},"modified":"2015-12-31T06:04:33","modified_gmt":"2015-12-31T05:04:33","slug":"moscu-arremete-contra-el-sector-turistico-turco-en-una-nueva-ola-de-castigos","status":"publish","type":"post","link":"https:\/\/eldigitaldeasturias.com\/magazine365\/moscu-arremete-contra-el-sector-turistico-turco-en-una-nueva-ola-de-castigos\/","title":{"rendered":"Mosc\u00fa arremete contra el sector tur\u00edstico turco en una nueva ola de castigos"},"content":{"rendered":"<p><img fetchpriority=\"high\" decoding=\"async\" class=\"alignleft size-medium wp-image-59543\" src=\"https:\/\/eldigitaldeasturias.com\/magazine365\/wp-content\/uploads\/2015\/12\/fotonoticia_20151230112706_800-360x239.jpg\" alt=\"fotonoticia_20151230112706_800\" width=\"360\" height=\"239\" srcset=\"https:\/\/eldigitaldeasturias.com\/magazine365\/wp-content\/uploads\/2015\/12\/fotonoticia_20151230112706_800-360x239.jpg 360w, https:\/\/eldigitaldeasturias.com\/magazine365\/wp-content\/uploads\/2015\/12\/fotonoticia_20151230112706_800-650x432.jpg 650w, https:\/\/eldigitaldeasturias.com\/magazine365\/wp-content\/uploads\/2015\/12\/fotonoticia_20151230112706_800-768x511.jpg 768w, https:\/\/eldigitaldeasturias.com\/magazine365\/wp-content\/uploads\/2015\/12\/fotonoticia_20151230112706_800-150x100.jpg 150w, https:\/\/eldigitaldeasturias.com\/magazine365\/wp-content\/uploads\/2015\/12\/fotonoticia_20151230112706_800-450x299.jpg 450w, https:\/\/eldigitaldeasturias.com\/magazine365\/wp-content\/uploads\/2015\/12\/fotonoticia_20151230112706_800-696x463.jpg 696w, https:\/\/eldigitaldeasturias.com\/magazine365\/wp-content\/uploads\/2015\/12\/fotonoticia_20151230112706_800-632x420.jpg 632w, https:\/\/eldigitaldeasturias.com\/magazine365\/wp-content\/uploads\/2015\/12\/fotonoticia_20151230112706_800-121x79.jpg 121w, https:\/\/eldigitaldeasturias.com\/magazine365\/wp-content\/uploads\/2015\/12\/fotonoticia_20151230112706_800-101x66.jpg 101w, https:\/\/eldigitaldeasturias.com\/magazine365\/wp-content\/uploads\/2015\/12\/fotonoticia_20151230112706_800.jpg 800w\" sizes=\"(max-width: 360px) 100vw, 360px\" \/>El Gobierno de Rusia ha aprobado este mi\u00e9rcoles nuevos castigos econ\u00f3micos contra Turqu\u00eda que incluyen sanciones espec\u00edficas contra el sector tur\u00edstico, que ya preve\u00eda perjuicios por la inminente suspensi\u00f3n del r\u00e9gimen de exenci\u00f3n de visados.<\/p>\n<p>El primer ministro ruso, Dimitri Medvedev, ha firmado un decreto que incluye estas nuevas medidas, seg\u00fan un comunicado de su oficina citado por la agencia de noticias Sputnik. El documento, que entrar\u00e1 en vigor el 1 de enero, proh\u00edbe las operaciones de agencias tur\u00edsticas y hoteles de Turqu\u00eda, as\u00ed como trabajos de construcci\u00f3n y arquitectura y actividades de la industria maderera.<\/p>\n<p>Mosc\u00fa ya amenaz\u00f3 con represalias tras el derribo el 24 de noviembre de un avi\u00f3n militar ruso por parte de las fuerzas turcas. El presidente de Rusia, Vladimir Putin, lo consider\u00f3 una \u00abpu\u00f1alada por la espalda\u00bb y aprob\u00f3 una primera remesa de vetos laborales, comerciales y de viaje.<\/p>\n","protected":false},"excerpt":{"rendered":"<p>El Gobierno de Rusia ha aprobado este mi\u00e9rcoles nuevos castigos econ\u00f3micos contra Turqu\u00eda que incluyen sanciones espec\u00edficas contra el sector tur\u00edstico, que ya preve\u00eda perjuicios por la inminente suspensi\u00f3n del r\u00e9gimen de exenci\u00f3n de visados. El primer ministro ruso, Dimitri Medvedev, ha firmado un decreto que incluye estas nuevas medidas, seg\u00fan un comunicado de su<\/p>\n","protected":false},"author":1,"featured_media":59543,"comment_status":"open","ping_status":"closed","sticky":false,"template":"","format":"standard","meta":{"footnotes":""},"categories":[224],"tags":[],"class_list":{"0":"post-59542","1":"post","2":"type-post","3":"status-publish","4":"format-standard","5":"has-post-thumbnail","7":"category-noticias-actualidad"},"aioseo_notices":[],"aioseo_head":"\n\t\t<!-- All in One SEO Pro 4.9.6.1 - aioseo.com -->\n\t<meta name=\"description\" content=\"El Gobierno de Rusia ha aprobado este mi\u00e9rcoles nuevos castigos econ\u00f3micos contra Turqu\u00eda que incluyen sanciones espec\u00edficas contra el sector tur\u00edstico, que ya preve\u00eda perjuicios por la inminente suspensi\u00f3n del r\u00e9gimen de exenci\u00f3n de visados. El primer ministro ruso, Dimitri Medvedev, ha firmado un decreto que incluye estas nuevas medidas, seg\u00fan un comunicado de su\" \/>\n\t<meta name=\"robots\" content=\"max-image-preview:large\" \/>\n\t<meta name=\"author\" content=\"admin\"\/>\n\t<meta name=\"google-site-verification\" content=\"UA-38556648-1\" \/>\n\t<meta name=\"keywords\" content=\"noticias y actualidad\" \/>\n\t<link rel=\"canonical\" href=\"https:\/\/eldigitaldeasturias.com\/magazine365\/moscu-arremete-contra-el-sector-turistico-turco-en-una-nueva-ola-de-castigos\/\" \/>\n\t<meta name=\"generator\" content=\"All in One SEO Pro (AIOSEO) 4.9.6.1\" \/>\n\t\t<meta property=\"og:locale\" content=\"es_ES\" \/>\n\t\t<meta property=\"og:site_name\" content=\"El Digital de Asturias \u2013 Revista de ocio, turismo y estilo de vida\" \/>\n\t\t<meta property=\"og:type\" content=\"article\" \/>\n\t\t<meta property=\"og:title\" content=\"Mosc\u00fa arremete contra el sector tur\u00edstico turco en una nueva ola de castigos | El Digital de Asturias\" \/>\n\t\t<meta property=\"og:description\" content=\"El Gobierno de Rusia ha aprobado este mi\u00e9rcoles nuevos castigos econ\u00f3micos contra Turqu\u00eda que incluyen sanciones espec\u00edficas contra el sector tur\u00edstico, que ya preve\u00eda perjuicios por la inminente suspensi\u00f3n del r\u00e9gimen de exenci\u00f3n de visados. El primer ministro ruso, Dimitri Medvedev, ha firmado un decreto que incluye estas nuevas medidas, seg\u00fan un comunicado de su\" \/>\n\t\t<meta property=\"og:url\" content=\"https:\/\/eldigitaldeasturias.com\/magazine365\/moscu-arremete-contra-el-sector-turistico-turco-en-una-nueva-ola-de-castigos\/\" \/>\n\t\t<meta property=\"og:image\" content=\"https:\/\/eldigitaldeasturias.com\/magazine365\/wp-content\/uploads\/2015\/12\/fotonoticia_20151230112706_800.jpg\" \/>\n\t\t<meta property=\"og:image:secure_url\" content=\"https:\/\/eldigitaldeasturias.com\/magazine365\/wp-content\/uploads\/2015\/12\/fotonoticia_20151230112706_800.jpg\" \/>\n\t\t<meta property=\"og:image:width\" content=\"800\" \/>\n\t\t<meta property=\"og:image:height\" content=\"532\" \/>\n\t\t<meta property=\"article:published_time\" content=\"2015-12-31T05:04:33+00:00\" \/>\n\t\t<meta property=\"article:modified_time\" content=\"2015-12-31T05:04:33+00:00\" \/>\n\t\t<meta name=\"twitter:card\" content=\"summary_large_image\" \/>\n\t\t<meta name=\"twitter:title\" content=\"Mosc\u00fa arremete contra el sector tur\u00edstico turco en una nueva ola de castigos | El Digital de Asturias\" \/>\n\t\t<meta name=\"twitter:description\" content=\"El Gobierno de Rusia ha aprobado este mi\u00e9rcoles nuevos castigos econ\u00f3micos contra Turqu\u00eda que incluyen sanciones espec\u00edficas contra el sector tur\u00edstico, que ya preve\u00eda perjuicios por la inminente suspensi\u00f3n del r\u00e9gimen de exenci\u00f3n de visados. El primer ministro ruso, Dimitri Medvedev, ha firmado un decreto que incluye estas nuevas medidas, seg\u00fan un comunicado de su\" \/>\n\t\t<meta name=\"twitter:image\" content=\"https:\/\/eldigitaldeasturias.com\/magazine365\/wp-content\/uploads\/2015\/12\/fotonoticia_20151230112706_800.jpg\" \/>\n\t\t<script type=\"application\/ld+json\" class=\"aioseo-schema\">\n\t\t\t{\"@context\":\"https:\\\/\\\/schema.org\",\"@graph\":[{\"@type\":\"Article\",\"@id\":\"https:\\\/\\\/eldigitaldeasturias.com\\\/magazine365\\\/moscu-arremete-contra-el-sector-turistico-turco-en-una-nueva-ola-de-castigos\\\/#article\",\"name\":\"Mosc\\u00fa arremete contra el sector tur\\u00edstico turco en una nueva ola de castigos | El Digital de Asturias\",\"headline\":\"Mosc\\u00fa arremete contra el sector tur\\u00edstico turco en una nueva ola de castigos\",\"author\":{\"@id\":\"https:\\\/\\\/eldigitaldeasturias.com\\\/magazine365\\\/author\\\/admin\\\/#author\"},\"publisher\":{\"@id\":\"https:\\\/\\\/eldigitaldeasturias.com\\\/magazine365\\\/#organization\"},\"image\":{\"@type\":\"ImageObject\",\"url\":\"https:\\\/\\\/eldigitaldeasturias.com\\\/magazine365\\\/wp-content\\\/uploads\\\/2015\\\/12\\\/fotonoticia_20151230112706_800.jpg\",\"width\":800,\"height\":532},\"datePublished\":\"2015-12-31T06:04:33+01:00\",\"dateModified\":\"2015-12-31T06:04:33+01:00\",\"inLanguage\":\"es-ES\",\"mainEntityOfPage\":{\"@id\":\"https:\\\/\\\/eldigitaldeasturias.com\\\/magazine365\\\/moscu-arremete-contra-el-sector-turistico-turco-en-una-nueva-ola-de-castigos\\\/#webpage\"},\"isPartOf\":{\"@id\":\"https:\\\/\\\/eldigitaldeasturias.com\\\/magazine365\\\/moscu-arremete-contra-el-sector-turistico-turco-en-una-nueva-ola-de-castigos\\\/#webpage\"},\"articleSection\":\"Noticias y Actualidad\"},{\"@type\":\"BreadcrumbList\",\"@id\":\"https:\\\/\\\/eldigitaldeasturias.com\\\/magazine365\\\/moscu-arremete-contra-el-sector-turistico-turco-en-una-nueva-ola-de-castigos\\\/#breadcrumblist\",\"itemListElement\":[{\"@type\":\"ListItem\",\"@id\":\"https:\\\/\\\/eldigitaldeasturias.com\\\/magazine365#listItem\",\"position\":1,\"name\":\"Home\",\"item\":\"https:\\\/\\\/eldigitaldeasturias.com\\\/magazine365\",\"nextItem\":{\"@type\":\"ListItem\",\"@id\":\"https:\\\/\\\/eldigitaldeasturias.com\\\/magazine365\\\/category\\\/noticias-actualidad\\\/#listItem\",\"name\":\"Noticias y Actualidad\"}},{\"@type\":\"ListItem\",\"@id\":\"https:\\\/\\\/eldigitaldeasturias.com\\\/magazine365\\\/category\\\/noticias-actualidad\\\/#listItem\",\"position\":2,\"name\":\"Noticias y Actualidad\",\"item\":\"https:\\\/\\\/eldigitaldeasturias.com\\\/magazine365\\\/category\\\/noticias-actualidad\\\/\",\"nextItem\":{\"@type\":\"ListItem\",\"@id\":\"https:\\\/\\\/eldigitaldeasturias.com\\\/magazine365\\\/moscu-arremete-contra-el-sector-turistico-turco-en-una-nueva-ola-de-castigos\\\/#listItem\",\"name\":\"Mosc\\u00fa arremete contra el sector tur\\u00edstico turco en una nueva ola de castigos\"},\"previousItem\":{\"@type\":\"ListItem\",\"@id\":\"https:\\\/\\\/eldigitaldeasturias.com\\\/magazine365#listItem\",\"name\":\"Home\"}},{\"@type\":\"ListItem\",\"@id\":\"https:\\\/\\\/eldigitaldeasturias.com\\\/magazine365\\\/moscu-arremete-contra-el-sector-turistico-turco-en-una-nueva-ola-de-castigos\\\/#listItem\",\"position\":3,\"name\":\"Mosc\\u00fa arremete contra el sector tur\\u00edstico turco en una nueva ola de castigos\",\"previousItem\":{\"@type\":\"ListItem\",\"@id\":\"https:\\\/\\\/eldigitaldeasturias.com\\\/magazine365\\\/category\\\/noticias-actualidad\\\/#listItem\",\"name\":\"Noticias y Actualidad\"}}]},{\"@type\":\"Organization\",\"@id\":\"https:\\\/\\\/eldigitaldeasturias.com\\\/magazine365\\\/#organization\",\"name\":\"El digital de Asturias\",\"description\":\"Revista de ocio, turismo y estilo de vida\",\"url\":\"https:\\\/\\\/eldigitaldeasturias.com\\\/magazine365\\\/\",\"logo\":{\"@type\":\"ImageObject\",\"url\":\"https:\\\/\\\/www.eldigitaldeasturias.com\\\/noticias\\\/wp-content\\\/uploads\\\/2020\\\/12\\\/EDA.jpg\",\"@id\":\"https:\\\/\\\/eldigitaldeasturias.com\\\/magazine365\\\/moscu-arremete-contra-el-sector-turistico-turco-en-una-nueva-ola-de-castigos\\\/#organizationLogo\"},\"image\":{\"@id\":\"https:\\\/\\\/eldigitaldeasturias.com\\\/magazine365\\\/moscu-arremete-contra-el-sector-turistico-turco-en-una-nueva-ola-de-castigos\\\/#organizationLogo\"}},{\"@type\":\"Person\",\"@id\":\"https:\\\/\\\/eldigitaldeasturias.com\\\/magazine365\\\/author\\\/admin\\\/#author\",\"url\":\"https:\\\/\\\/eldigitaldeasturias.com\\\/magazine365\\\/author\\\/admin\\\/\",\"name\":\"admin\",\"image\":{\"@type\":\"ImageObject\",\"@id\":\"https:\\\/\\\/eldigitaldeasturias.com\\\/magazine365\\\/moscu-arremete-contra-el-sector-turistico-turco-en-una-nueva-ola-de-castigos\\\/#authorImage\",\"url\":\"https:\\\/\\\/eldigitaldeasturias.com\\\/magazine365\\\/wp-content\\\/litespeed\\\/avatar\\\/e571bcf59a0edd6fa6838245a470f2fe.jpg?ver=1777574230\",\"width\":96,\"height\":96,\"caption\":\"admin\"}},{\"@type\":\"WebPage\",\"@id\":\"https:\\\/\\\/eldigitaldeasturias.com\\\/magazine365\\\/moscu-arremete-contra-el-sector-turistico-turco-en-una-nueva-ola-de-castigos\\\/#webpage\",\"url\":\"https:\\\/\\\/eldigitaldeasturias.com\\\/magazine365\\\/moscu-arremete-contra-el-sector-turistico-turco-en-una-nueva-ola-de-castigos\\\/\",\"name\":\"Mosc\\u00fa arremete contra el sector tur\\u00edstico turco en una nueva ola de castigos | El Digital de Asturias\",\"description\":\"El Gobierno de Rusia ha aprobado este mi\\u00e9rcoles nuevos castigos econ\\u00f3micos contra Turqu\\u00eda que incluyen sanciones espec\\u00edficas contra el sector tur\\u00edstico, que ya preve\\u00eda perjuicios por la inminente suspensi\\u00f3n del r\\u00e9gimen de exenci\\u00f3n de visados. El primer ministro ruso, Dimitri Medvedev, ha firmado un decreto que incluye estas nuevas medidas, seg\\u00fan un comunicado de su\",\"inLanguage\":\"es-ES\",\"isPartOf\":{\"@id\":\"https:\\\/\\\/eldigitaldeasturias.com\\\/magazine365\\\/#website\"},\"breadcrumb\":{\"@id\":\"https:\\\/\\\/eldigitaldeasturias.com\\\/magazine365\\\/moscu-arremete-contra-el-sector-turistico-turco-en-una-nueva-ola-de-castigos\\\/#breadcrumblist\"},\"author\":{\"@id\":\"https:\\\/\\\/eldigitaldeasturias.com\\\/magazine365\\\/author\\\/admin\\\/#author\"},\"creator\":{\"@id\":\"https:\\\/\\\/eldigitaldeasturias.com\\\/magazine365\\\/author\\\/admin\\\/#author\"},\"image\":{\"@type\":\"ImageObject\",\"url\":\"https:\\\/\\\/eldigitaldeasturias.com\\\/magazine365\\\/wp-content\\\/uploads\\\/2015\\\/12\\\/fotonoticia_20151230112706_800.jpg\",\"@id\":\"https:\\\/\\\/eldigitaldeasturias.com\\\/magazine365\\\/moscu-arremete-contra-el-sector-turistico-turco-en-una-nueva-ola-de-castigos\\\/#mainImage\",\"width\":800,\"height\":532},\"primaryImageOfPage\":{\"@id\":\"https:\\\/\\\/eldigitaldeasturias.com\\\/magazine365\\\/moscu-arremete-contra-el-sector-turistico-turco-en-una-nueva-ola-de-castigos\\\/#mainImage\"},\"datePublished\":\"2015-12-31T06:04:33+01:00\",\"dateModified\":\"2015-12-31T06:04:33+01:00\"},{\"@type\":\"WebSite\",\"@id\":\"https:\\\/\\\/eldigitaldeasturias.com\\\/magazine365\\\/#website\",\"url\":\"https:\\\/\\\/eldigitaldeasturias.com\\\/magazine365\\\/\",\"name\":\"El Digital de Asturias\",\"description\":\"Revista de ocio, turismo y estilo de vida\",\"inLanguage\":\"es-ES\",\"publisher\":{\"@id\":\"https:\\\/\\\/eldigitaldeasturias.com\\\/magazine365\\\/#organization\"}}]}\n\t\t<\/script>\n\t\t<!-- All in One SEO Pro -->\r\n\t\t<title>Mosc\u00fa arremete contra el sector tur\u00edstico turco en una nueva ola de castigos | El Digital de Asturias<\/title>\n\n","aioseo_head_json":{"title":"Mosc\u00fa arremete contra el sector tur\u00edstico turco en una nueva ola de castigos | El Digital de Asturias","description":"El Gobierno de Rusia ha aprobado este mi\u00e9rcoles nuevos castigos econ\u00f3micos contra Turqu\u00eda que incluyen sanciones espec\u00edficas contra el sector tur\u00edstico, que ya preve\u00eda perjuicios por la inminente suspensi\u00f3n del r\u00e9gimen de exenci\u00f3n de visados. El primer ministro ruso, Dimitri Medvedev, ha firmado un decreto que incluye estas nuevas medidas, seg\u00fan un comunicado de su","canonical_url":"https:\/\/eldigitaldeasturias.com\/magazine365\/moscu-arremete-contra-el-sector-turistico-turco-en-una-nueva-ola-de-castigos\/","robots":"max-image-preview:large","keywords":"noticias y actualidad","webmasterTools":{"google-site-verification":"UA-38556648-1","miscellaneous":""},"schema":{"@context":"https:\/\/schema.org","@graph":[{"@type":"Article","@id":"https:\/\/eldigitaldeasturias.com\/magazine365\/moscu-arremete-contra-el-sector-turistico-turco-en-una-nueva-ola-de-castigos\/#article","name":"Mosc\u00fa arremete contra el sector tur\u00edstico turco en una nueva ola de castigos | El Digital de Asturias","headline":"Mosc\u00fa arremete contra el sector tur\u00edstico turco en una nueva ola de castigos","author":{"@id":"https:\/\/eldigitaldeasturias.com\/magazine365\/author\/admin\/#author"},"publisher":{"@id":"https:\/\/eldigitaldeasturias.com\/magazine365\/#organization"},"image":{"@type":"ImageObject","url":"https:\/\/eldigitaldeasturias.com\/magazine365\/wp-content\/uploads\/2015\/12\/fotonoticia_20151230112706_800.jpg","width":800,"height":532},"datePublished":"2015-12-31T06:04:33+01:00","dateModified":"2015-12-31T06:04:33+01:00","inLanguage":"es-ES","mainEntityOfPage":{"@id":"https:\/\/eldigitaldeasturias.com\/magazine365\/moscu-arremete-contra-el-sector-turistico-turco-en-una-nueva-ola-de-castigos\/#webpage"},"isPartOf":{"@id":"https:\/\/eldigitaldeasturias.com\/magazine365\/moscu-arremete-contra-el-sector-turistico-turco-en-una-nueva-ola-de-castigos\/#webpage"},"articleSection":"Noticias y Actualidad"},{"@type":"BreadcrumbList","@id":"https:\/\/eldigitaldeasturias.com\/magazine365\/moscu-arremete-contra-el-sector-turistico-turco-en-una-nueva-ola-de-castigos\/#breadcrumblist","itemListElement":[{"@type":"ListItem","@id":"https:\/\/eldigitaldeasturias.com\/magazine365#listItem","position":1,"name":"Home","item":"https:\/\/eldigitaldeasturias.com\/magazine365","nextItem":{"@type":"ListItem","@id":"https:\/\/eldigitaldeasturias.com\/magazine365\/category\/noticias-actualidad\/#listItem","name":"Noticias y Actualidad"}},{"@type":"ListItem","@id":"https:\/\/eldigitaldeasturias.com\/magazine365\/category\/noticias-actualidad\/#listItem","position":2,"name":"Noticias y Actualidad","item":"https:\/\/eldigitaldeasturias.com\/magazine365\/category\/noticias-actualidad\/","nextItem":{"@type":"ListItem","@id":"https:\/\/eldigitaldeasturias.com\/magazine365\/moscu-arremete-contra-el-sector-turistico-turco-en-una-nueva-ola-de-castigos\/#listItem","name":"Mosc\u00fa arremete contra el sector tur\u00edstico turco en una nueva ola de castigos"},"previousItem":{"@type":"ListItem","@id":"https:\/\/eldigitaldeasturias.com\/magazine365#listItem","name":"Home"}},{"@type":"ListItem","@id":"https:\/\/eldigitaldeasturias.com\/magazine365\/moscu-arremete-contra-el-sector-turistico-turco-en-una-nueva-ola-de-castigos\/#listItem","position":3,"name":"Mosc\u00fa arremete contra el sector tur\u00edstico turco en una nueva ola de castigos","previousItem":{"@type":"ListItem","@id":"https:\/\/eldigitaldeasturias.com\/magazine365\/category\/noticias-actualidad\/#listItem","name":"Noticias y Actualidad"}}]},{"@type":"Organization","@id":"https:\/\/eldigitaldeasturias.com\/magazine365\/#organization","name":"El digital de Asturias","description":"Revista de ocio, turismo y estilo de vida","url":"https:\/\/eldigitaldeasturias.com\/magazine365\/","logo":{"@type":"ImageObject","url":"https:\/\/www.eldigitaldeasturias.com\/noticias\/wp-content\/uploads\/2020\/12\/EDA.jpg","@id":"https:\/\/eldigitaldeasturias.com\/magazine365\/moscu-arremete-contra-el-sector-turistico-turco-en-una-nueva-ola-de-castigos\/#organizationLogo"},"image":{"@id":"https:\/\/eldigitaldeasturias.com\/magazine365\/moscu-arremete-contra-el-sector-turistico-turco-en-una-nueva-ola-de-castigos\/#organizationLogo"}},{"@type":"Person","@id":"https:\/\/eldigitaldeasturias.com\/magazine365\/author\/admin\/#author","url":"https:\/\/eldigitaldeasturias.com\/magazine365\/author\/admin\/","name":"admin","image":{"@type":"ImageObject","@id":"https:\/\/eldigitaldeasturias.com\/magazine365\/moscu-arremete-contra-el-sector-turistico-turco-en-una-nueva-ola-de-castigos\/#authorImage","url":"https:\/\/eldigitaldeasturias.com\/magazine365\/wp-content\/litespeed\/avatar\/e571bcf59a0edd6fa6838245a470f2fe.jpg?ver=1777574230","width":96,"height":96,"caption":"admin"}},{"@type":"WebPage","@id":"https:\/\/eldigitaldeasturias.com\/magazine365\/moscu-arremete-contra-el-sector-turistico-turco-en-una-nueva-ola-de-castigos\/#webpage","url":"https:\/\/eldigitaldeasturias.com\/magazine365\/moscu-arremete-contra-el-sector-turistico-turco-en-una-nueva-ola-de-castigos\/","name":"Mosc\u00fa arremete contra el sector tur\u00edstico turco en una nueva ola de castigos | El Digital de Asturias","description":"El Gobierno de Rusia ha aprobado este mi\u00e9rcoles nuevos castigos econ\u00f3micos contra Turqu\u00eda que incluyen sanciones espec\u00edficas contra el sector tur\u00edstico, que ya preve\u00eda perjuicios por la inminente suspensi\u00f3n del r\u00e9gimen de exenci\u00f3n de visados. El primer ministro ruso, Dimitri Medvedev, ha firmado un decreto que incluye estas nuevas medidas, seg\u00fan un comunicado de su","inLanguage":"es-ES","isPartOf":{"@id":"https:\/\/eldigitaldeasturias.com\/magazine365\/#website"},"breadcrumb":{"@id":"https:\/\/eldigitaldeasturias.com\/magazine365\/moscu-arremete-contra-el-sector-turistico-turco-en-una-nueva-ola-de-castigos\/#breadcrumblist"},"author":{"@id":"https:\/\/eldigitaldeasturias.com\/magazine365\/author\/admin\/#author"},"creator":{"@id":"https:\/\/eldigitaldeasturias.com\/magazine365\/author\/admin\/#author"},"image":{"@type":"ImageObject","url":"https:\/\/eldigitaldeasturias.com\/magazine365\/wp-content\/uploads\/2015\/12\/fotonoticia_20151230112706_800.jpg","@id":"https:\/\/eldigitaldeasturias.com\/magazine365\/moscu-arremete-contra-el-sector-turistico-turco-en-una-nueva-ola-de-castigos\/#mainImage","width":800,"height":532},"primaryImageOfPage":{"@id":"https:\/\/eldigitaldeasturias.com\/magazine365\/moscu-arremete-contra-el-sector-turistico-turco-en-una-nueva-ola-de-castigos\/#mainImage"},"datePublished":"2015-12-31T06:04:33+01:00","dateModified":"2015-12-31T06:04:33+01:00"},{"@type":"WebSite","@id":"https:\/\/eldigitaldeasturias.com\/magazine365\/#website","url":"https:\/\/eldigitaldeasturias.com\/magazine365\/","name":"El Digital de Asturias","description":"Revista de ocio, turismo y estilo de vida","inLanguage":"es-ES","publisher":{"@id":"https:\/\/eldigitaldeasturias.com\/magazine365\/#organization"}}]},"og:locale":"es_ES","og:site_name":"El Digital de Asturias \u2013 Revista de ocio, turismo y estilo de vida","og:type":"article","og:title":"Mosc\u00fa arremete contra el sector tur\u00edstico turco en una nueva ola de castigos | El Digital de Asturias","og:description":"El Gobierno de Rusia ha aprobado este mi\u00e9rcoles nuevos castigos econ\u00f3micos contra Turqu\u00eda que incluyen sanciones espec\u00edficas contra el sector tur\u00edstico, que ya preve\u00eda perjuicios por la inminente suspensi\u00f3n del r\u00e9gimen de exenci\u00f3n de visados. El primer ministro ruso, Dimitri Medvedev, ha firmado un decreto que incluye estas nuevas medidas, seg\u00fan un comunicado de su","og:url":"https:\/\/eldigitaldeasturias.com\/magazine365\/moscu-arremete-contra-el-sector-turistico-turco-en-una-nueva-ola-de-castigos\/","og:image":"https:\/\/eldigitaldeasturias.com\/magazine365\/wp-content\/uploads\/2015\/12\/fotonoticia_20151230112706_800.jpg","og:image:secure_url":"https:\/\/eldigitaldeasturias.com\/magazine365\/wp-content\/uploads\/2015\/12\/fotonoticia_20151230112706_800.jpg","og:image:width":800,"og:image:height":532,"article:published_time":"2015-12-31T05:04:33+00:00","article:modified_time":"2015-12-31T05:04:33+00:00","twitter:card":"summary_large_image","twitter:title":"Mosc\u00fa arremete contra el sector tur\u00edstico turco en una nueva ola de castigos | El Digital de Asturias","twitter:description":"El Gobierno de Rusia ha aprobado este mi\u00e9rcoles nuevos castigos econ\u00f3micos contra Turqu\u00eda que incluyen sanciones espec\u00edficas contra el sector tur\u00edstico, que ya preve\u00eda perjuicios por la inminente suspensi\u00f3n del r\u00e9gimen de exenci\u00f3n de visados. El primer ministro ruso, Dimitri Medvedev, ha firmado un decreto que incluye estas nuevas medidas, seg\u00fan un comunicado de su","twitter:image":"https:\/\/eldigitaldeasturias.com\/magazine365\/wp-content\/uploads\/2015\/12\/fotonoticia_20151230112706_800.jpg"},"aioseo_meta_data":{"post_id":"59542","title":null,"description":null,"keywords":null,"keyphrases":null,"primary_term":null,"canonical_url":null,"og_title":null,"og_description":null,"og_object_type":"default","og_image_type":"default","og_image_url":null,"og_image_width":null,"og_image_height":null,"og_image_custom_url":null,"og_image_custom_fields":null,"og_video":null,"og_custom_url":null,"og_article_section":null,"og_article_tags":null,"twitter_use_og":false,"twitter_card":"default","twitter_image_type":"default","twitter_image_url":null,"twitter_image_custom_url":null,"twitter_image_custom_fields":null,"twitter_title":null,"twitter_description":null,"schema":{"blockGraphs":[],"customGraphs":[],"default":{"data":{"Article":[],"Course":[],"Dataset":[],"FAQPage":[],"Movie":[],"Person":[],"Product":[],"ProductReview":[],"Car":[],"Recipe":[],"Service":[],"SoftwareApplication":[],"WebPage":[]},"graphName":"","isEnabled":true},"graphs":[],"defaultGraph":"","defaultPostTypeGraph":""},"schema_type":null,"schema_type_options":null,"pillar_content":false,"robots_default":true,"robots_noindex":false,"robots_noarchive":false,"robots_nosnippet":false,"robots_nofollow":false,"robots_noimageindex":false,"robots_noodp":false,"robots_notranslate":false,"robots_max_snippet":null,"robots_max_videopreview":null,"robots_max_imagepreview":"large","priority":null,"frequency":null,"location":null,"local_seo":null,"seo_analyzer_scan_date":"2025-09-25 05:09:08","breadcrumb_settings":null,"limit_modified_date":false,"open_ai":null,"ai":null,"created":"2021-03-08 22:15:05","updated":"2025-09-25 05:09:08"},"aioseo_breadcrumb":"<div class=\"aioseo-breadcrumbs\"><span class=\"aioseo-breadcrumb\">\n\t<a href=\"https:\/\/eldigitaldeasturias.com\/magazine365\" title=\"Home\">Home<\/a>\n<\/span><span class=\"aioseo-breadcrumb-separator\">\u2013<\/span><span class=\"aioseo-breadcrumb\">\n\t<a href=\"https:\/\/eldigitaldeasturias.com\/magazine365\/category\/noticias-actualidad\/\" title=\"Noticias y Actualidad\">Noticias y Actualidad<\/a>\n<\/span><span class=\"aioseo-breadcrumb-separator\">\u2013<\/span><span class=\"aioseo-breadcrumb\">\n\t<a href=\"https:\/\/eldigitaldeasturias.com\/magazine365\/moscu-arremete-contra-el-sector-turistico-turco-en-una-nueva-ola-de-castigos\/\" title=\"Mosc\u00fa arremete contra el sector tur\u00edstico turco en una nueva ola de castigos\">Mosc\u00fa arremete contra el sector tur\u00edstico turco en una nueva ola de castigos<\/a>\n<\/span><\/div>","aioseo_breadcrumb_json":[{"label":"Home","link":"https:\/\/eldigitaldeasturias.com\/magazine365"},{"label":"Noticias y Actualidad","link":"https:\/\/eldigitaldeasturias.com\/magazine365\/category\/noticias-actualidad\/"},{"label":"Mosc\u00fa arremete contra el sector tur\u00edstico turco en una nueva ola de castigos","link":"https:\/\/eldigitaldeasturias.com\/magazine365\/moscu-arremete-contra-el-sector-turistico-turco-en-una-nueva-ola-de-castigos\/"}],"_links":{"self":[{"href":"https:\/\/eldigitaldeasturias.com\/magazine365\/wp-json\/wp\/v2\/posts\/59542","targetHints":{"allow":["GET"]}}],"collection":[{"href":"https:\/\/eldigitaldeasturias.com\/magazine365\/wp-json\/wp\/v2\/posts"}],"about":[{"href":"https:\/\/eldigitaldeasturias.com\/magazine365\/wp-json\/wp\/v2\/types\/post"}],"author":[{"embeddable":true,"href":"https:\/\/eldigitaldeasturias.com\/magazine365\/wp-json\/wp\/v2\/users\/1"}],"replies":[{"embeddable":true,"href":"https:\/\/eldigitaldeasturias.com\/magazine365\/wp-json\/wp\/v2\/comments?post=59542"}],"version-history":[{"count":0,"href":"https:\/\/eldigitaldeasturias.com\/magazine365\/wp-json\/wp\/v2\/posts\/59542\/revisions"}],"wp:featuredmedia":[{"embeddable":true,"href":"https:\/\/eldigitaldeasturias.com\/magazine365\/wp-json\/wp\/v2\/media\/59543"}],"wp:attachment":[{"href":"https:\/\/eldigitaldeasturias.com\/magazine365\/wp-json\/wp\/v2\/media?parent=59542"}],"wp:term":[{"taxonomy":"category","embeddable":true,"href":"https:\/\/eldigitaldeasturias.com\/magazine365\/wp-json\/wp\/v2\/categories?post=59542"},{"taxonomy":"post_tag","embeddable":true,"href":"https:\/\/eldigitaldeasturias.com\/magazine365\/wp-json\/wp\/v2\/tags?post=59542"}],"curies":[{"name":"wp","href":"https:\/\/api.w.org\/{rel}","templated":true}]}}