{"id":59524,"date":"2015-12-31T05:56:14","date_gmt":"2015-12-31T04:56:14","guid":{"rendered":"http:\/\/eldigitaldeasturias.com\/magazine365\/?p=59524"},"modified":"2015-12-31T05:56:14","modified_gmt":"2015-12-31T04:56:14","slug":"el-celler-de-can-roca-entre-las-medallas-de-oro-al-merito-en-las-bellas-artes-2015","status":"publish","type":"post","link":"https:\/\/eldigitaldeasturias.com\/magazine365\/el-celler-de-can-roca-entre-las-medallas-de-oro-al-merito-en-las-bellas-artes-2015\/","title":{"rendered":"El Celler de Can Roca, entre las Medallas de Oro al M\u00e9rito en las Bellas Artes 2015"},"content":{"rendered":"<p><img fetchpriority=\"high\" decoding=\"async\" class=\"alignleft size-medium wp-image-59525\" src=\"https:\/\/eldigitaldeasturias.com\/magazine365\/wp-content\/uploads\/2015\/12\/fotonoticia_20151230105315_800-271x300.jpg\" alt=\"fotonoticia_20151230105315_800\" width=\"271\" height=\"300\" srcset=\"https:\/\/eldigitaldeasturias.com\/magazine365\/wp-content\/uploads\/2015\/12\/fotonoticia_20151230105315_800-271x300.jpg 271w, https:\/\/eldigitaldeasturias.com\/magazine365\/wp-content\/uploads\/2015\/12\/fotonoticia_20151230105315_800-579x640.jpg 579w, https:\/\/eldigitaldeasturias.com\/magazine365\/wp-content\/uploads\/2015\/12\/fotonoticia_20151230105315_800-768x850.jpg 768w, https:\/\/eldigitaldeasturias.com\/magazine365\/wp-content\/uploads\/2015\/12\/fotonoticia_20151230105315_800-150x166.jpg 150w, https:\/\/eldigitaldeasturias.com\/magazine365\/wp-content\/uploads\/2015\/12\/fotonoticia_20151230105315_800-450x498.jpg 450w, https:\/\/eldigitaldeasturias.com\/magazine365\/wp-content\/uploads\/2015\/12\/fotonoticia_20151230105315_800-696x770.jpg 696w, https:\/\/eldigitaldeasturias.com\/magazine365\/wp-content\/uploads\/2015\/12\/fotonoticia_20151230105315_800-380x420.jpg 380w, https:\/\/eldigitaldeasturias.com\/magazine365\/wp-content\/uploads\/2015\/12\/fotonoticia_20151230105315_800.jpg 800w\" sizes=\"(max-width: 271px) 100vw, 271px\" \/>El Consejo de Ministros aprob\u00f3 ayer la concesi\u00f3n de la Medalla al M\u00e9rito en las Bellas Artes 2015, en su categor\u00eda de oro, al actor Jean Reno, al restaurante El Celler de Can Roca, a los m\u00fasicos Loquillo y Los Secretos y al director del Mercat de les Flors, Francesc Casades\u00fas, entre otros.<\/p>\n<p>Los hermanos Joan, Josep y Jordi Roca, propietarios del restaurante El Celler de Can Roca de Girona, recibieron tambi\u00e9n este a\u00f1o el premio Exportando Espa\u00f1a que, en su tercera edici\u00f3n, por el Icex Espa\u00f1a en el marco de Madrid Fusi\u00f3n.<\/p>\n<p>La concesi\u00f3n de las Medallas de Oro al M\u00e9rito en las Bellas Artes 2015 ha reca\u00eddo en 29 personas y entidades que han destacado de modo eminente en el campo de la creaci\u00f3n art\u00edstica, \u00abprestando servicios se\u00f1alados o fomentando notoriamente\u00bb la ense\u00f1anza, el desarrollo y difusi\u00f3n del arte o la conservaci\u00f3n del patrimonio art\u00edstico nacional.<\/p>\n<p>Adem\u00e1s, tambi\u00e9n han sido galardonados otras personalidades como el bar\u00edtono Leo Nucci, que en la actualidad est\u00e1 cantando &#8216;Rigoletto&#8217; en el Teatro Real y ha hecho historia al bisar la &#8216;Vendetta&#8217; en las funciones, y el fil\u00f3logo Francisco Rico, especializado en &#8216;El Quijote&#8217; justo antes del IV centenario de la muerte de Miguel de Cervantes.<\/p>\n<p>Otros premiados son el guitarrista Vicente Amigo o la soprano Ainhoa Arteta, la escritora Mar\u00eda Victoria Atencia, la bailarina &#8216;Blanca del Rey&#8217;, el experto en patrimonio Jos\u00e9 Mar\u00eda Ballester, el music\u00f3logo Emilio Francisco Casares, el poeta &#8216;Alberto Cortez&#8217;, los dise\u00f1adores Emilio Gil y Sonia Grande, el actor Emilio Guti\u00e9rrez Caba, el rejoneador Pablo Hermoso de Mendoza Cant\u00f3n y el cient\u00edfico Michael Hoskin.<\/p>\n<p>Completan la lista de premiados la artista Cristina Iglesias Fern\u00e1ndez, el m\u00fasico &#8216;Regol\u00ed&#8217;, el gestor cultural Gregorio Mara\u00f1\u00f3n y Beltr\u00e1n de Lis, la violinista Anne-Sophie Mutter, el director del Festival de Cine de San Sebasti\u00e1n Jos\u00e9 Luis Rebordinos, la bailarina &#8216;La Ribot&#8217;, el escritor Mauricio Wiesenthal, el arque\u00f3logo Javier Cort\u00e9s \u00c1lvarez de Miranda (a t\u00edtulo p\u00f3stumo), el circense Joan Montany\u00e9s i Mart\u00ednez &#8216;MontI&#8217; (a t\u00edtulo p\u00f3stumo) y el fil\u00f3sofo Jos\u00e9 Vidal Beneyto (a t\u00edtulo p\u00f3stumo).<\/p>\n","protected":false},"excerpt":{"rendered":"<p>El Consejo de Ministros aprob\u00f3 ayer la concesi\u00f3n de la Medalla al M\u00e9rito en las Bellas Artes 2015, en su categor\u00eda de oro, al actor Jean Reno, al restaurante El Celler de Can Roca, a los m\u00fasicos Loquillo y Los Secretos y al director del Mercat de les Flors, Francesc Casades\u00fas, entre otros. Los hermanos<\/p>\n","protected":false},"author":1,"featured_media":59525,"comment_status":"open","ping_status":"closed","sticky":false,"template":"","format":"standard","meta":{"footnotes":""},"categories":[224],"tags":[],"class_list":{"0":"post-59524","1":"post","2":"type-post","3":"status-publish","4":"format-standard","5":"has-post-thumbnail","7":"category-noticias-actualidad"},"aioseo_notices":[],"aioseo_head":"\n\t\t<!-- All in One SEO Pro 4.9.6.1 - aioseo.com -->\n\t<meta name=\"description\" content=\"El Consejo de Ministros aprob\u00f3 ayer la concesi\u00f3n de la Medalla al M\u00e9rito en las Bellas Artes 2015, en su categor\u00eda de oro, al actor Jean Reno, al restaurante El Celler de Can Roca, a los m\u00fasicos Loquillo y Los Secretos y al director del Mercat de les Flors, Francesc Casades\u00fas, entre otros. Los hermanos\" \/>\n\t<meta name=\"robots\" content=\"max-image-preview:large\" \/>\n\t<meta name=\"author\" content=\"admin\"\/>\n\t<meta name=\"google-site-verification\" content=\"UA-38556648-1\" \/>\n\t<meta name=\"keywords\" content=\"noticias y actualidad\" \/>\n\t<link rel=\"canonical\" href=\"https:\/\/eldigitaldeasturias.com\/magazine365\/el-celler-de-can-roca-entre-las-medallas-de-oro-al-merito-en-las-bellas-artes-2015\/\" \/>\n\t<meta name=\"generator\" content=\"All in One SEO Pro (AIOSEO) 4.9.6.1\" \/>\n\t\t<meta property=\"og:locale\" content=\"es_ES\" \/>\n\t\t<meta property=\"og:site_name\" content=\"El Digital de Asturias \u2013 Revista de ocio, turismo y estilo de vida\" \/>\n\t\t<meta property=\"og:type\" content=\"article\" \/>\n\t\t<meta property=\"og:title\" content=\"El Celler de Can Roca, entre las Medallas de Oro al M\u00e9rito en las Bellas Artes 2015 | El Digital de Asturias\" \/>\n\t\t<meta property=\"og:description\" content=\"El Consejo de Ministros aprob\u00f3 ayer la concesi\u00f3n de la Medalla al M\u00e9rito en las Bellas Artes 2015, en su categor\u00eda de oro, al actor Jean Reno, al restaurante El Celler de Can Roca, a los m\u00fasicos Loquillo y Los Secretos y al director del Mercat de les Flors, Francesc Casades\u00fas, entre otros. Los hermanos\" \/>\n\t\t<meta property=\"og:url\" content=\"https:\/\/eldigitaldeasturias.com\/magazine365\/el-celler-de-can-roca-entre-las-medallas-de-oro-al-merito-en-las-bellas-artes-2015\/\" \/>\n\t\t<meta property=\"og:image\" content=\"https:\/\/eldigitaldeasturias.com\/magazine365\/wp-content\/uploads\/2015\/12\/fotonoticia_20151230105315_800.jpg\" \/>\n\t\t<meta property=\"og:image:secure_url\" content=\"https:\/\/eldigitaldeasturias.com\/magazine365\/wp-content\/uploads\/2015\/12\/fotonoticia_20151230105315_800.jpg\" \/>\n\t\t<meta property=\"og:image:width\" content=\"800\" \/>\n\t\t<meta property=\"og:image:height\" content=\"885\" \/>\n\t\t<meta property=\"article:published_time\" content=\"2015-12-31T04:56:14+00:00\" \/>\n\t\t<meta property=\"article:modified_time\" content=\"2015-12-31T04:56:14+00:00\" \/>\n\t\t<meta name=\"twitter:card\" content=\"summary_large_image\" \/>\n\t\t<meta name=\"twitter:title\" content=\"El Celler de Can Roca, entre las Medallas de Oro al M\u00e9rito en las Bellas Artes 2015 | El Digital de Asturias\" \/>\n\t\t<meta name=\"twitter:description\" content=\"El Consejo de Ministros aprob\u00f3 ayer la concesi\u00f3n de la Medalla al M\u00e9rito en las Bellas Artes 2015, en su categor\u00eda de oro, al actor Jean Reno, al restaurante El Celler de Can Roca, a los m\u00fasicos Loquillo y Los Secretos y al director del Mercat de les Flors, Francesc Casades\u00fas, entre otros. Los hermanos\" \/>\n\t\t<meta name=\"twitter:image\" content=\"https:\/\/eldigitaldeasturias.com\/magazine365\/wp-content\/uploads\/2015\/12\/fotonoticia_20151230105315_800.jpg\" \/>\n\t\t<script type=\"application\/ld+json\" class=\"aioseo-schema\">\n\t\t\t{\"@context\":\"https:\\\/\\\/schema.org\",\"@graph\":[{\"@type\":\"Article\",\"@id\":\"https:\\\/\\\/eldigitaldeasturias.com\\\/magazine365\\\/el-celler-de-can-roca-entre-las-medallas-de-oro-al-merito-en-las-bellas-artes-2015\\\/#article\",\"name\":\"El Celler de Can Roca, entre las Medallas de Oro al M\\u00e9rito en las Bellas Artes 2015 | El Digital de Asturias\",\"headline\":\"El Celler de Can Roca, entre las Medallas de Oro al M\\u00e9rito en las Bellas Artes 2015\",\"author\":{\"@id\":\"https:\\\/\\\/eldigitaldeasturias.com\\\/magazine365\\\/author\\\/admin\\\/#author\"},\"publisher\":{\"@id\":\"https:\\\/\\\/eldigitaldeasturias.com\\\/magazine365\\\/#organization\"},\"image\":{\"@type\":\"ImageObject\",\"url\":\"https:\\\/\\\/eldigitaldeasturias.com\\\/magazine365\\\/wp-content\\\/uploads\\\/2015\\\/12\\\/fotonoticia_20151230105315_800.jpg\",\"width\":800,\"height\":885},\"datePublished\":\"2015-12-31T05:56:14+01:00\",\"dateModified\":\"2015-12-31T05:56:14+01:00\",\"inLanguage\":\"es-ES\",\"mainEntityOfPage\":{\"@id\":\"https:\\\/\\\/eldigitaldeasturias.com\\\/magazine365\\\/el-celler-de-can-roca-entre-las-medallas-de-oro-al-merito-en-las-bellas-artes-2015\\\/#webpage\"},\"isPartOf\":{\"@id\":\"https:\\\/\\\/eldigitaldeasturias.com\\\/magazine365\\\/el-celler-de-can-roca-entre-las-medallas-de-oro-al-merito-en-las-bellas-artes-2015\\\/#webpage\"},\"articleSection\":\"Noticias y Actualidad\"},{\"@type\":\"BreadcrumbList\",\"@id\":\"https:\\\/\\\/eldigitaldeasturias.com\\\/magazine365\\\/el-celler-de-can-roca-entre-las-medallas-de-oro-al-merito-en-las-bellas-artes-2015\\\/#breadcrumblist\",\"itemListElement\":[{\"@type\":\"ListItem\",\"@id\":\"https:\\\/\\\/eldigitaldeasturias.com\\\/magazine365#listItem\",\"position\":1,\"name\":\"Home\",\"item\":\"https:\\\/\\\/eldigitaldeasturias.com\\\/magazine365\",\"nextItem\":{\"@type\":\"ListItem\",\"@id\":\"https:\\\/\\\/eldigitaldeasturias.com\\\/magazine365\\\/category\\\/noticias-actualidad\\\/#listItem\",\"name\":\"Noticias y Actualidad\"}},{\"@type\":\"ListItem\",\"@id\":\"https:\\\/\\\/eldigitaldeasturias.com\\\/magazine365\\\/category\\\/noticias-actualidad\\\/#listItem\",\"position\":2,\"name\":\"Noticias y Actualidad\",\"item\":\"https:\\\/\\\/eldigitaldeasturias.com\\\/magazine365\\\/category\\\/noticias-actualidad\\\/\",\"nextItem\":{\"@type\":\"ListItem\",\"@id\":\"https:\\\/\\\/eldigitaldeasturias.com\\\/magazine365\\\/el-celler-de-can-roca-entre-las-medallas-de-oro-al-merito-en-las-bellas-artes-2015\\\/#listItem\",\"name\":\"El Celler de Can Roca, entre las Medallas de Oro al M\\u00e9rito en las Bellas Artes 2015\"},\"previousItem\":{\"@type\":\"ListItem\",\"@id\":\"https:\\\/\\\/eldigitaldeasturias.com\\\/magazine365#listItem\",\"name\":\"Home\"}},{\"@type\":\"ListItem\",\"@id\":\"https:\\\/\\\/eldigitaldeasturias.com\\\/magazine365\\\/el-celler-de-can-roca-entre-las-medallas-de-oro-al-merito-en-las-bellas-artes-2015\\\/#listItem\",\"position\":3,\"name\":\"El Celler de Can Roca, entre las Medallas de Oro al M\\u00e9rito en las Bellas Artes 2015\",\"previousItem\":{\"@type\":\"ListItem\",\"@id\":\"https:\\\/\\\/eldigitaldeasturias.com\\\/magazine365\\\/category\\\/noticias-actualidad\\\/#listItem\",\"name\":\"Noticias y Actualidad\"}}]},{\"@type\":\"Organization\",\"@id\":\"https:\\\/\\\/eldigitaldeasturias.com\\\/magazine365\\\/#organization\",\"name\":\"El digital de Asturias\",\"description\":\"Revista de ocio, turismo y estilo de vida\",\"url\":\"https:\\\/\\\/eldigitaldeasturias.com\\\/magazine365\\\/\",\"logo\":{\"@type\":\"ImageObject\",\"url\":\"https:\\\/\\\/www.eldigitaldeasturias.com\\\/noticias\\\/wp-content\\\/uploads\\\/2020\\\/12\\\/EDA.jpg\",\"@id\":\"https:\\\/\\\/eldigitaldeasturias.com\\\/magazine365\\\/el-celler-de-can-roca-entre-las-medallas-de-oro-al-merito-en-las-bellas-artes-2015\\\/#organizationLogo\"},\"image\":{\"@id\":\"https:\\\/\\\/eldigitaldeasturias.com\\\/magazine365\\\/el-celler-de-can-roca-entre-las-medallas-de-oro-al-merito-en-las-bellas-artes-2015\\\/#organizationLogo\"}},{\"@type\":\"Person\",\"@id\":\"https:\\\/\\\/eldigitaldeasturias.com\\\/magazine365\\\/author\\\/admin\\\/#author\",\"url\":\"https:\\\/\\\/eldigitaldeasturias.com\\\/magazine365\\\/author\\\/admin\\\/\",\"name\":\"admin\",\"image\":{\"@type\":\"ImageObject\",\"@id\":\"https:\\\/\\\/eldigitaldeasturias.com\\\/magazine365\\\/el-celler-de-can-roca-entre-las-medallas-de-oro-al-merito-en-las-bellas-artes-2015\\\/#authorImage\",\"url\":\"https:\\\/\\\/eldigitaldeasturias.com\\\/magazine365\\\/wp-content\\\/litespeed\\\/avatar\\\/e571bcf59a0edd6fa6838245a470f2fe.jpg?ver=1777574230\",\"width\":96,\"height\":96,\"caption\":\"admin\"}},{\"@type\":\"WebPage\",\"@id\":\"https:\\\/\\\/eldigitaldeasturias.com\\\/magazine365\\\/el-celler-de-can-roca-entre-las-medallas-de-oro-al-merito-en-las-bellas-artes-2015\\\/#webpage\",\"url\":\"https:\\\/\\\/eldigitaldeasturias.com\\\/magazine365\\\/el-celler-de-can-roca-entre-las-medallas-de-oro-al-merito-en-las-bellas-artes-2015\\\/\",\"name\":\"El Celler de Can Roca, entre las Medallas de Oro al M\\u00e9rito en las Bellas Artes 2015 | El Digital de Asturias\",\"description\":\"El Consejo de Ministros aprob\\u00f3 ayer la concesi\\u00f3n de la Medalla al M\\u00e9rito en las Bellas Artes 2015, en su categor\\u00eda de oro, al actor Jean Reno, al restaurante El Celler de Can Roca, a los m\\u00fasicos Loquillo y Los Secretos y al director del Mercat de les Flors, Francesc Casades\\u00fas, entre otros. Los hermanos\",\"inLanguage\":\"es-ES\",\"isPartOf\":{\"@id\":\"https:\\\/\\\/eldigitaldeasturias.com\\\/magazine365\\\/#website\"},\"breadcrumb\":{\"@id\":\"https:\\\/\\\/eldigitaldeasturias.com\\\/magazine365\\\/el-celler-de-can-roca-entre-las-medallas-de-oro-al-merito-en-las-bellas-artes-2015\\\/#breadcrumblist\"},\"author\":{\"@id\":\"https:\\\/\\\/eldigitaldeasturias.com\\\/magazine365\\\/author\\\/admin\\\/#author\"},\"creator\":{\"@id\":\"https:\\\/\\\/eldigitaldeasturias.com\\\/magazine365\\\/author\\\/admin\\\/#author\"},\"image\":{\"@type\":\"ImageObject\",\"url\":\"https:\\\/\\\/eldigitaldeasturias.com\\\/magazine365\\\/wp-content\\\/uploads\\\/2015\\\/12\\\/fotonoticia_20151230105315_800.jpg\",\"@id\":\"https:\\\/\\\/eldigitaldeasturias.com\\\/magazine365\\\/el-celler-de-can-roca-entre-las-medallas-de-oro-al-merito-en-las-bellas-artes-2015\\\/#mainImage\",\"width\":800,\"height\":885},\"primaryImageOfPage\":{\"@id\":\"https:\\\/\\\/eldigitaldeasturias.com\\\/magazine365\\\/el-celler-de-can-roca-entre-las-medallas-de-oro-al-merito-en-las-bellas-artes-2015\\\/#mainImage\"},\"datePublished\":\"2015-12-31T05:56:14+01:00\",\"dateModified\":\"2015-12-31T05:56:14+01:00\"},{\"@type\":\"WebSite\",\"@id\":\"https:\\\/\\\/eldigitaldeasturias.com\\\/magazine365\\\/#website\",\"url\":\"https:\\\/\\\/eldigitaldeasturias.com\\\/magazine365\\\/\",\"name\":\"El Digital de Asturias\",\"description\":\"Revista de ocio, turismo y estilo de vida\",\"inLanguage\":\"es-ES\",\"publisher\":{\"@id\":\"https:\\\/\\\/eldigitaldeasturias.com\\\/magazine365\\\/#organization\"}}]}\n\t\t<\/script>\n\t\t<!-- All in One SEO Pro -->\r\n\t\t<title>El Celler de Can Roca, entre las Medallas de Oro al M\u00e9rito en las Bellas Artes 2015 | El Digital de Asturias<\/title>\n\n","aioseo_head_json":{"title":"El Celler de Can Roca, entre las Medallas de Oro al M\u00e9rito en las Bellas Artes 2015 | El Digital de Asturias","description":"El Consejo de Ministros aprob\u00f3 ayer la concesi\u00f3n de la Medalla al M\u00e9rito en las Bellas Artes 2015, en su categor\u00eda de oro, al actor Jean Reno, al restaurante El Celler de Can Roca, a los m\u00fasicos Loquillo y Los Secretos y al director del Mercat de les Flors, Francesc Casades\u00fas, entre otros. Los hermanos","canonical_url":"https:\/\/eldigitaldeasturias.com\/magazine365\/el-celler-de-can-roca-entre-las-medallas-de-oro-al-merito-en-las-bellas-artes-2015\/","robots":"max-image-preview:large","keywords":"noticias y actualidad","webmasterTools":{"google-site-verification":"UA-38556648-1","miscellaneous":""},"schema":{"@context":"https:\/\/schema.org","@graph":[{"@type":"Article","@id":"https:\/\/eldigitaldeasturias.com\/magazine365\/el-celler-de-can-roca-entre-las-medallas-de-oro-al-merito-en-las-bellas-artes-2015\/#article","name":"El Celler de Can Roca, entre las Medallas de Oro al M\u00e9rito en las Bellas Artes 2015 | El Digital de Asturias","headline":"El Celler de Can Roca, entre las Medallas de Oro al M\u00e9rito en las Bellas Artes 2015","author":{"@id":"https:\/\/eldigitaldeasturias.com\/magazine365\/author\/admin\/#author"},"publisher":{"@id":"https:\/\/eldigitaldeasturias.com\/magazine365\/#organization"},"image":{"@type":"ImageObject","url":"https:\/\/eldigitaldeasturias.com\/magazine365\/wp-content\/uploads\/2015\/12\/fotonoticia_20151230105315_800.jpg","width":800,"height":885},"datePublished":"2015-12-31T05:56:14+01:00","dateModified":"2015-12-31T05:56:14+01:00","inLanguage":"es-ES","mainEntityOfPage":{"@id":"https:\/\/eldigitaldeasturias.com\/magazine365\/el-celler-de-can-roca-entre-las-medallas-de-oro-al-merito-en-las-bellas-artes-2015\/#webpage"},"isPartOf":{"@id":"https:\/\/eldigitaldeasturias.com\/magazine365\/el-celler-de-can-roca-entre-las-medallas-de-oro-al-merito-en-las-bellas-artes-2015\/#webpage"},"articleSection":"Noticias y Actualidad"},{"@type":"BreadcrumbList","@id":"https:\/\/eldigitaldeasturias.com\/magazine365\/el-celler-de-can-roca-entre-las-medallas-de-oro-al-merito-en-las-bellas-artes-2015\/#breadcrumblist","itemListElement":[{"@type":"ListItem","@id":"https:\/\/eldigitaldeasturias.com\/magazine365#listItem","position":1,"name":"Home","item":"https:\/\/eldigitaldeasturias.com\/magazine365","nextItem":{"@type":"ListItem","@id":"https:\/\/eldigitaldeasturias.com\/magazine365\/category\/noticias-actualidad\/#listItem","name":"Noticias y Actualidad"}},{"@type":"ListItem","@id":"https:\/\/eldigitaldeasturias.com\/magazine365\/category\/noticias-actualidad\/#listItem","position":2,"name":"Noticias y Actualidad","item":"https:\/\/eldigitaldeasturias.com\/magazine365\/category\/noticias-actualidad\/","nextItem":{"@type":"ListItem","@id":"https:\/\/eldigitaldeasturias.com\/magazine365\/el-celler-de-can-roca-entre-las-medallas-de-oro-al-merito-en-las-bellas-artes-2015\/#listItem","name":"El Celler de Can Roca, entre las Medallas de Oro al M\u00e9rito en las Bellas Artes 2015"},"previousItem":{"@type":"ListItem","@id":"https:\/\/eldigitaldeasturias.com\/magazine365#listItem","name":"Home"}},{"@type":"ListItem","@id":"https:\/\/eldigitaldeasturias.com\/magazine365\/el-celler-de-can-roca-entre-las-medallas-de-oro-al-merito-en-las-bellas-artes-2015\/#listItem","position":3,"name":"El Celler de Can Roca, entre las Medallas de Oro al M\u00e9rito en las Bellas Artes 2015","previousItem":{"@type":"ListItem","@id":"https:\/\/eldigitaldeasturias.com\/magazine365\/category\/noticias-actualidad\/#listItem","name":"Noticias y Actualidad"}}]},{"@type":"Organization","@id":"https:\/\/eldigitaldeasturias.com\/magazine365\/#organization","name":"El digital de Asturias","description":"Revista de ocio, turismo y estilo de vida","url":"https:\/\/eldigitaldeasturias.com\/magazine365\/","logo":{"@type":"ImageObject","url":"https:\/\/www.eldigitaldeasturias.com\/noticias\/wp-content\/uploads\/2020\/12\/EDA.jpg","@id":"https:\/\/eldigitaldeasturias.com\/magazine365\/el-celler-de-can-roca-entre-las-medallas-de-oro-al-merito-en-las-bellas-artes-2015\/#organizationLogo"},"image":{"@id":"https:\/\/eldigitaldeasturias.com\/magazine365\/el-celler-de-can-roca-entre-las-medallas-de-oro-al-merito-en-las-bellas-artes-2015\/#organizationLogo"}},{"@type":"Person","@id":"https:\/\/eldigitaldeasturias.com\/magazine365\/author\/admin\/#author","url":"https:\/\/eldigitaldeasturias.com\/magazine365\/author\/admin\/","name":"admin","image":{"@type":"ImageObject","@id":"https:\/\/eldigitaldeasturias.com\/magazine365\/el-celler-de-can-roca-entre-las-medallas-de-oro-al-merito-en-las-bellas-artes-2015\/#authorImage","url":"https:\/\/eldigitaldeasturias.com\/magazine365\/wp-content\/litespeed\/avatar\/e571bcf59a0edd6fa6838245a470f2fe.jpg?ver=1777574230","width":96,"height":96,"caption":"admin"}},{"@type":"WebPage","@id":"https:\/\/eldigitaldeasturias.com\/magazine365\/el-celler-de-can-roca-entre-las-medallas-de-oro-al-merito-en-las-bellas-artes-2015\/#webpage","url":"https:\/\/eldigitaldeasturias.com\/magazine365\/el-celler-de-can-roca-entre-las-medallas-de-oro-al-merito-en-las-bellas-artes-2015\/","name":"El Celler de Can Roca, entre las Medallas de Oro al M\u00e9rito en las Bellas Artes 2015 | El Digital de Asturias","description":"El Consejo de Ministros aprob\u00f3 ayer la concesi\u00f3n de la Medalla al M\u00e9rito en las Bellas Artes 2015, en su categor\u00eda de oro, al actor Jean Reno, al restaurante El Celler de Can Roca, a los m\u00fasicos Loquillo y Los Secretos y al director del Mercat de les Flors, Francesc Casades\u00fas, entre otros. Los hermanos","inLanguage":"es-ES","isPartOf":{"@id":"https:\/\/eldigitaldeasturias.com\/magazine365\/#website"},"breadcrumb":{"@id":"https:\/\/eldigitaldeasturias.com\/magazine365\/el-celler-de-can-roca-entre-las-medallas-de-oro-al-merito-en-las-bellas-artes-2015\/#breadcrumblist"},"author":{"@id":"https:\/\/eldigitaldeasturias.com\/magazine365\/author\/admin\/#author"},"creator":{"@id":"https:\/\/eldigitaldeasturias.com\/magazine365\/author\/admin\/#author"},"image":{"@type":"ImageObject","url":"https:\/\/eldigitaldeasturias.com\/magazine365\/wp-content\/uploads\/2015\/12\/fotonoticia_20151230105315_800.jpg","@id":"https:\/\/eldigitaldeasturias.com\/magazine365\/el-celler-de-can-roca-entre-las-medallas-de-oro-al-merito-en-las-bellas-artes-2015\/#mainImage","width":800,"height":885},"primaryImageOfPage":{"@id":"https:\/\/eldigitaldeasturias.com\/magazine365\/el-celler-de-can-roca-entre-las-medallas-de-oro-al-merito-en-las-bellas-artes-2015\/#mainImage"},"datePublished":"2015-12-31T05:56:14+01:00","dateModified":"2015-12-31T05:56:14+01:00"},{"@type":"WebSite","@id":"https:\/\/eldigitaldeasturias.com\/magazine365\/#website","url":"https:\/\/eldigitaldeasturias.com\/magazine365\/","name":"El Digital de Asturias","description":"Revista de ocio, turismo y estilo de vida","inLanguage":"es-ES","publisher":{"@id":"https:\/\/eldigitaldeasturias.com\/magazine365\/#organization"}}]},"og:locale":"es_ES","og:site_name":"El Digital de Asturias \u2013 Revista de ocio, turismo y estilo de vida","og:type":"article","og:title":"El Celler de Can Roca, entre las Medallas de Oro al M\u00e9rito en las Bellas Artes 2015 | El Digital de Asturias","og:description":"El Consejo de Ministros aprob\u00f3 ayer la concesi\u00f3n de la Medalla al M\u00e9rito en las Bellas Artes 2015, en su categor\u00eda de oro, al actor Jean Reno, al restaurante El Celler de Can Roca, a los m\u00fasicos Loquillo y Los Secretos y al director del Mercat de les Flors, Francesc Casades\u00fas, entre otros. Los hermanos","og:url":"https:\/\/eldigitaldeasturias.com\/magazine365\/el-celler-de-can-roca-entre-las-medallas-de-oro-al-merito-en-las-bellas-artes-2015\/","og:image":"https:\/\/eldigitaldeasturias.com\/magazine365\/wp-content\/uploads\/2015\/12\/fotonoticia_20151230105315_800.jpg","og:image:secure_url":"https:\/\/eldigitaldeasturias.com\/magazine365\/wp-content\/uploads\/2015\/12\/fotonoticia_20151230105315_800.jpg","og:image:width":800,"og:image:height":885,"article:published_time":"2015-12-31T04:56:14+00:00","article:modified_time":"2015-12-31T04:56:14+00:00","twitter:card":"summary_large_image","twitter:title":"El Celler de Can Roca, entre las Medallas de Oro al M\u00e9rito en las Bellas Artes 2015 | El Digital de Asturias","twitter:description":"El Consejo de Ministros aprob\u00f3 ayer la concesi\u00f3n de la Medalla al M\u00e9rito en las Bellas Artes 2015, en su categor\u00eda de oro, al actor Jean Reno, al restaurante El Celler de Can Roca, a los m\u00fasicos Loquillo y Los Secretos y al director del Mercat de les Flors, Francesc Casades\u00fas, entre otros. Los hermanos","twitter:image":"https:\/\/eldigitaldeasturias.com\/magazine365\/wp-content\/uploads\/2015\/12\/fotonoticia_20151230105315_800.jpg"},"aioseo_meta_data":{"post_id":"59524","title":null,"description":null,"keywords":null,"keyphrases":null,"primary_term":null,"canonical_url":null,"og_title":null,"og_description":null,"og_object_type":"default","og_image_type":"default","og_image_url":null,"og_image_width":null,"og_image_height":null,"og_image_custom_url":null,"og_image_custom_fields":null,"og_video":null,"og_custom_url":null,"og_article_section":null,"og_article_tags":null,"twitter_use_og":false,"twitter_card":"default","twitter_image_type":"default","twitter_image_url":null,"twitter_image_custom_url":null,"twitter_image_custom_fields":null,"twitter_title":null,"twitter_description":null,"schema":{"blockGraphs":[],"customGraphs":[],"default":{"data":{"Article":[],"Course":[],"Dataset":[],"FAQPage":[],"Movie":[],"Person":[],"Product":[],"ProductReview":[],"Car":[],"Recipe":[],"Service":[],"SoftwareApplication":[],"WebPage":[]},"graphName":"","isEnabled":true},"graphs":[],"defaultGraph":"","defaultPostTypeGraph":""},"schema_type":null,"schema_type_options":null,"pillar_content":false,"robots_default":true,"robots_noindex":false,"robots_noarchive":false,"robots_nosnippet":false,"robots_nofollow":false,"robots_noimageindex":false,"robots_noodp":false,"robots_notranslate":false,"robots_max_snippet":null,"robots_max_videopreview":null,"robots_max_imagepreview":"large","priority":null,"frequency":null,"location":null,"local_seo":null,"seo_analyzer_scan_date":"2025-09-25 05:06:11","breadcrumb_settings":null,"limit_modified_date":false,"open_ai":null,"ai":null,"created":"2021-03-08 22:15:05","updated":"2025-09-25 05:06:11"},"aioseo_breadcrumb":"<div class=\"aioseo-breadcrumbs\"><span class=\"aioseo-breadcrumb\">\n\t<a href=\"https:\/\/eldigitaldeasturias.com\/magazine365\" title=\"Home\">Home<\/a>\n<\/span><span class=\"aioseo-breadcrumb-separator\">\u2013<\/span><span class=\"aioseo-breadcrumb\">\n\t<a href=\"https:\/\/eldigitaldeasturias.com\/magazine365\/category\/noticias-actualidad\/\" title=\"Noticias y Actualidad\">Noticias y Actualidad<\/a>\n<\/span><span class=\"aioseo-breadcrumb-separator\">\u2013<\/span><span class=\"aioseo-breadcrumb\">\n\t<a href=\"https:\/\/eldigitaldeasturias.com\/magazine365\/el-celler-de-can-roca-entre-las-medallas-de-oro-al-merito-en-las-bellas-artes-2015\/\" title=\"El Celler de Can Roca, entre las Medallas de Oro al M\u00e9rito en las Bellas Artes 2015\">El Celler de Can Roca, entre las Medallas de Oro al M\u00e9rito en las Bellas Artes 2015<\/a>\n<\/span><\/div>","aioseo_breadcrumb_json":[{"label":"Home","link":"https:\/\/eldigitaldeasturias.com\/magazine365"},{"label":"Noticias y Actualidad","link":"https:\/\/eldigitaldeasturias.com\/magazine365\/category\/noticias-actualidad\/"},{"label":"El Celler de Can Roca, entre las Medallas de Oro al M\u00e9rito en las Bellas Artes 2015","link":"https:\/\/eldigitaldeasturias.com\/magazine365\/el-celler-de-can-roca-entre-las-medallas-de-oro-al-merito-en-las-bellas-artes-2015\/"}],"_links":{"self":[{"href":"https:\/\/eldigitaldeasturias.com\/magazine365\/wp-json\/wp\/v2\/posts\/59524","targetHints":{"allow":["GET"]}}],"collection":[{"href":"https:\/\/eldigitaldeasturias.com\/magazine365\/wp-json\/wp\/v2\/posts"}],"about":[{"href":"https:\/\/eldigitaldeasturias.com\/magazine365\/wp-json\/wp\/v2\/types\/post"}],"author":[{"embeddable":true,"href":"https:\/\/eldigitaldeasturias.com\/magazine365\/wp-json\/wp\/v2\/users\/1"}],"replies":[{"embeddable":true,"href":"https:\/\/eldigitaldeasturias.com\/magazine365\/wp-json\/wp\/v2\/comments?post=59524"}],"version-history":[{"count":0,"href":"https:\/\/eldigitaldeasturias.com\/magazine365\/wp-json\/wp\/v2\/posts\/59524\/revisions"}],"wp:featuredmedia":[{"embeddable":true,"href":"https:\/\/eldigitaldeasturias.com\/magazine365\/wp-json\/wp\/v2\/media\/59525"}],"wp:attachment":[{"href":"https:\/\/eldigitaldeasturias.com\/magazine365\/wp-json\/wp\/v2\/media?parent=59524"}],"wp:term":[{"taxonomy":"category","embeddable":true,"href":"https:\/\/eldigitaldeasturias.com\/magazine365\/wp-json\/wp\/v2\/categories?post=59524"},{"taxonomy":"post_tag","embeddable":true,"href":"https:\/\/eldigitaldeasturias.com\/magazine365\/wp-json\/wp\/v2\/tags?post=59524"}],"curies":[{"name":"wp","href":"https:\/\/api.w.org\/{rel}","templated":true}]}}